{"id":49874,"date":"2024-03-13T09:54:34","date_gmt":"2024-03-13T12:54:34","guid":{"rendered":"https:\/\/jornalfatosenoticias.com.br\/?p=49874"},"modified":"2024-03-14T09:33:02","modified_gmt":"2024-03-14T12:33:02","slug":"qual-e-a-melhor-posicao-para-dormir","status":"publish","type":"post","link":"https:\/\/jornalfatosenoticias.com.br\/index.php\/2024\/03\/13\/qual-e-a-melhor-posicao-para-dormir\/","title":{"rendered":"Qual \u00e9 a melhor posi\u00e7\u00e3o para dormir?"},"content":{"rendered":"\n<p><em><span class=\"has-inline-color has-black-color\">Entenda como a sua posi\u00e7\u00e3o na cama pode interferir na qualidade do sono<\/span><\/em><\/p>\n\n\n\n<p><span class=\"has-inline-color has-black-color\">Por <strong>Juliany Rodrigues<\/strong><\/span><\/p>\n\n\n\n<div class=\"wp-block-image\"><figure class=\"aligncenter size-large\"><img loading=\"lazy\" decoding=\"async\" width=\"729\" height=\"90\" src=\"https:\/\/jornalfatosenoticias.com.br\/wp-content\/uploads\/2020\/02\/Logo_Mizu.png\" alt=\"\" class=\"wp-image-1441\" srcset=\"https:\/\/jornalfatosenoticias.com.br\/wp-content\/uploads\/2020\/02\/Logo_Mizu.png 729w, https:\/\/jornalfatosenoticias.com.br\/wp-content\/uploads\/2020\/02\/Logo_Mizu-300x37.png 300w\" sizes=\"auto, (max-width: 729px) 100vw, 729px\" \/><\/figure><\/div>\n\n\n\n<p>Dormir bem n\u00e3o se trata apenas de conseguir horas de sono. Na verdade, uma s\u00e9rie de fatores influenciam nesse aspecto, por exemplo, a qualidade do colch\u00e3o e do travesseiro, o ambiente do quarto, a rotina antes de se deitar e, \u00e9 claro, a posi\u00e7\u00e3o.<br>&#8220;Uma posi\u00e7\u00e3o inadequada durante o sono pode levar a um alinhamento incorreto da coluna e do pesco\u00e7o, gerando sobrecarga muscular, tens\u00e3o, dor e problemas cr\u00f4nicos nessas duas regi\u00f5es. Algumas posi\u00e7\u00f5es ainda podem prejudicar a circula\u00e7\u00e3o sangu\u00ednea durante a noite, agravar o ronco e a apneia e favorecer as crises de refluxo&#8221;, explica o <strong><a href=\"https:\/\/www.instagram.com\/danieloliveiracoluna\/\">Dr. Daniel Oliveira<\/a><\/strong>.<\/p>\n\n\n\n<div class=\"wp-block-image\"><figure class=\"aligncenter size-large\"><img loading=\"lazy\" decoding=\"async\" width=\"300\" height=\"250\" src=\"https:\/\/jornalfatosenoticias.com.br\/wp-content\/uploads\/2020\/02\/Banner-2.png\" alt=\"\" class=\"wp-image-43787\"\/><\/figure><\/div>\n\n\n\n<p>Al\u00e9m disso, noites maldormidas devido \u00e0 postura errada podem causar um maior cansa\u00e7o ao longo do dia e a diminui\u00e7\u00e3o da concentra\u00e7\u00e3o. <\/p>\n\n\n\n<blockquote class=\"wp-block-quote is-layout-flow wp-block-quote-is-layout-flow\"><p><span class=\"has-inline-color has-luminous-vivid-orange-color\">O nosso corpo precisa de um bom descanso para se recuperar. Se isso n\u00e3o acontece, at\u00e9 mesmo nosso sistema imunol\u00f3gico \u00e9 afetado, nos tornando mais suscet\u00edveis \u00e0 infec\u00e7\u00f5es e doen\u00e7as&#8221;, diz o m\u00e9dico.<\/span><\/p><\/blockquote>\n\n\n\n<div class=\"wp-block-image\"><figure class=\"aligncenter size-large is-resized\"><img loading=\"lazy\" decoding=\"async\" src=\"https:\/\/jornalfatosenoticias.com.br\/wp-content\/uploads\/2023\/03\/nova-logo-Marquetti.jpg\" alt=\"\" class=\"wp-image-40207\" width=\"320\" height=\"215\" srcset=\"https:\/\/jornalfatosenoticias.com.br\/wp-content\/uploads\/2023\/03\/nova-logo-Marquetti.jpg 643w, https:\/\/jornalfatosenoticias.com.br\/wp-content\/uploads\/2023\/03\/nova-logo-Marquetti-300x202.jpg 300w\" sizes=\"auto, (max-width: 320px) 100vw, 320px\" \/><\/figure><\/div>\n\n\n\n<p>Ent\u00e3o, qual \u00e9 a melhor posi\u00e7\u00e3o para dormir? Para determinar a posi\u00e7\u00e3o mais adequada, \u00e9 necess\u00e1rio considerar diversas vari\u00e1veis. &#8220;O indiv\u00edduo deve avaliar se tem condi\u00e7\u00f5es de sa\u00fade espec\u00edficas e testar diferentes posi\u00e7\u00f5es, observando como cada uma afeta a sua qualidade de sono, se gerou algum tipo de dor ou desconforto ao acordar. Para isso, \u00e9 importante procurar ajuda profissional&#8221;, orienta Oliveira.<\/p>\n\n\n\n<div class=\"wp-block-image\"><figure class=\"aligncenter size-large is-resized\"><img loading=\"lazy\" decoding=\"async\" src=\"https:\/\/jornalfatosenoticias.com.br\/wp-content\/uploads\/2022\/02\/Precisao-Contabilidade-1024x724.jpg\" alt=\"\" class=\"wp-image-28088\" width=\"330\" height=\"233\"\/><\/figure><\/div>\n\n\n\n<p>De acordo com o <strong><a href=\"https:\/\/www.instagram.com\/drlucianomiller\/\">Dr. Luciano Miller<\/a><\/strong>, ortopedista e cirurgi\u00e3o de coluna do Hospital Albert Einstein, dormir de bru\u00e7os pode provocar uma press\u00e3o adicional na coluna. &#8220;Ao adotar essa posi\u00e7\u00e3o, as costas sofrem uma tens\u00e3o desnecess\u00e1ria, especialmente quando a cabe\u00e7a est\u00e1 virada para o lado. Ao longo do tempo, o alinhamento inapropriado pode contribuir para dores persistentes e condi\u00e7\u00f5es cr\u00f4nicas&#8221;, conta Miller.<\/p>\n\n\n\n<div class=\"wp-block-image\"><figure class=\"aligncenter size-large is-resized\"><img loading=\"lazy\" decoding=\"async\" src=\"https:\/\/jornalfatosenoticias.com.br\/wp-content\/uploads\/2023\/12\/pegoretti-logo-pdf-1024x389.jpg\" alt=\"\" class=\"wp-image-47536\" width=\"504\" height=\"191\" srcset=\"https:\/\/jornalfatosenoticias.com.br\/wp-content\/uploads\/2023\/12\/pegoretti-logo-pdf-1024x389.jpg 1024w, https:\/\/jornalfatosenoticias.com.br\/wp-content\/uploads\/2023\/12\/pegoretti-logo-pdf-300x114.jpg 300w, https:\/\/jornalfatosenoticias.com.br\/wp-content\/uploads\/2023\/12\/pegoretti-logo-pdf-768x291.jpg 768w, https:\/\/jornalfatosenoticias.com.br\/wp-content\/uploads\/2023\/12\/pegoretti-logo-pdf.jpg 1120w\" sizes=\"auto, (max-width: 504px) 100vw, 504px\" \/><\/figure><\/div>\n\n\n\n<p>A posi\u00e7\u00e3o fetal, de lado e com as pernas enroladas, \u00e9 outra que muitas pessoas gostam. No entanto, ela tamb\u00e9m \u00e9 cercada por armadilhas. &#8220;Se enrolar demais, como em uma posi\u00e7\u00e3o fetal apertada, pode restringir a respira\u00e7\u00e3o profunda e exercer press\u00e3o adicional sobre a coluna e os quadris. Portanto, \u00e9 vital manter um equil\u00edbrio, sem se curvar excessivamente&#8221;, refor\u00e7a o cirurgi\u00e3o.<\/p>\n\n\n\n<div class=\"wp-block-image\"><figure class=\"aligncenter size-large is-resized\"><img loading=\"lazy\" decoding=\"async\" src=\"https:\/\/jornalfatosenoticias.com.br\/wp-content\/uploads\/2023\/03\/logo-Panper_portal.jpg\" alt=\"\" class=\"wp-image-40208\" width=\"325\" height=\"225\" srcset=\"https:\/\/jornalfatosenoticias.com.br\/wp-content\/uploads\/2023\/03\/logo-Panper_portal.jpg 400w, https:\/\/jornalfatosenoticias.com.br\/wp-content\/uploads\/2023\/03\/logo-Panper_portal-300x208.jpg 300w\" sizes=\"auto, (max-width: 325px) 100vw, 325px\" \/><\/figure><\/div>\n\n\n\n<p>Segundo os especialistas, a melhor posi\u00e7\u00e3o para dormir \u00e9 de lado. Por\u00e9m, \u00e9 necess\u00e1rio ter bastante cuidado, pois, se feita incorretamente, ela tamb\u00e9m pode ser prejudicial. &#8220;Dormir de lado com as pernas totalmente esticadas, por exemplo, pode gerar uma tens\u00e3o na parte inferior das costas&#8221;, afirma o Dr. Luciano. \u00c9 aconselh\u00e1vel dobrar ligeiramente as pernas, para manter um alinhamento mais natural da coluna. &#8220;Apesar dessa recomenda\u00e7\u00e3o, a posi\u00e7\u00e3o mais adequada para dormir \u00e9 aquela que a pessoa se sinta relaxada e acorde bem no outro dia&#8221;, completa o profissional do Hospital Albert Einstein.<\/p>\n\n\n\n<div class=\"wp-block-image\"><figure class=\"aligncenter size-large is-resized\"><img loading=\"lazy\" decoding=\"async\" src=\"https:\/\/jornalfatosenoticias.com.br\/wp-content\/uploads\/2023\/08\/ITH.jpeg\" alt=\"\" class=\"wp-image-44638\" width=\"303\" height=\"246\" srcset=\"https:\/\/jornalfatosenoticias.com.br\/wp-content\/uploads\/2023\/08\/ITH.jpeg 800w, https:\/\/jornalfatosenoticias.com.br\/wp-content\/uploads\/2023\/08\/ITH-300x244.jpeg 300w, https:\/\/jornalfatosenoticias.com.br\/wp-content\/uploads\/2023\/08\/ITH-768x624.jpeg 768w\" sizes=\"auto, (max-width: 303px) 100vw, 303px\" \/><\/figure><\/div>\n\n\n\n<p>Os m\u00e9dicos garantem que existem algumas posi\u00e7\u00f5es que podem contribuir para o al\u00edvio de certos problemas de sa\u00fade, como dores nas costas, apneia do sono e refluxo. &#8220;Para quem tem dor nas costas, o ideal \u00e9 dormir de lado, com um travesseiro na cabe\u00e7a que n\u00e3o seja muito alto e nem muito baixo, e com um travesseiro entre os joelhos, para promover o alinhamento da coluna e diminuir a press\u00e3o na regi\u00e3o lombar. Para tem apneia, o mais indicado tamb\u00e9m \u00e9 dormir de lado, pois evita o bloqueio das vias a\u00e9reas&#8221;, ensina o Dr. Daniel.<\/p>\n\n\n\n<div class=\"wp-block-image\"><figure class=\"aligncenter size-large is-resized\"><img loading=\"lazy\" decoding=\"async\" src=\"https:\/\/jornalfatosenoticias.com.br\/wp-content\/uploads\/2023\/08\/BKR-1024x1021.jpg\" alt=\"\" class=\"wp-image-44494\" width=\"303\" height=\"302\" srcset=\"https:\/\/jornalfatosenoticias.com.br\/wp-content\/uploads\/2023\/08\/BKR-1024x1021.jpg 1024w, https:\/\/jornalfatosenoticias.com.br\/wp-content\/uploads\/2023\/08\/BKR-300x300.jpg 300w, https:\/\/jornalfatosenoticias.com.br\/wp-content\/uploads\/2023\/08\/BKR-150x150.jpg 150w, https:\/\/jornalfatosenoticias.com.br\/wp-content\/uploads\/2023\/08\/BKR-768x766.jpg 768w, https:\/\/jornalfatosenoticias.com.br\/wp-content\/uploads\/2023\/08\/BKR.jpg 1080w\" sizes=\"auto, (max-width: 303px) 100vw, 303px\" \/><\/figure><\/div>\n\n\n\n<p>Se voc\u00ea sofre com refluxo, \u00e9 interessante dormir virado para o lado esquerdo, uma vez que essa posi\u00e7\u00e3o evita que o \u00e1cido do est\u00f4mago volte para o es\u00f4fago. O travesseiro, o colch\u00e3o e a posi\u00e7\u00e3o da cabe\u00e7a ao dormir desempenham um papel crucial na qualidade do sono e na sa\u00fade f\u00edsica geral.<\/p>\n\n\n\n<div class=\"wp-block-image\"><figure class=\"aligncenter size-large\"><img decoding=\"async\" src=\"https:\/\/jornalfatosenoticias.com.br\/wp-content\/uploads\/2020\/02\/logo_esteio.jpg\" alt=\"\" class=\"wp-image-1214\"\/><\/figure><\/div>\n\n\n\n<blockquote class=\"wp-block-quote is-layout-flow wp-block-quote-is-layout-flow\"><p><span class=\"has-inline-color has-luminous-vivid-orange-color\">A altura e a firmeza do travesseiro devem conseguir manter a cabe\u00e7a em uma posi\u00e7\u00e3o neutra, alinhada com a coluna. Por exemplo, um travesseiro muito alto ou muito baixo pode for\u00e7ar o pesco\u00e7o a dobrar de maneira n\u00e3o natural, desencadeando inc\u00f4modos e outras condi\u00e7\u00f5es a longo prazo&#8221;, fala Oliveira.<\/span><\/p><\/blockquote>\n\n\n\n<div class=\"wp-block-image\"><figure class=\"aligncenter size-large is-resized\"><img loading=\"lazy\" decoding=\"async\" src=\"https:\/\/jornalfatosenoticias.com.br\/wp-content\/uploads\/2020\/02\/logo-Rapuzel-1024x571.jpg\" alt=\"\" class=\"wp-image-42808\" width=\"344\" height=\"192\" srcset=\"https:\/\/jornalfatosenoticias.com.br\/wp-content\/uploads\/2020\/02\/logo-Rapuzel-1024x571.jpg 1024w, https:\/\/jornalfatosenoticias.com.br\/wp-content\/uploads\/2020\/02\/logo-Rapuzel-300x167.jpg 300w, https:\/\/jornalfatosenoticias.com.br\/wp-content\/uploads\/2020\/02\/logo-Rapuzel-768x428.jpg 768w, https:\/\/jornalfatosenoticias.com.br\/wp-content\/uploads\/2020\/02\/logo-Rapuzel-1536x856.jpg 1536w, https:\/\/jornalfatosenoticias.com.br\/wp-content\/uploads\/2020\/02\/logo-Rapuzel.jpg 1600w\" sizes=\"auto, (max-width: 344px) 100vw, 344px\" \/><\/figure><\/div>\n\n\n\n<p>O colch\u00e3o precisa oferecer suporte suficiente para a coluna, enquanto se molda ao corpo, evitando pontos de press\u00e3o. &#8220;Colch\u00f5es muito firmes ou muito macios podem n\u00e3o proporcionar esse suporte adequado, resultado em dores nas costas e desconfortos no corpo. N\u00e3o existe um modelo ideal. Ele vai de acordo com as necessidades de cada um&#8221;, enfatiza o Dr. Daniel.<\/p>\n\n\n\n<div class=\"wp-block-image\"><figure class=\"aligncenter size-large is-resized\"><img loading=\"lazy\" decoding=\"async\" src=\"https:\/\/jornalfatosenoticias.com.br\/wp-content\/uploads\/2024\/01\/consultoria-ambiental.jpg\" alt=\"\" class=\"wp-image-48314\" width=\"329\" height=\"297\" srcset=\"https:\/\/jornalfatosenoticias.com.br\/wp-content\/uploads\/2024\/01\/consultoria-ambiental.jpg 832w, https:\/\/jornalfatosenoticias.com.br\/wp-content\/uploads\/2024\/01\/consultoria-ambiental-300x272.jpg 300w, https:\/\/jornalfatosenoticias.com.br\/wp-content\/uploads\/2024\/01\/consultoria-ambiental-768x696.jpg 768w\" sizes=\"auto, (max-width: 329px) 100vw, 329px\" \/><\/figure><\/div>\n\n\n\n<p>Para evitar tens\u00f5es no pesco\u00e7o, a cabe\u00e7a deve ficar em uma posi\u00e7\u00e3o neutra. &#8220;\u00c9 preciso se posicionar de maneira em que a linha do pesco\u00e7o e da coluna permane\u00e7a o mais reta e natural poss\u00edvel. Isso depende da combina\u00e7\u00e3o correta de travesseiro, colch\u00e3o e posi\u00e7\u00e3o ao se deitar&#8221;, conclui ele.<\/p>\n\n\n\n<div class=\"wp-block-image\"><figure class=\"aligncenter size-large is-resized\"><img loading=\"lazy\" decoding=\"async\" src=\"https:\/\/jornalfatosenoticias.com.br\/wp-content\/uploads\/2023\/09\/vetorvix1024_1.jpg\" alt=\"\" class=\"wp-image-44868\" width=\"543\" height=\"144\" srcset=\"https:\/\/jornalfatosenoticias.com.br\/wp-content\/uploads\/2023\/09\/vetorvix1024_1.jpg 1024w, https:\/\/jornalfatosenoticias.com.br\/wp-content\/uploads\/2023\/09\/vetorvix1024_1-300x80.jpg 300w, https:\/\/jornalfatosenoticias.com.br\/wp-content\/uploads\/2023\/09\/vetorvix1024_1-768x205.jpg 768w\" sizes=\"auto, (max-width: 543px) 100vw, 543px\" \/><\/figure><\/div>\n\n\n\n<p><strong><em>Fonte: <a href=\"https:\/\/www.terra.com.br\/vida-e-estilo\/saude\/qual-e-a-melhor-posicao-para-dormir-especialistas-revelam,601efa60d137641317957da7a8461731pyg040aj.html\">Terra<\/a><\/em><\/strong><\/p>\n","protected":false},"excerpt":{"rendered":"<p>Entenda como a sua posi\u00e7\u00e3o na cama pode interferir na qualidade do sono Por Juliany Rodrigues Dormir bem n\u00e3o se trata apenas de conseguir horas de sono. Na verdade, uma s\u00e9rie de fatores influenciam nesse aspecto, por exemplo, a qualidade do colch\u00e3o e do travesseiro, o ambiente do quarto, a rotina antes de se deitar [&hellip;]<\/p>\n","protected":false},"author":2,"featured_media":49875,"comment_status":"open","ping_status":"open","sticky":false,"template":"","format":"standard","meta":{"footnotes":""},"categories":[42],"tags":[23045,3028,16916,13771],"class_list":["post-49874","post","type-post","status-publish","format-standard","has-post-thumbnail","hentry","category-bem-estar","tag-colchao","tag-dormir","tag-melhores-posicoes-para-dormir","tag-travesseiro"],"yoast_head":"<!-- This site is optimized with the Yoast SEO plugin v26.5 - https:\/\/yoast.com\/wordpress\/plugins\/seo\/ -->\n<title>Qual \u00e9 a melhor posi\u00e7\u00e3o para dormir? - Jornal Fatos e Not\u00edcias<\/title>\n<meta name=\"robots\" content=\"index, follow, max-snippet:-1, max-image-preview:large, max-video-preview:-1\" \/>\n<link rel=\"canonical\" href=\"https:\/\/jornalfatosenoticias.com.br\/index.php\/2024\/03\/13\/qual-e-a-melhor-posicao-para-dormir\/\" \/>\n<meta property=\"og:locale\" content=\"pt_BR\" \/>\n<meta property=\"og:type\" content=\"article\" \/>\n<meta property=\"og:title\" content=\"Qual \u00e9 a melhor posi\u00e7\u00e3o para dormir? - Jornal Fatos e Not\u00edcias\" \/>\n<meta property=\"og:description\" content=\"Entenda como a sua posi\u00e7\u00e3o na cama pode interferir na qualidade do sono Por Juliany Rodrigues Dormir bem n\u00e3o se trata apenas de conseguir horas de sono. Na verdade, uma s\u00e9rie de fatores influenciam nesse aspecto, por exemplo, a qualidade do colch\u00e3o e do travesseiro, o ambiente do quarto, a rotina antes de se deitar [&hellip;]\" \/>\n<meta property=\"og:url\" content=\"https:\/\/jornalfatosenoticias.com.br\/index.php\/2024\/03\/13\/qual-e-a-melhor-posicao-para-dormir\/\" \/>\n<meta property=\"og:site_name\" content=\"Jornal Fatos e Not\u00edcias\" \/>\n<meta property=\"article:published_time\" content=\"2024-03-13T12:54:34+00:00\" \/>\n<meta property=\"article:modified_time\" content=\"2024-03-14T12:33:02+00:00\" \/>\n<meta property=\"og:image\" content=\"https:\/\/jornalfatosenoticias.com.br\/wp-content\/uploads\/2024\/03\/dormir-bem_gettyimages.jpg\" \/>\n\t<meta property=\"og:image:width\" content=\"612\" \/>\n\t<meta property=\"og:image:height\" content=\"408\" \/>\n\t<meta property=\"og:image:type\" content=\"image\/jpeg\" \/>\n<meta name=\"author\" content=\"Luzimara Fernandes\" \/>\n<meta name=\"twitter:card\" content=\"summary_large_image\" \/>\n<meta name=\"twitter:label1\" content=\"Escrito por\" \/>\n\t<meta name=\"twitter:data1\" content=\"Luzimara Fernandes\" \/>\n\t<meta name=\"twitter:label2\" content=\"Est. tempo de leitura\" \/>\n\t<meta name=\"twitter:data2\" content=\"4 minutos\" \/>\n<script type=\"application\/ld+json\" class=\"yoast-schema-graph\">{\"@context\":\"https:\/\/schema.org\",\"@graph\":[{\"@type\":\"Article\",\"@id\":\"https:\/\/jornalfatosenoticias.com.br\/index.php\/2024\/03\/13\/qual-e-a-melhor-posicao-para-dormir\/#article\",\"isPartOf\":{\"@id\":\"https:\/\/jornalfatosenoticias.com.br\/index.php\/2024\/03\/13\/qual-e-a-melhor-posicao-para-dormir\/\"},\"author\":{\"name\":\"Luzimara Fernandes\",\"@id\":\"https:\/\/jornalfatosenoticias.com.br\/#\/schema\/person\/d63837fa13ac8666eb9e74e0985d6f81\"},\"headline\":\"Qual \u00e9 a melhor posi\u00e7\u00e3o para dormir?\",\"datePublished\":\"2024-03-13T12:54:34+00:00\",\"dateModified\":\"2024-03-14T12:33:02+00:00\",\"mainEntityOfPage\":{\"@id\":\"https:\/\/jornalfatosenoticias.com.br\/index.php\/2024\/03\/13\/qual-e-a-melhor-posicao-para-dormir\/\"},\"wordCount\":842,\"commentCount\":0,\"publisher\":{\"@id\":\"https:\/\/jornalfatosenoticias.com.br\/#organization\"},\"image\":{\"@id\":\"https:\/\/jornalfatosenoticias.com.br\/index.php\/2024\/03\/13\/qual-e-a-melhor-posicao-para-dormir\/#primaryimage\"},\"thumbnailUrl\":\"https:\/\/jornalfatosenoticias.com.br\/wp-content\/uploads\/2024\/03\/dormir-bem_gettyimages.jpg\",\"keywords\":[\"colch\u00e3o\",\"dormir\",\"melhores posi\u00e7\u00f5es para dormir\",\"travesseiro\"],\"articleSection\":[\"Bem-estar\"],\"inLanguage\":\"pt-BR\",\"potentialAction\":[{\"@type\":\"CommentAction\",\"name\":\"Comment\",\"target\":[\"https:\/\/jornalfatosenoticias.com.br\/index.php\/2024\/03\/13\/qual-e-a-melhor-posicao-para-dormir\/#respond\"]}]},{\"@type\":\"WebPage\",\"@id\":\"https:\/\/jornalfatosenoticias.com.br\/index.php\/2024\/03\/13\/qual-e-a-melhor-posicao-para-dormir\/\",\"url\":\"https:\/\/jornalfatosenoticias.com.br\/index.php\/2024\/03\/13\/qual-e-a-melhor-posicao-para-dormir\/\",\"name\":\"Qual \u00e9 a melhor posi\u00e7\u00e3o para dormir? - Jornal Fatos e Not\u00edcias\",\"isPartOf\":{\"@id\":\"https:\/\/jornalfatosenoticias.com.br\/#website\"},\"primaryImageOfPage\":{\"@id\":\"https:\/\/jornalfatosenoticias.com.br\/index.php\/2024\/03\/13\/qual-e-a-melhor-posicao-para-dormir\/#primaryimage\"},\"image\":{\"@id\":\"https:\/\/jornalfatosenoticias.com.br\/index.php\/2024\/03\/13\/qual-e-a-melhor-posicao-para-dormir\/#primaryimage\"},\"thumbnailUrl\":\"https:\/\/jornalfatosenoticias.com.br\/wp-content\/uploads\/2024\/03\/dormir-bem_gettyimages.jpg\",\"datePublished\":\"2024-03-13T12:54:34+00:00\",\"dateModified\":\"2024-03-14T12:33:02+00:00\",\"breadcrumb\":{\"@id\":\"https:\/\/jornalfatosenoticias.com.br\/index.php\/2024\/03\/13\/qual-e-a-melhor-posicao-para-dormir\/#breadcrumb\"},\"inLanguage\":\"pt-BR\",\"potentialAction\":[{\"@type\":\"ReadAction\",\"target\":[\"https:\/\/jornalfatosenoticias.com.br\/index.php\/2024\/03\/13\/qual-e-a-melhor-posicao-para-dormir\/\"]}]},{\"@type\":\"ImageObject\",\"inLanguage\":\"pt-BR\",\"@id\":\"https:\/\/jornalfatosenoticias.com.br\/index.php\/2024\/03\/13\/qual-e-a-melhor-posicao-para-dormir\/#primaryimage\",\"url\":\"https:\/\/jornalfatosenoticias.com.br\/wp-content\/uploads\/2024\/03\/dormir-bem_gettyimages.jpg\",\"contentUrl\":\"https:\/\/jornalfatosenoticias.com.br\/wp-content\/uploads\/2024\/03\/dormir-bem_gettyimages.jpg\",\"width\":612,\"height\":408,\"caption\":\"Gorgeous brunette stretching on a bedhttp:\/\/195.154.178.81\/DATA\/i_collage\/pi\/shoots\/783580.jpg\"},{\"@type\":\"BreadcrumbList\",\"@id\":\"https:\/\/jornalfatosenoticias.com.br\/index.php\/2024\/03\/13\/qual-e-a-melhor-posicao-para-dormir\/#breadcrumb\",\"itemListElement\":[{\"@type\":\"ListItem\",\"position\":1,\"name\":\"In\u00edcio\",\"item\":\"https:\/\/jornalfatosenoticias.com.br\/\"},{\"@type\":\"ListItem\",\"position\":2,\"name\":\"Qual \u00e9 a melhor posi\u00e7\u00e3o para dormir?\"}]},{\"@type\":\"WebSite\",\"@id\":\"https:\/\/jornalfatosenoticias.com.br\/#website\",\"url\":\"https:\/\/jornalfatosenoticias.com.br\/\",\"name\":\"Jornal Fatos e Not\u00edcias\",\"description\":\"Not\u00edcias em geral\",\"publisher\":{\"@id\":\"https:\/\/jornalfatosenoticias.com.br\/#organization\"},\"potentialAction\":[{\"@type\":\"SearchAction\",\"target\":{\"@type\":\"EntryPoint\",\"urlTemplate\":\"https:\/\/jornalfatosenoticias.com.br\/?s={search_term_string}\"},\"query-input\":{\"@type\":\"PropertyValueSpecification\",\"valueRequired\":true,\"valueName\":\"search_term_string\"}}],\"inLanguage\":\"pt-BR\"},{\"@type\":\"Organization\",\"@id\":\"https:\/\/jornalfatosenoticias.com.br\/#organization\",\"name\":\"Jornal Fatos e Not\u00edcias\",\"url\":\"https:\/\/jornalfatosenoticias.com.br\/\",\"logo\":{\"@type\":\"ImageObject\",\"inLanguage\":\"pt-BR\",\"@id\":\"https:\/\/jornalfatosenoticias.com.br\/#\/schema\/logo\/image\/\",\"url\":\"https:\/\/jornalfatosenoticias.com.br\/wp-content\/uploads\/2020\/02\/logo120.png\",\"contentUrl\":\"https:\/\/jornalfatosenoticias.com.br\/wp-content\/uploads\/2020\/02\/logo120.png\",\"width\":1227,\"height\":120,\"caption\":\"Jornal Fatos e Not\u00edcias\"},\"image\":{\"@id\":\"https:\/\/jornalfatosenoticias.com.br\/#\/schema\/logo\/image\/\"}},{\"@type\":\"Person\",\"@id\":\"https:\/\/jornalfatosenoticias.com.br\/#\/schema\/person\/d63837fa13ac8666eb9e74e0985d6f81\",\"name\":\"Luzimara Fernandes\",\"image\":{\"@type\":\"ImageObject\",\"inLanguage\":\"pt-BR\",\"@id\":\"https:\/\/jornalfatosenoticias.com.br\/#\/schema\/person\/image\/\",\"url\":\"https:\/\/jornalfatosenoticias.com.br\/wp-content\/uploads\/2025\/05\/EU_portal.jpg\",\"contentUrl\":\"https:\/\/jornalfatosenoticias.com.br\/wp-content\/uploads\/2025\/05\/EU_portal.jpg\",\"caption\":\"Luzimara Fernandes\"},\"description\":\"Jornalista MTB 2358-ES\",\"sameAs\":[\"https:\/\/jornalfatosenoticias.com.br\"],\"url\":\"https:\/\/jornalfatosenoticias.com.br\/index.php\/author\/luzimara\/\"}]}<\/script>\n<!-- \/ Yoast SEO plugin. -->","yoast_head_json":{"title":"Qual \u00e9 a melhor posi\u00e7\u00e3o para dormir? - Jornal Fatos e Not\u00edcias","robots":{"index":"index","follow":"follow","max-snippet":"max-snippet:-1","max-image-preview":"max-image-preview:large","max-video-preview":"max-video-preview:-1"},"canonical":"https:\/\/jornalfatosenoticias.com.br\/index.php\/2024\/03\/13\/qual-e-a-melhor-posicao-para-dormir\/","og_locale":"pt_BR","og_type":"article","og_title":"Qual \u00e9 a melhor posi\u00e7\u00e3o para dormir? - Jornal Fatos e Not\u00edcias","og_description":"Entenda como a sua posi\u00e7\u00e3o na cama pode interferir na qualidade do sono Por Juliany Rodrigues Dormir bem n\u00e3o se trata apenas de conseguir horas de sono. Na verdade, uma s\u00e9rie de fatores influenciam nesse aspecto, por exemplo, a qualidade do colch\u00e3o e do travesseiro, o ambiente do quarto, a rotina antes de se deitar [&hellip;]","og_url":"https:\/\/jornalfatosenoticias.com.br\/index.php\/2024\/03\/13\/qual-e-a-melhor-posicao-para-dormir\/","og_site_name":"Jornal Fatos e Not\u00edcias","article_published_time":"2024-03-13T12:54:34+00:00","article_modified_time":"2024-03-14T12:33:02+00:00","og_image":[{"width":612,"height":408,"url":"https:\/\/jornalfatosenoticias.com.br\/wp-content\/uploads\/2024\/03\/dormir-bem_gettyimages.jpg","type":"image\/jpeg"}],"author":"Luzimara Fernandes","twitter_card":"summary_large_image","twitter_misc":{"Escrito por":"Luzimara Fernandes","Est. tempo de leitura":"4 minutos"},"schema":{"@context":"https:\/\/schema.org","@graph":[{"@type":"Article","@id":"https:\/\/jornalfatosenoticias.com.br\/index.php\/2024\/03\/13\/qual-e-a-melhor-posicao-para-dormir\/#article","isPartOf":{"@id":"https:\/\/jornalfatosenoticias.com.br\/index.php\/2024\/03\/13\/qual-e-a-melhor-posicao-para-dormir\/"},"author":{"name":"Luzimara Fernandes","@id":"https:\/\/jornalfatosenoticias.com.br\/#\/schema\/person\/d63837fa13ac8666eb9e74e0985d6f81"},"headline":"Qual \u00e9 a melhor posi\u00e7\u00e3o para dormir?","datePublished":"2024-03-13T12:54:34+00:00","dateModified":"2024-03-14T12:33:02+00:00","mainEntityOfPage":{"@id":"https:\/\/jornalfatosenoticias.com.br\/index.php\/2024\/03\/13\/qual-e-a-melhor-posicao-para-dormir\/"},"wordCount":842,"commentCount":0,"publisher":{"@id":"https:\/\/jornalfatosenoticias.com.br\/#organization"},"image":{"@id":"https:\/\/jornalfatosenoticias.com.br\/index.php\/2024\/03\/13\/qual-e-a-melhor-posicao-para-dormir\/#primaryimage"},"thumbnailUrl":"https:\/\/jornalfatosenoticias.com.br\/wp-content\/uploads\/2024\/03\/dormir-bem_gettyimages.jpg","keywords":["colch\u00e3o","dormir","melhores posi\u00e7\u00f5es para dormir","travesseiro"],"articleSection":["Bem-estar"],"inLanguage":"pt-BR","potentialAction":[{"@type":"CommentAction","name":"Comment","target":["https:\/\/jornalfatosenoticias.com.br\/index.php\/2024\/03\/13\/qual-e-a-melhor-posicao-para-dormir\/#respond"]}]},{"@type":"WebPage","@id":"https:\/\/jornalfatosenoticias.com.br\/index.php\/2024\/03\/13\/qual-e-a-melhor-posicao-para-dormir\/","url":"https:\/\/jornalfatosenoticias.com.br\/index.php\/2024\/03\/13\/qual-e-a-melhor-posicao-para-dormir\/","name":"Qual \u00e9 a melhor posi\u00e7\u00e3o para dormir? - Jornal Fatos e Not\u00edcias","isPartOf":{"@id":"https:\/\/jornalfatosenoticias.com.br\/#website"},"primaryImageOfPage":{"@id":"https:\/\/jornalfatosenoticias.com.br\/index.php\/2024\/03\/13\/qual-e-a-melhor-posicao-para-dormir\/#primaryimage"},"image":{"@id":"https:\/\/jornalfatosenoticias.com.br\/index.php\/2024\/03\/13\/qual-e-a-melhor-posicao-para-dormir\/#primaryimage"},"thumbnailUrl":"https:\/\/jornalfatosenoticias.com.br\/wp-content\/uploads\/2024\/03\/dormir-bem_gettyimages.jpg","datePublished":"2024-03-13T12:54:34+00:00","dateModified":"2024-03-14T12:33:02+00:00","breadcrumb":{"@id":"https:\/\/jornalfatosenoticias.com.br\/index.php\/2024\/03\/13\/qual-e-a-melhor-posicao-para-dormir\/#breadcrumb"},"inLanguage":"pt-BR","potentialAction":[{"@type":"ReadAction","target":["https:\/\/jornalfatosenoticias.com.br\/index.php\/2024\/03\/13\/qual-e-a-melhor-posicao-para-dormir\/"]}]},{"@type":"ImageObject","inLanguage":"pt-BR","@id":"https:\/\/jornalfatosenoticias.com.br\/index.php\/2024\/03\/13\/qual-e-a-melhor-posicao-para-dormir\/#primaryimage","url":"https:\/\/jornalfatosenoticias.com.br\/wp-content\/uploads\/2024\/03\/dormir-bem_gettyimages.jpg","contentUrl":"https:\/\/jornalfatosenoticias.com.br\/wp-content\/uploads\/2024\/03\/dormir-bem_gettyimages.jpg","width":612,"height":408,"caption":"Gorgeous brunette stretching on a bedhttp:\/\/195.154.178.81\/DATA\/i_collage\/pi\/shoots\/783580.jpg"},{"@type":"BreadcrumbList","@id":"https:\/\/jornalfatosenoticias.com.br\/index.php\/2024\/03\/13\/qual-e-a-melhor-posicao-para-dormir\/#breadcrumb","itemListElement":[{"@type":"ListItem","position":1,"name":"In\u00edcio","item":"https:\/\/jornalfatosenoticias.com.br\/"},{"@type":"ListItem","position":2,"name":"Qual \u00e9 a melhor posi\u00e7\u00e3o para dormir?"}]},{"@type":"WebSite","@id":"https:\/\/jornalfatosenoticias.com.br\/#website","url":"https:\/\/jornalfatosenoticias.com.br\/","name":"Jornal Fatos e Not\u00edcias","description":"Not\u00edcias em geral","publisher":{"@id":"https:\/\/jornalfatosenoticias.com.br\/#organization"},"potentialAction":[{"@type":"SearchAction","target":{"@type":"EntryPoint","urlTemplate":"https:\/\/jornalfatosenoticias.com.br\/?s={search_term_string}"},"query-input":{"@type":"PropertyValueSpecification","valueRequired":true,"valueName":"search_term_string"}}],"inLanguage":"pt-BR"},{"@type":"Organization","@id":"https:\/\/jornalfatosenoticias.com.br\/#organization","name":"Jornal Fatos e Not\u00edcias","url":"https:\/\/jornalfatosenoticias.com.br\/","logo":{"@type":"ImageObject","inLanguage":"pt-BR","@id":"https:\/\/jornalfatosenoticias.com.br\/#\/schema\/logo\/image\/","url":"https:\/\/jornalfatosenoticias.com.br\/wp-content\/uploads\/2020\/02\/logo120.png","contentUrl":"https:\/\/jornalfatosenoticias.com.br\/wp-content\/uploads\/2020\/02\/logo120.png","width":1227,"height":120,"caption":"Jornal Fatos e Not\u00edcias"},"image":{"@id":"https:\/\/jornalfatosenoticias.com.br\/#\/schema\/logo\/image\/"}},{"@type":"Person","@id":"https:\/\/jornalfatosenoticias.com.br\/#\/schema\/person\/d63837fa13ac8666eb9e74e0985d6f81","name":"Luzimara Fernandes","image":{"@type":"ImageObject","inLanguage":"pt-BR","@id":"https:\/\/jornalfatosenoticias.com.br\/#\/schema\/person\/image\/","url":"https:\/\/jornalfatosenoticias.com.br\/wp-content\/uploads\/2025\/05\/EU_portal.jpg","contentUrl":"https:\/\/jornalfatosenoticias.com.br\/wp-content\/uploads\/2025\/05\/EU_portal.jpg","caption":"Luzimara Fernandes"},"description":"Jornalista MTB 2358-ES","sameAs":["https:\/\/jornalfatosenoticias.com.br"],"url":"https:\/\/jornalfatosenoticias.com.br\/index.php\/author\/luzimara\/"}]}},"cc_featured_image_caption":{"caption_text":"(Foto: Getty Images) ","source_text":"","source_url":""},"jetpack_featured_media_url":"https:\/\/jornalfatosenoticias.com.br\/wp-content\/uploads\/2024\/03\/dormir-bem_gettyimages.jpg","_links":{"self":[{"href":"https:\/\/jornalfatosenoticias.com.br\/index.php\/wp-json\/wp\/v2\/posts\/49874","targetHints":{"allow":["GET"]}}],"collection":[{"href":"https:\/\/jornalfatosenoticias.com.br\/index.php\/wp-json\/wp\/v2\/posts"}],"about":[{"href":"https:\/\/jornalfatosenoticias.com.br\/index.php\/wp-json\/wp\/v2\/types\/post"}],"author":[{"embeddable":true,"href":"https:\/\/jornalfatosenoticias.com.br\/index.php\/wp-json\/wp\/v2\/users\/2"}],"replies":[{"embeddable":true,"href":"https:\/\/jornalfatosenoticias.com.br\/index.php\/wp-json\/wp\/v2\/comments?post=49874"}],"version-history":[{"count":0,"href":"https:\/\/jornalfatosenoticias.com.br\/index.php\/wp-json\/wp\/v2\/posts\/49874\/revisions"}],"wp:featuredmedia":[{"embeddable":true,"href":"https:\/\/jornalfatosenoticias.com.br\/index.php\/wp-json\/wp\/v2\/media\/49875"}],"wp:attachment":[{"href":"https:\/\/jornalfatosenoticias.com.br\/index.php\/wp-json\/wp\/v2\/media?parent=49874"}],"wp:term":[{"taxonomy":"category","embeddable":true,"href":"https:\/\/jornalfatosenoticias.com.br\/index.php\/wp-json\/wp\/v2\/categories?post=49874"},{"taxonomy":"post_tag","embeddable":true,"href":"https:\/\/jornalfatosenoticias.com.br\/index.php\/wp-json\/wp\/v2\/tags?post=49874"}],"curies":[{"name":"wp","href":"https:\/\/api.w.org\/{rel}","templated":true}]}}