{"id":49885,"date":"2024-03-13T10:50:58","date_gmt":"2024-03-13T13:50:58","guid":{"rendered":"https:\/\/jornalfatosenoticias.com.br\/?p=49885"},"modified":"2024-03-13T10:51:00","modified_gmt":"2024-03-13T13:51:00","slug":"propostas-do-novo-codigo-civil-trazem-riscos-a-autoridade-dos-pais","status":"publish","type":"post","link":"https:\/\/jornalfatosenoticias.com.br\/index.php\/2024\/03\/13\/propostas-do-novo-codigo-civil-trazem-riscos-a-autoridade-dos-pais\/","title":{"rendered":"Propostas do novo C\u00f3digo Civil trazem riscos \u00e0 autoridade dos pais"},"content":{"rendered":"\n<p><em><span class=\"has-inline-color has-black-color\">Comiss\u00e3o de juristas respons\u00e1vel por apresentar o anteprojeto de um novo C\u00f3digo Civil no Senado<\/span><\/em><\/p>\n\n\n\n<p><span class=\"has-inline-color has-black-color\">Por <strong><a href=\"https:\/\/www.gazetadopovo.com.br\/autor\/leonardo-desideri\/\">Leonardo Desideri<\/a><\/strong><\/span><\/p>\n\n\n\n<div class=\"wp-block-image\"><figure class=\"aligncenter size-large\"><img loading=\"lazy\" decoding=\"async\" width=\"729\" height=\"90\" src=\"https:\/\/jornalfatosenoticias.com.br\/wp-content\/uploads\/2020\/02\/Logo_Mizu.png\" alt=\"\" class=\"wp-image-1441\" srcset=\"https:\/\/jornalfatosenoticias.com.br\/wp-content\/uploads\/2020\/02\/Logo_Mizu.png 729w, https:\/\/jornalfatosenoticias.com.br\/wp-content\/uploads\/2020\/02\/Logo_Mizu-300x37.png 300w\" sizes=\"auto, (max-width: 729px) 100vw, 729px\" \/><\/figure><\/div>\n\n\n\n<p>O relat\u00f3rio do anteprojeto do novo C\u00f3digo Civil \u2014 elaborado por uma comiss\u00e3o de juristas convocada pelo presidente do Senado, Rodrigo Pacheco, e prestes a tramitar na Casa \u2014 traz uma s\u00e9rie de riscos relacionados \u00e0 fragiliza\u00e7\u00e3o do poder parental para fins ideol\u00f3gicos. Embora n\u00e3o fa\u00e7am men\u00e7\u00e3o expl\u00edcita a ideologias de esquerda, alguns dispositivos d\u00e3o brecha evidente, de acordo com juristas, \u00e0 atua\u00e7\u00e3o ideol\u00f3gica de ju\u00edzes, membros do Minist\u00e9rio P\u00fablico e conselheiros tutelares interessados em subverter o conceito de fam\u00edlia. Um dos riscos est\u00e1 na ado\u00e7\u00e3o do conceito de autonomia progressiva de crian\u00e7as e adolescentes, prevista em um novo artigo que diz:<\/p>\n\n\n\n<blockquote class=\"wp-block-quote is-layout-flow wp-block-quote-is-layout-flow\"><p><span class=\"has-inline-color has-black-color\">\u00c9 reconhecida a autonomia progressiva da crian\u00e7a e do adolescente, devendo ser considerada a sua vontade em todos os assuntos a eles relacionados, de acordo com sua idade e maturidade.<\/span><\/p><\/blockquote>\n\n\n\n<div class=\"wp-block-image\"><figure class=\"aligncenter size-large\"><img loading=\"lazy\" decoding=\"async\" width=\"300\" height=\"250\" src=\"https:\/\/jornalfatosenoticias.com.br\/wp-content\/uploads\/2020\/02\/Banner-2.png\" alt=\"\" class=\"wp-image-43787\"\/><\/figure><\/div>\n\n\n\n<p>Para juristas, a express\u00e3o &#8220;autonomia progressiva&#8221; abre espa\u00e7o para interpreta\u00e7\u00f5es amplas e subjetivas. &#8220;S\u00e3o pessoas em desenvolvimento, que n\u00e3o t\u00eam, muitas vezes, experi\u00eancia de vida para poder decidir sobre si, sobre os seus pr\u00f3prios interesses. Me parece temer\u00e1rio o reconhecimento dessa autonomia progressiva e o recurso a express\u00f5es vagas&#8221;, afirma o advogado Venceslau Tavares Costa Filho, professor de Direito Civil da Universidade de Pernambuco.<br>Outra express\u00e3o nebulosa relacionada \u00e0 rela\u00e7\u00e3o dos pais com filhos \u00e9 a de &#8220;viol\u00eancia ps\u00edquica&#8221;, presente no artigo 1.638 do relat\u00f3rio da comiss\u00e3o de juristas. O dispositivo afirma que perder\u00e1 o poder familiar o pai ou a m\u00e3e que:<\/p>\n\n\n\n<div class=\"wp-block-image\"><figure class=\"aligncenter size-large\"><img decoding=\"async\" src=\"https:\/\/jornalfatosenoticias.com.br\/wp-content\/uploads\/2020\/02\/logo_esteio.jpg\" alt=\"\" class=\"wp-image-1214\"\/><\/figure><\/div>\n\n\n\n<blockquote class=\"wp-block-quote is-layout-flow wp-block-quote-is-layout-flow\"><p><span class=\"has-inline-color has-black-color\">Submeter o filho a qualquer tipo de viol\u00eancia, de modo a comprometer sua integridade f\u00edsica, moral ou ps\u00edquica.<\/span><\/p><\/blockquote>\n\n\n\n<blockquote class=\"wp-block-quote is-layout-flow wp-block-quote-is-layout-flow\"><p><span class=\"has-inline-color has-luminous-vivid-orange-color\">N\u00e3o deixar a crian\u00e7a assistir \u00e0 televis\u00e3o seria uma viol\u00eancia ps\u00edquica? N\u00e3o deix\u00e1-la passar um tempo no celular seria viol\u00eancia ps\u00edquica?&#8221;, questiona Costa Filho. &#8220;Seria necess\u00e1rio definir o que \u00e9 que caracteriza viol\u00eancia ps\u00edquica, viol\u00eancia moral, para que se pensasse em aplicar esse tipo de san\u00e7\u00e3o aos pais&#8221;, complementa.<\/span><\/p><\/blockquote>\n\n\n\n<div class=\"wp-block-image\"><figure class=\"aligncenter size-large is-resized\"><img loading=\"lazy\" decoding=\"async\" src=\"https:\/\/jornalfatosenoticias.com.br\/wp-content\/uploads\/2020\/02\/nova-logo-Marquetti.jpg\" alt=\"\" class=\"wp-image-22331\" width=\"383\" height=\"257\" srcset=\"https:\/\/jornalfatosenoticias.com.br\/wp-content\/uploads\/2020\/02\/nova-logo-Marquetti.jpg 643w, https:\/\/jornalfatosenoticias.com.br\/wp-content\/uploads\/2020\/02\/nova-logo-Marquetti-300x202.jpg 300w\" sizes=\"auto, (max-width: 383px) 100vw, 383px\" \/><\/figure><\/div>\n\n\n\n<p>Ele recorda ainda que &#8220;nosso sistema precisa de anterioridade para estabelecer uma pena&#8221;. &#8220;\u00c9 necess\u00e1rio a gente definir as condutas que ensejam a aplica\u00e7\u00e3o dessa pena, e [na proposta] a gente tem praticamente uma lei penal em branco, uma norma que cria um tipo de puni\u00e7\u00e3o em branco, sem definir com clareza o que seria essa viol\u00eancia ps\u00edquica&#8221;, afirma.<\/p>\n\n\n\n<div class=\"wp-block-image\"><figure class=\"aligncenter size-large is-resized\"><img loading=\"lazy\" decoding=\"async\" src=\"https:\/\/jornalfatosenoticias.com.br\/wp-content\/uploads\/2023\/12\/pegoretti-logo-pdf-1024x389.jpg\" alt=\"\" class=\"wp-image-47536\" width=\"480\" height=\"182\" srcset=\"https:\/\/jornalfatosenoticias.com.br\/wp-content\/uploads\/2023\/12\/pegoretti-logo-pdf-1024x389.jpg 1024w, https:\/\/jornalfatosenoticias.com.br\/wp-content\/uploads\/2023\/12\/pegoretti-logo-pdf-300x114.jpg 300w, https:\/\/jornalfatosenoticias.com.br\/wp-content\/uploads\/2023\/12\/pegoretti-logo-pdf-768x291.jpg 768w, https:\/\/jornalfatosenoticias.com.br\/wp-content\/uploads\/2023\/12\/pegoretti-logo-pdf.jpg 1120w\" sizes=\"auto, (max-width: 480px) 100vw, 480px\" \/><\/figure><\/div>\n\n\n\n<p><strong><span class=\"has-inline-color has-black-color\">Litigiosidade entre pais e filhos \u00e9 estimulada pela proposta do novo C\u00f3digo Civil<br><\/span><\/strong>Outro ponto controverso da proposta para o novo C\u00f3digo Civil \u00e9 um inciso do artigo 1691 proposto pelo advogado Fl\u00e1vio Tartuce, um dos relatores da proposta, que n\u00e3o foi acatado pela outra relatora, Rosa Nery. O dispositivo afirma:<\/p>\n\n\n\n<blockquote class=\"wp-block-quote is-layout-flow wp-block-quote-is-layout-flow\"><p><span class=\"has-inline-color has-black-color\">Ao t\u00e9rmino da autoridade parental os filhos podem, no prazo de dois anos, exigir de seus pais a presta\u00e7\u00e3o de contas da administra\u00e7\u00e3o que exerceram sobre os seus bens, respondendo os pais por dolo ou culpa, pelos preju\u00edzos que sofreram.<\/span><\/p><\/blockquote>\n\n\n\n<div class=\"wp-block-image\"><figure class=\"aligncenter size-large is-resized\"><img loading=\"lazy\" decoding=\"async\" src=\"https:\/\/jornalfatosenoticias.com.br\/wp-content\/uploads\/2020\/02\/CONTROL-CS.jpg\" alt=\"\" class=\"wp-image-44991\" width=\"336\" height=\"403\" srcset=\"https:\/\/jornalfatosenoticias.com.br\/wp-content\/uploads\/2020\/02\/CONTROL-CS.jpg 834w, https:\/\/jornalfatosenoticias.com.br\/wp-content\/uploads\/2020\/02\/CONTROL-CS-250x300.jpg 250w, https:\/\/jornalfatosenoticias.com.br\/wp-content\/uploads\/2020\/02\/CONTROL-CS-768x921.jpg 768w\" sizes=\"auto, (max-width: 336px) 100vw, 336px\" \/><\/figure><\/div>\n\n\n\n<p>Juristas veem nesse texto uma brecha para que, quando alcancem a maioridade, alguns filhos demandem dos pais uma presta\u00e7\u00e3o de contas pela forma como administraram seus bens. A inova\u00e7\u00e3o \u00e9 especialmente perigosa em casos nos quais os pais decidiram antecipar a heran\u00e7a aos filhos.<\/p>\n\n\n\n<div class=\"wp-block-image\"><figure class=\"aligncenter size-large is-resized\"><img loading=\"lazy\" decoding=\"async\" src=\"https:\/\/jornalfatosenoticias.com.br\/wp-content\/uploads\/2023\/09\/vetorvix1024_1.jpg\" alt=\"\" class=\"wp-image-44868\" width=\"539\" height=\"143\" srcset=\"https:\/\/jornalfatosenoticias.com.br\/wp-content\/uploads\/2023\/09\/vetorvix1024_1.jpg 1024w, https:\/\/jornalfatosenoticias.com.br\/wp-content\/uploads\/2023\/09\/vetorvix1024_1-300x80.jpg 300w, https:\/\/jornalfatosenoticias.com.br\/wp-content\/uploads\/2023\/09\/vetorvix1024_1-768x205.jpg 768w\" sizes=\"auto, (max-width: 539px) 100vw, 539px\" \/><\/figure><\/div>\n\n\n\n<p>Para a advogada Regina Beatriz Tavares da Silva, presidente da Associa\u00e7\u00e3o de Direito de Fam\u00edlia e das Sucess\u00f5es (Adfas) e doutora em Direito Civil pela USP, o dispositivo parece inspirado no caso da atriz Larissa Manoela, e \u00e9 preocupante por seu potencial de incentivar conflitos judiciais entre pais e filhos.<\/p>\n\n\n\n<div class=\"wp-block-image\"><figure class=\"aligncenter size-large is-resized\"><img loading=\"lazy\" decoding=\"async\" src=\"https:\/\/jornalfatosenoticias.com.br\/wp-content\/uploads\/2024\/01\/consultoria-ambiental.jpg\" alt=\"\" class=\"wp-image-48314\" width=\"304\" height=\"275\" srcset=\"https:\/\/jornalfatosenoticias.com.br\/wp-content\/uploads\/2024\/01\/consultoria-ambiental.jpg 832w, https:\/\/jornalfatosenoticias.com.br\/wp-content\/uploads\/2024\/01\/consultoria-ambiental-300x272.jpg 300w, https:\/\/jornalfatosenoticias.com.br\/wp-content\/uploads\/2024\/01\/consultoria-ambiental-768x696.jpg 768w\" sizes=\"auto, (max-width: 304px) 100vw, 304px\" \/><\/figure><\/div>\n\n\n\n<p>Costa Filho tamb\u00e9m enxerga a chance de que o dispositivo proposto por Tartuce cause preju\u00edzo \u00e0s rela\u00e7\u00f5es familiares. <\/p>\n\n\n\n<blockquote class=\"wp-block-quote is-layout-flow wp-block-quote-is-layout-flow\"><p><span class=\"has-inline-color has-luminous-vivid-orange-color\">\u00c9 uma regra que estimula a litigiosidade entre pais e filhos. Eu n\u00e3o acho uma regra bem-vinda. Se uma outra pessoa administra um patrim\u00f4nio que \u00e9 meu, j\u00e1 existe a a\u00e7\u00e3o de presta\u00e7\u00e3o de contas para isso. Realmente n\u00e3o entendo por que prever esse direito especificamente para os filhos em rela\u00e7\u00e3o aos pais. Eu acho que isso termina estimulando a litigiosidade entre pais e filhos, o que n\u00e3o \u00e9 interessante, especialmente num contexto como o de hoje, em que o Judici\u00e1rio e o CNJ estimulam tanto a pacifica\u00e7\u00e3o, a autocomposi\u00e7\u00e3o e o di\u00e1logo entre as partes para reduzir essa interven\u00e7\u00e3o do Judici\u00e1rio, enquanto representante do Estado, nas rela\u00e7\u00f5es privadas&#8221;, comenta.<\/span><\/p><\/blockquote>\n\n\n\n<div class=\"wp-block-image\"><figure class=\"aligncenter size-large is-resized\"><img loading=\"lazy\" decoding=\"async\" src=\"https:\/\/jornalfatosenoticias.com.br\/wp-content\/uploads\/2023\/08\/BKR-1024x1021.jpg\" alt=\"\" class=\"wp-image-44494\" width=\"321\" height=\"320\" srcset=\"https:\/\/jornalfatosenoticias.com.br\/wp-content\/uploads\/2023\/08\/BKR-1024x1021.jpg 1024w, https:\/\/jornalfatosenoticias.com.br\/wp-content\/uploads\/2023\/08\/BKR-300x300.jpg 300w, https:\/\/jornalfatosenoticias.com.br\/wp-content\/uploads\/2023\/08\/BKR-150x150.jpg 150w, https:\/\/jornalfatosenoticias.com.br\/wp-content\/uploads\/2023\/08\/BKR-768x766.jpg 768w, https:\/\/jornalfatosenoticias.com.br\/wp-content\/uploads\/2023\/08\/BKR.jpg 1080w\" sizes=\"auto, (max-width: 321px) 100vw, 321px\" \/><\/figure><\/div>\n\n\n\n<p><span class=\"has-inline-color has-black-color\"><strong>Ideologia de g\u00eanero j\u00e1 se beneficiou da fragiliza\u00e7\u00e3o do poder parental em outros pa\u00edses<br><\/strong><\/span>A proposta da comiss\u00e3o criada por Pacheco, se aprovada, poderia ter implica\u00e7\u00f5es no que se refere \u00e0 influ\u00eancia da ideologia de g\u00eanero no Brasil. Em pa\u00edses onde as teorias desse tipo mais avan\u00e7am, a amea\u00e7a ao poder parental costuma abrir caminho, por exemplo, para facilitar cirurgias de redesigna\u00e7\u00e3o sexual em menores de idade.<\/p>\n\n\n\n<div class=\"wp-block-image\"><figure class=\"aligncenter size-large is-resized\"><img loading=\"lazy\" decoding=\"async\" src=\"https:\/\/jornalfatosenoticias.com.br\/wp-content\/uploads\/2023\/03\/logo-Panper_portal.jpg\" alt=\"\" class=\"wp-image-40208\" width=\"342\" height=\"237\" srcset=\"https:\/\/jornalfatosenoticias.com.br\/wp-content\/uploads\/2023\/03\/logo-Panper_portal.jpg 400w, https:\/\/jornalfatosenoticias.com.br\/wp-content\/uploads\/2023\/03\/logo-Panper_portal-300x208.jpg 300w\" sizes=\"auto, (max-width: 342px) 100vw, 342px\" \/><\/figure><\/div>\n\n\n\n<p>Embora o relat\u00f3rio n\u00e3o trate abertamente do tema nem fa\u00e7a men\u00e7\u00e3o direta a ele, o texto deixa margem a um contexto em que a recusa dos pais em consentir com o desejo dos filhos nesse ponto poderia resultar na perda do poder parental, com a influ\u00eancia do Minist\u00e9rio P\u00fablico, das escolas e de conselheiros tutelares, como j\u00e1 ocorre em na\u00e7\u00f5es mais ricas.<\/p>\n\n\n\n<div class=\"wp-block-image\"><figure class=\"aligncenter size-large is-resized\"><img loading=\"lazy\" decoding=\"async\" src=\"https:\/\/jornalfatosenoticias.com.br\/wp-content\/uploads\/2020\/02\/logo-Rapuzel-1024x571.jpg\" alt=\"\" class=\"wp-image-42808\" width=\"395\" height=\"220\" srcset=\"https:\/\/jornalfatosenoticias.com.br\/wp-content\/uploads\/2020\/02\/logo-Rapuzel-1024x571.jpg 1024w, https:\/\/jornalfatosenoticias.com.br\/wp-content\/uploads\/2020\/02\/logo-Rapuzel-300x167.jpg 300w, https:\/\/jornalfatosenoticias.com.br\/wp-content\/uploads\/2020\/02\/logo-Rapuzel-768x428.jpg 768w, https:\/\/jornalfatosenoticias.com.br\/wp-content\/uploads\/2020\/02\/logo-Rapuzel-1536x856.jpg 1536w, https:\/\/jornalfatosenoticias.com.br\/wp-content\/uploads\/2020\/02\/logo-Rapuzel.jpg 1600w\" sizes=\"auto, (max-width: 395px) 100vw, 395px\" \/><\/figure><\/div>\n\n\n\n<p>Nos Estados Unidos, por exemplo, o Departamento de Servi\u00e7os Infantis de Indiana decidiu retirar o filho do casal Mary e Jeremy Cox de sua casa, alegando preocupa\u00e7\u00f5es com o bem-estar da crian\u00e7a. Em 2019, de acordo com o New York Post, o filho dos Cox passou a dizer que se identificava como menina. Os pais n\u00e3o concordaram em se referir a ele usando pronomes e um nome inconsistentes com sua biologia. Em 2021, ap\u00f3s uma den\u00fancia, as autoridades de Indiana come\u00e7aram a investigar os Cox e removeram o adolescente de sua cust\u00f3dia.<\/p>\n\n\n\n<div class=\"wp-block-image\"><figure class=\"aligncenter size-large is-resized\"><img loading=\"lazy\" decoding=\"async\" src=\"https:\/\/jornalfatosenoticias.com.br\/wp-content\/uploads\/2022\/02\/Precisao-Contabilidade-1024x724.jpg\" alt=\"\" class=\"wp-image-28088\" width=\"365\" height=\"258\"\/><\/figure><\/div>\n\n\n\n<p>Caso semelhante j\u00e1 ocorreu no Canad\u00e1, onde, em 2021, um juiz da Suprema Corte da prov\u00edncia de Col\u00fambia Brit\u00e2nica emitiu um mandado de pris\u00e3o contra um pai que chamou sua filha de sexo feminino usando pronomes femininos depois que ela come\u00e7ou a fazer tratamento para mudar de g\u00eanero. O tratamento foi feito com inje\u00e7\u00f5es de testosterona sem o consentimento do pai.<\/p>\n\n\n\n<div class=\"wp-block-image\"><figure class=\"aligncenter size-large\"><img decoding=\"async\" src=\"https:\/\/jornalfatosenoticias.com.br\/wp-content\/uploads\/2020\/02\/barao-das-carnes-300x164-1.jpg\" alt=\"\" class=\"wp-image-34339\"\/><\/figure><\/div>\n\n\n\n<p>A previs\u00e3o de que os filhos teriam &#8220;autonomia progressiva&#8221; e de que os pais poderiam perder o poder sobre eles em caso de viol\u00eancia ps\u00edquica, presente no relat\u00f3rio do anteprojeto do novo C\u00f3digo Civil, seria uma porta aberta para que o mesmo ocorresse no Brasil. Membros do MP e de conselhos tutelares influenciados por orienta\u00e7\u00f5es ideol\u00f3gicas do mesmo tipo poderiam usar as novas regras para afastar os pais do cuidado de seus filhos.<\/p>\n\n\n\n<p><strong><em>Fonte: <a href=\"https:\/\/www.gazetadopovo.com.br\/vida-e-cidadania\/propostas-do-novo-codigo-civil-trazem-riscos-a-autoridade-dos-pais\/\">Gazeta do Povo<\/a><\/em><\/strong><\/p>\n","protected":false},"excerpt":{"rendered":"<p>Comiss\u00e3o de juristas respons\u00e1vel por apresentar o anteprojeto de um novo C\u00f3digo Civil no Senado Por Leonardo Desideri O relat\u00f3rio do anteprojeto do novo C\u00f3digo Civil \u2014 elaborado por uma comiss\u00e3o de juristas convocada pelo presidente do Senado, Rodrigo Pacheco, e prestes a tramitar na Casa \u2014 traz uma s\u00e9rie de riscos relacionados \u00e0 fragiliza\u00e7\u00e3o [&hellip;]<\/p>\n","protected":false},"author":2,"featured_media":49886,"comment_status":"open","ping_status":"open","sticky":false,"template":"","format":"standard","meta":{"footnotes":""},"categories":[5],"tags":[2811,23050,597,295,670,1043,6150,22370,17895,4573,8580],"class_list":["post-49885","post","type-post","status-publish","format-standard","has-post-thumbnail","hentry","category-geral","tag-adolescentes","tag-ataque-a-familia","tag-brasil","tag-cnj","tag-criancas","tag-familia","tag-filhos","tag-ideologia-de-genero","tag-judiciario","tag-ministerio-publico","tag-rodrigo-pacheco"],"yoast_head":"<!-- This site is optimized with the Yoast SEO plugin v26.5 - https:\/\/yoast.com\/wordpress\/plugins\/seo\/ -->\n<title>Propostas do novo C\u00f3digo Civil trazem riscos \u00e0 autoridade dos pais - Jornal Fatos e Not\u00edcias<\/title>\n<meta name=\"robots\" content=\"index, follow, max-snippet:-1, max-image-preview:large, max-video-preview:-1\" \/>\n<link rel=\"canonical\" href=\"https:\/\/jornalfatosenoticias.com.br\/index.php\/2024\/03\/13\/propostas-do-novo-codigo-civil-trazem-riscos-a-autoridade-dos-pais\/\" \/>\n<meta property=\"og:locale\" content=\"pt_BR\" \/>\n<meta property=\"og:type\" content=\"article\" \/>\n<meta property=\"og:title\" content=\"Propostas do novo C\u00f3digo Civil trazem riscos \u00e0 autoridade dos pais - Jornal Fatos e Not\u00edcias\" \/>\n<meta property=\"og:description\" content=\"Comiss\u00e3o de juristas respons\u00e1vel por apresentar o anteprojeto de um novo C\u00f3digo Civil no Senado Por Leonardo Desideri O relat\u00f3rio do anteprojeto do novo C\u00f3digo Civil \u2014 elaborado por uma comiss\u00e3o de juristas convocada pelo presidente do Senado, Rodrigo Pacheco, e prestes a tramitar na Casa \u2014 traz uma s\u00e9rie de riscos relacionados \u00e0 fragiliza\u00e7\u00e3o [&hellip;]\" \/>\n<meta property=\"og:url\" content=\"https:\/\/jornalfatosenoticias.com.br\/index.php\/2024\/03\/13\/propostas-do-novo-codigo-civil-trazem-riscos-a-autoridade-dos-pais\/\" \/>\n<meta property=\"og:site_name\" content=\"Jornal Fatos e Not\u00edcias\" \/>\n<meta property=\"article:published_time\" content=\"2024-03-13T13:50:58+00:00\" \/>\n<meta property=\"article:modified_time\" content=\"2024-03-13T13:51:00+00:00\" \/>\n<meta property=\"og:image\" content=\"https:\/\/jornalfatosenoticias.com.br\/wp-content\/uploads\/2024\/03\/novo-codigo-civil-comissao.jpg\" \/>\n\t<meta property=\"og:image:width\" content=\"960\" \/>\n\t<meta property=\"og:image:height\" content=\"540\" \/>\n\t<meta property=\"og:image:type\" content=\"image\/jpeg\" \/>\n<meta name=\"author\" content=\"Luzimara Fernandes\" \/>\n<meta name=\"twitter:card\" content=\"summary_large_image\" \/>\n<meta name=\"twitter:label1\" content=\"Escrito por\" \/>\n\t<meta name=\"twitter:data1\" content=\"Luzimara Fernandes\" \/>\n\t<meta name=\"twitter:label2\" content=\"Est. tempo de leitura\" \/>\n\t<meta name=\"twitter:data2\" content=\"6 minutos\" \/>\n<script type=\"application\/ld+json\" class=\"yoast-schema-graph\">{\"@context\":\"https:\/\/schema.org\",\"@graph\":[{\"@type\":\"Article\",\"@id\":\"https:\/\/jornalfatosenoticias.com.br\/index.php\/2024\/03\/13\/propostas-do-novo-codigo-civil-trazem-riscos-a-autoridade-dos-pais\/#article\",\"isPartOf\":{\"@id\":\"https:\/\/jornalfatosenoticias.com.br\/index.php\/2024\/03\/13\/propostas-do-novo-codigo-civil-trazem-riscos-a-autoridade-dos-pais\/\"},\"author\":{\"name\":\"Luzimara Fernandes\",\"@id\":\"https:\/\/jornalfatosenoticias.com.br\/#\/schema\/person\/d63837fa13ac8666eb9e74e0985d6f81\"},\"headline\":\"Propostas do novo C\u00f3digo Civil trazem riscos \u00e0 autoridade dos pais\",\"datePublished\":\"2024-03-13T13:50:58+00:00\",\"dateModified\":\"2024-03-13T13:51:00+00:00\",\"mainEntityOfPage\":{\"@id\":\"https:\/\/jornalfatosenoticias.com.br\/index.php\/2024\/03\/13\/propostas-do-novo-codigo-civil-trazem-riscos-a-autoridade-dos-pais\/\"},\"wordCount\":1173,\"commentCount\":0,\"publisher\":{\"@id\":\"https:\/\/jornalfatosenoticias.com.br\/#organization\"},\"image\":{\"@id\":\"https:\/\/jornalfatosenoticias.com.br\/index.php\/2024\/03\/13\/propostas-do-novo-codigo-civil-trazem-riscos-a-autoridade-dos-pais\/#primaryimage\"},\"thumbnailUrl\":\"https:\/\/jornalfatosenoticias.com.br\/wp-content\/uploads\/2024\/03\/novo-codigo-civil-comissao.jpg\",\"keywords\":[\"adolescentes\",\"ataque \u00e0 fam\u00edlia\",\"Brasil\",\"CNJ\",\"crian\u00e7as\",\"fam\u00edlia\",\"filhos\",\"ideologia de g\u00eanero\",\"Judici\u00e1rio\",\"Minist\u00e9rio P\u00fablico\",\"Rodrigo Pacheco\"],\"articleSection\":[\"Geral\"],\"inLanguage\":\"pt-BR\",\"potentialAction\":[{\"@type\":\"CommentAction\",\"name\":\"Comment\",\"target\":[\"https:\/\/jornalfatosenoticias.com.br\/index.php\/2024\/03\/13\/propostas-do-novo-codigo-civil-trazem-riscos-a-autoridade-dos-pais\/#respond\"]}]},{\"@type\":\"WebPage\",\"@id\":\"https:\/\/jornalfatosenoticias.com.br\/index.php\/2024\/03\/13\/propostas-do-novo-codigo-civil-trazem-riscos-a-autoridade-dos-pais\/\",\"url\":\"https:\/\/jornalfatosenoticias.com.br\/index.php\/2024\/03\/13\/propostas-do-novo-codigo-civil-trazem-riscos-a-autoridade-dos-pais\/\",\"name\":\"Propostas do novo C\u00f3digo Civil trazem riscos \u00e0 autoridade dos pais - Jornal Fatos e Not\u00edcias\",\"isPartOf\":{\"@id\":\"https:\/\/jornalfatosenoticias.com.br\/#website\"},\"primaryImageOfPage\":{\"@id\":\"https:\/\/jornalfatosenoticias.com.br\/index.php\/2024\/03\/13\/propostas-do-novo-codigo-civil-trazem-riscos-a-autoridade-dos-pais\/#primaryimage\"},\"image\":{\"@id\":\"https:\/\/jornalfatosenoticias.com.br\/index.php\/2024\/03\/13\/propostas-do-novo-codigo-civil-trazem-riscos-a-autoridade-dos-pais\/#primaryimage\"},\"thumbnailUrl\":\"https:\/\/jornalfatosenoticias.com.br\/wp-content\/uploads\/2024\/03\/novo-codigo-civil-comissao.jpg\",\"datePublished\":\"2024-03-13T13:50:58+00:00\",\"dateModified\":\"2024-03-13T13:51:00+00:00\",\"breadcrumb\":{\"@id\":\"https:\/\/jornalfatosenoticias.com.br\/index.php\/2024\/03\/13\/propostas-do-novo-codigo-civil-trazem-riscos-a-autoridade-dos-pais\/#breadcrumb\"},\"inLanguage\":\"pt-BR\",\"potentialAction\":[{\"@type\":\"ReadAction\",\"target\":[\"https:\/\/jornalfatosenoticias.com.br\/index.php\/2024\/03\/13\/propostas-do-novo-codigo-civil-trazem-riscos-a-autoridade-dos-pais\/\"]}]},{\"@type\":\"ImageObject\",\"inLanguage\":\"pt-BR\",\"@id\":\"https:\/\/jornalfatosenoticias.com.br\/index.php\/2024\/03\/13\/propostas-do-novo-codigo-civil-trazem-riscos-a-autoridade-dos-pais\/#primaryimage\",\"url\":\"https:\/\/jornalfatosenoticias.com.br\/wp-content\/uploads\/2024\/03\/novo-codigo-civil-comissao.jpg\",\"contentUrl\":\"https:\/\/jornalfatosenoticias.com.br\/wp-content\/uploads\/2024\/03\/novo-codigo-civil-comissao.jpg\",\"width\":960,\"height\":540},{\"@type\":\"BreadcrumbList\",\"@id\":\"https:\/\/jornalfatosenoticias.com.br\/index.php\/2024\/03\/13\/propostas-do-novo-codigo-civil-trazem-riscos-a-autoridade-dos-pais\/#breadcrumb\",\"itemListElement\":[{\"@type\":\"ListItem\",\"position\":1,\"name\":\"In\u00edcio\",\"item\":\"https:\/\/jornalfatosenoticias.com.br\/\"},{\"@type\":\"ListItem\",\"position\":2,\"name\":\"Propostas do novo C\u00f3digo Civil trazem riscos \u00e0 autoridade dos pais\"}]},{\"@type\":\"WebSite\",\"@id\":\"https:\/\/jornalfatosenoticias.com.br\/#website\",\"url\":\"https:\/\/jornalfatosenoticias.com.br\/\",\"name\":\"Jornal Fatos e Not\u00edcias\",\"description\":\"Not\u00edcias em geral\",\"publisher\":{\"@id\":\"https:\/\/jornalfatosenoticias.com.br\/#organization\"},\"potentialAction\":[{\"@type\":\"SearchAction\",\"target\":{\"@type\":\"EntryPoint\",\"urlTemplate\":\"https:\/\/jornalfatosenoticias.com.br\/?s={search_term_string}\"},\"query-input\":{\"@type\":\"PropertyValueSpecification\",\"valueRequired\":true,\"valueName\":\"search_term_string\"}}],\"inLanguage\":\"pt-BR\"},{\"@type\":\"Organization\",\"@id\":\"https:\/\/jornalfatosenoticias.com.br\/#organization\",\"name\":\"Jornal Fatos e Not\u00edcias\",\"url\":\"https:\/\/jornalfatosenoticias.com.br\/\",\"logo\":{\"@type\":\"ImageObject\",\"inLanguage\":\"pt-BR\",\"@id\":\"https:\/\/jornalfatosenoticias.com.br\/#\/schema\/logo\/image\/\",\"url\":\"https:\/\/jornalfatosenoticias.com.br\/wp-content\/uploads\/2020\/02\/logo120.png\",\"contentUrl\":\"https:\/\/jornalfatosenoticias.com.br\/wp-content\/uploads\/2020\/02\/logo120.png\",\"width\":1227,\"height\":120,\"caption\":\"Jornal Fatos e Not\u00edcias\"},\"image\":{\"@id\":\"https:\/\/jornalfatosenoticias.com.br\/#\/schema\/logo\/image\/\"}},{\"@type\":\"Person\",\"@id\":\"https:\/\/jornalfatosenoticias.com.br\/#\/schema\/person\/d63837fa13ac8666eb9e74e0985d6f81\",\"name\":\"Luzimara Fernandes\",\"image\":{\"@type\":\"ImageObject\",\"inLanguage\":\"pt-BR\",\"@id\":\"https:\/\/jornalfatosenoticias.com.br\/#\/schema\/person\/image\/\",\"url\":\"https:\/\/jornalfatosenoticias.com.br\/wp-content\/uploads\/2025\/05\/EU_portal.jpg\",\"contentUrl\":\"https:\/\/jornalfatosenoticias.com.br\/wp-content\/uploads\/2025\/05\/EU_portal.jpg\",\"caption\":\"Luzimara Fernandes\"},\"description\":\"Jornalista MTB 2358-ES\",\"sameAs\":[\"https:\/\/jornalfatosenoticias.com.br\"],\"url\":\"https:\/\/jornalfatosenoticias.com.br\/index.php\/author\/luzimara\/\"}]}<\/script>\n<!-- \/ Yoast SEO plugin. -->","yoast_head_json":{"title":"Propostas do novo C\u00f3digo Civil trazem riscos \u00e0 autoridade dos pais - Jornal Fatos e Not\u00edcias","robots":{"index":"index","follow":"follow","max-snippet":"max-snippet:-1","max-image-preview":"max-image-preview:large","max-video-preview":"max-video-preview:-1"},"canonical":"https:\/\/jornalfatosenoticias.com.br\/index.php\/2024\/03\/13\/propostas-do-novo-codigo-civil-trazem-riscos-a-autoridade-dos-pais\/","og_locale":"pt_BR","og_type":"article","og_title":"Propostas do novo C\u00f3digo Civil trazem riscos \u00e0 autoridade dos pais - Jornal Fatos e Not\u00edcias","og_description":"Comiss\u00e3o de juristas respons\u00e1vel por apresentar o anteprojeto de um novo C\u00f3digo Civil no Senado Por Leonardo Desideri O relat\u00f3rio do anteprojeto do novo C\u00f3digo Civil \u2014 elaborado por uma comiss\u00e3o de juristas convocada pelo presidente do Senado, Rodrigo Pacheco, e prestes a tramitar na Casa \u2014 traz uma s\u00e9rie de riscos relacionados \u00e0 fragiliza\u00e7\u00e3o [&hellip;]","og_url":"https:\/\/jornalfatosenoticias.com.br\/index.php\/2024\/03\/13\/propostas-do-novo-codigo-civil-trazem-riscos-a-autoridade-dos-pais\/","og_site_name":"Jornal Fatos e Not\u00edcias","article_published_time":"2024-03-13T13:50:58+00:00","article_modified_time":"2024-03-13T13:51:00+00:00","og_image":[{"width":960,"height":540,"url":"https:\/\/jornalfatosenoticias.com.br\/wp-content\/uploads\/2024\/03\/novo-codigo-civil-comissao.jpg","type":"image\/jpeg"}],"author":"Luzimara Fernandes","twitter_card":"summary_large_image","twitter_misc":{"Escrito por":"Luzimara Fernandes","Est. tempo de leitura":"6 minutos"},"schema":{"@context":"https:\/\/schema.org","@graph":[{"@type":"Article","@id":"https:\/\/jornalfatosenoticias.com.br\/index.php\/2024\/03\/13\/propostas-do-novo-codigo-civil-trazem-riscos-a-autoridade-dos-pais\/#article","isPartOf":{"@id":"https:\/\/jornalfatosenoticias.com.br\/index.php\/2024\/03\/13\/propostas-do-novo-codigo-civil-trazem-riscos-a-autoridade-dos-pais\/"},"author":{"name":"Luzimara Fernandes","@id":"https:\/\/jornalfatosenoticias.com.br\/#\/schema\/person\/d63837fa13ac8666eb9e74e0985d6f81"},"headline":"Propostas do novo C\u00f3digo Civil trazem riscos \u00e0 autoridade dos pais","datePublished":"2024-03-13T13:50:58+00:00","dateModified":"2024-03-13T13:51:00+00:00","mainEntityOfPage":{"@id":"https:\/\/jornalfatosenoticias.com.br\/index.php\/2024\/03\/13\/propostas-do-novo-codigo-civil-trazem-riscos-a-autoridade-dos-pais\/"},"wordCount":1173,"commentCount":0,"publisher":{"@id":"https:\/\/jornalfatosenoticias.com.br\/#organization"},"image":{"@id":"https:\/\/jornalfatosenoticias.com.br\/index.php\/2024\/03\/13\/propostas-do-novo-codigo-civil-trazem-riscos-a-autoridade-dos-pais\/#primaryimage"},"thumbnailUrl":"https:\/\/jornalfatosenoticias.com.br\/wp-content\/uploads\/2024\/03\/novo-codigo-civil-comissao.jpg","keywords":["adolescentes","ataque \u00e0 fam\u00edlia","Brasil","CNJ","crian\u00e7as","fam\u00edlia","filhos","ideologia de g\u00eanero","Judici\u00e1rio","Minist\u00e9rio P\u00fablico","Rodrigo Pacheco"],"articleSection":["Geral"],"inLanguage":"pt-BR","potentialAction":[{"@type":"CommentAction","name":"Comment","target":["https:\/\/jornalfatosenoticias.com.br\/index.php\/2024\/03\/13\/propostas-do-novo-codigo-civil-trazem-riscos-a-autoridade-dos-pais\/#respond"]}]},{"@type":"WebPage","@id":"https:\/\/jornalfatosenoticias.com.br\/index.php\/2024\/03\/13\/propostas-do-novo-codigo-civil-trazem-riscos-a-autoridade-dos-pais\/","url":"https:\/\/jornalfatosenoticias.com.br\/index.php\/2024\/03\/13\/propostas-do-novo-codigo-civil-trazem-riscos-a-autoridade-dos-pais\/","name":"Propostas do novo C\u00f3digo Civil trazem riscos \u00e0 autoridade dos pais - Jornal Fatos e Not\u00edcias","isPartOf":{"@id":"https:\/\/jornalfatosenoticias.com.br\/#website"},"primaryImageOfPage":{"@id":"https:\/\/jornalfatosenoticias.com.br\/index.php\/2024\/03\/13\/propostas-do-novo-codigo-civil-trazem-riscos-a-autoridade-dos-pais\/#primaryimage"},"image":{"@id":"https:\/\/jornalfatosenoticias.com.br\/index.php\/2024\/03\/13\/propostas-do-novo-codigo-civil-trazem-riscos-a-autoridade-dos-pais\/#primaryimage"},"thumbnailUrl":"https:\/\/jornalfatosenoticias.com.br\/wp-content\/uploads\/2024\/03\/novo-codigo-civil-comissao.jpg","datePublished":"2024-03-13T13:50:58+00:00","dateModified":"2024-03-13T13:51:00+00:00","breadcrumb":{"@id":"https:\/\/jornalfatosenoticias.com.br\/index.php\/2024\/03\/13\/propostas-do-novo-codigo-civil-trazem-riscos-a-autoridade-dos-pais\/#breadcrumb"},"inLanguage":"pt-BR","potentialAction":[{"@type":"ReadAction","target":["https:\/\/jornalfatosenoticias.com.br\/index.php\/2024\/03\/13\/propostas-do-novo-codigo-civil-trazem-riscos-a-autoridade-dos-pais\/"]}]},{"@type":"ImageObject","inLanguage":"pt-BR","@id":"https:\/\/jornalfatosenoticias.com.br\/index.php\/2024\/03\/13\/propostas-do-novo-codigo-civil-trazem-riscos-a-autoridade-dos-pais\/#primaryimage","url":"https:\/\/jornalfatosenoticias.com.br\/wp-content\/uploads\/2024\/03\/novo-codigo-civil-comissao.jpg","contentUrl":"https:\/\/jornalfatosenoticias.com.br\/wp-content\/uploads\/2024\/03\/novo-codigo-civil-comissao.jpg","width":960,"height":540},{"@type":"BreadcrumbList","@id":"https:\/\/jornalfatosenoticias.com.br\/index.php\/2024\/03\/13\/propostas-do-novo-codigo-civil-trazem-riscos-a-autoridade-dos-pais\/#breadcrumb","itemListElement":[{"@type":"ListItem","position":1,"name":"In\u00edcio","item":"https:\/\/jornalfatosenoticias.com.br\/"},{"@type":"ListItem","position":2,"name":"Propostas do novo C\u00f3digo Civil trazem riscos \u00e0 autoridade dos pais"}]},{"@type":"WebSite","@id":"https:\/\/jornalfatosenoticias.com.br\/#website","url":"https:\/\/jornalfatosenoticias.com.br\/","name":"Jornal Fatos e Not\u00edcias","description":"Not\u00edcias em geral","publisher":{"@id":"https:\/\/jornalfatosenoticias.com.br\/#organization"},"potentialAction":[{"@type":"SearchAction","target":{"@type":"EntryPoint","urlTemplate":"https:\/\/jornalfatosenoticias.com.br\/?s={search_term_string}"},"query-input":{"@type":"PropertyValueSpecification","valueRequired":true,"valueName":"search_term_string"}}],"inLanguage":"pt-BR"},{"@type":"Organization","@id":"https:\/\/jornalfatosenoticias.com.br\/#organization","name":"Jornal Fatos e Not\u00edcias","url":"https:\/\/jornalfatosenoticias.com.br\/","logo":{"@type":"ImageObject","inLanguage":"pt-BR","@id":"https:\/\/jornalfatosenoticias.com.br\/#\/schema\/logo\/image\/","url":"https:\/\/jornalfatosenoticias.com.br\/wp-content\/uploads\/2020\/02\/logo120.png","contentUrl":"https:\/\/jornalfatosenoticias.com.br\/wp-content\/uploads\/2020\/02\/logo120.png","width":1227,"height":120,"caption":"Jornal Fatos e Not\u00edcias"},"image":{"@id":"https:\/\/jornalfatosenoticias.com.br\/#\/schema\/logo\/image\/"}},{"@type":"Person","@id":"https:\/\/jornalfatosenoticias.com.br\/#\/schema\/person\/d63837fa13ac8666eb9e74e0985d6f81","name":"Luzimara Fernandes","image":{"@type":"ImageObject","inLanguage":"pt-BR","@id":"https:\/\/jornalfatosenoticias.com.br\/#\/schema\/person\/image\/","url":"https:\/\/jornalfatosenoticias.com.br\/wp-content\/uploads\/2025\/05\/EU_portal.jpg","contentUrl":"https:\/\/jornalfatosenoticias.com.br\/wp-content\/uploads\/2025\/05\/EU_portal.jpg","caption":"Luzimara Fernandes"},"description":"Jornalista MTB 2358-ES","sameAs":["https:\/\/jornalfatosenoticias.com.br"],"url":"https:\/\/jornalfatosenoticias.com.br\/index.php\/author\/luzimara\/"}]}},"cc_featured_image_caption":{"caption_text":"(Foto: Waldemir Barreto\/Ag\u00eancia Senado)","source_text":"","source_url":""},"jetpack_featured_media_url":"https:\/\/jornalfatosenoticias.com.br\/wp-content\/uploads\/2024\/03\/novo-codigo-civil-comissao.jpg","_links":{"self":[{"href":"https:\/\/jornalfatosenoticias.com.br\/index.php\/wp-json\/wp\/v2\/posts\/49885","targetHints":{"allow":["GET"]}}],"collection":[{"href":"https:\/\/jornalfatosenoticias.com.br\/index.php\/wp-json\/wp\/v2\/posts"}],"about":[{"href":"https:\/\/jornalfatosenoticias.com.br\/index.php\/wp-json\/wp\/v2\/types\/post"}],"author":[{"embeddable":true,"href":"https:\/\/jornalfatosenoticias.com.br\/index.php\/wp-json\/wp\/v2\/users\/2"}],"replies":[{"embeddable":true,"href":"https:\/\/jornalfatosenoticias.com.br\/index.php\/wp-json\/wp\/v2\/comments?post=49885"}],"version-history":[{"count":0,"href":"https:\/\/jornalfatosenoticias.com.br\/index.php\/wp-json\/wp\/v2\/posts\/49885\/revisions"}],"wp:featuredmedia":[{"embeddable":true,"href":"https:\/\/jornalfatosenoticias.com.br\/index.php\/wp-json\/wp\/v2\/media\/49886"}],"wp:attachment":[{"href":"https:\/\/jornalfatosenoticias.com.br\/index.php\/wp-json\/wp\/v2\/media?parent=49885"}],"wp:term":[{"taxonomy":"category","embeddable":true,"href":"https:\/\/jornalfatosenoticias.com.br\/index.php\/wp-json\/wp\/v2\/categories?post=49885"},{"taxonomy":"post_tag","embeddable":true,"href":"https:\/\/jornalfatosenoticias.com.br\/index.php\/wp-json\/wp\/v2\/tags?post=49885"}],"curies":[{"name":"wp","href":"https:\/\/api.w.org\/{rel}","templated":true}]}}