{"id":49888,"date":"2024-03-13T11:02:52","date_gmt":"2024-03-13T14:02:52","guid":{"rendered":"https:\/\/jornalfatosenoticias.com.br\/?p=49888"},"modified":"2024-03-13T11:02:53","modified_gmt":"2024-03-13T14:02:53","slug":"apos-resultados-desastrosos-oregon-volta-atras-e-quer-revisar-descriminalizacao-de-drogas-pesadas","status":"publish","type":"post","link":"https:\/\/jornalfatosenoticias.com.br\/index.php\/2024\/03\/13\/apos-resultados-desastrosos-oregon-volta-atras-e-quer-revisar-descriminalizacao-de-drogas-pesadas\/","title":{"rendered":"Ap\u00f3s resultados desastrosos, Oregon volta atr\u00e1s e quer revisar descriminaliza\u00e7\u00e3o de drogas pesadas"},"content":{"rendered":"\n<p><em><span class=\"has-inline-color has-black-color\">Tina Kotek, governadora do Oregon: democratas concordam com revis\u00e3o da lei em meio \u00e0 crise de fentanil no estado<\/span><\/em><\/p>\n\n\n\n<p><span class=\"has-inline-color has-black-color\">Por <strong><a href=\"https:\/\/www.gazetadopovo.com.br\/autor\/isabella-de-paula\/\">Isabella de Paula<\/a><\/strong><\/span><\/p>\n\n\n\n<div class=\"wp-block-image\"><figure class=\"aligncenter size-large\"><img loading=\"lazy\" decoding=\"async\" width=\"1024\" height=\"100\" src=\"https:\/\/jornalfatosenoticias.com.br\/wp-content\/uploads\/2022\/05\/NOVA-LOGO-CESCONETTO-1024x100.jpg\" alt=\"\" class=\"wp-image-30792\" srcset=\"https:\/\/jornalfatosenoticias.com.br\/wp-content\/uploads\/2022\/05\/NOVA-LOGO-CESCONETTO-1024x100.jpg 1024w, https:\/\/jornalfatosenoticias.com.br\/wp-content\/uploads\/2022\/05\/NOVA-LOGO-CESCONETTO-300x29.jpg 300w, https:\/\/jornalfatosenoticias.com.br\/wp-content\/uploads\/2022\/05\/NOVA-LOGO-CESCONETTO-768x75.jpg 768w, https:\/\/jornalfatosenoticias.com.br\/wp-content\/uploads\/2022\/05\/NOVA-LOGO-CESCONETTO.jpg 1280w\" sizes=\"auto, (max-width: 1024px) 100vw, 1024px\" \/><\/figure><\/div>\n\n\n\n<p>Em 2020, mais da metade dos eleitores do Oregon votou a favor da Medida 110, que descriminalizava a posse de certas quantidades de drogas, incluindo as mais pesadas, como coca\u00edna, metanfetamina, hero\u00edna e outras subst\u00e2ncias controladas.<br>Poucos anos depois, o estado est\u00e1 colhendo duras consequ\u00eancias previs\u00edveis dessa medida: uma crise de overdose por fentanil e o crescente consumo de entorpecentes nos espa\u00e7os p\u00fablicos. Com isso, os legisladores do estado governado pelos democratas querem revisar a legisla\u00e7\u00e3o para reintroduzir penalidades para a posse de drogas pesadas.<\/p>\n\n\n\n<div class=\"wp-block-image\"><figure class=\"aligncenter size-large is-resized\"><img loading=\"lazy\" decoding=\"async\" src=\"https:\/\/jornalfatosenoticias.com.br\/wp-content\/uploads\/2023\/08\/ITH.jpeg\" alt=\"\" class=\"wp-image-44638\" width=\"377\" height=\"306\" srcset=\"https:\/\/jornalfatosenoticias.com.br\/wp-content\/uploads\/2023\/08\/ITH.jpeg 800w, https:\/\/jornalfatosenoticias.com.br\/wp-content\/uploads\/2023\/08\/ITH-300x244.jpeg 300w, https:\/\/jornalfatosenoticias.com.br\/wp-content\/uploads\/2023\/08\/ITH-768x624.jpeg 768w\" sizes=\"auto, (max-width: 377px) 100vw, 377px\" \/><\/figure><\/div>\n\n\n\n<p>No in\u00edcio deste m\u00eas, a C\u00e2mara e o Senado estaduais do Oregon aprovaram um projeto de lei de US$ 211 milh\u00f5es (cerca de R$ 1 bilh\u00e3o) para reverter a pol\u00edtica anterior que fez o estado se tornar o primeiro dos Estados Unidos a liberar o consumo de todas as drogas. O projeto, que recebeu apoio bipartid\u00e1rio, agora segue para a mesa da governadora Tina Kotek, que adiantou em janeiro que estaria disposta a assinar uma proposta para controlar a atual crise enfrentada.<\/p>\n\n\n\n<div class=\"wp-block-image\"><figure class=\"aligncenter size-large is-resized\"><img loading=\"lazy\" decoding=\"async\" src=\"https:\/\/jornalfatosenoticias.com.br\/wp-content\/uploads\/2023\/12\/pegoretti-logo-pdf-1024x389.jpg\" alt=\"\" class=\"wp-image-47536\" width=\"506\" height=\"192\" srcset=\"https:\/\/jornalfatosenoticias.com.br\/wp-content\/uploads\/2023\/12\/pegoretti-logo-pdf-1024x389.jpg 1024w, https:\/\/jornalfatosenoticias.com.br\/wp-content\/uploads\/2023\/12\/pegoretti-logo-pdf-300x114.jpg 300w, https:\/\/jornalfatosenoticias.com.br\/wp-content\/uploads\/2023\/12\/pegoretti-logo-pdf-768x291.jpg 768w, https:\/\/jornalfatosenoticias.com.br\/wp-content\/uploads\/2023\/12\/pegoretti-logo-pdf.jpg 1120w\" sizes=\"auto, (max-width: 506px) 100vw, 506px\" \/><\/figure><\/div>\n\n\n\n<p>No projeto, os legisladores defenderam que os usu\u00e1rios de entorpecentes continuar\u00e3o a ter oportunidade de buscar tratamento antes de enfrentarem puni\u00e7\u00f5es criminais. Quando foi aprovada, em 2020, os defensores da lei disseram que ela forneceria um caminho para o tratamento de viciados, contudo isso n\u00e3o foi observado: com um ano em vigor, menos de 1% das pessoas eleg\u00edveis para tratamento sob a Medida 110 \u2014 apenas 136 pessoas \u2014 buscaram ajuda.<\/p>\n\n\n\n<div class=\"wp-block-image\"><figure class=\"aligncenter size-large\"><img loading=\"lazy\" decoding=\"async\" width=\"300\" height=\"250\" src=\"https:\/\/jornalfatosenoticias.com.br\/wp-content\/uploads\/2022\/02\/FERRARI_MAQUINAS-E-FERRAMENTAS2.jpg\" alt=\"\" class=\"wp-image-27860\"\/><\/figure><\/div>\n\n\n\n<p>Com a nova medida, a posse de pequenas quantidades de drogas, como hero\u00edna ou metanfetamina, se tornar\u00e1 uma contraven\u00e7\u00e3o penal, pun\u00edvel com at\u00e9 seis meses de pris\u00e3o.\u00a0Atualmente, as pessoas pegas na posse dessas drogas receberiam o equivalente a uma multa de tr\u00e2nsito. A nova lei tamb\u00e9m autoriza a pol\u00edcia a confiscar drogas de usu\u00e1rios que utilizem os entorpecentes em espa\u00e7os p\u00fablicos, como cal\u00e7adas e parques, algo que ganhou enormes propor\u00e7\u00f5es desde 2020, quando houve a descriminaliza\u00e7\u00e3o.<\/p>\n\n\n\n<div class=\"wp-block-image\"><figure class=\"aligncenter size-large is-resized\"><img loading=\"lazy\" decoding=\"async\" src=\"https:\/\/jornalfatosenoticias.com.br\/wp-content\/uploads\/2020\/02\/CONTROL-CS.jpg\" alt=\"\" class=\"wp-image-44991\" width=\"335\" height=\"401\" srcset=\"https:\/\/jornalfatosenoticias.com.br\/wp-content\/uploads\/2020\/02\/CONTROL-CS.jpg 834w, https:\/\/jornalfatosenoticias.com.br\/wp-content\/uploads\/2020\/02\/CONTROL-CS-250x300.jpg 250w, https:\/\/jornalfatosenoticias.com.br\/wp-content\/uploads\/2020\/02\/CONTROL-CS-768x921.jpg 768w\" sizes=\"auto, (max-width: 335px) 100vw, 335px\" \/><\/figure><\/div>\n\n\n\n<p>Desde a pandemia, o Oregon acompanhou um aumento de 1.500% nas mortes por overdose, o\u00a0mais alto em todo o pa\u00eds, segundo dados oficiais.\u00a0Em 2022, aproximadamente mil pessoas morreram no estado por overdose de opi\u00e1ceos. J\u00e1 entre junho e agosto de 2023, dez menores de Portland\u00a0tiveram uma overdose\u00a0de drogas pesadas, principalmente provocada pelo fentanil e\u00a0cinco crian\u00e7as \u2014 uma de um ano, uma de dois anos, uma de cinco anos e duas de 15 anos \u2014 morreram.<\/p>\n\n\n\n<div class=\"wp-block-image\"><figure class=\"aligncenter size-large is-resized\"><img loading=\"lazy\" decoding=\"async\" src=\"https:\/\/jornalfatosenoticias.com.br\/wp-content\/uploads\/2023\/03\/nova-logo-Marquetti.jpg\" alt=\"\" class=\"wp-image-40207\" width=\"325\" height=\"218\" srcset=\"https:\/\/jornalfatosenoticias.com.br\/wp-content\/uploads\/2023\/03\/nova-logo-Marquetti.jpg 643w, https:\/\/jornalfatosenoticias.com.br\/wp-content\/uploads\/2023\/03\/nova-logo-Marquetti-300x202.jpg 300w\" sizes=\"auto, (max-width: 325px) 100vw, 325px\" \/><\/figure><\/div>\n\n\n\n<p>Residentes de Portland\u00a0relataram \u00e0 imprensa americana que as pessoas fumam abertamente fentanil nos centros da cidade, enquanto pequenas cidades que tinham taxas historicamente baixas de sem-teto observaram um aumento de acampamentos.<\/p>\n\n\n\n<div class=\"wp-block-image\"><figure class=\"aligncenter size-large is-resized\"><img loading=\"lazy\" decoding=\"async\" src=\"https:\/\/jornalfatosenoticias.com.br\/wp-content\/uploads\/2023\/08\/BKR-1024x1021.jpg\" alt=\"\" class=\"wp-image-44494\" width=\"320\" height=\"319\" srcset=\"https:\/\/jornalfatosenoticias.com.br\/wp-content\/uploads\/2023\/08\/BKR-1024x1021.jpg 1024w, https:\/\/jornalfatosenoticias.com.br\/wp-content\/uploads\/2023\/08\/BKR-300x300.jpg 300w, https:\/\/jornalfatosenoticias.com.br\/wp-content\/uploads\/2023\/08\/BKR-150x150.jpg 150w, https:\/\/jornalfatosenoticias.com.br\/wp-content\/uploads\/2023\/08\/BKR-768x766.jpg 768w, https:\/\/jornalfatosenoticias.com.br\/wp-content\/uploads\/2023\/08\/BKR.jpg 1080w\" sizes=\"auto, (max-width: 320px) 100vw, 320px\" \/><\/figure><\/div>\n\n\n\n<p>A situa\u00e7\u00e3o se tornou t\u00e3o cr\u00edtica, principalmente em Portland, que em janeiro deste ano as autoridades decretaram estado de emerg\u00eancia para tentar controlar o uso de fentanil, um opioide sint\u00e9tico 50 vezes mais poderoso do que a hero\u00edna e que se tornou um dos grandes problemas enfrentados pelo pa\u00eds, que registrou <a href=\"https:\/\/www.gazetadopovo.com.br\/mundo\/pior-que-o-vietna-crise-dos-opioides-mata-quase-80-mil-americanos-por-ano\/?ref=link-interno-materia\">n\u00fameros recordes<\/a> de consumo, nos \u00faltimos anos.<\/p>\n\n\n\n<div class=\"wp-block-image\"><figure class=\"aligncenter size-large\"><img decoding=\"async\" src=\"https:\/\/jornalfatosenoticias.com.br\/wp-content\/uploads\/2020\/02\/logo_esteio.jpg\" alt=\"\" class=\"wp-image-1214\"\/><\/figure><\/div>\n\n\n\n<p><strong><em>Fonte: <a href=\"https:\/\/www.gazetadopovo.com.br\/mundo\/apos-resultados-desastrosos-oregon-volta-atras-e-quer-revisar-descriminalizacao-de-drogas-pesadas\/\">Gazeta do Povo<\/a><\/em><\/strong><\/p>\n","protected":false},"excerpt":{"rendered":"<p>Tina Kotek, governadora do Oregon: democratas concordam com revis\u00e3o da lei em meio \u00e0 crise de fentanil no estado Por Isabella de Paula Em 2020, mais da metade dos eleitores do Oregon votou a favor da Medida 110, que descriminalizava a posse de certas quantidades de drogas, incluindo as mais pesadas, como coca\u00edna, metanfetamina, hero\u00edna [&hellip;]<\/p>\n","protected":false},"author":2,"featured_media":49889,"comment_status":"open","ping_status":"open","sticky":false,"template":"","format":"standard","meta":{"footnotes":""},"categories":[41],"tags":[2770,23051,23052,159],"class_list":["post-49888","post","type-post","status-publish","format-standard","has-post-thumbnail","hentry","category-internacional","tag-drogas","tag-drogas-ilicitas","tag-estado-democrata","tag-eua"],"yoast_head":"<!-- This site is optimized with the Yoast SEO plugin v26.5 - https:\/\/yoast.com\/wordpress\/plugins\/seo\/ -->\n<title>Ap\u00f3s resultados desastrosos, Oregon volta atr\u00e1s e quer revisar descriminaliza\u00e7\u00e3o de drogas pesadas - Jornal Fatos e Not\u00edcias<\/title>\n<meta name=\"robots\" content=\"index, follow, max-snippet:-1, max-image-preview:large, max-video-preview:-1\" \/>\n<link rel=\"canonical\" href=\"https:\/\/jornalfatosenoticias.com.br\/index.php\/2024\/03\/13\/apos-resultados-desastrosos-oregon-volta-atras-e-quer-revisar-descriminalizacao-de-drogas-pesadas\/\" \/>\n<meta property=\"og:locale\" content=\"pt_BR\" \/>\n<meta property=\"og:type\" content=\"article\" \/>\n<meta property=\"og:title\" content=\"Ap\u00f3s resultados desastrosos, Oregon volta atr\u00e1s e quer revisar descriminaliza\u00e7\u00e3o de drogas pesadas - Jornal Fatos e Not\u00edcias\" \/>\n<meta property=\"og:description\" content=\"Tina Kotek, governadora do Oregon: democratas concordam com revis\u00e3o da lei em meio \u00e0 crise de fentanil no estado Por Isabella de Paula Em 2020, mais da metade dos eleitores do Oregon votou a favor da Medida 110, que descriminalizava a posse de certas quantidades de drogas, incluindo as mais pesadas, como coca\u00edna, metanfetamina, hero\u00edna [&hellip;]\" \/>\n<meta property=\"og:url\" content=\"https:\/\/jornalfatosenoticias.com.br\/index.php\/2024\/03\/13\/apos-resultados-desastrosos-oregon-volta-atras-e-quer-revisar-descriminalizacao-de-drogas-pesadas\/\" \/>\n<meta property=\"og:site_name\" content=\"Jornal Fatos e Not\u00edcias\" \/>\n<meta property=\"article:published_time\" content=\"2024-03-13T14:02:52+00:00\" \/>\n<meta property=\"article:modified_time\" content=\"2024-03-13T14:02:53+00:00\" \/>\n<meta property=\"og:image\" content=\"https:\/\/jornalfatosenoticias.com.br\/wp-content\/uploads\/2024\/03\/roubos-e-furtos-na-california.jpg\" \/>\n\t<meta property=\"og:image:width\" content=\"960\" \/>\n\t<meta property=\"og:image:height\" content=\"540\" \/>\n\t<meta property=\"og:image:type\" content=\"image\/jpeg\" \/>\n<meta name=\"author\" content=\"Luzimara Fernandes\" \/>\n<meta name=\"twitter:card\" content=\"summary_large_image\" \/>\n<meta name=\"twitter:label1\" content=\"Escrito por\" \/>\n\t<meta name=\"twitter:data1\" content=\"Luzimara Fernandes\" \/>\n\t<meta name=\"twitter:label2\" content=\"Est. tempo de leitura\" \/>\n\t<meta name=\"twitter:data2\" content=\"3 minutos\" \/>\n<script type=\"application\/ld+json\" class=\"yoast-schema-graph\">{\"@context\":\"https:\/\/schema.org\",\"@graph\":[{\"@type\":\"Article\",\"@id\":\"https:\/\/jornalfatosenoticias.com.br\/index.php\/2024\/03\/13\/apos-resultados-desastrosos-oregon-volta-atras-e-quer-revisar-descriminalizacao-de-drogas-pesadas\/#article\",\"isPartOf\":{\"@id\":\"https:\/\/jornalfatosenoticias.com.br\/index.php\/2024\/03\/13\/apos-resultados-desastrosos-oregon-volta-atras-e-quer-revisar-descriminalizacao-de-drogas-pesadas\/\"},\"author\":{\"name\":\"Luzimara Fernandes\",\"@id\":\"https:\/\/jornalfatosenoticias.com.br\/#\/schema\/person\/d63837fa13ac8666eb9e74e0985d6f81\"},\"headline\":\"Ap\u00f3s resultados desastrosos, Oregon volta atr\u00e1s e quer revisar descriminaliza\u00e7\u00e3o de drogas pesadas\",\"datePublished\":\"2024-03-13T14:02:52+00:00\",\"dateModified\":\"2024-03-13T14:02:53+00:00\",\"mainEntityOfPage\":{\"@id\":\"https:\/\/jornalfatosenoticias.com.br\/index.php\/2024\/03\/13\/apos-resultados-desastrosos-oregon-volta-atras-e-quer-revisar-descriminalizacao-de-drogas-pesadas\/\"},\"wordCount\":553,\"commentCount\":0,\"publisher\":{\"@id\":\"https:\/\/jornalfatosenoticias.com.br\/#organization\"},\"image\":{\"@id\":\"https:\/\/jornalfatosenoticias.com.br\/index.php\/2024\/03\/13\/apos-resultados-desastrosos-oregon-volta-atras-e-quer-revisar-descriminalizacao-de-drogas-pesadas\/#primaryimage\"},\"thumbnailUrl\":\"https:\/\/jornalfatosenoticias.com.br\/wp-content\/uploads\/2024\/03\/roubos-e-furtos-na-california.jpg\",\"keywords\":[\"drogas\",\"drogas il\u00edcitas\",\"estado democrata\",\"EUA\"],\"articleSection\":[\"Internacional\"],\"inLanguage\":\"pt-BR\",\"potentialAction\":[{\"@type\":\"CommentAction\",\"name\":\"Comment\",\"target\":[\"https:\/\/jornalfatosenoticias.com.br\/index.php\/2024\/03\/13\/apos-resultados-desastrosos-oregon-volta-atras-e-quer-revisar-descriminalizacao-de-drogas-pesadas\/#respond\"]}]},{\"@type\":\"WebPage\",\"@id\":\"https:\/\/jornalfatosenoticias.com.br\/index.php\/2024\/03\/13\/apos-resultados-desastrosos-oregon-volta-atras-e-quer-revisar-descriminalizacao-de-drogas-pesadas\/\",\"url\":\"https:\/\/jornalfatosenoticias.com.br\/index.php\/2024\/03\/13\/apos-resultados-desastrosos-oregon-volta-atras-e-quer-revisar-descriminalizacao-de-drogas-pesadas\/\",\"name\":\"Ap\u00f3s resultados desastrosos, Oregon volta atr\u00e1s e quer revisar descriminaliza\u00e7\u00e3o de drogas pesadas - Jornal Fatos e Not\u00edcias\",\"isPartOf\":{\"@id\":\"https:\/\/jornalfatosenoticias.com.br\/#website\"},\"primaryImageOfPage\":{\"@id\":\"https:\/\/jornalfatosenoticias.com.br\/index.php\/2024\/03\/13\/apos-resultados-desastrosos-oregon-volta-atras-e-quer-revisar-descriminalizacao-de-drogas-pesadas\/#primaryimage\"},\"image\":{\"@id\":\"https:\/\/jornalfatosenoticias.com.br\/index.php\/2024\/03\/13\/apos-resultados-desastrosos-oregon-volta-atras-e-quer-revisar-descriminalizacao-de-drogas-pesadas\/#primaryimage\"},\"thumbnailUrl\":\"https:\/\/jornalfatosenoticias.com.br\/wp-content\/uploads\/2024\/03\/roubos-e-furtos-na-california.jpg\",\"datePublished\":\"2024-03-13T14:02:52+00:00\",\"dateModified\":\"2024-03-13T14:02:53+00:00\",\"breadcrumb\":{\"@id\":\"https:\/\/jornalfatosenoticias.com.br\/index.php\/2024\/03\/13\/apos-resultados-desastrosos-oregon-volta-atras-e-quer-revisar-descriminalizacao-de-drogas-pesadas\/#breadcrumb\"},\"inLanguage\":\"pt-BR\",\"potentialAction\":[{\"@type\":\"ReadAction\",\"target\":[\"https:\/\/jornalfatosenoticias.com.br\/index.php\/2024\/03\/13\/apos-resultados-desastrosos-oregon-volta-atras-e-quer-revisar-descriminalizacao-de-drogas-pesadas\/\"]}]},{\"@type\":\"ImageObject\",\"inLanguage\":\"pt-BR\",\"@id\":\"https:\/\/jornalfatosenoticias.com.br\/index.php\/2024\/03\/13\/apos-resultados-desastrosos-oregon-volta-atras-e-quer-revisar-descriminalizacao-de-drogas-pesadas\/#primaryimage\",\"url\":\"https:\/\/jornalfatosenoticias.com.br\/wp-content\/uploads\/2024\/03\/roubos-e-furtos-na-california.jpg\",\"contentUrl\":\"https:\/\/jornalfatosenoticias.com.br\/wp-content\/uploads\/2024\/03\/roubos-e-furtos-na-california.jpg\",\"width\":960,\"height\":540},{\"@type\":\"BreadcrumbList\",\"@id\":\"https:\/\/jornalfatosenoticias.com.br\/index.php\/2024\/03\/13\/apos-resultados-desastrosos-oregon-volta-atras-e-quer-revisar-descriminalizacao-de-drogas-pesadas\/#breadcrumb\",\"itemListElement\":[{\"@type\":\"ListItem\",\"position\":1,\"name\":\"In\u00edcio\",\"item\":\"https:\/\/jornalfatosenoticias.com.br\/\"},{\"@type\":\"ListItem\",\"position\":2,\"name\":\"Ap\u00f3s resultados desastrosos, Oregon volta atr\u00e1s e quer revisar descriminaliza\u00e7\u00e3o de drogas pesadas\"}]},{\"@type\":\"WebSite\",\"@id\":\"https:\/\/jornalfatosenoticias.com.br\/#website\",\"url\":\"https:\/\/jornalfatosenoticias.com.br\/\",\"name\":\"Jornal Fatos e Not\u00edcias\",\"description\":\"Not\u00edcias em geral\",\"publisher\":{\"@id\":\"https:\/\/jornalfatosenoticias.com.br\/#organization\"},\"potentialAction\":[{\"@type\":\"SearchAction\",\"target\":{\"@type\":\"EntryPoint\",\"urlTemplate\":\"https:\/\/jornalfatosenoticias.com.br\/?s={search_term_string}\"},\"query-input\":{\"@type\":\"PropertyValueSpecification\",\"valueRequired\":true,\"valueName\":\"search_term_string\"}}],\"inLanguage\":\"pt-BR\"},{\"@type\":\"Organization\",\"@id\":\"https:\/\/jornalfatosenoticias.com.br\/#organization\",\"name\":\"Jornal Fatos e Not\u00edcias\",\"url\":\"https:\/\/jornalfatosenoticias.com.br\/\",\"logo\":{\"@type\":\"ImageObject\",\"inLanguage\":\"pt-BR\",\"@id\":\"https:\/\/jornalfatosenoticias.com.br\/#\/schema\/logo\/image\/\",\"url\":\"https:\/\/jornalfatosenoticias.com.br\/wp-content\/uploads\/2020\/02\/logo120.png\",\"contentUrl\":\"https:\/\/jornalfatosenoticias.com.br\/wp-content\/uploads\/2020\/02\/logo120.png\",\"width\":1227,\"height\":120,\"caption\":\"Jornal Fatos e Not\u00edcias\"},\"image\":{\"@id\":\"https:\/\/jornalfatosenoticias.com.br\/#\/schema\/logo\/image\/\"}},{\"@type\":\"Person\",\"@id\":\"https:\/\/jornalfatosenoticias.com.br\/#\/schema\/person\/d63837fa13ac8666eb9e74e0985d6f81\",\"name\":\"Luzimara Fernandes\",\"image\":{\"@type\":\"ImageObject\",\"inLanguage\":\"pt-BR\",\"@id\":\"https:\/\/jornalfatosenoticias.com.br\/#\/schema\/person\/image\/\",\"url\":\"https:\/\/jornalfatosenoticias.com.br\/wp-content\/uploads\/2025\/05\/EU_portal.jpg\",\"contentUrl\":\"https:\/\/jornalfatosenoticias.com.br\/wp-content\/uploads\/2025\/05\/EU_portal.jpg\",\"caption\":\"Luzimara Fernandes\"},\"description\":\"Jornalista MTB 2358-ES\",\"sameAs\":[\"https:\/\/jornalfatosenoticias.com.br\"],\"url\":\"https:\/\/jornalfatosenoticias.com.br\/index.php\/author\/luzimara\/\"}]}<\/script>\n<!-- \/ Yoast SEO plugin. -->","yoast_head_json":{"title":"Ap\u00f3s resultados desastrosos, Oregon volta atr\u00e1s e quer revisar descriminaliza\u00e7\u00e3o de drogas pesadas - Jornal Fatos e Not\u00edcias","robots":{"index":"index","follow":"follow","max-snippet":"max-snippet:-1","max-image-preview":"max-image-preview:large","max-video-preview":"max-video-preview:-1"},"canonical":"https:\/\/jornalfatosenoticias.com.br\/index.php\/2024\/03\/13\/apos-resultados-desastrosos-oregon-volta-atras-e-quer-revisar-descriminalizacao-de-drogas-pesadas\/","og_locale":"pt_BR","og_type":"article","og_title":"Ap\u00f3s resultados desastrosos, Oregon volta atr\u00e1s e quer revisar descriminaliza\u00e7\u00e3o de drogas pesadas - Jornal Fatos e Not\u00edcias","og_description":"Tina Kotek, governadora do Oregon: democratas concordam com revis\u00e3o da lei em meio \u00e0 crise de fentanil no estado Por Isabella de Paula Em 2020, mais da metade dos eleitores do Oregon votou a favor da Medida 110, que descriminalizava a posse de certas quantidades de drogas, incluindo as mais pesadas, como coca\u00edna, metanfetamina, hero\u00edna [&hellip;]","og_url":"https:\/\/jornalfatosenoticias.com.br\/index.php\/2024\/03\/13\/apos-resultados-desastrosos-oregon-volta-atras-e-quer-revisar-descriminalizacao-de-drogas-pesadas\/","og_site_name":"Jornal Fatos e Not\u00edcias","article_published_time":"2024-03-13T14:02:52+00:00","article_modified_time":"2024-03-13T14:02:53+00:00","og_image":[{"width":960,"height":540,"url":"https:\/\/jornalfatosenoticias.com.br\/wp-content\/uploads\/2024\/03\/roubos-e-furtos-na-california.jpg","type":"image\/jpeg"}],"author":"Luzimara Fernandes","twitter_card":"summary_large_image","twitter_misc":{"Escrito por":"Luzimara Fernandes","Est. tempo de leitura":"3 minutos"},"schema":{"@context":"https:\/\/schema.org","@graph":[{"@type":"Article","@id":"https:\/\/jornalfatosenoticias.com.br\/index.php\/2024\/03\/13\/apos-resultados-desastrosos-oregon-volta-atras-e-quer-revisar-descriminalizacao-de-drogas-pesadas\/#article","isPartOf":{"@id":"https:\/\/jornalfatosenoticias.com.br\/index.php\/2024\/03\/13\/apos-resultados-desastrosos-oregon-volta-atras-e-quer-revisar-descriminalizacao-de-drogas-pesadas\/"},"author":{"name":"Luzimara Fernandes","@id":"https:\/\/jornalfatosenoticias.com.br\/#\/schema\/person\/d63837fa13ac8666eb9e74e0985d6f81"},"headline":"Ap\u00f3s resultados desastrosos, Oregon volta atr\u00e1s e quer revisar descriminaliza\u00e7\u00e3o de drogas pesadas","datePublished":"2024-03-13T14:02:52+00:00","dateModified":"2024-03-13T14:02:53+00:00","mainEntityOfPage":{"@id":"https:\/\/jornalfatosenoticias.com.br\/index.php\/2024\/03\/13\/apos-resultados-desastrosos-oregon-volta-atras-e-quer-revisar-descriminalizacao-de-drogas-pesadas\/"},"wordCount":553,"commentCount":0,"publisher":{"@id":"https:\/\/jornalfatosenoticias.com.br\/#organization"},"image":{"@id":"https:\/\/jornalfatosenoticias.com.br\/index.php\/2024\/03\/13\/apos-resultados-desastrosos-oregon-volta-atras-e-quer-revisar-descriminalizacao-de-drogas-pesadas\/#primaryimage"},"thumbnailUrl":"https:\/\/jornalfatosenoticias.com.br\/wp-content\/uploads\/2024\/03\/roubos-e-furtos-na-california.jpg","keywords":["drogas","drogas il\u00edcitas","estado democrata","EUA"],"articleSection":["Internacional"],"inLanguage":"pt-BR","potentialAction":[{"@type":"CommentAction","name":"Comment","target":["https:\/\/jornalfatosenoticias.com.br\/index.php\/2024\/03\/13\/apos-resultados-desastrosos-oregon-volta-atras-e-quer-revisar-descriminalizacao-de-drogas-pesadas\/#respond"]}]},{"@type":"WebPage","@id":"https:\/\/jornalfatosenoticias.com.br\/index.php\/2024\/03\/13\/apos-resultados-desastrosos-oregon-volta-atras-e-quer-revisar-descriminalizacao-de-drogas-pesadas\/","url":"https:\/\/jornalfatosenoticias.com.br\/index.php\/2024\/03\/13\/apos-resultados-desastrosos-oregon-volta-atras-e-quer-revisar-descriminalizacao-de-drogas-pesadas\/","name":"Ap\u00f3s resultados desastrosos, Oregon volta atr\u00e1s e quer revisar descriminaliza\u00e7\u00e3o de drogas pesadas - Jornal Fatos e Not\u00edcias","isPartOf":{"@id":"https:\/\/jornalfatosenoticias.com.br\/#website"},"primaryImageOfPage":{"@id":"https:\/\/jornalfatosenoticias.com.br\/index.php\/2024\/03\/13\/apos-resultados-desastrosos-oregon-volta-atras-e-quer-revisar-descriminalizacao-de-drogas-pesadas\/#primaryimage"},"image":{"@id":"https:\/\/jornalfatosenoticias.com.br\/index.php\/2024\/03\/13\/apos-resultados-desastrosos-oregon-volta-atras-e-quer-revisar-descriminalizacao-de-drogas-pesadas\/#primaryimage"},"thumbnailUrl":"https:\/\/jornalfatosenoticias.com.br\/wp-content\/uploads\/2024\/03\/roubos-e-furtos-na-california.jpg","datePublished":"2024-03-13T14:02:52+00:00","dateModified":"2024-03-13T14:02:53+00:00","breadcrumb":{"@id":"https:\/\/jornalfatosenoticias.com.br\/index.php\/2024\/03\/13\/apos-resultados-desastrosos-oregon-volta-atras-e-quer-revisar-descriminalizacao-de-drogas-pesadas\/#breadcrumb"},"inLanguage":"pt-BR","potentialAction":[{"@type":"ReadAction","target":["https:\/\/jornalfatosenoticias.com.br\/index.php\/2024\/03\/13\/apos-resultados-desastrosos-oregon-volta-atras-e-quer-revisar-descriminalizacao-de-drogas-pesadas\/"]}]},{"@type":"ImageObject","inLanguage":"pt-BR","@id":"https:\/\/jornalfatosenoticias.com.br\/index.php\/2024\/03\/13\/apos-resultados-desastrosos-oregon-volta-atras-e-quer-revisar-descriminalizacao-de-drogas-pesadas\/#primaryimage","url":"https:\/\/jornalfatosenoticias.com.br\/wp-content\/uploads\/2024\/03\/roubos-e-furtos-na-california.jpg","contentUrl":"https:\/\/jornalfatosenoticias.com.br\/wp-content\/uploads\/2024\/03\/roubos-e-furtos-na-california.jpg","width":960,"height":540},{"@type":"BreadcrumbList","@id":"https:\/\/jornalfatosenoticias.com.br\/index.php\/2024\/03\/13\/apos-resultados-desastrosos-oregon-volta-atras-e-quer-revisar-descriminalizacao-de-drogas-pesadas\/#breadcrumb","itemListElement":[{"@type":"ListItem","position":1,"name":"In\u00edcio","item":"https:\/\/jornalfatosenoticias.com.br\/"},{"@type":"ListItem","position":2,"name":"Ap\u00f3s resultados desastrosos, Oregon volta atr\u00e1s e quer revisar descriminaliza\u00e7\u00e3o de drogas pesadas"}]},{"@type":"WebSite","@id":"https:\/\/jornalfatosenoticias.com.br\/#website","url":"https:\/\/jornalfatosenoticias.com.br\/","name":"Jornal Fatos e Not\u00edcias","description":"Not\u00edcias em geral","publisher":{"@id":"https:\/\/jornalfatosenoticias.com.br\/#organization"},"potentialAction":[{"@type":"SearchAction","target":{"@type":"EntryPoint","urlTemplate":"https:\/\/jornalfatosenoticias.com.br\/?s={search_term_string}"},"query-input":{"@type":"PropertyValueSpecification","valueRequired":true,"valueName":"search_term_string"}}],"inLanguage":"pt-BR"},{"@type":"Organization","@id":"https:\/\/jornalfatosenoticias.com.br\/#organization","name":"Jornal Fatos e Not\u00edcias","url":"https:\/\/jornalfatosenoticias.com.br\/","logo":{"@type":"ImageObject","inLanguage":"pt-BR","@id":"https:\/\/jornalfatosenoticias.com.br\/#\/schema\/logo\/image\/","url":"https:\/\/jornalfatosenoticias.com.br\/wp-content\/uploads\/2020\/02\/logo120.png","contentUrl":"https:\/\/jornalfatosenoticias.com.br\/wp-content\/uploads\/2020\/02\/logo120.png","width":1227,"height":120,"caption":"Jornal Fatos e Not\u00edcias"},"image":{"@id":"https:\/\/jornalfatosenoticias.com.br\/#\/schema\/logo\/image\/"}},{"@type":"Person","@id":"https:\/\/jornalfatosenoticias.com.br\/#\/schema\/person\/d63837fa13ac8666eb9e74e0985d6f81","name":"Luzimara Fernandes","image":{"@type":"ImageObject","inLanguage":"pt-BR","@id":"https:\/\/jornalfatosenoticias.com.br\/#\/schema\/person\/image\/","url":"https:\/\/jornalfatosenoticias.com.br\/wp-content\/uploads\/2025\/05\/EU_portal.jpg","contentUrl":"https:\/\/jornalfatosenoticias.com.br\/wp-content\/uploads\/2025\/05\/EU_portal.jpg","caption":"Luzimara Fernandes"},"description":"Jornalista MTB 2358-ES","sameAs":["https:\/\/jornalfatosenoticias.com.br"],"url":"https:\/\/jornalfatosenoticias.com.br\/index.php\/author\/luzimara\/"}]}},"cc_featured_image_caption":{"caption_text":"(Foto: Gazeta do Povo) ","source_text":"","source_url":""},"jetpack_featured_media_url":"https:\/\/jornalfatosenoticias.com.br\/wp-content\/uploads\/2024\/03\/roubos-e-furtos-na-california.jpg","_links":{"self":[{"href":"https:\/\/jornalfatosenoticias.com.br\/index.php\/wp-json\/wp\/v2\/posts\/49888","targetHints":{"allow":["GET"]}}],"collection":[{"href":"https:\/\/jornalfatosenoticias.com.br\/index.php\/wp-json\/wp\/v2\/posts"}],"about":[{"href":"https:\/\/jornalfatosenoticias.com.br\/index.php\/wp-json\/wp\/v2\/types\/post"}],"author":[{"embeddable":true,"href":"https:\/\/jornalfatosenoticias.com.br\/index.php\/wp-json\/wp\/v2\/users\/2"}],"replies":[{"embeddable":true,"href":"https:\/\/jornalfatosenoticias.com.br\/index.php\/wp-json\/wp\/v2\/comments?post=49888"}],"version-history":[{"count":0,"href":"https:\/\/jornalfatosenoticias.com.br\/index.php\/wp-json\/wp\/v2\/posts\/49888\/revisions"}],"wp:featuredmedia":[{"embeddable":true,"href":"https:\/\/jornalfatosenoticias.com.br\/index.php\/wp-json\/wp\/v2\/media\/49889"}],"wp:attachment":[{"href":"https:\/\/jornalfatosenoticias.com.br\/index.php\/wp-json\/wp\/v2\/media?parent=49888"}],"wp:term":[{"taxonomy":"category","embeddable":true,"href":"https:\/\/jornalfatosenoticias.com.br\/index.php\/wp-json\/wp\/v2\/categories?post=49888"},{"taxonomy":"post_tag","embeddable":true,"href":"https:\/\/jornalfatosenoticias.com.br\/index.php\/wp-json\/wp\/v2\/tags?post=49888"}],"curies":[{"name":"wp","href":"https:\/\/api.w.org\/{rel}","templated":true}]}}