{"id":49914,"date":"2024-03-14T14:14:31","date_gmt":"2024-03-14T17:14:31","guid":{"rendered":"https:\/\/jornalfatosenoticias.com.br\/?p=49914"},"modified":"2024-03-14T14:14:33","modified_gmt":"2024-03-14T17:14:33","slug":"nova-especie-de-mamifero-e-descoberta-no-peru","status":"publish","type":"post","link":"https:\/\/jornalfatosenoticias.com.br\/index.php\/2024\/03\/14\/nova-especie-de-mamifero-e-descoberta-no-peru\/","title":{"rendered":"Nova esp\u00e9cie de mam\u00edfero \u00e9 descoberta no Peru"},"content":{"rendered":"\n<p><em><span class=\"has-inline-color has-black-color\">\u00c9 a primeira descoberta de uma nova esp\u00e9cie de cervo neste s\u00e9culo em todo o mundo<\/span><\/em><\/p>\n\n\n\n<div class=\"wp-block-image\"><figure class=\"aligncenter size-large\"><img loading=\"lazy\" decoding=\"async\" width=\"1024\" height=\"100\" src=\"https:\/\/jornalfatosenoticias.com.br\/wp-content\/uploads\/2020\/02\/banner_ferramentas-1024x100.jpg\" alt=\"\" class=\"wp-image-1258\" srcset=\"https:\/\/jornalfatosenoticias.com.br\/wp-content\/uploads\/2020\/02\/banner_ferramentas-1024x100.jpg 1024w, https:\/\/jornalfatosenoticias.com.br\/wp-content\/uploads\/2020\/02\/banner_ferramentas-300x29.jpg 300w, https:\/\/jornalfatosenoticias.com.br\/wp-content\/uploads\/2020\/02\/banner_ferramentas-768x75.jpg 768w, https:\/\/jornalfatosenoticias.com.br\/wp-content\/uploads\/2020\/02\/banner_ferramentas.jpg 1227w\" sizes=\"auto, (max-width: 1024px) 100vw, 1024px\" \/><\/figure><\/div>\n\n\n\n<p>Uma nova esp\u00e9cie de cervo foi encontrada no norte do Peru: o <em>Pudella carlae<\/em> ou pudu-da-selva-peruana. J\u00e1 faz muitos anos que pesquisadores descobriram o pudu, um pequeno cervo de pele escura que habita grandes territ\u00f3rios da Argentina \u00e0 Col\u00f4mbia. At\u00e9 onde se sabia, existiam duas esp\u00e9cies com este nome: o <em>Pudu puda<\/em>, que habita as florestas da fronteira sul entre Argentina e Chile, e o <em>Pudu mephistophiles<\/em>, tamb\u00e9m conhecido como pudu pequeno ou do norte, considerado a menor esp\u00e9cie de veado do planeta.<br>Essa segunda esp\u00e9cie vive em regi\u00f5es de montanha localizadas entre o Peru, o Equador e algumas \u00e1reas da Col\u00f4mbia. Mas agora os pesquisadores da Divis\u00e3o de Mastozoologia do Centro de Ornitologia e Biodiversidade do Peru conseguiram demonstrar que os <em>Pudu mephistophiles<\/em>, na verdade, incluem duas esp\u00e9cies diferentes. Uma delas \u00e9 a forma t\u00edpica, que habita a regi\u00e3o peruana de Huancabamba e se estende at\u00e9 o norte da Am\u00e9rica do Sul. E a outra \u00e9 a <em>Pudella carlae, <\/em>end\u00eamica do Peru e que vive no sul da depress\u00e3o de Huancabamba (cerca de 1.000 quil\u00f4metros ao norte de Lima).<\/p>\n\n\n\n<div class=\"wp-block-image\"><figure class=\"aligncenter size-large is-resized\"><img loading=\"lazy\" decoding=\"async\" src=\"https:\/\/jornalfatosenoticias.com.br\/wp-content\/uploads\/2020\/02\/CONTROL-CS.jpg\" alt=\"\" class=\"wp-image-44991\" width=\"335\" height=\"402\" srcset=\"https:\/\/jornalfatosenoticias.com.br\/wp-content\/uploads\/2020\/02\/CONTROL-CS.jpg 834w, https:\/\/jornalfatosenoticias.com.br\/wp-content\/uploads\/2020\/02\/CONTROL-CS-250x300.jpg 250w, https:\/\/jornalfatosenoticias.com.br\/wp-content\/uploads\/2020\/02\/CONTROL-CS-768x921.jpg 768w\" sizes=\"auto, (max-width: 335px) 100vw, 335px\" \/><\/figure><\/div>\n\n\n\n<p>Esta \u00e9 a primeira descoberta de uma nova esp\u00e9cie de cervo em 60 anos na Am\u00e9rica e a primeira no s\u00e9culo 21 em todo o mundo. Nos \u00faltimos anos, com o intuito de melhorar os projetos de conserva\u00e7\u00e3o em \u00e1reas habitadas por mam\u00edferos raros (como o pudu), o Servi\u00e7o Nacional de \u00c1reas Naturais Protegidas do Estado do Peru, Sernanp, realizou diversos estudos em diferentes habitats.<\/p>\n\n\n\n<div class=\"wp-block-image\"><figure class=\"aligncenter size-large is-resized\"><img loading=\"lazy\" decoding=\"async\" src=\"https:\/\/jornalfatosenoticias.com.br\/wp-content\/uploads\/2023\/12\/pegoretti-logo-pdf-1024x389.jpg\" alt=\"\" class=\"wp-image-47536\" width=\"532\" height=\"202\" srcset=\"https:\/\/jornalfatosenoticias.com.br\/wp-content\/uploads\/2023\/12\/pegoretti-logo-pdf-1024x389.jpg 1024w, https:\/\/jornalfatosenoticias.com.br\/wp-content\/uploads\/2023\/12\/pegoretti-logo-pdf-300x114.jpg 300w, https:\/\/jornalfatosenoticias.com.br\/wp-content\/uploads\/2023\/12\/pegoretti-logo-pdf-768x291.jpg 768w, https:\/\/jornalfatosenoticias.com.br\/wp-content\/uploads\/2023\/12\/pegoretti-logo-pdf.jpg 1120w\" sizes=\"auto, (max-width: 532px) 100vw, 532px\" \/><\/figure><\/div>\n\n\n\n<p>Esses estudos, realizados pelo cientista peruano Javier Barrio, indicaram que essas duas esp\u00e9cies eram diferentes, apesar de durante anos terem sido classificadas como o mesmo animal. Ap\u00f3s diversas an\u00e1lises gen\u00e9ticas e morfol\u00f3gicas, a equipe conseguiu demonstrar que os exemplares de pudus que habitavam a regi\u00e3o sul da depress\u00e3o de Huancabamba s\u00e3o diferentes daqueles do norte.<\/p>\n\n\n\n<div class=\"wp-block-image\"><figure class=\"aligncenter size-large is-resized\"><img loading=\"lazy\" decoding=\"async\" src=\"https:\/\/jornalfatosenoticias.com.br\/wp-content\/uploads\/2023\/08\/ITH.jpeg\" alt=\"\" class=\"wp-image-44638\" width=\"313\" height=\"254\" srcset=\"https:\/\/jornalfatosenoticias.com.br\/wp-content\/uploads\/2023\/08\/ITH.jpeg 800w, https:\/\/jornalfatosenoticias.com.br\/wp-content\/uploads\/2023\/08\/ITH-300x244.jpeg 300w, https:\/\/jornalfatosenoticias.com.br\/wp-content\/uploads\/2023\/08\/ITH-768x624.jpeg 768w\" sizes=\"auto, (max-width: 313px) 100vw, 313px\" \/><\/figure><\/div>\n\n\n\n<p>Eles t\u00eam duas diferen\u00e7as, explica Guillermo D&#8217;El\u00eda, professor da Universidade Austral do Chile, que participou da pesquisa, \u00e0 BBC News Mundo, o servi\u00e7o espanhol da BBC. A primeira \u00e9 a sua composi\u00e7\u00e3o corporal. A <em>Pudella carlae<\/em> \u00e9 maior, seu pelo \u00e9 mais escuro e o formato das orelhas n\u00e3o \u00e9 semelhante. E a segunda diferen\u00e7a \u00e9 gen\u00e9tica. <\/p>\n\n\n\n<div class=\"wp-block-image\"><figure class=\"aligncenter size-large is-resized\"><img loading=\"lazy\" decoding=\"async\" src=\"https:\/\/jornalfatosenoticias.com.br\/wp-content\/uploads\/2024\/01\/consultoria-ambiental.jpg\" alt=\"\" class=\"wp-image-48314\" width=\"316\" height=\"286\" srcset=\"https:\/\/jornalfatosenoticias.com.br\/wp-content\/uploads\/2024\/01\/consultoria-ambiental.jpg 832w, https:\/\/jornalfatosenoticias.com.br\/wp-content\/uploads\/2024\/01\/consultoria-ambiental-300x272.jpg 300w, https:\/\/jornalfatosenoticias.com.br\/wp-content\/uploads\/2024\/01\/consultoria-ambiental-768x696.jpg 768w\" sizes=\"auto, (max-width: 316px) 100vw, 316px\" \/><\/figure><\/div>\n\n\n\n<blockquote class=\"wp-block-quote is-layout-flow wp-block-quote-is-layout-flow\"><p><span class=\"has-inline-color has-luminous-vivid-orange-color\">As linhagens dos dois animais n\u00e3o coincidem para que sejam chamados da mesma esp\u00e9cie&#8221;, diz D&#8217;El\u00eda.<\/span><\/p><\/blockquote>\n\n\n\n<div class=\"wp-block-image\"><figure class=\"aligncenter size-large\"><img loading=\"lazy\" decoding=\"async\" width=\"774\" height=\"581\" src=\"https:\/\/jornalfatosenoticias.com.br\/wp-content\/uploads\/2024\/03\/pudu-do-norte-peru2.jpg\" alt=\"\" class=\"wp-image-49915\" srcset=\"https:\/\/jornalfatosenoticias.com.br\/wp-content\/uploads\/2024\/03\/pudu-do-norte-peru2.jpg 774w, https:\/\/jornalfatosenoticias.com.br\/wp-content\/uploads\/2024\/03\/pudu-do-norte-peru2-300x225.jpg 300w, https:\/\/jornalfatosenoticias.com.br\/wp-content\/uploads\/2024\/03\/pudu-do-norte-peru2-768x576.jpg 768w\" sizes=\"auto, (max-width: 774px) 100vw, 774px\" \/><figcaption><em><span class=\"has-inline-color has-black-color\">O pudu-do-norte, que habita \u00e1reas do Peru, Equador e Col\u00f4mbia, \u00e9 conhecido como o menor cervo do mundo (Foto: Wikicommons\/BBC News Brasil)<\/span><\/em><\/figcaption><\/figure><\/div>\n\n\n\n<p><strong><span class=\"has-inline-color has-vivid-green-cyan-color\">A origem do nome<br><\/span><\/strong>Outra decis\u00e3o foi dar um nome cient\u00edfico de acordo com a descoberta feita. Pudu vem da palavra p\u00fcdu que em Mapudungun, a l\u00edngua mapuche, significa &#8220;o cervo&#8221;. Os Mapuches chamavam assim as esp\u00e9cies que vinham do Chile e da Argentina. Com o passar dos anos, tamb\u00e9m se decidiu chamar assim os encontrados no Peru e no Equador. <\/p>\n\n\n\n<div class=\"wp-block-image\"><figure class=\"aligncenter size-large is-resized\"><img loading=\"lazy\" decoding=\"async\" src=\"https:\/\/jornalfatosenoticias.com.br\/wp-content\/uploads\/2023\/03\/logo-Panper_portal.jpg\" alt=\"\" class=\"wp-image-40208\" width=\"368\" height=\"255\" srcset=\"https:\/\/jornalfatosenoticias.com.br\/wp-content\/uploads\/2023\/03\/logo-Panper_portal.jpg 400w, https:\/\/jornalfatosenoticias.com.br\/wp-content\/uploads\/2023\/03\/logo-Panper_portal-300x208.jpg 300w\" sizes=\"auto, (max-width: 368px) 100vw, 368px\" \/><\/figure><\/div>\n\n\n\n<p>E o nome <em>carlae<\/em> vem de uma das cientistas que trabalhou na pesquisa desses animais, Carla Gazzolo. &#8220;O nome comum que propomos \u00e9 pudu da yunga peruana. As yunga, que podem ser encontradas no Peru, s\u00e3o essas \u00e1reas florestais onde vivem esses animais&#8221;, explica o acad\u00eamico.<\/p>\n\n\n\n<div class=\"wp-block-image\"><figure class=\"aligncenter size-large is-resized\"><img loading=\"lazy\" decoding=\"async\" src=\"https:\/\/jornalfatosenoticias.com.br\/wp-content\/uploads\/2023\/09\/vetorvix1024_1.jpg\" alt=\"\" class=\"wp-image-44868\" width=\"513\" height=\"136\" srcset=\"https:\/\/jornalfatosenoticias.com.br\/wp-content\/uploads\/2023\/09\/vetorvix1024_1.jpg 1024w, https:\/\/jornalfatosenoticias.com.br\/wp-content\/uploads\/2023\/09\/vetorvix1024_1-300x80.jpg 300w, https:\/\/jornalfatosenoticias.com.br\/wp-content\/uploads\/2023\/09\/vetorvix1024_1-768x205.jpg 768w\" sizes=\"auto, (max-width: 513px) 100vw, 513px\" \/><\/figure><\/div>\n\n\n\n<p>Para D&#8217;El\u00eda, a import\u00e2ncia dessa descoberta reside n\u00e3o s\u00f3 em encontrar novas esp\u00e9cies em meio \u00e0s amea\u00e7as ambientais do mundo atual, mas tamb\u00e9m em fornecer mais informa\u00e7\u00f5es sobre as esp\u00e9cies de cervos que habitam o continente americano. <\/p>\n\n\n\n<div class=\"wp-block-image\"><figure class=\"aligncenter size-large is-resized\"><img loading=\"lazy\" decoding=\"async\" src=\"https:\/\/jornalfatosenoticias.com.br\/wp-content\/uploads\/2023\/08\/BKR-1024x1021.jpg\" alt=\"\" class=\"wp-image-44494\" width=\"322\" height=\"321\" srcset=\"https:\/\/jornalfatosenoticias.com.br\/wp-content\/uploads\/2023\/08\/BKR-1024x1021.jpg 1024w, https:\/\/jornalfatosenoticias.com.br\/wp-content\/uploads\/2023\/08\/BKR-300x300.jpg 300w, https:\/\/jornalfatosenoticias.com.br\/wp-content\/uploads\/2023\/08\/BKR-150x150.jpg 150w, https:\/\/jornalfatosenoticias.com.br\/wp-content\/uploads\/2023\/08\/BKR-768x766.jpg 768w, https:\/\/jornalfatosenoticias.com.br\/wp-content\/uploads\/2023\/08\/BKR.jpg 1080w\" sizes=\"auto, (max-width: 322px) 100vw, 322px\" \/><\/figure><\/div>\n\n\n\n<blockquote class=\"wp-block-quote is-layout-flow wp-block-quote-is-layout-flow\"><p><span class=\"has-inline-color has-luminous-vivid-orange-color\">N\u00e3o sabemos muito sobre sua hist\u00f3ria natural. N\u00e3o sabemos como eles se movem, como se alimentam, como acasalam. Por isso \u00e9 importante continuar na \u00e1rea e estud\u00e1-los&#8221;, ressalta.<\/span><\/p><\/blockquote>\n\n\n\n<div class=\"wp-block-image\"><figure class=\"aligncenter size-large is-resized\"><img loading=\"lazy\" decoding=\"async\" src=\"https:\/\/jornalfatosenoticias.com.br\/wp-content\/uploads\/2020\/02\/logo-Rapuzel-1024x571.jpg\" alt=\"\" class=\"wp-image-42808\" width=\"343\" height=\"191\" srcset=\"https:\/\/jornalfatosenoticias.com.br\/wp-content\/uploads\/2020\/02\/logo-Rapuzel-1024x571.jpg 1024w, https:\/\/jornalfatosenoticias.com.br\/wp-content\/uploads\/2020\/02\/logo-Rapuzel-300x167.jpg 300w, https:\/\/jornalfatosenoticias.com.br\/wp-content\/uploads\/2020\/02\/logo-Rapuzel-768x428.jpg 768w, https:\/\/jornalfatosenoticias.com.br\/wp-content\/uploads\/2020\/02\/logo-Rapuzel-1536x856.jpg 1536w, https:\/\/jornalfatosenoticias.com.br\/wp-content\/uploads\/2020\/02\/logo-Rapuzel.jpg 1600w\" sizes=\"auto, (max-width: 343px) 100vw, 343px\" \/><\/figure><\/div>\n\n\n\n<p>Os pesquisadores destacam ainda que esses dados s\u00e3o fundamentais para a conversa\u00e7\u00e3o desses mam\u00edferos.<\/p>\n\n\n\n<p><strong><em>Fonte: <a href=\"https:\/\/www.terra.com.br\/planeta\/noticias\/a-nova-especie-de-mamifero-descoberta-por-cientistas-no-peru,b853cb78c6b6fd390cf3b455f29ee3a9dsharglq.html#\">Terra<\/a><\/em><\/strong><\/p>\n","protected":false},"excerpt":{"rendered":"<p>\u00c9 a primeira descoberta de uma nova esp\u00e9cie de cervo neste s\u00e9culo em todo o mundo Uma nova esp\u00e9cie de cervo foi encontrada no norte do Peru: o Pudella carlae ou pudu-da-selva-peruana. J\u00e1 faz muitos anos que pesquisadores descobriram o pudu, um pequeno cervo de pele escura que habita grandes territ\u00f3rios da Argentina \u00e0 Col\u00f4mbia. [&hellip;]<\/p>\n","protected":false},"author":2,"featured_media":49916,"comment_status":"open","ping_status":"open","sticky":false,"template":"","format":"standard","meta":{"footnotes":""},"categories":[8],"tags":[9997,1666,1229,23059,1001,23060],"class_list":["post-49914","post","type-post","status-publish","format-standard","has-post-thumbnail","hentry","category-meio-ambiente","tag-cervo","tag-descoberta","tag-mamifero","tag-nova-especie-de-mamifero","tag-peru","tag-pudu-da-selva-peruana"],"yoast_head":"<!-- This site is optimized with the Yoast SEO plugin v26.5 - https:\/\/yoast.com\/wordpress\/plugins\/seo\/ -->\n<title>Nova esp\u00e9cie de mam\u00edfero \u00e9 descoberta no Peru - Jornal Fatos e Not\u00edcias<\/title>\n<meta name=\"robots\" content=\"index, follow, max-snippet:-1, max-image-preview:large, max-video-preview:-1\" \/>\n<link rel=\"canonical\" href=\"https:\/\/jornalfatosenoticias.com.br\/index.php\/2024\/03\/14\/nova-especie-de-mamifero-e-descoberta-no-peru\/\" \/>\n<meta property=\"og:locale\" content=\"pt_BR\" \/>\n<meta property=\"og:type\" content=\"article\" \/>\n<meta property=\"og:title\" content=\"Nova esp\u00e9cie de mam\u00edfero \u00e9 descoberta no Peru - Jornal Fatos e Not\u00edcias\" \/>\n<meta property=\"og:description\" content=\"\u00c9 a primeira descoberta de uma nova esp\u00e9cie de cervo neste s\u00e9culo em todo o mundo Uma nova esp\u00e9cie de cervo foi encontrada no norte do Peru: o Pudella carlae ou pudu-da-selva-peruana. J\u00e1 faz muitos anos que pesquisadores descobriram o pudu, um pequeno cervo de pele escura que habita grandes territ\u00f3rios da Argentina \u00e0 Col\u00f4mbia. [&hellip;]\" \/>\n<meta property=\"og:url\" content=\"https:\/\/jornalfatosenoticias.com.br\/index.php\/2024\/03\/14\/nova-especie-de-mamifero-e-descoberta-no-peru\/\" \/>\n<meta property=\"og:site_name\" content=\"Jornal Fatos e Not\u00edcias\" \/>\n<meta property=\"article:published_time\" content=\"2024-03-14T17:14:31+00:00\" \/>\n<meta property=\"article:modified_time\" content=\"2024-03-14T17:14:33+00:00\" \/>\n<meta property=\"og:image\" content=\"https:\/\/jornalfatosenoticias.com.br\/wp-content\/uploads\/2024\/03\/pudu-do-norte-peru.jpg\" \/>\n\t<meta property=\"og:image:width\" content=\"516\" \/>\n\t<meta property=\"og:image:height\" content=\"290\" \/>\n\t<meta property=\"og:image:type\" content=\"image\/jpeg\" \/>\n<meta name=\"author\" content=\"Luzimara Fernandes\" \/>\n<meta name=\"twitter:card\" content=\"summary_large_image\" \/>\n<meta name=\"twitter:label1\" content=\"Escrito por\" \/>\n\t<meta name=\"twitter:data1\" content=\"Luzimara Fernandes\" \/>\n\t<meta name=\"twitter:label2\" content=\"Est. tempo de leitura\" \/>\n\t<meta name=\"twitter:data2\" content=\"3 minutos\" \/>\n<script type=\"application\/ld+json\" class=\"yoast-schema-graph\">{\"@context\":\"https:\/\/schema.org\",\"@graph\":[{\"@type\":\"Article\",\"@id\":\"https:\/\/jornalfatosenoticias.com.br\/index.php\/2024\/03\/14\/nova-especie-de-mamifero-e-descoberta-no-peru\/#article\",\"isPartOf\":{\"@id\":\"https:\/\/jornalfatosenoticias.com.br\/index.php\/2024\/03\/14\/nova-especie-de-mamifero-e-descoberta-no-peru\/\"},\"author\":{\"name\":\"Luzimara Fernandes\",\"@id\":\"https:\/\/jornalfatosenoticias.com.br\/#\/schema\/person\/d63837fa13ac8666eb9e74e0985d6f81\"},\"headline\":\"Nova esp\u00e9cie de mam\u00edfero \u00e9 descoberta no Peru\",\"datePublished\":\"2024-03-14T17:14:31+00:00\",\"dateModified\":\"2024-03-14T17:14:33+00:00\",\"mainEntityOfPage\":{\"@id\":\"https:\/\/jornalfatosenoticias.com.br\/index.php\/2024\/03\/14\/nova-especie-de-mamifero-e-descoberta-no-peru\/\"},\"wordCount\":660,\"commentCount\":0,\"publisher\":{\"@id\":\"https:\/\/jornalfatosenoticias.com.br\/#organization\"},\"image\":{\"@id\":\"https:\/\/jornalfatosenoticias.com.br\/index.php\/2024\/03\/14\/nova-especie-de-mamifero-e-descoberta-no-peru\/#primaryimage\"},\"thumbnailUrl\":\"https:\/\/jornalfatosenoticias.com.br\/wp-content\/uploads\/2024\/03\/pudu-do-norte-peru.jpg\",\"keywords\":[\"cervo\",\"descoberta\",\"mam\u00edfero\",\"nova esp\u00e9cie de mam\u00edfero\",\"Peru\",\"pudu-da-selva-peruana\"],\"articleSection\":[\"Meio ambiente\"],\"inLanguage\":\"pt-BR\",\"potentialAction\":[{\"@type\":\"CommentAction\",\"name\":\"Comment\",\"target\":[\"https:\/\/jornalfatosenoticias.com.br\/index.php\/2024\/03\/14\/nova-especie-de-mamifero-e-descoberta-no-peru\/#respond\"]}]},{\"@type\":\"WebPage\",\"@id\":\"https:\/\/jornalfatosenoticias.com.br\/index.php\/2024\/03\/14\/nova-especie-de-mamifero-e-descoberta-no-peru\/\",\"url\":\"https:\/\/jornalfatosenoticias.com.br\/index.php\/2024\/03\/14\/nova-especie-de-mamifero-e-descoberta-no-peru\/\",\"name\":\"Nova esp\u00e9cie de mam\u00edfero \u00e9 descoberta no Peru - Jornal Fatos e Not\u00edcias\",\"isPartOf\":{\"@id\":\"https:\/\/jornalfatosenoticias.com.br\/#website\"},\"primaryImageOfPage\":{\"@id\":\"https:\/\/jornalfatosenoticias.com.br\/index.php\/2024\/03\/14\/nova-especie-de-mamifero-e-descoberta-no-peru\/#primaryimage\"},\"image\":{\"@id\":\"https:\/\/jornalfatosenoticias.com.br\/index.php\/2024\/03\/14\/nova-especie-de-mamifero-e-descoberta-no-peru\/#primaryimage\"},\"thumbnailUrl\":\"https:\/\/jornalfatosenoticias.com.br\/wp-content\/uploads\/2024\/03\/pudu-do-norte-peru.jpg\",\"datePublished\":\"2024-03-14T17:14:31+00:00\",\"dateModified\":\"2024-03-14T17:14:33+00:00\",\"breadcrumb\":{\"@id\":\"https:\/\/jornalfatosenoticias.com.br\/index.php\/2024\/03\/14\/nova-especie-de-mamifero-e-descoberta-no-peru\/#breadcrumb\"},\"inLanguage\":\"pt-BR\",\"potentialAction\":[{\"@type\":\"ReadAction\",\"target\":[\"https:\/\/jornalfatosenoticias.com.br\/index.php\/2024\/03\/14\/nova-especie-de-mamifero-e-descoberta-no-peru\/\"]}]},{\"@type\":\"ImageObject\",\"inLanguage\":\"pt-BR\",\"@id\":\"https:\/\/jornalfatosenoticias.com.br\/index.php\/2024\/03\/14\/nova-especie-de-mamifero-e-descoberta-no-peru\/#primaryimage\",\"url\":\"https:\/\/jornalfatosenoticias.com.br\/wp-content\/uploads\/2024\/03\/pudu-do-norte-peru.jpg\",\"contentUrl\":\"https:\/\/jornalfatosenoticias.com.br\/wp-content\/uploads\/2024\/03\/pudu-do-norte-peru.jpg\",\"width\":516,\"height\":290},{\"@type\":\"BreadcrumbList\",\"@id\":\"https:\/\/jornalfatosenoticias.com.br\/index.php\/2024\/03\/14\/nova-especie-de-mamifero-e-descoberta-no-peru\/#breadcrumb\",\"itemListElement\":[{\"@type\":\"ListItem\",\"position\":1,\"name\":\"In\u00edcio\",\"item\":\"https:\/\/jornalfatosenoticias.com.br\/\"},{\"@type\":\"ListItem\",\"position\":2,\"name\":\"Nova esp\u00e9cie de mam\u00edfero \u00e9 descoberta no Peru\"}]},{\"@type\":\"WebSite\",\"@id\":\"https:\/\/jornalfatosenoticias.com.br\/#website\",\"url\":\"https:\/\/jornalfatosenoticias.com.br\/\",\"name\":\"Jornal Fatos e Not\u00edcias\",\"description\":\"Not\u00edcias em geral\",\"publisher\":{\"@id\":\"https:\/\/jornalfatosenoticias.com.br\/#organization\"},\"potentialAction\":[{\"@type\":\"SearchAction\",\"target\":{\"@type\":\"EntryPoint\",\"urlTemplate\":\"https:\/\/jornalfatosenoticias.com.br\/?s={search_term_string}\"},\"query-input\":{\"@type\":\"PropertyValueSpecification\",\"valueRequired\":true,\"valueName\":\"search_term_string\"}}],\"inLanguage\":\"pt-BR\"},{\"@type\":\"Organization\",\"@id\":\"https:\/\/jornalfatosenoticias.com.br\/#organization\",\"name\":\"Jornal Fatos e Not\u00edcias\",\"url\":\"https:\/\/jornalfatosenoticias.com.br\/\",\"logo\":{\"@type\":\"ImageObject\",\"inLanguage\":\"pt-BR\",\"@id\":\"https:\/\/jornalfatosenoticias.com.br\/#\/schema\/logo\/image\/\",\"url\":\"https:\/\/jornalfatosenoticias.com.br\/wp-content\/uploads\/2020\/02\/logo120.png\",\"contentUrl\":\"https:\/\/jornalfatosenoticias.com.br\/wp-content\/uploads\/2020\/02\/logo120.png\",\"width\":1227,\"height\":120,\"caption\":\"Jornal Fatos e Not\u00edcias\"},\"image\":{\"@id\":\"https:\/\/jornalfatosenoticias.com.br\/#\/schema\/logo\/image\/\"}},{\"@type\":\"Person\",\"@id\":\"https:\/\/jornalfatosenoticias.com.br\/#\/schema\/person\/d63837fa13ac8666eb9e74e0985d6f81\",\"name\":\"Luzimara Fernandes\",\"image\":{\"@type\":\"ImageObject\",\"inLanguage\":\"pt-BR\",\"@id\":\"https:\/\/jornalfatosenoticias.com.br\/#\/schema\/person\/image\/\",\"url\":\"https:\/\/jornalfatosenoticias.com.br\/wp-content\/uploads\/2025\/05\/EU_portal.jpg\",\"contentUrl\":\"https:\/\/jornalfatosenoticias.com.br\/wp-content\/uploads\/2025\/05\/EU_portal.jpg\",\"caption\":\"Luzimara Fernandes\"},\"description\":\"Jornalista MTB 2358-ES\",\"sameAs\":[\"https:\/\/jornalfatosenoticias.com.br\"],\"url\":\"https:\/\/jornalfatosenoticias.com.br\/index.php\/author\/luzimara\/\"}]}<\/script>\n<!-- \/ Yoast SEO plugin. -->","yoast_head_json":{"title":"Nova esp\u00e9cie de mam\u00edfero \u00e9 descoberta no Peru - Jornal Fatos e Not\u00edcias","robots":{"index":"index","follow":"follow","max-snippet":"max-snippet:-1","max-image-preview":"max-image-preview:large","max-video-preview":"max-video-preview:-1"},"canonical":"https:\/\/jornalfatosenoticias.com.br\/index.php\/2024\/03\/14\/nova-especie-de-mamifero-e-descoberta-no-peru\/","og_locale":"pt_BR","og_type":"article","og_title":"Nova esp\u00e9cie de mam\u00edfero \u00e9 descoberta no Peru - Jornal Fatos e Not\u00edcias","og_description":"\u00c9 a primeira descoberta de uma nova esp\u00e9cie de cervo neste s\u00e9culo em todo o mundo Uma nova esp\u00e9cie de cervo foi encontrada no norte do Peru: o Pudella carlae ou pudu-da-selva-peruana. J\u00e1 faz muitos anos que pesquisadores descobriram o pudu, um pequeno cervo de pele escura que habita grandes territ\u00f3rios da Argentina \u00e0 Col\u00f4mbia. [&hellip;]","og_url":"https:\/\/jornalfatosenoticias.com.br\/index.php\/2024\/03\/14\/nova-especie-de-mamifero-e-descoberta-no-peru\/","og_site_name":"Jornal Fatos e Not\u00edcias","article_published_time":"2024-03-14T17:14:31+00:00","article_modified_time":"2024-03-14T17:14:33+00:00","og_image":[{"width":516,"height":290,"url":"https:\/\/jornalfatosenoticias.com.br\/wp-content\/uploads\/2024\/03\/pudu-do-norte-peru.jpg","type":"image\/jpeg"}],"author":"Luzimara Fernandes","twitter_card":"summary_large_image","twitter_misc":{"Escrito por":"Luzimara Fernandes","Est. tempo de leitura":"3 minutos"},"schema":{"@context":"https:\/\/schema.org","@graph":[{"@type":"Article","@id":"https:\/\/jornalfatosenoticias.com.br\/index.php\/2024\/03\/14\/nova-especie-de-mamifero-e-descoberta-no-peru\/#article","isPartOf":{"@id":"https:\/\/jornalfatosenoticias.com.br\/index.php\/2024\/03\/14\/nova-especie-de-mamifero-e-descoberta-no-peru\/"},"author":{"name":"Luzimara Fernandes","@id":"https:\/\/jornalfatosenoticias.com.br\/#\/schema\/person\/d63837fa13ac8666eb9e74e0985d6f81"},"headline":"Nova esp\u00e9cie de mam\u00edfero \u00e9 descoberta no Peru","datePublished":"2024-03-14T17:14:31+00:00","dateModified":"2024-03-14T17:14:33+00:00","mainEntityOfPage":{"@id":"https:\/\/jornalfatosenoticias.com.br\/index.php\/2024\/03\/14\/nova-especie-de-mamifero-e-descoberta-no-peru\/"},"wordCount":660,"commentCount":0,"publisher":{"@id":"https:\/\/jornalfatosenoticias.com.br\/#organization"},"image":{"@id":"https:\/\/jornalfatosenoticias.com.br\/index.php\/2024\/03\/14\/nova-especie-de-mamifero-e-descoberta-no-peru\/#primaryimage"},"thumbnailUrl":"https:\/\/jornalfatosenoticias.com.br\/wp-content\/uploads\/2024\/03\/pudu-do-norte-peru.jpg","keywords":["cervo","descoberta","mam\u00edfero","nova esp\u00e9cie de mam\u00edfero","Peru","pudu-da-selva-peruana"],"articleSection":["Meio ambiente"],"inLanguage":"pt-BR","potentialAction":[{"@type":"CommentAction","name":"Comment","target":["https:\/\/jornalfatosenoticias.com.br\/index.php\/2024\/03\/14\/nova-especie-de-mamifero-e-descoberta-no-peru\/#respond"]}]},{"@type":"WebPage","@id":"https:\/\/jornalfatosenoticias.com.br\/index.php\/2024\/03\/14\/nova-especie-de-mamifero-e-descoberta-no-peru\/","url":"https:\/\/jornalfatosenoticias.com.br\/index.php\/2024\/03\/14\/nova-especie-de-mamifero-e-descoberta-no-peru\/","name":"Nova esp\u00e9cie de mam\u00edfero \u00e9 descoberta no Peru - Jornal Fatos e Not\u00edcias","isPartOf":{"@id":"https:\/\/jornalfatosenoticias.com.br\/#website"},"primaryImageOfPage":{"@id":"https:\/\/jornalfatosenoticias.com.br\/index.php\/2024\/03\/14\/nova-especie-de-mamifero-e-descoberta-no-peru\/#primaryimage"},"image":{"@id":"https:\/\/jornalfatosenoticias.com.br\/index.php\/2024\/03\/14\/nova-especie-de-mamifero-e-descoberta-no-peru\/#primaryimage"},"thumbnailUrl":"https:\/\/jornalfatosenoticias.com.br\/wp-content\/uploads\/2024\/03\/pudu-do-norte-peru.jpg","datePublished":"2024-03-14T17:14:31+00:00","dateModified":"2024-03-14T17:14:33+00:00","breadcrumb":{"@id":"https:\/\/jornalfatosenoticias.com.br\/index.php\/2024\/03\/14\/nova-especie-de-mamifero-e-descoberta-no-peru\/#breadcrumb"},"inLanguage":"pt-BR","potentialAction":[{"@type":"ReadAction","target":["https:\/\/jornalfatosenoticias.com.br\/index.php\/2024\/03\/14\/nova-especie-de-mamifero-e-descoberta-no-peru\/"]}]},{"@type":"ImageObject","inLanguage":"pt-BR","@id":"https:\/\/jornalfatosenoticias.com.br\/index.php\/2024\/03\/14\/nova-especie-de-mamifero-e-descoberta-no-peru\/#primaryimage","url":"https:\/\/jornalfatosenoticias.com.br\/wp-content\/uploads\/2024\/03\/pudu-do-norte-peru.jpg","contentUrl":"https:\/\/jornalfatosenoticias.com.br\/wp-content\/uploads\/2024\/03\/pudu-do-norte-peru.jpg","width":516,"height":290},{"@type":"BreadcrumbList","@id":"https:\/\/jornalfatosenoticias.com.br\/index.php\/2024\/03\/14\/nova-especie-de-mamifero-e-descoberta-no-peru\/#breadcrumb","itemListElement":[{"@type":"ListItem","position":1,"name":"In\u00edcio","item":"https:\/\/jornalfatosenoticias.com.br\/"},{"@type":"ListItem","position":2,"name":"Nova esp\u00e9cie de mam\u00edfero \u00e9 descoberta no Peru"}]},{"@type":"WebSite","@id":"https:\/\/jornalfatosenoticias.com.br\/#website","url":"https:\/\/jornalfatosenoticias.com.br\/","name":"Jornal Fatos e Not\u00edcias","description":"Not\u00edcias em geral","publisher":{"@id":"https:\/\/jornalfatosenoticias.com.br\/#organization"},"potentialAction":[{"@type":"SearchAction","target":{"@type":"EntryPoint","urlTemplate":"https:\/\/jornalfatosenoticias.com.br\/?s={search_term_string}"},"query-input":{"@type":"PropertyValueSpecification","valueRequired":true,"valueName":"search_term_string"}}],"inLanguage":"pt-BR"},{"@type":"Organization","@id":"https:\/\/jornalfatosenoticias.com.br\/#organization","name":"Jornal Fatos e Not\u00edcias","url":"https:\/\/jornalfatosenoticias.com.br\/","logo":{"@type":"ImageObject","inLanguage":"pt-BR","@id":"https:\/\/jornalfatosenoticias.com.br\/#\/schema\/logo\/image\/","url":"https:\/\/jornalfatosenoticias.com.br\/wp-content\/uploads\/2020\/02\/logo120.png","contentUrl":"https:\/\/jornalfatosenoticias.com.br\/wp-content\/uploads\/2020\/02\/logo120.png","width":1227,"height":120,"caption":"Jornal Fatos e Not\u00edcias"},"image":{"@id":"https:\/\/jornalfatosenoticias.com.br\/#\/schema\/logo\/image\/"}},{"@type":"Person","@id":"https:\/\/jornalfatosenoticias.com.br\/#\/schema\/person\/d63837fa13ac8666eb9e74e0985d6f81","name":"Luzimara Fernandes","image":{"@type":"ImageObject","inLanguage":"pt-BR","@id":"https:\/\/jornalfatosenoticias.com.br\/#\/schema\/person\/image\/","url":"https:\/\/jornalfatosenoticias.com.br\/wp-content\/uploads\/2025\/05\/EU_portal.jpg","contentUrl":"https:\/\/jornalfatosenoticias.com.br\/wp-content\/uploads\/2025\/05\/EU_portal.jpg","caption":"Luzimara Fernandes"},"description":"Jornalista MTB 2358-ES","sameAs":["https:\/\/jornalfatosenoticias.com.br"],"url":"https:\/\/jornalfatosenoticias.com.br\/index.php\/author\/luzimara\/"}]}},"cc_featured_image_caption":{"caption_text":"(Foto: Sernanp\/BBC News Brasil)","source_text":"","source_url":""},"jetpack_featured_media_url":"https:\/\/jornalfatosenoticias.com.br\/wp-content\/uploads\/2024\/03\/pudu-do-norte-peru.jpg","_links":{"self":[{"href":"https:\/\/jornalfatosenoticias.com.br\/index.php\/wp-json\/wp\/v2\/posts\/49914","targetHints":{"allow":["GET"]}}],"collection":[{"href":"https:\/\/jornalfatosenoticias.com.br\/index.php\/wp-json\/wp\/v2\/posts"}],"about":[{"href":"https:\/\/jornalfatosenoticias.com.br\/index.php\/wp-json\/wp\/v2\/types\/post"}],"author":[{"embeddable":true,"href":"https:\/\/jornalfatosenoticias.com.br\/index.php\/wp-json\/wp\/v2\/users\/2"}],"replies":[{"embeddable":true,"href":"https:\/\/jornalfatosenoticias.com.br\/index.php\/wp-json\/wp\/v2\/comments?post=49914"}],"version-history":[{"count":0,"href":"https:\/\/jornalfatosenoticias.com.br\/index.php\/wp-json\/wp\/v2\/posts\/49914\/revisions"}],"wp:featuredmedia":[{"embeddable":true,"href":"https:\/\/jornalfatosenoticias.com.br\/index.php\/wp-json\/wp\/v2\/media\/49916"}],"wp:attachment":[{"href":"https:\/\/jornalfatosenoticias.com.br\/index.php\/wp-json\/wp\/v2\/media?parent=49914"}],"wp:term":[{"taxonomy":"category","embeddable":true,"href":"https:\/\/jornalfatosenoticias.com.br\/index.php\/wp-json\/wp\/v2\/categories?post=49914"},{"taxonomy":"post_tag","embeddable":true,"href":"https:\/\/jornalfatosenoticias.com.br\/index.php\/wp-json\/wp\/v2\/tags?post=49914"}],"curies":[{"name":"wp","href":"https:\/\/api.w.org\/{rel}","templated":true}]}}