{"id":49957,"date":"2024-03-18T10:22:50","date_gmt":"2024-03-18T13:22:50","guid":{"rendered":"https:\/\/jornalfatosenoticias.com.br\/?p=49957"},"modified":"2024-03-18T10:22:51","modified_gmt":"2024-03-18T13:22:51","slug":"a-pessoa-certa-para-o-desafio-que-voce-quer-superar","status":"publish","type":"post","link":"https:\/\/jornalfatosenoticias.com.br\/index.php\/2024\/03\/18\/a-pessoa-certa-para-o-desafio-que-voce-quer-superar\/","title":{"rendered":"A pessoa certa para o desafio que voc\u00ea quer superar"},"content":{"rendered":"\n<p><span class=\"has-inline-color has-black-color\">Por\u00a0<strong><a href=\"https:\/\/jornalfatosenoticias.com.br\/index.php\/2023\/04\/20\/executivos-analogicos-perdem-espaco-no-mercado\/\">J\u00faliana Pr\u00e1do<\/a><\/strong><\/span><\/p>\n\n\n\n<div class=\"wp-block-image is-style-rounded\"><figure class=\"alignleft size-large is-resized\"><img decoding=\"async\" src=\"https:\/\/jornalfatosenoticias.com.br\/wp-content\/uploads\/2023\/04\/Juliana_Prado_JORNAL-removebg-preview.png\" alt=\"\" class=\"wp-image-40385\" width=\"-200\" height=\"-256\"\/><\/figure><\/div>\n\n\n\n<p>\u00c9 sempre desafiador compreender at\u00e9 que ponto algu\u00e9m est\u00e1 disposto a enfrentar situa\u00e7\u00f5es adversas em busca de uma vida melhor. Esses dias eu pensava sobre o motivo das pessoas aceitarem ou n\u00e3o determinada oferta de trabalho e a rela\u00e7\u00e3o da oferta com a forma como \u00e9 lan\u00e7ada ao candidato. Cada indiv\u00edduo interpreta oportunidades e desafios de acordo com sua perspectiva, usando seu sistema de cren\u00e7as gerado por suas experi\u00eancias de vida.<br>Essa interpreta\u00e7\u00e3o pode ser mais pessimista mediante a oferta apresentada ou mais otimista, dependendo de como a pessoa recebe a informa\u00e7\u00e3o. Parece l\u00f3gico isso e at\u00e9 simples, no entanto, j\u00e1 parou para pensar que 100% do tempo estamos influenciando pessoas e que podemos estar contando uma situa\u00e7\u00e3o com o ponto de vista de uma pessoa que n\u00e3o est\u00e1 em n\u00edvel de cren\u00e7as, necessidades e urg\u00eancias de quem ir\u00e1 aceitar a oferta?<\/p>\n\n\n\n<div class=\"wp-block-image\"><figure class=\"aligncenter size-large is-resized\"><img loading=\"lazy\" decoding=\"async\" src=\"https:\/\/jornalfatosenoticias.com.br\/wp-content\/uploads\/2022\/02\/Precisao-Contabilidade-1024x724.jpg\" alt=\"\" class=\"wp-image-28088\" width=\"379\" height=\"268\"\/><\/figure><\/div>\n\n\n\n<p>Quero dizer que a habilidade do empres\u00e1rio de expressar-se de forma inspiradora os planos e os desafios que ele est\u00e1 disposto a viver e que precisa de apoio para tal, pode, por vezes, influenciar candidatos que, por desprepara, podem aceitar ofertas nas quais n\u00e3o s\u00e3o capazes de julgar o impacto em suas pr\u00f3prias vidas, comprometendo-se com projetos que n\u00e3o podem cumprir e no final, o impactado acaba por sem o empres\u00e1rio.<\/p>\n\n\n\n<div class=\"wp-block-image\"><figure class=\"aligncenter size-large is-resized\"><img loading=\"lazy\" decoding=\"async\" src=\"https:\/\/jornalfatosenoticias.com.br\/wp-content\/uploads\/2023\/08\/BKR-1024x1021.jpg\" alt=\"\" class=\"wp-image-44494\" width=\"305\" height=\"304\" srcset=\"https:\/\/jornalfatosenoticias.com.br\/wp-content\/uploads\/2023\/08\/BKR-1024x1021.jpg 1024w, https:\/\/jornalfatosenoticias.com.br\/wp-content\/uploads\/2023\/08\/BKR-300x300.jpg 300w, https:\/\/jornalfatosenoticias.com.br\/wp-content\/uploads\/2023\/08\/BKR-150x150.jpg 150w, https:\/\/jornalfatosenoticias.com.br\/wp-content\/uploads\/2023\/08\/BKR-768x766.jpg 768w, https:\/\/jornalfatosenoticias.com.br\/wp-content\/uploads\/2023\/08\/BKR.jpg 1080w\" sizes=\"auto, (max-width: 305px) 100vw, 305px\" \/><\/figure><\/div>\n\n\n\n<p>Voc\u00ea leitor pergunta ent\u00e3o, ser\u00e1 que n\u00e3o encontraria tamb\u00e9m aquele que conecta e vai? Sim, \u00e9 poss\u00edvel sim. E quando isso acontece \u00e9 maravilhoso, pois estamos sempre buscando pessoas em quem confiar para investirmos nelas e podermos crescer. Agora, pare e pense. Voc\u00ea realmente confiaria um projeto audacioso de vida a uma pessoa que voc\u00ea n\u00e3o sabe se est\u00e1 na mesma velocidade de vida que voc\u00ea? N\u00e3o.<\/p>\n\n\n\n<div class=\"wp-block-image\"><figure class=\"aligncenter size-large is-resized\"><img loading=\"lazy\" decoding=\"async\" src=\"https:\/\/jornalfatosenoticias.com.br\/wp-content\/uploads\/2020\/02\/nova-logo-Marquetti.jpg\" alt=\"\" class=\"wp-image-22331\" width=\"331\" height=\"222\" srcset=\"https:\/\/jornalfatosenoticias.com.br\/wp-content\/uploads\/2020\/02\/nova-logo-Marquetti.jpg 643w, https:\/\/jornalfatosenoticias.com.br\/wp-content\/uploads\/2020\/02\/nova-logo-Marquetti-300x202.jpg 300w\" sizes=\"auto, (max-width: 331px) 100vw, 331px\" \/><\/figure><\/div>\n\n\n\n<p>Ent\u00e3o porque continuamos contratando vendedores sem uma boa an\u00e1lise de perfil, sele\u00e7\u00e3o e treinamento para in\u00edcio de trabalho? Porque ofertamos remunera\u00e7\u00e3o t\u00e3o baixa ao inv\u00e9s de darmos condi\u00e7\u00f5es da pessoa se desenvolver e mostrar resultados? Deixamos para o dia a dia nos estressar e provar que estamos contratando mal e nos fazendo acreditar de que n\u00e3o h\u00e1 m\u00e3o de obra qualificada.<\/p>\n\n\n\n<div class=\"wp-block-image\"><figure class=\"aligncenter size-large\"><img decoding=\"async\" src=\"https:\/\/jornalfatosenoticias.com.br\/wp-content\/uploads\/2020\/02\/barao-das-carnes-300x164-1.jpg\" alt=\"\" class=\"wp-image-34339\"\/><\/figure><\/div>\n\n\n\n<p>Pense nessa frase: Objetivo n\u00e3o se altera. O que altera \u00e9 a atitude. A nossa. Quando mudamos os par\u00e2metros, a dire\u00e7\u00e3o e as regras, mudamos o resultado. E qual \u00e9 a nossa responsabilidade enquanto empres\u00e1rios?<\/p>\n\n\n\n<div class=\"wp-block-image\"><figure class=\"aligncenter size-large is-resized\"><img loading=\"lazy\" decoding=\"async\" src=\"https:\/\/jornalfatosenoticias.com.br\/wp-content\/uploads\/2023\/09\/vetorvix1024_1.jpg\" alt=\"\" class=\"wp-image-44868\" width=\"550\" height=\"146\" srcset=\"https:\/\/jornalfatosenoticias.com.br\/wp-content\/uploads\/2023\/09\/vetorvix1024_1.jpg 1024w, https:\/\/jornalfatosenoticias.com.br\/wp-content\/uploads\/2023\/09\/vetorvix1024_1-300x80.jpg 300w, https:\/\/jornalfatosenoticias.com.br\/wp-content\/uploads\/2023\/09\/vetorvix1024_1-768x205.jpg 768w\" sizes=\"auto, (max-width: 550px) 100vw, 550px\" \/><\/figure><\/div>\n\n\n\n<p><strong><span class=\"has-inline-color has-black-color\">Somos transformadores da realidade<br><\/span><\/strong>Empres\u00e1rios vision\u00e1rios como Elon Musk transformaram a realidade ao liderar iniciativas que visam revolucionar setores inteiros, como a explora\u00e7\u00e3o espacial com a SpaceX. Ao oferecer uma vis\u00e3o de futuro, esses l\u00edderes inspiram outros a embarcar em jornadas desafiadoras.<\/p>\n\n\n\n<div class=\"wp-block-image\"><figure class=\"aligncenter size-large is-resized\"><img loading=\"lazy\" decoding=\"async\" src=\"https:\/\/jornalfatosenoticias.com.br\/wp-content\/uploads\/2023\/03\/logo-Panper_portal.jpg\" alt=\"\" class=\"wp-image-40208\" width=\"365\" height=\"253\" srcset=\"https:\/\/jornalfatosenoticias.com.br\/wp-content\/uploads\/2023\/03\/logo-Panper_portal.jpg 400w, https:\/\/jornalfatosenoticias.com.br\/wp-content\/uploads\/2023\/03\/logo-Panper_portal-300x208.jpg 300w\" sizes=\"auto, (max-width: 365px) 100vw, 365px\" \/><\/figure><\/div>\n\n\n\n<p><strong><span class=\"has-inline-color has-black-color\">Somos vendedores de sonhos<br><\/span><\/strong>Steve Jobs, cofundador da Apple, foi mestre em vender um sonho. Ao apresentar produtos inovadores e focar na experi\u00eancia do usu\u00e1rio, Jobs conquistou seguidores dedicados, evidenciando como a narrativa de um sonho compartilhado pode impulsionar equipes na dire\u00e7\u00e3o de objetivos comuns.<\/p>\n\n\n\n<div class=\"wp-block-image\"><figure class=\"aligncenter size-large is-resized\"><img loading=\"lazy\" decoding=\"async\" src=\"https:\/\/jornalfatosenoticias.com.br\/wp-content\/uploads\/2020\/02\/logo-Rapuzel-1024x571.jpg\" alt=\"\" class=\"wp-image-42808\" width=\"384\" height=\"214\" srcset=\"https:\/\/jornalfatosenoticias.com.br\/wp-content\/uploads\/2020\/02\/logo-Rapuzel-1024x571.jpg 1024w, https:\/\/jornalfatosenoticias.com.br\/wp-content\/uploads\/2020\/02\/logo-Rapuzel-300x167.jpg 300w, https:\/\/jornalfatosenoticias.com.br\/wp-content\/uploads\/2020\/02\/logo-Rapuzel-768x428.jpg 768w, https:\/\/jornalfatosenoticias.com.br\/wp-content\/uploads\/2020\/02\/logo-Rapuzel-1536x856.jpg 1536w, https:\/\/jornalfatosenoticias.com.br\/wp-content\/uploads\/2020\/02\/logo-Rapuzel.jpg 1600w\" sizes=\"auto, (max-width: 384px) 100vw, 384px\" \/><\/figure><\/div>\n\n\n\n<p><strong><span class=\"has-inline-color has-black-color\">Somos tomadores de decis\u00f5es dif\u00edceis<br><\/span><\/strong>Em momentos cruciais, l\u00edderes como Nelson Mandela enfrentaram decis\u00f5es dif\u00edceis para promover a justi\u00e7a e a igualdade. Ao liderar a luta contra o apartheid, Mandela mostrou que, por vezes, as decis\u00f5es mais dif\u00edceis s\u00e3o necess\u00e1rias para construir um futuro mais justo.<\/p>\n\n\n\n<div class=\"wp-block-image\"><figure class=\"aligncenter size-large is-resized\"><img loading=\"lazy\" decoding=\"async\" src=\"https:\/\/jornalfatosenoticias.com.br\/wp-content\/uploads\/2024\/01\/consultoria-ambiental.jpg\" alt=\"\" class=\"wp-image-48314\" width=\"361\" height=\"326\" srcset=\"https:\/\/jornalfatosenoticias.com.br\/wp-content\/uploads\/2024\/01\/consultoria-ambiental.jpg 832w, https:\/\/jornalfatosenoticias.com.br\/wp-content\/uploads\/2024\/01\/consultoria-ambiental-300x272.jpg 300w, https:\/\/jornalfatosenoticias.com.br\/wp-content\/uploads\/2024\/01\/consultoria-ambiental-768x696.jpg 768w\" sizes=\"auto, (max-width: 361px) 100vw, 361px\" \/><\/figure><\/div>\n\n\n\n<p>Algumas pessoas se conectar\u00e3o conosco e nos permitir\u00e3o gui\u00e1-las, mesmo que o projeto n\u00e3o represente uma trajet\u00f3ria ideal para elas. Outras ter\u00e3o clareza do caminho e escolher\u00e3o caminhar juntas, enquanto algumas simplesmente n\u00e3o se identificar\u00e3o.<\/p>\n\n\n\n<div class=\"wp-block-image\"><figure class=\"aligncenter size-large is-resized\"><img loading=\"lazy\" decoding=\"async\" src=\"https:\/\/jornalfatosenoticias.com.br\/wp-content\/uploads\/2023\/12\/pegoretti-logo-pdf-1024x389.jpg\" alt=\"\" class=\"wp-image-47536\" width=\"501\" height=\"190\" srcset=\"https:\/\/jornalfatosenoticias.com.br\/wp-content\/uploads\/2023\/12\/pegoretti-logo-pdf-1024x389.jpg 1024w, https:\/\/jornalfatosenoticias.com.br\/wp-content\/uploads\/2023\/12\/pegoretti-logo-pdf-300x114.jpg 300w, https:\/\/jornalfatosenoticias.com.br\/wp-content\/uploads\/2023\/12\/pegoretti-logo-pdf-768x291.jpg 768w, https:\/\/jornalfatosenoticias.com.br\/wp-content\/uploads\/2023\/12\/pegoretti-logo-pdf.jpg 1120w\" sizes=\"auto, (max-width: 501px) 100vw, 501px\" \/><\/figure><\/div>\n\n\n\n<p>Para aqueles que decidem seguir conosco, surge uma profunda reflex\u00e3o. Movemos indiv\u00edduos de suas vidas para integrarem um sonho que estamos construindo e detendo a palavra final nas decis\u00f5es. Assumimos, assim, a responsabilidade por aqueles que escolhem trilhar conosco. At\u00e9 que ponto estamos cumprindo essa responsabilidade?<\/p>\n\n\n\n<div class=\"wp-block-image\"><figure class=\"aligncenter size-large\"><img loading=\"lazy\" decoding=\"async\" width=\"300\" height=\"250\" src=\"https:\/\/jornalfatosenoticias.com.br\/wp-content\/uploads\/2022\/02\/FERRARI_MAQUINAS-E-FERRAMENTAS2.jpg\" alt=\"\" class=\"wp-image-27860\"\/><\/figure><\/div>\n\n\n\n<p>Empresas como a Patagonia demonstram responsabilidade social ao adotar pr\u00e1ticas sustent\u00e1veis, envolvendo sua equipe em uma miss\u00e3o maior de preservar o meio ambiente. Esse compromisso reflete n\u00e3o apenas em produtos de qualidade, mas tamb\u00e9m na forma\u00e7\u00e3o de uma comunidade engajada. Se voc\u00ea se encontra nesse momento, \u00e9 crucial estar ciente de que pode tornar esse caminho mais inspirador e promissor, transformando-se em um l\u00edder exemplar para sua equipe. Seguem algumas dicas:<\/p>\n\n\n\n<div class=\"wp-block-image\"><figure class=\"aligncenter size-large is-resized\"><img loading=\"lazy\" decoding=\"async\" src=\"https:\/\/jornalfatosenoticias.com.br\/wp-content\/uploads\/2020\/02\/CONTROL-CS.jpg\" alt=\"\" class=\"wp-image-44991\" width=\"273\" height=\"327\" srcset=\"https:\/\/jornalfatosenoticias.com.br\/wp-content\/uploads\/2020\/02\/CONTROL-CS.jpg 834w, https:\/\/jornalfatosenoticias.com.br\/wp-content\/uploads\/2020\/02\/CONTROL-CS-250x300.jpg 250w, https:\/\/jornalfatosenoticias.com.br\/wp-content\/uploads\/2020\/02\/CONTROL-CS-768x921.jpg 768w\" sizes=\"auto, (max-width: 273px) 100vw, 273px\" \/><\/figure><\/div>\n\n\n\n<p><strong><span class=\"has-inline-color has-black-color\">Inspire pelo exemplo<br><\/span><\/strong>Richard Branson, fundador do Grupo Virgin, inspira sua equipe ao liderar atrav\u00e9s do exemplo. Ao desafiar limites e mostrar coragem em empreendimentos ousados, Branson cria uma cultura onde a inova\u00e7\u00e3o e a ousadia s\u00e3o valorizadas.<\/p>\n\n\n\n<div class=\"wp-block-image\"><figure class=\"aligncenter size-large is-resized\"><img loading=\"lazy\" decoding=\"async\" src=\"https:\/\/jornalfatosenoticias.com.br\/wp-content\/uploads\/2023\/08\/ITH.jpeg\" alt=\"\" class=\"wp-image-44638\" width=\"344\" height=\"279\" srcset=\"https:\/\/jornalfatosenoticias.com.br\/wp-content\/uploads\/2023\/08\/ITH.jpeg 800w, https:\/\/jornalfatosenoticias.com.br\/wp-content\/uploads\/2023\/08\/ITH-300x244.jpeg 300w, https:\/\/jornalfatosenoticias.com.br\/wp-content\/uploads\/2023\/08\/ITH-768x624.jpeg 768w\" sizes=\"auto, (max-width: 344px) 100vw, 344px\" \/><\/figure><\/div>\n\n\n\n<p><strong><span class=\"has-inline-color has-black-color\">Comunique uma vis\u00e3o clara<br><\/span><\/strong>Jeff Bezos, fundador da Amazon, \u00e9 conhecido por comunicar de forma clara e apaixonada a vis\u00e3o da empresa. Ao manter todos alinhados com metas e objetivos, ele construiu uma equipe coesa que trabalha rumo a um prop\u00f3sito comum.<\/p>\n\n\n\n<div class=\"wp-block-image\"><figure class=\"aligncenter size-large\"><img decoding=\"async\" src=\"https:\/\/jornalfatosenoticias.com.br\/wp-content\/uploads\/2020\/02\/logo_esteio.jpg\" alt=\"\" class=\"wp-image-1214\"\/><\/figure><\/div>\n\n\n\n<p><strong><span class=\"has-inline-color has-black-color\">Promova um ambiente de confian\u00e7a<br><\/span><\/strong>Empresas como a Google incentivam um ambiente de confian\u00e7a, onde os funcion\u00e1rios se sentem livres para expressar ideias e assumir riscos. Esse tipo de cultura promove a inova\u00e7\u00e3o e fortalece o compromisso da equipe com os objetivos da empresa. Trabalhe sua lideran\u00e7a para que voc\u00ea atraia as melhores pessoas e saiba lidera-las durante a jornada, pois ser\u00e1 para a vida toda.<\/p>\n\n\n\n<div class=\"wp-block-image\"><figure class=\"aligncenter size-large\"><img loading=\"lazy\" decoding=\"async\" width=\"300\" height=\"250\" src=\"https:\/\/jornalfatosenoticias.com.br\/wp-content\/uploads\/2020\/02\/Banner-2.png\" alt=\"\" class=\"wp-image-43787\"\/><\/figure><\/div>\n\n\n\n<p><em><span class=\"has-inline-color has-black-color\"><strong>J\u00faliana Pr\u00e1do<br><\/strong>Engenheira de Produ\u00e7\u00e3o, empres\u00e1ria e estudiosa da Filosofia de Napoleon Hill<\/span><\/em><\/p>\n","protected":false},"excerpt":{"rendered":"<p>Por\u00a0J\u00faliana Pr\u00e1do \u00c9 sempre desafiador compreender at\u00e9 que ponto algu\u00e9m est\u00e1 disposto a enfrentar situa\u00e7\u00f5es adversas em busca de uma vida melhor. Esses dias eu pensava sobre o motivo das pessoas aceitarem ou n\u00e3o determinada oferta de trabalho e a rela\u00e7\u00e3o da oferta com a forma como \u00e9 lan\u00e7ada ao candidato. Cada indiv\u00edduo interpreta oportunidades [&hellip;]<\/p>\n","protected":false},"author":2,"featured_media":49958,"comment_status":"open","ping_status":"open","sticky":false,"template":"","format":"standard","meta":{"footnotes":""},"categories":[9],"tags":[388,6765,23079],"class_list":["post-49957","post","type-post","status-publish","format-standard","has-post-thumbnail","hentry","category-economia","tag-mercado-de-trabalho","tag-processo-seletivo","tag-selecao-de-emprego"],"yoast_head":"<!-- This site is optimized with the Yoast SEO plugin v26.5 - https:\/\/yoast.com\/wordpress\/plugins\/seo\/ -->\n<title>A pessoa certa para o desafio que voc\u00ea quer superar - Jornal Fatos e Not\u00edcias<\/title>\n<meta name=\"robots\" content=\"index, follow, max-snippet:-1, max-image-preview:large, max-video-preview:-1\" \/>\n<link rel=\"canonical\" href=\"https:\/\/jornalfatosenoticias.com.br\/index.php\/2024\/03\/18\/a-pessoa-certa-para-o-desafio-que-voce-quer-superar\/\" \/>\n<meta property=\"og:locale\" content=\"pt_BR\" \/>\n<meta property=\"og:type\" content=\"article\" \/>\n<meta property=\"og:title\" content=\"A pessoa certa para o desafio que voc\u00ea quer superar - Jornal Fatos e Not\u00edcias\" \/>\n<meta property=\"og:description\" content=\"Por\u00a0J\u00faliana Pr\u00e1do \u00c9 sempre desafiador compreender at\u00e9 que ponto algu\u00e9m est\u00e1 disposto a enfrentar situa\u00e7\u00f5es adversas em busca de uma vida melhor. Esses dias eu pensava sobre o motivo das pessoas aceitarem ou n\u00e3o determinada oferta de trabalho e a rela\u00e7\u00e3o da oferta com a forma como \u00e9 lan\u00e7ada ao candidato. Cada indiv\u00edduo interpreta oportunidades [&hellip;]\" \/>\n<meta property=\"og:url\" content=\"https:\/\/jornalfatosenoticias.com.br\/index.php\/2024\/03\/18\/a-pessoa-certa-para-o-desafio-que-voce-quer-superar\/\" \/>\n<meta property=\"og:site_name\" content=\"Jornal Fatos e Not\u00edcias\" \/>\n<meta property=\"article:published_time\" content=\"2024-03-18T13:22:50+00:00\" \/>\n<meta property=\"article:modified_time\" content=\"2024-03-18T13:22:51+00:00\" \/>\n<meta property=\"og:image\" content=\"https:\/\/jornalfatosenoticias.com.br\/wp-content\/uploads\/2024\/03\/selecao_gettyimages.jpg\" \/>\n\t<meta property=\"og:image:width\" content=\"612\" \/>\n\t<meta property=\"og:image:height\" content=\"419\" \/>\n\t<meta property=\"og:image:type\" content=\"image\/jpeg\" \/>\n<meta name=\"author\" content=\"Luzimara Fernandes\" \/>\n<meta name=\"twitter:card\" content=\"summary_large_image\" \/>\n<meta name=\"twitter:label1\" content=\"Escrito por\" \/>\n\t<meta name=\"twitter:data1\" content=\"Luzimara Fernandes\" \/>\n\t<meta name=\"twitter:label2\" content=\"Est. tempo de leitura\" \/>\n\t<meta name=\"twitter:data2\" content=\"5 minutos\" \/>\n<script type=\"application\/ld+json\" class=\"yoast-schema-graph\">{\"@context\":\"https:\/\/schema.org\",\"@graph\":[{\"@type\":\"Article\",\"@id\":\"https:\/\/jornalfatosenoticias.com.br\/index.php\/2024\/03\/18\/a-pessoa-certa-para-o-desafio-que-voce-quer-superar\/#article\",\"isPartOf\":{\"@id\":\"https:\/\/jornalfatosenoticias.com.br\/index.php\/2024\/03\/18\/a-pessoa-certa-para-o-desafio-que-voce-quer-superar\/\"},\"author\":{\"name\":\"Luzimara Fernandes\",\"@id\":\"https:\/\/jornalfatosenoticias.com.br\/#\/schema\/person\/d63837fa13ac8666eb9e74e0985d6f81\"},\"headline\":\"A pessoa certa para o desafio que voc\u00ea quer superar\",\"datePublished\":\"2024-03-18T13:22:50+00:00\",\"dateModified\":\"2024-03-18T13:22:51+00:00\",\"mainEntityOfPage\":{\"@id\":\"https:\/\/jornalfatosenoticias.com.br\/index.php\/2024\/03\/18\/a-pessoa-certa-para-o-desafio-que-voce-quer-superar\/\"},\"wordCount\":920,\"commentCount\":0,\"publisher\":{\"@id\":\"https:\/\/jornalfatosenoticias.com.br\/#organization\"},\"image\":{\"@id\":\"https:\/\/jornalfatosenoticias.com.br\/index.php\/2024\/03\/18\/a-pessoa-certa-para-o-desafio-que-voce-quer-superar\/#primaryimage\"},\"thumbnailUrl\":\"https:\/\/jornalfatosenoticias.com.br\/wp-content\/uploads\/2024\/03\/selecao_gettyimages.jpg\",\"keywords\":[\"mercado de trabalho\",\"processo seletivo\",\"sele\u00e7\u00e3o de emprego\"],\"articleSection\":[\"Economia\"],\"inLanguage\":\"pt-BR\",\"potentialAction\":[{\"@type\":\"CommentAction\",\"name\":\"Comment\",\"target\":[\"https:\/\/jornalfatosenoticias.com.br\/index.php\/2024\/03\/18\/a-pessoa-certa-para-o-desafio-que-voce-quer-superar\/#respond\"]}]},{\"@type\":\"WebPage\",\"@id\":\"https:\/\/jornalfatosenoticias.com.br\/index.php\/2024\/03\/18\/a-pessoa-certa-para-o-desafio-que-voce-quer-superar\/\",\"url\":\"https:\/\/jornalfatosenoticias.com.br\/index.php\/2024\/03\/18\/a-pessoa-certa-para-o-desafio-que-voce-quer-superar\/\",\"name\":\"A pessoa certa para o desafio que voc\u00ea quer superar - Jornal Fatos e Not\u00edcias\",\"isPartOf\":{\"@id\":\"https:\/\/jornalfatosenoticias.com.br\/#website\"},\"primaryImageOfPage\":{\"@id\":\"https:\/\/jornalfatosenoticias.com.br\/index.php\/2024\/03\/18\/a-pessoa-certa-para-o-desafio-que-voce-quer-superar\/#primaryimage\"},\"image\":{\"@id\":\"https:\/\/jornalfatosenoticias.com.br\/index.php\/2024\/03\/18\/a-pessoa-certa-para-o-desafio-que-voce-quer-superar\/#primaryimage\"},\"thumbnailUrl\":\"https:\/\/jornalfatosenoticias.com.br\/wp-content\/uploads\/2024\/03\/selecao_gettyimages.jpg\",\"datePublished\":\"2024-03-18T13:22:50+00:00\",\"dateModified\":\"2024-03-18T13:22:51+00:00\",\"breadcrumb\":{\"@id\":\"https:\/\/jornalfatosenoticias.com.br\/index.php\/2024\/03\/18\/a-pessoa-certa-para-o-desafio-que-voce-quer-superar\/#breadcrumb\"},\"inLanguage\":\"pt-BR\",\"potentialAction\":[{\"@type\":\"ReadAction\",\"target\":[\"https:\/\/jornalfatosenoticias.com.br\/index.php\/2024\/03\/18\/a-pessoa-certa-para-o-desafio-que-voce-quer-superar\/\"]}]},{\"@type\":\"ImageObject\",\"inLanguage\":\"pt-BR\",\"@id\":\"https:\/\/jornalfatosenoticias.com.br\/index.php\/2024\/03\/18\/a-pessoa-certa-para-o-desafio-que-voce-quer-superar\/#primaryimage\",\"url\":\"https:\/\/jornalfatosenoticias.com.br\/wp-content\/uploads\/2024\/03\/selecao_gettyimages.jpg\",\"contentUrl\":\"https:\/\/jornalfatosenoticias.com.br\/wp-content\/uploads\/2024\/03\/selecao_gettyimages.jpg\",\"width\":612,\"height\":419,\"caption\":\"commercial illustrator\"},{\"@type\":\"BreadcrumbList\",\"@id\":\"https:\/\/jornalfatosenoticias.com.br\/index.php\/2024\/03\/18\/a-pessoa-certa-para-o-desafio-que-voce-quer-superar\/#breadcrumb\",\"itemListElement\":[{\"@type\":\"ListItem\",\"position\":1,\"name\":\"In\u00edcio\",\"item\":\"https:\/\/jornalfatosenoticias.com.br\/\"},{\"@type\":\"ListItem\",\"position\":2,\"name\":\"A pessoa certa para o desafio que voc\u00ea quer superar\"}]},{\"@type\":\"WebSite\",\"@id\":\"https:\/\/jornalfatosenoticias.com.br\/#website\",\"url\":\"https:\/\/jornalfatosenoticias.com.br\/\",\"name\":\"Jornal Fatos e Not\u00edcias\",\"description\":\"Not\u00edcias em geral\",\"publisher\":{\"@id\":\"https:\/\/jornalfatosenoticias.com.br\/#organization\"},\"potentialAction\":[{\"@type\":\"SearchAction\",\"target\":{\"@type\":\"EntryPoint\",\"urlTemplate\":\"https:\/\/jornalfatosenoticias.com.br\/?s={search_term_string}\"},\"query-input\":{\"@type\":\"PropertyValueSpecification\",\"valueRequired\":true,\"valueName\":\"search_term_string\"}}],\"inLanguage\":\"pt-BR\"},{\"@type\":\"Organization\",\"@id\":\"https:\/\/jornalfatosenoticias.com.br\/#organization\",\"name\":\"Jornal Fatos e Not\u00edcias\",\"url\":\"https:\/\/jornalfatosenoticias.com.br\/\",\"logo\":{\"@type\":\"ImageObject\",\"inLanguage\":\"pt-BR\",\"@id\":\"https:\/\/jornalfatosenoticias.com.br\/#\/schema\/logo\/image\/\",\"url\":\"https:\/\/jornalfatosenoticias.com.br\/wp-content\/uploads\/2020\/02\/logo120.png\",\"contentUrl\":\"https:\/\/jornalfatosenoticias.com.br\/wp-content\/uploads\/2020\/02\/logo120.png\",\"width\":1227,\"height\":120,\"caption\":\"Jornal Fatos e Not\u00edcias\"},\"image\":{\"@id\":\"https:\/\/jornalfatosenoticias.com.br\/#\/schema\/logo\/image\/\"}},{\"@type\":\"Person\",\"@id\":\"https:\/\/jornalfatosenoticias.com.br\/#\/schema\/person\/d63837fa13ac8666eb9e74e0985d6f81\",\"name\":\"Luzimara Fernandes\",\"image\":{\"@type\":\"ImageObject\",\"inLanguage\":\"pt-BR\",\"@id\":\"https:\/\/jornalfatosenoticias.com.br\/#\/schema\/person\/image\/\",\"url\":\"https:\/\/jornalfatosenoticias.com.br\/wp-content\/uploads\/2025\/05\/EU_portal.jpg\",\"contentUrl\":\"https:\/\/jornalfatosenoticias.com.br\/wp-content\/uploads\/2025\/05\/EU_portal.jpg\",\"caption\":\"Luzimara Fernandes\"},\"description\":\"Jornalista MTB 2358-ES\",\"sameAs\":[\"https:\/\/jornalfatosenoticias.com.br\"],\"url\":\"https:\/\/jornalfatosenoticias.com.br\/index.php\/author\/luzimara\/\"}]}<\/script>\n<!-- \/ Yoast SEO plugin. -->","yoast_head_json":{"title":"A pessoa certa para o desafio que voc\u00ea quer superar - Jornal Fatos e Not\u00edcias","robots":{"index":"index","follow":"follow","max-snippet":"max-snippet:-1","max-image-preview":"max-image-preview:large","max-video-preview":"max-video-preview:-1"},"canonical":"https:\/\/jornalfatosenoticias.com.br\/index.php\/2024\/03\/18\/a-pessoa-certa-para-o-desafio-que-voce-quer-superar\/","og_locale":"pt_BR","og_type":"article","og_title":"A pessoa certa para o desafio que voc\u00ea quer superar - Jornal Fatos e Not\u00edcias","og_description":"Por\u00a0J\u00faliana Pr\u00e1do \u00c9 sempre desafiador compreender at\u00e9 que ponto algu\u00e9m est\u00e1 disposto a enfrentar situa\u00e7\u00f5es adversas em busca de uma vida melhor. Esses dias eu pensava sobre o motivo das pessoas aceitarem ou n\u00e3o determinada oferta de trabalho e a rela\u00e7\u00e3o da oferta com a forma como \u00e9 lan\u00e7ada ao candidato. Cada indiv\u00edduo interpreta oportunidades [&hellip;]","og_url":"https:\/\/jornalfatosenoticias.com.br\/index.php\/2024\/03\/18\/a-pessoa-certa-para-o-desafio-que-voce-quer-superar\/","og_site_name":"Jornal Fatos e Not\u00edcias","article_published_time":"2024-03-18T13:22:50+00:00","article_modified_time":"2024-03-18T13:22:51+00:00","og_image":[{"width":612,"height":419,"url":"https:\/\/jornalfatosenoticias.com.br\/wp-content\/uploads\/2024\/03\/selecao_gettyimages.jpg","type":"image\/jpeg"}],"author":"Luzimara Fernandes","twitter_card":"summary_large_image","twitter_misc":{"Escrito por":"Luzimara Fernandes","Est. tempo de leitura":"5 minutos"},"schema":{"@context":"https:\/\/schema.org","@graph":[{"@type":"Article","@id":"https:\/\/jornalfatosenoticias.com.br\/index.php\/2024\/03\/18\/a-pessoa-certa-para-o-desafio-que-voce-quer-superar\/#article","isPartOf":{"@id":"https:\/\/jornalfatosenoticias.com.br\/index.php\/2024\/03\/18\/a-pessoa-certa-para-o-desafio-que-voce-quer-superar\/"},"author":{"name":"Luzimara Fernandes","@id":"https:\/\/jornalfatosenoticias.com.br\/#\/schema\/person\/d63837fa13ac8666eb9e74e0985d6f81"},"headline":"A pessoa certa para o desafio que voc\u00ea quer superar","datePublished":"2024-03-18T13:22:50+00:00","dateModified":"2024-03-18T13:22:51+00:00","mainEntityOfPage":{"@id":"https:\/\/jornalfatosenoticias.com.br\/index.php\/2024\/03\/18\/a-pessoa-certa-para-o-desafio-que-voce-quer-superar\/"},"wordCount":920,"commentCount":0,"publisher":{"@id":"https:\/\/jornalfatosenoticias.com.br\/#organization"},"image":{"@id":"https:\/\/jornalfatosenoticias.com.br\/index.php\/2024\/03\/18\/a-pessoa-certa-para-o-desafio-que-voce-quer-superar\/#primaryimage"},"thumbnailUrl":"https:\/\/jornalfatosenoticias.com.br\/wp-content\/uploads\/2024\/03\/selecao_gettyimages.jpg","keywords":["mercado de trabalho","processo seletivo","sele\u00e7\u00e3o de emprego"],"articleSection":["Economia"],"inLanguage":"pt-BR","potentialAction":[{"@type":"CommentAction","name":"Comment","target":["https:\/\/jornalfatosenoticias.com.br\/index.php\/2024\/03\/18\/a-pessoa-certa-para-o-desafio-que-voce-quer-superar\/#respond"]}]},{"@type":"WebPage","@id":"https:\/\/jornalfatosenoticias.com.br\/index.php\/2024\/03\/18\/a-pessoa-certa-para-o-desafio-que-voce-quer-superar\/","url":"https:\/\/jornalfatosenoticias.com.br\/index.php\/2024\/03\/18\/a-pessoa-certa-para-o-desafio-que-voce-quer-superar\/","name":"A pessoa certa para o desafio que voc\u00ea quer superar - Jornal Fatos e Not\u00edcias","isPartOf":{"@id":"https:\/\/jornalfatosenoticias.com.br\/#website"},"primaryImageOfPage":{"@id":"https:\/\/jornalfatosenoticias.com.br\/index.php\/2024\/03\/18\/a-pessoa-certa-para-o-desafio-que-voce-quer-superar\/#primaryimage"},"image":{"@id":"https:\/\/jornalfatosenoticias.com.br\/index.php\/2024\/03\/18\/a-pessoa-certa-para-o-desafio-que-voce-quer-superar\/#primaryimage"},"thumbnailUrl":"https:\/\/jornalfatosenoticias.com.br\/wp-content\/uploads\/2024\/03\/selecao_gettyimages.jpg","datePublished":"2024-03-18T13:22:50+00:00","dateModified":"2024-03-18T13:22:51+00:00","breadcrumb":{"@id":"https:\/\/jornalfatosenoticias.com.br\/index.php\/2024\/03\/18\/a-pessoa-certa-para-o-desafio-que-voce-quer-superar\/#breadcrumb"},"inLanguage":"pt-BR","potentialAction":[{"@type":"ReadAction","target":["https:\/\/jornalfatosenoticias.com.br\/index.php\/2024\/03\/18\/a-pessoa-certa-para-o-desafio-que-voce-quer-superar\/"]}]},{"@type":"ImageObject","inLanguage":"pt-BR","@id":"https:\/\/jornalfatosenoticias.com.br\/index.php\/2024\/03\/18\/a-pessoa-certa-para-o-desafio-que-voce-quer-superar\/#primaryimage","url":"https:\/\/jornalfatosenoticias.com.br\/wp-content\/uploads\/2024\/03\/selecao_gettyimages.jpg","contentUrl":"https:\/\/jornalfatosenoticias.com.br\/wp-content\/uploads\/2024\/03\/selecao_gettyimages.jpg","width":612,"height":419,"caption":"commercial illustrator"},{"@type":"BreadcrumbList","@id":"https:\/\/jornalfatosenoticias.com.br\/index.php\/2024\/03\/18\/a-pessoa-certa-para-o-desafio-que-voce-quer-superar\/#breadcrumb","itemListElement":[{"@type":"ListItem","position":1,"name":"In\u00edcio","item":"https:\/\/jornalfatosenoticias.com.br\/"},{"@type":"ListItem","position":2,"name":"A pessoa certa para o desafio que voc\u00ea quer superar"}]},{"@type":"WebSite","@id":"https:\/\/jornalfatosenoticias.com.br\/#website","url":"https:\/\/jornalfatosenoticias.com.br\/","name":"Jornal Fatos e Not\u00edcias","description":"Not\u00edcias em geral","publisher":{"@id":"https:\/\/jornalfatosenoticias.com.br\/#organization"},"potentialAction":[{"@type":"SearchAction","target":{"@type":"EntryPoint","urlTemplate":"https:\/\/jornalfatosenoticias.com.br\/?s={search_term_string}"},"query-input":{"@type":"PropertyValueSpecification","valueRequired":true,"valueName":"search_term_string"}}],"inLanguage":"pt-BR"},{"@type":"Organization","@id":"https:\/\/jornalfatosenoticias.com.br\/#organization","name":"Jornal Fatos e Not\u00edcias","url":"https:\/\/jornalfatosenoticias.com.br\/","logo":{"@type":"ImageObject","inLanguage":"pt-BR","@id":"https:\/\/jornalfatosenoticias.com.br\/#\/schema\/logo\/image\/","url":"https:\/\/jornalfatosenoticias.com.br\/wp-content\/uploads\/2020\/02\/logo120.png","contentUrl":"https:\/\/jornalfatosenoticias.com.br\/wp-content\/uploads\/2020\/02\/logo120.png","width":1227,"height":120,"caption":"Jornal Fatos e Not\u00edcias"},"image":{"@id":"https:\/\/jornalfatosenoticias.com.br\/#\/schema\/logo\/image\/"}},{"@type":"Person","@id":"https:\/\/jornalfatosenoticias.com.br\/#\/schema\/person\/d63837fa13ac8666eb9e74e0985d6f81","name":"Luzimara Fernandes","image":{"@type":"ImageObject","inLanguage":"pt-BR","@id":"https:\/\/jornalfatosenoticias.com.br\/#\/schema\/person\/image\/","url":"https:\/\/jornalfatosenoticias.com.br\/wp-content\/uploads\/2025\/05\/EU_portal.jpg","contentUrl":"https:\/\/jornalfatosenoticias.com.br\/wp-content\/uploads\/2025\/05\/EU_portal.jpg","caption":"Luzimara Fernandes"},"description":"Jornalista MTB 2358-ES","sameAs":["https:\/\/jornalfatosenoticias.com.br"],"url":"https:\/\/jornalfatosenoticias.com.br\/index.php\/author\/luzimara\/"}]}},"cc_featured_image_caption":{"caption_text":"(Foto: Getty Images) \r\n","source_text":"","source_url":""},"jetpack_featured_media_url":"https:\/\/jornalfatosenoticias.com.br\/wp-content\/uploads\/2024\/03\/selecao_gettyimages.jpg","_links":{"self":[{"href":"https:\/\/jornalfatosenoticias.com.br\/index.php\/wp-json\/wp\/v2\/posts\/49957","targetHints":{"allow":["GET"]}}],"collection":[{"href":"https:\/\/jornalfatosenoticias.com.br\/index.php\/wp-json\/wp\/v2\/posts"}],"about":[{"href":"https:\/\/jornalfatosenoticias.com.br\/index.php\/wp-json\/wp\/v2\/types\/post"}],"author":[{"embeddable":true,"href":"https:\/\/jornalfatosenoticias.com.br\/index.php\/wp-json\/wp\/v2\/users\/2"}],"replies":[{"embeddable":true,"href":"https:\/\/jornalfatosenoticias.com.br\/index.php\/wp-json\/wp\/v2\/comments?post=49957"}],"version-history":[{"count":0,"href":"https:\/\/jornalfatosenoticias.com.br\/index.php\/wp-json\/wp\/v2\/posts\/49957\/revisions"}],"wp:featuredmedia":[{"embeddable":true,"href":"https:\/\/jornalfatosenoticias.com.br\/index.php\/wp-json\/wp\/v2\/media\/49958"}],"wp:attachment":[{"href":"https:\/\/jornalfatosenoticias.com.br\/index.php\/wp-json\/wp\/v2\/media?parent=49957"}],"wp:term":[{"taxonomy":"category","embeddable":true,"href":"https:\/\/jornalfatosenoticias.com.br\/index.php\/wp-json\/wp\/v2\/categories?post=49957"},{"taxonomy":"post_tag","embeddable":true,"href":"https:\/\/jornalfatosenoticias.com.br\/index.php\/wp-json\/wp\/v2\/tags?post=49957"}],"curies":[{"name":"wp","href":"https:\/\/api.w.org\/{rel}","templated":true}]}}