{"id":49963,"date":"2024-03-18T11:17:35","date_gmt":"2024-03-18T14:17:35","guid":{"rendered":"https:\/\/jornalfatosenoticias.com.br\/?p=49963"},"modified":"2024-03-18T11:17:35","modified_gmt":"2024-03-18T14:17:35","slug":"conheca-os-seis-principais-sinais-de-alerta-para-avc-que-voce-nao-pode-ignorar","status":"publish","type":"post","link":"https:\/\/jornalfatosenoticias.com.br\/index.php\/2024\/03\/18\/conheca-os-seis-principais-sinais-de-alerta-para-avc-que-voce-nao-pode-ignorar\/","title":{"rendered":"Conhe\u00e7a os seis principais sinais de alerta para AVC que voc\u00ea n\u00e3o pode ignorar"},"content":{"rendered":"\n<div class=\"wp-block-image\"><figure class=\"aligncenter size-large\"><img loading=\"lazy\" decoding=\"async\" width=\"729\" height=\"90\" src=\"https:\/\/jornalfatosenoticias.com.br\/wp-content\/uploads\/2020\/02\/Logo_Mizu.png\" alt=\"\" class=\"wp-image-1441\" srcset=\"https:\/\/jornalfatosenoticias.com.br\/wp-content\/uploads\/2020\/02\/Logo_Mizu.png 729w, https:\/\/jornalfatosenoticias.com.br\/wp-content\/uploads\/2020\/02\/Logo_Mizu-300x37.png 300w\" sizes=\"auto, (max-width: 729px) 100vw, 729px\" \/><\/figure><\/div>\n\n\n\n<p>O AVC, tamb\u00e9m chamado de acidente vascular cerebral, \u00e9 uma condi\u00e7\u00e3o grave que afeta milh\u00f5es de pessoas globalmente. Essa condi\u00e7\u00e3o ocorre quando o fluxo sangu\u00edneo para uma regi\u00e3o do c\u00e9rebro \u00e9 interrompido, causando danos \u00e0s c\u00e9lulas cerebrais devido \u00e0 priva\u00e7\u00e3o de oxig\u00eanio e nutrientes. De acordo com a Organiza\u00e7\u00e3o Mundial da Sa\u00fade (OMS), o AVC afeta predominantemente os homens e \u00e9 uma das principais causas de morte, incapacidade e hospitaliza\u00e7\u00e3o em todo o mundo.<\/p>\n\n\n\n<p><strong><span class=\"has-inline-color has-luminous-vivid-orange-color\">Existem dois tipos principais de AVC<br><\/span><\/strong>\u2022 O AVC isqu\u00eamico, onde um vaso sangu\u00edneo cerebral \u00e9 bloqueado por um co\u00e1gulo sangu\u00edneo.<br>\u2022 O AVC hemorr\u00e1gico, resultante do rompimento de um vaso sangu\u00edneo no c\u00e9rebro, causando sangramento no tecido cerebral.<br>Um diagn\u00f3stico e tratamento r\u00e1pidos aumentam significativamente as chances de recupera\u00e7\u00e3o completa. Portanto, \u00e9 crucial estar atento aos sinais e sintomas.<\/p>\n\n\n\n<div class=\"wp-block-image\"><figure class=\"aligncenter size-large\"><img decoding=\"async\" src=\"https:\/\/jornalfatosenoticias.com.br\/wp-content\/uploads\/2020\/02\/barao-das-carnes-300x164-1.jpg\" alt=\"\" class=\"wp-image-34339\"\/><\/figure><\/div>\n\n\n\n<p><strong><span class=\"has-inline-color has-luminous-vivid-orange-color\">Sinais de alerta de AVC incluem<br><\/span><\/strong>\u2022 repentina fraqueza ou dorm\u00eancia no rosto, bra\u00e7o ou perna, especialmente em um lado do corpo;<br>\u2022 confus\u00e3o;<br>\u2022 dificuldade em falar ou entender a fala;<br>\u2022 tontura s\u00fabita;<br>\u2022 mudan\u00e7as na vis\u00e3o em um ou ambos os olhos;<br>\u2022 dor de cabe\u00e7a s\u00fabita e intensa.<\/p>\n\n\n\n<div class=\"wp-block-image\"><figure class=\"aligncenter size-large is-resized\"><img loading=\"lazy\" decoding=\"async\" src=\"https:\/\/jornalfatosenoticias.com.br\/wp-content\/uploads\/2020\/02\/logo-Rapuzel-1024x571.jpg\" alt=\"\" class=\"wp-image-42808\" width=\"336\" height=\"187\" srcset=\"https:\/\/jornalfatosenoticias.com.br\/wp-content\/uploads\/2020\/02\/logo-Rapuzel-1024x571.jpg 1024w, https:\/\/jornalfatosenoticias.com.br\/wp-content\/uploads\/2020\/02\/logo-Rapuzel-300x167.jpg 300w, https:\/\/jornalfatosenoticias.com.br\/wp-content\/uploads\/2020\/02\/logo-Rapuzel-768x428.jpg 768w, https:\/\/jornalfatosenoticias.com.br\/wp-content\/uploads\/2020\/02\/logo-Rapuzel-1536x856.jpg 1536w, https:\/\/jornalfatosenoticias.com.br\/wp-content\/uploads\/2020\/02\/logo-Rapuzel.jpg 1600w\" sizes=\"auto, (max-width: 336px) 100vw, 336px\" \/><\/figure><\/div>\n\n\n\n<p>Os fatores de risco para AVC incluem hipertens\u00e3o arterial, diabetes, tabagismo, obesidade, n\u00edveis elevados de colesterol, hist\u00f3rico familiar de AVC e idade avan\u00e7ada. No entanto, muitos casos podem ser prevenidos com mudan\u00e7as no estilo de vida, como dieta saud\u00e1vel, exerc\u00edcios regulares e controle da press\u00e3o arterial e diabetes.<\/p>\n\n\n\n<div class=\"wp-block-image\"><figure class=\"aligncenter size-large is-resized\"><img loading=\"lazy\" decoding=\"async\" src=\"https:\/\/jornalfatosenoticias.com.br\/wp-content\/uploads\/2023\/12\/pegoretti-logo-pdf-1024x389.jpg\" alt=\"\" class=\"wp-image-47536\" width=\"504\" height=\"191\" srcset=\"https:\/\/jornalfatosenoticias.com.br\/wp-content\/uploads\/2023\/12\/pegoretti-logo-pdf-1024x389.jpg 1024w, https:\/\/jornalfatosenoticias.com.br\/wp-content\/uploads\/2023\/12\/pegoretti-logo-pdf-300x114.jpg 300w, https:\/\/jornalfatosenoticias.com.br\/wp-content\/uploads\/2023\/12\/pegoretti-logo-pdf-768x291.jpg 768w, https:\/\/jornalfatosenoticias.com.br\/wp-content\/uploads\/2023\/12\/pegoretti-logo-pdf.jpg 1120w\" sizes=\"auto, (max-width: 504px) 100vw, 504px\" \/><\/figure><\/div>\n\n\n\n<p>O tratamento para AVC varia de acordo com o tipo e a gravidade e pode incluir medicamentos para dissolver co\u00e1gulos sangu\u00edneos, cirurgia para reparar vasos sangu\u00edneos danificados e reabilita\u00e7\u00e3o para recuperar habilidades perdidas.<\/p>\n\n\n\n<div class=\"wp-block-image\"><figure class=\"aligncenter size-large is-resized\"><img loading=\"lazy\" decoding=\"async\" src=\"https:\/\/jornalfatosenoticias.com.br\/wp-content\/uploads\/2023\/03\/nova-logo-Marquetti.jpg\" alt=\"\" class=\"wp-image-40207\" width=\"314\" height=\"211\" srcset=\"https:\/\/jornalfatosenoticias.com.br\/wp-content\/uploads\/2023\/03\/nova-logo-Marquetti.jpg 643w, https:\/\/jornalfatosenoticias.com.br\/wp-content\/uploads\/2023\/03\/nova-logo-Marquetti-300x202.jpg 300w\" sizes=\"auto, (max-width: 314px) 100vw, 314px\" \/><\/figure><\/div>\n\n\n\n<p>Reconhecer os sinais de AVC e agir rapidamente, chamando o servi\u00e7o de emerg\u00eancia ou levando a pessoa imediatamente ao hospital, \u00e9 essencial. O tempo desempenha um papel crucial no tratamento do AVC, e o tratamento precoce pode fazer a diferen\u00e7a entre vida e morte, bem como na recupera\u00e7\u00e3o total ou parcial das fun\u00e7\u00f5es cerebrais.<\/p>\n\n\n\n<div class=\"wp-block-image\"><figure class=\"aligncenter size-large is-resized\"><img loading=\"lazy\" decoding=\"async\" src=\"https:\/\/jornalfatosenoticias.com.br\/wp-content\/uploads\/2022\/02\/Precisao-Contabilidade-1024x724.jpg\" alt=\"\" class=\"wp-image-28088\" width=\"323\" height=\"228\"\/><\/figure><\/div>\n\n\n\n<p><strong><em>Fonte:<a href=\"https:\/\/terrabrasilnoticias.com\/2024\/03\/conheca-os-6-principais-sinais-de-alerta-para-avc-que-voce-nao-pode-ignorar\/\"> Terra Brasil Not\u00edcias<\/a><\/em><\/strong><\/p>\n","protected":false},"excerpt":{"rendered":"<p>O AVC, tamb\u00e9m chamado de acidente vascular cerebral, \u00e9 uma condi\u00e7\u00e3o grave que afeta milh\u00f5es de pessoas globalmente. Essa condi\u00e7\u00e3o ocorre quando o fluxo sangu\u00edneo para uma regi\u00e3o do c\u00e9rebro \u00e9 interrompido, causando danos \u00e0s c\u00e9lulas cerebrais devido \u00e0 priva\u00e7\u00e3o de oxig\u00eanio e nutrientes. De acordo com a Organiza\u00e7\u00e3o Mundial da Sa\u00fade (OMS), o AVC [&hellip;]<\/p>\n","protected":false},"author":2,"featured_media":49964,"comment_status":"open","ping_status":"open","sticky":false,"template":"","format":"standard","meta":{"footnotes":""},"categories":[11],"tags":[6586,23081,3346,5586,717],"class_list":["post-49963","post","type-post","status-publish","format-standard","has-post-thumbnail","hentry","category-saude","tag-avc","tag-avc-hemorragico","tag-avc-isquemico","tag-sinais","tag-sintomas"],"yoast_head":"<!-- This site is optimized with the Yoast SEO plugin v26.5 - https:\/\/yoast.com\/wordpress\/plugins\/seo\/ -->\n<title>Conhe\u00e7a os seis principais sinais de alerta para AVC que voc\u00ea n\u00e3o pode ignorar - Jornal Fatos e Not\u00edcias<\/title>\n<meta name=\"robots\" content=\"index, follow, max-snippet:-1, max-image-preview:large, max-video-preview:-1\" \/>\n<link rel=\"canonical\" href=\"https:\/\/jornalfatosenoticias.com.br\/index.php\/2024\/03\/18\/conheca-os-seis-principais-sinais-de-alerta-para-avc-que-voce-nao-pode-ignorar\/\" \/>\n<meta property=\"og:locale\" content=\"pt_BR\" \/>\n<meta property=\"og:type\" content=\"article\" \/>\n<meta property=\"og:title\" content=\"Conhe\u00e7a os seis principais sinais de alerta para AVC que voc\u00ea n\u00e3o pode ignorar - Jornal Fatos e Not\u00edcias\" \/>\n<meta property=\"og:description\" content=\"O AVC, tamb\u00e9m chamado de acidente vascular cerebral, \u00e9 uma condi\u00e7\u00e3o grave que afeta milh\u00f5es de pessoas globalmente. Essa condi\u00e7\u00e3o ocorre quando o fluxo sangu\u00edneo para uma regi\u00e3o do c\u00e9rebro \u00e9 interrompido, causando danos \u00e0s c\u00e9lulas cerebrais devido \u00e0 priva\u00e7\u00e3o de oxig\u00eanio e nutrientes. De acordo com a Organiza\u00e7\u00e3o Mundial da Sa\u00fade (OMS), o AVC [&hellip;]\" \/>\n<meta property=\"og:url\" content=\"https:\/\/jornalfatosenoticias.com.br\/index.php\/2024\/03\/18\/conheca-os-seis-principais-sinais-de-alerta-para-avc-que-voce-nao-pode-ignorar\/\" \/>\n<meta property=\"og:site_name\" content=\"Jornal Fatos e Not\u00edcias\" \/>\n<meta property=\"article:published_time\" content=\"2024-03-18T14:17:35+00:00\" \/>\n<meta property=\"og:image\" content=\"https:\/\/jornalfatosenoticias.com.br\/wp-content\/uploads\/2024\/03\/avc_gettyimages.jpg\" \/>\n\t<meta property=\"og:image:width\" content=\"612\" \/>\n\t<meta property=\"og:image:height\" content=\"408\" \/>\n\t<meta property=\"og:image:type\" content=\"image\/jpeg\" \/>\n<meta name=\"author\" content=\"Luzimara Fernandes\" \/>\n<meta name=\"twitter:card\" content=\"summary_large_image\" \/>\n<meta name=\"twitter:label1\" content=\"Escrito por\" \/>\n\t<meta name=\"twitter:data1\" content=\"Luzimara Fernandes\" \/>\n\t<meta name=\"twitter:label2\" content=\"Est. tempo de leitura\" \/>\n\t<meta name=\"twitter:data2\" content=\"2 minutos\" \/>\n<script type=\"application\/ld+json\" class=\"yoast-schema-graph\">{\"@context\":\"https:\/\/schema.org\",\"@graph\":[{\"@type\":\"Article\",\"@id\":\"https:\/\/jornalfatosenoticias.com.br\/index.php\/2024\/03\/18\/conheca-os-seis-principais-sinais-de-alerta-para-avc-que-voce-nao-pode-ignorar\/#article\",\"isPartOf\":{\"@id\":\"https:\/\/jornalfatosenoticias.com.br\/index.php\/2024\/03\/18\/conheca-os-seis-principais-sinais-de-alerta-para-avc-que-voce-nao-pode-ignorar\/\"},\"author\":{\"name\":\"Luzimara Fernandes\",\"@id\":\"https:\/\/jornalfatosenoticias.com.br\/#\/schema\/person\/d63837fa13ac8666eb9e74e0985d6f81\"},\"headline\":\"Conhe\u00e7a os seis principais sinais de alerta para AVC que voc\u00ea n\u00e3o pode ignorar\",\"datePublished\":\"2024-03-18T14:17:35+00:00\",\"mainEntityOfPage\":{\"@id\":\"https:\/\/jornalfatosenoticias.com.br\/index.php\/2024\/03\/18\/conheca-os-seis-principais-sinais-de-alerta-para-avc-que-voce-nao-pode-ignorar\/\"},\"wordCount\":375,\"commentCount\":0,\"publisher\":{\"@id\":\"https:\/\/jornalfatosenoticias.com.br\/#organization\"},\"image\":{\"@id\":\"https:\/\/jornalfatosenoticias.com.br\/index.php\/2024\/03\/18\/conheca-os-seis-principais-sinais-de-alerta-para-avc-que-voce-nao-pode-ignorar\/#primaryimage\"},\"thumbnailUrl\":\"https:\/\/jornalfatosenoticias.com.br\/wp-content\/uploads\/2024\/03\/avc_gettyimages.jpg\",\"keywords\":[\"AVC\",\"AVC hemorr\u00e1gico\",\"AVC isqu\u00eamico\",\"sinais\",\"sintomas\"],\"articleSection\":[\"Sa\u00fade\"],\"inLanguage\":\"pt-BR\",\"potentialAction\":[{\"@type\":\"CommentAction\",\"name\":\"Comment\",\"target\":[\"https:\/\/jornalfatosenoticias.com.br\/index.php\/2024\/03\/18\/conheca-os-seis-principais-sinais-de-alerta-para-avc-que-voce-nao-pode-ignorar\/#respond\"]}]},{\"@type\":\"WebPage\",\"@id\":\"https:\/\/jornalfatosenoticias.com.br\/index.php\/2024\/03\/18\/conheca-os-seis-principais-sinais-de-alerta-para-avc-que-voce-nao-pode-ignorar\/\",\"url\":\"https:\/\/jornalfatosenoticias.com.br\/index.php\/2024\/03\/18\/conheca-os-seis-principais-sinais-de-alerta-para-avc-que-voce-nao-pode-ignorar\/\",\"name\":\"Conhe\u00e7a os seis principais sinais de alerta para AVC que voc\u00ea n\u00e3o pode ignorar - Jornal Fatos e Not\u00edcias\",\"isPartOf\":{\"@id\":\"https:\/\/jornalfatosenoticias.com.br\/#website\"},\"primaryImageOfPage\":{\"@id\":\"https:\/\/jornalfatosenoticias.com.br\/index.php\/2024\/03\/18\/conheca-os-seis-principais-sinais-de-alerta-para-avc-que-voce-nao-pode-ignorar\/#primaryimage\"},\"image\":{\"@id\":\"https:\/\/jornalfatosenoticias.com.br\/index.php\/2024\/03\/18\/conheca-os-seis-principais-sinais-de-alerta-para-avc-que-voce-nao-pode-ignorar\/#primaryimage\"},\"thumbnailUrl\":\"https:\/\/jornalfatosenoticias.com.br\/wp-content\/uploads\/2024\/03\/avc_gettyimages.jpg\",\"datePublished\":\"2024-03-18T14:17:35+00:00\",\"breadcrumb\":{\"@id\":\"https:\/\/jornalfatosenoticias.com.br\/index.php\/2024\/03\/18\/conheca-os-seis-principais-sinais-de-alerta-para-avc-que-voce-nao-pode-ignorar\/#breadcrumb\"},\"inLanguage\":\"pt-BR\",\"potentialAction\":[{\"@type\":\"ReadAction\",\"target\":[\"https:\/\/jornalfatosenoticias.com.br\/index.php\/2024\/03\/18\/conheca-os-seis-principais-sinais-de-alerta-para-avc-que-voce-nao-pode-ignorar\/\"]}]},{\"@type\":\"ImageObject\",\"inLanguage\":\"pt-BR\",\"@id\":\"https:\/\/jornalfatosenoticias.com.br\/index.php\/2024\/03\/18\/conheca-os-seis-principais-sinais-de-alerta-para-avc-que-voce-nao-pode-ignorar\/#primaryimage\",\"url\":\"https:\/\/jornalfatosenoticias.com.br\/wp-content\/uploads\/2024\/03\/avc_gettyimages.jpg\",\"contentUrl\":\"https:\/\/jornalfatosenoticias.com.br\/wp-content\/uploads\/2024\/03\/avc_gettyimages.jpg\",\"width\":612,\"height\":408,\"caption\":\"Young woman suffering severe headaches during waking up in the morning.\"},{\"@type\":\"BreadcrumbList\",\"@id\":\"https:\/\/jornalfatosenoticias.com.br\/index.php\/2024\/03\/18\/conheca-os-seis-principais-sinais-de-alerta-para-avc-que-voce-nao-pode-ignorar\/#breadcrumb\",\"itemListElement\":[{\"@type\":\"ListItem\",\"position\":1,\"name\":\"In\u00edcio\",\"item\":\"https:\/\/jornalfatosenoticias.com.br\/\"},{\"@type\":\"ListItem\",\"position\":2,\"name\":\"Conhe\u00e7a os seis principais sinais de alerta para AVC que voc\u00ea n\u00e3o pode ignorar\"}]},{\"@type\":\"WebSite\",\"@id\":\"https:\/\/jornalfatosenoticias.com.br\/#website\",\"url\":\"https:\/\/jornalfatosenoticias.com.br\/\",\"name\":\"Jornal Fatos e Not\u00edcias\",\"description\":\"Not\u00edcias em geral\",\"publisher\":{\"@id\":\"https:\/\/jornalfatosenoticias.com.br\/#organization\"},\"potentialAction\":[{\"@type\":\"SearchAction\",\"target\":{\"@type\":\"EntryPoint\",\"urlTemplate\":\"https:\/\/jornalfatosenoticias.com.br\/?s={search_term_string}\"},\"query-input\":{\"@type\":\"PropertyValueSpecification\",\"valueRequired\":true,\"valueName\":\"search_term_string\"}}],\"inLanguage\":\"pt-BR\"},{\"@type\":\"Organization\",\"@id\":\"https:\/\/jornalfatosenoticias.com.br\/#organization\",\"name\":\"Jornal Fatos e Not\u00edcias\",\"url\":\"https:\/\/jornalfatosenoticias.com.br\/\",\"logo\":{\"@type\":\"ImageObject\",\"inLanguage\":\"pt-BR\",\"@id\":\"https:\/\/jornalfatosenoticias.com.br\/#\/schema\/logo\/image\/\",\"url\":\"https:\/\/jornalfatosenoticias.com.br\/wp-content\/uploads\/2020\/02\/logo120.png\",\"contentUrl\":\"https:\/\/jornalfatosenoticias.com.br\/wp-content\/uploads\/2020\/02\/logo120.png\",\"width\":1227,\"height\":120,\"caption\":\"Jornal Fatos e Not\u00edcias\"},\"image\":{\"@id\":\"https:\/\/jornalfatosenoticias.com.br\/#\/schema\/logo\/image\/\"}},{\"@type\":\"Person\",\"@id\":\"https:\/\/jornalfatosenoticias.com.br\/#\/schema\/person\/d63837fa13ac8666eb9e74e0985d6f81\",\"name\":\"Luzimara Fernandes\",\"image\":{\"@type\":\"ImageObject\",\"inLanguage\":\"pt-BR\",\"@id\":\"https:\/\/jornalfatosenoticias.com.br\/#\/schema\/person\/image\/\",\"url\":\"https:\/\/jornalfatosenoticias.com.br\/wp-content\/uploads\/2025\/05\/EU_portal.jpg\",\"contentUrl\":\"https:\/\/jornalfatosenoticias.com.br\/wp-content\/uploads\/2025\/05\/EU_portal.jpg\",\"caption\":\"Luzimara Fernandes\"},\"description\":\"Jornalista MTB 2358-ES\",\"sameAs\":[\"https:\/\/jornalfatosenoticias.com.br\"],\"url\":\"https:\/\/jornalfatosenoticias.com.br\/index.php\/author\/luzimara\/\"}]}<\/script>\n<!-- \/ Yoast SEO plugin. -->","yoast_head_json":{"title":"Conhe\u00e7a os seis principais sinais de alerta para AVC que voc\u00ea n\u00e3o pode ignorar - Jornal Fatos e Not\u00edcias","robots":{"index":"index","follow":"follow","max-snippet":"max-snippet:-1","max-image-preview":"max-image-preview:large","max-video-preview":"max-video-preview:-1"},"canonical":"https:\/\/jornalfatosenoticias.com.br\/index.php\/2024\/03\/18\/conheca-os-seis-principais-sinais-de-alerta-para-avc-que-voce-nao-pode-ignorar\/","og_locale":"pt_BR","og_type":"article","og_title":"Conhe\u00e7a os seis principais sinais de alerta para AVC que voc\u00ea n\u00e3o pode ignorar - Jornal Fatos e Not\u00edcias","og_description":"O AVC, tamb\u00e9m chamado de acidente vascular cerebral, \u00e9 uma condi\u00e7\u00e3o grave que afeta milh\u00f5es de pessoas globalmente. Essa condi\u00e7\u00e3o ocorre quando o fluxo sangu\u00edneo para uma regi\u00e3o do c\u00e9rebro \u00e9 interrompido, causando danos \u00e0s c\u00e9lulas cerebrais devido \u00e0 priva\u00e7\u00e3o de oxig\u00eanio e nutrientes. De acordo com a Organiza\u00e7\u00e3o Mundial da Sa\u00fade (OMS), o AVC [&hellip;]","og_url":"https:\/\/jornalfatosenoticias.com.br\/index.php\/2024\/03\/18\/conheca-os-seis-principais-sinais-de-alerta-para-avc-que-voce-nao-pode-ignorar\/","og_site_name":"Jornal Fatos e Not\u00edcias","article_published_time":"2024-03-18T14:17:35+00:00","og_image":[{"width":612,"height":408,"url":"https:\/\/jornalfatosenoticias.com.br\/wp-content\/uploads\/2024\/03\/avc_gettyimages.jpg","type":"image\/jpeg"}],"author":"Luzimara Fernandes","twitter_card":"summary_large_image","twitter_misc":{"Escrito por":"Luzimara Fernandes","Est. tempo de leitura":"2 minutos"},"schema":{"@context":"https:\/\/schema.org","@graph":[{"@type":"Article","@id":"https:\/\/jornalfatosenoticias.com.br\/index.php\/2024\/03\/18\/conheca-os-seis-principais-sinais-de-alerta-para-avc-que-voce-nao-pode-ignorar\/#article","isPartOf":{"@id":"https:\/\/jornalfatosenoticias.com.br\/index.php\/2024\/03\/18\/conheca-os-seis-principais-sinais-de-alerta-para-avc-que-voce-nao-pode-ignorar\/"},"author":{"name":"Luzimara Fernandes","@id":"https:\/\/jornalfatosenoticias.com.br\/#\/schema\/person\/d63837fa13ac8666eb9e74e0985d6f81"},"headline":"Conhe\u00e7a os seis principais sinais de alerta para AVC que voc\u00ea n\u00e3o pode ignorar","datePublished":"2024-03-18T14:17:35+00:00","mainEntityOfPage":{"@id":"https:\/\/jornalfatosenoticias.com.br\/index.php\/2024\/03\/18\/conheca-os-seis-principais-sinais-de-alerta-para-avc-que-voce-nao-pode-ignorar\/"},"wordCount":375,"commentCount":0,"publisher":{"@id":"https:\/\/jornalfatosenoticias.com.br\/#organization"},"image":{"@id":"https:\/\/jornalfatosenoticias.com.br\/index.php\/2024\/03\/18\/conheca-os-seis-principais-sinais-de-alerta-para-avc-que-voce-nao-pode-ignorar\/#primaryimage"},"thumbnailUrl":"https:\/\/jornalfatosenoticias.com.br\/wp-content\/uploads\/2024\/03\/avc_gettyimages.jpg","keywords":["AVC","AVC hemorr\u00e1gico","AVC isqu\u00eamico","sinais","sintomas"],"articleSection":["Sa\u00fade"],"inLanguage":"pt-BR","potentialAction":[{"@type":"CommentAction","name":"Comment","target":["https:\/\/jornalfatosenoticias.com.br\/index.php\/2024\/03\/18\/conheca-os-seis-principais-sinais-de-alerta-para-avc-que-voce-nao-pode-ignorar\/#respond"]}]},{"@type":"WebPage","@id":"https:\/\/jornalfatosenoticias.com.br\/index.php\/2024\/03\/18\/conheca-os-seis-principais-sinais-de-alerta-para-avc-que-voce-nao-pode-ignorar\/","url":"https:\/\/jornalfatosenoticias.com.br\/index.php\/2024\/03\/18\/conheca-os-seis-principais-sinais-de-alerta-para-avc-que-voce-nao-pode-ignorar\/","name":"Conhe\u00e7a os seis principais sinais de alerta para AVC que voc\u00ea n\u00e3o pode ignorar - Jornal Fatos e Not\u00edcias","isPartOf":{"@id":"https:\/\/jornalfatosenoticias.com.br\/#website"},"primaryImageOfPage":{"@id":"https:\/\/jornalfatosenoticias.com.br\/index.php\/2024\/03\/18\/conheca-os-seis-principais-sinais-de-alerta-para-avc-que-voce-nao-pode-ignorar\/#primaryimage"},"image":{"@id":"https:\/\/jornalfatosenoticias.com.br\/index.php\/2024\/03\/18\/conheca-os-seis-principais-sinais-de-alerta-para-avc-que-voce-nao-pode-ignorar\/#primaryimage"},"thumbnailUrl":"https:\/\/jornalfatosenoticias.com.br\/wp-content\/uploads\/2024\/03\/avc_gettyimages.jpg","datePublished":"2024-03-18T14:17:35+00:00","breadcrumb":{"@id":"https:\/\/jornalfatosenoticias.com.br\/index.php\/2024\/03\/18\/conheca-os-seis-principais-sinais-de-alerta-para-avc-que-voce-nao-pode-ignorar\/#breadcrumb"},"inLanguage":"pt-BR","potentialAction":[{"@type":"ReadAction","target":["https:\/\/jornalfatosenoticias.com.br\/index.php\/2024\/03\/18\/conheca-os-seis-principais-sinais-de-alerta-para-avc-que-voce-nao-pode-ignorar\/"]}]},{"@type":"ImageObject","inLanguage":"pt-BR","@id":"https:\/\/jornalfatosenoticias.com.br\/index.php\/2024\/03\/18\/conheca-os-seis-principais-sinais-de-alerta-para-avc-que-voce-nao-pode-ignorar\/#primaryimage","url":"https:\/\/jornalfatosenoticias.com.br\/wp-content\/uploads\/2024\/03\/avc_gettyimages.jpg","contentUrl":"https:\/\/jornalfatosenoticias.com.br\/wp-content\/uploads\/2024\/03\/avc_gettyimages.jpg","width":612,"height":408,"caption":"Young woman suffering severe headaches during waking up in the morning."},{"@type":"BreadcrumbList","@id":"https:\/\/jornalfatosenoticias.com.br\/index.php\/2024\/03\/18\/conheca-os-seis-principais-sinais-de-alerta-para-avc-que-voce-nao-pode-ignorar\/#breadcrumb","itemListElement":[{"@type":"ListItem","position":1,"name":"In\u00edcio","item":"https:\/\/jornalfatosenoticias.com.br\/"},{"@type":"ListItem","position":2,"name":"Conhe\u00e7a os seis principais sinais de alerta para AVC que voc\u00ea n\u00e3o pode ignorar"}]},{"@type":"WebSite","@id":"https:\/\/jornalfatosenoticias.com.br\/#website","url":"https:\/\/jornalfatosenoticias.com.br\/","name":"Jornal Fatos e Not\u00edcias","description":"Not\u00edcias em geral","publisher":{"@id":"https:\/\/jornalfatosenoticias.com.br\/#organization"},"potentialAction":[{"@type":"SearchAction","target":{"@type":"EntryPoint","urlTemplate":"https:\/\/jornalfatosenoticias.com.br\/?s={search_term_string}"},"query-input":{"@type":"PropertyValueSpecification","valueRequired":true,"valueName":"search_term_string"}}],"inLanguage":"pt-BR"},{"@type":"Organization","@id":"https:\/\/jornalfatosenoticias.com.br\/#organization","name":"Jornal Fatos e Not\u00edcias","url":"https:\/\/jornalfatosenoticias.com.br\/","logo":{"@type":"ImageObject","inLanguage":"pt-BR","@id":"https:\/\/jornalfatosenoticias.com.br\/#\/schema\/logo\/image\/","url":"https:\/\/jornalfatosenoticias.com.br\/wp-content\/uploads\/2020\/02\/logo120.png","contentUrl":"https:\/\/jornalfatosenoticias.com.br\/wp-content\/uploads\/2020\/02\/logo120.png","width":1227,"height":120,"caption":"Jornal Fatos e Not\u00edcias"},"image":{"@id":"https:\/\/jornalfatosenoticias.com.br\/#\/schema\/logo\/image\/"}},{"@type":"Person","@id":"https:\/\/jornalfatosenoticias.com.br\/#\/schema\/person\/d63837fa13ac8666eb9e74e0985d6f81","name":"Luzimara Fernandes","image":{"@type":"ImageObject","inLanguage":"pt-BR","@id":"https:\/\/jornalfatosenoticias.com.br\/#\/schema\/person\/image\/","url":"https:\/\/jornalfatosenoticias.com.br\/wp-content\/uploads\/2025\/05\/EU_portal.jpg","contentUrl":"https:\/\/jornalfatosenoticias.com.br\/wp-content\/uploads\/2025\/05\/EU_portal.jpg","caption":"Luzimara Fernandes"},"description":"Jornalista MTB 2358-ES","sameAs":["https:\/\/jornalfatosenoticias.com.br"],"url":"https:\/\/jornalfatosenoticias.com.br\/index.php\/author\/luzimara\/"}]}},"cc_featured_image_caption":{"caption_text":"(Foto: Getty Images)","source_text":"","source_url":""},"jetpack_featured_media_url":"https:\/\/jornalfatosenoticias.com.br\/wp-content\/uploads\/2024\/03\/avc_gettyimages.jpg","_links":{"self":[{"href":"https:\/\/jornalfatosenoticias.com.br\/index.php\/wp-json\/wp\/v2\/posts\/49963","targetHints":{"allow":["GET"]}}],"collection":[{"href":"https:\/\/jornalfatosenoticias.com.br\/index.php\/wp-json\/wp\/v2\/posts"}],"about":[{"href":"https:\/\/jornalfatosenoticias.com.br\/index.php\/wp-json\/wp\/v2\/types\/post"}],"author":[{"embeddable":true,"href":"https:\/\/jornalfatosenoticias.com.br\/index.php\/wp-json\/wp\/v2\/users\/2"}],"replies":[{"embeddable":true,"href":"https:\/\/jornalfatosenoticias.com.br\/index.php\/wp-json\/wp\/v2\/comments?post=49963"}],"version-history":[{"count":0,"href":"https:\/\/jornalfatosenoticias.com.br\/index.php\/wp-json\/wp\/v2\/posts\/49963\/revisions"}],"wp:featuredmedia":[{"embeddable":true,"href":"https:\/\/jornalfatosenoticias.com.br\/index.php\/wp-json\/wp\/v2\/media\/49964"}],"wp:attachment":[{"href":"https:\/\/jornalfatosenoticias.com.br\/index.php\/wp-json\/wp\/v2\/media?parent=49963"}],"wp:term":[{"taxonomy":"category","embeddable":true,"href":"https:\/\/jornalfatosenoticias.com.br\/index.php\/wp-json\/wp\/v2\/categories?post=49963"},{"taxonomy":"post_tag","embeddable":true,"href":"https:\/\/jornalfatosenoticias.com.br\/index.php\/wp-json\/wp\/v2\/tags?post=49963"}],"curies":[{"name":"wp","href":"https:\/\/api.w.org\/{rel}","templated":true}]}}