{"id":49973,"date":"2024-03-18T12:01:50","date_gmt":"2024-03-18T15:01:50","guid":{"rendered":"https:\/\/jornalfatosenoticias.com.br\/?p=49973"},"modified":"2024-03-18T12:01:51","modified_gmt":"2024-03-18T15:01:51","slug":"divida-do-governo-nao-para-de-crescer-mas-lula-quer-licenca-para-gastar-mais","status":"publish","type":"post","link":"https:\/\/jornalfatosenoticias.com.br\/index.php\/2024\/03\/18\/divida-do-governo-nao-para-de-crescer-mas-lula-quer-licenca-para-gastar-mais\/","title":{"rendered":"D\u00edvida do governo n\u00e3o para de crescer, mas Lula quer licen\u00e7a para gastar mais"},"content":{"rendered":"\n<p><em><span class=\"has-inline-color has-black-color\">D\u00edvida do governo est\u00e1 crescendo, mas Lula j\u00e1 fala em aumentar o limite de gastos que acaba de entrar em vigor<\/span><\/em><\/p>\n\n\n\n<p><span class=\"has-inline-color has-black-color\">Por <strong><a href=\"https:\/\/www.gazetadopovo.com.br\/autor\/rose-amantea\/\">Rose Amant\u00e9a<\/a><\/strong><\/span><\/p>\n\n\n\n<div class=\"wp-block-image\"><figure class=\"aligncenter size-large\"><img loading=\"lazy\" decoding=\"async\" width=\"729\" height=\"90\" src=\"https:\/\/jornalfatosenoticias.com.br\/wp-content\/uploads\/2020\/02\/Logo_Mizu.png\" alt=\"\" class=\"wp-image-1441\" srcset=\"https:\/\/jornalfatosenoticias.com.br\/wp-content\/uploads\/2020\/02\/Logo_Mizu.png 729w, https:\/\/jornalfatosenoticias.com.br\/wp-content\/uploads\/2020\/02\/Logo_Mizu-300x37.png 300w\" sizes=\"auto, (max-width: 729px) 100vw, 729px\" \/><\/figure><\/div>\n\n\n\n<p>O crescimento da arrecada\u00e7\u00e3o de impostos em janeiro, festejado pela equipe econ\u00f4mica, est\u00e1 longe de sinalizar um equil\u00edbrio das contas do governo de Luiz In\u00e1cio Lula da Silva (PT). Ao contr\u00e1rio. O temor do mercado \u00e9 de que o breve f\u00f4lego propiciado pela receita extra, vinda de eventos n\u00e3o recorrentes, seja visto pelo atual governo como uma &#8220;licen\u00e7a para gastar&#8221;, agravando ainda mais a trajet\u00f3ria da d\u00edvida p\u00fablica, considerada preocupante pelos especialistas ouvidos pela Gazeta do Povo.<br>E, de fato, bastou o resultado do primeiro m\u00eas do ano para Lula come\u00e7ar a falar em &#8220;aumentar o limite de gastos&#8221; \u2014 limite este definido pelo chamado arcabou\u00e7o fiscal, que rec\u00e9m come\u00e7ou a vigorar.<\/p>\n\n\n\n<blockquote class=\"wp-block-quote is-layout-flow wp-block-quote-is-layout-flow\"><p><span class=\"has-inline-color has-luminous-vivid-orange-color\">A perspectiva geral n\u00e3o \u00e9 boa. Quando olhamos o indicador mais importante para a solv\u00eancia do governo no m\u00e9dio e longo prazo, a d\u00edvida p\u00fablica sobre o PIB [Produto Interno Bruto], vemos que ela n\u00e3o para de crescer&#8221;, alerta Cristiane Schmidt, professora da Funda\u00e7\u00e3o da Get\u00falio Vargas (FGV-RJ) e do Instituto Millenium e consultora s\u00eanior para o Banco Mundial.<\/span><\/p><\/blockquote>\n\n\n\n<div class=\"wp-block-image\"><figure class=\"aligncenter size-large\"><img decoding=\"async\" src=\"https:\/\/jornalfatosenoticias.com.br\/wp-content\/uploads\/2020\/02\/barao-das-carnes-300x164-1.jpg\" alt=\"\" class=\"wp-image-34339\"\/><\/figure><\/div>\n\n\n\n<p>Depois de dois anos em queda, a trajet\u00f3ria da d\u00edvida p\u00fablica do Pa\u00eds se inverteu em 2023 e subiu quase tr\u00eas pontos percentuais em um ano, passando de 71,7% do PIB em dezembro 2022 para 74,3% do PIB 12 meses depois. Os \u00faltimos dados do Banco Central revelam que em janeiro de 2024 a d\u00edvida subiu mais um pouco e atingiu 75% do PIB, o maior n\u00edvel desde julho de 2022.<\/p>\n\n\n\n<div class=\"wp-block-image\"><figure class=\"aligncenter size-large is-resized\"><img loading=\"lazy\" decoding=\"async\" src=\"https:\/\/jornalfatosenoticias.com.br\/wp-content\/uploads\/2023\/12\/pegoretti-logo-pdf-1024x389.jpg\" alt=\"\" class=\"wp-image-47536\" width=\"511\" height=\"194\" srcset=\"https:\/\/jornalfatosenoticias.com.br\/wp-content\/uploads\/2023\/12\/pegoretti-logo-pdf-1024x389.jpg 1024w, https:\/\/jornalfatosenoticias.com.br\/wp-content\/uploads\/2023\/12\/pegoretti-logo-pdf-300x114.jpg 300w, https:\/\/jornalfatosenoticias.com.br\/wp-content\/uploads\/2023\/12\/pegoretti-logo-pdf-768x291.jpg 768w, https:\/\/jornalfatosenoticias.com.br\/wp-content\/uploads\/2023\/12\/pegoretti-logo-pdf.jpg 1120w\" sizes=\"auto, (max-width: 511px) 100vw, 511px\" \/><\/figure><\/div>\n\n\n\n<p><strong><span class=\"has-inline-color has-black-color\">D\u00edvida vai continuar crescendo, segundo proje\u00e7\u00f5es do mercado<br><\/span><\/strong>Conforme o BC, o resultado prim\u00e1rio de janeiro do setor p\u00fablico consolidado \u2014 que inclui os governos das tr\u00eas esferas e estatais \u2014 ficou negativo em R$ 246 bilh\u00f5es, no acumulado de 12 meses. O rombo \u00e9 apenas ligeiramente menor que o acumulado at\u00e9 o m\u00eas anterior \u2014 R$ 249,1 bilh\u00f5es, o pior resultado desde 2020, quando os gastos aumentaram com o combate \u00e0 pandemia de covid-19.<br>Mas o resultado prim\u00e1rio n\u00e3o reflete os gastos financeiros com a d\u00edvida. E eles nunca foram t\u00e3o altos. Em um ano, os juros consumiram R$ 746 bilh\u00f5es, segundo o dado de janeiro \u2014 o maior valor da hist\u00f3ria para um acumulado de 12 meses, equivalente a quatro anos de Bolsa Fam\u00edlia. Como acontece quase sem tr\u00e9gua desde 2014, todos os juros foram pagos com emiss\u00e3o de novas d\u00edvidas, uma vez que o governo n\u00e3o est\u00e1 poupando dinheiro.<\/p>\n\n\n\n<div class=\"wp-block-image\"><figure class=\"aligncenter size-large is-resized\"><img loading=\"lazy\" decoding=\"async\" src=\"https:\/\/jornalfatosenoticias.com.br\/wp-content\/uploads\/2020\/02\/CONTROL-CS.jpg\" alt=\"\" class=\"wp-image-44991\" width=\"302\" height=\"362\" srcset=\"https:\/\/jornalfatosenoticias.com.br\/wp-content\/uploads\/2020\/02\/CONTROL-CS.jpg 834w, https:\/\/jornalfatosenoticias.com.br\/wp-content\/uploads\/2020\/02\/CONTROL-CS-250x300.jpg 250w, https:\/\/jornalfatosenoticias.com.br\/wp-content\/uploads\/2020\/02\/CONTROL-CS-768x921.jpg 768w\" sizes=\"auto, (max-width: 302px) 100vw, 302px\" \/><\/figure><\/div>\n\n\n\n<p>Na soma do d\u00e9ficit prim\u00e1rio com os juros, o chamado resultado nominal do setor p\u00fablico foi de um rombo acumulado de quase R$ 1 trilh\u00e3o em 12 meses. O resultado s\u00f3 foi pior que isso em alguns meses entre 2020 e 2021. A perspectiva da corretora XP, a se manter o ritmo atual, \u00e9 de que a d\u00edvida p\u00fablica atinja 77% do PIB ao fim de 2024, 79% em 2025 e 81,4% em 2026. A expectativa mediana de pouco mais de 30 bancos, corretoras e consultorias consultados pelo Banco Central \u00e9 ligeiramente pior: nesse c\u00e1lculo, a d\u00edvida ao fim dos mesmos tr\u00eas anos seria de 77,8%, 80% e 82,5% do PIB, respectivamente.<\/p>\n\n\n\n<div class=\"wp-block-image\"><figure class=\"aligncenter size-large\"><img decoding=\"async\" src=\"https:\/\/jornalfatosenoticias.com.br\/wp-content\/uploads\/2020\/02\/logo_esteio.jpg\" alt=\"\" class=\"wp-image-1214\"\/><\/figure><\/div>\n\n\n\n<blockquote class=\"wp-block-quote is-layout-flow wp-block-quote-is-layout-flow\"><p><span class=\"has-inline-color has-luminous-vivid-orange-color\">A d\u00edvida \u00e9 uma vari\u00e1vel importante que a gente tem que monitorar, porque representa um risco que tem impactos tanto em atividade econ\u00f4mica, afetando o crescimento, quanto em infla\u00e7\u00e3o&#8221;, afirma o economista Tiago Sbardelotto, da XP Macro Watch.<\/span><\/p><\/blockquote>\n\n\n\n<div class=\"wp-block-image\"><figure class=\"aligncenter size-large is-resized\"><img loading=\"lazy\" decoding=\"async\" src=\"https:\/\/jornalfatosenoticias.com.br\/wp-content\/uploads\/2020\/02\/logo-Rapuzel-1024x571.jpg\" alt=\"\" class=\"wp-image-42808\" width=\"363\" height=\"202\" srcset=\"https:\/\/jornalfatosenoticias.com.br\/wp-content\/uploads\/2020\/02\/logo-Rapuzel-1024x571.jpg 1024w, https:\/\/jornalfatosenoticias.com.br\/wp-content\/uploads\/2020\/02\/logo-Rapuzel-300x167.jpg 300w, https:\/\/jornalfatosenoticias.com.br\/wp-content\/uploads\/2020\/02\/logo-Rapuzel-768x428.jpg 768w, https:\/\/jornalfatosenoticias.com.br\/wp-content\/uploads\/2020\/02\/logo-Rapuzel-1536x856.jpg 1536w, https:\/\/jornalfatosenoticias.com.br\/wp-content\/uploads\/2020\/02\/logo-Rapuzel.jpg 1600w\" sizes=\"auto, (max-width: 363px) 100vw, 363px\" \/><\/figure><\/div>\n\n\n\n<p><strong><span class=\"has-inline-color has-black-color\">Pagamento de juros impulsiona a d\u00edvida p\u00fablica<br><\/span><\/strong>A rela\u00e7\u00e3o d\u00edvida p\u00fablica\/PIB \u00e9 afetada basicamente pela combina\u00e7\u00e3o de taxa de juros, resultado prim\u00e1rio e crescimento econ\u00f4mico. Durante a pandemia, o que pressionou a d\u00edvida \u2014 que bateu em 87,7% do PIB em outubro de 2020 \u2014 foi alto d\u00e9ficit prim\u00e1rio, impulsionado pelos gastos com sa\u00fade. As despesas com juros, gra\u00e7as \u00e0 Selic mais baixa na \u00e9poca, foram menores.<\/p>\n\n\n\n<div class=\"wp-block-image\"><figure class=\"aligncenter size-large is-resized\"><img loading=\"lazy\" decoding=\"async\" src=\"https:\/\/jornalfatosenoticias.com.br\/wp-content\/uploads\/2023\/09\/vetorvix1024_1.jpg\" alt=\"\" class=\"wp-image-44868\" width=\"524\" height=\"139\" srcset=\"https:\/\/jornalfatosenoticias.com.br\/wp-content\/uploads\/2023\/09\/vetorvix1024_1.jpg 1024w, https:\/\/jornalfatosenoticias.com.br\/wp-content\/uploads\/2023\/09\/vetorvix1024_1-300x80.jpg 300w, https:\/\/jornalfatosenoticias.com.br\/wp-content\/uploads\/2023\/09\/vetorvix1024_1-768x205.jpg 768w\" sizes=\"auto, (max-width: 524px) 100vw, 524px\" \/><\/figure><\/div>\n\n\n\n<p>Hoje os gastos com juros s\u00e3o bem maiores. Apesar da trajet\u00f3ria de queda na taxa b\u00e1sica (a Selic), ela ainda est\u00e1 em 11,25% ao ano, uma das maiores do mundo. O piso estimado pelo mercado para a Selic \u00e9 de 9% at\u00e9 o fim do ano. A pol\u00edtica monet\u00e1ria do BC tem sido r\u00edgida em boa parte das \u00faltimas d\u00e9cadas a fim de controlar a infla\u00e7\u00e3o, fruto do desajuste estrutural das contas do governo.<\/p>\n\n\n\n<div class=\"wp-block-image\"><figure class=\"aligncenter size-large is-resized\"><img loading=\"lazy\" decoding=\"async\" src=\"https:\/\/jornalfatosenoticias.com.br\/wp-content\/uploads\/2022\/02\/Precisao-Contabilidade-1024x724.jpg\" alt=\"\" class=\"wp-image-28088\" width=\"348\" height=\"246\"\/><\/figure><\/div>\n\n\n\n<blockquote class=\"wp-block-quote is-layout-flow wp-block-quote-is-layout-flow\"><p><span class=\"has-inline-color has-luminous-vivid-orange-color\">A gente v\u00ea que, de fato, os juros foram um componente importante do crescimento da d\u00edvida em 2023, mas eles devem se reduzir nos pr\u00f3ximos anos, \u00e0 medida que o BC reduzir a Selic. Devem caminhar para ter uma participa\u00e7\u00e3o bem menor do que tiveram no passado&#8221;, prev\u00ea Sbardelotto.<\/span><\/p><\/blockquote>\n\n\n\n<div class=\"wp-block-image\"><figure class=\"aligncenter size-large is-resized\"><img loading=\"lazy\" decoding=\"async\" src=\"https:\/\/jornalfatosenoticias.com.br\/wp-content\/uploads\/2023\/03\/nova-logo-Marquetti.jpg\" alt=\"\" class=\"wp-image-40207\" width=\"309\" height=\"207\" srcset=\"https:\/\/jornalfatosenoticias.com.br\/wp-content\/uploads\/2023\/03\/nova-logo-Marquetti.jpg 643w, https:\/\/jornalfatosenoticias.com.br\/wp-content\/uploads\/2023\/03\/nova-logo-Marquetti-300x202.jpg 300w\" sizes=\"auto, (max-width: 309px) 100vw, 309px\" \/><\/figure><\/div>\n\n\n\n<p>O desempenho da economia, outro fator que pesa no c\u00e1lculo da d\u00edvida\/PIB, \u00e9 insuficiente. O Pa\u00eds cresceu 2,9% em 2023, acima do previsto pelo mercado, mas abaixo do necess\u00e1rio para compensar o elevado d\u00e9ficit prim\u00e1rio. &#8220;O que a gente viu no ano passado e o que a gente est\u00e1 vendo para os pr\u00f3ximos anos \u00e9 uma forte contribui\u00e7\u00e3o do resultado prim\u00e1rio negativo para o aumento da d\u00edvida&#8221;, explica Sbardelotto. Por isso, segundo ele, o equil\u00edbrio entre despesas e receitas para melhorar os resultados prim\u00e1rios \u00e9 o \u00fanico caminho para a gest\u00e3o da d\u00edvida.<\/p>\n\n\n\n<div class=\"wp-block-image\"><figure class=\"aligncenter size-large is-resized\"><img loading=\"lazy\" decoding=\"async\" src=\"https:\/\/jornalfatosenoticias.com.br\/wp-content\/uploads\/2024\/01\/consultoria-ambiental.jpg\" alt=\"\" class=\"wp-image-48314\" width=\"334\" height=\"302\" srcset=\"https:\/\/jornalfatosenoticias.com.br\/wp-content\/uploads\/2024\/01\/consultoria-ambiental.jpg 832w, https:\/\/jornalfatosenoticias.com.br\/wp-content\/uploads\/2024\/01\/consultoria-ambiental-300x272.jpg 300w, https:\/\/jornalfatosenoticias.com.br\/wp-content\/uploads\/2024\/01\/consultoria-ambiental-768x696.jpg 768w\" sizes=\"auto, (max-width: 334px) 100vw, 334px\" \/><\/figure><\/div>\n\n\n\n<blockquote class=\"wp-block-quote is-layout-flow wp-block-quote-is-layout-flow\"><p><span class=\"has-inline-color has-luminous-vivid-orange-color\">O gasto p\u00fablico \u00e9 a \u00fanica vari\u00e1vel que o governo tem controle. S\u00f3 com ajuste de despesas e receitas haveria alguma capacidade de reduzir o rombo&#8221;, diz. &#8220;Mas isso n\u00e3o parece fazer parte da estrat\u00e9gia que o governo escolheu, de fazer o ajuste s\u00f3 por meio do aumento da receita e n\u00e3o do corte de despesas&#8221;.<\/span><\/p><\/blockquote>\n\n\n\n<div class=\"wp-block-image\"><figure class=\"aligncenter size-large is-resized\"><img loading=\"lazy\" decoding=\"async\" src=\"https:\/\/jornalfatosenoticias.com.br\/wp-content\/uploads\/2023\/08\/ITH.jpeg\" alt=\"\" class=\"wp-image-44638\" width=\"320\" height=\"260\" srcset=\"https:\/\/jornalfatosenoticias.com.br\/wp-content\/uploads\/2023\/08\/ITH.jpeg 800w, https:\/\/jornalfatosenoticias.com.br\/wp-content\/uploads\/2023\/08\/ITH-300x244.jpeg 300w, https:\/\/jornalfatosenoticias.com.br\/wp-content\/uploads\/2023\/08\/ITH-768x624.jpeg 768w\" sizes=\"auto, (max-width: 320px) 100vw, 320px\" \/><\/figure><\/div>\n\n\n\n<p>O governo anunciou no ano passado uma pol\u00edtica de revis\u00e3o de gastos e tem um grupo no Minist\u00e9rio do Planejamento para tratar do assunto. A ministra Simone Tebet sinalizou que h\u00e1 coisas a serem anunciadas dentro de uma &#8220;cultura de planejamento&#8221;. Mas essa agenda est\u00e1 lenta \u2014 nada de impacto foi anunciado at\u00e9 agora \u2014 e h\u00e1 muito ceticismo. &#8220;Eu quero ver isso acontecer de fato, porque a gente j\u00e1 teve outras tentativas&#8221;, diz Cristiane Schmidt.<\/p>\n\n\n\n<div class=\"wp-block-image\"><figure class=\"aligncenter size-large is-resized\"><img loading=\"lazy\" decoding=\"async\" src=\"https:\/\/jornalfatosenoticias.com.br\/wp-content\/uploads\/2023\/03\/logo-Panper_portal.jpg\" alt=\"\" class=\"wp-image-40208\" width=\"377\" height=\"261\" srcset=\"https:\/\/jornalfatosenoticias.com.br\/wp-content\/uploads\/2023\/03\/logo-Panper_portal.jpg 400w, https:\/\/jornalfatosenoticias.com.br\/wp-content\/uploads\/2023\/03\/logo-Panper_portal-300x208.jpg 300w\" sizes=\"auto, (max-width: 377px) 100vw, 377px\" \/><\/figure><\/div>\n\n\n\n<p><strong><span class=\"has-inline-color has-black-color\">Arrecada\u00e7\u00e3o aumentou, mas n\u00e3o aliviou a d\u00edvida do governo<br><\/span><\/strong>Em janeiro, gra\u00e7as aos projetos de arrecada\u00e7\u00e3o negociados pelo ministro Fernando Haddad, da Fazenda, junto ao Congresso Nacional, a soma de impostos, contribui\u00e7\u00f5es e outras receitas federais chegou a R$ 280,6 bilh\u00f5es, um aumento real (acima da infla\u00e7\u00e3o) de 6,7% ante o mesmo per\u00edodo de 2023.<br>Parte do resultado, o melhor resultado da s\u00e9rie hist\u00f3rica, se deveu \u00e0 tributa\u00e7\u00e3o de aplica\u00e7\u00f5es dos chamados &#8220;super-ricos&#8221; e a reonera\u00e7\u00e3o dos combust\u00edveis. Nem isso impediu, no entanto, o aumento da d\u00edvida p\u00fablica no m\u00eas. Para os analistas, embora a alta da receita d\u00ea ao governo alguma margem de manobra na gest\u00e3o do Or\u00e7amento de 2024, ser\u00e1 dif\u00edcil zerar o d\u00e9ficit neste ano, como prev\u00ea o arcabou\u00e7o fiscal.<\/p>\n\n\n\n<div class=\"wp-block-image\"><figure class=\"aligncenter size-large\"><img loading=\"lazy\" decoding=\"async\" width=\"300\" height=\"250\" src=\"https:\/\/jornalfatosenoticias.com.br\/wp-content\/uploads\/2022\/02\/FERRARI_MAQUINAS-E-FERRAMENTAS2.jpg\" alt=\"\" class=\"wp-image-27860\"\/><\/figure><\/div>\n\n\n\n<blockquote class=\"wp-block-quote is-layout-flow wp-block-quote-is-layout-flow\"><p><span class=\"has-inline-color has-luminous-vivid-orange-color\">O resultado fiscal deu um respiro ao governo, que n\u00e3o vai precisar fazer j\u00e1 em mar\u00e7o o contingenciamento necess\u00e1rio para manter a meta&#8221;, afirma Schmidt. &#8220;Mas est\u00e1 longe de ser uma licen\u00e7a para gastar. Mais de 60% dos valores se devem a tributos n\u00e3o recorrentes, que v\u00eam uma vez e v\u00e3o embora. \u00c9 o caso dos fundos offshore e exclusivos&#8221;.<\/span><\/p><\/blockquote>\n\n\n\n<div class=\"wp-block-image\"><figure class=\"aligncenter size-large is-resized\"><img loading=\"lazy\" decoding=\"async\" src=\"https:\/\/jornalfatosenoticias.com.br\/wp-content\/uploads\/2023\/08\/BKR-1024x1021.jpg\" alt=\"\" class=\"wp-image-44494\" width=\"308\" height=\"307\" srcset=\"https:\/\/jornalfatosenoticias.com.br\/wp-content\/uploads\/2023\/08\/BKR-1024x1021.jpg 1024w, https:\/\/jornalfatosenoticias.com.br\/wp-content\/uploads\/2023\/08\/BKR-300x300.jpg 300w, https:\/\/jornalfatosenoticias.com.br\/wp-content\/uploads\/2023\/08\/BKR-150x150.jpg 150w, https:\/\/jornalfatosenoticias.com.br\/wp-content\/uploads\/2023\/08\/BKR-768x766.jpg 768w, https:\/\/jornalfatosenoticias.com.br\/wp-content\/uploads\/2023\/08\/BKR.jpg 1080w\" sizes=\"auto, (max-width: 308px) 100vw, 308px\" \/><\/figure><\/div>\n\n\n\n<p>Neste m\u00eas ser\u00e1 divulgado o primeiro relat\u00f3rio de receitas e despesas do ano, atendendo exig\u00eancia da Lei de Responsabilidade Fiscal. At\u00e9 pouco tempo atr\u00e1s, havia a percep\u00e7\u00e3o de que o governo seria obrigado a mudar a meta fiscal caso n\u00e3o quisesse fazer um grande bloqueio de recursos j\u00e1 em mar\u00e7o; com os resultados fiscais mais recentes, a necessidade de mudan\u00e7a parece ter sido postergada.<\/p>\n\n\n\n<div class=\"wp-block-image\"><figure class=\"aligncenter size-large is-resized\"><img loading=\"lazy\" decoding=\"async\" src=\"https:\/\/jornalfatosenoticias.com.br\/wp-content\/uploads\/2023\/03\/nova-logo-Marquetti.jpg\" alt=\"\" class=\"wp-image-40207\" width=\"323\" height=\"217\" srcset=\"https:\/\/jornalfatosenoticias.com.br\/wp-content\/uploads\/2023\/03\/nova-logo-Marquetti.jpg 643w, https:\/\/jornalfatosenoticias.com.br\/wp-content\/uploads\/2023\/03\/nova-logo-Marquetti-300x202.jpg 300w\" sizes=\"auto, (max-width: 323px) 100vw, 323px\" \/><\/figure><\/div>\n\n\n\n<p>Para a economista do Millenium, mesmo que Haddad consiga viabilizar junto ao Congresso toda a pauta econ\u00f4mica do governo, seria dif\u00edcil manter a arrecada\u00e7\u00e3o elevada ao longo do ano para somar os R$ 68 bilh\u00f5es extras necess\u00e1rios para zerar o rombo.<\/p>\n\n\n\n<div class=\"wp-block-image\"><figure class=\"aligncenter size-large\"><img decoding=\"async\" src=\"https:\/\/jornalfatosenoticias.com.br\/wp-content\/uploads\/2020\/02\/logo_esteio.jpg\" alt=\"\" class=\"wp-image-1214\"\/><\/figure><\/div>\n\n\n\n<blockquote class=\"wp-block-quote is-layout-flow wp-block-quote-is-layout-flow\"><p><span class=\"has-inline-color has-luminous-vivid-orange-color\">Precisaria bater recorde de arrecada\u00e7\u00e3o todos os meses&#8221;, afirma. &#8220;Eu tenho muito medo do Lula e dos seus ministros falarem &#8216;bom, temos dinheiro suficiente, podemos gastar e vamos gastar&#8217;. J\u00e1 estamos vendo concursos sendo abertos&#8221;, observa.<\/span><\/p><\/blockquote>\n\n\n\n<div class=\"wp-block-image\"><figure class=\"aligncenter size-large\"><img decoding=\"async\" src=\"https:\/\/jornalfatosenoticias.com.br\/wp-content\/uploads\/2020\/02\/barao-das-carnes-300x164-1.jpg\" alt=\"\" class=\"wp-image-34339\"\/><\/figure><\/div>\n\n\n\n<p><strong><span class=\"has-inline-color has-black-color\">Mercado espera novos d\u00e9ficits nos pr\u00f3ximos anos<br><\/span><\/strong>Embora o governo deva insistir at\u00e9 onde for poss\u00edvel na meta prevista pelo arcabou\u00e7o fiscal, a estimativa da XP \u00e9 de um d\u00e9ficit prim\u00e1rio de 0,8% do PIB este ano, 1,2% no ano que vem e 1% em 2026. Sbardelotto destaca que os pr\u00f3ximos anos de d\u00e9ficits continuar\u00e3o a empurrar a d\u00edvida p\u00fablica para n\u00edveis mais altos. Para poder controlar a d\u00edvida, o governo precisaria gerar um super\u00e1vit de 1,8% do PIB, calcula o economista.<\/p>\n\n\n\n<div class=\"wp-block-image\"><figure class=\"aligncenter size-large\"><img loading=\"lazy\" decoding=\"async\" width=\"300\" height=\"250\" src=\"https:\/\/jornalfatosenoticias.com.br\/wp-content\/uploads\/2020\/02\/Banner-2.png\" alt=\"\" class=\"wp-image-43787\"\/><\/figure><\/div>\n\n\n\n<blockquote class=\"wp-block-quote is-layout-flow wp-block-quote-is-layout-flow\"><p><span class=\"has-inline-color has-luminous-vivid-orange-color\">A gente v\u00ea o governo brigando para fazer resultado zero, e sabe que j\u00e1 \u00e9 algo bem dif\u00edcil. Quem dir\u00e1, ent\u00e3o, pra chegar nesses 1,8% de super\u00e1vit, que \u00e9 o necess\u00e1rio para estabilizar a d\u00edvida&#8221;, diz.<\/span><\/p><\/blockquote>\n\n\n\n<div class=\"wp-block-image\"><figure class=\"aligncenter size-large is-resized\"><img loading=\"lazy\" decoding=\"async\" src=\"https:\/\/jornalfatosenoticias.com.br\/wp-content\/uploads\/2020\/02\/logo-Rapuzel-1024x571.jpg\" alt=\"\" class=\"wp-image-42808\" width=\"347\" height=\"193\" srcset=\"https:\/\/jornalfatosenoticias.com.br\/wp-content\/uploads\/2020\/02\/logo-Rapuzel-1024x571.jpg 1024w, https:\/\/jornalfatosenoticias.com.br\/wp-content\/uploads\/2020\/02\/logo-Rapuzel-300x167.jpg 300w, https:\/\/jornalfatosenoticias.com.br\/wp-content\/uploads\/2020\/02\/logo-Rapuzel-768x428.jpg 768w, https:\/\/jornalfatosenoticias.com.br\/wp-content\/uploads\/2020\/02\/logo-Rapuzel-1536x856.jpg 1536w, https:\/\/jornalfatosenoticias.com.br\/wp-content\/uploads\/2020\/02\/logo-Rapuzel.jpg 1600w\" sizes=\"auto, (max-width: 347px) 100vw, 347px\" \/><\/figure><\/div>\n\n\n\n<p>Na avalia\u00e7\u00e3o de Reginaldo Nogueira, diretor s\u00eanior do Ibmec, o mercado monitora a trajet\u00f3ria da d\u00edvida, mas n\u00e3o se preocupa com uma explos\u00e3o ou um calote no curto prazo porque v\u00ea no arcabou\u00e7o fiscal, embora mais fr\u00e1gil que o teto de gastos, um sinalizador de alguma conten\u00e7\u00e3o.<\/p>\n\n\n\n<div class=\"wp-block-image\"><figure class=\"aligncenter size-large is-resized\"><img loading=\"lazy\" decoding=\"async\" src=\"https:\/\/jornalfatosenoticias.com.br\/wp-content\/uploads\/2024\/01\/consultoria-ambiental.jpg\" alt=\"\" class=\"wp-image-48314\" width=\"376\" height=\"340\" srcset=\"https:\/\/jornalfatosenoticias.com.br\/wp-content\/uploads\/2024\/01\/consultoria-ambiental.jpg 832w, https:\/\/jornalfatosenoticias.com.br\/wp-content\/uploads\/2024\/01\/consultoria-ambiental-300x272.jpg 300w, https:\/\/jornalfatosenoticias.com.br\/wp-content\/uploads\/2024\/01\/consultoria-ambiental-768x696.jpg 768w\" sizes=\"auto, (max-width: 376px) 100vw, 376px\" \/><\/figure><\/div>\n\n\n\n<blockquote class=\"wp-block-quote is-layout-flow wp-block-quote-is-layout-flow\"><p><span class=\"has-inline-color has-luminous-vivid-orange-color\">O fiscal acaba tendo mais reflexo nos juros de longo prazo&#8221;, avalia. &#8220;Mas alguma sinaliza\u00e7\u00e3o de ajuste para conter a d\u00edvida p\u00fablica vai ter que ser dado pelo governo at\u00e9 o fim do ano&#8221;, prev\u00ea.<\/span><\/p><\/blockquote>\n\n\n\n<p><strong><em>Fonte: <a href=\"https:\/\/www.gazetadopovo.com.br\/economia\/divida-do-governo-nao-para-de-crescer-mas-lula-quer-licenca-para-gastar-mais\/\">Gazeta do Povo<\/a><\/em><\/strong><\/p>\n","protected":false},"excerpt":{"rendered":"<p>D\u00edvida do governo est\u00e1 crescendo, mas Lula j\u00e1 fala em aumentar o limite de gastos que acaba de entrar em vigor Por Rose Amant\u00e9a O crescimento da arrecada\u00e7\u00e3o de impostos em janeiro, festejado pela equipe econ\u00f4mica, est\u00e1 longe de sinalizar um equil\u00edbrio das contas do governo de Luiz In\u00e1cio Lula da Silva (PT). Ao contr\u00e1rio. [&hellip;]<\/p>\n","protected":false},"author":2,"featured_media":49974,"comment_status":"open","ping_status":"open","sticky":false,"template":"","format":"standard","meta":{"footnotes":""},"categories":[9],"tags":[1560,1006,10224,8163,240,18155,860,8257,7580,3553,23082,330,278,1975,22536,8611],"class_list":["post-49973","post","type-post","status-publish","format-standard","has-post-thumbnail","hentry","category-economia","tag-banco-mundial","tag-bolsa-familia","tag-congresso-nacional","tag-contas-publicas","tag-economia","tag-fernando-haddad","tag-governo-federal","tag-impostos","tag-lula","tag-mercado","tag-meta","tag-pandemia","tag-pib","tag-receita","tag-superavit-primario","tag-tributacao"],"yoast_head":"<!-- This site is optimized with the Yoast SEO plugin v26.5 - https:\/\/yoast.com\/wordpress\/plugins\/seo\/ -->\n<title>D\u00edvida do governo n\u00e3o para de crescer, mas Lula quer licen\u00e7a para gastar mais - Jornal Fatos e Not\u00edcias<\/title>\n<meta name=\"robots\" content=\"index, follow, max-snippet:-1, max-image-preview:large, max-video-preview:-1\" \/>\n<link rel=\"canonical\" href=\"https:\/\/jornalfatosenoticias.com.br\/index.php\/2024\/03\/18\/divida-do-governo-nao-para-de-crescer-mas-lula-quer-licenca-para-gastar-mais\/\" \/>\n<meta property=\"og:locale\" content=\"pt_BR\" \/>\n<meta property=\"og:type\" content=\"article\" \/>\n<meta property=\"og:title\" content=\"D\u00edvida do governo n\u00e3o para de crescer, mas Lula quer licen\u00e7a para gastar mais - Jornal Fatos e Not\u00edcias\" \/>\n<meta property=\"og:description\" content=\"D\u00edvida do governo est\u00e1 crescendo, mas Lula j\u00e1 fala em aumentar o limite de gastos que acaba de entrar em vigor Por Rose Amant\u00e9a O crescimento da arrecada\u00e7\u00e3o de impostos em janeiro, festejado pela equipe econ\u00f4mica, est\u00e1 longe de sinalizar um equil\u00edbrio das contas do governo de Luiz In\u00e1cio Lula da Silva (PT). Ao contr\u00e1rio. [&hellip;]\" \/>\n<meta property=\"og:url\" content=\"https:\/\/jornalfatosenoticias.com.br\/index.php\/2024\/03\/18\/divida-do-governo-nao-para-de-crescer-mas-lula-quer-licenca-para-gastar-mais\/\" \/>\n<meta property=\"og:site_name\" content=\"Jornal Fatos e Not\u00edcias\" \/>\n<meta property=\"article:published_time\" content=\"2024-03-18T15:01:50+00:00\" \/>\n<meta property=\"article:modified_time\" content=\"2024-03-18T15:01:51+00:00\" \/>\n<meta property=\"og:image\" content=\"https:\/\/jornalfatosenoticias.com.br\/wp-content\/uploads\/2024\/03\/divida-governo-Lula.png\" \/>\n\t<meta property=\"og:image:width\" content=\"960\" \/>\n\t<meta property=\"og:image:height\" content=\"525\" \/>\n\t<meta property=\"og:image:type\" content=\"image\/png\" \/>\n<meta name=\"author\" content=\"Luzimara Fernandes\" \/>\n<meta name=\"twitter:card\" content=\"summary_large_image\" \/>\n<meta name=\"twitter:label1\" content=\"Escrito por\" \/>\n\t<meta name=\"twitter:data1\" content=\"Luzimara Fernandes\" \/>\n\t<meta name=\"twitter:label2\" content=\"Est. tempo de leitura\" \/>\n\t<meta name=\"twitter:data2\" content=\"8 minutos\" \/>\n<script type=\"application\/ld+json\" class=\"yoast-schema-graph\">{\"@context\":\"https:\/\/schema.org\",\"@graph\":[{\"@type\":\"Article\",\"@id\":\"https:\/\/jornalfatosenoticias.com.br\/index.php\/2024\/03\/18\/divida-do-governo-nao-para-de-crescer-mas-lula-quer-licenca-para-gastar-mais\/#article\",\"isPartOf\":{\"@id\":\"https:\/\/jornalfatosenoticias.com.br\/index.php\/2024\/03\/18\/divida-do-governo-nao-para-de-crescer-mas-lula-quer-licenca-para-gastar-mais\/\"},\"author\":{\"name\":\"Luzimara Fernandes\",\"@id\":\"https:\/\/jornalfatosenoticias.com.br\/#\/schema\/person\/d63837fa13ac8666eb9e74e0985d6f81\"},\"headline\":\"D\u00edvida do governo n\u00e3o para de crescer, mas Lula quer licen\u00e7a para gastar mais\",\"datePublished\":\"2024-03-18T15:01:50+00:00\",\"dateModified\":\"2024-03-18T15:01:51+00:00\",\"mainEntityOfPage\":{\"@id\":\"https:\/\/jornalfatosenoticias.com.br\/index.php\/2024\/03\/18\/divida-do-governo-nao-para-de-crescer-mas-lula-quer-licenca-para-gastar-mais\/\"},\"wordCount\":1640,\"commentCount\":0,\"publisher\":{\"@id\":\"https:\/\/jornalfatosenoticias.com.br\/#organization\"},\"image\":{\"@id\":\"https:\/\/jornalfatosenoticias.com.br\/index.php\/2024\/03\/18\/divida-do-governo-nao-para-de-crescer-mas-lula-quer-licenca-para-gastar-mais\/#primaryimage\"},\"thumbnailUrl\":\"https:\/\/jornalfatosenoticias.com.br\/wp-content\/uploads\/2024\/03\/divida-governo-Lula.png\",\"keywords\":[\"Banco Mundial\",\"Bolsa Fam\u00edlia\",\"Congresso Nacional\",\"contas p\u00fablicas\",\"economia\",\"Fernando Haddad\",\"governo federal\",\"impostos\",\"Lula\",\"mercado\",\"meta\",\"pandemia\",\"PIB\",\"receita\",\"super\u00e1vit prim\u00e1rio\",\"tributa\u00e7\u00e3o\"],\"articleSection\":[\"Economia\"],\"inLanguage\":\"pt-BR\",\"potentialAction\":[{\"@type\":\"CommentAction\",\"name\":\"Comment\",\"target\":[\"https:\/\/jornalfatosenoticias.com.br\/index.php\/2024\/03\/18\/divida-do-governo-nao-para-de-crescer-mas-lula-quer-licenca-para-gastar-mais\/#respond\"]}]},{\"@type\":\"WebPage\",\"@id\":\"https:\/\/jornalfatosenoticias.com.br\/index.php\/2024\/03\/18\/divida-do-governo-nao-para-de-crescer-mas-lula-quer-licenca-para-gastar-mais\/\",\"url\":\"https:\/\/jornalfatosenoticias.com.br\/index.php\/2024\/03\/18\/divida-do-governo-nao-para-de-crescer-mas-lula-quer-licenca-para-gastar-mais\/\",\"name\":\"D\u00edvida do governo n\u00e3o para de crescer, mas Lula quer licen\u00e7a para gastar mais - Jornal Fatos e Not\u00edcias\",\"isPartOf\":{\"@id\":\"https:\/\/jornalfatosenoticias.com.br\/#website\"},\"primaryImageOfPage\":{\"@id\":\"https:\/\/jornalfatosenoticias.com.br\/index.php\/2024\/03\/18\/divida-do-governo-nao-para-de-crescer-mas-lula-quer-licenca-para-gastar-mais\/#primaryimage\"},\"image\":{\"@id\":\"https:\/\/jornalfatosenoticias.com.br\/index.php\/2024\/03\/18\/divida-do-governo-nao-para-de-crescer-mas-lula-quer-licenca-para-gastar-mais\/#primaryimage\"},\"thumbnailUrl\":\"https:\/\/jornalfatosenoticias.com.br\/wp-content\/uploads\/2024\/03\/divida-governo-Lula.png\",\"datePublished\":\"2024-03-18T15:01:50+00:00\",\"dateModified\":\"2024-03-18T15:01:51+00:00\",\"breadcrumb\":{\"@id\":\"https:\/\/jornalfatosenoticias.com.br\/index.php\/2024\/03\/18\/divida-do-governo-nao-para-de-crescer-mas-lula-quer-licenca-para-gastar-mais\/#breadcrumb\"},\"inLanguage\":\"pt-BR\",\"potentialAction\":[{\"@type\":\"ReadAction\",\"target\":[\"https:\/\/jornalfatosenoticias.com.br\/index.php\/2024\/03\/18\/divida-do-governo-nao-para-de-crescer-mas-lula-quer-licenca-para-gastar-mais\/\"]}]},{\"@type\":\"ImageObject\",\"inLanguage\":\"pt-BR\",\"@id\":\"https:\/\/jornalfatosenoticias.com.br\/index.php\/2024\/03\/18\/divida-do-governo-nao-para-de-crescer-mas-lula-quer-licenca-para-gastar-mais\/#primaryimage\",\"url\":\"https:\/\/jornalfatosenoticias.com.br\/wp-content\/uploads\/2024\/03\/divida-governo-Lula.png\",\"contentUrl\":\"https:\/\/jornalfatosenoticias.com.br\/wp-content\/uploads\/2024\/03\/divida-governo-Lula.png\",\"width\":960,\"height\":525},{\"@type\":\"BreadcrumbList\",\"@id\":\"https:\/\/jornalfatosenoticias.com.br\/index.php\/2024\/03\/18\/divida-do-governo-nao-para-de-crescer-mas-lula-quer-licenca-para-gastar-mais\/#breadcrumb\",\"itemListElement\":[{\"@type\":\"ListItem\",\"position\":1,\"name\":\"In\u00edcio\",\"item\":\"https:\/\/jornalfatosenoticias.com.br\/\"},{\"@type\":\"ListItem\",\"position\":2,\"name\":\"D\u00edvida do governo n\u00e3o para de crescer, mas Lula quer licen\u00e7a para gastar mais\"}]},{\"@type\":\"WebSite\",\"@id\":\"https:\/\/jornalfatosenoticias.com.br\/#website\",\"url\":\"https:\/\/jornalfatosenoticias.com.br\/\",\"name\":\"Jornal Fatos e Not\u00edcias\",\"description\":\"Not\u00edcias em geral\",\"publisher\":{\"@id\":\"https:\/\/jornalfatosenoticias.com.br\/#organization\"},\"potentialAction\":[{\"@type\":\"SearchAction\",\"target\":{\"@type\":\"EntryPoint\",\"urlTemplate\":\"https:\/\/jornalfatosenoticias.com.br\/?s={search_term_string}\"},\"query-input\":{\"@type\":\"PropertyValueSpecification\",\"valueRequired\":true,\"valueName\":\"search_term_string\"}}],\"inLanguage\":\"pt-BR\"},{\"@type\":\"Organization\",\"@id\":\"https:\/\/jornalfatosenoticias.com.br\/#organization\",\"name\":\"Jornal Fatos e Not\u00edcias\",\"url\":\"https:\/\/jornalfatosenoticias.com.br\/\",\"logo\":{\"@type\":\"ImageObject\",\"inLanguage\":\"pt-BR\",\"@id\":\"https:\/\/jornalfatosenoticias.com.br\/#\/schema\/logo\/image\/\",\"url\":\"https:\/\/jornalfatosenoticias.com.br\/wp-content\/uploads\/2020\/02\/logo120.png\",\"contentUrl\":\"https:\/\/jornalfatosenoticias.com.br\/wp-content\/uploads\/2020\/02\/logo120.png\",\"width\":1227,\"height\":120,\"caption\":\"Jornal Fatos e Not\u00edcias\"},\"image\":{\"@id\":\"https:\/\/jornalfatosenoticias.com.br\/#\/schema\/logo\/image\/\"}},{\"@type\":\"Person\",\"@id\":\"https:\/\/jornalfatosenoticias.com.br\/#\/schema\/person\/d63837fa13ac8666eb9e74e0985d6f81\",\"name\":\"Luzimara Fernandes\",\"image\":{\"@type\":\"ImageObject\",\"inLanguage\":\"pt-BR\",\"@id\":\"https:\/\/jornalfatosenoticias.com.br\/#\/schema\/person\/image\/\",\"url\":\"https:\/\/jornalfatosenoticias.com.br\/wp-content\/uploads\/2025\/05\/EU_portal.jpg\",\"contentUrl\":\"https:\/\/jornalfatosenoticias.com.br\/wp-content\/uploads\/2025\/05\/EU_portal.jpg\",\"caption\":\"Luzimara Fernandes\"},\"description\":\"Jornalista MTB 2358-ES\",\"sameAs\":[\"https:\/\/jornalfatosenoticias.com.br\"],\"url\":\"https:\/\/jornalfatosenoticias.com.br\/index.php\/author\/luzimara\/\"}]}<\/script>\n<!-- \/ Yoast SEO plugin. -->","yoast_head_json":{"title":"D\u00edvida do governo n\u00e3o para de crescer, mas Lula quer licen\u00e7a para gastar mais - Jornal Fatos e Not\u00edcias","robots":{"index":"index","follow":"follow","max-snippet":"max-snippet:-1","max-image-preview":"max-image-preview:large","max-video-preview":"max-video-preview:-1"},"canonical":"https:\/\/jornalfatosenoticias.com.br\/index.php\/2024\/03\/18\/divida-do-governo-nao-para-de-crescer-mas-lula-quer-licenca-para-gastar-mais\/","og_locale":"pt_BR","og_type":"article","og_title":"D\u00edvida do governo n\u00e3o para de crescer, mas Lula quer licen\u00e7a para gastar mais - Jornal Fatos e Not\u00edcias","og_description":"D\u00edvida do governo est\u00e1 crescendo, mas Lula j\u00e1 fala em aumentar o limite de gastos que acaba de entrar em vigor Por Rose Amant\u00e9a O crescimento da arrecada\u00e7\u00e3o de impostos em janeiro, festejado pela equipe econ\u00f4mica, est\u00e1 longe de sinalizar um equil\u00edbrio das contas do governo de Luiz In\u00e1cio Lula da Silva (PT). Ao contr\u00e1rio. [&hellip;]","og_url":"https:\/\/jornalfatosenoticias.com.br\/index.php\/2024\/03\/18\/divida-do-governo-nao-para-de-crescer-mas-lula-quer-licenca-para-gastar-mais\/","og_site_name":"Jornal Fatos e Not\u00edcias","article_published_time":"2024-03-18T15:01:50+00:00","article_modified_time":"2024-03-18T15:01:51+00:00","og_image":[{"width":960,"height":525,"url":"https:\/\/jornalfatosenoticias.com.br\/wp-content\/uploads\/2024\/03\/divida-governo-Lula.png","type":"image\/png"}],"author":"Luzimara Fernandes","twitter_card":"summary_large_image","twitter_misc":{"Escrito por":"Luzimara Fernandes","Est. tempo de leitura":"8 minutos"},"schema":{"@context":"https:\/\/schema.org","@graph":[{"@type":"Article","@id":"https:\/\/jornalfatosenoticias.com.br\/index.php\/2024\/03\/18\/divida-do-governo-nao-para-de-crescer-mas-lula-quer-licenca-para-gastar-mais\/#article","isPartOf":{"@id":"https:\/\/jornalfatosenoticias.com.br\/index.php\/2024\/03\/18\/divida-do-governo-nao-para-de-crescer-mas-lula-quer-licenca-para-gastar-mais\/"},"author":{"name":"Luzimara Fernandes","@id":"https:\/\/jornalfatosenoticias.com.br\/#\/schema\/person\/d63837fa13ac8666eb9e74e0985d6f81"},"headline":"D\u00edvida do governo n\u00e3o para de crescer, mas Lula quer licen\u00e7a para gastar mais","datePublished":"2024-03-18T15:01:50+00:00","dateModified":"2024-03-18T15:01:51+00:00","mainEntityOfPage":{"@id":"https:\/\/jornalfatosenoticias.com.br\/index.php\/2024\/03\/18\/divida-do-governo-nao-para-de-crescer-mas-lula-quer-licenca-para-gastar-mais\/"},"wordCount":1640,"commentCount":0,"publisher":{"@id":"https:\/\/jornalfatosenoticias.com.br\/#organization"},"image":{"@id":"https:\/\/jornalfatosenoticias.com.br\/index.php\/2024\/03\/18\/divida-do-governo-nao-para-de-crescer-mas-lula-quer-licenca-para-gastar-mais\/#primaryimage"},"thumbnailUrl":"https:\/\/jornalfatosenoticias.com.br\/wp-content\/uploads\/2024\/03\/divida-governo-Lula.png","keywords":["Banco Mundial","Bolsa Fam\u00edlia","Congresso Nacional","contas p\u00fablicas","economia","Fernando Haddad","governo federal","impostos","Lula","mercado","meta","pandemia","PIB","receita","super\u00e1vit prim\u00e1rio","tributa\u00e7\u00e3o"],"articleSection":["Economia"],"inLanguage":"pt-BR","potentialAction":[{"@type":"CommentAction","name":"Comment","target":["https:\/\/jornalfatosenoticias.com.br\/index.php\/2024\/03\/18\/divida-do-governo-nao-para-de-crescer-mas-lula-quer-licenca-para-gastar-mais\/#respond"]}]},{"@type":"WebPage","@id":"https:\/\/jornalfatosenoticias.com.br\/index.php\/2024\/03\/18\/divida-do-governo-nao-para-de-crescer-mas-lula-quer-licenca-para-gastar-mais\/","url":"https:\/\/jornalfatosenoticias.com.br\/index.php\/2024\/03\/18\/divida-do-governo-nao-para-de-crescer-mas-lula-quer-licenca-para-gastar-mais\/","name":"D\u00edvida do governo n\u00e3o para de crescer, mas Lula quer licen\u00e7a para gastar mais - Jornal Fatos e Not\u00edcias","isPartOf":{"@id":"https:\/\/jornalfatosenoticias.com.br\/#website"},"primaryImageOfPage":{"@id":"https:\/\/jornalfatosenoticias.com.br\/index.php\/2024\/03\/18\/divida-do-governo-nao-para-de-crescer-mas-lula-quer-licenca-para-gastar-mais\/#primaryimage"},"image":{"@id":"https:\/\/jornalfatosenoticias.com.br\/index.php\/2024\/03\/18\/divida-do-governo-nao-para-de-crescer-mas-lula-quer-licenca-para-gastar-mais\/#primaryimage"},"thumbnailUrl":"https:\/\/jornalfatosenoticias.com.br\/wp-content\/uploads\/2024\/03\/divida-governo-Lula.png","datePublished":"2024-03-18T15:01:50+00:00","dateModified":"2024-03-18T15:01:51+00:00","breadcrumb":{"@id":"https:\/\/jornalfatosenoticias.com.br\/index.php\/2024\/03\/18\/divida-do-governo-nao-para-de-crescer-mas-lula-quer-licenca-para-gastar-mais\/#breadcrumb"},"inLanguage":"pt-BR","potentialAction":[{"@type":"ReadAction","target":["https:\/\/jornalfatosenoticias.com.br\/index.php\/2024\/03\/18\/divida-do-governo-nao-para-de-crescer-mas-lula-quer-licenca-para-gastar-mais\/"]}]},{"@type":"ImageObject","inLanguage":"pt-BR","@id":"https:\/\/jornalfatosenoticias.com.br\/index.php\/2024\/03\/18\/divida-do-governo-nao-para-de-crescer-mas-lula-quer-licenca-para-gastar-mais\/#primaryimage","url":"https:\/\/jornalfatosenoticias.com.br\/wp-content\/uploads\/2024\/03\/divida-governo-Lula.png","contentUrl":"https:\/\/jornalfatosenoticias.com.br\/wp-content\/uploads\/2024\/03\/divida-governo-Lula.png","width":960,"height":525},{"@type":"BreadcrumbList","@id":"https:\/\/jornalfatosenoticias.com.br\/index.php\/2024\/03\/18\/divida-do-governo-nao-para-de-crescer-mas-lula-quer-licenca-para-gastar-mais\/#breadcrumb","itemListElement":[{"@type":"ListItem","position":1,"name":"In\u00edcio","item":"https:\/\/jornalfatosenoticias.com.br\/"},{"@type":"ListItem","position":2,"name":"D\u00edvida do governo n\u00e3o para de crescer, mas Lula quer licen\u00e7a para gastar mais"}]},{"@type":"WebSite","@id":"https:\/\/jornalfatosenoticias.com.br\/#website","url":"https:\/\/jornalfatosenoticias.com.br\/","name":"Jornal Fatos e Not\u00edcias","description":"Not\u00edcias em geral","publisher":{"@id":"https:\/\/jornalfatosenoticias.com.br\/#organization"},"potentialAction":[{"@type":"SearchAction","target":{"@type":"EntryPoint","urlTemplate":"https:\/\/jornalfatosenoticias.com.br\/?s={search_term_string}"},"query-input":{"@type":"PropertyValueSpecification","valueRequired":true,"valueName":"search_term_string"}}],"inLanguage":"pt-BR"},{"@type":"Organization","@id":"https:\/\/jornalfatosenoticias.com.br\/#organization","name":"Jornal Fatos e Not\u00edcias","url":"https:\/\/jornalfatosenoticias.com.br\/","logo":{"@type":"ImageObject","inLanguage":"pt-BR","@id":"https:\/\/jornalfatosenoticias.com.br\/#\/schema\/logo\/image\/","url":"https:\/\/jornalfatosenoticias.com.br\/wp-content\/uploads\/2020\/02\/logo120.png","contentUrl":"https:\/\/jornalfatosenoticias.com.br\/wp-content\/uploads\/2020\/02\/logo120.png","width":1227,"height":120,"caption":"Jornal Fatos e Not\u00edcias"},"image":{"@id":"https:\/\/jornalfatosenoticias.com.br\/#\/schema\/logo\/image\/"}},{"@type":"Person","@id":"https:\/\/jornalfatosenoticias.com.br\/#\/schema\/person\/d63837fa13ac8666eb9e74e0985d6f81","name":"Luzimara Fernandes","image":{"@type":"ImageObject","inLanguage":"pt-BR","@id":"https:\/\/jornalfatosenoticias.com.br\/#\/schema\/person\/image\/","url":"https:\/\/jornalfatosenoticias.com.br\/wp-content\/uploads\/2025\/05\/EU_portal.jpg","contentUrl":"https:\/\/jornalfatosenoticias.com.br\/wp-content\/uploads\/2025\/05\/EU_portal.jpg","caption":"Luzimara Fernandes"},"description":"Jornalista MTB 2358-ES","sameAs":["https:\/\/jornalfatosenoticias.com.br"],"url":"https:\/\/jornalfatosenoticias.com.br\/index.php\/author\/luzimara\/"}]}},"cc_featured_image_caption":{"caption_text":"(Foto: Guia do Investidor)","source_text":"","source_url":""},"jetpack_featured_media_url":"https:\/\/jornalfatosenoticias.com.br\/wp-content\/uploads\/2024\/03\/divida-governo-Lula.png","_links":{"self":[{"href":"https:\/\/jornalfatosenoticias.com.br\/index.php\/wp-json\/wp\/v2\/posts\/49973","targetHints":{"allow":["GET"]}}],"collection":[{"href":"https:\/\/jornalfatosenoticias.com.br\/index.php\/wp-json\/wp\/v2\/posts"}],"about":[{"href":"https:\/\/jornalfatosenoticias.com.br\/index.php\/wp-json\/wp\/v2\/types\/post"}],"author":[{"embeddable":true,"href":"https:\/\/jornalfatosenoticias.com.br\/index.php\/wp-json\/wp\/v2\/users\/2"}],"replies":[{"embeddable":true,"href":"https:\/\/jornalfatosenoticias.com.br\/index.php\/wp-json\/wp\/v2\/comments?post=49973"}],"version-history":[{"count":0,"href":"https:\/\/jornalfatosenoticias.com.br\/index.php\/wp-json\/wp\/v2\/posts\/49973\/revisions"}],"wp:featuredmedia":[{"embeddable":true,"href":"https:\/\/jornalfatosenoticias.com.br\/index.php\/wp-json\/wp\/v2\/media\/49974"}],"wp:attachment":[{"href":"https:\/\/jornalfatosenoticias.com.br\/index.php\/wp-json\/wp\/v2\/media?parent=49973"}],"wp:term":[{"taxonomy":"category","embeddable":true,"href":"https:\/\/jornalfatosenoticias.com.br\/index.php\/wp-json\/wp\/v2\/categories?post=49973"},{"taxonomy":"post_tag","embeddable":true,"href":"https:\/\/jornalfatosenoticias.com.br\/index.php\/wp-json\/wp\/v2\/tags?post=49973"}],"curies":[{"name":"wp","href":"https:\/\/api.w.org\/{rel}","templated":true}]}}