{"id":49976,"date":"2024-03-18T12:13:09","date_gmt":"2024-03-18T15:13:09","guid":{"rendered":"https:\/\/jornalfatosenoticias.com.br\/?p=49976"},"modified":"2024-03-18T12:13:10","modified_gmt":"2024-03-18T15:13:10","slug":"sem-comida-e-eletricidade-explode-a-revolta-dos-cubanos-contra-a-ditadura","status":"publish","type":"post","link":"https:\/\/jornalfatosenoticias.com.br\/index.php\/2024\/03\/18\/sem-comida-e-eletricidade-explode-a-revolta-dos-cubanos-contra-a-ditadura\/","title":{"rendered":"Sem comida e eletricidade, explode a revolta dos cubanos contra a ditadura"},"content":{"rendered":"\n<p><em><span class=\"has-inline-color has-black-color\">Cubano-americanos se reuniram em frente ao famoso restaurante cubano Versailles, em Miami, Fl\u00f3rida, neste domingo (17)<\/span><\/em><\/p>\n\n\n\n<p><span class=\"has-inline-color has-black-color\">Por <strong><a href=\"https:\/\/www.gazetadopovo.com.br\/autor\/isabella-de-paula\/\">Isabella de Paula<\/a><\/strong><\/span><\/p>\n\n\n\n<div class=\"wp-block-image\"><figure class=\"aligncenter size-large\"><img loading=\"lazy\" decoding=\"async\" width=\"729\" height=\"90\" src=\"https:\/\/jornalfatosenoticias.com.br\/wp-content\/uploads\/2020\/02\/Logo_Mizu.png\" alt=\"\" class=\"wp-image-1441\" srcset=\"https:\/\/jornalfatosenoticias.com.br\/wp-content\/uploads\/2020\/02\/Logo_Mizu.png 729w, https:\/\/jornalfatosenoticias.com.br\/wp-content\/uploads\/2020\/02\/Logo_Mizu-300x37.png 300w\" sizes=\"auto, (max-width: 729px) 100vw, 729px\" \/><\/figure><\/div>\n\n\n\n<p>Cuba enfrenta uma grave crise generalizada h\u00e1 pelo menos tr\u00eas anos, marcada pela falta de alimentos b\u00e1sicos, eletricidade, aumento elevado dos combust\u00edveis e do transporte, escassez de alimentos e um \u00eaxodo recorde, que levou mais de 400 mil pessoas a migrarem para fora da ilha. Tudo isso provocou uma rea\u00e7\u00e3o massiva da popula\u00e7\u00e3o, neste domingo (17), que foi \u00e0s ruas em protestos por diferentes pontos do pa\u00eds e fora dele.<br>Na segunda maior cidade da ilha, Santiago, onde os apag\u00f5es se estendiam por 18 horas ou mais por dia, os manifestantes mostraram indigna\u00e7\u00e3o com a atual situa\u00e7\u00e3o do pa\u00eds com gritos de \u201ccomida e eletricidade\u201d, segundo v\u00eddeos publicados nas redes sociais. Algumas \u00e1reas pr\u00f3ximas aos protestos tiveram\u00a0o servi\u00e7o de internet interrompido ou limitado. A Pol\u00edcia tamb\u00e9m foi acionada pela ditadura para reprimir os atos.<\/p>\n\n\n\n<div class=\"wp-block-image\"><figure class=\"aligncenter size-large is-resized\"><img loading=\"lazy\" decoding=\"async\" src=\"https:\/\/jornalfatosenoticias.com.br\/wp-content\/uploads\/2023\/12\/pegoretti-logo-pdf-1024x389.jpg\" alt=\"\" class=\"wp-image-47536\" width=\"519\" height=\"197\" srcset=\"https:\/\/jornalfatosenoticias.com.br\/wp-content\/uploads\/2023\/12\/pegoretti-logo-pdf-1024x389.jpg 1024w, https:\/\/jornalfatosenoticias.com.br\/wp-content\/uploads\/2023\/12\/pegoretti-logo-pdf-300x114.jpg 300w, https:\/\/jornalfatosenoticias.com.br\/wp-content\/uploads\/2023\/12\/pegoretti-logo-pdf-768x291.jpg 768w, https:\/\/jornalfatosenoticias.com.br\/wp-content\/uploads\/2023\/12\/pegoretti-logo-pdf.jpg 1120w\" sizes=\"auto, (max-width: 519px) 100vw, 519px\" \/><\/figure><\/div>\n\n\n\n<p>O l\u00edder do regime, Miguel D\u00edaz-Canel, confirmou a realiza\u00e7\u00e3o dos atos na rede social X, tentando justificar a crise na ilha pelos motivos que repetidamente utiliza, como o embargo dos EUA. Ainda, o ditador pediu para que a situa\u00e7\u00e3o fosse resolvida com &#8220;paz e tranquilidade&#8221;.<\/p>\n\n\n\n<div class=\"wp-block-image\"><figure class=\"aligncenter size-large\"><img decoding=\"async\" src=\"https:\/\/jornalfatosenoticias.com.br\/wp-content\/uploads\/2020\/02\/logo_esteio.jpg\" alt=\"\" class=\"wp-image-1214\"\/><\/figure><\/div>\n\n\n\n<blockquote class=\"wp-block-quote is-layout-flow wp-block-quote-is-layout-flow\"><p><span class=\"has-inline-color has-luminous-vivid-orange-color\">V\u00e1rias pessoas expressaram sua insatisfa\u00e7\u00e3o com a situa\u00e7\u00e3o do servi\u00e7o el\u00e9trico e da distribui\u00e7\u00e3o de alimentos. A disposi\u00e7\u00e3o das autoridades do partido e do estado \u00e9 de atender \u00e0s reclama\u00e7\u00f5es do nosso povo, ouvir, dialogar, explicar os numerosos esfor\u00e7os que est\u00e3o a ser realizados para melhorar a situa\u00e7\u00e3o, sempre num clima de tranquilidade e paz&#8221;, disse.<\/span><\/p><\/blockquote>\n\n\n\n<div class=\"wp-block-image\"><figure class=\"aligncenter size-large is-resized\"><img loading=\"lazy\" decoding=\"async\" src=\"https:\/\/jornalfatosenoticias.com.br\/wp-content\/uploads\/2023\/03\/nova-logo-Marquetti.jpg\" alt=\"\" class=\"wp-image-40207\" width=\"338\" height=\"227\" srcset=\"https:\/\/jornalfatosenoticias.com.br\/wp-content\/uploads\/2023\/03\/nova-logo-Marquetti.jpg 643w, https:\/\/jornalfatosenoticias.com.br\/wp-content\/uploads\/2023\/03\/nova-logo-Marquetti-300x202.jpg 300w\" sizes=\"auto, (max-width: 338px) 100vw, 338px\" \/><\/figure><\/div>\n\n\n\n<p>D\u00edaz-Canel tamb\u00e9m afirmou que \u201cterroristas\u201d americanos buscam fomentar novas revoltas para &#8220;fins desestabilizadores\u201d do regime. Segundo a ag\u00eancia Reuters, Havana e regi\u00f5es pr\u00f3ximas, que foram alvos das grandes manifesta\u00e7\u00f5es de julho de 2011, aparentemente n\u00e3o tiveram atos at\u00e9 a noite deste domingo.\u00a0Algumas imagens foram captadas de supostos protestos em outra grande cidade, Bayamo, segundo a AFP, e em Miami, onde cubanos com dupla cidadania se reuniram em frente ao famoso restaurante Versailles, com bandeiras e gritos de repreens\u00e3o \u00e0 ditadura.<\/p>\n\n\n\n<div class=\"wp-block-image\"><figure class=\"aligncenter size-large\"><img loading=\"lazy\" decoding=\"async\" width=\"300\" height=\"250\" src=\"https:\/\/jornalfatosenoticias.com.br\/wp-content\/uploads\/2022\/02\/FERRARI_MAQUINAS-E-FERRAMENTAS2.jpg\" alt=\"\" class=\"wp-image-27860\"\/><\/figure><\/div>\n\n\n\n<p>A embaixada dos EUA na capital cubana emitiu uma nota, dizendo que estava monitorando os protestos em Santiago e em outros pontos do pa\u00eds. No comunicado, a sede da representa\u00e7\u00e3o americana em Havana pediu ao regime cubano que &#8220;respeitasse os direitos humanos dos manifestantes e atendesse suas necessidades leg\u00edtimas&#8221;.<\/p>\n\n\n\n<div class=\"wp-block-image\"><figure class=\"aligncenter size-large\"><img loading=\"lazy\" decoding=\"async\" width=\"400\" height=\"277\" src=\"https:\/\/jornalfatosenoticias.com.br\/wp-content\/uploads\/2023\/03\/logo-Panper_portal.jpg\" alt=\"\" class=\"wp-image-40208\" srcset=\"https:\/\/jornalfatosenoticias.com.br\/wp-content\/uploads\/2023\/03\/logo-Panper_portal.jpg 400w, https:\/\/jornalfatosenoticias.com.br\/wp-content\/uploads\/2023\/03\/logo-Panper_portal-300x208.jpg 300w\" sizes=\"auto, (max-width: 400px) 100vw, 400px\" \/><\/figure><\/div>\n\n\n\n<p>A declara\u00e7\u00e3o foi combatida pelo ministro das Rela\u00e7\u00f5es Exteriores de Cuba, Bruno Rodriguez, que criticou os coment\u00e1rios da Embaixada dos EUA, afirmando que a culpa pela atual crise na ilha \u00e9 devido ao embargo comercial e \u00e0s san\u00e7\u00f5es de longa data dos EUA.<\/p>\n\n\n\n<div class=\"wp-block-image\"><figure class=\"aligncenter size-large is-resized\"><img loading=\"lazy\" decoding=\"async\" src=\"https:\/\/jornalfatosenoticias.com.br\/wp-content\/uploads\/2022\/02\/Precisao-Contabilidade-1024x724.jpg\" alt=\"\" class=\"wp-image-28088\" width=\"375\" height=\"265\"\/><\/figure><\/div>\n\n\n\n<blockquote class=\"wp-block-quote is-layout-flow wp-block-quote-is-layout-flow\"><p><span class=\"has-inline-color has-luminous-vivid-orange-color\">O governo dos EUA, especialmente a sua embaixada em Cuba, deve abster-se de interferir nos assuntos internos do pa\u00eds e de incitar a desordem social\u201d, disse.<\/span><\/p><\/blockquote>\n\n\n\n<div class=\"wp-block-image\"><figure class=\"aligncenter size-large is-resized\"><img loading=\"lazy\" decoding=\"async\" src=\"https:\/\/jornalfatosenoticias.com.br\/wp-content\/uploads\/2023\/09\/vetorvix1024_1.jpg\" alt=\"\" class=\"wp-image-44868\" width=\"555\" height=\"147\" srcset=\"https:\/\/jornalfatosenoticias.com.br\/wp-content\/uploads\/2023\/09\/vetorvix1024_1.jpg 1024w, https:\/\/jornalfatosenoticias.com.br\/wp-content\/uploads\/2023\/09\/vetorvix1024_1-300x80.jpg 300w, https:\/\/jornalfatosenoticias.com.br\/wp-content\/uploads\/2023\/09\/vetorvix1024_1-768x205.jpg 768w\" sizes=\"auto, (max-width: 555px) 100vw, 555px\" \/><\/figure><\/div>\n\n\n\n<p>Segundo estimativas oficiais, a economia cubana encolheu 2% no ano passado, enquanto a infla\u00e7\u00e3o atingiu 30% &#8211; n\u00famero que deve ser muito maior do que o informado pela ditadura.<\/p>\n\n\n\n<p><strong><em>Fonte: <a href=\"https:\/\/www.gazetadopovo.com.br\/mundo\/sem-comida-e-eletricidade-explode-a-revolta-dos-cubanos-contra-a-ditadura\/\">Gazeta do Povo<\/a><\/em><\/strong><\/p>\n","protected":false},"excerpt":{"rendered":"<p>Cubano-americanos se reuniram em frente ao famoso restaurante cubano Versailles, em Miami, Fl\u00f3rida, neste domingo (17) Por Isabella de Paula Cuba enfrenta uma grave crise generalizada h\u00e1 pelo menos tr\u00eas anos, marcada pela falta de alimentos b\u00e1sicos, eletricidade, aumento elevado dos combust\u00edveis e do transporte, escassez de alimentos e um \u00eaxodo recorde, que levou mais [&hellip;]<\/p>\n","protected":false},"author":2,"featured_media":49977,"comment_status":"open","ping_status":"open","sticky":false,"template":"","format":"standard","meta":{"footnotes":""},"categories":[41],"tags":[5043,1244,3070,23083],"class_list":["post-49976","post","type-post","status-publish","format-standard","has-post-thumbnail","hentry","category-internacional","tag-cuba","tag-ditadura","tag-protestos","tag-revolta-dos-cubanos"],"yoast_head":"<!-- This site is optimized with the Yoast SEO plugin v26.5 - https:\/\/yoast.com\/wordpress\/plugins\/seo\/ -->\n<title>Sem comida e eletricidade, explode a revolta dos cubanos contra a ditadura - Jornal Fatos e Not\u00edcias<\/title>\n<meta name=\"robots\" content=\"index, follow, max-snippet:-1, max-image-preview:large, max-video-preview:-1\" \/>\n<link rel=\"canonical\" href=\"https:\/\/jornalfatosenoticias.com.br\/index.php\/2024\/03\/18\/sem-comida-e-eletricidade-explode-a-revolta-dos-cubanos-contra-a-ditadura\/\" \/>\n<meta property=\"og:locale\" content=\"pt_BR\" \/>\n<meta property=\"og:type\" content=\"article\" \/>\n<meta property=\"og:title\" content=\"Sem comida e eletricidade, explode a revolta dos cubanos contra a ditadura - Jornal Fatos e Not\u00edcias\" \/>\n<meta property=\"og:description\" content=\"Cubano-americanos se reuniram em frente ao famoso restaurante cubano Versailles, em Miami, Fl\u00f3rida, neste domingo (17) Por Isabella de Paula Cuba enfrenta uma grave crise generalizada h\u00e1 pelo menos tr\u00eas anos, marcada pela falta de alimentos b\u00e1sicos, eletricidade, aumento elevado dos combust\u00edveis e do transporte, escassez de alimentos e um \u00eaxodo recorde, que levou mais [&hellip;]\" \/>\n<meta property=\"og:url\" content=\"https:\/\/jornalfatosenoticias.com.br\/index.php\/2024\/03\/18\/sem-comida-e-eletricidade-explode-a-revolta-dos-cubanos-contra-a-ditadura\/\" \/>\n<meta property=\"og:site_name\" content=\"Jornal Fatos e Not\u00edcias\" \/>\n<meta property=\"article:published_time\" content=\"2024-03-18T15:13:09+00:00\" \/>\n<meta property=\"article:modified_time\" content=\"2024-03-18T15:13:10+00:00\" \/>\n<meta property=\"og:image\" content=\"https:\/\/jornalfatosenoticias.com.br\/wp-content\/uploads\/2024\/03\/protestos-cubanos.jpg\" \/>\n\t<meta property=\"og:image:width\" content=\"960\" \/>\n\t<meta property=\"og:image:height\" content=\"540\" \/>\n\t<meta property=\"og:image:type\" content=\"image\/jpeg\" \/>\n<meta name=\"author\" content=\"Luzimara Fernandes\" \/>\n<meta name=\"twitter:card\" content=\"summary_large_image\" \/>\n<meta name=\"twitter:label1\" content=\"Escrito por\" \/>\n\t<meta name=\"twitter:data1\" content=\"Luzimara Fernandes\" \/>\n\t<meta name=\"twitter:label2\" content=\"Est. tempo de leitura\" \/>\n\t<meta name=\"twitter:data2\" content=\"3 minutos\" \/>\n<script type=\"application\/ld+json\" class=\"yoast-schema-graph\">{\"@context\":\"https:\/\/schema.org\",\"@graph\":[{\"@type\":\"Article\",\"@id\":\"https:\/\/jornalfatosenoticias.com.br\/index.php\/2024\/03\/18\/sem-comida-e-eletricidade-explode-a-revolta-dos-cubanos-contra-a-ditadura\/#article\",\"isPartOf\":{\"@id\":\"https:\/\/jornalfatosenoticias.com.br\/index.php\/2024\/03\/18\/sem-comida-e-eletricidade-explode-a-revolta-dos-cubanos-contra-a-ditadura\/\"},\"author\":{\"name\":\"Luzimara Fernandes\",\"@id\":\"https:\/\/jornalfatosenoticias.com.br\/#\/schema\/person\/d63837fa13ac8666eb9e74e0985d6f81\"},\"headline\":\"Sem comida e eletricidade, explode a revolta dos cubanos contra a ditadura\",\"datePublished\":\"2024-03-18T15:13:09+00:00\",\"dateModified\":\"2024-03-18T15:13:10+00:00\",\"mainEntityOfPage\":{\"@id\":\"https:\/\/jornalfatosenoticias.com.br\/index.php\/2024\/03\/18\/sem-comida-e-eletricidade-explode-a-revolta-dos-cubanos-contra-a-ditadura\/\"},\"wordCount\":539,\"commentCount\":0,\"publisher\":{\"@id\":\"https:\/\/jornalfatosenoticias.com.br\/#organization\"},\"image\":{\"@id\":\"https:\/\/jornalfatosenoticias.com.br\/index.php\/2024\/03\/18\/sem-comida-e-eletricidade-explode-a-revolta-dos-cubanos-contra-a-ditadura\/#primaryimage\"},\"thumbnailUrl\":\"https:\/\/jornalfatosenoticias.com.br\/wp-content\/uploads\/2024\/03\/protestos-cubanos.jpg\",\"keywords\":[\"Cuba\",\"ditadura\",\"protestos\",\"revolta dos cubanos\"],\"articleSection\":[\"Internacional\"],\"inLanguage\":\"pt-BR\",\"potentialAction\":[{\"@type\":\"CommentAction\",\"name\":\"Comment\",\"target\":[\"https:\/\/jornalfatosenoticias.com.br\/index.php\/2024\/03\/18\/sem-comida-e-eletricidade-explode-a-revolta-dos-cubanos-contra-a-ditadura\/#respond\"]}]},{\"@type\":\"WebPage\",\"@id\":\"https:\/\/jornalfatosenoticias.com.br\/index.php\/2024\/03\/18\/sem-comida-e-eletricidade-explode-a-revolta-dos-cubanos-contra-a-ditadura\/\",\"url\":\"https:\/\/jornalfatosenoticias.com.br\/index.php\/2024\/03\/18\/sem-comida-e-eletricidade-explode-a-revolta-dos-cubanos-contra-a-ditadura\/\",\"name\":\"Sem comida e eletricidade, explode a revolta dos cubanos contra a ditadura - Jornal Fatos e Not\u00edcias\",\"isPartOf\":{\"@id\":\"https:\/\/jornalfatosenoticias.com.br\/#website\"},\"primaryImageOfPage\":{\"@id\":\"https:\/\/jornalfatosenoticias.com.br\/index.php\/2024\/03\/18\/sem-comida-e-eletricidade-explode-a-revolta-dos-cubanos-contra-a-ditadura\/#primaryimage\"},\"image\":{\"@id\":\"https:\/\/jornalfatosenoticias.com.br\/index.php\/2024\/03\/18\/sem-comida-e-eletricidade-explode-a-revolta-dos-cubanos-contra-a-ditadura\/#primaryimage\"},\"thumbnailUrl\":\"https:\/\/jornalfatosenoticias.com.br\/wp-content\/uploads\/2024\/03\/protestos-cubanos.jpg\",\"datePublished\":\"2024-03-18T15:13:09+00:00\",\"dateModified\":\"2024-03-18T15:13:10+00:00\",\"breadcrumb\":{\"@id\":\"https:\/\/jornalfatosenoticias.com.br\/index.php\/2024\/03\/18\/sem-comida-e-eletricidade-explode-a-revolta-dos-cubanos-contra-a-ditadura\/#breadcrumb\"},\"inLanguage\":\"pt-BR\",\"potentialAction\":[{\"@type\":\"ReadAction\",\"target\":[\"https:\/\/jornalfatosenoticias.com.br\/index.php\/2024\/03\/18\/sem-comida-e-eletricidade-explode-a-revolta-dos-cubanos-contra-a-ditadura\/\"]}]},{\"@type\":\"ImageObject\",\"inLanguage\":\"pt-BR\",\"@id\":\"https:\/\/jornalfatosenoticias.com.br\/index.php\/2024\/03\/18\/sem-comida-e-eletricidade-explode-a-revolta-dos-cubanos-contra-a-ditadura\/#primaryimage\",\"url\":\"https:\/\/jornalfatosenoticias.com.br\/wp-content\/uploads\/2024\/03\/protestos-cubanos.jpg\",\"contentUrl\":\"https:\/\/jornalfatosenoticias.com.br\/wp-content\/uploads\/2024\/03\/protestos-cubanos.jpg\",\"width\":960,\"height\":540},{\"@type\":\"BreadcrumbList\",\"@id\":\"https:\/\/jornalfatosenoticias.com.br\/index.php\/2024\/03\/18\/sem-comida-e-eletricidade-explode-a-revolta-dos-cubanos-contra-a-ditadura\/#breadcrumb\",\"itemListElement\":[{\"@type\":\"ListItem\",\"position\":1,\"name\":\"In\u00edcio\",\"item\":\"https:\/\/jornalfatosenoticias.com.br\/\"},{\"@type\":\"ListItem\",\"position\":2,\"name\":\"Sem comida e eletricidade, explode a revolta dos cubanos contra a ditadura\"}]},{\"@type\":\"WebSite\",\"@id\":\"https:\/\/jornalfatosenoticias.com.br\/#website\",\"url\":\"https:\/\/jornalfatosenoticias.com.br\/\",\"name\":\"Jornal Fatos e Not\u00edcias\",\"description\":\"Not\u00edcias em geral\",\"publisher\":{\"@id\":\"https:\/\/jornalfatosenoticias.com.br\/#organization\"},\"potentialAction\":[{\"@type\":\"SearchAction\",\"target\":{\"@type\":\"EntryPoint\",\"urlTemplate\":\"https:\/\/jornalfatosenoticias.com.br\/?s={search_term_string}\"},\"query-input\":{\"@type\":\"PropertyValueSpecification\",\"valueRequired\":true,\"valueName\":\"search_term_string\"}}],\"inLanguage\":\"pt-BR\"},{\"@type\":\"Organization\",\"@id\":\"https:\/\/jornalfatosenoticias.com.br\/#organization\",\"name\":\"Jornal Fatos e Not\u00edcias\",\"url\":\"https:\/\/jornalfatosenoticias.com.br\/\",\"logo\":{\"@type\":\"ImageObject\",\"inLanguage\":\"pt-BR\",\"@id\":\"https:\/\/jornalfatosenoticias.com.br\/#\/schema\/logo\/image\/\",\"url\":\"https:\/\/jornalfatosenoticias.com.br\/wp-content\/uploads\/2020\/02\/logo120.png\",\"contentUrl\":\"https:\/\/jornalfatosenoticias.com.br\/wp-content\/uploads\/2020\/02\/logo120.png\",\"width\":1227,\"height\":120,\"caption\":\"Jornal Fatos e Not\u00edcias\"},\"image\":{\"@id\":\"https:\/\/jornalfatosenoticias.com.br\/#\/schema\/logo\/image\/\"}},{\"@type\":\"Person\",\"@id\":\"https:\/\/jornalfatosenoticias.com.br\/#\/schema\/person\/d63837fa13ac8666eb9e74e0985d6f81\",\"name\":\"Luzimara Fernandes\",\"image\":{\"@type\":\"ImageObject\",\"inLanguage\":\"pt-BR\",\"@id\":\"https:\/\/jornalfatosenoticias.com.br\/#\/schema\/person\/image\/\",\"url\":\"https:\/\/jornalfatosenoticias.com.br\/wp-content\/uploads\/2025\/05\/EU_portal.jpg\",\"contentUrl\":\"https:\/\/jornalfatosenoticias.com.br\/wp-content\/uploads\/2025\/05\/EU_portal.jpg\",\"caption\":\"Luzimara Fernandes\"},\"description\":\"Jornalista MTB 2358-ES\",\"sameAs\":[\"https:\/\/jornalfatosenoticias.com.br\"],\"url\":\"https:\/\/jornalfatosenoticias.com.br\/index.php\/author\/luzimara\/\"}]}<\/script>\n<!-- \/ Yoast SEO plugin. -->","yoast_head_json":{"title":"Sem comida e eletricidade, explode a revolta dos cubanos contra a ditadura - Jornal Fatos e Not\u00edcias","robots":{"index":"index","follow":"follow","max-snippet":"max-snippet:-1","max-image-preview":"max-image-preview:large","max-video-preview":"max-video-preview:-1"},"canonical":"https:\/\/jornalfatosenoticias.com.br\/index.php\/2024\/03\/18\/sem-comida-e-eletricidade-explode-a-revolta-dos-cubanos-contra-a-ditadura\/","og_locale":"pt_BR","og_type":"article","og_title":"Sem comida e eletricidade, explode a revolta dos cubanos contra a ditadura - Jornal Fatos e Not\u00edcias","og_description":"Cubano-americanos se reuniram em frente ao famoso restaurante cubano Versailles, em Miami, Fl\u00f3rida, neste domingo (17) Por Isabella de Paula Cuba enfrenta uma grave crise generalizada h\u00e1 pelo menos tr\u00eas anos, marcada pela falta de alimentos b\u00e1sicos, eletricidade, aumento elevado dos combust\u00edveis e do transporte, escassez de alimentos e um \u00eaxodo recorde, que levou mais [&hellip;]","og_url":"https:\/\/jornalfatosenoticias.com.br\/index.php\/2024\/03\/18\/sem-comida-e-eletricidade-explode-a-revolta-dos-cubanos-contra-a-ditadura\/","og_site_name":"Jornal Fatos e Not\u00edcias","article_published_time":"2024-03-18T15:13:09+00:00","article_modified_time":"2024-03-18T15:13:10+00:00","og_image":[{"width":960,"height":540,"url":"https:\/\/jornalfatosenoticias.com.br\/wp-content\/uploads\/2024\/03\/protestos-cubanos.jpg","type":"image\/jpeg"}],"author":"Luzimara Fernandes","twitter_card":"summary_large_image","twitter_misc":{"Escrito por":"Luzimara Fernandes","Est. tempo de leitura":"3 minutos"},"schema":{"@context":"https:\/\/schema.org","@graph":[{"@type":"Article","@id":"https:\/\/jornalfatosenoticias.com.br\/index.php\/2024\/03\/18\/sem-comida-e-eletricidade-explode-a-revolta-dos-cubanos-contra-a-ditadura\/#article","isPartOf":{"@id":"https:\/\/jornalfatosenoticias.com.br\/index.php\/2024\/03\/18\/sem-comida-e-eletricidade-explode-a-revolta-dos-cubanos-contra-a-ditadura\/"},"author":{"name":"Luzimara Fernandes","@id":"https:\/\/jornalfatosenoticias.com.br\/#\/schema\/person\/d63837fa13ac8666eb9e74e0985d6f81"},"headline":"Sem comida e eletricidade, explode a revolta dos cubanos contra a ditadura","datePublished":"2024-03-18T15:13:09+00:00","dateModified":"2024-03-18T15:13:10+00:00","mainEntityOfPage":{"@id":"https:\/\/jornalfatosenoticias.com.br\/index.php\/2024\/03\/18\/sem-comida-e-eletricidade-explode-a-revolta-dos-cubanos-contra-a-ditadura\/"},"wordCount":539,"commentCount":0,"publisher":{"@id":"https:\/\/jornalfatosenoticias.com.br\/#organization"},"image":{"@id":"https:\/\/jornalfatosenoticias.com.br\/index.php\/2024\/03\/18\/sem-comida-e-eletricidade-explode-a-revolta-dos-cubanos-contra-a-ditadura\/#primaryimage"},"thumbnailUrl":"https:\/\/jornalfatosenoticias.com.br\/wp-content\/uploads\/2024\/03\/protestos-cubanos.jpg","keywords":["Cuba","ditadura","protestos","revolta dos cubanos"],"articleSection":["Internacional"],"inLanguage":"pt-BR","potentialAction":[{"@type":"CommentAction","name":"Comment","target":["https:\/\/jornalfatosenoticias.com.br\/index.php\/2024\/03\/18\/sem-comida-e-eletricidade-explode-a-revolta-dos-cubanos-contra-a-ditadura\/#respond"]}]},{"@type":"WebPage","@id":"https:\/\/jornalfatosenoticias.com.br\/index.php\/2024\/03\/18\/sem-comida-e-eletricidade-explode-a-revolta-dos-cubanos-contra-a-ditadura\/","url":"https:\/\/jornalfatosenoticias.com.br\/index.php\/2024\/03\/18\/sem-comida-e-eletricidade-explode-a-revolta-dos-cubanos-contra-a-ditadura\/","name":"Sem comida e eletricidade, explode a revolta dos cubanos contra a ditadura - Jornal Fatos e Not\u00edcias","isPartOf":{"@id":"https:\/\/jornalfatosenoticias.com.br\/#website"},"primaryImageOfPage":{"@id":"https:\/\/jornalfatosenoticias.com.br\/index.php\/2024\/03\/18\/sem-comida-e-eletricidade-explode-a-revolta-dos-cubanos-contra-a-ditadura\/#primaryimage"},"image":{"@id":"https:\/\/jornalfatosenoticias.com.br\/index.php\/2024\/03\/18\/sem-comida-e-eletricidade-explode-a-revolta-dos-cubanos-contra-a-ditadura\/#primaryimage"},"thumbnailUrl":"https:\/\/jornalfatosenoticias.com.br\/wp-content\/uploads\/2024\/03\/protestos-cubanos.jpg","datePublished":"2024-03-18T15:13:09+00:00","dateModified":"2024-03-18T15:13:10+00:00","breadcrumb":{"@id":"https:\/\/jornalfatosenoticias.com.br\/index.php\/2024\/03\/18\/sem-comida-e-eletricidade-explode-a-revolta-dos-cubanos-contra-a-ditadura\/#breadcrumb"},"inLanguage":"pt-BR","potentialAction":[{"@type":"ReadAction","target":["https:\/\/jornalfatosenoticias.com.br\/index.php\/2024\/03\/18\/sem-comida-e-eletricidade-explode-a-revolta-dos-cubanos-contra-a-ditadura\/"]}]},{"@type":"ImageObject","inLanguage":"pt-BR","@id":"https:\/\/jornalfatosenoticias.com.br\/index.php\/2024\/03\/18\/sem-comida-e-eletricidade-explode-a-revolta-dos-cubanos-contra-a-ditadura\/#primaryimage","url":"https:\/\/jornalfatosenoticias.com.br\/wp-content\/uploads\/2024\/03\/protestos-cubanos.jpg","contentUrl":"https:\/\/jornalfatosenoticias.com.br\/wp-content\/uploads\/2024\/03\/protestos-cubanos.jpg","width":960,"height":540},{"@type":"BreadcrumbList","@id":"https:\/\/jornalfatosenoticias.com.br\/index.php\/2024\/03\/18\/sem-comida-e-eletricidade-explode-a-revolta-dos-cubanos-contra-a-ditadura\/#breadcrumb","itemListElement":[{"@type":"ListItem","position":1,"name":"In\u00edcio","item":"https:\/\/jornalfatosenoticias.com.br\/"},{"@type":"ListItem","position":2,"name":"Sem comida e eletricidade, explode a revolta dos cubanos contra a ditadura"}]},{"@type":"WebSite","@id":"https:\/\/jornalfatosenoticias.com.br\/#website","url":"https:\/\/jornalfatosenoticias.com.br\/","name":"Jornal Fatos e Not\u00edcias","description":"Not\u00edcias em geral","publisher":{"@id":"https:\/\/jornalfatosenoticias.com.br\/#organization"},"potentialAction":[{"@type":"SearchAction","target":{"@type":"EntryPoint","urlTemplate":"https:\/\/jornalfatosenoticias.com.br\/?s={search_term_string}"},"query-input":{"@type":"PropertyValueSpecification","valueRequired":true,"valueName":"search_term_string"}}],"inLanguage":"pt-BR"},{"@type":"Organization","@id":"https:\/\/jornalfatosenoticias.com.br\/#organization","name":"Jornal Fatos e Not\u00edcias","url":"https:\/\/jornalfatosenoticias.com.br\/","logo":{"@type":"ImageObject","inLanguage":"pt-BR","@id":"https:\/\/jornalfatosenoticias.com.br\/#\/schema\/logo\/image\/","url":"https:\/\/jornalfatosenoticias.com.br\/wp-content\/uploads\/2020\/02\/logo120.png","contentUrl":"https:\/\/jornalfatosenoticias.com.br\/wp-content\/uploads\/2020\/02\/logo120.png","width":1227,"height":120,"caption":"Jornal Fatos e Not\u00edcias"},"image":{"@id":"https:\/\/jornalfatosenoticias.com.br\/#\/schema\/logo\/image\/"}},{"@type":"Person","@id":"https:\/\/jornalfatosenoticias.com.br\/#\/schema\/person\/d63837fa13ac8666eb9e74e0985d6f81","name":"Luzimara Fernandes","image":{"@type":"ImageObject","inLanguage":"pt-BR","@id":"https:\/\/jornalfatosenoticias.com.br\/#\/schema\/person\/image\/","url":"https:\/\/jornalfatosenoticias.com.br\/wp-content\/uploads\/2025\/05\/EU_portal.jpg","contentUrl":"https:\/\/jornalfatosenoticias.com.br\/wp-content\/uploads\/2025\/05\/EU_portal.jpg","caption":"Luzimara Fernandes"},"description":"Jornalista MTB 2358-ES","sameAs":["https:\/\/jornalfatosenoticias.com.br"],"url":"https:\/\/jornalfatosenoticias.com.br\/index.php\/author\/luzimara\/"}]}},"cc_featured_image_caption":{"caption_text":"(Foto: Reprodu\u00e7\u00e3o\/Gazeta do Povo)","source_text":"","source_url":""},"jetpack_featured_media_url":"https:\/\/jornalfatosenoticias.com.br\/wp-content\/uploads\/2024\/03\/protestos-cubanos.jpg","_links":{"self":[{"href":"https:\/\/jornalfatosenoticias.com.br\/index.php\/wp-json\/wp\/v2\/posts\/49976","targetHints":{"allow":["GET"]}}],"collection":[{"href":"https:\/\/jornalfatosenoticias.com.br\/index.php\/wp-json\/wp\/v2\/posts"}],"about":[{"href":"https:\/\/jornalfatosenoticias.com.br\/index.php\/wp-json\/wp\/v2\/types\/post"}],"author":[{"embeddable":true,"href":"https:\/\/jornalfatosenoticias.com.br\/index.php\/wp-json\/wp\/v2\/users\/2"}],"replies":[{"embeddable":true,"href":"https:\/\/jornalfatosenoticias.com.br\/index.php\/wp-json\/wp\/v2\/comments?post=49976"}],"version-history":[{"count":0,"href":"https:\/\/jornalfatosenoticias.com.br\/index.php\/wp-json\/wp\/v2\/posts\/49976\/revisions"}],"wp:featuredmedia":[{"embeddable":true,"href":"https:\/\/jornalfatosenoticias.com.br\/index.php\/wp-json\/wp\/v2\/media\/49977"}],"wp:attachment":[{"href":"https:\/\/jornalfatosenoticias.com.br\/index.php\/wp-json\/wp\/v2\/media?parent=49976"}],"wp:term":[{"taxonomy":"category","embeddable":true,"href":"https:\/\/jornalfatosenoticias.com.br\/index.php\/wp-json\/wp\/v2\/categories?post=49976"},{"taxonomy":"post_tag","embeddable":true,"href":"https:\/\/jornalfatosenoticias.com.br\/index.php\/wp-json\/wp\/v2\/tags?post=49976"}],"curies":[{"name":"wp","href":"https:\/\/api.w.org\/{rel}","templated":true}]}}