{"id":49979,"date":"2024-03-18T12:26:55","date_gmt":"2024-03-18T15:26:55","guid":{"rendered":"https:\/\/jornalfatosenoticias.com.br\/?p=49979"},"modified":"2024-03-18T12:26:57","modified_gmt":"2024-03-18T15:26:57","slug":"stf-ajudou-a-enterrar-a-lava-jato-e-combate-a-corrupcao-teve-retrocesso-brutal-diz-marco-aurelio","status":"publish","type":"post","link":"https:\/\/jornalfatosenoticias.com.br\/index.php\/2024\/03\/18\/stf-ajudou-a-enterrar-a-lava-jato-e-combate-a-corrupcao-teve-retrocesso-brutal-diz-marco-aurelio\/","title":{"rendered":"STF ajudou a enterrar a Lava Jato e combate \u00e0 corrup\u00e7\u00e3o teve \u201cretrocesso brutal\u201d, diz Marco Aur\u00e9lio"},"content":{"rendered":"\n<p><em><span class=\"has-inline-color has-black-color\">O ministro aposentado do STF Marco Aur\u00e9lio Mello afirmou que houve um \u201cretrocesso brutal\u201d no combate \u00e0 corrup\u00e7\u00e3o no Brasil ap\u00f3s o fim da Lava Jato<\/span><\/em><\/p>\n\n\n\n<p><span class=\"has-inline-color has-black-color\">Por <strong><a href=\"https:\/\/www.gazetadopovo.com.br\/autor\/camila-abrao\/\" rel=\"nofollow\">Camila Abr\u00e3o<\/a><\/strong><\/span><\/p>\n\n\n\n<div class=\"wp-block-image\"><figure class=\"aligncenter size-large is-resized\"><img loading=\"lazy\" decoding=\"async\" src=\"https:\/\/jornalfatosenoticias.com.br\/wp-content\/uploads\/2023\/12\/pegoretti-logo-pdf-1024x389.jpg\" alt=\"\" class=\"wp-image-47536\" width=\"511\" height=\"194\" srcset=\"https:\/\/jornalfatosenoticias.com.br\/wp-content\/uploads\/2023\/12\/pegoretti-logo-pdf-1024x389.jpg 1024w, https:\/\/jornalfatosenoticias.com.br\/wp-content\/uploads\/2023\/12\/pegoretti-logo-pdf-300x114.jpg 300w, https:\/\/jornalfatosenoticias.com.br\/wp-content\/uploads\/2023\/12\/pegoretti-logo-pdf-768x291.jpg 768w, https:\/\/jornalfatosenoticias.com.br\/wp-content\/uploads\/2023\/12\/pegoretti-logo-pdf.jpg 1120w\" sizes=\"auto, (max-width: 511px) 100vw, 511px\" \/><\/figure><\/div>\n\n\n\n<p>O ministro aposentado do Supremo Tribunal Federal (STF) Marco Aur\u00e9lio Mello afirmou que a Corte ajudou a enterrar a Opera\u00e7\u00e3o Lava Jato. A investiga\u00e7\u00e3o completa 10 anos neste domingo (17), em meio a reveses e anula\u00e7\u00f5es de decis\u00f5es e acordos de leni\u00eancia. Segundo ele, houve um \u201cretrocesso brutal\u201d no combate \u00e0 corrup\u00e7\u00e3o no Brasil ap\u00f3s o fim da for\u00e7a-tarefa.<\/p>\n\n\n\n<blockquote class=\"wp-block-quote is-layout-flow wp-block-quote-is-layout-flow\"><p><span class=\"has-inline-color has-luminous-vivid-orange-color\">Houve um retrocesso brutal e n\u00e3o continuamos a caminhar visando tornar o Brasil o que se imagina do Brasil, o Brasil sonhado. Para mim houve um grande retrocesso\u201d, disse o ministro aposentado em entrevista ao Estad\u00e3o divulgada neste domingo. \u201cSem d\u00favida alguma [o STF ajudou a enterrar a opera\u00e7\u00e3o]. Quando se concluiu, por exemplo, que o ju\u00edzo da 13\u00aa Vara Criminal do Paran\u00e1 n\u00e3o seria competente, se esmoreceu o combate \u00e0 corrup\u00e7\u00e3o. A\u00ed talvez a coloca\u00e7\u00e3o daquele senador da Rep\u00fablica [Romero Juc\u00e1], que disse que \u2018precisamos estancar essa sangria\u2019, acabou se mostrando procedente\u201d, apontou.<\/span><\/p><\/blockquote>\n\n\n\n<div class=\"wp-block-image\"><figure class=\"aligncenter size-large is-resized\"><img loading=\"lazy\" decoding=\"async\" src=\"https:\/\/jornalfatosenoticias.com.br\/wp-content\/uploads\/2020\/02\/CONTROL-CS.jpg\" alt=\"\" class=\"wp-image-44991\" width=\"366\" height=\"438\" srcset=\"https:\/\/jornalfatosenoticias.com.br\/wp-content\/uploads\/2020\/02\/CONTROL-CS.jpg 834w, https:\/\/jornalfatosenoticias.com.br\/wp-content\/uploads\/2020\/02\/CONTROL-CS-250x300.jpg 250w, https:\/\/jornalfatosenoticias.com.br\/wp-content\/uploads\/2020\/02\/CONTROL-CS-768x921.jpg 768w\" sizes=\"auto, (max-width: 366px) 100vw, 366px\" \/><\/figure><\/div>\n\n\n\n<p>Para Marco Aur\u00e9lio, \u201chouve uma concep\u00e7\u00e3o equivocada por parte do Supremo\u201d em rela\u00e7\u00e3o a Lava Jato, que n\u00e3o ocorreu no caso do Mensal\u00e3o, \u201cporque foi o Supremo quem julgou [o Mensal\u00e3o], a\u00ed evidentemente o tribunal ficaria muito mal na fotografia se viesse a declarar v\u00edcios na investiga\u00e7\u00e3o e no pr\u00f3prio processo-crime\u201d.<\/p>\n\n\n\n<div class=\"wp-block-image\"><figure class=\"aligncenter size-large is-resized\"><img loading=\"lazy\" decoding=\"async\" src=\"https:\/\/jornalfatosenoticias.com.br\/wp-content\/uploads\/2023\/08\/BKR-1024x1021.jpg\" alt=\"\" class=\"wp-image-44494\" width=\"335\" height=\"334\" srcset=\"https:\/\/jornalfatosenoticias.com.br\/wp-content\/uploads\/2023\/08\/BKR-1024x1021.jpg 1024w, https:\/\/jornalfatosenoticias.com.br\/wp-content\/uploads\/2023\/08\/BKR-300x300.jpg 300w, https:\/\/jornalfatosenoticias.com.br\/wp-content\/uploads\/2023\/08\/BKR-150x150.jpg 150w, https:\/\/jornalfatosenoticias.com.br\/wp-content\/uploads\/2023\/08\/BKR-768x766.jpg 768w, https:\/\/jornalfatosenoticias.com.br\/wp-content\/uploads\/2023\/08\/BKR.jpg 1080w\" sizes=\"auto, (max-width: 335px) 100vw, 335px\" \/><\/figure><\/div>\n\n\n\n<p>Antes de deixar a Corte, em 2021, o ministro votou contra o pedido de suspei\u00e7\u00e3o do ex-juiz da opera\u00e7\u00e3o S\u00e9rgio Moro (Uni\u00e3o Brasil-PR), eleito senador. Marco Aur\u00e9lio afirmou que a for\u00e7a-tarefa respeitou o devido processo legal. \u201cO nosso sistema \u00e9 equilibrado. Quando h\u00e1 um pronunciamento, ele \u00e9 pass\u00edvel de impugna\u00e7\u00e3o junto ao \u00f3rg\u00e3o revisor. O Tribunal Regional Federal da 4\u00aa Regi\u00e3o confirmou as decis\u00f5es de primeira inst\u00e2ncia e andou, inclusive, aumentando penas\u201d, disse.<\/p>\n\n\n\n<div class=\"wp-block-image\"><figure class=\"aligncenter size-large is-resized\"><img loading=\"lazy\" decoding=\"async\" src=\"https:\/\/jornalfatosenoticias.com.br\/wp-content\/uploads\/2020\/02\/logo-Rapuzel-1024x571.jpg\" alt=\"\" class=\"wp-image-42808\" width=\"359\" height=\"200\" srcset=\"https:\/\/jornalfatosenoticias.com.br\/wp-content\/uploads\/2020\/02\/logo-Rapuzel-1024x571.jpg 1024w, https:\/\/jornalfatosenoticias.com.br\/wp-content\/uploads\/2020\/02\/logo-Rapuzel-300x167.jpg 300w, https:\/\/jornalfatosenoticias.com.br\/wp-content\/uploads\/2020\/02\/logo-Rapuzel-768x428.jpg 768w, https:\/\/jornalfatosenoticias.com.br\/wp-content\/uploads\/2020\/02\/logo-Rapuzel-1536x856.jpg 1536w, https:\/\/jornalfatosenoticias.com.br\/wp-content\/uploads\/2020\/02\/logo-Rapuzel.jpg 1600w\" sizes=\"auto, (max-width: 359px) 100vw, 359px\" \/><\/figure><\/div>\n\n\n\n<p>Ele defendeu que a atua\u00e7\u00e3o de Moro e dos procuradores \u00e0 frente da opera\u00e7\u00e3o foi republicana. \u201cSe fala em conluio entre a magistratura e o Minist\u00e9rio P\u00fablico, julgador e acusador. Que conluio? O di\u00e1logo \u00e9 saud\u00e1vel, o di\u00e1logo sempre existiu\u201d, ressaltou o ex-ministro ao Estad\u00e3o.<\/p>\n\n\n\n<div class=\"wp-block-image\"><figure class=\"aligncenter size-large is-resized\"><img loading=\"lazy\" decoding=\"async\" src=\"https:\/\/jornalfatosenoticias.com.br\/wp-content\/uploads\/2023\/08\/ITH.jpeg\" alt=\"\" class=\"wp-image-44638\" width=\"349\" height=\"283\" srcset=\"https:\/\/jornalfatosenoticias.com.br\/wp-content\/uploads\/2023\/08\/ITH.jpeg 800w, https:\/\/jornalfatosenoticias.com.br\/wp-content\/uploads\/2023\/08\/ITH-300x244.jpeg 300w, https:\/\/jornalfatosenoticias.com.br\/wp-content\/uploads\/2023\/08\/ITH-768x624.jpeg 768w\" sizes=\"auto, (max-width: 349px) 100vw, 349px\" \/><\/figure><\/div>\n\n\n\n<p>Questionado sobre as decis\u00f5es do STF que suspenderam o pagamento dos acordos de leni\u00eancia firmados pela J&amp;F e pela Odebrecht na Lava Jato, Marco Aur\u00e9lio criticou a Corte e questionou se os atuais ministros conseguem sair \u00e0s ruas tranquilamente. Desde o ano passado, o ministro Dias Toffoli anulou provas e suspendeu os pagamentos em decis\u00f5es monocr\u00e1ticas.<\/p>\n\n\n\n<div class=\"wp-block-image\"><figure class=\"aligncenter size-large\"><img loading=\"lazy\" decoding=\"async\" width=\"300\" height=\"250\" src=\"https:\/\/jornalfatosenoticias.com.br\/wp-content\/uploads\/2020\/02\/Banner-2.png\" alt=\"\" class=\"wp-image-43787\"\/><\/figure><\/div>\n\n\n\n<blockquote class=\"wp-block-quote is-layout-flow wp-block-quote-is-layout-flow\"><p><span class=\"has-inline-color has-luminous-vivid-orange-color\">O grande problema \u00e9 que n\u00f3s passamos a ter, n\u00e3o pronunciamentos de \u00f3rg\u00e3o \u00fanico, que seria o Supremo reunido em plen\u00e1rio, mas a vis\u00e3o individual de cada qual. Hoje a inseguran\u00e7a grassa, o que \u00e9 p\u00e9ssimo. E mais do que isso: grassa o descr\u00e9dito da institui\u00e7\u00e3o na qual eu estive durante 31 anos. Para mim, \u00e9 uma tristeza enorme perceber isso. Avan\u00e7amos assim? Como fica a sociedade? Fica decepcionada. Eu s\u00f3 ou\u00e7o cr\u00edticas quanto ao Supremo&#8221;, disse. &#8220;Eu indago: hoje qualquer dos integrantes sai \u00e0 rua? Eu sempre sa\u00ed \u00e0 rua e nunca fui hostilizado. Eu n\u00e3o creio que qualquer colega que tenha assento no Supremo saia sozinho hoje \u00e0 rua e frequente locais p\u00fablicos sem estar com uma seguran\u00e7a maior\u201d, concluiu.<\/span><\/p><\/blockquote>\n\n\n\n<div class=\"wp-block-image\"><figure class=\"aligncenter size-large is-resized\"><img loading=\"lazy\" decoding=\"async\" src=\"https:\/\/jornalfatosenoticias.com.br\/wp-content\/uploads\/2024\/01\/consultoria-ambiental.jpg\" alt=\"\" class=\"wp-image-48314\" width=\"353\" height=\"319\" srcset=\"https:\/\/jornalfatosenoticias.com.br\/wp-content\/uploads\/2024\/01\/consultoria-ambiental.jpg 832w, https:\/\/jornalfatosenoticias.com.br\/wp-content\/uploads\/2024\/01\/consultoria-ambiental-300x272.jpg 300w, https:\/\/jornalfatosenoticias.com.br\/wp-content\/uploads\/2024\/01\/consultoria-ambiental-768x696.jpg 768w\" sizes=\"auto, (max-width: 353px) 100vw, 353px\" \/><\/figure><\/div>\n\n\n\n<p><span class=\"has-inline-color has-black-color\"><strong>Gilmar Mendes diz que Lava Jato &#8220;terminou como uma organiza\u00e7\u00e3o criminosa&#8221;<br><\/strong><\/span>Contr\u00e1rio \u00e0 opera\u00e7\u00e3o, o ministro Gilmar Mendes afirmou que a Lava Jato \u201cterminou como uma organiza\u00e7\u00e3o criminosa&#8221;. Para o decano do Supremo, as investiga\u00e7\u00f5es foram permeadas de abusos, como pris\u00f5es alongadas em Curitiba e as dela\u00e7\u00f5es inconsistentes.<\/p>\n\n\n\n<div class=\"wp-block-image\"><figure class=\"aligncenter size-large\"><img decoding=\"async\" src=\"https:\/\/jornalfatosenoticias.com.br\/wp-content\/uploads\/2020\/02\/logo_esteio.jpg\" alt=\"\" class=\"wp-image-1214\"\/><\/figure><\/div>\n\n\n\n<blockquote class=\"wp-block-quote is-layout-flow wp-block-quote-is-layout-flow\"><p><span class=\"has-inline-color has-luminous-vivid-orange-color\">Na verdade, a Lava Jato terminou como uma verdadeira organiza\u00e7\u00e3o criminosa, ela envolveu-se em uma s\u00e9rie de abusos de autoridades, desvio de dinheiro, viola\u00e7\u00e3o de uma s\u00e9rie de princ\u00edpios e tudo isso \u00e9 de todo lament\u00e1vel\u201d, disse o ministro em entrevista \u00e0 Ag\u00eancia Brasil divulgada neste domingo (17).<\/span><\/p><\/blockquote>\n\n\n\n<div class=\"wp-block-image\"><figure class=\"aligncenter size-large is-resized\"><img loading=\"lazy\" decoding=\"async\" src=\"https:\/\/jornalfatosenoticias.com.br\/wp-content\/uploads\/2023\/03\/nova-logo-Marquetti.jpg\" alt=\"\" class=\"wp-image-40207\" width=\"356\" height=\"239\" srcset=\"https:\/\/jornalfatosenoticias.com.br\/wp-content\/uploads\/2023\/03\/nova-logo-Marquetti.jpg 643w, https:\/\/jornalfatosenoticias.com.br\/wp-content\/uploads\/2023\/03\/nova-logo-Marquetti-300x202.jpg 300w\" sizes=\"auto, (max-width: 356px) 100vw, 356px\" \/><\/figure><\/div>\n\n\n\n<p>Gilmar Mendes afirmou que \u201ca Lava Jato fez um mal enorme \u00e0s institui\u00e7\u00f5es\u201d. \u201cBem inspirada talvez, no in\u00edcio, ela acabou produzindo uma s\u00e9rie de distor\u00e7\u00f5es no sistema jur\u00eddico pol\u00edtico. Por isso, o meu balan\u00e7o \u00e9 marcadamente negativo\u2026 O que a gente aprendeu? Eu diria em uma frase: n\u00e3o se combate o crime cometendo crimes\u201d, apontou.<\/p>\n\n\n\n<div class=\"wp-block-image\"><figure class=\"aligncenter size-large is-resized\"><img loading=\"lazy\" decoding=\"async\" src=\"https:\/\/jornalfatosenoticias.com.br\/wp-content\/uploads\/2022\/02\/Precisao-Contabilidade-1024x724.jpg\" alt=\"\" class=\"wp-image-28088\" width=\"371\" height=\"262\"\/><\/figure><\/div>\n\n\n\n<blockquote class=\"wp-block-quote is-layout-flow wp-block-quote-is-layout-flow\"><p><span class=\"has-inline-color has-luminous-vivid-orange-color\">Tudo o que \u00e9 excessivo e tudo que \u00e9 indevido, certamente, \u00e9 al\u00e9m da conta. N\u00f3s vamos ter que discutir isso agora. Certamente, muitos v\u00e3o dizer: \u2018ah, tem r\u00e9us confessos que est\u00e3o sendo isentados de culpa por conta de falhas processuais\u2019, mas \u00e9 assim no Estado de Direito em qualquer lugar. Ent\u00e3o, n\u00e3o h\u00e1 nenhuma surpresa em rela\u00e7\u00e3o a isso e vamos ter que fazer tamb\u00e9m um exame caso a caso, isso n\u00e3o se resolve em um ju\u00edzo completo, direto\u201d, disse o decano.<\/span><\/p><\/blockquote>\n\n\n\n<div class=\"wp-block-image\"><figure class=\"aligncenter size-large\"><img decoding=\"async\" src=\"https:\/\/jornalfatosenoticias.com.br\/wp-content\/uploads\/2020\/02\/barao-das-carnes-300x164-1.jpg\" alt=\"\" class=\"wp-image-34339\"\/><\/figure><\/div>\n\n\n\n<p><strong><em>Fonte: <a href=\"https:\/\/www.gazetadopovo.com.br\/republica\/stf-enterrar-lava-jato-combate-a-corrupcao-retrocesso-brutal-marco-aurelio\/\">Gazeta do Povo<\/a><\/em><\/strong><\/p>\n","protected":false},"excerpt":{"rendered":"<p>O ministro aposentado do STF Marco Aur\u00e9lio Mello afirmou que houve um \u201cretrocesso brutal\u201d no combate \u00e0 corrup\u00e7\u00e3o no Brasil ap\u00f3s o fim da Lava Jato Por Camila Abr\u00e3o O ministro aposentado do Supremo Tribunal Federal (STF) Marco Aur\u00e9lio Mello afirmou que a Corte ajudou a enterrar a Opera\u00e7\u00e3o Lava Jato. A investiga\u00e7\u00e3o completa 10 [&hellip;]<\/p>\n","protected":false},"author":2,"featured_media":49980,"comment_status":"open","ping_status":"open","sticky":false,"template":"","format":"standard","meta":{"footnotes":""},"categories":[10],"tags":[20900,18343,23084,17871,16736,294],"class_list":["post-49979","post","type-post","status-publish","format-standard","has-post-thumbnail","hentry","category-politica","tag-combate-a-corrupcao","tag-governo-lula","tag-marco-aurelio-de-mello","tag-operacao-lava-jato","tag-retrocesso","tag-stf"],"yoast_head":"<!-- This site is optimized with the Yoast SEO plugin v26.5 - https:\/\/yoast.com\/wordpress\/plugins\/seo\/ -->\n<title>STF ajudou a enterrar a Lava Jato e combate \u00e0 corrup\u00e7\u00e3o teve \u201cretrocesso brutal\u201d, diz Marco Aur\u00e9lio - Jornal Fatos e Not\u00edcias<\/title>\n<meta name=\"robots\" content=\"index, follow, max-snippet:-1, max-image-preview:large, max-video-preview:-1\" \/>\n<link rel=\"canonical\" href=\"https:\/\/jornalfatosenoticias.com.br\/index.php\/2024\/03\/18\/stf-ajudou-a-enterrar-a-lava-jato-e-combate-a-corrupcao-teve-retrocesso-brutal-diz-marco-aurelio\/\" \/>\n<meta property=\"og:locale\" content=\"pt_BR\" \/>\n<meta property=\"og:type\" content=\"article\" \/>\n<meta property=\"og:title\" content=\"STF ajudou a enterrar a Lava Jato e combate \u00e0 corrup\u00e7\u00e3o teve \u201cretrocesso brutal\u201d, diz Marco Aur\u00e9lio - Jornal Fatos e Not\u00edcias\" \/>\n<meta property=\"og:description\" content=\"O ministro aposentado do STF Marco Aur\u00e9lio Mello afirmou que houve um \u201cretrocesso brutal\u201d no combate \u00e0 corrup\u00e7\u00e3o no Brasil ap\u00f3s o fim da Lava Jato Por Camila Abr\u00e3o O ministro aposentado do Supremo Tribunal Federal (STF) Marco Aur\u00e9lio Mello afirmou que a Corte ajudou a enterrar a Opera\u00e7\u00e3o Lava Jato. A investiga\u00e7\u00e3o completa 10 [&hellip;]\" \/>\n<meta property=\"og:url\" content=\"https:\/\/jornalfatosenoticias.com.br\/index.php\/2024\/03\/18\/stf-ajudou-a-enterrar-a-lava-jato-e-combate-a-corrupcao-teve-retrocesso-brutal-diz-marco-aurelio\/\" \/>\n<meta property=\"og:site_name\" content=\"Jornal Fatos e Not\u00edcias\" \/>\n<meta property=\"article:published_time\" content=\"2024-03-18T15:26:55+00:00\" \/>\n<meta property=\"article:modified_time\" content=\"2024-03-18T15:26:57+00:00\" \/>\n<meta property=\"og:image\" content=\"https:\/\/jornalfatosenoticias.com.br\/wp-content\/uploads\/2024\/03\/lava-jato-marco-aurelio-mello.jpg\" \/>\n\t<meta property=\"og:image:width\" content=\"960\" \/>\n\t<meta property=\"og:image:height\" content=\"540\" \/>\n\t<meta property=\"og:image:type\" content=\"image\/jpeg\" \/>\n<meta name=\"author\" content=\"Luzimara Fernandes\" \/>\n<meta name=\"twitter:card\" content=\"summary_large_image\" \/>\n<meta name=\"twitter:label1\" content=\"Escrito por\" \/>\n\t<meta name=\"twitter:data1\" content=\"Luzimara Fernandes\" \/>\n\t<meta name=\"twitter:label2\" content=\"Est. tempo de leitura\" \/>\n\t<meta name=\"twitter:data2\" content=\"4 minutos\" \/>\n<script type=\"application\/ld+json\" class=\"yoast-schema-graph\">{\"@context\":\"https:\/\/schema.org\",\"@graph\":[{\"@type\":\"Article\",\"@id\":\"https:\/\/jornalfatosenoticias.com.br\/index.php\/2024\/03\/18\/stf-ajudou-a-enterrar-a-lava-jato-e-combate-a-corrupcao-teve-retrocesso-brutal-diz-marco-aurelio\/#article\",\"isPartOf\":{\"@id\":\"https:\/\/jornalfatosenoticias.com.br\/index.php\/2024\/03\/18\/stf-ajudou-a-enterrar-a-lava-jato-e-combate-a-corrupcao-teve-retrocesso-brutal-diz-marco-aurelio\/\"},\"author\":{\"name\":\"Luzimara Fernandes\",\"@id\":\"https:\/\/jornalfatosenoticias.com.br\/#\/schema\/person\/d63837fa13ac8666eb9e74e0985d6f81\"},\"headline\":\"STF ajudou a enterrar a Lava Jato e combate \u00e0 corrup\u00e7\u00e3o teve \u201cretrocesso brutal\u201d, diz Marco Aur\u00e9lio\",\"datePublished\":\"2024-03-18T15:26:55+00:00\",\"dateModified\":\"2024-03-18T15:26:57+00:00\",\"mainEntityOfPage\":{\"@id\":\"https:\/\/jornalfatosenoticias.com.br\/index.php\/2024\/03\/18\/stf-ajudou-a-enterrar-a-lava-jato-e-combate-a-corrupcao-teve-retrocesso-brutal-diz-marco-aurelio\/\"},\"wordCount\":863,\"commentCount\":0,\"publisher\":{\"@id\":\"https:\/\/jornalfatosenoticias.com.br\/#organization\"},\"image\":{\"@id\":\"https:\/\/jornalfatosenoticias.com.br\/index.php\/2024\/03\/18\/stf-ajudou-a-enterrar-a-lava-jato-e-combate-a-corrupcao-teve-retrocesso-brutal-diz-marco-aurelio\/#primaryimage\"},\"thumbnailUrl\":\"https:\/\/jornalfatosenoticias.com.br\/wp-content\/uploads\/2024\/03\/lava-jato-marco-aurelio-mello.jpg\",\"keywords\":[\"combate \u00e0 corrup\u00e7\u00e3o\",\"governo Lula\",\"Marco Aur\u00e9lio de Mello\",\"Opera\u00e7\u00e3o Lava Jato\",\"retrocesso\",\"STF\"],\"articleSection\":[\"Pol\u00edtica\"],\"inLanguage\":\"pt-BR\",\"potentialAction\":[{\"@type\":\"CommentAction\",\"name\":\"Comment\",\"target\":[\"https:\/\/jornalfatosenoticias.com.br\/index.php\/2024\/03\/18\/stf-ajudou-a-enterrar-a-lava-jato-e-combate-a-corrupcao-teve-retrocesso-brutal-diz-marco-aurelio\/#respond\"]}]},{\"@type\":\"WebPage\",\"@id\":\"https:\/\/jornalfatosenoticias.com.br\/index.php\/2024\/03\/18\/stf-ajudou-a-enterrar-a-lava-jato-e-combate-a-corrupcao-teve-retrocesso-brutal-diz-marco-aurelio\/\",\"url\":\"https:\/\/jornalfatosenoticias.com.br\/index.php\/2024\/03\/18\/stf-ajudou-a-enterrar-a-lava-jato-e-combate-a-corrupcao-teve-retrocesso-brutal-diz-marco-aurelio\/\",\"name\":\"STF ajudou a enterrar a Lava Jato e combate \u00e0 corrup\u00e7\u00e3o teve \u201cretrocesso brutal\u201d, diz Marco Aur\u00e9lio - Jornal Fatos e Not\u00edcias\",\"isPartOf\":{\"@id\":\"https:\/\/jornalfatosenoticias.com.br\/#website\"},\"primaryImageOfPage\":{\"@id\":\"https:\/\/jornalfatosenoticias.com.br\/index.php\/2024\/03\/18\/stf-ajudou-a-enterrar-a-lava-jato-e-combate-a-corrupcao-teve-retrocesso-brutal-diz-marco-aurelio\/#primaryimage\"},\"image\":{\"@id\":\"https:\/\/jornalfatosenoticias.com.br\/index.php\/2024\/03\/18\/stf-ajudou-a-enterrar-a-lava-jato-e-combate-a-corrupcao-teve-retrocesso-brutal-diz-marco-aurelio\/#primaryimage\"},\"thumbnailUrl\":\"https:\/\/jornalfatosenoticias.com.br\/wp-content\/uploads\/2024\/03\/lava-jato-marco-aurelio-mello.jpg\",\"datePublished\":\"2024-03-18T15:26:55+00:00\",\"dateModified\":\"2024-03-18T15:26:57+00:00\",\"breadcrumb\":{\"@id\":\"https:\/\/jornalfatosenoticias.com.br\/index.php\/2024\/03\/18\/stf-ajudou-a-enterrar-a-lava-jato-e-combate-a-corrupcao-teve-retrocesso-brutal-diz-marco-aurelio\/#breadcrumb\"},\"inLanguage\":\"pt-BR\",\"potentialAction\":[{\"@type\":\"ReadAction\",\"target\":[\"https:\/\/jornalfatosenoticias.com.br\/index.php\/2024\/03\/18\/stf-ajudou-a-enterrar-a-lava-jato-e-combate-a-corrupcao-teve-retrocesso-brutal-diz-marco-aurelio\/\"]}]},{\"@type\":\"ImageObject\",\"inLanguage\":\"pt-BR\",\"@id\":\"https:\/\/jornalfatosenoticias.com.br\/index.php\/2024\/03\/18\/stf-ajudou-a-enterrar-a-lava-jato-e-combate-a-corrupcao-teve-retrocesso-brutal-diz-marco-aurelio\/#primaryimage\",\"url\":\"https:\/\/jornalfatosenoticias.com.br\/wp-content\/uploads\/2024\/03\/lava-jato-marco-aurelio-mello.jpg\",\"contentUrl\":\"https:\/\/jornalfatosenoticias.com.br\/wp-content\/uploads\/2024\/03\/lava-jato-marco-aurelio-mello.jpg\",\"width\":960,\"height\":540},{\"@type\":\"BreadcrumbList\",\"@id\":\"https:\/\/jornalfatosenoticias.com.br\/index.php\/2024\/03\/18\/stf-ajudou-a-enterrar-a-lava-jato-e-combate-a-corrupcao-teve-retrocesso-brutal-diz-marco-aurelio\/#breadcrumb\",\"itemListElement\":[{\"@type\":\"ListItem\",\"position\":1,\"name\":\"In\u00edcio\",\"item\":\"https:\/\/jornalfatosenoticias.com.br\/\"},{\"@type\":\"ListItem\",\"position\":2,\"name\":\"STF ajudou a enterrar a Lava Jato e combate \u00e0 corrup\u00e7\u00e3o teve \u201cretrocesso brutal\u201d, diz Marco Aur\u00e9lio\"}]},{\"@type\":\"WebSite\",\"@id\":\"https:\/\/jornalfatosenoticias.com.br\/#website\",\"url\":\"https:\/\/jornalfatosenoticias.com.br\/\",\"name\":\"Jornal Fatos e Not\u00edcias\",\"description\":\"Not\u00edcias em geral\",\"publisher\":{\"@id\":\"https:\/\/jornalfatosenoticias.com.br\/#organization\"},\"potentialAction\":[{\"@type\":\"SearchAction\",\"target\":{\"@type\":\"EntryPoint\",\"urlTemplate\":\"https:\/\/jornalfatosenoticias.com.br\/?s={search_term_string}\"},\"query-input\":{\"@type\":\"PropertyValueSpecification\",\"valueRequired\":true,\"valueName\":\"search_term_string\"}}],\"inLanguage\":\"pt-BR\"},{\"@type\":\"Organization\",\"@id\":\"https:\/\/jornalfatosenoticias.com.br\/#organization\",\"name\":\"Jornal Fatos e Not\u00edcias\",\"url\":\"https:\/\/jornalfatosenoticias.com.br\/\",\"logo\":{\"@type\":\"ImageObject\",\"inLanguage\":\"pt-BR\",\"@id\":\"https:\/\/jornalfatosenoticias.com.br\/#\/schema\/logo\/image\/\",\"url\":\"https:\/\/jornalfatosenoticias.com.br\/wp-content\/uploads\/2020\/02\/logo120.png\",\"contentUrl\":\"https:\/\/jornalfatosenoticias.com.br\/wp-content\/uploads\/2020\/02\/logo120.png\",\"width\":1227,\"height\":120,\"caption\":\"Jornal Fatos e Not\u00edcias\"},\"image\":{\"@id\":\"https:\/\/jornalfatosenoticias.com.br\/#\/schema\/logo\/image\/\"}},{\"@type\":\"Person\",\"@id\":\"https:\/\/jornalfatosenoticias.com.br\/#\/schema\/person\/d63837fa13ac8666eb9e74e0985d6f81\",\"name\":\"Luzimara Fernandes\",\"image\":{\"@type\":\"ImageObject\",\"inLanguage\":\"pt-BR\",\"@id\":\"https:\/\/jornalfatosenoticias.com.br\/#\/schema\/person\/image\/\",\"url\":\"https:\/\/jornalfatosenoticias.com.br\/wp-content\/uploads\/2025\/05\/EU_portal.jpg\",\"contentUrl\":\"https:\/\/jornalfatosenoticias.com.br\/wp-content\/uploads\/2025\/05\/EU_portal.jpg\",\"caption\":\"Luzimara Fernandes\"},\"description\":\"Jornalista MTB 2358-ES\",\"sameAs\":[\"https:\/\/jornalfatosenoticias.com.br\"],\"url\":\"https:\/\/jornalfatosenoticias.com.br\/index.php\/author\/luzimara\/\"}]}<\/script>\n<!-- \/ Yoast SEO plugin. -->","yoast_head_json":{"title":"STF ajudou a enterrar a Lava Jato e combate \u00e0 corrup\u00e7\u00e3o teve \u201cretrocesso brutal\u201d, diz Marco Aur\u00e9lio - Jornal Fatos e Not\u00edcias","robots":{"index":"index","follow":"follow","max-snippet":"max-snippet:-1","max-image-preview":"max-image-preview:large","max-video-preview":"max-video-preview:-1"},"canonical":"https:\/\/jornalfatosenoticias.com.br\/index.php\/2024\/03\/18\/stf-ajudou-a-enterrar-a-lava-jato-e-combate-a-corrupcao-teve-retrocesso-brutal-diz-marco-aurelio\/","og_locale":"pt_BR","og_type":"article","og_title":"STF ajudou a enterrar a Lava Jato e combate \u00e0 corrup\u00e7\u00e3o teve \u201cretrocesso brutal\u201d, diz Marco Aur\u00e9lio - Jornal Fatos e Not\u00edcias","og_description":"O ministro aposentado do STF Marco Aur\u00e9lio Mello afirmou que houve um \u201cretrocesso brutal\u201d no combate \u00e0 corrup\u00e7\u00e3o no Brasil ap\u00f3s o fim da Lava Jato Por Camila Abr\u00e3o O ministro aposentado do Supremo Tribunal Federal (STF) Marco Aur\u00e9lio Mello afirmou que a Corte ajudou a enterrar a Opera\u00e7\u00e3o Lava Jato. A investiga\u00e7\u00e3o completa 10 [&hellip;]","og_url":"https:\/\/jornalfatosenoticias.com.br\/index.php\/2024\/03\/18\/stf-ajudou-a-enterrar-a-lava-jato-e-combate-a-corrupcao-teve-retrocesso-brutal-diz-marco-aurelio\/","og_site_name":"Jornal Fatos e Not\u00edcias","article_published_time":"2024-03-18T15:26:55+00:00","article_modified_time":"2024-03-18T15:26:57+00:00","og_image":[{"width":960,"height":540,"url":"https:\/\/jornalfatosenoticias.com.br\/wp-content\/uploads\/2024\/03\/lava-jato-marco-aurelio-mello.jpg","type":"image\/jpeg"}],"author":"Luzimara Fernandes","twitter_card":"summary_large_image","twitter_misc":{"Escrito por":"Luzimara Fernandes","Est. tempo de leitura":"4 minutos"},"schema":{"@context":"https:\/\/schema.org","@graph":[{"@type":"Article","@id":"https:\/\/jornalfatosenoticias.com.br\/index.php\/2024\/03\/18\/stf-ajudou-a-enterrar-a-lava-jato-e-combate-a-corrupcao-teve-retrocesso-brutal-diz-marco-aurelio\/#article","isPartOf":{"@id":"https:\/\/jornalfatosenoticias.com.br\/index.php\/2024\/03\/18\/stf-ajudou-a-enterrar-a-lava-jato-e-combate-a-corrupcao-teve-retrocesso-brutal-diz-marco-aurelio\/"},"author":{"name":"Luzimara Fernandes","@id":"https:\/\/jornalfatosenoticias.com.br\/#\/schema\/person\/d63837fa13ac8666eb9e74e0985d6f81"},"headline":"STF ajudou a enterrar a Lava Jato e combate \u00e0 corrup\u00e7\u00e3o teve \u201cretrocesso brutal\u201d, diz Marco Aur\u00e9lio","datePublished":"2024-03-18T15:26:55+00:00","dateModified":"2024-03-18T15:26:57+00:00","mainEntityOfPage":{"@id":"https:\/\/jornalfatosenoticias.com.br\/index.php\/2024\/03\/18\/stf-ajudou-a-enterrar-a-lava-jato-e-combate-a-corrupcao-teve-retrocesso-brutal-diz-marco-aurelio\/"},"wordCount":863,"commentCount":0,"publisher":{"@id":"https:\/\/jornalfatosenoticias.com.br\/#organization"},"image":{"@id":"https:\/\/jornalfatosenoticias.com.br\/index.php\/2024\/03\/18\/stf-ajudou-a-enterrar-a-lava-jato-e-combate-a-corrupcao-teve-retrocesso-brutal-diz-marco-aurelio\/#primaryimage"},"thumbnailUrl":"https:\/\/jornalfatosenoticias.com.br\/wp-content\/uploads\/2024\/03\/lava-jato-marco-aurelio-mello.jpg","keywords":["combate \u00e0 corrup\u00e7\u00e3o","governo Lula","Marco Aur\u00e9lio de Mello","Opera\u00e7\u00e3o Lava Jato","retrocesso","STF"],"articleSection":["Pol\u00edtica"],"inLanguage":"pt-BR","potentialAction":[{"@type":"CommentAction","name":"Comment","target":["https:\/\/jornalfatosenoticias.com.br\/index.php\/2024\/03\/18\/stf-ajudou-a-enterrar-a-lava-jato-e-combate-a-corrupcao-teve-retrocesso-brutal-diz-marco-aurelio\/#respond"]}]},{"@type":"WebPage","@id":"https:\/\/jornalfatosenoticias.com.br\/index.php\/2024\/03\/18\/stf-ajudou-a-enterrar-a-lava-jato-e-combate-a-corrupcao-teve-retrocesso-brutal-diz-marco-aurelio\/","url":"https:\/\/jornalfatosenoticias.com.br\/index.php\/2024\/03\/18\/stf-ajudou-a-enterrar-a-lava-jato-e-combate-a-corrupcao-teve-retrocesso-brutal-diz-marco-aurelio\/","name":"STF ajudou a enterrar a Lava Jato e combate \u00e0 corrup\u00e7\u00e3o teve \u201cretrocesso brutal\u201d, diz Marco Aur\u00e9lio - Jornal Fatos e Not\u00edcias","isPartOf":{"@id":"https:\/\/jornalfatosenoticias.com.br\/#website"},"primaryImageOfPage":{"@id":"https:\/\/jornalfatosenoticias.com.br\/index.php\/2024\/03\/18\/stf-ajudou-a-enterrar-a-lava-jato-e-combate-a-corrupcao-teve-retrocesso-brutal-diz-marco-aurelio\/#primaryimage"},"image":{"@id":"https:\/\/jornalfatosenoticias.com.br\/index.php\/2024\/03\/18\/stf-ajudou-a-enterrar-a-lava-jato-e-combate-a-corrupcao-teve-retrocesso-brutal-diz-marco-aurelio\/#primaryimage"},"thumbnailUrl":"https:\/\/jornalfatosenoticias.com.br\/wp-content\/uploads\/2024\/03\/lava-jato-marco-aurelio-mello.jpg","datePublished":"2024-03-18T15:26:55+00:00","dateModified":"2024-03-18T15:26:57+00:00","breadcrumb":{"@id":"https:\/\/jornalfatosenoticias.com.br\/index.php\/2024\/03\/18\/stf-ajudou-a-enterrar-a-lava-jato-e-combate-a-corrupcao-teve-retrocesso-brutal-diz-marco-aurelio\/#breadcrumb"},"inLanguage":"pt-BR","potentialAction":[{"@type":"ReadAction","target":["https:\/\/jornalfatosenoticias.com.br\/index.php\/2024\/03\/18\/stf-ajudou-a-enterrar-a-lava-jato-e-combate-a-corrupcao-teve-retrocesso-brutal-diz-marco-aurelio\/"]}]},{"@type":"ImageObject","inLanguage":"pt-BR","@id":"https:\/\/jornalfatosenoticias.com.br\/index.php\/2024\/03\/18\/stf-ajudou-a-enterrar-a-lava-jato-e-combate-a-corrupcao-teve-retrocesso-brutal-diz-marco-aurelio\/#primaryimage","url":"https:\/\/jornalfatosenoticias.com.br\/wp-content\/uploads\/2024\/03\/lava-jato-marco-aurelio-mello.jpg","contentUrl":"https:\/\/jornalfatosenoticias.com.br\/wp-content\/uploads\/2024\/03\/lava-jato-marco-aurelio-mello.jpg","width":960,"height":540},{"@type":"BreadcrumbList","@id":"https:\/\/jornalfatosenoticias.com.br\/index.php\/2024\/03\/18\/stf-ajudou-a-enterrar-a-lava-jato-e-combate-a-corrupcao-teve-retrocesso-brutal-diz-marco-aurelio\/#breadcrumb","itemListElement":[{"@type":"ListItem","position":1,"name":"In\u00edcio","item":"https:\/\/jornalfatosenoticias.com.br\/"},{"@type":"ListItem","position":2,"name":"STF ajudou a enterrar a Lava Jato e combate \u00e0 corrup\u00e7\u00e3o teve \u201cretrocesso brutal\u201d, diz Marco Aur\u00e9lio"}]},{"@type":"WebSite","@id":"https:\/\/jornalfatosenoticias.com.br\/#website","url":"https:\/\/jornalfatosenoticias.com.br\/","name":"Jornal Fatos e Not\u00edcias","description":"Not\u00edcias em geral","publisher":{"@id":"https:\/\/jornalfatosenoticias.com.br\/#organization"},"potentialAction":[{"@type":"SearchAction","target":{"@type":"EntryPoint","urlTemplate":"https:\/\/jornalfatosenoticias.com.br\/?s={search_term_string}"},"query-input":{"@type":"PropertyValueSpecification","valueRequired":true,"valueName":"search_term_string"}}],"inLanguage":"pt-BR"},{"@type":"Organization","@id":"https:\/\/jornalfatosenoticias.com.br\/#organization","name":"Jornal Fatos e Not\u00edcias","url":"https:\/\/jornalfatosenoticias.com.br\/","logo":{"@type":"ImageObject","inLanguage":"pt-BR","@id":"https:\/\/jornalfatosenoticias.com.br\/#\/schema\/logo\/image\/","url":"https:\/\/jornalfatosenoticias.com.br\/wp-content\/uploads\/2020\/02\/logo120.png","contentUrl":"https:\/\/jornalfatosenoticias.com.br\/wp-content\/uploads\/2020\/02\/logo120.png","width":1227,"height":120,"caption":"Jornal Fatos e Not\u00edcias"},"image":{"@id":"https:\/\/jornalfatosenoticias.com.br\/#\/schema\/logo\/image\/"}},{"@type":"Person","@id":"https:\/\/jornalfatosenoticias.com.br\/#\/schema\/person\/d63837fa13ac8666eb9e74e0985d6f81","name":"Luzimara Fernandes","image":{"@type":"ImageObject","inLanguage":"pt-BR","@id":"https:\/\/jornalfatosenoticias.com.br\/#\/schema\/person\/image\/","url":"https:\/\/jornalfatosenoticias.com.br\/wp-content\/uploads\/2025\/05\/EU_portal.jpg","contentUrl":"https:\/\/jornalfatosenoticias.com.br\/wp-content\/uploads\/2025\/05\/EU_portal.jpg","caption":"Luzimara Fernandes"},"description":"Jornalista MTB 2358-ES","sameAs":["https:\/\/jornalfatosenoticias.com.br"],"url":"https:\/\/jornalfatosenoticias.com.br\/index.php\/author\/luzimara\/"}]}},"cc_featured_image_caption":{"caption_text":"(Foto: Carlos Moura\/SCO\/STF)","source_text":"","source_url":""},"jetpack_featured_media_url":"https:\/\/jornalfatosenoticias.com.br\/wp-content\/uploads\/2024\/03\/lava-jato-marco-aurelio-mello.jpg","_links":{"self":[{"href":"https:\/\/jornalfatosenoticias.com.br\/index.php\/wp-json\/wp\/v2\/posts\/49979","targetHints":{"allow":["GET"]}}],"collection":[{"href":"https:\/\/jornalfatosenoticias.com.br\/index.php\/wp-json\/wp\/v2\/posts"}],"about":[{"href":"https:\/\/jornalfatosenoticias.com.br\/index.php\/wp-json\/wp\/v2\/types\/post"}],"author":[{"embeddable":true,"href":"https:\/\/jornalfatosenoticias.com.br\/index.php\/wp-json\/wp\/v2\/users\/2"}],"replies":[{"embeddable":true,"href":"https:\/\/jornalfatosenoticias.com.br\/index.php\/wp-json\/wp\/v2\/comments?post=49979"}],"version-history":[{"count":0,"href":"https:\/\/jornalfatosenoticias.com.br\/index.php\/wp-json\/wp\/v2\/posts\/49979\/revisions"}],"wp:featuredmedia":[{"embeddable":true,"href":"https:\/\/jornalfatosenoticias.com.br\/index.php\/wp-json\/wp\/v2\/media\/49980"}],"wp:attachment":[{"href":"https:\/\/jornalfatosenoticias.com.br\/index.php\/wp-json\/wp\/v2\/media?parent=49979"}],"wp:term":[{"taxonomy":"category","embeddable":true,"href":"https:\/\/jornalfatosenoticias.com.br\/index.php\/wp-json\/wp\/v2\/categories?post=49979"},{"taxonomy":"post_tag","embeddable":true,"href":"https:\/\/jornalfatosenoticias.com.br\/index.php\/wp-json\/wp\/v2\/tags?post=49979"}],"curies":[{"name":"wp","href":"https:\/\/api.w.org\/{rel}","templated":true}]}}