{"id":49988,"date":"2024-03-19T10:26:18","date_gmt":"2024-03-19T13:26:18","guid":{"rendered":"https:\/\/jornalfatosenoticias.com.br\/?p=49988"},"modified":"2024-03-19T10:26:20","modified_gmt":"2024-03-19T13:26:20","slug":"novo-exame-de-sangue-pode-detectar-privacao-de-sono-de-motoristas","status":"publish","type":"post","link":"https:\/\/jornalfatosenoticias.com.br\/index.php\/2024\/03\/19\/novo-exame-de-sangue-pode-detectar-privacao-de-sono-de-motoristas\/","title":{"rendered":"Novo exame de sangue pode detectar priva\u00e7\u00e3o de sono de motoristas"},"content":{"rendered":"\n<p><em><span class=\"has-inline-color has-black-color\">Teste criado por cientistas tem 99,2% de precis\u00e3o e pode detectar se uma pessoa n\u00e3o dormiu por 24 horas ou mais<\/span><\/em><\/p>\n\n\n\n<p><span class=\"has-inline-color has-black-color\">Por <strong><a href=\"https:\/\/olhardigital.com.br\/author\/nayra-teles\/\">Nayra Teles<\/a><\/strong><\/span><\/p>\n\n\n\n<div class=\"wp-block-image\"><figure class=\"aligncenter size-large\"><img loading=\"lazy\" decoding=\"async\" width=\"729\" height=\"90\" src=\"https:\/\/jornalfatosenoticias.com.br\/wp-content\/uploads\/2020\/02\/Logo_Mizu.png\" alt=\"\" class=\"wp-image-1441\" srcset=\"https:\/\/jornalfatosenoticias.com.br\/wp-content\/uploads\/2020\/02\/Logo_Mizu.png 729w, https:\/\/jornalfatosenoticias.com.br\/wp-content\/uploads\/2020\/02\/Logo_Mizu-300x37.png 300w\" sizes=\"auto, (max-width: 729px) 100vw, 729px\" \/><\/figure><\/div>\n\n\n\n<p>Um grupo de pesquisadores da <a href=\"https:\/\/www.monash.edu\/news\/articles\/blood-based-marker-developed-to-identify-sleep-deprivation\" target=\"_blank\" rel=\"noreferrer noopener\">Universidade Monash<\/a>\u00a0desenvolveu um exame de sangue que detecta se uma pessoa esteve sem dormir por 24 horas ou mais. O teste \u00e9 especialmente \u00fatil para identificar motoristas com\u00a0<a href=\"https:\/\/olhardigital.com.br\/tag\/sono\/\">priva\u00e7\u00e3o de sono<\/a> que podem colocar vidas em risco devido ao cansa\u00e7o. Detalhes sobre a pesquisa foram publicados na revista <a href=\"https:\/\/www.science.org\/doi\/10.1126\/sciadv.adj6834\" target=\"_blank\" rel=\"noreferrer noopener\">Science Advances.<\/a><br>Com a ajuda de algoritmo de aprendizagem, os cientistas encontraram uma subst\u00e2ncia que pode identificar a priva\u00e7\u00e3o do sono. Ela \u00e9 gerada quando o corpo decomp\u00f5e alimentos, medicamentos, produtos qu\u00edmicos ou os pr\u00f3prios tecidos.<br>Em testes, esse <a href=\"https:\/\/olhardigital.com.br\/tag\/biomarcadores\/\">biomarcador<\/a> detectou com 99,2% de precis\u00e3o quando uma pessoa ficou sem dormir por 24 horas ou mais, comparado com pessoas sem a priva\u00e7\u00e3o do sono. Quando comparado com amostras de pessoas que dormiram o suficiente, a precis\u00e3o caiu para 88,1% \u2014 o que ainda \u00e9 um bom resultado.<\/p>\n\n\n\n<div class=\"wp-block-image\"><figure class=\"aligncenter size-large\"><img loading=\"lazy\" decoding=\"async\" width=\"300\" height=\"250\" src=\"https:\/\/jornalfatosenoticias.com.br\/wp-content\/uploads\/2020\/02\/Banner-2.png\" alt=\"\" class=\"wp-image-43787\"\/><\/figure><\/div>\n\n\n\n<p>A equipe de pesquisa espera que o novo teste possa ser utilizado para garantir a seguran\u00e7a de motoristas e para a gest\u00e3o de sa\u00fade. A ideia principal \u00e9 que o novo <a href=\"https:\/\/olhardigital.com.br\/tag\/biomarcadores\/\">exame de sangue<\/a> seja aplicado de forma semelhante ao baf\u00f4metro. Para isso, pretendem realizar experimentos em ambientes menos controlados, de prefer\u00eancia, em condi\u00e7\u00f5es que possam comprovar que o exame \u00e9 realmente necess\u00e1rio.<\/p>\n\n\n\n<div class=\"wp-block-image\"><figure class=\"aligncenter size-large is-resized\"><img loading=\"lazy\" decoding=\"async\" src=\"https:\/\/jornalfatosenoticias.com.br\/wp-content\/uploads\/2023\/03\/nova-logo-Marquetti.jpg\" alt=\"\" class=\"wp-image-40207\" width=\"297\" height=\"199\" srcset=\"https:\/\/jornalfatosenoticias.com.br\/wp-content\/uploads\/2023\/03\/nova-logo-Marquetti.jpg 643w, https:\/\/jornalfatosenoticias.com.br\/wp-content\/uploads\/2023\/03\/nova-logo-Marquetti-300x202.jpg 300w\" sizes=\"auto, (max-width: 297px) 100vw, 297px\" \/><\/figure><\/div>\n\n\n\n<p>Como pode ser limitado, j\u00e1 que os testes de sangue s\u00e3o menos pr\u00e1ticos nas estradas, as pr\u00f3ximas investiga\u00e7\u00f5es v\u00e3o tentar descobrir tamb\u00e9m se o biomarcador pode ser detectado por saliva e respira\u00e7\u00e3o. Os investigadores acreditam que o novo exame para detectar priva\u00e7\u00e3o de sono pode ser t\u00e3o revolucion\u00e1rio quanto o baf\u00f4metro foi.<\/p>\n\n\n\n<div class=\"wp-block-image\"><figure class=\"aligncenter size-large\"><img decoding=\"async\" src=\"https:\/\/jornalfatosenoticias.com.br\/wp-content\/uploads\/2020\/02\/logo_esteio.jpg\" alt=\"\" class=\"wp-image-1214\"\/><\/figure><\/div>\n\n\n\n<blockquote class=\"wp-block-quote is-layout-flow wp-block-quote-is-layout-flow\"><p><span class=\"has-inline-color has-luminous-vivid-orange-color\">Os testes de \u00e1lcool foram um divisor de \u00e1guas na redu\u00e7\u00e3o de acidentes rodovi\u00e1rios e les\u00f5es graves e mortes associadas, e \u00e9 poss\u00edvel que possamos conseguir o mesmo com a fadiga. Mas ainda \u00e9 necess\u00e1rio muito trabalho para atingir esse objetivo&#8221;, disse Clare Anderson, autora da pesquisa, para o <a href=\"https:\/\/newatlas.com\/science\/blood-biomarker-sleep-deprivation\/\" target=\"_blank\" rel=\"noreferrer noopener\">New Atlas<\/a>.<\/span><\/p><\/blockquote>\n\n\n\n<div class=\"wp-block-image\"><figure class=\"aligncenter size-large is-resized\"><img loading=\"lazy\" decoding=\"async\" src=\"https:\/\/jornalfatosenoticias.com.br\/wp-content\/uploads\/2023\/12\/pegoretti-logo-pdf-1024x389.jpg\" alt=\"\" class=\"wp-image-47536\" width=\"530\" height=\"201\" srcset=\"https:\/\/jornalfatosenoticias.com.br\/wp-content\/uploads\/2023\/12\/pegoretti-logo-pdf-1024x389.jpg 1024w, https:\/\/jornalfatosenoticias.com.br\/wp-content\/uploads\/2023\/12\/pegoretti-logo-pdf-300x114.jpg 300w, https:\/\/jornalfatosenoticias.com.br\/wp-content\/uploads\/2023\/12\/pegoretti-logo-pdf-768x291.jpg 768w, https:\/\/jornalfatosenoticias.com.br\/wp-content\/uploads\/2023\/12\/pegoretti-logo-pdf.jpg 1120w\" sizes=\"auto, (max-width: 530px) 100vw, 530px\" \/><\/figure><\/div>\n\n\n\n<p><strong><em>Fonte: <a href=\"https:\/\/olhardigital.com.br\/2024\/03\/13\/medicina-e-saude\/novo-exame-de-sangue-pode-detectar-privacao-de-sono-de-motoristas\/\">Olhar Digital<\/a><\/em><\/strong><\/p>\n","protected":false},"excerpt":{"rendered":"<p>Teste criado por cientistas tem 99,2% de precis\u00e3o e pode detectar se uma pessoa n\u00e3o dormiu por 24 horas ou mais Por Nayra Teles Um grupo de pesquisadores da Universidade Monash\u00a0desenvolveu um exame de sangue que detecta se uma pessoa esteve sem dormir por 24 horas ou mais. O teste \u00e9 especialmente \u00fatil para identificar [&hellip;]<\/p>\n","protected":false},"author":2,"featured_media":49989,"comment_status":"open","ping_status":"open","sticky":false,"template":"","format":"standard","meta":{"footnotes":""},"categories":[2522],"tags":[4216,11351,10784,1033,1138],"class_list":["post-49988","post","type-post","status-publish","format-standard","has-post-thumbnail","hentry","category-comportamento","tag-exame-de-sangue","tag-motoristas","tag-privacao-do-sono","tag-seguranca","tag-sono"],"yoast_head":"<!-- This site is optimized with the Yoast SEO plugin v26.5 - https:\/\/yoast.com\/wordpress\/plugins\/seo\/ -->\n<title>Novo exame de sangue pode detectar priva\u00e7\u00e3o de sono de motoristas - Jornal Fatos e Not\u00edcias<\/title>\n<meta name=\"robots\" content=\"index, follow, max-snippet:-1, max-image-preview:large, max-video-preview:-1\" \/>\n<link rel=\"canonical\" href=\"https:\/\/jornalfatosenoticias.com.br\/index.php\/2024\/03\/19\/novo-exame-de-sangue-pode-detectar-privacao-de-sono-de-motoristas\/\" \/>\n<meta property=\"og:locale\" content=\"pt_BR\" \/>\n<meta property=\"og:type\" content=\"article\" \/>\n<meta property=\"og:title\" content=\"Novo exame de sangue pode detectar priva\u00e7\u00e3o de sono de motoristas - Jornal Fatos e Not\u00edcias\" \/>\n<meta property=\"og:description\" content=\"Teste criado por cientistas tem 99,2% de precis\u00e3o e pode detectar se uma pessoa n\u00e3o dormiu por 24 horas ou mais Por Nayra Teles Um grupo de pesquisadores da Universidade Monash\u00a0desenvolveu um exame de sangue que detecta se uma pessoa esteve sem dormir por 24 horas ou mais. O teste \u00e9 especialmente \u00fatil para identificar [&hellip;]\" \/>\n<meta property=\"og:url\" content=\"https:\/\/jornalfatosenoticias.com.br\/index.php\/2024\/03\/19\/novo-exame-de-sangue-pode-detectar-privacao-de-sono-de-motoristas\/\" \/>\n<meta property=\"og:site_name\" content=\"Jornal Fatos e Not\u00edcias\" \/>\n<meta property=\"article:published_time\" content=\"2024-03-19T13:26:18+00:00\" \/>\n<meta property=\"article:modified_time\" content=\"2024-03-19T13:26:20+00:00\" \/>\n<meta property=\"og:image\" content=\"https:\/\/jornalfatosenoticias.com.br\/wp-content\/uploads\/2024\/03\/privacao-do-sono_gettyimages.jpg\" \/>\n\t<meta property=\"og:image:width\" content=\"612\" \/>\n\t<meta property=\"og:image:height\" content=\"408\" \/>\n\t<meta property=\"og:image:type\" content=\"image\/jpeg\" \/>\n<meta name=\"author\" content=\"Luzimara Fernandes\" \/>\n<meta name=\"twitter:card\" content=\"summary_large_image\" \/>\n<meta name=\"twitter:label1\" content=\"Escrito por\" \/>\n\t<meta name=\"twitter:data1\" content=\"Luzimara Fernandes\" \/>\n\t<meta name=\"twitter:label2\" content=\"Est. tempo de leitura\" \/>\n\t<meta name=\"twitter:data2\" content=\"2 minutos\" \/>\n<script type=\"application\/ld+json\" class=\"yoast-schema-graph\">{\"@context\":\"https:\/\/schema.org\",\"@graph\":[{\"@type\":\"Article\",\"@id\":\"https:\/\/jornalfatosenoticias.com.br\/index.php\/2024\/03\/19\/novo-exame-de-sangue-pode-detectar-privacao-de-sono-de-motoristas\/#article\",\"isPartOf\":{\"@id\":\"https:\/\/jornalfatosenoticias.com.br\/index.php\/2024\/03\/19\/novo-exame-de-sangue-pode-detectar-privacao-de-sono-de-motoristas\/\"},\"author\":{\"name\":\"Luzimara Fernandes\",\"@id\":\"https:\/\/jornalfatosenoticias.com.br\/#\/schema\/person\/d63837fa13ac8666eb9e74e0985d6f81\"},\"headline\":\"Novo exame de sangue pode detectar priva\u00e7\u00e3o de sono de motoristas\",\"datePublished\":\"2024-03-19T13:26:18+00:00\",\"dateModified\":\"2024-03-19T13:26:20+00:00\",\"mainEntityOfPage\":{\"@id\":\"https:\/\/jornalfatosenoticias.com.br\/index.php\/2024\/03\/19\/novo-exame-de-sangue-pode-detectar-privacao-de-sono-de-motoristas\/\"},\"wordCount\":367,\"commentCount\":0,\"publisher\":{\"@id\":\"https:\/\/jornalfatosenoticias.com.br\/#organization\"},\"image\":{\"@id\":\"https:\/\/jornalfatosenoticias.com.br\/index.php\/2024\/03\/19\/novo-exame-de-sangue-pode-detectar-privacao-de-sono-de-motoristas\/#primaryimage\"},\"thumbnailUrl\":\"https:\/\/jornalfatosenoticias.com.br\/wp-content\/uploads\/2024\/03\/privacao-do-sono_gettyimages.jpg\",\"keywords\":[\"exame de sangue\",\"motoristas\",\"priva\u00e7\u00e3o do sono\",\"seguran\u00e7a\",\"sono\"],\"articleSection\":[\"Comportamento &amp; Equil\u00edbrio\"],\"inLanguage\":\"pt-BR\",\"potentialAction\":[{\"@type\":\"CommentAction\",\"name\":\"Comment\",\"target\":[\"https:\/\/jornalfatosenoticias.com.br\/index.php\/2024\/03\/19\/novo-exame-de-sangue-pode-detectar-privacao-de-sono-de-motoristas\/#respond\"]}]},{\"@type\":\"WebPage\",\"@id\":\"https:\/\/jornalfatosenoticias.com.br\/index.php\/2024\/03\/19\/novo-exame-de-sangue-pode-detectar-privacao-de-sono-de-motoristas\/\",\"url\":\"https:\/\/jornalfatosenoticias.com.br\/index.php\/2024\/03\/19\/novo-exame-de-sangue-pode-detectar-privacao-de-sono-de-motoristas\/\",\"name\":\"Novo exame de sangue pode detectar priva\u00e7\u00e3o de sono de motoristas - Jornal Fatos e Not\u00edcias\",\"isPartOf\":{\"@id\":\"https:\/\/jornalfatosenoticias.com.br\/#website\"},\"primaryImageOfPage\":{\"@id\":\"https:\/\/jornalfatosenoticias.com.br\/index.php\/2024\/03\/19\/novo-exame-de-sangue-pode-detectar-privacao-de-sono-de-motoristas\/#primaryimage\"},\"image\":{\"@id\":\"https:\/\/jornalfatosenoticias.com.br\/index.php\/2024\/03\/19\/novo-exame-de-sangue-pode-detectar-privacao-de-sono-de-motoristas\/#primaryimage\"},\"thumbnailUrl\":\"https:\/\/jornalfatosenoticias.com.br\/wp-content\/uploads\/2024\/03\/privacao-do-sono_gettyimages.jpg\",\"datePublished\":\"2024-03-19T13:26:18+00:00\",\"dateModified\":\"2024-03-19T13:26:20+00:00\",\"breadcrumb\":{\"@id\":\"https:\/\/jornalfatosenoticias.com.br\/index.php\/2024\/03\/19\/novo-exame-de-sangue-pode-detectar-privacao-de-sono-de-motoristas\/#breadcrumb\"},\"inLanguage\":\"pt-BR\",\"potentialAction\":[{\"@type\":\"ReadAction\",\"target\":[\"https:\/\/jornalfatosenoticias.com.br\/index.php\/2024\/03\/19\/novo-exame-de-sangue-pode-detectar-privacao-de-sono-de-motoristas\/\"]}]},{\"@type\":\"ImageObject\",\"inLanguage\":\"pt-BR\",\"@id\":\"https:\/\/jornalfatosenoticias.com.br\/index.php\/2024\/03\/19\/novo-exame-de-sangue-pode-detectar-privacao-de-sono-de-motoristas\/#primaryimage\",\"url\":\"https:\/\/jornalfatosenoticias.com.br\/wp-content\/uploads\/2024\/03\/privacao-do-sono_gettyimages.jpg\",\"contentUrl\":\"https:\/\/jornalfatosenoticias.com.br\/wp-content\/uploads\/2024\/03\/privacao-do-sono_gettyimages.jpg\",\"width\":612,\"height\":408},{\"@type\":\"BreadcrumbList\",\"@id\":\"https:\/\/jornalfatosenoticias.com.br\/index.php\/2024\/03\/19\/novo-exame-de-sangue-pode-detectar-privacao-de-sono-de-motoristas\/#breadcrumb\",\"itemListElement\":[{\"@type\":\"ListItem\",\"position\":1,\"name\":\"In\u00edcio\",\"item\":\"https:\/\/jornalfatosenoticias.com.br\/\"},{\"@type\":\"ListItem\",\"position\":2,\"name\":\"Novo exame de sangue pode detectar priva\u00e7\u00e3o de sono de motoristas\"}]},{\"@type\":\"WebSite\",\"@id\":\"https:\/\/jornalfatosenoticias.com.br\/#website\",\"url\":\"https:\/\/jornalfatosenoticias.com.br\/\",\"name\":\"Jornal Fatos e Not\u00edcias\",\"description\":\"Not\u00edcias em geral\",\"publisher\":{\"@id\":\"https:\/\/jornalfatosenoticias.com.br\/#organization\"},\"potentialAction\":[{\"@type\":\"SearchAction\",\"target\":{\"@type\":\"EntryPoint\",\"urlTemplate\":\"https:\/\/jornalfatosenoticias.com.br\/?s={search_term_string}\"},\"query-input\":{\"@type\":\"PropertyValueSpecification\",\"valueRequired\":true,\"valueName\":\"search_term_string\"}}],\"inLanguage\":\"pt-BR\"},{\"@type\":\"Organization\",\"@id\":\"https:\/\/jornalfatosenoticias.com.br\/#organization\",\"name\":\"Jornal Fatos e Not\u00edcias\",\"url\":\"https:\/\/jornalfatosenoticias.com.br\/\",\"logo\":{\"@type\":\"ImageObject\",\"inLanguage\":\"pt-BR\",\"@id\":\"https:\/\/jornalfatosenoticias.com.br\/#\/schema\/logo\/image\/\",\"url\":\"https:\/\/jornalfatosenoticias.com.br\/wp-content\/uploads\/2020\/02\/logo120.png\",\"contentUrl\":\"https:\/\/jornalfatosenoticias.com.br\/wp-content\/uploads\/2020\/02\/logo120.png\",\"width\":1227,\"height\":120,\"caption\":\"Jornal Fatos e Not\u00edcias\"},\"image\":{\"@id\":\"https:\/\/jornalfatosenoticias.com.br\/#\/schema\/logo\/image\/\"}},{\"@type\":\"Person\",\"@id\":\"https:\/\/jornalfatosenoticias.com.br\/#\/schema\/person\/d63837fa13ac8666eb9e74e0985d6f81\",\"name\":\"Luzimara Fernandes\",\"image\":{\"@type\":\"ImageObject\",\"inLanguage\":\"pt-BR\",\"@id\":\"https:\/\/jornalfatosenoticias.com.br\/#\/schema\/person\/image\/\",\"url\":\"https:\/\/jornalfatosenoticias.com.br\/wp-content\/uploads\/2025\/05\/EU_portal.jpg\",\"contentUrl\":\"https:\/\/jornalfatosenoticias.com.br\/wp-content\/uploads\/2025\/05\/EU_portal.jpg\",\"caption\":\"Luzimara Fernandes\"},\"description\":\"Jornalista MTB 2358-ES\",\"sameAs\":[\"https:\/\/jornalfatosenoticias.com.br\"],\"url\":\"https:\/\/jornalfatosenoticias.com.br\/index.php\/author\/luzimara\/\"}]}<\/script>\n<!-- \/ Yoast SEO plugin. -->","yoast_head_json":{"title":"Novo exame de sangue pode detectar priva\u00e7\u00e3o de sono de motoristas - Jornal Fatos e Not\u00edcias","robots":{"index":"index","follow":"follow","max-snippet":"max-snippet:-1","max-image-preview":"max-image-preview:large","max-video-preview":"max-video-preview:-1"},"canonical":"https:\/\/jornalfatosenoticias.com.br\/index.php\/2024\/03\/19\/novo-exame-de-sangue-pode-detectar-privacao-de-sono-de-motoristas\/","og_locale":"pt_BR","og_type":"article","og_title":"Novo exame de sangue pode detectar priva\u00e7\u00e3o de sono de motoristas - Jornal Fatos e Not\u00edcias","og_description":"Teste criado por cientistas tem 99,2% de precis\u00e3o e pode detectar se uma pessoa n\u00e3o dormiu por 24 horas ou mais Por Nayra Teles Um grupo de pesquisadores da Universidade Monash\u00a0desenvolveu um exame de sangue que detecta se uma pessoa esteve sem dormir por 24 horas ou mais. O teste \u00e9 especialmente \u00fatil para identificar [&hellip;]","og_url":"https:\/\/jornalfatosenoticias.com.br\/index.php\/2024\/03\/19\/novo-exame-de-sangue-pode-detectar-privacao-de-sono-de-motoristas\/","og_site_name":"Jornal Fatos e Not\u00edcias","article_published_time":"2024-03-19T13:26:18+00:00","article_modified_time":"2024-03-19T13:26:20+00:00","og_image":[{"width":612,"height":408,"url":"https:\/\/jornalfatosenoticias.com.br\/wp-content\/uploads\/2024\/03\/privacao-do-sono_gettyimages.jpg","type":"image\/jpeg"}],"author":"Luzimara Fernandes","twitter_card":"summary_large_image","twitter_misc":{"Escrito por":"Luzimara Fernandes","Est. tempo de leitura":"2 minutos"},"schema":{"@context":"https:\/\/schema.org","@graph":[{"@type":"Article","@id":"https:\/\/jornalfatosenoticias.com.br\/index.php\/2024\/03\/19\/novo-exame-de-sangue-pode-detectar-privacao-de-sono-de-motoristas\/#article","isPartOf":{"@id":"https:\/\/jornalfatosenoticias.com.br\/index.php\/2024\/03\/19\/novo-exame-de-sangue-pode-detectar-privacao-de-sono-de-motoristas\/"},"author":{"name":"Luzimara Fernandes","@id":"https:\/\/jornalfatosenoticias.com.br\/#\/schema\/person\/d63837fa13ac8666eb9e74e0985d6f81"},"headline":"Novo exame de sangue pode detectar priva\u00e7\u00e3o de sono de motoristas","datePublished":"2024-03-19T13:26:18+00:00","dateModified":"2024-03-19T13:26:20+00:00","mainEntityOfPage":{"@id":"https:\/\/jornalfatosenoticias.com.br\/index.php\/2024\/03\/19\/novo-exame-de-sangue-pode-detectar-privacao-de-sono-de-motoristas\/"},"wordCount":367,"commentCount":0,"publisher":{"@id":"https:\/\/jornalfatosenoticias.com.br\/#organization"},"image":{"@id":"https:\/\/jornalfatosenoticias.com.br\/index.php\/2024\/03\/19\/novo-exame-de-sangue-pode-detectar-privacao-de-sono-de-motoristas\/#primaryimage"},"thumbnailUrl":"https:\/\/jornalfatosenoticias.com.br\/wp-content\/uploads\/2024\/03\/privacao-do-sono_gettyimages.jpg","keywords":["exame de sangue","motoristas","priva\u00e7\u00e3o do sono","seguran\u00e7a","sono"],"articleSection":["Comportamento &amp; Equil\u00edbrio"],"inLanguage":"pt-BR","potentialAction":[{"@type":"CommentAction","name":"Comment","target":["https:\/\/jornalfatosenoticias.com.br\/index.php\/2024\/03\/19\/novo-exame-de-sangue-pode-detectar-privacao-de-sono-de-motoristas\/#respond"]}]},{"@type":"WebPage","@id":"https:\/\/jornalfatosenoticias.com.br\/index.php\/2024\/03\/19\/novo-exame-de-sangue-pode-detectar-privacao-de-sono-de-motoristas\/","url":"https:\/\/jornalfatosenoticias.com.br\/index.php\/2024\/03\/19\/novo-exame-de-sangue-pode-detectar-privacao-de-sono-de-motoristas\/","name":"Novo exame de sangue pode detectar priva\u00e7\u00e3o de sono de motoristas - Jornal Fatos e Not\u00edcias","isPartOf":{"@id":"https:\/\/jornalfatosenoticias.com.br\/#website"},"primaryImageOfPage":{"@id":"https:\/\/jornalfatosenoticias.com.br\/index.php\/2024\/03\/19\/novo-exame-de-sangue-pode-detectar-privacao-de-sono-de-motoristas\/#primaryimage"},"image":{"@id":"https:\/\/jornalfatosenoticias.com.br\/index.php\/2024\/03\/19\/novo-exame-de-sangue-pode-detectar-privacao-de-sono-de-motoristas\/#primaryimage"},"thumbnailUrl":"https:\/\/jornalfatosenoticias.com.br\/wp-content\/uploads\/2024\/03\/privacao-do-sono_gettyimages.jpg","datePublished":"2024-03-19T13:26:18+00:00","dateModified":"2024-03-19T13:26:20+00:00","breadcrumb":{"@id":"https:\/\/jornalfatosenoticias.com.br\/index.php\/2024\/03\/19\/novo-exame-de-sangue-pode-detectar-privacao-de-sono-de-motoristas\/#breadcrumb"},"inLanguage":"pt-BR","potentialAction":[{"@type":"ReadAction","target":["https:\/\/jornalfatosenoticias.com.br\/index.php\/2024\/03\/19\/novo-exame-de-sangue-pode-detectar-privacao-de-sono-de-motoristas\/"]}]},{"@type":"ImageObject","inLanguage":"pt-BR","@id":"https:\/\/jornalfatosenoticias.com.br\/index.php\/2024\/03\/19\/novo-exame-de-sangue-pode-detectar-privacao-de-sono-de-motoristas\/#primaryimage","url":"https:\/\/jornalfatosenoticias.com.br\/wp-content\/uploads\/2024\/03\/privacao-do-sono_gettyimages.jpg","contentUrl":"https:\/\/jornalfatosenoticias.com.br\/wp-content\/uploads\/2024\/03\/privacao-do-sono_gettyimages.jpg","width":612,"height":408},{"@type":"BreadcrumbList","@id":"https:\/\/jornalfatosenoticias.com.br\/index.php\/2024\/03\/19\/novo-exame-de-sangue-pode-detectar-privacao-de-sono-de-motoristas\/#breadcrumb","itemListElement":[{"@type":"ListItem","position":1,"name":"In\u00edcio","item":"https:\/\/jornalfatosenoticias.com.br\/"},{"@type":"ListItem","position":2,"name":"Novo exame de sangue pode detectar priva\u00e7\u00e3o de sono de motoristas"}]},{"@type":"WebSite","@id":"https:\/\/jornalfatosenoticias.com.br\/#website","url":"https:\/\/jornalfatosenoticias.com.br\/","name":"Jornal Fatos e Not\u00edcias","description":"Not\u00edcias em geral","publisher":{"@id":"https:\/\/jornalfatosenoticias.com.br\/#organization"},"potentialAction":[{"@type":"SearchAction","target":{"@type":"EntryPoint","urlTemplate":"https:\/\/jornalfatosenoticias.com.br\/?s={search_term_string}"},"query-input":{"@type":"PropertyValueSpecification","valueRequired":true,"valueName":"search_term_string"}}],"inLanguage":"pt-BR"},{"@type":"Organization","@id":"https:\/\/jornalfatosenoticias.com.br\/#organization","name":"Jornal Fatos e Not\u00edcias","url":"https:\/\/jornalfatosenoticias.com.br\/","logo":{"@type":"ImageObject","inLanguage":"pt-BR","@id":"https:\/\/jornalfatosenoticias.com.br\/#\/schema\/logo\/image\/","url":"https:\/\/jornalfatosenoticias.com.br\/wp-content\/uploads\/2020\/02\/logo120.png","contentUrl":"https:\/\/jornalfatosenoticias.com.br\/wp-content\/uploads\/2020\/02\/logo120.png","width":1227,"height":120,"caption":"Jornal Fatos e Not\u00edcias"},"image":{"@id":"https:\/\/jornalfatosenoticias.com.br\/#\/schema\/logo\/image\/"}},{"@type":"Person","@id":"https:\/\/jornalfatosenoticias.com.br\/#\/schema\/person\/d63837fa13ac8666eb9e74e0985d6f81","name":"Luzimara Fernandes","image":{"@type":"ImageObject","inLanguage":"pt-BR","@id":"https:\/\/jornalfatosenoticias.com.br\/#\/schema\/person\/image\/","url":"https:\/\/jornalfatosenoticias.com.br\/wp-content\/uploads\/2025\/05\/EU_portal.jpg","contentUrl":"https:\/\/jornalfatosenoticias.com.br\/wp-content\/uploads\/2025\/05\/EU_portal.jpg","caption":"Luzimara Fernandes"},"description":"Jornalista MTB 2358-ES","sameAs":["https:\/\/jornalfatosenoticias.com.br"],"url":"https:\/\/jornalfatosenoticias.com.br\/index.php\/author\/luzimara\/"}]}},"cc_featured_image_caption":{"caption_text":"(Foto: Getty Images)","source_text":"","source_url":""},"jetpack_featured_media_url":"https:\/\/jornalfatosenoticias.com.br\/wp-content\/uploads\/2024\/03\/privacao-do-sono_gettyimages.jpg","_links":{"self":[{"href":"https:\/\/jornalfatosenoticias.com.br\/index.php\/wp-json\/wp\/v2\/posts\/49988","targetHints":{"allow":["GET"]}}],"collection":[{"href":"https:\/\/jornalfatosenoticias.com.br\/index.php\/wp-json\/wp\/v2\/posts"}],"about":[{"href":"https:\/\/jornalfatosenoticias.com.br\/index.php\/wp-json\/wp\/v2\/types\/post"}],"author":[{"embeddable":true,"href":"https:\/\/jornalfatosenoticias.com.br\/index.php\/wp-json\/wp\/v2\/users\/2"}],"replies":[{"embeddable":true,"href":"https:\/\/jornalfatosenoticias.com.br\/index.php\/wp-json\/wp\/v2\/comments?post=49988"}],"version-history":[{"count":0,"href":"https:\/\/jornalfatosenoticias.com.br\/index.php\/wp-json\/wp\/v2\/posts\/49988\/revisions"}],"wp:featuredmedia":[{"embeddable":true,"href":"https:\/\/jornalfatosenoticias.com.br\/index.php\/wp-json\/wp\/v2\/media\/49989"}],"wp:attachment":[{"href":"https:\/\/jornalfatosenoticias.com.br\/index.php\/wp-json\/wp\/v2\/media?parent=49988"}],"wp:term":[{"taxonomy":"category","embeddable":true,"href":"https:\/\/jornalfatosenoticias.com.br\/index.php\/wp-json\/wp\/v2\/categories?post=49988"},{"taxonomy":"post_tag","embeddable":true,"href":"https:\/\/jornalfatosenoticias.com.br\/index.php\/wp-json\/wp\/v2\/tags?post=49988"}],"curies":[{"name":"wp","href":"https:\/\/api.w.org\/{rel}","templated":true}]}}