{"id":50015,"date":"2024-03-19T15:00:50","date_gmt":"2024-03-19T18:00:50","guid":{"rendered":"https:\/\/jornalfatosenoticias.com.br\/?p=50015"},"modified":"2024-03-19T15:02:21","modified_gmt":"2024-03-19T18:02:21","slug":"articulacao-da-oposicao-e-apoio-do-centrao-garantem-andamento-de-pautas-conservadoras","status":"publish","type":"post","link":"https:\/\/jornalfatosenoticias.com.br\/index.php\/2024\/03\/19\/articulacao-da-oposicao-e-apoio-do-centrao-garantem-andamento-de-pautas-conservadoras\/","title":{"rendered":"Articula\u00e7\u00e3o da oposi\u00e7\u00e3o e apoio do Centr\u00e3o garantem andamento de pautas conservadoras"},"content":{"rendered":"\n<p><em><span class=\"has-inline-color has-black-color\">Plen\u00e1rio da C\u00e2mara dos Deputados<\/span><\/em><\/p>\n\n\n\n<p><span class=\"has-inline-color has-black-color\">Por <strong><a href=\"https:\/\/www.gazetadopovo.com.br\/autor\/vinicius-sales\/\" rel=\"sponsored nofollow\">Vin\u00edcius Sales<\/a><\/strong><\/span><\/p>\n\n\n\n<div class=\"wp-block-image\"><figure class=\"aligncenter size-large\"><img loading=\"lazy\" decoding=\"async\" width=\"729\" height=\"90\" src=\"https:\/\/jornalfatosenoticias.com.br\/wp-content\/uploads\/2020\/02\/Logo_Mizu.png\" alt=\"\" class=\"wp-image-1441\" srcset=\"https:\/\/jornalfatosenoticias.com.br\/wp-content\/uploads\/2020\/02\/Logo_Mizu.png 729w, https:\/\/jornalfatosenoticias.com.br\/wp-content\/uploads\/2020\/02\/Logo_Mizu-300x37.png 300w\" sizes=\"auto, (max-width: 729px) 100vw, 729px\" \/><\/figure><\/div>\n\n\n\n<p>A articula\u00e7\u00e3o da oposi\u00e7\u00e3o e do Centr\u00e3o est\u00e1 impulsionando a tramita\u00e7\u00e3o de pautas conservadoras, mostrando que o Congresso Nacional est\u00e1 disposto a aprov\u00e1-las. Ao menos tr\u00eas dever\u00e3o ter andamento nesta semana: o Projeto de Lei (PL) que restringe as &#8220;saidinhas&#8221; tempor\u00e1rias de presos em feriados e a Proposta de Emenda \u00e0 Constitui\u00e7\u00e3o (PEC) para ampliar a isen\u00e7\u00e3o fiscal para igrejas, que est\u00e3o sob an\u00e1lise dos deputados; e a PEC que criminalizar a posse e o porte de qualquer quantidade de qualquer tipo droga, que est\u00e1 tramitando no Senado.<br>Sob a relatoria do deputado federal Capit\u00e3o Derrite (PL-SP), que se licenciou do cargo de secret\u00e1rio de Seguran\u00e7a de S\u00e3o Paulo para analisar novamente o projeto, o PL das &#8220;saidinhas&#8221; (2.253\/2020) j\u00e1 encontra acordo na C\u00e2mara dos Deputados para ser votado ainda esta semana.<\/p>\n\n\n\n<div class=\"wp-block-image\"><figure class=\"aligncenter size-large is-resized\"><img loading=\"lazy\" decoding=\"async\" src=\"https:\/\/jornalfatosenoticias.com.br\/wp-content\/uploads\/2023\/08\/ITH.jpeg\" alt=\"\" class=\"wp-image-44638\" width=\"335\" height=\"272\" srcset=\"https:\/\/jornalfatosenoticias.com.br\/wp-content\/uploads\/2023\/08\/ITH.jpeg 800w, https:\/\/jornalfatosenoticias.com.br\/wp-content\/uploads\/2023\/08\/ITH-300x244.jpeg 300w, https:\/\/jornalfatosenoticias.com.br\/wp-content\/uploads\/2023\/08\/ITH-768x624.jpeg 768w\" sizes=\"auto, (max-width: 335px) 100vw, 335px\" \/><\/figure><\/div>\n\n\n\n<p>O texto foi aprovado pelo Senado em fevereiro, com 62 votos favor\u00e1veis, contando com o apoio do presidente da Casa, o senador Rodrigo Pacheco (PSD-MG). A tend\u00eancia \u00e9 que uma altera\u00e7\u00e3o feita pelos senadores no projeto seja mantida pelos deputados: permiss\u00e3o para sa\u00edda tempor\u00e1ria de presos para cursos profissionalizantes ou ensino m\u00e9dio e superior, pelo tempo necess\u00e1rio para a realiza\u00e7\u00e3o das atividades relacionadas aos estudos.<\/p>\n\n\n\n<div class=\"wp-block-image\"><figure class=\"aligncenter size-large is-resized\"><img loading=\"lazy\" decoding=\"async\" src=\"https:\/\/jornalfatosenoticias.com.br\/wp-content\/uploads\/2023\/12\/pegoretti-logo-pdf-1024x389.jpg\" alt=\"\" class=\"wp-image-47536\" width=\"519\" height=\"197\" srcset=\"https:\/\/jornalfatosenoticias.com.br\/wp-content\/uploads\/2023\/12\/pegoretti-logo-pdf-1024x389.jpg 1024w, https:\/\/jornalfatosenoticias.com.br\/wp-content\/uploads\/2023\/12\/pegoretti-logo-pdf-300x114.jpg 300w, https:\/\/jornalfatosenoticias.com.br\/wp-content\/uploads\/2023\/12\/pegoretti-logo-pdf-768x291.jpg 768w, https:\/\/jornalfatosenoticias.com.br\/wp-content\/uploads\/2023\/12\/pegoretti-logo-pdf.jpg 1120w\" sizes=\"auto, (max-width: 519px) 100vw, 519px\" \/><\/figure><\/div>\n\n\n\n<p>A PEC das drogas (45\/2023), por sua vez, come\u00e7ar\u00e1 a ser discutida no Senado nesta ter\u00e7a-feira (19), ap\u00f3s aprova\u00e7\u00e3o na Comiss\u00e3o de Constitui\u00e7\u00e3o e Justi\u00e7a (CCJ) da Casa na semana passada. Haver\u00e1 debates sobre a proposta em cinco sess\u00f5es, como estabelece o regimento interno para PECs, e a vota\u00e7\u00e3o do texto ficar\u00e1 para o in\u00edcio de abril. Pacheco \u00e9 um dos principais signat\u00e1rios desta proposta.<\/p>\n\n\n\n<div class=\"wp-block-image\"><figure class=\"aligncenter size-large is-resized\"><img loading=\"lazy\" decoding=\"async\" src=\"https:\/\/jornalfatosenoticias.com.br\/wp-content\/uploads\/2020\/02\/CONTROL-CS.jpg\" alt=\"\" class=\"wp-image-44991\" width=\"358\" height=\"429\" srcset=\"https:\/\/jornalfatosenoticias.com.br\/wp-content\/uploads\/2020\/02\/CONTROL-CS.jpg 834w, https:\/\/jornalfatosenoticias.com.br\/wp-content\/uploads\/2020\/02\/CONTROL-CS-250x300.jpg 250w, https:\/\/jornalfatosenoticias.com.br\/wp-content\/uploads\/2020\/02\/CONTROL-CS-768x921.jpg 768w\" sizes=\"auto, (max-width: 358px) 100vw, 358px\" \/><\/figure><\/div>\n\n\n\n<p>A PEC que amplia as isen\u00e7\u00f5es fiscais para igrejas (05\/2023) recentemente foi aprovada em uma comiss\u00e3o especial e agora est\u00e1 em fase de acordos na C\u00e2mara dos Deputados. O governo se viu obrigado a se engajar na conversa, por meio do ministro da Fazenda, Fernando Haddad, que busca delimitar alguns trechos da proposta. Uma reuni\u00e3o para debater o assunto est\u00e1 marcada para esta ter\u00e7a-feira.<\/p>\n\n\n\n<div class=\"wp-block-image\"><figure class=\"aligncenter size-large is-resized\"><img loading=\"lazy\" decoding=\"async\" src=\"https:\/\/jornalfatosenoticias.com.br\/wp-content\/uploads\/2023\/03\/nova-logo-Marquetti.jpg\" alt=\"\" class=\"wp-image-40207\" width=\"335\" height=\"225\" srcset=\"https:\/\/jornalfatosenoticias.com.br\/wp-content\/uploads\/2023\/03\/nova-logo-Marquetti.jpg 643w, https:\/\/jornalfatosenoticias.com.br\/wp-content\/uploads\/2023\/03\/nova-logo-Marquetti-300x202.jpg 300w\" sizes=\"auto, (max-width: 335px) 100vw, 335px\" \/><\/figure><\/div>\n\n\n\n<p>O texto, sob a relatoria do deputado federal Fernando M\u00e1ximo (Uni\u00e3o-RO), ainda n\u00e3o est\u00e1 fechado e dever\u00e1 sofrer altera\u00e7\u00f5es at\u00e9 a vota\u00e7\u00e3o em plen\u00e1rio, a fim de acomodar os acordos. Se aprovada, a imunidade valer\u00e1 n\u00e3o s\u00f3 para as tributa\u00e7\u00f5es de renda e patrim\u00f4nio, mas tamb\u00e9m para as tributa\u00e7\u00f5es indiretas das igrejas e templos, como constru\u00e7\u00e3o e reformas dos templos e para obras voltadas para presta\u00e7\u00e3o de servi\u00e7os para a comunidade.<\/p>\n\n\n\n<div class=\"wp-block-image\"><figure class=\"aligncenter size-large\"><img loading=\"lazy\" decoding=\"async\" width=\"300\" height=\"250\" src=\"https:\/\/jornalfatosenoticias.com.br\/wp-content\/uploads\/2022\/02\/FERRARI_MAQUINAS-E-FERRAMENTAS2.jpg\" alt=\"\" class=\"wp-image-27860\"\/><\/figure><\/div>\n\n\n\n<p><strong><span class=\"has-inline-color has-black-color\">Nas pautas de costume, Centr\u00e3o geralmente vota com a direita<br><\/span><\/strong>As propostas acima mencionadas s\u00e3o exemplos de temas que ecoaram no Congresso ap\u00f3s forte repercuss\u00e3o na sociedade civil. No caso do PL das &#8220;saidinhas&#8221;, o projeto ganhou for\u00e7a ap\u00f3s um sargento da Pol\u00edcia Militar de Minas Gerais ser morto por um criminoso que foi beneficiado pela sa\u00edda tempor\u00e1ria de Natal.<\/p>\n\n\n\n<div class=\"wp-block-image\"><figure class=\"aligncenter size-large is-resized\"><img loading=\"lazy\" decoding=\"async\" src=\"https:\/\/jornalfatosenoticias.com.br\/wp-content\/uploads\/2023\/08\/BKR-1024x1021.jpg\" alt=\"\" class=\"wp-image-44494\" width=\"319\" height=\"318\" srcset=\"https:\/\/jornalfatosenoticias.com.br\/wp-content\/uploads\/2023\/08\/BKR-1024x1021.jpg 1024w, https:\/\/jornalfatosenoticias.com.br\/wp-content\/uploads\/2023\/08\/BKR-300x300.jpg 300w, https:\/\/jornalfatosenoticias.com.br\/wp-content\/uploads\/2023\/08\/BKR-150x150.jpg 150w, https:\/\/jornalfatosenoticias.com.br\/wp-content\/uploads\/2023\/08\/BKR-768x766.jpg 768w, https:\/\/jornalfatosenoticias.com.br\/wp-content\/uploads\/2023\/08\/BKR.jpg 1080w\" sizes=\"auto, (max-width: 319px) 100vw, 319px\" \/><\/figure><\/div>\n\n\n\n<p>Por outro lado, o andamento do projeto tamb\u00e9m revela a influ\u00eancia da nova configura\u00e7\u00e3o do Congresso Nacional ap\u00f3s a elei\u00e7\u00e3o de 2022. Apesar da derrota do ex-presidente Jair Bolsonaro (PL), a direita e a centro-direita conseguiram emplacar mais de 200 deputados, sendo 99 s\u00f3 do Partido Liberal. Outro fator relevante \u00e9 que, em pautas de costumes, partidos de centro, como PP e PSD, tendem a votar alinhados \u00e0 direita.<br>Comentando esse aspecto, o cientista pol\u00edtico Adriano Cerqueira, do Ibmec de Belo Horizonte, lembra que, al\u00e9m da organiza\u00e7\u00e3o dos partidos, a disputa eleitoral deste ser\u00e1 marcada pela presen\u00e7a da direita.<\/p>\n\n\n\n<div class=\"wp-block-image\"><figure class=\"aligncenter size-large\"><img decoding=\"async\" src=\"https:\/\/jornalfatosenoticias.com.br\/wp-content\/uploads\/2020\/02\/logo_esteio.jpg\" alt=\"\" class=\"wp-image-1214\"\/><\/figure><\/div>\n\n\n\n<blockquote class=\"wp-block-quote is-layout-flow wp-block-quote-is-layout-flow\"><p><span class=\"has-inline-color has-luminous-vivid-orange-color\">Na quest\u00e3o de costumes, inclusive na quest\u00e3o da seguran\u00e7a p\u00fablica, os partidos de centro-direita e direita tendem a convergir na defesa do combate ao aborto, no combate \u00e0 criminalidade, na facilita\u00e7\u00e3o da posse de armas. E como este \u00e9 um ano eleitoral, isso mobiliza o eleitorado de direita, que est\u00e1 se tornando cada vez mais a principal for\u00e7a pol\u00edtica eleitoral aqui no Brasil\u201d, avalia Cerqueira.<\/span><\/p><\/blockquote>\n\n\n\n<div class=\"wp-block-image\"><figure class=\"aligncenter size-large is-resized\"><img loading=\"lazy\" decoding=\"async\" src=\"https:\/\/jornalfatosenoticias.com.br\/wp-content\/uploads\/2024\/01\/consultoria-ambiental.jpg\" alt=\"\" class=\"wp-image-48314\" width=\"307\" height=\"278\" srcset=\"https:\/\/jornalfatosenoticias.com.br\/wp-content\/uploads\/2024\/01\/consultoria-ambiental.jpg 832w, https:\/\/jornalfatosenoticias.com.br\/wp-content\/uploads\/2024\/01\/consultoria-ambiental-300x272.jpg 300w, https:\/\/jornalfatosenoticias.com.br\/wp-content\/uploads\/2024\/01\/consultoria-ambiental-768x696.jpg 768w\" sizes=\"auto, (max-width: 307px) 100vw, 307px\" \/><\/figure><\/div>\n\n\n\n<p><strong><span class=\"has-inline-color has-black-color\">PEC das Igrejas reflete influ\u00eancia dos evang\u00e9licos no Congresso<br><\/span><\/strong>O \u00edmpeto conservador tamb\u00e9m se manifesta nos corredores do Legislativo. Enquanto a PEC das &#8220;saidinhas&#8221; demonstra a for\u00e7a da Seguran\u00e7a P\u00fablica, a PEC que amplia as isen\u00e7\u00f5es fiscais para igrejas e templos religiosos mostra que o segmento evang\u00e9lico ampliou seu poder nesta \u00faltima legislatura.<\/p>\n\n\n\n<div class=\"wp-block-image\"><figure class=\"aligncenter size-large\"><img decoding=\"async\" src=\"https:\/\/jornalfatosenoticias.com.br\/wp-content\/uploads\/2020\/02\/barao-das-carnes-300x164-1.jpg\" alt=\"\" class=\"wp-image-34339\"\/><\/figure><\/div>\n\n\n\n<p>Com uma composi\u00e7\u00e3o de 228 membros, entre deputados e senadores, a Frente Parlamentar Evang\u00e9lica do Congresso Nacional chegou a causar desconforto a Lula ap\u00f3s suas cr\u00edticas a Israel. Com a ampla participa\u00e7\u00e3o religiosa na manifesta\u00e7\u00e3o organizada por Bolsonaro em 25 de fevereiro, na Avenida Paulista, em S\u00e3o Paulo, o Pal\u00e1cio do Planalto se viu for\u00e7ado a levantar a bandeira branca e n\u00e3o atrapalhar o andamento da PEC na C\u00e2mara.<\/p>\n\n\n\n<div class=\"wp-block-image\"><figure class=\"aligncenter size-large\"><img loading=\"lazy\" decoding=\"async\" width=\"400\" height=\"277\" src=\"https:\/\/jornalfatosenoticias.com.br\/wp-content\/uploads\/2023\/03\/logo-Panper_portal.jpg\" alt=\"\" class=\"wp-image-40208\" srcset=\"https:\/\/jornalfatosenoticias.com.br\/wp-content\/uploads\/2023\/03\/logo-Panper_portal.jpg 400w, https:\/\/jornalfatosenoticias.com.br\/wp-content\/uploads\/2023\/03\/logo-Panper_portal-300x208.jpg 300w\" sizes=\"auto, (max-width: 400px) 100vw, 400px\" \/><\/figure><\/div>\n\n\n\n<p><strong><span class=\"has-inline-color has-black-color\">Centr\u00e3o tamb\u00e9m capitaliza com pautas conservadoras<br><\/span><\/strong>Com espectro pol\u00edtico oscilante, o Centr\u00e3o tamb\u00e9m tira proveito de pautas conservadoras com amplo apoio social. A PEC das drogas, de autoria de Pacheco, \u00e9 vista por analistas como um projeto que atende ao anseio popular no combate \u00e0s drogas e tamb\u00e9m serve de resposta ao Supremo Tribunal Federal (STF), que est\u00e1 julgando a descriminaliza\u00e7\u00e3o do porte de maconha para consumo pessoal.<\/p>\n\n\n\n<div class=\"wp-block-image\"><figure class=\"aligncenter size-large is-resized\"><img loading=\"lazy\" decoding=\"async\" src=\"https:\/\/jornalfatosenoticias.com.br\/wp-content\/uploads\/2023\/09\/vetorvix1024_1.jpg\" alt=\"\" class=\"wp-image-44868\" width=\"543\" height=\"144\" srcset=\"https:\/\/jornalfatosenoticias.com.br\/wp-content\/uploads\/2023\/09\/vetorvix1024_1.jpg 1024w, https:\/\/jornalfatosenoticias.com.br\/wp-content\/uploads\/2023\/09\/vetorvix1024_1-300x80.jpg 300w, https:\/\/jornalfatosenoticias.com.br\/wp-content\/uploads\/2023\/09\/vetorvix1024_1-768x205.jpg 768w\" sizes=\"auto, (max-width: 543px) 100vw, 543px\" \/><\/figure><\/div>\n\n\n\n<p>Na avalia\u00e7\u00e3o do cientista pol\u00edtico Elton Gomes, professor da Universidade Federal do Piau\u00ed (UFPI), o avan\u00e7o de projetos de cunho conservador \u00e9 resultado da dificuldade do governo em articular pautas progressistas e do ganho pol\u00edtico que os parlamentares ter\u00e3o ao aprovar pautas com apelo popular.<\/p>\n\n\n\n<div class=\"wp-block-image\"><figure class=\"aligncenter size-large is-resized\"><img loading=\"lazy\" decoding=\"async\" src=\"https:\/\/jornalfatosenoticias.com.br\/wp-content\/uploads\/2022\/02\/Precisao-Contabilidade-1024x724.jpg\" alt=\"\" class=\"wp-image-28088\" width=\"353\" height=\"250\"\/><\/figure><\/div>\n\n\n\n<blockquote class=\"wp-block-quote is-layout-flow wp-block-quote-is-layout-flow\"><p><span class=\"has-inline-color has-luminous-vivid-orange-color\">Nesta legislatura, o governo enfrenta dificuldades para avan\u00e7ar com suas pautas mais ideol\u00f3gicas, de interven\u00e7\u00e3o mais pesada do Estado e em assuntos relativos \u00e0s institui\u00e7\u00f5es religiosas, por exemplo. No caso das pautas conservadoras, h\u00e1 uma explica\u00e7\u00e3o muito simples: a economia pol\u00edtica do voto. O parlamentar quer se reeleger. Ele precisa adotar pol\u00edticas e condutas que beneficiem suas bases eleitorais. A maior parte do eleitorado brasileiro \u00e9 favor\u00e1vel ao andamento de pautas como estas\u201d, diz Elton.<\/span><\/p><\/blockquote>\n\n\n\n<div class=\"wp-block-image\"><figure class=\"aligncenter size-large is-resized\"><img loading=\"lazy\" decoding=\"async\" src=\"https:\/\/jornalfatosenoticias.com.br\/wp-content\/uploads\/2020\/02\/logo-Rapuzel-1024x571.jpg\" alt=\"\" class=\"wp-image-42808\" width=\"379\" height=\"211\" srcset=\"https:\/\/jornalfatosenoticias.com.br\/wp-content\/uploads\/2020\/02\/logo-Rapuzel-1024x571.jpg 1024w, https:\/\/jornalfatosenoticias.com.br\/wp-content\/uploads\/2020\/02\/logo-Rapuzel-300x167.jpg 300w, https:\/\/jornalfatosenoticias.com.br\/wp-content\/uploads\/2020\/02\/logo-Rapuzel-768x428.jpg 768w, https:\/\/jornalfatosenoticias.com.br\/wp-content\/uploads\/2020\/02\/logo-Rapuzel-1536x856.jpg 1536w, https:\/\/jornalfatosenoticias.com.br\/wp-content\/uploads\/2020\/02\/logo-Rapuzel.jpg 1600w\" sizes=\"auto, (max-width: 379px) 100vw, 379px\" \/><\/figure><\/div>\n\n\n\n<p><strong><span class=\"has-inline-color has-black-color\">Oposi\u00e7\u00e3o tamb\u00e9m avan\u00e7ou na disputa legislativa<br><\/span><\/strong>A elei\u00e7\u00e3o dos deputados federais Caroline de Toni (PL-SC), Nikolas Ferreira (PL-MG) e Alberto Fraga (PL-DF) para importantes comiss\u00f5es da C\u00e2mara \u2014 Constitui\u00e7\u00e3o e Justi\u00e7a, Educa\u00e7\u00e3o e Seguran\u00e7a P\u00fablica, respectivamente \u2014 mostra que a oposi\u00e7\u00e3o soube articular junto \u00e0s lideran\u00e7as da Casa uma posi\u00e7\u00e3o de vantagem sobre o governo neste ano.<\/p>\n\n\n\n<div class=\"wp-block-image\"><figure class=\"aligncenter size-large\"><img loading=\"lazy\" decoding=\"async\" width=\"300\" height=\"250\" src=\"https:\/\/jornalfatosenoticias.com.br\/wp-content\/uploads\/2020\/02\/Banner-2.png\" alt=\"\" class=\"wp-image-43787\"\/><\/figure><\/div>\n\n\n\n<p>S\u00e3o colegiados que podem dificultar os planos do Planalto, portanto a oposi\u00e7\u00e3o dever\u00e1 ter mais espa\u00e7o de articula\u00e7\u00e3o em temas importantes. No caso da comiss\u00e3o presidida por De Toni, o colegiado ser\u00e1 respons\u00e1vel por aprovar a PEC que limita decis\u00f5es individuais dos ministros do STF e outros projetos importantes para a pr\u00f3pria oposi\u00e7\u00e3o, como o &#8220;pacote anticrime&#8221; j\u00e1 pautado pela presidente da comiss\u00e3o e o &#8220;pacote invas\u00e3o zero&#8221;, com propostas para coibir invas\u00f5es de terras.<\/p>\n\n\n\n<div class=\"wp-block-image\"><figure class=\"aligncenter size-large is-resized\"><img loading=\"lazy\" decoding=\"async\" src=\"https:\/\/jornalfatosenoticias.com.br\/wp-content\/uploads\/2023\/08\/ITH.jpeg\" alt=\"\" class=\"wp-image-44638\" width=\"325\" height=\"264\" srcset=\"https:\/\/jornalfatosenoticias.com.br\/wp-content\/uploads\/2023\/08\/ITH.jpeg 800w, https:\/\/jornalfatosenoticias.com.br\/wp-content\/uploads\/2023\/08\/ITH-300x244.jpeg 300w, https:\/\/jornalfatosenoticias.com.br\/wp-content\/uploads\/2023\/08\/ITH-768x624.jpeg 768w\" sizes=\"auto, (max-width: 325px) 100vw, 325px\" \/><\/figure><\/div>\n\n\n\n<p>J\u00e1 o grupo comandado por Nikolas Ferreira ir\u00e1 avaliar o Plano Nacional de Educa\u00e7\u00e3o (PNE), pe\u00e7a chave para as pol\u00edticas educacionais propostas pelo governo. Nesse contexto, \u00e9 esperado que o parlamentar barre projetos ligados \u00e0 ideologia de g\u00eanero e pautas progressistas no \u00e2mbito da Educa\u00e7\u00e3o.<\/p>\n\n\n\n<div class=\"wp-block-image\"><figure class=\"aligncenter size-large\"><img loading=\"lazy\" decoding=\"async\" width=\"729\" height=\"90\" src=\"https:\/\/jornalfatosenoticias.com.br\/wp-content\/uploads\/2020\/02\/Logo_Mizu.png\" alt=\"\" class=\"wp-image-1441\" srcset=\"https:\/\/jornalfatosenoticias.com.br\/wp-content\/uploads\/2020\/02\/Logo_Mizu.png 729w, https:\/\/jornalfatosenoticias.com.br\/wp-content\/uploads\/2020\/02\/Logo_Mizu-300x37.png 300w\" sizes=\"auto, (max-width: 729px) 100vw, 729px\" \/><\/figure><\/div>\n\n\n\n<p>A comiss\u00e3o presidida por Fraga, que era comandada pela oposi\u00e7\u00e3o no ano passado, dever\u00e1 manter a cobran\u00e7a junto ao Minist\u00e9rio da Justi\u00e7a acerca de temas de Seguran\u00e7a P\u00fablica. Dentre as pautas priorit\u00e1rias, a revers\u00e3o parcial do decreto do governo acerca da posse de armas est\u00e1 no centro das discuss\u00f5es do colegiado.<\/p>\n\n\n\n<div class=\"wp-block-image\"><figure class=\"aligncenter size-large is-resized\"><img loading=\"lazy\" decoding=\"async\" src=\"https:\/\/jornalfatosenoticias.com.br\/wp-content\/uploads\/2020\/02\/CONTROL-CS.jpg\" alt=\"\" class=\"wp-image-44991\" width=\"315\" height=\"377\" srcset=\"https:\/\/jornalfatosenoticias.com.br\/wp-content\/uploads\/2020\/02\/CONTROL-CS.jpg 834w, https:\/\/jornalfatosenoticias.com.br\/wp-content\/uploads\/2020\/02\/CONTROL-CS-250x300.jpg 250w, https:\/\/jornalfatosenoticias.com.br\/wp-content\/uploads\/2020\/02\/CONTROL-CS-768x921.jpg 768w\" sizes=\"auto, (max-width: 315px) 100vw, 315px\" \/><\/figure><\/div>\n\n\n\n<p><strong><span class=\"has-inline-color has-black-color\">Derrota da oposi\u00e7\u00e3o na CCJ exp\u00f5e necessidade de organiza\u00e7\u00e3o<br><\/span><\/strong>Apesar de conquistar importantes comiss\u00f5es, a oposi\u00e7\u00e3o ainda precisar\u00e1 lidar com a capacidade de manobra dos governistas para barrar projetos relevantes. Ap\u00f3s pautar projetos &#8220;anticrime&#8221; para endurecer o C\u00f3digo Penal, na \u00faltima ter\u00e7a-feira (12), De Toni viu aliados do Planalto impedirem a discuss\u00e3o de ocorrer.<\/p>\n\n\n\n<div class=\"wp-block-image\"><figure class=\"aligncenter size-large is-resized\"><img loading=\"lazy\" decoding=\"async\" src=\"https:\/\/jornalfatosenoticias.com.br\/wp-content\/uploads\/2023\/03\/nova-logo-Marquetti.jpg\" alt=\"\" class=\"wp-image-40207\" width=\"343\" height=\"230\" srcset=\"https:\/\/jornalfatosenoticias.com.br\/wp-content\/uploads\/2023\/03\/nova-logo-Marquetti.jpg 643w, https:\/\/jornalfatosenoticias.com.br\/wp-content\/uploads\/2023\/03\/nova-logo-Marquetti-300x202.jpg 300w\" sizes=\"auto, (max-width: 343px) 100vw, 343px\" \/><\/figure><\/div>\n\n\n\n<p>O deputado Chico Alencar (Psol-RJ), membro da comiss\u00e3o, alegou durante a sess\u00e3o que a pauta que previa a an\u00e1lise do pacote anticrime n\u00e3o foi debatida pelos coordenadores de bancada na comiss\u00e3o. Por conta disso, os deputados aprovaram a invers\u00e3o da pauta, ou seja, os primeiros projetos da agenda seriam colocados em \u00faltimo lugar. O conjunto de projetos deve permanecer na pauta enquanto se busca um entendimento entre a oposi\u00e7\u00e3o e a base governista na comiss\u00e3o.<\/p>\n\n\n\n<div class=\"wp-block-image\"><figure class=\"aligncenter size-large\"><img loading=\"lazy\" decoding=\"async\" width=\"300\" height=\"250\" src=\"https:\/\/jornalfatosenoticias.com.br\/wp-content\/uploads\/2022\/02\/FERRARI_MAQUINAS-E-FERRAMENTAS2.jpg\" alt=\"\" class=\"wp-image-27860\"\/><\/figure><\/div>\n\n\n\n<p>Nos bastidores, essa vit\u00f3ria do governo \u00e9 vista como falta de coordena\u00e7\u00e3o por parte da pr\u00f3pria oposi\u00e7\u00e3o, que, segundo um parlamentar, poderia ter adiado a vota\u00e7\u00e3o at\u00e9 ter certeza de que n\u00e3o havia d\u00favidas quanto \u00e0 tramita\u00e7\u00e3o da proposta. Outro fator observado foi a presen\u00e7a massiva de governistas durante a sess\u00e3o. No painel da CCJ, 96 deputados confirmaram presen\u00e7a na comiss\u00e3o, mas as filmagens do colegiado mostram uma participa\u00e7\u00e3o menor de oposicionistas.<\/p>\n\n\n\n<div class=\"wp-block-image\"><figure class=\"aligncenter size-large is-resized\"><img loading=\"lazy\" decoding=\"async\" src=\"https:\/\/jornalfatosenoticias.com.br\/wp-content\/uploads\/2023\/09\/vetorvix1024_1.jpg\" alt=\"\" class=\"wp-image-44868\" width=\"509\" height=\"135\" srcset=\"https:\/\/jornalfatosenoticias.com.br\/wp-content\/uploads\/2023\/09\/vetorvix1024_1.jpg 1024w, https:\/\/jornalfatosenoticias.com.br\/wp-content\/uploads\/2023\/09\/vetorvix1024_1-300x80.jpg 300w, https:\/\/jornalfatosenoticias.com.br\/wp-content\/uploads\/2023\/09\/vetorvix1024_1-768x205.jpg 768w\" sizes=\"auto, (max-width: 509px) 100vw, 509px\" \/><\/figure><\/div>\n\n\n\n<p><strong><em>Fonte: <a href=\"https:\/\/www.gazetadopovo.com.br\/republica\/oposicao-e-centrao-garantem-andamento-de-pautas-conservadoras\/\">Gazeta do Povo<\/a><\/em><\/strong><\/p>\n","protected":false},"excerpt":{"rendered":"<p>Plen\u00e1rio da C\u00e2mara dos Deputados Por Vin\u00edcius Sales A articula\u00e7\u00e3o da oposi\u00e7\u00e3o e do Centr\u00e3o est\u00e1 impulsionando a tramita\u00e7\u00e3o de pautas conservadoras, mostrando que o Congresso Nacional est\u00e1 disposto a aprov\u00e1-las. Ao menos tr\u00eas dever\u00e3o ter andamento nesta semana: o Projeto de Lei (PL) que restringe as &#8220;saidinhas&#8221; tempor\u00e1rias de presos em feriados e a [&hellip;]<\/p>\n","protected":false},"author":2,"featured_media":50016,"comment_status":"open","ping_status":"open","sticky":false,"template":"","format":"standard","meta":{"footnotes":""},"categories":[10],"tags":[982,20244,10224,23097,14159,18995,23096,4101],"class_list":["post-50015","post","type-post","status-publish","format-standard","has-post-thumbnail","hentry","category-politica","tag-camara-dos-deputados","tag-centrao","tag-congresso-nacional","tag-deputado-federal","tag-evangelicos","tag-nikolas-ferreira","tag-pacote-anticrime","tag-seguranca-publica"],"yoast_head":"<!-- This site is optimized with the Yoast SEO plugin v26.5 - https:\/\/yoast.com\/wordpress\/plugins\/seo\/ -->\n<title>Articula\u00e7\u00e3o da oposi\u00e7\u00e3o e apoio do Centr\u00e3o garantem andamento de pautas conservadoras - Jornal Fatos e Not\u00edcias<\/title>\n<meta name=\"robots\" content=\"index, follow, max-snippet:-1, max-image-preview:large, max-video-preview:-1\" \/>\n<link rel=\"canonical\" href=\"https:\/\/jornalfatosenoticias.com.br\/index.php\/2024\/03\/19\/articulacao-da-oposicao-e-apoio-do-centrao-garantem-andamento-de-pautas-conservadoras\/\" \/>\n<meta property=\"og:locale\" content=\"pt_BR\" \/>\n<meta property=\"og:type\" content=\"article\" \/>\n<meta property=\"og:title\" content=\"Articula\u00e7\u00e3o da oposi\u00e7\u00e3o e apoio do Centr\u00e3o garantem andamento de pautas conservadoras - Jornal Fatos e Not\u00edcias\" \/>\n<meta property=\"og:description\" content=\"Plen\u00e1rio da C\u00e2mara dos Deputados Por Vin\u00edcius Sales A articula\u00e7\u00e3o da oposi\u00e7\u00e3o e do Centr\u00e3o est\u00e1 impulsionando a tramita\u00e7\u00e3o de pautas conservadoras, mostrando que o Congresso Nacional est\u00e1 disposto a aprov\u00e1-las. Ao menos tr\u00eas dever\u00e3o ter andamento nesta semana: o Projeto de Lei (PL) que restringe as &#8220;saidinhas&#8221; tempor\u00e1rias de presos em feriados e a [&hellip;]\" \/>\n<meta property=\"og:url\" content=\"https:\/\/jornalfatosenoticias.com.br\/index.php\/2024\/03\/19\/articulacao-da-oposicao-e-apoio-do-centrao-garantem-andamento-de-pautas-conservadoras\/\" \/>\n<meta property=\"og:site_name\" content=\"Jornal Fatos e Not\u00edcias\" \/>\n<meta property=\"article:published_time\" content=\"2024-03-19T18:00:50+00:00\" \/>\n<meta property=\"article:modified_time\" content=\"2024-03-19T18:02:21+00:00\" \/>\n<meta property=\"og:image\" content=\"https:\/\/jornalfatosenoticias.com.br\/wp-content\/uploads\/2024\/03\/plenario-camara-dos-deputados-960x540-1.jpg\" \/>\n\t<meta property=\"og:image:width\" content=\"960\" \/>\n\t<meta property=\"og:image:height\" content=\"540\" \/>\n\t<meta property=\"og:image:type\" content=\"image\/jpeg\" \/>\n<meta name=\"author\" content=\"Luzimara Fernandes\" \/>\n<meta name=\"twitter:card\" content=\"summary_large_image\" \/>\n<meta name=\"twitter:label1\" content=\"Escrito por\" \/>\n\t<meta name=\"twitter:data1\" content=\"Luzimara Fernandes\" \/>\n\t<meta name=\"twitter:label2\" content=\"Est. tempo de leitura\" \/>\n\t<meta name=\"twitter:data2\" content=\"8 minutos\" \/>\n<script type=\"application\/ld+json\" class=\"yoast-schema-graph\">{\"@context\":\"https:\/\/schema.org\",\"@graph\":[{\"@type\":\"Article\",\"@id\":\"https:\/\/jornalfatosenoticias.com.br\/index.php\/2024\/03\/19\/articulacao-da-oposicao-e-apoio-do-centrao-garantem-andamento-de-pautas-conservadoras\/#article\",\"isPartOf\":{\"@id\":\"https:\/\/jornalfatosenoticias.com.br\/index.php\/2024\/03\/19\/articulacao-da-oposicao-e-apoio-do-centrao-garantem-andamento-de-pautas-conservadoras\/\"},\"author\":{\"name\":\"Luzimara Fernandes\",\"@id\":\"https:\/\/jornalfatosenoticias.com.br\/#\/schema\/person\/d63837fa13ac8666eb9e74e0985d6f81\"},\"headline\":\"Articula\u00e7\u00e3o da oposi\u00e7\u00e3o e apoio do Centr\u00e3o garantem andamento de pautas conservadoras\",\"datePublished\":\"2024-03-19T18:00:50+00:00\",\"dateModified\":\"2024-03-19T18:02:21+00:00\",\"mainEntityOfPage\":{\"@id\":\"https:\/\/jornalfatosenoticias.com.br\/index.php\/2024\/03\/19\/articulacao-da-oposicao-e-apoio-do-centrao-garantem-andamento-de-pautas-conservadoras\/\"},\"wordCount\":1553,\"commentCount\":0,\"publisher\":{\"@id\":\"https:\/\/jornalfatosenoticias.com.br\/#organization\"},\"image\":{\"@id\":\"https:\/\/jornalfatosenoticias.com.br\/index.php\/2024\/03\/19\/articulacao-da-oposicao-e-apoio-do-centrao-garantem-andamento-de-pautas-conservadoras\/#primaryimage\"},\"thumbnailUrl\":\"https:\/\/jornalfatosenoticias.com.br\/wp-content\/uploads\/2024\/03\/plenario-camara-dos-deputados-960x540-1.jpg\",\"keywords\":[\"C\u00e2mara dos Deputados\",\"Centr\u00e3o\",\"Congresso Nacional\",\"Deputado Federal\",\"evang\u00e9licos\",\"Nikolas Ferreira\",\"Pacote Anticrime\",\"seguran\u00e7a p\u00fablica\"],\"articleSection\":[\"Pol\u00edtica\"],\"inLanguage\":\"pt-BR\",\"potentialAction\":[{\"@type\":\"CommentAction\",\"name\":\"Comment\",\"target\":[\"https:\/\/jornalfatosenoticias.com.br\/index.php\/2024\/03\/19\/articulacao-da-oposicao-e-apoio-do-centrao-garantem-andamento-de-pautas-conservadoras\/#respond\"]}]},{\"@type\":\"WebPage\",\"@id\":\"https:\/\/jornalfatosenoticias.com.br\/index.php\/2024\/03\/19\/articulacao-da-oposicao-e-apoio-do-centrao-garantem-andamento-de-pautas-conservadoras\/\",\"url\":\"https:\/\/jornalfatosenoticias.com.br\/index.php\/2024\/03\/19\/articulacao-da-oposicao-e-apoio-do-centrao-garantem-andamento-de-pautas-conservadoras\/\",\"name\":\"Articula\u00e7\u00e3o da oposi\u00e7\u00e3o e apoio do Centr\u00e3o garantem andamento de pautas conservadoras - Jornal Fatos e Not\u00edcias\",\"isPartOf\":{\"@id\":\"https:\/\/jornalfatosenoticias.com.br\/#website\"},\"primaryImageOfPage\":{\"@id\":\"https:\/\/jornalfatosenoticias.com.br\/index.php\/2024\/03\/19\/articulacao-da-oposicao-e-apoio-do-centrao-garantem-andamento-de-pautas-conservadoras\/#primaryimage\"},\"image\":{\"@id\":\"https:\/\/jornalfatosenoticias.com.br\/index.php\/2024\/03\/19\/articulacao-da-oposicao-e-apoio-do-centrao-garantem-andamento-de-pautas-conservadoras\/#primaryimage\"},\"thumbnailUrl\":\"https:\/\/jornalfatosenoticias.com.br\/wp-content\/uploads\/2024\/03\/plenario-camara-dos-deputados-960x540-1.jpg\",\"datePublished\":\"2024-03-19T18:00:50+00:00\",\"dateModified\":\"2024-03-19T18:02:21+00:00\",\"breadcrumb\":{\"@id\":\"https:\/\/jornalfatosenoticias.com.br\/index.php\/2024\/03\/19\/articulacao-da-oposicao-e-apoio-do-centrao-garantem-andamento-de-pautas-conservadoras\/#breadcrumb\"},\"inLanguage\":\"pt-BR\",\"potentialAction\":[{\"@type\":\"ReadAction\",\"target\":[\"https:\/\/jornalfatosenoticias.com.br\/index.php\/2024\/03\/19\/articulacao-da-oposicao-e-apoio-do-centrao-garantem-andamento-de-pautas-conservadoras\/\"]}]},{\"@type\":\"ImageObject\",\"inLanguage\":\"pt-BR\",\"@id\":\"https:\/\/jornalfatosenoticias.com.br\/index.php\/2024\/03\/19\/articulacao-da-oposicao-e-apoio-do-centrao-garantem-andamento-de-pautas-conservadoras\/#primaryimage\",\"url\":\"https:\/\/jornalfatosenoticias.com.br\/wp-content\/uploads\/2024\/03\/plenario-camara-dos-deputados-960x540-1.jpg\",\"contentUrl\":\"https:\/\/jornalfatosenoticias.com.br\/wp-content\/uploads\/2024\/03\/plenario-camara-dos-deputados-960x540-1.jpg\",\"width\":960,\"height\":540},{\"@type\":\"BreadcrumbList\",\"@id\":\"https:\/\/jornalfatosenoticias.com.br\/index.php\/2024\/03\/19\/articulacao-da-oposicao-e-apoio-do-centrao-garantem-andamento-de-pautas-conservadoras\/#breadcrumb\",\"itemListElement\":[{\"@type\":\"ListItem\",\"position\":1,\"name\":\"In\u00edcio\",\"item\":\"https:\/\/jornalfatosenoticias.com.br\/\"},{\"@type\":\"ListItem\",\"position\":2,\"name\":\"Articula\u00e7\u00e3o da oposi\u00e7\u00e3o e apoio do Centr\u00e3o garantem andamento de pautas conservadoras\"}]},{\"@type\":\"WebSite\",\"@id\":\"https:\/\/jornalfatosenoticias.com.br\/#website\",\"url\":\"https:\/\/jornalfatosenoticias.com.br\/\",\"name\":\"Jornal Fatos e Not\u00edcias\",\"description\":\"Not\u00edcias em geral\",\"publisher\":{\"@id\":\"https:\/\/jornalfatosenoticias.com.br\/#organization\"},\"potentialAction\":[{\"@type\":\"SearchAction\",\"target\":{\"@type\":\"EntryPoint\",\"urlTemplate\":\"https:\/\/jornalfatosenoticias.com.br\/?s={search_term_string}\"},\"query-input\":{\"@type\":\"PropertyValueSpecification\",\"valueRequired\":true,\"valueName\":\"search_term_string\"}}],\"inLanguage\":\"pt-BR\"},{\"@type\":\"Organization\",\"@id\":\"https:\/\/jornalfatosenoticias.com.br\/#organization\",\"name\":\"Jornal Fatos e Not\u00edcias\",\"url\":\"https:\/\/jornalfatosenoticias.com.br\/\",\"logo\":{\"@type\":\"ImageObject\",\"inLanguage\":\"pt-BR\",\"@id\":\"https:\/\/jornalfatosenoticias.com.br\/#\/schema\/logo\/image\/\",\"url\":\"https:\/\/jornalfatosenoticias.com.br\/wp-content\/uploads\/2020\/02\/logo120.png\",\"contentUrl\":\"https:\/\/jornalfatosenoticias.com.br\/wp-content\/uploads\/2020\/02\/logo120.png\",\"width\":1227,\"height\":120,\"caption\":\"Jornal Fatos e Not\u00edcias\"},\"image\":{\"@id\":\"https:\/\/jornalfatosenoticias.com.br\/#\/schema\/logo\/image\/\"}},{\"@type\":\"Person\",\"@id\":\"https:\/\/jornalfatosenoticias.com.br\/#\/schema\/person\/d63837fa13ac8666eb9e74e0985d6f81\",\"name\":\"Luzimara Fernandes\",\"image\":{\"@type\":\"ImageObject\",\"inLanguage\":\"pt-BR\",\"@id\":\"https:\/\/jornalfatosenoticias.com.br\/#\/schema\/person\/image\/\",\"url\":\"https:\/\/jornalfatosenoticias.com.br\/wp-content\/uploads\/2025\/05\/EU_portal.jpg\",\"contentUrl\":\"https:\/\/jornalfatosenoticias.com.br\/wp-content\/uploads\/2025\/05\/EU_portal.jpg\",\"caption\":\"Luzimara Fernandes\"},\"description\":\"Jornalista MTB 2358-ES\",\"sameAs\":[\"https:\/\/jornalfatosenoticias.com.br\"],\"url\":\"https:\/\/jornalfatosenoticias.com.br\/index.php\/author\/luzimara\/\"}]}<\/script>\n<!-- \/ Yoast SEO plugin. -->","yoast_head_json":{"title":"Articula\u00e7\u00e3o da oposi\u00e7\u00e3o e apoio do Centr\u00e3o garantem andamento de pautas conservadoras - Jornal Fatos e Not\u00edcias","robots":{"index":"index","follow":"follow","max-snippet":"max-snippet:-1","max-image-preview":"max-image-preview:large","max-video-preview":"max-video-preview:-1"},"canonical":"https:\/\/jornalfatosenoticias.com.br\/index.php\/2024\/03\/19\/articulacao-da-oposicao-e-apoio-do-centrao-garantem-andamento-de-pautas-conservadoras\/","og_locale":"pt_BR","og_type":"article","og_title":"Articula\u00e7\u00e3o da oposi\u00e7\u00e3o e apoio do Centr\u00e3o garantem andamento de pautas conservadoras - Jornal Fatos e Not\u00edcias","og_description":"Plen\u00e1rio da C\u00e2mara dos Deputados Por Vin\u00edcius Sales A articula\u00e7\u00e3o da oposi\u00e7\u00e3o e do Centr\u00e3o est\u00e1 impulsionando a tramita\u00e7\u00e3o de pautas conservadoras, mostrando que o Congresso Nacional est\u00e1 disposto a aprov\u00e1-las. Ao menos tr\u00eas dever\u00e3o ter andamento nesta semana: o Projeto de Lei (PL) que restringe as &#8220;saidinhas&#8221; tempor\u00e1rias de presos em feriados e a [&hellip;]","og_url":"https:\/\/jornalfatosenoticias.com.br\/index.php\/2024\/03\/19\/articulacao-da-oposicao-e-apoio-do-centrao-garantem-andamento-de-pautas-conservadoras\/","og_site_name":"Jornal Fatos e Not\u00edcias","article_published_time":"2024-03-19T18:00:50+00:00","article_modified_time":"2024-03-19T18:02:21+00:00","og_image":[{"width":960,"height":540,"url":"https:\/\/jornalfatosenoticias.com.br\/wp-content\/uploads\/2024\/03\/plenario-camara-dos-deputados-960x540-1.jpg","type":"image\/jpeg"}],"author":"Luzimara Fernandes","twitter_card":"summary_large_image","twitter_misc":{"Escrito por":"Luzimara Fernandes","Est. tempo de leitura":"8 minutos"},"schema":{"@context":"https:\/\/schema.org","@graph":[{"@type":"Article","@id":"https:\/\/jornalfatosenoticias.com.br\/index.php\/2024\/03\/19\/articulacao-da-oposicao-e-apoio-do-centrao-garantem-andamento-de-pautas-conservadoras\/#article","isPartOf":{"@id":"https:\/\/jornalfatosenoticias.com.br\/index.php\/2024\/03\/19\/articulacao-da-oposicao-e-apoio-do-centrao-garantem-andamento-de-pautas-conservadoras\/"},"author":{"name":"Luzimara Fernandes","@id":"https:\/\/jornalfatosenoticias.com.br\/#\/schema\/person\/d63837fa13ac8666eb9e74e0985d6f81"},"headline":"Articula\u00e7\u00e3o da oposi\u00e7\u00e3o e apoio do Centr\u00e3o garantem andamento de pautas conservadoras","datePublished":"2024-03-19T18:00:50+00:00","dateModified":"2024-03-19T18:02:21+00:00","mainEntityOfPage":{"@id":"https:\/\/jornalfatosenoticias.com.br\/index.php\/2024\/03\/19\/articulacao-da-oposicao-e-apoio-do-centrao-garantem-andamento-de-pautas-conservadoras\/"},"wordCount":1553,"commentCount":0,"publisher":{"@id":"https:\/\/jornalfatosenoticias.com.br\/#organization"},"image":{"@id":"https:\/\/jornalfatosenoticias.com.br\/index.php\/2024\/03\/19\/articulacao-da-oposicao-e-apoio-do-centrao-garantem-andamento-de-pautas-conservadoras\/#primaryimage"},"thumbnailUrl":"https:\/\/jornalfatosenoticias.com.br\/wp-content\/uploads\/2024\/03\/plenario-camara-dos-deputados-960x540-1.jpg","keywords":["C\u00e2mara dos Deputados","Centr\u00e3o","Congresso Nacional","Deputado Federal","evang\u00e9licos","Nikolas Ferreira","Pacote Anticrime","seguran\u00e7a p\u00fablica"],"articleSection":["Pol\u00edtica"],"inLanguage":"pt-BR","potentialAction":[{"@type":"CommentAction","name":"Comment","target":["https:\/\/jornalfatosenoticias.com.br\/index.php\/2024\/03\/19\/articulacao-da-oposicao-e-apoio-do-centrao-garantem-andamento-de-pautas-conservadoras\/#respond"]}]},{"@type":"WebPage","@id":"https:\/\/jornalfatosenoticias.com.br\/index.php\/2024\/03\/19\/articulacao-da-oposicao-e-apoio-do-centrao-garantem-andamento-de-pautas-conservadoras\/","url":"https:\/\/jornalfatosenoticias.com.br\/index.php\/2024\/03\/19\/articulacao-da-oposicao-e-apoio-do-centrao-garantem-andamento-de-pautas-conservadoras\/","name":"Articula\u00e7\u00e3o da oposi\u00e7\u00e3o e apoio do Centr\u00e3o garantem andamento de pautas conservadoras - Jornal Fatos e Not\u00edcias","isPartOf":{"@id":"https:\/\/jornalfatosenoticias.com.br\/#website"},"primaryImageOfPage":{"@id":"https:\/\/jornalfatosenoticias.com.br\/index.php\/2024\/03\/19\/articulacao-da-oposicao-e-apoio-do-centrao-garantem-andamento-de-pautas-conservadoras\/#primaryimage"},"image":{"@id":"https:\/\/jornalfatosenoticias.com.br\/index.php\/2024\/03\/19\/articulacao-da-oposicao-e-apoio-do-centrao-garantem-andamento-de-pautas-conservadoras\/#primaryimage"},"thumbnailUrl":"https:\/\/jornalfatosenoticias.com.br\/wp-content\/uploads\/2024\/03\/plenario-camara-dos-deputados-960x540-1.jpg","datePublished":"2024-03-19T18:00:50+00:00","dateModified":"2024-03-19T18:02:21+00:00","breadcrumb":{"@id":"https:\/\/jornalfatosenoticias.com.br\/index.php\/2024\/03\/19\/articulacao-da-oposicao-e-apoio-do-centrao-garantem-andamento-de-pautas-conservadoras\/#breadcrumb"},"inLanguage":"pt-BR","potentialAction":[{"@type":"ReadAction","target":["https:\/\/jornalfatosenoticias.com.br\/index.php\/2024\/03\/19\/articulacao-da-oposicao-e-apoio-do-centrao-garantem-andamento-de-pautas-conservadoras\/"]}]},{"@type":"ImageObject","inLanguage":"pt-BR","@id":"https:\/\/jornalfatosenoticias.com.br\/index.php\/2024\/03\/19\/articulacao-da-oposicao-e-apoio-do-centrao-garantem-andamento-de-pautas-conservadoras\/#primaryimage","url":"https:\/\/jornalfatosenoticias.com.br\/wp-content\/uploads\/2024\/03\/plenario-camara-dos-deputados-960x540-1.jpg","contentUrl":"https:\/\/jornalfatosenoticias.com.br\/wp-content\/uploads\/2024\/03\/plenario-camara-dos-deputados-960x540-1.jpg","width":960,"height":540},{"@type":"BreadcrumbList","@id":"https:\/\/jornalfatosenoticias.com.br\/index.php\/2024\/03\/19\/articulacao-da-oposicao-e-apoio-do-centrao-garantem-andamento-de-pautas-conservadoras\/#breadcrumb","itemListElement":[{"@type":"ListItem","position":1,"name":"In\u00edcio","item":"https:\/\/jornalfatosenoticias.com.br\/"},{"@type":"ListItem","position":2,"name":"Articula\u00e7\u00e3o da oposi\u00e7\u00e3o e apoio do Centr\u00e3o garantem andamento de pautas conservadoras"}]},{"@type":"WebSite","@id":"https:\/\/jornalfatosenoticias.com.br\/#website","url":"https:\/\/jornalfatosenoticias.com.br\/","name":"Jornal Fatos e Not\u00edcias","description":"Not\u00edcias em geral","publisher":{"@id":"https:\/\/jornalfatosenoticias.com.br\/#organization"},"potentialAction":[{"@type":"SearchAction","target":{"@type":"EntryPoint","urlTemplate":"https:\/\/jornalfatosenoticias.com.br\/?s={search_term_string}"},"query-input":{"@type":"PropertyValueSpecification","valueRequired":true,"valueName":"search_term_string"}}],"inLanguage":"pt-BR"},{"@type":"Organization","@id":"https:\/\/jornalfatosenoticias.com.br\/#organization","name":"Jornal Fatos e Not\u00edcias","url":"https:\/\/jornalfatosenoticias.com.br\/","logo":{"@type":"ImageObject","inLanguage":"pt-BR","@id":"https:\/\/jornalfatosenoticias.com.br\/#\/schema\/logo\/image\/","url":"https:\/\/jornalfatosenoticias.com.br\/wp-content\/uploads\/2020\/02\/logo120.png","contentUrl":"https:\/\/jornalfatosenoticias.com.br\/wp-content\/uploads\/2020\/02\/logo120.png","width":1227,"height":120,"caption":"Jornal Fatos e Not\u00edcias"},"image":{"@id":"https:\/\/jornalfatosenoticias.com.br\/#\/schema\/logo\/image\/"}},{"@type":"Person","@id":"https:\/\/jornalfatosenoticias.com.br\/#\/schema\/person\/d63837fa13ac8666eb9e74e0985d6f81","name":"Luzimara Fernandes","image":{"@type":"ImageObject","inLanguage":"pt-BR","@id":"https:\/\/jornalfatosenoticias.com.br\/#\/schema\/person\/image\/","url":"https:\/\/jornalfatosenoticias.com.br\/wp-content\/uploads\/2025\/05\/EU_portal.jpg","contentUrl":"https:\/\/jornalfatosenoticias.com.br\/wp-content\/uploads\/2025\/05\/EU_portal.jpg","caption":"Luzimara Fernandes"},"description":"Jornalista MTB 2358-ES","sameAs":["https:\/\/jornalfatosenoticias.com.br"],"url":"https:\/\/jornalfatosenoticias.com.br\/index.php\/author\/luzimara\/"}]}},"cc_featured_image_caption":{"caption_text":"(Foto: Bruno Spada\/C\u00e2mara dos Deputados)\r\n","source_text":"","source_url":""},"jetpack_featured_media_url":"https:\/\/jornalfatosenoticias.com.br\/wp-content\/uploads\/2024\/03\/plenario-camara-dos-deputados-960x540-1.jpg","_links":{"self":[{"href":"https:\/\/jornalfatosenoticias.com.br\/index.php\/wp-json\/wp\/v2\/posts\/50015","targetHints":{"allow":["GET"]}}],"collection":[{"href":"https:\/\/jornalfatosenoticias.com.br\/index.php\/wp-json\/wp\/v2\/posts"}],"about":[{"href":"https:\/\/jornalfatosenoticias.com.br\/index.php\/wp-json\/wp\/v2\/types\/post"}],"author":[{"embeddable":true,"href":"https:\/\/jornalfatosenoticias.com.br\/index.php\/wp-json\/wp\/v2\/users\/2"}],"replies":[{"embeddable":true,"href":"https:\/\/jornalfatosenoticias.com.br\/index.php\/wp-json\/wp\/v2\/comments?post=50015"}],"version-history":[{"count":0,"href":"https:\/\/jornalfatosenoticias.com.br\/index.php\/wp-json\/wp\/v2\/posts\/50015\/revisions"}],"wp:featuredmedia":[{"embeddable":true,"href":"https:\/\/jornalfatosenoticias.com.br\/index.php\/wp-json\/wp\/v2\/media\/50016"}],"wp:attachment":[{"href":"https:\/\/jornalfatosenoticias.com.br\/index.php\/wp-json\/wp\/v2\/media?parent=50015"}],"wp:term":[{"taxonomy":"category","embeddable":true,"href":"https:\/\/jornalfatosenoticias.com.br\/index.php\/wp-json\/wp\/v2\/categories?post=50015"},{"taxonomy":"post_tag","embeddable":true,"href":"https:\/\/jornalfatosenoticias.com.br\/index.php\/wp-json\/wp\/v2\/tags?post=50015"}],"curies":[{"name":"wp","href":"https:\/\/api.w.org\/{rel}","templated":true}]}}