{"id":50018,"date":"2024-03-19T15:38:20","date_gmt":"2024-03-19T18:38:20","guid":{"rendered":"https:\/\/jornalfatosenoticias.com.br\/?p=50018"},"modified":"2024-03-19T15:38:21","modified_gmt":"2024-03-19T18:38:21","slug":"fizeram-de-tudo-para-calar-quem-denunciava-abusos-na-ilha-do-marajo-diz-damares-alves","status":"publish","type":"post","link":"https:\/\/jornalfatosenoticias.com.br\/index.php\/2024\/03\/19\/fizeram-de-tudo-para-calar-quem-denunciava-abusos-na-ilha-do-marajo-diz-damares-alves\/","title":{"rendered":"\u201cFizeram de tudo para calar quem denunciava abusos na Ilha do Maraj\u00f3\u201d, diz Damares Alves"},"content":{"rendered":"\n<p><em><span class=\"has-inline-color has-black-color\">\u201cFizeram de tudo para calar quem denunciava, ao inv\u00e9s de investigar as den\u00fancias\u201d, disse Damares Alves<\/span><\/em><\/p>\n\n\n\n<p><span class=\"has-inline-color has-black-color\">Por <strong><a href=\"https:\/\/www.gazetadopovo.com.br\/autor\/ana-carolina-curvello\/\">Ana Carolina Curvello<\/a><\/strong><\/span><\/p>\n\n\n\n<div class=\"wp-block-image\"><figure class=\"aligncenter size-large is-resized\"><img loading=\"lazy\" decoding=\"async\" src=\"https:\/\/jornalfatosenoticias.com.br\/wp-content\/uploads\/2023\/12\/pegoretti-logo-pdf-1024x389.jpg\" alt=\"\" class=\"wp-image-47536\" width=\"551\" height=\"209\" srcset=\"https:\/\/jornalfatosenoticias.com.br\/wp-content\/uploads\/2023\/12\/pegoretti-logo-pdf-1024x389.jpg 1024w, https:\/\/jornalfatosenoticias.com.br\/wp-content\/uploads\/2023\/12\/pegoretti-logo-pdf-300x114.jpg 300w, https:\/\/jornalfatosenoticias.com.br\/wp-content\/uploads\/2023\/12\/pegoretti-logo-pdf-768x291.jpg 768w, https:\/\/jornalfatosenoticias.com.br\/wp-content\/uploads\/2023\/12\/pegoretti-logo-pdf.jpg 1120w\" sizes=\"auto, (max-width: 551px) 100vw, 551px\" \/><\/figure><\/div>\n\n\n\n<p>A senadora Damares Alves (Republicanos-DF), ex-ministra dos Direitos Humanos no governo do ex-presidente Jair Bolsonaro, informou na \u00faltima quarta-feira (27) que est\u00e1 &#8220;proibida&#8221; de falar qualquer coisa sobre as den\u00fancias de explora\u00e7\u00e3o sexual infantil na Ilha do Maraj\u00f3, no Par\u00e1, que voltaram \u00e0 tona nos \u00faltimos dias.<\/p>\n\n\n\n<blockquote class=\"wp-block-quote is-layout-flow wp-block-quote-is-layout-flow\"><p><span class=\"has-inline-color has-luminous-vivid-orange-color\">Eu n\u00e3o posso falar nada. Inclusive nas minhas redes sociais, eu s\u00f3 estou compartilhando o que est\u00e1 chegando, porque eu respondo a tr\u00eas procedimentos judiciais. Um, pelo Minist\u00e9rio P\u00fablico, e mais dois, inclusive em inst\u00e2ncias diferentes&#8221;, disse a parlamentar em discurso no Plen\u00e1rio do Senado.<\/span><\/p><\/blockquote>\n\n\n\n<div class=\"wp-block-image\"><figure class=\"aligncenter size-large\"><img loading=\"lazy\" decoding=\"async\" width=\"400\" height=\"277\" src=\"https:\/\/jornalfatosenoticias.com.br\/wp-content\/uploads\/2023\/03\/logo-Panper_portal.jpg\" alt=\"\" class=\"wp-image-40208\" srcset=\"https:\/\/jornalfatosenoticias.com.br\/wp-content\/uploads\/2023\/03\/logo-Panper_portal.jpg 400w, https:\/\/jornalfatosenoticias.com.br\/wp-content\/uploads\/2023\/03\/logo-Panper_portal-300x208.jpg 300w\" sizes=\"auto, (max-width: 400px) 100vw, 400px\" \/><\/figure><\/div>\n\n\n\n<p>Damares ainda disse que, desde a \u00e9poca em que ela revelou casos de pedofilia no Maraj\u00f3, &#8220;fizeram de tudo para calar quem denunciava, ao inv\u00e9s de investigarem as den\u00fancias&#8221;. Ela citou que um dos processos pede para que ela indenize o povo marajoara em R$ 5 milh\u00f5es.<br>O processo mencionado por Damares foi apresentado pelo Minist\u00e9rio P\u00fablico Federal (MPF) \u00e0 Justi\u00e7a do Par\u00e1 em outubro de 2022. O MPF alegou que Damares n\u00e3o apresentou provas dos supostos crimes contra crian\u00e7as. Segundo o Minist\u00e9rio dos Direitos Humanos, foram registrados, entre os anos de 2016 e 2022, 5.440 den\u00fancias pelo Disque 100 (canal de den\u00fancias do minist\u00e9rio) de explora\u00e7\u00e3o sexual de menores no estado do Par\u00e1.<\/p>\n\n\n\n<div class=\"wp-block-image\"><figure class=\"aligncenter size-large\"><img decoding=\"async\" src=\"https:\/\/jornalfatosenoticias.com.br\/wp-content\/uploads\/2020\/02\/logo_esteio.jpg\" alt=\"\" class=\"wp-image-1214\"\/><\/figure><\/div>\n\n\n\n<blockquote class=\"wp-block-quote is-layout-flow wp-block-quote-is-layout-flow\"><p><span class=\"has-inline-color has-luminous-vivid-orange-color\">Eu fui silenciada em 2023. Eu n\u00e3o podia falar, eu n\u00e3o podia dizer nada. Algumas vezes, eu ocupei a tribuna para cobrar as investiga\u00e7\u00f5es do desaparecimento da menina Elisa, que at\u00e9 hoje ningu\u00e9m sabe onde est\u00e1, uma pequena menina. Eu fui silenciada. E eu era uma das \u00faltimas vozes das crian\u00e7as do Maraj\u00f3&#8221;, refor\u00e7ou Damares.<\/span><\/p><\/blockquote>\n\n\n\n<div class=\"wp-block-image\"><figure class=\"aligncenter size-large is-resized\"><img loading=\"lazy\" decoding=\"async\" src=\"https:\/\/jornalfatosenoticias.com.br\/wp-content\/uploads\/2024\/01\/consultoria-ambiental.jpg\" alt=\"\" class=\"wp-image-48314\" width=\"342\" height=\"309\" srcset=\"https:\/\/jornalfatosenoticias.com.br\/wp-content\/uploads\/2024\/01\/consultoria-ambiental.jpg 832w, https:\/\/jornalfatosenoticias.com.br\/wp-content\/uploads\/2024\/01\/consultoria-ambiental-300x272.jpg 300w, https:\/\/jornalfatosenoticias.com.br\/wp-content\/uploads\/2024\/01\/consultoria-ambiental-768x696.jpg 768w\" sizes=\"auto, (max-width: 342px) 100vw, 342px\" \/><\/figure><\/div>\n\n\n\n<p>No discurso no Senado, Damares ainda mencionou que &#8220;Deus levantou uma voz improv\u00e1vel&#8221; para trazer o assunto \u00e0 tona. &#8220;Uma menina l\u00e1 de Reden\u00e7\u00e3o, cantando uma m\u00fasica para o segmento evang\u00e9lico. Deus tem pressa, Senador. Eu vou ter que ficar em sil\u00eancio por mais algum tempo, at\u00e9 as a\u00e7\u00f5es terminarem. Mas outras vozes se levantaram&#8221;, disse.<\/p>\n\n\n\n<div class=\"wp-block-image\"><figure class=\"aligncenter size-large\"><img decoding=\"async\" src=\"https:\/\/jornalfatosenoticias.com.br\/wp-content\/uploads\/2020\/02\/barao-das-carnes-300x164-1.jpg\" alt=\"\" class=\"wp-image-34339\"\/><\/figure><\/div>\n\n\n\n<p>As den\u00fancias no Maraj\u00f3 voltaram \u00e0 tona ap\u00f3s a repercuss\u00e3o de uma m\u00fasica da cantora Ayme\u00ea com o t\u00edtulo &#8220;Evangelho de fariseus&#8221; que cita os problemas sociais e ambientais na ilha amaz\u00f4nica. A cantora tamb\u00e9m fez a seguinte declara\u00e7\u00e3o ao participar do programa &#8220;Dom Reality&#8221;: &#8220;Maraj\u00f3 \u00e9 uma ilha a alguns minutos de Bel\u00e9m, minha terra. E l\u00e1 tem muito tr\u00e1fico de \u00f3rg\u00e3os. L\u00e1 \u00e9 normal isso. Tem pedofilia em n\u00edvel\u00a0hard&#8221;.<\/p>\n\n\n\n<div class=\"wp-block-image\"><figure class=\"aligncenter size-large is-resized\"><img loading=\"lazy\" decoding=\"async\" src=\"https:\/\/jornalfatosenoticias.com.br\/wp-content\/uploads\/2023\/09\/vetorvix1024_1.jpg\" alt=\"\" class=\"wp-image-44868\" width=\"546\" height=\"145\" srcset=\"https:\/\/jornalfatosenoticias.com.br\/wp-content\/uploads\/2023\/09\/vetorvix1024_1.jpg 1024w, https:\/\/jornalfatosenoticias.com.br\/wp-content\/uploads\/2023\/09\/vetorvix1024_1-300x80.jpg 300w, https:\/\/jornalfatosenoticias.com.br\/wp-content\/uploads\/2023\/09\/vetorvix1024_1-768x205.jpg 768w\" sizes=\"auto, (max-width: 546px) 100vw, 546px\" \/><\/figure><\/div>\n\n\n\n<p><strong><span class=\"has-inline-color has-black-color\">Senadores defenderam Damares em Plen\u00e1rio<br><\/span><\/strong>Ap\u00f3s o discurso de &#8220;sil\u00eancio&#8221; da senadora Damares, outros senadores ocuparam a tribuna para refor\u00e7ar a &#8220;crise humanit\u00e1ria&#8221; que existe na Ilha do Maraj\u00f3. O senador Zequinha Marinho (Podemos-PA) chamou aten\u00e7\u00e3o para o &#8220;destaque&#8221; dado ao Arquip\u00e9lago de Maraj\u00f3 em raz\u00e3o da den\u00fancia de explora\u00e7\u00e3o sexual de crian\u00e7as e adolescentes e disse que &#8220;a situa\u00e7\u00e3o \u00e9 desoladora&#8221;. Ele defendeu a atua\u00e7\u00e3o de Damares que &#8220;combateu de forma direta e foi criticada, de maneira a at\u00e9 o Minist\u00e9rio P\u00fablico fazer uma den\u00fancia multando-a por\u00a0fake news&#8221;.<\/p>\n\n\n\n<div class=\"wp-block-image\"><figure class=\"aligncenter size-large is-resized\"><img loading=\"lazy\" decoding=\"async\" src=\"https:\/\/jornalfatosenoticias.com.br\/wp-content\/uploads\/2023\/08\/BKR-1024x1021.jpg\" alt=\"\" class=\"wp-image-44494\" width=\"310\" height=\"309\" srcset=\"https:\/\/jornalfatosenoticias.com.br\/wp-content\/uploads\/2023\/08\/BKR-1024x1021.jpg 1024w, https:\/\/jornalfatosenoticias.com.br\/wp-content\/uploads\/2023\/08\/BKR-300x300.jpg 300w, https:\/\/jornalfatosenoticias.com.br\/wp-content\/uploads\/2023\/08\/BKR-150x150.jpg 150w, https:\/\/jornalfatosenoticias.com.br\/wp-content\/uploads\/2023\/08\/BKR-768x766.jpg 768w, https:\/\/jornalfatosenoticias.com.br\/wp-content\/uploads\/2023\/08\/BKR.jpg 1080w\" sizes=\"auto, (max-width: 310px) 100vw, 310px\" \/><\/figure><\/div>\n\n\n\n<blockquote class=\"wp-block-quote is-layout-flow wp-block-quote-is-layout-flow\"><p><span class=\"has-inline-color has-luminous-vivid-orange-color\">Hoje o Brasil sabe. \u00c9 claro que, quando \u00e9 um pol\u00edtico que fala, as pessoas fazem quest\u00e3o de dizer que aquilo \u00e9 apenas alguma coisa para chamar a aten\u00e7\u00e3o. Mas uma menina de 15 anos, na sua m\u00fasica, com o seu viol\u00e3o, p\u00f4de fazer a den\u00fancia mais fervorosa e mais eloquente dos \u00faltimos anos com rela\u00e7\u00e3o \u00e0quela realidade&#8221;, disse.<\/span><\/p><\/blockquote>\n\n\n\n<p>Marinho cobrou a aprova\u00e7\u00e3o do seu projeto de lei que aumenta a pena de explora\u00e7\u00e3o sexual de crian\u00e7as e adolescentes para seis a doze anos de cadeia.<\/p>\n\n\n\n<div class=\"wp-block-image\"><figure class=\"aligncenter size-large is-resized\"><img loading=\"lazy\" decoding=\"async\" src=\"https:\/\/jornalfatosenoticias.com.br\/wp-content\/uploads\/2022\/02\/Precisao-Contabilidade-1024x724.jpg\" alt=\"\" class=\"wp-image-28088\" width=\"355\" height=\"251\"\/><\/figure><\/div>\n\n\n\n<blockquote class=\"wp-block-quote is-layout-flow wp-block-quote-is-layout-flow\"><p><span class=\"has-inline-color has-luminous-vivid-orange-color\">\u00c9 um crime hediondo e nossa legisla\u00e7\u00e3o tem que ser mais dura em cima desses exploradores. O explorador sexual de crian\u00e7as deve ficar atr\u00e1s das grades, e n\u00e3o cumprindo pena em casa ou de forma livre. Acredito que a rigidez da lei vai fazer com que esses criminosos pensem duas vezes antes de mexer com as crian\u00e7as, principalmente naquela regi\u00e3o&#8221;, alertou.<\/span><\/p><\/blockquote>\n\n\n\n<p>O senador Magno Malta (PL-ES) tamb\u00e9m saiu em defesa de Damares e lembrou o tanto que ela foi criticada ao denunciar os casos de pedofilia no Maraj\u00f3. <\/p>\n\n\n\n<div class=\"wp-block-image\"><figure class=\"aligncenter size-large\"><img loading=\"lazy\" decoding=\"async\" width=\"300\" height=\"250\" src=\"https:\/\/jornalfatosenoticias.com.br\/wp-content\/uploads\/2022\/02\/FERRARI_MAQUINAS-E-FERRAMENTAS2.jpg\" alt=\"\" class=\"wp-image-27860\"\/><\/figure><\/div>\n\n\n\n<blockquote class=\"wp-block-quote is-layout-flow wp-block-quote-is-layout-flow\"><p><span class=\"has-inline-color has-luminous-vivid-orange-color\">Quando ent\u00e3o a ministra Damares fala sobre o Maraj\u00f3, as provid\u00eancias tomadas no Governo Jair Bolsonaro, que valoriza a vida, que valoriza o nascituro, (\u2026) a esquerda se levantou em cima de Damares como urubu&#8221;, disse Malta.<\/span><\/p><\/blockquote>\n\n\n\n<div class=\"wp-block-image\"><figure class=\"aligncenter size-large is-resized\"><img loading=\"lazy\" decoding=\"async\" src=\"https:\/\/jornalfatosenoticias.com.br\/wp-content\/uploads\/2023\/03\/nova-logo-Marquetti.jpg\" alt=\"\" class=\"wp-image-40207\" width=\"338\" height=\"227\" srcset=\"https:\/\/jornalfatosenoticias.com.br\/wp-content\/uploads\/2023\/03\/nova-logo-Marquetti.jpg 643w, https:\/\/jornalfatosenoticias.com.br\/wp-content\/uploads\/2023\/03\/nova-logo-Marquetti-300x202.jpg 300w\" sizes=\"auto, (max-width: 338px) 100vw, 338px\" \/><\/figure><\/div>\n\n\n\n<p>Malta, que integrou a CPI da Pedofilia no per\u00edodo de 2008 a 2010, cobrou do presidente do Senado, Rodrigo Pacheco, a libera\u00e7\u00e3o do relat\u00f3rio final &#8211; que ainda est\u00e1 sob segredo. O relat\u00f3rio de quase 1.700 p\u00e1ginas sugere medidas de conten\u00e7\u00e3o da pedofilia no Par\u00e1. Uma delas solicita ao Tribunal de Justi\u00e7a do estado a cria\u00e7\u00e3o de comiss\u00e3o interna especial para apreciar com prioridade os processos de explora\u00e7\u00e3o sexual de crian\u00e7as e adolescentes.<\/p>\n\n\n\n<div class=\"wp-block-image\"><figure class=\"aligncenter size-large is-resized\"><img loading=\"lazy\" decoding=\"async\" src=\"https:\/\/jornalfatosenoticias.com.br\/wp-content\/uploads\/2023\/08\/ITH.jpeg\" alt=\"\" class=\"wp-image-44638\" width=\"309\" height=\"251\" srcset=\"https:\/\/jornalfatosenoticias.com.br\/wp-content\/uploads\/2023\/08\/ITH.jpeg 800w, https:\/\/jornalfatosenoticias.com.br\/wp-content\/uploads\/2023\/08\/ITH-300x244.jpeg 300w, https:\/\/jornalfatosenoticias.com.br\/wp-content\/uploads\/2023\/08\/ITH-768x624.jpeg 768w\" sizes=\"auto, (max-width: 309px) 100vw, 309px\" \/><\/figure><\/div>\n\n\n\n<blockquote class=\"wp-block-quote is-layout-flow wp-block-quote-is-layout-flow\"><p><span class=\"has-inline-color has-luminous-vivid-orange-color\">Se eles tivessem seguido o que n\u00f3s dissemos, o que n\u00f3s propusemos, inclusive colocando c\u00e2mera nos barcos de passageiros, e que fossem monitorados pelo sistema de monitoramento da pol\u00edcia, e a Governadora era Ana J\u00falia Carepa, do PT\u2026 E, em todos esses anos de abandono do Maraj\u00f3, o Par\u00e1 foi comandado pelo espectro pol\u00edtico de esquerda&#8221;, alertou Malta.<\/span><\/p><\/blockquote>\n\n\n\n<div class=\"wp-block-image\"><figure class=\"aligncenter size-large is-resized\"><img loading=\"lazy\" decoding=\"async\" src=\"https:\/\/jornalfatosenoticias.com.br\/wp-content\/uploads\/2020\/02\/CONTROL-CS.jpg\" alt=\"\" class=\"wp-image-44991\" width=\"339\" height=\"406\" srcset=\"https:\/\/jornalfatosenoticias.com.br\/wp-content\/uploads\/2020\/02\/CONTROL-CS.jpg 834w, https:\/\/jornalfatosenoticias.com.br\/wp-content\/uploads\/2020\/02\/CONTROL-CS-250x300.jpg 250w, https:\/\/jornalfatosenoticias.com.br\/wp-content\/uploads\/2020\/02\/CONTROL-CS-768x921.jpg 768w\" sizes=\"auto, (max-width: 339px) 100vw, 339px\" \/><\/figure><\/div>\n\n\n\n<p><strong><em>Fonte: <a href=\"https:\/\/www.gazetadopovo.com.br\/vida-e-cidadania\/fizeram-de-tudo-para-calar-quem-denunciava-abusos-na-ilha-do-marajo-diz-damares-alves\/?ref=veja-tambem\">Gazeta do Povo<\/a><\/em><\/strong><\/p>\n","protected":false},"excerpt":{"rendered":"<p>\u201cFizeram de tudo para calar quem denunciava, ao inv\u00e9s de investigar as den\u00fancias\u201d, disse Damares Alves Por Ana Carolina Curvello A senadora Damares Alves (Republicanos-DF), ex-ministra dos Direitos Humanos no governo do ex-presidente Jair Bolsonaro, informou na \u00faltima quarta-feira (27) que est\u00e1 &#8220;proibida&#8221; de falar qualquer coisa sobre as den\u00fancias de explora\u00e7\u00e3o sexual infantil na [&hellip;]<\/p>\n","protected":false},"author":2,"featured_media":50019,"comment_status":"open","ping_status":"open","sticky":false,"template":"","format":"standard","meta":{"footnotes":""},"categories":[5],"tags":[23098,23101,23100,9049,16154,23099,940],"class_list":["post-50018","post","type-post","status-publish","format-standard","has-post-thumbnail","hentry","category-geral","tag-abusos-infantis","tag-assassinatos-de-criancas","tag-crimes-no-marajo","tag-damares-alves","tag-denuncias","tag-ilha-de-marajo","tag-para"],"yoast_head":"<!-- This site is optimized with the Yoast SEO plugin v26.5 - https:\/\/yoast.com\/wordpress\/plugins\/seo\/ -->\n<title>\u201cFizeram de tudo para calar quem denunciava abusos na Ilha do Maraj\u00f3\u201d, diz Damares Alves - Jornal Fatos e Not\u00edcias<\/title>\n<meta name=\"robots\" content=\"index, follow, max-snippet:-1, max-image-preview:large, max-video-preview:-1\" \/>\n<link rel=\"canonical\" href=\"https:\/\/jornalfatosenoticias.com.br\/index.php\/2024\/03\/19\/fizeram-de-tudo-para-calar-quem-denunciava-abusos-na-ilha-do-marajo-diz-damares-alves\/\" \/>\n<meta property=\"og:locale\" content=\"pt_BR\" \/>\n<meta property=\"og:type\" content=\"article\" \/>\n<meta property=\"og:title\" content=\"\u201cFizeram de tudo para calar quem denunciava abusos na Ilha do Maraj\u00f3\u201d, diz Damares Alves - Jornal Fatos e Not\u00edcias\" \/>\n<meta property=\"og:description\" content=\"\u201cFizeram de tudo para calar quem denunciava, ao inv\u00e9s de investigar as den\u00fancias\u201d, disse Damares Alves Por Ana Carolina Curvello A senadora Damares Alves (Republicanos-DF), ex-ministra dos Direitos Humanos no governo do ex-presidente Jair Bolsonaro, informou na \u00faltima quarta-feira (27) que est\u00e1 &#8220;proibida&#8221; de falar qualquer coisa sobre as den\u00fancias de explora\u00e7\u00e3o sexual infantil na [&hellip;]\" \/>\n<meta property=\"og:url\" content=\"https:\/\/jornalfatosenoticias.com.br\/index.php\/2024\/03\/19\/fizeram-de-tudo-para-calar-quem-denunciava-abusos-na-ilha-do-marajo-diz-damares-alves\/\" \/>\n<meta property=\"og:site_name\" content=\"Jornal Fatos e Not\u00edcias\" \/>\n<meta property=\"article:published_time\" content=\"2024-03-19T18:38:20+00:00\" \/>\n<meta property=\"article:modified_time\" content=\"2024-03-19T18:38:21+00:00\" \/>\n<meta property=\"og:image\" content=\"https:\/\/jornalfatosenoticias.com.br\/wp-content\/uploads\/2024\/03\/damares-alves-cdhSenado-860x540-1.jpeg\" \/>\n\t<meta property=\"og:image:width\" content=\"860\" \/>\n\t<meta property=\"og:image:height\" content=\"540\" \/>\n\t<meta property=\"og:image:type\" content=\"image\/jpeg\" \/>\n<meta name=\"author\" content=\"Luzimara Fernandes\" \/>\n<meta name=\"twitter:card\" content=\"summary_large_image\" \/>\n<meta name=\"twitter:label1\" content=\"Escrito por\" \/>\n\t<meta name=\"twitter:data1\" content=\"Luzimara Fernandes\" \/>\n\t<meta name=\"twitter:label2\" content=\"Est. tempo de leitura\" \/>\n\t<meta name=\"twitter:data2\" content=\"5 minutos\" \/>\n<script type=\"application\/ld+json\" class=\"yoast-schema-graph\">{\"@context\":\"https:\/\/schema.org\",\"@graph\":[{\"@type\":\"Article\",\"@id\":\"https:\/\/jornalfatosenoticias.com.br\/index.php\/2024\/03\/19\/fizeram-de-tudo-para-calar-quem-denunciava-abusos-na-ilha-do-marajo-diz-damares-alves\/#article\",\"isPartOf\":{\"@id\":\"https:\/\/jornalfatosenoticias.com.br\/index.php\/2024\/03\/19\/fizeram-de-tudo-para-calar-quem-denunciava-abusos-na-ilha-do-marajo-diz-damares-alves\/\"},\"author\":{\"name\":\"Luzimara Fernandes\",\"@id\":\"https:\/\/jornalfatosenoticias.com.br\/#\/schema\/person\/d63837fa13ac8666eb9e74e0985d6f81\"},\"headline\":\"\u201cFizeram de tudo para calar quem denunciava abusos na Ilha do Maraj\u00f3\u201d, diz Damares Alves\",\"datePublished\":\"2024-03-19T18:38:20+00:00\",\"dateModified\":\"2024-03-19T18:38:21+00:00\",\"mainEntityOfPage\":{\"@id\":\"https:\/\/jornalfatosenoticias.com.br\/index.php\/2024\/03\/19\/fizeram-de-tudo-para-calar-quem-denunciava-abusos-na-ilha-do-marajo-diz-damares-alves\/\"},\"wordCount\":936,\"commentCount\":0,\"publisher\":{\"@id\":\"https:\/\/jornalfatosenoticias.com.br\/#organization\"},\"image\":{\"@id\":\"https:\/\/jornalfatosenoticias.com.br\/index.php\/2024\/03\/19\/fizeram-de-tudo-para-calar-quem-denunciava-abusos-na-ilha-do-marajo-diz-damares-alves\/#primaryimage\"},\"thumbnailUrl\":\"https:\/\/jornalfatosenoticias.com.br\/wp-content\/uploads\/2024\/03\/damares-alves-cdhSenado-860x540-1.jpeg\",\"keywords\":[\"abusos infantis\",\"assassinatos de crian\u00e7as\",\"crimes no Maraj\u00f3\",\"Damares Alves\",\"den\u00fancias\",\"Ilha de Maraj\u00f3\",\"Par\u00e1\"],\"articleSection\":[\"Geral\"],\"inLanguage\":\"pt-BR\",\"potentialAction\":[{\"@type\":\"CommentAction\",\"name\":\"Comment\",\"target\":[\"https:\/\/jornalfatosenoticias.com.br\/index.php\/2024\/03\/19\/fizeram-de-tudo-para-calar-quem-denunciava-abusos-na-ilha-do-marajo-diz-damares-alves\/#respond\"]}]},{\"@type\":\"WebPage\",\"@id\":\"https:\/\/jornalfatosenoticias.com.br\/index.php\/2024\/03\/19\/fizeram-de-tudo-para-calar-quem-denunciava-abusos-na-ilha-do-marajo-diz-damares-alves\/\",\"url\":\"https:\/\/jornalfatosenoticias.com.br\/index.php\/2024\/03\/19\/fizeram-de-tudo-para-calar-quem-denunciava-abusos-na-ilha-do-marajo-diz-damares-alves\/\",\"name\":\"\u201cFizeram de tudo para calar quem denunciava abusos na Ilha do Maraj\u00f3\u201d, diz Damares Alves - Jornal Fatos e Not\u00edcias\",\"isPartOf\":{\"@id\":\"https:\/\/jornalfatosenoticias.com.br\/#website\"},\"primaryImageOfPage\":{\"@id\":\"https:\/\/jornalfatosenoticias.com.br\/index.php\/2024\/03\/19\/fizeram-de-tudo-para-calar-quem-denunciava-abusos-na-ilha-do-marajo-diz-damares-alves\/#primaryimage\"},\"image\":{\"@id\":\"https:\/\/jornalfatosenoticias.com.br\/index.php\/2024\/03\/19\/fizeram-de-tudo-para-calar-quem-denunciava-abusos-na-ilha-do-marajo-diz-damares-alves\/#primaryimage\"},\"thumbnailUrl\":\"https:\/\/jornalfatosenoticias.com.br\/wp-content\/uploads\/2024\/03\/damares-alves-cdhSenado-860x540-1.jpeg\",\"datePublished\":\"2024-03-19T18:38:20+00:00\",\"dateModified\":\"2024-03-19T18:38:21+00:00\",\"breadcrumb\":{\"@id\":\"https:\/\/jornalfatosenoticias.com.br\/index.php\/2024\/03\/19\/fizeram-de-tudo-para-calar-quem-denunciava-abusos-na-ilha-do-marajo-diz-damares-alves\/#breadcrumb\"},\"inLanguage\":\"pt-BR\",\"potentialAction\":[{\"@type\":\"ReadAction\",\"target\":[\"https:\/\/jornalfatosenoticias.com.br\/index.php\/2024\/03\/19\/fizeram-de-tudo-para-calar-quem-denunciava-abusos-na-ilha-do-marajo-diz-damares-alves\/\"]}]},{\"@type\":\"ImageObject\",\"inLanguage\":\"pt-BR\",\"@id\":\"https:\/\/jornalfatosenoticias.com.br\/index.php\/2024\/03\/19\/fizeram-de-tudo-para-calar-quem-denunciava-abusos-na-ilha-do-marajo-diz-damares-alves\/#primaryimage\",\"url\":\"https:\/\/jornalfatosenoticias.com.br\/wp-content\/uploads\/2024\/03\/damares-alves-cdhSenado-860x540-1.jpeg\",\"contentUrl\":\"https:\/\/jornalfatosenoticias.com.br\/wp-content\/uploads\/2024\/03\/damares-alves-cdhSenado-860x540-1.jpeg\",\"width\":860,\"height\":540},{\"@type\":\"BreadcrumbList\",\"@id\":\"https:\/\/jornalfatosenoticias.com.br\/index.php\/2024\/03\/19\/fizeram-de-tudo-para-calar-quem-denunciava-abusos-na-ilha-do-marajo-diz-damares-alves\/#breadcrumb\",\"itemListElement\":[{\"@type\":\"ListItem\",\"position\":1,\"name\":\"In\u00edcio\",\"item\":\"https:\/\/jornalfatosenoticias.com.br\/\"},{\"@type\":\"ListItem\",\"position\":2,\"name\":\"\u201cFizeram de tudo para calar quem denunciava abusos na Ilha do Maraj\u00f3\u201d, diz Damares Alves\"}]},{\"@type\":\"WebSite\",\"@id\":\"https:\/\/jornalfatosenoticias.com.br\/#website\",\"url\":\"https:\/\/jornalfatosenoticias.com.br\/\",\"name\":\"Jornal Fatos e Not\u00edcias\",\"description\":\"Not\u00edcias em geral\",\"publisher\":{\"@id\":\"https:\/\/jornalfatosenoticias.com.br\/#organization\"},\"potentialAction\":[{\"@type\":\"SearchAction\",\"target\":{\"@type\":\"EntryPoint\",\"urlTemplate\":\"https:\/\/jornalfatosenoticias.com.br\/?s={search_term_string}\"},\"query-input\":{\"@type\":\"PropertyValueSpecification\",\"valueRequired\":true,\"valueName\":\"search_term_string\"}}],\"inLanguage\":\"pt-BR\"},{\"@type\":\"Organization\",\"@id\":\"https:\/\/jornalfatosenoticias.com.br\/#organization\",\"name\":\"Jornal Fatos e Not\u00edcias\",\"url\":\"https:\/\/jornalfatosenoticias.com.br\/\",\"logo\":{\"@type\":\"ImageObject\",\"inLanguage\":\"pt-BR\",\"@id\":\"https:\/\/jornalfatosenoticias.com.br\/#\/schema\/logo\/image\/\",\"url\":\"https:\/\/jornalfatosenoticias.com.br\/wp-content\/uploads\/2020\/02\/logo120.png\",\"contentUrl\":\"https:\/\/jornalfatosenoticias.com.br\/wp-content\/uploads\/2020\/02\/logo120.png\",\"width\":1227,\"height\":120,\"caption\":\"Jornal Fatos e Not\u00edcias\"},\"image\":{\"@id\":\"https:\/\/jornalfatosenoticias.com.br\/#\/schema\/logo\/image\/\"}},{\"@type\":\"Person\",\"@id\":\"https:\/\/jornalfatosenoticias.com.br\/#\/schema\/person\/d63837fa13ac8666eb9e74e0985d6f81\",\"name\":\"Luzimara Fernandes\",\"image\":{\"@type\":\"ImageObject\",\"inLanguage\":\"pt-BR\",\"@id\":\"https:\/\/jornalfatosenoticias.com.br\/#\/schema\/person\/image\/\",\"url\":\"https:\/\/jornalfatosenoticias.com.br\/wp-content\/uploads\/2025\/05\/EU_portal.jpg\",\"contentUrl\":\"https:\/\/jornalfatosenoticias.com.br\/wp-content\/uploads\/2025\/05\/EU_portal.jpg\",\"caption\":\"Luzimara Fernandes\"},\"description\":\"Jornalista MTB 2358-ES\",\"sameAs\":[\"https:\/\/jornalfatosenoticias.com.br\"],\"url\":\"https:\/\/jornalfatosenoticias.com.br\/index.php\/author\/luzimara\/\"}]}<\/script>\n<!-- \/ Yoast SEO plugin. -->","yoast_head_json":{"title":"\u201cFizeram de tudo para calar quem denunciava abusos na Ilha do Maraj\u00f3\u201d, diz Damares Alves - Jornal Fatos e Not\u00edcias","robots":{"index":"index","follow":"follow","max-snippet":"max-snippet:-1","max-image-preview":"max-image-preview:large","max-video-preview":"max-video-preview:-1"},"canonical":"https:\/\/jornalfatosenoticias.com.br\/index.php\/2024\/03\/19\/fizeram-de-tudo-para-calar-quem-denunciava-abusos-na-ilha-do-marajo-diz-damares-alves\/","og_locale":"pt_BR","og_type":"article","og_title":"\u201cFizeram de tudo para calar quem denunciava abusos na Ilha do Maraj\u00f3\u201d, diz Damares Alves - Jornal Fatos e Not\u00edcias","og_description":"\u201cFizeram de tudo para calar quem denunciava, ao inv\u00e9s de investigar as den\u00fancias\u201d, disse Damares Alves Por Ana Carolina Curvello A senadora Damares Alves (Republicanos-DF), ex-ministra dos Direitos Humanos no governo do ex-presidente Jair Bolsonaro, informou na \u00faltima quarta-feira (27) que est\u00e1 &#8220;proibida&#8221; de falar qualquer coisa sobre as den\u00fancias de explora\u00e7\u00e3o sexual infantil na [&hellip;]","og_url":"https:\/\/jornalfatosenoticias.com.br\/index.php\/2024\/03\/19\/fizeram-de-tudo-para-calar-quem-denunciava-abusos-na-ilha-do-marajo-diz-damares-alves\/","og_site_name":"Jornal Fatos e Not\u00edcias","article_published_time":"2024-03-19T18:38:20+00:00","article_modified_time":"2024-03-19T18:38:21+00:00","og_image":[{"width":860,"height":540,"url":"https:\/\/jornalfatosenoticias.com.br\/wp-content\/uploads\/2024\/03\/damares-alves-cdhSenado-860x540-1.jpeg","type":"image\/jpeg"}],"author":"Luzimara Fernandes","twitter_card":"summary_large_image","twitter_misc":{"Escrito por":"Luzimara Fernandes","Est. tempo de leitura":"5 minutos"},"schema":{"@context":"https:\/\/schema.org","@graph":[{"@type":"Article","@id":"https:\/\/jornalfatosenoticias.com.br\/index.php\/2024\/03\/19\/fizeram-de-tudo-para-calar-quem-denunciava-abusos-na-ilha-do-marajo-diz-damares-alves\/#article","isPartOf":{"@id":"https:\/\/jornalfatosenoticias.com.br\/index.php\/2024\/03\/19\/fizeram-de-tudo-para-calar-quem-denunciava-abusos-na-ilha-do-marajo-diz-damares-alves\/"},"author":{"name":"Luzimara Fernandes","@id":"https:\/\/jornalfatosenoticias.com.br\/#\/schema\/person\/d63837fa13ac8666eb9e74e0985d6f81"},"headline":"\u201cFizeram de tudo para calar quem denunciava abusos na Ilha do Maraj\u00f3\u201d, diz Damares Alves","datePublished":"2024-03-19T18:38:20+00:00","dateModified":"2024-03-19T18:38:21+00:00","mainEntityOfPage":{"@id":"https:\/\/jornalfatosenoticias.com.br\/index.php\/2024\/03\/19\/fizeram-de-tudo-para-calar-quem-denunciava-abusos-na-ilha-do-marajo-diz-damares-alves\/"},"wordCount":936,"commentCount":0,"publisher":{"@id":"https:\/\/jornalfatosenoticias.com.br\/#organization"},"image":{"@id":"https:\/\/jornalfatosenoticias.com.br\/index.php\/2024\/03\/19\/fizeram-de-tudo-para-calar-quem-denunciava-abusos-na-ilha-do-marajo-diz-damares-alves\/#primaryimage"},"thumbnailUrl":"https:\/\/jornalfatosenoticias.com.br\/wp-content\/uploads\/2024\/03\/damares-alves-cdhSenado-860x540-1.jpeg","keywords":["abusos infantis","assassinatos de crian\u00e7as","crimes no Maraj\u00f3","Damares Alves","den\u00fancias","Ilha de Maraj\u00f3","Par\u00e1"],"articleSection":["Geral"],"inLanguage":"pt-BR","potentialAction":[{"@type":"CommentAction","name":"Comment","target":["https:\/\/jornalfatosenoticias.com.br\/index.php\/2024\/03\/19\/fizeram-de-tudo-para-calar-quem-denunciava-abusos-na-ilha-do-marajo-diz-damares-alves\/#respond"]}]},{"@type":"WebPage","@id":"https:\/\/jornalfatosenoticias.com.br\/index.php\/2024\/03\/19\/fizeram-de-tudo-para-calar-quem-denunciava-abusos-na-ilha-do-marajo-diz-damares-alves\/","url":"https:\/\/jornalfatosenoticias.com.br\/index.php\/2024\/03\/19\/fizeram-de-tudo-para-calar-quem-denunciava-abusos-na-ilha-do-marajo-diz-damares-alves\/","name":"\u201cFizeram de tudo para calar quem denunciava abusos na Ilha do Maraj\u00f3\u201d, diz Damares Alves - Jornal Fatos e Not\u00edcias","isPartOf":{"@id":"https:\/\/jornalfatosenoticias.com.br\/#website"},"primaryImageOfPage":{"@id":"https:\/\/jornalfatosenoticias.com.br\/index.php\/2024\/03\/19\/fizeram-de-tudo-para-calar-quem-denunciava-abusos-na-ilha-do-marajo-diz-damares-alves\/#primaryimage"},"image":{"@id":"https:\/\/jornalfatosenoticias.com.br\/index.php\/2024\/03\/19\/fizeram-de-tudo-para-calar-quem-denunciava-abusos-na-ilha-do-marajo-diz-damares-alves\/#primaryimage"},"thumbnailUrl":"https:\/\/jornalfatosenoticias.com.br\/wp-content\/uploads\/2024\/03\/damares-alves-cdhSenado-860x540-1.jpeg","datePublished":"2024-03-19T18:38:20+00:00","dateModified":"2024-03-19T18:38:21+00:00","breadcrumb":{"@id":"https:\/\/jornalfatosenoticias.com.br\/index.php\/2024\/03\/19\/fizeram-de-tudo-para-calar-quem-denunciava-abusos-na-ilha-do-marajo-diz-damares-alves\/#breadcrumb"},"inLanguage":"pt-BR","potentialAction":[{"@type":"ReadAction","target":["https:\/\/jornalfatosenoticias.com.br\/index.php\/2024\/03\/19\/fizeram-de-tudo-para-calar-quem-denunciava-abusos-na-ilha-do-marajo-diz-damares-alves\/"]}]},{"@type":"ImageObject","inLanguage":"pt-BR","@id":"https:\/\/jornalfatosenoticias.com.br\/index.php\/2024\/03\/19\/fizeram-de-tudo-para-calar-quem-denunciava-abusos-na-ilha-do-marajo-diz-damares-alves\/#primaryimage","url":"https:\/\/jornalfatosenoticias.com.br\/wp-content\/uploads\/2024\/03\/damares-alves-cdhSenado-860x540-1.jpeg","contentUrl":"https:\/\/jornalfatosenoticias.com.br\/wp-content\/uploads\/2024\/03\/damares-alves-cdhSenado-860x540-1.jpeg","width":860,"height":540},{"@type":"BreadcrumbList","@id":"https:\/\/jornalfatosenoticias.com.br\/index.php\/2024\/03\/19\/fizeram-de-tudo-para-calar-quem-denunciava-abusos-na-ilha-do-marajo-diz-damares-alves\/#breadcrumb","itemListElement":[{"@type":"ListItem","position":1,"name":"In\u00edcio","item":"https:\/\/jornalfatosenoticias.com.br\/"},{"@type":"ListItem","position":2,"name":"\u201cFizeram de tudo para calar quem denunciava abusos na Ilha do Maraj\u00f3\u201d, diz Damares Alves"}]},{"@type":"WebSite","@id":"https:\/\/jornalfatosenoticias.com.br\/#website","url":"https:\/\/jornalfatosenoticias.com.br\/","name":"Jornal Fatos e Not\u00edcias","description":"Not\u00edcias em geral","publisher":{"@id":"https:\/\/jornalfatosenoticias.com.br\/#organization"},"potentialAction":[{"@type":"SearchAction","target":{"@type":"EntryPoint","urlTemplate":"https:\/\/jornalfatosenoticias.com.br\/?s={search_term_string}"},"query-input":{"@type":"PropertyValueSpecification","valueRequired":true,"valueName":"search_term_string"}}],"inLanguage":"pt-BR"},{"@type":"Organization","@id":"https:\/\/jornalfatosenoticias.com.br\/#organization","name":"Jornal Fatos e Not\u00edcias","url":"https:\/\/jornalfatosenoticias.com.br\/","logo":{"@type":"ImageObject","inLanguage":"pt-BR","@id":"https:\/\/jornalfatosenoticias.com.br\/#\/schema\/logo\/image\/","url":"https:\/\/jornalfatosenoticias.com.br\/wp-content\/uploads\/2020\/02\/logo120.png","contentUrl":"https:\/\/jornalfatosenoticias.com.br\/wp-content\/uploads\/2020\/02\/logo120.png","width":1227,"height":120,"caption":"Jornal Fatos e Not\u00edcias"},"image":{"@id":"https:\/\/jornalfatosenoticias.com.br\/#\/schema\/logo\/image\/"}},{"@type":"Person","@id":"https:\/\/jornalfatosenoticias.com.br\/#\/schema\/person\/d63837fa13ac8666eb9e74e0985d6f81","name":"Luzimara Fernandes","image":{"@type":"ImageObject","inLanguage":"pt-BR","@id":"https:\/\/jornalfatosenoticias.com.br\/#\/schema\/person\/image\/","url":"https:\/\/jornalfatosenoticias.com.br\/wp-content\/uploads\/2025\/05\/EU_portal.jpg","contentUrl":"https:\/\/jornalfatosenoticias.com.br\/wp-content\/uploads\/2025\/05\/EU_portal.jpg","caption":"Luzimara Fernandes"},"description":"Jornalista MTB 2358-ES","sameAs":["https:\/\/jornalfatosenoticias.com.br"],"url":"https:\/\/jornalfatosenoticias.com.br\/index.php\/author\/luzimara\/"}]}},"cc_featured_image_caption":{"caption_text":"(Foto: Senado Federal)","source_text":"","source_url":""},"jetpack_featured_media_url":"https:\/\/jornalfatosenoticias.com.br\/wp-content\/uploads\/2024\/03\/damares-alves-cdhSenado-860x540-1.jpeg","_links":{"self":[{"href":"https:\/\/jornalfatosenoticias.com.br\/index.php\/wp-json\/wp\/v2\/posts\/50018","targetHints":{"allow":["GET"]}}],"collection":[{"href":"https:\/\/jornalfatosenoticias.com.br\/index.php\/wp-json\/wp\/v2\/posts"}],"about":[{"href":"https:\/\/jornalfatosenoticias.com.br\/index.php\/wp-json\/wp\/v2\/types\/post"}],"author":[{"embeddable":true,"href":"https:\/\/jornalfatosenoticias.com.br\/index.php\/wp-json\/wp\/v2\/users\/2"}],"replies":[{"embeddable":true,"href":"https:\/\/jornalfatosenoticias.com.br\/index.php\/wp-json\/wp\/v2\/comments?post=50018"}],"version-history":[{"count":0,"href":"https:\/\/jornalfatosenoticias.com.br\/index.php\/wp-json\/wp\/v2\/posts\/50018\/revisions"}],"wp:featuredmedia":[{"embeddable":true,"href":"https:\/\/jornalfatosenoticias.com.br\/index.php\/wp-json\/wp\/v2\/media\/50019"}],"wp:attachment":[{"href":"https:\/\/jornalfatosenoticias.com.br\/index.php\/wp-json\/wp\/v2\/media?parent=50018"}],"wp:term":[{"taxonomy":"category","embeddable":true,"href":"https:\/\/jornalfatosenoticias.com.br\/index.php\/wp-json\/wp\/v2\/categories?post=50018"},{"taxonomy":"post_tag","embeddable":true,"href":"https:\/\/jornalfatosenoticias.com.br\/index.php\/wp-json\/wp\/v2\/tags?post=50018"}],"curies":[{"name":"wp","href":"https:\/\/api.w.org\/{rel}","templated":true}]}}