{"id":50021,"date":"2024-03-20T08:50:30","date_gmt":"2024-03-20T11:50:30","guid":{"rendered":"https:\/\/jornalfatosenoticias.com.br\/?p=50021"},"modified":"2024-03-20T08:50:31","modified_gmt":"2024-03-20T11:50:31","slug":"a-exaustao-dos-pais-que-tem-filhos-com-transtorno-opositor-desafiador","status":"publish","type":"post","link":"https:\/\/jornalfatosenoticias.com.br\/index.php\/2024\/03\/20\/a-exaustao-dos-pais-que-tem-filhos-com-transtorno-opositor-desafiador\/","title":{"rendered":"A exaust\u00e3o dos pais que t\u00eam filhos com Transtorno Opositor Desafiador"},"content":{"rendered":"\n<p><em><span class=\"has-inline-color has-black-color\">Educadora parental diz que h\u00e1 um desafio maior em educar crian\u00e7as com TOD e lembra \u00e0s fam\u00edlias que &#8220;todas fazem o seu melhor&#8221;<\/span><\/em><\/p>\n\n\n\n<p><span class=\"has-inline-color has-black-color\">Por <strong><a href=\"https:\/\/cangurunews.com.br\/author\/veronica\/\">Ver\u00f4nica Fraidenraich<\/a><\/strong><\/span><\/p>\n\n\n\n<div class=\"wp-block-image\"><figure class=\"aligncenter size-large\"><img loading=\"lazy\" decoding=\"async\" width=\"729\" height=\"90\" src=\"https:\/\/jornalfatosenoticias.com.br\/wp-content\/uploads\/2020\/02\/Logo_Mizu.png\" alt=\"\" class=\"wp-image-1441\" srcset=\"https:\/\/jornalfatosenoticias.com.br\/wp-content\/uploads\/2020\/02\/Logo_Mizu.png 729w, https:\/\/jornalfatosenoticias.com.br\/wp-content\/uploads\/2020\/02\/Logo_Mizu-300x37.png 300w\" sizes=\"auto, (max-width: 729px) 100vw, 729px\" \/><\/figure><\/div>\n\n\n\n<p>\u201cEu n\u00e3o aguento mais\u201d. \u201cEstou no meu limite\u201d. \u201cVou explodir.\u201d Afirma\u00e7\u00f5es como essas s\u00e3o ditas com frequ\u00eancia por pais ou respons\u00e1veis por crian\u00e7as com <a href=\"https:\/\/cangurunews.com.br\/tod-transtorno-opositor-desafiador\/\">Transtorno Opositor Desafiador<\/a> (TOD), que n\u00e3o raro chegam a um estado de exaust\u00e3o emocional diante de tantos embates verbais di\u00e1rios com os filhos. A hora do banho, das refei\u00e7\u00f5es ou das li\u00e7\u00f5es de casa, entre outros momentos da rotina, podem ser tornar bem dif\u00edceis para essas fam\u00edlias devido \u00e0 dificuldade dos pequenos em lidar com regras e figuras de autoridade em ambientes diversos como a casa, a escola ou durante passeios, o que gera neles uma frustra\u00e7\u00e3o exagerada, que traz preju\u00edzos e os faz sofrer.<br>Embora qualquer crian\u00e7a possa se mostrar resistente, teimosa ou impulsiva, aquelas que possuem <a href=\"https:\/\/cangurunews.com.br\/transtornos-de-saude-mental-infantil-como-os-pais-podem-identificar\/\">transtornos mentais<\/a>, como \u00e9 o caso do TOD, t\u00eam isso de forma muito mais exacerbada e regular. \u201cOs neuroat\u00edpicos t\u00eam um\u00a0<a href=\"https:\/\/cangurunews.com.br\/transtornos-na-infancia-por-que-nao-suportamos-os-excessos-do-comportamento-infantil\/\">alto n\u00edvel de frustra\u00e7\u00e3o e irritabilidade<\/a>, eles batem de frente com os pais o tempo todo, t\u00eam dificuldade de cumprir os combinados e apresentam um choro mais intenso, mais persistente. Como resultado, eles perdem oportunidades, v\u00e3o ao extremo, t\u00eam um pico de regula\u00e7\u00e3o muito alto e depois uma ressaca moral muito grande\u201d, explica a educadora parental e psicopedagoga <a href=\"https:\/\/www.instagram.com\/tod_tecontotudo\/\" target=\"_blank\" rel=\"noreferrer noopener\">Andreia Rossi<\/a>, que \u00e9 m\u00e3e de uma adolescente com TOD e atua no atendimento a fam\u00edlias com esse transtorno h\u00e1 15 anos.<\/p>\n\n\n\n<div class=\"wp-block-image\"><figure class=\"aligncenter size-large\"><img decoding=\"async\" src=\"https:\/\/jornalfatosenoticias.com.br\/wp-content\/uploads\/2020\/02\/barao-das-carnes-300x164-1.jpg\" alt=\"\" class=\"wp-image-34339\"\/><\/figure><\/div>\n\n\n\n<p>Ela comenta que os pais ficam cansados porque n\u00e3o entendem que est\u00e3o lidando com um comportamento diferente e um c\u00e9rebro que funciona em um outro ritmo. E por causa dos desentendimentos constantes, acabam entrando na disputa com os filhos, o que os deixa exaustos. <\/p>\n\n\n\n<div class=\"wp-block-image\"><figure class=\"aligncenter size-large\"><img decoding=\"async\" src=\"https:\/\/jornalfatosenoticias.com.br\/wp-content\/uploads\/2020\/02\/logo_esteio.jpg\" alt=\"\" class=\"wp-image-1214\"\/><\/figure><\/div>\n\n\n\n<blockquote class=\"wp-block-quote is-layout-flow wp-block-quote-is-layout-flow\"><p><span class=\"has-inline-color has-luminous-vivid-orange-color\">A crian\u00e7a n\u00e3o faz isso de forma deliberada para afrontar os pais, ela faz porque n\u00e3o d\u00e1 conta dessa regula\u00e7\u00e3o emocional toda, de saber o que \u00e9 importante no momento\u201d, afirma Rossi. Nesse contexto, ela diz ser comum surgir nos adultos um sentimento de incapacidade e insatisfa\u00e7\u00e3o com a realiza\u00e7\u00e3o da parentalidade.<\/span><\/p><\/blockquote>\n\n\n\n<div class=\"wp-block-image\"><figure class=\"aligncenter size-large is-resized\"><img loading=\"lazy\" decoding=\"async\" src=\"https:\/\/jornalfatosenoticias.com.br\/wp-content\/uploads\/2020\/02\/logo-Rapuzel-1024x571.jpg\" alt=\"\" class=\"wp-image-42808\" width=\"327\" height=\"182\" srcset=\"https:\/\/jornalfatosenoticias.com.br\/wp-content\/uploads\/2020\/02\/logo-Rapuzel-1024x571.jpg 1024w, https:\/\/jornalfatosenoticias.com.br\/wp-content\/uploads\/2020\/02\/logo-Rapuzel-300x167.jpg 300w, https:\/\/jornalfatosenoticias.com.br\/wp-content\/uploads\/2020\/02\/logo-Rapuzel-768x428.jpg 768w, https:\/\/jornalfatosenoticias.com.br\/wp-content\/uploads\/2020\/02\/logo-Rapuzel-1536x856.jpg 1536w, https:\/\/jornalfatosenoticias.com.br\/wp-content\/uploads\/2020\/02\/logo-Rapuzel.jpg 1600w\" sizes=\"auto, (max-width: 327px) 100vw, 327px\" \/><\/figure><\/div>\n\n\n\n<p><strong><span class=\"has-inline-color has-vivid-purple-color\">N\u00e3o \u00e9 birra nem desobedi\u00eancia<br><\/span><\/strong>Entender em que consiste o Transtorno Opositor Desafiador, portanto, \u00e9 o primeiro passo para melhorar a rela\u00e7\u00e3o com os filhos. \u00c9 importante tamb\u00e9m para poder lidar com os coment\u00e1rios e palpites equivocados vindos de pessoas que desconhecem o assunto e muitas vezes creem se tratar de birra ou desobedi\u00eancia das crian\u00e7as. Diferentemente da S\u00edndrome de Down ou de uma defici\u00eancia f\u00edsica, por exemplo, que s\u00e3o visivelmente identific\u00e1veis e as pessoas t\u00eam mais facilidade em se solidarizar, transtornos ocultos como o TOD levam a muitos julgamentos, diz a especialista. <\/p>\n\n\n\n<div class=\"wp-block-image\"><figure class=\"aligncenter size-large is-resized\"><img loading=\"lazy\" decoding=\"async\" src=\"https:\/\/jornalfatosenoticias.com.br\/wp-content\/uploads\/2023\/03\/logo-Panper_portal.jpg\" alt=\"\" class=\"wp-image-40208\" width=\"347\" height=\"240\" srcset=\"https:\/\/jornalfatosenoticias.com.br\/wp-content\/uploads\/2023\/03\/logo-Panper_portal.jpg 400w, https:\/\/jornalfatosenoticias.com.br\/wp-content\/uploads\/2023\/03\/logo-Panper_portal-300x208.jpg 300w\" sizes=\"auto, (max-width: 347px) 100vw, 347px\" \/><\/figure><\/div>\n\n\n\n<p>Estudos mostram que crian\u00e7as e adolescentes com desenvolvimento neurodivergente possuem um c\u00e9rebro que funciona de outra forma, apresentando instabilidade nas \u00e1reas de autorregula\u00e7\u00e3o emocional ao realizar tarefas indesejadas, o que provoca desequil\u00edbrios e comportamentos agressivos e destrutivos.<br>Cientes do que \u00e9 o TOD, as fam\u00edlias podem ajustar expectativas e compreender que n\u00e3o se trata de \u201cconsertar\u201d o comportamento dos filhos nem de promover pr\u00e1ticas punitivas que n\u00e3o v\u00e3o funcionar. <\/p>\n\n\n\n<div class=\"wp-block-image\"><figure class=\"aligncenter size-large is-resized\"><img loading=\"lazy\" decoding=\"async\" src=\"https:\/\/jornalfatosenoticias.com.br\/wp-content\/uploads\/2022\/02\/Precisao-Contabilidade-1024x724.jpg\" alt=\"\" class=\"wp-image-28088\" width=\"313\" height=\"221\"\/><\/figure><\/div>\n\n\n\n<blockquote class=\"wp-block-quote is-layout-flow wp-block-quote-is-layout-flow\"><p><span class=\"has-inline-color has-luminous-vivid-orange-color\">Os pais precisam ser incentivados a assumir novas posturas, a serem mais persistentes e consistentes, deixando claros tamb\u00e9m os limites aos filhos de forma a criar um caminho seguro para que se desenvolvam\u201d. Assumir um papel solid\u00e1rio e de acolhimento, celebrando inclusive as pequenas conquistas que fazem, \u00e9 uma maneira de promover maior bem-estar na fam\u00edlia, destaca Rossi.<\/span><\/p><\/blockquote>\n\n\n\n<div class=\"wp-block-image\"><figure class=\"aligncenter size-large is-resized\"><img loading=\"lazy\" decoding=\"async\" src=\"https:\/\/jornalfatosenoticias.com.br\/wp-content\/uploads\/2024\/01\/consultoria-ambiental.jpg\" alt=\"\" class=\"wp-image-48314\" width=\"360\" height=\"325\" srcset=\"https:\/\/jornalfatosenoticias.com.br\/wp-content\/uploads\/2024\/01\/consultoria-ambiental.jpg 832w, https:\/\/jornalfatosenoticias.com.br\/wp-content\/uploads\/2024\/01\/consultoria-ambiental-300x272.jpg 300w, https:\/\/jornalfatosenoticias.com.br\/wp-content\/uploads\/2024\/01\/consultoria-ambiental-768x696.jpg 768w\" sizes=\"auto, (max-width: 360px) 100vw, 360px\" \/><\/figure><\/div>\n\n\n\n<p><strong><span class=\"has-inline-color has-vivid-purple-color\">Seu filho n\u00e3o est\u00e1 contra voc\u00ea<br><\/span><\/strong>Outro ponto que deve ser lembrado \u201cfeito um mantra\u201d \u00e9 o fato de que o filho n\u00e3o est\u00e1 contra os pais, e sim a favor dele mesmo, aponta a especialista. Por\u00e9m, ele n\u00e3o tem maturidade cognitiva e emocional para resolver conflitos e necessidades de forma assertiva como um adulto, e por isso vai errar, se desregular e ter comportamentos desafiadores exagerados.<\/p>\n\n\n\n<div class=\"wp-block-image\"><figure class=\"aligncenter size-large\"><img loading=\"lazy\" decoding=\"async\" width=\"300\" height=\"250\" src=\"https:\/\/jornalfatosenoticias.com.br\/wp-content\/uploads\/2020\/02\/Banner-2.png\" alt=\"\" class=\"wp-image-43787\"\/><\/figure><\/div>\n\n\n\n<blockquote class=\"wp-block-quote is-layout-flow wp-block-quote-is-layout-flow\"><p><span class=\"has-inline-color has-luminous-vivid-orange-color\">Essa realidade j\u00e1 foi minha e sei que de muitos outros pais de filhos neuroat\u00edpicos tamb\u00e9m. Em algum momento ser\u00e1 preciso recalcular a rota e tomar decis\u00f5es significativas para sair desse cen\u00e1rio ca\u00f3tico e doentio\u201d, diz. Lidar com os comportamentos desafiadores dos filhos \u00e9 dif\u00edcil, mas para eles sempre ser\u00e1 pior, complementa a educadora parental. \u201cPor esse motivo, se cuide! Cuide do seu emocional e se priorize em alguns momentos. Isso lhe trar\u00e1 conforto e recarregar\u00e1 suas energias para seguir firme\u201d.<\/span><\/p><\/blockquote>\n\n\n\n<div class=\"wp-block-image\"><figure class=\"aligncenter size-large is-resized\"><img loading=\"lazy\" decoding=\"async\" src=\"https:\/\/jornalfatosenoticias.com.br\/wp-content\/uploads\/2023\/09\/vetorvix1024_1.jpg\" alt=\"\" class=\"wp-image-44868\" width=\"554\" height=\"147\" srcset=\"https:\/\/jornalfatosenoticias.com.br\/wp-content\/uploads\/2023\/09\/vetorvix1024_1.jpg 1024w, https:\/\/jornalfatosenoticias.com.br\/wp-content\/uploads\/2023\/09\/vetorvix1024_1-300x80.jpg 300w, https:\/\/jornalfatosenoticias.com.br\/wp-content\/uploads\/2023\/09\/vetorvix1024_1-768x205.jpg 768w\" sizes=\"auto, (max-width: 554px) 100vw, 554px\" \/><\/figure><\/div>\n\n\n\n<p>E se os pais n\u00e3o sabem por onde come\u00e7ar essas mudan\u00e7as, ela sugere, al\u00e9m de investir um tempo no autocuidado, procurar um acompanhamento psicol\u00f3gico ou psiqui\u00e1trico, ou ainda de um educador parental, para trabalhar aspectos como a import\u00e2ncia de serem assertivos, mas n\u00e3o perfeitos. <\/p>\n\n\n\n<div class=\"wp-block-image\"><figure class=\"aligncenter size-large is-resized\"><img loading=\"lazy\" decoding=\"async\" src=\"https:\/\/jornalfatosenoticias.com.br\/wp-content\/uploads\/2023\/08\/BKR-1024x1021.jpg\" alt=\"\" class=\"wp-image-44494\" width=\"313\" height=\"312\" srcset=\"https:\/\/jornalfatosenoticias.com.br\/wp-content\/uploads\/2023\/08\/BKR-1024x1021.jpg 1024w, https:\/\/jornalfatosenoticias.com.br\/wp-content\/uploads\/2023\/08\/BKR-300x300.jpg 300w, https:\/\/jornalfatosenoticias.com.br\/wp-content\/uploads\/2023\/08\/BKR-150x150.jpg 150w, https:\/\/jornalfatosenoticias.com.br\/wp-content\/uploads\/2023\/08\/BKR-768x766.jpg 768w, https:\/\/jornalfatosenoticias.com.br\/wp-content\/uploads\/2023\/08\/BKR.jpg 1080w\" sizes=\"auto, (max-width: 313px) 100vw, 313px\" \/><\/figure><\/div>\n\n\n\n<blockquote class=\"wp-block-quote is-layout-flow wp-block-quote-is-layout-flow\"><p><span class=\"has-inline-color has-luminous-vivid-orange-color\">As crian\u00e7as com TOD s\u00e3o muito mais desafiadoras, alguns ajustes precisam ser feitos, mas nenhum pai \u00e9 incompetente, todos fazem seu melhor\u201d, conclui.<\/span><\/p><\/blockquote>\n\n\n\n<div class=\"wp-block-image\"><figure class=\"aligncenter size-large is-resized\"><img loading=\"lazy\" decoding=\"async\" src=\"https:\/\/jornalfatosenoticias.com.br\/wp-content\/uploads\/2023\/03\/nova-logo-Marquetti.jpg\" alt=\"\" class=\"wp-image-40207\" width=\"320\" height=\"215\" srcset=\"https:\/\/jornalfatosenoticias.com.br\/wp-content\/uploads\/2023\/03\/nova-logo-Marquetti.jpg 643w, https:\/\/jornalfatosenoticias.com.br\/wp-content\/uploads\/2023\/03\/nova-logo-Marquetti-300x202.jpg 300w\" sizes=\"auto, (max-width: 320px) 100vw, 320px\" \/><\/figure><\/div>\n\n\n\n<p><strong><span class=\"has-inline-color has-vivid-purple-color\">O que \u00e9 o TOD?<br><\/span><\/strong>A crian\u00e7a com o Transtorno Opositor Desafiador tem como caracter\u00edstica a oposi\u00e7\u00e3o e o desafio \u00e0s regras e figuras de autoridade, apresentando uma frustra\u00e7\u00e3o exagerada que gera preju\u00edzos e a coloca em sofrimento. O pensamento r\u00edgido, a dificuldade de intera\u00e7\u00e3o, de leitura do ambiente e de regula\u00e7\u00e3o emocional, e, ainda, o envolvimento em conflitos s\u00e3o frequentes em quem possui o transtorno. Estima-se que entre 1% e 11% da popula\u00e7\u00e3o mundial tem o TOD, que costuma surgir antes dos oito anos de idade, mas pode aparecer tamb\u00e9m em crian\u00e7as maiores ou adolescentes.<\/p>\n\n\n\n<div class=\"wp-block-image\"><figure class=\"aligncenter size-large is-resized\"><img loading=\"lazy\" decoding=\"async\" src=\"https:\/\/jornalfatosenoticias.com.br\/wp-content\/uploads\/2020\/02\/CONTROL-CS.jpg\" alt=\"\" class=\"wp-image-44991\" width=\"304\" height=\"365\" srcset=\"https:\/\/jornalfatosenoticias.com.br\/wp-content\/uploads\/2020\/02\/CONTROL-CS.jpg 834w, https:\/\/jornalfatosenoticias.com.br\/wp-content\/uploads\/2020\/02\/CONTROL-CS-250x300.jpg 250w, https:\/\/jornalfatosenoticias.com.br\/wp-content\/uploads\/2020\/02\/CONTROL-CS-768x921.jpg 768w\" sizes=\"auto, (max-width: 304px) 100vw, 304px\" \/><\/figure><\/div>\n\n\n\n<p><strong><span class=\"has-inline-color has-vivid-purple-color\">Qual especialista procurar para saber se meu filho tem TOD?<br><\/span><\/strong>Se voc\u00ea tem d\u00favida de que seu filho possa ter ou n\u00e3o o TOD pelos comportamentos que apresenta, pelas dificuldades de se relacionar, procure um especialista, que pode ser um psiquiatra, neuropediatra ou neuropsic\u00f3logo. Esse profissional dever\u00e1 iniciar uma investiga\u00e7\u00e3o que permita entender melhor a crian\u00e7a, se h\u00e1 preju\u00edzos e se existe de fato um dist\u00farbio.<\/p>\n\n\n\n<div class=\"wp-block-image\"><figure class=\"aligncenter size-large is-resized\"><img loading=\"lazy\" decoding=\"async\" src=\"https:\/\/jornalfatosenoticias.com.br\/wp-content\/uploads\/2023\/08\/ITH.jpeg\" alt=\"\" class=\"wp-image-44638\" width=\"299\" height=\"243\" srcset=\"https:\/\/jornalfatosenoticias.com.br\/wp-content\/uploads\/2023\/08\/ITH.jpeg 800w, https:\/\/jornalfatosenoticias.com.br\/wp-content\/uploads\/2023\/08\/ITH-300x244.jpeg 300w, https:\/\/jornalfatosenoticias.com.br\/wp-content\/uploads\/2023\/08\/ITH-768x624.jpeg 768w\" sizes=\"auto, (max-width: 299px) 100vw, 299px\" \/><\/figure><\/div>\n\n\n\n<p><strong><em>Fonte: <a href=\"https:\/\/cangurunews.com.br\/a-exaustao-dos-pais-que-tem-filhos-com-transtorno-opositor-desafiador-tod\/\">Canguru News<\/a><\/em><\/strong><\/p>\n","protected":false},"excerpt":{"rendered":"<p>Educadora parental diz que h\u00e1 um desafio maior em educar crian\u00e7as com TOD e lembra \u00e0s fam\u00edlias que &#8220;todas fazem o seu melhor&#8221; Por Ver\u00f4nica Fraidenraich \u201cEu n\u00e3o aguento mais\u201d. \u201cEstou no meu limite\u201d. \u201cVou explodir.\u201d Afirma\u00e7\u00f5es como essas s\u00e3o ditas com frequ\u00eancia por pais ou respons\u00e1veis por crian\u00e7as com Transtorno Opositor Desafiador (TOD), que [&hellip;]<\/p>\n","protected":false},"author":2,"featured_media":50022,"comment_status":"open","ping_status":"open","sticky":false,"template":"","format":"standard","meta":{"footnotes":""},"categories":[2522],"tags":[6795,1779,15597,16991,4438,23103,22616,23102],"class_list":["post-50021","post","type-post","status-publish","format-standard","has-post-thumbnail","hentry","category-comportamento","tag-birra","tag-comportamento-infantil","tag-educar-criancas","tag-exaustao","tag-pais","tag-pirraca","tag-tod","tag-transtorno-opositor-desafiador"],"yoast_head":"<!-- This site is optimized with the Yoast SEO plugin v26.5 - https:\/\/yoast.com\/wordpress\/plugins\/seo\/ -->\n<title>A exaust\u00e3o dos pais que t\u00eam filhos com Transtorno Opositor Desafiador - Jornal Fatos e Not\u00edcias<\/title>\n<meta name=\"robots\" content=\"index, follow, max-snippet:-1, max-image-preview:large, max-video-preview:-1\" \/>\n<link rel=\"canonical\" href=\"https:\/\/jornalfatosenoticias.com.br\/index.php\/2024\/03\/20\/a-exaustao-dos-pais-que-tem-filhos-com-transtorno-opositor-desafiador\/\" \/>\n<meta property=\"og:locale\" content=\"pt_BR\" \/>\n<meta property=\"og:type\" content=\"article\" \/>\n<meta property=\"og:title\" content=\"A exaust\u00e3o dos pais que t\u00eam filhos com Transtorno Opositor Desafiador - Jornal Fatos e Not\u00edcias\" \/>\n<meta property=\"og:description\" content=\"Educadora parental diz que h\u00e1 um desafio maior em educar crian\u00e7as com TOD e lembra \u00e0s fam\u00edlias que &#8220;todas fazem o seu melhor&#8221; Por Ver\u00f4nica Fraidenraich \u201cEu n\u00e3o aguento mais\u201d. \u201cEstou no meu limite\u201d. \u201cVou explodir.\u201d Afirma\u00e7\u00f5es como essas s\u00e3o ditas com frequ\u00eancia por pais ou respons\u00e1veis por crian\u00e7as com Transtorno Opositor Desafiador (TOD), que [&hellip;]\" \/>\n<meta property=\"og:url\" content=\"https:\/\/jornalfatosenoticias.com.br\/index.php\/2024\/03\/20\/a-exaustao-dos-pais-que-tem-filhos-com-transtorno-opositor-desafiador\/\" \/>\n<meta property=\"og:site_name\" content=\"Jornal Fatos e Not\u00edcias\" \/>\n<meta property=\"article:published_time\" content=\"2024-03-20T11:50:30+00:00\" \/>\n<meta property=\"article:modified_time\" content=\"2024-03-20T11:50:31+00:00\" \/>\n<meta property=\"og:image\" content=\"https:\/\/jornalfatosenoticias.com.br\/wp-content\/uploads\/2024\/03\/mae-e-filha-brigando-crianca-ordens-educar-istock.jpg\" \/>\n\t<meta property=\"og:image:width\" content=\"900\" \/>\n\t<meta property=\"og:image:height\" content=\"506\" \/>\n\t<meta property=\"og:image:type\" content=\"image\/jpeg\" \/>\n<meta name=\"author\" content=\"Luzimara Fernandes\" \/>\n<meta name=\"twitter:card\" content=\"summary_large_image\" \/>\n<meta name=\"twitter:label1\" content=\"Escrito por\" \/>\n\t<meta name=\"twitter:data1\" content=\"Luzimara Fernandes\" \/>\n\t<meta name=\"twitter:label2\" content=\"Est. tempo de leitura\" \/>\n\t<meta name=\"twitter:data2\" content=\"5 minutos\" \/>\n<script type=\"application\/ld+json\" class=\"yoast-schema-graph\">{\"@context\":\"https:\/\/schema.org\",\"@graph\":[{\"@type\":\"Article\",\"@id\":\"https:\/\/jornalfatosenoticias.com.br\/index.php\/2024\/03\/20\/a-exaustao-dos-pais-que-tem-filhos-com-transtorno-opositor-desafiador\/#article\",\"isPartOf\":{\"@id\":\"https:\/\/jornalfatosenoticias.com.br\/index.php\/2024\/03\/20\/a-exaustao-dos-pais-que-tem-filhos-com-transtorno-opositor-desafiador\/\"},\"author\":{\"name\":\"Luzimara Fernandes\",\"@id\":\"https:\/\/jornalfatosenoticias.com.br\/#\/schema\/person\/d63837fa13ac8666eb9e74e0985d6f81\"},\"headline\":\"A exaust\u00e3o dos pais que t\u00eam filhos com Transtorno Opositor Desafiador\",\"datePublished\":\"2024-03-20T11:50:30+00:00\",\"dateModified\":\"2024-03-20T11:50:31+00:00\",\"mainEntityOfPage\":{\"@id\":\"https:\/\/jornalfatosenoticias.com.br\/index.php\/2024\/03\/20\/a-exaustao-dos-pais-que-tem-filhos-com-transtorno-opositor-desafiador\/\"},\"wordCount\":1045,\"commentCount\":0,\"publisher\":{\"@id\":\"https:\/\/jornalfatosenoticias.com.br\/#organization\"},\"image\":{\"@id\":\"https:\/\/jornalfatosenoticias.com.br\/index.php\/2024\/03\/20\/a-exaustao-dos-pais-que-tem-filhos-com-transtorno-opositor-desafiador\/#primaryimage\"},\"thumbnailUrl\":\"https:\/\/jornalfatosenoticias.com.br\/wp-content\/uploads\/2024\/03\/mae-e-filha-brigando-crianca-ordens-educar-istock.jpg\",\"keywords\":[\"birra\",\"comportamento infantil\",\"educar crian\u00e7as\",\"exaust\u00e3o\",\"pais\",\"pirra\u00e7a\",\"TOD\",\"Transtorno Opositor Desafiador\"],\"articleSection\":[\"Comportamento &amp; Equil\u00edbrio\"],\"inLanguage\":\"pt-BR\",\"potentialAction\":[{\"@type\":\"CommentAction\",\"name\":\"Comment\",\"target\":[\"https:\/\/jornalfatosenoticias.com.br\/index.php\/2024\/03\/20\/a-exaustao-dos-pais-que-tem-filhos-com-transtorno-opositor-desafiador\/#respond\"]}]},{\"@type\":\"WebPage\",\"@id\":\"https:\/\/jornalfatosenoticias.com.br\/index.php\/2024\/03\/20\/a-exaustao-dos-pais-que-tem-filhos-com-transtorno-opositor-desafiador\/\",\"url\":\"https:\/\/jornalfatosenoticias.com.br\/index.php\/2024\/03\/20\/a-exaustao-dos-pais-que-tem-filhos-com-transtorno-opositor-desafiador\/\",\"name\":\"A exaust\u00e3o dos pais que t\u00eam filhos com Transtorno Opositor Desafiador - Jornal Fatos e Not\u00edcias\",\"isPartOf\":{\"@id\":\"https:\/\/jornalfatosenoticias.com.br\/#website\"},\"primaryImageOfPage\":{\"@id\":\"https:\/\/jornalfatosenoticias.com.br\/index.php\/2024\/03\/20\/a-exaustao-dos-pais-que-tem-filhos-com-transtorno-opositor-desafiador\/#primaryimage\"},\"image\":{\"@id\":\"https:\/\/jornalfatosenoticias.com.br\/index.php\/2024\/03\/20\/a-exaustao-dos-pais-que-tem-filhos-com-transtorno-opositor-desafiador\/#primaryimage\"},\"thumbnailUrl\":\"https:\/\/jornalfatosenoticias.com.br\/wp-content\/uploads\/2024\/03\/mae-e-filha-brigando-crianca-ordens-educar-istock.jpg\",\"datePublished\":\"2024-03-20T11:50:30+00:00\",\"dateModified\":\"2024-03-20T11:50:31+00:00\",\"breadcrumb\":{\"@id\":\"https:\/\/jornalfatosenoticias.com.br\/index.php\/2024\/03\/20\/a-exaustao-dos-pais-que-tem-filhos-com-transtorno-opositor-desafiador\/#breadcrumb\"},\"inLanguage\":\"pt-BR\",\"potentialAction\":[{\"@type\":\"ReadAction\",\"target\":[\"https:\/\/jornalfatosenoticias.com.br\/index.php\/2024\/03\/20\/a-exaustao-dos-pais-que-tem-filhos-com-transtorno-opositor-desafiador\/\"]}]},{\"@type\":\"ImageObject\",\"inLanguage\":\"pt-BR\",\"@id\":\"https:\/\/jornalfatosenoticias.com.br\/index.php\/2024\/03\/20\/a-exaustao-dos-pais-que-tem-filhos-com-transtorno-opositor-desafiador\/#primaryimage\",\"url\":\"https:\/\/jornalfatosenoticias.com.br\/wp-content\/uploads\/2024\/03\/mae-e-filha-brigando-crianca-ordens-educar-istock.jpg\",\"contentUrl\":\"https:\/\/jornalfatosenoticias.com.br\/wp-content\/uploads\/2024\/03\/mae-e-filha-brigando-crianca-ordens-educar-istock.jpg\",\"width\":900,\"height\":506},{\"@type\":\"BreadcrumbList\",\"@id\":\"https:\/\/jornalfatosenoticias.com.br\/index.php\/2024\/03\/20\/a-exaustao-dos-pais-que-tem-filhos-com-transtorno-opositor-desafiador\/#breadcrumb\",\"itemListElement\":[{\"@type\":\"ListItem\",\"position\":1,\"name\":\"In\u00edcio\",\"item\":\"https:\/\/jornalfatosenoticias.com.br\/\"},{\"@type\":\"ListItem\",\"position\":2,\"name\":\"A exaust\u00e3o dos pais que t\u00eam filhos com Transtorno Opositor Desafiador\"}]},{\"@type\":\"WebSite\",\"@id\":\"https:\/\/jornalfatosenoticias.com.br\/#website\",\"url\":\"https:\/\/jornalfatosenoticias.com.br\/\",\"name\":\"Jornal Fatos e Not\u00edcias\",\"description\":\"Not\u00edcias em geral\",\"publisher\":{\"@id\":\"https:\/\/jornalfatosenoticias.com.br\/#organization\"},\"potentialAction\":[{\"@type\":\"SearchAction\",\"target\":{\"@type\":\"EntryPoint\",\"urlTemplate\":\"https:\/\/jornalfatosenoticias.com.br\/?s={search_term_string}\"},\"query-input\":{\"@type\":\"PropertyValueSpecification\",\"valueRequired\":true,\"valueName\":\"search_term_string\"}}],\"inLanguage\":\"pt-BR\"},{\"@type\":\"Organization\",\"@id\":\"https:\/\/jornalfatosenoticias.com.br\/#organization\",\"name\":\"Jornal Fatos e Not\u00edcias\",\"url\":\"https:\/\/jornalfatosenoticias.com.br\/\",\"logo\":{\"@type\":\"ImageObject\",\"inLanguage\":\"pt-BR\",\"@id\":\"https:\/\/jornalfatosenoticias.com.br\/#\/schema\/logo\/image\/\",\"url\":\"https:\/\/jornalfatosenoticias.com.br\/wp-content\/uploads\/2020\/02\/logo120.png\",\"contentUrl\":\"https:\/\/jornalfatosenoticias.com.br\/wp-content\/uploads\/2020\/02\/logo120.png\",\"width\":1227,\"height\":120,\"caption\":\"Jornal Fatos e Not\u00edcias\"},\"image\":{\"@id\":\"https:\/\/jornalfatosenoticias.com.br\/#\/schema\/logo\/image\/\"}},{\"@type\":\"Person\",\"@id\":\"https:\/\/jornalfatosenoticias.com.br\/#\/schema\/person\/d63837fa13ac8666eb9e74e0985d6f81\",\"name\":\"Luzimara Fernandes\",\"image\":{\"@type\":\"ImageObject\",\"inLanguage\":\"pt-BR\",\"@id\":\"https:\/\/jornalfatosenoticias.com.br\/#\/schema\/person\/image\/\",\"url\":\"https:\/\/jornalfatosenoticias.com.br\/wp-content\/uploads\/2025\/05\/EU_portal.jpg\",\"contentUrl\":\"https:\/\/jornalfatosenoticias.com.br\/wp-content\/uploads\/2025\/05\/EU_portal.jpg\",\"caption\":\"Luzimara Fernandes\"},\"description\":\"Jornalista MTB 2358-ES\",\"sameAs\":[\"https:\/\/jornalfatosenoticias.com.br\"],\"url\":\"https:\/\/jornalfatosenoticias.com.br\/index.php\/author\/luzimara\/\"}]}<\/script>\n<!-- \/ Yoast SEO plugin. -->","yoast_head_json":{"title":"A exaust\u00e3o dos pais que t\u00eam filhos com Transtorno Opositor Desafiador - Jornal Fatos e Not\u00edcias","robots":{"index":"index","follow":"follow","max-snippet":"max-snippet:-1","max-image-preview":"max-image-preview:large","max-video-preview":"max-video-preview:-1"},"canonical":"https:\/\/jornalfatosenoticias.com.br\/index.php\/2024\/03\/20\/a-exaustao-dos-pais-que-tem-filhos-com-transtorno-opositor-desafiador\/","og_locale":"pt_BR","og_type":"article","og_title":"A exaust\u00e3o dos pais que t\u00eam filhos com Transtorno Opositor Desafiador - Jornal Fatos e Not\u00edcias","og_description":"Educadora parental diz que h\u00e1 um desafio maior em educar crian\u00e7as com TOD e lembra \u00e0s fam\u00edlias que &#8220;todas fazem o seu melhor&#8221; Por Ver\u00f4nica Fraidenraich \u201cEu n\u00e3o aguento mais\u201d. \u201cEstou no meu limite\u201d. \u201cVou explodir.\u201d Afirma\u00e7\u00f5es como essas s\u00e3o ditas com frequ\u00eancia por pais ou respons\u00e1veis por crian\u00e7as com Transtorno Opositor Desafiador (TOD), que [&hellip;]","og_url":"https:\/\/jornalfatosenoticias.com.br\/index.php\/2024\/03\/20\/a-exaustao-dos-pais-que-tem-filhos-com-transtorno-opositor-desafiador\/","og_site_name":"Jornal Fatos e Not\u00edcias","article_published_time":"2024-03-20T11:50:30+00:00","article_modified_time":"2024-03-20T11:50:31+00:00","og_image":[{"width":900,"height":506,"url":"https:\/\/jornalfatosenoticias.com.br\/wp-content\/uploads\/2024\/03\/mae-e-filha-brigando-crianca-ordens-educar-istock.jpg","type":"image\/jpeg"}],"author":"Luzimara Fernandes","twitter_card":"summary_large_image","twitter_misc":{"Escrito por":"Luzimara Fernandes","Est. tempo de leitura":"5 minutos"},"schema":{"@context":"https:\/\/schema.org","@graph":[{"@type":"Article","@id":"https:\/\/jornalfatosenoticias.com.br\/index.php\/2024\/03\/20\/a-exaustao-dos-pais-que-tem-filhos-com-transtorno-opositor-desafiador\/#article","isPartOf":{"@id":"https:\/\/jornalfatosenoticias.com.br\/index.php\/2024\/03\/20\/a-exaustao-dos-pais-que-tem-filhos-com-transtorno-opositor-desafiador\/"},"author":{"name":"Luzimara Fernandes","@id":"https:\/\/jornalfatosenoticias.com.br\/#\/schema\/person\/d63837fa13ac8666eb9e74e0985d6f81"},"headline":"A exaust\u00e3o dos pais que t\u00eam filhos com Transtorno Opositor Desafiador","datePublished":"2024-03-20T11:50:30+00:00","dateModified":"2024-03-20T11:50:31+00:00","mainEntityOfPage":{"@id":"https:\/\/jornalfatosenoticias.com.br\/index.php\/2024\/03\/20\/a-exaustao-dos-pais-que-tem-filhos-com-transtorno-opositor-desafiador\/"},"wordCount":1045,"commentCount":0,"publisher":{"@id":"https:\/\/jornalfatosenoticias.com.br\/#organization"},"image":{"@id":"https:\/\/jornalfatosenoticias.com.br\/index.php\/2024\/03\/20\/a-exaustao-dos-pais-que-tem-filhos-com-transtorno-opositor-desafiador\/#primaryimage"},"thumbnailUrl":"https:\/\/jornalfatosenoticias.com.br\/wp-content\/uploads\/2024\/03\/mae-e-filha-brigando-crianca-ordens-educar-istock.jpg","keywords":["birra","comportamento infantil","educar crian\u00e7as","exaust\u00e3o","pais","pirra\u00e7a","TOD","Transtorno Opositor Desafiador"],"articleSection":["Comportamento &amp; Equil\u00edbrio"],"inLanguage":"pt-BR","potentialAction":[{"@type":"CommentAction","name":"Comment","target":["https:\/\/jornalfatosenoticias.com.br\/index.php\/2024\/03\/20\/a-exaustao-dos-pais-que-tem-filhos-com-transtorno-opositor-desafiador\/#respond"]}]},{"@type":"WebPage","@id":"https:\/\/jornalfatosenoticias.com.br\/index.php\/2024\/03\/20\/a-exaustao-dos-pais-que-tem-filhos-com-transtorno-opositor-desafiador\/","url":"https:\/\/jornalfatosenoticias.com.br\/index.php\/2024\/03\/20\/a-exaustao-dos-pais-que-tem-filhos-com-transtorno-opositor-desafiador\/","name":"A exaust\u00e3o dos pais que t\u00eam filhos com Transtorno Opositor Desafiador - Jornal Fatos e Not\u00edcias","isPartOf":{"@id":"https:\/\/jornalfatosenoticias.com.br\/#website"},"primaryImageOfPage":{"@id":"https:\/\/jornalfatosenoticias.com.br\/index.php\/2024\/03\/20\/a-exaustao-dos-pais-que-tem-filhos-com-transtorno-opositor-desafiador\/#primaryimage"},"image":{"@id":"https:\/\/jornalfatosenoticias.com.br\/index.php\/2024\/03\/20\/a-exaustao-dos-pais-que-tem-filhos-com-transtorno-opositor-desafiador\/#primaryimage"},"thumbnailUrl":"https:\/\/jornalfatosenoticias.com.br\/wp-content\/uploads\/2024\/03\/mae-e-filha-brigando-crianca-ordens-educar-istock.jpg","datePublished":"2024-03-20T11:50:30+00:00","dateModified":"2024-03-20T11:50:31+00:00","breadcrumb":{"@id":"https:\/\/jornalfatosenoticias.com.br\/index.php\/2024\/03\/20\/a-exaustao-dos-pais-que-tem-filhos-com-transtorno-opositor-desafiador\/#breadcrumb"},"inLanguage":"pt-BR","potentialAction":[{"@type":"ReadAction","target":["https:\/\/jornalfatosenoticias.com.br\/index.php\/2024\/03\/20\/a-exaustao-dos-pais-que-tem-filhos-com-transtorno-opositor-desafiador\/"]}]},{"@type":"ImageObject","inLanguage":"pt-BR","@id":"https:\/\/jornalfatosenoticias.com.br\/index.php\/2024\/03\/20\/a-exaustao-dos-pais-que-tem-filhos-com-transtorno-opositor-desafiador\/#primaryimage","url":"https:\/\/jornalfatosenoticias.com.br\/wp-content\/uploads\/2024\/03\/mae-e-filha-brigando-crianca-ordens-educar-istock.jpg","contentUrl":"https:\/\/jornalfatosenoticias.com.br\/wp-content\/uploads\/2024\/03\/mae-e-filha-brigando-crianca-ordens-educar-istock.jpg","width":900,"height":506},{"@type":"BreadcrumbList","@id":"https:\/\/jornalfatosenoticias.com.br\/index.php\/2024\/03\/20\/a-exaustao-dos-pais-que-tem-filhos-com-transtorno-opositor-desafiador\/#breadcrumb","itemListElement":[{"@type":"ListItem","position":1,"name":"In\u00edcio","item":"https:\/\/jornalfatosenoticias.com.br\/"},{"@type":"ListItem","position":2,"name":"A exaust\u00e3o dos pais que t\u00eam filhos com Transtorno Opositor Desafiador"}]},{"@type":"WebSite","@id":"https:\/\/jornalfatosenoticias.com.br\/#website","url":"https:\/\/jornalfatosenoticias.com.br\/","name":"Jornal Fatos e Not\u00edcias","description":"Not\u00edcias em geral","publisher":{"@id":"https:\/\/jornalfatosenoticias.com.br\/#organization"},"potentialAction":[{"@type":"SearchAction","target":{"@type":"EntryPoint","urlTemplate":"https:\/\/jornalfatosenoticias.com.br\/?s={search_term_string}"},"query-input":{"@type":"PropertyValueSpecification","valueRequired":true,"valueName":"search_term_string"}}],"inLanguage":"pt-BR"},{"@type":"Organization","@id":"https:\/\/jornalfatosenoticias.com.br\/#organization","name":"Jornal Fatos e Not\u00edcias","url":"https:\/\/jornalfatosenoticias.com.br\/","logo":{"@type":"ImageObject","inLanguage":"pt-BR","@id":"https:\/\/jornalfatosenoticias.com.br\/#\/schema\/logo\/image\/","url":"https:\/\/jornalfatosenoticias.com.br\/wp-content\/uploads\/2020\/02\/logo120.png","contentUrl":"https:\/\/jornalfatosenoticias.com.br\/wp-content\/uploads\/2020\/02\/logo120.png","width":1227,"height":120,"caption":"Jornal Fatos e Not\u00edcias"},"image":{"@id":"https:\/\/jornalfatosenoticias.com.br\/#\/schema\/logo\/image\/"}},{"@type":"Person","@id":"https:\/\/jornalfatosenoticias.com.br\/#\/schema\/person\/d63837fa13ac8666eb9e74e0985d6f81","name":"Luzimara Fernandes","image":{"@type":"ImageObject","inLanguage":"pt-BR","@id":"https:\/\/jornalfatosenoticias.com.br\/#\/schema\/person\/image\/","url":"https:\/\/jornalfatosenoticias.com.br\/wp-content\/uploads\/2025\/05\/EU_portal.jpg","contentUrl":"https:\/\/jornalfatosenoticias.com.br\/wp-content\/uploads\/2025\/05\/EU_portal.jpg","caption":"Luzimara Fernandes"},"description":"Jornalista MTB 2358-ES","sameAs":["https:\/\/jornalfatosenoticias.com.br"],"url":"https:\/\/jornalfatosenoticias.com.br\/index.php\/author\/luzimara\/"}]}},"cc_featured_image_caption":{"caption_text":"(Foto: iStock) ","source_text":"","source_url":""},"jetpack_featured_media_url":"https:\/\/jornalfatosenoticias.com.br\/wp-content\/uploads\/2024\/03\/mae-e-filha-brigando-crianca-ordens-educar-istock.jpg","_links":{"self":[{"href":"https:\/\/jornalfatosenoticias.com.br\/index.php\/wp-json\/wp\/v2\/posts\/50021","targetHints":{"allow":["GET"]}}],"collection":[{"href":"https:\/\/jornalfatosenoticias.com.br\/index.php\/wp-json\/wp\/v2\/posts"}],"about":[{"href":"https:\/\/jornalfatosenoticias.com.br\/index.php\/wp-json\/wp\/v2\/types\/post"}],"author":[{"embeddable":true,"href":"https:\/\/jornalfatosenoticias.com.br\/index.php\/wp-json\/wp\/v2\/users\/2"}],"replies":[{"embeddable":true,"href":"https:\/\/jornalfatosenoticias.com.br\/index.php\/wp-json\/wp\/v2\/comments?post=50021"}],"version-history":[{"count":0,"href":"https:\/\/jornalfatosenoticias.com.br\/index.php\/wp-json\/wp\/v2\/posts\/50021\/revisions"}],"wp:featuredmedia":[{"embeddable":true,"href":"https:\/\/jornalfatosenoticias.com.br\/index.php\/wp-json\/wp\/v2\/media\/50022"}],"wp:attachment":[{"href":"https:\/\/jornalfatosenoticias.com.br\/index.php\/wp-json\/wp\/v2\/media?parent=50021"}],"wp:term":[{"taxonomy":"category","embeddable":true,"href":"https:\/\/jornalfatosenoticias.com.br\/index.php\/wp-json\/wp\/v2\/categories?post=50021"},{"taxonomy":"post_tag","embeddable":true,"href":"https:\/\/jornalfatosenoticias.com.br\/index.php\/wp-json\/wp\/v2\/tags?post=50021"}],"curies":[{"name":"wp","href":"https:\/\/api.w.org\/{rel}","templated":true}]}}