{"id":50028,"date":"2024-03-20T09:09:00","date_gmt":"2024-03-20T12:09:00","guid":{"rendered":"https:\/\/jornalfatosenoticias.com.br\/?p=50028"},"modified":"2024-03-20T09:09:01","modified_gmt":"2024-03-20T12:09:01","slug":"dia-internacional-do-contador-de-historias-ganha-programacao-especial-da-cultura","status":"publish","type":"post","link":"https:\/\/jornalfatosenoticias.com.br\/index.php\/2024\/03\/20\/dia-internacional-do-contador-de-historias-ganha-programacao-especial-da-cultura\/","title":{"rendered":"Dia Internacional do Contador de Hist\u00f3rias ganha programa\u00e7\u00e3o especial da Cultura"},"content":{"rendered":"\n<p><span class=\"has-inline-color has-black-color\">Por <strong>Pedro Vargas<\/strong><\/span><\/p>\n\n\n\n<div class=\"wp-block-image\"><figure class=\"aligncenter size-large\"><img loading=\"lazy\" decoding=\"async\" width=\"1024\" height=\"111\" src=\"https:\/\/jornalfatosenoticias.com.br\/wp-content\/uploads\/2020\/02\/WhatsApp-Image-2022-09-23-at-12.09.18-1024x111.jpeg\" alt=\"\" class=\"wp-image-34527\" srcset=\"https:\/\/jornalfatosenoticias.com.br\/wp-content\/uploads\/2020\/02\/WhatsApp-Image-2022-09-23-at-12.09.18-1024x111.jpeg 1024w, https:\/\/jornalfatosenoticias.com.br\/wp-content\/uploads\/2020\/02\/WhatsApp-Image-2022-09-23-at-12.09.18-300x32.jpeg 300w, https:\/\/jornalfatosenoticias.com.br\/wp-content\/uploads\/2020\/02\/WhatsApp-Image-2022-09-23-at-12.09.18-768x83.jpeg 768w, https:\/\/jornalfatosenoticias.com.br\/wp-content\/uploads\/2020\/02\/WhatsApp-Image-2022-09-23-at-12.09.18.jpeg 1121w\" sizes=\"auto, (max-width: 1024px) 100vw, 1024px\" \/><\/figure><\/div>\n\n\n\n<p>Estima-se que a pr\u00e1tica da conta\u00e7\u00e3o de hist\u00f3rias seja milenar, dos tempos medievais, dos reis e rainhas, ou at\u00e9 mesmo anterior, se pensarmos que antes da inven\u00e7\u00e3o da escrita, as tradi\u00e7\u00f5es, conhecimentos, culturas e hist\u00f3rias eram passadas oralmente de gera\u00e7\u00e3o para gera\u00e7\u00e3o. Fato \u00e9 que no dia <strong><span class=\"has-inline-color has-black-color\">20 de mar\u00e7o<\/span><\/strong> \u00e9 comemorado o Dia Internacional do Contador de Hist\u00f3rias. Para celebrar a data, o projeto &#8220;Viagem Pela Literatura&#8221;, da Biblioteca Municipal Adelpho Poli Monjardim, est\u00e1 com uma programa\u00e7\u00e3o especial que come\u00e7a na pr\u00f3xima ter\u00e7a (19) e vai at\u00e9 a sexta-feira (22): \u00e9 o &#8220;Circuito de Conta\u00e7\u00e3o de Hist\u00f3rias&#8221;.<br>Ao todo, 17 contadoras de hist\u00f3rias, escritoras e artistas participar\u00e3o da atividade que tem por objetivo incentivar a pr\u00e1tica da leitura de forma l\u00fadica e divulgar e valorizar tanto o of\u00edcio como a arte da conta\u00e7\u00e3o.<\/p>\n\n\n\n<blockquote class=\"wp-block-quote is-layout-flow wp-block-quote-is-layout-flow\"><p><span class=\"has-inline-color has-luminous-vivid-orange-color\">Esta atividade \u00e9 uma forma de destacar e reconhecer a figura do contador de hist\u00f3rias, que com seu trabalho desperta emo\u00e7\u00e3o, encanto, socializa\u00e7\u00e3o e imagina\u00e7\u00e3o, incentivando \u00e0 leitura&#8221;, destaca a bibliotec\u00e1ria e coordenadora do Projeto Viagem pela Literatura, Elizete Caser.<\/span><\/p><\/blockquote>\n\n\n\n<div class=\"wp-block-image\"><figure class=\"aligncenter size-large is-resized\"><img loading=\"lazy\" decoding=\"async\" src=\"https:\/\/jornalfatosenoticias.com.br\/wp-content\/uploads\/2020\/02\/logo-Rapuzel-1024x571.jpg\" alt=\"\" class=\"wp-image-42808\" width=\"347\" height=\"193\" srcset=\"https:\/\/jornalfatosenoticias.com.br\/wp-content\/uploads\/2020\/02\/logo-Rapuzel-1024x571.jpg 1024w, https:\/\/jornalfatosenoticias.com.br\/wp-content\/uploads\/2020\/02\/logo-Rapuzel-300x167.jpg 300w, https:\/\/jornalfatosenoticias.com.br\/wp-content\/uploads\/2020\/02\/logo-Rapuzel-768x428.jpg 768w, https:\/\/jornalfatosenoticias.com.br\/wp-content\/uploads\/2020\/02\/logo-Rapuzel-1536x856.jpg 1536w, https:\/\/jornalfatosenoticias.com.br\/wp-content\/uploads\/2020\/02\/logo-Rapuzel.jpg 1600w\" sizes=\"auto, (max-width: 347px) 100vw, 347px\" \/><\/figure><\/div>\n\n\n\n<p>As atividades do Circuito, que s\u00e3o uma parceria da Secretaria Municipal de Cultura (Semc) com Educa\u00e7\u00e3o (Seme), acontecem em escolas municipais, no Parque Pianista Manolo Cabral, em Barro Vermelho, na Biblioteca da Escola T\u00e9cnica Municipal de Teatro, Dan\u00e7a e M\u00fasica (Fafi), no Centro Hist\u00f3rico da capital, no canal do <a href=\"https:\/\/www.youtube.com\/@ViagempelaLiteratura\">YouTube<\/a> do projeto &#8220;Viagem Pela Literatura&#8221; e tamb\u00e9m, \u00e9 claro, na sede da Biblioteca Municipal, no Casar\u00e3o Cerqueira Lima, tamb\u00e9m no Centro Hist\u00f3rico.<\/p>\n\n\n\n<div class=\"wp-block-image\"><figure class=\"aligncenter size-large\"><img loading=\"lazy\" decoding=\"async\" width=\"300\" height=\"250\" src=\"https:\/\/jornalfatosenoticias.com.br\/wp-content\/uploads\/2020\/02\/Banner-2.png\" alt=\"\" class=\"wp-image-43787\"\/><\/figure><\/div>\n\n\n\n<p><strong><span class=\"has-inline-color has-black-color\"><span style=\"text-decoration: underline;\">Programa\u00e7\u00e3o<\/span><\/span><\/strong><br>Abrindo a programa\u00e7\u00e3o, na ter\u00e7a-feira (19), \u00e0s 19 horas, ser\u00e1 realizada uma roda de conversa on-line, por meio canal do YouTube do projeto &#8220;Viagem Pela Literatura&#8221;, com o tema &#8220;Hist\u00f3rias de quem conta hist\u00f3rias&#8221;, com as escritoras e contadoras Lilian Menenguci, Eliane Correia, Eliana Zandonade, Marcela Mendon\u00e7a e Meri N\u00e1dia.<\/p>\n\n\n\n<div class=\"wp-block-image\"><figure class=\"aligncenter size-large\"><img loading=\"lazy\" decoding=\"async\" width=\"700\" height=\"700\" src=\"https:\/\/jornalfatosenoticias.com.br\/wp-content\/uploads\/2024\/03\/CONTACAO-DE-HISTORIA.jpg\" alt=\"\" class=\"wp-image-50029\" srcset=\"https:\/\/jornalfatosenoticias.com.br\/wp-content\/uploads\/2024\/03\/CONTACAO-DE-HISTORIA.jpg 700w, https:\/\/jornalfatosenoticias.com.br\/wp-content\/uploads\/2024\/03\/CONTACAO-DE-HISTORIA-300x300.jpg 300w, https:\/\/jornalfatosenoticias.com.br\/wp-content\/uploads\/2024\/03\/CONTACAO-DE-HISTORIA-150x150.jpg 150w\" sizes=\"auto, (max-width: 700px) 100vw, 700px\" \/><figcaption><em><span class=\"has-inline-color has-black-color\">(Foto: Divulga\u00e7\u00e3o\/PMV)<\/span><\/em><\/figcaption><\/figure><\/div>\n\n\n\n<p><strong><span class=\"has-inline-color has-black-color\"><span style=\"text-decoration: underline;\">Quarta-feira (20)<br><\/span><\/span><\/strong>Na quarta-feira (20), Alzira Bossois e Eliana Zandonade, do Grupo Ch\u00e3o de Letras, se apresentam na Biblioteca \u00e0s 9 e \u00e0s 14 horas respectivamente. Tamb\u00e9m neste dia, sete escolas receber\u00e3o contadoras nos pr\u00f3prios centros de ensino:<br><strong>\u279c Marta Samor<\/strong> \u2014 7h30 \u2014 Emef Adelvani Sysesmundo Ferreira de Azevedo (Jardim Camburi);<br><strong>\u279c Elisandra Marques Soares Cuzzuol<\/strong> \u2014 08h30 \u2014 Cmei Ocarlina Nunes Andrade (S\u00e3o Crist\u00f3v\u00e3o);<br><strong>\u279c Advanir Rosa<\/strong> \u2014 10h \u2014 Emef Alvimar Silva (Santo Ant\u00f4nio);<br><strong>\u279c Fabiana Fernandes Fran\u00e7a<\/strong> \u2014 10h20 \u2014 Emef Jo\u00e3o Bandeira (Consola\u00e7\u00e3o);<br><strong>\u279c Marcela Mendon\u00e7a<\/strong> \u2014 10h e 14h \u2014 Emef Arist\u00f3bulo Barbosa Le\u00e3o (Bento Ferreira);<br><strong>\u279c Tiana Magalh\u00e3es<\/strong> \u2014 14h \u2014 Emef S\u00e3o Vicente de Paulo (Centro);<br><strong>\u279c Penha Stocco <\/strong>\u2014 14h e 16h \u2014 Emef Mauro Braga (Santa Teresa);<br><strong>\u279c Gislane Azevedo<\/strong> \u2014 14h40 \u2014 Cmei Ocarlina Nunes Andrade (S\u00e3o Crist\u00f3v\u00e3o).<\/p>\n\n\n\n<div class=\"wp-block-image\"><figure class=\"aligncenter size-large\"><img decoding=\"async\" src=\"https:\/\/jornalfatosenoticias.com.br\/wp-content\/uploads\/2020\/02\/logo_esteio.jpg\" alt=\"\" class=\"wp-image-1214\"\/><\/figure><\/div>\n\n\n\n<p><strong><span class=\"has-inline-color has-black-color\"><span style=\"text-decoration: underline;\">Quinta-feira (21)<br><\/span><\/span><\/strong>\u00c0s 14 horas, na sede da Biblioteca, no Centro Hist\u00f3rico de Vit\u00f3ria, Kika Amorim e Elizete Caser, do Grupo Ch\u00e3o de Letras realizam conta\u00e7\u00f5es de hist\u00f3rias voltadas para o p\u00fablico idoso. A seguir, Eliania Pereira da Silva orienta uma oficina de Origami.<br>\u00c0s 14h30, tamb\u00e9m no Centro Hist\u00f3rico, na Biblioteca da Escola T\u00e9cnica Municipal de Teatro, Dan\u00e7a e M\u00fasica (Fafi), Luciana Mer\u00e7on, do Grupo Ch\u00e3o de Letras mergulha no universo das hist\u00f3rias por meio da conta\u00e7\u00e3o.<\/p>\n\n\n\n<div class=\"wp-block-image\"><figure class=\"aligncenter size-large\"><img decoding=\"async\" src=\"https:\/\/jornalfatosenoticias.com.br\/wp-content\/uploads\/2020\/02\/barao-das-carnes-300x164-1.jpg\" alt=\"\" class=\"wp-image-34339\"\/><\/figure><\/div>\n\n\n\n<p><strong><span class=\"has-inline-color has-black-color\"><span style=\"text-decoration: underline;\">Sexta-feira (22)<br><\/span><\/span><\/strong>O \u00faltimo dia de programa\u00e7\u00e3o tem atividade pela manh\u00e3, \u00e0s 9h30, no Parque Pianista Manolo Cabral, onde Eliana Zandonade, do Grupo Ch\u00e3o de Letras, realiza uma conta\u00e7\u00e3o de hist\u00f3ria para o p\u00fablico de todas as idades.<\/p>\n\n\n\n<div class=\"wp-block-image\"><figure class=\"aligncenter size-large is-resized\"><img loading=\"lazy\" decoding=\"async\" src=\"https:\/\/jornalfatosenoticias.com.br\/wp-content\/uploads\/2024\/01\/consultoria-ambiental.jpg\" alt=\"\" class=\"wp-image-48314\" width=\"303\" height=\"274\" srcset=\"https:\/\/jornalfatosenoticias.com.br\/wp-content\/uploads\/2024\/01\/consultoria-ambiental.jpg 832w, https:\/\/jornalfatosenoticias.com.br\/wp-content\/uploads\/2024\/01\/consultoria-ambiental-300x272.jpg 300w, https:\/\/jornalfatosenoticias.com.br\/wp-content\/uploads\/2024\/01\/consultoria-ambiental-768x696.jpg 768w\" sizes=\"auto, (max-width: 303px) 100vw, 303px\" \/><\/figure><\/div>\n\n\n\n<p><strong><span class=\"has-inline-color has-black-color\"><span style=\"text-decoration: underline;\">Confira os endere\u00e7os<br><\/span><\/span><\/strong><em>\u279c Biblioteca Municipal Adelpho Poli Monjardim<\/em> \u2014 Casar\u00e3o Cerqueira Lima \u2014 Rua Muniz Freire, 23, Cidade Alta, Centro Hist\u00f3rico.<br><em>\u279c Escola T\u00e9cnica Municipal de Teatro, Dan\u00e7a e M\u00fasica (Fafi)<\/em> \u2014 Av. Jer\u00f4nimo Monteiro, 656 \u2014 Centro Hist\u00f3rico.<br><em>\u279c Parque Municipal Pianista Manolo Cabral <\/em>\u2014 acesso pela Rua Chapot Presvot, Praia do Canto ou Ruas Guilherme Serrano e Nicoleti Madeira, no bairro Barro Vermelho.<\/p>\n\n\n\n<div class=\"wp-block-image\"><figure class=\"aligncenter size-large is-resized\"><img loading=\"lazy\" decoding=\"async\" src=\"https:\/\/jornalfatosenoticias.com.br\/wp-content\/uploads\/2023\/12\/pegoretti-logo-pdf-1024x389.jpg\" alt=\"\" class=\"wp-image-47536\" width=\"514\" height=\"195\" srcset=\"https:\/\/jornalfatosenoticias.com.br\/wp-content\/uploads\/2023\/12\/pegoretti-logo-pdf-1024x389.jpg 1024w, https:\/\/jornalfatosenoticias.com.br\/wp-content\/uploads\/2023\/12\/pegoretti-logo-pdf-300x114.jpg 300w, https:\/\/jornalfatosenoticias.com.br\/wp-content\/uploads\/2023\/12\/pegoretti-logo-pdf-768x291.jpg 768w, https:\/\/jornalfatosenoticias.com.br\/wp-content\/uploads\/2023\/12\/pegoretti-logo-pdf.jpg 1120w\" sizes=\"auto, (max-width: 514px) 100vw, 514px\" \/><\/figure><\/div>\n\n\n\n<p><strong><em>Fonte: <a href=\"https:\/\/www.vitoria.es.gov.br\/noticia\/dia-internacional-do-contador-de-historias-ganha-programacao-especial-da-cultura-50202\">PMV<\/a><\/em><\/strong><\/p>\n","protected":false},"excerpt":{"rendered":"<p>Por Pedro Vargas Estima-se que a pr\u00e1tica da conta\u00e7\u00e3o de hist\u00f3rias seja milenar, dos tempos medievais, dos reis e rainhas, ou at\u00e9 mesmo anterior, se pensarmos que antes da inven\u00e7\u00e3o da escrita, as tradi\u00e7\u00f5es, conhecimentos, culturas e hist\u00f3rias eram passadas oralmente de gera\u00e7\u00e3o para gera\u00e7\u00e3o. Fato \u00e9 que no dia 20 de mar\u00e7o \u00e9 comemorado [&hellip;]<\/p>\n","protected":false},"author":2,"featured_media":50030,"comment_status":"open","ping_status":"open","sticky":false,"template":"","format":"standard","meta":{"footnotes":""},"categories":[4],"tags":[4013,23106,13746,4243,23105],"class_list":["post-50028","post","type-post","status-publish","format-standard","has-post-thumbnail","hentry","category-cultura","tag-biblioteca-municipal-adelpho-poli-monjardim","tag-circuito-de-contacao-de-historias","tag-dia-internacional-do-contador-de-historias","tag-fafi","tag-projeto-viagem-pela-literatura-2"],"yoast_head":"<!-- This site is optimized with the Yoast SEO plugin v26.5 - https:\/\/yoast.com\/wordpress\/plugins\/seo\/ -->\n<title>Dia Internacional do Contador de Hist\u00f3rias ganha programa\u00e7\u00e3o especial da Cultura - Jornal Fatos e Not\u00edcias<\/title>\n<meta name=\"robots\" content=\"index, follow, max-snippet:-1, max-image-preview:large, max-video-preview:-1\" \/>\n<link rel=\"canonical\" href=\"https:\/\/jornalfatosenoticias.com.br\/index.php\/2024\/03\/20\/dia-internacional-do-contador-de-historias-ganha-programacao-especial-da-cultura\/\" \/>\n<meta property=\"og:locale\" content=\"pt_BR\" \/>\n<meta property=\"og:type\" content=\"article\" \/>\n<meta property=\"og:title\" content=\"Dia Internacional do Contador de Hist\u00f3rias ganha programa\u00e7\u00e3o especial da Cultura - Jornal Fatos e Not\u00edcias\" \/>\n<meta property=\"og:description\" content=\"Por Pedro Vargas Estima-se que a pr\u00e1tica da conta\u00e7\u00e3o de hist\u00f3rias seja milenar, dos tempos medievais, dos reis e rainhas, ou at\u00e9 mesmo anterior, se pensarmos que antes da inven\u00e7\u00e3o da escrita, as tradi\u00e7\u00f5es, conhecimentos, culturas e hist\u00f3rias eram passadas oralmente de gera\u00e7\u00e3o para gera\u00e7\u00e3o. Fato \u00e9 que no dia 20 de mar\u00e7o \u00e9 comemorado [&hellip;]\" \/>\n<meta property=\"og:url\" content=\"https:\/\/jornalfatosenoticias.com.br\/index.php\/2024\/03\/20\/dia-internacional-do-contador-de-historias-ganha-programacao-especial-da-cultura\/\" \/>\n<meta property=\"og:site_name\" content=\"Jornal Fatos e Not\u00edcias\" \/>\n<meta property=\"article:published_time\" content=\"2024-03-20T12:09:00+00:00\" \/>\n<meta property=\"article:modified_time\" content=\"2024-03-20T12:09:01+00:00\" \/>\n<meta property=\"og:image\" content=\"https:\/\/jornalfatosenoticias.com.br\/wp-content\/uploads\/2024\/03\/contacao-de-historia_gettyimages.jpg\" \/>\n\t<meta property=\"og:image:width\" content=\"612\" \/>\n\t<meta property=\"og:image:height\" content=\"408\" \/>\n\t<meta property=\"og:image:type\" content=\"image\/jpeg\" \/>\n<meta name=\"author\" content=\"Luzimara Fernandes\" \/>\n<meta name=\"twitter:card\" content=\"summary_large_image\" \/>\n<meta name=\"twitter:label1\" content=\"Escrito por\" \/>\n\t<meta name=\"twitter:data1\" content=\"Luzimara Fernandes\" \/>\n\t<meta name=\"twitter:label2\" content=\"Est. tempo de leitura\" \/>\n\t<meta name=\"twitter:data2\" content=\"3 minutos\" \/>\n<script type=\"application\/ld+json\" class=\"yoast-schema-graph\">{\"@context\":\"https:\/\/schema.org\",\"@graph\":[{\"@type\":\"Article\",\"@id\":\"https:\/\/jornalfatosenoticias.com.br\/index.php\/2024\/03\/20\/dia-internacional-do-contador-de-historias-ganha-programacao-especial-da-cultura\/#article\",\"isPartOf\":{\"@id\":\"https:\/\/jornalfatosenoticias.com.br\/index.php\/2024\/03\/20\/dia-internacional-do-contador-de-historias-ganha-programacao-especial-da-cultura\/\"},\"author\":{\"name\":\"Luzimara Fernandes\",\"@id\":\"https:\/\/jornalfatosenoticias.com.br\/#\/schema\/person\/d63837fa13ac8666eb9e74e0985d6f81\"},\"headline\":\"Dia Internacional do Contador de Hist\u00f3rias ganha programa\u00e7\u00e3o especial da Cultura\",\"datePublished\":\"2024-03-20T12:09:00+00:00\",\"dateModified\":\"2024-03-20T12:09:01+00:00\",\"mainEntityOfPage\":{\"@id\":\"https:\/\/jornalfatosenoticias.com.br\/index.php\/2024\/03\/20\/dia-internacional-do-contador-de-historias-ganha-programacao-especial-da-cultura\/\"},\"wordCount\":678,\"commentCount\":0,\"publisher\":{\"@id\":\"https:\/\/jornalfatosenoticias.com.br\/#organization\"},\"image\":{\"@id\":\"https:\/\/jornalfatosenoticias.com.br\/index.php\/2024\/03\/20\/dia-internacional-do-contador-de-historias-ganha-programacao-especial-da-cultura\/#primaryimage\"},\"thumbnailUrl\":\"https:\/\/jornalfatosenoticias.com.br\/wp-content\/uploads\/2024\/03\/contacao-de-historia_gettyimages.jpg\",\"keywords\":[\"Biblioteca Municipal Adelpho Poli Monjardim\",\"Circuito de Conta\u00e7\u00e3o de Hist\u00f3rias\",\"Dia Internacional do Contador de Hist\u00f3rias\",\"Fafi\",\"projeto &quot;Viagem Pela Literatura&quot;\"],\"articleSection\":[\"Cultura\"],\"inLanguage\":\"pt-BR\",\"potentialAction\":[{\"@type\":\"CommentAction\",\"name\":\"Comment\",\"target\":[\"https:\/\/jornalfatosenoticias.com.br\/index.php\/2024\/03\/20\/dia-internacional-do-contador-de-historias-ganha-programacao-especial-da-cultura\/#respond\"]}]},{\"@type\":\"WebPage\",\"@id\":\"https:\/\/jornalfatosenoticias.com.br\/index.php\/2024\/03\/20\/dia-internacional-do-contador-de-historias-ganha-programacao-especial-da-cultura\/\",\"url\":\"https:\/\/jornalfatosenoticias.com.br\/index.php\/2024\/03\/20\/dia-internacional-do-contador-de-historias-ganha-programacao-especial-da-cultura\/\",\"name\":\"Dia Internacional do Contador de Hist\u00f3rias ganha programa\u00e7\u00e3o especial da Cultura - Jornal Fatos e Not\u00edcias\",\"isPartOf\":{\"@id\":\"https:\/\/jornalfatosenoticias.com.br\/#website\"},\"primaryImageOfPage\":{\"@id\":\"https:\/\/jornalfatosenoticias.com.br\/index.php\/2024\/03\/20\/dia-internacional-do-contador-de-historias-ganha-programacao-especial-da-cultura\/#primaryimage\"},\"image\":{\"@id\":\"https:\/\/jornalfatosenoticias.com.br\/index.php\/2024\/03\/20\/dia-internacional-do-contador-de-historias-ganha-programacao-especial-da-cultura\/#primaryimage\"},\"thumbnailUrl\":\"https:\/\/jornalfatosenoticias.com.br\/wp-content\/uploads\/2024\/03\/contacao-de-historia_gettyimages.jpg\",\"datePublished\":\"2024-03-20T12:09:00+00:00\",\"dateModified\":\"2024-03-20T12:09:01+00:00\",\"breadcrumb\":{\"@id\":\"https:\/\/jornalfatosenoticias.com.br\/index.php\/2024\/03\/20\/dia-internacional-do-contador-de-historias-ganha-programacao-especial-da-cultura\/#breadcrumb\"},\"inLanguage\":\"pt-BR\",\"potentialAction\":[{\"@type\":\"ReadAction\",\"target\":[\"https:\/\/jornalfatosenoticias.com.br\/index.php\/2024\/03\/20\/dia-internacional-do-contador-de-historias-ganha-programacao-especial-da-cultura\/\"]}]},{\"@type\":\"ImageObject\",\"inLanguage\":\"pt-BR\",\"@id\":\"https:\/\/jornalfatosenoticias.com.br\/index.php\/2024\/03\/20\/dia-internacional-do-contador-de-historias-ganha-programacao-especial-da-cultura\/#primaryimage\",\"url\":\"https:\/\/jornalfatosenoticias.com.br\/wp-content\/uploads\/2024\/03\/contacao-de-historia_gettyimages.jpg\",\"contentUrl\":\"https:\/\/jornalfatosenoticias.com.br\/wp-content\/uploads\/2024\/03\/contacao-de-historia_gettyimages.jpg\",\"width\":612,\"height\":408,\"caption\":\"Group of children sitting at preschool and listening to their teacher who is reading them a book.\"},{\"@type\":\"BreadcrumbList\",\"@id\":\"https:\/\/jornalfatosenoticias.com.br\/index.php\/2024\/03\/20\/dia-internacional-do-contador-de-historias-ganha-programacao-especial-da-cultura\/#breadcrumb\",\"itemListElement\":[{\"@type\":\"ListItem\",\"position\":1,\"name\":\"In\u00edcio\",\"item\":\"https:\/\/jornalfatosenoticias.com.br\/\"},{\"@type\":\"ListItem\",\"position\":2,\"name\":\"Dia Internacional do Contador de Hist\u00f3rias ganha programa\u00e7\u00e3o especial da Cultura\"}]},{\"@type\":\"WebSite\",\"@id\":\"https:\/\/jornalfatosenoticias.com.br\/#website\",\"url\":\"https:\/\/jornalfatosenoticias.com.br\/\",\"name\":\"Jornal Fatos e Not\u00edcias\",\"description\":\"Not\u00edcias em geral\",\"publisher\":{\"@id\":\"https:\/\/jornalfatosenoticias.com.br\/#organization\"},\"potentialAction\":[{\"@type\":\"SearchAction\",\"target\":{\"@type\":\"EntryPoint\",\"urlTemplate\":\"https:\/\/jornalfatosenoticias.com.br\/?s={search_term_string}\"},\"query-input\":{\"@type\":\"PropertyValueSpecification\",\"valueRequired\":true,\"valueName\":\"search_term_string\"}}],\"inLanguage\":\"pt-BR\"},{\"@type\":\"Organization\",\"@id\":\"https:\/\/jornalfatosenoticias.com.br\/#organization\",\"name\":\"Jornal Fatos e Not\u00edcias\",\"url\":\"https:\/\/jornalfatosenoticias.com.br\/\",\"logo\":{\"@type\":\"ImageObject\",\"inLanguage\":\"pt-BR\",\"@id\":\"https:\/\/jornalfatosenoticias.com.br\/#\/schema\/logo\/image\/\",\"url\":\"https:\/\/jornalfatosenoticias.com.br\/wp-content\/uploads\/2020\/02\/logo120.png\",\"contentUrl\":\"https:\/\/jornalfatosenoticias.com.br\/wp-content\/uploads\/2020\/02\/logo120.png\",\"width\":1227,\"height\":120,\"caption\":\"Jornal Fatos e Not\u00edcias\"},\"image\":{\"@id\":\"https:\/\/jornalfatosenoticias.com.br\/#\/schema\/logo\/image\/\"}},{\"@type\":\"Person\",\"@id\":\"https:\/\/jornalfatosenoticias.com.br\/#\/schema\/person\/d63837fa13ac8666eb9e74e0985d6f81\",\"name\":\"Luzimara Fernandes\",\"image\":{\"@type\":\"ImageObject\",\"inLanguage\":\"pt-BR\",\"@id\":\"https:\/\/jornalfatosenoticias.com.br\/#\/schema\/person\/image\/\",\"url\":\"https:\/\/jornalfatosenoticias.com.br\/wp-content\/uploads\/2025\/05\/EU_portal.jpg\",\"contentUrl\":\"https:\/\/jornalfatosenoticias.com.br\/wp-content\/uploads\/2025\/05\/EU_portal.jpg\",\"caption\":\"Luzimara Fernandes\"},\"description\":\"Jornalista MTB 2358-ES\",\"sameAs\":[\"https:\/\/jornalfatosenoticias.com.br\"],\"url\":\"https:\/\/jornalfatosenoticias.com.br\/index.php\/author\/luzimara\/\"}]}<\/script>\n<!-- \/ Yoast SEO plugin. -->","yoast_head_json":{"title":"Dia Internacional do Contador de Hist\u00f3rias ganha programa\u00e7\u00e3o especial da Cultura - Jornal Fatos e Not\u00edcias","robots":{"index":"index","follow":"follow","max-snippet":"max-snippet:-1","max-image-preview":"max-image-preview:large","max-video-preview":"max-video-preview:-1"},"canonical":"https:\/\/jornalfatosenoticias.com.br\/index.php\/2024\/03\/20\/dia-internacional-do-contador-de-historias-ganha-programacao-especial-da-cultura\/","og_locale":"pt_BR","og_type":"article","og_title":"Dia Internacional do Contador de Hist\u00f3rias ganha programa\u00e7\u00e3o especial da Cultura - Jornal Fatos e Not\u00edcias","og_description":"Por Pedro Vargas Estima-se que a pr\u00e1tica da conta\u00e7\u00e3o de hist\u00f3rias seja milenar, dos tempos medievais, dos reis e rainhas, ou at\u00e9 mesmo anterior, se pensarmos que antes da inven\u00e7\u00e3o da escrita, as tradi\u00e7\u00f5es, conhecimentos, culturas e hist\u00f3rias eram passadas oralmente de gera\u00e7\u00e3o para gera\u00e7\u00e3o. Fato \u00e9 que no dia 20 de mar\u00e7o \u00e9 comemorado [&hellip;]","og_url":"https:\/\/jornalfatosenoticias.com.br\/index.php\/2024\/03\/20\/dia-internacional-do-contador-de-historias-ganha-programacao-especial-da-cultura\/","og_site_name":"Jornal Fatos e Not\u00edcias","article_published_time":"2024-03-20T12:09:00+00:00","article_modified_time":"2024-03-20T12:09:01+00:00","og_image":[{"width":612,"height":408,"url":"https:\/\/jornalfatosenoticias.com.br\/wp-content\/uploads\/2024\/03\/contacao-de-historia_gettyimages.jpg","type":"image\/jpeg"}],"author":"Luzimara Fernandes","twitter_card":"summary_large_image","twitter_misc":{"Escrito por":"Luzimara Fernandes","Est. tempo de leitura":"3 minutos"},"schema":{"@context":"https:\/\/schema.org","@graph":[{"@type":"Article","@id":"https:\/\/jornalfatosenoticias.com.br\/index.php\/2024\/03\/20\/dia-internacional-do-contador-de-historias-ganha-programacao-especial-da-cultura\/#article","isPartOf":{"@id":"https:\/\/jornalfatosenoticias.com.br\/index.php\/2024\/03\/20\/dia-internacional-do-contador-de-historias-ganha-programacao-especial-da-cultura\/"},"author":{"name":"Luzimara Fernandes","@id":"https:\/\/jornalfatosenoticias.com.br\/#\/schema\/person\/d63837fa13ac8666eb9e74e0985d6f81"},"headline":"Dia Internacional do Contador de Hist\u00f3rias ganha programa\u00e7\u00e3o especial da Cultura","datePublished":"2024-03-20T12:09:00+00:00","dateModified":"2024-03-20T12:09:01+00:00","mainEntityOfPage":{"@id":"https:\/\/jornalfatosenoticias.com.br\/index.php\/2024\/03\/20\/dia-internacional-do-contador-de-historias-ganha-programacao-especial-da-cultura\/"},"wordCount":678,"commentCount":0,"publisher":{"@id":"https:\/\/jornalfatosenoticias.com.br\/#organization"},"image":{"@id":"https:\/\/jornalfatosenoticias.com.br\/index.php\/2024\/03\/20\/dia-internacional-do-contador-de-historias-ganha-programacao-especial-da-cultura\/#primaryimage"},"thumbnailUrl":"https:\/\/jornalfatosenoticias.com.br\/wp-content\/uploads\/2024\/03\/contacao-de-historia_gettyimages.jpg","keywords":["Biblioteca Municipal Adelpho Poli Monjardim","Circuito de Conta\u00e7\u00e3o de Hist\u00f3rias","Dia Internacional do Contador de Hist\u00f3rias","Fafi","projeto &quot;Viagem Pela Literatura&quot;"],"articleSection":["Cultura"],"inLanguage":"pt-BR","potentialAction":[{"@type":"CommentAction","name":"Comment","target":["https:\/\/jornalfatosenoticias.com.br\/index.php\/2024\/03\/20\/dia-internacional-do-contador-de-historias-ganha-programacao-especial-da-cultura\/#respond"]}]},{"@type":"WebPage","@id":"https:\/\/jornalfatosenoticias.com.br\/index.php\/2024\/03\/20\/dia-internacional-do-contador-de-historias-ganha-programacao-especial-da-cultura\/","url":"https:\/\/jornalfatosenoticias.com.br\/index.php\/2024\/03\/20\/dia-internacional-do-contador-de-historias-ganha-programacao-especial-da-cultura\/","name":"Dia Internacional do Contador de Hist\u00f3rias ganha programa\u00e7\u00e3o especial da Cultura - Jornal Fatos e Not\u00edcias","isPartOf":{"@id":"https:\/\/jornalfatosenoticias.com.br\/#website"},"primaryImageOfPage":{"@id":"https:\/\/jornalfatosenoticias.com.br\/index.php\/2024\/03\/20\/dia-internacional-do-contador-de-historias-ganha-programacao-especial-da-cultura\/#primaryimage"},"image":{"@id":"https:\/\/jornalfatosenoticias.com.br\/index.php\/2024\/03\/20\/dia-internacional-do-contador-de-historias-ganha-programacao-especial-da-cultura\/#primaryimage"},"thumbnailUrl":"https:\/\/jornalfatosenoticias.com.br\/wp-content\/uploads\/2024\/03\/contacao-de-historia_gettyimages.jpg","datePublished":"2024-03-20T12:09:00+00:00","dateModified":"2024-03-20T12:09:01+00:00","breadcrumb":{"@id":"https:\/\/jornalfatosenoticias.com.br\/index.php\/2024\/03\/20\/dia-internacional-do-contador-de-historias-ganha-programacao-especial-da-cultura\/#breadcrumb"},"inLanguage":"pt-BR","potentialAction":[{"@type":"ReadAction","target":["https:\/\/jornalfatosenoticias.com.br\/index.php\/2024\/03\/20\/dia-internacional-do-contador-de-historias-ganha-programacao-especial-da-cultura\/"]}]},{"@type":"ImageObject","inLanguage":"pt-BR","@id":"https:\/\/jornalfatosenoticias.com.br\/index.php\/2024\/03\/20\/dia-internacional-do-contador-de-historias-ganha-programacao-especial-da-cultura\/#primaryimage","url":"https:\/\/jornalfatosenoticias.com.br\/wp-content\/uploads\/2024\/03\/contacao-de-historia_gettyimages.jpg","contentUrl":"https:\/\/jornalfatosenoticias.com.br\/wp-content\/uploads\/2024\/03\/contacao-de-historia_gettyimages.jpg","width":612,"height":408,"caption":"Group of children sitting at preschool and listening to their teacher who is reading them a book."},{"@type":"BreadcrumbList","@id":"https:\/\/jornalfatosenoticias.com.br\/index.php\/2024\/03\/20\/dia-internacional-do-contador-de-historias-ganha-programacao-especial-da-cultura\/#breadcrumb","itemListElement":[{"@type":"ListItem","position":1,"name":"In\u00edcio","item":"https:\/\/jornalfatosenoticias.com.br\/"},{"@type":"ListItem","position":2,"name":"Dia Internacional do Contador de Hist\u00f3rias ganha programa\u00e7\u00e3o especial da Cultura"}]},{"@type":"WebSite","@id":"https:\/\/jornalfatosenoticias.com.br\/#website","url":"https:\/\/jornalfatosenoticias.com.br\/","name":"Jornal Fatos e Not\u00edcias","description":"Not\u00edcias em geral","publisher":{"@id":"https:\/\/jornalfatosenoticias.com.br\/#organization"},"potentialAction":[{"@type":"SearchAction","target":{"@type":"EntryPoint","urlTemplate":"https:\/\/jornalfatosenoticias.com.br\/?s={search_term_string}"},"query-input":{"@type":"PropertyValueSpecification","valueRequired":true,"valueName":"search_term_string"}}],"inLanguage":"pt-BR"},{"@type":"Organization","@id":"https:\/\/jornalfatosenoticias.com.br\/#organization","name":"Jornal Fatos e Not\u00edcias","url":"https:\/\/jornalfatosenoticias.com.br\/","logo":{"@type":"ImageObject","inLanguage":"pt-BR","@id":"https:\/\/jornalfatosenoticias.com.br\/#\/schema\/logo\/image\/","url":"https:\/\/jornalfatosenoticias.com.br\/wp-content\/uploads\/2020\/02\/logo120.png","contentUrl":"https:\/\/jornalfatosenoticias.com.br\/wp-content\/uploads\/2020\/02\/logo120.png","width":1227,"height":120,"caption":"Jornal Fatos e Not\u00edcias"},"image":{"@id":"https:\/\/jornalfatosenoticias.com.br\/#\/schema\/logo\/image\/"}},{"@type":"Person","@id":"https:\/\/jornalfatosenoticias.com.br\/#\/schema\/person\/d63837fa13ac8666eb9e74e0985d6f81","name":"Luzimara Fernandes","image":{"@type":"ImageObject","inLanguage":"pt-BR","@id":"https:\/\/jornalfatosenoticias.com.br\/#\/schema\/person\/image\/","url":"https:\/\/jornalfatosenoticias.com.br\/wp-content\/uploads\/2025\/05\/EU_portal.jpg","contentUrl":"https:\/\/jornalfatosenoticias.com.br\/wp-content\/uploads\/2025\/05\/EU_portal.jpg","caption":"Luzimara Fernandes"},"description":"Jornalista MTB 2358-ES","sameAs":["https:\/\/jornalfatosenoticias.com.br"],"url":"https:\/\/jornalfatosenoticias.com.br\/index.php\/author\/luzimara\/"}]}},"cc_featured_image_caption":{"caption_text":"(Foto: Getty Images) ","source_text":"","source_url":""},"jetpack_featured_media_url":"https:\/\/jornalfatosenoticias.com.br\/wp-content\/uploads\/2024\/03\/contacao-de-historia_gettyimages.jpg","_links":{"self":[{"href":"https:\/\/jornalfatosenoticias.com.br\/index.php\/wp-json\/wp\/v2\/posts\/50028","targetHints":{"allow":["GET"]}}],"collection":[{"href":"https:\/\/jornalfatosenoticias.com.br\/index.php\/wp-json\/wp\/v2\/posts"}],"about":[{"href":"https:\/\/jornalfatosenoticias.com.br\/index.php\/wp-json\/wp\/v2\/types\/post"}],"author":[{"embeddable":true,"href":"https:\/\/jornalfatosenoticias.com.br\/index.php\/wp-json\/wp\/v2\/users\/2"}],"replies":[{"embeddable":true,"href":"https:\/\/jornalfatosenoticias.com.br\/index.php\/wp-json\/wp\/v2\/comments?post=50028"}],"version-history":[{"count":0,"href":"https:\/\/jornalfatosenoticias.com.br\/index.php\/wp-json\/wp\/v2\/posts\/50028\/revisions"}],"wp:featuredmedia":[{"embeddable":true,"href":"https:\/\/jornalfatosenoticias.com.br\/index.php\/wp-json\/wp\/v2\/media\/50030"}],"wp:attachment":[{"href":"https:\/\/jornalfatosenoticias.com.br\/index.php\/wp-json\/wp\/v2\/media?parent=50028"}],"wp:term":[{"taxonomy":"category","embeddable":true,"href":"https:\/\/jornalfatosenoticias.com.br\/index.php\/wp-json\/wp\/v2\/categories?post=50028"},{"taxonomy":"post_tag","embeddable":true,"href":"https:\/\/jornalfatosenoticias.com.br\/index.php\/wp-json\/wp\/v2\/tags?post=50028"}],"curies":[{"name":"wp","href":"https:\/\/api.w.org\/{rel}","templated":true}]}}