{"id":50032,"date":"2024-03-20T09:21:39","date_gmt":"2024-03-20T12:21:39","guid":{"rendered":"https:\/\/jornalfatosenoticias.com.br\/?p=50032"},"modified":"2024-03-20T09:21:39","modified_gmt":"2024-03-20T12:21:39","slug":"lagarto-de-cauda-espinhosa-e-um-minidragao-que-usa-sua-poderosa-cauda-para-se-defender","status":"publish","type":"post","link":"https:\/\/jornalfatosenoticias.com.br\/index.php\/2024\/03\/20\/lagarto-de-cauda-espinhosa-e-um-minidragao-que-usa-sua-poderosa-cauda-para-se-defender\/","title":{"rendered":"Lagarto-de-cauda-espinhosa \u00e9 um \u201cminidrag\u00e3o\u201d que usa sua poderosa cauda para se defender"},"content":{"rendered":"\n<p><em><span class=\"has-inline-color has-black-color\">Animal nativo da Austr\u00e1lia gosta de fazer t\u00faneis para buscar alimento e abrigo; sua cauda grossa e cheia de espinhos ajuda a afastar predadores<\/span><\/em><\/p>\n\n\n\n<p><span class=\"has-inline-color has-black-color\">Por <strong>Aline Tavares\/<a href=\"https:\/\/gizmodo.uol.com.br\/author\/instituto-butantan\/\">Instituto Butantan<\/a><\/strong><\/span><\/p>\n\n\n\n<div class=\"wp-block-image\"><figure class=\"aligncenter size-large\"><img loading=\"lazy\" decoding=\"async\" width=\"729\" height=\"90\" src=\"https:\/\/jornalfatosenoticias.com.br\/wp-content\/uploads\/2020\/02\/Logo_Mizu.png\" alt=\"\" class=\"wp-image-1441\" srcset=\"https:\/\/jornalfatosenoticias.com.br\/wp-content\/uploads\/2020\/02\/Logo_Mizu.png 729w, https:\/\/jornalfatosenoticias.com.br\/wp-content\/uploads\/2020\/02\/Logo_Mizu-300x37.png 300w\" sizes=\"auto, (max-width: 729px) 100vw, 729px\" \/><\/figure><\/div>\n\n\n\n<p>Da mesma fam\u00edlia do gigante drag\u00e3o-de-komodo (<em>Varanus komodoensis<\/em>), o lagarto-de-cauda-espinhosa (<em>Varanus acanthurus<\/em>) parece uma miniatura de seu parente. Com 60 a 70 cent\u00edmetros de comprimento, ele \u00e9 muito diferente das outras esp\u00e9cies do g\u00eanero<em> Varanus<\/em>, que em geral costumam ter corpos bastante robustos, que podem chegar a tr\u00eas metros.<br>Outro diferencial da esp\u00e9cie \u00e9 que n\u00e3o possui veneno na saliva para se defender ou ca\u00e7ar, como outros <em>Varanus<\/em>. Mas sua arma secreta contra predadores \u00e9 bem eficiente: <strong>uma cauda grossa, dura e repleta de espinhos,<\/strong> que pode ter o dobro do comprimento de seu abd\u00f4men. Melhor n\u00e3o encostar nela!<\/p>\n\n\n\n<div class=\"wp-block-image\"><figure class=\"aligncenter size-large is-resized\"><img loading=\"lazy\" decoding=\"async\" src=\"https:\/\/jornalfatosenoticias.com.br\/wp-content\/uploads\/2024\/01\/consultoria-ambiental.jpg\" alt=\"\" class=\"wp-image-48314\" width=\"322\" height=\"291\" srcset=\"https:\/\/jornalfatosenoticias.com.br\/wp-content\/uploads\/2024\/01\/consultoria-ambiental.jpg 832w, https:\/\/jornalfatosenoticias.com.br\/wp-content\/uploads\/2024\/01\/consultoria-ambiental-300x272.jpg 300w, https:\/\/jornalfatosenoticias.com.br\/wp-content\/uploads\/2024\/01\/consultoria-ambiental-768x696.jpg 768w\" sizes=\"auto, (max-width: 322px) 100vw, 322px\" \/><\/figure><\/div>\n\n\n\n<p>Al\u00e9m de usar a cauda para se defender, o lagarto se aproveita do membro quando entra em fendas de pedras ou buracos, deixando-o para fora como uma \u201carmadilha\u201d. Assim, fica muito dif\u00edcil para o predador conseguir tir\u00e1-lo de seu esconderijo.<\/p>\n\n\n\n<div class=\"wp-block-image\"><figure class=\"aligncenter size-large is-resized\"><img loading=\"lazy\" decoding=\"async\" src=\"https:\/\/jornalfatosenoticias.com.br\/wp-content\/uploads\/2023\/12\/pegoretti-logo-pdf-1024x389.jpg\" alt=\"\" class=\"wp-image-47536\" width=\"511\" height=\"194\" srcset=\"https:\/\/jornalfatosenoticias.com.br\/wp-content\/uploads\/2023\/12\/pegoretti-logo-pdf-1024x389.jpg 1024w, https:\/\/jornalfatosenoticias.com.br\/wp-content\/uploads\/2023\/12\/pegoretti-logo-pdf-300x114.jpg 300w, https:\/\/jornalfatosenoticias.com.br\/wp-content\/uploads\/2023\/12\/pegoretti-logo-pdf-768x291.jpg 768w, https:\/\/jornalfatosenoticias.com.br\/wp-content\/uploads\/2023\/12\/pegoretti-logo-pdf.jpg 1120w\" sizes=\"auto, (max-width: 511px) 100vw, 511px\" \/><\/figure><\/div>\n\n\n\n<p>Com tronco robusto, pernas curtas e pesco\u00e7o longo, o <em>Varanus acanthurus<\/em> \u00e9 considerado um<strong> lagarto monitor<\/strong> \u2014 tem o h\u00e1bito de ficar com o pesco\u00e7o para cima, como se estivesse sempre \u201cde olho\u201d no ambiente ao seu redor. Possui colora\u00e7\u00e3o marrom-avermelhada com manchas amarelas. Esse pequeno lagarto tamb\u00e9m \u00e9 um <strong>escavador profissional<\/strong>: gosta muito de cavar e fazer t\u00faneis para procurar alimento, se esconder, fazer abrigo ou buscar locais mais \u00famidos e adequados para a postura dos ovos.<\/p>\n\n\n\n<div class=\"wp-block-image\"><figure class=\"aligncenter size-large is-resized\"><img loading=\"lazy\" decoding=\"async\" src=\"https:\/\/jornalfatosenoticias.com.br\/wp-content\/uploads\/2020\/02\/CONTROL-CS.jpg\" alt=\"\" class=\"wp-image-44991\" width=\"346\" height=\"415\" srcset=\"https:\/\/jornalfatosenoticias.com.br\/wp-content\/uploads\/2020\/02\/CONTROL-CS.jpg 834w, https:\/\/jornalfatosenoticias.com.br\/wp-content\/uploads\/2020\/02\/CONTROL-CS-250x300.jpg 250w, https:\/\/jornalfatosenoticias.com.br\/wp-content\/uploads\/2020\/02\/CONTROL-CS-768x921.jpg 768w\" sizes=\"auto, (max-width: 346px) 100vw, 346px\" \/><\/figure><\/div>\n\n\n\n<p>No Brasil, \u00e9 praticamente imposs\u00edvel de encontr\u00e1-lo \u2014 a n\u00e3o ser que voc\u00ea visite a exposi\u00e7\u00e3o do Museu Biol\u00f3gico do Parque da Ci\u00eancia Butantan. Afinal, ele \u00e9 nativo da Austr\u00e1lia, onde habita regi\u00f5es quentes do litoral e interior, principalmente \u00e1reas rochosas. Inclusive, por esse motivo, o recinto preparado para ele no Butantan \u00e9 aquecido a mais de 30\u00b0C, simulando o seu habitat natural.<\/p>\n\n\n\n<div class=\"wp-block-image\"><figure class=\"aligncenter size-large is-resized\"><img loading=\"lazy\" decoding=\"async\" src=\"https:\/\/jornalfatosenoticias.com.br\/wp-content\/uploads\/2023\/09\/vetorvix1024_1.jpg\" alt=\"\" class=\"wp-image-44868\" width=\"535\" height=\"142\" srcset=\"https:\/\/jornalfatosenoticias.com.br\/wp-content\/uploads\/2023\/09\/vetorvix1024_1.jpg 1024w, https:\/\/jornalfatosenoticias.com.br\/wp-content\/uploads\/2023\/09\/vetorvix1024_1-300x80.jpg 300w, https:\/\/jornalfatosenoticias.com.br\/wp-content\/uploads\/2023\/09\/vetorvix1024_1-768x205.jpg 768w\" sizes=\"auto, (max-width: 535px) 100vw, 535px\" \/><\/figure><\/div>\n\n\n\n<div class=\"wp-block-image\"><figure class=\"aligncenter size-large\"><img loading=\"lazy\" decoding=\"async\" width=\"750\" height=\"500\" src=\"https:\/\/jornalfatosenoticias.com.br\/wp-content\/uploads\/2024\/03\/minidragao_butantan2.jpg\" alt=\"\" class=\"wp-image-50034\" srcset=\"https:\/\/jornalfatosenoticias.com.br\/wp-content\/uploads\/2024\/03\/minidragao_butantan2.jpg 750w, https:\/\/jornalfatosenoticias.com.br\/wp-content\/uploads\/2024\/03\/minidragao_butantan2-300x200.jpg 300w\" sizes=\"auto, (max-width: 750px) 100vw, 750px\" \/><figcaption><em><span class=\"has-inline-color has-black-color\">Repleta de espinhos, a cauda desse lagarto \u00e9 sua principal estrat\u00e9gia de defesa (Foto: Comunica\u00e7\u00e3o Butantan)<\/span><\/em><\/figcaption><\/figure><\/div>\n\n\n\n<p>Podendo viver de 15 a 20 anos, o animal \u00e9 bastante ativo <strong>durante o dia<\/strong>: gosta de caminhar, cavar e explorar. No final da tarde, se abriga embaixo de uma rocha ou dentro de uma toca, onde passa a noite bem escondidinho. Quando filhote, o lagarto-de-cauda-espinhosa se alimenta somente de insetos; j\u00e1 os adultos podem ca\u00e7ar pequenos artr\u00f3podes e vertebrados.<\/p>\n\n\n\n<div class=\"wp-block-image\"><figure class=\"aligncenter size-large is-resized\"><img loading=\"lazy\" decoding=\"async\" src=\"https:\/\/jornalfatosenoticias.com.br\/wp-content\/uploads\/2023\/08\/ITH.jpeg\" alt=\"\" class=\"wp-image-44638\" width=\"313\" height=\"254\" srcset=\"https:\/\/jornalfatosenoticias.com.br\/wp-content\/uploads\/2023\/08\/ITH.jpeg 800w, https:\/\/jornalfatosenoticias.com.br\/wp-content\/uploads\/2023\/08\/ITH-300x244.jpeg 300w, https:\/\/jornalfatosenoticias.com.br\/wp-content\/uploads\/2023\/08\/ITH-768x624.jpeg 768w\" sizes=\"auto, (max-width: 313px) 100vw, 313px\" \/><\/figure><\/div>\n\n\n\n<p><strong><span class=\"has-inline-color has-vivid-green-cyan-color\">LAGARTO-DE-CAUDA-ESPINHOSA<br><\/span>Esp\u00e9cie: <\/strong>o lagarto-de-cauda-espinhosa (<em>Varanus acanthurus<\/em>) \u00e9 da fam\u00edlia Varanidae, do g\u00eanero Varanus<br><strong>Onde habita:<\/strong> regi\u00f5es quentes no litoral e interior da Austr\u00e1lia<br><strong>Caracter\u00edsticas f\u00edsicas: <\/strong>tem at\u00e9 70 cent\u00edmetros de comprimento e possui corpo robusto, cauda grossa com espinhos, pernas curtas e pesco\u00e7o longo. Sua colora\u00e7\u00e3o \u00e9 marrom-avermelhada com manchas amarelas<\/p>\n\n\n\n<div class=\"wp-block-image\"><figure class=\"aligncenter size-large is-resized\"><img loading=\"lazy\" decoding=\"async\" src=\"https:\/\/jornalfatosenoticias.com.br\/wp-content\/uploads\/2023\/08\/BKR-1024x1021.jpg\" alt=\"\" class=\"wp-image-44494\" width=\"319\" height=\"318\" srcset=\"https:\/\/jornalfatosenoticias.com.br\/wp-content\/uploads\/2023\/08\/BKR-1024x1021.jpg 1024w, https:\/\/jornalfatosenoticias.com.br\/wp-content\/uploads\/2023\/08\/BKR-300x300.jpg 300w, https:\/\/jornalfatosenoticias.com.br\/wp-content\/uploads\/2023\/08\/BKR-150x150.jpg 150w, https:\/\/jornalfatosenoticias.com.br\/wp-content\/uploads\/2023\/08\/BKR-768x766.jpg 768w, https:\/\/jornalfatosenoticias.com.br\/wp-content\/uploads\/2023\/08\/BKR.jpg 1080w\" sizes=\"auto, (max-width: 319px) 100vw, 319px\" \/><\/figure><\/div>\n\n\n\n<p><strong>Alimenta\u00e7\u00e3o: <\/strong>insetos, al\u00e9m de pequenos artr\u00f3podes e vertebrados quando adulto<br><strong>Curiosidades:<\/strong> \u00e9 um excelente escavador de t\u00faneis e usa sua cauda espinhosa para se defender; tamb\u00e9m \u00e9 parente do drag\u00e3o-de-komodo (<em>Varanus komodoensis<\/em>)<br>Voc\u00ea pode visitar este e outros animais incr\u00edveis no Museu Biol\u00f3gico do <strong><a href=\"https:\/\/parquedaciencia.butantan.gov.br\/\" target=\"_blank\" rel=\"noreferrer noopener\">Parque da Ci\u00eancia Butantan<\/a><\/strong>.<\/p>\n\n\n\n<div class=\"wp-block-image\"><figure class=\"aligncenter size-large is-resized\"><img loading=\"lazy\" decoding=\"async\" src=\"https:\/\/jornalfatosenoticias.com.br\/wp-content\/uploads\/2022\/02\/Precisao-Contabilidade-1024x724.jpg\" alt=\"\" class=\"wp-image-28088\" width=\"346\" height=\"245\"\/><\/figure><\/div>\n\n\n\n<p><em>Esse texto foi produzido com a colabora\u00e7\u00e3o da bi\u00f3loga Danusa Maia, do Museu Biol\u00f3gico do Butantan.<\/em><\/p>\n\n\n\n<p><strong><em>Fonte: <a href=\"https:\/\/gizmodo.uol.com.br\/lagarto-de-cauda-espinhosa-esse-minidragao-e-um-escavador-profissional-que-usa-a-poderosa-cauda-para-se-defender\/\">Giz Brasil<\/a><\/em><\/strong><\/p>\n","protected":false},"excerpt":{"rendered":"<p>Animal nativo da Austr\u00e1lia gosta de fazer t\u00faneis para buscar alimento e abrigo; sua cauda grossa e cheia de espinhos ajuda a afastar predadores Por Aline Tavares\/Instituto Butantan Da mesma fam\u00edlia do gigante drag\u00e3o-de-komodo (Varanus komodoensis), o lagarto-de-cauda-espinhosa (Varanus acanthurus) parece uma miniatura de seu parente. Com 60 a 70 cent\u00edmetros de comprimento, ele \u00e9 [&hellip;]<\/p>\n","protected":false},"author":2,"featured_media":50035,"comment_status":"open","ping_status":"open","sticky":false,"template":"","format":"standard","meta":{"footnotes":""},"categories":[8],"tags":[23107,2365,23108,6179,2102],"class_list":["post-50032","post","type-post","status-publish","format-standard","has-post-thumbnail","hentry","category-meio-ambiente","tag-minidragao","tag-instituto-butantan","tag-lagarto-de-cauda-espinhosa","tag-lagartos","tag-repteis"],"yoast_head":"<!-- This site is optimized with the Yoast SEO plugin v26.5 - https:\/\/yoast.com\/wordpress\/plugins\/seo\/ -->\n<title>Lagarto-de-cauda-espinhosa \u00e9 um \u201cminidrag\u00e3o\u201d que usa sua poderosa cauda para se defender - Jornal Fatos e Not\u00edcias<\/title>\n<meta name=\"robots\" content=\"index, follow, max-snippet:-1, max-image-preview:large, max-video-preview:-1\" \/>\n<link rel=\"canonical\" href=\"https:\/\/jornalfatosenoticias.com.br\/index.php\/2024\/03\/20\/lagarto-de-cauda-espinhosa-e-um-minidragao-que-usa-sua-poderosa-cauda-para-se-defender\/\" \/>\n<meta property=\"og:locale\" content=\"pt_BR\" \/>\n<meta property=\"og:type\" content=\"article\" \/>\n<meta property=\"og:title\" content=\"Lagarto-de-cauda-espinhosa \u00e9 um \u201cminidrag\u00e3o\u201d que usa sua poderosa cauda para se defender - Jornal Fatos e Not\u00edcias\" \/>\n<meta property=\"og:description\" content=\"Animal nativo da Austr\u00e1lia gosta de fazer t\u00faneis para buscar alimento e abrigo; sua cauda grossa e cheia de espinhos ajuda a afastar predadores Por Aline Tavares\/Instituto Butantan Da mesma fam\u00edlia do gigante drag\u00e3o-de-komodo (Varanus komodoensis), o lagarto-de-cauda-espinhosa (Varanus acanthurus) parece uma miniatura de seu parente. Com 60 a 70 cent\u00edmetros de comprimento, ele \u00e9 [&hellip;]\" \/>\n<meta property=\"og:url\" content=\"https:\/\/jornalfatosenoticias.com.br\/index.php\/2024\/03\/20\/lagarto-de-cauda-espinhosa-e-um-minidragao-que-usa-sua-poderosa-cauda-para-se-defender\/\" \/>\n<meta property=\"og:site_name\" content=\"Jornal Fatos e Not\u00edcias\" \/>\n<meta property=\"article:published_time\" content=\"2024-03-20T12:21:39+00:00\" \/>\n<meta property=\"og:image\" content=\"https:\/\/jornalfatosenoticias.com.br\/wp-content\/uploads\/2024\/03\/minidragao_butantan.jpg\" \/>\n\t<meta property=\"og:image:width\" content=\"750\" \/>\n\t<meta property=\"og:image:height\" content=\"500\" \/>\n\t<meta property=\"og:image:type\" content=\"image\/jpeg\" \/>\n<meta name=\"author\" content=\"Luzimara Fernandes\" \/>\n<meta name=\"twitter:card\" content=\"summary_large_image\" \/>\n<meta name=\"twitter:label1\" content=\"Escrito por\" \/>\n\t<meta name=\"twitter:data1\" content=\"Luzimara Fernandes\" \/>\n\t<meta name=\"twitter:label2\" content=\"Est. tempo de leitura\" \/>\n\t<meta name=\"twitter:data2\" content=\"3 minutos\" \/>\n<script type=\"application\/ld+json\" class=\"yoast-schema-graph\">{\"@context\":\"https:\/\/schema.org\",\"@graph\":[{\"@type\":\"Article\",\"@id\":\"https:\/\/jornalfatosenoticias.com.br\/index.php\/2024\/03\/20\/lagarto-de-cauda-espinhosa-e-um-minidragao-que-usa-sua-poderosa-cauda-para-se-defender\/#article\",\"isPartOf\":{\"@id\":\"https:\/\/jornalfatosenoticias.com.br\/index.php\/2024\/03\/20\/lagarto-de-cauda-espinhosa-e-um-minidragao-que-usa-sua-poderosa-cauda-para-se-defender\/\"},\"author\":{\"name\":\"Luzimara Fernandes\",\"@id\":\"https:\/\/jornalfatosenoticias.com.br\/#\/schema\/person\/d63837fa13ac8666eb9e74e0985d6f81\"},\"headline\":\"Lagarto-de-cauda-espinhosa \u00e9 um \u201cminidrag\u00e3o\u201d que usa sua poderosa cauda para se defender\",\"datePublished\":\"2024-03-20T12:21:39+00:00\",\"mainEntityOfPage\":{\"@id\":\"https:\/\/jornalfatosenoticias.com.br\/index.php\/2024\/03\/20\/lagarto-de-cauda-espinhosa-e-um-minidragao-que-usa-sua-poderosa-cauda-para-se-defender\/\"},\"wordCount\":550,\"commentCount\":0,\"publisher\":{\"@id\":\"https:\/\/jornalfatosenoticias.com.br\/#organization\"},\"image\":{\"@id\":\"https:\/\/jornalfatosenoticias.com.br\/index.php\/2024\/03\/20\/lagarto-de-cauda-espinhosa-e-um-minidragao-que-usa-sua-poderosa-cauda-para-se-defender\/#primaryimage\"},\"thumbnailUrl\":\"https:\/\/jornalfatosenoticias.com.br\/wp-content\/uploads\/2024\/03\/minidragao_butantan.jpg\",\"keywords\":[\"\u201cminidrag\u00e3o\u201d\",\"Instituto Butantan\",\"lagarto-de-cauda-espinhosa\",\"lagartos\",\"r\u00e9pteis\"],\"articleSection\":[\"Meio ambiente\"],\"inLanguage\":\"pt-BR\",\"potentialAction\":[{\"@type\":\"CommentAction\",\"name\":\"Comment\",\"target\":[\"https:\/\/jornalfatosenoticias.com.br\/index.php\/2024\/03\/20\/lagarto-de-cauda-espinhosa-e-um-minidragao-que-usa-sua-poderosa-cauda-para-se-defender\/#respond\"]}]},{\"@type\":\"WebPage\",\"@id\":\"https:\/\/jornalfatosenoticias.com.br\/index.php\/2024\/03\/20\/lagarto-de-cauda-espinhosa-e-um-minidragao-que-usa-sua-poderosa-cauda-para-se-defender\/\",\"url\":\"https:\/\/jornalfatosenoticias.com.br\/index.php\/2024\/03\/20\/lagarto-de-cauda-espinhosa-e-um-minidragao-que-usa-sua-poderosa-cauda-para-se-defender\/\",\"name\":\"Lagarto-de-cauda-espinhosa \u00e9 um \u201cminidrag\u00e3o\u201d que usa sua poderosa cauda para se defender - Jornal Fatos e Not\u00edcias\",\"isPartOf\":{\"@id\":\"https:\/\/jornalfatosenoticias.com.br\/#website\"},\"primaryImageOfPage\":{\"@id\":\"https:\/\/jornalfatosenoticias.com.br\/index.php\/2024\/03\/20\/lagarto-de-cauda-espinhosa-e-um-minidragao-que-usa-sua-poderosa-cauda-para-se-defender\/#primaryimage\"},\"image\":{\"@id\":\"https:\/\/jornalfatosenoticias.com.br\/index.php\/2024\/03\/20\/lagarto-de-cauda-espinhosa-e-um-minidragao-que-usa-sua-poderosa-cauda-para-se-defender\/#primaryimage\"},\"thumbnailUrl\":\"https:\/\/jornalfatosenoticias.com.br\/wp-content\/uploads\/2024\/03\/minidragao_butantan.jpg\",\"datePublished\":\"2024-03-20T12:21:39+00:00\",\"breadcrumb\":{\"@id\":\"https:\/\/jornalfatosenoticias.com.br\/index.php\/2024\/03\/20\/lagarto-de-cauda-espinhosa-e-um-minidragao-que-usa-sua-poderosa-cauda-para-se-defender\/#breadcrumb\"},\"inLanguage\":\"pt-BR\",\"potentialAction\":[{\"@type\":\"ReadAction\",\"target\":[\"https:\/\/jornalfatosenoticias.com.br\/index.php\/2024\/03\/20\/lagarto-de-cauda-espinhosa-e-um-minidragao-que-usa-sua-poderosa-cauda-para-se-defender\/\"]}]},{\"@type\":\"ImageObject\",\"inLanguage\":\"pt-BR\",\"@id\":\"https:\/\/jornalfatosenoticias.com.br\/index.php\/2024\/03\/20\/lagarto-de-cauda-espinhosa-e-um-minidragao-que-usa-sua-poderosa-cauda-para-se-defender\/#primaryimage\",\"url\":\"https:\/\/jornalfatosenoticias.com.br\/wp-content\/uploads\/2024\/03\/minidragao_butantan.jpg\",\"contentUrl\":\"https:\/\/jornalfatosenoticias.com.br\/wp-content\/uploads\/2024\/03\/minidragao_butantan.jpg\",\"width\":750,\"height\":500},{\"@type\":\"BreadcrumbList\",\"@id\":\"https:\/\/jornalfatosenoticias.com.br\/index.php\/2024\/03\/20\/lagarto-de-cauda-espinhosa-e-um-minidragao-que-usa-sua-poderosa-cauda-para-se-defender\/#breadcrumb\",\"itemListElement\":[{\"@type\":\"ListItem\",\"position\":1,\"name\":\"In\u00edcio\",\"item\":\"https:\/\/jornalfatosenoticias.com.br\/\"},{\"@type\":\"ListItem\",\"position\":2,\"name\":\"Lagarto-de-cauda-espinhosa \u00e9 um \u201cminidrag\u00e3o\u201d que usa sua poderosa cauda para se defender\"}]},{\"@type\":\"WebSite\",\"@id\":\"https:\/\/jornalfatosenoticias.com.br\/#website\",\"url\":\"https:\/\/jornalfatosenoticias.com.br\/\",\"name\":\"Jornal Fatos e Not\u00edcias\",\"description\":\"Not\u00edcias em geral\",\"publisher\":{\"@id\":\"https:\/\/jornalfatosenoticias.com.br\/#organization\"},\"potentialAction\":[{\"@type\":\"SearchAction\",\"target\":{\"@type\":\"EntryPoint\",\"urlTemplate\":\"https:\/\/jornalfatosenoticias.com.br\/?s={search_term_string}\"},\"query-input\":{\"@type\":\"PropertyValueSpecification\",\"valueRequired\":true,\"valueName\":\"search_term_string\"}}],\"inLanguage\":\"pt-BR\"},{\"@type\":\"Organization\",\"@id\":\"https:\/\/jornalfatosenoticias.com.br\/#organization\",\"name\":\"Jornal Fatos e Not\u00edcias\",\"url\":\"https:\/\/jornalfatosenoticias.com.br\/\",\"logo\":{\"@type\":\"ImageObject\",\"inLanguage\":\"pt-BR\",\"@id\":\"https:\/\/jornalfatosenoticias.com.br\/#\/schema\/logo\/image\/\",\"url\":\"https:\/\/jornalfatosenoticias.com.br\/wp-content\/uploads\/2020\/02\/logo120.png\",\"contentUrl\":\"https:\/\/jornalfatosenoticias.com.br\/wp-content\/uploads\/2020\/02\/logo120.png\",\"width\":1227,\"height\":120,\"caption\":\"Jornal Fatos e Not\u00edcias\"},\"image\":{\"@id\":\"https:\/\/jornalfatosenoticias.com.br\/#\/schema\/logo\/image\/\"}},{\"@type\":\"Person\",\"@id\":\"https:\/\/jornalfatosenoticias.com.br\/#\/schema\/person\/d63837fa13ac8666eb9e74e0985d6f81\",\"name\":\"Luzimara Fernandes\",\"image\":{\"@type\":\"ImageObject\",\"inLanguage\":\"pt-BR\",\"@id\":\"https:\/\/jornalfatosenoticias.com.br\/#\/schema\/person\/image\/\",\"url\":\"https:\/\/jornalfatosenoticias.com.br\/wp-content\/uploads\/2025\/05\/EU_portal.jpg\",\"contentUrl\":\"https:\/\/jornalfatosenoticias.com.br\/wp-content\/uploads\/2025\/05\/EU_portal.jpg\",\"caption\":\"Luzimara Fernandes\"},\"description\":\"Jornalista MTB 2358-ES\",\"sameAs\":[\"https:\/\/jornalfatosenoticias.com.br\"],\"url\":\"https:\/\/jornalfatosenoticias.com.br\/index.php\/author\/luzimara\/\"}]}<\/script>\n<!-- \/ Yoast SEO plugin. -->","yoast_head_json":{"title":"Lagarto-de-cauda-espinhosa \u00e9 um \u201cminidrag\u00e3o\u201d que usa sua poderosa cauda para se defender - Jornal Fatos e Not\u00edcias","robots":{"index":"index","follow":"follow","max-snippet":"max-snippet:-1","max-image-preview":"max-image-preview:large","max-video-preview":"max-video-preview:-1"},"canonical":"https:\/\/jornalfatosenoticias.com.br\/index.php\/2024\/03\/20\/lagarto-de-cauda-espinhosa-e-um-minidragao-que-usa-sua-poderosa-cauda-para-se-defender\/","og_locale":"pt_BR","og_type":"article","og_title":"Lagarto-de-cauda-espinhosa \u00e9 um \u201cminidrag\u00e3o\u201d que usa sua poderosa cauda para se defender - Jornal Fatos e Not\u00edcias","og_description":"Animal nativo da Austr\u00e1lia gosta de fazer t\u00faneis para buscar alimento e abrigo; sua cauda grossa e cheia de espinhos ajuda a afastar predadores Por Aline Tavares\/Instituto Butantan Da mesma fam\u00edlia do gigante drag\u00e3o-de-komodo (Varanus komodoensis), o lagarto-de-cauda-espinhosa (Varanus acanthurus) parece uma miniatura de seu parente. Com 60 a 70 cent\u00edmetros de comprimento, ele \u00e9 [&hellip;]","og_url":"https:\/\/jornalfatosenoticias.com.br\/index.php\/2024\/03\/20\/lagarto-de-cauda-espinhosa-e-um-minidragao-que-usa-sua-poderosa-cauda-para-se-defender\/","og_site_name":"Jornal Fatos e Not\u00edcias","article_published_time":"2024-03-20T12:21:39+00:00","og_image":[{"width":750,"height":500,"url":"https:\/\/jornalfatosenoticias.com.br\/wp-content\/uploads\/2024\/03\/minidragao_butantan.jpg","type":"image\/jpeg"}],"author":"Luzimara Fernandes","twitter_card":"summary_large_image","twitter_misc":{"Escrito por":"Luzimara Fernandes","Est. tempo de leitura":"3 minutos"},"schema":{"@context":"https:\/\/schema.org","@graph":[{"@type":"Article","@id":"https:\/\/jornalfatosenoticias.com.br\/index.php\/2024\/03\/20\/lagarto-de-cauda-espinhosa-e-um-minidragao-que-usa-sua-poderosa-cauda-para-se-defender\/#article","isPartOf":{"@id":"https:\/\/jornalfatosenoticias.com.br\/index.php\/2024\/03\/20\/lagarto-de-cauda-espinhosa-e-um-minidragao-que-usa-sua-poderosa-cauda-para-se-defender\/"},"author":{"name":"Luzimara Fernandes","@id":"https:\/\/jornalfatosenoticias.com.br\/#\/schema\/person\/d63837fa13ac8666eb9e74e0985d6f81"},"headline":"Lagarto-de-cauda-espinhosa \u00e9 um \u201cminidrag\u00e3o\u201d que usa sua poderosa cauda para se defender","datePublished":"2024-03-20T12:21:39+00:00","mainEntityOfPage":{"@id":"https:\/\/jornalfatosenoticias.com.br\/index.php\/2024\/03\/20\/lagarto-de-cauda-espinhosa-e-um-minidragao-que-usa-sua-poderosa-cauda-para-se-defender\/"},"wordCount":550,"commentCount":0,"publisher":{"@id":"https:\/\/jornalfatosenoticias.com.br\/#organization"},"image":{"@id":"https:\/\/jornalfatosenoticias.com.br\/index.php\/2024\/03\/20\/lagarto-de-cauda-espinhosa-e-um-minidragao-que-usa-sua-poderosa-cauda-para-se-defender\/#primaryimage"},"thumbnailUrl":"https:\/\/jornalfatosenoticias.com.br\/wp-content\/uploads\/2024\/03\/minidragao_butantan.jpg","keywords":["\u201cminidrag\u00e3o\u201d","Instituto Butantan","lagarto-de-cauda-espinhosa","lagartos","r\u00e9pteis"],"articleSection":["Meio ambiente"],"inLanguage":"pt-BR","potentialAction":[{"@type":"CommentAction","name":"Comment","target":["https:\/\/jornalfatosenoticias.com.br\/index.php\/2024\/03\/20\/lagarto-de-cauda-espinhosa-e-um-minidragao-que-usa-sua-poderosa-cauda-para-se-defender\/#respond"]}]},{"@type":"WebPage","@id":"https:\/\/jornalfatosenoticias.com.br\/index.php\/2024\/03\/20\/lagarto-de-cauda-espinhosa-e-um-minidragao-que-usa-sua-poderosa-cauda-para-se-defender\/","url":"https:\/\/jornalfatosenoticias.com.br\/index.php\/2024\/03\/20\/lagarto-de-cauda-espinhosa-e-um-minidragao-que-usa-sua-poderosa-cauda-para-se-defender\/","name":"Lagarto-de-cauda-espinhosa \u00e9 um \u201cminidrag\u00e3o\u201d que usa sua poderosa cauda para se defender - Jornal Fatos e Not\u00edcias","isPartOf":{"@id":"https:\/\/jornalfatosenoticias.com.br\/#website"},"primaryImageOfPage":{"@id":"https:\/\/jornalfatosenoticias.com.br\/index.php\/2024\/03\/20\/lagarto-de-cauda-espinhosa-e-um-minidragao-que-usa-sua-poderosa-cauda-para-se-defender\/#primaryimage"},"image":{"@id":"https:\/\/jornalfatosenoticias.com.br\/index.php\/2024\/03\/20\/lagarto-de-cauda-espinhosa-e-um-minidragao-que-usa-sua-poderosa-cauda-para-se-defender\/#primaryimage"},"thumbnailUrl":"https:\/\/jornalfatosenoticias.com.br\/wp-content\/uploads\/2024\/03\/minidragao_butantan.jpg","datePublished":"2024-03-20T12:21:39+00:00","breadcrumb":{"@id":"https:\/\/jornalfatosenoticias.com.br\/index.php\/2024\/03\/20\/lagarto-de-cauda-espinhosa-e-um-minidragao-que-usa-sua-poderosa-cauda-para-se-defender\/#breadcrumb"},"inLanguage":"pt-BR","potentialAction":[{"@type":"ReadAction","target":["https:\/\/jornalfatosenoticias.com.br\/index.php\/2024\/03\/20\/lagarto-de-cauda-espinhosa-e-um-minidragao-que-usa-sua-poderosa-cauda-para-se-defender\/"]}]},{"@type":"ImageObject","inLanguage":"pt-BR","@id":"https:\/\/jornalfatosenoticias.com.br\/index.php\/2024\/03\/20\/lagarto-de-cauda-espinhosa-e-um-minidragao-que-usa-sua-poderosa-cauda-para-se-defender\/#primaryimage","url":"https:\/\/jornalfatosenoticias.com.br\/wp-content\/uploads\/2024\/03\/minidragao_butantan.jpg","contentUrl":"https:\/\/jornalfatosenoticias.com.br\/wp-content\/uploads\/2024\/03\/minidragao_butantan.jpg","width":750,"height":500},{"@type":"BreadcrumbList","@id":"https:\/\/jornalfatosenoticias.com.br\/index.php\/2024\/03\/20\/lagarto-de-cauda-espinhosa-e-um-minidragao-que-usa-sua-poderosa-cauda-para-se-defender\/#breadcrumb","itemListElement":[{"@type":"ListItem","position":1,"name":"In\u00edcio","item":"https:\/\/jornalfatosenoticias.com.br\/"},{"@type":"ListItem","position":2,"name":"Lagarto-de-cauda-espinhosa \u00e9 um \u201cminidrag\u00e3o\u201d que usa sua poderosa cauda para se defender"}]},{"@type":"WebSite","@id":"https:\/\/jornalfatosenoticias.com.br\/#website","url":"https:\/\/jornalfatosenoticias.com.br\/","name":"Jornal Fatos e Not\u00edcias","description":"Not\u00edcias em geral","publisher":{"@id":"https:\/\/jornalfatosenoticias.com.br\/#organization"},"potentialAction":[{"@type":"SearchAction","target":{"@type":"EntryPoint","urlTemplate":"https:\/\/jornalfatosenoticias.com.br\/?s={search_term_string}"},"query-input":{"@type":"PropertyValueSpecification","valueRequired":true,"valueName":"search_term_string"}}],"inLanguage":"pt-BR"},{"@type":"Organization","@id":"https:\/\/jornalfatosenoticias.com.br\/#organization","name":"Jornal Fatos e Not\u00edcias","url":"https:\/\/jornalfatosenoticias.com.br\/","logo":{"@type":"ImageObject","inLanguage":"pt-BR","@id":"https:\/\/jornalfatosenoticias.com.br\/#\/schema\/logo\/image\/","url":"https:\/\/jornalfatosenoticias.com.br\/wp-content\/uploads\/2020\/02\/logo120.png","contentUrl":"https:\/\/jornalfatosenoticias.com.br\/wp-content\/uploads\/2020\/02\/logo120.png","width":1227,"height":120,"caption":"Jornal Fatos e Not\u00edcias"},"image":{"@id":"https:\/\/jornalfatosenoticias.com.br\/#\/schema\/logo\/image\/"}},{"@type":"Person","@id":"https:\/\/jornalfatosenoticias.com.br\/#\/schema\/person\/d63837fa13ac8666eb9e74e0985d6f81","name":"Luzimara Fernandes","image":{"@type":"ImageObject","inLanguage":"pt-BR","@id":"https:\/\/jornalfatosenoticias.com.br\/#\/schema\/person\/image\/","url":"https:\/\/jornalfatosenoticias.com.br\/wp-content\/uploads\/2025\/05\/EU_portal.jpg","contentUrl":"https:\/\/jornalfatosenoticias.com.br\/wp-content\/uploads\/2025\/05\/EU_portal.jpg","caption":"Luzimara Fernandes"},"description":"Jornalista MTB 2358-ES","sameAs":["https:\/\/jornalfatosenoticias.com.br"],"url":"https:\/\/jornalfatosenoticias.com.br\/index.php\/author\/luzimara\/"}]}},"cc_featured_image_caption":{"caption_text":"(Foto: Comunica\u00e7\u00e3o Butantan)","source_text":"","source_url":""},"jetpack_featured_media_url":"https:\/\/jornalfatosenoticias.com.br\/wp-content\/uploads\/2024\/03\/minidragao_butantan.jpg","_links":{"self":[{"href":"https:\/\/jornalfatosenoticias.com.br\/index.php\/wp-json\/wp\/v2\/posts\/50032","targetHints":{"allow":["GET"]}}],"collection":[{"href":"https:\/\/jornalfatosenoticias.com.br\/index.php\/wp-json\/wp\/v2\/posts"}],"about":[{"href":"https:\/\/jornalfatosenoticias.com.br\/index.php\/wp-json\/wp\/v2\/types\/post"}],"author":[{"embeddable":true,"href":"https:\/\/jornalfatosenoticias.com.br\/index.php\/wp-json\/wp\/v2\/users\/2"}],"replies":[{"embeddable":true,"href":"https:\/\/jornalfatosenoticias.com.br\/index.php\/wp-json\/wp\/v2\/comments?post=50032"}],"version-history":[{"count":0,"href":"https:\/\/jornalfatosenoticias.com.br\/index.php\/wp-json\/wp\/v2\/posts\/50032\/revisions"}],"wp:featuredmedia":[{"embeddable":true,"href":"https:\/\/jornalfatosenoticias.com.br\/index.php\/wp-json\/wp\/v2\/media\/50035"}],"wp:attachment":[{"href":"https:\/\/jornalfatosenoticias.com.br\/index.php\/wp-json\/wp\/v2\/media?parent=50032"}],"wp:term":[{"taxonomy":"category","embeddable":true,"href":"https:\/\/jornalfatosenoticias.com.br\/index.php\/wp-json\/wp\/v2\/categories?post=50032"},{"taxonomy":"post_tag","embeddable":true,"href":"https:\/\/jornalfatosenoticias.com.br\/index.php\/wp-json\/wp\/v2\/tags?post=50032"}],"curies":[{"name":"wp","href":"https:\/\/api.w.org\/{rel}","templated":true}]}}