{"id":50061,"date":"2024-03-20T11:02:11","date_gmt":"2024-03-20T14:02:11","guid":{"rendered":"https:\/\/jornalfatosenoticias.com.br\/?p=50061"},"modified":"2024-03-20T11:02:12","modified_gmt":"2024-03-20T14:02:12","slug":"ao-menos-dez-pessoas-que-protestaram-contra-o-regime-cubano-no-final-de-semana-foram-presas","status":"publish","type":"post","link":"https:\/\/jornalfatosenoticias.com.br\/index.php\/2024\/03\/20\/ao-menos-dez-pessoas-que-protestaram-contra-o-regime-cubano-no-final-de-semana-foram-presas\/","title":{"rendered":"Ao menos dez pessoas que protestaram contra o regime cubano no final de semana foram presas"},"content":{"rendered":"\n<p><em><span class=\"has-inline-color has-black-color\">Cubanos protestando na Fl\u00f3rida, nos EUA, contra o regime comunista<\/span><\/em><\/p>\n\n\n\n<p><span class=\"has-inline-color has-black-color\">Por <strong><a href=\"https:\/\/www.gazetadopovo.com.br\/autor\/isabella-de-paula\/\">Isabella de Paula<\/a><\/strong><\/span><\/p>\n\n\n\n<div class=\"wp-block-image\"><figure class=\"aligncenter size-large is-resized\"><img loading=\"lazy\" decoding=\"async\" src=\"https:\/\/jornalfatosenoticias.com.br\/wp-content\/uploads\/2023\/12\/pegoretti-logo-pdf-1024x389.jpg\" alt=\"\" class=\"wp-image-47536\" width=\"469\" height=\"178\" srcset=\"https:\/\/jornalfatosenoticias.com.br\/wp-content\/uploads\/2023\/12\/pegoretti-logo-pdf-1024x389.jpg 1024w, https:\/\/jornalfatosenoticias.com.br\/wp-content\/uploads\/2023\/12\/pegoretti-logo-pdf-300x114.jpg 300w, https:\/\/jornalfatosenoticias.com.br\/wp-content\/uploads\/2023\/12\/pegoretti-logo-pdf-768x291.jpg 768w, https:\/\/jornalfatosenoticias.com.br\/wp-content\/uploads\/2023\/12\/pegoretti-logo-pdf.jpg 1120w\" sizes=\"auto, (max-width: 469px) 100vw, 469px\" \/><\/figure><\/div>\n\n\n\n<p>A ONG justi\u00e7a J11 denunciou, nesta ter\u00e7a-feira (19), que pelo menos 10 pessoas foram presas arbitrariamente durante os <a href=\"https:\/\/www.gazetadopovo.com.br\/mundo\/sem-comida-e-eletricidade-explode-a-revolta-dos-cubanos-contra-a-ditadura\/?ref=link-interno-materia\">protestos massivos do final de semana<\/a> contra a ditadura de Miguel D\u00edaz-Canel e a crise que assola a ilha.<br>Por meio de um comunicado, a organiza\u00e7\u00e3o informou sobre a pris\u00e3o de manifestantes que participaram dos protestos na cidade de Bayam, no \u00faltimo domingo (17). Duas das v\u00edtimas identificadas pela organiza\u00e7\u00e3o foram libertadas, enquanto a situa\u00e7\u00e3o dos restantes detidos ainda n\u00e3o foi confirmada.<br>Um dos presos, Leandro Tamayo Tito, foi libertado ap\u00f3s pagar uma multa de 3.000 pesos por \u201cdesordem p\u00fablica\u201d, embora tenha sido obrigado a deixar a prov\u00edncia e retornar ao seu local de resid\u00eancia. Por outro lado, o estado de Ra\u00fal Gonz\u00e1lez, outro dos detidos, permanece desconhecido.<\/p>\n\n\n\n<div class=\"wp-block-image\"><figure class=\"aligncenter size-large\"><img loading=\"lazy\" decoding=\"async\" width=\"300\" height=\"250\" src=\"https:\/\/jornalfatosenoticias.com.br\/wp-content\/uploads\/2022\/02\/FERRARI_MAQUINAS-E-FERRAMENTAS2.jpg\" alt=\"\" class=\"wp-image-27860\"\/><\/figure><\/div>\n\n\n\n<p>A ONG Cubalex tamb\u00e9m confirmou v\u00e1rias deten\u00e7\u00f5es violentas em Santiago, a segunda maior cidade do pa\u00eds, onde, al\u00e9m da forte presen\u00e7a policial, o regime de Canel utilizou o corte da internet como ferramenta para evitar a propaga\u00e7\u00e3o das manifesta\u00e7\u00f5es.<\/p>\n\n\n\n<div class=\"wp-block-image\"><figure class=\"aligncenter size-large is-resized\"><img loading=\"lazy\" decoding=\"async\" src=\"https:\/\/jornalfatosenoticias.com.br\/wp-content\/uploads\/2023\/03\/nova-logo-Marquetti.jpg\" alt=\"\" class=\"wp-image-40207\" width=\"288\" height=\"193\" srcset=\"https:\/\/jornalfatosenoticias.com.br\/wp-content\/uploads\/2023\/03\/nova-logo-Marquetti.jpg 643w, https:\/\/jornalfatosenoticias.com.br\/wp-content\/uploads\/2023\/03\/nova-logo-Marquetti-300x202.jpg 300w\" sizes=\"auto, (max-width: 288px) 100vw, 288px\" \/><\/figure><\/div>\n\n\n\n<p>A popula\u00e7\u00e3o foi \u00e0s ruas em um dos maiores protestos desde o de julho de 2011 para expressar descontentamento generalizado pelos prolongados\u00a0cortes de energia\u00a0e pela falta de alimentos, realidade vivenciada diariamente em Cuba h\u00e1 pelo menos tr\u00eas anos.<\/p>\n\n\n\n<div class=\"wp-block-image\"><figure class=\"aligncenter size-large is-resized\"><img loading=\"lazy\" decoding=\"async\" src=\"https:\/\/jornalfatosenoticias.com.br\/wp-content\/uploads\/2023\/09\/vetorvix1024_1.jpg\" alt=\"\" class=\"wp-image-44868\" width=\"539\" height=\"143\" srcset=\"https:\/\/jornalfatosenoticias.com.br\/wp-content\/uploads\/2023\/09\/vetorvix1024_1.jpg 1024w, https:\/\/jornalfatosenoticias.com.br\/wp-content\/uploads\/2023\/09\/vetorvix1024_1-300x80.jpg 300w, https:\/\/jornalfatosenoticias.com.br\/wp-content\/uploads\/2023\/09\/vetorvix1024_1-768x205.jpg 768w\" sizes=\"auto, (max-width: 539px) 100vw, 539px\" \/><\/figure><\/div>\n\n\n\n<p>As condi\u00e7\u00f5es prec\u00e1rias de vida dos cubanos provocou um \u00eaxodo hist\u00f3rico, que levou mais de 400 mil pessoas a migrarem para fora da ilha, principalmente para os EUA, nos \u00faltimos anos.<\/p>\n\n\n\n<div class=\"wp-block-image\"><figure class=\"aligncenter size-large\"><img decoding=\"async\" src=\"https:\/\/jornalfatosenoticias.com.br\/wp-content\/uploads\/2020\/02\/logo_esteio.jpg\" alt=\"\" class=\"wp-image-1214\"\/><\/figure><\/div>\n\n\n\n<p><strong><em>Fonte: <a href=\"https:\/\/www.gazetadopovo.com.br\/mundo\/ao-menos-dez-pessoas-que-protestaram-contra-o-regime-cubano-no-final-de-semana-foram-presas\/\">Gazeta do Povo<\/a><\/em><\/strong><\/p>\n","protected":false},"excerpt":{"rendered":"<p>Cubanos protestando na Fl\u00f3rida, nos EUA, contra o regime comunista Por Isabella de Paula A ONG justi\u00e7a J11 denunciou, nesta ter\u00e7a-feira (19), que pelo menos 10 pessoas foram presas arbitrariamente durante os protestos massivos do final de semana contra a ditadura de Miguel D\u00edaz-Canel e a crise que assola a ilha.Por meio de um comunicado, [&hellip;]<\/p>\n","protected":false},"author":2,"featured_media":50062,"comment_status":"open","ping_status":"open","sticky":false,"template":"","format":"standard","meta":{"footnotes":""},"categories":[41],"tags":[5043,10124,775,20440,3070],"class_list":["post-50061","post","type-post","status-publish","format-standard","has-post-thumbnail","hentry","category-internacional","tag-cuba","tag-manifestacoes","tag-ong","tag-prisoes","tag-protestos"],"yoast_head":"<!-- This site is optimized with the Yoast SEO plugin v26.5 - https:\/\/yoast.com\/wordpress\/plugins\/seo\/ -->\n<title>Ao menos dez pessoas que protestaram contra o regime cubano no final de semana foram presas - Jornal Fatos e Not\u00edcias<\/title>\n<meta name=\"robots\" content=\"index, follow, max-snippet:-1, max-image-preview:large, max-video-preview:-1\" \/>\n<link rel=\"canonical\" href=\"https:\/\/jornalfatosenoticias.com.br\/index.php\/2024\/03\/20\/ao-menos-dez-pessoas-que-protestaram-contra-o-regime-cubano-no-final-de-semana-foram-presas\/\" \/>\n<meta property=\"og:locale\" content=\"pt_BR\" \/>\n<meta property=\"og:type\" content=\"article\" \/>\n<meta property=\"og:title\" content=\"Ao menos dez pessoas que protestaram contra o regime cubano no final de semana foram presas - Jornal Fatos e Not\u00edcias\" \/>\n<meta property=\"og:description\" content=\"Cubanos protestando na Fl\u00f3rida, nos EUA, contra o regime comunista Por Isabella de Paula A ONG justi\u00e7a J11 denunciou, nesta ter\u00e7a-feira (19), que pelo menos 10 pessoas foram presas arbitrariamente durante os protestos massivos do final de semana contra a ditadura de Miguel D\u00edaz-Canel e a crise que assola a ilha.Por meio de um comunicado, [&hellip;]\" \/>\n<meta property=\"og:url\" content=\"https:\/\/jornalfatosenoticias.com.br\/index.php\/2024\/03\/20\/ao-menos-dez-pessoas-que-protestaram-contra-o-regime-cubano-no-final-de-semana-foram-presas\/\" \/>\n<meta property=\"og:site_name\" content=\"Jornal Fatos e Not\u00edcias\" \/>\n<meta property=\"article:published_time\" content=\"2024-03-20T14:02:11+00:00\" \/>\n<meta property=\"article:modified_time\" content=\"2024-03-20T14:02:12+00:00\" \/>\n<meta property=\"og:image\" content=\"https:\/\/jornalfatosenoticias.com.br\/wp-content\/uploads\/2024\/03\/cubanos.jpg\" \/>\n\t<meta property=\"og:image:width\" content=\"960\" \/>\n\t<meta property=\"og:image:height\" content=\"540\" \/>\n\t<meta property=\"og:image:type\" content=\"image\/jpeg\" \/>\n<meta name=\"author\" content=\"Luzimara Fernandes\" \/>\n<meta name=\"twitter:card\" content=\"summary_large_image\" \/>\n<meta name=\"twitter:label1\" content=\"Escrito por\" \/>\n\t<meta name=\"twitter:data1\" content=\"Luzimara Fernandes\" \/>\n\t<meta name=\"twitter:label2\" content=\"Est. tempo de leitura\" \/>\n\t<meta name=\"twitter:data2\" content=\"1 minuto\" \/>\n<script type=\"application\/ld+json\" class=\"yoast-schema-graph\">{\"@context\":\"https:\/\/schema.org\",\"@graph\":[{\"@type\":\"Article\",\"@id\":\"https:\/\/jornalfatosenoticias.com.br\/index.php\/2024\/03\/20\/ao-menos-dez-pessoas-que-protestaram-contra-o-regime-cubano-no-final-de-semana-foram-presas\/#article\",\"isPartOf\":{\"@id\":\"https:\/\/jornalfatosenoticias.com.br\/index.php\/2024\/03\/20\/ao-menos-dez-pessoas-que-protestaram-contra-o-regime-cubano-no-final-de-semana-foram-presas\/\"},\"author\":{\"name\":\"Luzimara Fernandes\",\"@id\":\"https:\/\/jornalfatosenoticias.com.br\/#\/schema\/person\/d63837fa13ac8666eb9e74e0985d6f81\"},\"headline\":\"Ao menos dez pessoas que protestaram contra o regime cubano no final de semana foram presas\",\"datePublished\":\"2024-03-20T14:02:11+00:00\",\"dateModified\":\"2024-03-20T14:02:12+00:00\",\"mainEntityOfPage\":{\"@id\":\"https:\/\/jornalfatosenoticias.com.br\/index.php\/2024\/03\/20\/ao-menos-dez-pessoas-que-protestaram-contra-o-regime-cubano-no-final-de-semana-foram-presas\/\"},\"wordCount\":293,\"commentCount\":0,\"publisher\":{\"@id\":\"https:\/\/jornalfatosenoticias.com.br\/#organization\"},\"image\":{\"@id\":\"https:\/\/jornalfatosenoticias.com.br\/index.php\/2024\/03\/20\/ao-menos-dez-pessoas-que-protestaram-contra-o-regime-cubano-no-final-de-semana-foram-presas\/#primaryimage\"},\"thumbnailUrl\":\"https:\/\/jornalfatosenoticias.com.br\/wp-content\/uploads\/2024\/03\/cubanos.jpg\",\"keywords\":[\"Cuba\",\"manifesta\u00e7\u00f5es\",\"ONG\",\"pris\u00f5es\",\"protestos\"],\"articleSection\":[\"Internacional\"],\"inLanguage\":\"pt-BR\",\"potentialAction\":[{\"@type\":\"CommentAction\",\"name\":\"Comment\",\"target\":[\"https:\/\/jornalfatosenoticias.com.br\/index.php\/2024\/03\/20\/ao-menos-dez-pessoas-que-protestaram-contra-o-regime-cubano-no-final-de-semana-foram-presas\/#respond\"]}]},{\"@type\":\"WebPage\",\"@id\":\"https:\/\/jornalfatosenoticias.com.br\/index.php\/2024\/03\/20\/ao-menos-dez-pessoas-que-protestaram-contra-o-regime-cubano-no-final-de-semana-foram-presas\/\",\"url\":\"https:\/\/jornalfatosenoticias.com.br\/index.php\/2024\/03\/20\/ao-menos-dez-pessoas-que-protestaram-contra-o-regime-cubano-no-final-de-semana-foram-presas\/\",\"name\":\"Ao menos dez pessoas que protestaram contra o regime cubano no final de semana foram presas - Jornal Fatos e Not\u00edcias\",\"isPartOf\":{\"@id\":\"https:\/\/jornalfatosenoticias.com.br\/#website\"},\"primaryImageOfPage\":{\"@id\":\"https:\/\/jornalfatosenoticias.com.br\/index.php\/2024\/03\/20\/ao-menos-dez-pessoas-que-protestaram-contra-o-regime-cubano-no-final-de-semana-foram-presas\/#primaryimage\"},\"image\":{\"@id\":\"https:\/\/jornalfatosenoticias.com.br\/index.php\/2024\/03\/20\/ao-menos-dez-pessoas-que-protestaram-contra-o-regime-cubano-no-final-de-semana-foram-presas\/#primaryimage\"},\"thumbnailUrl\":\"https:\/\/jornalfatosenoticias.com.br\/wp-content\/uploads\/2024\/03\/cubanos.jpg\",\"datePublished\":\"2024-03-20T14:02:11+00:00\",\"dateModified\":\"2024-03-20T14:02:12+00:00\",\"breadcrumb\":{\"@id\":\"https:\/\/jornalfatosenoticias.com.br\/index.php\/2024\/03\/20\/ao-menos-dez-pessoas-que-protestaram-contra-o-regime-cubano-no-final-de-semana-foram-presas\/#breadcrumb\"},\"inLanguage\":\"pt-BR\",\"potentialAction\":[{\"@type\":\"ReadAction\",\"target\":[\"https:\/\/jornalfatosenoticias.com.br\/index.php\/2024\/03\/20\/ao-menos-dez-pessoas-que-protestaram-contra-o-regime-cubano-no-final-de-semana-foram-presas\/\"]}]},{\"@type\":\"ImageObject\",\"inLanguage\":\"pt-BR\",\"@id\":\"https:\/\/jornalfatosenoticias.com.br\/index.php\/2024\/03\/20\/ao-menos-dez-pessoas-que-protestaram-contra-o-regime-cubano-no-final-de-semana-foram-presas\/#primaryimage\",\"url\":\"https:\/\/jornalfatosenoticias.com.br\/wp-content\/uploads\/2024\/03\/cubanos.jpg\",\"contentUrl\":\"https:\/\/jornalfatosenoticias.com.br\/wp-content\/uploads\/2024\/03\/cubanos.jpg\",\"width\":960,\"height\":540},{\"@type\":\"BreadcrumbList\",\"@id\":\"https:\/\/jornalfatosenoticias.com.br\/index.php\/2024\/03\/20\/ao-menos-dez-pessoas-que-protestaram-contra-o-regime-cubano-no-final-de-semana-foram-presas\/#breadcrumb\",\"itemListElement\":[{\"@type\":\"ListItem\",\"position\":1,\"name\":\"In\u00edcio\",\"item\":\"https:\/\/jornalfatosenoticias.com.br\/\"},{\"@type\":\"ListItem\",\"position\":2,\"name\":\"Ao menos dez pessoas que protestaram contra o regime cubano no final de semana foram presas\"}]},{\"@type\":\"WebSite\",\"@id\":\"https:\/\/jornalfatosenoticias.com.br\/#website\",\"url\":\"https:\/\/jornalfatosenoticias.com.br\/\",\"name\":\"Jornal Fatos e Not\u00edcias\",\"description\":\"Not\u00edcias em geral\",\"publisher\":{\"@id\":\"https:\/\/jornalfatosenoticias.com.br\/#organization\"},\"potentialAction\":[{\"@type\":\"SearchAction\",\"target\":{\"@type\":\"EntryPoint\",\"urlTemplate\":\"https:\/\/jornalfatosenoticias.com.br\/?s={search_term_string}\"},\"query-input\":{\"@type\":\"PropertyValueSpecification\",\"valueRequired\":true,\"valueName\":\"search_term_string\"}}],\"inLanguage\":\"pt-BR\"},{\"@type\":\"Organization\",\"@id\":\"https:\/\/jornalfatosenoticias.com.br\/#organization\",\"name\":\"Jornal Fatos e Not\u00edcias\",\"url\":\"https:\/\/jornalfatosenoticias.com.br\/\",\"logo\":{\"@type\":\"ImageObject\",\"inLanguage\":\"pt-BR\",\"@id\":\"https:\/\/jornalfatosenoticias.com.br\/#\/schema\/logo\/image\/\",\"url\":\"https:\/\/jornalfatosenoticias.com.br\/wp-content\/uploads\/2020\/02\/logo120.png\",\"contentUrl\":\"https:\/\/jornalfatosenoticias.com.br\/wp-content\/uploads\/2020\/02\/logo120.png\",\"width\":1227,\"height\":120,\"caption\":\"Jornal Fatos e Not\u00edcias\"},\"image\":{\"@id\":\"https:\/\/jornalfatosenoticias.com.br\/#\/schema\/logo\/image\/\"}},{\"@type\":\"Person\",\"@id\":\"https:\/\/jornalfatosenoticias.com.br\/#\/schema\/person\/d63837fa13ac8666eb9e74e0985d6f81\",\"name\":\"Luzimara Fernandes\",\"image\":{\"@type\":\"ImageObject\",\"inLanguage\":\"pt-BR\",\"@id\":\"https:\/\/jornalfatosenoticias.com.br\/#\/schema\/person\/image\/\",\"url\":\"https:\/\/jornalfatosenoticias.com.br\/wp-content\/uploads\/2025\/05\/EU_portal.jpg\",\"contentUrl\":\"https:\/\/jornalfatosenoticias.com.br\/wp-content\/uploads\/2025\/05\/EU_portal.jpg\",\"caption\":\"Luzimara Fernandes\"},\"description\":\"Jornalista MTB 2358-ES\",\"sameAs\":[\"https:\/\/jornalfatosenoticias.com.br\"],\"url\":\"https:\/\/jornalfatosenoticias.com.br\/index.php\/author\/luzimara\/\"}]}<\/script>\n<!-- \/ Yoast SEO plugin. -->","yoast_head_json":{"title":"Ao menos dez pessoas que protestaram contra o regime cubano no final de semana foram presas - Jornal Fatos e Not\u00edcias","robots":{"index":"index","follow":"follow","max-snippet":"max-snippet:-1","max-image-preview":"max-image-preview:large","max-video-preview":"max-video-preview:-1"},"canonical":"https:\/\/jornalfatosenoticias.com.br\/index.php\/2024\/03\/20\/ao-menos-dez-pessoas-que-protestaram-contra-o-regime-cubano-no-final-de-semana-foram-presas\/","og_locale":"pt_BR","og_type":"article","og_title":"Ao menos dez pessoas que protestaram contra o regime cubano no final de semana foram presas - Jornal Fatos e Not\u00edcias","og_description":"Cubanos protestando na Fl\u00f3rida, nos EUA, contra o regime comunista Por Isabella de Paula A ONG justi\u00e7a J11 denunciou, nesta ter\u00e7a-feira (19), que pelo menos 10 pessoas foram presas arbitrariamente durante os protestos massivos do final de semana contra a ditadura de Miguel D\u00edaz-Canel e a crise que assola a ilha.Por meio de um comunicado, [&hellip;]","og_url":"https:\/\/jornalfatosenoticias.com.br\/index.php\/2024\/03\/20\/ao-menos-dez-pessoas-que-protestaram-contra-o-regime-cubano-no-final-de-semana-foram-presas\/","og_site_name":"Jornal Fatos e Not\u00edcias","article_published_time":"2024-03-20T14:02:11+00:00","article_modified_time":"2024-03-20T14:02:12+00:00","og_image":[{"width":960,"height":540,"url":"https:\/\/jornalfatosenoticias.com.br\/wp-content\/uploads\/2024\/03\/cubanos.jpg","type":"image\/jpeg"}],"author":"Luzimara Fernandes","twitter_card":"summary_large_image","twitter_misc":{"Escrito por":"Luzimara Fernandes","Est. tempo de leitura":"1 minuto"},"schema":{"@context":"https:\/\/schema.org","@graph":[{"@type":"Article","@id":"https:\/\/jornalfatosenoticias.com.br\/index.php\/2024\/03\/20\/ao-menos-dez-pessoas-que-protestaram-contra-o-regime-cubano-no-final-de-semana-foram-presas\/#article","isPartOf":{"@id":"https:\/\/jornalfatosenoticias.com.br\/index.php\/2024\/03\/20\/ao-menos-dez-pessoas-que-protestaram-contra-o-regime-cubano-no-final-de-semana-foram-presas\/"},"author":{"name":"Luzimara Fernandes","@id":"https:\/\/jornalfatosenoticias.com.br\/#\/schema\/person\/d63837fa13ac8666eb9e74e0985d6f81"},"headline":"Ao menos dez pessoas que protestaram contra o regime cubano no final de semana foram presas","datePublished":"2024-03-20T14:02:11+00:00","dateModified":"2024-03-20T14:02:12+00:00","mainEntityOfPage":{"@id":"https:\/\/jornalfatosenoticias.com.br\/index.php\/2024\/03\/20\/ao-menos-dez-pessoas-que-protestaram-contra-o-regime-cubano-no-final-de-semana-foram-presas\/"},"wordCount":293,"commentCount":0,"publisher":{"@id":"https:\/\/jornalfatosenoticias.com.br\/#organization"},"image":{"@id":"https:\/\/jornalfatosenoticias.com.br\/index.php\/2024\/03\/20\/ao-menos-dez-pessoas-que-protestaram-contra-o-regime-cubano-no-final-de-semana-foram-presas\/#primaryimage"},"thumbnailUrl":"https:\/\/jornalfatosenoticias.com.br\/wp-content\/uploads\/2024\/03\/cubanos.jpg","keywords":["Cuba","manifesta\u00e7\u00f5es","ONG","pris\u00f5es","protestos"],"articleSection":["Internacional"],"inLanguage":"pt-BR","potentialAction":[{"@type":"CommentAction","name":"Comment","target":["https:\/\/jornalfatosenoticias.com.br\/index.php\/2024\/03\/20\/ao-menos-dez-pessoas-que-protestaram-contra-o-regime-cubano-no-final-de-semana-foram-presas\/#respond"]}]},{"@type":"WebPage","@id":"https:\/\/jornalfatosenoticias.com.br\/index.php\/2024\/03\/20\/ao-menos-dez-pessoas-que-protestaram-contra-o-regime-cubano-no-final-de-semana-foram-presas\/","url":"https:\/\/jornalfatosenoticias.com.br\/index.php\/2024\/03\/20\/ao-menos-dez-pessoas-que-protestaram-contra-o-regime-cubano-no-final-de-semana-foram-presas\/","name":"Ao menos dez pessoas que protestaram contra o regime cubano no final de semana foram presas - Jornal Fatos e Not\u00edcias","isPartOf":{"@id":"https:\/\/jornalfatosenoticias.com.br\/#website"},"primaryImageOfPage":{"@id":"https:\/\/jornalfatosenoticias.com.br\/index.php\/2024\/03\/20\/ao-menos-dez-pessoas-que-protestaram-contra-o-regime-cubano-no-final-de-semana-foram-presas\/#primaryimage"},"image":{"@id":"https:\/\/jornalfatosenoticias.com.br\/index.php\/2024\/03\/20\/ao-menos-dez-pessoas-que-protestaram-contra-o-regime-cubano-no-final-de-semana-foram-presas\/#primaryimage"},"thumbnailUrl":"https:\/\/jornalfatosenoticias.com.br\/wp-content\/uploads\/2024\/03\/cubanos.jpg","datePublished":"2024-03-20T14:02:11+00:00","dateModified":"2024-03-20T14:02:12+00:00","breadcrumb":{"@id":"https:\/\/jornalfatosenoticias.com.br\/index.php\/2024\/03\/20\/ao-menos-dez-pessoas-que-protestaram-contra-o-regime-cubano-no-final-de-semana-foram-presas\/#breadcrumb"},"inLanguage":"pt-BR","potentialAction":[{"@type":"ReadAction","target":["https:\/\/jornalfatosenoticias.com.br\/index.php\/2024\/03\/20\/ao-menos-dez-pessoas-que-protestaram-contra-o-regime-cubano-no-final-de-semana-foram-presas\/"]}]},{"@type":"ImageObject","inLanguage":"pt-BR","@id":"https:\/\/jornalfatosenoticias.com.br\/index.php\/2024\/03\/20\/ao-menos-dez-pessoas-que-protestaram-contra-o-regime-cubano-no-final-de-semana-foram-presas\/#primaryimage","url":"https:\/\/jornalfatosenoticias.com.br\/wp-content\/uploads\/2024\/03\/cubanos.jpg","contentUrl":"https:\/\/jornalfatosenoticias.com.br\/wp-content\/uploads\/2024\/03\/cubanos.jpg","width":960,"height":540},{"@type":"BreadcrumbList","@id":"https:\/\/jornalfatosenoticias.com.br\/index.php\/2024\/03\/20\/ao-menos-dez-pessoas-que-protestaram-contra-o-regime-cubano-no-final-de-semana-foram-presas\/#breadcrumb","itemListElement":[{"@type":"ListItem","position":1,"name":"In\u00edcio","item":"https:\/\/jornalfatosenoticias.com.br\/"},{"@type":"ListItem","position":2,"name":"Ao menos dez pessoas que protestaram contra o regime cubano no final de semana foram presas"}]},{"@type":"WebSite","@id":"https:\/\/jornalfatosenoticias.com.br\/#website","url":"https:\/\/jornalfatosenoticias.com.br\/","name":"Jornal Fatos e Not\u00edcias","description":"Not\u00edcias em geral","publisher":{"@id":"https:\/\/jornalfatosenoticias.com.br\/#organization"},"potentialAction":[{"@type":"SearchAction","target":{"@type":"EntryPoint","urlTemplate":"https:\/\/jornalfatosenoticias.com.br\/?s={search_term_string}"},"query-input":{"@type":"PropertyValueSpecification","valueRequired":true,"valueName":"search_term_string"}}],"inLanguage":"pt-BR"},{"@type":"Organization","@id":"https:\/\/jornalfatosenoticias.com.br\/#organization","name":"Jornal Fatos e Not\u00edcias","url":"https:\/\/jornalfatosenoticias.com.br\/","logo":{"@type":"ImageObject","inLanguage":"pt-BR","@id":"https:\/\/jornalfatosenoticias.com.br\/#\/schema\/logo\/image\/","url":"https:\/\/jornalfatosenoticias.com.br\/wp-content\/uploads\/2020\/02\/logo120.png","contentUrl":"https:\/\/jornalfatosenoticias.com.br\/wp-content\/uploads\/2020\/02\/logo120.png","width":1227,"height":120,"caption":"Jornal Fatos e Not\u00edcias"},"image":{"@id":"https:\/\/jornalfatosenoticias.com.br\/#\/schema\/logo\/image\/"}},{"@type":"Person","@id":"https:\/\/jornalfatosenoticias.com.br\/#\/schema\/person\/d63837fa13ac8666eb9e74e0985d6f81","name":"Luzimara Fernandes","image":{"@type":"ImageObject","inLanguage":"pt-BR","@id":"https:\/\/jornalfatosenoticias.com.br\/#\/schema\/person\/image\/","url":"https:\/\/jornalfatosenoticias.com.br\/wp-content\/uploads\/2025\/05\/EU_portal.jpg","contentUrl":"https:\/\/jornalfatosenoticias.com.br\/wp-content\/uploads\/2025\/05\/EU_portal.jpg","caption":"Luzimara Fernandes"},"description":"Jornalista MTB 2358-ES","sameAs":["https:\/\/jornalfatosenoticias.com.br"],"url":"https:\/\/jornalfatosenoticias.com.br\/index.php\/author\/luzimara\/"}]}},"cc_featured_image_caption":{"caption_text":"(Foto: Reprodu\u00e7\u00e3o\/Gazeta do Povo)","source_text":"","source_url":""},"jetpack_featured_media_url":"https:\/\/jornalfatosenoticias.com.br\/wp-content\/uploads\/2024\/03\/cubanos.jpg","_links":{"self":[{"href":"https:\/\/jornalfatosenoticias.com.br\/index.php\/wp-json\/wp\/v2\/posts\/50061","targetHints":{"allow":["GET"]}}],"collection":[{"href":"https:\/\/jornalfatosenoticias.com.br\/index.php\/wp-json\/wp\/v2\/posts"}],"about":[{"href":"https:\/\/jornalfatosenoticias.com.br\/index.php\/wp-json\/wp\/v2\/types\/post"}],"author":[{"embeddable":true,"href":"https:\/\/jornalfatosenoticias.com.br\/index.php\/wp-json\/wp\/v2\/users\/2"}],"replies":[{"embeddable":true,"href":"https:\/\/jornalfatosenoticias.com.br\/index.php\/wp-json\/wp\/v2\/comments?post=50061"}],"version-history":[{"count":0,"href":"https:\/\/jornalfatosenoticias.com.br\/index.php\/wp-json\/wp\/v2\/posts\/50061\/revisions"}],"wp:featuredmedia":[{"embeddable":true,"href":"https:\/\/jornalfatosenoticias.com.br\/index.php\/wp-json\/wp\/v2\/media\/50062"}],"wp:attachment":[{"href":"https:\/\/jornalfatosenoticias.com.br\/index.php\/wp-json\/wp\/v2\/media?parent=50061"}],"wp:term":[{"taxonomy":"category","embeddable":true,"href":"https:\/\/jornalfatosenoticias.com.br\/index.php\/wp-json\/wp\/v2\/categories?post=50061"},{"taxonomy":"post_tag","embeddable":true,"href":"https:\/\/jornalfatosenoticias.com.br\/index.php\/wp-json\/wp\/v2\/tags?post=50061"}],"curies":[{"name":"wp","href":"https:\/\/api.w.org\/{rel}","templated":true}]}}