{"id":50103,"date":"2024-03-22T09:17:28","date_gmt":"2024-03-22T12:17:28","guid":{"rendered":"https:\/\/jornalfatosenoticias.com.br\/?p=50103"},"modified":"2024-03-22T09:17:30","modified_gmt":"2024-03-22T12:17:30","slug":"curiosidade-por-que-o-leite-de-flamingo-e-cor-de-rosa","status":"publish","type":"post","link":"https:\/\/jornalfatosenoticias.com.br\/index.php\/2024\/03\/22\/curiosidade-por-que-o-leite-de-flamingo-e-cor-de-rosa\/","title":{"rendered":"Curiosidade \u2014 Por que o leite de flamingo \u00e9 cor-de-rosa?"},"content":{"rendered":"\n<p><em><span class=\"has-inline-color has-black-color\">Como assim? Os p\u00e1ssaros produzem leite? A resposta \u00e9: nem todos<\/span><\/em><\/p>\n\n\n\n<p><span class=\"has-inline-color has-black-color\">Por <strong><a href=\"https:\/\/www.megacurioso.com.br\/autor\/jorge-marin\">Jorge Marin<\/a><\/strong><\/span><\/p>\n\n\n\n<div class=\"wp-block-image\"><figure class=\"aligncenter size-large\"><img loading=\"lazy\" decoding=\"async\" width=\"729\" height=\"90\" src=\"https:\/\/jornalfatosenoticias.com.br\/wp-content\/uploads\/2020\/02\/Logo_Mizu.png\" alt=\"\" class=\"wp-image-1441\" srcset=\"https:\/\/jornalfatosenoticias.com.br\/wp-content\/uploads\/2020\/02\/Logo_Mizu.png 729w, https:\/\/jornalfatosenoticias.com.br\/wp-content\/uploads\/2020\/02\/Logo_Mizu-300x37.png 300w\" sizes=\"auto, (max-width: 729px) 100vw, 729px\" \/><\/figure><\/div>\n\n\n\n<p>Antes de nos debru\u00e7armos sobre <a href=\"https:\/\/www.megacurioso.com.br\/ciencia\/119380-por-que-flamingos-ficam-apoiados-em-uma-perna-so.htm\" rel=\"noreferrer noopener\" target=\"_blank\">a quest\u00e3o da cor do leite de flamingo<\/a>\u00a0que, diga-se de passagem, pode tamb\u00e9m ser branco ou alaranjado, temos que esclarecer uma coisa:\u00a0<strong>como assim? Os p\u00e1ssaros produzem leite?<\/strong> A resposta \u00e9: nem todos.<br>Das 10 mil esp\u00e9cies de aves existentes, apenas tr\u00eas produzem leite: os pombos, os flamingos e os pinguins-imperadores. Esse leite de ave n\u00e3o \u00e9 como o leite de um mam\u00edfero, porque nenhum tipo de ave, nem mesmo essas tr\u00eas, t\u00eam mamilos.<br>E, apesar de bem parecido em termos de composi\u00e7\u00e3o e n\u00edvel nutritivo, o leite das aves n\u00e3o se parece muito com o leite de mam\u00edferos, tendo uma consist\u00eancia e uma apar\u00eancia semelhantes \u00e0 do queijo cottage, que \u00e9 resultado da coagula\u00e7\u00e3o do leite de vaca.<\/p>\n\n\n\n<div class=\"wp-block-image\"><figure class=\"aligncenter size-large\"><img loading=\"lazy\" decoding=\"async\" width=\"300\" height=\"250\" src=\"https:\/\/jornalfatosenoticias.com.br\/wp-content\/uploads\/2020\/02\/Banner-2.png\" alt=\"\" class=\"wp-image-43787\"\/><\/figure><\/div>\n\n\n\n<p>Para conseguir produzir leite, essas tr\u00eas esp\u00e9cies de aves o secretam em revestimentos existentes em seus papos, que se parecem com bolsas extras dos seus aparelhos digestivos. Curiosamente, o horm\u00f4nio que produz leite de pombo, de flamingo e de pinguim \u00e9 a prolactina, o mesmo que produz o leite que mamamos quando \u00e9ramos beb\u00eas.<\/p>\n\n\n\n<div class=\"wp-block-image\"><figure class=\"aligncenter size-large is-resized\"><img loading=\"lazy\" decoding=\"async\" src=\"https:\/\/jornalfatosenoticias.com.br\/wp-content\/uploads\/2023\/03\/nova-logo-Marquetti.jpg\" alt=\"\" class=\"wp-image-40207\" width=\"320\" height=\"215\" srcset=\"https:\/\/jornalfatosenoticias.com.br\/wp-content\/uploads\/2023\/03\/nova-logo-Marquetti.jpg 643w, https:\/\/jornalfatosenoticias.com.br\/wp-content\/uploads\/2023\/03\/nova-logo-Marquetti-300x202.jpg 300w\" sizes=\"auto, (max-width: 320px) 100vw, 320px\" \/><\/figure><\/div>\n\n\n\n<p><strong><span class=\"has-inline-color has-vivid-purple-color\">Como \u00e9 o leite dos flamingos?<br><\/span><\/strong>Em uma mat\u00e9ria com tantas revela\u00e7\u00f5es l\u00e1cteas, outra curiosidade \u00e9 que os flamingos, al\u00e9m de conhecidos pela sua inabal\u00e1vel monogamia, que os faz acasalar com o mesmo par pela vida inteira, tamb\u00e9m t\u00eam sua produ\u00e7\u00e3o de leite tanto pelas f\u00eameas quanto pelos machos.<\/p>\n\n\n\n<div class=\"wp-block-image\"><figure class=\"aligncenter size-large is-resized\"><img loading=\"lazy\" decoding=\"async\" src=\"https:\/\/jornalfatosenoticias.com.br\/wp-content\/uploads\/2023\/08\/BKR-1024x1021.jpg\" alt=\"\" class=\"wp-image-44494\" width=\"301\" height=\"300\" srcset=\"https:\/\/jornalfatosenoticias.com.br\/wp-content\/uploads\/2023\/08\/BKR-1024x1021.jpg 1024w, https:\/\/jornalfatosenoticias.com.br\/wp-content\/uploads\/2023\/08\/BKR-300x300.jpg 300w, https:\/\/jornalfatosenoticias.com.br\/wp-content\/uploads\/2023\/08\/BKR-150x150.jpg 150w, https:\/\/jornalfatosenoticias.com.br\/wp-content\/uploads\/2023\/08\/BKR-768x766.jpg 768w, https:\/\/jornalfatosenoticias.com.br\/wp-content\/uploads\/2023\/08\/BKR.jpg 1080w\" sizes=\"auto, (max-width: 301px) 100vw, 301px\" \/><\/figure><\/div>\n\n\n\n<p>Quando est\u00e3o prestes a se unir para a reprodu\u00e7\u00e3o, <a href=\"https:\/\/www.megacurioso.com.br\/ciencia\/119400-por-que-os-mamilos-doem-e-sao-tao-sensiveis.htm\" rel=\"noreferrer noopener\" target=\"_blank\">o casal de flamingos come\u00e7a a desenvolver suas gl\u00e2ndulas do papo<\/a>. O leite de papo \u00e9 produzido durante as semanas em que os filhotes est\u00e3o em fase de desenvolvimento, e eles dependem desse l\u00edquido que, al\u00e9m de nutritivo, tamb\u00e9m cont\u00e9m anticorpos essenciais para a prote\u00e7\u00e3o contra doen\u00e7as. Assim que os filhotes crescem e come\u00e7am a espichar os seus pesco\u00e7os, j\u00e1 come\u00e7am a se alimentar de s\u00f3lidos, mas mant\u00eam sua dieta de leite de papo at\u00e9 estarem completamente desmamados.<\/p>\n\n\n\n<div class=\"wp-block-image\"><figure class=\"aligncenter size-large\"><img loading=\"lazy\" decoding=\"async\" width=\"300\" height=\"250\" src=\"https:\/\/jornalfatosenoticias.com.br\/wp-content\/uploads\/2022\/02\/FERRARI_MAQUINAS-E-FERRAMENTAS2.jpg\" alt=\"\" class=\"wp-image-27860\"\/><\/figure><\/div>\n\n\n\n<p><strong><span class=\"has-inline-color has-vivid-purple-color\">Afinal, por que o leite de flamingo \u00e9 cor-de-rosa?<br><\/span><\/strong>\u00c9 importante destacar ainda que os filhotes s\u00f3 est\u00e3o prontos para o desmame quando seus bicos estiverem preparados para filtrar da \u00e1gua os pequenos organismos aqu\u00e1ticos (pl\u00e2ncton, crust\u00e1ceos, invertebrados, algas), dos quais se alimentam.<\/p>\n\n\n\n<div class=\"wp-block-image\"><figure class=\"aligncenter size-large is-resized\"><img loading=\"lazy\" decoding=\"async\" src=\"https:\/\/jornalfatosenoticias.com.br\/wp-content\/uploads\/2023\/03\/logo-Panper_portal.jpg\" alt=\"\" class=\"wp-image-40208\" width=\"355\" height=\"246\" srcset=\"https:\/\/jornalfatosenoticias.com.br\/wp-content\/uploads\/2023\/03\/logo-Panper_portal.jpg 400w, https:\/\/jornalfatosenoticias.com.br\/wp-content\/uploads\/2023\/03\/logo-Panper_portal-300x208.jpg 300w\" sizes=\"auto, (max-width: 355px) 100vw, 355px\" \/><\/figure><\/div>\n\n\n\n<p>Essa dieta b\u00e1sica dos flamingos adultos \u00e9 a respons\u00e1vel pelo tom cor-de-rosa, que chega a ser vermelho brilhante no leite de papo dessas aves. \u00c9 que, dentre as pequenas iguarias consumidas, est\u00e3o pequenos camar\u00f5es e algas que t\u00eam um pigmento org\u00e2nico conhecido como carotenoides.<\/p>\n\n\n\n<div class=\"wp-block-image\"><figure class=\"aligncenter size-large is-resized\"><img loading=\"lazy\" decoding=\"async\" src=\"https:\/\/jornalfatosenoticias.com.br\/wp-content\/uploads\/2024\/01\/consultoria-ambiental.jpg\" alt=\"\" class=\"wp-image-48314\" width=\"344\" height=\"311\" srcset=\"https:\/\/jornalfatosenoticias.com.br\/wp-content\/uploads\/2024\/01\/consultoria-ambiental.jpg 832w, https:\/\/jornalfatosenoticias.com.br\/wp-content\/uploads\/2024\/01\/consultoria-ambiental-300x272.jpg 300w, https:\/\/jornalfatosenoticias.com.br\/wp-content\/uploads\/2024\/01\/consultoria-ambiental-768x696.jpg 768w\" sizes=\"auto, (max-width: 344px) 100vw, 344px\" \/><\/figure><\/div>\n\n\n\n<p>Esse grupo de pigmentos naturais encontrado nos alimentos preferidos dos flamingos \u00e9 respons\u00e1vel por fornecer cores vibrantes, como tons de amarelo, laranja e vermelho. A combina\u00e7\u00e3o dessas cores acaba absorvida pelo corpo dessas aves aqu\u00e1ticas, e vai parar em suas penas vistosas, al\u00e9m de estar presente <a href=\"https:\/\/www.megacurioso.com.br\/ciencia\/119252-o-que-faz-os-filhotes-de-flamingo-ficarem-cor-de-rosa.htm\" rel=\"noreferrer noopener\" target=\"_blank\">na cor do leite de papo fornecido aos seus filhotes<\/a>.<\/p>\n\n\n\n<div class=\"wp-block-image\"><figure class=\"aligncenter size-large is-resized\"><img loading=\"lazy\" decoding=\"async\" src=\"https:\/\/jornalfatosenoticias.com.br\/wp-content\/uploads\/2023\/12\/pegoretti-logo-pdf-1024x389.jpg\" alt=\"\" class=\"wp-image-47536\" width=\"501\" height=\"190\" srcset=\"https:\/\/jornalfatosenoticias.com.br\/wp-content\/uploads\/2023\/12\/pegoretti-logo-pdf-1024x389.jpg 1024w, https:\/\/jornalfatosenoticias.com.br\/wp-content\/uploads\/2023\/12\/pegoretti-logo-pdf-300x114.jpg 300w, https:\/\/jornalfatosenoticias.com.br\/wp-content\/uploads\/2023\/12\/pegoretti-logo-pdf-768x291.jpg 768w, https:\/\/jornalfatosenoticias.com.br\/wp-content\/uploads\/2023\/12\/pegoretti-logo-pdf.jpg 1120w\" sizes=\"auto, (max-width: 501px) 100vw, 501px\" \/><\/figure><\/div>\n\n\n\n<p><strong><em>Fonte: <a href=\"https:\/\/www.megacurioso.com.br\/ciencia\/por-que-o-leite-de-flamingo-e-corderosa\">Mega Curioso<\/a><\/em><\/strong><\/p>\n","protected":false},"excerpt":{"rendered":"<p>Como assim? Os p\u00e1ssaros produzem leite? A resposta \u00e9: nem todos Por Jorge Marin Antes de nos debru\u00e7armos sobre a quest\u00e3o da cor do leite de flamingo\u00a0que, diga-se de passagem, pode tamb\u00e9m ser branco ou alaranjado, temos que esclarecer uma coisa:\u00a0como assim? Os p\u00e1ssaros produzem leite? A resposta \u00e9: nem todos.Das 10 mil esp\u00e9cies de [&hellip;]<\/p>\n","protected":false},"author":2,"featured_media":50104,"comment_status":"open","ping_status":"open","sticky":false,"template":"","format":"standard","meta":{"footnotes":""},"categories":[5],"tags":[23130,6284,19763,7017,23132,23131,180],"class_list":["post-50103","post","type-post","status-publish","format-standard","has-post-thumbnail","hentry","category-geral","tag-cor-de-rosa","tag-curiosidade","tag-flamingo","tag-leite","tag-leite-cor-de-rosa","tag-leite-de-flamingo","tag-passaros"],"yoast_head":"<!-- This site is optimized with the Yoast SEO plugin v26.5 - https:\/\/yoast.com\/wordpress\/plugins\/seo\/ -->\n<title>Curiosidade \u2014 Por que o leite de flamingo \u00e9 cor-de-rosa? - Jornal Fatos e Not\u00edcias<\/title>\n<meta name=\"robots\" content=\"index, follow, max-snippet:-1, max-image-preview:large, max-video-preview:-1\" \/>\n<link rel=\"canonical\" href=\"https:\/\/jornalfatosenoticias.com.br\/index.php\/2024\/03\/22\/curiosidade-por-que-o-leite-de-flamingo-e-cor-de-rosa\/\" \/>\n<meta property=\"og:locale\" content=\"pt_BR\" \/>\n<meta property=\"og:type\" content=\"article\" \/>\n<meta property=\"og:title\" content=\"Curiosidade \u2014 Por que o leite de flamingo \u00e9 cor-de-rosa? - Jornal Fatos e Not\u00edcias\" \/>\n<meta property=\"og:description\" content=\"Como assim? Os p\u00e1ssaros produzem leite? A resposta \u00e9: nem todos Por Jorge Marin Antes de nos debru\u00e7armos sobre a quest\u00e3o da cor do leite de flamingo\u00a0que, diga-se de passagem, pode tamb\u00e9m ser branco ou alaranjado, temos que esclarecer uma coisa:\u00a0como assim? Os p\u00e1ssaros produzem leite? A resposta \u00e9: nem todos.Das 10 mil esp\u00e9cies de [&hellip;]\" \/>\n<meta property=\"og:url\" content=\"https:\/\/jornalfatosenoticias.com.br\/index.php\/2024\/03\/22\/curiosidade-por-que-o-leite-de-flamingo-e-cor-de-rosa\/\" \/>\n<meta property=\"og:site_name\" content=\"Jornal Fatos e Not\u00edcias\" \/>\n<meta property=\"article:published_time\" content=\"2024-03-22T12:17:28+00:00\" \/>\n<meta property=\"article:modified_time\" content=\"2024-03-22T12:17:30+00:00\" \/>\n<meta property=\"og:image\" content=\"https:\/\/jornalfatosenoticias.com.br\/wp-content\/uploads\/2024\/03\/FLAMINGO_gettyimages.jpg\" \/>\n\t<meta property=\"og:image:width\" content=\"612\" \/>\n\t<meta property=\"og:image:height\" content=\"367\" \/>\n\t<meta property=\"og:image:type\" content=\"image\/jpeg\" \/>\n<meta name=\"author\" content=\"Luzimara Fernandes\" \/>\n<meta name=\"twitter:card\" content=\"summary_large_image\" \/>\n<meta name=\"twitter:label1\" content=\"Escrito por\" \/>\n\t<meta name=\"twitter:data1\" content=\"Luzimara Fernandes\" \/>\n\t<meta name=\"twitter:label2\" content=\"Est. tempo de leitura\" \/>\n\t<meta name=\"twitter:data2\" content=\"3 minutos\" \/>\n<script type=\"application\/ld+json\" class=\"yoast-schema-graph\">{\"@context\":\"https:\/\/schema.org\",\"@graph\":[{\"@type\":\"Article\",\"@id\":\"https:\/\/jornalfatosenoticias.com.br\/index.php\/2024\/03\/22\/curiosidade-por-que-o-leite-de-flamingo-e-cor-de-rosa\/#article\",\"isPartOf\":{\"@id\":\"https:\/\/jornalfatosenoticias.com.br\/index.php\/2024\/03\/22\/curiosidade-por-que-o-leite-de-flamingo-e-cor-de-rosa\/\"},\"author\":{\"name\":\"Luzimara Fernandes\",\"@id\":\"https:\/\/jornalfatosenoticias.com.br\/#\/schema\/person\/d63837fa13ac8666eb9e74e0985d6f81\"},\"headline\":\"Curiosidade \u2014 Por que o leite de flamingo \u00e9 cor-de-rosa?\",\"datePublished\":\"2024-03-22T12:17:28+00:00\",\"dateModified\":\"2024-03-22T12:17:30+00:00\",\"mainEntityOfPage\":{\"@id\":\"https:\/\/jornalfatosenoticias.com.br\/index.php\/2024\/03\/22\/curiosidade-por-que-o-leite-de-flamingo-e-cor-de-rosa\/\"},\"wordCount\":529,\"commentCount\":0,\"publisher\":{\"@id\":\"https:\/\/jornalfatosenoticias.com.br\/#organization\"},\"image\":{\"@id\":\"https:\/\/jornalfatosenoticias.com.br\/index.php\/2024\/03\/22\/curiosidade-por-que-o-leite-de-flamingo-e-cor-de-rosa\/#primaryimage\"},\"thumbnailUrl\":\"https:\/\/jornalfatosenoticias.com.br\/wp-content\/uploads\/2024\/03\/FLAMINGO_gettyimages.jpg\",\"keywords\":[\"cor-de-rosa\",\"curiosidade\",\"flamingo\",\"leite\",\"leite cor-de-rosa\",\"leite de flamingo\",\"p\u00e1ssaros\"],\"articleSection\":[\"Geral\"],\"inLanguage\":\"pt-BR\",\"potentialAction\":[{\"@type\":\"CommentAction\",\"name\":\"Comment\",\"target\":[\"https:\/\/jornalfatosenoticias.com.br\/index.php\/2024\/03\/22\/curiosidade-por-que-o-leite-de-flamingo-e-cor-de-rosa\/#respond\"]}]},{\"@type\":\"WebPage\",\"@id\":\"https:\/\/jornalfatosenoticias.com.br\/index.php\/2024\/03\/22\/curiosidade-por-que-o-leite-de-flamingo-e-cor-de-rosa\/\",\"url\":\"https:\/\/jornalfatosenoticias.com.br\/index.php\/2024\/03\/22\/curiosidade-por-que-o-leite-de-flamingo-e-cor-de-rosa\/\",\"name\":\"Curiosidade \u2014 Por que o leite de flamingo \u00e9 cor-de-rosa? - Jornal Fatos e Not\u00edcias\",\"isPartOf\":{\"@id\":\"https:\/\/jornalfatosenoticias.com.br\/#website\"},\"primaryImageOfPage\":{\"@id\":\"https:\/\/jornalfatosenoticias.com.br\/index.php\/2024\/03\/22\/curiosidade-por-que-o-leite-de-flamingo-e-cor-de-rosa\/#primaryimage\"},\"image\":{\"@id\":\"https:\/\/jornalfatosenoticias.com.br\/index.php\/2024\/03\/22\/curiosidade-por-que-o-leite-de-flamingo-e-cor-de-rosa\/#primaryimage\"},\"thumbnailUrl\":\"https:\/\/jornalfatosenoticias.com.br\/wp-content\/uploads\/2024\/03\/FLAMINGO_gettyimages.jpg\",\"datePublished\":\"2024-03-22T12:17:28+00:00\",\"dateModified\":\"2024-03-22T12:17:30+00:00\",\"breadcrumb\":{\"@id\":\"https:\/\/jornalfatosenoticias.com.br\/index.php\/2024\/03\/22\/curiosidade-por-que-o-leite-de-flamingo-e-cor-de-rosa\/#breadcrumb\"},\"inLanguage\":\"pt-BR\",\"potentialAction\":[{\"@type\":\"ReadAction\",\"target\":[\"https:\/\/jornalfatosenoticias.com.br\/index.php\/2024\/03\/22\/curiosidade-por-que-o-leite-de-flamingo-e-cor-de-rosa\/\"]}]},{\"@type\":\"ImageObject\",\"inLanguage\":\"pt-BR\",\"@id\":\"https:\/\/jornalfatosenoticias.com.br\/index.php\/2024\/03\/22\/curiosidade-por-que-o-leite-de-flamingo-e-cor-de-rosa\/#primaryimage\",\"url\":\"https:\/\/jornalfatosenoticias.com.br\/wp-content\/uploads\/2024\/03\/FLAMINGO_gettyimages.jpg\",\"contentUrl\":\"https:\/\/jornalfatosenoticias.com.br\/wp-content\/uploads\/2024\/03\/FLAMINGO_gettyimages.jpg\",\"width\":612,\"height\":367},{\"@type\":\"BreadcrumbList\",\"@id\":\"https:\/\/jornalfatosenoticias.com.br\/index.php\/2024\/03\/22\/curiosidade-por-que-o-leite-de-flamingo-e-cor-de-rosa\/#breadcrumb\",\"itemListElement\":[{\"@type\":\"ListItem\",\"position\":1,\"name\":\"In\u00edcio\",\"item\":\"https:\/\/jornalfatosenoticias.com.br\/\"},{\"@type\":\"ListItem\",\"position\":2,\"name\":\"Curiosidade \u2014 Por que o leite de flamingo \u00e9 cor-de-rosa?\"}]},{\"@type\":\"WebSite\",\"@id\":\"https:\/\/jornalfatosenoticias.com.br\/#website\",\"url\":\"https:\/\/jornalfatosenoticias.com.br\/\",\"name\":\"Jornal Fatos e Not\u00edcias\",\"description\":\"Not\u00edcias em geral\",\"publisher\":{\"@id\":\"https:\/\/jornalfatosenoticias.com.br\/#organization\"},\"potentialAction\":[{\"@type\":\"SearchAction\",\"target\":{\"@type\":\"EntryPoint\",\"urlTemplate\":\"https:\/\/jornalfatosenoticias.com.br\/?s={search_term_string}\"},\"query-input\":{\"@type\":\"PropertyValueSpecification\",\"valueRequired\":true,\"valueName\":\"search_term_string\"}}],\"inLanguage\":\"pt-BR\"},{\"@type\":\"Organization\",\"@id\":\"https:\/\/jornalfatosenoticias.com.br\/#organization\",\"name\":\"Jornal Fatos e Not\u00edcias\",\"url\":\"https:\/\/jornalfatosenoticias.com.br\/\",\"logo\":{\"@type\":\"ImageObject\",\"inLanguage\":\"pt-BR\",\"@id\":\"https:\/\/jornalfatosenoticias.com.br\/#\/schema\/logo\/image\/\",\"url\":\"https:\/\/jornalfatosenoticias.com.br\/wp-content\/uploads\/2020\/02\/logo120.png\",\"contentUrl\":\"https:\/\/jornalfatosenoticias.com.br\/wp-content\/uploads\/2020\/02\/logo120.png\",\"width\":1227,\"height\":120,\"caption\":\"Jornal Fatos e Not\u00edcias\"},\"image\":{\"@id\":\"https:\/\/jornalfatosenoticias.com.br\/#\/schema\/logo\/image\/\"}},{\"@type\":\"Person\",\"@id\":\"https:\/\/jornalfatosenoticias.com.br\/#\/schema\/person\/d63837fa13ac8666eb9e74e0985d6f81\",\"name\":\"Luzimara Fernandes\",\"image\":{\"@type\":\"ImageObject\",\"inLanguage\":\"pt-BR\",\"@id\":\"https:\/\/jornalfatosenoticias.com.br\/#\/schema\/person\/image\/\",\"url\":\"https:\/\/jornalfatosenoticias.com.br\/wp-content\/uploads\/2025\/05\/EU_portal.jpg\",\"contentUrl\":\"https:\/\/jornalfatosenoticias.com.br\/wp-content\/uploads\/2025\/05\/EU_portal.jpg\",\"caption\":\"Luzimara Fernandes\"},\"description\":\"Jornalista MTB 2358-ES\",\"sameAs\":[\"https:\/\/jornalfatosenoticias.com.br\"],\"url\":\"https:\/\/jornalfatosenoticias.com.br\/index.php\/author\/luzimara\/\"}]}<\/script>\n<!-- \/ Yoast SEO plugin. -->","yoast_head_json":{"title":"Curiosidade \u2014 Por que o leite de flamingo \u00e9 cor-de-rosa? - Jornal Fatos e Not\u00edcias","robots":{"index":"index","follow":"follow","max-snippet":"max-snippet:-1","max-image-preview":"max-image-preview:large","max-video-preview":"max-video-preview:-1"},"canonical":"https:\/\/jornalfatosenoticias.com.br\/index.php\/2024\/03\/22\/curiosidade-por-que-o-leite-de-flamingo-e-cor-de-rosa\/","og_locale":"pt_BR","og_type":"article","og_title":"Curiosidade \u2014 Por que o leite de flamingo \u00e9 cor-de-rosa? - Jornal Fatos e Not\u00edcias","og_description":"Como assim? Os p\u00e1ssaros produzem leite? A resposta \u00e9: nem todos Por Jorge Marin Antes de nos debru\u00e7armos sobre a quest\u00e3o da cor do leite de flamingo\u00a0que, diga-se de passagem, pode tamb\u00e9m ser branco ou alaranjado, temos que esclarecer uma coisa:\u00a0como assim? Os p\u00e1ssaros produzem leite? A resposta \u00e9: nem todos.Das 10 mil esp\u00e9cies de [&hellip;]","og_url":"https:\/\/jornalfatosenoticias.com.br\/index.php\/2024\/03\/22\/curiosidade-por-que-o-leite-de-flamingo-e-cor-de-rosa\/","og_site_name":"Jornal Fatos e Not\u00edcias","article_published_time":"2024-03-22T12:17:28+00:00","article_modified_time":"2024-03-22T12:17:30+00:00","og_image":[{"width":612,"height":367,"url":"https:\/\/jornalfatosenoticias.com.br\/wp-content\/uploads\/2024\/03\/FLAMINGO_gettyimages.jpg","type":"image\/jpeg"}],"author":"Luzimara Fernandes","twitter_card":"summary_large_image","twitter_misc":{"Escrito por":"Luzimara Fernandes","Est. tempo de leitura":"3 minutos"},"schema":{"@context":"https:\/\/schema.org","@graph":[{"@type":"Article","@id":"https:\/\/jornalfatosenoticias.com.br\/index.php\/2024\/03\/22\/curiosidade-por-que-o-leite-de-flamingo-e-cor-de-rosa\/#article","isPartOf":{"@id":"https:\/\/jornalfatosenoticias.com.br\/index.php\/2024\/03\/22\/curiosidade-por-que-o-leite-de-flamingo-e-cor-de-rosa\/"},"author":{"name":"Luzimara Fernandes","@id":"https:\/\/jornalfatosenoticias.com.br\/#\/schema\/person\/d63837fa13ac8666eb9e74e0985d6f81"},"headline":"Curiosidade \u2014 Por que o leite de flamingo \u00e9 cor-de-rosa?","datePublished":"2024-03-22T12:17:28+00:00","dateModified":"2024-03-22T12:17:30+00:00","mainEntityOfPage":{"@id":"https:\/\/jornalfatosenoticias.com.br\/index.php\/2024\/03\/22\/curiosidade-por-que-o-leite-de-flamingo-e-cor-de-rosa\/"},"wordCount":529,"commentCount":0,"publisher":{"@id":"https:\/\/jornalfatosenoticias.com.br\/#organization"},"image":{"@id":"https:\/\/jornalfatosenoticias.com.br\/index.php\/2024\/03\/22\/curiosidade-por-que-o-leite-de-flamingo-e-cor-de-rosa\/#primaryimage"},"thumbnailUrl":"https:\/\/jornalfatosenoticias.com.br\/wp-content\/uploads\/2024\/03\/FLAMINGO_gettyimages.jpg","keywords":["cor-de-rosa","curiosidade","flamingo","leite","leite cor-de-rosa","leite de flamingo","p\u00e1ssaros"],"articleSection":["Geral"],"inLanguage":"pt-BR","potentialAction":[{"@type":"CommentAction","name":"Comment","target":["https:\/\/jornalfatosenoticias.com.br\/index.php\/2024\/03\/22\/curiosidade-por-que-o-leite-de-flamingo-e-cor-de-rosa\/#respond"]}]},{"@type":"WebPage","@id":"https:\/\/jornalfatosenoticias.com.br\/index.php\/2024\/03\/22\/curiosidade-por-que-o-leite-de-flamingo-e-cor-de-rosa\/","url":"https:\/\/jornalfatosenoticias.com.br\/index.php\/2024\/03\/22\/curiosidade-por-que-o-leite-de-flamingo-e-cor-de-rosa\/","name":"Curiosidade \u2014 Por que o leite de flamingo \u00e9 cor-de-rosa? - Jornal Fatos e Not\u00edcias","isPartOf":{"@id":"https:\/\/jornalfatosenoticias.com.br\/#website"},"primaryImageOfPage":{"@id":"https:\/\/jornalfatosenoticias.com.br\/index.php\/2024\/03\/22\/curiosidade-por-que-o-leite-de-flamingo-e-cor-de-rosa\/#primaryimage"},"image":{"@id":"https:\/\/jornalfatosenoticias.com.br\/index.php\/2024\/03\/22\/curiosidade-por-que-o-leite-de-flamingo-e-cor-de-rosa\/#primaryimage"},"thumbnailUrl":"https:\/\/jornalfatosenoticias.com.br\/wp-content\/uploads\/2024\/03\/FLAMINGO_gettyimages.jpg","datePublished":"2024-03-22T12:17:28+00:00","dateModified":"2024-03-22T12:17:30+00:00","breadcrumb":{"@id":"https:\/\/jornalfatosenoticias.com.br\/index.php\/2024\/03\/22\/curiosidade-por-que-o-leite-de-flamingo-e-cor-de-rosa\/#breadcrumb"},"inLanguage":"pt-BR","potentialAction":[{"@type":"ReadAction","target":["https:\/\/jornalfatosenoticias.com.br\/index.php\/2024\/03\/22\/curiosidade-por-que-o-leite-de-flamingo-e-cor-de-rosa\/"]}]},{"@type":"ImageObject","inLanguage":"pt-BR","@id":"https:\/\/jornalfatosenoticias.com.br\/index.php\/2024\/03\/22\/curiosidade-por-que-o-leite-de-flamingo-e-cor-de-rosa\/#primaryimage","url":"https:\/\/jornalfatosenoticias.com.br\/wp-content\/uploads\/2024\/03\/FLAMINGO_gettyimages.jpg","contentUrl":"https:\/\/jornalfatosenoticias.com.br\/wp-content\/uploads\/2024\/03\/FLAMINGO_gettyimages.jpg","width":612,"height":367},{"@type":"BreadcrumbList","@id":"https:\/\/jornalfatosenoticias.com.br\/index.php\/2024\/03\/22\/curiosidade-por-que-o-leite-de-flamingo-e-cor-de-rosa\/#breadcrumb","itemListElement":[{"@type":"ListItem","position":1,"name":"In\u00edcio","item":"https:\/\/jornalfatosenoticias.com.br\/"},{"@type":"ListItem","position":2,"name":"Curiosidade \u2014 Por que o leite de flamingo \u00e9 cor-de-rosa?"}]},{"@type":"WebSite","@id":"https:\/\/jornalfatosenoticias.com.br\/#website","url":"https:\/\/jornalfatosenoticias.com.br\/","name":"Jornal Fatos e Not\u00edcias","description":"Not\u00edcias em geral","publisher":{"@id":"https:\/\/jornalfatosenoticias.com.br\/#organization"},"potentialAction":[{"@type":"SearchAction","target":{"@type":"EntryPoint","urlTemplate":"https:\/\/jornalfatosenoticias.com.br\/?s={search_term_string}"},"query-input":{"@type":"PropertyValueSpecification","valueRequired":true,"valueName":"search_term_string"}}],"inLanguage":"pt-BR"},{"@type":"Organization","@id":"https:\/\/jornalfatosenoticias.com.br\/#organization","name":"Jornal Fatos e Not\u00edcias","url":"https:\/\/jornalfatosenoticias.com.br\/","logo":{"@type":"ImageObject","inLanguage":"pt-BR","@id":"https:\/\/jornalfatosenoticias.com.br\/#\/schema\/logo\/image\/","url":"https:\/\/jornalfatosenoticias.com.br\/wp-content\/uploads\/2020\/02\/logo120.png","contentUrl":"https:\/\/jornalfatosenoticias.com.br\/wp-content\/uploads\/2020\/02\/logo120.png","width":1227,"height":120,"caption":"Jornal Fatos e Not\u00edcias"},"image":{"@id":"https:\/\/jornalfatosenoticias.com.br\/#\/schema\/logo\/image\/"}},{"@type":"Person","@id":"https:\/\/jornalfatosenoticias.com.br\/#\/schema\/person\/d63837fa13ac8666eb9e74e0985d6f81","name":"Luzimara Fernandes","image":{"@type":"ImageObject","inLanguage":"pt-BR","@id":"https:\/\/jornalfatosenoticias.com.br\/#\/schema\/person\/image\/","url":"https:\/\/jornalfatosenoticias.com.br\/wp-content\/uploads\/2025\/05\/EU_portal.jpg","contentUrl":"https:\/\/jornalfatosenoticias.com.br\/wp-content\/uploads\/2025\/05\/EU_portal.jpg","caption":"Luzimara Fernandes"},"description":"Jornalista MTB 2358-ES","sameAs":["https:\/\/jornalfatosenoticias.com.br"],"url":"https:\/\/jornalfatosenoticias.com.br\/index.php\/author\/luzimara\/"}]}},"cc_featured_image_caption":{"caption_text":"(Foto: Getty Images) ","source_text":"","source_url":""},"jetpack_featured_media_url":"https:\/\/jornalfatosenoticias.com.br\/wp-content\/uploads\/2024\/03\/FLAMINGO_gettyimages.jpg","_links":{"self":[{"href":"https:\/\/jornalfatosenoticias.com.br\/index.php\/wp-json\/wp\/v2\/posts\/50103","targetHints":{"allow":["GET"]}}],"collection":[{"href":"https:\/\/jornalfatosenoticias.com.br\/index.php\/wp-json\/wp\/v2\/posts"}],"about":[{"href":"https:\/\/jornalfatosenoticias.com.br\/index.php\/wp-json\/wp\/v2\/types\/post"}],"author":[{"embeddable":true,"href":"https:\/\/jornalfatosenoticias.com.br\/index.php\/wp-json\/wp\/v2\/users\/2"}],"replies":[{"embeddable":true,"href":"https:\/\/jornalfatosenoticias.com.br\/index.php\/wp-json\/wp\/v2\/comments?post=50103"}],"version-history":[{"count":0,"href":"https:\/\/jornalfatosenoticias.com.br\/index.php\/wp-json\/wp\/v2\/posts\/50103\/revisions"}],"wp:featuredmedia":[{"embeddable":true,"href":"https:\/\/jornalfatosenoticias.com.br\/index.php\/wp-json\/wp\/v2\/media\/50104"}],"wp:attachment":[{"href":"https:\/\/jornalfatosenoticias.com.br\/index.php\/wp-json\/wp\/v2\/media?parent=50103"}],"wp:term":[{"taxonomy":"category","embeddable":true,"href":"https:\/\/jornalfatosenoticias.com.br\/index.php\/wp-json\/wp\/v2\/categories?post=50103"},{"taxonomy":"post_tag","embeddable":true,"href":"https:\/\/jornalfatosenoticias.com.br\/index.php\/wp-json\/wp\/v2\/tags?post=50103"}],"curies":[{"name":"wp","href":"https:\/\/api.w.org\/{rel}","templated":true}]}}