{"id":50126,"date":"2024-03-22T10:55:43","date_gmt":"2024-03-22T13:55:43","guid":{"rendered":"https:\/\/jornalfatosenoticias.com.br\/?p=50126"},"modified":"2024-03-22T17:57:59","modified_gmt":"2024-03-22T20:57:59","slug":"esquerda-vendedora-de-ilusoes","status":"publish","type":"post","link":"https:\/\/jornalfatosenoticias.com.br\/index.php\/2024\/03\/22\/esquerda-vendedora-de-ilusoes\/","title":{"rendered":"Esquerda, vendedora de ilus\u00f5es"},"content":{"rendered":"\n<p><span class=\"has-inline-color has-black-color\"><em>O terceiro governo de Lula tem batido recordes e mais recordes negativos em todos os setores. O governo gasta sem saber se vai arrecadar<\/em><\/span><\/p>\n\n\n\n<div class=\"wp-block-image\"><figure class=\"aligncenter size-large\"><img loading=\"lazy\" decoding=\"async\" width=\"729\" height=\"90\" src=\"https:\/\/jornalfatosenoticias.com.br\/wp-content\/uploads\/2020\/02\/Logo_Mizu.png\" alt=\"\" class=\"wp-image-1441\" srcset=\"https:\/\/jornalfatosenoticias.com.br\/wp-content\/uploads\/2020\/02\/Logo_Mizu.png 729w, https:\/\/jornalfatosenoticias.com.br\/wp-content\/uploads\/2020\/02\/Logo_Mizu-300x37.png 300w\" sizes=\"auto, (max-width: 729px) 100vw, 729px\" \/><\/figure><\/div>\n\n\n\n<p>Pa\u00eds que n\u00e3o faz o dever de casa tende ao fracasso e o Brasil n\u00e3o ser\u00e1 exce\u00e7\u00e3o. Segundo dados do Banco Central, somente no primeiro semestre de 2023, o governo Lula (PT), que tem Fernando Haddad \u00e0 frente do minist\u00e9rio da Economia, resultou no fechamento de quase 600 mil empresas de micro, pequeno, m\u00e9dio e grande portes.<br>No governo Lula3, nos tornamos o Pa\u00eds mais endividado da Am\u00e9rica Latina. Com mais de 150 milion\u00e1rios deixando o Pa\u00eds, estrangeiros retirando R$ 7,9 bilh\u00f5es da Bolsa de Valores e uma evas\u00e3o de U$ 879 bilh\u00f5es em dezembro de 2023, somados \u00e0 d\u00edvida deste desgoverno, o Pa\u00eds est\u00e1 comprometendo 88,1% do PIB, com proje\u00e7\u00e3o de novas altas pelo Fundo Monet\u00e1rio Internacional (FMI), algu\u00e9m ainda recorda dessa sigla?<\/p>\n\n\n\n<div class=\"wp-block-image\"><figure class=\"aligncenter size-large is-resized\"><img loading=\"lazy\" decoding=\"async\" src=\"https:\/\/jornalfatosenoticias.com.br\/wp-content\/uploads\/2022\/02\/Precisao-Contabilidade-1024x724.jpg\" alt=\"\" class=\"wp-image-28088\" width=\"327\" height=\"231\"\/><\/figure><\/div>\n\n\n\n<p>Com as taxas de juros extrapolando todos os limites ainda em 2023, o Brasil teve que desembolsar 718 bilh\u00f5es somente para pagamentos de juros e os economistas alertam que, em fun\u00e7\u00e3o do rombo de mais de R$ 1 trilh\u00e3o aos cofres p\u00fablicos deste ano, o Pa\u00eds deve ter mais altas de infla\u00e7\u00e3o este ano. As contas p\u00fablicas se tornaram um buraco sem fundo. \u00c9 um d\u00e9ficit hist\u00f3rico, o segundo pior da hist\u00f3ria, perdendo somente para o ano da pandemia. O terceiro governo de Lula tem batido recordes e mais recordes negativos em todos os setores. O governo gasta sem saber se vai arrecadar.<\/p>\n\n\n\n<div class=\"wp-block-image\"><figure class=\"aligncenter size-large is-resized\"><img loading=\"lazy\" decoding=\"async\" src=\"https:\/\/jornalfatosenoticias.com.br\/wp-content\/uploads\/2020\/02\/logo-Rapuzel-1024x571.jpg\" alt=\"\" class=\"wp-image-42808\" width=\"365\" height=\"203\" srcset=\"https:\/\/jornalfatosenoticias.com.br\/wp-content\/uploads\/2020\/02\/logo-Rapuzel-1024x571.jpg 1024w, https:\/\/jornalfatosenoticias.com.br\/wp-content\/uploads\/2020\/02\/logo-Rapuzel-300x167.jpg 300w, https:\/\/jornalfatosenoticias.com.br\/wp-content\/uploads\/2020\/02\/logo-Rapuzel-768x428.jpg 768w, https:\/\/jornalfatosenoticias.com.br\/wp-content\/uploads\/2020\/02\/logo-Rapuzel-1536x856.jpg 1536w, https:\/\/jornalfatosenoticias.com.br\/wp-content\/uploads\/2020\/02\/logo-Rapuzel.jpg 1600w\" sizes=\"auto, (max-width: 365px) 100vw, 365px\" \/><\/figure><\/div>\n\n\n\n<p>Quando o governo aumenta impostos ele n\u00e3o tem a garantia de que vai arrecadar na mesma propor\u00e7\u00e3o. Ou seja, um modelo econ\u00f4mico falido e que j\u00e1 tinha demonstrado isso nas gest\u00f5es petistas anteriores. Paulo Guedes mostrou a inefic\u00e1cia dessa pol\u00edtica econ\u00f4mica quando fez exatamente o contr\u00e1rio. Baixou tarifas e al\u00edquotas de mais de tr\u00eas mil produtos e o Pa\u00eds trabalhou no super\u00e1vit, enquanto ele esteve \u00e0 frente da nossa economia. E tudo isso num per\u00edodo de guerra e de pandemia.<\/p>\n\n\n\n<div class=\"wp-block-image\"><figure class=\"aligncenter size-large is-resized\"><img loading=\"lazy\" decoding=\"async\" src=\"https:\/\/jornalfatosenoticias.com.br\/wp-content\/uploads\/2023\/12\/pegoretti-logo-pdf-1024x389.jpg\" alt=\"\" class=\"wp-image-47536\" width=\"456\" height=\"173\" srcset=\"https:\/\/jornalfatosenoticias.com.br\/wp-content\/uploads\/2023\/12\/pegoretti-logo-pdf-1024x389.jpg 1024w, https:\/\/jornalfatosenoticias.com.br\/wp-content\/uploads\/2023\/12\/pegoretti-logo-pdf-300x114.jpg 300w, https:\/\/jornalfatosenoticias.com.br\/wp-content\/uploads\/2023\/12\/pegoretti-logo-pdf-768x291.jpg 768w, https:\/\/jornalfatosenoticias.com.br\/wp-content\/uploads\/2023\/12\/pegoretti-logo-pdf.jpg 1120w\" sizes=\"auto, (max-width: 456px) 100vw, 456px\" \/><\/figure><\/div>\n\n\n\n<div class=\"wp-block-image\"><figure class=\"aligncenter size-large\"><img loading=\"lazy\" decoding=\"async\" width=\"612\" height=\"408\" src=\"https:\/\/jornalfatosenoticias.com.br\/wp-content\/uploads\/2024\/03\/Brasil-pobreza_istock.jpg\" alt=\"\" class=\"wp-image-50127\" srcset=\"https:\/\/jornalfatosenoticias.com.br\/wp-content\/uploads\/2024\/03\/Brasil-pobreza_istock.jpg 612w, https:\/\/jornalfatosenoticias.com.br\/wp-content\/uploads\/2024\/03\/Brasil-pobreza_istock-300x200.jpg 300w\" sizes=\"auto, (max-width: 612px) 100vw, 612px\" \/><figcaption><em><span class=\"has-inline-color has-black-color\">O aumento da pobreza da popula\u00e7\u00e3o \u00e9 n\u00edtido pelo n\u00famero progressivo de pedintes nas ruas das grandes cidades (Foto: iStock)<\/span><\/em><\/figcaption><\/figure><\/div>\n\n\n\n<p>Por isso, podemos afirmar que o atual governo tem uma gest\u00e3o sem sustenta\u00e7\u00e3o, um governo que se tornou locador de poder, que barganha com parlamentares que, por sua vez, se vendem e fazem com que Lula continue gastando como quer o nosso dinheiro. Quem deveria fiscalizar os gastos excessivos do governo, n\u00e3o faz. Um esc\u00e1rnio com a popula\u00e7\u00e3o e com o dinheiro p\u00fablico.<\/p>\n\n\n\n<div class=\"wp-block-image\"><figure class=\"aligncenter size-large\"><img loading=\"lazy\" decoding=\"async\" width=\"300\" height=\"250\" src=\"https:\/\/jornalfatosenoticias.com.br\/wp-content\/uploads\/2022\/02\/FERRARI_MAQUINAS-E-FERRAMENTAS2.jpg\" alt=\"\" class=\"wp-image-27860\"\/><\/figure><\/div>\n\n\n\n<p>Voc\u00ea j\u00e1 se perguntou porque a\u00e7\u00f5es como das Casas Bahia, das Lojas Renner, da Petrobras, da CVC, do Magazine Luiza, entre outras, chegaram na lona das bolsas de valores? A resposta \u00e9: n\u00e3o vendem, devido ao elevado \u00edndice de desemprego e a acentuada queda no poder aquisitivo do trabalhador. Para piorar, o governo aumenta a arrecada\u00e7\u00e3o, fazendo do contribuinte brasileiro um escravo da alta carga tribut\u00e1ria. N\u00e3o bastasse toda a press\u00e3o sofrida pela classe trabalhadora, Lula e seu minist\u00e9rio ainda v\u00eam formalizando outras categorias para arrecadar mais e nutrir os seus sindicatos.<\/p>\n\n\n\n<div class=\"wp-block-image\"><figure class=\"aligncenter size-large\"><img loading=\"lazy\" decoding=\"async\" width=\"612\" height=\"408\" src=\"https:\/\/jornalfatosenoticias.com.br\/wp-content\/uploads\/2024\/03\/Brasil-economia_istock.jpg\" alt=\"\" class=\"wp-image-50129\" srcset=\"https:\/\/jornalfatosenoticias.com.br\/wp-content\/uploads\/2024\/03\/Brasil-economia_istock.jpg 612w, https:\/\/jornalfatosenoticias.com.br\/wp-content\/uploads\/2024\/03\/Brasil-economia_istock-300x200.jpg 300w\" sizes=\"auto, (max-width: 612px) 100vw, 612px\" \/><figcaption><em><span class=\"has-inline-color has-black-color\">Sob a batuta de Fernando Haddad, a economia brasileira vai de mal a pior (Foto: iStock)<\/span><\/em><\/figcaption><\/figure><\/div>\n\n\n\n<p>Outro ponto importante, se n\u00e3o o mais grave, \u00e9 a corrup\u00e7\u00e3o, uma caracter\u00edstica da esquerda. Vejam, em 29 de dezembro do ano passado, o Tribunal de Contas da Uni\u00e3o (TCU), identificou ind\u00edcios de R$ 500 milh\u00f5es em distor\u00e7\u00f5es de c\u00e1lculos no contrato de industrializa\u00e7\u00e3o por encomenda (tolling), entre a Petrobras e a Unigel. Contrato esse, que viabilizaria a retomada das opera\u00e7\u00f5es das f\u00e1bricas de fertilizantes de Sergipe e da Bahia.<\/p>\n\n\n\n<div class=\"wp-block-image\"><figure class=\"aligncenter size-large is-resized\"><img loading=\"lazy\" decoding=\"async\" src=\"https:\/\/jornalfatosenoticias.com.br\/wp-content\/uploads\/2023\/08\/BKR-1024x1021.jpg\" alt=\"\" class=\"wp-image-44494\" width=\"315\" height=\"314\" srcset=\"https:\/\/jornalfatosenoticias.com.br\/wp-content\/uploads\/2023\/08\/BKR-1024x1021.jpg 1024w, https:\/\/jornalfatosenoticias.com.br\/wp-content\/uploads\/2023\/08\/BKR-300x300.jpg 300w, https:\/\/jornalfatosenoticias.com.br\/wp-content\/uploads\/2023\/08\/BKR-150x150.jpg 150w, https:\/\/jornalfatosenoticias.com.br\/wp-content\/uploads\/2023\/08\/BKR-768x766.jpg 768w, https:\/\/jornalfatosenoticias.com.br\/wp-content\/uploads\/2023\/08\/BKR.jpg 1080w\" sizes=\"auto, (max-width: 315px) 100vw, 315px\" \/><\/figure><\/div>\n\n\n\n<p>A in\u00e9rcia e a incompet\u00eancia do governo Lula v\u00eam batendo recordes desde que assumiu em janeiro do ano passado. De feminic\u00eddio, que j\u00e1 chegou a 1463 casos registrados, de alertas de desmatamento no Cerrado, segundo maior bioma do Pa\u00eds, e na Amaz\u00f4nia. Al\u00e9m da escalada da viol\u00eancia e da dengue. Na regi\u00e3o Norte do Pa\u00eds explodiram casos de pedofilia (Ilha de Maraj\u00f3), de viol\u00eancia urbana, de dengue (que superou a marca de dois milh\u00f5es de casos, com mais de 600 \u00f3bitos).<\/p>\n\n\n\n<div class=\"wp-block-image\"><figure class=\"aligncenter size-large is-resized\"><img loading=\"lazy\" decoding=\"async\" src=\"https:\/\/jornalfatosenoticias.com.br\/wp-content\/uploads\/2023\/03\/nova-logo-Marquetti.jpg\" alt=\"\" class=\"wp-image-40207\" width=\"283\" height=\"190\" srcset=\"https:\/\/jornalfatosenoticias.com.br\/wp-content\/uploads\/2023\/03\/nova-logo-Marquetti.jpg 643w, https:\/\/jornalfatosenoticias.com.br\/wp-content\/uploads\/2023\/03\/nova-logo-Marquetti-300x202.jpg 300w\" sizes=\"auto, (max-width: 283px) 100vw, 283px\" \/><\/figure><\/div>\n\n\n\n<div class=\"wp-block-image\"><figure class=\"aligncenter size-large\"><img loading=\"lazy\" decoding=\"async\" width=\"815\" height=\"703\" src=\"https:\/\/jornalfatosenoticias.com.br\/wp-content\/uploads\/2024\/03\/corrupcao-petista-petrobras_facebook_Alvaro-Dias.jpg\" alt=\"\" class=\"wp-image-50128\" srcset=\"https:\/\/jornalfatosenoticias.com.br\/wp-content\/uploads\/2024\/03\/corrupcao-petista-petrobras_facebook_Alvaro-Dias.jpg 815w, https:\/\/jornalfatosenoticias.com.br\/wp-content\/uploads\/2024\/03\/corrupcao-petista-petrobras_facebook_Alvaro-Dias-300x259.jpg 300w, https:\/\/jornalfatosenoticias.com.br\/wp-content\/uploads\/2024\/03\/corrupcao-petista-petrobras_facebook_Alvaro-Dias-768x662.jpg 768w\" sizes=\"auto, (max-width: 815px) 100vw, 815px\" \/><figcaption><em><span class=\"has-inline-color has-black-color\">Capas de revistas da \u00e9poca do esc\u00e2ndalo do Petrol\u00e3o que, por incr\u00edvel que pare\u00e7a, se deu nos governos petistas (Foto: Reprodu\u00e7\u00e3o Facebook\/\u00c1lvaro Dias)<\/span><\/em><\/figcaption><\/figure><\/div>\n\n\n\n<p>Na economia, o cen\u00e1rio n\u00e3o \u00e9 muito diferente com o fechamento de empresas como Americanas, Oi, Grupo Petr\u00f3polis, Light, Grupo M5, 123 Milhas, South Rock, Livraria Saraiva e tantas outras. As estatais, que no governo Bolsonaro, eram lucrativas, hoje acumulam perdas e s\u00f3 d\u00e3o preju\u00edzos.<\/p>\n\n\n\n<div class=\"wp-block-image\"><figure class=\"aligncenter size-large\"><img loading=\"lazy\" decoding=\"async\" width=\"300\" height=\"250\" src=\"https:\/\/jornalfatosenoticias.com.br\/wp-content\/uploads\/2020\/02\/Banner-2.png\" alt=\"\" class=\"wp-image-43787\"\/><\/figure><\/div>\n\n\n\n<p>Lula se tornou uma vergonha mundial. O que pensar de um \u2018presidente\u2019 que se diz eleito pela maioria, mas que n\u00e3o consegue sair \u00e0s ruas sem ser achincalhado como ladr\u00e3o. Um \u2018presidente\u2019 que defende o ladr\u00e3o de celular, que tenha tirado a vida de um cidad\u00e3o.<\/p>\n\n\n\n<div class=\"wp-block-image\"><figure class=\"aligncenter size-large is-resized\"><img loading=\"lazy\" decoding=\"async\" src=\"https:\/\/jornalfatosenoticias.com.br\/wp-content\/uploads\/2020\/02\/CONTROL-CS.jpg\" alt=\"\" class=\"wp-image-44991\" width=\"285\" height=\"341\" srcset=\"https:\/\/jornalfatosenoticias.com.br\/wp-content\/uploads\/2020\/02\/CONTROL-CS.jpg 834w, https:\/\/jornalfatosenoticias.com.br\/wp-content\/uploads\/2020\/02\/CONTROL-CS-250x300.jpg 250w, https:\/\/jornalfatosenoticias.com.br\/wp-content\/uploads\/2020\/02\/CONTROL-CS-768x921.jpg 768w\" sizes=\"auto, (max-width: 285px) 100vw, 285px\" \/><\/figure><\/div>\n\n\n\n<p>Um \u2018presidente\u2019 que defende o aborto, a invas\u00e3o de terras privadas, a libera\u00e7\u00e3o das drogas e a doutrina\u00e7\u00e3o e ideologiza\u00e7\u00e3o nas escolas. Sufoca empres\u00e1rios com alta carga tribut\u00e1ria e n\u00e3o defende a liberdade de express\u00e3o. Esse energ\u00fameno n\u00e3o me representa e acredito n\u00e3o representar a popula\u00e7\u00e3o de bem.<\/p>\n\n\n\n<div class=\"wp-block-image\"><figure class=\"aligncenter size-large is-resized\"><img loading=\"lazy\" decoding=\"async\" src=\"https:\/\/jornalfatosenoticias.com.br\/wp-content\/uploads\/2023\/09\/vetorvix1024_1.jpg\" alt=\"\" class=\"wp-image-44868\" width=\"494\" height=\"131\" srcset=\"https:\/\/jornalfatosenoticias.com.br\/wp-content\/uploads\/2023\/09\/vetorvix1024_1.jpg 1024w, https:\/\/jornalfatosenoticias.com.br\/wp-content\/uploads\/2023\/09\/vetorvix1024_1-300x80.jpg 300w, https:\/\/jornalfatosenoticias.com.br\/wp-content\/uploads\/2023\/09\/vetorvix1024_1-768x205.jpg 768w\" sizes=\"auto, (max-width: 494px) 100vw, 494px\" \/><\/figure><\/div>\n\n\n\n<p>Eleitor, lembre-se que estamos em ano eleitoral e muitos candidatos oportunistas de esquerda (Podemos, PDT, Cidadania, Solidariedade, Democrata Crist\u00e3o, PSB e MDB) est\u00e3o posando de bolsonaristas, surfando na onda da direita. Postam fotos em redes sociais ao lado de \u00edcones da direita como o deputado federal Nikolas Ferreira, o senador Magno Malta, e o pr\u00f3prio presidente Jair Bolsonaro simplesmente para te enganar. Fique atento! Olhem os exemplos do senador Fabiano Contarato e do deputado estadual S\u00e9rgio Meneguelli, que se elegeram com capa de candidatos de direita e depois mostraram a verdadeira face.<\/p>\n\n\n\n<div class=\"wp-block-image\"><figure class=\"aligncenter size-large is-resized\"><img loading=\"lazy\" decoding=\"async\" src=\"https:\/\/jornalfatosenoticias.com.br\/wp-content\/uploads\/2023\/03\/logo-Panper_portal.jpg\" alt=\"\" class=\"wp-image-40208\" width=\"328\" height=\"227\" srcset=\"https:\/\/jornalfatosenoticias.com.br\/wp-content\/uploads\/2023\/03\/logo-Panper_portal.jpg 400w, https:\/\/jornalfatosenoticias.com.br\/wp-content\/uploads\/2023\/03\/logo-Panper_portal-300x208.jpg 300w\" sizes=\"auto, (max-width: 328px) 100vw, 328px\" \/><\/figure><\/div>\n\n\n\n<p><span class=\"has-inline-color has-black-color\"><strong>Reflex\u00e3o \u2013<\/strong> <em>\u201cO castigo dos bons que n\u00e3o fazem pol\u00edtica \u00e9 serem governados pelos maus\u201d \u2013 PLAT\u00c3O<\/em>.<\/span><\/p>\n","protected":false},"excerpt":{"rendered":"<p>O terceiro governo de Lula tem batido recordes e mais recordes negativos em todos os setores. O governo gasta sem saber se vai arrecadar Pa\u00eds que n\u00e3o faz o dever de casa tende ao fracasso e o Brasil n\u00e3o ser\u00e1 exce\u00e7\u00e3o. Segundo dados do Banco Central, somente no primeiro semestre de 2023, o governo Lula [&hellip;]<\/p>\n","protected":false},"author":3,"featured_media":50130,"comment_status":"open","ping_status":"open","sticky":false,"template":"","format":"standard","meta":{"footnotes":""},"categories":[9,10],"tags":[2129,240,21160,13759,18343,21454,13186],"class_list":["post-50126","post","type-post","status-publish","format-standard","has-post-thumbnail","hentry","category-economia","category-politica","tag-corrupcao","tag-economia","tag-gastos-exorbitantes-do-desgoverno-lula","tag-gastos-publicos","tag-governo-lula","tag-governo-pt","tag-pt"],"yoast_head":"<!-- This site is optimized with the Yoast SEO plugin v26.5 - https:\/\/yoast.com\/wordpress\/plugins\/seo\/ -->\n<title>Esquerda, vendedora de ilus\u00f5es - Jornal Fatos e Not\u00edcias<\/title>\n<meta name=\"robots\" content=\"index, follow, max-snippet:-1, max-image-preview:large, max-video-preview:-1\" \/>\n<link rel=\"canonical\" href=\"https:\/\/jornalfatosenoticias.com.br\/index.php\/2024\/03\/22\/esquerda-vendedora-de-ilusoes\/\" \/>\n<meta property=\"og:locale\" content=\"pt_BR\" \/>\n<meta property=\"og:type\" content=\"article\" \/>\n<meta property=\"og:title\" content=\"Esquerda, vendedora de ilus\u00f5es - Jornal Fatos e Not\u00edcias\" \/>\n<meta property=\"og:description\" content=\"O terceiro governo de Lula tem batido recordes e mais recordes negativos em todos os setores. O governo gasta sem saber se vai arrecadar Pa\u00eds que n\u00e3o faz o dever de casa tende ao fracasso e o Brasil n\u00e3o ser\u00e1 exce\u00e7\u00e3o. Segundo dados do Banco Central, somente no primeiro semestre de 2023, o governo Lula [&hellip;]\" \/>\n<meta property=\"og:url\" content=\"https:\/\/jornalfatosenoticias.com.br\/index.php\/2024\/03\/22\/esquerda-vendedora-de-ilusoes\/\" \/>\n<meta property=\"og:site_name\" content=\"Jornal Fatos e Not\u00edcias\" \/>\n<meta property=\"article:published_time\" content=\"2024-03-22T13:55:43+00:00\" \/>\n<meta property=\"article:modified_time\" content=\"2024-03-22T20:57:59+00:00\" \/>\n<meta property=\"og:image\" content=\"https:\/\/jornalfatosenoticias.com.br\/wp-content\/uploads\/2024\/03\/Brasil-quebrado_istock.jpg\" \/>\n\t<meta property=\"og:image:width\" content=\"612\" \/>\n\t<meta property=\"og:image:height\" content=\"431\" \/>\n\t<meta property=\"og:image:type\" content=\"image\/jpeg\" \/>\n<meta name=\"author\" content=\"Haroldo Filho\" \/>\n<meta name=\"twitter:card\" content=\"summary_large_image\" \/>\n<meta name=\"twitter:label1\" content=\"Escrito por\" \/>\n\t<meta name=\"twitter:data1\" content=\"Haroldo Filho\" \/>\n\t<meta name=\"twitter:label2\" content=\"Est. tempo de leitura\" \/>\n\t<meta name=\"twitter:data2\" content=\"5 minutos\" \/>\n<script type=\"application\/ld+json\" class=\"yoast-schema-graph\">{\"@context\":\"https:\/\/schema.org\",\"@graph\":[{\"@type\":\"Article\",\"@id\":\"https:\/\/jornalfatosenoticias.com.br\/index.php\/2024\/03\/22\/esquerda-vendedora-de-ilusoes\/#article\",\"isPartOf\":{\"@id\":\"https:\/\/jornalfatosenoticias.com.br\/index.php\/2024\/03\/22\/esquerda-vendedora-de-ilusoes\/\"},\"author\":{\"name\":\"Haroldo Filho\",\"@id\":\"https:\/\/jornalfatosenoticias.com.br\/#\/schema\/person\/05c46cc25b42a5c27e004fb0fa6b4965\"},\"headline\":\"Esquerda, vendedora de ilus\u00f5es\",\"datePublished\":\"2024-03-22T13:55:43+00:00\",\"dateModified\":\"2024-03-22T20:57:59+00:00\",\"mainEntityOfPage\":{\"@id\":\"https:\/\/jornalfatosenoticias.com.br\/index.php\/2024\/03\/22\/esquerda-vendedora-de-ilusoes\/\"},\"wordCount\":1039,\"commentCount\":0,\"publisher\":{\"@id\":\"https:\/\/jornalfatosenoticias.com.br\/#organization\"},\"image\":{\"@id\":\"https:\/\/jornalfatosenoticias.com.br\/index.php\/2024\/03\/22\/esquerda-vendedora-de-ilusoes\/#primaryimage\"},\"thumbnailUrl\":\"https:\/\/jornalfatosenoticias.com.br\/wp-content\/uploads\/2024\/03\/Brasil-quebrado_istock.jpg\",\"keywords\":[\"corrup\u00e7\u00e3o\",\"economia\",\"gastos exorbitantes do desgoverno Lula\",\"gastos p\u00fablicos\",\"governo Lula\",\"governo PT\",\"PT\"],\"articleSection\":[\"Economia\",\"Pol\u00edtica\"],\"inLanguage\":\"pt-BR\",\"potentialAction\":[{\"@type\":\"CommentAction\",\"name\":\"Comment\",\"target\":[\"https:\/\/jornalfatosenoticias.com.br\/index.php\/2024\/03\/22\/esquerda-vendedora-de-ilusoes\/#respond\"]}]},{\"@type\":\"WebPage\",\"@id\":\"https:\/\/jornalfatosenoticias.com.br\/index.php\/2024\/03\/22\/esquerda-vendedora-de-ilusoes\/\",\"url\":\"https:\/\/jornalfatosenoticias.com.br\/index.php\/2024\/03\/22\/esquerda-vendedora-de-ilusoes\/\",\"name\":\"Esquerda, vendedora de ilus\u00f5es - Jornal Fatos e Not\u00edcias\",\"isPartOf\":{\"@id\":\"https:\/\/jornalfatosenoticias.com.br\/#website\"},\"primaryImageOfPage\":{\"@id\":\"https:\/\/jornalfatosenoticias.com.br\/index.php\/2024\/03\/22\/esquerda-vendedora-de-ilusoes\/#primaryimage\"},\"image\":{\"@id\":\"https:\/\/jornalfatosenoticias.com.br\/index.php\/2024\/03\/22\/esquerda-vendedora-de-ilusoes\/#primaryimage\"},\"thumbnailUrl\":\"https:\/\/jornalfatosenoticias.com.br\/wp-content\/uploads\/2024\/03\/Brasil-quebrado_istock.jpg\",\"datePublished\":\"2024-03-22T13:55:43+00:00\",\"dateModified\":\"2024-03-22T20:57:59+00:00\",\"breadcrumb\":{\"@id\":\"https:\/\/jornalfatosenoticias.com.br\/index.php\/2024\/03\/22\/esquerda-vendedora-de-ilusoes\/#breadcrumb\"},\"inLanguage\":\"pt-BR\",\"potentialAction\":[{\"@type\":\"ReadAction\",\"target\":[\"https:\/\/jornalfatosenoticias.com.br\/index.php\/2024\/03\/22\/esquerda-vendedora-de-ilusoes\/\"]}]},{\"@type\":\"ImageObject\",\"inLanguage\":\"pt-BR\",\"@id\":\"https:\/\/jornalfatosenoticias.com.br\/index.php\/2024\/03\/22\/esquerda-vendedora-de-ilusoes\/#primaryimage\",\"url\":\"https:\/\/jornalfatosenoticias.com.br\/wp-content\/uploads\/2024\/03\/Brasil-quebrado_istock.jpg\",\"contentUrl\":\"https:\/\/jornalfatosenoticias.com.br\/wp-content\/uploads\/2024\/03\/Brasil-quebrado_istock.jpg\",\"width\":612,\"height\":431,\"caption\":\"3d illustration of national flag with dried soil texture background\"},{\"@type\":\"BreadcrumbList\",\"@id\":\"https:\/\/jornalfatosenoticias.com.br\/index.php\/2024\/03\/22\/esquerda-vendedora-de-ilusoes\/#breadcrumb\",\"itemListElement\":[{\"@type\":\"ListItem\",\"position\":1,\"name\":\"In\u00edcio\",\"item\":\"https:\/\/jornalfatosenoticias.com.br\/\"},{\"@type\":\"ListItem\",\"position\":2,\"name\":\"Esquerda, vendedora de ilus\u00f5es\"}]},{\"@type\":\"WebSite\",\"@id\":\"https:\/\/jornalfatosenoticias.com.br\/#website\",\"url\":\"https:\/\/jornalfatosenoticias.com.br\/\",\"name\":\"Jornal Fatos e Not\u00edcias\",\"description\":\"Not\u00edcias em geral\",\"publisher\":{\"@id\":\"https:\/\/jornalfatosenoticias.com.br\/#organization\"},\"potentialAction\":[{\"@type\":\"SearchAction\",\"target\":{\"@type\":\"EntryPoint\",\"urlTemplate\":\"https:\/\/jornalfatosenoticias.com.br\/?s={search_term_string}\"},\"query-input\":{\"@type\":\"PropertyValueSpecification\",\"valueRequired\":true,\"valueName\":\"search_term_string\"}}],\"inLanguage\":\"pt-BR\"},{\"@type\":\"Organization\",\"@id\":\"https:\/\/jornalfatosenoticias.com.br\/#organization\",\"name\":\"Jornal Fatos e Not\u00edcias\",\"url\":\"https:\/\/jornalfatosenoticias.com.br\/\",\"logo\":{\"@type\":\"ImageObject\",\"inLanguage\":\"pt-BR\",\"@id\":\"https:\/\/jornalfatosenoticias.com.br\/#\/schema\/logo\/image\/\",\"url\":\"https:\/\/jornalfatosenoticias.com.br\/wp-content\/uploads\/2020\/02\/logo120.png\",\"contentUrl\":\"https:\/\/jornalfatosenoticias.com.br\/wp-content\/uploads\/2020\/02\/logo120.png\",\"width\":1227,\"height\":120,\"caption\":\"Jornal Fatos e Not\u00edcias\"},\"image\":{\"@id\":\"https:\/\/jornalfatosenoticias.com.br\/#\/schema\/logo\/image\/\"}},{\"@type\":\"Person\",\"@id\":\"https:\/\/jornalfatosenoticias.com.br\/#\/schema\/person\/05c46cc25b42a5c27e004fb0fa6b4965\",\"name\":\"Haroldo Filho\",\"image\":{\"@type\":\"ImageObject\",\"inLanguage\":\"pt-BR\",\"@id\":\"https:\/\/jornalfatosenoticias.com.br\/#\/schema\/person\/image\/\",\"url\":\"https:\/\/jornalfatosenoticias.com.br\/wp-content\/uploads\/2025\/08\/WhatsApp-Image-2025-08-18-at-15.30.28-150x150.jpeg\",\"contentUrl\":\"https:\/\/jornalfatosenoticias.com.br\/wp-content\/uploads\/2025\/08\/WhatsApp-Image-2025-08-18-at-15.30.28-150x150.jpeg\",\"caption\":\"Haroldo Filho\"},\"description\":\"Jornalista \u2013 DRT: 0003818\/ES Coordenador-geral da ONG Educar para Crescer\",\"url\":\"https:\/\/jornalfatosenoticias.com.br\/index.php\/author\/haroldo\/\"}]}<\/script>\n<!-- \/ Yoast SEO plugin. -->","yoast_head_json":{"title":"Esquerda, vendedora de ilus\u00f5es - Jornal Fatos e Not\u00edcias","robots":{"index":"index","follow":"follow","max-snippet":"max-snippet:-1","max-image-preview":"max-image-preview:large","max-video-preview":"max-video-preview:-1"},"canonical":"https:\/\/jornalfatosenoticias.com.br\/index.php\/2024\/03\/22\/esquerda-vendedora-de-ilusoes\/","og_locale":"pt_BR","og_type":"article","og_title":"Esquerda, vendedora de ilus\u00f5es - Jornal Fatos e Not\u00edcias","og_description":"O terceiro governo de Lula tem batido recordes e mais recordes negativos em todos os setores. O governo gasta sem saber se vai arrecadar Pa\u00eds que n\u00e3o faz o dever de casa tende ao fracasso e o Brasil n\u00e3o ser\u00e1 exce\u00e7\u00e3o. Segundo dados do Banco Central, somente no primeiro semestre de 2023, o governo Lula [&hellip;]","og_url":"https:\/\/jornalfatosenoticias.com.br\/index.php\/2024\/03\/22\/esquerda-vendedora-de-ilusoes\/","og_site_name":"Jornal Fatos e Not\u00edcias","article_published_time":"2024-03-22T13:55:43+00:00","article_modified_time":"2024-03-22T20:57:59+00:00","og_image":[{"width":612,"height":431,"url":"https:\/\/jornalfatosenoticias.com.br\/wp-content\/uploads\/2024\/03\/Brasil-quebrado_istock.jpg","type":"image\/jpeg"}],"author":"Haroldo Filho","twitter_card":"summary_large_image","twitter_misc":{"Escrito por":"Haroldo Filho","Est. tempo de leitura":"5 minutos"},"schema":{"@context":"https:\/\/schema.org","@graph":[{"@type":"Article","@id":"https:\/\/jornalfatosenoticias.com.br\/index.php\/2024\/03\/22\/esquerda-vendedora-de-ilusoes\/#article","isPartOf":{"@id":"https:\/\/jornalfatosenoticias.com.br\/index.php\/2024\/03\/22\/esquerda-vendedora-de-ilusoes\/"},"author":{"name":"Haroldo Filho","@id":"https:\/\/jornalfatosenoticias.com.br\/#\/schema\/person\/05c46cc25b42a5c27e004fb0fa6b4965"},"headline":"Esquerda, vendedora de ilus\u00f5es","datePublished":"2024-03-22T13:55:43+00:00","dateModified":"2024-03-22T20:57:59+00:00","mainEntityOfPage":{"@id":"https:\/\/jornalfatosenoticias.com.br\/index.php\/2024\/03\/22\/esquerda-vendedora-de-ilusoes\/"},"wordCount":1039,"commentCount":0,"publisher":{"@id":"https:\/\/jornalfatosenoticias.com.br\/#organization"},"image":{"@id":"https:\/\/jornalfatosenoticias.com.br\/index.php\/2024\/03\/22\/esquerda-vendedora-de-ilusoes\/#primaryimage"},"thumbnailUrl":"https:\/\/jornalfatosenoticias.com.br\/wp-content\/uploads\/2024\/03\/Brasil-quebrado_istock.jpg","keywords":["corrup\u00e7\u00e3o","economia","gastos exorbitantes do desgoverno Lula","gastos p\u00fablicos","governo Lula","governo PT","PT"],"articleSection":["Economia","Pol\u00edtica"],"inLanguage":"pt-BR","potentialAction":[{"@type":"CommentAction","name":"Comment","target":["https:\/\/jornalfatosenoticias.com.br\/index.php\/2024\/03\/22\/esquerda-vendedora-de-ilusoes\/#respond"]}]},{"@type":"WebPage","@id":"https:\/\/jornalfatosenoticias.com.br\/index.php\/2024\/03\/22\/esquerda-vendedora-de-ilusoes\/","url":"https:\/\/jornalfatosenoticias.com.br\/index.php\/2024\/03\/22\/esquerda-vendedora-de-ilusoes\/","name":"Esquerda, vendedora de ilus\u00f5es - Jornal Fatos e Not\u00edcias","isPartOf":{"@id":"https:\/\/jornalfatosenoticias.com.br\/#website"},"primaryImageOfPage":{"@id":"https:\/\/jornalfatosenoticias.com.br\/index.php\/2024\/03\/22\/esquerda-vendedora-de-ilusoes\/#primaryimage"},"image":{"@id":"https:\/\/jornalfatosenoticias.com.br\/index.php\/2024\/03\/22\/esquerda-vendedora-de-ilusoes\/#primaryimage"},"thumbnailUrl":"https:\/\/jornalfatosenoticias.com.br\/wp-content\/uploads\/2024\/03\/Brasil-quebrado_istock.jpg","datePublished":"2024-03-22T13:55:43+00:00","dateModified":"2024-03-22T20:57:59+00:00","breadcrumb":{"@id":"https:\/\/jornalfatosenoticias.com.br\/index.php\/2024\/03\/22\/esquerda-vendedora-de-ilusoes\/#breadcrumb"},"inLanguage":"pt-BR","potentialAction":[{"@type":"ReadAction","target":["https:\/\/jornalfatosenoticias.com.br\/index.php\/2024\/03\/22\/esquerda-vendedora-de-ilusoes\/"]}]},{"@type":"ImageObject","inLanguage":"pt-BR","@id":"https:\/\/jornalfatosenoticias.com.br\/index.php\/2024\/03\/22\/esquerda-vendedora-de-ilusoes\/#primaryimage","url":"https:\/\/jornalfatosenoticias.com.br\/wp-content\/uploads\/2024\/03\/Brasil-quebrado_istock.jpg","contentUrl":"https:\/\/jornalfatosenoticias.com.br\/wp-content\/uploads\/2024\/03\/Brasil-quebrado_istock.jpg","width":612,"height":431,"caption":"3d illustration of national flag with dried soil texture background"},{"@type":"BreadcrumbList","@id":"https:\/\/jornalfatosenoticias.com.br\/index.php\/2024\/03\/22\/esquerda-vendedora-de-ilusoes\/#breadcrumb","itemListElement":[{"@type":"ListItem","position":1,"name":"In\u00edcio","item":"https:\/\/jornalfatosenoticias.com.br\/"},{"@type":"ListItem","position":2,"name":"Esquerda, vendedora de ilus\u00f5es"}]},{"@type":"WebSite","@id":"https:\/\/jornalfatosenoticias.com.br\/#website","url":"https:\/\/jornalfatosenoticias.com.br\/","name":"Jornal Fatos e Not\u00edcias","description":"Not\u00edcias em geral","publisher":{"@id":"https:\/\/jornalfatosenoticias.com.br\/#organization"},"potentialAction":[{"@type":"SearchAction","target":{"@type":"EntryPoint","urlTemplate":"https:\/\/jornalfatosenoticias.com.br\/?s={search_term_string}"},"query-input":{"@type":"PropertyValueSpecification","valueRequired":true,"valueName":"search_term_string"}}],"inLanguage":"pt-BR"},{"@type":"Organization","@id":"https:\/\/jornalfatosenoticias.com.br\/#organization","name":"Jornal Fatos e Not\u00edcias","url":"https:\/\/jornalfatosenoticias.com.br\/","logo":{"@type":"ImageObject","inLanguage":"pt-BR","@id":"https:\/\/jornalfatosenoticias.com.br\/#\/schema\/logo\/image\/","url":"https:\/\/jornalfatosenoticias.com.br\/wp-content\/uploads\/2020\/02\/logo120.png","contentUrl":"https:\/\/jornalfatosenoticias.com.br\/wp-content\/uploads\/2020\/02\/logo120.png","width":1227,"height":120,"caption":"Jornal Fatos e Not\u00edcias"},"image":{"@id":"https:\/\/jornalfatosenoticias.com.br\/#\/schema\/logo\/image\/"}},{"@type":"Person","@id":"https:\/\/jornalfatosenoticias.com.br\/#\/schema\/person\/05c46cc25b42a5c27e004fb0fa6b4965","name":"Haroldo Filho","image":{"@type":"ImageObject","inLanguage":"pt-BR","@id":"https:\/\/jornalfatosenoticias.com.br\/#\/schema\/person\/image\/","url":"https:\/\/jornalfatosenoticias.com.br\/wp-content\/uploads\/2025\/08\/WhatsApp-Image-2025-08-18-at-15.30.28-150x150.jpeg","contentUrl":"https:\/\/jornalfatosenoticias.com.br\/wp-content\/uploads\/2025\/08\/WhatsApp-Image-2025-08-18-at-15.30.28-150x150.jpeg","caption":"Haroldo Filho"},"description":"Jornalista \u2013 DRT: 0003818\/ES Coordenador-geral da ONG Educar para Crescer","url":"https:\/\/jornalfatosenoticias.com.br\/index.php\/author\/haroldo\/"}]}},"cc_featured_image_caption":{"caption_text":"(Foto: iStock)","source_text":"","source_url":""},"jetpack_featured_media_url":"https:\/\/jornalfatosenoticias.com.br\/wp-content\/uploads\/2024\/03\/Brasil-quebrado_istock.jpg","_links":{"self":[{"href":"https:\/\/jornalfatosenoticias.com.br\/index.php\/wp-json\/wp\/v2\/posts\/50126","targetHints":{"allow":["GET"]}}],"collection":[{"href":"https:\/\/jornalfatosenoticias.com.br\/index.php\/wp-json\/wp\/v2\/posts"}],"about":[{"href":"https:\/\/jornalfatosenoticias.com.br\/index.php\/wp-json\/wp\/v2\/types\/post"}],"author":[{"embeddable":true,"href":"https:\/\/jornalfatosenoticias.com.br\/index.php\/wp-json\/wp\/v2\/users\/3"}],"replies":[{"embeddable":true,"href":"https:\/\/jornalfatosenoticias.com.br\/index.php\/wp-json\/wp\/v2\/comments?post=50126"}],"version-history":[{"count":0,"href":"https:\/\/jornalfatosenoticias.com.br\/index.php\/wp-json\/wp\/v2\/posts\/50126\/revisions"}],"wp:featuredmedia":[{"embeddable":true,"href":"https:\/\/jornalfatosenoticias.com.br\/index.php\/wp-json\/wp\/v2\/media\/50130"}],"wp:attachment":[{"href":"https:\/\/jornalfatosenoticias.com.br\/index.php\/wp-json\/wp\/v2\/media?parent=50126"}],"wp:term":[{"taxonomy":"category","embeddable":true,"href":"https:\/\/jornalfatosenoticias.com.br\/index.php\/wp-json\/wp\/v2\/categories?post=50126"},{"taxonomy":"post_tag","embeddable":true,"href":"https:\/\/jornalfatosenoticias.com.br\/index.php\/wp-json\/wp\/v2\/tags?post=50126"}],"curies":[{"name":"wp","href":"https:\/\/api.w.org\/{rel}","templated":true}]}}