{"id":50177,"date":"2024-03-25T17:25:40","date_gmt":"2024-03-25T20:25:40","guid":{"rendered":"https:\/\/jornalfatosenoticias.com.br\/?p=50177"},"modified":"2024-03-25T17:25:41","modified_gmt":"2024-03-25T20:25:41","slug":"novo-codigo-civil-facilitaria-tomada-de-propriedades-rurais-por-sem-terra","status":"publish","type":"post","link":"https:\/\/jornalfatosenoticias.com.br\/index.php\/2024\/03\/25\/novo-codigo-civil-facilitaria-tomada-de-propriedades-rurais-por-sem-terra\/","title":{"rendered":"Novo C\u00f3digo Civil facilitaria tomada de propriedades rurais por sem-terra"},"content":{"rendered":"\n<p><em><span class=\"has-inline-color has-black-color\">O presidente do Senado, Rodrigo Pacheco, durante ato que constituiu a comiss\u00e3o de juristas para reforma do C\u00f3digo Civil, em setembro de 2023<\/span><\/em><\/p>\n\n\n\n<p><span class=\"has-inline-color has-black-color\">Por <strong><a href=\"https:\/\/www.gazetadopovo.com.br\/autor\/renan-ramalho\/\">Renan Ramalho<\/a><\/strong><\/span><\/p>\n\n\n\n<div class=\"wp-block-image\"><figure class=\"aligncenter size-large\"><img loading=\"lazy\" decoding=\"async\" width=\"1024\" height=\"109\" src=\"https:\/\/jornalfatosenoticias.com.br\/wp-content\/uploads\/2020\/02\/CONTROL-CS2-1024x109.jpg\" alt=\"\" class=\"wp-image-44989\" srcset=\"https:\/\/jornalfatosenoticias.com.br\/wp-content\/uploads\/2020\/02\/CONTROL-CS2-1024x109.jpg 1024w, https:\/\/jornalfatosenoticias.com.br\/wp-content\/uploads\/2020\/02\/CONTROL-CS2-300x32.jpg 300w, https:\/\/jornalfatosenoticias.com.br\/wp-content\/uploads\/2020\/02\/CONTROL-CS2-768x82.jpg 768w, https:\/\/jornalfatosenoticias.com.br\/wp-content\/uploads\/2020\/02\/CONTROL-CS2.jpg 1120w\" sizes=\"auto, (max-width: 1024px) 100vw, 1024px\" \/><\/figure><\/div>\n\n\n\n<p>Al\u00e9m de relativizar o conceito de fam\u00edlia e facilitar o aborto, a proposta do novo C\u00f3digo Civil encomendada pelo presidente do Senado, Rodrigo Pacheco (PSD-MG), tamb\u00e9m fragiliza um dos pilares de uma democracia liberal: o direito de propriedade. Mudan\u00e7as apresentadas no relat\u00f3rio final da comiss\u00e3o de juristas encarregada de \u201catualizar\u201d a lei favorecem a tomada de propriedades rurais por invasores e abrem brecha para que terras e im\u00f3veis sejam expropriados sem qualquer indeniza\u00e7\u00e3o aos donos.<br>Como vem mostrando a <strong>Gazeta do Povo,<\/strong> o texto proposto promove uma reforma ampla na lei que define e rege as rela\u00e7\u00f5es das pessoas em sociedade, dispondo sobre os direitos do indiv\u00edduo no \u00e2mbito familiar ou comunit\u00e1rio, bem como das empresas numa economia de mercado. Mas o direito fundamental \u00e0 propriedade, consagrado na Constitui\u00e7\u00e3o, poder\u00e1 sair enfraquecido se as mudan\u00e7as propostas forem aprovadas no Legislativo \u2014 o texto ainda est\u00e1 em fase embrion\u00e1ria e n\u00e3o come\u00e7ou a ser analisados pelos parlamentares. Especialistas que acompanham a discuss\u00e3o se espantaram com duas mudan\u00e7as.<\/p>\n\n\n\n<div class=\"wp-block-image\"><figure class=\"aligncenter size-large is-resized\"><img loading=\"lazy\" decoding=\"async\" src=\"https:\/\/jornalfatosenoticias.com.br\/wp-content\/uploads\/2023\/08\/ITH.jpeg\" alt=\"\" class=\"wp-image-44638\" width=\"355\" height=\"288\" srcset=\"https:\/\/jornalfatosenoticias.com.br\/wp-content\/uploads\/2023\/08\/ITH.jpeg 800w, https:\/\/jornalfatosenoticias.com.br\/wp-content\/uploads\/2023\/08\/ITH-300x244.jpeg 300w, https:\/\/jornalfatosenoticias.com.br\/wp-content\/uploads\/2023\/08\/ITH-768x624.jpeg 768w\" sizes=\"auto, (max-width: 355px) 100vw, 355px\" \/><\/figure><\/div>\n\n\n\n<p>A primeira est\u00e1 no artigo 1.210 do C\u00f3digo Civil, que disciplina os direitos de quem tem a posse de uma terra, por exemplo. O texto em vigor diz quem a possui pode mant\u00ea-la \u201cem caso de turba\u00e7\u00e3o, restitu\u00eddo no de esbulho, e segurado de viol\u00eancia iminente, se tiver justo receio de ser molestado\u201d. Significa que se algu\u00e9m amea\u00e7ar ou efetivamente tom\u00e1-la, ele pode ficar nela ou retom\u00e1-la, e deve ser protegido de qualquer ato de viol\u00eancia nesses casos.<\/p>\n\n\n\n<div class=\"wp-block-image\"><figure class=\"aligncenter size-large is-resized\"><img loading=\"lazy\" decoding=\"async\" src=\"https:\/\/jornalfatosenoticias.com.br\/wp-content\/uploads\/2023\/09\/vetorvix1024_1.jpg\" alt=\"\" class=\"wp-image-44868\" width=\"554\" height=\"147\" srcset=\"https:\/\/jornalfatosenoticias.com.br\/wp-content\/uploads\/2023\/09\/vetorvix1024_1.jpg 1024w, https:\/\/jornalfatosenoticias.com.br\/wp-content\/uploads\/2023\/09\/vetorvix1024_1-300x80.jpg 300w, https:\/\/jornalfatosenoticias.com.br\/wp-content\/uploads\/2023\/09\/vetorvix1024_1-768x205.jpg 768w\" sizes=\"auto, (max-width: 554px) 100vw, 554px\" \/><\/figure><\/div>\n\n\n\n<p>Nessas situa\u00e7\u00f5es, a atual lei ainda d\u00e1 ao possuidor o direito de manter a posse da propriedade \u201cpor sua pr\u00f3pria for\u00e7a, contanto que o fa\u00e7a logo\u201d e que \u201cos atos de defesa, ou de desfor\u00e7o, n\u00e3o podem ir al\u00e9m do indispens\u00e1vel \u00e0 manuten\u00e7\u00e3o, ou restitui\u00e7\u00e3o da posse\u201d. A novidade est\u00e1 na inclus\u00e3o de um novo trecho, segundo o qual o direito de manter a posse nesses casos poder\u00e1 ser exercido \u201ccoletivamente, em caso de im\u00f3vel de extensa \u00e1rea que for possu\u00eddo por consider\u00e1vel n\u00famero de pessoas\u201d.<\/p>\n\n\n\n<div class=\"wp-block-image\"><figure class=\"aligncenter size-large is-resized\"><img loading=\"lazy\" decoding=\"async\" src=\"https:\/\/jornalfatosenoticias.com.br\/wp-content\/uploads\/2023\/08\/BKR-1024x1021.jpg\" alt=\"\" class=\"wp-image-44494\" width=\"352\" height=\"351\" srcset=\"https:\/\/jornalfatosenoticias.com.br\/wp-content\/uploads\/2023\/08\/BKR-1024x1021.jpg 1024w, https:\/\/jornalfatosenoticias.com.br\/wp-content\/uploads\/2023\/08\/BKR-300x300.jpg 300w, https:\/\/jornalfatosenoticias.com.br\/wp-content\/uploads\/2023\/08\/BKR-150x150.jpg 150w, https:\/\/jornalfatosenoticias.com.br\/wp-content\/uploads\/2023\/08\/BKR-768x766.jpg 768w, https:\/\/jornalfatosenoticias.com.br\/wp-content\/uploads\/2023\/08\/BKR.jpg 1080w\" sizes=\"auto, (max-width: 352px) 100vw, 352px\" \/><\/figure><\/div>\n\n\n\n<p>\u00c9 a brecha para que movimentos de sem-terra, principalmente, que venham a ocupar uma propriedade alheia, dizendo-se possuidores dela, possam impedir que sejam expulsos. O dispositivo pode agravar disputas fundi\u00e1rias, que voltaram a crescer desde o ano passado, com o apoio do governo de Luiz In\u00e1cio Lula da Silva (PT) a esses movimentos.<\/p>\n\n\n\n<div class=\"wp-block-image\"><figure class=\"aligncenter size-large is-resized\"><img loading=\"lazy\" decoding=\"async\" src=\"https:\/\/jornalfatosenoticias.com.br\/wp-content\/uploads\/2023\/12\/pegoretti-logo-pdf-1024x389.jpg\" alt=\"\" class=\"wp-image-47536\" width=\"525\" height=\"199\" srcset=\"https:\/\/jornalfatosenoticias.com.br\/wp-content\/uploads\/2023\/12\/pegoretti-logo-pdf-1024x389.jpg 1024w, https:\/\/jornalfatosenoticias.com.br\/wp-content\/uploads\/2023\/12\/pegoretti-logo-pdf-300x114.jpg 300w, https:\/\/jornalfatosenoticias.com.br\/wp-content\/uploads\/2023\/12\/pegoretti-logo-pdf-768x291.jpg 768w, https:\/\/jornalfatosenoticias.com.br\/wp-content\/uploads\/2023\/12\/pegoretti-logo-pdf.jpg 1120w\" sizes=\"auto, (max-width: 525px) 100vw, 525px\" \/><\/figure><\/div>\n\n\n\n<p>A outra mudan\u00e7a est\u00e1 no artigo 1.228, que trata da propriedade. O texto proposto mant\u00e9m a previs\u00e3o de que o dono poder\u00e1 perder sua terra se ela for apossada de forma \u201cininterrupta e de boa-f\u00e9\u201d, \u201cpor mais de cinco anos\u201d e por \u201cconsider\u00e1vel n\u00famero de pessoas, e estas nela houverem realizado, em conjunto ou separadamente, obras e servi\u00e7os considerados pelo juiz de interesse social e econ\u00f4mico relevante\u201d.<\/p>\n\n\n\n<div class=\"wp-block-image\"><figure class=\"aligncenter size-large is-resized\"><img loading=\"lazy\" decoding=\"async\" src=\"https:\/\/jornalfatosenoticias.com.br\/wp-content\/uploads\/2024\/01\/consultoria-ambiental.jpg\" alt=\"\" class=\"wp-image-48314\" width=\"306\" height=\"277\" srcset=\"https:\/\/jornalfatosenoticias.com.br\/wp-content\/uploads\/2024\/01\/consultoria-ambiental.jpg 832w, https:\/\/jornalfatosenoticias.com.br\/wp-content\/uploads\/2024\/01\/consultoria-ambiental-300x272.jpg 300w, https:\/\/jornalfatosenoticias.com.br\/wp-content\/uploads\/2024\/01\/consultoria-ambiental-768x696.jpg 768w\" sizes=\"auto, (max-width: 306px) 100vw, 306px\" \/><\/figure><\/div>\n\n\n\n<p>Ocorre que, pelo atual C\u00f3digo Civil, nessas situa\u00e7\u00f5es, o propriet\u00e1rio \u00e9 indenizado pelo Estado, caso o juiz considere que os ocupantes da terra merecem se apropriar dela, se entender que ela estava improdutiva e seus ocupantes produzirem ou necessitarem dela para sobreviver. A proposta dos juristas reunidos por Pacheco abre a possibilidade de que o propriet\u00e1rio n\u00e3o receba nada.<\/p>\n\n\n\n<div class=\"wp-block-image\"><figure class=\"aligncenter size-large is-resized\"><img loading=\"lazy\" decoding=\"async\" src=\"https:\/\/jornalfatosenoticias.com.br\/wp-content\/uploads\/2020\/02\/logo-Rapuzel-1024x571.jpg\" alt=\"\" class=\"wp-image-42808\" width=\"400\" height=\"223\" srcset=\"https:\/\/jornalfatosenoticias.com.br\/wp-content\/uploads\/2020\/02\/logo-Rapuzel-1024x571.jpg 1024w, https:\/\/jornalfatosenoticias.com.br\/wp-content\/uploads\/2020\/02\/logo-Rapuzel-300x167.jpg 300w, https:\/\/jornalfatosenoticias.com.br\/wp-content\/uploads\/2020\/02\/logo-Rapuzel-768x428.jpg 768w, https:\/\/jornalfatosenoticias.com.br\/wp-content\/uploads\/2020\/02\/logo-Rapuzel-1536x856.jpg 1536w, https:\/\/jornalfatosenoticias.com.br\/wp-content\/uploads\/2020\/02\/logo-Rapuzel.jpg 1600w\" sizes=\"auto, (max-width: 400px) 100vw, 400px\" \/><\/figure><\/div>\n\n\n\n<p>Um novo trecho diz que o juiz fixar\u00e1 uma \u201cjusta indeniza\u00e7\u00e3o\u201d, que ser\u00e1 devida ao propriet\u00e1rio pelos ocupantes. O problema j\u00e1 previsto por advogados experientes na \u00e1rea \u00e9 que, na maioria dos casos, esses ocupantes n\u00e3o t\u00eam condi\u00e7\u00e3o de pagar a indeniza\u00e7\u00e3o, especialmente no caso de sem-terra invasores. Na pr\u00e1tica, portanto, n\u00e3o pagariam nunca.<\/p>\n\n\n\n<div class=\"wp-block-image\"><figure class=\"aligncenter size-large\"><img decoding=\"async\" src=\"https:\/\/jornalfatosenoticias.com.br\/wp-content\/uploads\/2020\/02\/logo_esteio.jpg\" alt=\"\" class=\"wp-image-1214\"\/><\/figure><\/div>\n\n\n\n<p>A proposta at\u00e9 prev\u00ea a possibilidade de o poder p\u00fablico arcar com a indeniza\u00e7\u00e3o do dono que perdeu a terra. Mas isso s\u00f3 ocorrer\u00e1 se os ocupantes forem de \u201cbaixa renda\u201d e a administra\u00e7\u00e3o p\u00fablica atuar no processo judicial. Se o juiz do caso considerar que o Estado n\u00e3o deve integrar a a\u00e7\u00e3o, o dono perder\u00e1 a terra e n\u00e3o ter\u00e1 direito a qualquer recompensa.<\/p>\n\n\n\n<div class=\"wp-block-image\"><figure class=\"aligncenter size-large\"><img decoding=\"async\" src=\"https:\/\/jornalfatosenoticias.com.br\/wp-content\/uploads\/2020\/02\/barao-das-carnes-300x164-1.jpg\" alt=\"\" class=\"wp-image-34339\"\/><\/figure><\/div>\n\n\n\n<p>A possibilidade de o propriet\u00e1rio n\u00e3o ser indenizado contraria o que determina a Constitui\u00e7\u00e3o, que trata a propriedade como direito fundamental. O artigo 5\u00ba, inciso XXIII, diz que em caso de desapropria\u00e7\u00e3o \u201cpor necessidade ou utilidade p\u00fablica, ou por interesse social\u201d, haver\u00e1 \u201cjusta e pr\u00e9via indeniza\u00e7\u00e3o em dinheiro\u201d. Terras desapropriadas em favor de trabalhadores sem-terra integram a pol\u00edtica de reforma agr\u00e1ria e, por isso, a medida se justifica pelo \u201cinteresse social\u201d.<\/p>\n\n\n\n<div class=\"wp-block-image\"><figure class=\"aligncenter size-large is-resized\"><img loading=\"lazy\" decoding=\"async\" src=\"https:\/\/jornalfatosenoticias.com.br\/wp-content\/uploads\/2023\/03\/logo-Panper_portal.jpg\" alt=\"\" class=\"wp-image-40208\" width=\"351\" height=\"243\" srcset=\"https:\/\/jornalfatosenoticias.com.br\/wp-content\/uploads\/2023\/03\/logo-Panper_portal.jpg 400w, https:\/\/jornalfatosenoticias.com.br\/wp-content\/uploads\/2023\/03\/logo-Panper_portal-300x208.jpg 300w\" sizes=\"auto, (max-width: 351px) 100vw, 351px\" \/><\/figure><\/div>\n\n\n\n<p>A rigor, isso ocorre quando se comprova que a propriedade rural n\u00e3o cumpre com sua \u201cfun\u00e7\u00e3o social\u201d, preceito tamb\u00e9m contido na Constitui\u00e7\u00e3o, e que se configura quando, simultaneamente, ela tem aproveitamento racional e adequado; utiliza\u00e7\u00e3o adequada dos recursos naturais e preserva\u00e7\u00e3o do meio ambiente; cumpre a legisla\u00e7\u00e3o trabalhista; e tenha explora\u00e7\u00e3o que favore\u00e7a o bem-estar dos propriet\u00e1rios e dos trabalhadores.<\/p>\n\n\n\n<div class=\"wp-block-image\"><figure class=\"aligncenter size-large is-resized\"><img loading=\"lazy\" decoding=\"async\" src=\"https:\/\/jornalfatosenoticias.com.br\/wp-content\/uploads\/2020\/02\/CONTROL-CS.jpg\" alt=\"\" class=\"wp-image-44991\" width=\"285\" height=\"341\" srcset=\"https:\/\/jornalfatosenoticias.com.br\/wp-content\/uploads\/2020\/02\/CONTROL-CS.jpg 834w, https:\/\/jornalfatosenoticias.com.br\/wp-content\/uploads\/2020\/02\/CONTROL-CS-250x300.jpg 250w, https:\/\/jornalfatosenoticias.com.br\/wp-content\/uploads\/2020\/02\/CONTROL-CS-768x921.jpg 768w\" sizes=\"auto, (max-width: 285px) 100vw, 285px\" \/><\/figure><\/div>\n\n\n\n<p>Na pr\u00e1tica, o Movimento dos Trabalhadores Sem-Terra (MST) ocupa terras alheias alegando, muitas vezes de forma maliciosa, que elas n\u00e3o cumprem sua fun\u00e7\u00e3o social. Desde o ano passado, o movimento intensificou as invas\u00f5es, sob o pretexto de que o novo governo tem sido lento na aquisi\u00e7\u00e3o de terras para assentar fam\u00edlias sem-terra. Todos os anos, o MST promove o Abril Vermelho, com protestos, acampamentos e invas\u00f5es a fazendas. A expectativa \u00e9 de que neste ano os atos sejam mais numerosos do que no ano passado.<\/p>\n\n\n\n<div class=\"wp-block-image\"><figure class=\"aligncenter size-large is-resized\"><img loading=\"lazy\" decoding=\"async\" src=\"https:\/\/jornalfatosenoticias.com.br\/wp-content\/uploads\/2024\/01\/consultoria-ambiental.jpg\" alt=\"\" class=\"wp-image-48314\" width=\"340\" height=\"308\" srcset=\"https:\/\/jornalfatosenoticias.com.br\/wp-content\/uploads\/2024\/01\/consultoria-ambiental.jpg 832w, https:\/\/jornalfatosenoticias.com.br\/wp-content\/uploads\/2024\/01\/consultoria-ambiental-300x272.jpg 300w, https:\/\/jornalfatosenoticias.com.br\/wp-content\/uploads\/2024\/01\/consultoria-ambiental-768x696.jpg 768w\" sizes=\"auto, (max-width: 340px) 100vw, 340px\" \/><\/figure><\/div>\n\n\n\n<p><strong><span class=\"has-inline-color has-black-color\">Especialistas dizem que mudan\u00e7as trazem inseguran\u00e7a jur\u00eddica<br><\/span><\/strong>Para Paulo Roberto Kohl, advogado especialista em direito agr\u00e1rio e ambiental aplicado ao agroneg\u00f3cio, a mudan\u00e7a no artigo 1.228 relativiza o direito \u00e0 justa e pr\u00e9via indeniza\u00e7\u00e3o, garantido pela Constitui\u00e7\u00e3o. <\/p>\n\n\n\n<blockquote class=\"wp-block-quote is-layout-flow wp-block-quote-is-layout-flow\"><p><span class=\"has-inline-color has-luminous-vivid-orange-color\">Quem pagar\u00e1 a indeniza\u00e7\u00e3o? Os possuidores de boa-f\u00e9?\u00a0Quem definir\u00e1 o conceito de \u2018possuidores de baixa renda\u2019? Nos casos em que n\u00e3o se verificar a hip\u00f3tese de possuidores de baixa renda, n\u00e3o se trataria de desapropria\u00e7\u00e3o por interesse social? Nessa perspectiva, entendo que poder\u00e1 gerar inseguran\u00e7a jur\u00eddica\u201d, diz ele.<\/span><\/p><\/blockquote>\n\n\n\n<div class=\"wp-block-image\"><figure class=\"aligncenter size-large is-resized\"><img loading=\"lazy\" decoding=\"async\" src=\"https:\/\/jornalfatosenoticias.com.br\/wp-content\/uploads\/2023\/03\/nova-logo-Marquetti.jpg\" alt=\"\" class=\"wp-image-40207\" width=\"320\" height=\"215\" srcset=\"https:\/\/jornalfatosenoticias.com.br\/wp-content\/uploads\/2023\/03\/nova-logo-Marquetti.jpg 643w, https:\/\/jornalfatosenoticias.com.br\/wp-content\/uploads\/2023\/03\/nova-logo-Marquetti-300x202.jpg 300w\" sizes=\"auto, (max-width: 320px) 100vw, 320px\" \/><\/figure><\/div>\n\n\n\n<p>Para Marcelo Macedo, advogado que atua no campo no Rio Grande do Sul, \u201chaver\u00e1 uma desvaloriza\u00e7\u00e3o da propriedade registral, e uma valoriza\u00e7\u00e3o da posse, dando \u00eanfase na aplica\u00e7\u00e3o da fun\u00e7\u00e3o social, e isto somado a discricionariedade concedida ao Judici\u00e1rio abre brechas para abolir valores importantes\u201d.<\/p>\n\n\n\n<div class=\"wp-block-image\"><figure class=\"aligncenter size-large\"><img loading=\"lazy\" decoding=\"async\" width=\"300\" height=\"250\" src=\"https:\/\/jornalfatosenoticias.com.br\/wp-content\/uploads\/2022\/02\/FERRARI_MAQUINAS-E-FERRAMENTAS2.jpg\" alt=\"\" class=\"wp-image-27860\"\/><\/figure><\/div>\n\n\n\n<p>Ele entende que as mudan\u00e7as deixam em aberto termos como \u201cim\u00f3vel de extensa \u00e1rea\u201d, \u201cconsider\u00e1vel n\u00famero de pessoas\u201d, \u201cobras e servi\u00e7os considerados pelo juiz de interesse social e econ\u00f4mico relevante\u201d, dando ao juiz do caso ampla discricionariedade para decidir as consequ\u00eancias de invas\u00f5es que acabam se apossando de propriedades rurais.<\/p>\n\n\n\n<div class=\"wp-block-image\"><figure class=\"aligncenter size-large is-resized\"><img loading=\"lazy\" decoding=\"async\" src=\"https:\/\/jornalfatosenoticias.com.br\/wp-content\/uploads\/2022\/02\/Precisao-Contabilidade-1024x724.jpg\" alt=\"\" class=\"wp-image-28088\" width=\"412\" height=\"291\"\/><\/figure><\/div>\n\n\n\n<blockquote class=\"wp-block-quote is-layout-flow wp-block-quote-is-layout-flow\"><p><span class=\"has-inline-color has-luminous-vivid-orange-color\">Preocupante a falta de balizadores no texto da proposta, cuja tarefa caber\u00e1 aos ju\u00edzes, correndo-se o risco de as fundamenta\u00e7\u00f5es destas decis\u00f5es serem aplicadas e\/ou taxadas com car\u00e1ter pol\u00edtico ideol\u00f3gicos\u201d, diz o advogado.<\/span><\/p><\/blockquote>\n\n\n\n<div class=\"wp-block-image\"><figure class=\"aligncenter size-large\"><img loading=\"lazy\" decoding=\"async\" width=\"300\" height=\"250\" src=\"https:\/\/jornalfatosenoticias.com.br\/wp-content\/uploads\/2020\/02\/Banner-2.png\" alt=\"\" class=\"wp-image-43787\"\/><\/figure><\/div>\n\n\n\n<p>A proposta de revis\u00e3o do C\u00f3digo Civil no Senado foi formulada por um grupo de juristas reunidos por Rodrigo Pacheco em setembro do ano passado. Em seis meses, produziram um texto de 293 p\u00e1ginas, com altera\u00e7\u00f5es em mais de mil artigos do atual C\u00f3digo Civil, aprovado em 2002. O c\u00f3digo anterior era de 1916 e sua altera\u00e7\u00e3o foi discutida por mais de 40 anos.<\/p>\n\n\n\n<p><strong><em>Fonte: <a href=\"https:\/\/www.gazetadopovo.com.br\/republica\/novo-codigo-civil-facilitaria-tomada-de-propriedades-rurais-por-sem-terra\/\">Gazeta do Povo<\/a><\/em><\/strong><\/p>\n","protected":false},"excerpt":{"rendered":"<p>O presidente do Senado, Rodrigo Pacheco, durante ato que constituiu a comiss\u00e3o de juristas para reforma do C\u00f3digo Civil, em setembro de 2023 Por Renan Ramalho Al\u00e9m de relativizar o conceito de fam\u00edlia e facilitar o aborto, a proposta do novo C\u00f3digo Civil encomendada pelo presidente do Senado, Rodrigo Pacheco (PSD-MG), tamb\u00e9m fragiliza um dos [&hellip;]<\/p>\n","protected":false},"author":2,"featured_media":50178,"comment_status":"open","ping_status":"open","sticky":false,"template":"","format":"standard","meta":{"footnotes":""},"categories":[5],"tags":[23154,7580,17936,545,8580,486],"class_list":["post-50177","post","type-post","status-publish","format-standard","has-post-thumbnail","hentry","category-geral","tag-imovel","tag-lula","tag-mst","tag-politica","tag-rodrigo-pacheco","tag-senado"],"yoast_head":"<!-- This site is optimized with the Yoast SEO plugin v26.5 - https:\/\/yoast.com\/wordpress\/plugins\/seo\/ -->\n<title>Novo C\u00f3digo Civil facilitaria tomada de propriedades rurais por sem-terra - Jornal Fatos e Not\u00edcias<\/title>\n<meta name=\"robots\" content=\"index, follow, max-snippet:-1, max-image-preview:large, max-video-preview:-1\" \/>\n<link rel=\"canonical\" href=\"https:\/\/jornalfatosenoticias.com.br\/index.php\/2024\/03\/25\/novo-codigo-civil-facilitaria-tomada-de-propriedades-rurais-por-sem-terra\/\" \/>\n<meta property=\"og:locale\" content=\"pt_BR\" \/>\n<meta property=\"og:type\" content=\"article\" \/>\n<meta property=\"og:title\" content=\"Novo C\u00f3digo Civil facilitaria tomada de propriedades rurais por sem-terra - Jornal Fatos e Not\u00edcias\" \/>\n<meta property=\"og:description\" content=\"O presidente do Senado, Rodrigo Pacheco, durante ato que constituiu a comiss\u00e3o de juristas para reforma do C\u00f3digo Civil, em setembro de 2023 Por Renan Ramalho Al\u00e9m de relativizar o conceito de fam\u00edlia e facilitar o aborto, a proposta do novo C\u00f3digo Civil encomendada pelo presidente do Senado, Rodrigo Pacheco (PSD-MG), tamb\u00e9m fragiliza um dos [&hellip;]\" \/>\n<meta property=\"og:url\" content=\"https:\/\/jornalfatosenoticias.com.br\/index.php\/2024\/03\/25\/novo-codigo-civil-facilitaria-tomada-de-propriedades-rurais-por-sem-terra\/\" \/>\n<meta property=\"og:site_name\" content=\"Jornal Fatos e Not\u00edcias\" \/>\n<meta property=\"article:published_time\" content=\"2024-03-25T20:25:40+00:00\" \/>\n<meta property=\"article:modified_time\" content=\"2024-03-25T20:25:41+00:00\" \/>\n<meta property=\"og:image\" content=\"https:\/\/jornalfatosenoticias.com.br\/wp-content\/uploads\/2024\/03\/Rodrigo-Pacheco-Comissao-Codigo-Civil.jpg\" \/>\n\t<meta property=\"og:image:width\" content=\"960\" \/>\n\t<meta property=\"og:image:height\" content=\"540\" \/>\n\t<meta property=\"og:image:type\" content=\"image\/jpeg\" \/>\n<meta name=\"author\" content=\"Luzimara Fernandes\" \/>\n<meta name=\"twitter:card\" content=\"summary_large_image\" \/>\n<meta name=\"twitter:label1\" content=\"Escrito por\" \/>\n\t<meta name=\"twitter:data1\" content=\"Luzimara Fernandes\" \/>\n\t<meta name=\"twitter:label2\" content=\"Est. tempo de leitura\" \/>\n\t<meta name=\"twitter:data2\" content=\"6 minutos\" \/>\n<script type=\"application\/ld+json\" class=\"yoast-schema-graph\">{\"@context\":\"https:\/\/schema.org\",\"@graph\":[{\"@type\":\"Article\",\"@id\":\"https:\/\/jornalfatosenoticias.com.br\/index.php\/2024\/03\/25\/novo-codigo-civil-facilitaria-tomada-de-propriedades-rurais-por-sem-terra\/#article\",\"isPartOf\":{\"@id\":\"https:\/\/jornalfatosenoticias.com.br\/index.php\/2024\/03\/25\/novo-codigo-civil-facilitaria-tomada-de-propriedades-rurais-por-sem-terra\/\"},\"author\":{\"name\":\"Luzimara Fernandes\",\"@id\":\"https:\/\/jornalfatosenoticias.com.br\/#\/schema\/person\/d63837fa13ac8666eb9e74e0985d6f81\"},\"headline\":\"Novo C\u00f3digo Civil facilitaria tomada de propriedades rurais por sem-terra\",\"datePublished\":\"2024-03-25T20:25:40+00:00\",\"dateModified\":\"2024-03-25T20:25:41+00:00\",\"mainEntityOfPage\":{\"@id\":\"https:\/\/jornalfatosenoticias.com.br\/index.php\/2024\/03\/25\/novo-codigo-civil-facilitaria-tomada-de-propriedades-rurais-por-sem-terra\/\"},\"wordCount\":1290,\"commentCount\":0,\"publisher\":{\"@id\":\"https:\/\/jornalfatosenoticias.com.br\/#organization\"},\"image\":{\"@id\":\"https:\/\/jornalfatosenoticias.com.br\/index.php\/2024\/03\/25\/novo-codigo-civil-facilitaria-tomada-de-propriedades-rurais-por-sem-terra\/#primaryimage\"},\"thumbnailUrl\":\"https:\/\/jornalfatosenoticias.com.br\/wp-content\/uploads\/2024\/03\/Rodrigo-Pacheco-Comissao-Codigo-Civil.jpg\",\"keywords\":[\"im\u00f3vel\",\"Lula\",\"MST\",\"pol\u00edtica\",\"Rodrigo Pacheco\",\"Senado\"],\"articleSection\":[\"Geral\"],\"inLanguage\":\"pt-BR\",\"potentialAction\":[{\"@type\":\"CommentAction\",\"name\":\"Comment\",\"target\":[\"https:\/\/jornalfatosenoticias.com.br\/index.php\/2024\/03\/25\/novo-codigo-civil-facilitaria-tomada-de-propriedades-rurais-por-sem-terra\/#respond\"]}]},{\"@type\":\"WebPage\",\"@id\":\"https:\/\/jornalfatosenoticias.com.br\/index.php\/2024\/03\/25\/novo-codigo-civil-facilitaria-tomada-de-propriedades-rurais-por-sem-terra\/\",\"url\":\"https:\/\/jornalfatosenoticias.com.br\/index.php\/2024\/03\/25\/novo-codigo-civil-facilitaria-tomada-de-propriedades-rurais-por-sem-terra\/\",\"name\":\"Novo C\u00f3digo Civil facilitaria tomada de propriedades rurais por sem-terra - Jornal Fatos e Not\u00edcias\",\"isPartOf\":{\"@id\":\"https:\/\/jornalfatosenoticias.com.br\/#website\"},\"primaryImageOfPage\":{\"@id\":\"https:\/\/jornalfatosenoticias.com.br\/index.php\/2024\/03\/25\/novo-codigo-civil-facilitaria-tomada-de-propriedades-rurais-por-sem-terra\/#primaryimage\"},\"image\":{\"@id\":\"https:\/\/jornalfatosenoticias.com.br\/index.php\/2024\/03\/25\/novo-codigo-civil-facilitaria-tomada-de-propriedades-rurais-por-sem-terra\/#primaryimage\"},\"thumbnailUrl\":\"https:\/\/jornalfatosenoticias.com.br\/wp-content\/uploads\/2024\/03\/Rodrigo-Pacheco-Comissao-Codigo-Civil.jpg\",\"datePublished\":\"2024-03-25T20:25:40+00:00\",\"dateModified\":\"2024-03-25T20:25:41+00:00\",\"breadcrumb\":{\"@id\":\"https:\/\/jornalfatosenoticias.com.br\/index.php\/2024\/03\/25\/novo-codigo-civil-facilitaria-tomada-de-propriedades-rurais-por-sem-terra\/#breadcrumb\"},\"inLanguage\":\"pt-BR\",\"potentialAction\":[{\"@type\":\"ReadAction\",\"target\":[\"https:\/\/jornalfatosenoticias.com.br\/index.php\/2024\/03\/25\/novo-codigo-civil-facilitaria-tomada-de-propriedades-rurais-por-sem-terra\/\"]}]},{\"@type\":\"ImageObject\",\"inLanguage\":\"pt-BR\",\"@id\":\"https:\/\/jornalfatosenoticias.com.br\/index.php\/2024\/03\/25\/novo-codigo-civil-facilitaria-tomada-de-propriedades-rurais-por-sem-terra\/#primaryimage\",\"url\":\"https:\/\/jornalfatosenoticias.com.br\/wp-content\/uploads\/2024\/03\/Rodrigo-Pacheco-Comissao-Codigo-Civil.jpg\",\"contentUrl\":\"https:\/\/jornalfatosenoticias.com.br\/wp-content\/uploads\/2024\/03\/Rodrigo-Pacheco-Comissao-Codigo-Civil.jpg\",\"width\":960,\"height\":540},{\"@type\":\"BreadcrumbList\",\"@id\":\"https:\/\/jornalfatosenoticias.com.br\/index.php\/2024\/03\/25\/novo-codigo-civil-facilitaria-tomada-de-propriedades-rurais-por-sem-terra\/#breadcrumb\",\"itemListElement\":[{\"@type\":\"ListItem\",\"position\":1,\"name\":\"In\u00edcio\",\"item\":\"https:\/\/jornalfatosenoticias.com.br\/\"},{\"@type\":\"ListItem\",\"position\":2,\"name\":\"Novo C\u00f3digo Civil facilitaria tomada de propriedades rurais por sem-terra\"}]},{\"@type\":\"WebSite\",\"@id\":\"https:\/\/jornalfatosenoticias.com.br\/#website\",\"url\":\"https:\/\/jornalfatosenoticias.com.br\/\",\"name\":\"Jornal Fatos e Not\u00edcias\",\"description\":\"Not\u00edcias em geral\",\"publisher\":{\"@id\":\"https:\/\/jornalfatosenoticias.com.br\/#organization\"},\"potentialAction\":[{\"@type\":\"SearchAction\",\"target\":{\"@type\":\"EntryPoint\",\"urlTemplate\":\"https:\/\/jornalfatosenoticias.com.br\/?s={search_term_string}\"},\"query-input\":{\"@type\":\"PropertyValueSpecification\",\"valueRequired\":true,\"valueName\":\"search_term_string\"}}],\"inLanguage\":\"pt-BR\"},{\"@type\":\"Organization\",\"@id\":\"https:\/\/jornalfatosenoticias.com.br\/#organization\",\"name\":\"Jornal Fatos e Not\u00edcias\",\"url\":\"https:\/\/jornalfatosenoticias.com.br\/\",\"logo\":{\"@type\":\"ImageObject\",\"inLanguage\":\"pt-BR\",\"@id\":\"https:\/\/jornalfatosenoticias.com.br\/#\/schema\/logo\/image\/\",\"url\":\"https:\/\/jornalfatosenoticias.com.br\/wp-content\/uploads\/2020\/02\/logo120.png\",\"contentUrl\":\"https:\/\/jornalfatosenoticias.com.br\/wp-content\/uploads\/2020\/02\/logo120.png\",\"width\":1227,\"height\":120,\"caption\":\"Jornal Fatos e Not\u00edcias\"},\"image\":{\"@id\":\"https:\/\/jornalfatosenoticias.com.br\/#\/schema\/logo\/image\/\"}},{\"@type\":\"Person\",\"@id\":\"https:\/\/jornalfatosenoticias.com.br\/#\/schema\/person\/d63837fa13ac8666eb9e74e0985d6f81\",\"name\":\"Luzimara Fernandes\",\"image\":{\"@type\":\"ImageObject\",\"inLanguage\":\"pt-BR\",\"@id\":\"https:\/\/jornalfatosenoticias.com.br\/#\/schema\/person\/image\/\",\"url\":\"https:\/\/jornalfatosenoticias.com.br\/wp-content\/uploads\/2025\/05\/EU_portal.jpg\",\"contentUrl\":\"https:\/\/jornalfatosenoticias.com.br\/wp-content\/uploads\/2025\/05\/EU_portal.jpg\",\"caption\":\"Luzimara Fernandes\"},\"description\":\"Jornalista MTB 2358-ES\",\"sameAs\":[\"https:\/\/jornalfatosenoticias.com.br\"],\"url\":\"https:\/\/jornalfatosenoticias.com.br\/index.php\/author\/luzimara\/\"}]}<\/script>\n<!-- \/ Yoast SEO plugin. -->","yoast_head_json":{"title":"Novo C\u00f3digo Civil facilitaria tomada de propriedades rurais por sem-terra - Jornal Fatos e Not\u00edcias","robots":{"index":"index","follow":"follow","max-snippet":"max-snippet:-1","max-image-preview":"max-image-preview:large","max-video-preview":"max-video-preview:-1"},"canonical":"https:\/\/jornalfatosenoticias.com.br\/index.php\/2024\/03\/25\/novo-codigo-civil-facilitaria-tomada-de-propriedades-rurais-por-sem-terra\/","og_locale":"pt_BR","og_type":"article","og_title":"Novo C\u00f3digo Civil facilitaria tomada de propriedades rurais por sem-terra - Jornal Fatos e Not\u00edcias","og_description":"O presidente do Senado, Rodrigo Pacheco, durante ato que constituiu a comiss\u00e3o de juristas para reforma do C\u00f3digo Civil, em setembro de 2023 Por Renan Ramalho Al\u00e9m de relativizar o conceito de fam\u00edlia e facilitar o aborto, a proposta do novo C\u00f3digo Civil encomendada pelo presidente do Senado, Rodrigo Pacheco (PSD-MG), tamb\u00e9m fragiliza um dos [&hellip;]","og_url":"https:\/\/jornalfatosenoticias.com.br\/index.php\/2024\/03\/25\/novo-codigo-civil-facilitaria-tomada-de-propriedades-rurais-por-sem-terra\/","og_site_name":"Jornal Fatos e Not\u00edcias","article_published_time":"2024-03-25T20:25:40+00:00","article_modified_time":"2024-03-25T20:25:41+00:00","og_image":[{"width":960,"height":540,"url":"https:\/\/jornalfatosenoticias.com.br\/wp-content\/uploads\/2024\/03\/Rodrigo-Pacheco-Comissao-Codigo-Civil.jpg","type":"image\/jpeg"}],"author":"Luzimara Fernandes","twitter_card":"summary_large_image","twitter_misc":{"Escrito por":"Luzimara Fernandes","Est. tempo de leitura":"6 minutos"},"schema":{"@context":"https:\/\/schema.org","@graph":[{"@type":"Article","@id":"https:\/\/jornalfatosenoticias.com.br\/index.php\/2024\/03\/25\/novo-codigo-civil-facilitaria-tomada-de-propriedades-rurais-por-sem-terra\/#article","isPartOf":{"@id":"https:\/\/jornalfatosenoticias.com.br\/index.php\/2024\/03\/25\/novo-codigo-civil-facilitaria-tomada-de-propriedades-rurais-por-sem-terra\/"},"author":{"name":"Luzimara Fernandes","@id":"https:\/\/jornalfatosenoticias.com.br\/#\/schema\/person\/d63837fa13ac8666eb9e74e0985d6f81"},"headline":"Novo C\u00f3digo Civil facilitaria tomada de propriedades rurais por sem-terra","datePublished":"2024-03-25T20:25:40+00:00","dateModified":"2024-03-25T20:25:41+00:00","mainEntityOfPage":{"@id":"https:\/\/jornalfatosenoticias.com.br\/index.php\/2024\/03\/25\/novo-codigo-civil-facilitaria-tomada-de-propriedades-rurais-por-sem-terra\/"},"wordCount":1290,"commentCount":0,"publisher":{"@id":"https:\/\/jornalfatosenoticias.com.br\/#organization"},"image":{"@id":"https:\/\/jornalfatosenoticias.com.br\/index.php\/2024\/03\/25\/novo-codigo-civil-facilitaria-tomada-de-propriedades-rurais-por-sem-terra\/#primaryimage"},"thumbnailUrl":"https:\/\/jornalfatosenoticias.com.br\/wp-content\/uploads\/2024\/03\/Rodrigo-Pacheco-Comissao-Codigo-Civil.jpg","keywords":["im\u00f3vel","Lula","MST","pol\u00edtica","Rodrigo Pacheco","Senado"],"articleSection":["Geral"],"inLanguage":"pt-BR","potentialAction":[{"@type":"CommentAction","name":"Comment","target":["https:\/\/jornalfatosenoticias.com.br\/index.php\/2024\/03\/25\/novo-codigo-civil-facilitaria-tomada-de-propriedades-rurais-por-sem-terra\/#respond"]}]},{"@type":"WebPage","@id":"https:\/\/jornalfatosenoticias.com.br\/index.php\/2024\/03\/25\/novo-codigo-civil-facilitaria-tomada-de-propriedades-rurais-por-sem-terra\/","url":"https:\/\/jornalfatosenoticias.com.br\/index.php\/2024\/03\/25\/novo-codigo-civil-facilitaria-tomada-de-propriedades-rurais-por-sem-terra\/","name":"Novo C\u00f3digo Civil facilitaria tomada de propriedades rurais por sem-terra - Jornal Fatos e Not\u00edcias","isPartOf":{"@id":"https:\/\/jornalfatosenoticias.com.br\/#website"},"primaryImageOfPage":{"@id":"https:\/\/jornalfatosenoticias.com.br\/index.php\/2024\/03\/25\/novo-codigo-civil-facilitaria-tomada-de-propriedades-rurais-por-sem-terra\/#primaryimage"},"image":{"@id":"https:\/\/jornalfatosenoticias.com.br\/index.php\/2024\/03\/25\/novo-codigo-civil-facilitaria-tomada-de-propriedades-rurais-por-sem-terra\/#primaryimage"},"thumbnailUrl":"https:\/\/jornalfatosenoticias.com.br\/wp-content\/uploads\/2024\/03\/Rodrigo-Pacheco-Comissao-Codigo-Civil.jpg","datePublished":"2024-03-25T20:25:40+00:00","dateModified":"2024-03-25T20:25:41+00:00","breadcrumb":{"@id":"https:\/\/jornalfatosenoticias.com.br\/index.php\/2024\/03\/25\/novo-codigo-civil-facilitaria-tomada-de-propriedades-rurais-por-sem-terra\/#breadcrumb"},"inLanguage":"pt-BR","potentialAction":[{"@type":"ReadAction","target":["https:\/\/jornalfatosenoticias.com.br\/index.php\/2024\/03\/25\/novo-codigo-civil-facilitaria-tomada-de-propriedades-rurais-por-sem-terra\/"]}]},{"@type":"ImageObject","inLanguage":"pt-BR","@id":"https:\/\/jornalfatosenoticias.com.br\/index.php\/2024\/03\/25\/novo-codigo-civil-facilitaria-tomada-de-propriedades-rurais-por-sem-terra\/#primaryimage","url":"https:\/\/jornalfatosenoticias.com.br\/wp-content\/uploads\/2024\/03\/Rodrigo-Pacheco-Comissao-Codigo-Civil.jpg","contentUrl":"https:\/\/jornalfatosenoticias.com.br\/wp-content\/uploads\/2024\/03\/Rodrigo-Pacheco-Comissao-Codigo-Civil.jpg","width":960,"height":540},{"@type":"BreadcrumbList","@id":"https:\/\/jornalfatosenoticias.com.br\/index.php\/2024\/03\/25\/novo-codigo-civil-facilitaria-tomada-de-propriedades-rurais-por-sem-terra\/#breadcrumb","itemListElement":[{"@type":"ListItem","position":1,"name":"In\u00edcio","item":"https:\/\/jornalfatosenoticias.com.br\/"},{"@type":"ListItem","position":2,"name":"Novo C\u00f3digo Civil facilitaria tomada de propriedades rurais por sem-terra"}]},{"@type":"WebSite","@id":"https:\/\/jornalfatosenoticias.com.br\/#website","url":"https:\/\/jornalfatosenoticias.com.br\/","name":"Jornal Fatos e Not\u00edcias","description":"Not\u00edcias em geral","publisher":{"@id":"https:\/\/jornalfatosenoticias.com.br\/#organization"},"potentialAction":[{"@type":"SearchAction","target":{"@type":"EntryPoint","urlTemplate":"https:\/\/jornalfatosenoticias.com.br\/?s={search_term_string}"},"query-input":{"@type":"PropertyValueSpecification","valueRequired":true,"valueName":"search_term_string"}}],"inLanguage":"pt-BR"},{"@type":"Organization","@id":"https:\/\/jornalfatosenoticias.com.br\/#organization","name":"Jornal Fatos e Not\u00edcias","url":"https:\/\/jornalfatosenoticias.com.br\/","logo":{"@type":"ImageObject","inLanguage":"pt-BR","@id":"https:\/\/jornalfatosenoticias.com.br\/#\/schema\/logo\/image\/","url":"https:\/\/jornalfatosenoticias.com.br\/wp-content\/uploads\/2020\/02\/logo120.png","contentUrl":"https:\/\/jornalfatosenoticias.com.br\/wp-content\/uploads\/2020\/02\/logo120.png","width":1227,"height":120,"caption":"Jornal Fatos e Not\u00edcias"},"image":{"@id":"https:\/\/jornalfatosenoticias.com.br\/#\/schema\/logo\/image\/"}},{"@type":"Person","@id":"https:\/\/jornalfatosenoticias.com.br\/#\/schema\/person\/d63837fa13ac8666eb9e74e0985d6f81","name":"Luzimara Fernandes","image":{"@type":"ImageObject","inLanguage":"pt-BR","@id":"https:\/\/jornalfatosenoticias.com.br\/#\/schema\/person\/image\/","url":"https:\/\/jornalfatosenoticias.com.br\/wp-content\/uploads\/2025\/05\/EU_portal.jpg","contentUrl":"https:\/\/jornalfatosenoticias.com.br\/wp-content\/uploads\/2025\/05\/EU_portal.jpg","caption":"Luzimara Fernandes"},"description":"Jornalista MTB 2358-ES","sameAs":["https:\/\/jornalfatosenoticias.com.br"],"url":"https:\/\/jornalfatosenoticias.com.br\/index.php\/author\/luzimara\/"}]}},"cc_featured_image_caption":{"caption_text":"(Foto: Pedro Gontijo\/Senado)","source_text":"","source_url":""},"jetpack_featured_media_url":"https:\/\/jornalfatosenoticias.com.br\/wp-content\/uploads\/2024\/03\/Rodrigo-Pacheco-Comissao-Codigo-Civil.jpg","_links":{"self":[{"href":"https:\/\/jornalfatosenoticias.com.br\/index.php\/wp-json\/wp\/v2\/posts\/50177","targetHints":{"allow":["GET"]}}],"collection":[{"href":"https:\/\/jornalfatosenoticias.com.br\/index.php\/wp-json\/wp\/v2\/posts"}],"about":[{"href":"https:\/\/jornalfatosenoticias.com.br\/index.php\/wp-json\/wp\/v2\/types\/post"}],"author":[{"embeddable":true,"href":"https:\/\/jornalfatosenoticias.com.br\/index.php\/wp-json\/wp\/v2\/users\/2"}],"replies":[{"embeddable":true,"href":"https:\/\/jornalfatosenoticias.com.br\/index.php\/wp-json\/wp\/v2\/comments?post=50177"}],"version-history":[{"count":0,"href":"https:\/\/jornalfatosenoticias.com.br\/index.php\/wp-json\/wp\/v2\/posts\/50177\/revisions"}],"wp:featuredmedia":[{"embeddable":true,"href":"https:\/\/jornalfatosenoticias.com.br\/index.php\/wp-json\/wp\/v2\/media\/50178"}],"wp:attachment":[{"href":"https:\/\/jornalfatosenoticias.com.br\/index.php\/wp-json\/wp\/v2\/media?parent=50177"}],"wp:term":[{"taxonomy":"category","embeddable":true,"href":"https:\/\/jornalfatosenoticias.com.br\/index.php\/wp-json\/wp\/v2\/categories?post=50177"},{"taxonomy":"post_tag","embeddable":true,"href":"https:\/\/jornalfatosenoticias.com.br\/index.php\/wp-json\/wp\/v2\/tags?post=50177"}],"curies":[{"name":"wp","href":"https:\/\/api.w.org\/{rel}","templated":true}]}}