{"id":50180,"date":"2024-03-25T17:38:30","date_gmt":"2024-03-25T20:38:30","guid":{"rendered":"https:\/\/jornalfatosenoticias.com.br\/?p=50180"},"modified":"2024-03-25T17:38:31","modified_gmt":"2024-03-25T20:38:31","slug":"bukele-anuncia-cerco-em-el-salvador-para-combater-atividades-de-gangues","status":"publish","type":"post","link":"https:\/\/jornalfatosenoticias.com.br\/index.php\/2024\/03\/25\/bukele-anuncia-cerco-em-el-salvador-para-combater-atividades-de-gangues\/","title":{"rendered":"Bukele anuncia cerco em El Salvador para combater atividades de gangues"},"content":{"rendered":"\n<p><em><span class=\"has-inline-color has-black-color\">Nayib Bukele, presidente de El Salvador: pa\u00eds experimentou um decl\u00ednio da criminalidade ap\u00f3s medidas duras do governo<\/span><\/em><\/p>\n\n\n\n<p><span class=\"has-inline-color has-black-color\">Por <strong><a href=\"https:\/\/www.gazetadopovo.com.br\/autor\/isabella-de-paula\/\">Isabella de Paula<\/a><\/strong><\/span><\/p>\n\n\n\n<div class=\"wp-block-image\"><figure class=\"aligncenter size-large\"><img loading=\"lazy\" decoding=\"async\" width=\"729\" height=\"90\" src=\"https:\/\/jornalfatosenoticias.com.br\/wp-content\/uploads\/2020\/02\/Logo_Mizu.png\" alt=\"\" class=\"wp-image-1441\" srcset=\"https:\/\/jornalfatosenoticias.com.br\/wp-content\/uploads\/2020\/02\/Logo_Mizu.png 729w, https:\/\/jornalfatosenoticias.com.br\/wp-content\/uploads\/2020\/02\/Logo_Mizu-300x37.png 300w\" sizes=\"auto, (max-width: 729px) 100vw, 729px\" \/><\/figure><\/div>\n\n\n\n<p>O presidente reeleito de El Salvador, Nayib Bukele, anunciou neste domingo (24) o in\u00edcio de uma megaopera\u00e7\u00e3o militar com cinco mil soldados e policiais no norte do pa\u00eds para conter as atividades criminosas das gangues. A decis\u00e3o foi tomada ap\u00f3s a ocorr\u00eancia de dois homic\u00eddios na regi\u00e3o. \u201cH\u00e1 poucos dias ocorreram dois homic\u00eddios no norte do nosso pa\u00eds. J\u00e1 capturamos os dois culpados, membros da gangue 18 Sure\u00f1os&#8221;, disse o l\u00edder salvadorenho&nbsp;em suas redes sociais.<\/p>\n\n\n\n<blockquote class=\"wp-block-quote is-layout-flow wp-block-quote-is-layout-flow\"><p><span class=\"has-inline-color has-luminous-vivid-orange-color\">Neste momento, cinco mil soldados e mil policiais cercaram os bairros de San Jos\u00e9 Cancasque, San Antonio Los Ranchos, Potonico e San Isidro Labrador, para desmantelar completamente as a\u00e7\u00f5es criminosas. N\u00e3o vamos parar at\u00e9 erradicarmos o pouco que resta das gangues&#8221;, declarou.<\/span><\/p><\/blockquote>\n\n\n\n<div class=\"wp-block-image\"><figure class=\"aligncenter size-large is-resized\"><img loading=\"lazy\" decoding=\"async\" src=\"https:\/\/jornalfatosenoticias.com.br\/wp-content\/uploads\/2024\/01\/consultoria-ambiental.jpg\" alt=\"\" class=\"wp-image-48314\" width=\"273\" height=\"247\" srcset=\"https:\/\/jornalfatosenoticias.com.br\/wp-content\/uploads\/2024\/01\/consultoria-ambiental.jpg 832w, https:\/\/jornalfatosenoticias.com.br\/wp-content\/uploads\/2024\/01\/consultoria-ambiental-300x272.jpg 300w, https:\/\/jornalfatosenoticias.com.br\/wp-content\/uploads\/2024\/01\/consultoria-ambiental-768x696.jpg 768w\" sizes=\"auto, (max-width: 273px) 100vw, 273px\" \/><\/figure><\/div>\n\n\n\n<p>Uma opera\u00e7\u00e3o semelhante foi realizada em agosto do ano passado, na regi\u00e3o de Caba\u00f1as, uma das \u00e1reas dominadas pelas gangues no pa\u00eds. Ao todo, oito mil homens, incluindo policiais e militares, participam da opera\u00e7\u00e3o, que isolou mais de mil quil\u00f4metros quadrados e resultou na pris\u00e3o de l\u00edderes &#8220;perigosos&#8221; do crime, segundo as autoridades.<\/p>\n\n\n\n<div class=\"wp-block-image\"><figure class=\"aligncenter size-large is-resized\"><img loading=\"lazy\" decoding=\"async\" src=\"https:\/\/jornalfatosenoticias.com.br\/wp-content\/uploads\/2023\/08\/BKR-1024x1021.jpg\" alt=\"\" class=\"wp-image-44494\" width=\"289\" height=\"288\" srcset=\"https:\/\/jornalfatosenoticias.com.br\/wp-content\/uploads\/2023\/08\/BKR-1024x1021.jpg 1024w, https:\/\/jornalfatosenoticias.com.br\/wp-content\/uploads\/2023\/08\/BKR-300x300.jpg 300w, https:\/\/jornalfatosenoticias.com.br\/wp-content\/uploads\/2023\/08\/BKR-150x150.jpg 150w, https:\/\/jornalfatosenoticias.com.br\/wp-content\/uploads\/2023\/08\/BKR-768x766.jpg 768w, https:\/\/jornalfatosenoticias.com.br\/wp-content\/uploads\/2023\/08\/BKR.jpg 1080w\" sizes=\"auto, (max-width: 289px) 100vw, 289px\" \/><\/figure><\/div>\n\n\n\n<p>O combate ao crime organizado fez com que Bukele se tornasse uma das lideran\u00e7as mais conhecidas do mundo, desde que chegou ao poder em 2019. At\u00e9 2015, El Salvador era classificado como o pa\u00eds mais perigoso do mundo, com uma taxa de homic\u00eddio que chegava a 106,3 homic\u00eddios para cada 100 mil habitantes. Essa realidade mudou drasticamente ap\u00f3s a decreta\u00e7\u00e3o de estado de exce\u00e7\u00e3o nacional em 2022 e o in\u00edcio de uma luta contra a criminalidade pelo governo do atual presidente.<\/p>\n\n\n\n<div class=\"wp-block-image\"><figure class=\"aligncenter size-large is-resized\"><img loading=\"lazy\" decoding=\"async\" src=\"https:\/\/jornalfatosenoticias.com.br\/wp-content\/uploads\/2023\/12\/pegoretti-logo-pdf-1024x389.jpg\" alt=\"\" class=\"wp-image-47536\" width=\"504\" height=\"191\" srcset=\"https:\/\/jornalfatosenoticias.com.br\/wp-content\/uploads\/2023\/12\/pegoretti-logo-pdf-1024x389.jpg 1024w, https:\/\/jornalfatosenoticias.com.br\/wp-content\/uploads\/2023\/12\/pegoretti-logo-pdf-300x114.jpg 300w, https:\/\/jornalfatosenoticias.com.br\/wp-content\/uploads\/2023\/12\/pegoretti-logo-pdf-768x291.jpg 768w, https:\/\/jornalfatosenoticias.com.br\/wp-content\/uploads\/2023\/12\/pegoretti-logo-pdf.jpg 1120w\" sizes=\"auto, (max-width: 504px) 100vw, 504px\" \/><\/figure><\/div>\n\n\n\n<p>Ap\u00f3s as medidas r\u00edgidas contra o crime, o \u00edndice de homic\u00eddio desabou para 7,8 homic\u00eddios por 100 mil habitantes, no mesmo ano. J\u00e1 no ano passado, essa taxa chegou a apenas 1,7 homic\u00eddio por 100 mil, segundo estat\u00edsticas oficiais. A gest\u00e3o de Bukele tamb\u00e9m restringiu diversos direitos constitucionais, entre eles os\u00a0de defesa e liberdade de associa\u00e7\u00e3o e circula\u00e7\u00e3o, iniciando uma s\u00e9rie de opera\u00e7\u00f5es policiais que prendeu milhares de criminosos em todo o territ\u00f3rio nacional. <\/p>\n\n\n\n<div class=\"wp-block-image\"><figure class=\"aligncenter size-large is-resized\"><img loading=\"lazy\" decoding=\"async\" src=\"https:\/\/jornalfatosenoticias.com.br\/wp-content\/uploads\/2023\/03\/nova-logo-Marquetti.jpg\" alt=\"\" class=\"wp-image-40207\" width=\"301\" height=\"202\" srcset=\"https:\/\/jornalfatosenoticias.com.br\/wp-content\/uploads\/2023\/03\/nova-logo-Marquetti.jpg 643w, https:\/\/jornalfatosenoticias.com.br\/wp-content\/uploads\/2023\/03\/nova-logo-Marquetti-300x202.jpg 300w\" sizes=\"auto, (max-width: 301px) 100vw, 301px\" \/><\/figure><\/div>\n\n\n\n<p>Tais a\u00e7\u00f5es voltadas para a seguran\u00e7a lhe renderam uma grande popularidade entre os cidad\u00e3os salvadorenhos, que aprovam, por maioria, suas iniciativas.<br>Estima-se que mais de 60 mil criminosos j\u00e1 foram encarcerados nos \u00faltimos dois anos de seu governo e enviados para o Cecot, a megapris\u00e3o constru\u00edda para receber apenas membros de fac\u00e7\u00f5es, como a Barrio 18 e a Mara Salvatrucha.<\/p>\n\n\n\n<div class=\"wp-block-image\"><figure class=\"aligncenter size-large is-resized\"><img loading=\"lazy\" decoding=\"async\" src=\"https:\/\/jornalfatosenoticias.com.br\/wp-content\/uploads\/2023\/09\/vetorvix1024_1.jpg\" alt=\"\" class=\"wp-image-44868\" width=\"442\" height=\"117\" srcset=\"https:\/\/jornalfatosenoticias.com.br\/wp-content\/uploads\/2023\/09\/vetorvix1024_1.jpg 1024w, https:\/\/jornalfatosenoticias.com.br\/wp-content\/uploads\/2023\/09\/vetorvix1024_1-300x80.jpg 300w, https:\/\/jornalfatosenoticias.com.br\/wp-content\/uploads\/2023\/09\/vetorvix1024_1-768x205.jpg 768w\" sizes=\"auto, (max-width: 442px) 100vw, 442px\" \/><\/figure><\/div>\n\n\n\n<p><strong><em>Fonte: <a href=\"https:\/\/www.gazetadopovo.com.br\/mundo\/bukele-anuncia-cerco-em-el-salvador-para-combater-atividades-de-gangues\/\">Gazeta do Povo<\/a><\/em><\/strong><\/p>\n","protected":false},"excerpt":{"rendered":"<p>Nayib Bukele, presidente de El Salvador: pa\u00eds experimentou um decl\u00ednio da criminalidade ap\u00f3s medidas duras do governo Por Isabella de Paula O presidente reeleito de El Salvador, Nayib Bukele, anunciou neste domingo (24) o in\u00edcio de uma megaopera\u00e7\u00e3o militar com cinco mil soldados e policiais no norte do pa\u00eds para conter as atividades criminosas das [&hellip;]<\/p>\n","protected":false},"author":2,"featured_media":50181,"comment_status":"open","ping_status":"open","sticky":false,"template":"","format":"standard","meta":{"footnotes":""},"categories":[41],"tags":[4100,20904,20905,1033,2479],"class_list":["post-50180","post","type-post","status-publish","format-standard","has-post-thumbnail","hentry","category-internacional","tag-criminalidade","tag-el-salvador","tag-nayib-bukele","tag-seguranca","tag-violencia"],"yoast_head":"<!-- This site is optimized with the Yoast SEO plugin v26.5 - https:\/\/yoast.com\/wordpress\/plugins\/seo\/ -->\n<title>Bukele anuncia cerco em El Salvador para combater atividades de gangues - Jornal Fatos e Not\u00edcias<\/title>\n<meta name=\"robots\" content=\"index, follow, max-snippet:-1, max-image-preview:large, max-video-preview:-1\" \/>\n<link rel=\"canonical\" href=\"https:\/\/jornalfatosenoticias.com.br\/index.php\/2024\/03\/25\/bukele-anuncia-cerco-em-el-salvador-para-combater-atividades-de-gangues\/\" \/>\n<meta property=\"og:locale\" content=\"pt_BR\" \/>\n<meta property=\"og:type\" content=\"article\" \/>\n<meta property=\"og:title\" content=\"Bukele anuncia cerco em El Salvador para combater atividades de gangues - Jornal Fatos e Not\u00edcias\" \/>\n<meta property=\"og:description\" content=\"Nayib Bukele, presidente de El Salvador: pa\u00eds experimentou um decl\u00ednio da criminalidade ap\u00f3s medidas duras do governo Por Isabella de Paula O presidente reeleito de El Salvador, Nayib Bukele, anunciou neste domingo (24) o in\u00edcio de uma megaopera\u00e7\u00e3o militar com cinco mil soldados e policiais no norte do pa\u00eds para conter as atividades criminosas das [&hellip;]\" \/>\n<meta property=\"og:url\" content=\"https:\/\/jornalfatosenoticias.com.br\/index.php\/2024\/03\/25\/bukele-anuncia-cerco-em-el-salvador-para-combater-atividades-de-gangues\/\" \/>\n<meta property=\"og:site_name\" content=\"Jornal Fatos e Not\u00edcias\" \/>\n<meta property=\"article:published_time\" content=\"2024-03-25T20:38:30+00:00\" \/>\n<meta property=\"article:modified_time\" content=\"2024-03-25T20:38:31+00:00\" \/>\n<meta property=\"og:image\" content=\"https:\/\/jornalfatosenoticias.com.br\/wp-content\/uploads\/2024\/03\/Nayib-Bukele_gettyimages.jpg\" \/>\n\t<meta property=\"og:image:width\" content=\"612\" \/>\n\t<meta property=\"og:image:height\" content=\"408\" \/>\n\t<meta property=\"og:image:type\" content=\"image\/jpeg\" \/>\n<meta name=\"author\" content=\"Luzimara Fernandes\" \/>\n<meta name=\"twitter:card\" content=\"summary_large_image\" \/>\n<meta name=\"twitter:label1\" content=\"Escrito por\" \/>\n\t<meta name=\"twitter:data1\" content=\"Luzimara Fernandes\" \/>\n\t<meta name=\"twitter:label2\" content=\"Est. tempo de leitura\" \/>\n\t<meta name=\"twitter:data2\" content=\"2 minutos\" \/>\n<script type=\"application\/ld+json\" class=\"yoast-schema-graph\">{\"@context\":\"https:\/\/schema.org\",\"@graph\":[{\"@type\":\"Article\",\"@id\":\"https:\/\/jornalfatosenoticias.com.br\/index.php\/2024\/03\/25\/bukele-anuncia-cerco-em-el-salvador-para-combater-atividades-de-gangues\/#article\",\"isPartOf\":{\"@id\":\"https:\/\/jornalfatosenoticias.com.br\/index.php\/2024\/03\/25\/bukele-anuncia-cerco-em-el-salvador-para-combater-atividades-de-gangues\/\"},\"author\":{\"name\":\"Luzimara Fernandes\",\"@id\":\"https:\/\/jornalfatosenoticias.com.br\/#\/schema\/person\/d63837fa13ac8666eb9e74e0985d6f81\"},\"headline\":\"Bukele anuncia cerco em El Salvador para combater atividades de gangues\",\"datePublished\":\"2024-03-25T20:38:30+00:00\",\"dateModified\":\"2024-03-25T20:38:31+00:00\",\"mainEntityOfPage\":{\"@id\":\"https:\/\/jornalfatosenoticias.com.br\/index.php\/2024\/03\/25\/bukele-anuncia-cerco-em-el-salvador-para-combater-atividades-de-gangues\/\"},\"wordCount\":463,\"commentCount\":0,\"publisher\":{\"@id\":\"https:\/\/jornalfatosenoticias.com.br\/#organization\"},\"image\":{\"@id\":\"https:\/\/jornalfatosenoticias.com.br\/index.php\/2024\/03\/25\/bukele-anuncia-cerco-em-el-salvador-para-combater-atividades-de-gangues\/#primaryimage\"},\"thumbnailUrl\":\"https:\/\/jornalfatosenoticias.com.br\/wp-content\/uploads\/2024\/03\/Nayib-Bukele_gettyimages.jpg\",\"keywords\":[\"criminalidade\",\"El Salvador\",\"Nayib Bukele\",\"seguran\u00e7a\",\"viol\u00eancia\"],\"articleSection\":[\"Internacional\"],\"inLanguage\":\"pt-BR\",\"potentialAction\":[{\"@type\":\"CommentAction\",\"name\":\"Comment\",\"target\":[\"https:\/\/jornalfatosenoticias.com.br\/index.php\/2024\/03\/25\/bukele-anuncia-cerco-em-el-salvador-para-combater-atividades-de-gangues\/#respond\"]}]},{\"@type\":\"WebPage\",\"@id\":\"https:\/\/jornalfatosenoticias.com.br\/index.php\/2024\/03\/25\/bukele-anuncia-cerco-em-el-salvador-para-combater-atividades-de-gangues\/\",\"url\":\"https:\/\/jornalfatosenoticias.com.br\/index.php\/2024\/03\/25\/bukele-anuncia-cerco-em-el-salvador-para-combater-atividades-de-gangues\/\",\"name\":\"Bukele anuncia cerco em El Salvador para combater atividades de gangues - Jornal Fatos e Not\u00edcias\",\"isPartOf\":{\"@id\":\"https:\/\/jornalfatosenoticias.com.br\/#website\"},\"primaryImageOfPage\":{\"@id\":\"https:\/\/jornalfatosenoticias.com.br\/index.php\/2024\/03\/25\/bukele-anuncia-cerco-em-el-salvador-para-combater-atividades-de-gangues\/#primaryimage\"},\"image\":{\"@id\":\"https:\/\/jornalfatosenoticias.com.br\/index.php\/2024\/03\/25\/bukele-anuncia-cerco-em-el-salvador-para-combater-atividades-de-gangues\/#primaryimage\"},\"thumbnailUrl\":\"https:\/\/jornalfatosenoticias.com.br\/wp-content\/uploads\/2024\/03\/Nayib-Bukele_gettyimages.jpg\",\"datePublished\":\"2024-03-25T20:38:30+00:00\",\"dateModified\":\"2024-03-25T20:38:31+00:00\",\"breadcrumb\":{\"@id\":\"https:\/\/jornalfatosenoticias.com.br\/index.php\/2024\/03\/25\/bukele-anuncia-cerco-em-el-salvador-para-combater-atividades-de-gangues\/#breadcrumb\"},\"inLanguage\":\"pt-BR\",\"potentialAction\":[{\"@type\":\"ReadAction\",\"target\":[\"https:\/\/jornalfatosenoticias.com.br\/index.php\/2024\/03\/25\/bukele-anuncia-cerco-em-el-salvador-para-combater-atividades-de-gangues\/\"]}]},{\"@type\":\"ImageObject\",\"inLanguage\":\"pt-BR\",\"@id\":\"https:\/\/jornalfatosenoticias.com.br\/index.php\/2024\/03\/25\/bukele-anuncia-cerco-em-el-salvador-para-combater-atividades-de-gangues\/#primaryimage\",\"url\":\"https:\/\/jornalfatosenoticias.com.br\/wp-content\/uploads\/2024\/03\/Nayib-Bukele_gettyimages.jpg\",\"contentUrl\":\"https:\/\/jornalfatosenoticias.com.br\/wp-content\/uploads\/2024\/03\/Nayib-Bukele_gettyimages.jpg\",\"width\":612,\"height\":408,\"caption\":\"SAN SALVADOR, EL SALVADOR - FEBRUARY 04: Incumbent president of El Salvador and presidential candidate for Nuevas Ideas Nayib Bukele speaks during a press conference after casting his vote on February 04, 2024 in San Salvador, El Salvador. Salvadorans head to polls to vote for president as incumbent Nayib Bukele seeks for reelection despite a constitutional ban. (Photo by Alex Pe\u00f1a\/Getty Images)\"},{\"@type\":\"BreadcrumbList\",\"@id\":\"https:\/\/jornalfatosenoticias.com.br\/index.php\/2024\/03\/25\/bukele-anuncia-cerco-em-el-salvador-para-combater-atividades-de-gangues\/#breadcrumb\",\"itemListElement\":[{\"@type\":\"ListItem\",\"position\":1,\"name\":\"In\u00edcio\",\"item\":\"https:\/\/jornalfatosenoticias.com.br\/\"},{\"@type\":\"ListItem\",\"position\":2,\"name\":\"Bukele anuncia cerco em El Salvador para combater atividades de gangues\"}]},{\"@type\":\"WebSite\",\"@id\":\"https:\/\/jornalfatosenoticias.com.br\/#website\",\"url\":\"https:\/\/jornalfatosenoticias.com.br\/\",\"name\":\"Jornal Fatos e Not\u00edcias\",\"description\":\"Not\u00edcias em geral\",\"publisher\":{\"@id\":\"https:\/\/jornalfatosenoticias.com.br\/#organization\"},\"potentialAction\":[{\"@type\":\"SearchAction\",\"target\":{\"@type\":\"EntryPoint\",\"urlTemplate\":\"https:\/\/jornalfatosenoticias.com.br\/?s={search_term_string}\"},\"query-input\":{\"@type\":\"PropertyValueSpecification\",\"valueRequired\":true,\"valueName\":\"search_term_string\"}}],\"inLanguage\":\"pt-BR\"},{\"@type\":\"Organization\",\"@id\":\"https:\/\/jornalfatosenoticias.com.br\/#organization\",\"name\":\"Jornal Fatos e Not\u00edcias\",\"url\":\"https:\/\/jornalfatosenoticias.com.br\/\",\"logo\":{\"@type\":\"ImageObject\",\"inLanguage\":\"pt-BR\",\"@id\":\"https:\/\/jornalfatosenoticias.com.br\/#\/schema\/logo\/image\/\",\"url\":\"https:\/\/jornalfatosenoticias.com.br\/wp-content\/uploads\/2020\/02\/logo120.png\",\"contentUrl\":\"https:\/\/jornalfatosenoticias.com.br\/wp-content\/uploads\/2020\/02\/logo120.png\",\"width\":1227,\"height\":120,\"caption\":\"Jornal Fatos e Not\u00edcias\"},\"image\":{\"@id\":\"https:\/\/jornalfatosenoticias.com.br\/#\/schema\/logo\/image\/\"}},{\"@type\":\"Person\",\"@id\":\"https:\/\/jornalfatosenoticias.com.br\/#\/schema\/person\/d63837fa13ac8666eb9e74e0985d6f81\",\"name\":\"Luzimara Fernandes\",\"image\":{\"@type\":\"ImageObject\",\"inLanguage\":\"pt-BR\",\"@id\":\"https:\/\/jornalfatosenoticias.com.br\/#\/schema\/person\/image\/\",\"url\":\"https:\/\/jornalfatosenoticias.com.br\/wp-content\/uploads\/2025\/05\/EU_portal.jpg\",\"contentUrl\":\"https:\/\/jornalfatosenoticias.com.br\/wp-content\/uploads\/2025\/05\/EU_portal.jpg\",\"caption\":\"Luzimara Fernandes\"},\"description\":\"Jornalista MTB 2358-ES\",\"sameAs\":[\"https:\/\/jornalfatosenoticias.com.br\"],\"url\":\"https:\/\/jornalfatosenoticias.com.br\/index.php\/author\/luzimara\/\"}]}<\/script>\n<!-- \/ Yoast SEO plugin. -->","yoast_head_json":{"title":"Bukele anuncia cerco em El Salvador para combater atividades de gangues - Jornal Fatos e Not\u00edcias","robots":{"index":"index","follow":"follow","max-snippet":"max-snippet:-1","max-image-preview":"max-image-preview:large","max-video-preview":"max-video-preview:-1"},"canonical":"https:\/\/jornalfatosenoticias.com.br\/index.php\/2024\/03\/25\/bukele-anuncia-cerco-em-el-salvador-para-combater-atividades-de-gangues\/","og_locale":"pt_BR","og_type":"article","og_title":"Bukele anuncia cerco em El Salvador para combater atividades de gangues - Jornal Fatos e Not\u00edcias","og_description":"Nayib Bukele, presidente de El Salvador: pa\u00eds experimentou um decl\u00ednio da criminalidade ap\u00f3s medidas duras do governo Por Isabella de Paula O presidente reeleito de El Salvador, Nayib Bukele, anunciou neste domingo (24) o in\u00edcio de uma megaopera\u00e7\u00e3o militar com cinco mil soldados e policiais no norte do pa\u00eds para conter as atividades criminosas das [&hellip;]","og_url":"https:\/\/jornalfatosenoticias.com.br\/index.php\/2024\/03\/25\/bukele-anuncia-cerco-em-el-salvador-para-combater-atividades-de-gangues\/","og_site_name":"Jornal Fatos e Not\u00edcias","article_published_time":"2024-03-25T20:38:30+00:00","article_modified_time":"2024-03-25T20:38:31+00:00","og_image":[{"width":612,"height":408,"url":"https:\/\/jornalfatosenoticias.com.br\/wp-content\/uploads\/2024\/03\/Nayib-Bukele_gettyimages.jpg","type":"image\/jpeg"}],"author":"Luzimara Fernandes","twitter_card":"summary_large_image","twitter_misc":{"Escrito por":"Luzimara Fernandes","Est. tempo de leitura":"2 minutos"},"schema":{"@context":"https:\/\/schema.org","@graph":[{"@type":"Article","@id":"https:\/\/jornalfatosenoticias.com.br\/index.php\/2024\/03\/25\/bukele-anuncia-cerco-em-el-salvador-para-combater-atividades-de-gangues\/#article","isPartOf":{"@id":"https:\/\/jornalfatosenoticias.com.br\/index.php\/2024\/03\/25\/bukele-anuncia-cerco-em-el-salvador-para-combater-atividades-de-gangues\/"},"author":{"name":"Luzimara Fernandes","@id":"https:\/\/jornalfatosenoticias.com.br\/#\/schema\/person\/d63837fa13ac8666eb9e74e0985d6f81"},"headline":"Bukele anuncia cerco em El Salvador para combater atividades de gangues","datePublished":"2024-03-25T20:38:30+00:00","dateModified":"2024-03-25T20:38:31+00:00","mainEntityOfPage":{"@id":"https:\/\/jornalfatosenoticias.com.br\/index.php\/2024\/03\/25\/bukele-anuncia-cerco-em-el-salvador-para-combater-atividades-de-gangues\/"},"wordCount":463,"commentCount":0,"publisher":{"@id":"https:\/\/jornalfatosenoticias.com.br\/#organization"},"image":{"@id":"https:\/\/jornalfatosenoticias.com.br\/index.php\/2024\/03\/25\/bukele-anuncia-cerco-em-el-salvador-para-combater-atividades-de-gangues\/#primaryimage"},"thumbnailUrl":"https:\/\/jornalfatosenoticias.com.br\/wp-content\/uploads\/2024\/03\/Nayib-Bukele_gettyimages.jpg","keywords":["criminalidade","El Salvador","Nayib Bukele","seguran\u00e7a","viol\u00eancia"],"articleSection":["Internacional"],"inLanguage":"pt-BR","potentialAction":[{"@type":"CommentAction","name":"Comment","target":["https:\/\/jornalfatosenoticias.com.br\/index.php\/2024\/03\/25\/bukele-anuncia-cerco-em-el-salvador-para-combater-atividades-de-gangues\/#respond"]}]},{"@type":"WebPage","@id":"https:\/\/jornalfatosenoticias.com.br\/index.php\/2024\/03\/25\/bukele-anuncia-cerco-em-el-salvador-para-combater-atividades-de-gangues\/","url":"https:\/\/jornalfatosenoticias.com.br\/index.php\/2024\/03\/25\/bukele-anuncia-cerco-em-el-salvador-para-combater-atividades-de-gangues\/","name":"Bukele anuncia cerco em El Salvador para combater atividades de gangues - Jornal Fatos e Not\u00edcias","isPartOf":{"@id":"https:\/\/jornalfatosenoticias.com.br\/#website"},"primaryImageOfPage":{"@id":"https:\/\/jornalfatosenoticias.com.br\/index.php\/2024\/03\/25\/bukele-anuncia-cerco-em-el-salvador-para-combater-atividades-de-gangues\/#primaryimage"},"image":{"@id":"https:\/\/jornalfatosenoticias.com.br\/index.php\/2024\/03\/25\/bukele-anuncia-cerco-em-el-salvador-para-combater-atividades-de-gangues\/#primaryimage"},"thumbnailUrl":"https:\/\/jornalfatosenoticias.com.br\/wp-content\/uploads\/2024\/03\/Nayib-Bukele_gettyimages.jpg","datePublished":"2024-03-25T20:38:30+00:00","dateModified":"2024-03-25T20:38:31+00:00","breadcrumb":{"@id":"https:\/\/jornalfatosenoticias.com.br\/index.php\/2024\/03\/25\/bukele-anuncia-cerco-em-el-salvador-para-combater-atividades-de-gangues\/#breadcrumb"},"inLanguage":"pt-BR","potentialAction":[{"@type":"ReadAction","target":["https:\/\/jornalfatosenoticias.com.br\/index.php\/2024\/03\/25\/bukele-anuncia-cerco-em-el-salvador-para-combater-atividades-de-gangues\/"]}]},{"@type":"ImageObject","inLanguage":"pt-BR","@id":"https:\/\/jornalfatosenoticias.com.br\/index.php\/2024\/03\/25\/bukele-anuncia-cerco-em-el-salvador-para-combater-atividades-de-gangues\/#primaryimage","url":"https:\/\/jornalfatosenoticias.com.br\/wp-content\/uploads\/2024\/03\/Nayib-Bukele_gettyimages.jpg","contentUrl":"https:\/\/jornalfatosenoticias.com.br\/wp-content\/uploads\/2024\/03\/Nayib-Bukele_gettyimages.jpg","width":612,"height":408,"caption":"SAN SALVADOR, EL SALVADOR - FEBRUARY 04: Incumbent president of El Salvador and presidential candidate for Nuevas Ideas Nayib Bukele speaks during a press conference after casting his vote on February 04, 2024 in San Salvador, El Salvador. Salvadorans head to polls to vote for president as incumbent Nayib Bukele seeks for reelection despite a constitutional ban. (Photo by Alex Pe\u00f1a\/Getty Images)"},{"@type":"BreadcrumbList","@id":"https:\/\/jornalfatosenoticias.com.br\/index.php\/2024\/03\/25\/bukele-anuncia-cerco-em-el-salvador-para-combater-atividades-de-gangues\/#breadcrumb","itemListElement":[{"@type":"ListItem","position":1,"name":"In\u00edcio","item":"https:\/\/jornalfatosenoticias.com.br\/"},{"@type":"ListItem","position":2,"name":"Bukele anuncia cerco em El Salvador para combater atividades de gangues"}]},{"@type":"WebSite","@id":"https:\/\/jornalfatosenoticias.com.br\/#website","url":"https:\/\/jornalfatosenoticias.com.br\/","name":"Jornal Fatos e Not\u00edcias","description":"Not\u00edcias em geral","publisher":{"@id":"https:\/\/jornalfatosenoticias.com.br\/#organization"},"potentialAction":[{"@type":"SearchAction","target":{"@type":"EntryPoint","urlTemplate":"https:\/\/jornalfatosenoticias.com.br\/?s={search_term_string}"},"query-input":{"@type":"PropertyValueSpecification","valueRequired":true,"valueName":"search_term_string"}}],"inLanguage":"pt-BR"},{"@type":"Organization","@id":"https:\/\/jornalfatosenoticias.com.br\/#organization","name":"Jornal Fatos e Not\u00edcias","url":"https:\/\/jornalfatosenoticias.com.br\/","logo":{"@type":"ImageObject","inLanguage":"pt-BR","@id":"https:\/\/jornalfatosenoticias.com.br\/#\/schema\/logo\/image\/","url":"https:\/\/jornalfatosenoticias.com.br\/wp-content\/uploads\/2020\/02\/logo120.png","contentUrl":"https:\/\/jornalfatosenoticias.com.br\/wp-content\/uploads\/2020\/02\/logo120.png","width":1227,"height":120,"caption":"Jornal Fatos e Not\u00edcias"},"image":{"@id":"https:\/\/jornalfatosenoticias.com.br\/#\/schema\/logo\/image\/"}},{"@type":"Person","@id":"https:\/\/jornalfatosenoticias.com.br\/#\/schema\/person\/d63837fa13ac8666eb9e74e0985d6f81","name":"Luzimara Fernandes","image":{"@type":"ImageObject","inLanguage":"pt-BR","@id":"https:\/\/jornalfatosenoticias.com.br\/#\/schema\/person\/image\/","url":"https:\/\/jornalfatosenoticias.com.br\/wp-content\/uploads\/2025\/05\/EU_portal.jpg","contentUrl":"https:\/\/jornalfatosenoticias.com.br\/wp-content\/uploads\/2025\/05\/EU_portal.jpg","caption":"Luzimara Fernandes"},"description":"Jornalista MTB 2358-ES","sameAs":["https:\/\/jornalfatosenoticias.com.br"],"url":"https:\/\/jornalfatosenoticias.com.br\/index.php\/author\/luzimara\/"}]}},"cc_featured_image_caption":{"caption_text":"(Foto: Getty Images)\r\n","source_text":"","source_url":""},"jetpack_featured_media_url":"https:\/\/jornalfatosenoticias.com.br\/wp-content\/uploads\/2024\/03\/Nayib-Bukele_gettyimages.jpg","_links":{"self":[{"href":"https:\/\/jornalfatosenoticias.com.br\/index.php\/wp-json\/wp\/v2\/posts\/50180","targetHints":{"allow":["GET"]}}],"collection":[{"href":"https:\/\/jornalfatosenoticias.com.br\/index.php\/wp-json\/wp\/v2\/posts"}],"about":[{"href":"https:\/\/jornalfatosenoticias.com.br\/index.php\/wp-json\/wp\/v2\/types\/post"}],"author":[{"embeddable":true,"href":"https:\/\/jornalfatosenoticias.com.br\/index.php\/wp-json\/wp\/v2\/users\/2"}],"replies":[{"embeddable":true,"href":"https:\/\/jornalfatosenoticias.com.br\/index.php\/wp-json\/wp\/v2\/comments?post=50180"}],"version-history":[{"count":0,"href":"https:\/\/jornalfatosenoticias.com.br\/index.php\/wp-json\/wp\/v2\/posts\/50180\/revisions"}],"wp:featuredmedia":[{"embeddable":true,"href":"https:\/\/jornalfatosenoticias.com.br\/index.php\/wp-json\/wp\/v2\/media\/50181"}],"wp:attachment":[{"href":"https:\/\/jornalfatosenoticias.com.br\/index.php\/wp-json\/wp\/v2\/media?parent=50180"}],"wp:term":[{"taxonomy":"category","embeddable":true,"href":"https:\/\/jornalfatosenoticias.com.br\/index.php\/wp-json\/wp\/v2\/categories?post=50180"},{"taxonomy":"post_tag","embeddable":true,"href":"https:\/\/jornalfatosenoticias.com.br\/index.php\/wp-json\/wp\/v2\/tags?post=50180"}],"curies":[{"name":"wp","href":"https:\/\/api.w.org\/{rel}","templated":true}]}}