{"id":50183,"date":"2024-03-25T17:50:41","date_gmt":"2024-03-25T20:50:41","guid":{"rendered":"https:\/\/jornalfatosenoticias.com.br\/?p=50183"},"modified":"2024-03-25T17:50:42","modified_gmt":"2024-03-25T20:50:42","slug":"sem-a-presenca-de-lula-atos-da-esquerda-contra-bolsonaro-fracassam-em-varias-cidades","status":"publish","type":"post","link":"https:\/\/jornalfatosenoticias.com.br\/index.php\/2024\/03\/25\/sem-a-presenca-de-lula-atos-da-esquerda-contra-bolsonaro-fracassam-em-varias-cidades\/","title":{"rendered":"Sem a presen\u00e7a de Lula, atos da esquerda contra Bolsonaro fracassam em v\u00e1rias cidades"},"content":{"rendered":"\n<p><span class=\"has-inline-color has-black-color\"><em>Os atos deste s\u00e1bado foram pensados como uma resposta \u00e0 mega manifesta\u00e7\u00e3o pr\u00f3-Bolsonaro do dia 25 de fevereiro, que lotou a Avenida Paulista, em S\u00e3o Paulo<\/em><\/span><\/p>\n\n\n\n<p><span class=\"has-inline-color has-black-color\">Por <strong><a href=\"https:\/\/www.gazetadopovo.com.br\/autor\/diogenes-freire-feitosa\/\">Di\u00f3genes Freire Feitosa<\/a><\/strong><\/span><\/p>\n\n\n\n<div class=\"wp-block-image\"><figure class=\"aligncenter size-large\"><img loading=\"lazy\" decoding=\"async\" width=\"1024\" height=\"111\" src=\"https:\/\/jornalfatosenoticias.com.br\/wp-content\/uploads\/2020\/02\/WhatsApp-Image-2022-09-23-at-12.09.18-1024x111.jpeg\" alt=\"\" class=\"wp-image-34527\" srcset=\"https:\/\/jornalfatosenoticias.com.br\/wp-content\/uploads\/2020\/02\/WhatsApp-Image-2022-09-23-at-12.09.18-1024x111.jpeg 1024w, https:\/\/jornalfatosenoticias.com.br\/wp-content\/uploads\/2020\/02\/WhatsApp-Image-2022-09-23-at-12.09.18-300x32.jpeg 300w, https:\/\/jornalfatosenoticias.com.br\/wp-content\/uploads\/2020\/02\/WhatsApp-Image-2022-09-23-at-12.09.18-768x83.jpeg 768w, https:\/\/jornalfatosenoticias.com.br\/wp-content\/uploads\/2020\/02\/WhatsApp-Image-2022-09-23-at-12.09.18.jpeg 1121w\" sizes=\"auto, (max-width: 1024px) 100vw, 1024px\" \/><\/figure><\/div>\n\n\n\n<p>Sem a presen\u00e7a de Lula (PT) e com pouco p\u00fablico, partidos e organiza\u00e7\u00f5es de esquerda realizaram diversos atos \u201cpr\u00f3-democracia\u201d, no \u00faltimo s\u00e1bado (23). Os atos foram organizados pelas frentes Brasil Popular e Povo Sem Medo, com o apoio de entidades como a Central \u00danica dos Trabalhadores (CUT) e o Movimento Sem-Terra (MST), al\u00e9m de partidos como PT, PCdoB e PSOL.<br>Os atos de s\u00e1bado foram pensados como uma resposta \u00e0 megamanifesta\u00e7\u00e3o pr\u00f3-Bolsonaro do dia 25 de fevereiro, que lotou a Avenida Paulista, em S\u00e3o Paulo. Com uma pauta difusa, os militantes da esquerda protestaram contra Israel, contra a anistia dos presos do 8 de janeiro e lembraram dos 60 anos do golpe militar.<br>Ao discursar no ato em Salvador (BA), a presidente do PT, Gleisi Hoffmann, disse que o objetivo n\u00e3o era equiparar-se \u00e0 manifesta\u00e7\u00e3o realizada por Bolsonaro no m\u00eas passado, mas sim refor\u00e7ar o combate \u00e0s tentativas de golpe.<\/p>\n\n\n\n<div class=\"wp-block-image\"><figure class=\"aligncenter size-large\"><img decoding=\"async\" src=\"https:\/\/jornalfatosenoticias.com.br\/wp-content\/uploads\/2020\/02\/logo_esteio.jpg\" alt=\"\" class=\"wp-image-1214\"\/><\/figure><\/div>\n\n\n\n<blockquote class=\"wp-block-quote is-layout-flow wp-block-quote-is-layout-flow\"><p><span class=\"has-inline-color has-luminous-vivid-orange-color\">[O objetivo] \u00e9 fazer atos pelo Brasil inteiro, independente [sic] de tamanho. Para reunir as pessoas e aqueles que lutaram contra a ditadura e deixar aceso na mem\u00f3ria que n\u00e3o podemos voltar a esse tempo. E tamb\u00e9m para dizer que n\u00f3s n\u00e3o concordamos com a tentativa do golpe do 8 de janeiro\u201d, afirmou Gleisi. Ao falar sobre a aus\u00eancia de Lula nos atos, Gleisi disse que \u201cn\u00e3o \u00e9 fun\u00e7\u00e3o do governo nem do presidente fazer mobiliza\u00e7\u00f5es sociais\u201d.<\/span><\/p><\/blockquote>\n\n\n\n<div class=\"wp-block-image\"><figure class=\"aligncenter size-large is-resized\"><img loading=\"lazy\" decoding=\"async\" src=\"https:\/\/jornalfatosenoticias.com.br\/wp-content\/uploads\/2020\/02\/logo-Rapuzel-1024x571.jpg\" alt=\"\" class=\"wp-image-42808\" width=\"347\" height=\"193\" srcset=\"https:\/\/jornalfatosenoticias.com.br\/wp-content\/uploads\/2020\/02\/logo-Rapuzel-1024x571.jpg 1024w, https:\/\/jornalfatosenoticias.com.br\/wp-content\/uploads\/2020\/02\/logo-Rapuzel-300x167.jpg 300w, https:\/\/jornalfatosenoticias.com.br\/wp-content\/uploads\/2020\/02\/logo-Rapuzel-768x428.jpg 768w, https:\/\/jornalfatosenoticias.com.br\/wp-content\/uploads\/2020\/02\/logo-Rapuzel-1536x856.jpg 1536w, https:\/\/jornalfatosenoticias.com.br\/wp-content\/uploads\/2020\/02\/logo-Rapuzel.jpg 1600w\" sizes=\"auto, (max-width: 347px) 100vw, 347px\" \/><\/figure><\/div>\n\n\n\n<p>Cerca de 22 cidades, incluindo duas no exterior, haviam confirmado a realiza\u00e7\u00e3o de manifesta\u00e7\u00f5es. Os atos programados para a manh\u00e3 de s\u00e1bado em capitais como Belo Horizonte, Fortaleza, Curitiba, Campo Grande e Recife, registraram a participa\u00e7\u00e3o de pequenos grupos.<\/p>\n\n\n\n<div class=\"wp-block-image\"><figure class=\"aligncenter size-large is-resized\"><img loading=\"lazy\" decoding=\"async\" src=\"https:\/\/jornalfatosenoticias.com.br\/wp-content\/uploads\/2023\/08\/ITH.jpeg\" alt=\"\" class=\"wp-image-44638\" width=\"319\" height=\"259\" srcset=\"https:\/\/jornalfatosenoticias.com.br\/wp-content\/uploads\/2023\/08\/ITH.jpeg 800w, https:\/\/jornalfatosenoticias.com.br\/wp-content\/uploads\/2023\/08\/ITH-300x244.jpeg 300w, https:\/\/jornalfatosenoticias.com.br\/wp-content\/uploads\/2023\/08\/ITH-768x624.jpeg 768w\" sizes=\"auto, (max-width: 319px) 100vw, 319px\" \/><\/figure><\/div>\n\n\n\n<p>Nos registros publicados pelos perfis da CUT e do PT nas redes sociais \u00e9 poss\u00edvel constatar a pouca ades\u00e3o da milit\u00e2ncia aos atos. Em S\u00e3o Paulo e Salvador eram esperados os maiores p\u00fablicos, por\u00e9m, os dois atos tamb\u00e9m tiveram pouca ades\u00e3o.<\/p>\n\n\n\n<div class=\"wp-block-image\"><figure class=\"aligncenter size-large is-resized\"><img loading=\"lazy\" decoding=\"async\" src=\"https:\/\/jornalfatosenoticias.com.br\/wp-content\/uploads\/2023\/12\/pegoretti-logo-pdf-1024x389.jpg\" alt=\"\" class=\"wp-image-47536\" width=\"496\" height=\"188\" srcset=\"https:\/\/jornalfatosenoticias.com.br\/wp-content\/uploads\/2023\/12\/pegoretti-logo-pdf-1024x389.jpg 1024w, https:\/\/jornalfatosenoticias.com.br\/wp-content\/uploads\/2023\/12\/pegoretti-logo-pdf-300x114.jpg 300w, https:\/\/jornalfatosenoticias.com.br\/wp-content\/uploads\/2023\/12\/pegoretti-logo-pdf-768x291.jpg 768w, https:\/\/jornalfatosenoticias.com.br\/wp-content\/uploads\/2023\/12\/pegoretti-logo-pdf.jpg 1120w\" sizes=\"auto, (max-width: 496px) 100vw, 496px\" \/><\/figure><\/div>\n\n\n\n<p>Em breve participa\u00e7\u00e3o no ato de S\u00e3o Paulo, Jos\u00e9 Dirceu (PT) disse que a compara\u00e7\u00e3o com o ato de Bolsonaro era inadequada, uma vez que a manifesta\u00e7\u00e3o pr\u00f3-Bolsonaro foi concentrada em um s\u00f3 local e a esquerda havia planejado manifesta\u00e7\u00f5es espalhadas por diversos lugares.<\/p>\n\n\n\n<div class=\"wp-block-image\"><figure class=\"aligncenter size-large is-resized\"><img loading=\"lazy\" decoding=\"async\" src=\"https:\/\/jornalfatosenoticias.com.br\/wp-content\/uploads\/2024\/01\/consultoria-ambiental.jpg\" alt=\"\" class=\"wp-image-48314\" width=\"303\" height=\"274\" srcset=\"https:\/\/jornalfatosenoticias.com.br\/wp-content\/uploads\/2024\/01\/consultoria-ambiental.jpg 832w, https:\/\/jornalfatosenoticias.com.br\/wp-content\/uploads\/2024\/01\/consultoria-ambiental-300x272.jpg 300w, https:\/\/jornalfatosenoticias.com.br\/wp-content\/uploads\/2024\/01\/consultoria-ambiental-768x696.jpg 768w\" sizes=\"auto, (max-width: 303px) 100vw, 303px\" \/><\/figure><\/div>\n\n\n\n<p>Sob chuva no largo de S\u00e3o Francisco, no centro de S\u00e3o Paulo, o deputado estadual Sim\u00e3o Pedro (PT) brincou: \u201cAcho que S\u00e3o Pedro est\u00e1 do lado de l\u00e1\u201d.<br>Em Lisboa, Portugal, a manifesta\u00e7\u00e3o registou a presen\u00e7a de pouco mais de 20 pessoas na Pra\u00e7a Lu\u00eds de Cam\u00f5es, no centro da cidade.<\/p>\n\n\n\n<div class=\"wp-block-image\"><figure class=\"aligncenter size-large\"><img decoding=\"async\" src=\"https:\/\/jornalfatosenoticias.com.br\/wp-content\/uploads\/2020\/02\/barao-das-carnes-300x164-1.jpg\" alt=\"\" class=\"wp-image-34339\"\/><\/figure><\/div>\n\n\n\n<p><strong><em>Fonte: <a href=\"https:\/\/www.gazetadopovo.com.br\/republica\/sem-a-presenca-de-lula-atos-da-esquerda-contra-bolsonaro-fracassam-em-varias-cidades\/\">Gazeta do Povo<\/a><\/em><\/strong><\/p>\n","protected":false},"excerpt":{"rendered":"<p>Os atos deste s\u00e1bado foram pensados como uma resposta \u00e0 mega manifesta\u00e7\u00e3o pr\u00f3-Bolsonaro do dia 25 de fevereiro, que lotou a Avenida Paulista, em S\u00e3o Paulo Por Di\u00f3genes Freire Feitosa Sem a presen\u00e7a de Lula (PT) e com pouco p\u00fablico, partidos e organiza\u00e7\u00f5es de esquerda realizaram diversos atos \u201cpr\u00f3-democracia\u201d, no \u00faltimo s\u00e1bado (23). Os atos [&hellip;]<\/p>\n","protected":false},"author":2,"featured_media":50184,"comment_status":"open","ping_status":"open","sticky":false,"template":"","format":"standard","meta":{"footnotes":""},"categories":[10],"tags":[18055,239,597,22139,1344,18145,13869,18195,22302,7580,23155,22873,13186,12167,22416,12954,305],"class_list":["post-50183","post","type-post","status-publish","format-standard","has-post-thumbnail","hentry","category-politica","tag-8-de-janeiro","tag-bolsonaro","tag-brasil","tag-cut","tag-democracia","tag-fiasco","tag-gleisi-hoffmann","tag-golpe","tag-jose-dirceu","tag-lula","tag-manifestacoes-mst","tag-psol","tag-pt","tag-recife","tag-sabado","tag-salvador","tag-sao-paulo"],"yoast_head":"<!-- This site is optimized with the Yoast SEO plugin v26.5 - https:\/\/yoast.com\/wordpress\/plugins\/seo\/ -->\n<title>Sem a presen\u00e7a de Lula, atos da esquerda contra Bolsonaro fracassam em v\u00e1rias cidades - Jornal Fatos e Not\u00edcias<\/title>\n<meta name=\"robots\" content=\"index, follow, max-snippet:-1, max-image-preview:large, max-video-preview:-1\" \/>\n<link rel=\"canonical\" href=\"https:\/\/jornalfatosenoticias.com.br\/index.php\/2024\/03\/25\/sem-a-presenca-de-lula-atos-da-esquerda-contra-bolsonaro-fracassam-em-varias-cidades\/\" \/>\n<meta property=\"og:locale\" content=\"pt_BR\" \/>\n<meta property=\"og:type\" content=\"article\" \/>\n<meta property=\"og:title\" content=\"Sem a presen\u00e7a de Lula, atos da esquerda contra Bolsonaro fracassam em v\u00e1rias cidades - Jornal Fatos e Not\u00edcias\" \/>\n<meta property=\"og:description\" content=\"Os atos deste s\u00e1bado foram pensados como uma resposta \u00e0 mega manifesta\u00e7\u00e3o pr\u00f3-Bolsonaro do dia 25 de fevereiro, que lotou a Avenida Paulista, em S\u00e3o Paulo Por Di\u00f3genes Freire Feitosa Sem a presen\u00e7a de Lula (PT) e com pouco p\u00fablico, partidos e organiza\u00e7\u00f5es de esquerda realizaram diversos atos \u201cpr\u00f3-democracia\u201d, no \u00faltimo s\u00e1bado (23). Os atos [&hellip;]\" \/>\n<meta property=\"og:url\" content=\"https:\/\/jornalfatosenoticias.com.br\/index.php\/2024\/03\/25\/sem-a-presenca-de-lula-atos-da-esquerda-contra-bolsonaro-fracassam-em-varias-cidades\/\" \/>\n<meta property=\"og:site_name\" content=\"Jornal Fatos e Not\u00edcias\" \/>\n<meta property=\"article:published_time\" content=\"2024-03-25T20:50:41+00:00\" \/>\n<meta property=\"article:modified_time\" content=\"2024-03-25T20:50:42+00:00\" \/>\n<meta property=\"og:image\" content=\"https:\/\/jornalfatosenoticias.com.br\/wp-content\/uploads\/2024\/03\/atos_pt.jpg\" \/>\n\t<meta property=\"og:image:width\" content=\"960\" \/>\n\t<meta property=\"og:image:height\" content=\"540\" \/>\n\t<meta property=\"og:image:type\" content=\"image\/jpeg\" \/>\n<meta name=\"author\" content=\"Luzimara Fernandes\" \/>\n<meta name=\"twitter:card\" content=\"summary_large_image\" \/>\n<meta name=\"twitter:label1\" content=\"Escrito por\" \/>\n\t<meta name=\"twitter:data1\" content=\"Luzimara Fernandes\" \/>\n\t<meta name=\"twitter:label2\" content=\"Est. tempo de leitura\" \/>\n\t<meta name=\"twitter:data2\" content=\"2 minutos\" \/>\n<script type=\"application\/ld+json\" class=\"yoast-schema-graph\">{\"@context\":\"https:\/\/schema.org\",\"@graph\":[{\"@type\":\"Article\",\"@id\":\"https:\/\/jornalfatosenoticias.com.br\/index.php\/2024\/03\/25\/sem-a-presenca-de-lula-atos-da-esquerda-contra-bolsonaro-fracassam-em-varias-cidades\/#article\",\"isPartOf\":{\"@id\":\"https:\/\/jornalfatosenoticias.com.br\/index.php\/2024\/03\/25\/sem-a-presenca-de-lula-atos-da-esquerda-contra-bolsonaro-fracassam-em-varias-cidades\/\"},\"author\":{\"name\":\"Luzimara Fernandes\",\"@id\":\"https:\/\/jornalfatosenoticias.com.br\/#\/schema\/person\/d63837fa13ac8666eb9e74e0985d6f81\"},\"headline\":\"Sem a presen\u00e7a de Lula, atos da esquerda contra Bolsonaro fracassam em v\u00e1rias cidades\",\"datePublished\":\"2024-03-25T20:50:41+00:00\",\"dateModified\":\"2024-03-25T20:50:42+00:00\",\"mainEntityOfPage\":{\"@id\":\"https:\/\/jornalfatosenoticias.com.br\/index.php\/2024\/03\/25\/sem-a-presenca-de-lula-atos-da-esquerda-contra-bolsonaro-fracassam-em-varias-cidades\/\"},\"wordCount\":493,\"commentCount\":0,\"publisher\":{\"@id\":\"https:\/\/jornalfatosenoticias.com.br\/#organization\"},\"image\":{\"@id\":\"https:\/\/jornalfatosenoticias.com.br\/index.php\/2024\/03\/25\/sem-a-presenca-de-lula-atos-da-esquerda-contra-bolsonaro-fracassam-em-varias-cidades\/#primaryimage\"},\"thumbnailUrl\":\"https:\/\/jornalfatosenoticias.com.br\/wp-content\/uploads\/2024\/03\/atos_pt.jpg\",\"keywords\":[\"8 de janeiro\",\"Bolsonaro\",\"Brasil\",\"CUT\",\"democracia\",\"fiasco\",\"Gleisi Hoffmann\",\"golpe\",\"Jos\u00e9 Dirceu\",\"Lula\",\"Manifesta\u00e7\u00f5es MST\",\"PSOL\",\"PT\",\"Recife\",\"s\u00e1bado\",\"Salvador\",\"S\u00e3o Paulo\"],\"articleSection\":[\"Pol\u00edtica\"],\"inLanguage\":\"pt-BR\",\"potentialAction\":[{\"@type\":\"CommentAction\",\"name\":\"Comment\",\"target\":[\"https:\/\/jornalfatosenoticias.com.br\/index.php\/2024\/03\/25\/sem-a-presenca-de-lula-atos-da-esquerda-contra-bolsonaro-fracassam-em-varias-cidades\/#respond\"]}]},{\"@type\":\"WebPage\",\"@id\":\"https:\/\/jornalfatosenoticias.com.br\/index.php\/2024\/03\/25\/sem-a-presenca-de-lula-atos-da-esquerda-contra-bolsonaro-fracassam-em-varias-cidades\/\",\"url\":\"https:\/\/jornalfatosenoticias.com.br\/index.php\/2024\/03\/25\/sem-a-presenca-de-lula-atos-da-esquerda-contra-bolsonaro-fracassam-em-varias-cidades\/\",\"name\":\"Sem a presen\u00e7a de Lula, atos da esquerda contra Bolsonaro fracassam em v\u00e1rias cidades - Jornal Fatos e Not\u00edcias\",\"isPartOf\":{\"@id\":\"https:\/\/jornalfatosenoticias.com.br\/#website\"},\"primaryImageOfPage\":{\"@id\":\"https:\/\/jornalfatosenoticias.com.br\/index.php\/2024\/03\/25\/sem-a-presenca-de-lula-atos-da-esquerda-contra-bolsonaro-fracassam-em-varias-cidades\/#primaryimage\"},\"image\":{\"@id\":\"https:\/\/jornalfatosenoticias.com.br\/index.php\/2024\/03\/25\/sem-a-presenca-de-lula-atos-da-esquerda-contra-bolsonaro-fracassam-em-varias-cidades\/#primaryimage\"},\"thumbnailUrl\":\"https:\/\/jornalfatosenoticias.com.br\/wp-content\/uploads\/2024\/03\/atos_pt.jpg\",\"datePublished\":\"2024-03-25T20:50:41+00:00\",\"dateModified\":\"2024-03-25T20:50:42+00:00\",\"breadcrumb\":{\"@id\":\"https:\/\/jornalfatosenoticias.com.br\/index.php\/2024\/03\/25\/sem-a-presenca-de-lula-atos-da-esquerda-contra-bolsonaro-fracassam-em-varias-cidades\/#breadcrumb\"},\"inLanguage\":\"pt-BR\",\"potentialAction\":[{\"@type\":\"ReadAction\",\"target\":[\"https:\/\/jornalfatosenoticias.com.br\/index.php\/2024\/03\/25\/sem-a-presenca-de-lula-atos-da-esquerda-contra-bolsonaro-fracassam-em-varias-cidades\/\"]}]},{\"@type\":\"ImageObject\",\"inLanguage\":\"pt-BR\",\"@id\":\"https:\/\/jornalfatosenoticias.com.br\/index.php\/2024\/03\/25\/sem-a-presenca-de-lula-atos-da-esquerda-contra-bolsonaro-fracassam-em-varias-cidades\/#primaryimage\",\"url\":\"https:\/\/jornalfatosenoticias.com.br\/wp-content\/uploads\/2024\/03\/atos_pt.jpg\",\"contentUrl\":\"https:\/\/jornalfatosenoticias.com.br\/wp-content\/uploads\/2024\/03\/atos_pt.jpg\",\"width\":960,\"height\":540},{\"@type\":\"BreadcrumbList\",\"@id\":\"https:\/\/jornalfatosenoticias.com.br\/index.php\/2024\/03\/25\/sem-a-presenca-de-lula-atos-da-esquerda-contra-bolsonaro-fracassam-em-varias-cidades\/#breadcrumb\",\"itemListElement\":[{\"@type\":\"ListItem\",\"position\":1,\"name\":\"In\u00edcio\",\"item\":\"https:\/\/jornalfatosenoticias.com.br\/\"},{\"@type\":\"ListItem\",\"position\":2,\"name\":\"Sem a presen\u00e7a de Lula, atos da esquerda contra Bolsonaro fracassam em v\u00e1rias cidades\"}]},{\"@type\":\"WebSite\",\"@id\":\"https:\/\/jornalfatosenoticias.com.br\/#website\",\"url\":\"https:\/\/jornalfatosenoticias.com.br\/\",\"name\":\"Jornal Fatos e Not\u00edcias\",\"description\":\"Not\u00edcias em geral\",\"publisher\":{\"@id\":\"https:\/\/jornalfatosenoticias.com.br\/#organization\"},\"potentialAction\":[{\"@type\":\"SearchAction\",\"target\":{\"@type\":\"EntryPoint\",\"urlTemplate\":\"https:\/\/jornalfatosenoticias.com.br\/?s={search_term_string}\"},\"query-input\":{\"@type\":\"PropertyValueSpecification\",\"valueRequired\":true,\"valueName\":\"search_term_string\"}}],\"inLanguage\":\"pt-BR\"},{\"@type\":\"Organization\",\"@id\":\"https:\/\/jornalfatosenoticias.com.br\/#organization\",\"name\":\"Jornal Fatos e Not\u00edcias\",\"url\":\"https:\/\/jornalfatosenoticias.com.br\/\",\"logo\":{\"@type\":\"ImageObject\",\"inLanguage\":\"pt-BR\",\"@id\":\"https:\/\/jornalfatosenoticias.com.br\/#\/schema\/logo\/image\/\",\"url\":\"https:\/\/jornalfatosenoticias.com.br\/wp-content\/uploads\/2020\/02\/logo120.png\",\"contentUrl\":\"https:\/\/jornalfatosenoticias.com.br\/wp-content\/uploads\/2020\/02\/logo120.png\",\"width\":1227,\"height\":120,\"caption\":\"Jornal Fatos e Not\u00edcias\"},\"image\":{\"@id\":\"https:\/\/jornalfatosenoticias.com.br\/#\/schema\/logo\/image\/\"}},{\"@type\":\"Person\",\"@id\":\"https:\/\/jornalfatosenoticias.com.br\/#\/schema\/person\/d63837fa13ac8666eb9e74e0985d6f81\",\"name\":\"Luzimara Fernandes\",\"image\":{\"@type\":\"ImageObject\",\"inLanguage\":\"pt-BR\",\"@id\":\"https:\/\/jornalfatosenoticias.com.br\/#\/schema\/person\/image\/\",\"url\":\"https:\/\/jornalfatosenoticias.com.br\/wp-content\/uploads\/2025\/05\/EU_portal.jpg\",\"contentUrl\":\"https:\/\/jornalfatosenoticias.com.br\/wp-content\/uploads\/2025\/05\/EU_portal.jpg\",\"caption\":\"Luzimara Fernandes\"},\"description\":\"Jornalista MTB 2358-ES\",\"sameAs\":[\"https:\/\/jornalfatosenoticias.com.br\"],\"url\":\"https:\/\/jornalfatosenoticias.com.br\/index.php\/author\/luzimara\/\"}]}<\/script>\n<!-- \/ Yoast SEO plugin. -->","yoast_head_json":{"title":"Sem a presen\u00e7a de Lula, atos da esquerda contra Bolsonaro fracassam em v\u00e1rias cidades - Jornal Fatos e Not\u00edcias","robots":{"index":"index","follow":"follow","max-snippet":"max-snippet:-1","max-image-preview":"max-image-preview:large","max-video-preview":"max-video-preview:-1"},"canonical":"https:\/\/jornalfatosenoticias.com.br\/index.php\/2024\/03\/25\/sem-a-presenca-de-lula-atos-da-esquerda-contra-bolsonaro-fracassam-em-varias-cidades\/","og_locale":"pt_BR","og_type":"article","og_title":"Sem a presen\u00e7a de Lula, atos da esquerda contra Bolsonaro fracassam em v\u00e1rias cidades - Jornal Fatos e Not\u00edcias","og_description":"Os atos deste s\u00e1bado foram pensados como uma resposta \u00e0 mega manifesta\u00e7\u00e3o pr\u00f3-Bolsonaro do dia 25 de fevereiro, que lotou a Avenida Paulista, em S\u00e3o Paulo Por Di\u00f3genes Freire Feitosa Sem a presen\u00e7a de Lula (PT) e com pouco p\u00fablico, partidos e organiza\u00e7\u00f5es de esquerda realizaram diversos atos \u201cpr\u00f3-democracia\u201d, no \u00faltimo s\u00e1bado (23). Os atos [&hellip;]","og_url":"https:\/\/jornalfatosenoticias.com.br\/index.php\/2024\/03\/25\/sem-a-presenca-de-lula-atos-da-esquerda-contra-bolsonaro-fracassam-em-varias-cidades\/","og_site_name":"Jornal Fatos e Not\u00edcias","article_published_time":"2024-03-25T20:50:41+00:00","article_modified_time":"2024-03-25T20:50:42+00:00","og_image":[{"width":960,"height":540,"url":"https:\/\/jornalfatosenoticias.com.br\/wp-content\/uploads\/2024\/03\/atos_pt.jpg","type":"image\/jpeg"}],"author":"Luzimara Fernandes","twitter_card":"summary_large_image","twitter_misc":{"Escrito por":"Luzimara Fernandes","Est. tempo de leitura":"2 minutos"},"schema":{"@context":"https:\/\/schema.org","@graph":[{"@type":"Article","@id":"https:\/\/jornalfatosenoticias.com.br\/index.php\/2024\/03\/25\/sem-a-presenca-de-lula-atos-da-esquerda-contra-bolsonaro-fracassam-em-varias-cidades\/#article","isPartOf":{"@id":"https:\/\/jornalfatosenoticias.com.br\/index.php\/2024\/03\/25\/sem-a-presenca-de-lula-atos-da-esquerda-contra-bolsonaro-fracassam-em-varias-cidades\/"},"author":{"name":"Luzimara Fernandes","@id":"https:\/\/jornalfatosenoticias.com.br\/#\/schema\/person\/d63837fa13ac8666eb9e74e0985d6f81"},"headline":"Sem a presen\u00e7a de Lula, atos da esquerda contra Bolsonaro fracassam em v\u00e1rias cidades","datePublished":"2024-03-25T20:50:41+00:00","dateModified":"2024-03-25T20:50:42+00:00","mainEntityOfPage":{"@id":"https:\/\/jornalfatosenoticias.com.br\/index.php\/2024\/03\/25\/sem-a-presenca-de-lula-atos-da-esquerda-contra-bolsonaro-fracassam-em-varias-cidades\/"},"wordCount":493,"commentCount":0,"publisher":{"@id":"https:\/\/jornalfatosenoticias.com.br\/#organization"},"image":{"@id":"https:\/\/jornalfatosenoticias.com.br\/index.php\/2024\/03\/25\/sem-a-presenca-de-lula-atos-da-esquerda-contra-bolsonaro-fracassam-em-varias-cidades\/#primaryimage"},"thumbnailUrl":"https:\/\/jornalfatosenoticias.com.br\/wp-content\/uploads\/2024\/03\/atos_pt.jpg","keywords":["8 de janeiro","Bolsonaro","Brasil","CUT","democracia","fiasco","Gleisi Hoffmann","golpe","Jos\u00e9 Dirceu","Lula","Manifesta\u00e7\u00f5es MST","PSOL","PT","Recife","s\u00e1bado","Salvador","S\u00e3o Paulo"],"articleSection":["Pol\u00edtica"],"inLanguage":"pt-BR","potentialAction":[{"@type":"CommentAction","name":"Comment","target":["https:\/\/jornalfatosenoticias.com.br\/index.php\/2024\/03\/25\/sem-a-presenca-de-lula-atos-da-esquerda-contra-bolsonaro-fracassam-em-varias-cidades\/#respond"]}]},{"@type":"WebPage","@id":"https:\/\/jornalfatosenoticias.com.br\/index.php\/2024\/03\/25\/sem-a-presenca-de-lula-atos-da-esquerda-contra-bolsonaro-fracassam-em-varias-cidades\/","url":"https:\/\/jornalfatosenoticias.com.br\/index.php\/2024\/03\/25\/sem-a-presenca-de-lula-atos-da-esquerda-contra-bolsonaro-fracassam-em-varias-cidades\/","name":"Sem a presen\u00e7a de Lula, atos da esquerda contra Bolsonaro fracassam em v\u00e1rias cidades - Jornal Fatos e Not\u00edcias","isPartOf":{"@id":"https:\/\/jornalfatosenoticias.com.br\/#website"},"primaryImageOfPage":{"@id":"https:\/\/jornalfatosenoticias.com.br\/index.php\/2024\/03\/25\/sem-a-presenca-de-lula-atos-da-esquerda-contra-bolsonaro-fracassam-em-varias-cidades\/#primaryimage"},"image":{"@id":"https:\/\/jornalfatosenoticias.com.br\/index.php\/2024\/03\/25\/sem-a-presenca-de-lula-atos-da-esquerda-contra-bolsonaro-fracassam-em-varias-cidades\/#primaryimage"},"thumbnailUrl":"https:\/\/jornalfatosenoticias.com.br\/wp-content\/uploads\/2024\/03\/atos_pt.jpg","datePublished":"2024-03-25T20:50:41+00:00","dateModified":"2024-03-25T20:50:42+00:00","breadcrumb":{"@id":"https:\/\/jornalfatosenoticias.com.br\/index.php\/2024\/03\/25\/sem-a-presenca-de-lula-atos-da-esquerda-contra-bolsonaro-fracassam-em-varias-cidades\/#breadcrumb"},"inLanguage":"pt-BR","potentialAction":[{"@type":"ReadAction","target":["https:\/\/jornalfatosenoticias.com.br\/index.php\/2024\/03\/25\/sem-a-presenca-de-lula-atos-da-esquerda-contra-bolsonaro-fracassam-em-varias-cidades\/"]}]},{"@type":"ImageObject","inLanguage":"pt-BR","@id":"https:\/\/jornalfatosenoticias.com.br\/index.php\/2024\/03\/25\/sem-a-presenca-de-lula-atos-da-esquerda-contra-bolsonaro-fracassam-em-varias-cidades\/#primaryimage","url":"https:\/\/jornalfatosenoticias.com.br\/wp-content\/uploads\/2024\/03\/atos_pt.jpg","contentUrl":"https:\/\/jornalfatosenoticias.com.br\/wp-content\/uploads\/2024\/03\/atos_pt.jpg","width":960,"height":540},{"@type":"BreadcrumbList","@id":"https:\/\/jornalfatosenoticias.com.br\/index.php\/2024\/03\/25\/sem-a-presenca-de-lula-atos-da-esquerda-contra-bolsonaro-fracassam-em-varias-cidades\/#breadcrumb","itemListElement":[{"@type":"ListItem","position":1,"name":"In\u00edcio","item":"https:\/\/jornalfatosenoticias.com.br\/"},{"@type":"ListItem","position":2,"name":"Sem a presen\u00e7a de Lula, atos da esquerda contra Bolsonaro fracassam em v\u00e1rias cidades"}]},{"@type":"WebSite","@id":"https:\/\/jornalfatosenoticias.com.br\/#website","url":"https:\/\/jornalfatosenoticias.com.br\/","name":"Jornal Fatos e Not\u00edcias","description":"Not\u00edcias em geral","publisher":{"@id":"https:\/\/jornalfatosenoticias.com.br\/#organization"},"potentialAction":[{"@type":"SearchAction","target":{"@type":"EntryPoint","urlTemplate":"https:\/\/jornalfatosenoticias.com.br\/?s={search_term_string}"},"query-input":{"@type":"PropertyValueSpecification","valueRequired":true,"valueName":"search_term_string"}}],"inLanguage":"pt-BR"},{"@type":"Organization","@id":"https:\/\/jornalfatosenoticias.com.br\/#organization","name":"Jornal Fatos e Not\u00edcias","url":"https:\/\/jornalfatosenoticias.com.br\/","logo":{"@type":"ImageObject","inLanguage":"pt-BR","@id":"https:\/\/jornalfatosenoticias.com.br\/#\/schema\/logo\/image\/","url":"https:\/\/jornalfatosenoticias.com.br\/wp-content\/uploads\/2020\/02\/logo120.png","contentUrl":"https:\/\/jornalfatosenoticias.com.br\/wp-content\/uploads\/2020\/02\/logo120.png","width":1227,"height":120,"caption":"Jornal Fatos e Not\u00edcias"},"image":{"@id":"https:\/\/jornalfatosenoticias.com.br\/#\/schema\/logo\/image\/"}},{"@type":"Person","@id":"https:\/\/jornalfatosenoticias.com.br\/#\/schema\/person\/d63837fa13ac8666eb9e74e0985d6f81","name":"Luzimara Fernandes","image":{"@type":"ImageObject","inLanguage":"pt-BR","@id":"https:\/\/jornalfatosenoticias.com.br\/#\/schema\/person\/image\/","url":"https:\/\/jornalfatosenoticias.com.br\/wp-content\/uploads\/2025\/05\/EU_portal.jpg","contentUrl":"https:\/\/jornalfatosenoticias.com.br\/wp-content\/uploads\/2025\/05\/EU_portal.jpg","caption":"Luzimara Fernandes"},"description":"Jornalista MTB 2358-ES","sameAs":["https:\/\/jornalfatosenoticias.com.br"],"url":"https:\/\/jornalfatosenoticias.com.br\/index.php\/author\/luzimara\/"}]}},"cc_featured_image_caption":{"caption_text":"(Foto: Rovena Rosa\/Ag\u00eancia Brasil)","source_text":"","source_url":""},"jetpack_featured_media_url":"https:\/\/jornalfatosenoticias.com.br\/wp-content\/uploads\/2024\/03\/atos_pt.jpg","_links":{"self":[{"href":"https:\/\/jornalfatosenoticias.com.br\/index.php\/wp-json\/wp\/v2\/posts\/50183","targetHints":{"allow":["GET"]}}],"collection":[{"href":"https:\/\/jornalfatosenoticias.com.br\/index.php\/wp-json\/wp\/v2\/posts"}],"about":[{"href":"https:\/\/jornalfatosenoticias.com.br\/index.php\/wp-json\/wp\/v2\/types\/post"}],"author":[{"embeddable":true,"href":"https:\/\/jornalfatosenoticias.com.br\/index.php\/wp-json\/wp\/v2\/users\/2"}],"replies":[{"embeddable":true,"href":"https:\/\/jornalfatosenoticias.com.br\/index.php\/wp-json\/wp\/v2\/comments?post=50183"}],"version-history":[{"count":0,"href":"https:\/\/jornalfatosenoticias.com.br\/index.php\/wp-json\/wp\/v2\/posts\/50183\/revisions"}],"wp:featuredmedia":[{"embeddable":true,"href":"https:\/\/jornalfatosenoticias.com.br\/index.php\/wp-json\/wp\/v2\/media\/50184"}],"wp:attachment":[{"href":"https:\/\/jornalfatosenoticias.com.br\/index.php\/wp-json\/wp\/v2\/media?parent=50183"}],"wp:term":[{"taxonomy":"category","embeddable":true,"href":"https:\/\/jornalfatosenoticias.com.br\/index.php\/wp-json\/wp\/v2\/categories?post=50183"},{"taxonomy":"post_tag","embeddable":true,"href":"https:\/\/jornalfatosenoticias.com.br\/index.php\/wp-json\/wp\/v2\/tags?post=50183"}],"curies":[{"name":"wp","href":"https:\/\/api.w.org\/{rel}","templated":true}]}}