{"id":50202,"date":"2024-03-26T09:55:43","date_gmt":"2024-03-26T12:55:43","guid":{"rendered":"https:\/\/jornalfatosenoticias.com.br\/?p=50202"},"modified":"2024-03-26T09:55:44","modified_gmt":"2024-03-26T12:55:44","slug":"um-em-cinco-jovens-brasileiros-de-15-a-29-anos-nao-estuda-nem-trabalha","status":"publish","type":"post","link":"https:\/\/jornalfatosenoticias.com.br\/index.php\/2024\/03\/26\/um-em-cinco-jovens-brasileiros-de-15-a-29-anos-nao-estuda-nem-trabalha\/","title":{"rendered":"Um em cinco jovens brasileiros de 15 a 29 anos n\u00e3o estuda nem trabalha"},"content":{"rendered":"\n<div class=\"wp-block-image\"><figure class=\"aligncenter size-large\"><img loading=\"lazy\" decoding=\"async\" width=\"729\" height=\"90\" src=\"https:\/\/jornalfatosenoticias.com.br\/wp-content\/uploads\/2020\/02\/Logo_Mizu.png\" alt=\"\" class=\"wp-image-1441\" srcset=\"https:\/\/jornalfatosenoticias.com.br\/wp-content\/uploads\/2020\/02\/Logo_Mizu.png 729w, https:\/\/jornalfatosenoticias.com.br\/wp-content\/uploads\/2020\/02\/Logo_Mizu-300x37.png 300w\" sizes=\"auto, (max-width: 729px) 100vw, 729px\" \/><\/figure><\/div>\n\n\n\n<p>Uma parcela de 19,8% dos jovens de 15 a 29 anos no Brasil, ou seja, um entre cinco, n\u00e3o estudava nem trabalhava em 2023, segundo a Pesquisa Nacional por Amostra de Domic\u00edlios (Pnad) Cont\u00ednua, divulgada pelo Instituto Brasileiro de Geografia e Estat\u00edstica (IBGE). Em n\u00fameros absolutos, eram 9,6 milh\u00f5es de pessoas nessa situa\u00e7\u00e3o. O estudo constatou que, por outro lado, 15,3% dos jovens trabalhavam e estudavam, 39,4% apenas trabalhavam e 25,5% apenas estudavam. A parcela de jovens que n\u00e3o trabalhavam nem estudavam recuou em compara\u00e7\u00e3o com 2022 (20%) e com 2019 (22,4%). <\/p>\n\n\n\n<blockquote class=\"wp-block-quote is-layout-flow wp-block-quote-is-layout-flow\"><p><span class=\"has-inline-color has-luminous-vivid-orange-color\">Essa popula\u00e7\u00e3o que nem estudava, nem se qualificava e nem trabalhava vem diminuindo porque, nos \u00faltimos anos, a gente teve um aporte maior de jovens na for\u00e7a de trabalho. Essa popula\u00e7\u00e3o foi sendo reduzida mais pela via mercado de trabalho do que necessariamente via educa\u00e7\u00e3o\u201d, explica a pesquisadora do IBGE Adriana Beringuy.<\/span><\/p><\/blockquote>\n\n\n\n<div class=\"wp-block-image\"><figure class=\"aligncenter size-large\"><img loading=\"lazy\" decoding=\"async\" width=\"300\" height=\"250\" src=\"https:\/\/jornalfatosenoticias.com.br\/wp-content\/uploads\/2020\/02\/Banner-2.png\" alt=\"\" class=\"wp-image-43787\"\/><\/figure><\/div>\n\n\n\n<p>O percentual de jovens que n\u00e3o trabalhavam nem estudavam era ainda mais alto entre aqueles com 18 a 24 anos, faixa et\u00e1ria adequada para o ensino superior: 24% ou aproximadamente uma entre quatro pessoas. Nessa faixa, 18% estudavam e trabalhavam, 39,4% s\u00f3 trabalhavam e 18,6% s\u00f3 estudavam.<\/p>\n\n\n\n<div class=\"wp-block-image\"><figure class=\"aligncenter size-large is-resized\"><img loading=\"lazy\" decoding=\"async\" src=\"https:\/\/jornalfatosenoticias.com.br\/wp-content\/uploads\/2023\/12\/pegoretti-logo-pdf-1024x389.jpg\" alt=\"\" class=\"wp-image-47536\" width=\"519\" height=\"197\" srcset=\"https:\/\/jornalfatosenoticias.com.br\/wp-content\/uploads\/2023\/12\/pegoretti-logo-pdf-1024x389.jpg 1024w, https:\/\/jornalfatosenoticias.com.br\/wp-content\/uploads\/2023\/12\/pegoretti-logo-pdf-300x114.jpg 300w, https:\/\/jornalfatosenoticias.com.br\/wp-content\/uploads\/2023\/12\/pegoretti-logo-pdf-768x291.jpg 768w, https:\/\/jornalfatosenoticias.com.br\/wp-content\/uploads\/2023\/12\/pegoretti-logo-pdf.jpg 1120w\" sizes=\"auto, (max-width: 519px) 100vw, 519px\" \/><\/figure><\/div>\n\n\n\n<p>Entre aqueles com 15 a 17 anos, 11,3% trabalhavam e estudavam, 2,3% s\u00f3 trabalhavam, 81,2% s\u00f3 estudavam e 5,1% n\u00e3o faziam nem uma coisa nem outra. J\u00e1 para aqueles com 25 a 29 anos, 13,8% trabalhavam e estudavam, 59,2% s\u00f3 trabalhavam, 4,8% s\u00f3 estudavam e 22,3% n\u00e3o faziam nenhuma das duas coisas.<\/p>\n\n\n\n<div class=\"wp-block-image\"><figure class=\"aligncenter size-large is-resized\"><img loading=\"lazy\" decoding=\"async\" src=\"https:\/\/jornalfatosenoticias.com.br\/wp-content\/uploads\/2022\/02\/Precisao-Contabilidade-1024x724.jpg\" alt=\"\" class=\"wp-image-28088\" width=\"335\" height=\"237\"\/><\/figure><\/div>\n\n\n\n<blockquote class=\"wp-block-quote is-layout-flow wp-block-quote-is-layout-flow\"><p><span class=\"has-inline-color has-luminous-vivid-orange-color\">De 15 a 17 anos, o principal arranjo \u00e9 n\u00e3o estar trabalhando e estar estudando, o que \u00e9 bastante desej\u00e1vel. De 18 a 24 anos, essa situa\u00e7\u00e3o de estar apenas estudando cai significativamente e aumenta a condi\u00e7\u00e3o de apenas trabalhar. O trabalho come\u00e7a a competir com os estudos na vida desse jovem. Mas cresce tamb\u00e9m a condi\u00e7\u00e3o de uma pessoa n\u00e3o estar trabalhando nem estudando. Por fim, de 25 a 29 anos, a gente tem quase 60% das pessoas voltadas integralmente para o trabalho\u201d, afirma a pesquisadora do IBGE.<\/span><\/p><\/blockquote>\n\n\n\n<div class=\"wp-block-image\"><figure class=\"aligncenter size-large is-resized\"><img loading=\"lazy\" decoding=\"async\" src=\"https:\/\/jornalfatosenoticias.com.br\/wp-content\/uploads\/2023\/03\/nova-logo-Marquetti.jpg\" alt=\"\" class=\"wp-image-40207\" width=\"310\" height=\"208\" srcset=\"https:\/\/jornalfatosenoticias.com.br\/wp-content\/uploads\/2023\/03\/nova-logo-Marquetti.jpg 643w, https:\/\/jornalfatosenoticias.com.br\/wp-content\/uploads\/2023\/03\/nova-logo-Marquetti-300x202.jpg 300w\" sizes=\"auto, (max-width: 310px) 100vw, 310px\" \/><\/figure><\/div>\n\n\n\n<p>A Pnad Cont\u00ednua mostrou que 24,9 milh\u00f5es de jovens com 15 a 29 anos sem ensino superior completo n\u00e3o estudavam, n\u00e3o faziam curso profissionalizante nem cursavam pr\u00e9-vestibular. Em rela\u00e7\u00e3o aos cursos t\u00e9cnicos e normal (magist\u00e9rio) de n\u00edvel m\u00e9dio, 9,1% dos estudantes de ensino m\u00e9dio estavam fazendo esse tipo de qualifica\u00e7\u00e3o profissional. Entre aqueles que j\u00e1 tinham conclu\u00eddo o ensino m\u00e9dio mas n\u00e3o faziam faculdade, o percentual de pessoas que buscavam profissionaliza\u00e7\u00e3o por meio desses cursos era de 5,3%.<\/p>\n\n\n\n<div class=\"wp-block-image\"><figure class=\"aligncenter size-large is-resized\"><img loading=\"lazy\" decoding=\"async\" src=\"https:\/\/jornalfatosenoticias.com.br\/wp-content\/uploads\/2023\/03\/logo-Panper_portal.jpg\" alt=\"\" class=\"wp-image-40208\" width=\"326\" height=\"226\" srcset=\"https:\/\/jornalfatosenoticias.com.br\/wp-content\/uploads\/2023\/03\/logo-Panper_portal.jpg 400w, https:\/\/jornalfatosenoticias.com.br\/wp-content\/uploads\/2023\/03\/logo-Panper_portal-300x208.jpg 300w\" sizes=\"auto, (max-width: 326px) 100vw, 326px\" \/><\/figure><\/div>\n\n\n\n<p><strong><em>Fonte: <a href=\"https:\/\/gazetabrasil.com.br\/brasil\/2024\/03\/22\/ibge-um-em-cinco-jovens-brasileiros-de-15-a-29-anos-nao-estuda-nem-trabalha\/\">Gazeta Brasil<\/a><\/em><\/strong><\/p>\n","protected":false},"excerpt":{"rendered":"<p>Uma parcela de 19,8% dos jovens de 15 a 29 anos no Brasil, ou seja, um entre cinco, n\u00e3o estudava nem trabalhava em 2023, segundo a Pesquisa Nacional por Amostra de Domic\u00edlios (Pnad) Cont\u00ednua, divulgada pelo Instituto Brasileiro de Geografia e Estat\u00edstica (IBGE). Em n\u00fameros absolutos, eram 9,6 milh\u00f5es de pessoas nessa situa\u00e7\u00e3o. O estudo [&hellip;]<\/p>\n","protected":false},"author":2,"featured_media":50203,"comment_status":"open","ping_status":"open","sticky":false,"template":"","format":"standard","meta":{"footnotes":""},"categories":[7],"tags":[2290,1281,3498,23163,115,245],"class_list":["post-50202","post","type-post","status-publish","format-standard","has-post-thumbnail","hentry","category-educacao","tag-estudos","tag-ibge","tag-jovens","tag-perspectiva-de-vida","tag-pesquisa","tag-trabalho"],"yoast_head":"<!-- This site is optimized with the Yoast SEO plugin v26.5 - https:\/\/yoast.com\/wordpress\/plugins\/seo\/ -->\n<title>Um em cinco jovens brasileiros de 15 a 29 anos n\u00e3o estuda nem trabalha - Jornal Fatos e Not\u00edcias<\/title>\n<meta name=\"robots\" content=\"index, follow, max-snippet:-1, max-image-preview:large, max-video-preview:-1\" \/>\n<link rel=\"canonical\" href=\"https:\/\/jornalfatosenoticias.com.br\/index.php\/2024\/03\/26\/um-em-cinco-jovens-brasileiros-de-15-a-29-anos-nao-estuda-nem-trabalha\/\" \/>\n<meta property=\"og:locale\" content=\"pt_BR\" \/>\n<meta property=\"og:type\" content=\"article\" \/>\n<meta property=\"og:title\" content=\"Um em cinco jovens brasileiros de 15 a 29 anos n\u00e3o estuda nem trabalha - Jornal Fatos e Not\u00edcias\" \/>\n<meta property=\"og:description\" content=\"Uma parcela de 19,8% dos jovens de 15 a 29 anos no Brasil, ou seja, um entre cinco, n\u00e3o estudava nem trabalhava em 2023, segundo a Pesquisa Nacional por Amostra de Domic\u00edlios (Pnad) Cont\u00ednua, divulgada pelo Instituto Brasileiro de Geografia e Estat\u00edstica (IBGE). Em n\u00fameros absolutos, eram 9,6 milh\u00f5es de pessoas nessa situa\u00e7\u00e3o. O estudo [&hellip;]\" \/>\n<meta property=\"og:url\" content=\"https:\/\/jornalfatosenoticias.com.br\/index.php\/2024\/03\/26\/um-em-cinco-jovens-brasileiros-de-15-a-29-anos-nao-estuda-nem-trabalha\/\" \/>\n<meta property=\"og:site_name\" content=\"Jornal Fatos e Not\u00edcias\" \/>\n<meta property=\"article:published_time\" content=\"2024-03-26T12:55:43+00:00\" \/>\n<meta property=\"article:modified_time\" content=\"2024-03-26T12:55:44+00:00\" \/>\n<meta property=\"og:image\" content=\"https:\/\/jornalfatosenoticias.com.br\/wp-content\/uploads\/2024\/03\/jovens-brasileiros-que-nao-estudam-nem-trabalham_istock.jpg\" \/>\n\t<meta property=\"og:image:width\" content=\"612\" \/>\n\t<meta property=\"og:image:height\" content=\"408\" \/>\n\t<meta property=\"og:image:type\" content=\"image\/jpeg\" \/>\n<meta name=\"author\" content=\"Luzimara Fernandes\" \/>\n<meta name=\"twitter:card\" content=\"summary_large_image\" \/>\n<meta name=\"twitter:label1\" content=\"Escrito por\" \/>\n\t<meta name=\"twitter:data1\" content=\"Luzimara Fernandes\" \/>\n\t<meta name=\"twitter:label2\" content=\"Est. tempo de leitura\" \/>\n\t<meta name=\"twitter:data2\" content=\"2 minutos\" \/>\n<script type=\"application\/ld+json\" class=\"yoast-schema-graph\">{\"@context\":\"https:\/\/schema.org\",\"@graph\":[{\"@type\":\"Article\",\"@id\":\"https:\/\/jornalfatosenoticias.com.br\/index.php\/2024\/03\/26\/um-em-cinco-jovens-brasileiros-de-15-a-29-anos-nao-estuda-nem-trabalha\/#article\",\"isPartOf\":{\"@id\":\"https:\/\/jornalfatosenoticias.com.br\/index.php\/2024\/03\/26\/um-em-cinco-jovens-brasileiros-de-15-a-29-anos-nao-estuda-nem-trabalha\/\"},\"author\":{\"name\":\"Luzimara Fernandes\",\"@id\":\"https:\/\/jornalfatosenoticias.com.br\/#\/schema\/person\/d63837fa13ac8666eb9e74e0985d6f81\"},\"headline\":\"Um em cinco jovens brasileiros de 15 a 29 anos n\u00e3o estuda nem trabalha\",\"datePublished\":\"2024-03-26T12:55:43+00:00\",\"dateModified\":\"2024-03-26T12:55:44+00:00\",\"mainEntityOfPage\":{\"@id\":\"https:\/\/jornalfatosenoticias.com.br\/index.php\/2024\/03\/26\/um-em-cinco-jovens-brasileiros-de-15-a-29-anos-nao-estuda-nem-trabalha\/\"},\"wordCount\":423,\"commentCount\":0,\"publisher\":{\"@id\":\"https:\/\/jornalfatosenoticias.com.br\/#organization\"},\"image\":{\"@id\":\"https:\/\/jornalfatosenoticias.com.br\/index.php\/2024\/03\/26\/um-em-cinco-jovens-brasileiros-de-15-a-29-anos-nao-estuda-nem-trabalha\/#primaryimage\"},\"thumbnailUrl\":\"https:\/\/jornalfatosenoticias.com.br\/wp-content\/uploads\/2024\/03\/jovens-brasileiros-que-nao-estudam-nem-trabalham_istock.jpg\",\"keywords\":[\"estudos\",\"IBGE\",\"jovens\",\"perspectiva de vida\",\"pesquisa\",\"trabalho\"],\"articleSection\":[\"Educa\u00e7\u00e3o\"],\"inLanguage\":\"pt-BR\",\"potentialAction\":[{\"@type\":\"CommentAction\",\"name\":\"Comment\",\"target\":[\"https:\/\/jornalfatosenoticias.com.br\/index.php\/2024\/03\/26\/um-em-cinco-jovens-brasileiros-de-15-a-29-anos-nao-estuda-nem-trabalha\/#respond\"]}]},{\"@type\":\"WebPage\",\"@id\":\"https:\/\/jornalfatosenoticias.com.br\/index.php\/2024\/03\/26\/um-em-cinco-jovens-brasileiros-de-15-a-29-anos-nao-estuda-nem-trabalha\/\",\"url\":\"https:\/\/jornalfatosenoticias.com.br\/index.php\/2024\/03\/26\/um-em-cinco-jovens-brasileiros-de-15-a-29-anos-nao-estuda-nem-trabalha\/\",\"name\":\"Um em cinco jovens brasileiros de 15 a 29 anos n\u00e3o estuda nem trabalha - Jornal Fatos e Not\u00edcias\",\"isPartOf\":{\"@id\":\"https:\/\/jornalfatosenoticias.com.br\/#website\"},\"primaryImageOfPage\":{\"@id\":\"https:\/\/jornalfatosenoticias.com.br\/index.php\/2024\/03\/26\/um-em-cinco-jovens-brasileiros-de-15-a-29-anos-nao-estuda-nem-trabalha\/#primaryimage\"},\"image\":{\"@id\":\"https:\/\/jornalfatosenoticias.com.br\/index.php\/2024\/03\/26\/um-em-cinco-jovens-brasileiros-de-15-a-29-anos-nao-estuda-nem-trabalha\/#primaryimage\"},\"thumbnailUrl\":\"https:\/\/jornalfatosenoticias.com.br\/wp-content\/uploads\/2024\/03\/jovens-brasileiros-que-nao-estudam-nem-trabalham_istock.jpg\",\"datePublished\":\"2024-03-26T12:55:43+00:00\",\"dateModified\":\"2024-03-26T12:55:44+00:00\",\"breadcrumb\":{\"@id\":\"https:\/\/jornalfatosenoticias.com.br\/index.php\/2024\/03\/26\/um-em-cinco-jovens-brasileiros-de-15-a-29-anos-nao-estuda-nem-trabalha\/#breadcrumb\"},\"inLanguage\":\"pt-BR\",\"potentialAction\":[{\"@type\":\"ReadAction\",\"target\":[\"https:\/\/jornalfatosenoticias.com.br\/index.php\/2024\/03\/26\/um-em-cinco-jovens-brasileiros-de-15-a-29-anos-nao-estuda-nem-trabalha\/\"]}]},{\"@type\":\"ImageObject\",\"inLanguage\":\"pt-BR\",\"@id\":\"https:\/\/jornalfatosenoticias.com.br\/index.php\/2024\/03\/26\/um-em-cinco-jovens-brasileiros-de-15-a-29-anos-nao-estuda-nem-trabalha\/#primaryimage\",\"url\":\"https:\/\/jornalfatosenoticias.com.br\/wp-content\/uploads\/2024\/03\/jovens-brasileiros-que-nao-estudam-nem-trabalham_istock.jpg\",\"contentUrl\":\"https:\/\/jornalfatosenoticias.com.br\/wp-content\/uploads\/2024\/03\/jovens-brasileiros-que-nao-estudam-nem-trabalham_istock.jpg\",\"width\":612,\"height\":408,\"caption\":\"Modern education, study at university and student emotions. Pensive african american woman with backpack and notepads holding pencil and looks at free space isolated on light background, studio shot\"},{\"@type\":\"BreadcrumbList\",\"@id\":\"https:\/\/jornalfatosenoticias.com.br\/index.php\/2024\/03\/26\/um-em-cinco-jovens-brasileiros-de-15-a-29-anos-nao-estuda-nem-trabalha\/#breadcrumb\",\"itemListElement\":[{\"@type\":\"ListItem\",\"position\":1,\"name\":\"In\u00edcio\",\"item\":\"https:\/\/jornalfatosenoticias.com.br\/\"},{\"@type\":\"ListItem\",\"position\":2,\"name\":\"Um em cinco jovens brasileiros de 15 a 29 anos n\u00e3o estuda nem trabalha\"}]},{\"@type\":\"WebSite\",\"@id\":\"https:\/\/jornalfatosenoticias.com.br\/#website\",\"url\":\"https:\/\/jornalfatosenoticias.com.br\/\",\"name\":\"Jornal Fatos e Not\u00edcias\",\"description\":\"Not\u00edcias em geral\",\"publisher\":{\"@id\":\"https:\/\/jornalfatosenoticias.com.br\/#organization\"},\"potentialAction\":[{\"@type\":\"SearchAction\",\"target\":{\"@type\":\"EntryPoint\",\"urlTemplate\":\"https:\/\/jornalfatosenoticias.com.br\/?s={search_term_string}\"},\"query-input\":{\"@type\":\"PropertyValueSpecification\",\"valueRequired\":true,\"valueName\":\"search_term_string\"}}],\"inLanguage\":\"pt-BR\"},{\"@type\":\"Organization\",\"@id\":\"https:\/\/jornalfatosenoticias.com.br\/#organization\",\"name\":\"Jornal Fatos e Not\u00edcias\",\"url\":\"https:\/\/jornalfatosenoticias.com.br\/\",\"logo\":{\"@type\":\"ImageObject\",\"inLanguage\":\"pt-BR\",\"@id\":\"https:\/\/jornalfatosenoticias.com.br\/#\/schema\/logo\/image\/\",\"url\":\"https:\/\/jornalfatosenoticias.com.br\/wp-content\/uploads\/2020\/02\/logo120.png\",\"contentUrl\":\"https:\/\/jornalfatosenoticias.com.br\/wp-content\/uploads\/2020\/02\/logo120.png\",\"width\":1227,\"height\":120,\"caption\":\"Jornal Fatos e Not\u00edcias\"},\"image\":{\"@id\":\"https:\/\/jornalfatosenoticias.com.br\/#\/schema\/logo\/image\/\"}},{\"@type\":\"Person\",\"@id\":\"https:\/\/jornalfatosenoticias.com.br\/#\/schema\/person\/d63837fa13ac8666eb9e74e0985d6f81\",\"name\":\"Luzimara Fernandes\",\"image\":{\"@type\":\"ImageObject\",\"inLanguage\":\"pt-BR\",\"@id\":\"https:\/\/jornalfatosenoticias.com.br\/#\/schema\/person\/image\/\",\"url\":\"https:\/\/jornalfatosenoticias.com.br\/wp-content\/uploads\/2025\/05\/EU_portal.jpg\",\"contentUrl\":\"https:\/\/jornalfatosenoticias.com.br\/wp-content\/uploads\/2025\/05\/EU_portal.jpg\",\"caption\":\"Luzimara Fernandes\"},\"description\":\"Jornalista MTB 2358-ES\",\"sameAs\":[\"https:\/\/jornalfatosenoticias.com.br\"],\"url\":\"https:\/\/jornalfatosenoticias.com.br\/index.php\/author\/luzimara\/\"}]}<\/script>\n<!-- \/ Yoast SEO plugin. -->","yoast_head_json":{"title":"Um em cinco jovens brasileiros de 15 a 29 anos n\u00e3o estuda nem trabalha - Jornal Fatos e Not\u00edcias","robots":{"index":"index","follow":"follow","max-snippet":"max-snippet:-1","max-image-preview":"max-image-preview:large","max-video-preview":"max-video-preview:-1"},"canonical":"https:\/\/jornalfatosenoticias.com.br\/index.php\/2024\/03\/26\/um-em-cinco-jovens-brasileiros-de-15-a-29-anos-nao-estuda-nem-trabalha\/","og_locale":"pt_BR","og_type":"article","og_title":"Um em cinco jovens brasileiros de 15 a 29 anos n\u00e3o estuda nem trabalha - Jornal Fatos e Not\u00edcias","og_description":"Uma parcela de 19,8% dos jovens de 15 a 29 anos no Brasil, ou seja, um entre cinco, n\u00e3o estudava nem trabalhava em 2023, segundo a Pesquisa Nacional por Amostra de Domic\u00edlios (Pnad) Cont\u00ednua, divulgada pelo Instituto Brasileiro de Geografia e Estat\u00edstica (IBGE). Em n\u00fameros absolutos, eram 9,6 milh\u00f5es de pessoas nessa situa\u00e7\u00e3o. O estudo [&hellip;]","og_url":"https:\/\/jornalfatosenoticias.com.br\/index.php\/2024\/03\/26\/um-em-cinco-jovens-brasileiros-de-15-a-29-anos-nao-estuda-nem-trabalha\/","og_site_name":"Jornal Fatos e Not\u00edcias","article_published_time":"2024-03-26T12:55:43+00:00","article_modified_time":"2024-03-26T12:55:44+00:00","og_image":[{"width":612,"height":408,"url":"https:\/\/jornalfatosenoticias.com.br\/wp-content\/uploads\/2024\/03\/jovens-brasileiros-que-nao-estudam-nem-trabalham_istock.jpg","type":"image\/jpeg"}],"author":"Luzimara Fernandes","twitter_card":"summary_large_image","twitter_misc":{"Escrito por":"Luzimara Fernandes","Est. tempo de leitura":"2 minutos"},"schema":{"@context":"https:\/\/schema.org","@graph":[{"@type":"Article","@id":"https:\/\/jornalfatosenoticias.com.br\/index.php\/2024\/03\/26\/um-em-cinco-jovens-brasileiros-de-15-a-29-anos-nao-estuda-nem-trabalha\/#article","isPartOf":{"@id":"https:\/\/jornalfatosenoticias.com.br\/index.php\/2024\/03\/26\/um-em-cinco-jovens-brasileiros-de-15-a-29-anos-nao-estuda-nem-trabalha\/"},"author":{"name":"Luzimara Fernandes","@id":"https:\/\/jornalfatosenoticias.com.br\/#\/schema\/person\/d63837fa13ac8666eb9e74e0985d6f81"},"headline":"Um em cinco jovens brasileiros de 15 a 29 anos n\u00e3o estuda nem trabalha","datePublished":"2024-03-26T12:55:43+00:00","dateModified":"2024-03-26T12:55:44+00:00","mainEntityOfPage":{"@id":"https:\/\/jornalfatosenoticias.com.br\/index.php\/2024\/03\/26\/um-em-cinco-jovens-brasileiros-de-15-a-29-anos-nao-estuda-nem-trabalha\/"},"wordCount":423,"commentCount":0,"publisher":{"@id":"https:\/\/jornalfatosenoticias.com.br\/#organization"},"image":{"@id":"https:\/\/jornalfatosenoticias.com.br\/index.php\/2024\/03\/26\/um-em-cinco-jovens-brasileiros-de-15-a-29-anos-nao-estuda-nem-trabalha\/#primaryimage"},"thumbnailUrl":"https:\/\/jornalfatosenoticias.com.br\/wp-content\/uploads\/2024\/03\/jovens-brasileiros-que-nao-estudam-nem-trabalham_istock.jpg","keywords":["estudos","IBGE","jovens","perspectiva de vida","pesquisa","trabalho"],"articleSection":["Educa\u00e7\u00e3o"],"inLanguage":"pt-BR","potentialAction":[{"@type":"CommentAction","name":"Comment","target":["https:\/\/jornalfatosenoticias.com.br\/index.php\/2024\/03\/26\/um-em-cinco-jovens-brasileiros-de-15-a-29-anos-nao-estuda-nem-trabalha\/#respond"]}]},{"@type":"WebPage","@id":"https:\/\/jornalfatosenoticias.com.br\/index.php\/2024\/03\/26\/um-em-cinco-jovens-brasileiros-de-15-a-29-anos-nao-estuda-nem-trabalha\/","url":"https:\/\/jornalfatosenoticias.com.br\/index.php\/2024\/03\/26\/um-em-cinco-jovens-brasileiros-de-15-a-29-anos-nao-estuda-nem-trabalha\/","name":"Um em cinco jovens brasileiros de 15 a 29 anos n\u00e3o estuda nem trabalha - Jornal Fatos e Not\u00edcias","isPartOf":{"@id":"https:\/\/jornalfatosenoticias.com.br\/#website"},"primaryImageOfPage":{"@id":"https:\/\/jornalfatosenoticias.com.br\/index.php\/2024\/03\/26\/um-em-cinco-jovens-brasileiros-de-15-a-29-anos-nao-estuda-nem-trabalha\/#primaryimage"},"image":{"@id":"https:\/\/jornalfatosenoticias.com.br\/index.php\/2024\/03\/26\/um-em-cinco-jovens-brasileiros-de-15-a-29-anos-nao-estuda-nem-trabalha\/#primaryimage"},"thumbnailUrl":"https:\/\/jornalfatosenoticias.com.br\/wp-content\/uploads\/2024\/03\/jovens-brasileiros-que-nao-estudam-nem-trabalham_istock.jpg","datePublished":"2024-03-26T12:55:43+00:00","dateModified":"2024-03-26T12:55:44+00:00","breadcrumb":{"@id":"https:\/\/jornalfatosenoticias.com.br\/index.php\/2024\/03\/26\/um-em-cinco-jovens-brasileiros-de-15-a-29-anos-nao-estuda-nem-trabalha\/#breadcrumb"},"inLanguage":"pt-BR","potentialAction":[{"@type":"ReadAction","target":["https:\/\/jornalfatosenoticias.com.br\/index.php\/2024\/03\/26\/um-em-cinco-jovens-brasileiros-de-15-a-29-anos-nao-estuda-nem-trabalha\/"]}]},{"@type":"ImageObject","inLanguage":"pt-BR","@id":"https:\/\/jornalfatosenoticias.com.br\/index.php\/2024\/03\/26\/um-em-cinco-jovens-brasileiros-de-15-a-29-anos-nao-estuda-nem-trabalha\/#primaryimage","url":"https:\/\/jornalfatosenoticias.com.br\/wp-content\/uploads\/2024\/03\/jovens-brasileiros-que-nao-estudam-nem-trabalham_istock.jpg","contentUrl":"https:\/\/jornalfatosenoticias.com.br\/wp-content\/uploads\/2024\/03\/jovens-brasileiros-que-nao-estudam-nem-trabalham_istock.jpg","width":612,"height":408,"caption":"Modern education, study at university and student emotions. Pensive african american woman with backpack and notepads holding pencil and looks at free space isolated on light background, studio shot"},{"@type":"BreadcrumbList","@id":"https:\/\/jornalfatosenoticias.com.br\/index.php\/2024\/03\/26\/um-em-cinco-jovens-brasileiros-de-15-a-29-anos-nao-estuda-nem-trabalha\/#breadcrumb","itemListElement":[{"@type":"ListItem","position":1,"name":"In\u00edcio","item":"https:\/\/jornalfatosenoticias.com.br\/"},{"@type":"ListItem","position":2,"name":"Um em cinco jovens brasileiros de 15 a 29 anos n\u00e3o estuda nem trabalha"}]},{"@type":"WebSite","@id":"https:\/\/jornalfatosenoticias.com.br\/#website","url":"https:\/\/jornalfatosenoticias.com.br\/","name":"Jornal Fatos e Not\u00edcias","description":"Not\u00edcias em geral","publisher":{"@id":"https:\/\/jornalfatosenoticias.com.br\/#organization"},"potentialAction":[{"@type":"SearchAction","target":{"@type":"EntryPoint","urlTemplate":"https:\/\/jornalfatosenoticias.com.br\/?s={search_term_string}"},"query-input":{"@type":"PropertyValueSpecification","valueRequired":true,"valueName":"search_term_string"}}],"inLanguage":"pt-BR"},{"@type":"Organization","@id":"https:\/\/jornalfatosenoticias.com.br\/#organization","name":"Jornal Fatos e Not\u00edcias","url":"https:\/\/jornalfatosenoticias.com.br\/","logo":{"@type":"ImageObject","inLanguage":"pt-BR","@id":"https:\/\/jornalfatosenoticias.com.br\/#\/schema\/logo\/image\/","url":"https:\/\/jornalfatosenoticias.com.br\/wp-content\/uploads\/2020\/02\/logo120.png","contentUrl":"https:\/\/jornalfatosenoticias.com.br\/wp-content\/uploads\/2020\/02\/logo120.png","width":1227,"height":120,"caption":"Jornal Fatos e Not\u00edcias"},"image":{"@id":"https:\/\/jornalfatosenoticias.com.br\/#\/schema\/logo\/image\/"}},{"@type":"Person","@id":"https:\/\/jornalfatosenoticias.com.br\/#\/schema\/person\/d63837fa13ac8666eb9e74e0985d6f81","name":"Luzimara Fernandes","image":{"@type":"ImageObject","inLanguage":"pt-BR","@id":"https:\/\/jornalfatosenoticias.com.br\/#\/schema\/person\/image\/","url":"https:\/\/jornalfatosenoticias.com.br\/wp-content\/uploads\/2025\/05\/EU_portal.jpg","contentUrl":"https:\/\/jornalfatosenoticias.com.br\/wp-content\/uploads\/2025\/05\/EU_portal.jpg","caption":"Luzimara Fernandes"},"description":"Jornalista MTB 2358-ES","sameAs":["https:\/\/jornalfatosenoticias.com.br"],"url":"https:\/\/jornalfatosenoticias.com.br\/index.php\/author\/luzimara\/"}]}},"cc_featured_image_caption":{"caption_text":"(Foto: iStock)","source_text":"","source_url":""},"jetpack_featured_media_url":"https:\/\/jornalfatosenoticias.com.br\/wp-content\/uploads\/2024\/03\/jovens-brasileiros-que-nao-estudam-nem-trabalham_istock.jpg","_links":{"self":[{"href":"https:\/\/jornalfatosenoticias.com.br\/index.php\/wp-json\/wp\/v2\/posts\/50202","targetHints":{"allow":["GET"]}}],"collection":[{"href":"https:\/\/jornalfatosenoticias.com.br\/index.php\/wp-json\/wp\/v2\/posts"}],"about":[{"href":"https:\/\/jornalfatosenoticias.com.br\/index.php\/wp-json\/wp\/v2\/types\/post"}],"author":[{"embeddable":true,"href":"https:\/\/jornalfatosenoticias.com.br\/index.php\/wp-json\/wp\/v2\/users\/2"}],"replies":[{"embeddable":true,"href":"https:\/\/jornalfatosenoticias.com.br\/index.php\/wp-json\/wp\/v2\/comments?post=50202"}],"version-history":[{"count":0,"href":"https:\/\/jornalfatosenoticias.com.br\/index.php\/wp-json\/wp\/v2\/posts\/50202\/revisions"}],"wp:featuredmedia":[{"embeddable":true,"href":"https:\/\/jornalfatosenoticias.com.br\/index.php\/wp-json\/wp\/v2\/media\/50203"}],"wp:attachment":[{"href":"https:\/\/jornalfatosenoticias.com.br\/index.php\/wp-json\/wp\/v2\/media?parent=50202"}],"wp:term":[{"taxonomy":"category","embeddable":true,"href":"https:\/\/jornalfatosenoticias.com.br\/index.php\/wp-json\/wp\/v2\/categories?post=50202"},{"taxonomy":"post_tag","embeddable":true,"href":"https:\/\/jornalfatosenoticias.com.br\/index.php\/wp-json\/wp\/v2\/tags?post=50202"}],"curies":[{"name":"wp","href":"https:\/\/api.w.org\/{rel}","templated":true}]}}