{"id":5022,"date":"2020-05-28T19:14:08","date_gmt":"2020-05-28T22:14:08","guid":{"rendered":"https:\/\/jornalfatosenoticias.com.br\/?p=5022"},"modified":"2020-05-28T19:14:12","modified_gmt":"2020-05-28T22:14:12","slug":"crescer-longe-da-natureza-faz-mal-para-a-saude-mental-diz-pesquisa","status":"publish","type":"post","link":"https:\/\/jornalfatosenoticias.com.br\/index.php\/2020\/05\/28\/crescer-longe-da-natureza-faz-mal-para-a-saude-mental-diz-pesquisa\/","title":{"rendered":"Crescer longe da natureza faz mal para a sa\u00fade mental, diz pesquisa"},"content":{"rendered":"\n<h6 class=\"wp-block-heading\"><em>Os pesquisadores investigaram como as mem\u00f3rias da inf\u00e2ncia estariam associadas a sentimentos de nervosismo e depress\u00e3o na vida adulta<\/em><\/h6>\n\n\n\n<p>Um estudo feito pelo Instituto de Sa\u00fade Global de Barcelona mostra que falta de espa\u00e7o natural ao ar livre na inf\u00e2ncia pode ter consequ\u00eancias para a sa\u00fade mental ao longo da vida. Os pesquisadores coletaram dados de cerca de 3,6 mil pessoas em quatro pa\u00edses europeus e investigaram como as mem\u00f3rias da inf\u00e2ncia estariam associadas a sentimentos de nervosismo e depress\u00e3o na vida adulta. O estudo foi publicado no International Journal of Environmental Research and Public Health.<br>Segundo Wilma Zijlema, coordenador do estudo, isso mostra a import\u00e2ncia dos espa\u00e7os verdes, n\u00e3o apenas para uma &#8220;atitude apreciadora da natureza&#8221;, mas para &#8220;um estado psicol\u00f3gico saud\u00e1vel na vida adulta&#8221;. Os participantes responderam a perguntas sobre sua inf\u00e2ncia, relembrando se costumavam passar o tempo em parques ou apenas brincando no quintal de casa. Depois eles tiveram que fazer um teste psicol\u00f3gico, determinando seus sentimentos de nervosismo, depress\u00e3o e fadiga no \u00faltimo m\u00eas.<br>Os resultados mostram que os participantes com notas mais baixas nos testes de sa\u00fade mental tamb\u00e9m tinham menos exposi\u00e7\u00e3o \u00e0 natureza na inf\u00e2ncia, e isso era verdade, independentemente de quanto tempo passavam na natureza quando adultos.<br>Mas \u00e9 importante lembrar que os participantes relataram retrospectivamente suas experi\u00eancias na natureza da inf\u00e2ncia, o que significa que elas poderiam ter sido influenciadas em suas lembran\u00e7as. &#8220;Estudos longitudinais que objetivamente medem a exposi\u00e7\u00e3o na inf\u00e2ncia e dados de sa\u00fade s\u00e3o necess\u00e1rios para investigar associa\u00e7\u00f5es entre acessibilidade da natureza, tempo e atividades passadas na natureza durante a inf\u00e2ncia e sa\u00fade mental e f\u00edsica ao longo da vida&#8221;, conclui o estudo.<br>Atualmente, 73% dos europeus vivem em \u00e1reas urbanas. Em 2050, esse \u00edndice ser\u00e1 superior a 80%. &#8220;Na maioria dos pa\u00edses, as atividades na natureza n\u00e3o s\u00e3o uma parte regular do curr\u00edculo escolar&#8221;, escrevem os autores. &#8220;Consequentemente, as crian\u00e7as que n\u00e3o t\u00eam oportunidades de interagir e obter uma aprecia\u00e7\u00e3o da natureza em casa, t\u00eam poucas chances de experimentar o contato com a natureza&#8221;.<\/p>\n\n\n\n<p><em><strong>Fonte: <a href=\"https:\/\/revistagalileu.globo.com\/Sociedade\/noticia\/2019\/05\/crescer-longe-da-natureza-faz-mal-para-saude-mental-diz-pesquisa.html\">Revista Galileu<\/a><\/strong><\/em><\/p>\n","protected":false},"excerpt":{"rendered":"<p>Os pesquisadores investigaram como as mem\u00f3rias da inf\u00e2ncia estariam associadas a sentimentos de nervosismo e depress\u00e3o na vida adulta Um estudo feito pelo Instituto de Sa\u00fade Global de Barcelona mostra que falta de espa\u00e7o natural ao ar livre na inf\u00e2ncia pode ter consequ\u00eancias para a sa\u00fade mental ao longo da vida. Os pesquisadores coletaram dados [&hellip;]<\/p>\n","protected":false},"author":2,"featured_media":5023,"comment_status":"open","ping_status":"open","sticky":false,"template":"","format":"standard","meta":{"footnotes":""},"categories":[42],"tags":[2992,2607,655,115,688],"class_list":["post-5022","post","type-post","status-publish","format-standard","has-post-thumbnail","hentry","category-bem-estar","tag-crescer","tag-infancia","tag-natureza","tag-pesquisa","tag-saude-mental"],"yoast_head":"<!-- This site is optimized with the Yoast SEO plugin v26.5 - https:\/\/yoast.com\/wordpress\/plugins\/seo\/ -->\n<title>Crescer longe da natureza faz mal para a sa\u00fade mental, diz pesquisa - Jornal Fatos e Not\u00edcias<\/title>\n<meta name=\"robots\" content=\"index, follow, max-snippet:-1, max-image-preview:large, max-video-preview:-1\" \/>\n<link rel=\"canonical\" href=\"https:\/\/jornalfatosenoticias.com.br\/index.php\/2020\/05\/28\/crescer-longe-da-natureza-faz-mal-para-a-saude-mental-diz-pesquisa\/\" \/>\n<meta property=\"og:locale\" content=\"pt_BR\" \/>\n<meta property=\"og:type\" content=\"article\" \/>\n<meta property=\"og:title\" content=\"Crescer longe da natureza faz mal para a sa\u00fade mental, diz pesquisa - Jornal Fatos e Not\u00edcias\" \/>\n<meta property=\"og:description\" content=\"Os pesquisadores investigaram como as mem\u00f3rias da inf\u00e2ncia estariam associadas a sentimentos de nervosismo e depress\u00e3o na vida adulta Um estudo feito pelo Instituto de Sa\u00fade Global de Barcelona mostra que falta de espa\u00e7o natural ao ar livre na inf\u00e2ncia pode ter consequ\u00eancias para a sa\u00fade mental ao longo da vida. Os pesquisadores coletaram dados [&hellip;]\" \/>\n<meta property=\"og:url\" content=\"https:\/\/jornalfatosenoticias.com.br\/index.php\/2020\/05\/28\/crescer-longe-da-natureza-faz-mal-para-a-saude-mental-diz-pesquisa\/\" \/>\n<meta property=\"og:site_name\" content=\"Jornal Fatos e Not\u00edcias\" \/>\n<meta property=\"article:published_time\" content=\"2020-05-28T22:14:08+00:00\" \/>\n<meta property=\"article:modified_time\" content=\"2020-05-28T22:14:12+00:00\" \/>\n<meta property=\"og:image\" content=\"https:\/\/jornalfatosenoticias.com.br\/wp-content\/uploads\/2020\/05\/CRESCER-NATUREZA.jpg\" \/>\n\t<meta property=\"og:image:width\" content=\"1000\" \/>\n\t<meta property=\"og:image:height\" content=\"571\" \/>\n\t<meta property=\"og:image:type\" content=\"image\/jpeg\" \/>\n<meta name=\"author\" content=\"Luzimara Fernandes\" \/>\n<meta name=\"twitter:card\" content=\"summary_large_image\" \/>\n<meta name=\"twitter:label1\" content=\"Escrito por\" \/>\n\t<meta name=\"twitter:data1\" content=\"Luzimara Fernandes\" \/>\n\t<meta name=\"twitter:label2\" content=\"Est. tempo de leitura\" \/>\n\t<meta name=\"twitter:data2\" content=\"2 minutos\" \/>\n<script type=\"application\/ld+json\" class=\"yoast-schema-graph\">{\"@context\":\"https:\/\/schema.org\",\"@graph\":[{\"@type\":\"Article\",\"@id\":\"https:\/\/jornalfatosenoticias.com.br\/index.php\/2020\/05\/28\/crescer-longe-da-natureza-faz-mal-para-a-saude-mental-diz-pesquisa\/#article\",\"isPartOf\":{\"@id\":\"https:\/\/jornalfatosenoticias.com.br\/index.php\/2020\/05\/28\/crescer-longe-da-natureza-faz-mal-para-a-saude-mental-diz-pesquisa\/\"},\"author\":{\"name\":\"Luzimara Fernandes\",\"@id\":\"https:\/\/jornalfatosenoticias.com.br\/#\/schema\/person\/d63837fa13ac8666eb9e74e0985d6f81\"},\"headline\":\"Crescer longe da natureza faz mal para a sa\u00fade mental, diz pesquisa\",\"datePublished\":\"2020-05-28T22:14:08+00:00\",\"dateModified\":\"2020-05-28T22:14:12+00:00\",\"mainEntityOfPage\":{\"@id\":\"https:\/\/jornalfatosenoticias.com.br\/index.php\/2020\/05\/28\/crescer-longe-da-natureza-faz-mal-para-a-saude-mental-diz-pesquisa\/\"},\"wordCount\":392,\"commentCount\":0,\"publisher\":{\"@id\":\"https:\/\/jornalfatosenoticias.com.br\/#organization\"},\"image\":{\"@id\":\"https:\/\/jornalfatosenoticias.com.br\/index.php\/2020\/05\/28\/crescer-longe-da-natureza-faz-mal-para-a-saude-mental-diz-pesquisa\/#primaryimage\"},\"thumbnailUrl\":\"https:\/\/jornalfatosenoticias.com.br\/wp-content\/uploads\/2020\/05\/CRESCER-NATUREZA.jpg\",\"keywords\":[\"crescer\",\"inf\u00e2ncia\",\"natureza\",\"pesquisa\",\"sa\u00fade mental\"],\"articleSection\":[\"Bem-estar\"],\"inLanguage\":\"pt-BR\",\"potentialAction\":[{\"@type\":\"CommentAction\",\"name\":\"Comment\",\"target\":[\"https:\/\/jornalfatosenoticias.com.br\/index.php\/2020\/05\/28\/crescer-longe-da-natureza-faz-mal-para-a-saude-mental-diz-pesquisa\/#respond\"]}]},{\"@type\":\"WebPage\",\"@id\":\"https:\/\/jornalfatosenoticias.com.br\/index.php\/2020\/05\/28\/crescer-longe-da-natureza-faz-mal-para-a-saude-mental-diz-pesquisa\/\",\"url\":\"https:\/\/jornalfatosenoticias.com.br\/index.php\/2020\/05\/28\/crescer-longe-da-natureza-faz-mal-para-a-saude-mental-diz-pesquisa\/\",\"name\":\"Crescer longe da natureza faz mal para a sa\u00fade mental, diz pesquisa - Jornal Fatos e Not\u00edcias\",\"isPartOf\":{\"@id\":\"https:\/\/jornalfatosenoticias.com.br\/#website\"},\"primaryImageOfPage\":{\"@id\":\"https:\/\/jornalfatosenoticias.com.br\/index.php\/2020\/05\/28\/crescer-longe-da-natureza-faz-mal-para-a-saude-mental-diz-pesquisa\/#primaryimage\"},\"image\":{\"@id\":\"https:\/\/jornalfatosenoticias.com.br\/index.php\/2020\/05\/28\/crescer-longe-da-natureza-faz-mal-para-a-saude-mental-diz-pesquisa\/#primaryimage\"},\"thumbnailUrl\":\"https:\/\/jornalfatosenoticias.com.br\/wp-content\/uploads\/2020\/05\/CRESCER-NATUREZA.jpg\",\"datePublished\":\"2020-05-28T22:14:08+00:00\",\"dateModified\":\"2020-05-28T22:14:12+00:00\",\"breadcrumb\":{\"@id\":\"https:\/\/jornalfatosenoticias.com.br\/index.php\/2020\/05\/28\/crescer-longe-da-natureza-faz-mal-para-a-saude-mental-diz-pesquisa\/#breadcrumb\"},\"inLanguage\":\"pt-BR\",\"potentialAction\":[{\"@type\":\"ReadAction\",\"target\":[\"https:\/\/jornalfatosenoticias.com.br\/index.php\/2020\/05\/28\/crescer-longe-da-natureza-faz-mal-para-a-saude-mental-diz-pesquisa\/\"]}]},{\"@type\":\"ImageObject\",\"inLanguage\":\"pt-BR\",\"@id\":\"https:\/\/jornalfatosenoticias.com.br\/index.php\/2020\/05\/28\/crescer-longe-da-natureza-faz-mal-para-a-saude-mental-diz-pesquisa\/#primaryimage\",\"url\":\"https:\/\/jornalfatosenoticias.com.br\/wp-content\/uploads\/2020\/05\/CRESCER-NATUREZA.jpg\",\"contentUrl\":\"https:\/\/jornalfatosenoticias.com.br\/wp-content\/uploads\/2020\/05\/CRESCER-NATUREZA.jpg\",\"width\":1000,\"height\":571},{\"@type\":\"BreadcrumbList\",\"@id\":\"https:\/\/jornalfatosenoticias.com.br\/index.php\/2020\/05\/28\/crescer-longe-da-natureza-faz-mal-para-a-saude-mental-diz-pesquisa\/#breadcrumb\",\"itemListElement\":[{\"@type\":\"ListItem\",\"position\":1,\"name\":\"In\u00edcio\",\"item\":\"https:\/\/jornalfatosenoticias.com.br\/\"},{\"@type\":\"ListItem\",\"position\":2,\"name\":\"Crescer longe da natureza faz mal para a sa\u00fade mental, diz pesquisa\"}]},{\"@type\":\"WebSite\",\"@id\":\"https:\/\/jornalfatosenoticias.com.br\/#website\",\"url\":\"https:\/\/jornalfatosenoticias.com.br\/\",\"name\":\"Jornal Fatos e Not\u00edcias\",\"description\":\"Not\u00edcias em geral\",\"publisher\":{\"@id\":\"https:\/\/jornalfatosenoticias.com.br\/#organization\"},\"potentialAction\":[{\"@type\":\"SearchAction\",\"target\":{\"@type\":\"EntryPoint\",\"urlTemplate\":\"https:\/\/jornalfatosenoticias.com.br\/?s={search_term_string}\"},\"query-input\":{\"@type\":\"PropertyValueSpecification\",\"valueRequired\":true,\"valueName\":\"search_term_string\"}}],\"inLanguage\":\"pt-BR\"},{\"@type\":\"Organization\",\"@id\":\"https:\/\/jornalfatosenoticias.com.br\/#organization\",\"name\":\"Jornal Fatos e Not\u00edcias\",\"url\":\"https:\/\/jornalfatosenoticias.com.br\/\",\"logo\":{\"@type\":\"ImageObject\",\"inLanguage\":\"pt-BR\",\"@id\":\"https:\/\/jornalfatosenoticias.com.br\/#\/schema\/logo\/image\/\",\"url\":\"https:\/\/jornalfatosenoticias.com.br\/wp-content\/uploads\/2020\/02\/logo120.png\",\"contentUrl\":\"https:\/\/jornalfatosenoticias.com.br\/wp-content\/uploads\/2020\/02\/logo120.png\",\"width\":1227,\"height\":120,\"caption\":\"Jornal Fatos e Not\u00edcias\"},\"image\":{\"@id\":\"https:\/\/jornalfatosenoticias.com.br\/#\/schema\/logo\/image\/\"}},{\"@type\":\"Person\",\"@id\":\"https:\/\/jornalfatosenoticias.com.br\/#\/schema\/person\/d63837fa13ac8666eb9e74e0985d6f81\",\"name\":\"Luzimara Fernandes\",\"image\":{\"@type\":\"ImageObject\",\"inLanguage\":\"pt-BR\",\"@id\":\"https:\/\/jornalfatosenoticias.com.br\/#\/schema\/person\/image\/\",\"url\":\"https:\/\/jornalfatosenoticias.com.br\/wp-content\/uploads\/2025\/05\/EU_portal.jpg\",\"contentUrl\":\"https:\/\/jornalfatosenoticias.com.br\/wp-content\/uploads\/2025\/05\/EU_portal.jpg\",\"caption\":\"Luzimara Fernandes\"},\"description\":\"Jornalista MTB 2358-ES\",\"sameAs\":[\"https:\/\/jornalfatosenoticias.com.br\"],\"url\":\"https:\/\/jornalfatosenoticias.com.br\/index.php\/author\/luzimara\/\"}]}<\/script>\n<!-- \/ Yoast SEO plugin. -->","yoast_head_json":{"title":"Crescer longe da natureza faz mal para a sa\u00fade mental, diz pesquisa - Jornal Fatos e Not\u00edcias","robots":{"index":"index","follow":"follow","max-snippet":"max-snippet:-1","max-image-preview":"max-image-preview:large","max-video-preview":"max-video-preview:-1"},"canonical":"https:\/\/jornalfatosenoticias.com.br\/index.php\/2020\/05\/28\/crescer-longe-da-natureza-faz-mal-para-a-saude-mental-diz-pesquisa\/","og_locale":"pt_BR","og_type":"article","og_title":"Crescer longe da natureza faz mal para a sa\u00fade mental, diz pesquisa - Jornal Fatos e Not\u00edcias","og_description":"Os pesquisadores investigaram como as mem\u00f3rias da inf\u00e2ncia estariam associadas a sentimentos de nervosismo e depress\u00e3o na vida adulta Um estudo feito pelo Instituto de Sa\u00fade Global de Barcelona mostra que falta de espa\u00e7o natural ao ar livre na inf\u00e2ncia pode ter consequ\u00eancias para a sa\u00fade mental ao longo da vida. Os pesquisadores coletaram dados [&hellip;]","og_url":"https:\/\/jornalfatosenoticias.com.br\/index.php\/2020\/05\/28\/crescer-longe-da-natureza-faz-mal-para-a-saude-mental-diz-pesquisa\/","og_site_name":"Jornal Fatos e Not\u00edcias","article_published_time":"2020-05-28T22:14:08+00:00","article_modified_time":"2020-05-28T22:14:12+00:00","og_image":[{"width":1000,"height":571,"url":"https:\/\/jornalfatosenoticias.com.br\/wp-content\/uploads\/2020\/05\/CRESCER-NATUREZA.jpg","type":"image\/jpeg"}],"author":"Luzimara Fernandes","twitter_card":"summary_large_image","twitter_misc":{"Escrito por":"Luzimara Fernandes","Est. tempo de leitura":"2 minutos"},"schema":{"@context":"https:\/\/schema.org","@graph":[{"@type":"Article","@id":"https:\/\/jornalfatosenoticias.com.br\/index.php\/2020\/05\/28\/crescer-longe-da-natureza-faz-mal-para-a-saude-mental-diz-pesquisa\/#article","isPartOf":{"@id":"https:\/\/jornalfatosenoticias.com.br\/index.php\/2020\/05\/28\/crescer-longe-da-natureza-faz-mal-para-a-saude-mental-diz-pesquisa\/"},"author":{"name":"Luzimara Fernandes","@id":"https:\/\/jornalfatosenoticias.com.br\/#\/schema\/person\/d63837fa13ac8666eb9e74e0985d6f81"},"headline":"Crescer longe da natureza faz mal para a sa\u00fade mental, diz pesquisa","datePublished":"2020-05-28T22:14:08+00:00","dateModified":"2020-05-28T22:14:12+00:00","mainEntityOfPage":{"@id":"https:\/\/jornalfatosenoticias.com.br\/index.php\/2020\/05\/28\/crescer-longe-da-natureza-faz-mal-para-a-saude-mental-diz-pesquisa\/"},"wordCount":392,"commentCount":0,"publisher":{"@id":"https:\/\/jornalfatosenoticias.com.br\/#organization"},"image":{"@id":"https:\/\/jornalfatosenoticias.com.br\/index.php\/2020\/05\/28\/crescer-longe-da-natureza-faz-mal-para-a-saude-mental-diz-pesquisa\/#primaryimage"},"thumbnailUrl":"https:\/\/jornalfatosenoticias.com.br\/wp-content\/uploads\/2020\/05\/CRESCER-NATUREZA.jpg","keywords":["crescer","inf\u00e2ncia","natureza","pesquisa","sa\u00fade mental"],"articleSection":["Bem-estar"],"inLanguage":"pt-BR","potentialAction":[{"@type":"CommentAction","name":"Comment","target":["https:\/\/jornalfatosenoticias.com.br\/index.php\/2020\/05\/28\/crescer-longe-da-natureza-faz-mal-para-a-saude-mental-diz-pesquisa\/#respond"]}]},{"@type":"WebPage","@id":"https:\/\/jornalfatosenoticias.com.br\/index.php\/2020\/05\/28\/crescer-longe-da-natureza-faz-mal-para-a-saude-mental-diz-pesquisa\/","url":"https:\/\/jornalfatosenoticias.com.br\/index.php\/2020\/05\/28\/crescer-longe-da-natureza-faz-mal-para-a-saude-mental-diz-pesquisa\/","name":"Crescer longe da natureza faz mal para a sa\u00fade mental, diz pesquisa - Jornal Fatos e Not\u00edcias","isPartOf":{"@id":"https:\/\/jornalfatosenoticias.com.br\/#website"},"primaryImageOfPage":{"@id":"https:\/\/jornalfatosenoticias.com.br\/index.php\/2020\/05\/28\/crescer-longe-da-natureza-faz-mal-para-a-saude-mental-diz-pesquisa\/#primaryimage"},"image":{"@id":"https:\/\/jornalfatosenoticias.com.br\/index.php\/2020\/05\/28\/crescer-longe-da-natureza-faz-mal-para-a-saude-mental-diz-pesquisa\/#primaryimage"},"thumbnailUrl":"https:\/\/jornalfatosenoticias.com.br\/wp-content\/uploads\/2020\/05\/CRESCER-NATUREZA.jpg","datePublished":"2020-05-28T22:14:08+00:00","dateModified":"2020-05-28T22:14:12+00:00","breadcrumb":{"@id":"https:\/\/jornalfatosenoticias.com.br\/index.php\/2020\/05\/28\/crescer-longe-da-natureza-faz-mal-para-a-saude-mental-diz-pesquisa\/#breadcrumb"},"inLanguage":"pt-BR","potentialAction":[{"@type":"ReadAction","target":["https:\/\/jornalfatosenoticias.com.br\/index.php\/2020\/05\/28\/crescer-longe-da-natureza-faz-mal-para-a-saude-mental-diz-pesquisa\/"]}]},{"@type":"ImageObject","inLanguage":"pt-BR","@id":"https:\/\/jornalfatosenoticias.com.br\/index.php\/2020\/05\/28\/crescer-longe-da-natureza-faz-mal-para-a-saude-mental-diz-pesquisa\/#primaryimage","url":"https:\/\/jornalfatosenoticias.com.br\/wp-content\/uploads\/2020\/05\/CRESCER-NATUREZA.jpg","contentUrl":"https:\/\/jornalfatosenoticias.com.br\/wp-content\/uploads\/2020\/05\/CRESCER-NATUREZA.jpg","width":1000,"height":571},{"@type":"BreadcrumbList","@id":"https:\/\/jornalfatosenoticias.com.br\/index.php\/2020\/05\/28\/crescer-longe-da-natureza-faz-mal-para-a-saude-mental-diz-pesquisa\/#breadcrumb","itemListElement":[{"@type":"ListItem","position":1,"name":"In\u00edcio","item":"https:\/\/jornalfatosenoticias.com.br\/"},{"@type":"ListItem","position":2,"name":"Crescer longe da natureza faz mal para a sa\u00fade mental, diz pesquisa"}]},{"@type":"WebSite","@id":"https:\/\/jornalfatosenoticias.com.br\/#website","url":"https:\/\/jornalfatosenoticias.com.br\/","name":"Jornal Fatos e Not\u00edcias","description":"Not\u00edcias em geral","publisher":{"@id":"https:\/\/jornalfatosenoticias.com.br\/#organization"},"potentialAction":[{"@type":"SearchAction","target":{"@type":"EntryPoint","urlTemplate":"https:\/\/jornalfatosenoticias.com.br\/?s={search_term_string}"},"query-input":{"@type":"PropertyValueSpecification","valueRequired":true,"valueName":"search_term_string"}}],"inLanguage":"pt-BR"},{"@type":"Organization","@id":"https:\/\/jornalfatosenoticias.com.br\/#organization","name":"Jornal Fatos e Not\u00edcias","url":"https:\/\/jornalfatosenoticias.com.br\/","logo":{"@type":"ImageObject","inLanguage":"pt-BR","@id":"https:\/\/jornalfatosenoticias.com.br\/#\/schema\/logo\/image\/","url":"https:\/\/jornalfatosenoticias.com.br\/wp-content\/uploads\/2020\/02\/logo120.png","contentUrl":"https:\/\/jornalfatosenoticias.com.br\/wp-content\/uploads\/2020\/02\/logo120.png","width":1227,"height":120,"caption":"Jornal Fatos e Not\u00edcias"},"image":{"@id":"https:\/\/jornalfatosenoticias.com.br\/#\/schema\/logo\/image\/"}},{"@type":"Person","@id":"https:\/\/jornalfatosenoticias.com.br\/#\/schema\/person\/d63837fa13ac8666eb9e74e0985d6f81","name":"Luzimara Fernandes","image":{"@type":"ImageObject","inLanguage":"pt-BR","@id":"https:\/\/jornalfatosenoticias.com.br\/#\/schema\/person\/image\/","url":"https:\/\/jornalfatosenoticias.com.br\/wp-content\/uploads\/2025\/05\/EU_portal.jpg","contentUrl":"https:\/\/jornalfatosenoticias.com.br\/wp-content\/uploads\/2025\/05\/EU_portal.jpg","caption":"Luzimara Fernandes"},"description":"Jornalista MTB 2358-ES","sameAs":["https:\/\/jornalfatosenoticias.com.br"],"url":"https:\/\/jornalfatosenoticias.com.br\/index.php\/author\/luzimara\/"}]}},"cc_featured_image_caption":{"caption_text":"Inf\u00e2ncia, natureza (Foto: Pexels)","source_text":"","source_url":""},"jetpack_featured_media_url":"https:\/\/jornalfatosenoticias.com.br\/wp-content\/uploads\/2020\/05\/CRESCER-NATUREZA.jpg","_links":{"self":[{"href":"https:\/\/jornalfatosenoticias.com.br\/index.php\/wp-json\/wp\/v2\/posts\/5022","targetHints":{"allow":["GET"]}}],"collection":[{"href":"https:\/\/jornalfatosenoticias.com.br\/index.php\/wp-json\/wp\/v2\/posts"}],"about":[{"href":"https:\/\/jornalfatosenoticias.com.br\/index.php\/wp-json\/wp\/v2\/types\/post"}],"author":[{"embeddable":true,"href":"https:\/\/jornalfatosenoticias.com.br\/index.php\/wp-json\/wp\/v2\/users\/2"}],"replies":[{"embeddable":true,"href":"https:\/\/jornalfatosenoticias.com.br\/index.php\/wp-json\/wp\/v2\/comments?post=5022"}],"version-history":[{"count":0,"href":"https:\/\/jornalfatosenoticias.com.br\/index.php\/wp-json\/wp\/v2\/posts\/5022\/revisions"}],"wp:featuredmedia":[{"embeddable":true,"href":"https:\/\/jornalfatosenoticias.com.br\/index.php\/wp-json\/wp\/v2\/media\/5023"}],"wp:attachment":[{"href":"https:\/\/jornalfatosenoticias.com.br\/index.php\/wp-json\/wp\/v2\/media?parent=5022"}],"wp:term":[{"taxonomy":"category","embeddable":true,"href":"https:\/\/jornalfatosenoticias.com.br\/index.php\/wp-json\/wp\/v2\/categories?post=5022"},{"taxonomy":"post_tag","embeddable":true,"href":"https:\/\/jornalfatosenoticias.com.br\/index.php\/wp-json\/wp\/v2\/tags?post=5022"}],"curies":[{"name":"wp","href":"https:\/\/api.w.org\/{rel}","templated":true}]}}