{"id":50231,"date":"2024-03-27T09:45:26","date_gmt":"2024-03-27T12:45:26","guid":{"rendered":"https:\/\/jornalfatosenoticias.com.br\/?p=50231"},"modified":"2024-03-27T09:45:27","modified_gmt":"2024-03-27T12:45:27","slug":"programa-junta-dois-leopardos-das-neves-em-zoo-e-espera-por-filhotes","status":"publish","type":"post","link":"https:\/\/jornalfatosenoticias.com.br\/index.php\/2024\/03\/27\/programa-junta-dois-leopardos-das-neves-em-zoo-e-espera-por-filhotes\/","title":{"rendered":"Programa junta dois leopardos-das-neves em zoo, e espera por filhotes"},"content":{"rendered":"\n<p><em><span class=\"has-inline-color has-black-color\">Esp\u00e9cie \u00e9 considerada vulner\u00e1vel, e habita montanhas dos Himalaias; par recebido por institui\u00e7\u00e3o brit\u00e2nica ter\u00e1 ala especialmente projetada<\/span><\/em><\/p>\n\n\n\n<div class=\"wp-block-image\"><figure class=\"aligncenter size-large\"><img loading=\"lazy\" decoding=\"async\" width=\"1024\" height=\"109\" src=\"https:\/\/jornalfatosenoticias.com.br\/wp-content\/uploads\/2020\/02\/CONTROL-CS2-1024x109.jpg\" alt=\"\" class=\"wp-image-44989\" srcset=\"https:\/\/jornalfatosenoticias.com.br\/wp-content\/uploads\/2020\/02\/CONTROL-CS2-1024x109.jpg 1024w, https:\/\/jornalfatosenoticias.com.br\/wp-content\/uploads\/2020\/02\/CONTROL-CS2-300x32.jpg 300w, https:\/\/jornalfatosenoticias.com.br\/wp-content\/uploads\/2020\/02\/CONTROL-CS2-768x82.jpg 768w, https:\/\/jornalfatosenoticias.com.br\/wp-content\/uploads\/2020\/02\/CONTROL-CS2.jpg 1120w\" sizes=\"auto, (max-width: 1024px) 100vw, 1024px\" \/><\/figure><\/div>\n\n\n\n<p>Brincalh\u00f5es e cheios de energia, Yashin e Nubra, dois leopardos-das-neves foram reunidos no zoo de Chester (Inglaterra), como parte de um programa de procria\u00e7\u00e3o que busca aumentar o n\u00fameros destes animais, uma esp\u00e9cie considerada vulner\u00e1vel, segundo a <strong><a class=\"\" href=\"https:\/\/www.iucnredlist.org\/species\/22732\/50664030\" target=\"_blank\" rel=\"noreferrer noopener\">lista vermelha da IUCN<\/a><\/strong> (International Union for Conservation of Nature).<br>O \u201cmatch\u201d entre o casal foi cuidadosamente planejado, para que estes animais tenham uma vida saud\u00e1vel juntos e possam gerar filhotes em cativeiro. \u00c9 a primeira vez nos mais de 90 anos do zoo que este tipo de felino \u00e9 recebido, e para isso, toda uma ala foi projetada para simular o ambiente natural do animal, que vivem em \u00e1reas de penhasco nos Himalaias.<\/p>\n\n\n\n<div class=\"wp-block-image\"><figure class=\"aligncenter size-large is-resized\"><img loading=\"lazy\" decoding=\"async\" src=\"https:\/\/jornalfatosenoticias.com.br\/wp-content\/uploads\/2022\/02\/Precisao-Contabilidade-1024x724.jpg\" alt=\"\" class=\"wp-image-28088\" width=\"341\" height=\"241\"\/><\/figure><\/div>\n\n\n\n<blockquote class=\"wp-block-quote is-layout-flow wp-block-quote-is-layout-flow\"><p><span class=\"has-inline-color has-luminous-vivid-orange-color\">Agora que eles tiveram algum tempo para se instalar e explorar sua nova casa aqui em Chester, a dupla parece ter realmente se dado bem\u201d, afirmou Mike Jordan, diretor de animais e plantas do zool\u00f3gico, em <strong><a class=\"\" href=\"https:\/\/www.dailymail.co.uk\/sciencetech\/article-13221291\/Snow-leopards-arrive-Chester-Zoo-time-93-year-history.html\" target=\"_blank\" rel=\"noreferrer noopener\">entrevista ao Daily Mail<\/a>.<\/strong><\/span><\/p><\/blockquote>\n\n\n\n<div class=\"wp-block-image\"><figure class=\"aligncenter size-large is-resized\"><img loading=\"lazy\" decoding=\"async\" src=\"https:\/\/jornalfatosenoticias.com.br\/wp-content\/uploads\/2024\/01\/consultoria-ambiental.jpg\" alt=\"\" class=\"wp-image-48314\" width=\"305\" height=\"276\" srcset=\"https:\/\/jornalfatosenoticias.com.br\/wp-content\/uploads\/2024\/01\/consultoria-ambiental.jpg 832w, https:\/\/jornalfatosenoticias.com.br\/wp-content\/uploads\/2024\/01\/consultoria-ambiental-300x272.jpg 300w, https:\/\/jornalfatosenoticias.com.br\/wp-content\/uploads\/2024\/01\/consultoria-ambiental-768x696.jpg 768w\" sizes=\"auto, (max-width: 305px) 100vw, 305px\" \/><\/figure><\/div>\n\n\n\n<p>O espa\u00e7o preparado para os felinos foi preenchido com cerca de 600 toneladas de cascalho e rochas para recriar o terreno onde vivem em seu estado natural, com duas grandes \u00e1reas ao ar livre, cavernas e penhascos \u00edngremes, para recriar a experi\u00eancia da vida selvagem.<\/p>\n\n\n\n<div class=\"wp-block-image\"><figure class=\"aligncenter size-large is-resized\"><img loading=\"lazy\" decoding=\"async\" src=\"https:\/\/jornalfatosenoticias.com.br\/wp-content\/uploads\/2023\/12\/pegoretti-logo-pdf-1024x389.jpg\" alt=\"\" class=\"wp-image-47536\" width=\"464\" height=\"176\" srcset=\"https:\/\/jornalfatosenoticias.com.br\/wp-content\/uploads\/2023\/12\/pegoretti-logo-pdf-1024x389.jpg 1024w, https:\/\/jornalfatosenoticias.com.br\/wp-content\/uploads\/2023\/12\/pegoretti-logo-pdf-300x114.jpg 300w, https:\/\/jornalfatosenoticias.com.br\/wp-content\/uploads\/2023\/12\/pegoretti-logo-pdf-768x291.jpg 768w, https:\/\/jornalfatosenoticias.com.br\/wp-content\/uploads\/2023\/12\/pegoretti-logo-pdf.jpg 1120w\" sizes=\"auto, (max-width: 464px) 100vw, 464px\" \/><\/figure><\/div>\n\n\n\n<p>A dupla tem 18 meses de idade, tempo em que, na vida natural, estes felinos deixam a companhia das m\u00e3es para se tornarem independentes. Ao ar livre, avistamentos de leopardos-das-neves tornaram-se t\u00e3o raros que estes animais foram apelidados de \u201cfantasma das montanhas\u201d por comunidades que convivem com os felinos. Isso dificulta tamb\u00e9m o monitoramento e a contagem destes felinos, que vivem cerca de oito anos.<\/p>\n\n\n\n<div class=\"wp-block-image\"><figure class=\"aligncenter size-large is-resized\"><img loading=\"lazy\" decoding=\"async\" src=\"https:\/\/jornalfatosenoticias.com.br\/wp-content\/uploads\/2023\/08\/BKR-1024x1021.jpg\" alt=\"\" class=\"wp-image-44494\" width=\"299\" height=\"298\" srcset=\"https:\/\/jornalfatosenoticias.com.br\/wp-content\/uploads\/2023\/08\/BKR-1024x1021.jpg 1024w, https:\/\/jornalfatosenoticias.com.br\/wp-content\/uploads\/2023\/08\/BKR-300x300.jpg 300w, https:\/\/jornalfatosenoticias.com.br\/wp-content\/uploads\/2023\/08\/BKR-150x150.jpg 150w, https:\/\/jornalfatosenoticias.com.br\/wp-content\/uploads\/2023\/08\/BKR-768x766.jpg 768w, https:\/\/jornalfatosenoticias.com.br\/wp-content\/uploads\/2023\/08\/BKR.jpg 1080w\" sizes=\"auto, (max-width: 299px) 100vw, 299px\" \/><\/figure><\/div>\n\n\n\n<p>A popula\u00e7\u00e3o destes animais vem diminuindo, segundo a IUCN, e hoje n\u00e3o deve passar de 3.400 indiv\u00edduos livres, segundo c\u00e1lculos. A perda de habitat para cria\u00e7\u00e3o de gado, a constru\u00e7\u00e3o de estradas, a minera\u00e7\u00e3o e a ca\u00e7a e mortes causadas pelo conflito entre seres humanos est\u00e3o entre os fatores que pressionam a esp\u00e9cie.<\/p>\n\n\n\n<div class=\"wp-block-image\"><figure class=\"aligncenter size-large\"><img decoding=\"async\" src=\"https:\/\/jornalfatosenoticias.com.br\/wp-content\/uploads\/2020\/02\/barao-das-carnes-300x164-1.jpg\" alt=\"\" class=\"wp-image-34339\"\/><\/figure><\/div>\n\n\n\n<p><a href=\"https:\/\/www.facebook.com\/watch\/?ref=embed_video&amp;v=377982581770555\">https:\/\/www.facebook.com\/watch\/?ref=embed_video&amp;v=377982581770555<\/a><\/p>\n\n\n\n<p><strong><em>Fonte: <a href=\"https:\/\/umsoplaneta.globo.com\/biodiversidade\/noticia\/2024\/03\/25\/deu-match-programa-junta-dois-leopardos-da-neve-em-zoo-e-espera-por-filhotes.ghtml\">Um S\u00f3 Planeta<\/a><\/em><\/strong><\/p>\n","protected":false},"excerpt":{"rendered":"<p>Esp\u00e9cie \u00e9 considerada vulner\u00e1vel, e habita montanhas dos Himalaias; par recebido por institui\u00e7\u00e3o brit\u00e2nica ter\u00e1 ala especialmente projetada Brincalh\u00f5es e cheios de energia, Yashin e Nubra, dois leopardos-das-neves foram reunidos no zoo de Chester (Inglaterra), como parte de um programa de procria\u00e7\u00e3o que busca aumentar o n\u00fameros destes animais, uma esp\u00e9cie considerada vulner\u00e1vel, segundo a [&hellip;]<\/p>\n","protected":false},"author":2,"featured_media":50232,"comment_status":"open","ping_status":"open","sticky":false,"template":"","format":"standard","meta":{"footnotes":""},"categories":[8],"tags":[23170,1261,23171,23169,6998],"class_list":["post-50231","post","type-post","status-publish","format-standard","has-post-thumbnail","hentry","category-meio-ambiente","tag-especie-vulneravel","tag-filhotes","tag-leopardos-das-neves","tag-montanhas-dos-himalaias","tag-zoo"],"yoast_head":"<!-- This site is optimized with the Yoast SEO plugin v26.5 - https:\/\/yoast.com\/wordpress\/plugins\/seo\/ -->\n<title>Programa junta dois leopardos-das-neves em zoo, e espera por filhotes - Jornal Fatos e Not\u00edcias<\/title>\n<meta name=\"robots\" content=\"index, follow, max-snippet:-1, max-image-preview:large, max-video-preview:-1\" \/>\n<link rel=\"canonical\" href=\"https:\/\/jornalfatosenoticias.com.br\/index.php\/2024\/03\/27\/programa-junta-dois-leopardos-das-neves-em-zoo-e-espera-por-filhotes\/\" \/>\n<meta property=\"og:locale\" content=\"pt_BR\" \/>\n<meta property=\"og:type\" content=\"article\" \/>\n<meta property=\"og:title\" content=\"Programa junta dois leopardos-das-neves em zoo, e espera por filhotes - Jornal Fatos e Not\u00edcias\" \/>\n<meta property=\"og:description\" content=\"Esp\u00e9cie \u00e9 considerada vulner\u00e1vel, e habita montanhas dos Himalaias; par recebido por institui\u00e7\u00e3o brit\u00e2nica ter\u00e1 ala especialmente projetada Brincalh\u00f5es e cheios de energia, Yashin e Nubra, dois leopardos-das-neves foram reunidos no zoo de Chester (Inglaterra), como parte de um programa de procria\u00e7\u00e3o que busca aumentar o n\u00fameros destes animais, uma esp\u00e9cie considerada vulner\u00e1vel, segundo a [&hellip;]\" \/>\n<meta property=\"og:url\" content=\"https:\/\/jornalfatosenoticias.com.br\/index.php\/2024\/03\/27\/programa-junta-dois-leopardos-das-neves-em-zoo-e-espera-por-filhotes\/\" \/>\n<meta property=\"og:site_name\" content=\"Jornal Fatos e Not\u00edcias\" \/>\n<meta property=\"article:published_time\" content=\"2024-03-27T12:45:26+00:00\" \/>\n<meta property=\"article:modified_time\" content=\"2024-03-27T12:45:27+00:00\" \/>\n<meta property=\"og:image\" content=\"https:\/\/jornalfatosenoticias.com.br\/wp-content\/uploads\/2024\/03\/leopardos-das-neves_istock.jpg\" \/>\n\t<meta property=\"og:image:width\" content=\"612\" \/>\n\t<meta property=\"og:image:height\" content=\"449\" \/>\n\t<meta property=\"og:image:type\" content=\"image\/jpeg\" \/>\n<meta name=\"author\" content=\"Luzimara Fernandes\" \/>\n<meta name=\"twitter:card\" content=\"summary_large_image\" \/>\n<meta name=\"twitter:label1\" content=\"Escrito por\" \/>\n\t<meta name=\"twitter:data1\" content=\"Luzimara Fernandes\" \/>\n\t<meta name=\"twitter:label2\" content=\"Est. tempo de leitura\" \/>\n\t<meta name=\"twitter:data2\" content=\"2 minutos\" \/>\n<script type=\"application\/ld+json\" class=\"yoast-schema-graph\">{\"@context\":\"https:\/\/schema.org\",\"@graph\":[{\"@type\":\"Article\",\"@id\":\"https:\/\/jornalfatosenoticias.com.br\/index.php\/2024\/03\/27\/programa-junta-dois-leopardos-das-neves-em-zoo-e-espera-por-filhotes\/#article\",\"isPartOf\":{\"@id\":\"https:\/\/jornalfatosenoticias.com.br\/index.php\/2024\/03\/27\/programa-junta-dois-leopardos-das-neves-em-zoo-e-espera-por-filhotes\/\"},\"author\":{\"name\":\"Luzimara Fernandes\",\"@id\":\"https:\/\/jornalfatosenoticias.com.br\/#\/schema\/person\/d63837fa13ac8666eb9e74e0985d6f81\"},\"headline\":\"Programa junta dois leopardos-das-neves em zoo, e espera por filhotes\",\"datePublished\":\"2024-03-27T12:45:26+00:00\",\"dateModified\":\"2024-03-27T12:45:27+00:00\",\"mainEntityOfPage\":{\"@id\":\"https:\/\/jornalfatosenoticias.com.br\/index.php\/2024\/03\/27\/programa-junta-dois-leopardos-das-neves-em-zoo-e-espera-por-filhotes\/\"},\"wordCount\":375,\"commentCount\":0,\"publisher\":{\"@id\":\"https:\/\/jornalfatosenoticias.com.br\/#organization\"},\"image\":{\"@id\":\"https:\/\/jornalfatosenoticias.com.br\/index.php\/2024\/03\/27\/programa-junta-dois-leopardos-das-neves-em-zoo-e-espera-por-filhotes\/#primaryimage\"},\"thumbnailUrl\":\"https:\/\/jornalfatosenoticias.com.br\/wp-content\/uploads\/2024\/03\/leopardos-das-neves_istock.jpg\",\"keywords\":[\"esp\u00e9cie vulner\u00e1vel\",\"filhotes\",\"leopardos-das-neves\",\"montanhas dos Himalaias\",\"zoo\"],\"articleSection\":[\"Meio ambiente\"],\"inLanguage\":\"pt-BR\",\"potentialAction\":[{\"@type\":\"CommentAction\",\"name\":\"Comment\",\"target\":[\"https:\/\/jornalfatosenoticias.com.br\/index.php\/2024\/03\/27\/programa-junta-dois-leopardos-das-neves-em-zoo-e-espera-por-filhotes\/#respond\"]}]},{\"@type\":\"WebPage\",\"@id\":\"https:\/\/jornalfatosenoticias.com.br\/index.php\/2024\/03\/27\/programa-junta-dois-leopardos-das-neves-em-zoo-e-espera-por-filhotes\/\",\"url\":\"https:\/\/jornalfatosenoticias.com.br\/index.php\/2024\/03\/27\/programa-junta-dois-leopardos-das-neves-em-zoo-e-espera-por-filhotes\/\",\"name\":\"Programa junta dois leopardos-das-neves em zoo, e espera por filhotes - Jornal Fatos e Not\u00edcias\",\"isPartOf\":{\"@id\":\"https:\/\/jornalfatosenoticias.com.br\/#website\"},\"primaryImageOfPage\":{\"@id\":\"https:\/\/jornalfatosenoticias.com.br\/index.php\/2024\/03\/27\/programa-junta-dois-leopardos-das-neves-em-zoo-e-espera-por-filhotes\/#primaryimage\"},\"image\":{\"@id\":\"https:\/\/jornalfatosenoticias.com.br\/index.php\/2024\/03\/27\/programa-junta-dois-leopardos-das-neves-em-zoo-e-espera-por-filhotes\/#primaryimage\"},\"thumbnailUrl\":\"https:\/\/jornalfatosenoticias.com.br\/wp-content\/uploads\/2024\/03\/leopardos-das-neves_istock.jpg\",\"datePublished\":\"2024-03-27T12:45:26+00:00\",\"dateModified\":\"2024-03-27T12:45:27+00:00\",\"breadcrumb\":{\"@id\":\"https:\/\/jornalfatosenoticias.com.br\/index.php\/2024\/03\/27\/programa-junta-dois-leopardos-das-neves-em-zoo-e-espera-por-filhotes\/#breadcrumb\"},\"inLanguage\":\"pt-BR\",\"potentialAction\":[{\"@type\":\"ReadAction\",\"target\":[\"https:\/\/jornalfatosenoticias.com.br\/index.php\/2024\/03\/27\/programa-junta-dois-leopardos-das-neves-em-zoo-e-espera-por-filhotes\/\"]}]},{\"@type\":\"ImageObject\",\"inLanguage\":\"pt-BR\",\"@id\":\"https:\/\/jornalfatosenoticias.com.br\/index.php\/2024\/03\/27\/programa-junta-dois-leopardos-das-neves-em-zoo-e-espera-por-filhotes\/#primaryimage\",\"url\":\"https:\/\/jornalfatosenoticias.com.br\/wp-content\/uploads\/2024\/03\/leopardos-das-neves_istock.jpg\",\"contentUrl\":\"https:\/\/jornalfatosenoticias.com.br\/wp-content\/uploads\/2024\/03\/leopardos-das-neves_istock.jpg\",\"width\":612,\"height\":449,\"caption\":\"Snow Leopards\"},{\"@type\":\"BreadcrumbList\",\"@id\":\"https:\/\/jornalfatosenoticias.com.br\/index.php\/2024\/03\/27\/programa-junta-dois-leopardos-das-neves-em-zoo-e-espera-por-filhotes\/#breadcrumb\",\"itemListElement\":[{\"@type\":\"ListItem\",\"position\":1,\"name\":\"In\u00edcio\",\"item\":\"https:\/\/jornalfatosenoticias.com.br\/\"},{\"@type\":\"ListItem\",\"position\":2,\"name\":\"Programa junta dois leopardos-das-neves em zoo, e espera por filhotes\"}]},{\"@type\":\"WebSite\",\"@id\":\"https:\/\/jornalfatosenoticias.com.br\/#website\",\"url\":\"https:\/\/jornalfatosenoticias.com.br\/\",\"name\":\"Jornal Fatos e Not\u00edcias\",\"description\":\"Not\u00edcias em geral\",\"publisher\":{\"@id\":\"https:\/\/jornalfatosenoticias.com.br\/#organization\"},\"potentialAction\":[{\"@type\":\"SearchAction\",\"target\":{\"@type\":\"EntryPoint\",\"urlTemplate\":\"https:\/\/jornalfatosenoticias.com.br\/?s={search_term_string}\"},\"query-input\":{\"@type\":\"PropertyValueSpecification\",\"valueRequired\":true,\"valueName\":\"search_term_string\"}}],\"inLanguage\":\"pt-BR\"},{\"@type\":\"Organization\",\"@id\":\"https:\/\/jornalfatosenoticias.com.br\/#organization\",\"name\":\"Jornal Fatos e Not\u00edcias\",\"url\":\"https:\/\/jornalfatosenoticias.com.br\/\",\"logo\":{\"@type\":\"ImageObject\",\"inLanguage\":\"pt-BR\",\"@id\":\"https:\/\/jornalfatosenoticias.com.br\/#\/schema\/logo\/image\/\",\"url\":\"https:\/\/jornalfatosenoticias.com.br\/wp-content\/uploads\/2020\/02\/logo120.png\",\"contentUrl\":\"https:\/\/jornalfatosenoticias.com.br\/wp-content\/uploads\/2020\/02\/logo120.png\",\"width\":1227,\"height\":120,\"caption\":\"Jornal Fatos e Not\u00edcias\"},\"image\":{\"@id\":\"https:\/\/jornalfatosenoticias.com.br\/#\/schema\/logo\/image\/\"}},{\"@type\":\"Person\",\"@id\":\"https:\/\/jornalfatosenoticias.com.br\/#\/schema\/person\/d63837fa13ac8666eb9e74e0985d6f81\",\"name\":\"Luzimara Fernandes\",\"image\":{\"@type\":\"ImageObject\",\"inLanguage\":\"pt-BR\",\"@id\":\"https:\/\/jornalfatosenoticias.com.br\/#\/schema\/person\/image\/\",\"url\":\"https:\/\/jornalfatosenoticias.com.br\/wp-content\/uploads\/2025\/05\/EU_portal.jpg\",\"contentUrl\":\"https:\/\/jornalfatosenoticias.com.br\/wp-content\/uploads\/2025\/05\/EU_portal.jpg\",\"caption\":\"Luzimara Fernandes\"},\"description\":\"Jornalista MTB 2358-ES\",\"sameAs\":[\"https:\/\/jornalfatosenoticias.com.br\"],\"url\":\"https:\/\/jornalfatosenoticias.com.br\/index.php\/author\/luzimara\/\"}]}<\/script>\n<!-- \/ Yoast SEO plugin. -->","yoast_head_json":{"title":"Programa junta dois leopardos-das-neves em zoo, e espera por filhotes - Jornal Fatos e Not\u00edcias","robots":{"index":"index","follow":"follow","max-snippet":"max-snippet:-1","max-image-preview":"max-image-preview:large","max-video-preview":"max-video-preview:-1"},"canonical":"https:\/\/jornalfatosenoticias.com.br\/index.php\/2024\/03\/27\/programa-junta-dois-leopardos-das-neves-em-zoo-e-espera-por-filhotes\/","og_locale":"pt_BR","og_type":"article","og_title":"Programa junta dois leopardos-das-neves em zoo, e espera por filhotes - Jornal Fatos e Not\u00edcias","og_description":"Esp\u00e9cie \u00e9 considerada vulner\u00e1vel, e habita montanhas dos Himalaias; par recebido por institui\u00e7\u00e3o brit\u00e2nica ter\u00e1 ala especialmente projetada Brincalh\u00f5es e cheios de energia, Yashin e Nubra, dois leopardos-das-neves foram reunidos no zoo de Chester (Inglaterra), como parte de um programa de procria\u00e7\u00e3o que busca aumentar o n\u00fameros destes animais, uma esp\u00e9cie considerada vulner\u00e1vel, segundo a [&hellip;]","og_url":"https:\/\/jornalfatosenoticias.com.br\/index.php\/2024\/03\/27\/programa-junta-dois-leopardos-das-neves-em-zoo-e-espera-por-filhotes\/","og_site_name":"Jornal Fatos e Not\u00edcias","article_published_time":"2024-03-27T12:45:26+00:00","article_modified_time":"2024-03-27T12:45:27+00:00","og_image":[{"width":612,"height":449,"url":"https:\/\/jornalfatosenoticias.com.br\/wp-content\/uploads\/2024\/03\/leopardos-das-neves_istock.jpg","type":"image\/jpeg"}],"author":"Luzimara Fernandes","twitter_card":"summary_large_image","twitter_misc":{"Escrito por":"Luzimara Fernandes","Est. tempo de leitura":"2 minutos"},"schema":{"@context":"https:\/\/schema.org","@graph":[{"@type":"Article","@id":"https:\/\/jornalfatosenoticias.com.br\/index.php\/2024\/03\/27\/programa-junta-dois-leopardos-das-neves-em-zoo-e-espera-por-filhotes\/#article","isPartOf":{"@id":"https:\/\/jornalfatosenoticias.com.br\/index.php\/2024\/03\/27\/programa-junta-dois-leopardos-das-neves-em-zoo-e-espera-por-filhotes\/"},"author":{"name":"Luzimara Fernandes","@id":"https:\/\/jornalfatosenoticias.com.br\/#\/schema\/person\/d63837fa13ac8666eb9e74e0985d6f81"},"headline":"Programa junta dois leopardos-das-neves em zoo, e espera por filhotes","datePublished":"2024-03-27T12:45:26+00:00","dateModified":"2024-03-27T12:45:27+00:00","mainEntityOfPage":{"@id":"https:\/\/jornalfatosenoticias.com.br\/index.php\/2024\/03\/27\/programa-junta-dois-leopardos-das-neves-em-zoo-e-espera-por-filhotes\/"},"wordCount":375,"commentCount":0,"publisher":{"@id":"https:\/\/jornalfatosenoticias.com.br\/#organization"},"image":{"@id":"https:\/\/jornalfatosenoticias.com.br\/index.php\/2024\/03\/27\/programa-junta-dois-leopardos-das-neves-em-zoo-e-espera-por-filhotes\/#primaryimage"},"thumbnailUrl":"https:\/\/jornalfatosenoticias.com.br\/wp-content\/uploads\/2024\/03\/leopardos-das-neves_istock.jpg","keywords":["esp\u00e9cie vulner\u00e1vel","filhotes","leopardos-das-neves","montanhas dos Himalaias","zoo"],"articleSection":["Meio ambiente"],"inLanguage":"pt-BR","potentialAction":[{"@type":"CommentAction","name":"Comment","target":["https:\/\/jornalfatosenoticias.com.br\/index.php\/2024\/03\/27\/programa-junta-dois-leopardos-das-neves-em-zoo-e-espera-por-filhotes\/#respond"]}]},{"@type":"WebPage","@id":"https:\/\/jornalfatosenoticias.com.br\/index.php\/2024\/03\/27\/programa-junta-dois-leopardos-das-neves-em-zoo-e-espera-por-filhotes\/","url":"https:\/\/jornalfatosenoticias.com.br\/index.php\/2024\/03\/27\/programa-junta-dois-leopardos-das-neves-em-zoo-e-espera-por-filhotes\/","name":"Programa junta dois leopardos-das-neves em zoo, e espera por filhotes - Jornal Fatos e Not\u00edcias","isPartOf":{"@id":"https:\/\/jornalfatosenoticias.com.br\/#website"},"primaryImageOfPage":{"@id":"https:\/\/jornalfatosenoticias.com.br\/index.php\/2024\/03\/27\/programa-junta-dois-leopardos-das-neves-em-zoo-e-espera-por-filhotes\/#primaryimage"},"image":{"@id":"https:\/\/jornalfatosenoticias.com.br\/index.php\/2024\/03\/27\/programa-junta-dois-leopardos-das-neves-em-zoo-e-espera-por-filhotes\/#primaryimage"},"thumbnailUrl":"https:\/\/jornalfatosenoticias.com.br\/wp-content\/uploads\/2024\/03\/leopardos-das-neves_istock.jpg","datePublished":"2024-03-27T12:45:26+00:00","dateModified":"2024-03-27T12:45:27+00:00","breadcrumb":{"@id":"https:\/\/jornalfatosenoticias.com.br\/index.php\/2024\/03\/27\/programa-junta-dois-leopardos-das-neves-em-zoo-e-espera-por-filhotes\/#breadcrumb"},"inLanguage":"pt-BR","potentialAction":[{"@type":"ReadAction","target":["https:\/\/jornalfatosenoticias.com.br\/index.php\/2024\/03\/27\/programa-junta-dois-leopardos-das-neves-em-zoo-e-espera-por-filhotes\/"]}]},{"@type":"ImageObject","inLanguage":"pt-BR","@id":"https:\/\/jornalfatosenoticias.com.br\/index.php\/2024\/03\/27\/programa-junta-dois-leopardos-das-neves-em-zoo-e-espera-por-filhotes\/#primaryimage","url":"https:\/\/jornalfatosenoticias.com.br\/wp-content\/uploads\/2024\/03\/leopardos-das-neves_istock.jpg","contentUrl":"https:\/\/jornalfatosenoticias.com.br\/wp-content\/uploads\/2024\/03\/leopardos-das-neves_istock.jpg","width":612,"height":449,"caption":"Snow Leopards"},{"@type":"BreadcrumbList","@id":"https:\/\/jornalfatosenoticias.com.br\/index.php\/2024\/03\/27\/programa-junta-dois-leopardos-das-neves-em-zoo-e-espera-por-filhotes\/#breadcrumb","itemListElement":[{"@type":"ListItem","position":1,"name":"In\u00edcio","item":"https:\/\/jornalfatosenoticias.com.br\/"},{"@type":"ListItem","position":2,"name":"Programa junta dois leopardos-das-neves em zoo, e espera por filhotes"}]},{"@type":"WebSite","@id":"https:\/\/jornalfatosenoticias.com.br\/#website","url":"https:\/\/jornalfatosenoticias.com.br\/","name":"Jornal Fatos e Not\u00edcias","description":"Not\u00edcias em geral","publisher":{"@id":"https:\/\/jornalfatosenoticias.com.br\/#organization"},"potentialAction":[{"@type":"SearchAction","target":{"@type":"EntryPoint","urlTemplate":"https:\/\/jornalfatosenoticias.com.br\/?s={search_term_string}"},"query-input":{"@type":"PropertyValueSpecification","valueRequired":true,"valueName":"search_term_string"}}],"inLanguage":"pt-BR"},{"@type":"Organization","@id":"https:\/\/jornalfatosenoticias.com.br\/#organization","name":"Jornal Fatos e Not\u00edcias","url":"https:\/\/jornalfatosenoticias.com.br\/","logo":{"@type":"ImageObject","inLanguage":"pt-BR","@id":"https:\/\/jornalfatosenoticias.com.br\/#\/schema\/logo\/image\/","url":"https:\/\/jornalfatosenoticias.com.br\/wp-content\/uploads\/2020\/02\/logo120.png","contentUrl":"https:\/\/jornalfatosenoticias.com.br\/wp-content\/uploads\/2020\/02\/logo120.png","width":1227,"height":120,"caption":"Jornal Fatos e Not\u00edcias"},"image":{"@id":"https:\/\/jornalfatosenoticias.com.br\/#\/schema\/logo\/image\/"}},{"@type":"Person","@id":"https:\/\/jornalfatosenoticias.com.br\/#\/schema\/person\/d63837fa13ac8666eb9e74e0985d6f81","name":"Luzimara Fernandes","image":{"@type":"ImageObject","inLanguage":"pt-BR","@id":"https:\/\/jornalfatosenoticias.com.br\/#\/schema\/person\/image\/","url":"https:\/\/jornalfatosenoticias.com.br\/wp-content\/uploads\/2025\/05\/EU_portal.jpg","contentUrl":"https:\/\/jornalfatosenoticias.com.br\/wp-content\/uploads\/2025\/05\/EU_portal.jpg","caption":"Luzimara Fernandes"},"description":"Jornalista MTB 2358-ES","sameAs":["https:\/\/jornalfatosenoticias.com.br"],"url":"https:\/\/jornalfatosenoticias.com.br\/index.php\/author\/luzimara\/"}]}},"cc_featured_image_caption":{"caption_text":"(Foto: iStock) ","source_text":"","source_url":""},"jetpack_featured_media_url":"https:\/\/jornalfatosenoticias.com.br\/wp-content\/uploads\/2024\/03\/leopardos-das-neves_istock.jpg","_links":{"self":[{"href":"https:\/\/jornalfatosenoticias.com.br\/index.php\/wp-json\/wp\/v2\/posts\/50231","targetHints":{"allow":["GET"]}}],"collection":[{"href":"https:\/\/jornalfatosenoticias.com.br\/index.php\/wp-json\/wp\/v2\/posts"}],"about":[{"href":"https:\/\/jornalfatosenoticias.com.br\/index.php\/wp-json\/wp\/v2\/types\/post"}],"author":[{"embeddable":true,"href":"https:\/\/jornalfatosenoticias.com.br\/index.php\/wp-json\/wp\/v2\/users\/2"}],"replies":[{"embeddable":true,"href":"https:\/\/jornalfatosenoticias.com.br\/index.php\/wp-json\/wp\/v2\/comments?post=50231"}],"version-history":[{"count":0,"href":"https:\/\/jornalfatosenoticias.com.br\/index.php\/wp-json\/wp\/v2\/posts\/50231\/revisions"}],"wp:featuredmedia":[{"embeddable":true,"href":"https:\/\/jornalfatosenoticias.com.br\/index.php\/wp-json\/wp\/v2\/media\/50232"}],"wp:attachment":[{"href":"https:\/\/jornalfatosenoticias.com.br\/index.php\/wp-json\/wp\/v2\/media?parent=50231"}],"wp:term":[{"taxonomy":"category","embeddable":true,"href":"https:\/\/jornalfatosenoticias.com.br\/index.php\/wp-json\/wp\/v2\/categories?post=50231"},{"taxonomy":"post_tag","embeddable":true,"href":"https:\/\/jornalfatosenoticias.com.br\/index.php\/wp-json\/wp\/v2\/tags?post=50231"}],"curies":[{"name":"wp","href":"https:\/\/api.w.org\/{rel}","templated":true}]}}