{"id":50234,"date":"2024-03-27T09:56:06","date_gmt":"2024-03-27T12:56:06","guid":{"rendered":"https:\/\/jornalfatosenoticias.com.br\/?p=50234"},"modified":"2024-03-27T09:56:08","modified_gmt":"2024-03-27T12:56:08","slug":"doencas-de-outono-conheca-as-mais-comuns-e-saiba-como-evitar","status":"publish","type":"post","link":"https:\/\/jornalfatosenoticias.com.br\/index.php\/2024\/03\/27\/doencas-de-outono-conheca-as-mais-comuns-e-saiba-como-evitar\/","title":{"rendered":"Doen\u00e7as de outono: conhe\u00e7a as mais comuns e saiba como evitar"},"content":{"rendered":"\n<div class=\"wp-block-image\"><figure class=\"aligncenter size-large is-resized\"><img loading=\"lazy\" decoding=\"async\" src=\"https:\/\/jornalfatosenoticias.com.br\/wp-content\/uploads\/2023\/09\/vetorvix1024_1.jpg\" alt=\"\" class=\"wp-image-44868\" width=\"494\" height=\"131\" srcset=\"https:\/\/jornalfatosenoticias.com.br\/wp-content\/uploads\/2023\/09\/vetorvix1024_1.jpg 1024w, https:\/\/jornalfatosenoticias.com.br\/wp-content\/uploads\/2023\/09\/vetorvix1024_1-300x80.jpg 300w, https:\/\/jornalfatosenoticias.com.br\/wp-content\/uploads\/2023\/09\/vetorvix1024_1-768x205.jpg 768w\" sizes=\"auto, (max-width: 494px) 100vw, 494px\" \/><\/figure><\/div>\n\n\n\n<p>A temperatura cai, as chuvas ficam mais escassas e a <a href=\"https:\/\/vitat.com.br\/poluicao-faz-mal-para-a-pele\/\" target=\"_blank\" rel=\"noreferrer noopener\"><strong>polui\u00e7\u00e3o<\/strong><\/a> aumenta \u2014 a <a href=\"https:\/\/vitat.com.br\/receitas\/?utm_source=cuidai&amp;utm_medium=silos\">receita<\/a>\u00a0perfeita para as\u00a0<strong>doen\u00e7as de outono<\/strong>, geralmente problemas respirat\u00f3rios bem desagrad\u00e1veis. A esta\u00e7\u00e3o, que come\u00e7ou no dia 21 de mar\u00e7o, tamb\u00e9m traz desconfortos como rinite, asma, bronquite, gripe e covid-19.<br>\u201cO outono \u00e9 uma das principais \u00e9pocas do ano onde a coisa complica. Tem a oscila\u00e7\u00e3o de temperatura, a umidade do ar fica bem mais baixa e h\u00e1 uma concentra\u00e7\u00e3o de poluentes na atmosfera. Todos esses fatores acabam interferindo na parte respirat\u00f3ria\u201d, ressalta o pneumologista Leandro Salviano, da Cl\u00ednica Salviano, em S\u00e3o Jos\u00e9 do Rio Preto.<\/p>\n\n\n\n<div class=\"wp-block-image\"><figure class=\"aligncenter size-large is-resized\"><img loading=\"lazy\" decoding=\"async\" src=\"https:\/\/jornalfatosenoticias.com.br\/wp-content\/uploads\/2023\/08\/ITH.jpeg\" alt=\"\" class=\"wp-image-44638\" width=\"287\" height=\"233\" srcset=\"https:\/\/jornalfatosenoticias.com.br\/wp-content\/uploads\/2023\/08\/ITH.jpeg 800w, https:\/\/jornalfatosenoticias.com.br\/wp-content\/uploads\/2023\/08\/ITH-300x244.jpeg 300w, https:\/\/jornalfatosenoticias.com.br\/wp-content\/uploads\/2023\/08\/ITH-768x624.jpeg 768w\" sizes=\"auto, (max-width: 287px) 100vw, 287px\" \/><\/figure><\/div>\n\n\n\n<p>Os ambientes tendem a ficar mais fechados. Isso aumenta o contato e a prolifera\u00e7\u00e3o de fungos e \u00e1caros. Al\u00e9m disso, as pessoas ficam mais aglomeradas, al\u00e9m de lavarem menos as m\u00e3os, o que aumenta as chances de transmiss\u00e3o de <a href=\"https:\/\/vitat.com.br\/gripe-covid-19-ou-sinusite\/\" target=\"_blank\" rel=\"noreferrer noopener\"><strong>resfriados, gripe e Covid-19<\/strong><\/a>. Assim, as condi\u00e7\u00f5es clim\u00e1ticas e esses v\u00edrus respirat\u00f3rios agravam condi\u00e7\u00f5es pr\u00e9-existentes, como enfisema pulmonar, rinites, asma e bronquite.<\/p>\n\n\n\n<div class=\"wp-block-image\"><figure class=\"aligncenter size-large\"><img decoding=\"async\" src=\"https:\/\/jornalfatosenoticias.com.br\/wp-content\/uploads\/2020\/02\/logo_esteio.jpg\" alt=\"\" class=\"wp-image-1214\"\/><\/figure><\/div>\n\n\n\n<blockquote class=\"wp-block-quote is-layout-flow wp-block-quote-is-layout-flow\"><p><span class=\"has-inline-color has-luminous-vivid-orange-color\">Os sintomas das doen\u00e7as de outono s\u00e3o bem variados. Pode ser desde tosse seca, nariz escorrendo, coriza, espirros, at\u00e9 formas um pouco mais complicadas como falta de ar, febre e chiado no peito. Por isso, \u00e9 dif\u00edcil diferenciar s\u00f3 com sintomas, tem que ter uma avalia\u00e7\u00e3o global para ver o que est\u00e1 provocando\u201d, explica o especialista.<\/span><\/p><\/blockquote>\n\n\n\n<div class=\"wp-block-image\"><figure class=\"aligncenter size-large is-resized\"><img loading=\"lazy\" decoding=\"async\" src=\"https:\/\/jornalfatosenoticias.com.br\/wp-content\/uploads\/2023\/03\/logo-Panper_portal.jpg\" alt=\"\" class=\"wp-image-40208\" width=\"300\" height=\"208\" srcset=\"https:\/\/jornalfatosenoticias.com.br\/wp-content\/uploads\/2023\/03\/logo-Panper_portal.jpg 400w, https:\/\/jornalfatosenoticias.com.br\/wp-content\/uploads\/2023\/03\/logo-Panper_portal-300x208.jpg 300w\" sizes=\"auto, (max-width: 300px) 100vw, 300px\" \/><\/figure><\/div>\n\n\n\n<p>De acordo com o pneumologista, a preven\u00e7\u00e3o das doen\u00e7as respirat\u00f3rias \u00e9 a famosa receita da vov\u00f3. Inclui se alimentar bem, descansar o suficiente e manter-se <a href=\"https:\/\/play.google.com\/store\/apps\/details?id=br.com.rdsaude.healthPlatform.android&amp;hl=pt\" target=\"_blank\" rel=\"noreferrer noopener\"><strong>hidratado<\/strong><\/a>. O nariz pode ser lavado com soro fisiol\u00f3gico. Al\u00e9m disso, quem tem umidificador, pode utiliz\u00e1-lo; quem n\u00e3o tiver, pode lan\u00e7ar m\u00e3o de uma toalha bem molhada nos ambientes. Mas cuidado para n\u00e3o exagerar, pois em vez de ajudar, esses itens podem se tornar focos de \u00e1caros.<\/p>\n\n\n\n<div class=\"wp-block-image\"><figure class=\"aligncenter size-large\"><img decoding=\"async\" src=\"https:\/\/jornalfatosenoticias.com.br\/wp-content\/uploads\/2020\/02\/barao-das-carnes-300x164-1.jpg\" alt=\"\" class=\"wp-image-34339\"\/><\/figure><\/div>\n\n\n\n<p>Al\u00e9m disso, outra forma de preven\u00e7\u00e3o das doen\u00e7as de outono, como destaca Jo\u00e3o Ferreira, \u00e9 diminuir a possibilidade de contato com agentes virais e que causam alergias. <\/p>\n\n\n\n<div class=\"wp-block-image\"><figure class=\"aligncenter size-large is-resized\"><img loading=\"lazy\" decoding=\"async\" src=\"https:\/\/jornalfatosenoticias.com.br\/wp-content\/uploads\/2022\/02\/Precisao-Contabilidade-1024x724.jpg\" alt=\"\" class=\"wp-image-28088\" width=\"318\" height=\"225\"\/><\/figure><\/div>\n\n\n\n<blockquote class=\"wp-block-quote is-layout-flow wp-block-quote-is-layout-flow\"><p><span class=\"has-inline-color has-luminous-vivid-orange-color\">Assim, antes de come\u00e7ar o outono, j\u00e1 pegar as roupas que est\u00e3o guardadas nos arm\u00e1rios, lav\u00e1-las e guard\u00e1-las dentro de sacos pl\u00e1sticos. Assim, conseguimos diminuir a contamina\u00e7\u00e3o quando o frio chegar\u201d.<\/span><\/p><\/blockquote>\n\n\n\n<div class=\"wp-block-image\"><figure class=\"aligncenter size-large is-resized\"><img loading=\"lazy\" decoding=\"async\" src=\"https:\/\/jornalfatosenoticias.com.br\/wp-content\/uploads\/2023\/03\/nova-logo-Marquetti.jpg\" alt=\"\" class=\"wp-image-40207\" width=\"297\" height=\"199\" srcset=\"https:\/\/jornalfatosenoticias.com.br\/wp-content\/uploads\/2023\/03\/nova-logo-Marquetti.jpg 643w, https:\/\/jornalfatosenoticias.com.br\/wp-content\/uploads\/2023\/03\/nova-logo-Marquetti-300x202.jpg 300w\" sizes=\"auto, (max-width: 297px) 100vw, 297px\" \/><\/figure><\/div>\n\n\n\n<p><strong><em>Fonte: <a href=\"https:\/\/vitat.com.br\/doencas-de-outono\/\">Vitat<\/a><\/em><\/strong><\/p>\n","protected":false},"excerpt":{"rendered":"<p>A temperatura cai, as chuvas ficam mais escassas e a polui\u00e7\u00e3o aumenta \u2014 a receita\u00a0perfeita para as\u00a0doen\u00e7as de outono, geralmente problemas respirat\u00f3rios bem desagrad\u00e1veis. A esta\u00e7\u00e3o, que come\u00e7ou no dia 21 de mar\u00e7o, tamb\u00e9m traz desconfortos como rinite, asma, bronquite, gripe e covid-19.\u201cO outono \u00e9 uma das principais \u00e9pocas do ano onde a coisa complica. [&hellip;]<\/p>\n","protected":false},"author":2,"featured_media":50235,"comment_status":"open","ping_status":"open","sticky":false,"template":"","format":"standard","meta":{"footnotes":""},"categories":[42],"tags":[23172,16792,23176,23174,915,8271,23175,23173],"class_list":["post-50234","post","type-post","status-publish","format-standard","has-post-thumbnail","hentry","category-bem-estar","tag-acaro","tag-alergia","tag-alergias-de-outono","tag-doencas-de-outono","tag-doencas-respiratorias","tag-outono","tag-problemas-respiratorios","tag-rinite-alergica"],"yoast_head":"<!-- This site is optimized with the Yoast SEO plugin v26.5 - https:\/\/yoast.com\/wordpress\/plugins\/seo\/ -->\n<title>Doen\u00e7as de outono: conhe\u00e7a as mais comuns e saiba como evitar - Jornal Fatos e Not\u00edcias<\/title>\n<meta name=\"robots\" content=\"index, follow, max-snippet:-1, max-image-preview:large, max-video-preview:-1\" \/>\n<link rel=\"canonical\" href=\"https:\/\/jornalfatosenoticias.com.br\/index.php\/2024\/03\/27\/doencas-de-outono-conheca-as-mais-comuns-e-saiba-como-evitar\/\" \/>\n<meta property=\"og:locale\" content=\"pt_BR\" \/>\n<meta property=\"og:type\" content=\"article\" \/>\n<meta property=\"og:title\" content=\"Doen\u00e7as de outono: conhe\u00e7a as mais comuns e saiba como evitar - Jornal Fatos e Not\u00edcias\" \/>\n<meta property=\"og:description\" content=\"A temperatura cai, as chuvas ficam mais escassas e a polui\u00e7\u00e3o aumenta \u2014 a receita\u00a0perfeita para as\u00a0doen\u00e7as de outono, geralmente problemas respirat\u00f3rios bem desagrad\u00e1veis. A esta\u00e7\u00e3o, que come\u00e7ou no dia 21 de mar\u00e7o, tamb\u00e9m traz desconfortos como rinite, asma, bronquite, gripe e covid-19.\u201cO outono \u00e9 uma das principais \u00e9pocas do ano onde a coisa complica. [&hellip;]\" \/>\n<meta property=\"og:url\" content=\"https:\/\/jornalfatosenoticias.com.br\/index.php\/2024\/03\/27\/doencas-de-outono-conheca-as-mais-comuns-e-saiba-como-evitar\/\" \/>\n<meta property=\"og:site_name\" content=\"Jornal Fatos e Not\u00edcias\" \/>\n<meta property=\"article:published_time\" content=\"2024-03-27T12:56:06+00:00\" \/>\n<meta property=\"article:modified_time\" content=\"2024-03-27T12:56:08+00:00\" \/>\n<meta property=\"og:image\" content=\"https:\/\/jornalfatosenoticias.com.br\/wp-content\/uploads\/2024\/03\/doencas-do-outono_istock.jpg\" \/>\n\t<meta property=\"og:image:width\" content=\"612\" \/>\n\t<meta property=\"og:image:height\" content=\"408\" \/>\n\t<meta property=\"og:image:type\" content=\"image\/jpeg\" \/>\n<meta name=\"author\" content=\"Luzimara Fernandes\" \/>\n<meta name=\"twitter:card\" content=\"summary_large_image\" \/>\n<meta name=\"twitter:label1\" content=\"Escrito por\" \/>\n\t<meta name=\"twitter:data1\" content=\"Luzimara Fernandes\" \/>\n\t<meta name=\"twitter:label2\" content=\"Est. tempo de leitura\" \/>\n\t<meta name=\"twitter:data2\" content=\"2 minutos\" \/>\n<script type=\"application\/ld+json\" class=\"yoast-schema-graph\">{\"@context\":\"https:\/\/schema.org\",\"@graph\":[{\"@type\":\"Article\",\"@id\":\"https:\/\/jornalfatosenoticias.com.br\/index.php\/2024\/03\/27\/doencas-de-outono-conheca-as-mais-comuns-e-saiba-como-evitar\/#article\",\"isPartOf\":{\"@id\":\"https:\/\/jornalfatosenoticias.com.br\/index.php\/2024\/03\/27\/doencas-de-outono-conheca-as-mais-comuns-e-saiba-como-evitar\/\"},\"author\":{\"name\":\"Luzimara Fernandes\",\"@id\":\"https:\/\/jornalfatosenoticias.com.br\/#\/schema\/person\/d63837fa13ac8666eb9e74e0985d6f81\"},\"headline\":\"Doen\u00e7as de outono: conhe\u00e7a as mais comuns e saiba como evitar\",\"datePublished\":\"2024-03-27T12:56:06+00:00\",\"dateModified\":\"2024-03-27T12:56:08+00:00\",\"mainEntityOfPage\":{\"@id\":\"https:\/\/jornalfatosenoticias.com.br\/index.php\/2024\/03\/27\/doencas-de-outono-conheca-as-mais-comuns-e-saiba-como-evitar\/\"},\"wordCount\":406,\"commentCount\":0,\"publisher\":{\"@id\":\"https:\/\/jornalfatosenoticias.com.br\/#organization\"},\"image\":{\"@id\":\"https:\/\/jornalfatosenoticias.com.br\/index.php\/2024\/03\/27\/doencas-de-outono-conheca-as-mais-comuns-e-saiba-como-evitar\/#primaryimage\"},\"thumbnailUrl\":\"https:\/\/jornalfatosenoticias.com.br\/wp-content\/uploads\/2024\/03\/doencas-do-outono_istock.jpg\",\"keywords\":[\"\u00e1caro\",\"alergia\",\"alergias de outono\",\"doen\u00e7as de outono\",\"doen\u00e7as respirat\u00f3rias\",\"outono\",\"problemas respirat\u00f3rios\",\"rinite al\u00e9rgica\"],\"articleSection\":[\"Bem-estar\"],\"inLanguage\":\"pt-BR\",\"potentialAction\":[{\"@type\":\"CommentAction\",\"name\":\"Comment\",\"target\":[\"https:\/\/jornalfatosenoticias.com.br\/index.php\/2024\/03\/27\/doencas-de-outono-conheca-as-mais-comuns-e-saiba-como-evitar\/#respond\"]}]},{\"@type\":\"WebPage\",\"@id\":\"https:\/\/jornalfatosenoticias.com.br\/index.php\/2024\/03\/27\/doencas-de-outono-conheca-as-mais-comuns-e-saiba-como-evitar\/\",\"url\":\"https:\/\/jornalfatosenoticias.com.br\/index.php\/2024\/03\/27\/doencas-de-outono-conheca-as-mais-comuns-e-saiba-como-evitar\/\",\"name\":\"Doen\u00e7as de outono: conhe\u00e7a as mais comuns e saiba como evitar - Jornal Fatos e Not\u00edcias\",\"isPartOf\":{\"@id\":\"https:\/\/jornalfatosenoticias.com.br\/#website\"},\"primaryImageOfPage\":{\"@id\":\"https:\/\/jornalfatosenoticias.com.br\/index.php\/2024\/03\/27\/doencas-de-outono-conheca-as-mais-comuns-e-saiba-como-evitar\/#primaryimage\"},\"image\":{\"@id\":\"https:\/\/jornalfatosenoticias.com.br\/index.php\/2024\/03\/27\/doencas-de-outono-conheca-as-mais-comuns-e-saiba-como-evitar\/#primaryimage\"},\"thumbnailUrl\":\"https:\/\/jornalfatosenoticias.com.br\/wp-content\/uploads\/2024\/03\/doencas-do-outono_istock.jpg\",\"datePublished\":\"2024-03-27T12:56:06+00:00\",\"dateModified\":\"2024-03-27T12:56:08+00:00\",\"breadcrumb\":{\"@id\":\"https:\/\/jornalfatosenoticias.com.br\/index.php\/2024\/03\/27\/doencas-de-outono-conheca-as-mais-comuns-e-saiba-como-evitar\/#breadcrumb\"},\"inLanguage\":\"pt-BR\",\"potentialAction\":[{\"@type\":\"ReadAction\",\"target\":[\"https:\/\/jornalfatosenoticias.com.br\/index.php\/2024\/03\/27\/doencas-de-outono-conheca-as-mais-comuns-e-saiba-como-evitar\/\"]}]},{\"@type\":\"ImageObject\",\"inLanguage\":\"pt-BR\",\"@id\":\"https:\/\/jornalfatosenoticias.com.br\/index.php\/2024\/03\/27\/doencas-de-outono-conheca-as-mais-comuns-e-saiba-como-evitar\/#primaryimage\",\"url\":\"https:\/\/jornalfatosenoticias.com.br\/wp-content\/uploads\/2024\/03\/doencas-do-outono_istock.jpg\",\"contentUrl\":\"https:\/\/jornalfatosenoticias.com.br\/wp-content\/uploads\/2024\/03\/doencas-do-outono_istock.jpg\",\"width\":612,\"height\":408,\"caption\":\"Shot of a young woman blowing her nose with a tissue at home\"},{\"@type\":\"BreadcrumbList\",\"@id\":\"https:\/\/jornalfatosenoticias.com.br\/index.php\/2024\/03\/27\/doencas-de-outono-conheca-as-mais-comuns-e-saiba-como-evitar\/#breadcrumb\",\"itemListElement\":[{\"@type\":\"ListItem\",\"position\":1,\"name\":\"In\u00edcio\",\"item\":\"https:\/\/jornalfatosenoticias.com.br\/\"},{\"@type\":\"ListItem\",\"position\":2,\"name\":\"Doen\u00e7as de outono: conhe\u00e7a as mais comuns e saiba como evitar\"}]},{\"@type\":\"WebSite\",\"@id\":\"https:\/\/jornalfatosenoticias.com.br\/#website\",\"url\":\"https:\/\/jornalfatosenoticias.com.br\/\",\"name\":\"Jornal Fatos e Not\u00edcias\",\"description\":\"Not\u00edcias em geral\",\"publisher\":{\"@id\":\"https:\/\/jornalfatosenoticias.com.br\/#organization\"},\"potentialAction\":[{\"@type\":\"SearchAction\",\"target\":{\"@type\":\"EntryPoint\",\"urlTemplate\":\"https:\/\/jornalfatosenoticias.com.br\/?s={search_term_string}\"},\"query-input\":{\"@type\":\"PropertyValueSpecification\",\"valueRequired\":true,\"valueName\":\"search_term_string\"}}],\"inLanguage\":\"pt-BR\"},{\"@type\":\"Organization\",\"@id\":\"https:\/\/jornalfatosenoticias.com.br\/#organization\",\"name\":\"Jornal Fatos e Not\u00edcias\",\"url\":\"https:\/\/jornalfatosenoticias.com.br\/\",\"logo\":{\"@type\":\"ImageObject\",\"inLanguage\":\"pt-BR\",\"@id\":\"https:\/\/jornalfatosenoticias.com.br\/#\/schema\/logo\/image\/\",\"url\":\"https:\/\/jornalfatosenoticias.com.br\/wp-content\/uploads\/2020\/02\/logo120.png\",\"contentUrl\":\"https:\/\/jornalfatosenoticias.com.br\/wp-content\/uploads\/2020\/02\/logo120.png\",\"width\":1227,\"height\":120,\"caption\":\"Jornal Fatos e Not\u00edcias\"},\"image\":{\"@id\":\"https:\/\/jornalfatosenoticias.com.br\/#\/schema\/logo\/image\/\"}},{\"@type\":\"Person\",\"@id\":\"https:\/\/jornalfatosenoticias.com.br\/#\/schema\/person\/d63837fa13ac8666eb9e74e0985d6f81\",\"name\":\"Luzimara Fernandes\",\"image\":{\"@type\":\"ImageObject\",\"inLanguage\":\"pt-BR\",\"@id\":\"https:\/\/jornalfatosenoticias.com.br\/#\/schema\/person\/image\/\",\"url\":\"https:\/\/jornalfatosenoticias.com.br\/wp-content\/uploads\/2025\/05\/EU_portal.jpg\",\"contentUrl\":\"https:\/\/jornalfatosenoticias.com.br\/wp-content\/uploads\/2025\/05\/EU_portal.jpg\",\"caption\":\"Luzimara Fernandes\"},\"description\":\"Jornalista MTB 2358-ES\",\"sameAs\":[\"https:\/\/jornalfatosenoticias.com.br\"],\"url\":\"https:\/\/jornalfatosenoticias.com.br\/index.php\/author\/luzimara\/\"}]}<\/script>\n<!-- \/ Yoast SEO plugin. -->","yoast_head_json":{"title":"Doen\u00e7as de outono: conhe\u00e7a as mais comuns e saiba como evitar - Jornal Fatos e Not\u00edcias","robots":{"index":"index","follow":"follow","max-snippet":"max-snippet:-1","max-image-preview":"max-image-preview:large","max-video-preview":"max-video-preview:-1"},"canonical":"https:\/\/jornalfatosenoticias.com.br\/index.php\/2024\/03\/27\/doencas-de-outono-conheca-as-mais-comuns-e-saiba-como-evitar\/","og_locale":"pt_BR","og_type":"article","og_title":"Doen\u00e7as de outono: conhe\u00e7a as mais comuns e saiba como evitar - Jornal Fatos e Not\u00edcias","og_description":"A temperatura cai, as chuvas ficam mais escassas e a polui\u00e7\u00e3o aumenta \u2014 a receita\u00a0perfeita para as\u00a0doen\u00e7as de outono, geralmente problemas respirat\u00f3rios bem desagrad\u00e1veis. A esta\u00e7\u00e3o, que come\u00e7ou no dia 21 de mar\u00e7o, tamb\u00e9m traz desconfortos como rinite, asma, bronquite, gripe e covid-19.\u201cO outono \u00e9 uma das principais \u00e9pocas do ano onde a coisa complica. [&hellip;]","og_url":"https:\/\/jornalfatosenoticias.com.br\/index.php\/2024\/03\/27\/doencas-de-outono-conheca-as-mais-comuns-e-saiba-como-evitar\/","og_site_name":"Jornal Fatos e Not\u00edcias","article_published_time":"2024-03-27T12:56:06+00:00","article_modified_time":"2024-03-27T12:56:08+00:00","og_image":[{"width":612,"height":408,"url":"https:\/\/jornalfatosenoticias.com.br\/wp-content\/uploads\/2024\/03\/doencas-do-outono_istock.jpg","type":"image\/jpeg"}],"author":"Luzimara Fernandes","twitter_card":"summary_large_image","twitter_misc":{"Escrito por":"Luzimara Fernandes","Est. tempo de leitura":"2 minutos"},"schema":{"@context":"https:\/\/schema.org","@graph":[{"@type":"Article","@id":"https:\/\/jornalfatosenoticias.com.br\/index.php\/2024\/03\/27\/doencas-de-outono-conheca-as-mais-comuns-e-saiba-como-evitar\/#article","isPartOf":{"@id":"https:\/\/jornalfatosenoticias.com.br\/index.php\/2024\/03\/27\/doencas-de-outono-conheca-as-mais-comuns-e-saiba-como-evitar\/"},"author":{"name":"Luzimara Fernandes","@id":"https:\/\/jornalfatosenoticias.com.br\/#\/schema\/person\/d63837fa13ac8666eb9e74e0985d6f81"},"headline":"Doen\u00e7as de outono: conhe\u00e7a as mais comuns e saiba como evitar","datePublished":"2024-03-27T12:56:06+00:00","dateModified":"2024-03-27T12:56:08+00:00","mainEntityOfPage":{"@id":"https:\/\/jornalfatosenoticias.com.br\/index.php\/2024\/03\/27\/doencas-de-outono-conheca-as-mais-comuns-e-saiba-como-evitar\/"},"wordCount":406,"commentCount":0,"publisher":{"@id":"https:\/\/jornalfatosenoticias.com.br\/#organization"},"image":{"@id":"https:\/\/jornalfatosenoticias.com.br\/index.php\/2024\/03\/27\/doencas-de-outono-conheca-as-mais-comuns-e-saiba-como-evitar\/#primaryimage"},"thumbnailUrl":"https:\/\/jornalfatosenoticias.com.br\/wp-content\/uploads\/2024\/03\/doencas-do-outono_istock.jpg","keywords":["\u00e1caro","alergia","alergias de outono","doen\u00e7as de outono","doen\u00e7as respirat\u00f3rias","outono","problemas respirat\u00f3rios","rinite al\u00e9rgica"],"articleSection":["Bem-estar"],"inLanguage":"pt-BR","potentialAction":[{"@type":"CommentAction","name":"Comment","target":["https:\/\/jornalfatosenoticias.com.br\/index.php\/2024\/03\/27\/doencas-de-outono-conheca-as-mais-comuns-e-saiba-como-evitar\/#respond"]}]},{"@type":"WebPage","@id":"https:\/\/jornalfatosenoticias.com.br\/index.php\/2024\/03\/27\/doencas-de-outono-conheca-as-mais-comuns-e-saiba-como-evitar\/","url":"https:\/\/jornalfatosenoticias.com.br\/index.php\/2024\/03\/27\/doencas-de-outono-conheca-as-mais-comuns-e-saiba-como-evitar\/","name":"Doen\u00e7as de outono: conhe\u00e7a as mais comuns e saiba como evitar - Jornal Fatos e Not\u00edcias","isPartOf":{"@id":"https:\/\/jornalfatosenoticias.com.br\/#website"},"primaryImageOfPage":{"@id":"https:\/\/jornalfatosenoticias.com.br\/index.php\/2024\/03\/27\/doencas-de-outono-conheca-as-mais-comuns-e-saiba-como-evitar\/#primaryimage"},"image":{"@id":"https:\/\/jornalfatosenoticias.com.br\/index.php\/2024\/03\/27\/doencas-de-outono-conheca-as-mais-comuns-e-saiba-como-evitar\/#primaryimage"},"thumbnailUrl":"https:\/\/jornalfatosenoticias.com.br\/wp-content\/uploads\/2024\/03\/doencas-do-outono_istock.jpg","datePublished":"2024-03-27T12:56:06+00:00","dateModified":"2024-03-27T12:56:08+00:00","breadcrumb":{"@id":"https:\/\/jornalfatosenoticias.com.br\/index.php\/2024\/03\/27\/doencas-de-outono-conheca-as-mais-comuns-e-saiba-como-evitar\/#breadcrumb"},"inLanguage":"pt-BR","potentialAction":[{"@type":"ReadAction","target":["https:\/\/jornalfatosenoticias.com.br\/index.php\/2024\/03\/27\/doencas-de-outono-conheca-as-mais-comuns-e-saiba-como-evitar\/"]}]},{"@type":"ImageObject","inLanguage":"pt-BR","@id":"https:\/\/jornalfatosenoticias.com.br\/index.php\/2024\/03\/27\/doencas-de-outono-conheca-as-mais-comuns-e-saiba-como-evitar\/#primaryimage","url":"https:\/\/jornalfatosenoticias.com.br\/wp-content\/uploads\/2024\/03\/doencas-do-outono_istock.jpg","contentUrl":"https:\/\/jornalfatosenoticias.com.br\/wp-content\/uploads\/2024\/03\/doencas-do-outono_istock.jpg","width":612,"height":408,"caption":"Shot of a young woman blowing her nose with a tissue at home"},{"@type":"BreadcrumbList","@id":"https:\/\/jornalfatosenoticias.com.br\/index.php\/2024\/03\/27\/doencas-de-outono-conheca-as-mais-comuns-e-saiba-como-evitar\/#breadcrumb","itemListElement":[{"@type":"ListItem","position":1,"name":"In\u00edcio","item":"https:\/\/jornalfatosenoticias.com.br\/"},{"@type":"ListItem","position":2,"name":"Doen\u00e7as de outono: conhe\u00e7a as mais comuns e saiba como evitar"}]},{"@type":"WebSite","@id":"https:\/\/jornalfatosenoticias.com.br\/#website","url":"https:\/\/jornalfatosenoticias.com.br\/","name":"Jornal Fatos e Not\u00edcias","description":"Not\u00edcias em geral","publisher":{"@id":"https:\/\/jornalfatosenoticias.com.br\/#organization"},"potentialAction":[{"@type":"SearchAction","target":{"@type":"EntryPoint","urlTemplate":"https:\/\/jornalfatosenoticias.com.br\/?s={search_term_string}"},"query-input":{"@type":"PropertyValueSpecification","valueRequired":true,"valueName":"search_term_string"}}],"inLanguage":"pt-BR"},{"@type":"Organization","@id":"https:\/\/jornalfatosenoticias.com.br\/#organization","name":"Jornal Fatos e Not\u00edcias","url":"https:\/\/jornalfatosenoticias.com.br\/","logo":{"@type":"ImageObject","inLanguage":"pt-BR","@id":"https:\/\/jornalfatosenoticias.com.br\/#\/schema\/logo\/image\/","url":"https:\/\/jornalfatosenoticias.com.br\/wp-content\/uploads\/2020\/02\/logo120.png","contentUrl":"https:\/\/jornalfatosenoticias.com.br\/wp-content\/uploads\/2020\/02\/logo120.png","width":1227,"height":120,"caption":"Jornal Fatos e Not\u00edcias"},"image":{"@id":"https:\/\/jornalfatosenoticias.com.br\/#\/schema\/logo\/image\/"}},{"@type":"Person","@id":"https:\/\/jornalfatosenoticias.com.br\/#\/schema\/person\/d63837fa13ac8666eb9e74e0985d6f81","name":"Luzimara Fernandes","image":{"@type":"ImageObject","inLanguage":"pt-BR","@id":"https:\/\/jornalfatosenoticias.com.br\/#\/schema\/person\/image\/","url":"https:\/\/jornalfatosenoticias.com.br\/wp-content\/uploads\/2025\/05\/EU_portal.jpg","contentUrl":"https:\/\/jornalfatosenoticias.com.br\/wp-content\/uploads\/2025\/05\/EU_portal.jpg","caption":"Luzimara Fernandes"},"description":"Jornalista MTB 2358-ES","sameAs":["https:\/\/jornalfatosenoticias.com.br"],"url":"https:\/\/jornalfatosenoticias.com.br\/index.php\/author\/luzimara\/"}]}},"cc_featured_image_caption":{"caption_text":"(Foto: iStock)","source_text":"","source_url":""},"jetpack_featured_media_url":"https:\/\/jornalfatosenoticias.com.br\/wp-content\/uploads\/2024\/03\/doencas-do-outono_istock.jpg","_links":{"self":[{"href":"https:\/\/jornalfatosenoticias.com.br\/index.php\/wp-json\/wp\/v2\/posts\/50234","targetHints":{"allow":["GET"]}}],"collection":[{"href":"https:\/\/jornalfatosenoticias.com.br\/index.php\/wp-json\/wp\/v2\/posts"}],"about":[{"href":"https:\/\/jornalfatosenoticias.com.br\/index.php\/wp-json\/wp\/v2\/types\/post"}],"author":[{"embeddable":true,"href":"https:\/\/jornalfatosenoticias.com.br\/index.php\/wp-json\/wp\/v2\/users\/2"}],"replies":[{"embeddable":true,"href":"https:\/\/jornalfatosenoticias.com.br\/index.php\/wp-json\/wp\/v2\/comments?post=50234"}],"version-history":[{"count":0,"href":"https:\/\/jornalfatosenoticias.com.br\/index.php\/wp-json\/wp\/v2\/posts\/50234\/revisions"}],"wp:featuredmedia":[{"embeddable":true,"href":"https:\/\/jornalfatosenoticias.com.br\/index.php\/wp-json\/wp\/v2\/media\/50235"}],"wp:attachment":[{"href":"https:\/\/jornalfatosenoticias.com.br\/index.php\/wp-json\/wp\/v2\/media?parent=50234"}],"wp:term":[{"taxonomy":"category","embeddable":true,"href":"https:\/\/jornalfatosenoticias.com.br\/index.php\/wp-json\/wp\/v2\/categories?post=50234"},{"taxonomy":"post_tag","embeddable":true,"href":"https:\/\/jornalfatosenoticias.com.br\/index.php\/wp-json\/wp\/v2\/tags?post=50234"}],"curies":[{"name":"wp","href":"https:\/\/api.w.org\/{rel}","templated":true}]}}