{"id":50250,"date":"2024-03-27T11:22:46","date_gmt":"2024-03-27T14:22:46","guid":{"rendered":"https:\/\/jornalfatosenoticias.com.br\/?p=50250"},"modified":"2024-03-27T11:22:48","modified_gmt":"2024-03-27T14:22:48","slug":"canto-inaudivel-para-humanos-e-usado-por-anfibios-para-se-defender-de-predadores-indica-estudo","status":"publish","type":"post","link":"https:\/\/jornalfatosenoticias.com.br\/index.php\/2024\/03\/27\/canto-inaudivel-para-humanos-e-usado-por-anfibios-para-se-defender-de-predadores-indica-estudo\/","title":{"rendered":"Canto inaud\u00edvel para humanos \u00e9 usado por anf\u00edbios para se defender de predadores, indica estudo"},"content":{"rendered":"\n<p><span class=\"has-inline-color has-black-color\"><em>Pesquisadores registram, pela primeira vez na Am\u00e9rica do Sul, o uso de ultrassom por r\u00e3 end\u00eamica da Mata Atl\u00e2ntica. Com a maior diversidade de anf\u00edbios do mundo, Brasil pode ter outras esp\u00e9cies com o mesmo comportamento<\/em><\/span><\/p>\n\n\n\n<p><span class=\"has-inline-color has-black-color\">Por <strong>Andr\u00e9 Juli\u00e3o\/<a href=\"https:\/\/gizmodo.uol.com.br\/author\/agencia-fapesp\/\">Ag\u00eancia Fapesp<\/a><\/strong><\/span><\/p>\n\n\n\n<div class=\"wp-block-image\"><figure class=\"aligncenter size-large is-resized\"><img loading=\"lazy\" decoding=\"async\" src=\"https:\/\/jornalfatosenoticias.com.br\/wp-content\/uploads\/2023\/12\/pegoretti-logo-pdf-1024x389.jpg\" alt=\"\" class=\"wp-image-47536\" width=\"485\" height=\"184\" srcset=\"https:\/\/jornalfatosenoticias.com.br\/wp-content\/uploads\/2023\/12\/pegoretti-logo-pdf-1024x389.jpg 1024w, https:\/\/jornalfatosenoticias.com.br\/wp-content\/uploads\/2023\/12\/pegoretti-logo-pdf-300x114.jpg 300w, https:\/\/jornalfatosenoticias.com.br\/wp-content\/uploads\/2023\/12\/pegoretti-logo-pdf-768x291.jpg 768w, https:\/\/jornalfatosenoticias.com.br\/wp-content\/uploads\/2023\/12\/pegoretti-logo-pdf.jpg 1120w\" sizes=\"auto, (max-width: 485px) 100vw, 485px\" \/><\/figure><\/div>\n\n\n\n<p>Estudo <strong><a href=\"https:\/\/link.springer.com\/article\/10.1007\/s10211-023-00435-3\" target=\"_blank\" rel=\"noreferrer noopener\">publicado<\/a><\/strong>\u00a0na revista\u00a0<em>Acta Ethologica<\/em> registrou, pela primeira vez na Am\u00e9rica do Sul, o uso de ultrassom por anf\u00edbios. Trata-se tamb\u00e9m do primeiro registro de uso dessa frequ\u00eancia sonora para defesa contra predadores, o chamado canto de agonia.<\/p>\n\n\n\n<blockquote class=\"wp-block-quote is-layout-flow wp-block-quote-is-layout-flow\"><p><span class=\"has-inline-color has-luminous-vivid-orange-color\">Alguns potenciais predadores dos anf\u00edbios, como morcegos, roedores e pequenos primatas, conseguem emitir e ouvir sons nessa frequ\u00eancia, inaud\u00edvel para humanos. Uma de nossas hip\u00f3teses \u00e9 que o canto de agonia seja direcionado para algum deles, mas \u00e9 poss\u00edvel que a ampla frequ\u00eancia seja generalista, para espantar o maior n\u00famero poss\u00edvel de predadores\u201d, conta <strong><a href=\"https:\/\/bv.fapesp.br\/pt\/pesquisador\/725839\" target=\"_blank\" rel=\"noreferrer noopener\">Ubirat\u00e3 Ferreira Souza<\/a><\/strong>, primeiro autor do trabalho, realizado como parte de seu mestrado no Instituto de Biologia da Universidade Estadual de Campinas (IB-Unicamp) com\u00a0<strong><a href=\"https:\/\/bv.fapesp.br\/pt\/bolsas\/210050\/\" target=\"_blank\" rel=\"noreferrer noopener\">bolsa<\/a><\/strong> da Fapesp.<\/span><\/p><\/blockquote>\n\n\n\n<div class=\"wp-block-image\"><figure class=\"aligncenter size-large\"><img loading=\"lazy\" decoding=\"async\" width=\"300\" height=\"250\" src=\"https:\/\/jornalfatosenoticias.com.br\/wp-content\/uploads\/2020\/02\/Banner-2.png\" alt=\"\" class=\"wp-image-43787\"\/><\/figure><\/div>\n\n\n\n<p>Outra hip\u00f3tese \u00e9 que o canto seja usado para atrair outro predador, que por sua vez atacaria o animal que estivesse em vias de predar o anf\u00edbio, no caso, a r\u00e3-do-folhi\u00e7o (<em>Haddadus binotatus<\/em>), esp\u00e9cie end\u00eamica da Mata Atl\u00e2ntica. Os pesquisadores gravaram o canto de agonia em duas ocasi\u00f5es. Quando analisado por um software especial, o som apresentou frequ\u00eancias de 7 a 44 quilohertz, sendo que a partir dos 20 quilohertz ele \u00e9 inaud\u00edvel para humanos.<\/p>\n\n\n\n<div class=\"wp-block-image\"><figure class=\"aligncenter size-large is-resized\"><img loading=\"lazy\" decoding=\"async\" src=\"https:\/\/jornalfatosenoticias.com.br\/wp-content\/uploads\/2020\/02\/logo-Rapuzel-1024x571.jpg\" alt=\"\" class=\"wp-image-42808\" width=\"372\" height=\"207\" srcset=\"https:\/\/jornalfatosenoticias.com.br\/wp-content\/uploads\/2020\/02\/logo-Rapuzel-1024x571.jpg 1024w, https:\/\/jornalfatosenoticias.com.br\/wp-content\/uploads\/2020\/02\/logo-Rapuzel-300x167.jpg 300w, https:\/\/jornalfatosenoticias.com.br\/wp-content\/uploads\/2020\/02\/logo-Rapuzel-768x428.jpg 768w, https:\/\/jornalfatosenoticias.com.br\/wp-content\/uploads\/2020\/02\/logo-Rapuzel-1536x856.jpg 1536w, https:\/\/jornalfatosenoticias.com.br\/wp-content\/uploads\/2020\/02\/logo-Rapuzel.jpg 1600w\" sizes=\"auto, (max-width: 372px) 100vw, 372px\" \/><\/figure><\/div>\n\n\n\n<p>Durante o canto, a r\u00e3-do-folhi\u00e7o faz uma s\u00e9rie de movimentos t\u00edpicos de defesa contra predadores. O animal levanta a parte frontal do corpo e abre a boca jogando a cabe\u00e7a para tr\u00e1s. Depois, fecha a boca parcialmente, emitindo assim o canto com parte da frequ\u00eancia aud\u00edvel por n\u00f3s, de 7 a 20 quilohertz, e parte inaud\u00edvel, de 20 a 44 quilohertz.<\/p>\n\n\n\n<div class=\"wp-block-image\"><figure class=\"aligncenter size-large is-resized\"><img loading=\"lazy\" decoding=\"async\" src=\"https:\/\/jornalfatosenoticias.com.br\/wp-content\/uploads\/2023\/08\/BKR-1024x1021.jpg\" alt=\"\" class=\"wp-image-44494\" width=\"355\" height=\"354\" srcset=\"https:\/\/jornalfatosenoticias.com.br\/wp-content\/uploads\/2023\/08\/BKR-1024x1021.jpg 1024w, https:\/\/jornalfatosenoticias.com.br\/wp-content\/uploads\/2023\/08\/BKR-300x300.jpg 300w, https:\/\/jornalfatosenoticias.com.br\/wp-content\/uploads\/2023\/08\/BKR-150x150.jpg 150w, https:\/\/jornalfatosenoticias.com.br\/wp-content\/uploads\/2023\/08\/BKR-768x766.jpg 768w, https:\/\/jornalfatosenoticias.com.br\/wp-content\/uploads\/2023\/08\/BKR.jpg 1080w\" sizes=\"auto, (max-width: 355px) 100vw, 355px\" \/><\/figure><\/div>\n\n\n\n<blockquote class=\"wp-block-quote is-layout-flow wp-block-quote-is-layout-flow\"><p><span class=\"has-inline-color has-luminous-vivid-orange-color\">Uma vez que o Brasil tem a maior diversidade de anf\u00edbios do mundo, com mais de mil esp\u00e9cies descritas, n\u00e3o seria de admirar que outras r\u00e3s tamb\u00e9m emitam sons nessa frequ\u00eancia\u201d, avalia <strong><a href=\"https:\/\/bv.fapesp.br\/pt\/pesquisador\/670536\/\" target=\"_blank\" rel=\"noreferrer noopener\">Mariana Retuci Pontes<\/a><\/strong>, coautora do estudo e doutoranda no IB-Unicamp, com\u00a0<strong><a href=\"https:\/\/bv.fapesp.br\/pt\/bolsas\/191399\/\" target=\"_blank\" rel=\"noreferrer noopener\">bolsa<\/a><\/strong> da Fapesp.<\/span><\/p><\/blockquote>\n\n\n\n<div class=\"wp-block-image\"><figure class=\"aligncenter size-large is-resized\"><img loading=\"lazy\" decoding=\"async\" src=\"https:\/\/jornalfatosenoticias.com.br\/wp-content\/uploads\/2024\/01\/consultoria-ambiental.jpg\" alt=\"\" class=\"wp-image-48314\" width=\"330\" height=\"298\" srcset=\"https:\/\/jornalfatosenoticias.com.br\/wp-content\/uploads\/2024\/01\/consultoria-ambiental.jpg 832w, https:\/\/jornalfatosenoticias.com.br\/wp-content\/uploads\/2024\/01\/consultoria-ambiental-300x272.jpg 300w, https:\/\/jornalfatosenoticias.com.br\/wp-content\/uploads\/2024\/01\/consultoria-ambiental-768x696.jpg 768w\" sizes=\"auto, (max-width: 330px) 100vw, 330px\" \/><\/figure><\/div>\n\n\n\n<p><strong><span class=\"has-inline-color has-vivid-green-cyan-color\">Outra esp\u00e9cie<br><\/span><\/strong>A utiliza\u00e7\u00e3o dessa estrat\u00e9gia por uma segunda esp\u00e9cie pode ter sido descoberta por acaso pela pr\u00f3pria pesquisadora. Em janeiro de 2023, durante uma visita ao Parque Estadual Tur\u00edstico do Alto Ribeira (Petar), no munic\u00edpio de Iporanga (SP), Pontes viu sobre uma pedra um indiv\u00edduo do que era provavelmente uma r\u00e3zinha-da-floresta (<em>Ischnocnema henselii<\/em>), embora n\u00e3o tenha coletado o animal para identifica\u00e7\u00e3o precisa da esp\u00e9cie.<\/p>\n\n\n\n<div class=\"wp-block-image\"><figure class=\"aligncenter size-large is-resized\"><img loading=\"lazy\" decoding=\"async\" src=\"https:\/\/jornalfatosenoticias.com.br\/wp-content\/uploads\/2023\/03\/logo-Panper_portal.jpg\" alt=\"\" class=\"wp-image-40208\" width=\"344\" height=\"238\" srcset=\"https:\/\/jornalfatosenoticias.com.br\/wp-content\/uploads\/2023\/03\/logo-Panper_portal.jpg 400w, https:\/\/jornalfatosenoticias.com.br\/wp-content\/uploads\/2023\/03\/logo-Panper_portal-300x208.jpg 300w\" sizes=\"auto, (max-width: 344px) 100vw, 344px\" \/><\/figure><\/div>\n\n\n\n<p>Como queria fazer uma foto, a pesquisadora tentou posicionar melhor o animal segurando-o pelas pernas. Pontes foi ent\u00e3o surpreendida com o comportamento da r\u00e3zinha, que fez o mesmo movimento corporal de defesa e o mesmo som da r\u00e3-do-folhi\u00e7o (<em>H. binotatus<\/em>). Cerca de um metro distante dela, havia ainda uma jararaca (<em>Bothrops jararaca<\/em>), o que refor\u00e7a a evid\u00eancia de que o comportamento \u00e9 realizado diante de predadores.<\/p>\n\n\n\n<div class=\"wp-block-image\"><figure class=\"aligncenter size-large\"><img decoding=\"async\" src=\"https:\/\/jornalfatosenoticias.com.br\/wp-content\/uploads\/2020\/02\/barao-das-carnes-300x164-1.jpg\" alt=\"\" class=\"wp-image-34339\"\/><\/figure><\/div>\n\n\n\n<p>N\u00e3o foi poss\u00edvel fazer a an\u00e1lise do \u00e1udio, extra\u00eddo de um v\u00eddeo que a pesquisadora conseguiu fazer, e verificar a presen\u00e7a de ultrassom na r\u00e3 do Petar. No entanto, o est\u00edmulo de puxar as pernas \u00e9 justamente um dos que os pesquisadores fazem para simular um ataque por predador, usado nos registros de <em>Haddadus binotatus.<\/em><\/p>\n\n\n\n<div class=\"wp-block-image\"><figure class=\"aligncenter size-large\"><img decoding=\"async\" src=\"https:\/\/jornalfatosenoticias.com.br\/wp-content\/uploads\/2020\/02\/logo_esteio.jpg\" alt=\"\" class=\"wp-image-1214\"\/><\/figure><\/div>\n\n\n\n<blockquote class=\"wp-block-quote is-layout-flow wp-block-quote-is-layout-flow\"><p><span class=\"has-inline-color has-luminous-vivid-orange-color\">Uma vez que ambas as esp\u00e9cies vivem em ambientes parecidos, a serrapilheira [camada de folhas sobre o solo], s\u00e3o pequenas [entre 3 e 6 cent\u00edmetros] e t\u00eam predadores similares, \u00e9 poss\u00edvel que Ischnocnema henselii tamb\u00e9m fa\u00e7a uso desse canto de agonia com ultrassom para se proteger de inimigos naturais\u201d, explica <strong><a href=\"https:\/\/bv.fapesp.br\/pt\/pesquisador\/2954\/\" target=\"_blank\" rel=\"noreferrer noopener\">Lu\u00eds Felipe Toledo<\/a><\/strong>, professor do IB-Unicamp que orientou o estudo e coordena o projeto \u201c<strong><a href=\"https:\/\/bv.fapesp.br\/pt\/auxilios\/112895\/\" target=\"_blank\" rel=\"noreferrer noopener\">Da hist\u00f3ria natural \u00e0 conserva\u00e7\u00e3o dos anf\u00edbios brasileiros<\/a><\/strong>\u201d, apoiado pela Fapesp.<\/span><\/p><\/blockquote>\n\n\n\n<div class=\"wp-block-image\"><figure class=\"aligncenter size-large\"><img loading=\"lazy\" decoding=\"async\" width=\"300\" height=\"250\" src=\"https:\/\/jornalfatosenoticias.com.br\/wp-content\/uploads\/2022\/02\/FERRARI_MAQUINAS-E-FERRAMENTAS2.jpg\" alt=\"\" class=\"wp-image-27860\"\/><\/figure><\/div>\n\n\n\n<p>A primeira vez que Toledo suspeitou que <em>Haddadus binotatus<\/em> emitia sons na frequ\u00eancia inaud\u00edvel para humanos foi ainda em 2005, quando realizava doutorado no Instituto de Bioci\u00eancias da Universidade Estadual Paulista (IB-Unesp), em Rio Claro. No entanto, por limita\u00e7\u00f5es dos equipamentos usados na \u00e9poca, n\u00e3o era poss\u00edvel verificar frequ\u00eancias acima dos 20 quilohertz.<\/p>\n\n\n\n<div class=\"wp-block-image\"><figure class=\"aligncenter size-large is-resized\"><img loading=\"lazy\" decoding=\"async\" src=\"https:\/\/jornalfatosenoticias.com.br\/wp-content\/uploads\/2023\/03\/nova-logo-Marquetti.jpg\" alt=\"\" class=\"wp-image-40207\" width=\"307\" height=\"206\" srcset=\"https:\/\/jornalfatosenoticias.com.br\/wp-content\/uploads\/2023\/03\/nova-logo-Marquetti.jpg 643w, https:\/\/jornalfatosenoticias.com.br\/wp-content\/uploads\/2023\/03\/nova-logo-Marquetti-300x202.jpg 300w\" sizes=\"auto, (max-width: 307px) 100vw, 307px\" \/><\/figure><\/div>\n\n\n\n<p>Os outros registros de uso de ultrassom por anf\u00edbios foram feitos em tr\u00eas esp\u00e9cies da \u00c1sia. No entanto, a frequ\u00eancia \u00e9 usada para comunica\u00e7\u00e3o entre indiv\u00edduos da mesma esp\u00e9cie. Em mam\u00edferos, o ultrassom \u00e9 comum entre baleias, morcegos, roedores e pequenos primatas. O uso para defesa contra predadores era algo in\u00e9dito at\u00e9 ent\u00e3o entre anf\u00edbios.<\/p>\n\n\n\n<div class=\"wp-block-image\"><figure class=\"aligncenter size-large is-resized\"><img loading=\"lazy\" decoding=\"async\" src=\"https:\/\/jornalfatosenoticias.com.br\/wp-content\/uploads\/2022\/02\/Precisao-Contabilidade-1024x724.jpg\" alt=\"\" class=\"wp-image-28088\" width=\"330\" height=\"233\"\/><\/figure><\/div>\n\n\n\n<p>Agora, os pesquisadores querem responder a uma s\u00e9rie de perguntas suscitadas pela descoberta, como, por exemplo, quais predadores s\u00e3o sens\u00edveis ao canto de agonia e como reagem a esse comportamento e mesmo se o som \u00e9 voltado para eles ou para atrair inimigos naturais dos predadores. \u201cSer\u00e1 que a r\u00e3 chama uma coruja para atacar a serpente que quer com\u00ea-la?\u201d, especula Souza.<\/p>\n\n\n\n<div class=\"wp-block-image\"><figure class=\"aligncenter size-large is-resized\"><img loading=\"lazy\" decoding=\"async\" src=\"https:\/\/jornalfatosenoticias.com.br\/wp-content\/uploads\/2023\/09\/vetorvix1024_1.jpg\" alt=\"\" class=\"wp-image-44868\" width=\"551\" height=\"146\" srcset=\"https:\/\/jornalfatosenoticias.com.br\/wp-content\/uploads\/2023\/09\/vetorvix1024_1.jpg 1024w, https:\/\/jornalfatosenoticias.com.br\/wp-content\/uploads\/2023\/09\/vetorvix1024_1-300x80.jpg 300w, https:\/\/jornalfatosenoticias.com.br\/wp-content\/uploads\/2023\/09\/vetorvix1024_1-768x205.jpg 768w\" sizes=\"auto, (max-width: 551px) 100vw, 551px\" \/><\/figure><\/div>\n\n\n\n<p>O estudo teve ainda apoio da Fapesp por meio de <strong><a href=\"https:\/\/bv.fapesp.br\/pt\/bolsas\/186133\/\" target=\"_blank\" rel=\"noreferrer noopener\">Bolsa\u00a0<\/a><\/strong>de Doutorado para\u00a0<strong><a href=\"https:\/\/bv.fapesp.br\/pt\/pesquisador\/704280\/\" target=\"_blank\" rel=\"noreferrer noopener\">Guilherme Augusto Alves<\/a><\/strong>\u00a0e de outro\u00a0<strong><a href=\"https:\/\/bv.fapesp.br\/pt\/auxilios\/98224\/\" target=\"_blank\" rel=\"noreferrer noopener\">projeto<\/a><\/strong> coordenado por Toledo. O artigo\u00a0<em>Ultrasonic distress calls and associated defensive behaviors in Neotropical frogs<\/em>\u00a0pode ser lido por assinantes em:\u00a0<strong><a href=\"https:\/\/link.springer.com\/article\/10.1007\/s10211-023-00435-3\" target=\"_blank\" rel=\"noreferrer noopener\">https:\/\/link.springer.com\/article\/10.1007\/s10211-023-00435-3<\/a><\/strong>.<\/p>\n\n\n\n<p><strong><em>Fonte: <a href=\"https:\/\/gizmodo.uol.com.br\/canto-inaudivel-para-humanos-e-usado-por-anfibios-para-se-defender-de-predadores-indica-estudo\/\">Giz Brasil<\/a><\/em><\/strong><\/p>\n","protected":false},"excerpt":{"rendered":"<p>Pesquisadores registram, pela primeira vez na Am\u00e9rica do Sul, o uso de ultrassom por r\u00e3 end\u00eamica da Mata Atl\u00e2ntica. Com a maior diversidade de anf\u00edbios do mundo, Brasil pode ter outras esp\u00e9cies com o mesmo comportamento Por Andr\u00e9 Juli\u00e3o\/Ag\u00eancia Fapesp Estudo publicado\u00a0na revista\u00a0Acta Ethologica registrou, pela primeira vez na Am\u00e9rica do Sul, o uso de [&hellip;]<\/p>\n","protected":false},"author":2,"featured_media":50251,"comment_status":"open","ping_status":"open","sticky":false,"template":"","format":"standard","meta":{"footnotes":""},"categories":[8],"tags":[208,2228,113,1526,10862,2993],"class_list":["post-50250","post","type-post","status-publish","format-standard","has-post-thumbnail","hentry","category-meio-ambiente","tag-america-do-sul","tag-anfibios","tag-fapesp","tag-sapos","tag-ultrassom","tag-unicamp"],"yoast_head":"<!-- This site is optimized with the Yoast SEO plugin v26.5 - https:\/\/yoast.com\/wordpress\/plugins\/seo\/ -->\n<title>Canto inaud\u00edvel para humanos \u00e9 usado por anf\u00edbios para se defender de predadores, indica estudo - Jornal Fatos e Not\u00edcias<\/title>\n<meta name=\"robots\" content=\"index, follow, max-snippet:-1, max-image-preview:large, max-video-preview:-1\" \/>\n<link rel=\"canonical\" href=\"https:\/\/jornalfatosenoticias.com.br\/index.php\/2024\/03\/27\/canto-inaudivel-para-humanos-e-usado-por-anfibios-para-se-defender-de-predadores-indica-estudo\/\" \/>\n<meta property=\"og:locale\" content=\"pt_BR\" \/>\n<meta property=\"og:type\" content=\"article\" \/>\n<meta property=\"og:title\" content=\"Canto inaud\u00edvel para humanos \u00e9 usado por anf\u00edbios para se defender de predadores, indica estudo - Jornal Fatos e Not\u00edcias\" \/>\n<meta property=\"og:description\" content=\"Pesquisadores registram, pela primeira vez na Am\u00e9rica do Sul, o uso de ultrassom por r\u00e3 end\u00eamica da Mata Atl\u00e2ntica. Com a maior diversidade de anf\u00edbios do mundo, Brasil pode ter outras esp\u00e9cies com o mesmo comportamento Por Andr\u00e9 Juli\u00e3o\/Ag\u00eancia Fapesp Estudo publicado\u00a0na revista\u00a0Acta Ethologica registrou, pela primeira vez na Am\u00e9rica do Sul, o uso de [&hellip;]\" \/>\n<meta property=\"og:url\" content=\"https:\/\/jornalfatosenoticias.com.br\/index.php\/2024\/03\/27\/canto-inaudivel-para-humanos-e-usado-por-anfibios-para-se-defender-de-predadores-indica-estudo\/\" \/>\n<meta property=\"og:site_name\" content=\"Jornal Fatos e Not\u00edcias\" \/>\n<meta property=\"article:published_time\" content=\"2024-03-27T14:22:46+00:00\" \/>\n<meta property=\"article:modified_time\" content=\"2024-03-27T14:22:48+00:00\" \/>\n<meta property=\"og:image\" content=\"https:\/\/jornalfatosenoticias.com.br\/wp-content\/uploads\/2024\/03\/som-ra_gettyimages.jpg\" \/>\n\t<meta property=\"og:image:width\" content=\"612\" \/>\n\t<meta property=\"og:image:height\" content=\"408\" \/>\n\t<meta property=\"og:image:type\" content=\"image\/jpeg\" \/>\n<meta name=\"author\" content=\"Luzimara Fernandes\" \/>\n<meta name=\"twitter:card\" content=\"summary_large_image\" \/>\n<meta name=\"twitter:label1\" content=\"Escrito por\" \/>\n\t<meta name=\"twitter:data1\" content=\"Luzimara Fernandes\" \/>\n\t<meta name=\"twitter:label2\" content=\"Est. tempo de leitura\" \/>\n\t<meta name=\"twitter:data2\" content=\"5 minutos\" \/>\n<script type=\"application\/ld+json\" class=\"yoast-schema-graph\">{\"@context\":\"https:\/\/schema.org\",\"@graph\":[{\"@type\":\"Article\",\"@id\":\"https:\/\/jornalfatosenoticias.com.br\/index.php\/2024\/03\/27\/canto-inaudivel-para-humanos-e-usado-por-anfibios-para-se-defender-de-predadores-indica-estudo\/#article\",\"isPartOf\":{\"@id\":\"https:\/\/jornalfatosenoticias.com.br\/index.php\/2024\/03\/27\/canto-inaudivel-para-humanos-e-usado-por-anfibios-para-se-defender-de-predadores-indica-estudo\/\"},\"author\":{\"name\":\"Luzimara Fernandes\",\"@id\":\"https:\/\/jornalfatosenoticias.com.br\/#\/schema\/person\/d63837fa13ac8666eb9e74e0985d6f81\"},\"headline\":\"Canto inaud\u00edvel para humanos \u00e9 usado por anf\u00edbios para se defender de predadores, indica estudo\",\"datePublished\":\"2024-03-27T14:22:46+00:00\",\"dateModified\":\"2024-03-27T14:22:48+00:00\",\"mainEntityOfPage\":{\"@id\":\"https:\/\/jornalfatosenoticias.com.br\/index.php\/2024\/03\/27\/canto-inaudivel-para-humanos-e-usado-por-anfibios-para-se-defender-de-predadores-indica-estudo\/\"},\"wordCount\":924,\"commentCount\":0,\"publisher\":{\"@id\":\"https:\/\/jornalfatosenoticias.com.br\/#organization\"},\"image\":{\"@id\":\"https:\/\/jornalfatosenoticias.com.br\/index.php\/2024\/03\/27\/canto-inaudivel-para-humanos-e-usado-por-anfibios-para-se-defender-de-predadores-indica-estudo\/#primaryimage\"},\"thumbnailUrl\":\"https:\/\/jornalfatosenoticias.com.br\/wp-content\/uploads\/2024\/03\/som-ra_gettyimages.jpg\",\"keywords\":[\"Am\u00e9rica do Sul\",\"anf\u00edbios\",\"fapesp\",\"sapos\",\"ultrassom\",\"Unicamp\"],\"articleSection\":[\"Meio ambiente\"],\"inLanguage\":\"pt-BR\",\"potentialAction\":[{\"@type\":\"CommentAction\",\"name\":\"Comment\",\"target\":[\"https:\/\/jornalfatosenoticias.com.br\/index.php\/2024\/03\/27\/canto-inaudivel-para-humanos-e-usado-por-anfibios-para-se-defender-de-predadores-indica-estudo\/#respond\"]}]},{\"@type\":\"WebPage\",\"@id\":\"https:\/\/jornalfatosenoticias.com.br\/index.php\/2024\/03\/27\/canto-inaudivel-para-humanos-e-usado-por-anfibios-para-se-defender-de-predadores-indica-estudo\/\",\"url\":\"https:\/\/jornalfatosenoticias.com.br\/index.php\/2024\/03\/27\/canto-inaudivel-para-humanos-e-usado-por-anfibios-para-se-defender-de-predadores-indica-estudo\/\",\"name\":\"Canto inaud\u00edvel para humanos \u00e9 usado por anf\u00edbios para se defender de predadores, indica estudo - Jornal Fatos e Not\u00edcias\",\"isPartOf\":{\"@id\":\"https:\/\/jornalfatosenoticias.com.br\/#website\"},\"primaryImageOfPage\":{\"@id\":\"https:\/\/jornalfatosenoticias.com.br\/index.php\/2024\/03\/27\/canto-inaudivel-para-humanos-e-usado-por-anfibios-para-se-defender-de-predadores-indica-estudo\/#primaryimage\"},\"image\":{\"@id\":\"https:\/\/jornalfatosenoticias.com.br\/index.php\/2024\/03\/27\/canto-inaudivel-para-humanos-e-usado-por-anfibios-para-se-defender-de-predadores-indica-estudo\/#primaryimage\"},\"thumbnailUrl\":\"https:\/\/jornalfatosenoticias.com.br\/wp-content\/uploads\/2024\/03\/som-ra_gettyimages.jpg\",\"datePublished\":\"2024-03-27T14:22:46+00:00\",\"dateModified\":\"2024-03-27T14:22:48+00:00\",\"breadcrumb\":{\"@id\":\"https:\/\/jornalfatosenoticias.com.br\/index.php\/2024\/03\/27\/canto-inaudivel-para-humanos-e-usado-por-anfibios-para-se-defender-de-predadores-indica-estudo\/#breadcrumb\"},\"inLanguage\":\"pt-BR\",\"potentialAction\":[{\"@type\":\"ReadAction\",\"target\":[\"https:\/\/jornalfatosenoticias.com.br\/index.php\/2024\/03\/27\/canto-inaudivel-para-humanos-e-usado-por-anfibios-para-se-defender-de-predadores-indica-estudo\/\"]}]},{\"@type\":\"ImageObject\",\"inLanguage\":\"pt-BR\",\"@id\":\"https:\/\/jornalfatosenoticias.com.br\/index.php\/2024\/03\/27\/canto-inaudivel-para-humanos-e-usado-por-anfibios-para-se-defender-de-predadores-indica-estudo\/#primaryimage\",\"url\":\"https:\/\/jornalfatosenoticias.com.br\/wp-content\/uploads\/2024\/03\/som-ra_gettyimages.jpg\",\"contentUrl\":\"https:\/\/jornalfatosenoticias.com.br\/wp-content\/uploads\/2024\/03\/som-ra_gettyimages.jpg\",\"width\":612,\"height\":408},{\"@type\":\"BreadcrumbList\",\"@id\":\"https:\/\/jornalfatosenoticias.com.br\/index.php\/2024\/03\/27\/canto-inaudivel-para-humanos-e-usado-por-anfibios-para-se-defender-de-predadores-indica-estudo\/#breadcrumb\",\"itemListElement\":[{\"@type\":\"ListItem\",\"position\":1,\"name\":\"In\u00edcio\",\"item\":\"https:\/\/jornalfatosenoticias.com.br\/\"},{\"@type\":\"ListItem\",\"position\":2,\"name\":\"Canto inaud\u00edvel para humanos \u00e9 usado por anf\u00edbios para se defender de predadores, indica estudo\"}]},{\"@type\":\"WebSite\",\"@id\":\"https:\/\/jornalfatosenoticias.com.br\/#website\",\"url\":\"https:\/\/jornalfatosenoticias.com.br\/\",\"name\":\"Jornal Fatos e Not\u00edcias\",\"description\":\"Not\u00edcias em geral\",\"publisher\":{\"@id\":\"https:\/\/jornalfatosenoticias.com.br\/#organization\"},\"potentialAction\":[{\"@type\":\"SearchAction\",\"target\":{\"@type\":\"EntryPoint\",\"urlTemplate\":\"https:\/\/jornalfatosenoticias.com.br\/?s={search_term_string}\"},\"query-input\":{\"@type\":\"PropertyValueSpecification\",\"valueRequired\":true,\"valueName\":\"search_term_string\"}}],\"inLanguage\":\"pt-BR\"},{\"@type\":\"Organization\",\"@id\":\"https:\/\/jornalfatosenoticias.com.br\/#organization\",\"name\":\"Jornal Fatos e Not\u00edcias\",\"url\":\"https:\/\/jornalfatosenoticias.com.br\/\",\"logo\":{\"@type\":\"ImageObject\",\"inLanguage\":\"pt-BR\",\"@id\":\"https:\/\/jornalfatosenoticias.com.br\/#\/schema\/logo\/image\/\",\"url\":\"https:\/\/jornalfatosenoticias.com.br\/wp-content\/uploads\/2020\/02\/logo120.png\",\"contentUrl\":\"https:\/\/jornalfatosenoticias.com.br\/wp-content\/uploads\/2020\/02\/logo120.png\",\"width\":1227,\"height\":120,\"caption\":\"Jornal Fatos e Not\u00edcias\"},\"image\":{\"@id\":\"https:\/\/jornalfatosenoticias.com.br\/#\/schema\/logo\/image\/\"}},{\"@type\":\"Person\",\"@id\":\"https:\/\/jornalfatosenoticias.com.br\/#\/schema\/person\/d63837fa13ac8666eb9e74e0985d6f81\",\"name\":\"Luzimara Fernandes\",\"image\":{\"@type\":\"ImageObject\",\"inLanguage\":\"pt-BR\",\"@id\":\"https:\/\/jornalfatosenoticias.com.br\/#\/schema\/person\/image\/\",\"url\":\"https:\/\/jornalfatosenoticias.com.br\/wp-content\/uploads\/2025\/05\/EU_portal.jpg\",\"contentUrl\":\"https:\/\/jornalfatosenoticias.com.br\/wp-content\/uploads\/2025\/05\/EU_portal.jpg\",\"caption\":\"Luzimara Fernandes\"},\"description\":\"Jornalista MTB 2358-ES\",\"sameAs\":[\"https:\/\/jornalfatosenoticias.com.br\"],\"url\":\"https:\/\/jornalfatosenoticias.com.br\/index.php\/author\/luzimara\/\"}]}<\/script>\n<!-- \/ Yoast SEO plugin. -->","yoast_head_json":{"title":"Canto inaud\u00edvel para humanos \u00e9 usado por anf\u00edbios para se defender de predadores, indica estudo - Jornal Fatos e Not\u00edcias","robots":{"index":"index","follow":"follow","max-snippet":"max-snippet:-1","max-image-preview":"max-image-preview:large","max-video-preview":"max-video-preview:-1"},"canonical":"https:\/\/jornalfatosenoticias.com.br\/index.php\/2024\/03\/27\/canto-inaudivel-para-humanos-e-usado-por-anfibios-para-se-defender-de-predadores-indica-estudo\/","og_locale":"pt_BR","og_type":"article","og_title":"Canto inaud\u00edvel para humanos \u00e9 usado por anf\u00edbios para se defender de predadores, indica estudo - Jornal Fatos e Not\u00edcias","og_description":"Pesquisadores registram, pela primeira vez na Am\u00e9rica do Sul, o uso de ultrassom por r\u00e3 end\u00eamica da Mata Atl\u00e2ntica. Com a maior diversidade de anf\u00edbios do mundo, Brasil pode ter outras esp\u00e9cies com o mesmo comportamento Por Andr\u00e9 Juli\u00e3o\/Ag\u00eancia Fapesp Estudo publicado\u00a0na revista\u00a0Acta Ethologica registrou, pela primeira vez na Am\u00e9rica do Sul, o uso de [&hellip;]","og_url":"https:\/\/jornalfatosenoticias.com.br\/index.php\/2024\/03\/27\/canto-inaudivel-para-humanos-e-usado-por-anfibios-para-se-defender-de-predadores-indica-estudo\/","og_site_name":"Jornal Fatos e Not\u00edcias","article_published_time":"2024-03-27T14:22:46+00:00","article_modified_time":"2024-03-27T14:22:48+00:00","og_image":[{"width":612,"height":408,"url":"https:\/\/jornalfatosenoticias.com.br\/wp-content\/uploads\/2024\/03\/som-ra_gettyimages.jpg","type":"image\/jpeg"}],"author":"Luzimara Fernandes","twitter_card":"summary_large_image","twitter_misc":{"Escrito por":"Luzimara Fernandes","Est. tempo de leitura":"5 minutos"},"schema":{"@context":"https:\/\/schema.org","@graph":[{"@type":"Article","@id":"https:\/\/jornalfatosenoticias.com.br\/index.php\/2024\/03\/27\/canto-inaudivel-para-humanos-e-usado-por-anfibios-para-se-defender-de-predadores-indica-estudo\/#article","isPartOf":{"@id":"https:\/\/jornalfatosenoticias.com.br\/index.php\/2024\/03\/27\/canto-inaudivel-para-humanos-e-usado-por-anfibios-para-se-defender-de-predadores-indica-estudo\/"},"author":{"name":"Luzimara Fernandes","@id":"https:\/\/jornalfatosenoticias.com.br\/#\/schema\/person\/d63837fa13ac8666eb9e74e0985d6f81"},"headline":"Canto inaud\u00edvel para humanos \u00e9 usado por anf\u00edbios para se defender de predadores, indica estudo","datePublished":"2024-03-27T14:22:46+00:00","dateModified":"2024-03-27T14:22:48+00:00","mainEntityOfPage":{"@id":"https:\/\/jornalfatosenoticias.com.br\/index.php\/2024\/03\/27\/canto-inaudivel-para-humanos-e-usado-por-anfibios-para-se-defender-de-predadores-indica-estudo\/"},"wordCount":924,"commentCount":0,"publisher":{"@id":"https:\/\/jornalfatosenoticias.com.br\/#organization"},"image":{"@id":"https:\/\/jornalfatosenoticias.com.br\/index.php\/2024\/03\/27\/canto-inaudivel-para-humanos-e-usado-por-anfibios-para-se-defender-de-predadores-indica-estudo\/#primaryimage"},"thumbnailUrl":"https:\/\/jornalfatosenoticias.com.br\/wp-content\/uploads\/2024\/03\/som-ra_gettyimages.jpg","keywords":["Am\u00e9rica do Sul","anf\u00edbios","fapesp","sapos","ultrassom","Unicamp"],"articleSection":["Meio ambiente"],"inLanguage":"pt-BR","potentialAction":[{"@type":"CommentAction","name":"Comment","target":["https:\/\/jornalfatosenoticias.com.br\/index.php\/2024\/03\/27\/canto-inaudivel-para-humanos-e-usado-por-anfibios-para-se-defender-de-predadores-indica-estudo\/#respond"]}]},{"@type":"WebPage","@id":"https:\/\/jornalfatosenoticias.com.br\/index.php\/2024\/03\/27\/canto-inaudivel-para-humanos-e-usado-por-anfibios-para-se-defender-de-predadores-indica-estudo\/","url":"https:\/\/jornalfatosenoticias.com.br\/index.php\/2024\/03\/27\/canto-inaudivel-para-humanos-e-usado-por-anfibios-para-se-defender-de-predadores-indica-estudo\/","name":"Canto inaud\u00edvel para humanos \u00e9 usado por anf\u00edbios para se defender de predadores, indica estudo - Jornal Fatos e Not\u00edcias","isPartOf":{"@id":"https:\/\/jornalfatosenoticias.com.br\/#website"},"primaryImageOfPage":{"@id":"https:\/\/jornalfatosenoticias.com.br\/index.php\/2024\/03\/27\/canto-inaudivel-para-humanos-e-usado-por-anfibios-para-se-defender-de-predadores-indica-estudo\/#primaryimage"},"image":{"@id":"https:\/\/jornalfatosenoticias.com.br\/index.php\/2024\/03\/27\/canto-inaudivel-para-humanos-e-usado-por-anfibios-para-se-defender-de-predadores-indica-estudo\/#primaryimage"},"thumbnailUrl":"https:\/\/jornalfatosenoticias.com.br\/wp-content\/uploads\/2024\/03\/som-ra_gettyimages.jpg","datePublished":"2024-03-27T14:22:46+00:00","dateModified":"2024-03-27T14:22:48+00:00","breadcrumb":{"@id":"https:\/\/jornalfatosenoticias.com.br\/index.php\/2024\/03\/27\/canto-inaudivel-para-humanos-e-usado-por-anfibios-para-se-defender-de-predadores-indica-estudo\/#breadcrumb"},"inLanguage":"pt-BR","potentialAction":[{"@type":"ReadAction","target":["https:\/\/jornalfatosenoticias.com.br\/index.php\/2024\/03\/27\/canto-inaudivel-para-humanos-e-usado-por-anfibios-para-se-defender-de-predadores-indica-estudo\/"]}]},{"@type":"ImageObject","inLanguage":"pt-BR","@id":"https:\/\/jornalfatosenoticias.com.br\/index.php\/2024\/03\/27\/canto-inaudivel-para-humanos-e-usado-por-anfibios-para-se-defender-de-predadores-indica-estudo\/#primaryimage","url":"https:\/\/jornalfatosenoticias.com.br\/wp-content\/uploads\/2024\/03\/som-ra_gettyimages.jpg","contentUrl":"https:\/\/jornalfatosenoticias.com.br\/wp-content\/uploads\/2024\/03\/som-ra_gettyimages.jpg","width":612,"height":408},{"@type":"BreadcrumbList","@id":"https:\/\/jornalfatosenoticias.com.br\/index.php\/2024\/03\/27\/canto-inaudivel-para-humanos-e-usado-por-anfibios-para-se-defender-de-predadores-indica-estudo\/#breadcrumb","itemListElement":[{"@type":"ListItem","position":1,"name":"In\u00edcio","item":"https:\/\/jornalfatosenoticias.com.br\/"},{"@type":"ListItem","position":2,"name":"Canto inaud\u00edvel para humanos \u00e9 usado por anf\u00edbios para se defender de predadores, indica estudo"}]},{"@type":"WebSite","@id":"https:\/\/jornalfatosenoticias.com.br\/#website","url":"https:\/\/jornalfatosenoticias.com.br\/","name":"Jornal Fatos e Not\u00edcias","description":"Not\u00edcias em geral","publisher":{"@id":"https:\/\/jornalfatosenoticias.com.br\/#organization"},"potentialAction":[{"@type":"SearchAction","target":{"@type":"EntryPoint","urlTemplate":"https:\/\/jornalfatosenoticias.com.br\/?s={search_term_string}"},"query-input":{"@type":"PropertyValueSpecification","valueRequired":true,"valueName":"search_term_string"}}],"inLanguage":"pt-BR"},{"@type":"Organization","@id":"https:\/\/jornalfatosenoticias.com.br\/#organization","name":"Jornal Fatos e Not\u00edcias","url":"https:\/\/jornalfatosenoticias.com.br\/","logo":{"@type":"ImageObject","inLanguage":"pt-BR","@id":"https:\/\/jornalfatosenoticias.com.br\/#\/schema\/logo\/image\/","url":"https:\/\/jornalfatosenoticias.com.br\/wp-content\/uploads\/2020\/02\/logo120.png","contentUrl":"https:\/\/jornalfatosenoticias.com.br\/wp-content\/uploads\/2020\/02\/logo120.png","width":1227,"height":120,"caption":"Jornal Fatos e Not\u00edcias"},"image":{"@id":"https:\/\/jornalfatosenoticias.com.br\/#\/schema\/logo\/image\/"}},{"@type":"Person","@id":"https:\/\/jornalfatosenoticias.com.br\/#\/schema\/person\/d63837fa13ac8666eb9e74e0985d6f81","name":"Luzimara Fernandes","image":{"@type":"ImageObject","inLanguage":"pt-BR","@id":"https:\/\/jornalfatosenoticias.com.br\/#\/schema\/person\/image\/","url":"https:\/\/jornalfatosenoticias.com.br\/wp-content\/uploads\/2025\/05\/EU_portal.jpg","contentUrl":"https:\/\/jornalfatosenoticias.com.br\/wp-content\/uploads\/2025\/05\/EU_portal.jpg","caption":"Luzimara Fernandes"},"description":"Jornalista MTB 2358-ES","sameAs":["https:\/\/jornalfatosenoticias.com.br"],"url":"https:\/\/jornalfatosenoticias.com.br\/index.php\/author\/luzimara\/"}]}},"cc_featured_image_caption":{"caption_text":"(Foto: Getty Images)","source_text":"","source_url":""},"jetpack_featured_media_url":"https:\/\/jornalfatosenoticias.com.br\/wp-content\/uploads\/2024\/03\/som-ra_gettyimages.jpg","_links":{"self":[{"href":"https:\/\/jornalfatosenoticias.com.br\/index.php\/wp-json\/wp\/v2\/posts\/50250","targetHints":{"allow":["GET"]}}],"collection":[{"href":"https:\/\/jornalfatosenoticias.com.br\/index.php\/wp-json\/wp\/v2\/posts"}],"about":[{"href":"https:\/\/jornalfatosenoticias.com.br\/index.php\/wp-json\/wp\/v2\/types\/post"}],"author":[{"embeddable":true,"href":"https:\/\/jornalfatosenoticias.com.br\/index.php\/wp-json\/wp\/v2\/users\/2"}],"replies":[{"embeddable":true,"href":"https:\/\/jornalfatosenoticias.com.br\/index.php\/wp-json\/wp\/v2\/comments?post=50250"}],"version-history":[{"count":0,"href":"https:\/\/jornalfatosenoticias.com.br\/index.php\/wp-json\/wp\/v2\/posts\/50250\/revisions"}],"wp:featuredmedia":[{"embeddable":true,"href":"https:\/\/jornalfatosenoticias.com.br\/index.php\/wp-json\/wp\/v2\/media\/50251"}],"wp:attachment":[{"href":"https:\/\/jornalfatosenoticias.com.br\/index.php\/wp-json\/wp\/v2\/media?parent=50250"}],"wp:term":[{"taxonomy":"category","embeddable":true,"href":"https:\/\/jornalfatosenoticias.com.br\/index.php\/wp-json\/wp\/v2\/categories?post=50250"},{"taxonomy":"post_tag","embeddable":true,"href":"https:\/\/jornalfatosenoticias.com.br\/index.php\/wp-json\/wp\/v2\/tags?post=50250"}],"curies":[{"name":"wp","href":"https:\/\/api.w.org\/{rel}","templated":true}]}}