{"id":50253,"date":"2024-03-27T11:36:07","date_gmt":"2024-03-27T14:36:07","guid":{"rendered":"https:\/\/jornalfatosenoticias.com.br\/?p=50253"},"modified":"2024-03-27T11:36:08","modified_gmt":"2024-03-27T14:36:08","slug":"audios-de-cid-fragilizam-provas-contra-bolsonaro-e-mereceriam-apuracao-dizem-criminalistas","status":"publish","type":"post","link":"https:\/\/jornalfatosenoticias.com.br\/index.php\/2024\/03\/27\/audios-de-cid-fragilizam-provas-contra-bolsonaro-e-mereceriam-apuracao-dizem-criminalistas\/","title":{"rendered":"\u00c1udios de Cid fragilizam provas contra Bolsonaro e mereceriam apura\u00e7\u00e3o, dizem criminalistas"},"content":{"rendered":"\n<p><em><span class=\"has-inline-color has-black-color\">\u201cQueriam que eu falasse coisa que eu n\u00e3o sei\u201d, disse Mauro Cid a interlocutor. No STF, depois, negou induzimento, mas foi preso em seguida<\/span><\/em><\/p>\n\n\n\n<p><span class=\"has-inline-color has-black-color\">Por <strong><a href=\"https:\/\/www.gazetadopovo.com.br\/autor\/renan-ramalho\/\">Renan Ramalho<\/a><\/strong><\/span><\/p>\n\n\n\n<div class=\"wp-block-image\"><figure class=\"aligncenter size-large\"><img loading=\"lazy\" decoding=\"async\" width=\"729\" height=\"90\" src=\"https:\/\/jornalfatosenoticias.com.br\/wp-content\/uploads\/2020\/02\/Logo_Mizu.png\" alt=\"\" class=\"wp-image-1441\" srcset=\"https:\/\/jornalfatosenoticias.com.br\/wp-content\/uploads\/2020\/02\/Logo_Mizu.png 729w, https:\/\/jornalfatosenoticias.com.br\/wp-content\/uploads\/2020\/02\/Logo_Mizu-300x37.png 300w\" sizes=\"auto, (max-width: 729px) 100vw, 729px\" \/><\/figure><\/div>\n\n\n\n<p>Os \u00e1udios em que o tenente-coronel Mauro Cid apontou um poss\u00edvel induzimento de sua colabora\u00e7\u00e3o para as investiga\u00e7\u00f5es contra o ex-presidente Jair Bolsonaro poder\u00e3o ser usados pela defesa dos investigados para anular provas e mereceriam uma apura\u00e7\u00e3o mais aprofundada, por parte do Minist\u00e9rio P\u00fablico Federal, sobre a conduta da Pol\u00edcia Federal no caso. Essa \u00e9 a vis\u00e3o de criminalistas consultados pela reportagem para entender poss\u00edveis consequ\u00eancias das falas do ex-ajudante de ordens de Bolsonaro, reveladas pela revista Veja na semana passada.<br>Referindo-se a delegados da PF que tomaram seus depoimentos, Mauro Cid disse, nos \u00e1udios, que \u201celes queriam que eu falasse coisa que eu n\u00e3o sei, que n\u00e3o aconteceu\u201d e que \u201cj\u00e1 est\u00e3o com a narrativa pronta\u201d. \u201cEles n\u00e3o queriam que eu dissesse a verdade, eles queriam s\u00f3 que eu confirmasse a narrativa deles\u201d, afirmou o tenente-coronel na conversa com um interlocutor. Segundo a Veja, as declara\u00e7\u00f5es foram feitas na semana em que ele prestou depoimento \u00e0 PF.<br>Cid ainda mencionou uma suposta press\u00e3o dos delegados, que teriam lhe afirmado que seus crimes o levariam a penas de 30 anos de pris\u00e3o, caso n\u00e3o confirmasse a \u201cnarrativa\u201d. E tamb\u00e9m criticou a condu\u00e7\u00e3o do caso pelo ministro Alexandre de Moraes, do Supremo Tribunal Federal.<\/p>\n\n\n\n<div class=\"wp-block-image\"><figure class=\"aligncenter size-large is-resized\"><img loading=\"lazy\" decoding=\"async\" src=\"https:\/\/jornalfatosenoticias.com.br\/wp-content\/uploads\/2023\/08\/ITH.jpeg\" alt=\"\" class=\"wp-image-44638\" width=\"352\" height=\"286\" srcset=\"https:\/\/jornalfatosenoticias.com.br\/wp-content\/uploads\/2023\/08\/ITH.jpeg 800w, https:\/\/jornalfatosenoticias.com.br\/wp-content\/uploads\/2023\/08\/ITH-300x244.jpeg 300w, https:\/\/jornalfatosenoticias.com.br\/wp-content\/uploads\/2023\/08\/ITH-768x624.jpeg 768w\" sizes=\"auto, (max-width: 352px) 100vw, 352px\" \/><\/figure><\/div>\n\n\n\n<blockquote class=\"wp-block-quote is-layout-flow wp-block-quote-is-layout-flow\"><p><span class=\"has-inline-color has-luminous-vivid-orange-color\">Ele j\u00e1 tem a senten\u00e7a dele pronta. S\u00f3 t\u00e1 esperando passar um tempo. O momento que ele achar conveniente, denuncia todo mundo, o PGR acata, aceita e ele prende todo mundo\u201d, afirmou o ex-ajudante de ordens.<\/span><\/p><\/blockquote>\n\n\n\n<div class=\"wp-block-image\"><figure class=\"aligncenter size-large is-resized\"><img loading=\"lazy\" decoding=\"async\" src=\"https:\/\/jornalfatosenoticias.com.br\/wp-content\/uploads\/2020\/02\/logo-Rapuzel-1024x571.jpg\" alt=\"\" class=\"wp-image-42808\" width=\"395\" height=\"220\" srcset=\"https:\/\/jornalfatosenoticias.com.br\/wp-content\/uploads\/2020\/02\/logo-Rapuzel-1024x571.jpg 1024w, https:\/\/jornalfatosenoticias.com.br\/wp-content\/uploads\/2020\/02\/logo-Rapuzel-300x167.jpg 300w, https:\/\/jornalfatosenoticias.com.br\/wp-content\/uploads\/2020\/02\/logo-Rapuzel-768x428.jpg 768w, https:\/\/jornalfatosenoticias.com.br\/wp-content\/uploads\/2020\/02\/logo-Rapuzel-1536x856.jpg 1536w, https:\/\/jornalfatosenoticias.com.br\/wp-content\/uploads\/2020\/02\/logo-Rapuzel.jpg 1600w\" sizes=\"auto, (max-width: 395px) 100vw, 395px\" \/><\/figure><\/div>\n\n\n\n<p>A colabora\u00e7\u00e3o de Mauro Cid alimenta uma s\u00e9rie de investiga\u00e7\u00f5es contra Bolsonaro, envolvendo a falsifica\u00e7\u00e3o de um cart\u00e3o de vacina contra a Covid, a dissemina\u00e7\u00e3o de ofensas e mentiras contra opositores nas redes sociais, a campanha de descr\u00e9dito das urnas eletr\u00f4nicas e do processo eleitoral conduzido pelo Tribunal Superior Eleitoral (TSE), a apropria\u00e7\u00e3o de presentes valiosos (joias e rel\u00f3gios) dados \u00e0 Presid\u00eancia por l\u00edderes estrangeiros, o uso do cart\u00e3o corporativo, e a suposta tentativa de golpe de Estado no fim de 2022 para impedir a posse de Luiz In\u00e1cio Lula da Silva.<\/p>\n\n\n\n<div class=\"wp-block-image\"><figure class=\"aligncenter size-large is-resized\"><img loading=\"lazy\" decoding=\"async\" src=\"https:\/\/jornalfatosenoticias.com.br\/wp-content\/uploads\/2020\/02\/CONTROL-CS.jpg\" alt=\"\" class=\"wp-image-44991\" width=\"325\" height=\"389\" srcset=\"https:\/\/jornalfatosenoticias.com.br\/wp-content\/uploads\/2020\/02\/CONTROL-CS.jpg 834w, https:\/\/jornalfatosenoticias.com.br\/wp-content\/uploads\/2020\/02\/CONTROL-CS-250x300.jpg 250w, https:\/\/jornalfatosenoticias.com.br\/wp-content\/uploads\/2020\/02\/CONTROL-CS-768x921.jpg 768w\" sizes=\"auto, (max-width: 325px) 100vw, 325px\" \/><\/figure><\/div>\n\n\n\n<p>Por ordem de Moraes, Cid foi preso na \u00faltima sexta (22), dia seguinte \u00e0 publica\u00e7\u00e3o dos \u00e1udios. Chamado a depor no STF, ele disse que fez apenas um \u201cdesabafo\u201d, \u201cnum momento ruim\u201d e procurou desmentir o teor das cr\u00edticas sobre a PF e Moraes. \u201cNingu\u00e9m o teria for\u00e7ado. Eles t\u00eam [sic] a tese investigativa e ele tem a vers\u00e3o dela. Muitas vezes as vers\u00f5es eram contr\u00e1rias. Nunca houve induzimento \u00e0s respostas. Nenhum membro da Pol\u00edcia Federal o coagiu a falar algo que n\u00e3o teria acontecido\u201d, afirmou Cid ao juiz auxiliar de Moraes, no gabinete do ministro, confirmando depois que fez a colabora\u00e7\u00e3o de \u201clivre e espont\u00e2nea vontade\u201d.<\/p>\n\n\n\n<div class=\"wp-block-image\"><figure class=\"aligncenter size-large is-resized\"><img loading=\"lazy\" decoding=\"async\" src=\"https:\/\/jornalfatosenoticias.com.br\/wp-content\/uploads\/2023\/12\/pegoretti-logo-pdf-1024x389.jpg\" alt=\"\" class=\"wp-image-47536\" width=\"530\" height=\"201\" srcset=\"https:\/\/jornalfatosenoticias.com.br\/wp-content\/uploads\/2023\/12\/pegoretti-logo-pdf-1024x389.jpg 1024w, https:\/\/jornalfatosenoticias.com.br\/wp-content\/uploads\/2023\/12\/pegoretti-logo-pdf-300x114.jpg 300w, https:\/\/jornalfatosenoticias.com.br\/wp-content\/uploads\/2023\/12\/pegoretti-logo-pdf-768x291.jpg 768w, https:\/\/jornalfatosenoticias.com.br\/wp-content\/uploads\/2023\/12\/pegoretti-logo-pdf.jpg 1120w\" sizes=\"auto, (max-width: 530px) 100vw, 530px\" \/><\/figure><\/div>\n\n\n\n<p>A voluntariedade \u00e9 requisito exigido pela lei para uma dela\u00e7\u00e3o premiada e qualquer sinal de que o colaborador esteja falando sob coa\u00e7\u00e3o deve ser investigada \u2014 caso isso se confirme, as provas colhidas a partir de seus relatos devem ser anuladas. Trata-se da conhecida tese dos \u201cfrutos da \u00e1rvore envenenada\u201d: se, na origem, o procedimento n\u00e3o \u00e9 id\u00f4neo, os resultados tamb\u00e9m ser\u00e3o necessariamente viciados. S\u00f3 seriam v\u00e1lidas provas colhidas de forma independente pela PF, n\u00e3o aquelas derivadas da colabora\u00e7\u00e3o, caso se confirme a coa\u00e7\u00e3o.<\/p>\n\n\n\n<div class=\"wp-block-image\"><figure class=\"aligncenter size-large\"><img loading=\"lazy\" decoding=\"async\" width=\"300\" height=\"250\" src=\"https:\/\/jornalfatosenoticias.com.br\/wp-content\/uploads\/2022\/02\/FERRARI_MAQUINAS-E-FERRAMENTAS2.jpg\" alt=\"\" class=\"wp-image-27860\"\/><\/figure><\/div>\n\n\n\n<p>Nos \u00faltimos anos, o STF fixou o entendimento de que o juiz do caso pode reduzir os pr\u00eamios pactuados, no momento do acordo, com o Minist\u00e9rio P\u00fablico ou com a pol\u00edcia, a depender da efic\u00e1cia da colabora\u00e7\u00e3o e dos resultados alcan\u00e7ados ao final do processo. Numa condi\u00e7\u00e3o de coa\u00e7\u00e3o, o colaborador se v\u00ea for\u00e7ado a falar o que querem os investigadores, que buscam resolver o caso da maneira mais eficiente, para n\u00e3o perder os benef\u00edcios prometidos a ele.<\/p>\n\n\n\n<div class=\"wp-block-image\"><figure class=\"aligncenter size-large is-resized\"><img loading=\"lazy\" decoding=\"async\" src=\"https:\/\/jornalfatosenoticias.com.br\/wp-content\/uploads\/2023\/03\/logo-Panper_portal.jpg\" alt=\"\" class=\"wp-image-40208\" width=\"339\" height=\"235\" srcset=\"https:\/\/jornalfatosenoticias.com.br\/wp-content\/uploads\/2023\/03\/logo-Panper_portal.jpg 400w, https:\/\/jornalfatosenoticias.com.br\/wp-content\/uploads\/2023\/03\/logo-Panper_portal-300x208.jpg 300w\" sizes=\"auto, (max-width: 339px) 100vw, 339px\" \/><\/figure><\/div>\n\n\n\n<p>Recentemente, o ministro Dias Toffoli tem revisto multas pactuadas em acordos de leni\u00eancia da Odebrecht e da J&amp;F, com base na alega\u00e7\u00e3o de que seus executivos teriam sido coagidos por procuradores do Minist\u00e9rio P\u00fablico Federal, sob amea\u00e7a de que seriam presos ou de que as empresas quebrariam se n\u00e3o concordassem em delatar corrup\u00e7\u00e3o e pagar as multas propostas.<\/p>\n\n\n\n<div class=\"wp-block-image\"><figure class=\"aligncenter size-large\"><img loading=\"lazy\" decoding=\"async\" width=\"300\" height=\"250\" src=\"https:\/\/jornalfatosenoticias.com.br\/wp-content\/uploads\/2020\/02\/Banner-2.png\" alt=\"\" class=\"wp-image-43787\"\/><\/figure><\/div>\n\n\n\n<blockquote class=\"wp-block-quote is-layout-flow wp-block-quote-is-layout-flow\"><p><span class=\"has-inline-color has-luminous-vivid-orange-color\">A declara\u00e7\u00e3o de vontade no acordo de leni\u00eancia deve ser produto de uma escolha com liberdade. Com efeito, \u00e9 manifestamente ileg\u00edtima, por aus\u00eancia de justifica\u00e7\u00e3o constitucional, a ado\u00e7\u00e3o de medidas que tenham por finalidade obter a colabora\u00e7\u00e3o ou a confiss\u00e3o, a pretexto de sua necessidade para a investiga\u00e7\u00e3o ou a instru\u00e7\u00e3o criminal\u201d, escreveu o ministro na decis\u00e3o que suspendeu os pagamentos devidos pela Odebrecht.<\/span><\/p><\/blockquote>\n\n\n\n<div class=\"wp-block-image\"><figure class=\"aligncenter size-large\"><img decoding=\"async\" src=\"https:\/\/jornalfatosenoticias.com.br\/wp-content\/uploads\/2020\/02\/barao-das-carnes-300x164-1.jpg\" alt=\"\" class=\"wp-image-34339\"\/><\/figure><\/div>\n\n\n\n<p><strong><span class=\"has-inline-color has-black-color\">Especialistas dizem que conduta da PF deveria ser averiguada<br><\/span><\/strong>Para alguns membros do MPF consultados pela reportagem, a suspeita de que houve coa\u00e7\u00e3o e induzimento deveria, no m\u00ednimo, levar a Procuradoria-Geral da Rep\u00fablica (PGR), no caso de Cid, a apurar como a PF tem conduzido os interrogat\u00f3rios. Isso seria importante at\u00e9 para desmentir o colaborador, se fosse o caso, e afastar qualquer m\u00e1cula sobre a investiga\u00e7\u00e3o.<\/p>\n\n\n\n<div class=\"wp-block-image\"><figure class=\"aligncenter size-large is-resized\"><img loading=\"lazy\" decoding=\"async\" src=\"https:\/\/jornalfatosenoticias.com.br\/wp-content\/uploads\/2024\/01\/consultoria-ambiental.jpg\" alt=\"\" class=\"wp-image-48314\" width=\"338\" height=\"306\" srcset=\"https:\/\/jornalfatosenoticias.com.br\/wp-content\/uploads\/2024\/01\/consultoria-ambiental.jpg 832w, https:\/\/jornalfatosenoticias.com.br\/wp-content\/uploads\/2024\/01\/consultoria-ambiental-300x272.jpg 300w, https:\/\/jornalfatosenoticias.com.br\/wp-content\/uploads\/2024\/01\/consultoria-ambiental-768x696.jpg 768w\" sizes=\"auto, (max-width: 338px) 100vw, 338px\" \/><\/figure><\/div>\n\n\n\n<p>O ideal seria verificar v\u00eddeos dos interrogat\u00f3rios, para observar a postura dos policiais \u2014 nas dela\u00e7\u00f5es conduzidas pelo MPF, as grava\u00e7\u00f5es dos depoimentos s\u00e3o mantidas e eventualmente divulgadas, mas n\u00e3o se sabe se isso est\u00e1 sendo feito pela PF, muito menos se haver\u00e1 disponibiliza\u00e7\u00e3o desse material. O depoimento de Mauro Cid, desmentindo o que disse nos \u00e1udios, n\u00e3o bastaria; afinal, ele pode ter feito isso tamb\u00e9m sob temor de perder benef\u00edcios.<\/p>\n\n\n\n<div class=\"wp-block-image\"><figure class=\"aligncenter size-large is-resized\"><img loading=\"lazy\" decoding=\"async\" src=\"https:\/\/jornalfatosenoticias.com.br\/wp-content\/uploads\/2023\/08\/BKR-1024x1021.jpg\" alt=\"\" class=\"wp-image-44494\" width=\"326\" height=\"325\" srcset=\"https:\/\/jornalfatosenoticias.com.br\/wp-content\/uploads\/2023\/08\/BKR-1024x1021.jpg 1024w, https:\/\/jornalfatosenoticias.com.br\/wp-content\/uploads\/2023\/08\/BKR-300x300.jpg 300w, https:\/\/jornalfatosenoticias.com.br\/wp-content\/uploads\/2023\/08\/BKR-150x150.jpg 150w, https:\/\/jornalfatosenoticias.com.br\/wp-content\/uploads\/2023\/08\/BKR-768x766.jpg 768w, https:\/\/jornalfatosenoticias.com.br\/wp-content\/uploads\/2023\/08\/BKR.jpg 1080w\" sizes=\"auto, (max-width: 326px) 100vw, 326px\" \/><\/figure><\/div>\n\n\n\n<p>Para o criminalista Yuri Sahione, s\u00f3cio do escrit\u00f3rio Sahione Pugliesr, uma apura\u00e7\u00e3o aprofundada levaria a dois cen\u00e1rios. Se ficasse constatado que houve coa\u00e7\u00e3o, as provas colhidas a partir da dela\u00e7\u00e3o seriam inv\u00e1lidas, e a PF teria de coletar outras evid\u00eancias de forma independente, mas Cid manteria os benef\u00edcios do acordo, como a pena m\u00e1xima de 2 anos de pris\u00e3o, por exemplo. Mas se ele estivesse mentindo, a PF aproveitaria as provas baseadas na colabora\u00e7\u00e3o e Cid perderia os benef\u00edcios.<\/p>\n\n\n\n<div class=\"wp-block-image\"><figure class=\"aligncenter size-large\"><img decoding=\"async\" src=\"https:\/\/jornalfatosenoticias.com.br\/wp-content\/uploads\/2020\/02\/logo_esteio.jpg\" alt=\"\" class=\"wp-image-1214\"\/><\/figure><\/div>\n\n\n\n<blockquote class=\"wp-block-quote is-layout-flow wp-block-quote-is-layout-flow\"><p><span class=\"has-inline-color has-luminous-vivid-orange-color\">A PF ou o MPF poderia pedir ao colaborador para abrir o celular e mostrar o contexto do envio daqueles \u00e1udios. Como colaborador, ele n\u00e3o tem direito ao sigilo legal, porque \u00e9 padr\u00e3o nesses acordos uma ren\u00fancia a esses direitos. Seria talvez a melhor maneira de identificar por que ele falou aquilo e verificar o que estava acontecendo\u201d, diz o advogado, com experi\u00eancia em dela\u00e7\u00f5es.<\/span><\/p><\/blockquote>\n\n\n\n<div class=\"wp-block-image\"><figure class=\"aligncenter size-large\"><img loading=\"lazy\" decoding=\"async\" width=\"1024\" height=\"273\" src=\"https:\/\/jornalfatosenoticias.com.br\/wp-content\/uploads\/2023\/09\/vetorvix1024_1.jpg\" alt=\"\" class=\"wp-image-44868\" srcset=\"https:\/\/jornalfatosenoticias.com.br\/wp-content\/uploads\/2023\/09\/vetorvix1024_1.jpg 1024w, https:\/\/jornalfatosenoticias.com.br\/wp-content\/uploads\/2023\/09\/vetorvix1024_1-300x80.jpg 300w, https:\/\/jornalfatosenoticias.com.br\/wp-content\/uploads\/2023\/09\/vetorvix1024_1-768x205.jpg 768w\" sizes=\"auto, (max-width: 1024px) 100vw, 1024px\" \/><\/figure><\/div>\n\n\n\n<p>Autor de um livro sobre colabora\u00e7\u00e3o premiada, o professor e mestre em Direito Penal Eduardo Cabette tamb\u00e9m entende que a corregedoria da PF deveria apurar a conduta dos policiais, a partir do \u00e1udio. Para ele, \u00e9 natural que, nos depoimentos, policiais fizessem press\u00e3o para que Cid falasse tudo que sabia. Mas para ele, o depoimento no STF e sua pris\u00e3o na sequ\u00eancia j\u00e1 configuram uma press\u00e3o indevida, o que deveria levar a uma revis\u00e3o da dela\u00e7\u00e3o.<\/p>\n\n\n\n<div class=\"wp-block-image\"><figure class=\"aligncenter size-large is-resized\"><img loading=\"lazy\" decoding=\"async\" src=\"https:\/\/jornalfatosenoticias.com.br\/wp-content\/uploads\/2022\/02\/Precisao-Contabilidade-1024x724.jpg\" alt=\"\" class=\"wp-image-28088\" width=\"373\" height=\"264\"\/><\/figure><\/div>\n\n\n\n<blockquote class=\"wp-block-quote is-layout-flow wp-block-quote-is-layout-flow\"><p><span class=\"has-inline-color has-luminous-vivid-orange-color\">Se n\u00e3o tinha sido coagido antes, agora foi. O recado \u00e9: colabora, se n\u00e3o vai preso. Se ele colaborar de novo, v\u00e3o soltar. \u00c9 escancaradamente uma coa\u00e7\u00e3o. O sujeito desmaiou l\u00e1. Se fosse uma situa\u00e7\u00e3o normal, n\u00e3o teria validade nenhuma\u201d, diz.<\/span><\/p><\/blockquote>\n\n\n\n<div class=\"wp-block-image\"><figure class=\"aligncenter size-large is-resized\"><img loading=\"lazy\" decoding=\"async\" src=\"https:\/\/jornalfatosenoticias.com.br\/wp-content\/uploads\/2023\/03\/nova-logo-Marquetti.jpg\" alt=\"\" class=\"wp-image-40207\" width=\"344\" height=\"231\" srcset=\"https:\/\/jornalfatosenoticias.com.br\/wp-content\/uploads\/2023\/03\/nova-logo-Marquetti.jpg 643w, https:\/\/jornalfatosenoticias.com.br\/wp-content\/uploads\/2023\/03\/nova-logo-Marquetti-300x202.jpg 300w\" sizes=\"auto, (max-width: 344px) 100vw, 344px\" \/><\/figure><\/div>\n\n\n\n<p>Ao contr\u00e1rio do depoimento ao STF, a decis\u00e3o que determinou a pris\u00e3o preventiva de Cid n\u00e3o foi divulgada. Foi informado apenas que a medida foi determinada por haver ind\u00edcios de que teria ocorrido obstru\u00e7\u00e3o de Justi\u00e7a e descumprimento de restri\u00e7\u00f5es impostas ao tenente, possivelmente quebra da proibi\u00e7\u00e3o de n\u00e3o ter contato com outros investigados. N\u00e3o se sabe, por\u00e9m, o que exatamente motivou a pris\u00e3o, uma vez que a decis\u00e3o permanece sigilosa.<\/p>\n\n\n\n<p><strong><em>Fonte: <a href=\"https:\/\/www.gazetadopovo.com.br\/republica\/audios-de-cid-fragilizam-provas-contra-bolsonaro-e-mereceriam-apuracao-dizem-criminalistas\/\">Gazeta do Povo<\/a><\/em><\/strong><\/p>\n","protected":false},"excerpt":{"rendered":"<p>\u201cQueriam que eu falasse coisa que eu n\u00e3o sei\u201d, disse Mauro Cid a interlocutor. No STF, depois, negou induzimento, mas foi preso em seguida Por Renan Ramalho Os \u00e1udios em que o tenente-coronel Mauro Cid apontou um poss\u00edvel induzimento de sua colabora\u00e7\u00e3o para as investiga\u00e7\u00f5es contra o ex-presidente Jair Bolsonaro poder\u00e3o ser usados pela defesa [&hellip;]<\/p>\n","protected":false},"author":2,"featured_media":50254,"comment_status":"open","ping_status":"open","sticky":false,"template":"","format":"standard","meta":{"footnotes":""},"categories":[5],"tags":[13889,23182,296,1795,7580,19250,4573,19798,18957,2146,294],"class_list":["post-50253","post","type-post","status-publish","format-standard","has-post-thumbnail","hentry","category-geral","tag-alexandre-de-moraes","tag-coacao","tag-dias-toffoli","tag-jair-bolsonaro","tag-lula","tag-mauro-cid","tag-ministerio-publico","tag-ministerio-publico-federal","tag-odebrecht","tag-policia-federal","tag-stf"],"yoast_head":"<!-- This site is optimized with the Yoast SEO plugin v26.5 - https:\/\/yoast.com\/wordpress\/plugins\/seo\/ -->\n<title>\u00c1udios de Cid fragilizam provas contra Bolsonaro e mereceriam apura\u00e7\u00e3o, dizem criminalistas - Jornal Fatos e Not\u00edcias<\/title>\n<meta name=\"robots\" content=\"index, follow, max-snippet:-1, max-image-preview:large, max-video-preview:-1\" \/>\n<link rel=\"canonical\" href=\"https:\/\/jornalfatosenoticias.com.br\/index.php\/2024\/03\/27\/audios-de-cid-fragilizam-provas-contra-bolsonaro-e-mereceriam-apuracao-dizem-criminalistas\/\" \/>\n<meta property=\"og:locale\" content=\"pt_BR\" \/>\n<meta property=\"og:type\" content=\"article\" \/>\n<meta property=\"og:title\" content=\"\u00c1udios de Cid fragilizam provas contra Bolsonaro e mereceriam apura\u00e7\u00e3o, dizem criminalistas - Jornal Fatos e Not\u00edcias\" \/>\n<meta property=\"og:description\" content=\"\u201cQueriam que eu falasse coisa que eu n\u00e3o sei\u201d, disse Mauro Cid a interlocutor. No STF, depois, negou induzimento, mas foi preso em seguida Por Renan Ramalho Os \u00e1udios em que o tenente-coronel Mauro Cid apontou um poss\u00edvel induzimento de sua colabora\u00e7\u00e3o para as investiga\u00e7\u00f5es contra o ex-presidente Jair Bolsonaro poder\u00e3o ser usados pela defesa [&hellip;]\" \/>\n<meta property=\"og:url\" content=\"https:\/\/jornalfatosenoticias.com.br\/index.php\/2024\/03\/27\/audios-de-cid-fragilizam-provas-contra-bolsonaro-e-mereceriam-apuracao-dizem-criminalistas\/\" \/>\n<meta property=\"og:site_name\" content=\"Jornal Fatos e Not\u00edcias\" \/>\n<meta property=\"article:published_time\" content=\"2024-03-27T14:36:07+00:00\" \/>\n<meta property=\"article:modified_time\" content=\"2024-03-27T14:36:08+00:00\" \/>\n<meta property=\"og:image\" content=\"https:\/\/jornalfatosenoticias.com.br\/wp-content\/uploads\/2024\/03\/Mauro-Cid.jpg\" \/>\n\t<meta property=\"og:image:width\" content=\"960\" \/>\n\t<meta property=\"og:image:height\" content=\"540\" \/>\n\t<meta property=\"og:image:type\" content=\"image\/jpeg\" \/>\n<meta name=\"author\" content=\"Luzimara Fernandes\" \/>\n<meta name=\"twitter:card\" content=\"summary_large_image\" \/>\n<meta name=\"twitter:label1\" content=\"Escrito por\" \/>\n\t<meta name=\"twitter:data1\" content=\"Luzimara Fernandes\" \/>\n\t<meta name=\"twitter:label2\" content=\"Est. tempo de leitura\" \/>\n\t<meta name=\"twitter:data2\" content=\"7 minutos\" \/>\n<script type=\"application\/ld+json\" class=\"yoast-schema-graph\">{\"@context\":\"https:\/\/schema.org\",\"@graph\":[{\"@type\":\"Article\",\"@id\":\"https:\/\/jornalfatosenoticias.com.br\/index.php\/2024\/03\/27\/audios-de-cid-fragilizam-provas-contra-bolsonaro-e-mereceriam-apuracao-dizem-criminalistas\/#article\",\"isPartOf\":{\"@id\":\"https:\/\/jornalfatosenoticias.com.br\/index.php\/2024\/03\/27\/audios-de-cid-fragilizam-provas-contra-bolsonaro-e-mereceriam-apuracao-dizem-criminalistas\/\"},\"author\":{\"name\":\"Luzimara Fernandes\",\"@id\":\"https:\/\/jornalfatosenoticias.com.br\/#\/schema\/person\/d63837fa13ac8666eb9e74e0985d6f81\"},\"headline\":\"\u00c1udios de Cid fragilizam provas contra Bolsonaro e mereceriam apura\u00e7\u00e3o, dizem criminalistas\",\"datePublished\":\"2024-03-27T14:36:07+00:00\",\"dateModified\":\"2024-03-27T14:36:08+00:00\",\"mainEntityOfPage\":{\"@id\":\"https:\/\/jornalfatosenoticias.com.br\/index.php\/2024\/03\/27\/audios-de-cid-fragilizam-provas-contra-bolsonaro-e-mereceriam-apuracao-dizem-criminalistas\/\"},\"wordCount\":1371,\"commentCount\":0,\"publisher\":{\"@id\":\"https:\/\/jornalfatosenoticias.com.br\/#organization\"},\"image\":{\"@id\":\"https:\/\/jornalfatosenoticias.com.br\/index.php\/2024\/03\/27\/audios-de-cid-fragilizam-provas-contra-bolsonaro-e-mereceriam-apuracao-dizem-criminalistas\/#primaryimage\"},\"thumbnailUrl\":\"https:\/\/jornalfatosenoticias.com.br\/wp-content\/uploads\/2024\/03\/Mauro-Cid.jpg\",\"keywords\":[\"Alexandre de Moraes\",\"coa\u00e7\u00e3o\",\"Dias Toffoli\",\"Jair Bolsonaro\",\"Lula\",\"Mauro Cid\",\"Minist\u00e9rio P\u00fablico\",\"Minist\u00e9rio P\u00fablico Federal\",\"Odebrecht\",\"Pol\u00edcia Federal\",\"STF\"],\"articleSection\":[\"Geral\"],\"inLanguage\":\"pt-BR\",\"potentialAction\":[{\"@type\":\"CommentAction\",\"name\":\"Comment\",\"target\":[\"https:\/\/jornalfatosenoticias.com.br\/index.php\/2024\/03\/27\/audios-de-cid-fragilizam-provas-contra-bolsonaro-e-mereceriam-apuracao-dizem-criminalistas\/#respond\"]}]},{\"@type\":\"WebPage\",\"@id\":\"https:\/\/jornalfatosenoticias.com.br\/index.php\/2024\/03\/27\/audios-de-cid-fragilizam-provas-contra-bolsonaro-e-mereceriam-apuracao-dizem-criminalistas\/\",\"url\":\"https:\/\/jornalfatosenoticias.com.br\/index.php\/2024\/03\/27\/audios-de-cid-fragilizam-provas-contra-bolsonaro-e-mereceriam-apuracao-dizem-criminalistas\/\",\"name\":\"\u00c1udios de Cid fragilizam provas contra Bolsonaro e mereceriam apura\u00e7\u00e3o, dizem criminalistas - Jornal Fatos e Not\u00edcias\",\"isPartOf\":{\"@id\":\"https:\/\/jornalfatosenoticias.com.br\/#website\"},\"primaryImageOfPage\":{\"@id\":\"https:\/\/jornalfatosenoticias.com.br\/index.php\/2024\/03\/27\/audios-de-cid-fragilizam-provas-contra-bolsonaro-e-mereceriam-apuracao-dizem-criminalistas\/#primaryimage\"},\"image\":{\"@id\":\"https:\/\/jornalfatosenoticias.com.br\/index.php\/2024\/03\/27\/audios-de-cid-fragilizam-provas-contra-bolsonaro-e-mereceriam-apuracao-dizem-criminalistas\/#primaryimage\"},\"thumbnailUrl\":\"https:\/\/jornalfatosenoticias.com.br\/wp-content\/uploads\/2024\/03\/Mauro-Cid.jpg\",\"datePublished\":\"2024-03-27T14:36:07+00:00\",\"dateModified\":\"2024-03-27T14:36:08+00:00\",\"breadcrumb\":{\"@id\":\"https:\/\/jornalfatosenoticias.com.br\/index.php\/2024\/03\/27\/audios-de-cid-fragilizam-provas-contra-bolsonaro-e-mereceriam-apuracao-dizem-criminalistas\/#breadcrumb\"},\"inLanguage\":\"pt-BR\",\"potentialAction\":[{\"@type\":\"ReadAction\",\"target\":[\"https:\/\/jornalfatosenoticias.com.br\/index.php\/2024\/03\/27\/audios-de-cid-fragilizam-provas-contra-bolsonaro-e-mereceriam-apuracao-dizem-criminalistas\/\"]}]},{\"@type\":\"ImageObject\",\"inLanguage\":\"pt-BR\",\"@id\":\"https:\/\/jornalfatosenoticias.com.br\/index.php\/2024\/03\/27\/audios-de-cid-fragilizam-provas-contra-bolsonaro-e-mereceriam-apuracao-dizem-criminalistas\/#primaryimage\",\"url\":\"https:\/\/jornalfatosenoticias.com.br\/wp-content\/uploads\/2024\/03\/Mauro-Cid.jpg\",\"contentUrl\":\"https:\/\/jornalfatosenoticias.com.br\/wp-content\/uploads\/2024\/03\/Mauro-Cid.jpg\",\"width\":960,\"height\":540},{\"@type\":\"BreadcrumbList\",\"@id\":\"https:\/\/jornalfatosenoticias.com.br\/index.php\/2024\/03\/27\/audios-de-cid-fragilizam-provas-contra-bolsonaro-e-mereceriam-apuracao-dizem-criminalistas\/#breadcrumb\",\"itemListElement\":[{\"@type\":\"ListItem\",\"position\":1,\"name\":\"In\u00edcio\",\"item\":\"https:\/\/jornalfatosenoticias.com.br\/\"},{\"@type\":\"ListItem\",\"position\":2,\"name\":\"\u00c1udios de Cid fragilizam provas contra Bolsonaro e mereceriam apura\u00e7\u00e3o, dizem criminalistas\"}]},{\"@type\":\"WebSite\",\"@id\":\"https:\/\/jornalfatosenoticias.com.br\/#website\",\"url\":\"https:\/\/jornalfatosenoticias.com.br\/\",\"name\":\"Jornal Fatos e Not\u00edcias\",\"description\":\"Not\u00edcias em geral\",\"publisher\":{\"@id\":\"https:\/\/jornalfatosenoticias.com.br\/#organization\"},\"potentialAction\":[{\"@type\":\"SearchAction\",\"target\":{\"@type\":\"EntryPoint\",\"urlTemplate\":\"https:\/\/jornalfatosenoticias.com.br\/?s={search_term_string}\"},\"query-input\":{\"@type\":\"PropertyValueSpecification\",\"valueRequired\":true,\"valueName\":\"search_term_string\"}}],\"inLanguage\":\"pt-BR\"},{\"@type\":\"Organization\",\"@id\":\"https:\/\/jornalfatosenoticias.com.br\/#organization\",\"name\":\"Jornal Fatos e Not\u00edcias\",\"url\":\"https:\/\/jornalfatosenoticias.com.br\/\",\"logo\":{\"@type\":\"ImageObject\",\"inLanguage\":\"pt-BR\",\"@id\":\"https:\/\/jornalfatosenoticias.com.br\/#\/schema\/logo\/image\/\",\"url\":\"https:\/\/jornalfatosenoticias.com.br\/wp-content\/uploads\/2020\/02\/logo120.png\",\"contentUrl\":\"https:\/\/jornalfatosenoticias.com.br\/wp-content\/uploads\/2020\/02\/logo120.png\",\"width\":1227,\"height\":120,\"caption\":\"Jornal Fatos e Not\u00edcias\"},\"image\":{\"@id\":\"https:\/\/jornalfatosenoticias.com.br\/#\/schema\/logo\/image\/\"}},{\"@type\":\"Person\",\"@id\":\"https:\/\/jornalfatosenoticias.com.br\/#\/schema\/person\/d63837fa13ac8666eb9e74e0985d6f81\",\"name\":\"Luzimara Fernandes\",\"image\":{\"@type\":\"ImageObject\",\"inLanguage\":\"pt-BR\",\"@id\":\"https:\/\/jornalfatosenoticias.com.br\/#\/schema\/person\/image\/\",\"url\":\"https:\/\/jornalfatosenoticias.com.br\/wp-content\/uploads\/2025\/05\/EU_portal.jpg\",\"contentUrl\":\"https:\/\/jornalfatosenoticias.com.br\/wp-content\/uploads\/2025\/05\/EU_portal.jpg\",\"caption\":\"Luzimara Fernandes\"},\"description\":\"Jornalista MTB 2358-ES\",\"sameAs\":[\"https:\/\/jornalfatosenoticias.com.br\"],\"url\":\"https:\/\/jornalfatosenoticias.com.br\/index.php\/author\/luzimara\/\"}]}<\/script>\n<!-- \/ Yoast SEO plugin. -->","yoast_head_json":{"title":"\u00c1udios de Cid fragilizam provas contra Bolsonaro e mereceriam apura\u00e7\u00e3o, dizem criminalistas - Jornal Fatos e Not\u00edcias","robots":{"index":"index","follow":"follow","max-snippet":"max-snippet:-1","max-image-preview":"max-image-preview:large","max-video-preview":"max-video-preview:-1"},"canonical":"https:\/\/jornalfatosenoticias.com.br\/index.php\/2024\/03\/27\/audios-de-cid-fragilizam-provas-contra-bolsonaro-e-mereceriam-apuracao-dizem-criminalistas\/","og_locale":"pt_BR","og_type":"article","og_title":"\u00c1udios de Cid fragilizam provas contra Bolsonaro e mereceriam apura\u00e7\u00e3o, dizem criminalistas - Jornal Fatos e Not\u00edcias","og_description":"\u201cQueriam que eu falasse coisa que eu n\u00e3o sei\u201d, disse Mauro Cid a interlocutor. No STF, depois, negou induzimento, mas foi preso em seguida Por Renan Ramalho Os \u00e1udios em que o tenente-coronel Mauro Cid apontou um poss\u00edvel induzimento de sua colabora\u00e7\u00e3o para as investiga\u00e7\u00f5es contra o ex-presidente Jair Bolsonaro poder\u00e3o ser usados pela defesa [&hellip;]","og_url":"https:\/\/jornalfatosenoticias.com.br\/index.php\/2024\/03\/27\/audios-de-cid-fragilizam-provas-contra-bolsonaro-e-mereceriam-apuracao-dizem-criminalistas\/","og_site_name":"Jornal Fatos e Not\u00edcias","article_published_time":"2024-03-27T14:36:07+00:00","article_modified_time":"2024-03-27T14:36:08+00:00","og_image":[{"width":960,"height":540,"url":"https:\/\/jornalfatosenoticias.com.br\/wp-content\/uploads\/2024\/03\/Mauro-Cid.jpg","type":"image\/jpeg"}],"author":"Luzimara Fernandes","twitter_card":"summary_large_image","twitter_misc":{"Escrito por":"Luzimara Fernandes","Est. tempo de leitura":"7 minutos"},"schema":{"@context":"https:\/\/schema.org","@graph":[{"@type":"Article","@id":"https:\/\/jornalfatosenoticias.com.br\/index.php\/2024\/03\/27\/audios-de-cid-fragilizam-provas-contra-bolsonaro-e-mereceriam-apuracao-dizem-criminalistas\/#article","isPartOf":{"@id":"https:\/\/jornalfatosenoticias.com.br\/index.php\/2024\/03\/27\/audios-de-cid-fragilizam-provas-contra-bolsonaro-e-mereceriam-apuracao-dizem-criminalistas\/"},"author":{"name":"Luzimara Fernandes","@id":"https:\/\/jornalfatosenoticias.com.br\/#\/schema\/person\/d63837fa13ac8666eb9e74e0985d6f81"},"headline":"\u00c1udios de Cid fragilizam provas contra Bolsonaro e mereceriam apura\u00e7\u00e3o, dizem criminalistas","datePublished":"2024-03-27T14:36:07+00:00","dateModified":"2024-03-27T14:36:08+00:00","mainEntityOfPage":{"@id":"https:\/\/jornalfatosenoticias.com.br\/index.php\/2024\/03\/27\/audios-de-cid-fragilizam-provas-contra-bolsonaro-e-mereceriam-apuracao-dizem-criminalistas\/"},"wordCount":1371,"commentCount":0,"publisher":{"@id":"https:\/\/jornalfatosenoticias.com.br\/#organization"},"image":{"@id":"https:\/\/jornalfatosenoticias.com.br\/index.php\/2024\/03\/27\/audios-de-cid-fragilizam-provas-contra-bolsonaro-e-mereceriam-apuracao-dizem-criminalistas\/#primaryimage"},"thumbnailUrl":"https:\/\/jornalfatosenoticias.com.br\/wp-content\/uploads\/2024\/03\/Mauro-Cid.jpg","keywords":["Alexandre de Moraes","coa\u00e7\u00e3o","Dias Toffoli","Jair Bolsonaro","Lula","Mauro Cid","Minist\u00e9rio P\u00fablico","Minist\u00e9rio P\u00fablico Federal","Odebrecht","Pol\u00edcia Federal","STF"],"articleSection":["Geral"],"inLanguage":"pt-BR","potentialAction":[{"@type":"CommentAction","name":"Comment","target":["https:\/\/jornalfatosenoticias.com.br\/index.php\/2024\/03\/27\/audios-de-cid-fragilizam-provas-contra-bolsonaro-e-mereceriam-apuracao-dizem-criminalistas\/#respond"]}]},{"@type":"WebPage","@id":"https:\/\/jornalfatosenoticias.com.br\/index.php\/2024\/03\/27\/audios-de-cid-fragilizam-provas-contra-bolsonaro-e-mereceriam-apuracao-dizem-criminalistas\/","url":"https:\/\/jornalfatosenoticias.com.br\/index.php\/2024\/03\/27\/audios-de-cid-fragilizam-provas-contra-bolsonaro-e-mereceriam-apuracao-dizem-criminalistas\/","name":"\u00c1udios de Cid fragilizam provas contra Bolsonaro e mereceriam apura\u00e7\u00e3o, dizem criminalistas - Jornal Fatos e Not\u00edcias","isPartOf":{"@id":"https:\/\/jornalfatosenoticias.com.br\/#website"},"primaryImageOfPage":{"@id":"https:\/\/jornalfatosenoticias.com.br\/index.php\/2024\/03\/27\/audios-de-cid-fragilizam-provas-contra-bolsonaro-e-mereceriam-apuracao-dizem-criminalistas\/#primaryimage"},"image":{"@id":"https:\/\/jornalfatosenoticias.com.br\/index.php\/2024\/03\/27\/audios-de-cid-fragilizam-provas-contra-bolsonaro-e-mereceriam-apuracao-dizem-criminalistas\/#primaryimage"},"thumbnailUrl":"https:\/\/jornalfatosenoticias.com.br\/wp-content\/uploads\/2024\/03\/Mauro-Cid.jpg","datePublished":"2024-03-27T14:36:07+00:00","dateModified":"2024-03-27T14:36:08+00:00","breadcrumb":{"@id":"https:\/\/jornalfatosenoticias.com.br\/index.php\/2024\/03\/27\/audios-de-cid-fragilizam-provas-contra-bolsonaro-e-mereceriam-apuracao-dizem-criminalistas\/#breadcrumb"},"inLanguage":"pt-BR","potentialAction":[{"@type":"ReadAction","target":["https:\/\/jornalfatosenoticias.com.br\/index.php\/2024\/03\/27\/audios-de-cid-fragilizam-provas-contra-bolsonaro-e-mereceriam-apuracao-dizem-criminalistas\/"]}]},{"@type":"ImageObject","inLanguage":"pt-BR","@id":"https:\/\/jornalfatosenoticias.com.br\/index.php\/2024\/03\/27\/audios-de-cid-fragilizam-provas-contra-bolsonaro-e-mereceriam-apuracao-dizem-criminalistas\/#primaryimage","url":"https:\/\/jornalfatosenoticias.com.br\/wp-content\/uploads\/2024\/03\/Mauro-Cid.jpg","contentUrl":"https:\/\/jornalfatosenoticias.com.br\/wp-content\/uploads\/2024\/03\/Mauro-Cid.jpg","width":960,"height":540},{"@type":"BreadcrumbList","@id":"https:\/\/jornalfatosenoticias.com.br\/index.php\/2024\/03\/27\/audios-de-cid-fragilizam-provas-contra-bolsonaro-e-mereceriam-apuracao-dizem-criminalistas\/#breadcrumb","itemListElement":[{"@type":"ListItem","position":1,"name":"In\u00edcio","item":"https:\/\/jornalfatosenoticias.com.br\/"},{"@type":"ListItem","position":2,"name":"\u00c1udios de Cid fragilizam provas contra Bolsonaro e mereceriam apura\u00e7\u00e3o, dizem criminalistas"}]},{"@type":"WebSite","@id":"https:\/\/jornalfatosenoticias.com.br\/#website","url":"https:\/\/jornalfatosenoticias.com.br\/","name":"Jornal Fatos e Not\u00edcias","description":"Not\u00edcias em geral","publisher":{"@id":"https:\/\/jornalfatosenoticias.com.br\/#organization"},"potentialAction":[{"@type":"SearchAction","target":{"@type":"EntryPoint","urlTemplate":"https:\/\/jornalfatosenoticias.com.br\/?s={search_term_string}"},"query-input":{"@type":"PropertyValueSpecification","valueRequired":true,"valueName":"search_term_string"}}],"inLanguage":"pt-BR"},{"@type":"Organization","@id":"https:\/\/jornalfatosenoticias.com.br\/#organization","name":"Jornal Fatos e Not\u00edcias","url":"https:\/\/jornalfatosenoticias.com.br\/","logo":{"@type":"ImageObject","inLanguage":"pt-BR","@id":"https:\/\/jornalfatosenoticias.com.br\/#\/schema\/logo\/image\/","url":"https:\/\/jornalfatosenoticias.com.br\/wp-content\/uploads\/2020\/02\/logo120.png","contentUrl":"https:\/\/jornalfatosenoticias.com.br\/wp-content\/uploads\/2020\/02\/logo120.png","width":1227,"height":120,"caption":"Jornal Fatos e Not\u00edcias"},"image":{"@id":"https:\/\/jornalfatosenoticias.com.br\/#\/schema\/logo\/image\/"}},{"@type":"Person","@id":"https:\/\/jornalfatosenoticias.com.br\/#\/schema\/person\/d63837fa13ac8666eb9e74e0985d6f81","name":"Luzimara Fernandes","image":{"@type":"ImageObject","inLanguage":"pt-BR","@id":"https:\/\/jornalfatosenoticias.com.br\/#\/schema\/person\/image\/","url":"https:\/\/jornalfatosenoticias.com.br\/wp-content\/uploads\/2025\/05\/EU_portal.jpg","contentUrl":"https:\/\/jornalfatosenoticias.com.br\/wp-content\/uploads\/2025\/05\/EU_portal.jpg","caption":"Luzimara Fernandes"},"description":"Jornalista MTB 2358-ES","sameAs":["https:\/\/jornalfatosenoticias.com.br"],"url":"https:\/\/jornalfatosenoticias.com.br\/index.php\/author\/luzimara\/"}]}},"cc_featured_image_caption":{"caption_text":"(Foto: Ant\u00f4nio Cruz\/Ag\u00eancia Brasil)","source_text":"","source_url":""},"jetpack_featured_media_url":"https:\/\/jornalfatosenoticias.com.br\/wp-content\/uploads\/2024\/03\/Mauro-Cid.jpg","_links":{"self":[{"href":"https:\/\/jornalfatosenoticias.com.br\/index.php\/wp-json\/wp\/v2\/posts\/50253","targetHints":{"allow":["GET"]}}],"collection":[{"href":"https:\/\/jornalfatosenoticias.com.br\/index.php\/wp-json\/wp\/v2\/posts"}],"about":[{"href":"https:\/\/jornalfatosenoticias.com.br\/index.php\/wp-json\/wp\/v2\/types\/post"}],"author":[{"embeddable":true,"href":"https:\/\/jornalfatosenoticias.com.br\/index.php\/wp-json\/wp\/v2\/users\/2"}],"replies":[{"embeddable":true,"href":"https:\/\/jornalfatosenoticias.com.br\/index.php\/wp-json\/wp\/v2\/comments?post=50253"}],"version-history":[{"count":0,"href":"https:\/\/jornalfatosenoticias.com.br\/index.php\/wp-json\/wp\/v2\/posts\/50253\/revisions"}],"wp:featuredmedia":[{"embeddable":true,"href":"https:\/\/jornalfatosenoticias.com.br\/index.php\/wp-json\/wp\/v2\/media\/50254"}],"wp:attachment":[{"href":"https:\/\/jornalfatosenoticias.com.br\/index.php\/wp-json\/wp\/v2\/media?parent=50253"}],"wp:term":[{"taxonomy":"category","embeddable":true,"href":"https:\/\/jornalfatosenoticias.com.br\/index.php\/wp-json\/wp\/v2\/categories?post=50253"},{"taxonomy":"post_tag","embeddable":true,"href":"https:\/\/jornalfatosenoticias.com.br\/index.php\/wp-json\/wp\/v2\/tags?post=50253"}],"curies":[{"name":"wp","href":"https:\/\/api.w.org\/{rel}","templated":true}]}}