{"id":50279,"date":"2024-03-28T10:25:08","date_gmt":"2024-03-28T13:25:08","guid":{"rendered":"https:\/\/jornalfatosenoticias.com.br\/?p=50279"},"modified":"2024-03-28T10:25:10","modified_gmt":"2024-03-28T13:25:10","slug":"a-semana-no-brasil-e-no-mundo-estadao-retorno-de-lula-causou-revisionismo-sem-vergonha","status":"publish","type":"post","link":"https:\/\/jornalfatosenoticias.com.br\/index.php\/2024\/03\/28\/a-semana-no-brasil-e-no-mundo-estadao-retorno-de-lula-causou-revisionismo-sem-vergonha\/","title":{"rendered":"A Semana no Brasil e no Mundo \u2014 Estad\u00e3o: Retorno de Lula causou \u201crevisionismo sem-vergonha\u201d"},"content":{"rendered":"\n<p><br><em><span class=\"has-inline-color has-black-color\">Jornal criticou os esfor\u00e7os para desmoralizar a luta contra a corrup\u00e7\u00e3o<\/span><\/em><\/p>\n\n\n\n<div class=\"wp-block-image\"><figure class=\"aligncenter size-large\"><img loading=\"lazy\" decoding=\"async\" width=\"729\" height=\"90\" src=\"https:\/\/jornalfatosenoticias.com.br\/wp-content\/uploads\/2020\/02\/Logo_Mizu.png\" alt=\"\" class=\"wp-image-1441\" srcset=\"https:\/\/jornalfatosenoticias.com.br\/wp-content\/uploads\/2020\/02\/Logo_Mizu.png 729w, https:\/\/jornalfatosenoticias.com.br\/wp-content\/uploads\/2020\/02\/Logo_Mizu-300x37.png 300w\" sizes=\"auto, (max-width: 729px) 100vw, 729px\" \/><\/figure><\/div>\n\n\n\n<p>\u201cRevisionismo sem-vergonha\u201d. \u00c9 dessa forma que o jornal O Estado de S.Paulo enxerga as investidas de pol\u00edticos, ju\u00edzes e empres\u00e1rios alvos da Lava Jato para \u201cdesmoralizar a luta contra a roubalheira\u201d. Em editorial publicado na segunda-feira (25), o ve\u00edculo de imprensa avaliou que o retorno de Luiz In\u00e1cio Lula da Silva (PT) \u00e0 Presid\u00eancia \u201cdeu \u00e2nimo\u201d aos interessados em \u201cdistorcer os fatos\u201d e limpar seus nomes.<\/p>\n\n\n\n<blockquote class=\"wp-block-quote is-layout-flow wp-block-quote-is-layout-flow\"><p><span class=\"has-inline-color has-luminous-vivid-orange-color\">A volta de Lula da Silva \u00e0 Presid\u00eancia certamente deu \u00e2nimo adicional aos petistas para distorcer os fatos. Afinal, o chef\u00e3o petista, aquele que alhures disse que \u201co mensal\u00e3o nunca existiu\u201d, vive a alardear que a Lava Jato n\u00e3o passou de uma \u201cconspira\u00e7\u00e3o\u201d dos EUA para, por meio do ent\u00e3o juiz federal S\u00e9rgio Moro, tido por Lula como \u201ccapanga\u201d dos norte-americanos, \u201cdestruir a ind\u00fastria de \u00f3leo e g\u00e1s deste Pa\u00eds\u201d. Nada menos\u201d, apontou o jornal.<\/span><\/p><\/blockquote>\n\n\n\n<div class=\"wp-block-image\"><figure class=\"aligncenter size-large\"><img loading=\"lazy\" decoding=\"async\" width=\"300\" height=\"250\" src=\"https:\/\/jornalfatosenoticias.com.br\/wp-content\/uploads\/2022\/02\/FERRARI_MAQUINAS-E-FERRAMENTAS2.jpg\" alt=\"\" class=\"wp-image-27860\"\/><\/figure><\/div>\n\n\n\n<p>O Estad\u00e3o considera que o programa Especial 10 Anos da Lava Jato transmitido pela TV Brasil \u00e9 um \u201cdocumento hist\u00f3rico\u201d; n\u00e3o por retratar a maior a\u00e7\u00e3o de combate \u00e0 corrup\u00e7\u00e3o no Brasil com imparcialidade, mas por mostrar a ansiedade do PT \u201cpor reescrever a hist\u00f3ria do per\u00edodo em que as entranhas corruptas do lulopetismo ficaram expostas para todo o Pa\u00eds\u201d.<\/p>\n\n\n\n<div class=\"wp-block-image\"><figure class=\"aligncenter size-large is-resized\"><img loading=\"lazy\" decoding=\"async\" src=\"https:\/\/jornalfatosenoticias.com.br\/wp-content\/uploads\/2022\/02\/Precisao-Contabilidade-1024x724.jpg\" alt=\"\" class=\"wp-image-28088\" width=\"354\" height=\"250\"\/><\/figure><\/div>\n\n\n\n<blockquote class=\"wp-block-quote is-layout-flow wp-block-quote-is-layout-flow\"><p><span class=\"has-inline-color has-luminous-vivid-orange-color\">Com uma hora e meia de dura\u00e7\u00e3o, o tal programa da TV Brasil dedicou somente um minuto e 53 segundos \u00e0 corrup\u00e7\u00e3o na Petrobras, e apenas para trat\u00e1-la como \u201cpontual\u201d, segundo um sindicalista entrevistado. O resto do tempo foi usado para desancar a Lava Jato. (\u2026) Esse \u00e9 o padr\u00e3o do PT. Nem Lula, nem os petistas jamais admitiram a corrup\u00e7\u00e3o desvendada pela Lava Jato, malgrado as provas irrefut\u00e1veis dos desvios de recursos p\u00fablicos por meio de contratos fraudulentos entre as maiores empreiteiras do Pa\u00eds e a Petrobras. Convenientemente, os erros e abusos cometidos pela for\u00e7a-tarefa da Lava Jato foram usados pelos detratores da opera\u00e7\u00e3o para desqualific\u00e1-la como um todo, como se crimes confessos jamais tivessem sido praticados\u201d, acrescentou o peri\u00f3dico.<\/span><\/p><\/blockquote>\n\n\n\n<div class=\"wp-block-image\"><figure class=\"aligncenter size-large is-resized\"><img loading=\"lazy\" decoding=\"async\" src=\"https:\/\/jornalfatosenoticias.com.br\/wp-content\/uploads\/2024\/01\/consultoria-ambiental.jpg\" alt=\"\" class=\"wp-image-48314\" width=\"312\" height=\"282\" srcset=\"https:\/\/jornalfatosenoticias.com.br\/wp-content\/uploads\/2024\/01\/consultoria-ambiental.jpg 832w, https:\/\/jornalfatosenoticias.com.br\/wp-content\/uploads\/2024\/01\/consultoria-ambiental-300x272.jpg 300w, https:\/\/jornalfatosenoticias.com.br\/wp-content\/uploads\/2024\/01\/consultoria-ambiental-768x696.jpg 768w\" sizes=\"auto, (max-width: 312px) 100vw, 312px\" \/><\/figure><\/div>\n\n\n\n<p>Para o editorial, o discurso revisionista \u201ccontaminou at\u00e9 a atua\u00e7\u00e3o do Supremo\u201d Tribunal Federal (STF), que \u201coutrora chancelou n\u00e3o uma, mas quase todas as a\u00e7\u00f5es da Lava Jato que ora pretende desmoralizar, como se os erros cometidos por alguns membros da for\u00e7a-tarefa tivessem o cond\u00e3o de contaminar a opera\u00e7\u00e3o em todas as suas dimens\u00f5es, sobretudo sua dimens\u00e3o f\u00e1tica\u201d.<\/p>\n\n\n\n<div class=\"wp-block-image\"><figure class=\"aligncenter size-large is-resized\"><img loading=\"lazy\" decoding=\"async\" src=\"https:\/\/jornalfatosenoticias.com.br\/wp-content\/uploads\/2023\/12\/pegoretti-logo-pdf-1024x389.jpg\" alt=\"\" class=\"wp-image-47536\" width=\"430\" height=\"163\" srcset=\"https:\/\/jornalfatosenoticias.com.br\/wp-content\/uploads\/2023\/12\/pegoretti-logo-pdf-1024x389.jpg 1024w, https:\/\/jornalfatosenoticias.com.br\/wp-content\/uploads\/2023\/12\/pegoretti-logo-pdf-300x114.jpg 300w, https:\/\/jornalfatosenoticias.com.br\/wp-content\/uploads\/2023\/12\/pegoretti-logo-pdf-768x291.jpg 768w, https:\/\/jornalfatosenoticias.com.br\/wp-content\/uploads\/2023\/12\/pegoretti-logo-pdf.jpg 1120w\" sizes=\"auto, (max-width: 430px) 100vw, 430px\" \/><\/figure><\/div>\n\n\n\n<p>O texto faz quest\u00e3o de lembrar ainda que milh\u00f5es de reais desviados foram devolvidos ao Tesouro e \u00e0 Petrobras, e que \u00e9 \u201cpreciso recolocar as coisas nos seus devidos lugares\u201d. \u201cQuem quiser acreditar na f\u00e1bula lulopetista de que o PT e seu chef\u00e3o foram perseguidos por um poderoso cons\u00f3rcio golpista que envolveu at\u00e9 o FBI, que acredite, pois quest\u00f5es de f\u00e9 n\u00e3o se discutem. J\u00e1 quem preza a verdade factual, sem a qual n\u00e3o h\u00e1 democracia, certamente espera que a Lava Jato encontre seu melhor lugar na hist\u00f3ria\u201d, conclui o jornal. <strong>(Fonte: Pleno.News)<\/strong><\/p>\n\n\n\n<div class=\"wp-block-image\"><figure class=\"aligncenter size-large is-resized\"><img loading=\"lazy\" decoding=\"async\" src=\"https:\/\/jornalfatosenoticias.com.br\/wp-content\/uploads\/2023\/08\/BKR-1024x1021.jpg\" alt=\"\" class=\"wp-image-44494\" width=\"312\" height=\"311\" srcset=\"https:\/\/jornalfatosenoticias.com.br\/wp-content\/uploads\/2023\/08\/BKR-1024x1021.jpg 1024w, https:\/\/jornalfatosenoticias.com.br\/wp-content\/uploads\/2023\/08\/BKR-300x300.jpg 300w, https:\/\/jornalfatosenoticias.com.br\/wp-content\/uploads\/2023\/08\/BKR-150x150.jpg 150w, https:\/\/jornalfatosenoticias.com.br\/wp-content\/uploads\/2023\/08\/BKR-768x766.jpg 768w, https:\/\/jornalfatosenoticias.com.br\/wp-content\/uploads\/2023\/08\/BKR.jpg 1080w\" sizes=\"auto, (max-width: 312px) 100vw, 312px\" \/><\/figure><\/div>\n\n\n\n<hr class=\"wp-block-separator\"\/>\n\n\n\n<h3 class=\"wp-block-heading\"><span class=\"has-inline-color has-black-color\">Alexandre de Moraes negou busca e apreens\u00e3o no gabinete de Braz\u00e3o ap\u00f3s orienta\u00e7\u00e3o da PGR<\/span><\/h3>\n\n\n\n<div class=\"wp-block-image\"><figure class=\"aligncenter size-large\"><img loading=\"lazy\" decoding=\"async\" width=\"1000\" height=\"666\" src=\"https:\/\/jornalfatosenoticias.com.br\/wp-content\/uploads\/2024\/03\/XANDAO-mcamgo-abr.jpg\" alt=\"\" class=\"wp-image-50281\" srcset=\"https:\/\/jornalfatosenoticias.com.br\/wp-content\/uploads\/2024\/03\/XANDAO-mcamgo-abr.jpg 1000w, https:\/\/jornalfatosenoticias.com.br\/wp-content\/uploads\/2024\/03\/XANDAO-mcamgo-abr-300x200.jpg 300w, https:\/\/jornalfatosenoticias.com.br\/wp-content\/uploads\/2024\/03\/XANDAO-mcamgo-abr-768x511.jpg 768w\" sizes=\"auto, (max-width: 1000px) 100vw, 1000px\" \/><figcaption><em><span class=\"has-inline-color has-black-color\">(Foto: Marcelo Camargo\/Ag\u00eancia Brasil)<\/span><\/em><\/figcaption><\/figure><\/div>\n\n\n\n<p>O ministro Alexandre de Moraes, do Supremo Tribunal Federal (STF), negou o pedido da Pol\u00edcia Federal para realizar busca e apreens\u00e3o no gabinete do deputado Chiquinho Braz\u00e3o (Uni\u00e3o Brasil-RJ) na C\u00e2mara dos Deputados. A decis\u00e3o do ministro sustentou-se no parecer da Procuradoria-Geral da Rep\u00fablica (PGR), que argumentou a aus\u00eancia de uma \u2018demonstra\u00e7\u00e3o razo\u00e1vel\u2019 de que o parlamentar estaria guardando provas relacionadas ao assassinato da vereadora Marielle Franco (PSOL) e do motorista Anderson Gomes em seu gabinete.<\/p>\n\n\n\n<div class=\"wp-block-image\"><figure class=\"aligncenter size-large is-resized\"><img loading=\"lazy\" decoding=\"async\" src=\"https:\/\/jornalfatosenoticias.com.br\/wp-content\/uploads\/2023\/03\/logo-Panper_portal.jpg\" alt=\"\" class=\"wp-image-40208\" width=\"319\" height=\"221\" srcset=\"https:\/\/jornalfatosenoticias.com.br\/wp-content\/uploads\/2023\/03\/logo-Panper_portal.jpg 400w, https:\/\/jornalfatosenoticias.com.br\/wp-content\/uploads\/2023\/03\/logo-Panper_portal-300x208.jpg 300w\" sizes=\"auto, (max-width: 319px) 100vw, 319px\" \/><\/figure><\/div>\n\n\n\n<p>Conforme relatado pela Folha de S.Paulo, na decis\u00e3o, o ministro destacou a aus\u00eancia de uma \u201cdemonstra\u00e7\u00e3o razo\u00e1vel\u201d de que o parlamentar estaria guardando provas relacionadas ao assassinato da vereadora Marielle Franco (PSOL) e do motorista Anderson Gomes em seu gabinete. O pedido de busca na C\u00e2mara foi recebido com preocupa\u00e7\u00e3o pela PGR, que apontou o risco de \u2018atritos interinstitucionais\u2019.<\/p>\n\n\n\n<div class=\"wp-block-image\"><figure class=\"aligncenter size-large\"><img loading=\"lazy\" decoding=\"async\" width=\"300\" height=\"250\" src=\"https:\/\/jornalfatosenoticias.com.br\/wp-content\/uploads\/2020\/02\/Banner-2.png\" alt=\"\" class=\"wp-image-43787\"\/><\/figure><\/div>\n\n\n\n<p><strong><span class=\"has-inline-color has-black-color\">Alvos de pris\u00e3o<br><\/span><\/strong>Em opera\u00e7\u00e3o que atingiu os supostos mandantes do assassinato, a Pol\u00edcia Federal prendeu o pr\u00f3prio Chiquinho Braz\u00e3o, al\u00e9m do conselheiro do Tribunal de Contas do Estado (TCE-RJ), Domingos Braz\u00e3o, irm\u00e3o de Chiquinho, bem como a pris\u00e3o do delegado Rivaldo Barbosa, ex-chefe da Pol\u00edcia Civil no Rio de Janeiro.<br>Como noticiou o Conex\u00e3o Pol\u00edtica, Chiquinho Braz\u00e3o teve sua trajet\u00f3ria pol\u00edtica entrela\u00e7ada com o governo do prefeito Eduardo Paes, no Rio de Janeiro, at\u00e9 janeiro deste ano. Paes, aliado de Luiz In\u00e1cio Lula da Silva (PT) na capital fluminense, viu Braz\u00e3o ocupar o cargo de secret\u00e1rio da Secretaria de A\u00e7\u00e3o Comunit\u00e1ria de outubro de 2022 a janeiro deste ano, como parte de um acordo pol\u00edtico articulado para a gest\u00e3o municipal.<\/p>\n\n\n\n<div class=\"wp-block-image\"><figure class=\"aligncenter size-large is-resized\"><img loading=\"lazy\" decoding=\"async\" src=\"https:\/\/jornalfatosenoticias.com.br\/wp-content\/uploads\/2020\/02\/logo-Rapuzel-1024x571.jpg\" alt=\"\" class=\"wp-image-42808\" width=\"348\" height=\"194\" srcset=\"https:\/\/jornalfatosenoticias.com.br\/wp-content\/uploads\/2020\/02\/logo-Rapuzel-1024x571.jpg 1024w, https:\/\/jornalfatosenoticias.com.br\/wp-content\/uploads\/2020\/02\/logo-Rapuzel-300x167.jpg 300w, https:\/\/jornalfatosenoticias.com.br\/wp-content\/uploads\/2020\/02\/logo-Rapuzel-768x428.jpg 768w, https:\/\/jornalfatosenoticias.com.br\/wp-content\/uploads\/2020\/02\/logo-Rapuzel-1536x856.jpg 1536w, https:\/\/jornalfatosenoticias.com.br\/wp-content\/uploads\/2020\/02\/logo-Rapuzel.jpg 1600w\" sizes=\"auto, (max-width: 348px) 100vw, 348px\" \/><\/figure><\/div>\n\n\n\n<p>A escolha de Braz\u00e3o para a pasta foi atribu\u00edda ao partido Republicanos pela prefeitura do Rio, que reconheceu, em nota neste domingo (24), que sua nomea\u00e7\u00e3o foi uma decis\u00e3o da legenda. Posteriormente, o Republicanos o substituiu diante das especula\u00e7\u00f5es sobre seu envolvimento no caso Marielle. No entanto, Braz\u00e3o era filiado ao Uni\u00e3o Brasil, que o expulsou horas depois da pris\u00e3o.<\/p>\n\n\n\n<div class=\"wp-block-image\"><figure class=\"aligncenter size-large is-resized\"><img loading=\"lazy\" decoding=\"async\" src=\"https:\/\/jornalfatosenoticias.com.br\/wp-content\/uploads\/2023\/08\/ITH.jpeg\" alt=\"\" class=\"wp-image-44638\" width=\"347\" height=\"282\" srcset=\"https:\/\/jornalfatosenoticias.com.br\/wp-content\/uploads\/2023\/08\/ITH.jpeg 800w, https:\/\/jornalfatosenoticias.com.br\/wp-content\/uploads\/2023\/08\/ITH-300x244.jpeg 300w, https:\/\/jornalfatosenoticias.com.br\/wp-content\/uploads\/2023\/08\/ITH-768x624.jpeg 768w\" sizes=\"auto, (max-width: 347px) 100vw, 347px\" \/><\/figure><\/div>\n\n\n\n<p>Seu envolvimento no caso Marielle veio \u00e0 tona por meio da dela\u00e7\u00e3o de Ronnie Lessa, autor dos disparos que tiraram a vida da ex-vereadora. Desde o in\u00edcio das investiga\u00e7\u00f5es, a fam\u00edlia Braz\u00e3o j\u00e1 era mencionada como suspeita, especialmente Domingos Braz\u00e3o, cuja posse de Chiquinho Braz\u00e3o como secret\u00e1rio de A\u00e7\u00e3o Comunit\u00e1ria ocorreu em 30 de outubro de 2023.<\/p>\n\n\n\n<div class=\"wp-block-image\"><figure class=\"aligncenter size-large is-resized\"><img loading=\"lazy\" decoding=\"async\" src=\"https:\/\/jornalfatosenoticias.com.br\/wp-content\/uploads\/2020\/02\/CONTROL-CS.jpg\" alt=\"\" class=\"wp-image-44991\" width=\"285\" height=\"342\" srcset=\"https:\/\/jornalfatosenoticias.com.br\/wp-content\/uploads\/2020\/02\/CONTROL-CS.jpg 834w, https:\/\/jornalfatosenoticias.com.br\/wp-content\/uploads\/2020\/02\/CONTROL-CS-250x300.jpg 250w, https:\/\/jornalfatosenoticias.com.br\/wp-content\/uploads\/2020\/02\/CONTROL-CS-768x921.jpg 768w\" sizes=\"auto, (max-width: 285px) 100vw, 285px\" \/><\/figure><\/div>\n\n\n\n<p>A entrada no secretariado de Paes foi interpretada como parte de uma estrat\u00e9gia pol\u00edtica voltada para a reelei\u00e7\u00e3o do prefeito, com a alian\u00e7a com o Republicanos, que apoiava o governo federal na \u00e9poca, e assim sendo considerada uma investida crucial para a nomea\u00e7\u00e3o. <strong>(Fonte: Conex\u00e3o Pol\u00edtica)<\/strong><\/p>\n\n\n\n<div class=\"wp-block-image\"><figure class=\"aligncenter size-large\"><img decoding=\"async\" src=\"https:\/\/jornalfatosenoticias.com.br\/wp-content\/uploads\/2020\/02\/barao-das-carnes-300x164-1.jpg\" alt=\"\" class=\"wp-image-34339\"\/><\/figure><\/div>\n\n\n\n<hr class=\"wp-block-separator\"\/>\n\n\n\n<h3 class=\"wp-block-heading\"><span class=\"has-inline-color has-black-color\">Jornalista do New York Times diz que n\u00e3o h\u00e1 provas de que Bolsonaro foi pedir asilo para evitar pris\u00e3o<\/span><\/h3>\n\n\n\n<div class=\"wp-block-image\"><figure class=\"aligncenter size-large\"><img loading=\"lazy\" decoding=\"async\" width=\"1000\" height=\"542\" src=\"https:\/\/jornalfatosenoticias.com.br\/wp-content\/uploads\/2024\/03\/NYT_CNN.jpg\" alt=\"\" class=\"wp-image-50280\" srcset=\"https:\/\/jornalfatosenoticias.com.br\/wp-content\/uploads\/2024\/03\/NYT_CNN.jpg 1000w, https:\/\/jornalfatosenoticias.com.br\/wp-content\/uploads\/2024\/03\/NYT_CNN-300x163.jpg 300w, https:\/\/jornalfatosenoticias.com.br\/wp-content\/uploads\/2024\/03\/NYT_CNN-768x416.jpg 768w\" sizes=\"auto, (max-width: 1000px) 100vw, 1000px\" \/><figcaption><em><span class=\"has-inline-color has-black-color\">(Foto: Reprodu\u00e7\u00e3o\/YouTube CNN Brasil)<\/span><\/em><\/figcaption><\/figure><\/div>\n\n\n\n<p>A jornalista Raquel Landim, da CNN Brasil, foi contraposta pelo colega Jack Nicas, jornalista do New York Times. Ao questionar se \u2018fazia sentido\u2019 a hip\u00f3tese do ex-presidente Jair Bolsonaro ter ido \u00e0 Embaixada da Hungria no Brasil para pedir asilo, na hip\u00f3tese de uma pris\u00e3o, o jornalista do NYT foi enf\u00e1tico:<em><span class=\"has-inline-color has-black-color\"> \u201cO que eu tenho a dizer \u00e9 que eu n\u00e3o tenho provas disso\u201d.<\/span><\/em><\/p>\n\n\n\n<div class=\"wp-block-image\"><figure class=\"aligncenter size-large\"><img loading=\"lazy\" decoding=\"async\" width=\"300\" height=\"250\" src=\"https:\/\/jornalfatosenoticias.com.br\/wp-content\/uploads\/2022\/02\/FERRARI_MAQUINAS-E-FERRAMENTAS2.jpg\" alt=\"\" class=\"wp-image-27860\"\/><\/figure><\/div>\n\n\n\n<p>Na ocasi\u00e3o, a comunicadora referenciava uma reportagem do ve\u00edculo americano que publicou imagens de c\u00e2meras de seguran\u00e7a da Embaixada, onde aparece Bolsonaro, quatro dias depois de ter o passaporte apreendido pela Pol\u00edcia Federal em fevereiro, e l\u00e1 permaneceu por dois dias.<\/p>\n\n\n\n<div class=\"wp-block-image\"><figure class=\"aligncenter size-large is-resized\"><img loading=\"lazy\" decoding=\"async\" src=\"https:\/\/jornalfatosenoticias.com.br\/wp-content\/uploads\/2023\/09\/vetorvix1024_1.jpg\" alt=\"\" class=\"wp-image-44868\" width=\"524\" height=\"139\" srcset=\"https:\/\/jornalfatosenoticias.com.br\/wp-content\/uploads\/2023\/09\/vetorvix1024_1.jpg 1024w, https:\/\/jornalfatosenoticias.com.br\/wp-content\/uploads\/2023\/09\/vetorvix1024_1-300x80.jpg 300w, https:\/\/jornalfatosenoticias.com.br\/wp-content\/uploads\/2023\/09\/vetorvix1024_1-768x205.jpg 768w\" sizes=\"auto, (max-width: 524px) 100vw, 524px\" \/><\/figure><\/div>\n\n\n\n<p>Nas imagens das c\u00e2meras, Bolsonaro aparece acompanhado de dois seguran\u00e7as, do embaixador h\u00fangaro e de outros membros da equipe do ex-presidente. Ao ser confrontada ao vivo, ela respondeu \u00e0 negativa: \u201cCerto. N\u00e3o h\u00e1 provas disso\u201d, disse Landim, alegando que o coment\u00e1rio feito seria, segundo ela, apenas um \u201cracioc\u00ednio pol\u00edtico, de an\u00e1lise\u201d.<\/p>\n\n\n\n<div class=\"wp-block-image\"><figure class=\"aligncenter size-large\"><img loading=\"lazy\" decoding=\"async\" width=\"300\" height=\"250\" src=\"https:\/\/jornalfatosenoticias.com.br\/wp-content\/uploads\/2020\/02\/Banner-2.png\" alt=\"\" class=\"wp-image-43787\"\/><\/figure><\/div>\n\n\n\n<p>O posicionamento da comunicadora, no entanto, foi interpretado por parte do p\u00fablico como uma sugest\u00e3o de crime. Internautas rebateram a abordagem, dizendo que ela estava tentando criar uma narrativa contra o ex-presidente da Rep\u00fablica. <strong>(Fonte: Conex\u00e3o Pol\u00edtica)<\/strong><\/p>\n\n\n\n<div class=\"wp-block-image\"><figure class=\"aligncenter size-large\"><img decoding=\"async\" src=\"https:\/\/jornalfatosenoticias.com.br\/wp-content\/uploads\/2020\/02\/logo_esteio.jpg\" alt=\"\" class=\"wp-image-1214\"\/><\/figure><\/div>\n\n\n\n<hr class=\"wp-block-separator\"\/>\n","protected":false},"excerpt":{"rendered":"<p>Jornal criticou os esfor\u00e7os para desmoralizar a luta contra a corrup\u00e7\u00e3o \u201cRevisionismo sem-vergonha\u201d. \u00c9 dessa forma que o jornal O Estado de S.Paulo enxerga as investidas de pol\u00edticos, ju\u00edzes e empres\u00e1rios alvos da Lava Jato para \u201cdesmoralizar a luta contra a roubalheira\u201d. Em editorial publicado na segunda-feira (25), o ve\u00edculo de imprensa avaliou que o [&hellip;]<\/p>\n","protected":false},"author":3,"featured_media":50282,"comment_status":"open","ping_status":"open","sticky":false,"template":"","format":"standard","meta":{"footnotes":""},"categories":[10],"tags":[13889,9981,23188,23190,7580,22873,13186,294],"class_list":["post-50279","post","type-post","status-publish","format-standard","has-post-thumbnail","hentry","category-politica","tag-alexandre-de-moraes","tag-assassinato","tag-chiquinho-brazao","tag-domingos-brazao","tag-lula","tag-psol","tag-pt","tag-stf"],"yoast_head":"<!-- This site is optimized with the Yoast SEO plugin v26.5 - https:\/\/yoast.com\/wordpress\/plugins\/seo\/ -->\n<title>A Semana no Brasil e no Mundo \u2014 Estad\u00e3o: Retorno de Lula causou \u201crevisionismo sem-vergonha\u201d - Jornal Fatos e Not\u00edcias<\/title>\n<meta name=\"robots\" content=\"index, follow, max-snippet:-1, max-image-preview:large, max-video-preview:-1\" \/>\n<link rel=\"canonical\" href=\"https:\/\/jornalfatosenoticias.com.br\/index.php\/2024\/03\/28\/a-semana-no-brasil-e-no-mundo-estadao-retorno-de-lula-causou-revisionismo-sem-vergonha\/\" \/>\n<meta property=\"og:locale\" content=\"pt_BR\" \/>\n<meta property=\"og:type\" content=\"article\" \/>\n<meta property=\"og:title\" content=\"A Semana no Brasil e no Mundo \u2014 Estad\u00e3o: Retorno de Lula causou \u201crevisionismo sem-vergonha\u201d - Jornal Fatos e Not\u00edcias\" \/>\n<meta property=\"og:description\" content=\"Jornal criticou os esfor\u00e7os para desmoralizar a luta contra a corrup\u00e7\u00e3o \u201cRevisionismo sem-vergonha\u201d. \u00c9 dessa forma que o jornal O Estado de S.Paulo enxerga as investidas de pol\u00edticos, ju\u00edzes e empres\u00e1rios alvos da Lava Jato para \u201cdesmoralizar a luta contra a roubalheira\u201d. Em editorial publicado na segunda-feira (25), o ve\u00edculo de imprensa avaliou que o [&hellip;]\" \/>\n<meta property=\"og:url\" content=\"https:\/\/jornalfatosenoticias.com.br\/index.php\/2024\/03\/28\/a-semana-no-brasil-e-no-mundo-estadao-retorno-de-lula-causou-revisionismo-sem-vergonha\/\" \/>\n<meta property=\"og:site_name\" content=\"Jornal Fatos e Not\u00edcias\" \/>\n<meta property=\"article:published_time\" content=\"2024-03-28T13:25:08+00:00\" \/>\n<meta property=\"article:modified_time\" content=\"2024-03-28T13:25:10+00:00\" \/>\n<meta property=\"og:image\" content=\"https:\/\/jornalfatosenoticias.com.br\/wp-content\/uploads\/2024\/03\/lula_revisionismo-corrupcao.jpg\" \/>\n\t<meta property=\"og:image:width\" content=\"799\" \/>\n\t<meta property=\"og:image:height\" content=\"530\" \/>\n\t<meta property=\"og:image:type\" content=\"image\/jpeg\" \/>\n<meta name=\"author\" content=\"Haroldo Filho\" \/>\n<meta name=\"twitter:card\" content=\"summary_large_image\" \/>\n<meta name=\"twitter:label1\" content=\"Escrito por\" \/>\n\t<meta name=\"twitter:data1\" content=\"Haroldo Filho\" \/>\n\t<meta name=\"twitter:label2\" content=\"Est. tempo de leitura\" \/>\n\t<meta name=\"twitter:data2\" content=\"6 minutos\" \/>\n<script type=\"application\/ld+json\" class=\"yoast-schema-graph\">{\"@context\":\"https:\/\/schema.org\",\"@graph\":[{\"@type\":\"Article\",\"@id\":\"https:\/\/jornalfatosenoticias.com.br\/index.php\/2024\/03\/28\/a-semana-no-brasil-e-no-mundo-estadao-retorno-de-lula-causou-revisionismo-sem-vergonha\/#article\",\"isPartOf\":{\"@id\":\"https:\/\/jornalfatosenoticias.com.br\/index.php\/2024\/03\/28\/a-semana-no-brasil-e-no-mundo-estadao-retorno-de-lula-causou-revisionismo-sem-vergonha\/\"},\"author\":{\"name\":\"Haroldo Filho\",\"@id\":\"https:\/\/jornalfatosenoticias.com.br\/#\/schema\/person\/05c46cc25b42a5c27e004fb0fa6b4965\"},\"headline\":\"A Semana no Brasil e no Mundo \u2014 Estad\u00e3o: Retorno de Lula causou \u201crevisionismo sem-vergonha\u201d\",\"datePublished\":\"2024-03-28T13:25:08+00:00\",\"dateModified\":\"2024-03-28T13:25:10+00:00\",\"mainEntityOfPage\":{\"@id\":\"https:\/\/jornalfatosenoticias.com.br\/index.php\/2024\/03\/28\/a-semana-no-brasil-e-no-mundo-estadao-retorno-de-lula-causou-revisionismo-sem-vergonha\/\"},\"wordCount\":1288,\"commentCount\":0,\"publisher\":{\"@id\":\"https:\/\/jornalfatosenoticias.com.br\/#organization\"},\"image\":{\"@id\":\"https:\/\/jornalfatosenoticias.com.br\/index.php\/2024\/03\/28\/a-semana-no-brasil-e-no-mundo-estadao-retorno-de-lula-causou-revisionismo-sem-vergonha\/#primaryimage\"},\"thumbnailUrl\":\"https:\/\/jornalfatosenoticias.com.br\/wp-content\/uploads\/2024\/03\/lula_revisionismo-corrupcao.jpg\",\"keywords\":[\"Alexandre de Moraes\",\"assassinato\",\"Chiquinho Braz\u00e3o\",\"Domingos Braz\u00e3o\",\"Lula\",\"PSOL\",\"PT\",\"STF\"],\"articleSection\":[\"Pol\u00edtica\"],\"inLanguage\":\"pt-BR\",\"potentialAction\":[{\"@type\":\"CommentAction\",\"name\":\"Comment\",\"target\":[\"https:\/\/jornalfatosenoticias.com.br\/index.php\/2024\/03\/28\/a-semana-no-brasil-e-no-mundo-estadao-retorno-de-lula-causou-revisionismo-sem-vergonha\/#respond\"]}]},{\"@type\":\"WebPage\",\"@id\":\"https:\/\/jornalfatosenoticias.com.br\/index.php\/2024\/03\/28\/a-semana-no-brasil-e-no-mundo-estadao-retorno-de-lula-causou-revisionismo-sem-vergonha\/\",\"url\":\"https:\/\/jornalfatosenoticias.com.br\/index.php\/2024\/03\/28\/a-semana-no-brasil-e-no-mundo-estadao-retorno-de-lula-causou-revisionismo-sem-vergonha\/\",\"name\":\"A Semana no Brasil e no Mundo \u2014 Estad\u00e3o: Retorno de Lula causou \u201crevisionismo sem-vergonha\u201d - Jornal Fatos e Not\u00edcias\",\"isPartOf\":{\"@id\":\"https:\/\/jornalfatosenoticias.com.br\/#website\"},\"primaryImageOfPage\":{\"@id\":\"https:\/\/jornalfatosenoticias.com.br\/index.php\/2024\/03\/28\/a-semana-no-brasil-e-no-mundo-estadao-retorno-de-lula-causou-revisionismo-sem-vergonha\/#primaryimage\"},\"image\":{\"@id\":\"https:\/\/jornalfatosenoticias.com.br\/index.php\/2024\/03\/28\/a-semana-no-brasil-e-no-mundo-estadao-retorno-de-lula-causou-revisionismo-sem-vergonha\/#primaryimage\"},\"thumbnailUrl\":\"https:\/\/jornalfatosenoticias.com.br\/wp-content\/uploads\/2024\/03\/lula_revisionismo-corrupcao.jpg\",\"datePublished\":\"2024-03-28T13:25:08+00:00\",\"dateModified\":\"2024-03-28T13:25:10+00:00\",\"breadcrumb\":{\"@id\":\"https:\/\/jornalfatosenoticias.com.br\/index.php\/2024\/03\/28\/a-semana-no-brasil-e-no-mundo-estadao-retorno-de-lula-causou-revisionismo-sem-vergonha\/#breadcrumb\"},\"inLanguage\":\"pt-BR\",\"potentialAction\":[{\"@type\":\"ReadAction\",\"target\":[\"https:\/\/jornalfatosenoticias.com.br\/index.php\/2024\/03\/28\/a-semana-no-brasil-e-no-mundo-estadao-retorno-de-lula-causou-revisionismo-sem-vergonha\/\"]}]},{\"@type\":\"ImageObject\",\"inLanguage\":\"pt-BR\",\"@id\":\"https:\/\/jornalfatosenoticias.com.br\/index.php\/2024\/03\/28\/a-semana-no-brasil-e-no-mundo-estadao-retorno-de-lula-causou-revisionismo-sem-vergonha\/#primaryimage\",\"url\":\"https:\/\/jornalfatosenoticias.com.br\/wp-content\/uploads\/2024\/03\/lula_revisionismo-corrupcao.jpg\",\"contentUrl\":\"https:\/\/jornalfatosenoticias.com.br\/wp-content\/uploads\/2024\/03\/lula_revisionismo-corrupcao.jpg\",\"width\":799,\"height\":530},{\"@type\":\"BreadcrumbList\",\"@id\":\"https:\/\/jornalfatosenoticias.com.br\/index.php\/2024\/03\/28\/a-semana-no-brasil-e-no-mundo-estadao-retorno-de-lula-causou-revisionismo-sem-vergonha\/#breadcrumb\",\"itemListElement\":[{\"@type\":\"ListItem\",\"position\":1,\"name\":\"In\u00edcio\",\"item\":\"https:\/\/jornalfatosenoticias.com.br\/\"},{\"@type\":\"ListItem\",\"position\":2,\"name\":\"A Semana no Brasil e no Mundo \u2014 Estad\u00e3o: Retorno de Lula causou \u201crevisionismo sem-vergonha\u201d\"}]},{\"@type\":\"WebSite\",\"@id\":\"https:\/\/jornalfatosenoticias.com.br\/#website\",\"url\":\"https:\/\/jornalfatosenoticias.com.br\/\",\"name\":\"Jornal Fatos e Not\u00edcias\",\"description\":\"Not\u00edcias em geral\",\"publisher\":{\"@id\":\"https:\/\/jornalfatosenoticias.com.br\/#organization\"},\"potentialAction\":[{\"@type\":\"SearchAction\",\"target\":{\"@type\":\"EntryPoint\",\"urlTemplate\":\"https:\/\/jornalfatosenoticias.com.br\/?s={search_term_string}\"},\"query-input\":{\"@type\":\"PropertyValueSpecification\",\"valueRequired\":true,\"valueName\":\"search_term_string\"}}],\"inLanguage\":\"pt-BR\"},{\"@type\":\"Organization\",\"@id\":\"https:\/\/jornalfatosenoticias.com.br\/#organization\",\"name\":\"Jornal Fatos e Not\u00edcias\",\"url\":\"https:\/\/jornalfatosenoticias.com.br\/\",\"logo\":{\"@type\":\"ImageObject\",\"inLanguage\":\"pt-BR\",\"@id\":\"https:\/\/jornalfatosenoticias.com.br\/#\/schema\/logo\/image\/\",\"url\":\"https:\/\/jornalfatosenoticias.com.br\/wp-content\/uploads\/2020\/02\/logo120.png\",\"contentUrl\":\"https:\/\/jornalfatosenoticias.com.br\/wp-content\/uploads\/2020\/02\/logo120.png\",\"width\":1227,\"height\":120,\"caption\":\"Jornal Fatos e Not\u00edcias\"},\"image\":{\"@id\":\"https:\/\/jornalfatosenoticias.com.br\/#\/schema\/logo\/image\/\"}},{\"@type\":\"Person\",\"@id\":\"https:\/\/jornalfatosenoticias.com.br\/#\/schema\/person\/05c46cc25b42a5c27e004fb0fa6b4965\",\"name\":\"Haroldo Filho\",\"image\":{\"@type\":\"ImageObject\",\"inLanguage\":\"pt-BR\",\"@id\":\"https:\/\/jornalfatosenoticias.com.br\/#\/schema\/person\/image\/\",\"url\":\"https:\/\/jornalfatosenoticias.com.br\/wp-content\/uploads\/2025\/08\/WhatsApp-Image-2025-08-18-at-15.30.28-150x150.jpeg\",\"contentUrl\":\"https:\/\/jornalfatosenoticias.com.br\/wp-content\/uploads\/2025\/08\/WhatsApp-Image-2025-08-18-at-15.30.28-150x150.jpeg\",\"caption\":\"Haroldo Filho\"},\"description\":\"Jornalista \u2013 DRT: 0003818\/ES Coordenador-geral da ONG Educar para Crescer\",\"url\":\"https:\/\/jornalfatosenoticias.com.br\/index.php\/author\/haroldo\/\"}]}<\/script>\n<!-- \/ Yoast SEO plugin. -->","yoast_head_json":{"title":"A Semana no Brasil e no Mundo \u2014 Estad\u00e3o: Retorno de Lula causou \u201crevisionismo sem-vergonha\u201d - Jornal Fatos e Not\u00edcias","robots":{"index":"index","follow":"follow","max-snippet":"max-snippet:-1","max-image-preview":"max-image-preview:large","max-video-preview":"max-video-preview:-1"},"canonical":"https:\/\/jornalfatosenoticias.com.br\/index.php\/2024\/03\/28\/a-semana-no-brasil-e-no-mundo-estadao-retorno-de-lula-causou-revisionismo-sem-vergonha\/","og_locale":"pt_BR","og_type":"article","og_title":"A Semana no Brasil e no Mundo \u2014 Estad\u00e3o: Retorno de Lula causou \u201crevisionismo sem-vergonha\u201d - Jornal Fatos e Not\u00edcias","og_description":"Jornal criticou os esfor\u00e7os para desmoralizar a luta contra a corrup\u00e7\u00e3o \u201cRevisionismo sem-vergonha\u201d. \u00c9 dessa forma que o jornal O Estado de S.Paulo enxerga as investidas de pol\u00edticos, ju\u00edzes e empres\u00e1rios alvos da Lava Jato para \u201cdesmoralizar a luta contra a roubalheira\u201d. Em editorial publicado na segunda-feira (25), o ve\u00edculo de imprensa avaliou que o [&hellip;]","og_url":"https:\/\/jornalfatosenoticias.com.br\/index.php\/2024\/03\/28\/a-semana-no-brasil-e-no-mundo-estadao-retorno-de-lula-causou-revisionismo-sem-vergonha\/","og_site_name":"Jornal Fatos e Not\u00edcias","article_published_time":"2024-03-28T13:25:08+00:00","article_modified_time":"2024-03-28T13:25:10+00:00","og_image":[{"width":799,"height":530,"url":"https:\/\/jornalfatosenoticias.com.br\/wp-content\/uploads\/2024\/03\/lula_revisionismo-corrupcao.jpg","type":"image\/jpeg"}],"author":"Haroldo Filho","twitter_card":"summary_large_image","twitter_misc":{"Escrito por":"Haroldo Filho","Est. tempo de leitura":"6 minutos"},"schema":{"@context":"https:\/\/schema.org","@graph":[{"@type":"Article","@id":"https:\/\/jornalfatosenoticias.com.br\/index.php\/2024\/03\/28\/a-semana-no-brasil-e-no-mundo-estadao-retorno-de-lula-causou-revisionismo-sem-vergonha\/#article","isPartOf":{"@id":"https:\/\/jornalfatosenoticias.com.br\/index.php\/2024\/03\/28\/a-semana-no-brasil-e-no-mundo-estadao-retorno-de-lula-causou-revisionismo-sem-vergonha\/"},"author":{"name":"Haroldo Filho","@id":"https:\/\/jornalfatosenoticias.com.br\/#\/schema\/person\/05c46cc25b42a5c27e004fb0fa6b4965"},"headline":"A Semana no Brasil e no Mundo \u2014 Estad\u00e3o: Retorno de Lula causou \u201crevisionismo sem-vergonha\u201d","datePublished":"2024-03-28T13:25:08+00:00","dateModified":"2024-03-28T13:25:10+00:00","mainEntityOfPage":{"@id":"https:\/\/jornalfatosenoticias.com.br\/index.php\/2024\/03\/28\/a-semana-no-brasil-e-no-mundo-estadao-retorno-de-lula-causou-revisionismo-sem-vergonha\/"},"wordCount":1288,"commentCount":0,"publisher":{"@id":"https:\/\/jornalfatosenoticias.com.br\/#organization"},"image":{"@id":"https:\/\/jornalfatosenoticias.com.br\/index.php\/2024\/03\/28\/a-semana-no-brasil-e-no-mundo-estadao-retorno-de-lula-causou-revisionismo-sem-vergonha\/#primaryimage"},"thumbnailUrl":"https:\/\/jornalfatosenoticias.com.br\/wp-content\/uploads\/2024\/03\/lula_revisionismo-corrupcao.jpg","keywords":["Alexandre de Moraes","assassinato","Chiquinho Braz\u00e3o","Domingos Braz\u00e3o","Lula","PSOL","PT","STF"],"articleSection":["Pol\u00edtica"],"inLanguage":"pt-BR","potentialAction":[{"@type":"CommentAction","name":"Comment","target":["https:\/\/jornalfatosenoticias.com.br\/index.php\/2024\/03\/28\/a-semana-no-brasil-e-no-mundo-estadao-retorno-de-lula-causou-revisionismo-sem-vergonha\/#respond"]}]},{"@type":"WebPage","@id":"https:\/\/jornalfatosenoticias.com.br\/index.php\/2024\/03\/28\/a-semana-no-brasil-e-no-mundo-estadao-retorno-de-lula-causou-revisionismo-sem-vergonha\/","url":"https:\/\/jornalfatosenoticias.com.br\/index.php\/2024\/03\/28\/a-semana-no-brasil-e-no-mundo-estadao-retorno-de-lula-causou-revisionismo-sem-vergonha\/","name":"A Semana no Brasil e no Mundo \u2014 Estad\u00e3o: Retorno de Lula causou \u201crevisionismo sem-vergonha\u201d - Jornal Fatos e Not\u00edcias","isPartOf":{"@id":"https:\/\/jornalfatosenoticias.com.br\/#website"},"primaryImageOfPage":{"@id":"https:\/\/jornalfatosenoticias.com.br\/index.php\/2024\/03\/28\/a-semana-no-brasil-e-no-mundo-estadao-retorno-de-lula-causou-revisionismo-sem-vergonha\/#primaryimage"},"image":{"@id":"https:\/\/jornalfatosenoticias.com.br\/index.php\/2024\/03\/28\/a-semana-no-brasil-e-no-mundo-estadao-retorno-de-lula-causou-revisionismo-sem-vergonha\/#primaryimage"},"thumbnailUrl":"https:\/\/jornalfatosenoticias.com.br\/wp-content\/uploads\/2024\/03\/lula_revisionismo-corrupcao.jpg","datePublished":"2024-03-28T13:25:08+00:00","dateModified":"2024-03-28T13:25:10+00:00","breadcrumb":{"@id":"https:\/\/jornalfatosenoticias.com.br\/index.php\/2024\/03\/28\/a-semana-no-brasil-e-no-mundo-estadao-retorno-de-lula-causou-revisionismo-sem-vergonha\/#breadcrumb"},"inLanguage":"pt-BR","potentialAction":[{"@type":"ReadAction","target":["https:\/\/jornalfatosenoticias.com.br\/index.php\/2024\/03\/28\/a-semana-no-brasil-e-no-mundo-estadao-retorno-de-lula-causou-revisionismo-sem-vergonha\/"]}]},{"@type":"ImageObject","inLanguage":"pt-BR","@id":"https:\/\/jornalfatosenoticias.com.br\/index.php\/2024\/03\/28\/a-semana-no-brasil-e-no-mundo-estadao-retorno-de-lula-causou-revisionismo-sem-vergonha\/#primaryimage","url":"https:\/\/jornalfatosenoticias.com.br\/wp-content\/uploads\/2024\/03\/lula_revisionismo-corrupcao.jpg","contentUrl":"https:\/\/jornalfatosenoticias.com.br\/wp-content\/uploads\/2024\/03\/lula_revisionismo-corrupcao.jpg","width":799,"height":530},{"@type":"BreadcrumbList","@id":"https:\/\/jornalfatosenoticias.com.br\/index.php\/2024\/03\/28\/a-semana-no-brasil-e-no-mundo-estadao-retorno-de-lula-causou-revisionismo-sem-vergonha\/#breadcrumb","itemListElement":[{"@type":"ListItem","position":1,"name":"In\u00edcio","item":"https:\/\/jornalfatosenoticias.com.br\/"},{"@type":"ListItem","position":2,"name":"A Semana no Brasil e no Mundo \u2014 Estad\u00e3o: Retorno de Lula causou \u201crevisionismo sem-vergonha\u201d"}]},{"@type":"WebSite","@id":"https:\/\/jornalfatosenoticias.com.br\/#website","url":"https:\/\/jornalfatosenoticias.com.br\/","name":"Jornal Fatos e Not\u00edcias","description":"Not\u00edcias em geral","publisher":{"@id":"https:\/\/jornalfatosenoticias.com.br\/#organization"},"potentialAction":[{"@type":"SearchAction","target":{"@type":"EntryPoint","urlTemplate":"https:\/\/jornalfatosenoticias.com.br\/?s={search_term_string}"},"query-input":{"@type":"PropertyValueSpecification","valueRequired":true,"valueName":"search_term_string"}}],"inLanguage":"pt-BR"},{"@type":"Organization","@id":"https:\/\/jornalfatosenoticias.com.br\/#organization","name":"Jornal Fatos e Not\u00edcias","url":"https:\/\/jornalfatosenoticias.com.br\/","logo":{"@type":"ImageObject","inLanguage":"pt-BR","@id":"https:\/\/jornalfatosenoticias.com.br\/#\/schema\/logo\/image\/","url":"https:\/\/jornalfatosenoticias.com.br\/wp-content\/uploads\/2020\/02\/logo120.png","contentUrl":"https:\/\/jornalfatosenoticias.com.br\/wp-content\/uploads\/2020\/02\/logo120.png","width":1227,"height":120,"caption":"Jornal Fatos e Not\u00edcias"},"image":{"@id":"https:\/\/jornalfatosenoticias.com.br\/#\/schema\/logo\/image\/"}},{"@type":"Person","@id":"https:\/\/jornalfatosenoticias.com.br\/#\/schema\/person\/05c46cc25b42a5c27e004fb0fa6b4965","name":"Haroldo Filho","image":{"@type":"ImageObject","inLanguage":"pt-BR","@id":"https:\/\/jornalfatosenoticias.com.br\/#\/schema\/person\/image\/","url":"https:\/\/jornalfatosenoticias.com.br\/wp-content\/uploads\/2025\/08\/WhatsApp-Image-2025-08-18-at-15.30.28-150x150.jpeg","contentUrl":"https:\/\/jornalfatosenoticias.com.br\/wp-content\/uploads\/2025\/08\/WhatsApp-Image-2025-08-18-at-15.30.28-150x150.jpeg","caption":"Haroldo Filho"},"description":"Jornalista \u2013 DRT: 0003818\/ES Coordenador-geral da ONG Educar para Crescer","url":"https:\/\/jornalfatosenoticias.com.br\/index.php\/author\/haroldo\/"}]}},"cc_featured_image_caption":{"caption_text":"(Foto: Ricardo Stuckert\/PR) ","source_text":"","source_url":""},"jetpack_featured_media_url":"https:\/\/jornalfatosenoticias.com.br\/wp-content\/uploads\/2024\/03\/lula_revisionismo-corrupcao.jpg","_links":{"self":[{"href":"https:\/\/jornalfatosenoticias.com.br\/index.php\/wp-json\/wp\/v2\/posts\/50279","targetHints":{"allow":["GET"]}}],"collection":[{"href":"https:\/\/jornalfatosenoticias.com.br\/index.php\/wp-json\/wp\/v2\/posts"}],"about":[{"href":"https:\/\/jornalfatosenoticias.com.br\/index.php\/wp-json\/wp\/v2\/types\/post"}],"author":[{"embeddable":true,"href":"https:\/\/jornalfatosenoticias.com.br\/index.php\/wp-json\/wp\/v2\/users\/3"}],"replies":[{"embeddable":true,"href":"https:\/\/jornalfatosenoticias.com.br\/index.php\/wp-json\/wp\/v2\/comments?post=50279"}],"version-history":[{"count":0,"href":"https:\/\/jornalfatosenoticias.com.br\/index.php\/wp-json\/wp\/v2\/posts\/50279\/revisions"}],"wp:featuredmedia":[{"embeddable":true,"href":"https:\/\/jornalfatosenoticias.com.br\/index.php\/wp-json\/wp\/v2\/media\/50282"}],"wp:attachment":[{"href":"https:\/\/jornalfatosenoticias.com.br\/index.php\/wp-json\/wp\/v2\/media?parent=50279"}],"wp:term":[{"taxonomy":"category","embeddable":true,"href":"https:\/\/jornalfatosenoticias.com.br\/index.php\/wp-json\/wp\/v2\/categories?post=50279"},{"taxonomy":"post_tag","embeddable":true,"href":"https:\/\/jornalfatosenoticias.com.br\/index.php\/wp-json\/wp\/v2\/tags?post=50279"}],"curies":[{"name":"wp","href":"https:\/\/api.w.org\/{rel}","templated":true}]}}