{"id":50304,"date":"2024-04-01T10:28:36","date_gmt":"2024-04-01T13:28:36","guid":{"rendered":"https:\/\/jornalfatosenoticias.com.br\/?p=50304"},"modified":"2024-04-01T10:28:38","modified_gmt":"2024-04-01T13:28:38","slug":"lindas-coloridas-e-essenciais-para-a-natureza-mais-de-300-especies-de-borboletas-habitam-o-parque-da-ciencia","status":"publish","type":"post","link":"https:\/\/jornalfatosenoticias.com.br\/index.php\/2024\/04\/01\/lindas-coloridas-e-essenciais-para-a-natureza-mais-de-300-especies-de-borboletas-habitam-o-parque-da-ciencia\/","title":{"rendered":"Lindas, coloridas e essenciais para a natureza: mais de 300 esp\u00e9cies de borboletas habitam o Parque da Ci\u00eancia"},"content":{"rendered":"\n<p><em><span class=\"has-inline-color has-black-color\">Al\u00e9m de embelezar o ambiente, esses insetos s\u00e3o importantes polinizadores e indicadores da qualidade do ar<\/span><\/em><\/p>\n\n\n\n<p><span class=\"has-inline-color has-black-color\">Por <strong>Aline Tavares\/<a href=\"https:\/\/gizmodo.uol.com.br\/author\/instituto-butantan\/\">Instituto Butantan<\/a><\/strong><\/span><\/p>\n\n\n\n<div class=\"wp-block-image\"><figure class=\"aligncenter size-large is-resized\"><img loading=\"lazy\" decoding=\"async\" src=\"https:\/\/jornalfatosenoticias.com.br\/wp-content\/uploads\/2023\/12\/pegoretti-logo-pdf-1024x389.jpg\" alt=\"\" class=\"wp-image-47536\" width=\"519\" height=\"197\" srcset=\"https:\/\/jornalfatosenoticias.com.br\/wp-content\/uploads\/2023\/12\/pegoretti-logo-pdf-1024x389.jpg 1024w, https:\/\/jornalfatosenoticias.com.br\/wp-content\/uploads\/2023\/12\/pegoretti-logo-pdf-300x114.jpg 300w, https:\/\/jornalfatosenoticias.com.br\/wp-content\/uploads\/2023\/12\/pegoretti-logo-pdf-768x291.jpg 768w, https:\/\/jornalfatosenoticias.com.br\/wp-content\/uploads\/2023\/12\/pegoretti-logo-pdf.jpg 1120w\" sizes=\"auto, (max-width: 519px) 100vw, 519px\" \/><\/figure><\/div>\n\n\n\n<p>Certamente voc\u00ea j\u00e1 ficou maravilhado (e curioso) ao observar esses pequenos seres multicoloridos voando por a\u00ed. Diferente de outros insetos que por vezes causam medo ou repulsa, as borboletas s\u00e3o muito celebradas por sua beleza. Elas s\u00e3o conhecidas como s\u00edmbolos da transforma\u00e7\u00e3o: do ovo depositado nas folhas das plantas nasce a lagarta, que depois de alguns meses forma um pequeno casulo, a pupa, de onde emerge a borboleta adulta. Ricas e diversas, elas est\u00e3o distribu\u00eddas em cerca de 20 mil esp\u00e9cies e possuem cores, padr\u00f5es e comportamentos \u00fanicos.<br>Como uma ilha de vegeta\u00e7\u00e3o em meio \u00e0 selva de pedra, o <a href=\"https:\/\/parquedaciencia.butantan.gov.br\/\" target=\"_blank\" rel=\"noreferrer noopener\">Parque da Ci\u00eancia Butantan<\/a>\u00a0\u00e9 um exemplo de lar para borboletas, abrigando\u00a0<strong>mais de 300 esp\u00e9cies.<\/strong> E o que explica essa diversidade \u00e9 a presen\u00e7a de \u00e1reas de caracter\u00edsticas distintas no complexo: borda de floresta, interior de floresta, zonas \u00famidas e secas, al\u00e9m de regi\u00f5es pouco ou muito ensolaradas. Isso faz com que v\u00e1rios animais consigam prosperar no ambiente. A variedade de borboletas no Butantan resultou em um estudo cient\u00edfico publicado na revista da Universidade de S\u00e3o Paulo (USP) <a href=\"https:\/\/www.revistas.usp.br\/paz\/article\/view\/195439\/198135\" target=\"_blank\" rel=\"noreferrer noopener\">Pap\u00e9is Avulsos de Zoologia<\/a> e coordenado pela diretora do Museu Biol\u00f3gico, Erika Hingst-Zaher.<\/p>\n\n\n\n<div class=\"wp-block-image\"><figure class=\"aligncenter size-large\"><img decoding=\"async\" src=\"https:\/\/jornalfatosenoticias.com.br\/wp-content\/uploads\/2020\/02\/logo_esteio.jpg\" alt=\"\" class=\"wp-image-1214\"\/><\/figure><\/div>\n\n\n\n<p>As borboletas s\u00e3o muito importantes para a manuten\u00e7\u00e3o da biodiversidade, j\u00e1 que, <strong><a href=\"https:\/\/butantan.gov.br\/bubutantan\/trabalhadoras-fieis-e-essenciais-para-a-vida-na-terra-conheca-o-universo-maravilhoso-das-abelhas\" target=\"_blank\" rel=\"noreferrer noopener\">assim como as abelhas<\/a><\/strong>, s\u00e3o\u00a0<strong>polinizadoras<\/strong>: ao se alimentarem do n\u00e9ctar das flores, ajudam a espalhar gr\u00e3os de p\u00f3len para que as plantas possam se reproduzir. Assim, ajudam a manter o equil\u00edbrio nos ecossistemas e a diversidade de vegetais, essenciais para a sa\u00fade humana e animal. Elas conseguem se alimentar do l\u00edquido gra\u00e7as \u00e0 espirotromba, uma esp\u00e9cie de \u201ctubo\u201d longo que funciona como um canudo e fica enrolado sob seu queixo.<\/p>\n\n\n\n<div class=\"wp-block-image\"><figure class=\"aligncenter size-large\"><img decoding=\"async\" src=\"https:\/\/jornalfatosenoticias.com.br\/wp-content\/uploads\/2020\/02\/barao-das-carnes-300x164-1.jpg\" alt=\"\" class=\"wp-image-34339\"\/><\/figure><\/div>\n\n\n\n<p>Al\u00e9m disso, se voc\u00ea deseja saber se a qualidade do ar est\u00e1 boa, basta olhar ao redor: onde h\u00e1 muitas borboletas, geralmente o ar est\u00e1 livre de polui\u00e7\u00e3o. Como s\u00e3o muito sens\u00edveis e t\u00eam um ciclo de vida curto (de alguns dias a um ano, dependendo da esp\u00e9cie), elas respondem r\u00e1pido quando algo muda no ambiente, e a falta desses insetos pode indicar que algo n\u00e3o vai bem naquele lugar.<\/p>\n\n\n\n<div class=\"wp-block-image\"><figure class=\"aligncenter size-large is-resized\"><img loading=\"lazy\" decoding=\"async\" src=\"https:\/\/jornalfatosenoticias.com.br\/wp-content\/uploads\/2024\/01\/consultoria-ambiental.jpg\" alt=\"\" class=\"wp-image-48314\" width=\"293\" height=\"265\" srcset=\"https:\/\/jornalfatosenoticias.com.br\/wp-content\/uploads\/2024\/01\/consultoria-ambiental.jpg 832w, https:\/\/jornalfatosenoticias.com.br\/wp-content\/uploads\/2024\/01\/consultoria-ambiental-300x272.jpg 300w, https:\/\/jornalfatosenoticias.com.br\/wp-content\/uploads\/2024\/01\/consultoria-ambiental-768x696.jpg 768w\" sizes=\"auto, (max-width: 293px) 100vw, 293px\" \/><\/figure><\/div>\n\n\n\n<p>As antenas da borboleta ajudam a detectar movimentos e subst\u00e2ncias qu\u00edmicas presentes no ar, desde o cheiro das flores at\u00e9 o de um potencial parceiro, al\u00e9m de serem importantes para a sua orienta\u00e7\u00e3o durante o voo. Assim como outros insetos, elas possuem milhares de \u201cpequenos olhos\u201d, chamados de olhos compostos, podendo enxergar em v\u00e1rias dire\u00e7\u00f5es. Ser\u00e1 que voc\u00ea consegue identificar as diferentes borboletas aqui no Parque da Ci\u00eancia? Conhe\u00e7a algumas das mais comuns:<\/p>\n\n\n\n<div class=\"wp-block-image\"><figure class=\"aligncenter size-large is-resized\"><img loading=\"lazy\" decoding=\"async\" src=\"https:\/\/jornalfatosenoticias.com.br\/wp-content\/uploads\/2020\/02\/logo-Rapuzel-1024x571.jpg\" alt=\"\" class=\"wp-image-42808\" width=\"332\" height=\"185\" srcset=\"https:\/\/jornalfatosenoticias.com.br\/wp-content\/uploads\/2020\/02\/logo-Rapuzel-1024x571.jpg 1024w, https:\/\/jornalfatosenoticias.com.br\/wp-content\/uploads\/2020\/02\/logo-Rapuzel-300x167.jpg 300w, https:\/\/jornalfatosenoticias.com.br\/wp-content\/uploads\/2020\/02\/logo-Rapuzel-768x428.jpg 768w, https:\/\/jornalfatosenoticias.com.br\/wp-content\/uploads\/2020\/02\/logo-Rapuzel-1536x856.jpg 1536w, https:\/\/jornalfatosenoticias.com.br\/wp-content\/uploads\/2020\/02\/logo-Rapuzel.jpg 1600w\" sizes=\"auto, (max-width: 332px) 100vw, 332px\" \/><\/figure><\/div>\n\n\n\n<p><strong><span class=\"has-inline-color has-vivid-green-cyan-color\">Mechanitis lysimnia (subfam\u00edlia Danainae)<\/span><\/strong><\/p>\n\n\n\n<div class=\"wp-block-image\"><figure class=\"aligncenter size-large\"><img loading=\"lazy\" decoding=\"async\" width=\"612\" height=\"401\" src=\"https:\/\/jornalfatosenoticias.com.br\/wp-content\/uploads\/2024\/04\/borboleta-Mechanitis-lysimnia_gettyimages.jpg\" alt=\"\" class=\"wp-image-50305\" srcset=\"https:\/\/jornalfatosenoticias.com.br\/wp-content\/uploads\/2024\/04\/borboleta-Mechanitis-lysimnia_gettyimages.jpg 612w, https:\/\/jornalfatosenoticias.com.br\/wp-content\/uploads\/2024\/04\/borboleta-Mechanitis-lysimnia_gettyimages-300x197.jpg 300w\" sizes=\"auto, (max-width: 612px) 100vw, 612px\" \/><figcaption><em><span class=\"has-inline-color has-black-color\">(Foto: Getty Images)<\/span><\/em><\/figcaption><\/figure><\/div>\n\n\n\n<p>Com 6,5cm, essas borboletas habitam matas secund\u00e1rias, apresentando popula\u00e7\u00f5es maiores nas bordas das cidades ou nas \u00e1reas florestais em reconstitui\u00e7\u00e3o. De voo lento, se agregam em locais \u00famidos durante os meses mais frios. Tamb\u00e9m s\u00e3o chamadas de \u201ctigre confuso\u201d, j\u00e1 que as cores das asas lembram as de um tigre.<\/p>\n\n\n\n<div class=\"wp-block-image\"><figure class=\"aligncenter size-large\"><img loading=\"lazy\" decoding=\"async\" width=\"300\" height=\"250\" src=\"https:\/\/jornalfatosenoticias.com.br\/wp-content\/uploads\/2020\/02\/Banner-2.png\" alt=\"\" class=\"wp-image-43787\"\/><\/figure><\/div>\n\n\n\n<p><strong><span class=\"has-inline-color has-vivid-green-cyan-color\">Phoebis neocypris (subfam\u00edlia Coliadinae)<\/span><\/strong><\/p>\n\n\n\n<div class=\"wp-block-image\"><figure class=\"aligncenter size-large\"><img loading=\"lazy\" decoding=\"async\" width=\"612\" height=\"408\" src=\"https:\/\/jornalfatosenoticias.com.br\/wp-content\/uploads\/2024\/04\/borboleta-Phoebis-neocypris_gettyimages.jpg\" alt=\"\" class=\"wp-image-50306\" srcset=\"https:\/\/jornalfatosenoticias.com.br\/wp-content\/uploads\/2024\/04\/borboleta-Phoebis-neocypris_gettyimages.jpg 612w, https:\/\/jornalfatosenoticias.com.br\/wp-content\/uploads\/2024\/04\/borboleta-Phoebis-neocypris_gettyimages-300x200.jpg 300w\" sizes=\"auto, (max-width: 612px) 100vw, 612px\" \/><figcaption><em><span class=\"has-inline-color has-black-color\">(Foto: Getty Images)<\/span><\/em><\/figcaption><\/figure><\/div>\n\n\n\n<p>Possui de 5,5cm a 7cm e pode ser encontrada em parques, jardins e matas, voando rapidamente sobre as flores ou copas das \u00e1rvores. Suas asas amarelas apresentam pequenas manchas marrons.<\/p>\n\n\n\n<div class=\"wp-block-image\"><figure class=\"aligncenter size-large is-resized\"><img loading=\"lazy\" decoding=\"async\" src=\"https:\/\/jornalfatosenoticias.com.br\/wp-content\/uploads\/2023\/08\/BKR-1024x1021.jpg\" alt=\"\" class=\"wp-image-44494\" width=\"295\" height=\"294\" srcset=\"https:\/\/jornalfatosenoticias.com.br\/wp-content\/uploads\/2023\/08\/BKR-1024x1021.jpg 1024w, https:\/\/jornalfatosenoticias.com.br\/wp-content\/uploads\/2023\/08\/BKR-300x300.jpg 300w, https:\/\/jornalfatosenoticias.com.br\/wp-content\/uploads\/2023\/08\/BKR-150x150.jpg 150w, https:\/\/jornalfatosenoticias.com.br\/wp-content\/uploads\/2023\/08\/BKR-768x766.jpg 768w, https:\/\/jornalfatosenoticias.com.br\/wp-content\/uploads\/2023\/08\/BKR.jpg 1080w\" sizes=\"auto, (max-width: 295px) 100vw, 295px\" \/><\/figure><\/div>\n\n\n\n<p><strong><span class=\"has-inline-color has-vivid-green-cyan-color\">Riodina lycisca (subfam\u00edlia Riodininae)<\/span><\/strong><\/p>\n\n\n\n<div class=\"wp-block-image\"><figure class=\"aligncenter size-large\"><img loading=\"lazy\" decoding=\"async\" width=\"750\" height=\"500\" src=\"https:\/\/jornalfatosenoticias.com.br\/wp-content\/uploads\/2024\/04\/borboleta-instituto-butantan-Riodina-lycisca.jpg\" alt=\"\" class=\"wp-image-50307\" srcset=\"https:\/\/jornalfatosenoticias.com.br\/wp-content\/uploads\/2024\/04\/borboleta-instituto-butantan-Riodina-lycisca.jpg 750w, https:\/\/jornalfatosenoticias.com.br\/wp-content\/uploads\/2024\/04\/borboleta-instituto-butantan-Riodina-lycisca-300x200.jpg 300w\" sizes=\"auto, (max-width: 750px) 100vw, 750px\" \/><figcaption><em><span class=\"has-inline-color has-black-color\">(Foto: Reprodu\u00e7\u00e3o Giz Brasil)<\/span><\/em><\/figcaption><\/figure><\/div>\n\n\n\n<p>Essa pequena voadora de 2cm habita locais ensolarados, geralmente margens de trilhas com floresta prim\u00e1ria. Possui asas pretas aveludadas e pousa com elas abertas, diferente das demais borboletas.<\/p>\n\n\n\n<div class=\"wp-block-image\"><figure class=\"aligncenter size-large is-resized\"><img loading=\"lazy\" decoding=\"async\" src=\"https:\/\/jornalfatosenoticias.com.br\/wp-content\/uploads\/2023\/09\/vetorvix1024_1.jpg\" alt=\"\" class=\"wp-image-44868\" width=\"539\" height=\"143\" srcset=\"https:\/\/jornalfatosenoticias.com.br\/wp-content\/uploads\/2023\/09\/vetorvix1024_1.jpg 1024w, https:\/\/jornalfatosenoticias.com.br\/wp-content\/uploads\/2023\/09\/vetorvix1024_1-300x80.jpg 300w, https:\/\/jornalfatosenoticias.com.br\/wp-content\/uploads\/2023\/09\/vetorvix1024_1-768x205.jpg 768w\" sizes=\"auto, (max-width: 539px) 100vw, 539px\" \/><\/figure><\/div>\n\n\n\n<p><strong><span class=\"has-inline-color has-vivid-green-cyan-color\">Marpesia petreus (subfam\u00edlia Cyrestinae)<\/span><\/strong><\/p>\n\n\n\n<div class=\"wp-block-image\"><figure class=\"aligncenter size-large\"><img loading=\"lazy\" decoding=\"async\" width=\"750\" height=\"500\" src=\"https:\/\/jornalfatosenoticias.com.br\/wp-content\/uploads\/2024\/04\/borboleta-instituto-butantan-Marpesia-petreus.jpg\" alt=\"\" class=\"wp-image-50308\" srcset=\"https:\/\/jornalfatosenoticias.com.br\/wp-content\/uploads\/2024\/04\/borboleta-instituto-butantan-Marpesia-petreus.jpg 750w, https:\/\/jornalfatosenoticias.com.br\/wp-content\/uploads\/2024\/04\/borboleta-instituto-butantan-Marpesia-petreus-300x200.jpg 300w\" sizes=\"auto, (max-width: 750px) 100vw, 750px\" \/><figcaption><em><span class=\"has-inline-color has-black-color\">(Foto: Reprodu\u00e7\u00e3o Giz Brasil)<\/span><\/em><\/figcaption><\/figure><\/div>\n\n\n\n<p>Possui asas mais estreitas, da cor laranja, com faixas pretas paralelas cont\u00ednuas entre as asas anteriores e posteriores. Quando vista por baixo, lembra uma folha seca. Habita florestas tropicais, subtropicais e \u00e1reas de vegeta\u00e7\u00e3o menos densa.<\/p>\n\n\n\n<div class=\"wp-block-image\"><figure class=\"aligncenter size-large is-resized\"><img loading=\"lazy\" decoding=\"async\" src=\"https:\/\/jornalfatosenoticias.com.br\/wp-content\/uploads\/2023\/03\/nova-logo-Marquetti.jpg\" alt=\"\" class=\"wp-image-40207\" width=\"304\" height=\"204\" srcset=\"https:\/\/jornalfatosenoticias.com.br\/wp-content\/uploads\/2023\/03\/nova-logo-Marquetti.jpg 643w, https:\/\/jornalfatosenoticias.com.br\/wp-content\/uploads\/2023\/03\/nova-logo-Marquetti-300x202.jpg 300w\" sizes=\"auto, (max-width: 304px) 100vw, 304px\" \/><\/figure><\/div>\n\n\n\n<p><strong><span class=\"has-inline-color has-vivid-green-cyan-color\">O que os olhos n\u00e3o veem<br><\/span><\/strong>Por que ser\u00e1 que essas pequenas voadoras s\u00e3o t\u00e3o coloridas? O principal motivo \u00e9 poder afastar e confundir seus predadores por meio da camuflagem, ou mesmo assust\u00e1-los. Algumas esp\u00e9cies de borboleta possuem manchas de cores muito vibrantes, o que no mundo animal costuma indicar perigo e toxicidade.<br>Mas as asas das borboletas s\u00e3o, na verdade, transparentes em sua base. O que acontece \u00e9 que elas s\u00e3o compostas por min\u00fasculas escamas pigmentadas e escamas difrativas, que refletem v\u00e1rios comprimentos de onda, mostrando diferentes cores. Subst\u00e2ncias qu\u00edmicas encontradas nas plantas das quais as borboletas se alimentam contribuem para a diversidade de pigmentos.<\/p>\n\n\n\n<div class=\"wp-block-image\"><figure class=\"aligncenter size-large is-resized\"><img loading=\"lazy\" decoding=\"async\" src=\"https:\/\/jornalfatosenoticias.com.br\/wp-content\/uploads\/2020\/02\/CONTROL-CS.jpg\" alt=\"\" class=\"wp-image-44991\" width=\"319\" height=\"383\" srcset=\"https:\/\/jornalfatosenoticias.com.br\/wp-content\/uploads\/2020\/02\/CONTROL-CS.jpg 834w, https:\/\/jornalfatosenoticias.com.br\/wp-content\/uploads\/2020\/02\/CONTROL-CS-250x300.jpg 250w, https:\/\/jornalfatosenoticias.com.br\/wp-content\/uploads\/2020\/02\/CONTROL-CS-768x921.jpg 768w\" sizes=\"auto, (max-width: 319px) 100vw, 319px\" \/><\/figure><\/div>\n\n\n\n<p>Outra curiosidade \u00e9 que as borboletas s\u00e3o capazes de enxergar muito mais cores do que n\u00f3s: enquanto nossos olhos possuem c\u00e9lulas sens\u00edveis \u00e0 luz vermelha, \u00e0 verde e \u00e0 azul, essas voadoras podem ter seis ou mais tipos de c\u00e9lulas sens\u00edveis \u00e0 luz e conseguem ver at\u00e9 mesmo a luz ultravioleta. Essa vis\u00e3o especial ajuda o inseto a encontrar flores para se alimentar do n\u00e9ctar.<\/p>\n\n\n\n<div class=\"wp-block-image\"><figure class=\"aligncenter size-large is-resized\"><img loading=\"lazy\" decoding=\"async\" src=\"https:\/\/jornalfatosenoticias.com.br\/wp-content\/uploads\/2023\/08\/ITH.jpeg\" alt=\"\" class=\"wp-image-44638\" width=\"330\" height=\"268\" srcset=\"https:\/\/jornalfatosenoticias.com.br\/wp-content\/uploads\/2023\/08\/ITH.jpeg 800w, https:\/\/jornalfatosenoticias.com.br\/wp-content\/uploads\/2023\/08\/ITH-300x244.jpeg 300w, https:\/\/jornalfatosenoticias.com.br\/wp-content\/uploads\/2023\/08\/ITH-768x624.jpeg 768w\" sizes=\"auto, (max-width: 330px) 100vw, 330px\" \/><\/figure><\/div>\n\n\n\n<p>Inclusive, se voc\u00ea possui um jardim em casa, pode optar por determinadas plantas para atrair mais borboletas e deixar o seu quintal mais vivo e colorido. Entre as preferidas desses animais, est\u00e3o a helic\u00f4nia, cambar\u00e1, hibisco, lavanda, margaridas e girassol.<\/p>\n\n\n\n<div class=\"wp-block-image\"><figure class=\"aligncenter size-large is-resized\"><img loading=\"lazy\" decoding=\"async\" src=\"https:\/\/jornalfatosenoticias.com.br\/wp-content\/uploads\/2024\/01\/consultoria-ambiental.jpg\" alt=\"\" class=\"wp-image-48314\" width=\"304\" height=\"275\" srcset=\"https:\/\/jornalfatosenoticias.com.br\/wp-content\/uploads\/2024\/01\/consultoria-ambiental.jpg 832w, https:\/\/jornalfatosenoticias.com.br\/wp-content\/uploads\/2024\/01\/consultoria-ambiental-300x272.jpg 300w, https:\/\/jornalfatosenoticias.com.br\/wp-content\/uploads\/2024\/01\/consultoria-ambiental-768x696.jpg 768w\" sizes=\"auto, (max-width: 304px) 100vw, 304px\" \/><\/figure><\/div>\n\n\n\n<p><em>Essa mat\u00e9ria contou com a colabora\u00e7\u00e3o da zo\u00f3loga Erika Hingst-Zaher, diretora do Museu Biol\u00f3gico do Instituto Butantan.<\/em><\/p>\n\n\n\n<p><strong><span class=\"has-inline-color has-vivid-purple-color\">Refer\u00eancias<br><\/span><a href=\"https:\/\/www.revistas.usp.br\/paz\/article\/view\/195439\/198135\" target=\"_blank\" rel=\"noreferrer noopener\">Estudo do Butantan: \u201cButterflies (Lepidoptera: Papilionoidea) of the urban park of Instituto Butantan, S\u00e3o Paulo, Southeastern Brazil\u201d<\/a><\/strong><\/p>\n\n\n\n<p><strong><a href=\"https:\/\/www.cambridgebutterfly.com\/all-about-butterflies\/#1507303379210-b59d35ae-a6bc\" target=\"_blank\" rel=\"noreferrer noopener\">Cambridge Butterfly Conservatory<\/a><\/strong><\/p>\n\n\n\n<p><strong><a href=\"http:\/\/borboletariodesaopaulo.com.br\/\" target=\"_blank\" rel=\"noreferrer noopener\">Borbolet\u00e1rio de S\u00e3o Paulo<\/a><\/strong><\/p>\n\n\n\n<div class=\"wp-block-image\"><figure class=\"aligncenter size-large is-resized\"><img loading=\"lazy\" decoding=\"async\" src=\"https:\/\/jornalfatosenoticias.com.br\/wp-content\/uploads\/2023\/03\/logo-Panper_portal.jpg\" alt=\"\" class=\"wp-image-40208\" width=\"358\" height=\"248\" srcset=\"https:\/\/jornalfatosenoticias.com.br\/wp-content\/uploads\/2023\/03\/logo-Panper_portal.jpg 400w, https:\/\/jornalfatosenoticias.com.br\/wp-content\/uploads\/2023\/03\/logo-Panper_portal-300x208.jpg 300w\" sizes=\"auto, (max-width: 358px) 100vw, 358px\" \/><\/figure><\/div>\n\n\n\n<p><strong><em>Fonte: <a href=\"https:\/\/gizmodo.uol.com.br\/lindas-coloridas-e-essenciais-para-a-natureza-mais-de-300-especies-de-borboletas-habitam-o-parque-da-ciencia\/\">Giz Brasil<\/a><\/em><\/strong><\/p>\n","protected":false},"excerpt":{"rendered":"<p>Al\u00e9m de embelezar o ambiente, esses insetos s\u00e3o importantes polinizadores e indicadores da qualidade do ar Por Aline Tavares\/Instituto Butantan Certamente voc\u00ea j\u00e1 ficou maravilhado (e curioso) ao observar esses pequenos seres multicoloridos voando por a\u00ed. Diferente de outros insetos que por vezes causam medo ou repulsa, as borboletas s\u00e3o muito celebradas por sua beleza. [&hellip;]<\/p>\n","protected":false},"author":2,"featured_media":50309,"comment_status":"open","ping_status":"open","sticky":false,"template":"","format":"standard","meta":{"footnotes":""},"categories":[8],"tags":[1264,3290,2365,23205],"class_list":["post-50304","post","type-post","status-publish","format-standard","has-post-thumbnail","hentry","category-meio-ambiente","tag-animais","tag-borboletas","tag-instituto-butantan","tag-parque-da-ciencia"],"yoast_head":"<!-- This site is optimized with the Yoast SEO plugin v26.5 - https:\/\/yoast.com\/wordpress\/plugins\/seo\/ -->\n<title>Lindas, coloridas e essenciais para a natureza: mais de 300 esp\u00e9cies de borboletas habitam o Parque da Ci\u00eancia - Jornal Fatos e Not\u00edcias<\/title>\n<meta name=\"robots\" content=\"index, follow, max-snippet:-1, max-image-preview:large, max-video-preview:-1\" \/>\n<link rel=\"canonical\" href=\"https:\/\/jornalfatosenoticias.com.br\/index.php\/2024\/04\/01\/lindas-coloridas-e-essenciais-para-a-natureza-mais-de-300-especies-de-borboletas-habitam-o-parque-da-ciencia\/\" \/>\n<meta property=\"og:locale\" content=\"pt_BR\" \/>\n<meta property=\"og:type\" content=\"article\" \/>\n<meta property=\"og:title\" content=\"Lindas, coloridas e essenciais para a natureza: mais de 300 esp\u00e9cies de borboletas habitam o Parque da Ci\u00eancia - Jornal Fatos e Not\u00edcias\" \/>\n<meta property=\"og:description\" content=\"Al\u00e9m de embelezar o ambiente, esses insetos s\u00e3o importantes polinizadores e indicadores da qualidade do ar Por Aline Tavares\/Instituto Butantan Certamente voc\u00ea j\u00e1 ficou maravilhado (e curioso) ao observar esses pequenos seres multicoloridos voando por a\u00ed. Diferente de outros insetos que por vezes causam medo ou repulsa, as borboletas s\u00e3o muito celebradas por sua beleza. [&hellip;]\" \/>\n<meta property=\"og:url\" content=\"https:\/\/jornalfatosenoticias.com.br\/index.php\/2024\/04\/01\/lindas-coloridas-e-essenciais-para-a-natureza-mais-de-300-especies-de-borboletas-habitam-o-parque-da-ciencia\/\" \/>\n<meta property=\"og:site_name\" content=\"Jornal Fatos e Not\u00edcias\" \/>\n<meta property=\"article:published_time\" content=\"2024-04-01T13:28:36+00:00\" \/>\n<meta property=\"article:modified_time\" content=\"2024-04-01T13:28:38+00:00\" \/>\n<meta property=\"og:image\" content=\"https:\/\/jornalfatosenoticias.com.br\/wp-content\/uploads\/2024\/04\/borboleta_capa_gettyimages.jpg\" \/>\n\t<meta property=\"og:image:width\" content=\"612\" \/>\n\t<meta property=\"og:image:height\" content=\"408\" \/>\n\t<meta property=\"og:image:type\" content=\"image\/jpeg\" \/>\n<meta name=\"author\" content=\"Luzimara Fernandes\" \/>\n<meta name=\"twitter:card\" content=\"summary_large_image\" \/>\n<meta name=\"twitter:label1\" content=\"Escrito por\" \/>\n\t<meta name=\"twitter:data1\" content=\"Luzimara Fernandes\" \/>\n\t<meta name=\"twitter:label2\" content=\"Est. tempo de leitura\" \/>\n\t<meta name=\"twitter:data2\" content=\"5 minutos\" \/>\n<script type=\"application\/ld+json\" class=\"yoast-schema-graph\">{\"@context\":\"https:\/\/schema.org\",\"@graph\":[{\"@type\":\"Article\",\"@id\":\"https:\/\/jornalfatosenoticias.com.br\/index.php\/2024\/04\/01\/lindas-coloridas-e-essenciais-para-a-natureza-mais-de-300-especies-de-borboletas-habitam-o-parque-da-ciencia\/#article\",\"isPartOf\":{\"@id\":\"https:\/\/jornalfatosenoticias.com.br\/index.php\/2024\/04\/01\/lindas-coloridas-e-essenciais-para-a-natureza-mais-de-300-especies-de-borboletas-habitam-o-parque-da-ciencia\/\"},\"author\":{\"name\":\"Luzimara Fernandes\",\"@id\":\"https:\/\/jornalfatosenoticias.com.br\/#\/schema\/person\/d63837fa13ac8666eb9e74e0985d6f81\"},\"headline\":\"Lindas, coloridas e essenciais para a natureza: mais de 300 esp\u00e9cies de borboletas habitam o Parque da Ci\u00eancia\",\"datePublished\":\"2024-04-01T13:28:36+00:00\",\"dateModified\":\"2024-04-01T13:28:38+00:00\",\"mainEntityOfPage\":{\"@id\":\"https:\/\/jornalfatosenoticias.com.br\/index.php\/2024\/04\/01\/lindas-coloridas-e-essenciais-para-a-natureza-mais-de-300-especies-de-borboletas-habitam-o-parque-da-ciencia\/\"},\"wordCount\":967,\"commentCount\":0,\"publisher\":{\"@id\":\"https:\/\/jornalfatosenoticias.com.br\/#organization\"},\"image\":{\"@id\":\"https:\/\/jornalfatosenoticias.com.br\/index.php\/2024\/04\/01\/lindas-coloridas-e-essenciais-para-a-natureza-mais-de-300-especies-de-borboletas-habitam-o-parque-da-ciencia\/#primaryimage\"},\"thumbnailUrl\":\"https:\/\/jornalfatosenoticias.com.br\/wp-content\/uploads\/2024\/04\/borboleta_capa_gettyimages.jpg\",\"keywords\":[\"animais\",\"borboletas\",\"Instituto Butantan\",\"Parque da Ci\u00eancia\"],\"articleSection\":[\"Meio ambiente\"],\"inLanguage\":\"pt-BR\",\"potentialAction\":[{\"@type\":\"CommentAction\",\"name\":\"Comment\",\"target\":[\"https:\/\/jornalfatosenoticias.com.br\/index.php\/2024\/04\/01\/lindas-coloridas-e-essenciais-para-a-natureza-mais-de-300-especies-de-borboletas-habitam-o-parque-da-ciencia\/#respond\"]}]},{\"@type\":\"WebPage\",\"@id\":\"https:\/\/jornalfatosenoticias.com.br\/index.php\/2024\/04\/01\/lindas-coloridas-e-essenciais-para-a-natureza-mais-de-300-especies-de-borboletas-habitam-o-parque-da-ciencia\/\",\"url\":\"https:\/\/jornalfatosenoticias.com.br\/index.php\/2024\/04\/01\/lindas-coloridas-e-essenciais-para-a-natureza-mais-de-300-especies-de-borboletas-habitam-o-parque-da-ciencia\/\",\"name\":\"Lindas, coloridas e essenciais para a natureza: mais de 300 esp\u00e9cies de borboletas habitam o Parque da Ci\u00eancia - Jornal Fatos e Not\u00edcias\",\"isPartOf\":{\"@id\":\"https:\/\/jornalfatosenoticias.com.br\/#website\"},\"primaryImageOfPage\":{\"@id\":\"https:\/\/jornalfatosenoticias.com.br\/index.php\/2024\/04\/01\/lindas-coloridas-e-essenciais-para-a-natureza-mais-de-300-especies-de-borboletas-habitam-o-parque-da-ciencia\/#primaryimage\"},\"image\":{\"@id\":\"https:\/\/jornalfatosenoticias.com.br\/index.php\/2024\/04\/01\/lindas-coloridas-e-essenciais-para-a-natureza-mais-de-300-especies-de-borboletas-habitam-o-parque-da-ciencia\/#primaryimage\"},\"thumbnailUrl\":\"https:\/\/jornalfatosenoticias.com.br\/wp-content\/uploads\/2024\/04\/borboleta_capa_gettyimages.jpg\",\"datePublished\":\"2024-04-01T13:28:36+00:00\",\"dateModified\":\"2024-04-01T13:28:38+00:00\",\"breadcrumb\":{\"@id\":\"https:\/\/jornalfatosenoticias.com.br\/index.php\/2024\/04\/01\/lindas-coloridas-e-essenciais-para-a-natureza-mais-de-300-especies-de-borboletas-habitam-o-parque-da-ciencia\/#breadcrumb\"},\"inLanguage\":\"pt-BR\",\"potentialAction\":[{\"@type\":\"ReadAction\",\"target\":[\"https:\/\/jornalfatosenoticias.com.br\/index.php\/2024\/04\/01\/lindas-coloridas-e-essenciais-para-a-natureza-mais-de-300-especies-de-borboletas-habitam-o-parque-da-ciencia\/\"]}]},{\"@type\":\"ImageObject\",\"inLanguage\":\"pt-BR\",\"@id\":\"https:\/\/jornalfatosenoticias.com.br\/index.php\/2024\/04\/01\/lindas-coloridas-e-essenciais-para-a-natureza-mais-de-300-especies-de-borboletas-habitam-o-parque-da-ciencia\/#primaryimage\",\"url\":\"https:\/\/jornalfatosenoticias.com.br\/wp-content\/uploads\/2024\/04\/borboleta_capa_gettyimages.jpg\",\"contentUrl\":\"https:\/\/jornalfatosenoticias.com.br\/wp-content\/uploads\/2024\/04\/borboleta_capa_gettyimages.jpg\",\"width\":612,\"height\":408,\"caption\":\"Monarch butterfly on orange lantana\"},{\"@type\":\"BreadcrumbList\",\"@id\":\"https:\/\/jornalfatosenoticias.com.br\/index.php\/2024\/04\/01\/lindas-coloridas-e-essenciais-para-a-natureza-mais-de-300-especies-de-borboletas-habitam-o-parque-da-ciencia\/#breadcrumb\",\"itemListElement\":[{\"@type\":\"ListItem\",\"position\":1,\"name\":\"In\u00edcio\",\"item\":\"https:\/\/jornalfatosenoticias.com.br\/\"},{\"@type\":\"ListItem\",\"position\":2,\"name\":\"Lindas, coloridas e essenciais para a natureza: mais de 300 esp\u00e9cies de borboletas habitam o Parque da Ci\u00eancia\"}]},{\"@type\":\"WebSite\",\"@id\":\"https:\/\/jornalfatosenoticias.com.br\/#website\",\"url\":\"https:\/\/jornalfatosenoticias.com.br\/\",\"name\":\"Jornal Fatos e Not\u00edcias\",\"description\":\"Not\u00edcias em geral\",\"publisher\":{\"@id\":\"https:\/\/jornalfatosenoticias.com.br\/#organization\"},\"potentialAction\":[{\"@type\":\"SearchAction\",\"target\":{\"@type\":\"EntryPoint\",\"urlTemplate\":\"https:\/\/jornalfatosenoticias.com.br\/?s={search_term_string}\"},\"query-input\":{\"@type\":\"PropertyValueSpecification\",\"valueRequired\":true,\"valueName\":\"search_term_string\"}}],\"inLanguage\":\"pt-BR\"},{\"@type\":\"Organization\",\"@id\":\"https:\/\/jornalfatosenoticias.com.br\/#organization\",\"name\":\"Jornal Fatos e Not\u00edcias\",\"url\":\"https:\/\/jornalfatosenoticias.com.br\/\",\"logo\":{\"@type\":\"ImageObject\",\"inLanguage\":\"pt-BR\",\"@id\":\"https:\/\/jornalfatosenoticias.com.br\/#\/schema\/logo\/image\/\",\"url\":\"https:\/\/jornalfatosenoticias.com.br\/wp-content\/uploads\/2020\/02\/logo120.png\",\"contentUrl\":\"https:\/\/jornalfatosenoticias.com.br\/wp-content\/uploads\/2020\/02\/logo120.png\",\"width\":1227,\"height\":120,\"caption\":\"Jornal Fatos e Not\u00edcias\"},\"image\":{\"@id\":\"https:\/\/jornalfatosenoticias.com.br\/#\/schema\/logo\/image\/\"}},{\"@type\":\"Person\",\"@id\":\"https:\/\/jornalfatosenoticias.com.br\/#\/schema\/person\/d63837fa13ac8666eb9e74e0985d6f81\",\"name\":\"Luzimara Fernandes\",\"image\":{\"@type\":\"ImageObject\",\"inLanguage\":\"pt-BR\",\"@id\":\"https:\/\/jornalfatosenoticias.com.br\/#\/schema\/person\/image\/\",\"url\":\"https:\/\/jornalfatosenoticias.com.br\/wp-content\/uploads\/2025\/05\/EU_portal.jpg\",\"contentUrl\":\"https:\/\/jornalfatosenoticias.com.br\/wp-content\/uploads\/2025\/05\/EU_portal.jpg\",\"caption\":\"Luzimara Fernandes\"},\"description\":\"Jornalista MTB 2358-ES\",\"sameAs\":[\"https:\/\/jornalfatosenoticias.com.br\"],\"url\":\"https:\/\/jornalfatosenoticias.com.br\/index.php\/author\/luzimara\/\"}]}<\/script>\n<!-- \/ Yoast SEO plugin. -->","yoast_head_json":{"title":"Lindas, coloridas e essenciais para a natureza: mais de 300 esp\u00e9cies de borboletas habitam o Parque da Ci\u00eancia - Jornal Fatos e Not\u00edcias","robots":{"index":"index","follow":"follow","max-snippet":"max-snippet:-1","max-image-preview":"max-image-preview:large","max-video-preview":"max-video-preview:-1"},"canonical":"https:\/\/jornalfatosenoticias.com.br\/index.php\/2024\/04\/01\/lindas-coloridas-e-essenciais-para-a-natureza-mais-de-300-especies-de-borboletas-habitam-o-parque-da-ciencia\/","og_locale":"pt_BR","og_type":"article","og_title":"Lindas, coloridas e essenciais para a natureza: mais de 300 esp\u00e9cies de borboletas habitam o Parque da Ci\u00eancia - Jornal Fatos e Not\u00edcias","og_description":"Al\u00e9m de embelezar o ambiente, esses insetos s\u00e3o importantes polinizadores e indicadores da qualidade do ar Por Aline Tavares\/Instituto Butantan Certamente voc\u00ea j\u00e1 ficou maravilhado (e curioso) ao observar esses pequenos seres multicoloridos voando por a\u00ed. Diferente de outros insetos que por vezes causam medo ou repulsa, as borboletas s\u00e3o muito celebradas por sua beleza. [&hellip;]","og_url":"https:\/\/jornalfatosenoticias.com.br\/index.php\/2024\/04\/01\/lindas-coloridas-e-essenciais-para-a-natureza-mais-de-300-especies-de-borboletas-habitam-o-parque-da-ciencia\/","og_site_name":"Jornal Fatos e Not\u00edcias","article_published_time":"2024-04-01T13:28:36+00:00","article_modified_time":"2024-04-01T13:28:38+00:00","og_image":[{"width":612,"height":408,"url":"https:\/\/jornalfatosenoticias.com.br\/wp-content\/uploads\/2024\/04\/borboleta_capa_gettyimages.jpg","type":"image\/jpeg"}],"author":"Luzimara Fernandes","twitter_card":"summary_large_image","twitter_misc":{"Escrito por":"Luzimara Fernandes","Est. tempo de leitura":"5 minutos"},"schema":{"@context":"https:\/\/schema.org","@graph":[{"@type":"Article","@id":"https:\/\/jornalfatosenoticias.com.br\/index.php\/2024\/04\/01\/lindas-coloridas-e-essenciais-para-a-natureza-mais-de-300-especies-de-borboletas-habitam-o-parque-da-ciencia\/#article","isPartOf":{"@id":"https:\/\/jornalfatosenoticias.com.br\/index.php\/2024\/04\/01\/lindas-coloridas-e-essenciais-para-a-natureza-mais-de-300-especies-de-borboletas-habitam-o-parque-da-ciencia\/"},"author":{"name":"Luzimara Fernandes","@id":"https:\/\/jornalfatosenoticias.com.br\/#\/schema\/person\/d63837fa13ac8666eb9e74e0985d6f81"},"headline":"Lindas, coloridas e essenciais para a natureza: mais de 300 esp\u00e9cies de borboletas habitam o Parque da Ci\u00eancia","datePublished":"2024-04-01T13:28:36+00:00","dateModified":"2024-04-01T13:28:38+00:00","mainEntityOfPage":{"@id":"https:\/\/jornalfatosenoticias.com.br\/index.php\/2024\/04\/01\/lindas-coloridas-e-essenciais-para-a-natureza-mais-de-300-especies-de-borboletas-habitam-o-parque-da-ciencia\/"},"wordCount":967,"commentCount":0,"publisher":{"@id":"https:\/\/jornalfatosenoticias.com.br\/#organization"},"image":{"@id":"https:\/\/jornalfatosenoticias.com.br\/index.php\/2024\/04\/01\/lindas-coloridas-e-essenciais-para-a-natureza-mais-de-300-especies-de-borboletas-habitam-o-parque-da-ciencia\/#primaryimage"},"thumbnailUrl":"https:\/\/jornalfatosenoticias.com.br\/wp-content\/uploads\/2024\/04\/borboleta_capa_gettyimages.jpg","keywords":["animais","borboletas","Instituto Butantan","Parque da Ci\u00eancia"],"articleSection":["Meio ambiente"],"inLanguage":"pt-BR","potentialAction":[{"@type":"CommentAction","name":"Comment","target":["https:\/\/jornalfatosenoticias.com.br\/index.php\/2024\/04\/01\/lindas-coloridas-e-essenciais-para-a-natureza-mais-de-300-especies-de-borboletas-habitam-o-parque-da-ciencia\/#respond"]}]},{"@type":"WebPage","@id":"https:\/\/jornalfatosenoticias.com.br\/index.php\/2024\/04\/01\/lindas-coloridas-e-essenciais-para-a-natureza-mais-de-300-especies-de-borboletas-habitam-o-parque-da-ciencia\/","url":"https:\/\/jornalfatosenoticias.com.br\/index.php\/2024\/04\/01\/lindas-coloridas-e-essenciais-para-a-natureza-mais-de-300-especies-de-borboletas-habitam-o-parque-da-ciencia\/","name":"Lindas, coloridas e essenciais para a natureza: mais de 300 esp\u00e9cies de borboletas habitam o Parque da Ci\u00eancia - Jornal Fatos e Not\u00edcias","isPartOf":{"@id":"https:\/\/jornalfatosenoticias.com.br\/#website"},"primaryImageOfPage":{"@id":"https:\/\/jornalfatosenoticias.com.br\/index.php\/2024\/04\/01\/lindas-coloridas-e-essenciais-para-a-natureza-mais-de-300-especies-de-borboletas-habitam-o-parque-da-ciencia\/#primaryimage"},"image":{"@id":"https:\/\/jornalfatosenoticias.com.br\/index.php\/2024\/04\/01\/lindas-coloridas-e-essenciais-para-a-natureza-mais-de-300-especies-de-borboletas-habitam-o-parque-da-ciencia\/#primaryimage"},"thumbnailUrl":"https:\/\/jornalfatosenoticias.com.br\/wp-content\/uploads\/2024\/04\/borboleta_capa_gettyimages.jpg","datePublished":"2024-04-01T13:28:36+00:00","dateModified":"2024-04-01T13:28:38+00:00","breadcrumb":{"@id":"https:\/\/jornalfatosenoticias.com.br\/index.php\/2024\/04\/01\/lindas-coloridas-e-essenciais-para-a-natureza-mais-de-300-especies-de-borboletas-habitam-o-parque-da-ciencia\/#breadcrumb"},"inLanguage":"pt-BR","potentialAction":[{"@type":"ReadAction","target":["https:\/\/jornalfatosenoticias.com.br\/index.php\/2024\/04\/01\/lindas-coloridas-e-essenciais-para-a-natureza-mais-de-300-especies-de-borboletas-habitam-o-parque-da-ciencia\/"]}]},{"@type":"ImageObject","inLanguage":"pt-BR","@id":"https:\/\/jornalfatosenoticias.com.br\/index.php\/2024\/04\/01\/lindas-coloridas-e-essenciais-para-a-natureza-mais-de-300-especies-de-borboletas-habitam-o-parque-da-ciencia\/#primaryimage","url":"https:\/\/jornalfatosenoticias.com.br\/wp-content\/uploads\/2024\/04\/borboleta_capa_gettyimages.jpg","contentUrl":"https:\/\/jornalfatosenoticias.com.br\/wp-content\/uploads\/2024\/04\/borboleta_capa_gettyimages.jpg","width":612,"height":408,"caption":"Monarch butterfly on orange lantana"},{"@type":"BreadcrumbList","@id":"https:\/\/jornalfatosenoticias.com.br\/index.php\/2024\/04\/01\/lindas-coloridas-e-essenciais-para-a-natureza-mais-de-300-especies-de-borboletas-habitam-o-parque-da-ciencia\/#breadcrumb","itemListElement":[{"@type":"ListItem","position":1,"name":"In\u00edcio","item":"https:\/\/jornalfatosenoticias.com.br\/"},{"@type":"ListItem","position":2,"name":"Lindas, coloridas e essenciais para a natureza: mais de 300 esp\u00e9cies de borboletas habitam o Parque da Ci\u00eancia"}]},{"@type":"WebSite","@id":"https:\/\/jornalfatosenoticias.com.br\/#website","url":"https:\/\/jornalfatosenoticias.com.br\/","name":"Jornal Fatos e Not\u00edcias","description":"Not\u00edcias em geral","publisher":{"@id":"https:\/\/jornalfatosenoticias.com.br\/#organization"},"potentialAction":[{"@type":"SearchAction","target":{"@type":"EntryPoint","urlTemplate":"https:\/\/jornalfatosenoticias.com.br\/?s={search_term_string}"},"query-input":{"@type":"PropertyValueSpecification","valueRequired":true,"valueName":"search_term_string"}}],"inLanguage":"pt-BR"},{"@type":"Organization","@id":"https:\/\/jornalfatosenoticias.com.br\/#organization","name":"Jornal Fatos e Not\u00edcias","url":"https:\/\/jornalfatosenoticias.com.br\/","logo":{"@type":"ImageObject","inLanguage":"pt-BR","@id":"https:\/\/jornalfatosenoticias.com.br\/#\/schema\/logo\/image\/","url":"https:\/\/jornalfatosenoticias.com.br\/wp-content\/uploads\/2020\/02\/logo120.png","contentUrl":"https:\/\/jornalfatosenoticias.com.br\/wp-content\/uploads\/2020\/02\/logo120.png","width":1227,"height":120,"caption":"Jornal Fatos e Not\u00edcias"},"image":{"@id":"https:\/\/jornalfatosenoticias.com.br\/#\/schema\/logo\/image\/"}},{"@type":"Person","@id":"https:\/\/jornalfatosenoticias.com.br\/#\/schema\/person\/d63837fa13ac8666eb9e74e0985d6f81","name":"Luzimara Fernandes","image":{"@type":"ImageObject","inLanguage":"pt-BR","@id":"https:\/\/jornalfatosenoticias.com.br\/#\/schema\/person\/image\/","url":"https:\/\/jornalfatosenoticias.com.br\/wp-content\/uploads\/2025\/05\/EU_portal.jpg","contentUrl":"https:\/\/jornalfatosenoticias.com.br\/wp-content\/uploads\/2025\/05\/EU_portal.jpg","caption":"Luzimara Fernandes"},"description":"Jornalista MTB 2358-ES","sameAs":["https:\/\/jornalfatosenoticias.com.br"],"url":"https:\/\/jornalfatosenoticias.com.br\/index.php\/author\/luzimara\/"}]}},"cc_featured_image_caption":{"caption_text":"(Foto: Getty Images)","source_text":"","source_url":""},"jetpack_featured_media_url":"https:\/\/jornalfatosenoticias.com.br\/wp-content\/uploads\/2024\/04\/borboleta_capa_gettyimages.jpg","_links":{"self":[{"href":"https:\/\/jornalfatosenoticias.com.br\/index.php\/wp-json\/wp\/v2\/posts\/50304","targetHints":{"allow":["GET"]}}],"collection":[{"href":"https:\/\/jornalfatosenoticias.com.br\/index.php\/wp-json\/wp\/v2\/posts"}],"about":[{"href":"https:\/\/jornalfatosenoticias.com.br\/index.php\/wp-json\/wp\/v2\/types\/post"}],"author":[{"embeddable":true,"href":"https:\/\/jornalfatosenoticias.com.br\/index.php\/wp-json\/wp\/v2\/users\/2"}],"replies":[{"embeddable":true,"href":"https:\/\/jornalfatosenoticias.com.br\/index.php\/wp-json\/wp\/v2\/comments?post=50304"}],"version-history":[{"count":0,"href":"https:\/\/jornalfatosenoticias.com.br\/index.php\/wp-json\/wp\/v2\/posts\/50304\/revisions"}],"wp:featuredmedia":[{"embeddable":true,"href":"https:\/\/jornalfatosenoticias.com.br\/index.php\/wp-json\/wp\/v2\/media\/50309"}],"wp:attachment":[{"href":"https:\/\/jornalfatosenoticias.com.br\/index.php\/wp-json\/wp\/v2\/media?parent=50304"}],"wp:term":[{"taxonomy":"category","embeddable":true,"href":"https:\/\/jornalfatosenoticias.com.br\/index.php\/wp-json\/wp\/v2\/categories?post=50304"},{"taxonomy":"post_tag","embeddable":true,"href":"https:\/\/jornalfatosenoticias.com.br\/index.php\/wp-json\/wp\/v2\/tags?post=50304"}],"curies":[{"name":"wp","href":"https:\/\/api.w.org\/{rel}","templated":true}]}}