{"id":50311,"date":"2024-04-01T11:14:19","date_gmt":"2024-04-01T14:14:19","guid":{"rendered":"https:\/\/jornalfatosenoticias.com.br\/?p=50311"},"modified":"2024-04-01T11:14:20","modified_gmt":"2024-04-01T14:14:20","slug":"quase-30-das-criancas-e-adolescentes-sentem-dores-em-musculos-ossos-ou-ligamentos-aponta-estudo","status":"publish","type":"post","link":"https:\/\/jornalfatosenoticias.com.br\/index.php\/2024\/04\/01\/quase-30-das-criancas-e-adolescentes-sentem-dores-em-musculos-ossos-ou-ligamentos-aponta-estudo\/","title":{"rendered":"Quase 30% das crian\u00e7as e adolescentes sentem dores em m\u00fasculos, ossos ou ligamentos, aponta estudo"},"content":{"rendered":"\n<p><em><span class=\"has-inline-color has-black-color\">Resultados apontam as costas e as pernas como as principais partes do corpo afetadas<\/span><\/em><\/p>\n\n\n\n<p><span class=\"has-inline-color has-black-color\">Por <strong>Julia Moi\u00f3li\/<a href=\"https:\/\/gizmodo.uol.com.br\/author\/agencia-fapesp\/\">Ag\u00eancia Fapesp<\/a><\/strong><\/span><\/p>\n\n\n\n<div class=\"wp-block-image\"><figure class=\"aligncenter size-large\"><img loading=\"lazy\" decoding=\"async\" width=\"729\" height=\"90\" src=\"https:\/\/jornalfatosenoticias.com.br\/wp-content\/uploads\/2020\/02\/Logo_Mizu.png\" alt=\"\" class=\"wp-image-1441\" srcset=\"https:\/\/jornalfatosenoticias.com.br\/wp-content\/uploads\/2020\/02\/Logo_Mizu.png 729w, https:\/\/jornalfatosenoticias.com.br\/wp-content\/uploads\/2020\/02\/Logo_Mizu-300x37.png 300w\" sizes=\"auto, (max-width: 729px) 100vw, 729px\" \/><\/figure><\/div>\n\n\n\n<p>Cerca de 27% das crian\u00e7as e adolescentes brasileiros sofrem com dores sem causa espec\u00edfica em ossos, ligamentos e m\u00fasculos \u2014 a chamada dor musculoesquel\u00e9tica \u2014 de acordo com estudo <strong><a href=\"https:\/\/www.sciencedirect.com\/science\/article\/abs\/pii\/S1413355524000042\" target=\"_blank\" rel=\"noreferrer noopener\">publicado<\/a><\/strong>\u00a0recentemente no\u00a0<em>Brazilian Journal of Physical Therapy<\/em>. Al\u00e9m de contribuir para desmistificar o problema, que, segundo os autores, \u00e9 frequentemente subestimado por pais e profissionais da sa\u00fade, conhecer sua extens\u00e3o permite planejar melhor os gastos com dor cr\u00f4nica em adultos, considerada a <strong><a href=\"https:\/\/www.thelancet.com\/series\/chronic-pain\" target=\"_blank\" rel=\"noreferrer noopener\">principal causa<\/a><\/strong> de incapacidade em todo o mundo.<br>No Brasil, o Minist\u00e9rio da Sa\u00fade estima que mais de 35% dos brasileiros com mais de 50 anos sofram de dor cr\u00f4nica. No ano passado, inclusive, foi sancionada a lei <strong><a href=\"https:\/\/www.planalto.gov.br\/ccivil_03\/_ato2023-2026\/2023\/lei\/l14705.htm#:~:text=LEI%20N%C2%BA%2014.705%2C%20DE%2025%20DE%20OUTUBRO%20DE%202023&amp;text=Estabelece%20diretrizes%20para%20o%20atendimento,Regional%20ou%20outras%20doen%C3%A7as%20correlatas\" target=\"_blank\" rel=\"noreferrer noopener\">14.705\/23<\/a><\/strong>, que determina as diretrizes para o atendimento desses pacientes pelo Sistema \u00danico de Sa\u00fade (SUS). Embora grande parte dos fatores de risco para a condi\u00e7\u00e3o sejam pouco conhecidos, um dos mais bem estabelecidos \u00e9 o hist\u00f3rico de dor pr\u00e9via \u2014 com relatos na literatura cient\u00edfica sobre seu aparecimento na adolesc\u00eancia.<\/p>\n\n\n\n<div class=\"wp-block-image\"><figure class=\"aligncenter size-large is-resized\"><img loading=\"lazy\" decoding=\"async\" src=\"https:\/\/jornalfatosenoticias.com.br\/wp-content\/uploads\/2022\/02\/Precisao-Contabilidade-1024x724.jpg\" alt=\"\" class=\"wp-image-28088\" width=\"320\" height=\"226\"\/><\/figure><\/div>\n\n\n\n<blockquote class=\"wp-block-quote is-layout-flow wp-block-quote-is-layout-flow\"><p><span class=\"has-inline-color has-luminous-vivid-orange-color\">Ainda assim, ao redor do mundo, h\u00e1 poucos estudos sobre a preval\u00eancia de dor musculoesquel\u00e9tica entre jovens, com dados incertos, variando de 4% a 40%, porque n\u00e3o utilizam conceitos padronizados\u201d, afirma T<strong><a href=\"https:\/\/bv.fapesp.br\/pt\/pesquisador\/703686\/tie-parma-yamato\/\" target=\"_blank\" rel=\"noreferrer noopener\">Ti\u00ea Parma Yamato<\/a><\/strong>, pesquisadora associada da Universidade Cidade de S\u00e3o Paulo (Unicid) e da Universidade de Sydney (Austr\u00e1lia) que coordenou a investiga\u00e7\u00e3o. \u201cNo Brasil, esse n\u00famero parece variar de 20% a 45% de acordo com estudos pr\u00e9vios, por\u00e9m, a grande maioria dos trabalhos investigou condi\u00e7\u00f5es musculoesquel\u00e9ticas espec\u00edficas, n\u00e3o considerou o impacto da dor nas atividades de vida di\u00e1ria das crian\u00e7as e adolescentes e foi realizada em cidades de pequeno porte\u201d.<\/span><\/p><\/blockquote>\n\n\n\n<div class=\"wp-block-image\"><figure class=\"aligncenter size-large\"><img decoding=\"async\" src=\"https:\/\/jornalfatosenoticias.com.br\/wp-content\/uploads\/2020\/02\/barao-das-carnes-300x164-1.jpg\" alt=\"\" class=\"wp-image-34339\"\/><\/figure><\/div>\n\n\n\n<p>Na pesquisa coordenada por Yamato, que recebeu financiamento da Fapesp por meio de tr\u00eas projetos (<strong><a href=\"https:\/\/bv.fapesp.br\/pt\/auxilios\/103531\/prevalencia-e-fatores-prognosticos-da-dor-musculoesqueletica-em-criancas-e-adolescentes-na-cidade-de\/?q=17\/17484-1\" target=\"_blank\" rel=\"noreferrer noopener\">17\/17484-1<\/a><\/strong>,\u00a0<strong><a href=\"https:\/\/bv.fapesp.br\/pt\/bolsas\/185884\/\/?q=19\/10330-4\" target=\"_blank\" rel=\"noreferrer noopener\">19\/10330-4<\/a><\/strong>\u00a0e\u00a0<strong><a href=\"https:\/\/bv.fapesp.br\/pt\/bolsas\/187078\/prevalencia-e-fatores-prognosticos-da-dor-musculoesqueletica-incapacitante-em-criancas-e-adolescente\/?q=19\/12049-0\" target=\"_blank\" rel=\"noreferrer noopener\">19\/12049-0<\/a><\/strong>), 2.688 crian\u00e7as e adolescentes com idade m\u00e9dia de 12 anos, provenientes de 28 escolas p\u00fablicas e privadas dos Estados do Cear\u00e1 (cidade de Fortaleza) e de S\u00e3o Paulo (cidades de Itu, Salto, S\u00e3o Sebasti\u00e3o e S\u00e3o Paulo), responderam a um question\u00e1rio com perguntas sobre a ocorr\u00eancia de dor no corpo capaz de causar impacto em sua vida cotidiana, como faltar na escola e\/ou impedir a realiza\u00e7\u00e3o de atividades do dia a dia e\/ou esportivas.<\/p>\n\n\n\n<div class=\"wp-block-image\"><figure class=\"aligncenter size-large is-resized\"><img loading=\"lazy\" decoding=\"async\" src=\"https:\/\/jornalfatosenoticias.com.br\/wp-content\/uploads\/2020\/02\/logo-Rapuzel-1024x571.jpg\" alt=\"\" class=\"wp-image-42808\" width=\"330\" height=\"184\" srcset=\"https:\/\/jornalfatosenoticias.com.br\/wp-content\/uploads\/2020\/02\/logo-Rapuzel-1024x571.jpg 1024w, https:\/\/jornalfatosenoticias.com.br\/wp-content\/uploads\/2020\/02\/logo-Rapuzel-300x167.jpg 300w, https:\/\/jornalfatosenoticias.com.br\/wp-content\/uploads\/2020\/02\/logo-Rapuzel-768x428.jpg 768w, https:\/\/jornalfatosenoticias.com.br\/wp-content\/uploads\/2020\/02\/logo-Rapuzel-1536x856.jpg 1536w, https:\/\/jornalfatosenoticias.com.br\/wp-content\/uploads\/2020\/02\/logo-Rapuzel.jpg 1600w\" sizes=\"auto, (max-width: 330px) 100vw, 330px\" \/><\/figure><\/div>\n\n\n\n<p>Entre esses jovens, 728 (27,1%) relataram ter sentido dor musculoesquel\u00e9tica incapacitante nos 30 dias anteriores. As costas foram a parte do corpo mais citada, por 51,8% dos entrevistados, seguida pelas pernas (41,9%) e pelo pesco\u00e7o (20,7%).<\/p>\n\n\n\n<div class=\"wp-block-image\"><figure class=\"aligncenter size-large\"><img decoding=\"async\" src=\"https:\/\/jornalfatosenoticias.com.br\/wp-content\/uploads\/2020\/02\/logo_esteio.jpg\" alt=\"\" class=\"wp-image-1214\"\/><\/figure><\/div>\n\n\n\n<blockquote class=\"wp-block-quote is-layout-flow wp-block-quote-is-layout-flow\"><p><span class=\"has-inline-color has-luminous-vivid-orange-color\">Ao mesmo tempo que trazem um alerta para essa condi\u00e7\u00e3o de sa\u00fade nas crian\u00e7as e adolescentes, que no momento n\u00e3o conta com um protocolo de tratamento espec\u00edfico no sistema de sa\u00fade, esses n\u00fameros j\u00e1 nos estimulam a olhar para o futuro: precisaremos cuidar da popula\u00e7\u00e3o jovem tamb\u00e9m se quisermos diminuir a dor cr\u00f4nica nos adultos\u201d.<\/span><\/p><\/blockquote>\n\n\n\n<div class=\"wp-block-image\"><figure class=\"aligncenter size-large\"><img loading=\"lazy\" decoding=\"async\" width=\"300\" height=\"250\" src=\"https:\/\/jornalfatosenoticias.com.br\/wp-content\/uploads\/2022\/02\/FERRARI_MAQUINAS-E-FERRAMENTAS2.jpg\" alt=\"\" class=\"wp-image-27860\"\/><\/figure><\/div>\n\n\n\n<p>O trabalho trouxe ainda outros dados importantes sobre as caracter\u00edsticas das crian\u00e7as que mais sentiam dor: eram mais velhas (final da adolesc\u00eancia), mantinham pior relacionamento com a fam\u00edlia, apresentavam mais sintomas negativos psicossom\u00e1ticos, tinham menos qualidade de vida (tamb\u00e9m avaliada por question\u00e1rios) e pareciam gastar mais tempo assistindo televis\u00e3o e jogando videogame. \u201cMas vale lembrar que n\u00e3o observamos rela\u00e7\u00e3o de causa nesse estudo\u201d, diz Yamato.<\/p>\n\n\n\n<div class=\"wp-block-image\"><figure class=\"aligncenter size-large is-resized\"><img loading=\"lazy\" decoding=\"async\" src=\"https:\/\/jornalfatosenoticias.com.br\/wp-content\/uploads\/2023\/12\/pegoretti-logo-pdf-1024x389.jpg\" alt=\"\" class=\"wp-image-47536\" width=\"482\" height=\"183\" srcset=\"https:\/\/jornalfatosenoticias.com.br\/wp-content\/uploads\/2023\/12\/pegoretti-logo-pdf-1024x389.jpg 1024w, https:\/\/jornalfatosenoticias.com.br\/wp-content\/uploads\/2023\/12\/pegoretti-logo-pdf-300x114.jpg 300w, https:\/\/jornalfatosenoticias.com.br\/wp-content\/uploads\/2023\/12\/pegoretti-logo-pdf-768x291.jpg 768w, https:\/\/jornalfatosenoticias.com.br\/wp-content\/uploads\/2023\/12\/pegoretti-logo-pdf.jpg 1120w\" sizes=\"auto, (max-width: 482px) 100vw, 482px\" \/><\/figure><\/div>\n\n\n\n<p><strong><span class=\"has-inline-color has-vivid-purple-color\">O mito da dor do crescimento<br><\/span><\/strong>Al\u00e9m da participa\u00e7\u00e3o das crian\u00e7as no estudo, seus pais tamb\u00e9m preencheram um formul\u00e1rio sobre a condi\u00e7\u00e3o de sa\u00fade dos filhos e sua percep\u00e7\u00e3o sobre esse tipo de dor. <\/p>\n\n\n\n<blockquote class=\"wp-block-quote is-layout-flow wp-block-quote-is-layout-flow\"><p><span class=\"has-inline-color has-luminous-vivid-orange-color\">A literatura mostra que os pais tendem a subestimar as queixas das crian\u00e7as possivelmente por n\u00e3o possu\u00edrem um entendimento claro do que \u00e9 dor na inf\u00e2ncia e n\u00f3s confirmamos que isso ocorre em 17% dos casos\u201d, relata Yamato.<\/span><\/p><\/blockquote>\n\n\n\n<div class=\"wp-block-image\"><figure class=\"aligncenter size-large is-resized\"><img loading=\"lazy\" decoding=\"async\" src=\"https:\/\/jornalfatosenoticias.com.br\/wp-content\/uploads\/2023\/03\/nova-logo-Marquetti.jpg\" alt=\"\" class=\"wp-image-40207\" width=\"295\" height=\"198\" srcset=\"https:\/\/jornalfatosenoticias.com.br\/wp-content\/uploads\/2023\/03\/nova-logo-Marquetti.jpg 643w, https:\/\/jornalfatosenoticias.com.br\/wp-content\/uploads\/2023\/03\/nova-logo-Marquetti-300x202.jpg 300w\" sizes=\"auto, (max-width: 295px) 100vw, 295px\" \/><\/figure><\/div>\n\n\n\n<p>Um dos fatores que podem explicar essa atitude e tamb\u00e9m camuflar, de certa forma, a dor musculoesquel\u00e9tica \u00e9 a cren\u00e7a na popular \u201cdor do crescimento\u201d, que se refere a um poss\u00edvel inc\u00f4modo das crian\u00e7as nos membros, especialmente inferiores. \u201cCrescemos com esse conceito, mas, hoje, na literatura cient\u00edfica, n\u00e3o h\u00e1 nenhum estudo que consiga provar que o crescimento cause de fato dor\u201d.<br>De acordo com a pesquisadora, se o seu filho relatar dor, \u00e9 importante ter a consci\u00eancia de que ela pode trazer impactos, mas que tamb\u00e9m h\u00e1 formas de abord\u00e1-la \u2014 a maior parte das medidas \u00e9 baseada em atividade f\u00edsica. <\/p>\n\n\n\n<div class=\"wp-block-image\"><figure class=\"aligncenter size-large\"><img loading=\"lazy\" decoding=\"async\" width=\"300\" height=\"250\" src=\"https:\/\/jornalfatosenoticias.com.br\/wp-content\/uploads\/2020\/02\/Banner-2.png\" alt=\"\" class=\"wp-image-43787\"\/><\/figure><\/div>\n\n\n\n<blockquote class=\"wp-block-quote is-layout-flow wp-block-quote-is-layout-flow\"><p><span class=\"has-inline-color has-luminous-vivid-orange-color\">N\u00e3o h\u00e1 motivo para preocupa\u00e7\u00e3o excessiva, mas \u00e9 importante conhecer a condi\u00e7\u00e3o, validar o sintoma e possivelmente buscar ajuda para aqueles que t\u00eam suas vidas impactadas pela condi\u00e7\u00e3o. Lembrando sempre que se trata de um problema comum\u201d.<\/span><\/p><\/blockquote>\n\n\n\n<div class=\"wp-block-image\"><figure class=\"aligncenter size-large is-resized\"><img loading=\"lazy\" decoding=\"async\" src=\"https:\/\/jornalfatosenoticias.com.br\/wp-content\/uploads\/2023\/08\/BKR-1024x1021.jpg\" alt=\"\" class=\"wp-image-44494\" width=\"301\" height=\"300\" srcset=\"https:\/\/jornalfatosenoticias.com.br\/wp-content\/uploads\/2023\/08\/BKR-1024x1021.jpg 1024w, https:\/\/jornalfatosenoticias.com.br\/wp-content\/uploads\/2023\/08\/BKR-300x300.jpg 300w, https:\/\/jornalfatosenoticias.com.br\/wp-content\/uploads\/2023\/08\/BKR-150x150.jpg 150w, https:\/\/jornalfatosenoticias.com.br\/wp-content\/uploads\/2023\/08\/BKR-768x766.jpg 768w, https:\/\/jornalfatosenoticias.com.br\/wp-content\/uploads\/2023\/08\/BKR.jpg 1080w\" sizes=\"auto, (max-width: 301px) 100vw, 301px\" \/><\/figure><\/div>\n\n\n\n<p>Um estudo seguinte conduzido pelo mesmo grupo, cujos resultados devem ser divulgados em breve, acompanhou essas crian\u00e7as por um ano e meio para entender a dura\u00e7\u00e3o da dor e tamb\u00e9m seu impacto financeiro no sistema de sa\u00fade.<\/p>\n\n\n\n<div class=\"wp-block-image\"><figure class=\"aligncenter size-large is-resized\"><img loading=\"lazy\" decoding=\"async\" src=\"https:\/\/jornalfatosenoticias.com.br\/wp-content\/uploads\/2023\/03\/logo-Panper_portal.jpg\" alt=\"\" class=\"wp-image-40208\" width=\"310\" height=\"215\" srcset=\"https:\/\/jornalfatosenoticias.com.br\/wp-content\/uploads\/2023\/03\/logo-Panper_portal.jpg 400w, https:\/\/jornalfatosenoticias.com.br\/wp-content\/uploads\/2023\/03\/logo-Panper_portal-300x208.jpg 300w\" sizes=\"auto, (max-width: 310px) 100vw, 310px\" \/><\/figure><\/div>\n\n\n\n<p>O artigo\u00a0<em>Prevalence of disabling musculoskeletal pain in children and adolescents in Brazil: A cross-sectional study<\/em>\u00a0pode ser lido em:\u00a0<strong><a href=\"https:\/\/www.sciencedirect.com\/science\/article\/abs\/pii\/S1413355524000042\" target=\"_blank\" rel=\"noreferrer noopener\">www.sciencedirect.com\/science\/article\/abs\/pii\/S1413355524000042<\/a><\/strong>.<\/p>\n\n\n\n<div class=\"wp-block-image\"><figure class=\"aligncenter size-large is-resized\"><img loading=\"lazy\" decoding=\"async\" src=\"https:\/\/jornalfatosenoticias.com.br\/wp-content\/uploads\/2023\/09\/vetorvix1024_1.jpg\" alt=\"\" class=\"wp-image-44868\" width=\"531\" height=\"141\" srcset=\"https:\/\/jornalfatosenoticias.com.br\/wp-content\/uploads\/2023\/09\/vetorvix1024_1.jpg 1024w, https:\/\/jornalfatosenoticias.com.br\/wp-content\/uploads\/2023\/09\/vetorvix1024_1-300x80.jpg 300w, https:\/\/jornalfatosenoticias.com.br\/wp-content\/uploads\/2023\/09\/vetorvix1024_1-768x205.jpg 768w\" sizes=\"auto, (max-width: 531px) 100vw, 531px\" \/><\/figure><\/div>\n\n\n\n<p><strong><em>Fonte: <a href=\"https:\/\/gizmodo.uol.com.br\/quase-30-das-criancas-e-adolescentes-sentem-dores-em-musculos-ossos-ou-ligamentos-aponta-estudo\/\">Giz Brasil<\/a><\/em><\/strong><\/p>\n","protected":false},"excerpt":{"rendered":"<p>Resultados apontam as costas e as pernas como as principais partes do corpo afetadas Por Julia Moi\u00f3li\/Ag\u00eancia Fapesp Cerca de 27% das crian\u00e7as e adolescentes brasileiros sofrem com dores sem causa espec\u00edfica em ossos, ligamentos e m\u00fasculos \u2014 a chamada dor musculoesquel\u00e9tica \u2014 de acordo com estudo publicado\u00a0recentemente no\u00a0Brazilian Journal of Physical Therapy. Al\u00e9m de [&hellip;]<\/p>\n","protected":false},"author":2,"featured_media":50312,"comment_status":"open","ping_status":"open","sticky":false,"template":"","format":"standard","meta":{"footnotes":""},"categories":[42],"tags":[597,2657,113,23207,74,23206],"class_list":["post-50311","post","type-post","status-publish","format-standard","has-post-thumbnail","hentry","category-bem-estar","tag-brasil","tag-dor","tag-fapesp","tag-pediatria","tag-saude","tag-unicid"],"yoast_head":"<!-- This site is optimized with the Yoast SEO plugin v26.5 - https:\/\/yoast.com\/wordpress\/plugins\/seo\/ -->\n<title>Quase 30% das crian\u00e7as e adolescentes sentem dores em m\u00fasculos, ossos ou ligamentos, aponta estudo - Jornal Fatos e Not\u00edcias<\/title>\n<meta name=\"robots\" content=\"index, follow, max-snippet:-1, max-image-preview:large, max-video-preview:-1\" \/>\n<link rel=\"canonical\" href=\"https:\/\/jornalfatosenoticias.com.br\/index.php\/2024\/04\/01\/quase-30-das-criancas-e-adolescentes-sentem-dores-em-musculos-ossos-ou-ligamentos-aponta-estudo\/\" \/>\n<meta property=\"og:locale\" content=\"pt_BR\" \/>\n<meta property=\"og:type\" content=\"article\" \/>\n<meta property=\"og:title\" content=\"Quase 30% das crian\u00e7as e adolescentes sentem dores em m\u00fasculos, ossos ou ligamentos, aponta estudo - Jornal Fatos e Not\u00edcias\" \/>\n<meta property=\"og:description\" content=\"Resultados apontam as costas e as pernas como as principais partes do corpo afetadas Por Julia Moi\u00f3li\/Ag\u00eancia Fapesp Cerca de 27% das crian\u00e7as e adolescentes brasileiros sofrem com dores sem causa espec\u00edfica em ossos, ligamentos e m\u00fasculos \u2014 a chamada dor musculoesquel\u00e9tica \u2014 de acordo com estudo publicado\u00a0recentemente no\u00a0Brazilian Journal of Physical Therapy. Al\u00e9m de [&hellip;]\" \/>\n<meta property=\"og:url\" content=\"https:\/\/jornalfatosenoticias.com.br\/index.php\/2024\/04\/01\/quase-30-das-criancas-e-adolescentes-sentem-dores-em-musculos-ossos-ou-ligamentos-aponta-estudo\/\" \/>\n<meta property=\"og:site_name\" content=\"Jornal Fatos e Not\u00edcias\" \/>\n<meta property=\"article:published_time\" content=\"2024-04-01T14:14:19+00:00\" \/>\n<meta property=\"article:modified_time\" content=\"2024-04-01T14:14:20+00:00\" \/>\n<meta property=\"og:image\" content=\"https:\/\/jornalfatosenoticias.com.br\/wp-content\/uploads\/2024\/04\/dor-musular-crianca_gettyimages.jpg\" \/>\n\t<meta property=\"og:image:width\" content=\"612\" \/>\n\t<meta property=\"og:image:height\" content=\"408\" \/>\n\t<meta property=\"og:image:type\" content=\"image\/jpeg\" \/>\n<meta name=\"author\" content=\"Luzimara Fernandes\" \/>\n<meta name=\"twitter:card\" content=\"summary_large_image\" \/>\n<meta name=\"twitter:label1\" content=\"Escrito por\" \/>\n\t<meta name=\"twitter:data1\" content=\"Luzimara Fernandes\" \/>\n\t<meta name=\"twitter:label2\" content=\"Est. tempo de leitura\" \/>\n\t<meta name=\"twitter:data2\" content=\"4 minutos\" \/>\n<script type=\"application\/ld+json\" class=\"yoast-schema-graph\">{\"@context\":\"https:\/\/schema.org\",\"@graph\":[{\"@type\":\"Article\",\"@id\":\"https:\/\/jornalfatosenoticias.com.br\/index.php\/2024\/04\/01\/quase-30-das-criancas-e-adolescentes-sentem-dores-em-musculos-ossos-ou-ligamentos-aponta-estudo\/#article\",\"isPartOf\":{\"@id\":\"https:\/\/jornalfatosenoticias.com.br\/index.php\/2024\/04\/01\/quase-30-das-criancas-e-adolescentes-sentem-dores-em-musculos-ossos-ou-ligamentos-aponta-estudo\/\"},\"author\":{\"name\":\"Luzimara Fernandes\",\"@id\":\"https:\/\/jornalfatosenoticias.com.br\/#\/schema\/person\/d63837fa13ac8666eb9e74e0985d6f81\"},\"headline\":\"Quase 30% das crian\u00e7as e adolescentes sentem dores em m\u00fasculos, ossos ou ligamentos, aponta estudo\",\"datePublished\":\"2024-04-01T14:14:19+00:00\",\"dateModified\":\"2024-04-01T14:14:20+00:00\",\"mainEntityOfPage\":{\"@id\":\"https:\/\/jornalfatosenoticias.com.br\/index.php\/2024\/04\/01\/quase-30-das-criancas-e-adolescentes-sentem-dores-em-musculos-ossos-ou-ligamentos-aponta-estudo\/\"},\"wordCount\":899,\"commentCount\":0,\"publisher\":{\"@id\":\"https:\/\/jornalfatosenoticias.com.br\/#organization\"},\"image\":{\"@id\":\"https:\/\/jornalfatosenoticias.com.br\/index.php\/2024\/04\/01\/quase-30-das-criancas-e-adolescentes-sentem-dores-em-musculos-ossos-ou-ligamentos-aponta-estudo\/#primaryimage\"},\"thumbnailUrl\":\"https:\/\/jornalfatosenoticias.com.br\/wp-content\/uploads\/2024\/04\/dor-musular-crianca_gettyimages.jpg\",\"keywords\":[\"Brasil\",\"dor\",\"fapesp\",\"pediatria\",\"sa\u00fade\",\"Unicid\"],\"articleSection\":[\"Bem-estar\"],\"inLanguage\":\"pt-BR\",\"potentialAction\":[{\"@type\":\"CommentAction\",\"name\":\"Comment\",\"target\":[\"https:\/\/jornalfatosenoticias.com.br\/index.php\/2024\/04\/01\/quase-30-das-criancas-e-adolescentes-sentem-dores-em-musculos-ossos-ou-ligamentos-aponta-estudo\/#respond\"]}]},{\"@type\":\"WebPage\",\"@id\":\"https:\/\/jornalfatosenoticias.com.br\/index.php\/2024\/04\/01\/quase-30-das-criancas-e-adolescentes-sentem-dores-em-musculos-ossos-ou-ligamentos-aponta-estudo\/\",\"url\":\"https:\/\/jornalfatosenoticias.com.br\/index.php\/2024\/04\/01\/quase-30-das-criancas-e-adolescentes-sentem-dores-em-musculos-ossos-ou-ligamentos-aponta-estudo\/\",\"name\":\"Quase 30% das crian\u00e7as e adolescentes sentem dores em m\u00fasculos, ossos ou ligamentos, aponta estudo - Jornal Fatos e Not\u00edcias\",\"isPartOf\":{\"@id\":\"https:\/\/jornalfatosenoticias.com.br\/#website\"},\"primaryImageOfPage\":{\"@id\":\"https:\/\/jornalfatosenoticias.com.br\/index.php\/2024\/04\/01\/quase-30-das-criancas-e-adolescentes-sentem-dores-em-musculos-ossos-ou-ligamentos-aponta-estudo\/#primaryimage\"},\"image\":{\"@id\":\"https:\/\/jornalfatosenoticias.com.br\/index.php\/2024\/04\/01\/quase-30-das-criancas-e-adolescentes-sentem-dores-em-musculos-ossos-ou-ligamentos-aponta-estudo\/#primaryimage\"},\"thumbnailUrl\":\"https:\/\/jornalfatosenoticias.com.br\/wp-content\/uploads\/2024\/04\/dor-musular-crianca_gettyimages.jpg\",\"datePublished\":\"2024-04-01T14:14:19+00:00\",\"dateModified\":\"2024-04-01T14:14:20+00:00\",\"breadcrumb\":{\"@id\":\"https:\/\/jornalfatosenoticias.com.br\/index.php\/2024\/04\/01\/quase-30-das-criancas-e-adolescentes-sentem-dores-em-musculos-ossos-ou-ligamentos-aponta-estudo\/#breadcrumb\"},\"inLanguage\":\"pt-BR\",\"potentialAction\":[{\"@type\":\"ReadAction\",\"target\":[\"https:\/\/jornalfatosenoticias.com.br\/index.php\/2024\/04\/01\/quase-30-das-criancas-e-adolescentes-sentem-dores-em-musculos-ossos-ou-ligamentos-aponta-estudo\/\"]}]},{\"@type\":\"ImageObject\",\"inLanguage\":\"pt-BR\",\"@id\":\"https:\/\/jornalfatosenoticias.com.br\/index.php\/2024\/04\/01\/quase-30-das-criancas-e-adolescentes-sentem-dores-em-musculos-ossos-ou-ligamentos-aponta-estudo\/#primaryimage\",\"url\":\"https:\/\/jornalfatosenoticias.com.br\/wp-content\/uploads\/2024\/04\/dor-musular-crianca_gettyimages.jpg\",\"contentUrl\":\"https:\/\/jornalfatosenoticias.com.br\/wp-content\/uploads\/2024\/04\/dor-musular-crianca_gettyimages.jpg\",\"width\":612,\"height\":408,\"caption\":\"Young boy holding his neck, experiencing a sore throat\"},{\"@type\":\"BreadcrumbList\",\"@id\":\"https:\/\/jornalfatosenoticias.com.br\/index.php\/2024\/04\/01\/quase-30-das-criancas-e-adolescentes-sentem-dores-em-musculos-ossos-ou-ligamentos-aponta-estudo\/#breadcrumb\",\"itemListElement\":[{\"@type\":\"ListItem\",\"position\":1,\"name\":\"In\u00edcio\",\"item\":\"https:\/\/jornalfatosenoticias.com.br\/\"},{\"@type\":\"ListItem\",\"position\":2,\"name\":\"Quase 30% das crian\u00e7as e adolescentes sentem dores em m\u00fasculos, ossos ou ligamentos, aponta estudo\"}]},{\"@type\":\"WebSite\",\"@id\":\"https:\/\/jornalfatosenoticias.com.br\/#website\",\"url\":\"https:\/\/jornalfatosenoticias.com.br\/\",\"name\":\"Jornal Fatos e Not\u00edcias\",\"description\":\"Not\u00edcias em geral\",\"publisher\":{\"@id\":\"https:\/\/jornalfatosenoticias.com.br\/#organization\"},\"potentialAction\":[{\"@type\":\"SearchAction\",\"target\":{\"@type\":\"EntryPoint\",\"urlTemplate\":\"https:\/\/jornalfatosenoticias.com.br\/?s={search_term_string}\"},\"query-input\":{\"@type\":\"PropertyValueSpecification\",\"valueRequired\":true,\"valueName\":\"search_term_string\"}}],\"inLanguage\":\"pt-BR\"},{\"@type\":\"Organization\",\"@id\":\"https:\/\/jornalfatosenoticias.com.br\/#organization\",\"name\":\"Jornal Fatos e Not\u00edcias\",\"url\":\"https:\/\/jornalfatosenoticias.com.br\/\",\"logo\":{\"@type\":\"ImageObject\",\"inLanguage\":\"pt-BR\",\"@id\":\"https:\/\/jornalfatosenoticias.com.br\/#\/schema\/logo\/image\/\",\"url\":\"https:\/\/jornalfatosenoticias.com.br\/wp-content\/uploads\/2020\/02\/logo120.png\",\"contentUrl\":\"https:\/\/jornalfatosenoticias.com.br\/wp-content\/uploads\/2020\/02\/logo120.png\",\"width\":1227,\"height\":120,\"caption\":\"Jornal Fatos e Not\u00edcias\"},\"image\":{\"@id\":\"https:\/\/jornalfatosenoticias.com.br\/#\/schema\/logo\/image\/\"}},{\"@type\":\"Person\",\"@id\":\"https:\/\/jornalfatosenoticias.com.br\/#\/schema\/person\/d63837fa13ac8666eb9e74e0985d6f81\",\"name\":\"Luzimara Fernandes\",\"image\":{\"@type\":\"ImageObject\",\"inLanguage\":\"pt-BR\",\"@id\":\"https:\/\/jornalfatosenoticias.com.br\/#\/schema\/person\/image\/\",\"url\":\"https:\/\/jornalfatosenoticias.com.br\/wp-content\/uploads\/2025\/05\/EU_portal.jpg\",\"contentUrl\":\"https:\/\/jornalfatosenoticias.com.br\/wp-content\/uploads\/2025\/05\/EU_portal.jpg\",\"caption\":\"Luzimara Fernandes\"},\"description\":\"Jornalista MTB 2358-ES\",\"sameAs\":[\"https:\/\/jornalfatosenoticias.com.br\"],\"url\":\"https:\/\/jornalfatosenoticias.com.br\/index.php\/author\/luzimara\/\"}]}<\/script>\n<!-- \/ Yoast SEO plugin. -->","yoast_head_json":{"title":"Quase 30% das crian\u00e7as e adolescentes sentem dores em m\u00fasculos, ossos ou ligamentos, aponta estudo - Jornal Fatos e Not\u00edcias","robots":{"index":"index","follow":"follow","max-snippet":"max-snippet:-1","max-image-preview":"max-image-preview:large","max-video-preview":"max-video-preview:-1"},"canonical":"https:\/\/jornalfatosenoticias.com.br\/index.php\/2024\/04\/01\/quase-30-das-criancas-e-adolescentes-sentem-dores-em-musculos-ossos-ou-ligamentos-aponta-estudo\/","og_locale":"pt_BR","og_type":"article","og_title":"Quase 30% das crian\u00e7as e adolescentes sentem dores em m\u00fasculos, ossos ou ligamentos, aponta estudo - Jornal Fatos e Not\u00edcias","og_description":"Resultados apontam as costas e as pernas como as principais partes do corpo afetadas Por Julia Moi\u00f3li\/Ag\u00eancia Fapesp Cerca de 27% das crian\u00e7as e adolescentes brasileiros sofrem com dores sem causa espec\u00edfica em ossos, ligamentos e m\u00fasculos \u2014 a chamada dor musculoesquel\u00e9tica \u2014 de acordo com estudo publicado\u00a0recentemente no\u00a0Brazilian Journal of Physical Therapy. Al\u00e9m de [&hellip;]","og_url":"https:\/\/jornalfatosenoticias.com.br\/index.php\/2024\/04\/01\/quase-30-das-criancas-e-adolescentes-sentem-dores-em-musculos-ossos-ou-ligamentos-aponta-estudo\/","og_site_name":"Jornal Fatos e Not\u00edcias","article_published_time":"2024-04-01T14:14:19+00:00","article_modified_time":"2024-04-01T14:14:20+00:00","og_image":[{"width":612,"height":408,"url":"https:\/\/jornalfatosenoticias.com.br\/wp-content\/uploads\/2024\/04\/dor-musular-crianca_gettyimages.jpg","type":"image\/jpeg"}],"author":"Luzimara Fernandes","twitter_card":"summary_large_image","twitter_misc":{"Escrito por":"Luzimara Fernandes","Est. tempo de leitura":"4 minutos"},"schema":{"@context":"https:\/\/schema.org","@graph":[{"@type":"Article","@id":"https:\/\/jornalfatosenoticias.com.br\/index.php\/2024\/04\/01\/quase-30-das-criancas-e-adolescentes-sentem-dores-em-musculos-ossos-ou-ligamentos-aponta-estudo\/#article","isPartOf":{"@id":"https:\/\/jornalfatosenoticias.com.br\/index.php\/2024\/04\/01\/quase-30-das-criancas-e-adolescentes-sentem-dores-em-musculos-ossos-ou-ligamentos-aponta-estudo\/"},"author":{"name":"Luzimara Fernandes","@id":"https:\/\/jornalfatosenoticias.com.br\/#\/schema\/person\/d63837fa13ac8666eb9e74e0985d6f81"},"headline":"Quase 30% das crian\u00e7as e adolescentes sentem dores em m\u00fasculos, ossos ou ligamentos, aponta estudo","datePublished":"2024-04-01T14:14:19+00:00","dateModified":"2024-04-01T14:14:20+00:00","mainEntityOfPage":{"@id":"https:\/\/jornalfatosenoticias.com.br\/index.php\/2024\/04\/01\/quase-30-das-criancas-e-adolescentes-sentem-dores-em-musculos-ossos-ou-ligamentos-aponta-estudo\/"},"wordCount":899,"commentCount":0,"publisher":{"@id":"https:\/\/jornalfatosenoticias.com.br\/#organization"},"image":{"@id":"https:\/\/jornalfatosenoticias.com.br\/index.php\/2024\/04\/01\/quase-30-das-criancas-e-adolescentes-sentem-dores-em-musculos-ossos-ou-ligamentos-aponta-estudo\/#primaryimage"},"thumbnailUrl":"https:\/\/jornalfatosenoticias.com.br\/wp-content\/uploads\/2024\/04\/dor-musular-crianca_gettyimages.jpg","keywords":["Brasil","dor","fapesp","pediatria","sa\u00fade","Unicid"],"articleSection":["Bem-estar"],"inLanguage":"pt-BR","potentialAction":[{"@type":"CommentAction","name":"Comment","target":["https:\/\/jornalfatosenoticias.com.br\/index.php\/2024\/04\/01\/quase-30-das-criancas-e-adolescentes-sentem-dores-em-musculos-ossos-ou-ligamentos-aponta-estudo\/#respond"]}]},{"@type":"WebPage","@id":"https:\/\/jornalfatosenoticias.com.br\/index.php\/2024\/04\/01\/quase-30-das-criancas-e-adolescentes-sentem-dores-em-musculos-ossos-ou-ligamentos-aponta-estudo\/","url":"https:\/\/jornalfatosenoticias.com.br\/index.php\/2024\/04\/01\/quase-30-das-criancas-e-adolescentes-sentem-dores-em-musculos-ossos-ou-ligamentos-aponta-estudo\/","name":"Quase 30% das crian\u00e7as e adolescentes sentem dores em m\u00fasculos, ossos ou ligamentos, aponta estudo - Jornal Fatos e Not\u00edcias","isPartOf":{"@id":"https:\/\/jornalfatosenoticias.com.br\/#website"},"primaryImageOfPage":{"@id":"https:\/\/jornalfatosenoticias.com.br\/index.php\/2024\/04\/01\/quase-30-das-criancas-e-adolescentes-sentem-dores-em-musculos-ossos-ou-ligamentos-aponta-estudo\/#primaryimage"},"image":{"@id":"https:\/\/jornalfatosenoticias.com.br\/index.php\/2024\/04\/01\/quase-30-das-criancas-e-adolescentes-sentem-dores-em-musculos-ossos-ou-ligamentos-aponta-estudo\/#primaryimage"},"thumbnailUrl":"https:\/\/jornalfatosenoticias.com.br\/wp-content\/uploads\/2024\/04\/dor-musular-crianca_gettyimages.jpg","datePublished":"2024-04-01T14:14:19+00:00","dateModified":"2024-04-01T14:14:20+00:00","breadcrumb":{"@id":"https:\/\/jornalfatosenoticias.com.br\/index.php\/2024\/04\/01\/quase-30-das-criancas-e-adolescentes-sentem-dores-em-musculos-ossos-ou-ligamentos-aponta-estudo\/#breadcrumb"},"inLanguage":"pt-BR","potentialAction":[{"@type":"ReadAction","target":["https:\/\/jornalfatosenoticias.com.br\/index.php\/2024\/04\/01\/quase-30-das-criancas-e-adolescentes-sentem-dores-em-musculos-ossos-ou-ligamentos-aponta-estudo\/"]}]},{"@type":"ImageObject","inLanguage":"pt-BR","@id":"https:\/\/jornalfatosenoticias.com.br\/index.php\/2024\/04\/01\/quase-30-das-criancas-e-adolescentes-sentem-dores-em-musculos-ossos-ou-ligamentos-aponta-estudo\/#primaryimage","url":"https:\/\/jornalfatosenoticias.com.br\/wp-content\/uploads\/2024\/04\/dor-musular-crianca_gettyimages.jpg","contentUrl":"https:\/\/jornalfatosenoticias.com.br\/wp-content\/uploads\/2024\/04\/dor-musular-crianca_gettyimages.jpg","width":612,"height":408,"caption":"Young boy holding his neck, experiencing a sore throat"},{"@type":"BreadcrumbList","@id":"https:\/\/jornalfatosenoticias.com.br\/index.php\/2024\/04\/01\/quase-30-das-criancas-e-adolescentes-sentem-dores-em-musculos-ossos-ou-ligamentos-aponta-estudo\/#breadcrumb","itemListElement":[{"@type":"ListItem","position":1,"name":"In\u00edcio","item":"https:\/\/jornalfatosenoticias.com.br\/"},{"@type":"ListItem","position":2,"name":"Quase 30% das crian\u00e7as e adolescentes sentem dores em m\u00fasculos, ossos ou ligamentos, aponta estudo"}]},{"@type":"WebSite","@id":"https:\/\/jornalfatosenoticias.com.br\/#website","url":"https:\/\/jornalfatosenoticias.com.br\/","name":"Jornal Fatos e Not\u00edcias","description":"Not\u00edcias em geral","publisher":{"@id":"https:\/\/jornalfatosenoticias.com.br\/#organization"},"potentialAction":[{"@type":"SearchAction","target":{"@type":"EntryPoint","urlTemplate":"https:\/\/jornalfatosenoticias.com.br\/?s={search_term_string}"},"query-input":{"@type":"PropertyValueSpecification","valueRequired":true,"valueName":"search_term_string"}}],"inLanguage":"pt-BR"},{"@type":"Organization","@id":"https:\/\/jornalfatosenoticias.com.br\/#organization","name":"Jornal Fatos e Not\u00edcias","url":"https:\/\/jornalfatosenoticias.com.br\/","logo":{"@type":"ImageObject","inLanguage":"pt-BR","@id":"https:\/\/jornalfatosenoticias.com.br\/#\/schema\/logo\/image\/","url":"https:\/\/jornalfatosenoticias.com.br\/wp-content\/uploads\/2020\/02\/logo120.png","contentUrl":"https:\/\/jornalfatosenoticias.com.br\/wp-content\/uploads\/2020\/02\/logo120.png","width":1227,"height":120,"caption":"Jornal Fatos e Not\u00edcias"},"image":{"@id":"https:\/\/jornalfatosenoticias.com.br\/#\/schema\/logo\/image\/"}},{"@type":"Person","@id":"https:\/\/jornalfatosenoticias.com.br\/#\/schema\/person\/d63837fa13ac8666eb9e74e0985d6f81","name":"Luzimara Fernandes","image":{"@type":"ImageObject","inLanguage":"pt-BR","@id":"https:\/\/jornalfatosenoticias.com.br\/#\/schema\/person\/image\/","url":"https:\/\/jornalfatosenoticias.com.br\/wp-content\/uploads\/2025\/05\/EU_portal.jpg","contentUrl":"https:\/\/jornalfatosenoticias.com.br\/wp-content\/uploads\/2025\/05\/EU_portal.jpg","caption":"Luzimara Fernandes"},"description":"Jornalista MTB 2358-ES","sameAs":["https:\/\/jornalfatosenoticias.com.br"],"url":"https:\/\/jornalfatosenoticias.com.br\/index.php\/author\/luzimara\/"}]}},"cc_featured_image_caption":{"caption_text":"(Foto: Getty Images)","source_text":"","source_url":""},"jetpack_featured_media_url":"https:\/\/jornalfatosenoticias.com.br\/wp-content\/uploads\/2024\/04\/dor-musular-crianca_gettyimages.jpg","_links":{"self":[{"href":"https:\/\/jornalfatosenoticias.com.br\/index.php\/wp-json\/wp\/v2\/posts\/50311","targetHints":{"allow":["GET"]}}],"collection":[{"href":"https:\/\/jornalfatosenoticias.com.br\/index.php\/wp-json\/wp\/v2\/posts"}],"about":[{"href":"https:\/\/jornalfatosenoticias.com.br\/index.php\/wp-json\/wp\/v2\/types\/post"}],"author":[{"embeddable":true,"href":"https:\/\/jornalfatosenoticias.com.br\/index.php\/wp-json\/wp\/v2\/users\/2"}],"replies":[{"embeddable":true,"href":"https:\/\/jornalfatosenoticias.com.br\/index.php\/wp-json\/wp\/v2\/comments?post=50311"}],"version-history":[{"count":0,"href":"https:\/\/jornalfatosenoticias.com.br\/index.php\/wp-json\/wp\/v2\/posts\/50311\/revisions"}],"wp:featuredmedia":[{"embeddable":true,"href":"https:\/\/jornalfatosenoticias.com.br\/index.php\/wp-json\/wp\/v2\/media\/50312"}],"wp:attachment":[{"href":"https:\/\/jornalfatosenoticias.com.br\/index.php\/wp-json\/wp\/v2\/media?parent=50311"}],"wp:term":[{"taxonomy":"category","embeddable":true,"href":"https:\/\/jornalfatosenoticias.com.br\/index.php\/wp-json\/wp\/v2\/categories?post=50311"},{"taxonomy":"post_tag","embeddable":true,"href":"https:\/\/jornalfatosenoticias.com.br\/index.php\/wp-json\/wp\/v2\/tags?post=50311"}],"curies":[{"name":"wp","href":"https:\/\/api.w.org\/{rel}","templated":true}]}}