{"id":50317,"date":"2024-04-01T11:45:35","date_gmt":"2024-04-01T14:45:35","guid":{"rendered":"https:\/\/jornalfatosenoticias.com.br\/?p=50317"},"modified":"2024-04-01T11:45:37","modified_gmt":"2024-04-01T14:45:37","slug":"20-anos-apos-o-concorde-jato-supersonico-faz-1o-voo-civil-em-video","status":"publish","type":"post","link":"https:\/\/jornalfatosenoticias.com.br\/index.php\/2024\/04\/01\/20-anos-apos-o-concorde-jato-supersonico-faz-1o-voo-civil-em-video\/","title":{"rendered":"20 anos ap\u00f3s o Concorde: jato supers\u00f4nico faz 1\u00ba voo civil em v\u00eddeo"},"content":{"rendered":"\n<p><em><span class=\"has-inline-color has-black-color\">Jato supers\u00f4nico percorre o c\u00e9u de Mojave, na Calif\u00f3rnia, buscando tornar voos civis em alt\u00edssimas velocidades sustent\u00e1veis; assista ao v\u00eddeo<\/span><\/em><\/p>\n\n\n\n<p><span class=\"has-inline-color has-black-color\">Por <strong><a href=\"https:\/\/gizmodo.uol.com.br\/author\/murilotunholi\/\">Murilo Tunholi<\/a><\/strong><\/span><\/p>\n\n\n\n<div class=\"wp-block-image\"><figure class=\"aligncenter size-large\"><img loading=\"lazy\" decoding=\"async\" width=\"729\" height=\"90\" src=\"https:\/\/jornalfatosenoticias.com.br\/wp-content\/uploads\/2020\/02\/Logo_Mizu.png\" alt=\"\" class=\"wp-image-1441\" srcset=\"https:\/\/jornalfatosenoticias.com.br\/wp-content\/uploads\/2020\/02\/Logo_Mizu.png 729w, https:\/\/jornalfatosenoticias.com.br\/wp-content\/uploads\/2020\/02\/Logo_Mizu-300x37.png 300w\" sizes=\"auto, (max-width: 729px) 100vw, 729px\" \/><\/figure><\/div>\n\n\n\n<p>A startup de avia\u00e7\u00e3o Boom Supersonic quer colocar os jatos supers\u00f4nicos de volta no c\u00e9u. Ap\u00f3s 20 anos do \u00faltimo voo do Concorde, a aeronave XB-1 deixou o solo pela primeira vez, nesta semana. Apesar de ainda n\u00e3o quebrar a barreira do som, o avi\u00e3o prepara o terreno para poss\u00edveis voos civis de alt\u00edssima velocidade e baixo consumo de combust\u00edvel.<br>O voo de teste do XB-1 aconteceu em Mojave, na Calif\u00f3rnia, partindo do Porto Espacial e A\u00e9reo de Mojave. Com motor a jato convencional, componentes de fibra de carbono e um monitor de alerta em realidade aumentada na cabine do piloto, a aeronave de testes alcan\u00e7ou altitude de 7.120 p\u00e9s (2,17 km) e velocidade de 439 km\/h, durante um percurso de 12 minutos.<\/p>\n\n\n\n<div class=\"wp-block-image\"><figure class=\"aligncenter size-large\"><img loading=\"lazy\" decoding=\"async\" width=\"300\" height=\"250\" src=\"https:\/\/jornalfatosenoticias.com.br\/wp-content\/uploads\/2022\/02\/FERRARI_MAQUINAS-E-FERRAMENTAS2.jpg\" alt=\"\" class=\"wp-image-27860\"\/><\/figure><\/div>\n\n\n\n<h3 class=\"wp-block-heading\"><span class=\"has-inline-color has-vivid-purple-color\">Confira, logo abaixo, o v\u00eddeo completo da decolagem do jato supers\u00f4nico:<\/span><\/h3>\n\n\n\n<figure class=\"wp-block-embed-youtube wp-block-embed is-type-video is-provider-youtube wp-embed-aspect-16-9 wp-has-aspect-ratio\"><div class=\"wp-block-embed__wrapper\">\n<iframe loading=\"lazy\" title=\"Full Video: XB-1 Takes Flight\" width=\"660\" height=\"371\" src=\"https:\/\/www.youtube.com\/embed\/2aT4okUYPoI?feature=oembed\" frameborder=\"0\" allow=\"accelerometer; autoplay; clipboard-write; encrypted-media; gyroscope; picture-in-picture; web-share\" referrerpolicy=\"strict-origin-when-cross-origin\" allowfullscreen><\/iframe>\n<\/div><\/figure>\n\n\n\n<p>Apesar de r\u00e1pido e econ\u00f4mico, o XB-1 ainda n\u00e3o \u00e9 o produto final da Boom. A miss\u00e3o da empresa, na verdade, \u00e9 lan\u00e7ar o <a href=\"https:\/\/gizmodo.uol.com.br\/novo-aviao-supersonico-da-boom-e-como-se-o-concorde-e-o-747-tivessem-um-bebe\/\" target=\"_blank\" rel=\"noreferrer noopener\">Overture<\/a>, a primeira aeronave comercial supers\u00f4nica sucessora do Concorde \u2014 que teve as opera\u00e7\u00f5es encerradas h\u00e1 20 anos.<\/p>\n\n\n\n<div class=\"wp-block-image\"><figure class=\"aligncenter size-large\"><img decoding=\"async\" src=\"https:\/\/jornalfatosenoticias.com.br\/wp-content\/uploads\/2020\/02\/barao-das-carnes-300x164-1.jpg\" alt=\"\" class=\"wp-image-34339\"\/><\/figure><\/div>\n\n\n\n<p>Para isso, a Boom garantiu contratos com grandes companhias a\u00e9reas, como American Airlines e United Airlines. Al\u00e9m disso, existem parcerias com companhias de fabrica\u00e7\u00e3o e desenvolvimento de pe\u00e7as, como a Florida Turbine Technologies e a GE Additive.<\/p>\n\n\n\n<div class=\"wp-block-image\"><figure class=\"aligncenter size-large is-resized\"><img loading=\"lazy\" decoding=\"async\" src=\"https:\/\/jornalfatosenoticias.com.br\/wp-content\/uploads\/2023\/12\/pegoretti-logo-pdf-1024x389.jpg\" alt=\"\" class=\"wp-image-47536\" width=\"493\" height=\"187\" srcset=\"https:\/\/jornalfatosenoticias.com.br\/wp-content\/uploads\/2023\/12\/pegoretti-logo-pdf-1024x389.jpg 1024w, https:\/\/jornalfatosenoticias.com.br\/wp-content\/uploads\/2023\/12\/pegoretti-logo-pdf-300x114.jpg 300w, https:\/\/jornalfatosenoticias.com.br\/wp-content\/uploads\/2023\/12\/pegoretti-logo-pdf-768x291.jpg 768w, https:\/\/jornalfatosenoticias.com.br\/wp-content\/uploads\/2023\/12\/pegoretti-logo-pdf.jpg 1120w\" sizes=\"auto, (max-width: 493px) 100vw, 493px\" \/><\/figure><\/div>\n\n\n\n<p>Em um comunicado \u00e0 imprensa, a Boom afirmou ter objetivo de tornar os voos civis supers\u00f4nicos sustent\u00e1veis. No caso do Concorde \u2014 um avi\u00e3o supers\u00f4nico de passageiros que podia voar de Nova York para Londres em menos de tr\u00eas horas \u2014 a sustentabilidade econ\u00f4mica era um dos principais problemas para manter as opera\u00e7\u00f5es.<\/p>\n\n\n\n<div class=\"wp-block-image\"><figure class=\"aligncenter size-large\"><img decoding=\"async\" src=\"https:\/\/jornalfatosenoticias.com.br\/wp-content\/uploads\/2020\/02\/logo_esteio.jpg\" alt=\"\" class=\"wp-image-1214\"\/><\/figure><\/div>\n\n\n\n<p>De acordo com o <a href=\"https:\/\/blog.museumofflight.org\/why-the-concorde-was-discontinued-and-why-it-wont-be-coming-back\" target=\"_blank\" rel=\"noreferrer noopener\">Museu da Avia\u00e7\u00e3o<\/a>, os custos das viagens supers\u00f4nicas estavam aumentando bem antes do acidente fatal em 2000, que matou 113 pessoas. Al\u00e9m disso, os estrondos sonoros faziam com que jatos s\u00f3 pudessem atingir velocidades supers\u00f4nicas ao voar sobre oceanos.<\/p>\n\n\n\n<div class=\"wp-block-image\"><figure class=\"aligncenter size-large is-resized\"><img loading=\"lazy\" decoding=\"async\" src=\"https:\/\/jornalfatosenoticias.com.br\/wp-content\/uploads\/2020\/02\/logo-Rapuzel-1024x571.jpg\" alt=\"\" class=\"wp-image-42808\" width=\"347\" height=\"193\" srcset=\"https:\/\/jornalfatosenoticias.com.br\/wp-content\/uploads\/2020\/02\/logo-Rapuzel-1024x571.jpg 1024w, https:\/\/jornalfatosenoticias.com.br\/wp-content\/uploads\/2020\/02\/logo-Rapuzel-300x167.jpg 300w, https:\/\/jornalfatosenoticias.com.br\/wp-content\/uploads\/2020\/02\/logo-Rapuzel-768x428.jpg 768w, https:\/\/jornalfatosenoticias.com.br\/wp-content\/uploads\/2020\/02\/logo-Rapuzel-1536x856.jpg 1536w, https:\/\/jornalfatosenoticias.com.br\/wp-content\/uploads\/2020\/02\/logo-Rapuzel.jpg 1600w\" sizes=\"auto, (max-width: 347px) 100vw, 347px\" \/><\/figure><\/div>\n\n\n\n<p><strong><span class=\"has-inline-color has-vivid-purple-color\">Jato Overture deve iniciar voos civis supers\u00f4nicos em 2029<br><\/span><\/strong>A Boom espera fazer o Overture voar usando combust\u00edveis de avia\u00e7\u00e3o sustent\u00e1veis (SAF), feitos de di\u00f3xido de carbono reciclado, res\u00edduos florestais e algas. H\u00e1 ainda a expectativa de transportar entre 64 e 80 passageiros, em viagens a velocidades de Mach 1.7 (cerca de 2.099 km\/h).<\/p>\n\n\n\n<div class=\"wp-block-image\"><figure class=\"aligncenter size-large is-resized\"><img loading=\"lazy\" decoding=\"async\" src=\"https:\/\/jornalfatosenoticias.com.br\/wp-content\/uploads\/2022\/02\/Precisao-Contabilidade-1024x724.jpg\" alt=\"\" class=\"wp-image-28088\" width=\"331\" height=\"234\"\/><\/figure><\/div>\n\n\n\n<p>Segundo o Washington Post, a Boom quer estrear o Overture em 2029. Al\u00e9m do XB-1, existem outros jatos supers\u00f4nicos em fase de testes no mundo, como o <a href=\"https:\/\/gizmodo.uol.com.br\/projeto-x-59-nasa-vai-testar-aviao-supersonico-silencioso-este-ano\/\" target=\"_blank\" rel=\"noreferrer noopener\">X-59 da Nasa<\/a> (tamb\u00e9m conhecido como miss\u00e3o Quesst).<\/p>\n\n\n\n<div class=\"wp-block-image\"><figure class=\"aligncenter size-large is-resized\"><img loading=\"lazy\" decoding=\"async\" src=\"https:\/\/jornalfatosenoticias.com.br\/wp-content\/uploads\/2024\/01\/consultoria-ambiental.jpg\" alt=\"\" class=\"wp-image-48314\" width=\"342\" height=\"309\" srcset=\"https:\/\/jornalfatosenoticias.com.br\/wp-content\/uploads\/2024\/01\/consultoria-ambiental.jpg 832w, https:\/\/jornalfatosenoticias.com.br\/wp-content\/uploads\/2024\/01\/consultoria-ambiental-300x272.jpg 300w, https:\/\/jornalfatosenoticias.com.br\/wp-content\/uploads\/2024\/01\/consultoria-ambiental-768x696.jpg 768w\" sizes=\"auto, (max-width: 342px) 100vw, 342px\" \/><\/figure><\/div>\n\n\n\n<p>Diferentemente da Boom, a Nasa quer al\u00e7ar voo com o jogo, sem gerar estrondo s\u00f4nico. Assim, a ag\u00eancia espera reduzir a polui\u00e7\u00e3o sonora a apenas um \u201cbaque s\u00f4nico\u201d. Hoje, a Administra\u00e7\u00e3o Federal de Avia\u00e7\u00e3o (FAA) dos EUA n\u00e3o permite que aeronaves civis viajem a velocidades superiores a Mach 1 (1.234 km\/h).<\/p>\n\n\n\n<div class=\"wp-block-image\"><figure class=\"aligncenter size-large is-resized\"><img loading=\"lazy\" decoding=\"async\" src=\"https:\/\/jornalfatosenoticias.com.br\/wp-content\/uploads\/2023\/09\/vetorvix1024_1.jpg\" alt=\"\" class=\"wp-image-44868\" width=\"535\" height=\"142\" srcset=\"https:\/\/jornalfatosenoticias.com.br\/wp-content\/uploads\/2023\/09\/vetorvix1024_1.jpg 1024w, https:\/\/jornalfatosenoticias.com.br\/wp-content\/uploads\/2023\/09\/vetorvix1024_1-300x80.jpg 300w, https:\/\/jornalfatosenoticias.com.br\/wp-content\/uploads\/2023\/09\/vetorvix1024_1-768x205.jpg 768w\" sizes=\"auto, (max-width: 535px) 100vw, 535px\" \/><\/figure><\/div>\n\n\n\n<p><strong><em>Fonte: <a href=\"https:\/\/gizmodo.uol.com.br\/20-anos-apos-o-concorde-jato-supersonico-faz-1o-voo-civil-em-video-veja\/\">Giz Brasil<\/a><\/em><\/strong><\/p>\n","protected":false},"excerpt":{"rendered":"<p>Jato supers\u00f4nico percorre o c\u00e9u de Mojave, na Calif\u00f3rnia, buscando tornar voos civis em alt\u00edssimas velocidades sustent\u00e1veis; assista ao v\u00eddeo Por Murilo Tunholi A startup de avia\u00e7\u00e3o Boom Supersonic quer colocar os jatos supers\u00f4nicos de volta no c\u00e9u. Ap\u00f3s 20 anos do \u00faltimo voo do Concorde, a aeronave XB-1 deixou o solo pela primeira vez, [&hellip;]<\/p>\n","protected":false},"author":2,"featured_media":50318,"comment_status":"open","ping_status":"open","sticky":false,"template":"","format":"standard","meta":{"footnotes":""},"categories":[9923,3],"tags":[7891,12915,7937,23212,23211],"class_list":["post-50317","post","type-post","status-publish","format-standard","has-post-thumbnail","hentry","category-mobilidade","category-tecnologia","tag-avioes","tag-avioes-supersonicos","tag-concorde","tag-jato-supersonico","tag-voos-civis"],"yoast_head":"<!-- This site is optimized with the Yoast SEO plugin v26.5 - https:\/\/yoast.com\/wordpress\/plugins\/seo\/ -->\n<title>20 anos ap\u00f3s o Concorde: jato supers\u00f4nico faz 1\u00ba voo civil em v\u00eddeo - Jornal Fatos e Not\u00edcias<\/title>\n<meta name=\"robots\" content=\"index, follow, max-snippet:-1, max-image-preview:large, max-video-preview:-1\" \/>\n<link rel=\"canonical\" href=\"https:\/\/jornalfatosenoticias.com.br\/index.php\/2024\/04\/01\/20-anos-apos-o-concorde-jato-supersonico-faz-1o-voo-civil-em-video\/\" \/>\n<meta property=\"og:locale\" content=\"pt_BR\" \/>\n<meta property=\"og:type\" content=\"article\" \/>\n<meta property=\"og:title\" content=\"20 anos ap\u00f3s o Concorde: jato supers\u00f4nico faz 1\u00ba voo civil em v\u00eddeo - Jornal Fatos e Not\u00edcias\" \/>\n<meta property=\"og:description\" content=\"Jato supers\u00f4nico percorre o c\u00e9u de Mojave, na Calif\u00f3rnia, buscando tornar voos civis em alt\u00edssimas velocidades sustent\u00e1veis; assista ao v\u00eddeo Por Murilo Tunholi A startup de avia\u00e7\u00e3o Boom Supersonic quer colocar os jatos supers\u00f4nicos de volta no c\u00e9u. Ap\u00f3s 20 anos do \u00faltimo voo do Concorde, a aeronave XB-1 deixou o solo pela primeira vez, [&hellip;]\" \/>\n<meta property=\"og:url\" content=\"https:\/\/jornalfatosenoticias.com.br\/index.php\/2024\/04\/01\/20-anos-apos-o-concorde-jato-supersonico-faz-1o-voo-civil-em-video\/\" \/>\n<meta property=\"og:site_name\" content=\"Jornal Fatos e Not\u00edcias\" \/>\n<meta property=\"article:published_time\" content=\"2024-04-01T14:45:35+00:00\" \/>\n<meta property=\"article:modified_time\" content=\"2024-04-01T14:45:37+00:00\" \/>\n<meta property=\"og:image\" content=\"https:\/\/jornalfatosenoticias.com.br\/wp-content\/uploads\/2024\/04\/Boom_Supersonic_inaugural_flight.jpg\" \/>\n\t<meta property=\"og:image:width\" content=\"1000\" \/>\n\t<meta property=\"og:image:height\" content=\"562\" \/>\n\t<meta property=\"og:image:type\" content=\"image\/jpeg\" \/>\n<meta name=\"author\" content=\"Luzimara Fernandes\" \/>\n<meta name=\"twitter:card\" content=\"summary_large_image\" \/>\n<meta name=\"twitter:label1\" content=\"Escrito por\" \/>\n\t<meta name=\"twitter:data1\" content=\"Luzimara Fernandes\" \/>\n\t<meta name=\"twitter:label2\" content=\"Est. tempo de leitura\" \/>\n\t<meta name=\"twitter:data2\" content=\"3 minutos\" \/>\n<script type=\"application\/ld+json\" class=\"yoast-schema-graph\">{\"@context\":\"https:\/\/schema.org\",\"@graph\":[{\"@type\":\"Article\",\"@id\":\"https:\/\/jornalfatosenoticias.com.br\/index.php\/2024\/04\/01\/20-anos-apos-o-concorde-jato-supersonico-faz-1o-voo-civil-em-video\/#article\",\"isPartOf\":{\"@id\":\"https:\/\/jornalfatosenoticias.com.br\/index.php\/2024\/04\/01\/20-anos-apos-o-concorde-jato-supersonico-faz-1o-voo-civil-em-video\/\"},\"author\":{\"name\":\"Luzimara Fernandes\",\"@id\":\"https:\/\/jornalfatosenoticias.com.br\/#\/schema\/person\/d63837fa13ac8666eb9e74e0985d6f81\"},\"headline\":\"20 anos ap\u00f3s o Concorde: jato supers\u00f4nico faz 1\u00ba voo civil em v\u00eddeo\",\"datePublished\":\"2024-04-01T14:45:35+00:00\",\"dateModified\":\"2024-04-01T14:45:37+00:00\",\"mainEntityOfPage\":{\"@id\":\"https:\/\/jornalfatosenoticias.com.br\/index.php\/2024\/04\/01\/20-anos-apos-o-concorde-jato-supersonico-faz-1o-voo-civil-em-video\/\"},\"wordCount\":561,\"commentCount\":0,\"publisher\":{\"@id\":\"https:\/\/jornalfatosenoticias.com.br\/#organization\"},\"image\":{\"@id\":\"https:\/\/jornalfatosenoticias.com.br\/index.php\/2024\/04\/01\/20-anos-apos-o-concorde-jato-supersonico-faz-1o-voo-civil-em-video\/#primaryimage\"},\"thumbnailUrl\":\"https:\/\/jornalfatosenoticias.com.br\/wp-content\/uploads\/2024\/04\/Boom_Supersonic_inaugural_flight.jpg\",\"keywords\":[\"avi\u00f5es\",\"avi\u00f5es supers\u00f4nicos\",\"Concorde\",\"jato supers\u00f4nico\",\"voos civis\"],\"articleSection\":[\"Mobilidade\",\"Tecnologia &amp; Inova\u00e7\u00e3o\"],\"inLanguage\":\"pt-BR\",\"potentialAction\":[{\"@type\":\"CommentAction\",\"name\":\"Comment\",\"target\":[\"https:\/\/jornalfatosenoticias.com.br\/index.php\/2024\/04\/01\/20-anos-apos-o-concorde-jato-supersonico-faz-1o-voo-civil-em-video\/#respond\"]}]},{\"@type\":\"WebPage\",\"@id\":\"https:\/\/jornalfatosenoticias.com.br\/index.php\/2024\/04\/01\/20-anos-apos-o-concorde-jato-supersonico-faz-1o-voo-civil-em-video\/\",\"url\":\"https:\/\/jornalfatosenoticias.com.br\/index.php\/2024\/04\/01\/20-anos-apos-o-concorde-jato-supersonico-faz-1o-voo-civil-em-video\/\",\"name\":\"20 anos ap\u00f3s o Concorde: jato supers\u00f4nico faz 1\u00ba voo civil em v\u00eddeo - Jornal Fatos e Not\u00edcias\",\"isPartOf\":{\"@id\":\"https:\/\/jornalfatosenoticias.com.br\/#website\"},\"primaryImageOfPage\":{\"@id\":\"https:\/\/jornalfatosenoticias.com.br\/index.php\/2024\/04\/01\/20-anos-apos-o-concorde-jato-supersonico-faz-1o-voo-civil-em-video\/#primaryimage\"},\"image\":{\"@id\":\"https:\/\/jornalfatosenoticias.com.br\/index.php\/2024\/04\/01\/20-anos-apos-o-concorde-jato-supersonico-faz-1o-voo-civil-em-video\/#primaryimage\"},\"thumbnailUrl\":\"https:\/\/jornalfatosenoticias.com.br\/wp-content\/uploads\/2024\/04\/Boom_Supersonic_inaugural_flight.jpg\",\"datePublished\":\"2024-04-01T14:45:35+00:00\",\"dateModified\":\"2024-04-01T14:45:37+00:00\",\"breadcrumb\":{\"@id\":\"https:\/\/jornalfatosenoticias.com.br\/index.php\/2024\/04\/01\/20-anos-apos-o-concorde-jato-supersonico-faz-1o-voo-civil-em-video\/#breadcrumb\"},\"inLanguage\":\"pt-BR\",\"potentialAction\":[{\"@type\":\"ReadAction\",\"target\":[\"https:\/\/jornalfatosenoticias.com.br\/index.php\/2024\/04\/01\/20-anos-apos-o-concorde-jato-supersonico-faz-1o-voo-civil-em-video\/\"]}]},{\"@type\":\"ImageObject\",\"inLanguage\":\"pt-BR\",\"@id\":\"https:\/\/jornalfatosenoticias.com.br\/index.php\/2024\/04\/01\/20-anos-apos-o-concorde-jato-supersonico-faz-1o-voo-civil-em-video\/#primaryimage\",\"url\":\"https:\/\/jornalfatosenoticias.com.br\/wp-content\/uploads\/2024\/04\/Boom_Supersonic_inaugural_flight.jpg\",\"contentUrl\":\"https:\/\/jornalfatosenoticias.com.br\/wp-content\/uploads\/2024\/04\/Boom_Supersonic_inaugural_flight.jpg\",\"width\":1000,\"height\":562,\"caption\":\"The inaugural flight of XB-1 marks a major milestone toward the return of supersonic travel.\"},{\"@type\":\"BreadcrumbList\",\"@id\":\"https:\/\/jornalfatosenoticias.com.br\/index.php\/2024\/04\/01\/20-anos-apos-o-concorde-jato-supersonico-faz-1o-voo-civil-em-video\/#breadcrumb\",\"itemListElement\":[{\"@type\":\"ListItem\",\"position\":1,\"name\":\"In\u00edcio\",\"item\":\"https:\/\/jornalfatosenoticias.com.br\/\"},{\"@type\":\"ListItem\",\"position\":2,\"name\":\"20 anos ap\u00f3s o Concorde: jato supers\u00f4nico faz 1\u00ba voo civil em v\u00eddeo\"}]},{\"@type\":\"WebSite\",\"@id\":\"https:\/\/jornalfatosenoticias.com.br\/#website\",\"url\":\"https:\/\/jornalfatosenoticias.com.br\/\",\"name\":\"Jornal Fatos e Not\u00edcias\",\"description\":\"Not\u00edcias em geral\",\"publisher\":{\"@id\":\"https:\/\/jornalfatosenoticias.com.br\/#organization\"},\"potentialAction\":[{\"@type\":\"SearchAction\",\"target\":{\"@type\":\"EntryPoint\",\"urlTemplate\":\"https:\/\/jornalfatosenoticias.com.br\/?s={search_term_string}\"},\"query-input\":{\"@type\":\"PropertyValueSpecification\",\"valueRequired\":true,\"valueName\":\"search_term_string\"}}],\"inLanguage\":\"pt-BR\"},{\"@type\":\"Organization\",\"@id\":\"https:\/\/jornalfatosenoticias.com.br\/#organization\",\"name\":\"Jornal Fatos e Not\u00edcias\",\"url\":\"https:\/\/jornalfatosenoticias.com.br\/\",\"logo\":{\"@type\":\"ImageObject\",\"inLanguage\":\"pt-BR\",\"@id\":\"https:\/\/jornalfatosenoticias.com.br\/#\/schema\/logo\/image\/\",\"url\":\"https:\/\/jornalfatosenoticias.com.br\/wp-content\/uploads\/2020\/02\/logo120.png\",\"contentUrl\":\"https:\/\/jornalfatosenoticias.com.br\/wp-content\/uploads\/2020\/02\/logo120.png\",\"width\":1227,\"height\":120,\"caption\":\"Jornal Fatos e Not\u00edcias\"},\"image\":{\"@id\":\"https:\/\/jornalfatosenoticias.com.br\/#\/schema\/logo\/image\/\"}},{\"@type\":\"Person\",\"@id\":\"https:\/\/jornalfatosenoticias.com.br\/#\/schema\/person\/d63837fa13ac8666eb9e74e0985d6f81\",\"name\":\"Luzimara Fernandes\",\"image\":{\"@type\":\"ImageObject\",\"inLanguage\":\"pt-BR\",\"@id\":\"https:\/\/jornalfatosenoticias.com.br\/#\/schema\/person\/image\/\",\"url\":\"https:\/\/jornalfatosenoticias.com.br\/wp-content\/uploads\/2025\/05\/EU_portal.jpg\",\"contentUrl\":\"https:\/\/jornalfatosenoticias.com.br\/wp-content\/uploads\/2025\/05\/EU_portal.jpg\",\"caption\":\"Luzimara Fernandes\"},\"description\":\"Jornalista MTB 2358-ES\",\"sameAs\":[\"https:\/\/jornalfatosenoticias.com.br\"],\"url\":\"https:\/\/jornalfatosenoticias.com.br\/index.php\/author\/luzimara\/\"}]}<\/script>\n<!-- \/ Yoast SEO plugin. -->","yoast_head_json":{"title":"20 anos ap\u00f3s o Concorde: jato supers\u00f4nico faz 1\u00ba voo civil em v\u00eddeo - Jornal Fatos e Not\u00edcias","robots":{"index":"index","follow":"follow","max-snippet":"max-snippet:-1","max-image-preview":"max-image-preview:large","max-video-preview":"max-video-preview:-1"},"canonical":"https:\/\/jornalfatosenoticias.com.br\/index.php\/2024\/04\/01\/20-anos-apos-o-concorde-jato-supersonico-faz-1o-voo-civil-em-video\/","og_locale":"pt_BR","og_type":"article","og_title":"20 anos ap\u00f3s o Concorde: jato supers\u00f4nico faz 1\u00ba voo civil em v\u00eddeo - Jornal Fatos e Not\u00edcias","og_description":"Jato supers\u00f4nico percorre o c\u00e9u de Mojave, na Calif\u00f3rnia, buscando tornar voos civis em alt\u00edssimas velocidades sustent\u00e1veis; assista ao v\u00eddeo Por Murilo Tunholi A startup de avia\u00e7\u00e3o Boom Supersonic quer colocar os jatos supers\u00f4nicos de volta no c\u00e9u. Ap\u00f3s 20 anos do \u00faltimo voo do Concorde, a aeronave XB-1 deixou o solo pela primeira vez, [&hellip;]","og_url":"https:\/\/jornalfatosenoticias.com.br\/index.php\/2024\/04\/01\/20-anos-apos-o-concorde-jato-supersonico-faz-1o-voo-civil-em-video\/","og_site_name":"Jornal Fatos e Not\u00edcias","article_published_time":"2024-04-01T14:45:35+00:00","article_modified_time":"2024-04-01T14:45:37+00:00","og_image":[{"width":1000,"height":562,"url":"https:\/\/jornalfatosenoticias.com.br\/wp-content\/uploads\/2024\/04\/Boom_Supersonic_inaugural_flight.jpg","type":"image\/jpeg"}],"author":"Luzimara Fernandes","twitter_card":"summary_large_image","twitter_misc":{"Escrito por":"Luzimara Fernandes","Est. tempo de leitura":"3 minutos"},"schema":{"@context":"https:\/\/schema.org","@graph":[{"@type":"Article","@id":"https:\/\/jornalfatosenoticias.com.br\/index.php\/2024\/04\/01\/20-anos-apos-o-concorde-jato-supersonico-faz-1o-voo-civil-em-video\/#article","isPartOf":{"@id":"https:\/\/jornalfatosenoticias.com.br\/index.php\/2024\/04\/01\/20-anos-apos-o-concorde-jato-supersonico-faz-1o-voo-civil-em-video\/"},"author":{"name":"Luzimara Fernandes","@id":"https:\/\/jornalfatosenoticias.com.br\/#\/schema\/person\/d63837fa13ac8666eb9e74e0985d6f81"},"headline":"20 anos ap\u00f3s o Concorde: jato supers\u00f4nico faz 1\u00ba voo civil em v\u00eddeo","datePublished":"2024-04-01T14:45:35+00:00","dateModified":"2024-04-01T14:45:37+00:00","mainEntityOfPage":{"@id":"https:\/\/jornalfatosenoticias.com.br\/index.php\/2024\/04\/01\/20-anos-apos-o-concorde-jato-supersonico-faz-1o-voo-civil-em-video\/"},"wordCount":561,"commentCount":0,"publisher":{"@id":"https:\/\/jornalfatosenoticias.com.br\/#organization"},"image":{"@id":"https:\/\/jornalfatosenoticias.com.br\/index.php\/2024\/04\/01\/20-anos-apos-o-concorde-jato-supersonico-faz-1o-voo-civil-em-video\/#primaryimage"},"thumbnailUrl":"https:\/\/jornalfatosenoticias.com.br\/wp-content\/uploads\/2024\/04\/Boom_Supersonic_inaugural_flight.jpg","keywords":["avi\u00f5es","avi\u00f5es supers\u00f4nicos","Concorde","jato supers\u00f4nico","voos civis"],"articleSection":["Mobilidade","Tecnologia &amp; Inova\u00e7\u00e3o"],"inLanguage":"pt-BR","potentialAction":[{"@type":"CommentAction","name":"Comment","target":["https:\/\/jornalfatosenoticias.com.br\/index.php\/2024\/04\/01\/20-anos-apos-o-concorde-jato-supersonico-faz-1o-voo-civil-em-video\/#respond"]}]},{"@type":"WebPage","@id":"https:\/\/jornalfatosenoticias.com.br\/index.php\/2024\/04\/01\/20-anos-apos-o-concorde-jato-supersonico-faz-1o-voo-civil-em-video\/","url":"https:\/\/jornalfatosenoticias.com.br\/index.php\/2024\/04\/01\/20-anos-apos-o-concorde-jato-supersonico-faz-1o-voo-civil-em-video\/","name":"20 anos ap\u00f3s o Concorde: jato supers\u00f4nico faz 1\u00ba voo civil em v\u00eddeo - Jornal Fatos e Not\u00edcias","isPartOf":{"@id":"https:\/\/jornalfatosenoticias.com.br\/#website"},"primaryImageOfPage":{"@id":"https:\/\/jornalfatosenoticias.com.br\/index.php\/2024\/04\/01\/20-anos-apos-o-concorde-jato-supersonico-faz-1o-voo-civil-em-video\/#primaryimage"},"image":{"@id":"https:\/\/jornalfatosenoticias.com.br\/index.php\/2024\/04\/01\/20-anos-apos-o-concorde-jato-supersonico-faz-1o-voo-civil-em-video\/#primaryimage"},"thumbnailUrl":"https:\/\/jornalfatosenoticias.com.br\/wp-content\/uploads\/2024\/04\/Boom_Supersonic_inaugural_flight.jpg","datePublished":"2024-04-01T14:45:35+00:00","dateModified":"2024-04-01T14:45:37+00:00","breadcrumb":{"@id":"https:\/\/jornalfatosenoticias.com.br\/index.php\/2024\/04\/01\/20-anos-apos-o-concorde-jato-supersonico-faz-1o-voo-civil-em-video\/#breadcrumb"},"inLanguage":"pt-BR","potentialAction":[{"@type":"ReadAction","target":["https:\/\/jornalfatosenoticias.com.br\/index.php\/2024\/04\/01\/20-anos-apos-o-concorde-jato-supersonico-faz-1o-voo-civil-em-video\/"]}]},{"@type":"ImageObject","inLanguage":"pt-BR","@id":"https:\/\/jornalfatosenoticias.com.br\/index.php\/2024\/04\/01\/20-anos-apos-o-concorde-jato-supersonico-faz-1o-voo-civil-em-video\/#primaryimage","url":"https:\/\/jornalfatosenoticias.com.br\/wp-content\/uploads\/2024\/04\/Boom_Supersonic_inaugural_flight.jpg","contentUrl":"https:\/\/jornalfatosenoticias.com.br\/wp-content\/uploads\/2024\/04\/Boom_Supersonic_inaugural_flight.jpg","width":1000,"height":562,"caption":"The inaugural flight of XB-1 marks a major milestone toward the return of supersonic travel."},{"@type":"BreadcrumbList","@id":"https:\/\/jornalfatosenoticias.com.br\/index.php\/2024\/04\/01\/20-anos-apos-o-concorde-jato-supersonico-faz-1o-voo-civil-em-video\/#breadcrumb","itemListElement":[{"@type":"ListItem","position":1,"name":"In\u00edcio","item":"https:\/\/jornalfatosenoticias.com.br\/"},{"@type":"ListItem","position":2,"name":"20 anos ap\u00f3s o Concorde: jato supers\u00f4nico faz 1\u00ba voo civil em v\u00eddeo"}]},{"@type":"WebSite","@id":"https:\/\/jornalfatosenoticias.com.br\/#website","url":"https:\/\/jornalfatosenoticias.com.br\/","name":"Jornal Fatos e Not\u00edcias","description":"Not\u00edcias em geral","publisher":{"@id":"https:\/\/jornalfatosenoticias.com.br\/#organization"},"potentialAction":[{"@type":"SearchAction","target":{"@type":"EntryPoint","urlTemplate":"https:\/\/jornalfatosenoticias.com.br\/?s={search_term_string}"},"query-input":{"@type":"PropertyValueSpecification","valueRequired":true,"valueName":"search_term_string"}}],"inLanguage":"pt-BR"},{"@type":"Organization","@id":"https:\/\/jornalfatosenoticias.com.br\/#organization","name":"Jornal Fatos e Not\u00edcias","url":"https:\/\/jornalfatosenoticias.com.br\/","logo":{"@type":"ImageObject","inLanguage":"pt-BR","@id":"https:\/\/jornalfatosenoticias.com.br\/#\/schema\/logo\/image\/","url":"https:\/\/jornalfatosenoticias.com.br\/wp-content\/uploads\/2020\/02\/logo120.png","contentUrl":"https:\/\/jornalfatosenoticias.com.br\/wp-content\/uploads\/2020\/02\/logo120.png","width":1227,"height":120,"caption":"Jornal Fatos e Not\u00edcias"},"image":{"@id":"https:\/\/jornalfatosenoticias.com.br\/#\/schema\/logo\/image\/"}},{"@type":"Person","@id":"https:\/\/jornalfatosenoticias.com.br\/#\/schema\/person\/d63837fa13ac8666eb9e74e0985d6f81","name":"Luzimara Fernandes","image":{"@type":"ImageObject","inLanguage":"pt-BR","@id":"https:\/\/jornalfatosenoticias.com.br\/#\/schema\/person\/image\/","url":"https:\/\/jornalfatosenoticias.com.br\/wp-content\/uploads\/2025\/05\/EU_portal.jpg","contentUrl":"https:\/\/jornalfatosenoticias.com.br\/wp-content\/uploads\/2025\/05\/EU_portal.jpg","caption":"Luzimara Fernandes"},"description":"Jornalista MTB 2358-ES","sameAs":["https:\/\/jornalfatosenoticias.com.br"],"url":"https:\/\/jornalfatosenoticias.com.br\/index.php\/author\/luzimara\/"}]}},"cc_featured_image_caption":{"caption_text":"(Foto: Boom Supersonic\/Divulga\u00e7\u00e3o)","source_text":"","source_url":""},"jetpack_featured_media_url":"https:\/\/jornalfatosenoticias.com.br\/wp-content\/uploads\/2024\/04\/Boom_Supersonic_inaugural_flight.jpg","_links":{"self":[{"href":"https:\/\/jornalfatosenoticias.com.br\/index.php\/wp-json\/wp\/v2\/posts\/50317","targetHints":{"allow":["GET"]}}],"collection":[{"href":"https:\/\/jornalfatosenoticias.com.br\/index.php\/wp-json\/wp\/v2\/posts"}],"about":[{"href":"https:\/\/jornalfatosenoticias.com.br\/index.php\/wp-json\/wp\/v2\/types\/post"}],"author":[{"embeddable":true,"href":"https:\/\/jornalfatosenoticias.com.br\/index.php\/wp-json\/wp\/v2\/users\/2"}],"replies":[{"embeddable":true,"href":"https:\/\/jornalfatosenoticias.com.br\/index.php\/wp-json\/wp\/v2\/comments?post=50317"}],"version-history":[{"count":0,"href":"https:\/\/jornalfatosenoticias.com.br\/index.php\/wp-json\/wp\/v2\/posts\/50317\/revisions"}],"wp:featuredmedia":[{"embeddable":true,"href":"https:\/\/jornalfatosenoticias.com.br\/index.php\/wp-json\/wp\/v2\/media\/50318"}],"wp:attachment":[{"href":"https:\/\/jornalfatosenoticias.com.br\/index.php\/wp-json\/wp\/v2\/media?parent=50317"}],"wp:term":[{"taxonomy":"category","embeddable":true,"href":"https:\/\/jornalfatosenoticias.com.br\/index.php\/wp-json\/wp\/v2\/categories?post=50317"},{"taxonomy":"post_tag","embeddable":true,"href":"https:\/\/jornalfatosenoticias.com.br\/index.php\/wp-json\/wp\/v2\/tags?post=50317"}],"curies":[{"name":"wp","href":"https:\/\/api.w.org\/{rel}","templated":true}]}}