{"id":50321,"date":"2024-04-01T11:52:57","date_gmt":"2024-04-01T14:52:57","guid":{"rendered":"https:\/\/jornalfatosenoticias.com.br\/?p=50321"},"modified":"2024-04-01T11:52:58","modified_gmt":"2024-04-01T14:52:58","slug":"servidores-federais-anunciam-greve-nacional-apos-governo-lula-oferecer-0-de-reajuste","status":"publish","type":"post","link":"https:\/\/jornalfatosenoticias.com.br\/index.php\/2024\/04\/01\/servidores-federais-anunciam-greve-nacional-apos-governo-lula-oferecer-0-de-reajuste\/","title":{"rendered":"Servidores federais anunciam greve nacional ap\u00f3s governo Lula oferecer 0% de reajuste"},"content":{"rendered":"\n<p><em><span class=\"has-inline-color has-black-color\">Segundo os sindicalistas, a greve \u00e9 uma consequ\u00eancia da \u201cfalta de avan\u00e7o nas tentativas de negocia\u00e7\u00e3o com o governo sobre as pautas centrais da categoria\u201d<\/span><\/em><\/p>\n\n\n\n<p><span class=\"has-inline-color has-black-color\">Por <strong><a href=\"https:\/\/www.gazetadopovo.com.br\/autor\/diogenes-freire-feitosa\/\">Di\u00f3genes Freire Feitosa<\/a><\/strong><\/span><\/p>\n\n\n\n<div class=\"wp-block-image\"><figure class=\"aligncenter size-large is-resized\"><img loading=\"lazy\" decoding=\"async\" src=\"https:\/\/jornalfatosenoticias.com.br\/wp-content\/uploads\/2023\/12\/pegoretti-logo-pdf-1024x389.jpg\" alt=\"\" class=\"wp-image-47536\" width=\"475\" height=\"180\" srcset=\"https:\/\/jornalfatosenoticias.com.br\/wp-content\/uploads\/2023\/12\/pegoretti-logo-pdf-1024x389.jpg 1024w, https:\/\/jornalfatosenoticias.com.br\/wp-content\/uploads\/2023\/12\/pegoretti-logo-pdf-300x114.jpg 300w, https:\/\/jornalfatosenoticias.com.br\/wp-content\/uploads\/2023\/12\/pegoretti-logo-pdf-768x291.jpg 768w, https:\/\/jornalfatosenoticias.com.br\/wp-content\/uploads\/2023\/12\/pegoretti-logo-pdf.jpg 1120w\" sizes=\"auto, (max-width: 475px) 100vw, 475px\" \/><\/figure><\/div>\n\n\n\n<p>Ap\u00f3s oito meses de negocia\u00e7\u00f5es com o governo Lula sem acordo sobre as reivindica\u00e7\u00f5es de reajuste salarial e reestrutura\u00e7\u00e3o de carreira, o Sindicato Nacional dos(as) Servidores (as) da Educa\u00e7\u00e3o B\u00e1sica, Profissional e Tecnol\u00f3gica (Sinasefe) anunciou a deflagra\u00e7\u00e3o de greve nacional por tempo indeterminado a partir da quarta-feira (3). A data ser\u00e1 marcada por atos e mobiliza\u00e7\u00f5es em todo o Pa\u00eds.<br>Segundo informou o Sindicato Nacional dos Docentes das Institui\u00e7\u00f5es de Ensino Superior (Andes-SN), \u201cna \u00faltima reuni\u00e3o da Mesa Nacional de Negocia\u00e7\u00e3o Permanente, o MGI (Minist\u00e9rio da Gest\u00e3o e da Inova\u00e7\u00e3o em Servi\u00e7os P\u00fablicos), na figura do secret\u00e1rio Jos\u00e9 Lopez Feij\u00f3, reafirmou a proposta do governo de reajuste 0% para 2024\u201d.<\/p>\n\n\n\n<div class=\"wp-block-image\"><figure class=\"aligncenter size-large is-resized\"><img loading=\"lazy\" decoding=\"async\" src=\"https:\/\/jornalfatosenoticias.com.br\/wp-content\/uploads\/2023\/08\/BKR-1024x1021.jpg\" alt=\"\" class=\"wp-image-44494\" width=\"302\" height=\"301\" srcset=\"https:\/\/jornalfatosenoticias.com.br\/wp-content\/uploads\/2023\/08\/BKR-1024x1021.jpg 1024w, https:\/\/jornalfatosenoticias.com.br\/wp-content\/uploads\/2023\/08\/BKR-300x300.jpg 300w, https:\/\/jornalfatosenoticias.com.br\/wp-content\/uploads\/2023\/08\/BKR-150x150.jpg 150w, https:\/\/jornalfatosenoticias.com.br\/wp-content\/uploads\/2023\/08\/BKR-768x766.jpg 768w, https:\/\/jornalfatosenoticias.com.br\/wp-content\/uploads\/2023\/08\/BKR.jpg 1080w\" sizes=\"auto, (max-width: 302px) 100vw, 302px\" \/><\/figure><\/div>\n\n\n\n<p>\u201cEm contrapartida, a bancada sindical exp\u00f4s indigna\u00e7\u00e3o frente \u00e0 letargia do governo. As entidades sindicais enfatizaram tamb\u00e9m que a proposta de congelamento salarial em 2024 \u00e9 inaceit\u00e1vel e um desrespeito com as categorias\u201d, diz outro trecho do comunicado do Andes-SN.<\/p>\n\n\n\n<div class=\"wp-block-image\"><figure class=\"aligncenter size-large is-resized\"><img loading=\"lazy\" decoding=\"async\" src=\"https:\/\/jornalfatosenoticias.com.br\/wp-content\/uploads\/2020\/02\/CONTROL-CS.jpg\" alt=\"\" class=\"wp-image-44991\" width=\"321\" height=\"384\" srcset=\"https:\/\/jornalfatosenoticias.com.br\/wp-content\/uploads\/2020\/02\/CONTROL-CS.jpg 834w, https:\/\/jornalfatosenoticias.com.br\/wp-content\/uploads\/2020\/02\/CONTROL-CS-250x300.jpg 250w, https:\/\/jornalfatosenoticias.com.br\/wp-content\/uploads\/2020\/02\/CONTROL-CS-768x921.jpg 768w\" sizes=\"auto, (max-width: 321px) 100vw, 321px\" \/><\/figure><\/div>\n\n\n\n<p>Ap\u00f3s as negativas do governo, os sindicalistas decidiram incorporar o dia 3 de abril ao calend\u00e1rio de atos e paralisa\u00e7\u00f5es j\u00e1 programados para o m\u00eas de abril. \u201cO calend\u00e1rio de lutas \u00e9 fundamental nesse momento em que a Uni\u00e3o bateu recorde de arrecada\u00e7\u00e3o, maior desempenho desde 1995\u201d, disse em nota ao F\u00f3rum das Entidades Nacionais dos Servidores P\u00fablicos Federais (Fonasefe).<\/p>\n\n\n\n<div class=\"wp-block-image\"><figure class=\"aligncenter size-large is-resized\"><img loading=\"lazy\" decoding=\"async\" src=\"https:\/\/jornalfatosenoticias.com.br\/wp-content\/uploads\/2023\/03\/logo-Panper_portal.jpg\" alt=\"\" class=\"wp-image-40208\" width=\"326\" height=\"226\" srcset=\"https:\/\/jornalfatosenoticias.com.br\/wp-content\/uploads\/2023\/03\/logo-Panper_portal.jpg 400w, https:\/\/jornalfatosenoticias.com.br\/wp-content\/uploads\/2023\/03\/logo-Panper_portal-300x208.jpg 300w\" sizes=\"auto, (max-width: 326px) 100vw, 326px\" \/><\/figure><\/div>\n\n\n\n<p>Para o dia 15 de abril j\u00e1 est\u00e1 programado o in\u00edcio da greve nacional em universidades federais, institutos e centros federais (Cefets). A decis\u00e3o foi divulgada no dia 22 de mar\u00e7o pelo setor das Institui\u00e7\u00f5es Federais de Ensino (Ife) do Andes-SN. Os sindicalistas responsabilizam o governo Lula pela \u201cprecariza\u00e7\u00e3o das condi\u00e7\u00f5es de trabalho\u201d dos docentes.<\/p>\n\n\n\n<div class=\"wp-block-image\"><figure class=\"aligncenter size-large is-resized\"><img loading=\"lazy\" decoding=\"async\" src=\"https:\/\/jornalfatosenoticias.com.br\/wp-content\/uploads\/2023\/03\/nova-logo-Marquetti.jpg\" alt=\"\" class=\"wp-image-40207\" width=\"302\" height=\"203\" srcset=\"https:\/\/jornalfatosenoticias.com.br\/wp-content\/uploads\/2023\/03\/nova-logo-Marquetti.jpg 643w, https:\/\/jornalfatosenoticias.com.br\/wp-content\/uploads\/2023\/03\/nova-logo-Marquetti-300x202.jpg 300w\" sizes=\"auto, (max-width: 302px) 100vw, 302px\" \/><\/figure><\/div>\n\n\n\n<p>No dia 16 de abril ser\u00e1 realizada uma audi\u00eancia p\u00fablica na C\u00e2mara dos Deputados sobre as reivindica\u00e7\u00f5es dos servidores. A audi\u00eancia foi requerida pela deputada S\u00e2mia Bomfim (PSOL-SP). No dia seguinte, os sindicalistas se reunir\u00e3o em Bras\u00edlia (DF) para uma marcha por recomposi\u00e7\u00e3o salarial. No dia 18 de abril, cada categoria realizar\u00e1 atos espec\u00edficos de mobiliza\u00e7\u00e3o.<\/p>\n\n\n\n<div class=\"wp-block-image\"><figure class=\"aligncenter size-large\"><img loading=\"lazy\" decoding=\"async\" width=\"300\" height=\"250\" src=\"https:\/\/jornalfatosenoticias.com.br\/wp-content\/uploads\/2020\/02\/Banner-2.png\" alt=\"\" class=\"wp-image-43787\"\/><\/figure><\/div>\n\n\n\n<p><strong><em>Fonte:<a href=\"https:\/\/www.gazetadopovo.com.br\/vida-e-cidadania\/servidores-federais-anunciam-greve-nacional-apos-governo-lula-oferecer-0-de-reajuste\/\"> Gazeta do Povo<\/a><\/em><\/strong><\/p>\n","protected":false},"excerpt":{"rendered":"<p>Segundo os sindicalistas, a greve \u00e9 uma consequ\u00eancia da \u201cfalta de avan\u00e7o nas tentativas de negocia\u00e7\u00e3o com o governo sobre as pautas centrais da categoria\u201d Por Di\u00f3genes Freire Feitosa Ap\u00f3s oito meses de negocia\u00e7\u00f5es com o governo Lula sem acordo sobre as reivindica\u00e7\u00f5es de reajuste salarial e reestrutura\u00e7\u00e3o de carreira, o Sindicato Nacional dos(as) Servidores [&hellip;]<\/p>\n","protected":false},"author":2,"featured_media":50322,"comment_status":"open","ping_status":"open","sticky":false,"template":"","format":"standard","meta":{"footnotes":""},"categories":[5],"tags":[7849,345,13469,7580,13186,14353],"class_list":["post-50321","post","type-post","status-publish","format-standard","has-post-thumbnail","hentry","category-geral","tag-carreira","tag-educacao","tag-greve","tag-lula","tag-pt","tag-servidores-publicos"],"yoast_head":"<!-- This site is optimized with the Yoast SEO plugin v26.5 - https:\/\/yoast.com\/wordpress\/plugins\/seo\/ -->\n<title>Servidores federais anunciam greve nacional ap\u00f3s governo Lula oferecer 0% de reajuste - Jornal Fatos e Not\u00edcias<\/title>\n<meta name=\"robots\" content=\"index, follow, max-snippet:-1, max-image-preview:large, max-video-preview:-1\" \/>\n<link rel=\"canonical\" href=\"https:\/\/jornalfatosenoticias.com.br\/index.php\/2024\/04\/01\/servidores-federais-anunciam-greve-nacional-apos-governo-lula-oferecer-0-de-reajuste\/\" \/>\n<meta property=\"og:locale\" content=\"pt_BR\" \/>\n<meta property=\"og:type\" content=\"article\" \/>\n<meta property=\"og:title\" content=\"Servidores federais anunciam greve nacional ap\u00f3s governo Lula oferecer 0% de reajuste - Jornal Fatos e Not\u00edcias\" \/>\n<meta property=\"og:description\" content=\"Segundo os sindicalistas, a greve \u00e9 uma consequ\u00eancia da \u201cfalta de avan\u00e7o nas tentativas de negocia\u00e7\u00e3o com o governo sobre as pautas centrais da categoria\u201d Por Di\u00f3genes Freire Feitosa Ap\u00f3s oito meses de negocia\u00e7\u00f5es com o governo Lula sem acordo sobre as reivindica\u00e7\u00f5es de reajuste salarial e reestrutura\u00e7\u00e3o de carreira, o Sindicato Nacional dos(as) Servidores [&hellip;]\" \/>\n<meta property=\"og:url\" content=\"https:\/\/jornalfatosenoticias.com.br\/index.php\/2024\/04\/01\/servidores-federais-anunciam-greve-nacional-apos-governo-lula-oferecer-0-de-reajuste\/\" \/>\n<meta property=\"og:site_name\" content=\"Jornal Fatos e Not\u00edcias\" \/>\n<meta property=\"article:published_time\" content=\"2024-04-01T14:52:57+00:00\" \/>\n<meta property=\"article:modified_time\" content=\"2024-04-01T14:52:58+00:00\" \/>\n<meta property=\"og:image\" content=\"https:\/\/jornalfatosenoticias.com.br\/wp-content\/uploads\/2024\/04\/greve.jpg\" \/>\n\t<meta property=\"og:image:width\" content=\"848\" \/>\n\t<meta property=\"og:image:height\" content=\"477\" \/>\n\t<meta property=\"og:image:type\" content=\"image\/jpeg\" \/>\n<meta name=\"author\" content=\"Luzimara Fernandes\" \/>\n<meta name=\"twitter:card\" content=\"summary_large_image\" \/>\n<meta name=\"twitter:label1\" content=\"Escrito por\" \/>\n\t<meta name=\"twitter:data1\" content=\"Luzimara Fernandes\" \/>\n\t<meta name=\"twitter:label2\" content=\"Est. tempo de leitura\" \/>\n\t<meta name=\"twitter:data2\" content=\"2 minutos\" \/>\n<script type=\"application\/ld+json\" class=\"yoast-schema-graph\">{\"@context\":\"https:\/\/schema.org\",\"@graph\":[{\"@type\":\"Article\",\"@id\":\"https:\/\/jornalfatosenoticias.com.br\/index.php\/2024\/04\/01\/servidores-federais-anunciam-greve-nacional-apos-governo-lula-oferecer-0-de-reajuste\/#article\",\"isPartOf\":{\"@id\":\"https:\/\/jornalfatosenoticias.com.br\/index.php\/2024\/04\/01\/servidores-federais-anunciam-greve-nacional-apos-governo-lula-oferecer-0-de-reajuste\/\"},\"author\":{\"name\":\"Luzimara Fernandes\",\"@id\":\"https:\/\/jornalfatosenoticias.com.br\/#\/schema\/person\/d63837fa13ac8666eb9e74e0985d6f81\"},\"headline\":\"Servidores federais anunciam greve nacional ap\u00f3s governo Lula oferecer 0% de reajuste\",\"datePublished\":\"2024-04-01T14:52:57+00:00\",\"dateModified\":\"2024-04-01T14:52:58+00:00\",\"mainEntityOfPage\":{\"@id\":\"https:\/\/jornalfatosenoticias.com.br\/index.php\/2024\/04\/01\/servidores-federais-anunciam-greve-nacional-apos-governo-lula-oferecer-0-de-reajuste\/\"},\"wordCount\":406,\"commentCount\":0,\"publisher\":{\"@id\":\"https:\/\/jornalfatosenoticias.com.br\/#organization\"},\"image\":{\"@id\":\"https:\/\/jornalfatosenoticias.com.br\/index.php\/2024\/04\/01\/servidores-federais-anunciam-greve-nacional-apos-governo-lula-oferecer-0-de-reajuste\/#primaryimage\"},\"thumbnailUrl\":\"https:\/\/jornalfatosenoticias.com.br\/wp-content\/uploads\/2024\/04\/greve.jpg\",\"keywords\":[\"carreira\",\"educa\u00e7\u00e3o\",\"greve\",\"Lula\",\"PT\",\"servidores p\u00fablicos\"],\"articleSection\":[\"Geral\"],\"inLanguage\":\"pt-BR\",\"potentialAction\":[{\"@type\":\"CommentAction\",\"name\":\"Comment\",\"target\":[\"https:\/\/jornalfatosenoticias.com.br\/index.php\/2024\/04\/01\/servidores-federais-anunciam-greve-nacional-apos-governo-lula-oferecer-0-de-reajuste\/#respond\"]}]},{\"@type\":\"WebPage\",\"@id\":\"https:\/\/jornalfatosenoticias.com.br\/index.php\/2024\/04\/01\/servidores-federais-anunciam-greve-nacional-apos-governo-lula-oferecer-0-de-reajuste\/\",\"url\":\"https:\/\/jornalfatosenoticias.com.br\/index.php\/2024\/04\/01\/servidores-federais-anunciam-greve-nacional-apos-governo-lula-oferecer-0-de-reajuste\/\",\"name\":\"Servidores federais anunciam greve nacional ap\u00f3s governo Lula oferecer 0% de reajuste - Jornal Fatos e Not\u00edcias\",\"isPartOf\":{\"@id\":\"https:\/\/jornalfatosenoticias.com.br\/#website\"},\"primaryImageOfPage\":{\"@id\":\"https:\/\/jornalfatosenoticias.com.br\/index.php\/2024\/04\/01\/servidores-federais-anunciam-greve-nacional-apos-governo-lula-oferecer-0-de-reajuste\/#primaryimage\"},\"image\":{\"@id\":\"https:\/\/jornalfatosenoticias.com.br\/index.php\/2024\/04\/01\/servidores-federais-anunciam-greve-nacional-apos-governo-lula-oferecer-0-de-reajuste\/#primaryimage\"},\"thumbnailUrl\":\"https:\/\/jornalfatosenoticias.com.br\/wp-content\/uploads\/2024\/04\/greve.jpg\",\"datePublished\":\"2024-04-01T14:52:57+00:00\",\"dateModified\":\"2024-04-01T14:52:58+00:00\",\"breadcrumb\":{\"@id\":\"https:\/\/jornalfatosenoticias.com.br\/index.php\/2024\/04\/01\/servidores-federais-anunciam-greve-nacional-apos-governo-lula-oferecer-0-de-reajuste\/#breadcrumb\"},\"inLanguage\":\"pt-BR\",\"potentialAction\":[{\"@type\":\"ReadAction\",\"target\":[\"https:\/\/jornalfatosenoticias.com.br\/index.php\/2024\/04\/01\/servidores-federais-anunciam-greve-nacional-apos-governo-lula-oferecer-0-de-reajuste\/\"]}]},{\"@type\":\"ImageObject\",\"inLanguage\":\"pt-BR\",\"@id\":\"https:\/\/jornalfatosenoticias.com.br\/index.php\/2024\/04\/01\/servidores-federais-anunciam-greve-nacional-apos-governo-lula-oferecer-0-de-reajuste\/#primaryimage\",\"url\":\"https:\/\/jornalfatosenoticias.com.br\/wp-content\/uploads\/2024\/04\/greve.jpg\",\"contentUrl\":\"https:\/\/jornalfatosenoticias.com.br\/wp-content\/uploads\/2024\/04\/greve.jpg\",\"width\":848,\"height\":477},{\"@type\":\"BreadcrumbList\",\"@id\":\"https:\/\/jornalfatosenoticias.com.br\/index.php\/2024\/04\/01\/servidores-federais-anunciam-greve-nacional-apos-governo-lula-oferecer-0-de-reajuste\/#breadcrumb\",\"itemListElement\":[{\"@type\":\"ListItem\",\"position\":1,\"name\":\"In\u00edcio\",\"item\":\"https:\/\/jornalfatosenoticias.com.br\/\"},{\"@type\":\"ListItem\",\"position\":2,\"name\":\"Servidores federais anunciam greve nacional ap\u00f3s governo Lula oferecer 0% de reajuste\"}]},{\"@type\":\"WebSite\",\"@id\":\"https:\/\/jornalfatosenoticias.com.br\/#website\",\"url\":\"https:\/\/jornalfatosenoticias.com.br\/\",\"name\":\"Jornal Fatos e Not\u00edcias\",\"description\":\"Not\u00edcias em geral\",\"publisher\":{\"@id\":\"https:\/\/jornalfatosenoticias.com.br\/#organization\"},\"potentialAction\":[{\"@type\":\"SearchAction\",\"target\":{\"@type\":\"EntryPoint\",\"urlTemplate\":\"https:\/\/jornalfatosenoticias.com.br\/?s={search_term_string}\"},\"query-input\":{\"@type\":\"PropertyValueSpecification\",\"valueRequired\":true,\"valueName\":\"search_term_string\"}}],\"inLanguage\":\"pt-BR\"},{\"@type\":\"Organization\",\"@id\":\"https:\/\/jornalfatosenoticias.com.br\/#organization\",\"name\":\"Jornal Fatos e Not\u00edcias\",\"url\":\"https:\/\/jornalfatosenoticias.com.br\/\",\"logo\":{\"@type\":\"ImageObject\",\"inLanguage\":\"pt-BR\",\"@id\":\"https:\/\/jornalfatosenoticias.com.br\/#\/schema\/logo\/image\/\",\"url\":\"https:\/\/jornalfatosenoticias.com.br\/wp-content\/uploads\/2020\/02\/logo120.png\",\"contentUrl\":\"https:\/\/jornalfatosenoticias.com.br\/wp-content\/uploads\/2020\/02\/logo120.png\",\"width\":1227,\"height\":120,\"caption\":\"Jornal Fatos e Not\u00edcias\"},\"image\":{\"@id\":\"https:\/\/jornalfatosenoticias.com.br\/#\/schema\/logo\/image\/\"}},{\"@type\":\"Person\",\"@id\":\"https:\/\/jornalfatosenoticias.com.br\/#\/schema\/person\/d63837fa13ac8666eb9e74e0985d6f81\",\"name\":\"Luzimara Fernandes\",\"image\":{\"@type\":\"ImageObject\",\"inLanguage\":\"pt-BR\",\"@id\":\"https:\/\/jornalfatosenoticias.com.br\/#\/schema\/person\/image\/\",\"url\":\"https:\/\/jornalfatosenoticias.com.br\/wp-content\/uploads\/2025\/05\/EU_portal.jpg\",\"contentUrl\":\"https:\/\/jornalfatosenoticias.com.br\/wp-content\/uploads\/2025\/05\/EU_portal.jpg\",\"caption\":\"Luzimara Fernandes\"},\"description\":\"Jornalista MTB 2358-ES\",\"sameAs\":[\"https:\/\/jornalfatosenoticias.com.br\"],\"url\":\"https:\/\/jornalfatosenoticias.com.br\/index.php\/author\/luzimara\/\"}]}<\/script>\n<!-- \/ Yoast SEO plugin. -->","yoast_head_json":{"title":"Servidores federais anunciam greve nacional ap\u00f3s governo Lula oferecer 0% de reajuste - Jornal Fatos e Not\u00edcias","robots":{"index":"index","follow":"follow","max-snippet":"max-snippet:-1","max-image-preview":"max-image-preview:large","max-video-preview":"max-video-preview:-1"},"canonical":"https:\/\/jornalfatosenoticias.com.br\/index.php\/2024\/04\/01\/servidores-federais-anunciam-greve-nacional-apos-governo-lula-oferecer-0-de-reajuste\/","og_locale":"pt_BR","og_type":"article","og_title":"Servidores federais anunciam greve nacional ap\u00f3s governo Lula oferecer 0% de reajuste - Jornal Fatos e Not\u00edcias","og_description":"Segundo os sindicalistas, a greve \u00e9 uma consequ\u00eancia da \u201cfalta de avan\u00e7o nas tentativas de negocia\u00e7\u00e3o com o governo sobre as pautas centrais da categoria\u201d Por Di\u00f3genes Freire Feitosa Ap\u00f3s oito meses de negocia\u00e7\u00f5es com o governo Lula sem acordo sobre as reivindica\u00e7\u00f5es de reajuste salarial e reestrutura\u00e7\u00e3o de carreira, o Sindicato Nacional dos(as) Servidores [&hellip;]","og_url":"https:\/\/jornalfatosenoticias.com.br\/index.php\/2024\/04\/01\/servidores-federais-anunciam-greve-nacional-apos-governo-lula-oferecer-0-de-reajuste\/","og_site_name":"Jornal Fatos e Not\u00edcias","article_published_time":"2024-04-01T14:52:57+00:00","article_modified_time":"2024-04-01T14:52:58+00:00","og_image":[{"width":848,"height":477,"url":"https:\/\/jornalfatosenoticias.com.br\/wp-content\/uploads\/2024\/04\/greve.jpg","type":"image\/jpeg"}],"author":"Luzimara Fernandes","twitter_card":"summary_large_image","twitter_misc":{"Escrito por":"Luzimara Fernandes","Est. tempo de leitura":"2 minutos"},"schema":{"@context":"https:\/\/schema.org","@graph":[{"@type":"Article","@id":"https:\/\/jornalfatosenoticias.com.br\/index.php\/2024\/04\/01\/servidores-federais-anunciam-greve-nacional-apos-governo-lula-oferecer-0-de-reajuste\/#article","isPartOf":{"@id":"https:\/\/jornalfatosenoticias.com.br\/index.php\/2024\/04\/01\/servidores-federais-anunciam-greve-nacional-apos-governo-lula-oferecer-0-de-reajuste\/"},"author":{"name":"Luzimara Fernandes","@id":"https:\/\/jornalfatosenoticias.com.br\/#\/schema\/person\/d63837fa13ac8666eb9e74e0985d6f81"},"headline":"Servidores federais anunciam greve nacional ap\u00f3s governo Lula oferecer 0% de reajuste","datePublished":"2024-04-01T14:52:57+00:00","dateModified":"2024-04-01T14:52:58+00:00","mainEntityOfPage":{"@id":"https:\/\/jornalfatosenoticias.com.br\/index.php\/2024\/04\/01\/servidores-federais-anunciam-greve-nacional-apos-governo-lula-oferecer-0-de-reajuste\/"},"wordCount":406,"commentCount":0,"publisher":{"@id":"https:\/\/jornalfatosenoticias.com.br\/#organization"},"image":{"@id":"https:\/\/jornalfatosenoticias.com.br\/index.php\/2024\/04\/01\/servidores-federais-anunciam-greve-nacional-apos-governo-lula-oferecer-0-de-reajuste\/#primaryimage"},"thumbnailUrl":"https:\/\/jornalfatosenoticias.com.br\/wp-content\/uploads\/2024\/04\/greve.jpg","keywords":["carreira","educa\u00e7\u00e3o","greve","Lula","PT","servidores p\u00fablicos"],"articleSection":["Geral"],"inLanguage":"pt-BR","potentialAction":[{"@type":"CommentAction","name":"Comment","target":["https:\/\/jornalfatosenoticias.com.br\/index.php\/2024\/04\/01\/servidores-federais-anunciam-greve-nacional-apos-governo-lula-oferecer-0-de-reajuste\/#respond"]}]},{"@type":"WebPage","@id":"https:\/\/jornalfatosenoticias.com.br\/index.php\/2024\/04\/01\/servidores-federais-anunciam-greve-nacional-apos-governo-lula-oferecer-0-de-reajuste\/","url":"https:\/\/jornalfatosenoticias.com.br\/index.php\/2024\/04\/01\/servidores-federais-anunciam-greve-nacional-apos-governo-lula-oferecer-0-de-reajuste\/","name":"Servidores federais anunciam greve nacional ap\u00f3s governo Lula oferecer 0% de reajuste - Jornal Fatos e Not\u00edcias","isPartOf":{"@id":"https:\/\/jornalfatosenoticias.com.br\/#website"},"primaryImageOfPage":{"@id":"https:\/\/jornalfatosenoticias.com.br\/index.php\/2024\/04\/01\/servidores-federais-anunciam-greve-nacional-apos-governo-lula-oferecer-0-de-reajuste\/#primaryimage"},"image":{"@id":"https:\/\/jornalfatosenoticias.com.br\/index.php\/2024\/04\/01\/servidores-federais-anunciam-greve-nacional-apos-governo-lula-oferecer-0-de-reajuste\/#primaryimage"},"thumbnailUrl":"https:\/\/jornalfatosenoticias.com.br\/wp-content\/uploads\/2024\/04\/greve.jpg","datePublished":"2024-04-01T14:52:57+00:00","dateModified":"2024-04-01T14:52:58+00:00","breadcrumb":{"@id":"https:\/\/jornalfatosenoticias.com.br\/index.php\/2024\/04\/01\/servidores-federais-anunciam-greve-nacional-apos-governo-lula-oferecer-0-de-reajuste\/#breadcrumb"},"inLanguage":"pt-BR","potentialAction":[{"@type":"ReadAction","target":["https:\/\/jornalfatosenoticias.com.br\/index.php\/2024\/04\/01\/servidores-federais-anunciam-greve-nacional-apos-governo-lula-oferecer-0-de-reajuste\/"]}]},{"@type":"ImageObject","inLanguage":"pt-BR","@id":"https:\/\/jornalfatosenoticias.com.br\/index.php\/2024\/04\/01\/servidores-federais-anunciam-greve-nacional-apos-governo-lula-oferecer-0-de-reajuste\/#primaryimage","url":"https:\/\/jornalfatosenoticias.com.br\/wp-content\/uploads\/2024\/04\/greve.jpg","contentUrl":"https:\/\/jornalfatosenoticias.com.br\/wp-content\/uploads\/2024\/04\/greve.jpg","width":848,"height":477},{"@type":"BreadcrumbList","@id":"https:\/\/jornalfatosenoticias.com.br\/index.php\/2024\/04\/01\/servidores-federais-anunciam-greve-nacional-apos-governo-lula-oferecer-0-de-reajuste\/#breadcrumb","itemListElement":[{"@type":"ListItem","position":1,"name":"In\u00edcio","item":"https:\/\/jornalfatosenoticias.com.br\/"},{"@type":"ListItem","position":2,"name":"Servidores federais anunciam greve nacional ap\u00f3s governo Lula oferecer 0% de reajuste"}]},{"@type":"WebSite","@id":"https:\/\/jornalfatosenoticias.com.br\/#website","url":"https:\/\/jornalfatosenoticias.com.br\/","name":"Jornal Fatos e Not\u00edcias","description":"Not\u00edcias em geral","publisher":{"@id":"https:\/\/jornalfatosenoticias.com.br\/#organization"},"potentialAction":[{"@type":"SearchAction","target":{"@type":"EntryPoint","urlTemplate":"https:\/\/jornalfatosenoticias.com.br\/?s={search_term_string}"},"query-input":{"@type":"PropertyValueSpecification","valueRequired":true,"valueName":"search_term_string"}}],"inLanguage":"pt-BR"},{"@type":"Organization","@id":"https:\/\/jornalfatosenoticias.com.br\/#organization","name":"Jornal Fatos e Not\u00edcias","url":"https:\/\/jornalfatosenoticias.com.br\/","logo":{"@type":"ImageObject","inLanguage":"pt-BR","@id":"https:\/\/jornalfatosenoticias.com.br\/#\/schema\/logo\/image\/","url":"https:\/\/jornalfatosenoticias.com.br\/wp-content\/uploads\/2020\/02\/logo120.png","contentUrl":"https:\/\/jornalfatosenoticias.com.br\/wp-content\/uploads\/2020\/02\/logo120.png","width":1227,"height":120,"caption":"Jornal Fatos e Not\u00edcias"},"image":{"@id":"https:\/\/jornalfatosenoticias.com.br\/#\/schema\/logo\/image\/"}},{"@type":"Person","@id":"https:\/\/jornalfatosenoticias.com.br\/#\/schema\/person\/d63837fa13ac8666eb9e74e0985d6f81","name":"Luzimara Fernandes","image":{"@type":"ImageObject","inLanguage":"pt-BR","@id":"https:\/\/jornalfatosenoticias.com.br\/#\/schema\/person\/image\/","url":"https:\/\/jornalfatosenoticias.com.br\/wp-content\/uploads\/2025\/05\/EU_portal.jpg","contentUrl":"https:\/\/jornalfatosenoticias.com.br\/wp-content\/uploads\/2025\/05\/EU_portal.jpg","caption":"Luzimara Fernandes"},"description":"Jornalista MTB 2358-ES","sameAs":["https:\/\/jornalfatosenoticias.com.br"],"url":"https:\/\/jornalfatosenoticias.com.br\/index.php\/author\/luzimara\/"}]}},"cc_featured_image_caption":{"caption_text":"(Foto: Divulga\u00e7\u00e3o)","source_text":"","source_url":""},"jetpack_featured_media_url":"https:\/\/jornalfatosenoticias.com.br\/wp-content\/uploads\/2024\/04\/greve.jpg","_links":{"self":[{"href":"https:\/\/jornalfatosenoticias.com.br\/index.php\/wp-json\/wp\/v2\/posts\/50321","targetHints":{"allow":["GET"]}}],"collection":[{"href":"https:\/\/jornalfatosenoticias.com.br\/index.php\/wp-json\/wp\/v2\/posts"}],"about":[{"href":"https:\/\/jornalfatosenoticias.com.br\/index.php\/wp-json\/wp\/v2\/types\/post"}],"author":[{"embeddable":true,"href":"https:\/\/jornalfatosenoticias.com.br\/index.php\/wp-json\/wp\/v2\/users\/2"}],"replies":[{"embeddable":true,"href":"https:\/\/jornalfatosenoticias.com.br\/index.php\/wp-json\/wp\/v2\/comments?post=50321"}],"version-history":[{"count":0,"href":"https:\/\/jornalfatosenoticias.com.br\/index.php\/wp-json\/wp\/v2\/posts\/50321\/revisions"}],"wp:featuredmedia":[{"embeddable":true,"href":"https:\/\/jornalfatosenoticias.com.br\/index.php\/wp-json\/wp\/v2\/media\/50322"}],"wp:attachment":[{"href":"https:\/\/jornalfatosenoticias.com.br\/index.php\/wp-json\/wp\/v2\/media?parent=50321"}],"wp:term":[{"taxonomy":"category","embeddable":true,"href":"https:\/\/jornalfatosenoticias.com.br\/index.php\/wp-json\/wp\/v2\/categories?post=50321"},{"taxonomy":"post_tag","embeddable":true,"href":"https:\/\/jornalfatosenoticias.com.br\/index.php\/wp-json\/wp\/v2\/tags?post=50321"}],"curies":[{"name":"wp","href":"https:\/\/api.w.org\/{rel}","templated":true}]}}