{"id":50330,"date":"2024-04-01T19:56:40","date_gmt":"2024-04-01T22:56:40","guid":{"rendered":"https:\/\/jornalfatosenoticias.com.br\/?p=50330"},"modified":"2024-04-01T20:49:41","modified_gmt":"2024-04-01T23:49:41","slug":"pl-fundao-anuncia-novo-pre-candidato-a-prefeito","status":"publish","type":"post","link":"https:\/\/jornalfatosenoticias.com.br\/index.php\/2024\/04\/01\/pl-fundao-anuncia-novo-pre-candidato-a-prefeito\/","title":{"rendered":"PL Fund\u00e3o anuncia novo pr\u00e9-candidato a prefeito"},"content":{"rendered":"\n<div class=\"wp-block-image\"><figure class=\"aligncenter size-large\"><img loading=\"lazy\" decoding=\"async\" width=\"729\" height=\"90\" src=\"https:\/\/jornalfatosenoticias.com.br\/wp-content\/uploads\/2020\/02\/Logo_Mizu.png\" alt=\"\" class=\"wp-image-1441\" srcset=\"https:\/\/jornalfatosenoticias.com.br\/wp-content\/uploads\/2020\/02\/Logo_Mizu.png 729w, https:\/\/jornalfatosenoticias.com.br\/wp-content\/uploads\/2020\/02\/Logo_Mizu-300x37.png 300w\" sizes=\"auto, (max-width: 729px) 100vw, 729px\" \/><\/figure><\/div>\n\n\n\n<p>O vereador Aelcio Peixoto, rec\u00e9m-filiado ao Partido Liberal (PL) para concorrer \u00e0 prefeitura de Fund\u00e3o, falou ao Fatos &amp; Not\u00edcias sobre suas perspectivas pol\u00edticas e analisou que os problemas do munic\u00edpio s\u00e3o consequ\u00eancia de m\u00e1s gest\u00f5es. Sobre o atual cen\u00e1rio pol\u00edtico e econ\u00f4mico de Fund\u00e3o, Aelcio diz ficar triste por n\u00e3o ver progresso. Segundo ele, o munic\u00edpio est\u00e1 em pleno retrocesso, o sistema municipal de sa\u00fade, educa\u00e7\u00e3o, seguran\u00e7a, meio ambiente e urbaniza\u00e7\u00e3o est\u00e1 prec\u00e1rio.<br>\u201cA filia\u00e7\u00e3o ao Partido Liberal (PL) era quest\u00e3o de tempo. Sempre fui de direita e toda minha vida defendi as mesmas pautas que o partido defende; Deus, P\u00e1tria, Fam\u00edlia e Liberdade. Em outubro do ano passado o diret\u00f3rio municipal me procurou, mas vi que ainda n\u00e3o era o momento. Tive paci\u00eancia, estudei as possibilidades e hoje estou mais feliz politicamente, por fazer parte de um partido que me representa. Sou evang\u00e9lico e nasci em Fund\u00e3o, quando aqui ainda tinha hospital. Hoje, tenho tr\u00eas filhas e todas nasceram fora do munic\u00edpio. Antigamente o fund\u00e3oense nascia em Fund\u00e3o\u201d, aponta.<\/p>\n\n\n\n<div class=\"wp-block-image\"><figure class=\"aligncenter size-large is-resized\"><img loading=\"lazy\" decoding=\"async\" src=\"https:\/\/jornalfatosenoticias.com.br\/wp-content\/uploads\/2023\/08\/ITH.jpeg\" alt=\"\" class=\"wp-image-44638\" width=\"318\" height=\"258\" srcset=\"https:\/\/jornalfatosenoticias.com.br\/wp-content\/uploads\/2023\/08\/ITH.jpeg 800w, https:\/\/jornalfatosenoticias.com.br\/wp-content\/uploads\/2023\/08\/ITH-300x244.jpeg 300w, https:\/\/jornalfatosenoticias.com.br\/wp-content\/uploads\/2023\/08\/ITH-768x624.jpeg 768w\" sizes=\"auto, (max-width: 318px) 100vw, 318px\" \/><\/figure><\/div>\n\n\n\n<p>Segundo Aelcio, o munic\u00edpio est\u00e1 retrocedendo, todo o sistema municipal \u00e9 prec\u00e1rio. \u201cNossos alunos estudam em pr\u00e9dios antigos, que precisam de manuten\u00e7\u00e3o e constantes repara\u00e7\u00f5es. Alguns precisam ser demolidos para dar lugar a unidades novas e modernas\u201d, critica.<\/p>\n\n\n\n<div class=\"wp-block-image\"><figure class=\"aligncenter size-large is-resized\"><img loading=\"lazy\" decoding=\"async\" src=\"https:\/\/jornalfatosenoticias.com.br\/wp-content\/uploads\/2023\/12\/pegoretti-logo-pdf-1024x389.jpg\" alt=\"\" class=\"wp-image-47536\" width=\"522\" height=\"198\" srcset=\"https:\/\/jornalfatosenoticias.com.br\/wp-content\/uploads\/2023\/12\/pegoretti-logo-pdf-1024x389.jpg 1024w, https:\/\/jornalfatosenoticias.com.br\/wp-content\/uploads\/2023\/12\/pegoretti-logo-pdf-300x114.jpg 300w, https:\/\/jornalfatosenoticias.com.br\/wp-content\/uploads\/2023\/12\/pegoretti-logo-pdf-768x291.jpg 768w, https:\/\/jornalfatosenoticias.com.br\/wp-content\/uploads\/2023\/12\/pegoretti-logo-pdf.jpg 1120w\" sizes=\"auto, (max-width: 522px) 100vw, 522px\" \/><\/figure><\/div>\n\n\n\n<p>\u201cA Emcef Praia Grande, onde estudei h\u00e1 mais de vinte anos, vergonhosamente, permanece do mesmo jeito, a \u00fanica coisa que aconteceu nesse per\u00edodo foi uma reforma que ainda n\u00e3o foi conclu\u00edda. Nossos professores est\u00e3o desmotivados em fun\u00e7\u00e3o dos baixos sal\u00e1rios e da falta de condi\u00e7\u00f5es de trabalho. Conhe\u00e7o professores que gastam do pr\u00f3prio sal\u00e1rio para oferecer algo diferente para seus alunos\u201d, afirma.<\/p>\n\n\n\n<div class=\"wp-block-image\"><figure class=\"aligncenter size-large\"><img loading=\"lazy\" decoding=\"async\" width=\"724\" height=\"1024\" src=\"https:\/\/jornalfatosenoticias.com.br\/wp-content\/uploads\/2024\/04\/6186-REQ102022-202203021851464779_240401_084240-imagens-1-724x1024.jpg\" alt=\"\" class=\"wp-image-50331\" srcset=\"https:\/\/jornalfatosenoticias.com.br\/wp-content\/uploads\/2024\/04\/6186-REQ102022-202203021851464779_240401_084240-imagens-1-724x1024.jpg 724w, https:\/\/jornalfatosenoticias.com.br\/wp-content\/uploads\/2024\/04\/6186-REQ102022-202203021851464779_240401_084240-imagens-1-212x300.jpg 212w, https:\/\/jornalfatosenoticias.com.br\/wp-content\/uploads\/2024\/04\/6186-REQ102022-202203021851464779_240401_084240-imagens-1-768x1087.jpg 768w, https:\/\/jornalfatosenoticias.com.br\/wp-content\/uploads\/2024\/04\/6186-REQ102022-202203021851464779_240401_084240-imagens-1-1086x1536.jpg 1086w, https:\/\/jornalfatosenoticias.com.br\/wp-content\/uploads\/2024\/04\/6186-REQ102022-202203021851464779_240401_084240-imagens-1-1447x2048.jpg 1447w, https:\/\/jornalfatosenoticias.com.br\/wp-content\/uploads\/2024\/04\/6186-REQ102022-202203021851464779_240401_084240-imagens-1-scaled.jpg 1809w\" sizes=\"auto, (max-width: 724px) 100vw, 724px\" \/><\/figure><\/div>\n\n\n\n<div class=\"wp-block-image\"><figure class=\"aligncenter size-large\"><img loading=\"lazy\" decoding=\"async\" width=\"724\" height=\"1024\" src=\"https:\/\/jornalfatosenoticias.com.br\/wp-content\/uploads\/2024\/04\/6186-REQ102022-202203021851464779_240401_084240-imagens-2-724x1024.jpg\" alt=\"\" class=\"wp-image-50332\" srcset=\"https:\/\/jornalfatosenoticias.com.br\/wp-content\/uploads\/2024\/04\/6186-REQ102022-202203021851464779_240401_084240-imagens-2-724x1024.jpg 724w, https:\/\/jornalfatosenoticias.com.br\/wp-content\/uploads\/2024\/04\/6186-REQ102022-202203021851464779_240401_084240-imagens-2-212x300.jpg 212w, https:\/\/jornalfatosenoticias.com.br\/wp-content\/uploads\/2024\/04\/6186-REQ102022-202203021851464779_240401_084240-imagens-2-768x1087.jpg 768w, https:\/\/jornalfatosenoticias.com.br\/wp-content\/uploads\/2024\/04\/6186-REQ102022-202203021851464779_240401_084240-imagens-2-1086x1536.jpg 1086w, https:\/\/jornalfatosenoticias.com.br\/wp-content\/uploads\/2024\/04\/6186-REQ102022-202203021851464779_240401_084240-imagens-2-1447x2048.jpg 1447w, https:\/\/jornalfatosenoticias.com.br\/wp-content\/uploads\/2024\/04\/6186-REQ102022-202203021851464779_240401_084240-imagens-2-scaled.jpg 1809w\" sizes=\"auto, (max-width: 724px) 100vw, 724px\" \/><figcaption><em><span class=\"has-inline-color has-black-color\">Requerimento do vereador Aelcio Peixoto<\/span><\/em><\/figcaption><\/figure><\/div>\n\n\n\n<div class=\"wp-block-image\"><figure class=\"aligncenter size-large\"><img loading=\"lazy\" decoding=\"async\" width=\"300\" height=\"250\" src=\"https:\/\/jornalfatosenoticias.com.br\/wp-content\/uploads\/2022\/02\/FERRARI_MAQUINAS-E-FERRAMENTAS2.jpg\" alt=\"\" class=\"wp-image-27860\"\/><\/figure><\/div>\n\n\n\n<p>Os problemas apontados pelo vereador s\u00e3o uma constante na vida dos mun\u00edcipes. Na sa\u00fade, foi prometida uma extens\u00e3o de hor\u00e1rio na Unidade B\u00e1sica de Sa\u00fade (UBS) de Praia Grande, at\u00e9 a constru\u00e7\u00e3o de um Pronto Atendimento (PA) e nenhuma foi cumprida. \u201cA UBS n\u00e3o abre nos feriados e muito menos aos s\u00e1bados e domingos. Se o doente precisar de uma ambul\u00e2ncia vai a \u00f3bito, pelo tempo de resposta que geralmente s\u00e3o de 40 minutos ou mais. Trabalhamos para trazer uma unidade do Samu para Praia Grande, o que, certamente, diminuiria o tempo de resposta para, no m\u00e1ximo, 20 minutos, mas n\u00e3o conseguimos\u201d, esclarece.<\/p>\n\n\n\n<div class=\"wp-block-image\"><figure class=\"aligncenter size-large is-resized\"><img loading=\"lazy\" decoding=\"async\" src=\"https:\/\/jornalfatosenoticias.com.br\/wp-content\/uploads\/2023\/03\/logo-Panper_portal.jpg\" alt=\"\" class=\"wp-image-40208\" width=\"364\" height=\"252\" srcset=\"https:\/\/jornalfatosenoticias.com.br\/wp-content\/uploads\/2023\/03\/logo-Panper_portal.jpg 400w, https:\/\/jornalfatosenoticias.com.br\/wp-content\/uploads\/2023\/03\/logo-Panper_portal-300x208.jpg 300w\" sizes=\"auto, (max-width: 364px) 100vw, 364px\" \/><\/figure><\/div>\n\n\n\n<p>E os problemas se estendem por todo o munic\u00edpio. Um exemplo, \u00e9 o distrito de Timbu\u00ed, que contava com uma ambul\u00e2ncia e hoje n\u00e3o conta mais. \u201cSe o cidad\u00e3o n\u00e3o tiver condi\u00e7\u00f5es pr\u00f3prias ou puder contar com ajuda de parentes e vizinhos, dependendo do caso, certamente morrer\u00e1 esperando. O pr\u00e9dio do Pronto Atendimento (PA), quando chove, tem sala com infiltra\u00e7\u00f5es que umedecem paredes e, o teto, que \u00e9 de gesso, acaba caindo\u201d.<\/p>\n\n\n\n<div class=\"wp-block-image\"><figure class=\"aligncenter size-large is-resized\"><img loading=\"lazy\" decoding=\"async\" src=\"https:\/\/jornalfatosenoticias.com.br\/wp-content\/uploads\/2020\/02\/CONTROL-CS.jpg\" alt=\"\" class=\"wp-image-44991\" width=\"322\" height=\"385\" srcset=\"https:\/\/jornalfatosenoticias.com.br\/wp-content\/uploads\/2020\/02\/CONTROL-CS.jpg 834w, https:\/\/jornalfatosenoticias.com.br\/wp-content\/uploads\/2020\/02\/CONTROL-CS-250x300.jpg 250w, https:\/\/jornalfatosenoticias.com.br\/wp-content\/uploads\/2020\/02\/CONTROL-CS-768x921.jpg 768w\" sizes=\"auto, (max-width: 322px) 100vw, 322px\" \/><\/figure><\/div>\n\n\n\n<p>O vereador destaca que, durante a pandemia, onde na maior parte do Pa\u00eds os profissionais da sa\u00fade foram homenageados e at\u00e9 premiados, em Fund\u00e3o, eles foram penalizados. \u201cA insalubridade que, na ocasi\u00e3o era calculada sobre o sal\u00e1rio base, trouxe perda para toda a categoria. S\u00e3o profissionais que cuidam de pessoas, que precisam de incentivos, de motiva\u00e7\u00e3o, de cursos de capacita\u00e7\u00e3o e de condi\u00e7\u00f5es adequadas de trabalho. Temos 12 motoristas que levam pessoas para fazer exames em outros munic\u00edpios, mas que recebem menos de um sal\u00e1rio m\u00ednimo\u201d, menciona.<br>Quando o assunto \u00e9 gest\u00e3o, o munic\u00edpio ainda opera nos moldes da velha pol\u00edtica, onde o assistencialismo move a roda da economia. <\/p>\n\n\n\n<div class=\"wp-block-image\"><figure class=\"aligncenter size-large\"><img decoding=\"async\" src=\"https:\/\/jornalfatosenoticias.com.br\/wp-content\/uploads\/2020\/02\/logo_esteio.jpg\" alt=\"\" class=\"wp-image-1214\"\/><\/figure><\/div>\n\n\n\n<blockquote class=\"wp-block-quote is-layout-flow wp-block-quote-is-layout-flow\"><p><span class=\"has-inline-color has-luminous-vivid-orange-color\">Foram criadas v\u00e1rias secretarias e cargos desnecess\u00e1rios somente para acomodar aliados pol\u00edticos. No primeiro ano da atual gest\u00e3o, o munic\u00edpio recebia, em m\u00e9dia, R$ 2 milh\u00f5es\/m\u00eas de royalties, ou seja, R$ 24 milh\u00f5es\/ano. Nesse per\u00edodo foram pavimentadas apenas tr\u00eas ruas e gastos R$ 11 milh\u00f5es, detalhe, com conv\u00eanios do Estado. O governador j\u00e1 tinha assinado a ordem de servi\u00e7o da rua Porto Alegre, em Praia Grande, na gest\u00e3o de Pretinho. Lembro que, no mesmo dia da assinatura, foram entregues caminh\u00f5es, mas a rua mesmo n\u00e3o foi feita\u201d, ressalta.<\/span><\/p><\/blockquote>\n\n\n\n<div class=\"wp-block-image\"><figure class=\"aligncenter size-large\"><img loading=\"lazy\" decoding=\"async\" width=\"300\" height=\"250\" src=\"https:\/\/jornalfatosenoticias.com.br\/wp-content\/uploads\/2020\/02\/Banner-2.png\" alt=\"\" class=\"wp-image-43787\"\/><\/figure><\/div>\n\n\n\n<p>E justamente para mudar essa mentalidade que o PL chegou a Fund\u00e3o. \u00c9 sabido, ou pelo menos deveria ser, por todos que o vereador tem como fun\u00e7\u00e3o legislar, fiscalizar, trazer recursos, fazer indica\u00e7\u00f5es e colaborar com o Executivo. E esse papel, Aelcio vem cumprindo como vereador. \u201cSou um dos tr\u00eas vereadores que mais colaborou com a atual gest\u00e3o, trouxe caminh\u00f5es-pipa, ca\u00e7amba, retroescavadeira e uma pick-up para a defesa civil\u201d, diz o vereador.<\/p>\n\n\n\n<div class=\"wp-block-image\"><figure class=\"aligncenter size-large is-resized\"><img loading=\"lazy\" decoding=\"async\" src=\"https:\/\/jornalfatosenoticias.com.br\/wp-content\/uploads\/2023\/08\/BKR-1024x1021.jpg\" alt=\"\" class=\"wp-image-44494\" width=\"306\" height=\"305\" srcset=\"https:\/\/jornalfatosenoticias.com.br\/wp-content\/uploads\/2023\/08\/BKR-1024x1021.jpg 1024w, https:\/\/jornalfatosenoticias.com.br\/wp-content\/uploads\/2023\/08\/BKR-300x300.jpg 300w, https:\/\/jornalfatosenoticias.com.br\/wp-content\/uploads\/2023\/08\/BKR-150x150.jpg 150w, https:\/\/jornalfatosenoticias.com.br\/wp-content\/uploads\/2023\/08\/BKR-768x766.jpg 768w, https:\/\/jornalfatosenoticias.com.br\/wp-content\/uploads\/2023\/08\/BKR.jpg 1080w\" sizes=\"auto, (max-width: 306px) 100vw, 306px\" \/><\/figure><\/div>\n\n\n\n<p>Quanto ao PL, A\u00e9lcio revela que sempre teve o desejo de estar num partido de direita. E que \u00e9 uma honra estar num partido que tem o presidente Bolsonaro, senadores como Magno Malta (ES) e Marcos Rog\u00e9rio (RO), deputados federais como Gilvan da Federal (ES), Nikolas Ferreira (MG), Gustavo Gayer (GO), Bia Kicis (DF), Carla Zambelli (SP) e deputados estaduais como Capit\u00e3o Assum\u00e7\u00e3o (ES), dentre outros. \u201cSinto-me honrado e com mais disposi\u00e7\u00e3o\u201d.<\/p>\n\n\n\n<div class=\"wp-block-image\"><figure class=\"aligncenter size-large is-resized\"><img loading=\"lazy\" decoding=\"async\" src=\"https:\/\/jornalfatosenoticias.com.br\/wp-content\/uploads\/2023\/03\/nova-logo-Marquetti.jpg\" alt=\"\" class=\"wp-image-40207\" width=\"309\" height=\"207\" srcset=\"https:\/\/jornalfatosenoticias.com.br\/wp-content\/uploads\/2023\/03\/nova-logo-Marquetti.jpg 643w, https:\/\/jornalfatosenoticias.com.br\/wp-content\/uploads\/2023\/03\/nova-logo-Marquetti-300x202.jpg 300w\" sizes=\"auto, (max-width: 309px) 100vw, 309px\" \/><\/figure><\/div>\n\n\n\n<p>\u201cVejo que o cen\u00e1rio pol\u00edtico \u00e9 de mudan\u00e7a, n\u00e3o s\u00f3 aqui em Fund\u00e3o, mas em todo o Brasil. Trouxeram Gil, depois de dezesseis anos fora do munic\u00edpio e agora tem outro grupo que vem se apresentando como novo, mas que est\u00e1 trazendo junto um grupo do passado. Acredito que o munic\u00edpio n\u00e3o queira isso, o cidad\u00e3o de Fund\u00e3o clama por coisa nova, algo diferente e n\u00f3s do PL somos essa mudan\u00e7a\u201d, afirma.<\/p>\n\n\n\n<div class=\"wp-block-image\"><figure class=\"aligncenter size-large is-resized\"><img loading=\"lazy\" decoding=\"async\" src=\"https:\/\/jornalfatosenoticias.com.br\/wp-content\/uploads\/2024\/01\/consultoria-ambiental.jpg\" alt=\"\" class=\"wp-image-48314\" width=\"292\" height=\"264\" srcset=\"https:\/\/jornalfatosenoticias.com.br\/wp-content\/uploads\/2024\/01\/consultoria-ambiental.jpg 832w, https:\/\/jornalfatosenoticias.com.br\/wp-content\/uploads\/2024\/01\/consultoria-ambiental-300x272.jpg 300w, https:\/\/jornalfatosenoticias.com.br\/wp-content\/uploads\/2024\/01\/consultoria-ambiental-768x696.jpg 768w\" sizes=\"auto, (max-width: 292px) 100vw, 292px\" \/><\/figure><\/div>\n\n\n\n<p>Segundo Aelcio, o carro-chefe de sua gest\u00e3o ser\u00e1 a gera\u00e7\u00e3o de emprego e renda, pois o PL \u00e9 um partido que apoia a livre iniciativa e mostrou isso na gest\u00e3o de Bolsonaro. \u201cEle e Paulo Guedes ensinaram como tratar do bem p\u00fablico, nunca gastar mais do que arrecada, \u00e9 simples!\u201d.<\/p>\n\n\n\n<div class=\"wp-block-image\"><figure class=\"aligncenter size-large\"><img decoding=\"async\" src=\"https:\/\/jornalfatosenoticias.com.br\/wp-content\/uploads\/2020\/02\/barao-das-carnes-300x164-1.jpg\" alt=\"\" class=\"wp-image-34339\"\/><\/figure><\/div>\n\n\n\n<p>A hist\u00f3ria pol\u00edtico-administrativa de Fund\u00e3o, nos \u00faltimos vinte anos, mostra que o munic\u00edpio sempre esteve envolvido em esc\u00e2ndalos e nas manchetes policiais. A mesma coisa que o governo Lula. <\/p>\n\n\n\n<div class=\"wp-block-image\"><figure class=\"aligncenter size-large is-resized\"><img loading=\"lazy\" decoding=\"async\" src=\"https:\/\/jornalfatosenoticias.com.br\/wp-content\/uploads\/2022\/02\/Precisao-Contabilidade-1024x724.jpg\" alt=\"\" class=\"wp-image-28088\" width=\"367\" height=\"259\"\/><\/figure><\/div>\n\n\n\n<blockquote class=\"wp-block-quote is-layout-flow wp-block-quote-is-layout-flow\"><p><span class=\"has-inline-color has-luminous-vivid-orange-color\">S\u00e3o bilh\u00f5es de d\u00f3lares que est\u00e3o saindo do Pa\u00eds por falta de seguran\u00e7a pol\u00edtica e jur\u00eddica e, Fund\u00e3o, por d\u00e9cadas, vem sofrendo da mesma s\u00edndrome. Qual a garantia que um empres\u00e1rio tem para investir em uma cidade com o curr\u00edculo de Fund\u00e3o? Nenhuma. Por isso a necessidade de mudan\u00e7a. Vamos atrair empresas com implementa\u00e7\u00e3o de um POLO INDUSTRIAL na ES-124, com isen\u00e7\u00f5es e pol\u00edtica fiscal atraente\u201d, frisa.<\/span><\/p><\/blockquote>\n\n\n\n<div class=\"wp-block-image\"><figure class=\"aligncenter size-large is-resized\"><img loading=\"lazy\" decoding=\"async\" src=\"https:\/\/jornalfatosenoticias.com.br\/wp-content\/uploads\/2020\/02\/logo-Rapuzel-1024x571.jpg\" alt=\"\" class=\"wp-image-42808\" width=\"357\" height=\"199\" srcset=\"https:\/\/jornalfatosenoticias.com.br\/wp-content\/uploads\/2020\/02\/logo-Rapuzel-1024x571.jpg 1024w, https:\/\/jornalfatosenoticias.com.br\/wp-content\/uploads\/2020\/02\/logo-Rapuzel-300x167.jpg 300w, https:\/\/jornalfatosenoticias.com.br\/wp-content\/uploads\/2020\/02\/logo-Rapuzel-768x428.jpg 768w, https:\/\/jornalfatosenoticias.com.br\/wp-content\/uploads\/2020\/02\/logo-Rapuzel-1536x856.jpg 1536w, https:\/\/jornalfatosenoticias.com.br\/wp-content\/uploads\/2020\/02\/logo-Rapuzel.jpg 1600w\" sizes=\"auto, (max-width: 357px) 100vw, 357px\" \/><\/figure><\/div>\n\n\n\n<p>\u201cComo pr\u00e9-candidato e, se Deus permitir que eu seja prefeito, a popula\u00e7\u00e3o ver\u00e1 um prefeito aguerrido com vontade e desejo de fazer diferente. Assim como foi e est\u00e1 sendo o nosso mandato de vereador. Sei que estou indo por um caminho diferente, mas espero poder contar com vereadores como eu, que mostrem os melhores caminhos para errarmos menos e poder construir um munic\u00edpio melhor\u201d, declara.<\/p>\n\n\n\n<div class=\"wp-block-image\"><figure class=\"aligncenter size-large\"><img loading=\"lazy\" decoding=\"async\" width=\"1000\" height=\"750\" src=\"https:\/\/jornalfatosenoticias.com.br\/wp-content\/uploads\/2024\/04\/aelcio2.jpg\" alt=\"\" class=\"wp-image-50333\" srcset=\"https:\/\/jornalfatosenoticias.com.br\/wp-content\/uploads\/2024\/04\/aelcio2.jpg 1000w, https:\/\/jornalfatosenoticias.com.br\/wp-content\/uploads\/2024\/04\/aelcio2-300x225.jpg 300w, https:\/\/jornalfatosenoticias.com.br\/wp-content\/uploads\/2024\/04\/aelcio2-768x576.jpg 768w\" sizes=\"auto, (max-width: 1000px) 100vw, 1000px\" \/><figcaption><em><span class=\"has-inline-color has-black-color\">Da esquerda para a direita: Pr. Fabiano. Pr. Eron, Aelcio Peixoto, Pr. Carlos Salvador e Alem\u00e3o, pres. PL Fund\u00e3o (Foto: Haroldo Filho\/F&amp;N)<\/span><\/em><\/figcaption><\/figure><\/div>\n\n\n\n<p>Para o presidente municipal, Francisco Forrechi (Alem\u00e3o), o PL vem acompanhando o Aelcio Peixoto h\u00e1 algum tempo e que ele tem mostrado um perfil conservador. <\/p>\n\n\n\n<div class=\"wp-block-image\"><figure class=\"aligncenter size-large\"><img loading=\"lazy\" decoding=\"async\" width=\"300\" height=\"250\" src=\"https:\/\/jornalfatosenoticias.com.br\/wp-content\/uploads\/2022\/02\/FERRARI_MAQUINAS-E-FERRAMENTAS2.jpg\" alt=\"\" class=\"wp-image-27860\"\/><\/figure><\/div>\n\n\n\n<blockquote class=\"wp-block-quote is-layout-flow wp-block-quote-is-layout-flow\"><p><span class=\"has-inline-color has-luminous-vivid-orange-color\">Tentamos uma candidata, fizemos um bom trabalho, mas percebemos que precis\u00e1vamos de um algo a mais, uma lideran\u00e7a maior, mais expressiva e foi ent\u00e3o que o namoro com Aelcio deu certo. Se ganharmos essa elei\u00e7\u00e3o, o munic\u00edpio viver\u00e1 novos tempos. Vamos tirar Fund\u00e3o das garras da esquerda. Aelcio Peixoto sempre fiscalizou de maneira correta e se voc\u00ea fizer uma pesquisa, a maioria dos vereadores tem um indicado na prefeitura e ele \u00e9 o \u00fanico que n\u00e3o aceitou nenhum tipo de barganha, por isso est\u00e1 no PL. Tenho certeza que a popula\u00e7\u00e3o vai abra\u00e7ar o nome dele e em nome do nosso eterno presidente, Jair Messias Bolsonaro, do nosso senador Magno Malta que \u00e9 um orgulho capixaba, do deputado federal Gilvan da Federal e tenho certeza que vamos emplacar\u201d, explica.<\/span><\/p><\/blockquote>\n\n\n\n<div class=\"wp-block-image\"><figure class=\"aligncenter size-large\"><img loading=\"lazy\" decoding=\"async\" width=\"729\" height=\"90\" src=\"https:\/\/jornalfatosenoticias.com.br\/wp-content\/uploads\/2020\/02\/Logo_Mizu.png\" alt=\"\" class=\"wp-image-1441\" srcset=\"https:\/\/jornalfatosenoticias.com.br\/wp-content\/uploads\/2020\/02\/Logo_Mizu.png 729w, https:\/\/jornalfatosenoticias.com.br\/wp-content\/uploads\/2020\/02\/Logo_Mizu-300x37.png 300w\" sizes=\"auto, (max-width: 729px) 100vw, 729px\" \/><\/figure><\/div>\n\n\n\n<p>Alem\u00e3o faz quest\u00e3o de dizer que n\u00e3o existe centro-esquerda ou centro-direita. \u201cO cidad\u00e3o n\u00e3o pode ficar em cima do muro. Infelizmente, tem um grupo de pol\u00edticos aproveitadores que n\u00e3o tem projeto, est\u00e3o apenas sugando do er\u00e1rio e tentando surfar, de todas as formas, nas ondas do PL. N\u00e3o tenho medo de citar nomes, o vereador Vilcimar (PDT), por exemplo, postou uma foto com o deputado federal Nikolas Ferreira; o vereador Tadeu e o Neg\u00e3o do Bloco postaram com o senador Magno Malta, como se defendessem pautas conservadoras. Isso \u00e9 fraude eleitoral, bando de hip\u00f3critas!<\/p>\n\n\n\n<div class=\"wp-block-image\"><figure class=\"aligncenter size-large is-resized\"><img loading=\"lazy\" decoding=\"async\" src=\"https:\/\/jornalfatosenoticias.com.br\/wp-content\/uploads\/2023\/08\/ITH.jpeg\" alt=\"\" class=\"wp-image-44638\" width=\"302\" height=\"245\" srcset=\"https:\/\/jornalfatosenoticias.com.br\/wp-content\/uploads\/2023\/08\/ITH.jpeg 800w, https:\/\/jornalfatosenoticias.com.br\/wp-content\/uploads\/2023\/08\/ITH-300x244.jpeg 300w, https:\/\/jornalfatosenoticias.com.br\/wp-content\/uploads\/2023\/08\/ITH-768x624.jpeg 768w\" sizes=\"auto, (max-width: 302px) 100vw, 302px\" \/><\/figure><\/div>\n\n\n\n<p>Aonde que o PL vai estar ao lado de um vereador do partido que tornou ineleg\u00edvel o nosso presidente Bolsonaro, \u00edcone do Partido Liberal. O presidente nacional do PDT, Carlos Luppi, \u00e9 um dos culpados por esse desastre que n\u00f3s brasileiros nos encontramos com essa esquerda maldita, encabe\u00e7ada por Lula. Mas a popula\u00e7\u00e3o de Fund\u00e3o est\u00e1 antenada e saber\u00e1 separar, em outubro, o joio do trigo. Viva a direita!\u201d, finaliza.<\/p>\n\n\n\n<div class=\"wp-block-image\"><figure class=\"aligncenter size-large is-resized\"><img loading=\"lazy\" decoding=\"async\" src=\"https:\/\/jornalfatosenoticias.com.br\/wp-content\/uploads\/2023\/09\/vetorvix1024_1.jpg\" alt=\"\" class=\"wp-image-44868\" width=\"566\" height=\"150\" srcset=\"https:\/\/jornalfatosenoticias.com.br\/wp-content\/uploads\/2023\/09\/vetorvix1024_1.jpg 1024w, https:\/\/jornalfatosenoticias.com.br\/wp-content\/uploads\/2023\/09\/vetorvix1024_1-300x80.jpg 300w, https:\/\/jornalfatosenoticias.com.br\/wp-content\/uploads\/2023\/09\/vetorvix1024_1-768x205.jpg 768w\" sizes=\"auto, (max-width: 566px) 100vw, 566px\" \/><\/figure><\/div>\n\n\n\n<p><\/p>\n","protected":false},"excerpt":{"rendered":"<p>O vereador Aelcio Peixoto, rec\u00e9m-filiado ao Partido Liberal (PL) para concorrer \u00e0 prefeitura de Fund\u00e3o, falou ao Fatos &amp; Not\u00edcias sobre suas perspectivas pol\u00edticas e analisou que os problemas do munic\u00edpio s\u00e3o consequ\u00eancia de m\u00e1s gest\u00f5es. Sobre o atual cen\u00e1rio pol\u00edtico e econ\u00f4mico de Fund\u00e3o, Aelcio diz ficar triste por n\u00e3o ver progresso. Segundo ele, [&hellip;]<\/p>\n","protected":false},"author":3,"featured_media":50334,"comment_status":"open","ping_status":"open","sticky":false,"template":"","format":"standard","meta":{"footnotes":""},"categories":[10],"tags":[14303,23216,21964,22433,12546],"class_list":["post-50330","post","type-post","status-publish","format-standard","has-post-thumbnail","hentry","category-politica","tag-aelcio-peixoto","tag-alemao","tag-eleicoes-2024","tag-pl-fundao","tag-pre-candidatura"],"yoast_head":"<!-- This site is optimized with the Yoast SEO plugin v26.5 - https:\/\/yoast.com\/wordpress\/plugins\/seo\/ -->\n<title>PL Fund\u00e3o anuncia novo pr\u00e9-candidato a prefeito - Jornal Fatos e Not\u00edcias<\/title>\n<meta name=\"robots\" content=\"index, follow, max-snippet:-1, max-image-preview:large, max-video-preview:-1\" \/>\n<link rel=\"canonical\" href=\"https:\/\/jornalfatosenoticias.com.br\/index.php\/2024\/04\/01\/pl-fundao-anuncia-novo-pre-candidato-a-prefeito\/\" \/>\n<meta property=\"og:locale\" content=\"pt_BR\" \/>\n<meta property=\"og:type\" content=\"article\" \/>\n<meta property=\"og:title\" content=\"PL Fund\u00e3o anuncia novo pr\u00e9-candidato a prefeito - Jornal Fatos e Not\u00edcias\" \/>\n<meta property=\"og:description\" content=\"O vereador Aelcio Peixoto, rec\u00e9m-filiado ao Partido Liberal (PL) para concorrer \u00e0 prefeitura de Fund\u00e3o, falou ao Fatos &amp; Not\u00edcias sobre suas perspectivas pol\u00edticas e analisou que os problemas do munic\u00edpio s\u00e3o consequ\u00eancia de m\u00e1s gest\u00f5es. Sobre o atual cen\u00e1rio pol\u00edtico e econ\u00f4mico de Fund\u00e3o, Aelcio diz ficar triste por n\u00e3o ver progresso. Segundo ele, [&hellip;]\" \/>\n<meta property=\"og:url\" content=\"https:\/\/jornalfatosenoticias.com.br\/index.php\/2024\/04\/01\/pl-fundao-anuncia-novo-pre-candidato-a-prefeito\/\" \/>\n<meta property=\"og:site_name\" content=\"Jornal Fatos e Not\u00edcias\" \/>\n<meta property=\"article:published_time\" content=\"2024-04-01T22:56:40+00:00\" \/>\n<meta property=\"article:modified_time\" content=\"2024-04-01T23:49:41+00:00\" \/>\n<meta property=\"og:image\" content=\"https:\/\/jornalfatosenoticias.com.br\/wp-content\/uploads\/2024\/04\/aelcio.jpg\" \/>\n\t<meta property=\"og:image:width\" content=\"1000\" \/>\n\t<meta property=\"og:image:height\" content=\"507\" \/>\n\t<meta property=\"og:image:type\" content=\"image\/jpeg\" \/>\n<meta name=\"author\" content=\"Haroldo Filho\" \/>\n<meta name=\"twitter:card\" content=\"summary_large_image\" \/>\n<meta name=\"twitter:label1\" content=\"Escrito por\" \/>\n\t<meta name=\"twitter:data1\" content=\"Haroldo Filho\" \/>\n\t<meta name=\"twitter:label2\" content=\"Est. tempo de leitura\" \/>\n\t<meta name=\"twitter:data2\" content=\"8 minutos\" \/>\n<script type=\"application\/ld+json\" class=\"yoast-schema-graph\">{\"@context\":\"https:\/\/schema.org\",\"@graph\":[{\"@type\":\"Article\",\"@id\":\"https:\/\/jornalfatosenoticias.com.br\/index.php\/2024\/04\/01\/pl-fundao-anuncia-novo-pre-candidato-a-prefeito\/#article\",\"isPartOf\":{\"@id\":\"https:\/\/jornalfatosenoticias.com.br\/index.php\/2024\/04\/01\/pl-fundao-anuncia-novo-pre-candidato-a-prefeito\/\"},\"author\":{\"name\":\"Haroldo Filho\",\"@id\":\"https:\/\/jornalfatosenoticias.com.br\/#\/schema\/person\/05c46cc25b42a5c27e004fb0fa6b4965\"},\"headline\":\"PL Fund\u00e3o anuncia novo pr\u00e9-candidato a prefeito\",\"datePublished\":\"2024-04-01T22:56:40+00:00\",\"dateModified\":\"2024-04-01T23:49:41+00:00\",\"mainEntityOfPage\":{\"@id\":\"https:\/\/jornalfatosenoticias.com.br\/index.php\/2024\/04\/01\/pl-fundao-anuncia-novo-pre-candidato-a-prefeito\/\"},\"wordCount\":1595,\"commentCount\":0,\"publisher\":{\"@id\":\"https:\/\/jornalfatosenoticias.com.br\/#organization\"},\"image\":{\"@id\":\"https:\/\/jornalfatosenoticias.com.br\/index.php\/2024\/04\/01\/pl-fundao-anuncia-novo-pre-candidato-a-prefeito\/#primaryimage\"},\"thumbnailUrl\":\"https:\/\/jornalfatosenoticias.com.br\/wp-content\/uploads\/2024\/04\/aelcio.jpg\",\"keywords\":[\"Aelcio Peixoto\",\"Alem\u00e3o\",\"elei\u00e7\u00f5es 2024\",\"PL-Fund\u00e3o\",\"pr\u00e9-candidatura\"],\"articleSection\":[\"Pol\u00edtica\"],\"inLanguage\":\"pt-BR\",\"potentialAction\":[{\"@type\":\"CommentAction\",\"name\":\"Comment\",\"target\":[\"https:\/\/jornalfatosenoticias.com.br\/index.php\/2024\/04\/01\/pl-fundao-anuncia-novo-pre-candidato-a-prefeito\/#respond\"]}]},{\"@type\":\"WebPage\",\"@id\":\"https:\/\/jornalfatosenoticias.com.br\/index.php\/2024\/04\/01\/pl-fundao-anuncia-novo-pre-candidato-a-prefeito\/\",\"url\":\"https:\/\/jornalfatosenoticias.com.br\/index.php\/2024\/04\/01\/pl-fundao-anuncia-novo-pre-candidato-a-prefeito\/\",\"name\":\"PL Fund\u00e3o anuncia novo pr\u00e9-candidato a prefeito - Jornal Fatos e Not\u00edcias\",\"isPartOf\":{\"@id\":\"https:\/\/jornalfatosenoticias.com.br\/#website\"},\"primaryImageOfPage\":{\"@id\":\"https:\/\/jornalfatosenoticias.com.br\/index.php\/2024\/04\/01\/pl-fundao-anuncia-novo-pre-candidato-a-prefeito\/#primaryimage\"},\"image\":{\"@id\":\"https:\/\/jornalfatosenoticias.com.br\/index.php\/2024\/04\/01\/pl-fundao-anuncia-novo-pre-candidato-a-prefeito\/#primaryimage\"},\"thumbnailUrl\":\"https:\/\/jornalfatosenoticias.com.br\/wp-content\/uploads\/2024\/04\/aelcio.jpg\",\"datePublished\":\"2024-04-01T22:56:40+00:00\",\"dateModified\":\"2024-04-01T23:49:41+00:00\",\"breadcrumb\":{\"@id\":\"https:\/\/jornalfatosenoticias.com.br\/index.php\/2024\/04\/01\/pl-fundao-anuncia-novo-pre-candidato-a-prefeito\/#breadcrumb\"},\"inLanguage\":\"pt-BR\",\"potentialAction\":[{\"@type\":\"ReadAction\",\"target\":[\"https:\/\/jornalfatosenoticias.com.br\/index.php\/2024\/04\/01\/pl-fundao-anuncia-novo-pre-candidato-a-prefeito\/\"]}]},{\"@type\":\"ImageObject\",\"inLanguage\":\"pt-BR\",\"@id\":\"https:\/\/jornalfatosenoticias.com.br\/index.php\/2024\/04\/01\/pl-fundao-anuncia-novo-pre-candidato-a-prefeito\/#primaryimage\",\"url\":\"https:\/\/jornalfatosenoticias.com.br\/wp-content\/uploads\/2024\/04\/aelcio.jpg\",\"contentUrl\":\"https:\/\/jornalfatosenoticias.com.br\/wp-content\/uploads\/2024\/04\/aelcio.jpg\",\"width\":1000,\"height\":507},{\"@type\":\"BreadcrumbList\",\"@id\":\"https:\/\/jornalfatosenoticias.com.br\/index.php\/2024\/04\/01\/pl-fundao-anuncia-novo-pre-candidato-a-prefeito\/#breadcrumb\",\"itemListElement\":[{\"@type\":\"ListItem\",\"position\":1,\"name\":\"In\u00edcio\",\"item\":\"https:\/\/jornalfatosenoticias.com.br\/\"},{\"@type\":\"ListItem\",\"position\":2,\"name\":\"PL Fund\u00e3o anuncia novo pr\u00e9-candidato a prefeito\"}]},{\"@type\":\"WebSite\",\"@id\":\"https:\/\/jornalfatosenoticias.com.br\/#website\",\"url\":\"https:\/\/jornalfatosenoticias.com.br\/\",\"name\":\"Jornal Fatos e Not\u00edcias\",\"description\":\"Not\u00edcias em geral\",\"publisher\":{\"@id\":\"https:\/\/jornalfatosenoticias.com.br\/#organization\"},\"potentialAction\":[{\"@type\":\"SearchAction\",\"target\":{\"@type\":\"EntryPoint\",\"urlTemplate\":\"https:\/\/jornalfatosenoticias.com.br\/?s={search_term_string}\"},\"query-input\":{\"@type\":\"PropertyValueSpecification\",\"valueRequired\":true,\"valueName\":\"search_term_string\"}}],\"inLanguage\":\"pt-BR\"},{\"@type\":\"Organization\",\"@id\":\"https:\/\/jornalfatosenoticias.com.br\/#organization\",\"name\":\"Jornal Fatos e Not\u00edcias\",\"url\":\"https:\/\/jornalfatosenoticias.com.br\/\",\"logo\":{\"@type\":\"ImageObject\",\"inLanguage\":\"pt-BR\",\"@id\":\"https:\/\/jornalfatosenoticias.com.br\/#\/schema\/logo\/image\/\",\"url\":\"https:\/\/jornalfatosenoticias.com.br\/wp-content\/uploads\/2020\/02\/logo120.png\",\"contentUrl\":\"https:\/\/jornalfatosenoticias.com.br\/wp-content\/uploads\/2020\/02\/logo120.png\",\"width\":1227,\"height\":120,\"caption\":\"Jornal Fatos e Not\u00edcias\"},\"image\":{\"@id\":\"https:\/\/jornalfatosenoticias.com.br\/#\/schema\/logo\/image\/\"}},{\"@type\":\"Person\",\"@id\":\"https:\/\/jornalfatosenoticias.com.br\/#\/schema\/person\/05c46cc25b42a5c27e004fb0fa6b4965\",\"name\":\"Haroldo Filho\",\"image\":{\"@type\":\"ImageObject\",\"inLanguage\":\"pt-BR\",\"@id\":\"https:\/\/jornalfatosenoticias.com.br\/#\/schema\/person\/image\/\",\"url\":\"https:\/\/jornalfatosenoticias.com.br\/wp-content\/uploads\/2025\/08\/WhatsApp-Image-2025-08-18-at-15.30.28-150x150.jpeg\",\"contentUrl\":\"https:\/\/jornalfatosenoticias.com.br\/wp-content\/uploads\/2025\/08\/WhatsApp-Image-2025-08-18-at-15.30.28-150x150.jpeg\",\"caption\":\"Haroldo Filho\"},\"description\":\"Jornalista \u2013 DRT: 0003818\/ES Coordenador-geral da ONG Educar para Crescer\",\"url\":\"https:\/\/jornalfatosenoticias.com.br\/index.php\/author\/haroldo\/\"}]}<\/script>\n<!-- \/ Yoast SEO plugin. -->","yoast_head_json":{"title":"PL Fund\u00e3o anuncia novo pr\u00e9-candidato a prefeito - Jornal Fatos e Not\u00edcias","robots":{"index":"index","follow":"follow","max-snippet":"max-snippet:-1","max-image-preview":"max-image-preview:large","max-video-preview":"max-video-preview:-1"},"canonical":"https:\/\/jornalfatosenoticias.com.br\/index.php\/2024\/04\/01\/pl-fundao-anuncia-novo-pre-candidato-a-prefeito\/","og_locale":"pt_BR","og_type":"article","og_title":"PL Fund\u00e3o anuncia novo pr\u00e9-candidato a prefeito - Jornal Fatos e Not\u00edcias","og_description":"O vereador Aelcio Peixoto, rec\u00e9m-filiado ao Partido Liberal (PL) para concorrer \u00e0 prefeitura de Fund\u00e3o, falou ao Fatos &amp; Not\u00edcias sobre suas perspectivas pol\u00edticas e analisou que os problemas do munic\u00edpio s\u00e3o consequ\u00eancia de m\u00e1s gest\u00f5es. Sobre o atual cen\u00e1rio pol\u00edtico e econ\u00f4mico de Fund\u00e3o, Aelcio diz ficar triste por n\u00e3o ver progresso. Segundo ele, [&hellip;]","og_url":"https:\/\/jornalfatosenoticias.com.br\/index.php\/2024\/04\/01\/pl-fundao-anuncia-novo-pre-candidato-a-prefeito\/","og_site_name":"Jornal Fatos e Not\u00edcias","article_published_time":"2024-04-01T22:56:40+00:00","article_modified_time":"2024-04-01T23:49:41+00:00","og_image":[{"width":1000,"height":507,"url":"https:\/\/jornalfatosenoticias.com.br\/wp-content\/uploads\/2024\/04\/aelcio.jpg","type":"image\/jpeg"}],"author":"Haroldo Filho","twitter_card":"summary_large_image","twitter_misc":{"Escrito por":"Haroldo Filho","Est. tempo de leitura":"8 minutos"},"schema":{"@context":"https:\/\/schema.org","@graph":[{"@type":"Article","@id":"https:\/\/jornalfatosenoticias.com.br\/index.php\/2024\/04\/01\/pl-fundao-anuncia-novo-pre-candidato-a-prefeito\/#article","isPartOf":{"@id":"https:\/\/jornalfatosenoticias.com.br\/index.php\/2024\/04\/01\/pl-fundao-anuncia-novo-pre-candidato-a-prefeito\/"},"author":{"name":"Haroldo Filho","@id":"https:\/\/jornalfatosenoticias.com.br\/#\/schema\/person\/05c46cc25b42a5c27e004fb0fa6b4965"},"headline":"PL Fund\u00e3o anuncia novo pr\u00e9-candidato a prefeito","datePublished":"2024-04-01T22:56:40+00:00","dateModified":"2024-04-01T23:49:41+00:00","mainEntityOfPage":{"@id":"https:\/\/jornalfatosenoticias.com.br\/index.php\/2024\/04\/01\/pl-fundao-anuncia-novo-pre-candidato-a-prefeito\/"},"wordCount":1595,"commentCount":0,"publisher":{"@id":"https:\/\/jornalfatosenoticias.com.br\/#organization"},"image":{"@id":"https:\/\/jornalfatosenoticias.com.br\/index.php\/2024\/04\/01\/pl-fundao-anuncia-novo-pre-candidato-a-prefeito\/#primaryimage"},"thumbnailUrl":"https:\/\/jornalfatosenoticias.com.br\/wp-content\/uploads\/2024\/04\/aelcio.jpg","keywords":["Aelcio Peixoto","Alem\u00e3o","elei\u00e7\u00f5es 2024","PL-Fund\u00e3o","pr\u00e9-candidatura"],"articleSection":["Pol\u00edtica"],"inLanguage":"pt-BR","potentialAction":[{"@type":"CommentAction","name":"Comment","target":["https:\/\/jornalfatosenoticias.com.br\/index.php\/2024\/04\/01\/pl-fundao-anuncia-novo-pre-candidato-a-prefeito\/#respond"]}]},{"@type":"WebPage","@id":"https:\/\/jornalfatosenoticias.com.br\/index.php\/2024\/04\/01\/pl-fundao-anuncia-novo-pre-candidato-a-prefeito\/","url":"https:\/\/jornalfatosenoticias.com.br\/index.php\/2024\/04\/01\/pl-fundao-anuncia-novo-pre-candidato-a-prefeito\/","name":"PL Fund\u00e3o anuncia novo pr\u00e9-candidato a prefeito - Jornal Fatos e Not\u00edcias","isPartOf":{"@id":"https:\/\/jornalfatosenoticias.com.br\/#website"},"primaryImageOfPage":{"@id":"https:\/\/jornalfatosenoticias.com.br\/index.php\/2024\/04\/01\/pl-fundao-anuncia-novo-pre-candidato-a-prefeito\/#primaryimage"},"image":{"@id":"https:\/\/jornalfatosenoticias.com.br\/index.php\/2024\/04\/01\/pl-fundao-anuncia-novo-pre-candidato-a-prefeito\/#primaryimage"},"thumbnailUrl":"https:\/\/jornalfatosenoticias.com.br\/wp-content\/uploads\/2024\/04\/aelcio.jpg","datePublished":"2024-04-01T22:56:40+00:00","dateModified":"2024-04-01T23:49:41+00:00","breadcrumb":{"@id":"https:\/\/jornalfatosenoticias.com.br\/index.php\/2024\/04\/01\/pl-fundao-anuncia-novo-pre-candidato-a-prefeito\/#breadcrumb"},"inLanguage":"pt-BR","potentialAction":[{"@type":"ReadAction","target":["https:\/\/jornalfatosenoticias.com.br\/index.php\/2024\/04\/01\/pl-fundao-anuncia-novo-pre-candidato-a-prefeito\/"]}]},{"@type":"ImageObject","inLanguage":"pt-BR","@id":"https:\/\/jornalfatosenoticias.com.br\/index.php\/2024\/04\/01\/pl-fundao-anuncia-novo-pre-candidato-a-prefeito\/#primaryimage","url":"https:\/\/jornalfatosenoticias.com.br\/wp-content\/uploads\/2024\/04\/aelcio.jpg","contentUrl":"https:\/\/jornalfatosenoticias.com.br\/wp-content\/uploads\/2024\/04\/aelcio.jpg","width":1000,"height":507},{"@type":"BreadcrumbList","@id":"https:\/\/jornalfatosenoticias.com.br\/index.php\/2024\/04\/01\/pl-fundao-anuncia-novo-pre-candidato-a-prefeito\/#breadcrumb","itemListElement":[{"@type":"ListItem","position":1,"name":"In\u00edcio","item":"https:\/\/jornalfatosenoticias.com.br\/"},{"@type":"ListItem","position":2,"name":"PL Fund\u00e3o anuncia novo pr\u00e9-candidato a prefeito"}]},{"@type":"WebSite","@id":"https:\/\/jornalfatosenoticias.com.br\/#website","url":"https:\/\/jornalfatosenoticias.com.br\/","name":"Jornal Fatos e Not\u00edcias","description":"Not\u00edcias em geral","publisher":{"@id":"https:\/\/jornalfatosenoticias.com.br\/#organization"},"potentialAction":[{"@type":"SearchAction","target":{"@type":"EntryPoint","urlTemplate":"https:\/\/jornalfatosenoticias.com.br\/?s={search_term_string}"},"query-input":{"@type":"PropertyValueSpecification","valueRequired":true,"valueName":"search_term_string"}}],"inLanguage":"pt-BR"},{"@type":"Organization","@id":"https:\/\/jornalfatosenoticias.com.br\/#organization","name":"Jornal Fatos e Not\u00edcias","url":"https:\/\/jornalfatosenoticias.com.br\/","logo":{"@type":"ImageObject","inLanguage":"pt-BR","@id":"https:\/\/jornalfatosenoticias.com.br\/#\/schema\/logo\/image\/","url":"https:\/\/jornalfatosenoticias.com.br\/wp-content\/uploads\/2020\/02\/logo120.png","contentUrl":"https:\/\/jornalfatosenoticias.com.br\/wp-content\/uploads\/2020\/02\/logo120.png","width":1227,"height":120,"caption":"Jornal Fatos e Not\u00edcias"},"image":{"@id":"https:\/\/jornalfatosenoticias.com.br\/#\/schema\/logo\/image\/"}},{"@type":"Person","@id":"https:\/\/jornalfatosenoticias.com.br\/#\/schema\/person\/05c46cc25b42a5c27e004fb0fa6b4965","name":"Haroldo Filho","image":{"@type":"ImageObject","inLanguage":"pt-BR","@id":"https:\/\/jornalfatosenoticias.com.br\/#\/schema\/person\/image\/","url":"https:\/\/jornalfatosenoticias.com.br\/wp-content\/uploads\/2025\/08\/WhatsApp-Image-2025-08-18-at-15.30.28-150x150.jpeg","contentUrl":"https:\/\/jornalfatosenoticias.com.br\/wp-content\/uploads\/2025\/08\/WhatsApp-Image-2025-08-18-at-15.30.28-150x150.jpeg","caption":"Haroldo Filho"},"description":"Jornalista \u2013 DRT: 0003818\/ES Coordenador-geral da ONG Educar para Crescer","url":"https:\/\/jornalfatosenoticias.com.br\/index.php\/author\/haroldo\/"}]}},"cc_featured_image_caption":{"caption_text":"(Foto: Arquivo pessoal)","source_text":"","source_url":""},"jetpack_featured_media_url":"https:\/\/jornalfatosenoticias.com.br\/wp-content\/uploads\/2024\/04\/aelcio.jpg","_links":{"self":[{"href":"https:\/\/jornalfatosenoticias.com.br\/index.php\/wp-json\/wp\/v2\/posts\/50330","targetHints":{"allow":["GET"]}}],"collection":[{"href":"https:\/\/jornalfatosenoticias.com.br\/index.php\/wp-json\/wp\/v2\/posts"}],"about":[{"href":"https:\/\/jornalfatosenoticias.com.br\/index.php\/wp-json\/wp\/v2\/types\/post"}],"author":[{"embeddable":true,"href":"https:\/\/jornalfatosenoticias.com.br\/index.php\/wp-json\/wp\/v2\/users\/3"}],"replies":[{"embeddable":true,"href":"https:\/\/jornalfatosenoticias.com.br\/index.php\/wp-json\/wp\/v2\/comments?post=50330"}],"version-history":[{"count":0,"href":"https:\/\/jornalfatosenoticias.com.br\/index.php\/wp-json\/wp\/v2\/posts\/50330\/revisions"}],"wp:featuredmedia":[{"embeddable":true,"href":"https:\/\/jornalfatosenoticias.com.br\/index.php\/wp-json\/wp\/v2\/media\/50334"}],"wp:attachment":[{"href":"https:\/\/jornalfatosenoticias.com.br\/index.php\/wp-json\/wp\/v2\/media?parent=50330"}],"wp:term":[{"taxonomy":"category","embeddable":true,"href":"https:\/\/jornalfatosenoticias.com.br\/index.php\/wp-json\/wp\/v2\/categories?post=50330"},{"taxonomy":"post_tag","embeddable":true,"href":"https:\/\/jornalfatosenoticias.com.br\/index.php\/wp-json\/wp\/v2\/tags?post=50330"}],"curies":[{"name":"wp","href":"https:\/\/api.w.org\/{rel}","templated":true}]}}