{"id":50392,"date":"2024-04-03T10:08:27","date_gmt":"2024-04-03T13:08:27","guid":{"rendered":"https:\/\/jornalfatosenoticias.com.br\/?p=50392"},"modified":"2024-04-03T10:08:29","modified_gmt":"2024-04-03T13:08:29","slug":"estrela-desligada-por-corpo-misterioso-ainda-intriga-cientistas","status":"publish","type":"post","link":"https:\/\/jornalfatosenoticias.com.br\/index.php\/2024\/04\/03\/estrela-desligada-por-corpo-misterioso-ainda-intriga-cientistas\/","title":{"rendered":"Estrela \u2018desligada\u2019 por corpo misterioso ainda intriga cientistas"},"content":{"rendered":"\n<p><em><span class=\"has-inline-color has-black-color\">Uma estrela 100 vezes maior do que o sol desapareceu no centro da Via L\u00e1ctea em 2012. Ap\u00f3s muitas teorias, cientistas ainda tentam entender o evento<\/span><\/em><\/p>\n\n\n\n<div class=\"wp-block-image\"><figure class=\"aligncenter size-large\"><img loading=\"lazy\" decoding=\"async\" width=\"729\" height=\"90\" src=\"https:\/\/jornalfatosenoticias.com.br\/wp-content\/uploads\/2020\/02\/Logo_Mizu.png\" alt=\"\" class=\"wp-image-1441\" srcset=\"https:\/\/jornalfatosenoticias.com.br\/wp-content\/uploads\/2020\/02\/Logo_Mizu.png 729w, https:\/\/jornalfatosenoticias.com.br\/wp-content\/uploads\/2020\/02\/Logo_Mizu-300x37.png 300w\" sizes=\"auto, (max-width: 729px) 100vw, 729px\" \/><\/figure><\/div>\n\n\n\n<p>Voc\u00ea tem o h\u00e1bito de olhar as estrelas? Imagine que ap\u00f3s muitas noites de observa\u00e7\u00e3o, percebesse o brilho da sua estrela favorita ficando cada dia mais fraco ou mais forte. Para astr\u00f4nomos com o telesc\u00f3pio certo em m\u00e3os, n\u00e3o seria uma vis\u00e3o incomum.<br>Essas estrelas s\u00e3o conhecidas como \u2018vari\u00e1veis\u2019, pois quando observadas da Terra, apresentam varia\u00e7\u00f5es de brilho de acordo com o tempo. Mas em 2012, um evento desafiou o entendimento dos especialistas: uma estrela 100 vezes maior do que o sol desapareceu no centro da Via L\u00e1ctea. Ao longo de 200 dias o astro foi perdendo seu brilho at\u00e9 ficar praticamente invis\u00edvel.<br>Como se o desaparecimento n\u00e3o fosse estranho o suficiente, a nomeada WIT-08 retomou o seu brilho original na mesma intensidade e velocidade que o perdeu.<\/p>\n\n\n\n<div class=\"wp-block-image\"><figure class=\"aligncenter size-large is-resized\"><img loading=\"lazy\" decoding=\"async\" src=\"https:\/\/jornalfatosenoticias.com.br\/wp-content\/uploads\/2020\/02\/CONTROL-CS.jpg\" alt=\"\" class=\"wp-image-44991\" width=\"314\" height=\"376\" srcset=\"https:\/\/jornalfatosenoticias.com.br\/wp-content\/uploads\/2020\/02\/CONTROL-CS.jpg 834w, https:\/\/jornalfatosenoticias.com.br\/wp-content\/uploads\/2020\/02\/CONTROL-CS-250x300.jpg 250w, https:\/\/jornalfatosenoticias.com.br\/wp-content\/uploads\/2020\/02\/CONTROL-CS-768x921.jpg 768w\" sizes=\"auto, (max-width: 314px) 100vw, 314px\" \/><\/figure><\/div>\n\n\n\n<blockquote class=\"wp-block-quote is-layout-flow wp-block-quote-is-layout-flow\"><p><span class=\"has-inline-color has-luminous-vivid-orange-color\">Olh\u00e1vamos as imagens tiradas pelo telesc\u00f3pio e a estrela estava l\u00e1. Menos de um ano depois, n\u00e3o estava mais. Olhamos novamente: est\u00e1 l\u00e1 de novo. \u00c9 algo que realmente n\u00e3o era esperado\u201d, conta o professor do departamento de f\u00edsica da UFSC, Dr. Roberto K. Saito, \u00e0 ISTO\u00c9.<\/span><\/p><\/blockquote>\n\n\n\n<div class=\"wp-block-image\"><figure class=\"aligncenter size-large is-resized\"><img loading=\"lazy\" decoding=\"async\" src=\"https:\/\/jornalfatosenoticias.com.br\/wp-content\/uploads\/2023\/12\/pegoretti-logo-pdf-1024x389.jpg\" alt=\"\" class=\"wp-image-47536\" width=\"511\" height=\"194\" srcset=\"https:\/\/jornalfatosenoticias.com.br\/wp-content\/uploads\/2023\/12\/pegoretti-logo-pdf-1024x389.jpg 1024w, https:\/\/jornalfatosenoticias.com.br\/wp-content\/uploads\/2023\/12\/pegoretti-logo-pdf-300x114.jpg 300w, https:\/\/jornalfatosenoticias.com.br\/wp-content\/uploads\/2023\/12\/pegoretti-logo-pdf-768x291.jpg 768w, https:\/\/jornalfatosenoticias.com.br\/wp-content\/uploads\/2023\/12\/pegoretti-logo-pdf.jpg 1120w\" sizes=\"auto, (max-width: 511px) 100vw, 511px\" \/><\/figure><\/div>\n\n\n\n<p>Saito \u00e9 um dos pesquisadores brasileiros do projeto VVV, ou Vista Vari\u00e1veis na Via L\u00e1ctea, que utilizou o telesc\u00f3pio VISTA, localizado no Chile, para analisar mais de um bilh\u00e3o de estrelas da nossa gal\u00e1xia. Para encontrar casos intrigantes como o da VVV-WIT 08, os pesquisadores utilizam algoritmos para filtrar estrelas que apresentam grande varia\u00e7\u00e3o de brilho.<\/p>\n\n\n\n<div class=\"wp-block-image\"><figure class=\"aligncenter size-large\"><img loading=\"lazy\" decoding=\"async\" width=\"800\" height=\"288\" src=\"https:\/\/jornalfatosenoticias.com.br\/wp-content\/uploads\/2024\/04\/estrela-desligada2.jpg\" alt=\"\" class=\"wp-image-50393\" srcset=\"https:\/\/jornalfatosenoticias.com.br\/wp-content\/uploads\/2024\/04\/estrela-desligada2.jpg 800w, https:\/\/jornalfatosenoticias.com.br\/wp-content\/uploads\/2024\/04\/estrela-desligada2-300x108.jpg 300w, https:\/\/jornalfatosenoticias.com.br\/wp-content\/uploads\/2024\/04\/estrela-desligada2-768x276.jpg 768w\" sizes=\"auto, (max-width: 800px) 100vw, 800px\" \/><figcaption><em><span class=\"has-inline-color has-black-color\">Imagens mostram estrela \u2018desligando e ligando\u2019 ao longo de 3 anos (Foto: ESO)<\/span><\/em><\/figcaption><\/figure><\/div>\n\n\n\n<p><strong><span class=\"has-inline-color has-black-color\">Por que a VVV-WIT 08 \u00e9 diferente?<br><\/span><\/strong>Estrelas vari\u00e1veis \u2018comuns\u2019 possuem comportamentos facilmente reconhecidos pelos especialistas. Por exemplo: as pulsantes variam por conta da expans\u00e3o ou contra\u00e7\u00e3o de suas camadas, diferente das rotacionais, onde o brilho muda de acordo com a rota\u00e7\u00e3o da estrela em rela\u00e7\u00e3o ao observador. Quando n\u00e3o se encaixam nessas categorias tradicionais, elas s\u00e3o classificadas pelo VVV como WIT, ou \u2018What is This\u2019 (\u2018O que \u00e9 isso\u2019, em portugu\u00eas).<\/p>\n\n\n\n<div class=\"wp-block-image\"><figure class=\"aligncenter size-large is-resized\"><img loading=\"lazy\" decoding=\"async\" src=\"https:\/\/jornalfatosenoticias.com.br\/wp-content\/uploads\/2023\/08\/BKR-1024x1021.jpg\" alt=\"\" class=\"wp-image-44494\" width=\"306\" height=\"305\" srcset=\"https:\/\/jornalfatosenoticias.com.br\/wp-content\/uploads\/2023\/08\/BKR-1024x1021.jpg 1024w, https:\/\/jornalfatosenoticias.com.br\/wp-content\/uploads\/2023\/08\/BKR-300x300.jpg 300w, https:\/\/jornalfatosenoticias.com.br\/wp-content\/uploads\/2023\/08\/BKR-150x150.jpg 150w, https:\/\/jornalfatosenoticias.com.br\/wp-content\/uploads\/2023\/08\/BKR-768x766.jpg 768w, https:\/\/jornalfatosenoticias.com.br\/wp-content\/uploads\/2023\/08\/BKR.jpg 1080w\" sizes=\"auto, (max-width: 306px) 100vw, 306px\" \/><\/figure><\/div>\n\n\n\n<blockquote class=\"wp-block-quote is-layout-flow wp-block-quote-is-layout-flow\"><p><span class=\"has-inline-color has-luminous-vivid-orange-color\">A gente n\u00e3o conhece nenhum processo qu\u00edmico ou f\u00edsico no interior de uma estrela que fizesse ela \u2018desligar e ligar\u2019 dessa forma. Portanto, nossa primeira hip\u00f3tese foi que essa estrela est\u00e1 sendo ocultada por um outro corpo\u201d, explica o professor.<\/span><\/p><\/blockquote>\n\n\n\n<div class=\"wp-block-image\"><figure class=\"aligncenter size-large is-resized\"><img loading=\"lazy\" decoding=\"async\" src=\"https:\/\/jornalfatosenoticias.com.br\/wp-content\/uploads\/2023\/03\/nova-logo-Marquetti.jpg\" alt=\"\" class=\"wp-image-40207\" width=\"283\" height=\"190\" srcset=\"https:\/\/jornalfatosenoticias.com.br\/wp-content\/uploads\/2023\/03\/nova-logo-Marquetti.jpg 643w, https:\/\/jornalfatosenoticias.com.br\/wp-content\/uploads\/2023\/03\/nova-logo-Marquetti-300x202.jpg 300w\" sizes=\"auto, (max-width: 283px) 100vw, 283px\" \/><\/figure><\/div>\n\n\n\n<p>As refer\u00eancias de corpos no nosso sistema solar, como asteroides, planetas, n\u00e3o se encaixam em nenhuma das explica\u00e7\u00f5es comuns. \u2018Basta imaginar que temos o sol e os planetas passando em sua frente. Atrav\u00e9s de um telesc\u00f3pio, o tamanho do planeta comparado ao da estrela \u00e9 min\u00fasculo, estamos falando de uma perda de brilho de 1% no caso de J\u00fapiter\u2019. A pergunta \u00e9: que tipo de objeto seria grande o suficiente para ocultar 97% do brilho de uma estrela bem maior do que o Sol?<\/p>\n\n\n\n<div class=\"wp-block-image\"><figure class=\"aligncenter size-large is-resized\"><img loading=\"lazy\" decoding=\"async\" src=\"https:\/\/jornalfatosenoticias.com.br\/wp-content\/uploads\/2023\/03\/logo-Panper_portal.jpg\" alt=\"\" class=\"wp-image-40208\" width=\"310\" height=\"215\" srcset=\"https:\/\/jornalfatosenoticias.com.br\/wp-content\/uploads\/2023\/03\/logo-Panper_portal.jpg 400w, https:\/\/jornalfatosenoticias.com.br\/wp-content\/uploads\/2023\/03\/logo-Panper_portal-300x208.jpg 300w\" sizes=\"auto, (max-width: 310px) 100vw, 310px\" \/><\/figure><\/div>\n\n\n\n<p><strong><span class=\"has-inline-color has-black-color\">Em busca de respostas<br><\/span><\/strong>Para tentar entender o evento o grupo de pesquisadores recorreu a um telesc\u00f3pio que tem o Brasil como copropriet\u00e1rio atrav\u00e9s do Minist\u00e9rio da Ci\u00eancia: o SOAR (Southern Astronomical Research Telescope), tamb\u00e9m localizado no Chile. Unindo os dados do telesc\u00f3pio VISTA com a an\u00e1lise de espectro infravermelho e \u00f3tico do SOAR, foi poss\u00edvel determinar que esse \u2018eclipse\u2019 parece ser o mesmo em todos os comprimentos de onda, ou seja, em todas as cores em que foi observado.<\/p>\n\n\n\n<div class=\"wp-block-image\"><figure class=\"aligncenter size-large is-resized\"><img loading=\"lazy\" decoding=\"async\" src=\"https:\/\/jornalfatosenoticias.com.br\/wp-content\/uploads\/2024\/01\/consultoria-ambiental.jpg\" alt=\"\" class=\"wp-image-48314\" width=\"297\" height=\"268\" srcset=\"https:\/\/jornalfatosenoticias.com.br\/wp-content\/uploads\/2024\/01\/consultoria-ambiental.jpg 832w, https:\/\/jornalfatosenoticias.com.br\/wp-content\/uploads\/2024\/01\/consultoria-ambiental-300x272.jpg 300w, https:\/\/jornalfatosenoticias.com.br\/wp-content\/uploads\/2024\/01\/consultoria-ambiental-768x696.jpg 768w\" sizes=\"auto, (max-width: 297px) 100vw, 297px\" \/><\/figure><\/div>\n\n\n\n<p>Essa \u00e9 uma caracter\u00edstica cl\u00e1ssica de um corpo s\u00f3lido e bastante opaco. O grupo tamb\u00e9m conseguiu determinar que n\u00e3o se trata de nenhuma interfer\u00eancia no caminho entre a Terra e a estrela. \u201cN\u00e3o conhecemos nada que passaria t\u00e3o lentamente no meio do caminho, cerca de 200 dias, com o tamanho exato para ocultar 97% do brilho\u201d, aponta Dr. Luciano Fraga, que \u00e9 coordenador do Laborat\u00f3rio Nacional de Astrof\u00edsica (LNA), unidade de pesquisa vinculada ao MCTI, respons\u00e1vel por gerenciar a parte brasileira do Telesc\u00f3pio SOAR.<\/p>\n\n\n\n<div class=\"wp-block-image\"><figure class=\"aligncenter size-large is-resized\"><img loading=\"lazy\" decoding=\"async\" src=\"https:\/\/jornalfatosenoticias.com.br\/wp-content\/uploads\/2020\/02\/logo-Rapuzel-1024x571.jpg\" alt=\"\" class=\"wp-image-42808\" width=\"318\" height=\"177\" srcset=\"https:\/\/jornalfatosenoticias.com.br\/wp-content\/uploads\/2020\/02\/logo-Rapuzel-1024x571.jpg 1024w, https:\/\/jornalfatosenoticias.com.br\/wp-content\/uploads\/2020\/02\/logo-Rapuzel-300x167.jpg 300w, https:\/\/jornalfatosenoticias.com.br\/wp-content\/uploads\/2020\/02\/logo-Rapuzel-768x428.jpg 768w, https:\/\/jornalfatosenoticias.com.br\/wp-content\/uploads\/2020\/02\/logo-Rapuzel-1536x856.jpg 1536w, https:\/\/jornalfatosenoticias.com.br\/wp-content\/uploads\/2020\/02\/logo-Rapuzel.jpg 1600w\" sizes=\"auto, (max-width: 318px) 100vw, 318px\" \/><\/figure><\/div>\n\n\n\n<p><strong><span class=\"has-inline-color has-black-color\">Jogo de paci\u00eancia<br><\/span><\/strong>Isso significa que o objeto gigantesco misterioso est\u00e1 bem pr\u00f3ximo, ou at\u00e9 mesmo na \u00f3rbita da estrela? Os pesquisadores acreditam que sim, mas ainda n\u00e3o foi poss\u00edvel confirmar as hip\u00f3teses, j\u00e1 que o \u2018desligamento\u2019 da WIT-08 nunca mais aconteceu desde 2012.<\/p>\n\n\n\n<div class=\"wp-block-image\"><figure class=\"aligncenter size-large\"><img decoding=\"async\" src=\"https:\/\/jornalfatosenoticias.com.br\/wp-content\/uploads\/2020\/02\/barao-das-carnes-300x164-1.jpg\" alt=\"\" class=\"wp-image-34339\"\/><\/figure><\/div>\n\n\n\n<p>A lentid\u00e3o do evento \u00e9 um dos grandes empecilhos para a resolu\u00e7\u00e3o desse mist\u00e9rio, e tudo o que os cientistas podem fazer \u00e9 torcer para que aconte\u00e7a novamente. Os \u00faltimos dados foram observados no in\u00edcio de 2023 e nada parecido foi detectado.<\/p>\n\n\n\n<div class=\"wp-block-image\"><figure class=\"aligncenter size-large is-resized\"><img loading=\"lazy\" decoding=\"async\" src=\"https:\/\/jornalfatosenoticias.com.br\/wp-content\/uploads\/2023\/08\/ITH.jpeg\" alt=\"\" class=\"wp-image-44638\" width=\"298\" height=\"242\" srcset=\"https:\/\/jornalfatosenoticias.com.br\/wp-content\/uploads\/2023\/08\/ITH.jpeg 800w, https:\/\/jornalfatosenoticias.com.br\/wp-content\/uploads\/2023\/08\/ITH-300x244.jpeg 300w, https:\/\/jornalfatosenoticias.com.br\/wp-content\/uploads\/2023\/08\/ITH-768x624.jpeg 768w\" sizes=\"auto, (max-width: 298px) 100vw, 298px\" \/><\/figure><\/div>\n\n\n\n<p><strong><span class=\"has-inline-color has-black-color\">Estrutura alien\u00edgena ou planeta perdido?<br><\/span><\/strong>Eventos misteriosos d\u00e3o abertura para teorias vindas diretamente de um livro de fic\u00e7\u00e3o cient\u00edfica. Seria o objeto gigante uma Esfera de Dyson, uma estrutura capaz de coletar energia diretamente de estrelas gigantes? Dr. Saito acredita em explica\u00e7\u00f5es mais alinhadas com o nosso conhecimento do universo e da Via L\u00e1ctea, como os rec\u00e9m estudados \u2018planetas flutuantes\u2019, que percorrem o espa\u00e7o sem uma \u00f3rbita definida, ou um denso disco de poeira no centro da gal\u00e1xia.<\/p>\n\n\n\n<div class=\"wp-block-image\"><figure class=\"aligncenter size-large is-resized\"><img loading=\"lazy\" decoding=\"async\" src=\"https:\/\/jornalfatosenoticias.com.br\/wp-content\/uploads\/2022\/02\/Precisao-Contabilidade-1024x724.jpg\" alt=\"\" class=\"wp-image-28088\" width=\"349\" height=\"247\"\/><\/figure><\/div>\n\n\n\n<blockquote class=\"wp-block-quote is-layout-flow wp-block-quote-is-layout-flow\"><p><span class=\"has-inline-color has-luminous-vivid-orange-color\">Estudos recentes mostraram outras estrelas com comportamento parecido concentradas em uma parte espec\u00edfica da gal\u00e1xia. Bem concentradas ali no centro gal\u00e1ctico, uma dezena de estrelas que apresentam perda irregular de brilho\u201d, explica.<\/span><\/p><\/blockquote>\n\n\n\n<div class=\"wp-block-image\"><figure class=\"aligncenter size-large\"><img loading=\"lazy\" decoding=\"async\" width=\"300\" height=\"250\" src=\"https:\/\/jornalfatosenoticias.com.br\/wp-content\/uploads\/2022\/02\/FERRARI_MAQUINAS-E-FERRAMENTAS2.jpg\" alt=\"\" class=\"wp-image-27860\"\/><\/figure><\/div>\n\n\n\n<p>Comportamento parecido, mas n\u00e3o igual. Segundo a dupla de brasileiros do VVV, ainda n\u00e3o houve nenhuma observa\u00e7\u00e3o como a de 2012, com queda acentuada de brilho e obscurecimento quase total.<\/p>\n\n\n\n<div class=\"wp-block-image\"><figure class=\"aligncenter size-large is-resized\"><img loading=\"lazy\" decoding=\"async\" src=\"https:\/\/jornalfatosenoticias.com.br\/wp-content\/uploads\/2023\/09\/vetorvix1024_1.jpg\" alt=\"\" class=\"wp-image-44868\" width=\"558\" height=\"148\" srcset=\"https:\/\/jornalfatosenoticias.com.br\/wp-content\/uploads\/2023\/09\/vetorvix1024_1.jpg 1024w, https:\/\/jornalfatosenoticias.com.br\/wp-content\/uploads\/2023\/09\/vetorvix1024_1-300x80.jpg 300w, https:\/\/jornalfatosenoticias.com.br\/wp-content\/uploads\/2023\/09\/vetorvix1024_1-768x205.jpg 768w\" sizes=\"auto, (max-width: 558px) 100vw, 558px\" \/><\/figure><\/div>\n\n\n\n<p><strong><span class=\"has-inline-color has-black-color\">De olho no futuro<br><\/span><\/strong>A ideia agora \u00e9 continuar observando as curvas de luz com o Vista e tamb\u00e9m olhar para o futuro. O esperado telesc\u00f3pio espacial infravermelho Nancy Grace Roman Space Telescope poder\u00e1 fazer observa\u00e7\u00f5es mais completas diretamente do espa\u00e7o.<\/p>\n\n\n\n<div class=\"wp-block-image\"><figure class=\"aligncenter size-large\"><img decoding=\"async\" src=\"https:\/\/jornalfatosenoticias.com.br\/wp-content\/uploads\/2020\/02\/logo_esteio.jpg\" alt=\"\" class=\"wp-image-1214\"\/><\/figure><\/div>\n\n\n\n<blockquote class=\"wp-block-quote is-layout-flow wp-block-quote-is-layout-flow\"><p><span class=\"has-inline-color has-luminous-vivid-orange-color\">Buscar o desconhecido: isso \u00e9 o mais bonito do que a gente faz. Se estivermos observando mais estrelas, a possibilidade de encontrar algo raro e diferente \u00e9 ainda maior\u201d, finaliza.<\/span><\/p><\/blockquote>\n\n\n\n<p><strong><em>Fonte: <a href=\"https:\/\/revistaplaneta.com.br\/estrela-desligada-por-corpo-misterioso-ainda-intriga-cientistas\/\">Revista Planeta<\/a><\/em><\/strong><\/p>\n","protected":false},"excerpt":{"rendered":"<p>Uma estrela 100 vezes maior do que o sol desapareceu no centro da Via L\u00e1ctea em 2012. Ap\u00f3s muitas teorias, cientistas ainda tentam entender o evento Voc\u00ea tem o h\u00e1bito de olhar as estrelas? Imagine que ap\u00f3s muitas noites de observa\u00e7\u00e3o, percebesse o brilho da sua estrela favorita ficando cada dia mais fraco ou mais [&hellip;]<\/p>\n","protected":false},"author":2,"featured_media":50394,"comment_status":"open","ping_status":"open","sticky":false,"template":"","format":"standard","meta":{"footnotes":""},"categories":[2],"tags":[4082,467,1135,470],"class_list":["post-50392","post","type-post","status-publish","format-standard","has-post-thumbnail","hentry","category-ciencia","tag-corpos-celestes","tag-estrela","tag-galaxia","tag-via-lactea"],"yoast_head":"<!-- This site is optimized with the Yoast SEO plugin v26.5 - https:\/\/yoast.com\/wordpress\/plugins\/seo\/ -->\n<title>Estrela \u2018desligada\u2019 por corpo misterioso ainda intriga cientistas - Jornal Fatos e Not\u00edcias<\/title>\n<meta name=\"robots\" content=\"index, follow, max-snippet:-1, max-image-preview:large, max-video-preview:-1\" \/>\n<link rel=\"canonical\" href=\"https:\/\/jornalfatosenoticias.com.br\/index.php\/2024\/04\/03\/estrela-desligada-por-corpo-misterioso-ainda-intriga-cientistas\/\" \/>\n<meta property=\"og:locale\" content=\"pt_BR\" \/>\n<meta property=\"og:type\" content=\"article\" \/>\n<meta property=\"og:title\" content=\"Estrela \u2018desligada\u2019 por corpo misterioso ainda intriga cientistas - Jornal Fatos e Not\u00edcias\" \/>\n<meta property=\"og:description\" content=\"Uma estrela 100 vezes maior do que o sol desapareceu no centro da Via L\u00e1ctea em 2012. Ap\u00f3s muitas teorias, cientistas ainda tentam entender o evento Voc\u00ea tem o h\u00e1bito de olhar as estrelas? Imagine que ap\u00f3s muitas noites de observa\u00e7\u00e3o, percebesse o brilho da sua estrela favorita ficando cada dia mais fraco ou mais [&hellip;]\" \/>\n<meta property=\"og:url\" content=\"https:\/\/jornalfatosenoticias.com.br\/index.php\/2024\/04\/03\/estrela-desligada-por-corpo-misterioso-ainda-intriga-cientistas\/\" \/>\n<meta property=\"og:site_name\" content=\"Jornal Fatos e Not\u00edcias\" \/>\n<meta property=\"article:published_time\" content=\"2024-04-03T13:08:27+00:00\" \/>\n<meta property=\"article:modified_time\" content=\"2024-04-03T13:08:29+00:00\" \/>\n<meta property=\"og:image\" content=\"https:\/\/jornalfatosenoticias.com.br\/wp-content\/uploads\/2024\/04\/estrela-desligada.jpg\" \/>\n\t<meta property=\"og:image:width\" content=\"885\" \/>\n\t<meta property=\"og:image:height\" content=\"432\" \/>\n\t<meta property=\"og:image:type\" content=\"image\/jpeg\" \/>\n<meta name=\"author\" content=\"Luzimara Fernandes\" \/>\n<meta name=\"twitter:card\" content=\"summary_large_image\" \/>\n<meta name=\"twitter:label1\" content=\"Escrito por\" \/>\n\t<meta name=\"twitter:data1\" content=\"Luzimara Fernandes\" \/>\n\t<meta name=\"twitter:label2\" content=\"Est. tempo de leitura\" \/>\n\t<meta name=\"twitter:data2\" content=\"5 minutos\" \/>\n<script type=\"application\/ld+json\" class=\"yoast-schema-graph\">{\"@context\":\"https:\/\/schema.org\",\"@graph\":[{\"@type\":\"Article\",\"@id\":\"https:\/\/jornalfatosenoticias.com.br\/index.php\/2024\/04\/03\/estrela-desligada-por-corpo-misterioso-ainda-intriga-cientistas\/#article\",\"isPartOf\":{\"@id\":\"https:\/\/jornalfatosenoticias.com.br\/index.php\/2024\/04\/03\/estrela-desligada-por-corpo-misterioso-ainda-intriga-cientistas\/\"},\"author\":{\"name\":\"Luzimara Fernandes\",\"@id\":\"https:\/\/jornalfatosenoticias.com.br\/#\/schema\/person\/d63837fa13ac8666eb9e74e0985d6f81\"},\"headline\":\"Estrela \u2018desligada\u2019 por corpo misterioso ainda intriga cientistas\",\"datePublished\":\"2024-04-03T13:08:27+00:00\",\"dateModified\":\"2024-04-03T13:08:29+00:00\",\"mainEntityOfPage\":{\"@id\":\"https:\/\/jornalfatosenoticias.com.br\/index.php\/2024\/04\/03\/estrela-desligada-por-corpo-misterioso-ainda-intriga-cientistas\/\"},\"wordCount\":1005,\"commentCount\":0,\"publisher\":{\"@id\":\"https:\/\/jornalfatosenoticias.com.br\/#organization\"},\"image\":{\"@id\":\"https:\/\/jornalfatosenoticias.com.br\/index.php\/2024\/04\/03\/estrela-desligada-por-corpo-misterioso-ainda-intriga-cientistas\/#primaryimage\"},\"thumbnailUrl\":\"https:\/\/jornalfatosenoticias.com.br\/wp-content\/uploads\/2024\/04\/estrela-desligada.jpg\",\"keywords\":[\"corpos celestes\",\"estrela\",\"gal\u00e1xia\",\"Via L\u00e1ctea\"],\"articleSection\":[\"Ci\u00eancia\"],\"inLanguage\":\"pt-BR\",\"potentialAction\":[{\"@type\":\"CommentAction\",\"name\":\"Comment\",\"target\":[\"https:\/\/jornalfatosenoticias.com.br\/index.php\/2024\/04\/03\/estrela-desligada-por-corpo-misterioso-ainda-intriga-cientistas\/#respond\"]}]},{\"@type\":\"WebPage\",\"@id\":\"https:\/\/jornalfatosenoticias.com.br\/index.php\/2024\/04\/03\/estrela-desligada-por-corpo-misterioso-ainda-intriga-cientistas\/\",\"url\":\"https:\/\/jornalfatosenoticias.com.br\/index.php\/2024\/04\/03\/estrela-desligada-por-corpo-misterioso-ainda-intriga-cientistas\/\",\"name\":\"Estrela \u2018desligada\u2019 por corpo misterioso ainda intriga cientistas - Jornal Fatos e Not\u00edcias\",\"isPartOf\":{\"@id\":\"https:\/\/jornalfatosenoticias.com.br\/#website\"},\"primaryImageOfPage\":{\"@id\":\"https:\/\/jornalfatosenoticias.com.br\/index.php\/2024\/04\/03\/estrela-desligada-por-corpo-misterioso-ainda-intriga-cientistas\/#primaryimage\"},\"image\":{\"@id\":\"https:\/\/jornalfatosenoticias.com.br\/index.php\/2024\/04\/03\/estrela-desligada-por-corpo-misterioso-ainda-intriga-cientistas\/#primaryimage\"},\"thumbnailUrl\":\"https:\/\/jornalfatosenoticias.com.br\/wp-content\/uploads\/2024\/04\/estrela-desligada.jpg\",\"datePublished\":\"2024-04-03T13:08:27+00:00\",\"dateModified\":\"2024-04-03T13:08:29+00:00\",\"breadcrumb\":{\"@id\":\"https:\/\/jornalfatosenoticias.com.br\/index.php\/2024\/04\/03\/estrela-desligada-por-corpo-misterioso-ainda-intriga-cientistas\/#breadcrumb\"},\"inLanguage\":\"pt-BR\",\"potentialAction\":[{\"@type\":\"ReadAction\",\"target\":[\"https:\/\/jornalfatosenoticias.com.br\/index.php\/2024\/04\/03\/estrela-desligada-por-corpo-misterioso-ainda-intriga-cientistas\/\"]}]},{\"@type\":\"ImageObject\",\"inLanguage\":\"pt-BR\",\"@id\":\"https:\/\/jornalfatosenoticias.com.br\/index.php\/2024\/04\/03\/estrela-desligada-por-corpo-misterioso-ainda-intriga-cientistas\/#primaryimage\",\"url\":\"https:\/\/jornalfatosenoticias.com.br\/wp-content\/uploads\/2024\/04\/estrela-desligada.jpg\",\"contentUrl\":\"https:\/\/jornalfatosenoticias.com.br\/wp-content\/uploads\/2024\/04\/estrela-desligada.jpg\",\"width\":885,\"height\":432},{\"@type\":\"BreadcrumbList\",\"@id\":\"https:\/\/jornalfatosenoticias.com.br\/index.php\/2024\/04\/03\/estrela-desligada-por-corpo-misterioso-ainda-intriga-cientistas\/#breadcrumb\",\"itemListElement\":[{\"@type\":\"ListItem\",\"position\":1,\"name\":\"In\u00edcio\",\"item\":\"https:\/\/jornalfatosenoticias.com.br\/\"},{\"@type\":\"ListItem\",\"position\":2,\"name\":\"Estrela \u2018desligada\u2019 por corpo misterioso ainda intriga cientistas\"}]},{\"@type\":\"WebSite\",\"@id\":\"https:\/\/jornalfatosenoticias.com.br\/#website\",\"url\":\"https:\/\/jornalfatosenoticias.com.br\/\",\"name\":\"Jornal Fatos e Not\u00edcias\",\"description\":\"Not\u00edcias em geral\",\"publisher\":{\"@id\":\"https:\/\/jornalfatosenoticias.com.br\/#organization\"},\"potentialAction\":[{\"@type\":\"SearchAction\",\"target\":{\"@type\":\"EntryPoint\",\"urlTemplate\":\"https:\/\/jornalfatosenoticias.com.br\/?s={search_term_string}\"},\"query-input\":{\"@type\":\"PropertyValueSpecification\",\"valueRequired\":true,\"valueName\":\"search_term_string\"}}],\"inLanguage\":\"pt-BR\"},{\"@type\":\"Organization\",\"@id\":\"https:\/\/jornalfatosenoticias.com.br\/#organization\",\"name\":\"Jornal Fatos e Not\u00edcias\",\"url\":\"https:\/\/jornalfatosenoticias.com.br\/\",\"logo\":{\"@type\":\"ImageObject\",\"inLanguage\":\"pt-BR\",\"@id\":\"https:\/\/jornalfatosenoticias.com.br\/#\/schema\/logo\/image\/\",\"url\":\"https:\/\/jornalfatosenoticias.com.br\/wp-content\/uploads\/2020\/02\/logo120.png\",\"contentUrl\":\"https:\/\/jornalfatosenoticias.com.br\/wp-content\/uploads\/2020\/02\/logo120.png\",\"width\":1227,\"height\":120,\"caption\":\"Jornal Fatos e Not\u00edcias\"},\"image\":{\"@id\":\"https:\/\/jornalfatosenoticias.com.br\/#\/schema\/logo\/image\/\"}},{\"@type\":\"Person\",\"@id\":\"https:\/\/jornalfatosenoticias.com.br\/#\/schema\/person\/d63837fa13ac8666eb9e74e0985d6f81\",\"name\":\"Luzimara Fernandes\",\"image\":{\"@type\":\"ImageObject\",\"inLanguage\":\"pt-BR\",\"@id\":\"https:\/\/jornalfatosenoticias.com.br\/#\/schema\/person\/image\/\",\"url\":\"https:\/\/jornalfatosenoticias.com.br\/wp-content\/uploads\/2025\/05\/EU_portal.jpg\",\"contentUrl\":\"https:\/\/jornalfatosenoticias.com.br\/wp-content\/uploads\/2025\/05\/EU_portal.jpg\",\"caption\":\"Luzimara Fernandes\"},\"description\":\"Jornalista MTB 2358-ES\",\"sameAs\":[\"https:\/\/jornalfatosenoticias.com.br\"],\"url\":\"https:\/\/jornalfatosenoticias.com.br\/index.php\/author\/luzimara\/\"}]}<\/script>\n<!-- \/ Yoast SEO plugin. -->","yoast_head_json":{"title":"Estrela \u2018desligada\u2019 por corpo misterioso ainda intriga cientistas - Jornal Fatos e Not\u00edcias","robots":{"index":"index","follow":"follow","max-snippet":"max-snippet:-1","max-image-preview":"max-image-preview:large","max-video-preview":"max-video-preview:-1"},"canonical":"https:\/\/jornalfatosenoticias.com.br\/index.php\/2024\/04\/03\/estrela-desligada-por-corpo-misterioso-ainda-intriga-cientistas\/","og_locale":"pt_BR","og_type":"article","og_title":"Estrela \u2018desligada\u2019 por corpo misterioso ainda intriga cientistas - Jornal Fatos e Not\u00edcias","og_description":"Uma estrela 100 vezes maior do que o sol desapareceu no centro da Via L\u00e1ctea em 2012. Ap\u00f3s muitas teorias, cientistas ainda tentam entender o evento Voc\u00ea tem o h\u00e1bito de olhar as estrelas? Imagine que ap\u00f3s muitas noites de observa\u00e7\u00e3o, percebesse o brilho da sua estrela favorita ficando cada dia mais fraco ou mais [&hellip;]","og_url":"https:\/\/jornalfatosenoticias.com.br\/index.php\/2024\/04\/03\/estrela-desligada-por-corpo-misterioso-ainda-intriga-cientistas\/","og_site_name":"Jornal Fatos e Not\u00edcias","article_published_time":"2024-04-03T13:08:27+00:00","article_modified_time":"2024-04-03T13:08:29+00:00","og_image":[{"width":885,"height":432,"url":"https:\/\/jornalfatosenoticias.com.br\/wp-content\/uploads\/2024\/04\/estrela-desligada.jpg","type":"image\/jpeg"}],"author":"Luzimara Fernandes","twitter_card":"summary_large_image","twitter_misc":{"Escrito por":"Luzimara Fernandes","Est. tempo de leitura":"5 minutos"},"schema":{"@context":"https:\/\/schema.org","@graph":[{"@type":"Article","@id":"https:\/\/jornalfatosenoticias.com.br\/index.php\/2024\/04\/03\/estrela-desligada-por-corpo-misterioso-ainda-intriga-cientistas\/#article","isPartOf":{"@id":"https:\/\/jornalfatosenoticias.com.br\/index.php\/2024\/04\/03\/estrela-desligada-por-corpo-misterioso-ainda-intriga-cientistas\/"},"author":{"name":"Luzimara Fernandes","@id":"https:\/\/jornalfatosenoticias.com.br\/#\/schema\/person\/d63837fa13ac8666eb9e74e0985d6f81"},"headline":"Estrela \u2018desligada\u2019 por corpo misterioso ainda intriga cientistas","datePublished":"2024-04-03T13:08:27+00:00","dateModified":"2024-04-03T13:08:29+00:00","mainEntityOfPage":{"@id":"https:\/\/jornalfatosenoticias.com.br\/index.php\/2024\/04\/03\/estrela-desligada-por-corpo-misterioso-ainda-intriga-cientistas\/"},"wordCount":1005,"commentCount":0,"publisher":{"@id":"https:\/\/jornalfatosenoticias.com.br\/#organization"},"image":{"@id":"https:\/\/jornalfatosenoticias.com.br\/index.php\/2024\/04\/03\/estrela-desligada-por-corpo-misterioso-ainda-intriga-cientistas\/#primaryimage"},"thumbnailUrl":"https:\/\/jornalfatosenoticias.com.br\/wp-content\/uploads\/2024\/04\/estrela-desligada.jpg","keywords":["corpos celestes","estrela","gal\u00e1xia","Via L\u00e1ctea"],"articleSection":["Ci\u00eancia"],"inLanguage":"pt-BR","potentialAction":[{"@type":"CommentAction","name":"Comment","target":["https:\/\/jornalfatosenoticias.com.br\/index.php\/2024\/04\/03\/estrela-desligada-por-corpo-misterioso-ainda-intriga-cientistas\/#respond"]}]},{"@type":"WebPage","@id":"https:\/\/jornalfatosenoticias.com.br\/index.php\/2024\/04\/03\/estrela-desligada-por-corpo-misterioso-ainda-intriga-cientistas\/","url":"https:\/\/jornalfatosenoticias.com.br\/index.php\/2024\/04\/03\/estrela-desligada-por-corpo-misterioso-ainda-intriga-cientistas\/","name":"Estrela \u2018desligada\u2019 por corpo misterioso ainda intriga cientistas - Jornal Fatos e Not\u00edcias","isPartOf":{"@id":"https:\/\/jornalfatosenoticias.com.br\/#website"},"primaryImageOfPage":{"@id":"https:\/\/jornalfatosenoticias.com.br\/index.php\/2024\/04\/03\/estrela-desligada-por-corpo-misterioso-ainda-intriga-cientistas\/#primaryimage"},"image":{"@id":"https:\/\/jornalfatosenoticias.com.br\/index.php\/2024\/04\/03\/estrela-desligada-por-corpo-misterioso-ainda-intriga-cientistas\/#primaryimage"},"thumbnailUrl":"https:\/\/jornalfatosenoticias.com.br\/wp-content\/uploads\/2024\/04\/estrela-desligada.jpg","datePublished":"2024-04-03T13:08:27+00:00","dateModified":"2024-04-03T13:08:29+00:00","breadcrumb":{"@id":"https:\/\/jornalfatosenoticias.com.br\/index.php\/2024\/04\/03\/estrela-desligada-por-corpo-misterioso-ainda-intriga-cientistas\/#breadcrumb"},"inLanguage":"pt-BR","potentialAction":[{"@type":"ReadAction","target":["https:\/\/jornalfatosenoticias.com.br\/index.php\/2024\/04\/03\/estrela-desligada-por-corpo-misterioso-ainda-intriga-cientistas\/"]}]},{"@type":"ImageObject","inLanguage":"pt-BR","@id":"https:\/\/jornalfatosenoticias.com.br\/index.php\/2024\/04\/03\/estrela-desligada-por-corpo-misterioso-ainda-intriga-cientistas\/#primaryimage","url":"https:\/\/jornalfatosenoticias.com.br\/wp-content\/uploads\/2024\/04\/estrela-desligada.jpg","contentUrl":"https:\/\/jornalfatosenoticias.com.br\/wp-content\/uploads\/2024\/04\/estrela-desligada.jpg","width":885,"height":432},{"@type":"BreadcrumbList","@id":"https:\/\/jornalfatosenoticias.com.br\/index.php\/2024\/04\/03\/estrela-desligada-por-corpo-misterioso-ainda-intriga-cientistas\/#breadcrumb","itemListElement":[{"@type":"ListItem","position":1,"name":"In\u00edcio","item":"https:\/\/jornalfatosenoticias.com.br\/"},{"@type":"ListItem","position":2,"name":"Estrela \u2018desligada\u2019 por corpo misterioso ainda intriga cientistas"}]},{"@type":"WebSite","@id":"https:\/\/jornalfatosenoticias.com.br\/#website","url":"https:\/\/jornalfatosenoticias.com.br\/","name":"Jornal Fatos e Not\u00edcias","description":"Not\u00edcias em geral","publisher":{"@id":"https:\/\/jornalfatosenoticias.com.br\/#organization"},"potentialAction":[{"@type":"SearchAction","target":{"@type":"EntryPoint","urlTemplate":"https:\/\/jornalfatosenoticias.com.br\/?s={search_term_string}"},"query-input":{"@type":"PropertyValueSpecification","valueRequired":true,"valueName":"search_term_string"}}],"inLanguage":"pt-BR"},{"@type":"Organization","@id":"https:\/\/jornalfatosenoticias.com.br\/#organization","name":"Jornal Fatos e Not\u00edcias","url":"https:\/\/jornalfatosenoticias.com.br\/","logo":{"@type":"ImageObject","inLanguage":"pt-BR","@id":"https:\/\/jornalfatosenoticias.com.br\/#\/schema\/logo\/image\/","url":"https:\/\/jornalfatosenoticias.com.br\/wp-content\/uploads\/2020\/02\/logo120.png","contentUrl":"https:\/\/jornalfatosenoticias.com.br\/wp-content\/uploads\/2020\/02\/logo120.png","width":1227,"height":120,"caption":"Jornal Fatos e Not\u00edcias"},"image":{"@id":"https:\/\/jornalfatosenoticias.com.br\/#\/schema\/logo\/image\/"}},{"@type":"Person","@id":"https:\/\/jornalfatosenoticias.com.br\/#\/schema\/person\/d63837fa13ac8666eb9e74e0985d6f81","name":"Luzimara Fernandes","image":{"@type":"ImageObject","inLanguage":"pt-BR","@id":"https:\/\/jornalfatosenoticias.com.br\/#\/schema\/person\/image\/","url":"https:\/\/jornalfatosenoticias.com.br\/wp-content\/uploads\/2025\/05\/EU_portal.jpg","contentUrl":"https:\/\/jornalfatosenoticias.com.br\/wp-content\/uploads\/2025\/05\/EU_portal.jpg","caption":"Luzimara Fernandes"},"description":"Jornalista MTB 2358-ES","sameAs":["https:\/\/jornalfatosenoticias.com.br"],"url":"https:\/\/jornalfatosenoticias.com.br\/index.php\/author\/luzimara\/"}]}},"cc_featured_image_caption":{"caption_text":"(Foto: Revista Planeta)","source_text":"","source_url":""},"jetpack_featured_media_url":"https:\/\/jornalfatosenoticias.com.br\/wp-content\/uploads\/2024\/04\/estrela-desligada.jpg","_links":{"self":[{"href":"https:\/\/jornalfatosenoticias.com.br\/index.php\/wp-json\/wp\/v2\/posts\/50392","targetHints":{"allow":["GET"]}}],"collection":[{"href":"https:\/\/jornalfatosenoticias.com.br\/index.php\/wp-json\/wp\/v2\/posts"}],"about":[{"href":"https:\/\/jornalfatosenoticias.com.br\/index.php\/wp-json\/wp\/v2\/types\/post"}],"author":[{"embeddable":true,"href":"https:\/\/jornalfatosenoticias.com.br\/index.php\/wp-json\/wp\/v2\/users\/2"}],"replies":[{"embeddable":true,"href":"https:\/\/jornalfatosenoticias.com.br\/index.php\/wp-json\/wp\/v2\/comments?post=50392"}],"version-history":[{"count":0,"href":"https:\/\/jornalfatosenoticias.com.br\/index.php\/wp-json\/wp\/v2\/posts\/50392\/revisions"}],"wp:featuredmedia":[{"embeddable":true,"href":"https:\/\/jornalfatosenoticias.com.br\/index.php\/wp-json\/wp\/v2\/media\/50394"}],"wp:attachment":[{"href":"https:\/\/jornalfatosenoticias.com.br\/index.php\/wp-json\/wp\/v2\/media?parent=50392"}],"wp:term":[{"taxonomy":"category","embeddable":true,"href":"https:\/\/jornalfatosenoticias.com.br\/index.php\/wp-json\/wp\/v2\/categories?post=50392"},{"taxonomy":"post_tag","embeddable":true,"href":"https:\/\/jornalfatosenoticias.com.br\/index.php\/wp-json\/wp\/v2\/tags?post=50392"}],"curies":[{"name":"wp","href":"https:\/\/api.w.org\/{rel}","templated":true}]}}