{"id":50460,"date":"2024-04-09T09:25:31","date_gmt":"2024-04-09T12:25:31","guid":{"rendered":"https:\/\/jornalfatosenoticias.com.br\/?p=50460"},"modified":"2024-04-09T09:25:33","modified_gmt":"2024-04-09T12:25:33","slug":"casos-de-artrose-disparam-no-mundo","status":"publish","type":"post","link":"https:\/\/jornalfatosenoticias.com.br\/index.php\/2024\/04\/09\/casos-de-artrose-disparam-no-mundo\/","title":{"rendered":"Casos de artrose disparam no mundo"},"content":{"rendered":"\n<p><em><span class=\"has-inline-color has-black-color\">Veja como prevenir a doen\u00e7a<\/span><\/em><\/p>\n\n\n\n<p><span class=\"has-inline-color has-black-color\">Por <strong><a href=\"https:\/\/vitat.com.br\/author\/alexandre-raith\/\">Ag\u00eancia Einstein<\/a><\/strong><\/span><\/p>\n\n\n\n<div class=\"wp-block-image\"><figure class=\"aligncenter size-large\"><img loading=\"lazy\" decoding=\"async\" width=\"729\" height=\"90\" src=\"https:\/\/jornalfatosenoticias.com.br\/wp-content\/uploads\/2020\/02\/Logo_Mizu.png\" alt=\"\" class=\"wp-image-1441\" srcset=\"https:\/\/jornalfatosenoticias.com.br\/wp-content\/uploads\/2020\/02\/Logo_Mizu.png 729w, https:\/\/jornalfatosenoticias.com.br\/wp-content\/uploads\/2020\/02\/Logo_Mizu-300x37.png 300w\" sizes=\"auto, (max-width: 729px) 100vw, 729px\" \/><\/figure><\/div>\n\n\n\n<p>Os casos de artrose, uma doen\u00e7a degenerativa que afeta as cartilagens, t\u00eam crescido em todo o mundo. De acordo com um estudo realizado pelo Instituto de M\u00e9tricas e Avalia\u00e7\u00e3o em Sa\u00fade, da Universidade de Washington, nos Estados Unidos, aproximadamente um bilh\u00e3o de pessoas sofrer\u00e1 com a osteoartrite, seu nome cient\u00edfico, em 2050. O trabalho analisou indiv\u00edduos de mais de 200 pa\u00edses durante 30 anos. Publicado na revista cient\u00edfica <a href=\"https:\/\/www.healthdata.org\/news-events\/newsroom\/news-releases\/lancet-new-study-reveals-most-common-form-arthritis\" target=\"_blank\" rel=\"noreferrer noopener\">The Lancet Rheumatology,<\/a> revelou ainda que atualmente 15% da popula\u00e7\u00e3o a partir dos 30 anos j\u00e1 come\u00e7ou a apresentar os primeiros sinais da enfermidade.<br>E n\u00e3o \u00e9 de hoje que os especialistas est\u00e3o acompanhando o crescimento dos casos. De acordo com <a href=\"https:\/\/acrjournals.onlinelibrary.wiley.com\/doi\/pdf\/10.1002\/art.42089\">outro levantamento<\/a>, feito pelo Col\u00e9gio Americano de Reumatologia entre 1990 e 2019, evidenciou que houve o salto de 113,25% na incid\u00eancia no per\u00edodo, passando de 247,51 milh\u00f5es para 527,81 milh\u00f5es de casos no mundo.<\/p>\n\n\n\n<div class=\"wp-block-image\"><figure class=\"aligncenter size-large is-resized\"><img loading=\"lazy\" decoding=\"async\" src=\"https:\/\/jornalfatosenoticias.com.br\/wp-content\/uploads\/2020\/02\/CONTROL-CS.jpg\" alt=\"\" class=\"wp-image-44991\" width=\"305\" height=\"366\" srcset=\"https:\/\/jornalfatosenoticias.com.br\/wp-content\/uploads\/2020\/02\/CONTROL-CS.jpg 834w, https:\/\/jornalfatosenoticias.com.br\/wp-content\/uploads\/2020\/02\/CONTROL-CS-250x300.jpg 250w, https:\/\/jornalfatosenoticias.com.br\/wp-content\/uploads\/2020\/02\/CONTROL-CS-768x921.jpg 768w\" sizes=\"auto, (max-width: 305px) 100vw, 305px\" \/><\/figure><\/div>\n\n\n\n<p>No Brasil, segundo dados do Minist\u00e9rio da Sa\u00fade, 15 milh\u00f5es de brasileiros receberam o diagn\u00f3stico de artrose. A enfermidade \u00e9 respons\u00e1vel por 7,5% de todos os afastamentos do trabalho e \u00e9 o segundo entre os que justificam o uso do aux\u00edlio-doen\u00e7a. Ainda segundo a pasta, ela \u00e9 a quarta doen\u00e7a mais comum para determinar a necessidade de aposentadoria. O quadro \u00e9 t\u00e3o significativo que o Instituto Nacional de Traumatologia e Ortopedia lan\u00e7ou no final do ano passado um movimento de conscientiza\u00e7\u00e3o da artrose.<\/p>\n\n\n\n<div class=\"wp-block-image\"><figure class=\"aligncenter size-large\"><img loading=\"lazy\" decoding=\"async\" width=\"300\" height=\"250\" src=\"https:\/\/jornalfatosenoticias.com.br\/wp-content\/uploads\/2022\/02\/FERRARI_MAQUINAS-E-FERRAMENTAS2.jpg\" alt=\"\" class=\"wp-image-27860\"\/><\/figure><\/div>\n\n\n\n<p>Especialistas dizem que o crescimento dos diagn\u00f3sticos tem rela\u00e7\u00e3o com o envelhecimento da popula\u00e7\u00e3o e com outros fatores. \u201cO aumento da obesidade e do <a href=\"https:\/\/vitat.com.br\/sedentarismo\/\">sedentarismo<\/a> e a pr\u00e1tica de atividades f\u00edsicas de impacto tamb\u00e9m se relacionam com o aumento de casos\u201d, diz o ortopedista Marcos Cortelazo, m\u00e9dico especialista em joelho e traumatologia esportiva e membro da Sociedade Brasileira de Ortopedia e Traumatologia (Sbot) e da Sociedade Latino-americana de Artroscopia, Joelho e Esporte (Slard).<\/p>\n\n\n\n<div class=\"wp-block-image\"><figure class=\"aligncenter size-large is-resized\"><img loading=\"lazy\" decoding=\"async\" src=\"https:\/\/jornalfatosenoticias.com.br\/wp-content\/uploads\/2023\/12\/pegoretti-logo-pdf-1024x389.jpg\" alt=\"\" class=\"wp-image-47536\" width=\"480\" height=\"182\" srcset=\"https:\/\/jornalfatosenoticias.com.br\/wp-content\/uploads\/2023\/12\/pegoretti-logo-pdf-1024x389.jpg 1024w, https:\/\/jornalfatosenoticias.com.br\/wp-content\/uploads\/2023\/12\/pegoretti-logo-pdf-300x114.jpg 300w, https:\/\/jornalfatosenoticias.com.br\/wp-content\/uploads\/2023\/12\/pegoretti-logo-pdf-768x291.jpg 768w, https:\/\/jornalfatosenoticias.com.br\/wp-content\/uploads\/2023\/12\/pegoretti-logo-pdf.jpg 1120w\" sizes=\"auto, (max-width: 480px) 100vw, 480px\" \/><\/figure><\/div>\n\n\n\n<p>Com o desgaste das cartilagens, explicam os especialistas, aumenta o atrito entre os ossos. Isso provoca desconforto, dor, inflama\u00e7\u00f5es e deforma\u00e7\u00f5es, dificultando e at\u00e9 impossibilitando os movimentos. Por isso, a dor articular \u00e9 o principal sintoma da presen\u00e7a da osteoartrite. Pode haver ainda a limita\u00e7\u00e3o ou a impossibilidade da movimenta\u00e7\u00e3o, estalos e o aumento de volume ou deformidade da regi\u00e3o atingida.<\/p>\n\n\n\n<div class=\"wp-block-image\"><figure class=\"aligncenter size-large is-resized\"><img loading=\"lazy\" decoding=\"async\" src=\"https:\/\/jornalfatosenoticias.com.br\/wp-content\/uploads\/2023\/08\/BKR-1024x1021.jpg\" alt=\"\" class=\"wp-image-44494\" width=\"283\" height=\"282\" srcset=\"https:\/\/jornalfatosenoticias.com.br\/wp-content\/uploads\/2023\/08\/BKR-1024x1021.jpg 1024w, https:\/\/jornalfatosenoticias.com.br\/wp-content\/uploads\/2023\/08\/BKR-300x300.jpg 300w, https:\/\/jornalfatosenoticias.com.br\/wp-content\/uploads\/2023\/08\/BKR-150x150.jpg 150w, https:\/\/jornalfatosenoticias.com.br\/wp-content\/uploads\/2023\/08\/BKR-768x766.jpg 768w, https:\/\/jornalfatosenoticias.com.br\/wp-content\/uploads\/2023\/08\/BKR.jpg 1080w\" sizes=\"auto, (max-width: 283px) 100vw, 283px\" \/><\/figure><\/div>\n\n\n\n<blockquote class=\"wp-block-quote is-layout-flow wp-block-quote-is-layout-flow\"><p><span class=\"has-inline-color has-luminous-vivid-orange-color\">No entanto, \u00e9 frequente encontrarmos sinais radiogr\u00e1ficos da doen\u00e7a em pacientes assintom\u00e1ticos\u201d, diz a reumatologista Flavia Alexandra Guerrero, do Hospital Israelita Albert Einstein. \u201cA artrose ocorre por um desbalan\u00e7o do processo de degrada\u00e7\u00e3o e repara\u00e7\u00e3o da cartilagem, que tem fatores mec\u00e2nicos, gen\u00e9ticos, hormonais, \u00f3sseos e metab\u00f3licos envolvidos\u201d, explica a m\u00e9dica.<\/span><\/p><\/blockquote>\n\n\n\n<div class=\"wp-block-image\"><figure class=\"aligncenter size-large is-resized\"><img loading=\"lazy\" decoding=\"async\" src=\"https:\/\/jornalfatosenoticias.com.br\/wp-content\/uploads\/2023\/03\/nova-logo-Marquetti.jpg\" alt=\"\" class=\"wp-image-40207\" width=\"309\" height=\"207\" srcset=\"https:\/\/jornalfatosenoticias.com.br\/wp-content\/uploads\/2023\/03\/nova-logo-Marquetti.jpg 643w, https:\/\/jornalfatosenoticias.com.br\/wp-content\/uploads\/2023\/03\/nova-logo-Marquetti-300x202.jpg 300w\" sizes=\"auto, (max-width: 309px) 100vw, 309px\" \/><\/figure><\/div>\n\n\n\n<p>Geralmente associada ao envelhecimento, apesar de afetar muitas pessoas jovens, a doen\u00e7a \u00e9 mais frequente nas articula\u00e7\u00f5es que suportam mais peso. Por exemplo, as dos p\u00e9s, do quadril, da coluna e dos joelhos, o principal alvo. Seu tratamento varia de acordo com a gravidade do caso.<\/p>\n\n\n\n<div class=\"wp-block-image\"><figure class=\"aligncenter size-large is-resized\"><img loading=\"lazy\" decoding=\"async\" src=\"https:\/\/jornalfatosenoticias.com.br\/wp-content\/uploads\/2023\/09\/vetorvix1024_1.jpg\" alt=\"\" class=\"wp-image-44868\" width=\"539\" height=\"143\" srcset=\"https:\/\/jornalfatosenoticias.com.br\/wp-content\/uploads\/2023\/09\/vetorvix1024_1.jpg 1024w, https:\/\/jornalfatosenoticias.com.br\/wp-content\/uploads\/2023\/09\/vetorvix1024_1-300x80.jpg 300w, https:\/\/jornalfatosenoticias.com.br\/wp-content\/uploads\/2023\/09\/vetorvix1024_1-768x205.jpg 768w\" sizes=\"auto, (max-width: 539px) 100vw, 539px\" \/><\/figure><\/div>\n\n\n\n<p>\u201cNos casos leves e moderados, o principal objetivo \u00e9 controlar a dor e a inflama\u00e7\u00e3o e melhorar a mobilidade. J\u00e1 nos pacientes com a doen\u00e7a mais avan\u00e7ada, pode ser indicada a cirurgia para a substitui\u00e7\u00e3o das articula\u00e7\u00f5es\u201d, explica o ortopedista. Ele ressalta ainda que o combate ao mal vem evoluindo por meio do desenvolvimento de subst\u00e2ncias que protegem as articula\u00e7\u00f5es do atrito, como o \u00e1cido hialur\u00f4nico, e de pr\u00f3teses customizadas. \u00c9 muito importante que interven\u00e7\u00f5es n\u00e3o farmacol\u00f3gicas sejam feitas para que o quadro n\u00e3o evolua. <\/p>\n\n\n\n<div class=\"wp-block-image\"><figure class=\"aligncenter size-large is-resized\"><img loading=\"lazy\" decoding=\"async\" src=\"https:\/\/jornalfatosenoticias.com.br\/wp-content\/uploads\/2023\/03\/logo-Panper_portal.jpg\" alt=\"\" class=\"wp-image-40208\" width=\"357\" height=\"247\" srcset=\"https:\/\/jornalfatosenoticias.com.br\/wp-content\/uploads\/2023\/03\/logo-Panper_portal.jpg 400w, https:\/\/jornalfatosenoticias.com.br\/wp-content\/uploads\/2023\/03\/logo-Panper_portal-300x208.jpg 300w\" sizes=\"auto, (max-width: 357px) 100vw, 357px\" \/><\/figure><\/div>\n\n\n\n<blockquote class=\"wp-block-quote is-layout-flow wp-block-quote-is-layout-flow\"><p><span class=\"has-inline-color has-luminous-vivid-orange-color\">Elas v\u00e3o desde a conscientiza\u00e7\u00e3o e a educa\u00e7\u00e3o do paciente em rela\u00e7\u00e3o aos fatores que desencadeiam e agravam o processo, o que envolve o tratamento da obesidade, a realiza\u00e7\u00e3o de exerc\u00edcios f\u00edsicos monitorados, a corre\u00e7\u00e3o de altera\u00e7\u00f5es espec\u00edficas, como as tendinopatias (um quadro provocado pela degenera\u00e7\u00e3o ou les\u00e3o dos tend\u00f5es) e outras les\u00f5es estruturais, at\u00e9 medidas de prote\u00e7\u00e3o articular e o uso de \u00f3rteses quando necess\u00e1rio\u201d, explica a reumatologista do Einstein.<\/span><\/p><\/blockquote>\n\n\n\n<div class=\"wp-block-image\"><figure class=\"aligncenter size-large is-resized\"><img loading=\"lazy\" decoding=\"async\" src=\"https:\/\/jornalfatosenoticias.com.br\/wp-content\/uploads\/2023\/08\/ITH.jpeg\" alt=\"\" class=\"wp-image-44638\" width=\"295\" height=\"240\" srcset=\"https:\/\/jornalfatosenoticias.com.br\/wp-content\/uploads\/2023\/08\/ITH.jpeg 800w, https:\/\/jornalfatosenoticias.com.br\/wp-content\/uploads\/2023\/08\/ITH-300x244.jpeg 300w, https:\/\/jornalfatosenoticias.com.br\/wp-content\/uploads\/2023\/08\/ITH-768x624.jpeg 768w\" sizes=\"auto, (max-width: 295px) 100vw, 295px\" \/><\/figure><\/div>\n\n\n\n<p>Por fim, altera\u00e7\u00f5es de h\u00e1bitos tamb\u00e9m s\u00e3o essenciais para evitar a piora da doen\u00e7a ou mesmo desencadear o seu surgimento. <\/p>\n\n\n\n<blockquote class=\"wp-block-quote is-layout-flow wp-block-quote-is-layout-flow\"><p><span class=\"has-inline-color has-luminous-vivid-orange-color\">Apesar de haver fatores hormonais e gen\u00e9ticos envolvidos em sua patologia, muito pode ser feito com medidas preventivas quando promovemos um estilo de vida saud\u00e1vel desde a inf\u00e2ncia, com alimenta\u00e7\u00e3o equilibrada, pr\u00e1tica regular de esportes e medicina preventiva\u201d, afirma a especialista.<\/span><\/p><\/blockquote>\n\n\n\n<div class=\"wp-block-image\"><figure class=\"aligncenter size-large\"><img decoding=\"async\" src=\"https:\/\/jornalfatosenoticias.com.br\/wp-content\/uploads\/2020\/02\/barao-das-carnes-300x164-1.jpg\" alt=\"\" class=\"wp-image-34339\"\/><\/figure><\/div>\n\n\n\n<p><strong><em>Fonte: <a href=\"https:\/\/vitat.com.br\/casos-de-artrose\/\">Vitat<\/a><\/em><\/strong><\/p>\n","protected":false},"excerpt":{"rendered":"<p>Veja como prevenir a doen\u00e7a Por Ag\u00eancia Einstein Os casos de artrose, uma doen\u00e7a degenerativa que afeta as cartilagens, t\u00eam crescido em todo o mundo. De acordo com um estudo realizado pelo Instituto de M\u00e9tricas e Avalia\u00e7\u00e3o em Sa\u00fade, da Universidade de Washington, nos Estados Unidos, aproximadamente um bilh\u00e3o de pessoas sofrer\u00e1 com a osteoartrite, [&hellip;]<\/p>\n","protected":false},"author":2,"featured_media":50461,"comment_status":"open","ping_status":"open","sticky":false,"template":"","format":"standard","meta":{"footnotes":""},"categories":[11],"tags":[8116,23241,23017,7832],"class_list":["post-50460","post","type-post","status-publish","format-standard","has-post-thumbnail","hentry","category-saude","tag-artrose","tag-artrose-no-joelho","tag-reumatologia","tag-sedentarismo"],"yoast_head":"<!-- This site is optimized with the Yoast SEO plugin v26.5 - https:\/\/yoast.com\/wordpress\/plugins\/seo\/ -->\n<title>Casos de artrose disparam no mundo - Jornal Fatos e Not\u00edcias<\/title>\n<meta name=\"robots\" content=\"index, follow, max-snippet:-1, max-image-preview:large, max-video-preview:-1\" \/>\n<link rel=\"canonical\" href=\"https:\/\/jornalfatosenoticias.com.br\/index.php\/2024\/04\/09\/casos-de-artrose-disparam-no-mundo\/\" \/>\n<meta property=\"og:locale\" content=\"pt_BR\" \/>\n<meta property=\"og:type\" content=\"article\" \/>\n<meta property=\"og:title\" content=\"Casos de artrose disparam no mundo - Jornal Fatos e Not\u00edcias\" \/>\n<meta property=\"og:description\" content=\"Veja como prevenir a doen\u00e7a Por Ag\u00eancia Einstein Os casos de artrose, uma doen\u00e7a degenerativa que afeta as cartilagens, t\u00eam crescido em todo o mundo. De acordo com um estudo realizado pelo Instituto de M\u00e9tricas e Avalia\u00e7\u00e3o em Sa\u00fade, da Universidade de Washington, nos Estados Unidos, aproximadamente um bilh\u00e3o de pessoas sofrer\u00e1 com a osteoartrite, [&hellip;]\" \/>\n<meta property=\"og:url\" content=\"https:\/\/jornalfatosenoticias.com.br\/index.php\/2024\/04\/09\/casos-de-artrose-disparam-no-mundo\/\" \/>\n<meta property=\"og:site_name\" content=\"Jornal Fatos e Not\u00edcias\" \/>\n<meta property=\"article:published_time\" content=\"2024-04-09T12:25:31+00:00\" \/>\n<meta property=\"article:modified_time\" content=\"2024-04-09T12:25:33+00:00\" \/>\n<meta property=\"og:image\" content=\"https:\/\/jornalfatosenoticias.com.br\/wp-content\/uploads\/2024\/04\/artrose_istock.jpg\" \/>\n\t<meta property=\"og:image:width\" content=\"612\" \/>\n\t<meta property=\"og:image:height\" content=\"405\" \/>\n\t<meta property=\"og:image:type\" content=\"image\/jpeg\" \/>\n<meta name=\"author\" content=\"Luzimara Fernandes\" \/>\n<meta name=\"twitter:card\" content=\"summary_large_image\" \/>\n<meta name=\"twitter:label1\" content=\"Escrito por\" \/>\n\t<meta name=\"twitter:data1\" content=\"Luzimara Fernandes\" \/>\n\t<meta name=\"twitter:label2\" content=\"Est. tempo de leitura\" \/>\n\t<meta name=\"twitter:data2\" content=\"4 minutos\" \/>\n<script type=\"application\/ld+json\" class=\"yoast-schema-graph\">{\"@context\":\"https:\/\/schema.org\",\"@graph\":[{\"@type\":\"Article\",\"@id\":\"https:\/\/jornalfatosenoticias.com.br\/index.php\/2024\/04\/09\/casos-de-artrose-disparam-no-mundo\/#article\",\"isPartOf\":{\"@id\":\"https:\/\/jornalfatosenoticias.com.br\/index.php\/2024\/04\/09\/casos-de-artrose-disparam-no-mundo\/\"},\"author\":{\"name\":\"Luzimara Fernandes\",\"@id\":\"https:\/\/jornalfatosenoticias.com.br\/#\/schema\/person\/d63837fa13ac8666eb9e74e0985d6f81\"},\"headline\":\"Casos de artrose disparam no mundo\",\"datePublished\":\"2024-04-09T12:25:31+00:00\",\"dateModified\":\"2024-04-09T12:25:33+00:00\",\"mainEntityOfPage\":{\"@id\":\"https:\/\/jornalfatosenoticias.com.br\/index.php\/2024\/04\/09\/casos-de-artrose-disparam-no-mundo\/\"},\"wordCount\":764,\"commentCount\":0,\"publisher\":{\"@id\":\"https:\/\/jornalfatosenoticias.com.br\/#organization\"},\"image\":{\"@id\":\"https:\/\/jornalfatosenoticias.com.br\/index.php\/2024\/04\/09\/casos-de-artrose-disparam-no-mundo\/#primaryimage\"},\"thumbnailUrl\":\"https:\/\/jornalfatosenoticias.com.br\/wp-content\/uploads\/2024\/04\/artrose_istock.jpg\",\"keywords\":[\"artrose\",\"artrose no joelho\",\"reumatologia\",\"sedentarismo\"],\"articleSection\":[\"Sa\u00fade\"],\"inLanguage\":\"pt-BR\",\"potentialAction\":[{\"@type\":\"CommentAction\",\"name\":\"Comment\",\"target\":[\"https:\/\/jornalfatosenoticias.com.br\/index.php\/2024\/04\/09\/casos-de-artrose-disparam-no-mundo\/#respond\"]}]},{\"@type\":\"WebPage\",\"@id\":\"https:\/\/jornalfatosenoticias.com.br\/index.php\/2024\/04\/09\/casos-de-artrose-disparam-no-mundo\/\",\"url\":\"https:\/\/jornalfatosenoticias.com.br\/index.php\/2024\/04\/09\/casos-de-artrose-disparam-no-mundo\/\",\"name\":\"Casos de artrose disparam no mundo - Jornal Fatos e Not\u00edcias\",\"isPartOf\":{\"@id\":\"https:\/\/jornalfatosenoticias.com.br\/#website\"},\"primaryImageOfPage\":{\"@id\":\"https:\/\/jornalfatosenoticias.com.br\/index.php\/2024\/04\/09\/casos-de-artrose-disparam-no-mundo\/#primaryimage\"},\"image\":{\"@id\":\"https:\/\/jornalfatosenoticias.com.br\/index.php\/2024\/04\/09\/casos-de-artrose-disparam-no-mundo\/#primaryimage\"},\"thumbnailUrl\":\"https:\/\/jornalfatosenoticias.com.br\/wp-content\/uploads\/2024\/04\/artrose_istock.jpg\",\"datePublished\":\"2024-04-09T12:25:31+00:00\",\"dateModified\":\"2024-04-09T12:25:33+00:00\",\"breadcrumb\":{\"@id\":\"https:\/\/jornalfatosenoticias.com.br\/index.php\/2024\/04\/09\/casos-de-artrose-disparam-no-mundo\/#breadcrumb\"},\"inLanguage\":\"pt-BR\",\"potentialAction\":[{\"@type\":\"ReadAction\",\"target\":[\"https:\/\/jornalfatosenoticias.com.br\/index.php\/2024\/04\/09\/casos-de-artrose-disparam-no-mundo\/\"]}]},{\"@type\":\"ImageObject\",\"inLanguage\":\"pt-BR\",\"@id\":\"https:\/\/jornalfatosenoticias.com.br\/index.php\/2024\/04\/09\/casos-de-artrose-disparam-no-mundo\/#primaryimage\",\"url\":\"https:\/\/jornalfatosenoticias.com.br\/wp-content\/uploads\/2024\/04\/artrose_istock.jpg\",\"contentUrl\":\"https:\/\/jornalfatosenoticias.com.br\/wp-content\/uploads\/2024\/04\/artrose_istock.jpg\",\"width\":612,\"height\":405,\"caption\":\"Old Woman's Hands Deformed From Rheumatoid Arthritis Isolated on White Background\"},{\"@type\":\"BreadcrumbList\",\"@id\":\"https:\/\/jornalfatosenoticias.com.br\/index.php\/2024\/04\/09\/casos-de-artrose-disparam-no-mundo\/#breadcrumb\",\"itemListElement\":[{\"@type\":\"ListItem\",\"position\":1,\"name\":\"In\u00edcio\",\"item\":\"https:\/\/jornalfatosenoticias.com.br\/\"},{\"@type\":\"ListItem\",\"position\":2,\"name\":\"Casos de artrose disparam no mundo\"}]},{\"@type\":\"WebSite\",\"@id\":\"https:\/\/jornalfatosenoticias.com.br\/#website\",\"url\":\"https:\/\/jornalfatosenoticias.com.br\/\",\"name\":\"Jornal Fatos e Not\u00edcias\",\"description\":\"Not\u00edcias em geral\",\"publisher\":{\"@id\":\"https:\/\/jornalfatosenoticias.com.br\/#organization\"},\"potentialAction\":[{\"@type\":\"SearchAction\",\"target\":{\"@type\":\"EntryPoint\",\"urlTemplate\":\"https:\/\/jornalfatosenoticias.com.br\/?s={search_term_string}\"},\"query-input\":{\"@type\":\"PropertyValueSpecification\",\"valueRequired\":true,\"valueName\":\"search_term_string\"}}],\"inLanguage\":\"pt-BR\"},{\"@type\":\"Organization\",\"@id\":\"https:\/\/jornalfatosenoticias.com.br\/#organization\",\"name\":\"Jornal Fatos e Not\u00edcias\",\"url\":\"https:\/\/jornalfatosenoticias.com.br\/\",\"logo\":{\"@type\":\"ImageObject\",\"inLanguage\":\"pt-BR\",\"@id\":\"https:\/\/jornalfatosenoticias.com.br\/#\/schema\/logo\/image\/\",\"url\":\"https:\/\/jornalfatosenoticias.com.br\/wp-content\/uploads\/2020\/02\/logo120.png\",\"contentUrl\":\"https:\/\/jornalfatosenoticias.com.br\/wp-content\/uploads\/2020\/02\/logo120.png\",\"width\":1227,\"height\":120,\"caption\":\"Jornal Fatos e Not\u00edcias\"},\"image\":{\"@id\":\"https:\/\/jornalfatosenoticias.com.br\/#\/schema\/logo\/image\/\"}},{\"@type\":\"Person\",\"@id\":\"https:\/\/jornalfatosenoticias.com.br\/#\/schema\/person\/d63837fa13ac8666eb9e74e0985d6f81\",\"name\":\"Luzimara Fernandes\",\"image\":{\"@type\":\"ImageObject\",\"inLanguage\":\"pt-BR\",\"@id\":\"https:\/\/jornalfatosenoticias.com.br\/#\/schema\/person\/image\/\",\"url\":\"https:\/\/jornalfatosenoticias.com.br\/wp-content\/uploads\/2025\/05\/EU_portal.jpg\",\"contentUrl\":\"https:\/\/jornalfatosenoticias.com.br\/wp-content\/uploads\/2025\/05\/EU_portal.jpg\",\"caption\":\"Luzimara Fernandes\"},\"description\":\"Jornalista MTB 2358-ES\",\"sameAs\":[\"https:\/\/jornalfatosenoticias.com.br\"],\"url\":\"https:\/\/jornalfatosenoticias.com.br\/index.php\/author\/luzimara\/\"}]}<\/script>\n<!-- \/ Yoast SEO plugin. -->","yoast_head_json":{"title":"Casos de artrose disparam no mundo - Jornal Fatos e Not\u00edcias","robots":{"index":"index","follow":"follow","max-snippet":"max-snippet:-1","max-image-preview":"max-image-preview:large","max-video-preview":"max-video-preview:-1"},"canonical":"https:\/\/jornalfatosenoticias.com.br\/index.php\/2024\/04\/09\/casos-de-artrose-disparam-no-mundo\/","og_locale":"pt_BR","og_type":"article","og_title":"Casos de artrose disparam no mundo - Jornal Fatos e Not\u00edcias","og_description":"Veja como prevenir a doen\u00e7a Por Ag\u00eancia Einstein Os casos de artrose, uma doen\u00e7a degenerativa que afeta as cartilagens, t\u00eam crescido em todo o mundo. De acordo com um estudo realizado pelo Instituto de M\u00e9tricas e Avalia\u00e7\u00e3o em Sa\u00fade, da Universidade de Washington, nos Estados Unidos, aproximadamente um bilh\u00e3o de pessoas sofrer\u00e1 com a osteoartrite, [&hellip;]","og_url":"https:\/\/jornalfatosenoticias.com.br\/index.php\/2024\/04\/09\/casos-de-artrose-disparam-no-mundo\/","og_site_name":"Jornal Fatos e Not\u00edcias","article_published_time":"2024-04-09T12:25:31+00:00","article_modified_time":"2024-04-09T12:25:33+00:00","og_image":[{"width":612,"height":405,"url":"https:\/\/jornalfatosenoticias.com.br\/wp-content\/uploads\/2024\/04\/artrose_istock.jpg","type":"image\/jpeg"}],"author":"Luzimara Fernandes","twitter_card":"summary_large_image","twitter_misc":{"Escrito por":"Luzimara Fernandes","Est. tempo de leitura":"4 minutos"},"schema":{"@context":"https:\/\/schema.org","@graph":[{"@type":"Article","@id":"https:\/\/jornalfatosenoticias.com.br\/index.php\/2024\/04\/09\/casos-de-artrose-disparam-no-mundo\/#article","isPartOf":{"@id":"https:\/\/jornalfatosenoticias.com.br\/index.php\/2024\/04\/09\/casos-de-artrose-disparam-no-mundo\/"},"author":{"name":"Luzimara Fernandes","@id":"https:\/\/jornalfatosenoticias.com.br\/#\/schema\/person\/d63837fa13ac8666eb9e74e0985d6f81"},"headline":"Casos de artrose disparam no mundo","datePublished":"2024-04-09T12:25:31+00:00","dateModified":"2024-04-09T12:25:33+00:00","mainEntityOfPage":{"@id":"https:\/\/jornalfatosenoticias.com.br\/index.php\/2024\/04\/09\/casos-de-artrose-disparam-no-mundo\/"},"wordCount":764,"commentCount":0,"publisher":{"@id":"https:\/\/jornalfatosenoticias.com.br\/#organization"},"image":{"@id":"https:\/\/jornalfatosenoticias.com.br\/index.php\/2024\/04\/09\/casos-de-artrose-disparam-no-mundo\/#primaryimage"},"thumbnailUrl":"https:\/\/jornalfatosenoticias.com.br\/wp-content\/uploads\/2024\/04\/artrose_istock.jpg","keywords":["artrose","artrose no joelho","reumatologia","sedentarismo"],"articleSection":["Sa\u00fade"],"inLanguage":"pt-BR","potentialAction":[{"@type":"CommentAction","name":"Comment","target":["https:\/\/jornalfatosenoticias.com.br\/index.php\/2024\/04\/09\/casos-de-artrose-disparam-no-mundo\/#respond"]}]},{"@type":"WebPage","@id":"https:\/\/jornalfatosenoticias.com.br\/index.php\/2024\/04\/09\/casos-de-artrose-disparam-no-mundo\/","url":"https:\/\/jornalfatosenoticias.com.br\/index.php\/2024\/04\/09\/casos-de-artrose-disparam-no-mundo\/","name":"Casos de artrose disparam no mundo - Jornal Fatos e Not\u00edcias","isPartOf":{"@id":"https:\/\/jornalfatosenoticias.com.br\/#website"},"primaryImageOfPage":{"@id":"https:\/\/jornalfatosenoticias.com.br\/index.php\/2024\/04\/09\/casos-de-artrose-disparam-no-mundo\/#primaryimage"},"image":{"@id":"https:\/\/jornalfatosenoticias.com.br\/index.php\/2024\/04\/09\/casos-de-artrose-disparam-no-mundo\/#primaryimage"},"thumbnailUrl":"https:\/\/jornalfatosenoticias.com.br\/wp-content\/uploads\/2024\/04\/artrose_istock.jpg","datePublished":"2024-04-09T12:25:31+00:00","dateModified":"2024-04-09T12:25:33+00:00","breadcrumb":{"@id":"https:\/\/jornalfatosenoticias.com.br\/index.php\/2024\/04\/09\/casos-de-artrose-disparam-no-mundo\/#breadcrumb"},"inLanguage":"pt-BR","potentialAction":[{"@type":"ReadAction","target":["https:\/\/jornalfatosenoticias.com.br\/index.php\/2024\/04\/09\/casos-de-artrose-disparam-no-mundo\/"]}]},{"@type":"ImageObject","inLanguage":"pt-BR","@id":"https:\/\/jornalfatosenoticias.com.br\/index.php\/2024\/04\/09\/casos-de-artrose-disparam-no-mundo\/#primaryimage","url":"https:\/\/jornalfatosenoticias.com.br\/wp-content\/uploads\/2024\/04\/artrose_istock.jpg","contentUrl":"https:\/\/jornalfatosenoticias.com.br\/wp-content\/uploads\/2024\/04\/artrose_istock.jpg","width":612,"height":405,"caption":"Old Woman's Hands Deformed From Rheumatoid Arthritis Isolated on White Background"},{"@type":"BreadcrumbList","@id":"https:\/\/jornalfatosenoticias.com.br\/index.php\/2024\/04\/09\/casos-de-artrose-disparam-no-mundo\/#breadcrumb","itemListElement":[{"@type":"ListItem","position":1,"name":"In\u00edcio","item":"https:\/\/jornalfatosenoticias.com.br\/"},{"@type":"ListItem","position":2,"name":"Casos de artrose disparam no mundo"}]},{"@type":"WebSite","@id":"https:\/\/jornalfatosenoticias.com.br\/#website","url":"https:\/\/jornalfatosenoticias.com.br\/","name":"Jornal Fatos e Not\u00edcias","description":"Not\u00edcias em geral","publisher":{"@id":"https:\/\/jornalfatosenoticias.com.br\/#organization"},"potentialAction":[{"@type":"SearchAction","target":{"@type":"EntryPoint","urlTemplate":"https:\/\/jornalfatosenoticias.com.br\/?s={search_term_string}"},"query-input":{"@type":"PropertyValueSpecification","valueRequired":true,"valueName":"search_term_string"}}],"inLanguage":"pt-BR"},{"@type":"Organization","@id":"https:\/\/jornalfatosenoticias.com.br\/#organization","name":"Jornal Fatos e Not\u00edcias","url":"https:\/\/jornalfatosenoticias.com.br\/","logo":{"@type":"ImageObject","inLanguage":"pt-BR","@id":"https:\/\/jornalfatosenoticias.com.br\/#\/schema\/logo\/image\/","url":"https:\/\/jornalfatosenoticias.com.br\/wp-content\/uploads\/2020\/02\/logo120.png","contentUrl":"https:\/\/jornalfatosenoticias.com.br\/wp-content\/uploads\/2020\/02\/logo120.png","width":1227,"height":120,"caption":"Jornal Fatos e Not\u00edcias"},"image":{"@id":"https:\/\/jornalfatosenoticias.com.br\/#\/schema\/logo\/image\/"}},{"@type":"Person","@id":"https:\/\/jornalfatosenoticias.com.br\/#\/schema\/person\/d63837fa13ac8666eb9e74e0985d6f81","name":"Luzimara Fernandes","image":{"@type":"ImageObject","inLanguage":"pt-BR","@id":"https:\/\/jornalfatosenoticias.com.br\/#\/schema\/person\/image\/","url":"https:\/\/jornalfatosenoticias.com.br\/wp-content\/uploads\/2025\/05\/EU_portal.jpg","contentUrl":"https:\/\/jornalfatosenoticias.com.br\/wp-content\/uploads\/2025\/05\/EU_portal.jpg","caption":"Luzimara Fernandes"},"description":"Jornalista MTB 2358-ES","sameAs":["https:\/\/jornalfatosenoticias.com.br"],"url":"https:\/\/jornalfatosenoticias.com.br\/index.php\/author\/luzimara\/"}]}},"cc_featured_image_caption":{"caption_text":"(Foto: iStock) ","source_text":"","source_url":""},"jetpack_featured_media_url":"https:\/\/jornalfatosenoticias.com.br\/wp-content\/uploads\/2024\/04\/artrose_istock.jpg","_links":{"self":[{"href":"https:\/\/jornalfatosenoticias.com.br\/index.php\/wp-json\/wp\/v2\/posts\/50460","targetHints":{"allow":["GET"]}}],"collection":[{"href":"https:\/\/jornalfatosenoticias.com.br\/index.php\/wp-json\/wp\/v2\/posts"}],"about":[{"href":"https:\/\/jornalfatosenoticias.com.br\/index.php\/wp-json\/wp\/v2\/types\/post"}],"author":[{"embeddable":true,"href":"https:\/\/jornalfatosenoticias.com.br\/index.php\/wp-json\/wp\/v2\/users\/2"}],"replies":[{"embeddable":true,"href":"https:\/\/jornalfatosenoticias.com.br\/index.php\/wp-json\/wp\/v2\/comments?post=50460"}],"version-history":[{"count":0,"href":"https:\/\/jornalfatosenoticias.com.br\/index.php\/wp-json\/wp\/v2\/posts\/50460\/revisions"}],"wp:featuredmedia":[{"embeddable":true,"href":"https:\/\/jornalfatosenoticias.com.br\/index.php\/wp-json\/wp\/v2\/media\/50461"}],"wp:attachment":[{"href":"https:\/\/jornalfatosenoticias.com.br\/index.php\/wp-json\/wp\/v2\/media?parent=50460"}],"wp:term":[{"taxonomy":"category","embeddable":true,"href":"https:\/\/jornalfatosenoticias.com.br\/index.php\/wp-json\/wp\/v2\/categories?post=50460"},{"taxonomy":"post_tag","embeddable":true,"href":"https:\/\/jornalfatosenoticias.com.br\/index.php\/wp-json\/wp\/v2\/tags?post=50460"}],"curies":[{"name":"wp","href":"https:\/\/api.w.org\/{rel}","templated":true}]}}