{"id":50463,"date":"2024-04-09T09:30:47","date_gmt":"2024-04-09T12:30:47","guid":{"rendered":"https:\/\/jornalfatosenoticias.com.br\/?p=50463"},"modified":"2024-04-09T09:30:48","modified_gmt":"2024-04-09T12:30:48","slug":"projeto-de-incentivo-a-literatura-e-escrita-no-amazonas-e-destaque-em-premio-nacional-de-educacao","status":"publish","type":"post","link":"https:\/\/jornalfatosenoticias.com.br\/index.php\/2024\/04\/09\/projeto-de-incentivo-a-literatura-e-escrita-no-amazonas-e-destaque-em-premio-nacional-de-educacao\/","title":{"rendered":"Projeto de incentivo \u00e0 literatura e escrita no Amazonas \u00e9 destaque em pr\u00eamio nacional de educa\u00e7\u00e3o"},"content":{"rendered":"\n<p><span class=\"has-inline-color has-black-color\"><em>O &#8216;Semente Materna Po\u00e9tica&#8217; j\u00e1 transformou mais de 100 alunos em escritores nos \u00faltimos anos<\/em><\/span><\/p>\n\n\n\n<div class=\"wp-block-image\"><figure class=\"aligncenter size-large is-resized\"><img loading=\"lazy\" decoding=\"async\" src=\"https:\/\/jornalfatosenoticias.com.br\/wp-content\/uploads\/2023\/12\/pegoretti-logo-pdf-1024x389.jpg\" alt=\"\" class=\"wp-image-47536\" width=\"467\" height=\"177\" srcset=\"https:\/\/jornalfatosenoticias.com.br\/wp-content\/uploads\/2023\/12\/pegoretti-logo-pdf-1024x389.jpg 1024w, https:\/\/jornalfatosenoticias.com.br\/wp-content\/uploads\/2023\/12\/pegoretti-logo-pdf-300x114.jpg 300w, https:\/\/jornalfatosenoticias.com.br\/wp-content\/uploads\/2023\/12\/pegoretti-logo-pdf-768x291.jpg 768w, https:\/\/jornalfatosenoticias.com.br\/wp-content\/uploads\/2023\/12\/pegoretti-logo-pdf.jpg 1120w\" sizes=\"auto, (max-width: 467px) 100vw, 467px\" \/><\/figure><\/div>\n\n\n\n<p>O projeto &#8216;Semente Materna Po\u00e9tica&#8217;, idealizado pelo professor F\u00e1bio Gomes, recebeu Men\u00e7\u00e3o Honrosa no Pr\u00eamio Professor Porvir, que mapeia pr\u00e1ticas pedag\u00f3gicas inovadoras em escolas de todo o Brasil. Em Beruri, no Amazonas, desde 2019 a iniciativa tem estimulado estudantes de toda a educa\u00e7\u00e3o b\u00e1sica a se expressarem por meio da literatura e da escrita de poemas.<br>Durante o \u00faltimo ano, o Pr\u00eamio Professor Porvir recebeu mais de mil inscri\u00e7\u00f5es. Foram 32 projetos finalistas, em quatro categorias distintas. A iniciativa de destaque do professor da rede estadual do Amazonas tem a proposta de incentivar o protagonismo da juventude, valorizar a cultura local e os saberes das comunidades tradicionais, ind\u00edgenas e ribeirinhas.<\/p>\n\n\n\n<div class=\"wp-block-image\"><figure class=\"aligncenter size-large\"><img loading=\"lazy\" decoding=\"async\" width=\"300\" height=\"250\" src=\"https:\/\/jornalfatosenoticias.com.br\/wp-content\/uploads\/2020\/02\/Banner-2.png\" alt=\"\" class=\"wp-image-43787\"\/><\/figure><\/div>\n\n\n\n<p>Por meio de oficinas de pintura e literatura, os alunos envolvidos no projeto produzem poemas sobre as pr\u00f3prias localidades e modo de vida. &#8220;Eu fiquei muito emocionado com o resultado e com a justificativa do j\u00fari. Fomos reconhecidos por estimular protagonismos na juventude e celebrar a riqueza da cultura local dos povos tradicionais, com quem trabalhamos. Sinto muito orgulho dos meus alunos e do que desenvolvemos&#8221;, destacou F\u00e1bio Gomes.<\/p>\n\n\n\n<div class=\"wp-block-image\"><figure class=\"aligncenter size-large is-resized\"><img loading=\"lazy\" decoding=\"async\" src=\"https:\/\/jornalfatosenoticias.com.br\/wp-content\/uploads\/2022\/02\/Precisao-Contabilidade-1024x724.jpg\" alt=\"\" class=\"wp-image-28088\" width=\"361\" height=\"255\"\/><\/figure><\/div>\n\n\n\n<p>O professor, atualmente, ministra a mat\u00e9ria de Biologia, para estudantes da Educa\u00e7\u00e3o de Jovens e Adultos (EJA), al\u00e9m da disciplina Projeto de Vida, componente curricular obrigat\u00f3rio do Novo Ensino M\u00e9dio (NEM). No total, o projeto &#8216;Semente Materna Po\u00e9tica&#8217; j\u00e1 foi respons\u00e1vel por cinco livros publicados e mais de 100 alunos envolvidos em suas a\u00e7\u00f5es. Para o futuro, o objetivo \u00e9 continuar com as oficinas, que j\u00e1 est\u00e3o confirmadas, em 2024, nas comunidades S\u00e3o Pedro e L\u00edrio do Vale (ambas em Beruri), e no munic\u00edpio de Tapau\u00e1 (a 449 quil\u00f4metros de Manaus).<\/p>\n\n\n\n<div class=\"wp-block-image\"><figure class=\"aligncenter size-large is-resized\"><img loading=\"lazy\" decoding=\"async\" src=\"https:\/\/jornalfatosenoticias.com.br\/wp-content\/uploads\/2024\/01\/consultoria-ambiental.jpg\" alt=\"\" class=\"wp-image-48314\" width=\"297\" height=\"268\" srcset=\"https:\/\/jornalfatosenoticias.com.br\/wp-content\/uploads\/2024\/01\/consultoria-ambiental.jpg 832w, https:\/\/jornalfatosenoticias.com.br\/wp-content\/uploads\/2024\/01\/consultoria-ambiental-300x272.jpg 300w, https:\/\/jornalfatosenoticias.com.br\/wp-content\/uploads\/2024\/01\/consultoria-ambiental-768x696.jpg 768w\" sizes=\"auto, (max-width: 297px) 100vw, 297px\" \/><\/figure><\/div>\n\n\n\n<p><strong><em>Fonte: <a href=\"https:\/\/portalamazonia.com\/noticias\/educacao\/projeto-de-incentivo-a-literatura-e-escrita-no-amazonas-e-destaque-em-premio-nacional-de-educacao\">Portal Amaz\u00f4nia<\/a><\/em><\/strong><\/p>\n","protected":false},"excerpt":{"rendered":"<p>O &#8216;Semente Materna Po\u00e9tica&#8217; j\u00e1 transformou mais de 100 alunos em escritores nos \u00faltimos anos O projeto &#8216;Semente Materna Po\u00e9tica&#8217;, idealizado pelo professor F\u00e1bio Gomes, recebeu Men\u00e7\u00e3o Honrosa no Pr\u00eamio Professor Porvir, que mapeia pr\u00e1ticas pedag\u00f3gicas inovadoras em escolas de todo o Brasil. Em Beruri, no Amazonas, desde 2019 a iniciativa tem estimulado estudantes de [&hellip;]<\/p>\n","protected":false},"author":2,"featured_media":50464,"comment_status":"open","ping_status":"open","sticky":false,"template":"","format":"standard","meta":{"footnotes":""},"categories":[7],"tags":[1068,345,11559,4950,23243,23242],"class_list":["post-50463","post","type-post","status-publish","format-standard","has-post-thumbnail","hentry","category-educacao","tag-amazonas","tag-educacao","tag-escritores","tag-poemas","tag-premio-nacional-de-educacao","tag-projeto-leitura"],"yoast_head":"<!-- This site is optimized with the Yoast SEO plugin v26.5 - https:\/\/yoast.com\/wordpress\/plugins\/seo\/ -->\n<title>Projeto de incentivo \u00e0 literatura e escrita no Amazonas \u00e9 destaque em pr\u00eamio nacional de educa\u00e7\u00e3o - Jornal Fatos e Not\u00edcias<\/title>\n<meta name=\"robots\" content=\"index, follow, max-snippet:-1, max-image-preview:large, max-video-preview:-1\" \/>\n<link rel=\"canonical\" href=\"https:\/\/jornalfatosenoticias.com.br\/index.php\/2024\/04\/09\/projeto-de-incentivo-a-literatura-e-escrita-no-amazonas-e-destaque-em-premio-nacional-de-educacao\/\" \/>\n<meta property=\"og:locale\" content=\"pt_BR\" \/>\n<meta property=\"og:type\" content=\"article\" \/>\n<meta property=\"og:title\" content=\"Projeto de incentivo \u00e0 literatura e escrita no Amazonas \u00e9 destaque em pr\u00eamio nacional de educa\u00e7\u00e3o - Jornal Fatos e Not\u00edcias\" \/>\n<meta property=\"og:description\" content=\"O &#8216;Semente Materna Po\u00e9tica&#8217; j\u00e1 transformou mais de 100 alunos em escritores nos \u00faltimos anos O projeto &#8216;Semente Materna Po\u00e9tica&#8217;, idealizado pelo professor F\u00e1bio Gomes, recebeu Men\u00e7\u00e3o Honrosa no Pr\u00eamio Professor Porvir, que mapeia pr\u00e1ticas pedag\u00f3gicas inovadoras em escolas de todo o Brasil. Em Beruri, no Amazonas, desde 2019 a iniciativa tem estimulado estudantes de [&hellip;]\" \/>\n<meta property=\"og:url\" content=\"https:\/\/jornalfatosenoticias.com.br\/index.php\/2024\/04\/09\/projeto-de-incentivo-a-literatura-e-escrita-no-amazonas-e-destaque-em-premio-nacional-de-educacao\/\" \/>\n<meta property=\"og:site_name\" content=\"Jornal Fatos e Not\u00edcias\" \/>\n<meta property=\"article:published_time\" content=\"2024-04-09T12:30:47+00:00\" \/>\n<meta property=\"article:modified_time\" content=\"2024-04-09T12:30:48+00:00\" \/>\n<meta property=\"og:image\" content=\"https:\/\/jornalfatosenoticias.com.br\/wp-content\/uploads\/2024\/04\/incentivo-a-leitura-Semente-Materna-Poetica_Foto_Arquivo-Pessoal.jpeg\" \/>\n\t<meta property=\"og:image:width\" content=\"639\" \/>\n\t<meta property=\"og:image:height\" content=\"429\" \/>\n\t<meta property=\"og:image:type\" content=\"image\/jpeg\" \/>\n<meta name=\"author\" content=\"Luzimara Fernandes\" \/>\n<meta name=\"twitter:card\" content=\"summary_large_image\" \/>\n<meta name=\"twitter:label1\" content=\"Escrito por\" \/>\n\t<meta name=\"twitter:data1\" content=\"Luzimara Fernandes\" \/>\n\t<meta name=\"twitter:label2\" content=\"Est. tempo de leitura\" \/>\n\t<meta name=\"twitter:data2\" content=\"2 minutos\" \/>\n<script type=\"application\/ld+json\" class=\"yoast-schema-graph\">{\"@context\":\"https:\/\/schema.org\",\"@graph\":[{\"@type\":\"Article\",\"@id\":\"https:\/\/jornalfatosenoticias.com.br\/index.php\/2024\/04\/09\/projeto-de-incentivo-a-literatura-e-escrita-no-amazonas-e-destaque-em-premio-nacional-de-educacao\/#article\",\"isPartOf\":{\"@id\":\"https:\/\/jornalfatosenoticias.com.br\/index.php\/2024\/04\/09\/projeto-de-incentivo-a-literatura-e-escrita-no-amazonas-e-destaque-em-premio-nacional-de-educacao\/\"},\"author\":{\"name\":\"Luzimara Fernandes\",\"@id\":\"https:\/\/jornalfatosenoticias.com.br\/#\/schema\/person\/d63837fa13ac8666eb9e74e0985d6f81\"},\"headline\":\"Projeto de incentivo \u00e0 literatura e escrita no Amazonas \u00e9 destaque em pr\u00eamio nacional de educa\u00e7\u00e3o\",\"datePublished\":\"2024-04-09T12:30:47+00:00\",\"dateModified\":\"2024-04-09T12:30:48+00:00\",\"mainEntityOfPage\":{\"@id\":\"https:\/\/jornalfatosenoticias.com.br\/index.php\/2024\/04\/09\/projeto-de-incentivo-a-literatura-e-escrita-no-amazonas-e-destaque-em-premio-nacional-de-educacao\/\"},\"wordCount\":326,\"commentCount\":0,\"publisher\":{\"@id\":\"https:\/\/jornalfatosenoticias.com.br\/#organization\"},\"image\":{\"@id\":\"https:\/\/jornalfatosenoticias.com.br\/index.php\/2024\/04\/09\/projeto-de-incentivo-a-literatura-e-escrita-no-amazonas-e-destaque-em-premio-nacional-de-educacao\/#primaryimage\"},\"thumbnailUrl\":\"https:\/\/jornalfatosenoticias.com.br\/wp-content\/uploads\/2024\/04\/incentivo-a-leitura-Semente-Materna-Poetica_Foto_Arquivo-Pessoal.jpeg\",\"keywords\":[\"Amazonas\",\"educa\u00e7\u00e3o\",\"escritores\",\"poemas\",\"pr\u00eamio nacional de educa\u00e7\u00e3o\",\"Projeto Leitura\"],\"articleSection\":[\"Educa\u00e7\u00e3o\"],\"inLanguage\":\"pt-BR\",\"potentialAction\":[{\"@type\":\"CommentAction\",\"name\":\"Comment\",\"target\":[\"https:\/\/jornalfatosenoticias.com.br\/index.php\/2024\/04\/09\/projeto-de-incentivo-a-literatura-e-escrita-no-amazonas-e-destaque-em-premio-nacional-de-educacao\/#respond\"]}]},{\"@type\":\"WebPage\",\"@id\":\"https:\/\/jornalfatosenoticias.com.br\/index.php\/2024\/04\/09\/projeto-de-incentivo-a-literatura-e-escrita-no-amazonas-e-destaque-em-premio-nacional-de-educacao\/\",\"url\":\"https:\/\/jornalfatosenoticias.com.br\/index.php\/2024\/04\/09\/projeto-de-incentivo-a-literatura-e-escrita-no-amazonas-e-destaque-em-premio-nacional-de-educacao\/\",\"name\":\"Projeto de incentivo \u00e0 literatura e escrita no Amazonas \u00e9 destaque em pr\u00eamio nacional de educa\u00e7\u00e3o - Jornal Fatos e Not\u00edcias\",\"isPartOf\":{\"@id\":\"https:\/\/jornalfatosenoticias.com.br\/#website\"},\"primaryImageOfPage\":{\"@id\":\"https:\/\/jornalfatosenoticias.com.br\/index.php\/2024\/04\/09\/projeto-de-incentivo-a-literatura-e-escrita-no-amazonas-e-destaque-em-premio-nacional-de-educacao\/#primaryimage\"},\"image\":{\"@id\":\"https:\/\/jornalfatosenoticias.com.br\/index.php\/2024\/04\/09\/projeto-de-incentivo-a-literatura-e-escrita-no-amazonas-e-destaque-em-premio-nacional-de-educacao\/#primaryimage\"},\"thumbnailUrl\":\"https:\/\/jornalfatosenoticias.com.br\/wp-content\/uploads\/2024\/04\/incentivo-a-leitura-Semente-Materna-Poetica_Foto_Arquivo-Pessoal.jpeg\",\"datePublished\":\"2024-04-09T12:30:47+00:00\",\"dateModified\":\"2024-04-09T12:30:48+00:00\",\"breadcrumb\":{\"@id\":\"https:\/\/jornalfatosenoticias.com.br\/index.php\/2024\/04\/09\/projeto-de-incentivo-a-literatura-e-escrita-no-amazonas-e-destaque-em-premio-nacional-de-educacao\/#breadcrumb\"},\"inLanguage\":\"pt-BR\",\"potentialAction\":[{\"@type\":\"ReadAction\",\"target\":[\"https:\/\/jornalfatosenoticias.com.br\/index.php\/2024\/04\/09\/projeto-de-incentivo-a-literatura-e-escrita-no-amazonas-e-destaque-em-premio-nacional-de-educacao\/\"]}]},{\"@type\":\"ImageObject\",\"inLanguage\":\"pt-BR\",\"@id\":\"https:\/\/jornalfatosenoticias.com.br\/index.php\/2024\/04\/09\/projeto-de-incentivo-a-literatura-e-escrita-no-amazonas-e-destaque-em-premio-nacional-de-educacao\/#primaryimage\",\"url\":\"https:\/\/jornalfatosenoticias.com.br\/wp-content\/uploads\/2024\/04\/incentivo-a-leitura-Semente-Materna-Poetica_Foto_Arquivo-Pessoal.jpeg\",\"contentUrl\":\"https:\/\/jornalfatosenoticias.com.br\/wp-content\/uploads\/2024\/04\/incentivo-a-leitura-Semente-Materna-Poetica_Foto_Arquivo-Pessoal.jpeg\",\"width\":639,\"height\":429},{\"@type\":\"BreadcrumbList\",\"@id\":\"https:\/\/jornalfatosenoticias.com.br\/index.php\/2024\/04\/09\/projeto-de-incentivo-a-literatura-e-escrita-no-amazonas-e-destaque-em-premio-nacional-de-educacao\/#breadcrumb\",\"itemListElement\":[{\"@type\":\"ListItem\",\"position\":1,\"name\":\"In\u00edcio\",\"item\":\"https:\/\/jornalfatosenoticias.com.br\/\"},{\"@type\":\"ListItem\",\"position\":2,\"name\":\"Projeto de incentivo \u00e0 literatura e escrita no Amazonas \u00e9 destaque em pr\u00eamio nacional de educa\u00e7\u00e3o\"}]},{\"@type\":\"WebSite\",\"@id\":\"https:\/\/jornalfatosenoticias.com.br\/#website\",\"url\":\"https:\/\/jornalfatosenoticias.com.br\/\",\"name\":\"Jornal Fatos e Not\u00edcias\",\"description\":\"Not\u00edcias em geral\",\"publisher\":{\"@id\":\"https:\/\/jornalfatosenoticias.com.br\/#organization\"},\"potentialAction\":[{\"@type\":\"SearchAction\",\"target\":{\"@type\":\"EntryPoint\",\"urlTemplate\":\"https:\/\/jornalfatosenoticias.com.br\/?s={search_term_string}\"},\"query-input\":{\"@type\":\"PropertyValueSpecification\",\"valueRequired\":true,\"valueName\":\"search_term_string\"}}],\"inLanguage\":\"pt-BR\"},{\"@type\":\"Organization\",\"@id\":\"https:\/\/jornalfatosenoticias.com.br\/#organization\",\"name\":\"Jornal Fatos e Not\u00edcias\",\"url\":\"https:\/\/jornalfatosenoticias.com.br\/\",\"logo\":{\"@type\":\"ImageObject\",\"inLanguage\":\"pt-BR\",\"@id\":\"https:\/\/jornalfatosenoticias.com.br\/#\/schema\/logo\/image\/\",\"url\":\"https:\/\/jornalfatosenoticias.com.br\/wp-content\/uploads\/2020\/02\/logo120.png\",\"contentUrl\":\"https:\/\/jornalfatosenoticias.com.br\/wp-content\/uploads\/2020\/02\/logo120.png\",\"width\":1227,\"height\":120,\"caption\":\"Jornal Fatos e Not\u00edcias\"},\"image\":{\"@id\":\"https:\/\/jornalfatosenoticias.com.br\/#\/schema\/logo\/image\/\"}},{\"@type\":\"Person\",\"@id\":\"https:\/\/jornalfatosenoticias.com.br\/#\/schema\/person\/d63837fa13ac8666eb9e74e0985d6f81\",\"name\":\"Luzimara Fernandes\",\"image\":{\"@type\":\"ImageObject\",\"inLanguage\":\"pt-BR\",\"@id\":\"https:\/\/jornalfatosenoticias.com.br\/#\/schema\/person\/image\/\",\"url\":\"https:\/\/jornalfatosenoticias.com.br\/wp-content\/uploads\/2025\/05\/EU_portal.jpg\",\"contentUrl\":\"https:\/\/jornalfatosenoticias.com.br\/wp-content\/uploads\/2025\/05\/EU_portal.jpg\",\"caption\":\"Luzimara Fernandes\"},\"description\":\"Jornalista MTB 2358-ES\",\"sameAs\":[\"https:\/\/jornalfatosenoticias.com.br\"],\"url\":\"https:\/\/jornalfatosenoticias.com.br\/index.php\/author\/luzimara\/\"}]}<\/script>\n<!-- \/ Yoast SEO plugin. -->","yoast_head_json":{"title":"Projeto de incentivo \u00e0 literatura e escrita no Amazonas \u00e9 destaque em pr\u00eamio nacional de educa\u00e7\u00e3o - Jornal Fatos e Not\u00edcias","robots":{"index":"index","follow":"follow","max-snippet":"max-snippet:-1","max-image-preview":"max-image-preview:large","max-video-preview":"max-video-preview:-1"},"canonical":"https:\/\/jornalfatosenoticias.com.br\/index.php\/2024\/04\/09\/projeto-de-incentivo-a-literatura-e-escrita-no-amazonas-e-destaque-em-premio-nacional-de-educacao\/","og_locale":"pt_BR","og_type":"article","og_title":"Projeto de incentivo \u00e0 literatura e escrita no Amazonas \u00e9 destaque em pr\u00eamio nacional de educa\u00e7\u00e3o - Jornal Fatos e Not\u00edcias","og_description":"O &#8216;Semente Materna Po\u00e9tica&#8217; j\u00e1 transformou mais de 100 alunos em escritores nos \u00faltimos anos O projeto &#8216;Semente Materna Po\u00e9tica&#8217;, idealizado pelo professor F\u00e1bio Gomes, recebeu Men\u00e7\u00e3o Honrosa no Pr\u00eamio Professor Porvir, que mapeia pr\u00e1ticas pedag\u00f3gicas inovadoras em escolas de todo o Brasil. Em Beruri, no Amazonas, desde 2019 a iniciativa tem estimulado estudantes de [&hellip;]","og_url":"https:\/\/jornalfatosenoticias.com.br\/index.php\/2024\/04\/09\/projeto-de-incentivo-a-literatura-e-escrita-no-amazonas-e-destaque-em-premio-nacional-de-educacao\/","og_site_name":"Jornal Fatos e Not\u00edcias","article_published_time":"2024-04-09T12:30:47+00:00","article_modified_time":"2024-04-09T12:30:48+00:00","og_image":[{"width":639,"height":429,"url":"https:\/\/jornalfatosenoticias.com.br\/wp-content\/uploads\/2024\/04\/incentivo-a-leitura-Semente-Materna-Poetica_Foto_Arquivo-Pessoal.jpeg","type":"image\/jpeg"}],"author":"Luzimara Fernandes","twitter_card":"summary_large_image","twitter_misc":{"Escrito por":"Luzimara Fernandes","Est. tempo de leitura":"2 minutos"},"schema":{"@context":"https:\/\/schema.org","@graph":[{"@type":"Article","@id":"https:\/\/jornalfatosenoticias.com.br\/index.php\/2024\/04\/09\/projeto-de-incentivo-a-literatura-e-escrita-no-amazonas-e-destaque-em-premio-nacional-de-educacao\/#article","isPartOf":{"@id":"https:\/\/jornalfatosenoticias.com.br\/index.php\/2024\/04\/09\/projeto-de-incentivo-a-literatura-e-escrita-no-amazonas-e-destaque-em-premio-nacional-de-educacao\/"},"author":{"name":"Luzimara Fernandes","@id":"https:\/\/jornalfatosenoticias.com.br\/#\/schema\/person\/d63837fa13ac8666eb9e74e0985d6f81"},"headline":"Projeto de incentivo \u00e0 literatura e escrita no Amazonas \u00e9 destaque em pr\u00eamio nacional de educa\u00e7\u00e3o","datePublished":"2024-04-09T12:30:47+00:00","dateModified":"2024-04-09T12:30:48+00:00","mainEntityOfPage":{"@id":"https:\/\/jornalfatosenoticias.com.br\/index.php\/2024\/04\/09\/projeto-de-incentivo-a-literatura-e-escrita-no-amazonas-e-destaque-em-premio-nacional-de-educacao\/"},"wordCount":326,"commentCount":0,"publisher":{"@id":"https:\/\/jornalfatosenoticias.com.br\/#organization"},"image":{"@id":"https:\/\/jornalfatosenoticias.com.br\/index.php\/2024\/04\/09\/projeto-de-incentivo-a-literatura-e-escrita-no-amazonas-e-destaque-em-premio-nacional-de-educacao\/#primaryimage"},"thumbnailUrl":"https:\/\/jornalfatosenoticias.com.br\/wp-content\/uploads\/2024\/04\/incentivo-a-leitura-Semente-Materna-Poetica_Foto_Arquivo-Pessoal.jpeg","keywords":["Amazonas","educa\u00e7\u00e3o","escritores","poemas","pr\u00eamio nacional de educa\u00e7\u00e3o","Projeto Leitura"],"articleSection":["Educa\u00e7\u00e3o"],"inLanguage":"pt-BR","potentialAction":[{"@type":"CommentAction","name":"Comment","target":["https:\/\/jornalfatosenoticias.com.br\/index.php\/2024\/04\/09\/projeto-de-incentivo-a-literatura-e-escrita-no-amazonas-e-destaque-em-premio-nacional-de-educacao\/#respond"]}]},{"@type":"WebPage","@id":"https:\/\/jornalfatosenoticias.com.br\/index.php\/2024\/04\/09\/projeto-de-incentivo-a-literatura-e-escrita-no-amazonas-e-destaque-em-premio-nacional-de-educacao\/","url":"https:\/\/jornalfatosenoticias.com.br\/index.php\/2024\/04\/09\/projeto-de-incentivo-a-literatura-e-escrita-no-amazonas-e-destaque-em-premio-nacional-de-educacao\/","name":"Projeto de incentivo \u00e0 literatura e escrita no Amazonas \u00e9 destaque em pr\u00eamio nacional de educa\u00e7\u00e3o - Jornal Fatos e Not\u00edcias","isPartOf":{"@id":"https:\/\/jornalfatosenoticias.com.br\/#website"},"primaryImageOfPage":{"@id":"https:\/\/jornalfatosenoticias.com.br\/index.php\/2024\/04\/09\/projeto-de-incentivo-a-literatura-e-escrita-no-amazonas-e-destaque-em-premio-nacional-de-educacao\/#primaryimage"},"image":{"@id":"https:\/\/jornalfatosenoticias.com.br\/index.php\/2024\/04\/09\/projeto-de-incentivo-a-literatura-e-escrita-no-amazonas-e-destaque-em-premio-nacional-de-educacao\/#primaryimage"},"thumbnailUrl":"https:\/\/jornalfatosenoticias.com.br\/wp-content\/uploads\/2024\/04\/incentivo-a-leitura-Semente-Materna-Poetica_Foto_Arquivo-Pessoal.jpeg","datePublished":"2024-04-09T12:30:47+00:00","dateModified":"2024-04-09T12:30:48+00:00","breadcrumb":{"@id":"https:\/\/jornalfatosenoticias.com.br\/index.php\/2024\/04\/09\/projeto-de-incentivo-a-literatura-e-escrita-no-amazonas-e-destaque-em-premio-nacional-de-educacao\/#breadcrumb"},"inLanguage":"pt-BR","potentialAction":[{"@type":"ReadAction","target":["https:\/\/jornalfatosenoticias.com.br\/index.php\/2024\/04\/09\/projeto-de-incentivo-a-literatura-e-escrita-no-amazonas-e-destaque-em-premio-nacional-de-educacao\/"]}]},{"@type":"ImageObject","inLanguage":"pt-BR","@id":"https:\/\/jornalfatosenoticias.com.br\/index.php\/2024\/04\/09\/projeto-de-incentivo-a-literatura-e-escrita-no-amazonas-e-destaque-em-premio-nacional-de-educacao\/#primaryimage","url":"https:\/\/jornalfatosenoticias.com.br\/wp-content\/uploads\/2024\/04\/incentivo-a-leitura-Semente-Materna-Poetica_Foto_Arquivo-Pessoal.jpeg","contentUrl":"https:\/\/jornalfatosenoticias.com.br\/wp-content\/uploads\/2024\/04\/incentivo-a-leitura-Semente-Materna-Poetica_Foto_Arquivo-Pessoal.jpeg","width":639,"height":429},{"@type":"BreadcrumbList","@id":"https:\/\/jornalfatosenoticias.com.br\/index.php\/2024\/04\/09\/projeto-de-incentivo-a-literatura-e-escrita-no-amazonas-e-destaque-em-premio-nacional-de-educacao\/#breadcrumb","itemListElement":[{"@type":"ListItem","position":1,"name":"In\u00edcio","item":"https:\/\/jornalfatosenoticias.com.br\/"},{"@type":"ListItem","position":2,"name":"Projeto de incentivo \u00e0 literatura e escrita no Amazonas \u00e9 destaque em pr\u00eamio nacional de educa\u00e7\u00e3o"}]},{"@type":"WebSite","@id":"https:\/\/jornalfatosenoticias.com.br\/#website","url":"https:\/\/jornalfatosenoticias.com.br\/","name":"Jornal Fatos e Not\u00edcias","description":"Not\u00edcias em geral","publisher":{"@id":"https:\/\/jornalfatosenoticias.com.br\/#organization"},"potentialAction":[{"@type":"SearchAction","target":{"@type":"EntryPoint","urlTemplate":"https:\/\/jornalfatosenoticias.com.br\/?s={search_term_string}"},"query-input":{"@type":"PropertyValueSpecification","valueRequired":true,"valueName":"search_term_string"}}],"inLanguage":"pt-BR"},{"@type":"Organization","@id":"https:\/\/jornalfatosenoticias.com.br\/#organization","name":"Jornal Fatos e Not\u00edcias","url":"https:\/\/jornalfatosenoticias.com.br\/","logo":{"@type":"ImageObject","inLanguage":"pt-BR","@id":"https:\/\/jornalfatosenoticias.com.br\/#\/schema\/logo\/image\/","url":"https:\/\/jornalfatosenoticias.com.br\/wp-content\/uploads\/2020\/02\/logo120.png","contentUrl":"https:\/\/jornalfatosenoticias.com.br\/wp-content\/uploads\/2020\/02\/logo120.png","width":1227,"height":120,"caption":"Jornal Fatos e Not\u00edcias"},"image":{"@id":"https:\/\/jornalfatosenoticias.com.br\/#\/schema\/logo\/image\/"}},{"@type":"Person","@id":"https:\/\/jornalfatosenoticias.com.br\/#\/schema\/person\/d63837fa13ac8666eb9e74e0985d6f81","name":"Luzimara Fernandes","image":{"@type":"ImageObject","inLanguage":"pt-BR","@id":"https:\/\/jornalfatosenoticias.com.br\/#\/schema\/person\/image\/","url":"https:\/\/jornalfatosenoticias.com.br\/wp-content\/uploads\/2025\/05\/EU_portal.jpg","contentUrl":"https:\/\/jornalfatosenoticias.com.br\/wp-content\/uploads\/2025\/05\/EU_portal.jpg","caption":"Luzimara Fernandes"},"description":"Jornalista MTB 2358-ES","sameAs":["https:\/\/jornalfatosenoticias.com.br"],"url":"https:\/\/jornalfatosenoticias.com.br\/index.php\/author\/luzimara\/"}]}},"cc_featured_image_caption":{"caption_text":"(Foto: Arquivo pessoal) ","source_text":"","source_url":""},"jetpack_featured_media_url":"https:\/\/jornalfatosenoticias.com.br\/wp-content\/uploads\/2024\/04\/incentivo-a-leitura-Semente-Materna-Poetica_Foto_Arquivo-Pessoal.jpeg","_links":{"self":[{"href":"https:\/\/jornalfatosenoticias.com.br\/index.php\/wp-json\/wp\/v2\/posts\/50463","targetHints":{"allow":["GET"]}}],"collection":[{"href":"https:\/\/jornalfatosenoticias.com.br\/index.php\/wp-json\/wp\/v2\/posts"}],"about":[{"href":"https:\/\/jornalfatosenoticias.com.br\/index.php\/wp-json\/wp\/v2\/types\/post"}],"author":[{"embeddable":true,"href":"https:\/\/jornalfatosenoticias.com.br\/index.php\/wp-json\/wp\/v2\/users\/2"}],"replies":[{"embeddable":true,"href":"https:\/\/jornalfatosenoticias.com.br\/index.php\/wp-json\/wp\/v2\/comments?post=50463"}],"version-history":[{"count":0,"href":"https:\/\/jornalfatosenoticias.com.br\/index.php\/wp-json\/wp\/v2\/posts\/50463\/revisions"}],"wp:featuredmedia":[{"embeddable":true,"href":"https:\/\/jornalfatosenoticias.com.br\/index.php\/wp-json\/wp\/v2\/media\/50464"}],"wp:attachment":[{"href":"https:\/\/jornalfatosenoticias.com.br\/index.php\/wp-json\/wp\/v2\/media?parent=50463"}],"wp:term":[{"taxonomy":"category","embeddable":true,"href":"https:\/\/jornalfatosenoticias.com.br\/index.php\/wp-json\/wp\/v2\/categories?post=50463"},{"taxonomy":"post_tag","embeddable":true,"href":"https:\/\/jornalfatosenoticias.com.br\/index.php\/wp-json\/wp\/v2\/tags?post=50463"}],"curies":[{"name":"wp","href":"https:\/\/api.w.org\/{rel}","templated":true}]}}