{"id":50469,"date":"2024-04-09T09:50:32","date_gmt":"2024-04-09T12:50:32","guid":{"rendered":"https:\/\/jornalfatosenoticias.com.br\/?p=50469"},"modified":"2024-04-09T09:50:34","modified_gmt":"2024-04-09T12:50:34","slug":"curiosidade-como-surgiu-a-expressao-fale-com-a-minha-mao","status":"publish","type":"post","link":"https:\/\/jornalfatosenoticias.com.br\/index.php\/2024\/04\/09\/curiosidade-como-surgiu-a-expressao-fale-com-a-minha-mao\/","title":{"rendered":"Curiosidade \u2014 Como surgiu a express\u00e3o &#8220;fale com a minha m\u00e3o&#8221;?"},"content":{"rendered":"\n<p><span class=\"has-inline-color has-black-color\">Por <strong><a href=\"https:\/\/www.megacurioso.com.br\/autor\/maura-martins\">Maura Martins<\/a><\/strong><\/span><\/p>\n\n\n\n<div class=\"wp-block-image\"><figure class=\"aligncenter size-large is-resized\"><img loading=\"lazy\" decoding=\"async\" src=\"https:\/\/jornalfatosenoticias.com.br\/wp-content\/uploads\/2023\/09\/vetorvix1024_1.jpg\" alt=\"\" class=\"wp-image-44868\" width=\"517\" height=\"137\" srcset=\"https:\/\/jornalfatosenoticias.com.br\/wp-content\/uploads\/2023\/09\/vetorvix1024_1.jpg 1024w, https:\/\/jornalfatosenoticias.com.br\/wp-content\/uploads\/2023\/09\/vetorvix1024_1-300x80.jpg 300w, https:\/\/jornalfatosenoticias.com.br\/wp-content\/uploads\/2023\/09\/vetorvix1024_1-768x205.jpg 768w\" sizes=\"auto, (max-width: 517px) 100vw, 517px\" \/><\/figure><\/div>\n\n\n\n<p>Tem uma express\u00e3o estranha que talvez voc\u00ea j\u00e1 tenha usado algum dia e que consiste em mandar algu\u00e9m &#8220;falar com a sua m\u00e3o&#8221;. Embora fosse mais comum nos anos 1990, \u00e9 uma forma de dizer para o outro, de uma maneira at\u00e9 engra\u00e7ada, que voc\u00ea n\u00e3o est\u00e1 mais interessado em ouvir o que ele tem para dizer.<br>N\u00e3o faz nenhum sentido, claro. Mas onde ser\u00e1 que surgiu essa forma idiom\u00e1tica? A resposta pode estar nas <a href=\"https:\/\/www.megacurioso.com.br\/cinema\/85758-as-10-melhores-comedias-de-todos-os-tempos-segundo-roteiristas-de-hollywood.htm\" rel=\"noreferrer noopener\" target=\"_blank\">com\u00e9dias<\/a> que fizeram sucesso nos anos 1990. Uma das primeiras s\u00e9ries que se tem registro de ter usado a express\u00e3o foi a com\u00e9dia Martin, veiculada pela Fox entre 1992 e 1997. O ator <a href=\"https:\/\/www.tecmundo.com.br\/minha-serie\/277190-gaiola-mental-serial-killer-entenda-o-final-filme-netflix.htm\" rel=\"noreferrer noopener\" target=\"_blank\">Martin Lawrence<\/a> vivia o personagem Martin Payne, um DJ de Detroit que batalha para equilibrar sua vida pessoal e profissional.<\/p>\n\n\n\n<div class=\"wp-block-image\"><figure class=\"aligncenter size-large\"><img loading=\"lazy\" decoding=\"async\" width=\"300\" height=\"250\" src=\"https:\/\/jornalfatosenoticias.com.br\/wp-content\/uploads\/2022\/02\/FERRARI_MAQUINAS-E-FERRAMENTAS2.jpg\" alt=\"\" class=\"wp-image-27860\"\/><\/figure><\/div>\n\n\n\n<p>A parceira de Lawrence na s\u00e9rie, a atriz Tisha Campbell, rememorou a express\u00e3o ao dar uma entrevista para a Fox 5 em 2023, e falou do sucesso da frase: \u201cquando come\u00e7amos a ver pessoas fazendo isso na rua, pensamos: &#8216;algu\u00e9m vai ter a m\u00e3o cortada&#8217;\u201d, brincou na entrevista.<\/p>\n\n\n\n<div class=\"wp-block-image\"><figure class=\"aligncenter size-large is-resized\"><img loading=\"lazy\" decoding=\"async\" src=\"https:\/\/jornalfatosenoticias.com.br\/wp-content\/uploads\/2023\/12\/pegoretti-logo-pdf-1024x389.jpg\" alt=\"\" class=\"wp-image-47536\" width=\"446\" height=\"169\" srcset=\"https:\/\/jornalfatosenoticias.com.br\/wp-content\/uploads\/2023\/12\/pegoretti-logo-pdf-1024x389.jpg 1024w, https:\/\/jornalfatosenoticias.com.br\/wp-content\/uploads\/2023\/12\/pegoretti-logo-pdf-300x114.jpg 300w, https:\/\/jornalfatosenoticias.com.br\/wp-content\/uploads\/2023\/12\/pegoretti-logo-pdf-768x291.jpg 768w, https:\/\/jornalfatosenoticias.com.br\/wp-content\/uploads\/2023\/12\/pegoretti-logo-pdf.jpg 1120w\" sizes=\"auto, (max-width: 446px) 100vw, 446px\" \/><\/figure><\/div>\n\n\n\n<p>J\u00e1 na s\u00e9rie <a href=\"https:\/\/www.megacurioso.com.br\/artes-cultura\/103493-antes-e-depois-veja-o-elenco-de-17-filmes-e-series-reunido-depois-de-anos.htm\" rel=\"noreferrer noopener\" target=\"_blank\">The Nanny<\/a><em>,<\/em> estrelada por Fran Drescher entre 1993 e 1999, a protagonista usava essa frase diversas vezes, como um bord\u00e3o. Drescher depois repetiu a express\u00e3o no seu filme de 1997, chamado Beautician and the Beast. E duas m\u00fasicas \u2014 \u201cTalk to the Hand\u201d de Buttergirl de 1995 e \u201cTalk to the Hand\u201d de The Loomers de 1996 \u2014 tamb\u00e9m adotaram a frase.<\/p>\n\n\n\n<div class=\"wp-block-image\"><figure class=\"aligncenter size-large is-resized\"><img loading=\"lazy\" decoding=\"async\" src=\"https:\/\/jornalfatosenoticias.com.br\/wp-content\/uploads\/2020\/02\/CONTROL-CS.jpg\" alt=\"\" class=\"wp-image-44991\" width=\"279\" height=\"334\" srcset=\"https:\/\/jornalfatosenoticias.com.br\/wp-content\/uploads\/2020\/02\/CONTROL-CS.jpg 834w, https:\/\/jornalfatosenoticias.com.br\/wp-content\/uploads\/2020\/02\/CONTROL-CS-250x300.jpg 250w, https:\/\/jornalfatosenoticias.com.br\/wp-content\/uploads\/2020\/02\/CONTROL-CS-768x921.jpg 768w\" sizes=\"auto, (max-width: 279px) 100vw, 279px\" \/><\/figure><\/div>\n\n\n\n<p><strong><span class=\"has-inline-color has-vivid-purple-color\">Os v\u00e1rios sentidos de &#8220;fale com minha m\u00e3o&#8221;<br><\/span><\/strong>Mas \u00e9 dif\u00edcil pontuar se Martin estava colocando um novo elemento na cultura ou refletindo algo que j\u00e1 estava presente nela. O fato \u00e9 que dois <a href=\"https:\/\/www.megacurioso.com.br\/artes-cultura\/118217-como-uma-palavra-entra-para-o-dicionario.htm?f\" rel=\"noreferrer noopener\" target=\"_blank\">dicion\u00e1rios<\/a> \u2014 o Oxford English Dictionary e o Green&#8217;s Dictionary of Slang \u2014 trazem a express\u00e3o e datam sua origem em 1995. O &#8220;fale com a minha m\u00e3o&#8221; entrou como parte de uma cole\u00e7\u00e3o de g\u00edrias organizada por uma linguista na Universidade da Carolina do Norte.<\/p>\n\n\n\n<div class=\"wp-block-image\"><figure class=\"aligncenter size-large is-resized\"><img loading=\"lazy\" decoding=\"async\" src=\"https:\/\/jornalfatosenoticias.com.br\/wp-content\/uploads\/2023\/08\/ITH.jpeg\" alt=\"\" class=\"wp-image-44638\" width=\"292\" height=\"237\" srcset=\"https:\/\/jornalfatosenoticias.com.br\/wp-content\/uploads\/2023\/08\/ITH.jpeg 800w, https:\/\/jornalfatosenoticias.com.br\/wp-content\/uploads\/2023\/08\/ITH-300x244.jpeg 300w, https:\/\/jornalfatosenoticias.com.br\/wp-content\/uploads\/2023\/08\/ITH-768x624.jpeg 768w\" sizes=\"auto, (max-width: 292px) 100vw, 292px\" \/><\/figure><\/div>\n\n\n\n<p>Mas o Green&#8217;s Dictionary of Slang registra algumas express\u00f5es mais antigas que s\u00e3o semelhantes. Talk to the engineer, not the oily rag e talk to the butcher, not the block eram usadas nos anos 1920 no contexto de dizer algo como &#8220;fale com o supervisor, n\u00e3o com o subordinado&#8221;. N\u00e3o tem o mesmo significado que a express\u00e3o da m\u00e3o, mas tem uma formula\u00e7\u00e3o parecida.<\/p>\n\n\n\n<div class=\"wp-block-image\"><figure class=\"aligncenter size-large is-resized\"><img loading=\"lazy\" decoding=\"async\" src=\"https:\/\/jornalfatosenoticias.com.br\/wp-content\/uploads\/2023\/08\/BKR-1024x1021.jpg\" alt=\"\" class=\"wp-image-44494\" width=\"283\" height=\"282\" srcset=\"https:\/\/jornalfatosenoticias.com.br\/wp-content\/uploads\/2023\/08\/BKR-1024x1021.jpg 1024w, https:\/\/jornalfatosenoticias.com.br\/wp-content\/uploads\/2023\/08\/BKR-300x300.jpg 300w, https:\/\/jornalfatosenoticias.com.br\/wp-content\/uploads\/2023\/08\/BKR-150x150.jpg 150w, https:\/\/jornalfatosenoticias.com.br\/wp-content\/uploads\/2023\/08\/BKR-768x766.jpg 768w, https:\/\/jornalfatosenoticias.com.br\/wp-content\/uploads\/2023\/08\/BKR.jpg 1080w\" sizes=\"auto, (max-width: 283px) 100vw, 283px\" \/><\/figure><\/div>\n\n\n\n<p>Com o tempo, a frase foi se tornando bastante popular e at\u00e9 recebendo algumas varia\u00e7\u00f5es como &#8220;Fale com a m\u00e3o, porque a m\u00e3o n\u00e3o responde&#8221;, &#8220;Fale com o dedo, porque voc\u00ea n\u00e3o vale cinco&#8221;. &#8220;Fale com a m\u00e3o, porque o rosto n\u00e3o est\u00e1 ouvindo&#8221; e &#8220;Fale com o cotovelo, porque voc\u00ea n\u00e3o vale a extens\u00e3o&#8221;.<\/p>\n\n\n\n<div class=\"wp-block-image\"><figure class=\"aligncenter size-large is-resized\"><img loading=\"lazy\" decoding=\"async\" src=\"https:\/\/jornalfatosenoticias.com.br\/wp-content\/uploads\/2023\/03\/logo-Panper_portal.jpg\" alt=\"\" class=\"wp-image-40208\" width=\"345\" height=\"239\" srcset=\"https:\/\/jornalfatosenoticias.com.br\/wp-content\/uploads\/2023\/03\/logo-Panper_portal.jpg 400w, https:\/\/jornalfatosenoticias.com.br\/wp-content\/uploads\/2023\/03\/logo-Panper_portal-300x208.jpg 300w\" sizes=\"auto, (max-width: 345px) 100vw, 345px\" \/><\/figure><\/div>\n\n\n\n<p>A\u00ed, claro, chegou um ponto que ningu\u00e9m aguentava mais ouvir essa express\u00e3o jocosa. Provavelmente isso aconteceu depois que ela foi citada nos filmes Austin Powers: O Agente Bond Cama, de 1999, e at\u00e9 em O Exterminador do Futuro 3 \u2014 A Rebeli\u00e3o das M\u00e1quinas, de 2003 (curiosidade: o T-800 usa o &#8220;fale com minha m\u00e3o&#8221; para tentar se misturar com a popula\u00e7\u00e3o sem deixar claro que ele \u00e9 um rob\u00f4).<\/p>\n\n\n\n<div class=\"wp-block-image\"><figure class=\"aligncenter size-large is-resized\"><img loading=\"lazy\" decoding=\"async\" src=\"https:\/\/jornalfatosenoticias.com.br\/wp-content\/uploads\/2020\/02\/logo-Rapuzel-1024x571.jpg\" alt=\"\" class=\"wp-image-42808\" width=\"335\" height=\"187\" srcset=\"https:\/\/jornalfatosenoticias.com.br\/wp-content\/uploads\/2020\/02\/logo-Rapuzel-1024x571.jpg 1024w, https:\/\/jornalfatosenoticias.com.br\/wp-content\/uploads\/2020\/02\/logo-Rapuzel-300x167.jpg 300w, https:\/\/jornalfatosenoticias.com.br\/wp-content\/uploads\/2020\/02\/logo-Rapuzel-768x428.jpg 768w, https:\/\/jornalfatosenoticias.com.br\/wp-content\/uploads\/2020\/02\/logo-Rapuzel-1536x856.jpg 1536w, https:\/\/jornalfatosenoticias.com.br\/wp-content\/uploads\/2020\/02\/logo-Rapuzel.jpg 1600w\" sizes=\"auto, (max-width: 335px) 100vw, 335px\" \/><\/figure><\/div>\n\n\n\n<p><strong><em>Fonte: <a href=\"https:\/\/www.megacurioso.com.br\/artes-cultura\/como-surgiu-a-expressao-fale-com-a-minha-mao\">Mega Curioso<\/a><\/em><\/strong><\/p>\n","protected":false},"excerpt":{"rendered":"<p>Por Maura Martins Tem uma express\u00e3o estranha que talvez voc\u00ea j\u00e1 tenha usado algum dia e que consiste em mandar algu\u00e9m &#8220;falar com a sua m\u00e3o&#8221;. Embora fosse mais comum nos anos 1990, \u00e9 uma forma de dizer para o outro, de uma maneira at\u00e9 engra\u00e7ada, que voc\u00ea n\u00e3o est\u00e1 mais interessado em ouvir o [&hellip;]<\/p>\n","protected":false},"author":2,"featured_media":50470,"comment_status":"open","ping_status":"open","sticky":false,"template":"","format":"standard","meta":{"footnotes":""},"categories":[5],"tags":[1400,3387,713,6284],"class_list":["post-50469","post","type-post","status-publish","format-standard","has-post-thumbnail","hentry","category-geral","tag-comportamento","tag-comunicacao","tag-cultura","tag-curiosidade"],"yoast_head":"<!-- This site is optimized with the Yoast SEO plugin v26.5 - https:\/\/yoast.com\/wordpress\/plugins\/seo\/ -->\n<title>Curiosidade \u2014 Como surgiu a express\u00e3o &quot;fale com a minha m\u00e3o&quot;? - Jornal Fatos e Not\u00edcias<\/title>\n<meta name=\"robots\" content=\"index, follow, max-snippet:-1, max-image-preview:large, max-video-preview:-1\" \/>\n<link rel=\"canonical\" href=\"https:\/\/jornalfatosenoticias.com.br\/index.php\/2024\/04\/09\/curiosidade-como-surgiu-a-expressao-fale-com-a-minha-mao\/\" \/>\n<meta property=\"og:locale\" content=\"pt_BR\" \/>\n<meta property=\"og:type\" content=\"article\" \/>\n<meta property=\"og:title\" content=\"Curiosidade \u2014 Como surgiu a express\u00e3o &quot;fale com a minha m\u00e3o&quot;? - Jornal Fatos e Not\u00edcias\" \/>\n<meta property=\"og:description\" content=\"Por Maura Martins Tem uma express\u00e3o estranha que talvez voc\u00ea j\u00e1 tenha usado algum dia e que consiste em mandar algu\u00e9m &#8220;falar com a sua m\u00e3o&#8221;. Embora fosse mais comum nos anos 1990, \u00e9 uma forma de dizer para o outro, de uma maneira at\u00e9 engra\u00e7ada, que voc\u00ea n\u00e3o est\u00e1 mais interessado em ouvir o [&hellip;]\" \/>\n<meta property=\"og:url\" content=\"https:\/\/jornalfatosenoticias.com.br\/index.php\/2024\/04\/09\/curiosidade-como-surgiu-a-expressao-fale-com-a-minha-mao\/\" \/>\n<meta property=\"og:site_name\" content=\"Jornal Fatos e Not\u00edcias\" \/>\n<meta property=\"article:published_time\" content=\"2024-04-09T12:50:32+00:00\" \/>\n<meta property=\"article:modified_time\" content=\"2024-04-09T12:50:34+00:00\" \/>\n<meta property=\"og:image\" content=\"https:\/\/jornalfatosenoticias.com.br\/wp-content\/uploads\/2024\/04\/curiosidade_pinterest.jpg\" \/>\n\t<meta property=\"og:image:width\" content=\"564\" \/>\n\t<meta property=\"og:image:height\" content=\"434\" \/>\n\t<meta property=\"og:image:type\" content=\"image\/jpeg\" \/>\n<meta name=\"author\" content=\"Luzimara Fernandes\" \/>\n<meta name=\"twitter:card\" content=\"summary_large_image\" \/>\n<meta name=\"twitter:label1\" content=\"Escrito por\" \/>\n\t<meta name=\"twitter:data1\" content=\"Luzimara Fernandes\" \/>\n\t<meta name=\"twitter:label2\" content=\"Est. tempo de leitura\" \/>\n\t<meta name=\"twitter:data2\" content=\"3 minutos\" \/>\n<script type=\"application\/ld+json\" class=\"yoast-schema-graph\">{\"@context\":\"https:\/\/schema.org\",\"@graph\":[{\"@type\":\"Article\",\"@id\":\"https:\/\/jornalfatosenoticias.com.br\/index.php\/2024\/04\/09\/curiosidade-como-surgiu-a-expressao-fale-com-a-minha-mao\/#article\",\"isPartOf\":{\"@id\":\"https:\/\/jornalfatosenoticias.com.br\/index.php\/2024\/04\/09\/curiosidade-como-surgiu-a-expressao-fale-com-a-minha-mao\/\"},\"author\":{\"name\":\"Luzimara Fernandes\",\"@id\":\"https:\/\/jornalfatosenoticias.com.br\/#\/schema\/person\/d63837fa13ac8666eb9e74e0985d6f81\"},\"headline\":\"Curiosidade \u2014 Como surgiu a express\u00e3o &#8220;fale com a minha m\u00e3o&#8221;?\",\"datePublished\":\"2024-04-09T12:50:32+00:00\",\"dateModified\":\"2024-04-09T12:50:34+00:00\",\"mainEntityOfPage\":{\"@id\":\"https:\/\/jornalfatosenoticias.com.br\/index.php\/2024\/04\/09\/curiosidade-como-surgiu-a-expressao-fale-com-a-minha-mao\/\"},\"wordCount\":554,\"commentCount\":0,\"publisher\":{\"@id\":\"https:\/\/jornalfatosenoticias.com.br\/#organization\"},\"image\":{\"@id\":\"https:\/\/jornalfatosenoticias.com.br\/index.php\/2024\/04\/09\/curiosidade-como-surgiu-a-expressao-fale-com-a-minha-mao\/#primaryimage\"},\"thumbnailUrl\":\"https:\/\/jornalfatosenoticias.com.br\/wp-content\/uploads\/2024\/04\/curiosidade_pinterest.jpg\",\"keywords\":[\"comportamento\",\"comunica\u00e7\u00e3o\",\"cultura\",\"curiosidade\"],\"articleSection\":[\"Geral\"],\"inLanguage\":\"pt-BR\",\"potentialAction\":[{\"@type\":\"CommentAction\",\"name\":\"Comment\",\"target\":[\"https:\/\/jornalfatosenoticias.com.br\/index.php\/2024\/04\/09\/curiosidade-como-surgiu-a-expressao-fale-com-a-minha-mao\/#respond\"]}]},{\"@type\":\"WebPage\",\"@id\":\"https:\/\/jornalfatosenoticias.com.br\/index.php\/2024\/04\/09\/curiosidade-como-surgiu-a-expressao-fale-com-a-minha-mao\/\",\"url\":\"https:\/\/jornalfatosenoticias.com.br\/index.php\/2024\/04\/09\/curiosidade-como-surgiu-a-expressao-fale-com-a-minha-mao\/\",\"name\":\"Curiosidade \u2014 Como surgiu a express\u00e3o \\\"fale com a minha m\u00e3o\\\"? - Jornal Fatos e Not\u00edcias\",\"isPartOf\":{\"@id\":\"https:\/\/jornalfatosenoticias.com.br\/#website\"},\"primaryImageOfPage\":{\"@id\":\"https:\/\/jornalfatosenoticias.com.br\/index.php\/2024\/04\/09\/curiosidade-como-surgiu-a-expressao-fale-com-a-minha-mao\/#primaryimage\"},\"image\":{\"@id\":\"https:\/\/jornalfatosenoticias.com.br\/index.php\/2024\/04\/09\/curiosidade-como-surgiu-a-expressao-fale-com-a-minha-mao\/#primaryimage\"},\"thumbnailUrl\":\"https:\/\/jornalfatosenoticias.com.br\/wp-content\/uploads\/2024\/04\/curiosidade_pinterest.jpg\",\"datePublished\":\"2024-04-09T12:50:32+00:00\",\"dateModified\":\"2024-04-09T12:50:34+00:00\",\"breadcrumb\":{\"@id\":\"https:\/\/jornalfatosenoticias.com.br\/index.php\/2024\/04\/09\/curiosidade-como-surgiu-a-expressao-fale-com-a-minha-mao\/#breadcrumb\"},\"inLanguage\":\"pt-BR\",\"potentialAction\":[{\"@type\":\"ReadAction\",\"target\":[\"https:\/\/jornalfatosenoticias.com.br\/index.php\/2024\/04\/09\/curiosidade-como-surgiu-a-expressao-fale-com-a-minha-mao\/\"]}]},{\"@type\":\"ImageObject\",\"inLanguage\":\"pt-BR\",\"@id\":\"https:\/\/jornalfatosenoticias.com.br\/index.php\/2024\/04\/09\/curiosidade-como-surgiu-a-expressao-fale-com-a-minha-mao\/#primaryimage\",\"url\":\"https:\/\/jornalfatosenoticias.com.br\/wp-content\/uploads\/2024\/04\/curiosidade_pinterest.jpg\",\"contentUrl\":\"https:\/\/jornalfatosenoticias.com.br\/wp-content\/uploads\/2024\/04\/curiosidade_pinterest.jpg\",\"width\":564,\"height\":434},{\"@type\":\"BreadcrumbList\",\"@id\":\"https:\/\/jornalfatosenoticias.com.br\/index.php\/2024\/04\/09\/curiosidade-como-surgiu-a-expressao-fale-com-a-minha-mao\/#breadcrumb\",\"itemListElement\":[{\"@type\":\"ListItem\",\"position\":1,\"name\":\"In\u00edcio\",\"item\":\"https:\/\/jornalfatosenoticias.com.br\/\"},{\"@type\":\"ListItem\",\"position\":2,\"name\":\"Curiosidade \u2014 Como surgiu a express\u00e3o &#8220;fale com a minha m\u00e3o&#8221;?\"}]},{\"@type\":\"WebSite\",\"@id\":\"https:\/\/jornalfatosenoticias.com.br\/#website\",\"url\":\"https:\/\/jornalfatosenoticias.com.br\/\",\"name\":\"Jornal Fatos e Not\u00edcias\",\"description\":\"Not\u00edcias em geral\",\"publisher\":{\"@id\":\"https:\/\/jornalfatosenoticias.com.br\/#organization\"},\"potentialAction\":[{\"@type\":\"SearchAction\",\"target\":{\"@type\":\"EntryPoint\",\"urlTemplate\":\"https:\/\/jornalfatosenoticias.com.br\/?s={search_term_string}\"},\"query-input\":{\"@type\":\"PropertyValueSpecification\",\"valueRequired\":true,\"valueName\":\"search_term_string\"}}],\"inLanguage\":\"pt-BR\"},{\"@type\":\"Organization\",\"@id\":\"https:\/\/jornalfatosenoticias.com.br\/#organization\",\"name\":\"Jornal Fatos e Not\u00edcias\",\"url\":\"https:\/\/jornalfatosenoticias.com.br\/\",\"logo\":{\"@type\":\"ImageObject\",\"inLanguage\":\"pt-BR\",\"@id\":\"https:\/\/jornalfatosenoticias.com.br\/#\/schema\/logo\/image\/\",\"url\":\"https:\/\/jornalfatosenoticias.com.br\/wp-content\/uploads\/2020\/02\/logo120.png\",\"contentUrl\":\"https:\/\/jornalfatosenoticias.com.br\/wp-content\/uploads\/2020\/02\/logo120.png\",\"width\":1227,\"height\":120,\"caption\":\"Jornal Fatos e Not\u00edcias\"},\"image\":{\"@id\":\"https:\/\/jornalfatosenoticias.com.br\/#\/schema\/logo\/image\/\"}},{\"@type\":\"Person\",\"@id\":\"https:\/\/jornalfatosenoticias.com.br\/#\/schema\/person\/d63837fa13ac8666eb9e74e0985d6f81\",\"name\":\"Luzimara Fernandes\",\"image\":{\"@type\":\"ImageObject\",\"inLanguage\":\"pt-BR\",\"@id\":\"https:\/\/jornalfatosenoticias.com.br\/#\/schema\/person\/image\/\",\"url\":\"https:\/\/jornalfatosenoticias.com.br\/wp-content\/uploads\/2025\/05\/EU_portal.jpg\",\"contentUrl\":\"https:\/\/jornalfatosenoticias.com.br\/wp-content\/uploads\/2025\/05\/EU_portal.jpg\",\"caption\":\"Luzimara Fernandes\"},\"description\":\"Jornalista MTB 2358-ES\",\"sameAs\":[\"https:\/\/jornalfatosenoticias.com.br\"],\"url\":\"https:\/\/jornalfatosenoticias.com.br\/index.php\/author\/luzimara\/\"}]}<\/script>\n<!-- \/ Yoast SEO plugin. -->","yoast_head_json":{"title":"Curiosidade \u2014 Como surgiu a express\u00e3o \"fale com a minha m\u00e3o\"? - Jornal Fatos e Not\u00edcias","robots":{"index":"index","follow":"follow","max-snippet":"max-snippet:-1","max-image-preview":"max-image-preview:large","max-video-preview":"max-video-preview:-1"},"canonical":"https:\/\/jornalfatosenoticias.com.br\/index.php\/2024\/04\/09\/curiosidade-como-surgiu-a-expressao-fale-com-a-minha-mao\/","og_locale":"pt_BR","og_type":"article","og_title":"Curiosidade \u2014 Como surgiu a express\u00e3o \"fale com a minha m\u00e3o\"? - Jornal Fatos e Not\u00edcias","og_description":"Por Maura Martins Tem uma express\u00e3o estranha que talvez voc\u00ea j\u00e1 tenha usado algum dia e que consiste em mandar algu\u00e9m &#8220;falar com a sua m\u00e3o&#8221;. Embora fosse mais comum nos anos 1990, \u00e9 uma forma de dizer para o outro, de uma maneira at\u00e9 engra\u00e7ada, que voc\u00ea n\u00e3o est\u00e1 mais interessado em ouvir o [&hellip;]","og_url":"https:\/\/jornalfatosenoticias.com.br\/index.php\/2024\/04\/09\/curiosidade-como-surgiu-a-expressao-fale-com-a-minha-mao\/","og_site_name":"Jornal Fatos e Not\u00edcias","article_published_time":"2024-04-09T12:50:32+00:00","article_modified_time":"2024-04-09T12:50:34+00:00","og_image":[{"width":564,"height":434,"url":"https:\/\/jornalfatosenoticias.com.br\/wp-content\/uploads\/2024\/04\/curiosidade_pinterest.jpg","type":"image\/jpeg"}],"author":"Luzimara Fernandes","twitter_card":"summary_large_image","twitter_misc":{"Escrito por":"Luzimara Fernandes","Est. tempo de leitura":"3 minutos"},"schema":{"@context":"https:\/\/schema.org","@graph":[{"@type":"Article","@id":"https:\/\/jornalfatosenoticias.com.br\/index.php\/2024\/04\/09\/curiosidade-como-surgiu-a-expressao-fale-com-a-minha-mao\/#article","isPartOf":{"@id":"https:\/\/jornalfatosenoticias.com.br\/index.php\/2024\/04\/09\/curiosidade-como-surgiu-a-expressao-fale-com-a-minha-mao\/"},"author":{"name":"Luzimara Fernandes","@id":"https:\/\/jornalfatosenoticias.com.br\/#\/schema\/person\/d63837fa13ac8666eb9e74e0985d6f81"},"headline":"Curiosidade \u2014 Como surgiu a express\u00e3o &#8220;fale com a minha m\u00e3o&#8221;?","datePublished":"2024-04-09T12:50:32+00:00","dateModified":"2024-04-09T12:50:34+00:00","mainEntityOfPage":{"@id":"https:\/\/jornalfatosenoticias.com.br\/index.php\/2024\/04\/09\/curiosidade-como-surgiu-a-expressao-fale-com-a-minha-mao\/"},"wordCount":554,"commentCount":0,"publisher":{"@id":"https:\/\/jornalfatosenoticias.com.br\/#organization"},"image":{"@id":"https:\/\/jornalfatosenoticias.com.br\/index.php\/2024\/04\/09\/curiosidade-como-surgiu-a-expressao-fale-com-a-minha-mao\/#primaryimage"},"thumbnailUrl":"https:\/\/jornalfatosenoticias.com.br\/wp-content\/uploads\/2024\/04\/curiosidade_pinterest.jpg","keywords":["comportamento","comunica\u00e7\u00e3o","cultura","curiosidade"],"articleSection":["Geral"],"inLanguage":"pt-BR","potentialAction":[{"@type":"CommentAction","name":"Comment","target":["https:\/\/jornalfatosenoticias.com.br\/index.php\/2024\/04\/09\/curiosidade-como-surgiu-a-expressao-fale-com-a-minha-mao\/#respond"]}]},{"@type":"WebPage","@id":"https:\/\/jornalfatosenoticias.com.br\/index.php\/2024\/04\/09\/curiosidade-como-surgiu-a-expressao-fale-com-a-minha-mao\/","url":"https:\/\/jornalfatosenoticias.com.br\/index.php\/2024\/04\/09\/curiosidade-como-surgiu-a-expressao-fale-com-a-minha-mao\/","name":"Curiosidade \u2014 Como surgiu a express\u00e3o \"fale com a minha m\u00e3o\"? - Jornal Fatos e Not\u00edcias","isPartOf":{"@id":"https:\/\/jornalfatosenoticias.com.br\/#website"},"primaryImageOfPage":{"@id":"https:\/\/jornalfatosenoticias.com.br\/index.php\/2024\/04\/09\/curiosidade-como-surgiu-a-expressao-fale-com-a-minha-mao\/#primaryimage"},"image":{"@id":"https:\/\/jornalfatosenoticias.com.br\/index.php\/2024\/04\/09\/curiosidade-como-surgiu-a-expressao-fale-com-a-minha-mao\/#primaryimage"},"thumbnailUrl":"https:\/\/jornalfatosenoticias.com.br\/wp-content\/uploads\/2024\/04\/curiosidade_pinterest.jpg","datePublished":"2024-04-09T12:50:32+00:00","dateModified":"2024-04-09T12:50:34+00:00","breadcrumb":{"@id":"https:\/\/jornalfatosenoticias.com.br\/index.php\/2024\/04\/09\/curiosidade-como-surgiu-a-expressao-fale-com-a-minha-mao\/#breadcrumb"},"inLanguage":"pt-BR","potentialAction":[{"@type":"ReadAction","target":["https:\/\/jornalfatosenoticias.com.br\/index.php\/2024\/04\/09\/curiosidade-como-surgiu-a-expressao-fale-com-a-minha-mao\/"]}]},{"@type":"ImageObject","inLanguage":"pt-BR","@id":"https:\/\/jornalfatosenoticias.com.br\/index.php\/2024\/04\/09\/curiosidade-como-surgiu-a-expressao-fale-com-a-minha-mao\/#primaryimage","url":"https:\/\/jornalfatosenoticias.com.br\/wp-content\/uploads\/2024\/04\/curiosidade_pinterest.jpg","contentUrl":"https:\/\/jornalfatosenoticias.com.br\/wp-content\/uploads\/2024\/04\/curiosidade_pinterest.jpg","width":564,"height":434},{"@type":"BreadcrumbList","@id":"https:\/\/jornalfatosenoticias.com.br\/index.php\/2024\/04\/09\/curiosidade-como-surgiu-a-expressao-fale-com-a-minha-mao\/#breadcrumb","itemListElement":[{"@type":"ListItem","position":1,"name":"In\u00edcio","item":"https:\/\/jornalfatosenoticias.com.br\/"},{"@type":"ListItem","position":2,"name":"Curiosidade \u2014 Como surgiu a express\u00e3o &#8220;fale com a minha m\u00e3o&#8221;?"}]},{"@type":"WebSite","@id":"https:\/\/jornalfatosenoticias.com.br\/#website","url":"https:\/\/jornalfatosenoticias.com.br\/","name":"Jornal Fatos e Not\u00edcias","description":"Not\u00edcias em geral","publisher":{"@id":"https:\/\/jornalfatosenoticias.com.br\/#organization"},"potentialAction":[{"@type":"SearchAction","target":{"@type":"EntryPoint","urlTemplate":"https:\/\/jornalfatosenoticias.com.br\/?s={search_term_string}"},"query-input":{"@type":"PropertyValueSpecification","valueRequired":true,"valueName":"search_term_string"}}],"inLanguage":"pt-BR"},{"@type":"Organization","@id":"https:\/\/jornalfatosenoticias.com.br\/#organization","name":"Jornal Fatos e Not\u00edcias","url":"https:\/\/jornalfatosenoticias.com.br\/","logo":{"@type":"ImageObject","inLanguage":"pt-BR","@id":"https:\/\/jornalfatosenoticias.com.br\/#\/schema\/logo\/image\/","url":"https:\/\/jornalfatosenoticias.com.br\/wp-content\/uploads\/2020\/02\/logo120.png","contentUrl":"https:\/\/jornalfatosenoticias.com.br\/wp-content\/uploads\/2020\/02\/logo120.png","width":1227,"height":120,"caption":"Jornal Fatos e Not\u00edcias"},"image":{"@id":"https:\/\/jornalfatosenoticias.com.br\/#\/schema\/logo\/image\/"}},{"@type":"Person","@id":"https:\/\/jornalfatosenoticias.com.br\/#\/schema\/person\/d63837fa13ac8666eb9e74e0985d6f81","name":"Luzimara Fernandes","image":{"@type":"ImageObject","inLanguage":"pt-BR","@id":"https:\/\/jornalfatosenoticias.com.br\/#\/schema\/person\/image\/","url":"https:\/\/jornalfatosenoticias.com.br\/wp-content\/uploads\/2025\/05\/EU_portal.jpg","contentUrl":"https:\/\/jornalfatosenoticias.com.br\/wp-content\/uploads\/2025\/05\/EU_portal.jpg","caption":"Luzimara Fernandes"},"description":"Jornalista MTB 2358-ES","sameAs":["https:\/\/jornalfatosenoticias.com.br"],"url":"https:\/\/jornalfatosenoticias.com.br\/index.php\/author\/luzimara\/"}]}},"cc_featured_image_caption":{"caption_text":"(Foto: Pinterest) ","source_text":"","source_url":""},"jetpack_featured_media_url":"https:\/\/jornalfatosenoticias.com.br\/wp-content\/uploads\/2024\/04\/curiosidade_pinterest.jpg","_links":{"self":[{"href":"https:\/\/jornalfatosenoticias.com.br\/index.php\/wp-json\/wp\/v2\/posts\/50469","targetHints":{"allow":["GET"]}}],"collection":[{"href":"https:\/\/jornalfatosenoticias.com.br\/index.php\/wp-json\/wp\/v2\/posts"}],"about":[{"href":"https:\/\/jornalfatosenoticias.com.br\/index.php\/wp-json\/wp\/v2\/types\/post"}],"author":[{"embeddable":true,"href":"https:\/\/jornalfatosenoticias.com.br\/index.php\/wp-json\/wp\/v2\/users\/2"}],"replies":[{"embeddable":true,"href":"https:\/\/jornalfatosenoticias.com.br\/index.php\/wp-json\/wp\/v2\/comments?post=50469"}],"version-history":[{"count":0,"href":"https:\/\/jornalfatosenoticias.com.br\/index.php\/wp-json\/wp\/v2\/posts\/50469\/revisions"}],"wp:featuredmedia":[{"embeddable":true,"href":"https:\/\/jornalfatosenoticias.com.br\/index.php\/wp-json\/wp\/v2\/media\/50470"}],"wp:attachment":[{"href":"https:\/\/jornalfatosenoticias.com.br\/index.php\/wp-json\/wp\/v2\/media?parent=50469"}],"wp:term":[{"taxonomy":"category","embeddable":true,"href":"https:\/\/jornalfatosenoticias.com.br\/index.php\/wp-json\/wp\/v2\/categories?post=50469"},{"taxonomy":"post_tag","embeddable":true,"href":"https:\/\/jornalfatosenoticias.com.br\/index.php\/wp-json\/wp\/v2\/tags?post=50469"}],"curies":[{"name":"wp","href":"https:\/\/api.w.org\/{rel}","templated":true}]}}