{"id":5047,"date":"2020-05-29T13:38:54","date_gmt":"2020-05-29T16:38:54","guid":{"rendered":"https:\/\/jornalfatosenoticias.com.br\/?p=5047"},"modified":"2020-05-29T13:39:00","modified_gmt":"2020-05-29T16:39:00","slug":"cerca-de-277-milhoes-de-pessoas-ainda-nao-se-vacinaram","status":"publish","type":"post","link":"https:\/\/jornalfatosenoticias.com.br\/index.php\/2020\/05\/29\/cerca-de-277-milhoes-de-pessoas-ainda-nao-se-vacinaram\/","title":{"rendered":"Cerca de 27,7 milh\u00f5es de pessoas ainda n\u00e3o se vacinaram"},"content":{"rendered":"\n<h6 class=\"wp-block-heading\"><em>At\u00e9 o dia 05 de junho acontece a terceira e \u00faltima fase da Campanha Nacional de Vacina\u00e7\u00e3o contra a Gripe. Apenas 23,22% de 36,1 milh\u00f5es de pessoas do p\u00fablico priorit\u00e1rio receberam a vacina<\/em><\/h6>\n\n\n\n<p>A terceira e \u00faltima fase da Campanha Nacional de Vacina\u00e7\u00e3o contra a Gripe se encerra no dia 5 de junho em todo o Pa\u00eds. Com in\u00edcio no dia 11 de maio, at\u00e9 o momento, foram vacinadas 8,3 milh\u00f5es de pessoas, que correspondem a 23,22% do total de 36,1 milh\u00f5es de pessoas. Nesta fase, o p\u00fablico priorit\u00e1rio \u00e9 formado por professores das escolas p\u00fablicas e privadas e os adultos de 55 a 59 anos de idade. A meta do Minist\u00e9rio da Sa\u00fade \u00e9 vacinar 90% dos grupos priorit\u00e1rios, resultado alcan\u00e7ado apenas na primeira fase com a vacina\u00e7\u00e3o de idosos com 60 anos ou mais de idade e trabalhadores da sa\u00fade. Desde o in\u00edcio da a\u00e7\u00e3o, em 23 de mar\u00e7o, 48,7 milh\u00f5es de pessoas foram vacinadas, faltando ainda 29,6 milh\u00f5es que ainda n\u00e3o receberam a vacina.<br>\u201cA vacina \u00e9 de extrema import\u00e2ncia para reduzir complica\u00e7\u00f5es e \u00f3bitos decorrentes dos v\u00edrus de influenza. Ent\u00e3o, \u00e9 muito importante que os grupos priorit\u00e1rios sejam vacinados\u201d, destacou a coordenadora do Programa Nacional de Imuniza\u00e7\u00f5es do Minist\u00e9rio da Sa\u00fade, Francieli Fontana. Ela lembra que as pessoas que ainda n\u00e3o se vacinaram podem procurar um dos 41 mil postos de sa\u00fade espalhados pelo Pa\u00eds durante todo o per\u00edodo da campanha.<br>A terceira e \u00faltima fase foi dividida em duas etapas: a primeira ocorreu no per\u00edodo de 11 a 17 de maio, com foco nas pessoas com defici\u00eancia; crian\u00e7as de seis meses a menores de seis anos; gestantes; e m\u00e3es no p\u00f3s-parto (at\u00e9 45 dias). Nesta segunda etapa, que segue at\u00e9 o dia 5 de junho, est\u00e3o os professores das escolas p\u00fablicas e privadas, que devem apresentar o crach\u00e1 funcional para comprovar o v\u00ednculo com alguma institui\u00e7\u00e3o; e os adultos de 55 a 59 anos de idade.<br>At\u00e9 o momento, 74,9 milh\u00f5es de doses da vacina j\u00e1 foram distribu\u00eddas aos estados para garantir a imuniza\u00e7\u00e3o do p\u00fablico-alvo da campanha. No total, o Minist\u00e9rio da Sa\u00fade investiu R$ 1,1 bilh\u00e3o na aquisi\u00e7\u00e3o das doses da vacina para as tr\u00eas fases. A vacina contra influenza n\u00e3o tem efic\u00e1cia contra o coronav\u00edrus, por\u00e9m, neste momento, ir\u00e1 auxiliar os profissionais de sa\u00fade na exclus\u00e3o do diagn\u00f3stico para a covid-19, j\u00e1 que os sintomas s\u00e3o parecidos. E, ainda, ajuda a reduzir a procura por servi\u00e7os de sa\u00fade.<br>Na primeira fase da Campanha Nacional de Vacina\u00e7\u00e3o contra a Gripe de 2020, mais de 100% do grupo priorit\u00e1rio, idosos com 60 anos ou mais e trabalhadores de sa\u00fade foram vacinados contra influenza, ou seja, acima da meta de 90%. Durante a segunda fase, no entanto, a cobertura foi de 62,64%.<br>O Minist\u00e9rio da Sa\u00fade mant\u00e9m a vigil\u00e2ncia da influenza no Brasil por meio da vigil\u00e2ncia sentinela de S\u00edndrome Gripal (SG) e de S\u00edndrome Respirat\u00f3ria Aguda Grave (SRAG) em pacientes hospitalizados. S\u00e3o 200 unidades distribu\u00eddas em todas as regi\u00f5es geogr\u00e1ficas do Pa\u00eds e tem como objetivo principal identificar os v\u00edrus respirat\u00f3rios circulantes, permitir o monitoramento da demanda de atendimento dos casos hospitalizados e \u00f3bitos.<br>Em 2020, at\u00e9 o dia 5 de maio, foram registrados 2.137 casos de SRAG hospitalizados por influenza (gripe) em todo o Pa\u00eds, com 180 mortes. Do total de casos que j\u00e1 tiveram a subtipagem identificada, 517 foram casos de influenza A (H1N1), com 75 \u00f3bitos; 53 casos e 10 \u00f3bitos por influenza A (H3N2), 326 de influenza A n\u00e3o subtipado, com 47 mortes; e 440 casos e 48 \u00f3bitos por influenza B.<\/p>\n\n\n\n<p><em><strong>Fonte: <a href=\"https:\/\/www.saude.gov.br\/noticias\/agencia-saude\/46951-cerca-de-27-7-milhoes-de-pessoas-ainda-nao-se-vacinaram\">Minist\u00e9rio da Sa\u00fade<\/a><\/strong><\/em><\/p>\n","protected":false},"excerpt":{"rendered":"<p>At\u00e9 o dia 05 de junho acontece a terceira e \u00faltima fase da Campanha Nacional de Vacina\u00e7\u00e3o contra a Gripe. Apenas 23,22% de 36,1 milh\u00f5es de pessoas do p\u00fablico priorit\u00e1rio receberam a vacina A terceira e \u00faltima fase da Campanha Nacional de Vacina\u00e7\u00e3o contra a Gripe se encerra no dia 5 de junho em todo [&hellip;]<\/p>\n","protected":false},"author":2,"featured_media":5048,"comment_status":"open","ping_status":"open","sticky":false,"template":"","format":"standard","meta":{"footnotes":""},"categories":[11],"tags":[3012,670,3013,850,3014,563],"class_list":["post-5047","post","type-post","status-publish","format-standard","has-post-thumbnail","hentry","category-saude","tag-campanha-nacional-de-vacinacao-contra-a-gripe","tag-criancas","tag-gestantes","tag-idosos","tag-puerperas","tag-vacina"],"yoast_head":"<!-- This site is optimized with the Yoast SEO plugin v26.5 - https:\/\/yoast.com\/wordpress\/plugins\/seo\/ -->\n<title>Cerca de 27,7 milh\u00f5es de pessoas ainda n\u00e3o se vacinaram - Jornal Fatos e Not\u00edcias<\/title>\n<meta name=\"robots\" content=\"index, follow, max-snippet:-1, max-image-preview:large, max-video-preview:-1\" \/>\n<link rel=\"canonical\" href=\"https:\/\/jornalfatosenoticias.com.br\/index.php\/2020\/05\/29\/cerca-de-277-milhoes-de-pessoas-ainda-nao-se-vacinaram\/\" \/>\n<meta property=\"og:locale\" content=\"pt_BR\" \/>\n<meta property=\"og:type\" content=\"article\" \/>\n<meta property=\"og:title\" content=\"Cerca de 27,7 milh\u00f5es de pessoas ainda n\u00e3o se vacinaram - Jornal Fatos e Not\u00edcias\" \/>\n<meta property=\"og:description\" content=\"At\u00e9 o dia 05 de junho acontece a terceira e \u00faltima fase da Campanha Nacional de Vacina\u00e7\u00e3o contra a Gripe. Apenas 23,22% de 36,1 milh\u00f5es de pessoas do p\u00fablico priorit\u00e1rio receberam a vacina A terceira e \u00faltima fase da Campanha Nacional de Vacina\u00e7\u00e3o contra a Gripe se encerra no dia 5 de junho em todo [&hellip;]\" \/>\n<meta property=\"og:url\" content=\"https:\/\/jornalfatosenoticias.com.br\/index.php\/2020\/05\/29\/cerca-de-277-milhoes-de-pessoas-ainda-nao-se-vacinaram\/\" \/>\n<meta property=\"og:site_name\" content=\"Jornal Fatos e Not\u00edcias\" \/>\n<meta property=\"article:published_time\" content=\"2020-05-29T16:38:54+00:00\" \/>\n<meta property=\"article:modified_time\" content=\"2020-05-29T16:39:00+00:00\" \/>\n<meta property=\"og:image\" content=\"https:\/\/jornalfatosenoticias.com.br\/wp-content\/uploads\/2020\/05\/vacina\u00e7\u00e3o-gripe.png\" \/>\n\t<meta property=\"og:image:width\" content=\"980\" \/>\n\t<meta property=\"og:image:height\" content=\"544\" \/>\n\t<meta property=\"og:image:type\" content=\"image\/png\" \/>\n<meta name=\"author\" content=\"Luzimara Fernandes\" \/>\n<meta name=\"twitter:card\" content=\"summary_large_image\" \/>\n<meta name=\"twitter:label1\" content=\"Escrito por\" \/>\n\t<meta name=\"twitter:data1\" content=\"Luzimara Fernandes\" \/>\n\t<meta name=\"twitter:label2\" content=\"Est. tempo de leitura\" \/>\n\t<meta name=\"twitter:data2\" content=\"3 minutos\" \/>\n<script type=\"application\/ld+json\" class=\"yoast-schema-graph\">{\"@context\":\"https:\/\/schema.org\",\"@graph\":[{\"@type\":\"Article\",\"@id\":\"https:\/\/jornalfatosenoticias.com.br\/index.php\/2020\/05\/29\/cerca-de-277-milhoes-de-pessoas-ainda-nao-se-vacinaram\/#article\",\"isPartOf\":{\"@id\":\"https:\/\/jornalfatosenoticias.com.br\/index.php\/2020\/05\/29\/cerca-de-277-milhoes-de-pessoas-ainda-nao-se-vacinaram\/\"},\"author\":{\"name\":\"Luzimara Fernandes\",\"@id\":\"https:\/\/jornalfatosenoticias.com.br\/#\/schema\/person\/d63837fa13ac8666eb9e74e0985d6f81\"},\"headline\":\"Cerca de 27,7 milh\u00f5es de pessoas ainda n\u00e3o se vacinaram\",\"datePublished\":\"2020-05-29T16:38:54+00:00\",\"dateModified\":\"2020-05-29T16:39:00+00:00\",\"mainEntityOfPage\":{\"@id\":\"https:\/\/jornalfatosenoticias.com.br\/index.php\/2020\/05\/29\/cerca-de-277-milhoes-de-pessoas-ainda-nao-se-vacinaram\/\"},\"wordCount\":649,\"commentCount\":0,\"publisher\":{\"@id\":\"https:\/\/jornalfatosenoticias.com.br\/#organization\"},\"image\":{\"@id\":\"https:\/\/jornalfatosenoticias.com.br\/index.php\/2020\/05\/29\/cerca-de-277-milhoes-de-pessoas-ainda-nao-se-vacinaram\/#primaryimage\"},\"thumbnailUrl\":\"https:\/\/jornalfatosenoticias.com.br\/wp-content\/uploads\/2020\/05\/vacina\u00e7\u00e3o-gripe.png\",\"keywords\":[\"Campanha Nacional de Vacina\u00e7\u00e3o contra a Gripe\",\"crian\u00e7as\",\"gestantes\",\"idosos\",\"pu\u00e9rperas\",\"vacina\"],\"articleSection\":[\"Sa\u00fade\"],\"inLanguage\":\"pt-BR\",\"potentialAction\":[{\"@type\":\"CommentAction\",\"name\":\"Comment\",\"target\":[\"https:\/\/jornalfatosenoticias.com.br\/index.php\/2020\/05\/29\/cerca-de-277-milhoes-de-pessoas-ainda-nao-se-vacinaram\/#respond\"]}]},{\"@type\":\"WebPage\",\"@id\":\"https:\/\/jornalfatosenoticias.com.br\/index.php\/2020\/05\/29\/cerca-de-277-milhoes-de-pessoas-ainda-nao-se-vacinaram\/\",\"url\":\"https:\/\/jornalfatosenoticias.com.br\/index.php\/2020\/05\/29\/cerca-de-277-milhoes-de-pessoas-ainda-nao-se-vacinaram\/\",\"name\":\"Cerca de 27,7 milh\u00f5es de pessoas ainda n\u00e3o se vacinaram - Jornal Fatos e Not\u00edcias\",\"isPartOf\":{\"@id\":\"https:\/\/jornalfatosenoticias.com.br\/#website\"},\"primaryImageOfPage\":{\"@id\":\"https:\/\/jornalfatosenoticias.com.br\/index.php\/2020\/05\/29\/cerca-de-277-milhoes-de-pessoas-ainda-nao-se-vacinaram\/#primaryimage\"},\"image\":{\"@id\":\"https:\/\/jornalfatosenoticias.com.br\/index.php\/2020\/05\/29\/cerca-de-277-milhoes-de-pessoas-ainda-nao-se-vacinaram\/#primaryimage\"},\"thumbnailUrl\":\"https:\/\/jornalfatosenoticias.com.br\/wp-content\/uploads\/2020\/05\/vacina\u00e7\u00e3o-gripe.png\",\"datePublished\":\"2020-05-29T16:38:54+00:00\",\"dateModified\":\"2020-05-29T16:39:00+00:00\",\"breadcrumb\":{\"@id\":\"https:\/\/jornalfatosenoticias.com.br\/index.php\/2020\/05\/29\/cerca-de-277-milhoes-de-pessoas-ainda-nao-se-vacinaram\/#breadcrumb\"},\"inLanguage\":\"pt-BR\",\"potentialAction\":[{\"@type\":\"ReadAction\",\"target\":[\"https:\/\/jornalfatosenoticias.com.br\/index.php\/2020\/05\/29\/cerca-de-277-milhoes-de-pessoas-ainda-nao-se-vacinaram\/\"]}]},{\"@type\":\"ImageObject\",\"inLanguage\":\"pt-BR\",\"@id\":\"https:\/\/jornalfatosenoticias.com.br\/index.php\/2020\/05\/29\/cerca-de-277-milhoes-de-pessoas-ainda-nao-se-vacinaram\/#primaryimage\",\"url\":\"https:\/\/jornalfatosenoticias.com.br\/wp-content\/uploads\/2020\/05\/vacina\u00e7\u00e3o-gripe.png\",\"contentUrl\":\"https:\/\/jornalfatosenoticias.com.br\/wp-content\/uploads\/2020\/05\/vacina\u00e7\u00e3o-gripe.png\",\"width\":980,\"height\":544},{\"@type\":\"BreadcrumbList\",\"@id\":\"https:\/\/jornalfatosenoticias.com.br\/index.php\/2020\/05\/29\/cerca-de-277-milhoes-de-pessoas-ainda-nao-se-vacinaram\/#breadcrumb\",\"itemListElement\":[{\"@type\":\"ListItem\",\"position\":1,\"name\":\"In\u00edcio\",\"item\":\"https:\/\/jornalfatosenoticias.com.br\/\"},{\"@type\":\"ListItem\",\"position\":2,\"name\":\"Cerca de 27,7 milh\u00f5es de pessoas ainda n\u00e3o se vacinaram\"}]},{\"@type\":\"WebSite\",\"@id\":\"https:\/\/jornalfatosenoticias.com.br\/#website\",\"url\":\"https:\/\/jornalfatosenoticias.com.br\/\",\"name\":\"Jornal Fatos e Not\u00edcias\",\"description\":\"Not\u00edcias em geral\",\"publisher\":{\"@id\":\"https:\/\/jornalfatosenoticias.com.br\/#organization\"},\"potentialAction\":[{\"@type\":\"SearchAction\",\"target\":{\"@type\":\"EntryPoint\",\"urlTemplate\":\"https:\/\/jornalfatosenoticias.com.br\/?s={search_term_string}\"},\"query-input\":{\"@type\":\"PropertyValueSpecification\",\"valueRequired\":true,\"valueName\":\"search_term_string\"}}],\"inLanguage\":\"pt-BR\"},{\"@type\":\"Organization\",\"@id\":\"https:\/\/jornalfatosenoticias.com.br\/#organization\",\"name\":\"Jornal Fatos e Not\u00edcias\",\"url\":\"https:\/\/jornalfatosenoticias.com.br\/\",\"logo\":{\"@type\":\"ImageObject\",\"inLanguage\":\"pt-BR\",\"@id\":\"https:\/\/jornalfatosenoticias.com.br\/#\/schema\/logo\/image\/\",\"url\":\"https:\/\/jornalfatosenoticias.com.br\/wp-content\/uploads\/2020\/02\/logo120.png\",\"contentUrl\":\"https:\/\/jornalfatosenoticias.com.br\/wp-content\/uploads\/2020\/02\/logo120.png\",\"width\":1227,\"height\":120,\"caption\":\"Jornal Fatos e Not\u00edcias\"},\"image\":{\"@id\":\"https:\/\/jornalfatosenoticias.com.br\/#\/schema\/logo\/image\/\"}},{\"@type\":\"Person\",\"@id\":\"https:\/\/jornalfatosenoticias.com.br\/#\/schema\/person\/d63837fa13ac8666eb9e74e0985d6f81\",\"name\":\"Luzimara Fernandes\",\"image\":{\"@type\":\"ImageObject\",\"inLanguage\":\"pt-BR\",\"@id\":\"https:\/\/jornalfatosenoticias.com.br\/#\/schema\/person\/image\/\",\"url\":\"https:\/\/jornalfatosenoticias.com.br\/wp-content\/uploads\/2025\/05\/EU_portal.jpg\",\"contentUrl\":\"https:\/\/jornalfatosenoticias.com.br\/wp-content\/uploads\/2025\/05\/EU_portal.jpg\",\"caption\":\"Luzimara Fernandes\"},\"description\":\"Jornalista MTB 2358-ES\",\"sameAs\":[\"https:\/\/jornalfatosenoticias.com.br\"],\"url\":\"https:\/\/jornalfatosenoticias.com.br\/index.php\/author\/luzimara\/\"}]}<\/script>\n<!-- \/ Yoast SEO plugin. -->","yoast_head_json":{"title":"Cerca de 27,7 milh\u00f5es de pessoas ainda n\u00e3o se vacinaram - Jornal Fatos e Not\u00edcias","robots":{"index":"index","follow":"follow","max-snippet":"max-snippet:-1","max-image-preview":"max-image-preview:large","max-video-preview":"max-video-preview:-1"},"canonical":"https:\/\/jornalfatosenoticias.com.br\/index.php\/2020\/05\/29\/cerca-de-277-milhoes-de-pessoas-ainda-nao-se-vacinaram\/","og_locale":"pt_BR","og_type":"article","og_title":"Cerca de 27,7 milh\u00f5es de pessoas ainda n\u00e3o se vacinaram - Jornal Fatos e Not\u00edcias","og_description":"At\u00e9 o dia 05 de junho acontece a terceira e \u00faltima fase da Campanha Nacional de Vacina\u00e7\u00e3o contra a Gripe. Apenas 23,22% de 36,1 milh\u00f5es de pessoas do p\u00fablico priorit\u00e1rio receberam a vacina A terceira e \u00faltima fase da Campanha Nacional de Vacina\u00e7\u00e3o contra a Gripe se encerra no dia 5 de junho em todo [&hellip;]","og_url":"https:\/\/jornalfatosenoticias.com.br\/index.php\/2020\/05\/29\/cerca-de-277-milhoes-de-pessoas-ainda-nao-se-vacinaram\/","og_site_name":"Jornal Fatos e Not\u00edcias","article_published_time":"2020-05-29T16:38:54+00:00","article_modified_time":"2020-05-29T16:39:00+00:00","og_image":[{"width":980,"height":544,"url":"https:\/\/jornalfatosenoticias.com.br\/wp-content\/uploads\/2020\/05\/vacina\u00e7\u00e3o-gripe.png","type":"image\/png"}],"author":"Luzimara Fernandes","twitter_card":"summary_large_image","twitter_misc":{"Escrito por":"Luzimara Fernandes","Est. tempo de leitura":"3 minutos"},"schema":{"@context":"https:\/\/schema.org","@graph":[{"@type":"Article","@id":"https:\/\/jornalfatosenoticias.com.br\/index.php\/2020\/05\/29\/cerca-de-277-milhoes-de-pessoas-ainda-nao-se-vacinaram\/#article","isPartOf":{"@id":"https:\/\/jornalfatosenoticias.com.br\/index.php\/2020\/05\/29\/cerca-de-277-milhoes-de-pessoas-ainda-nao-se-vacinaram\/"},"author":{"name":"Luzimara Fernandes","@id":"https:\/\/jornalfatosenoticias.com.br\/#\/schema\/person\/d63837fa13ac8666eb9e74e0985d6f81"},"headline":"Cerca de 27,7 milh\u00f5es de pessoas ainda n\u00e3o se vacinaram","datePublished":"2020-05-29T16:38:54+00:00","dateModified":"2020-05-29T16:39:00+00:00","mainEntityOfPage":{"@id":"https:\/\/jornalfatosenoticias.com.br\/index.php\/2020\/05\/29\/cerca-de-277-milhoes-de-pessoas-ainda-nao-se-vacinaram\/"},"wordCount":649,"commentCount":0,"publisher":{"@id":"https:\/\/jornalfatosenoticias.com.br\/#organization"},"image":{"@id":"https:\/\/jornalfatosenoticias.com.br\/index.php\/2020\/05\/29\/cerca-de-277-milhoes-de-pessoas-ainda-nao-se-vacinaram\/#primaryimage"},"thumbnailUrl":"https:\/\/jornalfatosenoticias.com.br\/wp-content\/uploads\/2020\/05\/vacina\u00e7\u00e3o-gripe.png","keywords":["Campanha Nacional de Vacina\u00e7\u00e3o contra a Gripe","crian\u00e7as","gestantes","idosos","pu\u00e9rperas","vacina"],"articleSection":["Sa\u00fade"],"inLanguage":"pt-BR","potentialAction":[{"@type":"CommentAction","name":"Comment","target":["https:\/\/jornalfatosenoticias.com.br\/index.php\/2020\/05\/29\/cerca-de-277-milhoes-de-pessoas-ainda-nao-se-vacinaram\/#respond"]}]},{"@type":"WebPage","@id":"https:\/\/jornalfatosenoticias.com.br\/index.php\/2020\/05\/29\/cerca-de-277-milhoes-de-pessoas-ainda-nao-se-vacinaram\/","url":"https:\/\/jornalfatosenoticias.com.br\/index.php\/2020\/05\/29\/cerca-de-277-milhoes-de-pessoas-ainda-nao-se-vacinaram\/","name":"Cerca de 27,7 milh\u00f5es de pessoas ainda n\u00e3o se vacinaram - Jornal Fatos e Not\u00edcias","isPartOf":{"@id":"https:\/\/jornalfatosenoticias.com.br\/#website"},"primaryImageOfPage":{"@id":"https:\/\/jornalfatosenoticias.com.br\/index.php\/2020\/05\/29\/cerca-de-277-milhoes-de-pessoas-ainda-nao-se-vacinaram\/#primaryimage"},"image":{"@id":"https:\/\/jornalfatosenoticias.com.br\/index.php\/2020\/05\/29\/cerca-de-277-milhoes-de-pessoas-ainda-nao-se-vacinaram\/#primaryimage"},"thumbnailUrl":"https:\/\/jornalfatosenoticias.com.br\/wp-content\/uploads\/2020\/05\/vacina\u00e7\u00e3o-gripe.png","datePublished":"2020-05-29T16:38:54+00:00","dateModified":"2020-05-29T16:39:00+00:00","breadcrumb":{"@id":"https:\/\/jornalfatosenoticias.com.br\/index.php\/2020\/05\/29\/cerca-de-277-milhoes-de-pessoas-ainda-nao-se-vacinaram\/#breadcrumb"},"inLanguage":"pt-BR","potentialAction":[{"@type":"ReadAction","target":["https:\/\/jornalfatosenoticias.com.br\/index.php\/2020\/05\/29\/cerca-de-277-milhoes-de-pessoas-ainda-nao-se-vacinaram\/"]}]},{"@type":"ImageObject","inLanguage":"pt-BR","@id":"https:\/\/jornalfatosenoticias.com.br\/index.php\/2020\/05\/29\/cerca-de-277-milhoes-de-pessoas-ainda-nao-se-vacinaram\/#primaryimage","url":"https:\/\/jornalfatosenoticias.com.br\/wp-content\/uploads\/2020\/05\/vacina\u00e7\u00e3o-gripe.png","contentUrl":"https:\/\/jornalfatosenoticias.com.br\/wp-content\/uploads\/2020\/05\/vacina\u00e7\u00e3o-gripe.png","width":980,"height":544},{"@type":"BreadcrumbList","@id":"https:\/\/jornalfatosenoticias.com.br\/index.php\/2020\/05\/29\/cerca-de-277-milhoes-de-pessoas-ainda-nao-se-vacinaram\/#breadcrumb","itemListElement":[{"@type":"ListItem","position":1,"name":"In\u00edcio","item":"https:\/\/jornalfatosenoticias.com.br\/"},{"@type":"ListItem","position":2,"name":"Cerca de 27,7 milh\u00f5es de pessoas ainda n\u00e3o se vacinaram"}]},{"@type":"WebSite","@id":"https:\/\/jornalfatosenoticias.com.br\/#website","url":"https:\/\/jornalfatosenoticias.com.br\/","name":"Jornal Fatos e Not\u00edcias","description":"Not\u00edcias em geral","publisher":{"@id":"https:\/\/jornalfatosenoticias.com.br\/#organization"},"potentialAction":[{"@type":"SearchAction","target":{"@type":"EntryPoint","urlTemplate":"https:\/\/jornalfatosenoticias.com.br\/?s={search_term_string}"},"query-input":{"@type":"PropertyValueSpecification","valueRequired":true,"valueName":"search_term_string"}}],"inLanguage":"pt-BR"},{"@type":"Organization","@id":"https:\/\/jornalfatosenoticias.com.br\/#organization","name":"Jornal Fatos e Not\u00edcias","url":"https:\/\/jornalfatosenoticias.com.br\/","logo":{"@type":"ImageObject","inLanguage":"pt-BR","@id":"https:\/\/jornalfatosenoticias.com.br\/#\/schema\/logo\/image\/","url":"https:\/\/jornalfatosenoticias.com.br\/wp-content\/uploads\/2020\/02\/logo120.png","contentUrl":"https:\/\/jornalfatosenoticias.com.br\/wp-content\/uploads\/2020\/02\/logo120.png","width":1227,"height":120,"caption":"Jornal Fatos e Not\u00edcias"},"image":{"@id":"https:\/\/jornalfatosenoticias.com.br\/#\/schema\/logo\/image\/"}},{"@type":"Person","@id":"https:\/\/jornalfatosenoticias.com.br\/#\/schema\/person\/d63837fa13ac8666eb9e74e0985d6f81","name":"Luzimara Fernandes","image":{"@type":"ImageObject","inLanguage":"pt-BR","@id":"https:\/\/jornalfatosenoticias.com.br\/#\/schema\/person\/image\/","url":"https:\/\/jornalfatosenoticias.com.br\/wp-content\/uploads\/2025\/05\/EU_portal.jpg","contentUrl":"https:\/\/jornalfatosenoticias.com.br\/wp-content\/uploads\/2025\/05\/EU_portal.jpg","caption":"Luzimara Fernandes"},"description":"Jornalista MTB 2358-ES","sameAs":["https:\/\/jornalfatosenoticias.com.br"],"url":"https:\/\/jornalfatosenoticias.com.br\/index.php\/author\/luzimara\/"}]}},"cc_featured_image_caption":{"caption_text":"(Foto: Arquivo\/Reprodu\u00e7\u00e3o)","source_text":"","source_url":""},"jetpack_featured_media_url":"https:\/\/jornalfatosenoticias.com.br\/wp-content\/uploads\/2020\/05\/vacina\u00e7\u00e3o-gripe.png","_links":{"self":[{"href":"https:\/\/jornalfatosenoticias.com.br\/index.php\/wp-json\/wp\/v2\/posts\/5047","targetHints":{"allow":["GET"]}}],"collection":[{"href":"https:\/\/jornalfatosenoticias.com.br\/index.php\/wp-json\/wp\/v2\/posts"}],"about":[{"href":"https:\/\/jornalfatosenoticias.com.br\/index.php\/wp-json\/wp\/v2\/types\/post"}],"author":[{"embeddable":true,"href":"https:\/\/jornalfatosenoticias.com.br\/index.php\/wp-json\/wp\/v2\/users\/2"}],"replies":[{"embeddable":true,"href":"https:\/\/jornalfatosenoticias.com.br\/index.php\/wp-json\/wp\/v2\/comments?post=5047"}],"version-history":[{"count":0,"href":"https:\/\/jornalfatosenoticias.com.br\/index.php\/wp-json\/wp\/v2\/posts\/5047\/revisions"}],"wp:featuredmedia":[{"embeddable":true,"href":"https:\/\/jornalfatosenoticias.com.br\/index.php\/wp-json\/wp\/v2\/media\/5048"}],"wp:attachment":[{"href":"https:\/\/jornalfatosenoticias.com.br\/index.php\/wp-json\/wp\/v2\/media?parent=5047"}],"wp:term":[{"taxonomy":"category","embeddable":true,"href":"https:\/\/jornalfatosenoticias.com.br\/index.php\/wp-json\/wp\/v2\/categories?post=5047"},{"taxonomy":"post_tag","embeddable":true,"href":"https:\/\/jornalfatosenoticias.com.br\/index.php\/wp-json\/wp\/v2\/tags?post=5047"}],"curies":[{"name":"wp","href":"https:\/\/api.w.org\/{rel}","templated":true}]}}