{"id":50472,"date":"2024-04-09T09:56:56","date_gmt":"2024-04-09T12:56:56","guid":{"rendered":"https:\/\/jornalfatosenoticias.com.br\/?p=50472"},"modified":"2024-04-09T09:56:56","modified_gmt":"2024-04-09T12:56:56","slug":"novos-tratamentos-contra-bronquiolite-doenca-que-afeta-bebes","status":"publish","type":"post","link":"https:\/\/jornalfatosenoticias.com.br\/index.php\/2024\/04\/09\/novos-tratamentos-contra-bronquiolite-doenca-que-afeta-bebes\/","title":{"rendered":"Novos tratamentos contra bronquiolite, doen\u00e7a que afeta beb\u00eas"},"content":{"rendered":"\n<div class=\"wp-block-image\"><figure class=\"aligncenter size-large\"><img loading=\"lazy\" decoding=\"async\" width=\"729\" height=\"90\" src=\"https:\/\/jornalfatosenoticias.com.br\/wp-content\/uploads\/2020\/02\/Logo_Mizu.png\" alt=\"\" class=\"wp-image-1441\" srcset=\"https:\/\/jornalfatosenoticias.com.br\/wp-content\/uploads\/2020\/02\/Logo_Mizu.png 729w, https:\/\/jornalfatosenoticias.com.br\/wp-content\/uploads\/2020\/02\/Logo_Mizu-300x37.png 300w\" sizes=\"auto, (max-width: 729px) 100vw, 729px\" \/><\/figure><\/div>\n\n\n\n<p>Quem j\u00e1 lidou com beb\u00eas sofrendo com a bronquiolite, sabe como s\u00e3o bem-vindos os novos tratamentos que acabam de chegar ao Brasil. O Dr. Paulo Telles, pediatra, explica a inflama\u00e7\u00e3o dos bronqu\u00edolos pulmonares: \u201cQuando o beb\u00ea pega algum v\u00edrus, a inflama\u00e7\u00e3o aumenta a produ\u00e7\u00e3o de secre\u00e7\u00e3o, o que leva \u00e0 diminui\u00e7\u00e3o das vias respirat\u00f3rias, dificultando a respira\u00e7\u00e3o\u201d, resume o especialista.<br>Nas formas mais graves, a bronquiolite pode levar a interna\u00e7\u00f5es, sendo a principal causa entre beb\u00eas de at\u00e9 dois anos, como alerta a Dra. Anna Dominguez Bohn, pediatra. Veja detalhes sobre os novos tratamentos. De acordo com a Dra. Anna, a novidade rec\u00e9m-aprovada pela Anvisa \u00e9 a vacina Abrysvo. \u201cEla \u00e9 aplicada em dose \u00fanica durante a gesta\u00e7\u00e3o e previne contra o v\u00edrus VRS (principal motor da bronquiolite)\u201d, explica a m\u00e9dica.<\/p>\n\n\n\n<div class=\"wp-block-image\"><figure class=\"aligncenter size-large is-resized\"><img loading=\"lazy\" decoding=\"async\" src=\"https:\/\/jornalfatosenoticias.com.br\/wp-content\/uploads\/2023\/12\/pegoretti-logo-pdf-1024x389.jpg\" alt=\"\" class=\"wp-image-47536\" width=\"456\" height=\"173\" srcset=\"https:\/\/jornalfatosenoticias.com.br\/wp-content\/uploads\/2023\/12\/pegoretti-logo-pdf-1024x389.jpg 1024w, https:\/\/jornalfatosenoticias.com.br\/wp-content\/uploads\/2023\/12\/pegoretti-logo-pdf-300x114.jpg 300w, https:\/\/jornalfatosenoticias.com.br\/wp-content\/uploads\/2023\/12\/pegoretti-logo-pdf-768x291.jpg 768w, https:\/\/jornalfatosenoticias.com.br\/wp-content\/uploads\/2023\/12\/pegoretti-logo-pdf.jpg 1120w\" sizes=\"auto, (max-width: 456px) 100vw, 456px\" \/><\/figure><\/div>\n\n\n\n<p>Sendo assim, gestantes que estiverem com 32 a 36 semanas e seis dias entre dezembro e julho poder\u00e3o tomar a vacina para proteger os beb\u00eas que nascer\u00e3o na sazonalidade do v\u00edrus, de fevereiro a agosto. <\/p>\n\n\n\n<div class=\"wp-block-image\"><figure class=\"aligncenter size-large\"><img decoding=\"async\" src=\"https:\/\/jornalfatosenoticias.com.br\/wp-content\/uploads\/2020\/02\/logo_esteio.jpg\" alt=\"\" class=\"wp-image-1214\"\/><\/figure><\/div>\n\n\n\n<blockquote class=\"wp-block-quote is-layout-flow wp-block-quote-is-layout-flow\"><p><span class=\"has-inline-color has-luminous-vivid-orange-color\">A previs\u00e3o de chegada da vacina \u00e9 para o segundo semestre de 2024\u201d, avisa a m\u00e9dica. Al\u00e9m disso, outra medida de combate revelada pela Dra. Anna \u00e9 a imunoprofilaxia com anticorpo monoclonal para VRS, ministrado em dose \u00fanica a beb\u00eas que tiverem de zero a oito meses no per\u00edodo de sazonalidade. \u201cO \u2018Nirsevimab\u2019 tamb\u00e9m j\u00e1 \u00e9 aprovado pela Anvisa e deve chegar no segundo semestre\u201d.<\/span><\/p><\/blockquote>\n\n\n\n<div class=\"wp-block-image\"><figure class=\"aligncenter size-large is-resized\"><img loading=\"lazy\" decoding=\"async\" src=\"https:\/\/jornalfatosenoticias.com.br\/wp-content\/uploads\/2023\/03\/nova-logo-Marquetti.jpg\" alt=\"\" class=\"wp-image-40207\" width=\"314\" height=\"211\" srcset=\"https:\/\/jornalfatosenoticias.com.br\/wp-content\/uploads\/2023\/03\/nova-logo-Marquetti.jpg 643w, https:\/\/jornalfatosenoticias.com.br\/wp-content\/uploads\/2023\/03\/nova-logo-Marquetti-300x202.jpg 300w\" sizes=\"auto, (max-width: 314px) 100vw, 314px\" \/><\/figure><\/div>\n\n\n\n<p>Por fim, Dr. Telles refor\u00e7a a import\u00e2ncia de observar os sintomas. \u201cO grande risco \u00e9 porque o corpo aumenta a frequ\u00eancia das respira\u00e7\u00f5es para manter a oxigena\u00e7\u00e3o, mas esse esfor\u00e7o pode levar a fadiga muscular e insufici\u00eancia respirat\u00f3ria\u201d, detalha. Por isso, ele atenta ao per\u00edodo que vai do terceiro ao quinto dia: \u201c\u00c9 a\u00ed que a tosse pode piorar e a crian\u00e7a come\u00e7ar\u00e1 a respirar mais r\u00e1pido\u201d.<\/p>\n\n\n\n<div class=\"wp-block-image\"><figure class=\"aligncenter size-large\"><img loading=\"lazy\" decoding=\"async\" width=\"300\" height=\"250\" src=\"https:\/\/jornalfatosenoticias.com.br\/wp-content\/uploads\/2020\/02\/Banner-2.png\" alt=\"\" class=\"wp-image-43787\"\/><\/figure><\/div>\n\n\n\n<p><strong><span class=\"has-inline-color has-vivid-purple-color\">Sinais de que \u00e9 hora de ir ao hospital<br><\/span><\/strong>\u279c Esfor\u00e7o para cada respira\u00e7\u00e3o, como se tivesse corrido ou feito exerc\u00edcio, por exemplo;<br>\u279c Respira\u00e7\u00e3o muito acelerada, dificultando a fala ou choro;<br>\u279c Costelas puxando a cada respira\u00e7\u00e3o (chamadas de retra\u00e7\u00f5es);<br>\u279c Respira\u00e7\u00e3o com chiado ou barulho de assobio;<br>\u279c Respira\u00e7\u00e3o mais r\u00e1pida do que o normal, acima de 40 vezes por minuto;<br>\u279c L\u00e1bios ou o rosto azulados ou arroxeados;<br>\u279c Prostra\u00e7\u00e3o excessiva ou sinais de desidrata\u00e7\u00e3o.<\/p>\n\n\n\n<div class=\"wp-block-image\"><figure class=\"aligncenter size-large\"><img decoding=\"async\" src=\"https:\/\/jornalfatosenoticias.com.br\/wp-content\/uploads\/2020\/02\/barao-das-carnes-300x164-1.jpg\" alt=\"\" class=\"wp-image-34339\"\/><\/figure><\/div>\n\n\n\n<p><strong><em>Fonte: <a href=\"https:\/\/vitat.com.br\/novos-tratamentos-contra-bronquiolite\/\">Vitat<\/a><\/em><\/strong><\/p>\n","protected":false},"excerpt":{"rendered":"<p>Quem j\u00e1 lidou com beb\u00eas sofrendo com a bronquiolite, sabe como s\u00e3o bem-vindos os novos tratamentos que acabam de chegar ao Brasil. O Dr. Paulo Telles, pediatra, explica a inflama\u00e7\u00e3o dos bronqu\u00edolos pulmonares: \u201cQuando o beb\u00ea pega algum v\u00edrus, a inflama\u00e7\u00e3o aumenta a produ\u00e7\u00e3o de secre\u00e7\u00e3o, o que leva \u00e0 diminui\u00e7\u00e3o das vias respirat\u00f3rias, dificultando [&hellip;]<\/p>\n","protected":false},"author":2,"featured_media":50473,"comment_status":"open","ping_status":"open","sticky":false,"template":"","format":"standard","meta":{"footnotes":""},"categories":[11],"tags":[3214,19606,8274,915,74],"class_list":["post-50472","post","type-post","status-publish","format-standard","has-post-thumbnail","hentry","category-saude","tag-bebes","tag-bronquiolite","tag-bronquite","tag-doencas-respiratorias","tag-saude"],"yoast_head":"<!-- This site is optimized with the Yoast SEO plugin v26.5 - https:\/\/yoast.com\/wordpress\/plugins\/seo\/ -->\n<title>Novos tratamentos contra bronquiolite, doen\u00e7a que afeta beb\u00eas - Jornal Fatos e Not\u00edcias<\/title>\n<meta name=\"robots\" content=\"index, follow, max-snippet:-1, max-image-preview:large, max-video-preview:-1\" \/>\n<link rel=\"canonical\" href=\"https:\/\/jornalfatosenoticias.com.br\/index.php\/2024\/04\/09\/novos-tratamentos-contra-bronquiolite-doenca-que-afeta-bebes\/\" \/>\n<meta property=\"og:locale\" content=\"pt_BR\" \/>\n<meta property=\"og:type\" content=\"article\" \/>\n<meta property=\"og:title\" content=\"Novos tratamentos contra bronquiolite, doen\u00e7a que afeta beb\u00eas - Jornal Fatos e Not\u00edcias\" \/>\n<meta property=\"og:description\" content=\"Quem j\u00e1 lidou com beb\u00eas sofrendo com a bronquiolite, sabe como s\u00e3o bem-vindos os novos tratamentos que acabam de chegar ao Brasil. O Dr. Paulo Telles, pediatra, explica a inflama\u00e7\u00e3o dos bronqu\u00edolos pulmonares: \u201cQuando o beb\u00ea pega algum v\u00edrus, a inflama\u00e7\u00e3o aumenta a produ\u00e7\u00e3o de secre\u00e7\u00e3o, o que leva \u00e0 diminui\u00e7\u00e3o das vias respirat\u00f3rias, dificultando [&hellip;]\" \/>\n<meta property=\"og:url\" content=\"https:\/\/jornalfatosenoticias.com.br\/index.php\/2024\/04\/09\/novos-tratamentos-contra-bronquiolite-doenca-que-afeta-bebes\/\" \/>\n<meta property=\"og:site_name\" content=\"Jornal Fatos e Not\u00edcias\" \/>\n<meta property=\"article:published_time\" content=\"2024-04-09T12:56:56+00:00\" \/>\n<meta property=\"og:image\" content=\"https:\/\/jornalfatosenoticias.com.br\/wp-content\/uploads\/2024\/04\/bronquiolite-doenca-que-afeta-bebes_istock.jpg\" \/>\n\t<meta property=\"og:image:width\" content=\"612\" \/>\n\t<meta property=\"og:image:height\" content=\"408\" \/>\n\t<meta property=\"og:image:type\" content=\"image\/jpeg\" \/>\n<meta name=\"author\" content=\"Luzimara Fernandes\" \/>\n<meta name=\"twitter:card\" content=\"summary_large_image\" \/>\n<meta name=\"twitter:label1\" content=\"Escrito por\" \/>\n\t<meta name=\"twitter:data1\" content=\"Luzimara Fernandes\" \/>\n\t<meta name=\"twitter:label2\" content=\"Est. tempo de leitura\" \/>\n\t<meta name=\"twitter:data2\" content=\"2 minutos\" \/>\n<script type=\"application\/ld+json\" class=\"yoast-schema-graph\">{\"@context\":\"https:\/\/schema.org\",\"@graph\":[{\"@type\":\"Article\",\"@id\":\"https:\/\/jornalfatosenoticias.com.br\/index.php\/2024\/04\/09\/novos-tratamentos-contra-bronquiolite-doenca-que-afeta-bebes\/#article\",\"isPartOf\":{\"@id\":\"https:\/\/jornalfatosenoticias.com.br\/index.php\/2024\/04\/09\/novos-tratamentos-contra-bronquiolite-doenca-que-afeta-bebes\/\"},\"author\":{\"name\":\"Luzimara Fernandes\",\"@id\":\"https:\/\/jornalfatosenoticias.com.br\/#\/schema\/person\/d63837fa13ac8666eb9e74e0985d6f81\"},\"headline\":\"Novos tratamentos contra bronquiolite, doen\u00e7a que afeta beb\u00eas\",\"datePublished\":\"2024-04-09T12:56:56+00:00\",\"mainEntityOfPage\":{\"@id\":\"https:\/\/jornalfatosenoticias.com.br\/index.php\/2024\/04\/09\/novos-tratamentos-contra-bronquiolite-doenca-que-afeta-bebes\/\"},\"wordCount\":419,\"commentCount\":0,\"publisher\":{\"@id\":\"https:\/\/jornalfatosenoticias.com.br\/#organization\"},\"image\":{\"@id\":\"https:\/\/jornalfatosenoticias.com.br\/index.php\/2024\/04\/09\/novos-tratamentos-contra-bronquiolite-doenca-que-afeta-bebes\/#primaryimage\"},\"thumbnailUrl\":\"https:\/\/jornalfatosenoticias.com.br\/wp-content\/uploads\/2024\/04\/bronquiolite-doenca-que-afeta-bebes_istock.jpg\",\"keywords\":[\"beb\u00eas\",\"bronquiolite\",\"bronquite\",\"doen\u00e7as respirat\u00f3rias\",\"sa\u00fade\"],\"articleSection\":[\"Sa\u00fade\"],\"inLanguage\":\"pt-BR\",\"potentialAction\":[{\"@type\":\"CommentAction\",\"name\":\"Comment\",\"target\":[\"https:\/\/jornalfatosenoticias.com.br\/index.php\/2024\/04\/09\/novos-tratamentos-contra-bronquiolite-doenca-que-afeta-bebes\/#respond\"]}]},{\"@type\":\"WebPage\",\"@id\":\"https:\/\/jornalfatosenoticias.com.br\/index.php\/2024\/04\/09\/novos-tratamentos-contra-bronquiolite-doenca-que-afeta-bebes\/\",\"url\":\"https:\/\/jornalfatosenoticias.com.br\/index.php\/2024\/04\/09\/novos-tratamentos-contra-bronquiolite-doenca-que-afeta-bebes\/\",\"name\":\"Novos tratamentos contra bronquiolite, doen\u00e7a que afeta beb\u00eas - Jornal Fatos e Not\u00edcias\",\"isPartOf\":{\"@id\":\"https:\/\/jornalfatosenoticias.com.br\/#website\"},\"primaryImageOfPage\":{\"@id\":\"https:\/\/jornalfatosenoticias.com.br\/index.php\/2024\/04\/09\/novos-tratamentos-contra-bronquiolite-doenca-que-afeta-bebes\/#primaryimage\"},\"image\":{\"@id\":\"https:\/\/jornalfatosenoticias.com.br\/index.php\/2024\/04\/09\/novos-tratamentos-contra-bronquiolite-doenca-que-afeta-bebes\/#primaryimage\"},\"thumbnailUrl\":\"https:\/\/jornalfatosenoticias.com.br\/wp-content\/uploads\/2024\/04\/bronquiolite-doenca-que-afeta-bebes_istock.jpg\",\"datePublished\":\"2024-04-09T12:56:56+00:00\",\"breadcrumb\":{\"@id\":\"https:\/\/jornalfatosenoticias.com.br\/index.php\/2024\/04\/09\/novos-tratamentos-contra-bronquiolite-doenca-que-afeta-bebes\/#breadcrumb\"},\"inLanguage\":\"pt-BR\",\"potentialAction\":[{\"@type\":\"ReadAction\",\"target\":[\"https:\/\/jornalfatosenoticias.com.br\/index.php\/2024\/04\/09\/novos-tratamentos-contra-bronquiolite-doenca-que-afeta-bebes\/\"]}]},{\"@type\":\"ImageObject\",\"inLanguage\":\"pt-BR\",\"@id\":\"https:\/\/jornalfatosenoticias.com.br\/index.php\/2024\/04\/09\/novos-tratamentos-contra-bronquiolite-doenca-que-afeta-bebes\/#primaryimage\",\"url\":\"https:\/\/jornalfatosenoticias.com.br\/wp-content\/uploads\/2024\/04\/bronquiolite-doenca-que-afeta-bebes_istock.jpg\",\"contentUrl\":\"https:\/\/jornalfatosenoticias.com.br\/wp-content\/uploads\/2024\/04\/bronquiolite-doenca-que-afeta-bebes_istock.jpg\",\"width\":612,\"height\":408,\"caption\":\"A toddler being given a dose of her asthma inhaler with a spacer\"},{\"@type\":\"BreadcrumbList\",\"@id\":\"https:\/\/jornalfatosenoticias.com.br\/index.php\/2024\/04\/09\/novos-tratamentos-contra-bronquiolite-doenca-que-afeta-bebes\/#breadcrumb\",\"itemListElement\":[{\"@type\":\"ListItem\",\"position\":1,\"name\":\"In\u00edcio\",\"item\":\"https:\/\/jornalfatosenoticias.com.br\/\"},{\"@type\":\"ListItem\",\"position\":2,\"name\":\"Novos tratamentos contra bronquiolite, doen\u00e7a que afeta beb\u00eas\"}]},{\"@type\":\"WebSite\",\"@id\":\"https:\/\/jornalfatosenoticias.com.br\/#website\",\"url\":\"https:\/\/jornalfatosenoticias.com.br\/\",\"name\":\"Jornal Fatos e Not\u00edcias\",\"description\":\"Not\u00edcias em geral\",\"publisher\":{\"@id\":\"https:\/\/jornalfatosenoticias.com.br\/#organization\"},\"potentialAction\":[{\"@type\":\"SearchAction\",\"target\":{\"@type\":\"EntryPoint\",\"urlTemplate\":\"https:\/\/jornalfatosenoticias.com.br\/?s={search_term_string}\"},\"query-input\":{\"@type\":\"PropertyValueSpecification\",\"valueRequired\":true,\"valueName\":\"search_term_string\"}}],\"inLanguage\":\"pt-BR\"},{\"@type\":\"Organization\",\"@id\":\"https:\/\/jornalfatosenoticias.com.br\/#organization\",\"name\":\"Jornal Fatos e Not\u00edcias\",\"url\":\"https:\/\/jornalfatosenoticias.com.br\/\",\"logo\":{\"@type\":\"ImageObject\",\"inLanguage\":\"pt-BR\",\"@id\":\"https:\/\/jornalfatosenoticias.com.br\/#\/schema\/logo\/image\/\",\"url\":\"https:\/\/jornalfatosenoticias.com.br\/wp-content\/uploads\/2020\/02\/logo120.png\",\"contentUrl\":\"https:\/\/jornalfatosenoticias.com.br\/wp-content\/uploads\/2020\/02\/logo120.png\",\"width\":1227,\"height\":120,\"caption\":\"Jornal Fatos e Not\u00edcias\"},\"image\":{\"@id\":\"https:\/\/jornalfatosenoticias.com.br\/#\/schema\/logo\/image\/\"}},{\"@type\":\"Person\",\"@id\":\"https:\/\/jornalfatosenoticias.com.br\/#\/schema\/person\/d63837fa13ac8666eb9e74e0985d6f81\",\"name\":\"Luzimara Fernandes\",\"image\":{\"@type\":\"ImageObject\",\"inLanguage\":\"pt-BR\",\"@id\":\"https:\/\/jornalfatosenoticias.com.br\/#\/schema\/person\/image\/\",\"url\":\"https:\/\/jornalfatosenoticias.com.br\/wp-content\/uploads\/2025\/05\/EU_portal.jpg\",\"contentUrl\":\"https:\/\/jornalfatosenoticias.com.br\/wp-content\/uploads\/2025\/05\/EU_portal.jpg\",\"caption\":\"Luzimara Fernandes\"},\"description\":\"Jornalista MTB 2358-ES\",\"sameAs\":[\"https:\/\/jornalfatosenoticias.com.br\"],\"url\":\"https:\/\/jornalfatosenoticias.com.br\/index.php\/author\/luzimara\/\"}]}<\/script>\n<!-- \/ Yoast SEO plugin. -->","yoast_head_json":{"title":"Novos tratamentos contra bronquiolite, doen\u00e7a que afeta beb\u00eas - Jornal Fatos e Not\u00edcias","robots":{"index":"index","follow":"follow","max-snippet":"max-snippet:-1","max-image-preview":"max-image-preview:large","max-video-preview":"max-video-preview:-1"},"canonical":"https:\/\/jornalfatosenoticias.com.br\/index.php\/2024\/04\/09\/novos-tratamentos-contra-bronquiolite-doenca-que-afeta-bebes\/","og_locale":"pt_BR","og_type":"article","og_title":"Novos tratamentos contra bronquiolite, doen\u00e7a que afeta beb\u00eas - Jornal Fatos e Not\u00edcias","og_description":"Quem j\u00e1 lidou com beb\u00eas sofrendo com a bronquiolite, sabe como s\u00e3o bem-vindos os novos tratamentos que acabam de chegar ao Brasil. O Dr. Paulo Telles, pediatra, explica a inflama\u00e7\u00e3o dos bronqu\u00edolos pulmonares: \u201cQuando o beb\u00ea pega algum v\u00edrus, a inflama\u00e7\u00e3o aumenta a produ\u00e7\u00e3o de secre\u00e7\u00e3o, o que leva \u00e0 diminui\u00e7\u00e3o das vias respirat\u00f3rias, dificultando [&hellip;]","og_url":"https:\/\/jornalfatosenoticias.com.br\/index.php\/2024\/04\/09\/novos-tratamentos-contra-bronquiolite-doenca-que-afeta-bebes\/","og_site_name":"Jornal Fatos e Not\u00edcias","article_published_time":"2024-04-09T12:56:56+00:00","og_image":[{"width":612,"height":408,"url":"https:\/\/jornalfatosenoticias.com.br\/wp-content\/uploads\/2024\/04\/bronquiolite-doenca-que-afeta-bebes_istock.jpg","type":"image\/jpeg"}],"author":"Luzimara Fernandes","twitter_card":"summary_large_image","twitter_misc":{"Escrito por":"Luzimara Fernandes","Est. tempo de leitura":"2 minutos"},"schema":{"@context":"https:\/\/schema.org","@graph":[{"@type":"Article","@id":"https:\/\/jornalfatosenoticias.com.br\/index.php\/2024\/04\/09\/novos-tratamentos-contra-bronquiolite-doenca-que-afeta-bebes\/#article","isPartOf":{"@id":"https:\/\/jornalfatosenoticias.com.br\/index.php\/2024\/04\/09\/novos-tratamentos-contra-bronquiolite-doenca-que-afeta-bebes\/"},"author":{"name":"Luzimara Fernandes","@id":"https:\/\/jornalfatosenoticias.com.br\/#\/schema\/person\/d63837fa13ac8666eb9e74e0985d6f81"},"headline":"Novos tratamentos contra bronquiolite, doen\u00e7a que afeta beb\u00eas","datePublished":"2024-04-09T12:56:56+00:00","mainEntityOfPage":{"@id":"https:\/\/jornalfatosenoticias.com.br\/index.php\/2024\/04\/09\/novos-tratamentos-contra-bronquiolite-doenca-que-afeta-bebes\/"},"wordCount":419,"commentCount":0,"publisher":{"@id":"https:\/\/jornalfatosenoticias.com.br\/#organization"},"image":{"@id":"https:\/\/jornalfatosenoticias.com.br\/index.php\/2024\/04\/09\/novos-tratamentos-contra-bronquiolite-doenca-que-afeta-bebes\/#primaryimage"},"thumbnailUrl":"https:\/\/jornalfatosenoticias.com.br\/wp-content\/uploads\/2024\/04\/bronquiolite-doenca-que-afeta-bebes_istock.jpg","keywords":["beb\u00eas","bronquiolite","bronquite","doen\u00e7as respirat\u00f3rias","sa\u00fade"],"articleSection":["Sa\u00fade"],"inLanguage":"pt-BR","potentialAction":[{"@type":"CommentAction","name":"Comment","target":["https:\/\/jornalfatosenoticias.com.br\/index.php\/2024\/04\/09\/novos-tratamentos-contra-bronquiolite-doenca-que-afeta-bebes\/#respond"]}]},{"@type":"WebPage","@id":"https:\/\/jornalfatosenoticias.com.br\/index.php\/2024\/04\/09\/novos-tratamentos-contra-bronquiolite-doenca-que-afeta-bebes\/","url":"https:\/\/jornalfatosenoticias.com.br\/index.php\/2024\/04\/09\/novos-tratamentos-contra-bronquiolite-doenca-que-afeta-bebes\/","name":"Novos tratamentos contra bronquiolite, doen\u00e7a que afeta beb\u00eas - Jornal Fatos e Not\u00edcias","isPartOf":{"@id":"https:\/\/jornalfatosenoticias.com.br\/#website"},"primaryImageOfPage":{"@id":"https:\/\/jornalfatosenoticias.com.br\/index.php\/2024\/04\/09\/novos-tratamentos-contra-bronquiolite-doenca-que-afeta-bebes\/#primaryimage"},"image":{"@id":"https:\/\/jornalfatosenoticias.com.br\/index.php\/2024\/04\/09\/novos-tratamentos-contra-bronquiolite-doenca-que-afeta-bebes\/#primaryimage"},"thumbnailUrl":"https:\/\/jornalfatosenoticias.com.br\/wp-content\/uploads\/2024\/04\/bronquiolite-doenca-que-afeta-bebes_istock.jpg","datePublished":"2024-04-09T12:56:56+00:00","breadcrumb":{"@id":"https:\/\/jornalfatosenoticias.com.br\/index.php\/2024\/04\/09\/novos-tratamentos-contra-bronquiolite-doenca-que-afeta-bebes\/#breadcrumb"},"inLanguage":"pt-BR","potentialAction":[{"@type":"ReadAction","target":["https:\/\/jornalfatosenoticias.com.br\/index.php\/2024\/04\/09\/novos-tratamentos-contra-bronquiolite-doenca-que-afeta-bebes\/"]}]},{"@type":"ImageObject","inLanguage":"pt-BR","@id":"https:\/\/jornalfatosenoticias.com.br\/index.php\/2024\/04\/09\/novos-tratamentos-contra-bronquiolite-doenca-que-afeta-bebes\/#primaryimage","url":"https:\/\/jornalfatosenoticias.com.br\/wp-content\/uploads\/2024\/04\/bronquiolite-doenca-que-afeta-bebes_istock.jpg","contentUrl":"https:\/\/jornalfatosenoticias.com.br\/wp-content\/uploads\/2024\/04\/bronquiolite-doenca-que-afeta-bebes_istock.jpg","width":612,"height":408,"caption":"A toddler being given a dose of her asthma inhaler with a spacer"},{"@type":"BreadcrumbList","@id":"https:\/\/jornalfatosenoticias.com.br\/index.php\/2024\/04\/09\/novos-tratamentos-contra-bronquiolite-doenca-que-afeta-bebes\/#breadcrumb","itemListElement":[{"@type":"ListItem","position":1,"name":"In\u00edcio","item":"https:\/\/jornalfatosenoticias.com.br\/"},{"@type":"ListItem","position":2,"name":"Novos tratamentos contra bronquiolite, doen\u00e7a que afeta beb\u00eas"}]},{"@type":"WebSite","@id":"https:\/\/jornalfatosenoticias.com.br\/#website","url":"https:\/\/jornalfatosenoticias.com.br\/","name":"Jornal Fatos e Not\u00edcias","description":"Not\u00edcias em geral","publisher":{"@id":"https:\/\/jornalfatosenoticias.com.br\/#organization"},"potentialAction":[{"@type":"SearchAction","target":{"@type":"EntryPoint","urlTemplate":"https:\/\/jornalfatosenoticias.com.br\/?s={search_term_string}"},"query-input":{"@type":"PropertyValueSpecification","valueRequired":true,"valueName":"search_term_string"}}],"inLanguage":"pt-BR"},{"@type":"Organization","@id":"https:\/\/jornalfatosenoticias.com.br\/#organization","name":"Jornal Fatos e Not\u00edcias","url":"https:\/\/jornalfatosenoticias.com.br\/","logo":{"@type":"ImageObject","inLanguage":"pt-BR","@id":"https:\/\/jornalfatosenoticias.com.br\/#\/schema\/logo\/image\/","url":"https:\/\/jornalfatosenoticias.com.br\/wp-content\/uploads\/2020\/02\/logo120.png","contentUrl":"https:\/\/jornalfatosenoticias.com.br\/wp-content\/uploads\/2020\/02\/logo120.png","width":1227,"height":120,"caption":"Jornal Fatos e Not\u00edcias"},"image":{"@id":"https:\/\/jornalfatosenoticias.com.br\/#\/schema\/logo\/image\/"}},{"@type":"Person","@id":"https:\/\/jornalfatosenoticias.com.br\/#\/schema\/person\/d63837fa13ac8666eb9e74e0985d6f81","name":"Luzimara Fernandes","image":{"@type":"ImageObject","inLanguage":"pt-BR","@id":"https:\/\/jornalfatosenoticias.com.br\/#\/schema\/person\/image\/","url":"https:\/\/jornalfatosenoticias.com.br\/wp-content\/uploads\/2025\/05\/EU_portal.jpg","contentUrl":"https:\/\/jornalfatosenoticias.com.br\/wp-content\/uploads\/2025\/05\/EU_portal.jpg","caption":"Luzimara Fernandes"},"description":"Jornalista MTB 2358-ES","sameAs":["https:\/\/jornalfatosenoticias.com.br"],"url":"https:\/\/jornalfatosenoticias.com.br\/index.php\/author\/luzimara\/"}]}},"cc_featured_image_caption":{"caption_text":"(Foto: iStock) ","source_text":"","source_url":""},"jetpack_featured_media_url":"https:\/\/jornalfatosenoticias.com.br\/wp-content\/uploads\/2024\/04\/bronquiolite-doenca-que-afeta-bebes_istock.jpg","_links":{"self":[{"href":"https:\/\/jornalfatosenoticias.com.br\/index.php\/wp-json\/wp\/v2\/posts\/50472","targetHints":{"allow":["GET"]}}],"collection":[{"href":"https:\/\/jornalfatosenoticias.com.br\/index.php\/wp-json\/wp\/v2\/posts"}],"about":[{"href":"https:\/\/jornalfatosenoticias.com.br\/index.php\/wp-json\/wp\/v2\/types\/post"}],"author":[{"embeddable":true,"href":"https:\/\/jornalfatosenoticias.com.br\/index.php\/wp-json\/wp\/v2\/users\/2"}],"replies":[{"embeddable":true,"href":"https:\/\/jornalfatosenoticias.com.br\/index.php\/wp-json\/wp\/v2\/comments?post=50472"}],"version-history":[{"count":0,"href":"https:\/\/jornalfatosenoticias.com.br\/index.php\/wp-json\/wp\/v2\/posts\/50472\/revisions"}],"wp:featuredmedia":[{"embeddable":true,"href":"https:\/\/jornalfatosenoticias.com.br\/index.php\/wp-json\/wp\/v2\/media\/50473"}],"wp:attachment":[{"href":"https:\/\/jornalfatosenoticias.com.br\/index.php\/wp-json\/wp\/v2\/media?parent=50472"}],"wp:term":[{"taxonomy":"category","embeddable":true,"href":"https:\/\/jornalfatosenoticias.com.br\/index.php\/wp-json\/wp\/v2\/categories?post=50472"},{"taxonomy":"post_tag","embeddable":true,"href":"https:\/\/jornalfatosenoticias.com.br\/index.php\/wp-json\/wp\/v2\/tags?post=50472"}],"curies":[{"name":"wp","href":"https:\/\/api.w.org\/{rel}","templated":true}]}}