{"id":5050,"date":"2020-05-29T13:50:11","date_gmt":"2020-05-29T16:50:11","guid":{"rendered":"https:\/\/jornalfatosenoticias.com.br\/?p=5050"},"modified":"2020-05-29T13:50:17","modified_gmt":"2020-05-29T16:50:17","slug":"serie-mostra-que-sabemos-pouco-sobre-o-que-foi-a-escravidao-no-brasil","status":"publish","type":"post","link":"https:\/\/jornalfatosenoticias.com.br\/index.php\/2020\/05\/29\/serie-mostra-que-sabemos-pouco-sobre-o-que-foi-a-escravidao-no-brasil\/","title":{"rendered":"S\u00e9rie mostra que sabemos pouco sobre o que foi a escravid\u00e3o no Brasil"},"content":{"rendered":"\n<h6 class=\"wp-block-heading\"><em>&#8220;Sankofa \u2014 A \u00c1frica Que te Habita&#8221; fala sobre a escravid\u00e3o com base em uma expedi\u00e7\u00e3o feita por dez pa\u00edses africanos<\/em><\/h6>\n\n\n\n<p>A Lei \u00c1urea foi assinada em 13 de maio de 1888 e apenas 132 anos nos separam daquele Brasil em que a escravid\u00e3o era uma pr\u00e1tica legal. \u00c9 pouqu\u00edssimo tempo e, n\u00e3o por acaso, o racismo ainda \u00e9 muito presente na nossa sociedade.<br>Todos n\u00f3s aprendemos sobre a escravid\u00e3o na escola, mas quantos de n\u00f3s compreende, de fato, a dimens\u00e3o do que foi o regime escravocrata no Brasil? Essa \u00e9 uma pergunta que surge na mente de quem assiste a \u201cSankofa \u2013 A \u00c1frica Que te Habita\u201d, s\u00e9rie documental exibida pelo canal pago Prime Box Brazil.<br>A saber: o Rio de Janeiro foi a cidade que mais recebeu africanos escravizados no mundo \u2014 cerca de cinco milh\u00f5es. Desses, um milh\u00e3o desembarcaram apenas no Cais do Valongo, um polo escravagista cuja hist\u00f3ria foi convenientemente esquecida durante mais de um s\u00e9culo. Ao todo, acredita-se que entre 12 milh\u00f5es e 12,5 milh\u00f5es de africanos escravizados foram trazidos \u00e0s Am\u00e9ricas. \u201cSankofa\u201d revela esses n\u00fameros impressionantes e muitos outros fatos a respeito do tema.<br>Ao longo de 10 epis\u00f3dios de meia hora, a s\u00e9rie conta os detalhes de uma expedi\u00e7\u00e3o feita pelo fot\u00f3grafo C\u00e9sar Fraga e pelo historiador Maur\u00edcio Barros de Castro. Eles viajaram pelos dez pa\u00edses que compunham a rota da escravid\u00e3o das Am\u00e9ricas: Cabo Verde, Senegal, Guin\u00e9 Bissau, Gana, Togo, Benim, Nig\u00e9ria, Angola e Mo\u00e7ambique. A ideia era conhecer melhor o \u201coutro lado\u201d da hist\u00f3ria da escravid\u00e3o, bem como os la\u00e7os que unem culturalmente o Brasil a esses pa\u00edses.<\/p>\n\n\n\n<figure class=\"wp-block-image size-large\"><img loading=\"lazy\" decoding=\"async\" width=\"1000\" height=\"666\" src=\"https:\/\/jornalfatosenoticias.com.br\/wp-content\/uploads\/2020\/05\/ambos_escravidao.jpg\" alt=\"\" class=\"wp-image-5051\" srcset=\"https:\/\/jornalfatosenoticias.com.br\/wp-content\/uploads\/2020\/05\/ambos_escravidao.jpg 1000w, https:\/\/jornalfatosenoticias.com.br\/wp-content\/uploads\/2020\/05\/ambos_escravidao-300x200.jpg 300w, https:\/\/jornalfatosenoticias.com.br\/wp-content\/uploads\/2020\/05\/ambos_escravidao-768x511.jpg 768w\" sizes=\"auto, (max-width: 1000px) 100vw, 1000px\" \/><figcaption><em>Maur\u00edcio (\u00e0 esquerda) e C\u00e9sar (\u00e0 direita) ao lado de um guardi\u00e3o ax\u00e2nti, em Gana (Foto: Sankofa\/Divulga\u00e7\u00e3o)<\/em><\/figcaption><\/figure>\n\n\n\n<p>A viagem aconteceu em 2013 e deu origem a um livro e a uma exposi\u00e7\u00e3o. Ao ver a riqueza das fotografias de C\u00e9sar \u2014 s\u00e3o mais de quatro mil imagens \u2014 e das hist\u00f3rias que ele e Maur\u00edcio tinham para contar, a diretora audiovisual Rozane Braga teve a ideia de transformar esse material em uma s\u00e9rie. Ela e a roteirista Zil Ribas h\u00e1 tempos j\u00e1 tinham vontade de encabe\u00e7ar um projeto desse tipo, focado na di\u00e1spora negra.<br>Al\u00e9m dos riqu\u00edssimos relatos de C\u00e9sar e de Maur\u00edcio, \u201cSankofa\u201d tamb\u00e9m conta com depoimentos de diversos pesquisadores e pessoas ligadas \u00e0 cultura afro, al\u00e9m da narra\u00e7\u00e3o da atriz Zez\u00e9 Motta. O resultado \u00e9 uma verdadeira aula sobre escravid\u00e3o, racismo, ancestralidade africana e resist\u00eancia negra. Sankofa \u00e9 um p\u00e1ssaro m\u00edtico africano imortalizado pelos ancestrais dos povos ax\u00e2ntis, que hoje vivem em Gana. O s\u00edmbolo de um p\u00e1ssaro com a cabe\u00e7a virada para tr\u00e1s pegando um ovo significa \u201cvolte e busque\u201d. No sentido filos\u00f3fico, quer dizer que \u00e9 preciso retornar ao passado para ressignificar o presente e construir o futuro.<\/p>\n\n\n\n<figure class=\"wp-block-embed-vimeo wp-block-embed is-type-video is-provider-vimeo wp-embed-aspect-16-9 wp-has-aspect-ratio\"><div class=\"wp-block-embed__wrapper\">\n<iframe loading=\"lazy\" title=\"SANKOFA_PROMO_SERIE\" src=\"https:\/\/player.vimeo.com\/video\/379044500?dnt=1&amp;app_id=122963\" width=\"660\" height=\"371\" frameborder=\"0\" allow=\"autoplay; fullscreen; picture-in-picture; clipboard-write; encrypted-media; web-share\" referrerpolicy=\"strict-origin-when-cross-origin\"><\/iframe>\n<\/div><\/figure>\n\n\n\n<p>\u201cAcredito que \u00e9 muito importante que o audiovisual fa\u00e7a reverberar essas quest\u00f5es. Da mulher negra, dos escravizados, da influ\u00eancia africana na nossa cultura. Eu acho que fazer as pessoas pensarem sobre isso \u00e9 o grande legado que essa s\u00e9rie deixa\u201d, diz Rozane.<br>A diretora comemora a estreia da s\u00e9rie e conta que aprendeu muito durante o processo de filmagem. \u201cFoi uma aula de hist\u00f3ria. Uma das coisas que eu achei mais impressionantes, que foi falado pelo [historiador] Manolo Florentino, \u00e9 que, em dado momento, a rentabilidade do tr\u00e1fico de escravos estava caindo e come\u00e7aram a traficar cada vez mais mulheres jovens, para que elas pudessem gerar novos escravos aqui no Brasil. Come\u00e7am a traficar ventres. Eu n\u00e3o sabia disso. Mulheres de 13 e 14 anos. Elas eram crian\u00e7as, na verdade\u201d, aponta Rozane.<br>Ela revela que tamb\u00e9m n\u00e3o fazia ideia do n\u00famero de pessoas escravizadas que foram trazidas ao Brasil. \u201cCada entrevista era uma aula e muitas pessoas da equipe choraram no set de filmagem\u201d.<\/p>\n\n\n\n<figure class=\"wp-block-image size-large\"><img loading=\"lazy\" decoding=\"async\" width=\"1000\" height=\"666\" src=\"https:\/\/jornalfatosenoticias.com.br\/wp-content\/uploads\/2020\/05\/africana.jpg\" alt=\"\" class=\"wp-image-5052\" srcset=\"https:\/\/jornalfatosenoticias.com.br\/wp-content\/uploads\/2020\/05\/africana.jpg 1000w, https:\/\/jornalfatosenoticias.com.br\/wp-content\/uploads\/2020\/05\/africana-300x200.jpg 300w, https:\/\/jornalfatosenoticias.com.br\/wp-content\/uploads\/2020\/05\/africana-768x511.jpg 768w\" sizes=\"auto, (max-width: 1000px) 100vw, 1000px\" \/><figcaption><em>Com o rosto pintado, mulher mo\u00e7ambicana sorri para as lentes de C\u00e9sar (Foto: C\u00e9sar Fraga\/Divulga\u00e7\u00e3o)<\/em><\/figcaption><\/figure>\n\n\n\n<p>Rozane conta que j\u00e1 foi procurada por professores interessados em exibir trechos de \u201cSankofa\u201d em sala de aula. Ela se colocou \u00e0 disposi\u00e7\u00e3o de quem quiser fazer o mesmo. Para solicitar o material, de maneira gratuita, basta enviar um e-mail para rozanebraga@fblvideo.com.br. \u201cEu terei o maior prazer em ajudar\u201d, garante.<br>Atrav\u00e9s da Prime Box Brazil, a s\u00e9rie pode ser assistida todas as sextas-feiras, \u00e0s 20h30, at\u00e9 o dia 3 de julho.<\/p>\n\n\n\n<p><em><strong>Fonte: <a href=\"https:\/\/claudia.abril.com.br\/cultura\/serie-mostra-que-sabemos-pouco-sobre-o-que-foi-a-escravidao-no-brasil\/\">Revista Cl\u00e1udia<\/a><\/strong><\/em><\/p>\n","protected":false},"excerpt":{"rendered":"<p>&#8220;Sankofa \u2014 A \u00c1frica Que te Habita&#8221; fala sobre a escravid\u00e3o com base em uma expedi\u00e7\u00e3o feita por dez pa\u00edses africanos A Lei \u00c1urea foi assinada em 13 de maio de 1888 e apenas 132 anos nos separam daquele Brasil em que a escravid\u00e3o era uma pr\u00e1tica legal. \u00c9 pouqu\u00edssimo tempo e, n\u00e3o por acaso, [&hellip;]<\/p>\n","protected":false},"author":2,"featured_media":5053,"comment_status":"open","ping_status":"open","sticky":false,"template":"","format":"standard","meta":{"footnotes":""},"categories":[4],"tags":[182,428,713,249,1147],"class_list":["post-5050","post","type-post","status-publish","format-standard","has-post-thumbnail","hentry","category-cultura","tag-africa","tag-cinema","tag-cultura","tag-historia","tag-racismo"],"yoast_head":"<!-- This site is optimized with the Yoast SEO plugin v26.5 - https:\/\/yoast.com\/wordpress\/plugins\/seo\/ -->\n<title>S\u00e9rie mostra que sabemos pouco sobre o que foi a escravid\u00e3o no Brasil - Jornal Fatos e Not\u00edcias<\/title>\n<meta name=\"robots\" content=\"index, follow, max-snippet:-1, max-image-preview:large, max-video-preview:-1\" \/>\n<link rel=\"canonical\" href=\"https:\/\/jornalfatosenoticias.com.br\/index.php\/2020\/05\/29\/serie-mostra-que-sabemos-pouco-sobre-o-que-foi-a-escravidao-no-brasil\/\" \/>\n<meta property=\"og:locale\" content=\"pt_BR\" \/>\n<meta property=\"og:type\" content=\"article\" \/>\n<meta property=\"og:title\" content=\"S\u00e9rie mostra que sabemos pouco sobre o que foi a escravid\u00e3o no Brasil - Jornal Fatos e Not\u00edcias\" \/>\n<meta property=\"og:description\" content=\"&#8220;Sankofa \u2014 A \u00c1frica Que te Habita&#8221; fala sobre a escravid\u00e3o com base em uma expedi\u00e7\u00e3o feita por dez pa\u00edses africanos A Lei \u00c1urea foi assinada em 13 de maio de 1888 e apenas 132 anos nos separam daquele Brasil em que a escravid\u00e3o era uma pr\u00e1tica legal. \u00c9 pouqu\u00edssimo tempo e, n\u00e3o por acaso, [&hellip;]\" \/>\n<meta property=\"og:url\" content=\"https:\/\/jornalfatosenoticias.com.br\/index.php\/2020\/05\/29\/serie-mostra-que-sabemos-pouco-sobre-o-que-foi-a-escravidao-no-brasil\/\" \/>\n<meta property=\"og:site_name\" content=\"Jornal Fatos e Not\u00edcias\" \/>\n<meta property=\"article:published_time\" content=\"2020-05-29T16:50:11+00:00\" \/>\n<meta property=\"article:modified_time\" content=\"2020-05-29T16:50:17+00:00\" \/>\n<meta property=\"og:image\" content=\"https:\/\/jornalfatosenoticias.com.br\/wp-content\/uploads\/2020\/05\/escravidao.jpg\" \/>\n\t<meta property=\"og:image:width\" content=\"1000\" \/>\n\t<meta property=\"og:image:height\" content=\"666\" \/>\n\t<meta property=\"og:image:type\" content=\"image\/jpeg\" \/>\n<meta name=\"author\" content=\"Luzimara Fernandes\" \/>\n<meta name=\"twitter:card\" content=\"summary_large_image\" \/>\n<meta name=\"twitter:label1\" content=\"Escrito por\" \/>\n\t<meta name=\"twitter:data1\" content=\"Luzimara Fernandes\" \/>\n\t<meta name=\"twitter:label2\" content=\"Est. tempo de leitura\" \/>\n\t<meta name=\"twitter:data2\" content=\"4 minutos\" \/>\n<script type=\"application\/ld+json\" class=\"yoast-schema-graph\">{\"@context\":\"https:\/\/schema.org\",\"@graph\":[{\"@type\":\"Article\",\"@id\":\"https:\/\/jornalfatosenoticias.com.br\/index.php\/2020\/05\/29\/serie-mostra-que-sabemos-pouco-sobre-o-que-foi-a-escravidao-no-brasil\/#article\",\"isPartOf\":{\"@id\":\"https:\/\/jornalfatosenoticias.com.br\/index.php\/2020\/05\/29\/serie-mostra-que-sabemos-pouco-sobre-o-que-foi-a-escravidao-no-brasil\/\"},\"author\":{\"name\":\"Luzimara Fernandes\",\"@id\":\"https:\/\/jornalfatosenoticias.com.br\/#\/schema\/person\/d63837fa13ac8666eb9e74e0985d6f81\"},\"headline\":\"S\u00e9rie mostra que sabemos pouco sobre o que foi a escravid\u00e3o no Brasil\",\"datePublished\":\"2020-05-29T16:50:11+00:00\",\"dateModified\":\"2020-05-29T16:50:17+00:00\",\"mainEntityOfPage\":{\"@id\":\"https:\/\/jornalfatosenoticias.com.br\/index.php\/2020\/05\/29\/serie-mostra-que-sabemos-pouco-sobre-o-que-foi-a-escravidao-no-brasil\/\"},\"wordCount\":794,\"commentCount\":0,\"publisher\":{\"@id\":\"https:\/\/jornalfatosenoticias.com.br\/#organization\"},\"image\":{\"@id\":\"https:\/\/jornalfatosenoticias.com.br\/index.php\/2020\/05\/29\/serie-mostra-que-sabemos-pouco-sobre-o-que-foi-a-escravidao-no-brasil\/#primaryimage\"},\"thumbnailUrl\":\"https:\/\/jornalfatosenoticias.com.br\/wp-content\/uploads\/2020\/05\/escravidao.jpg\",\"keywords\":[\"\u00e1frica\",\"cinema\",\"cultura\",\"hist\u00f3ria\",\"racismo\"],\"articleSection\":[\"Cultura\"],\"inLanguage\":\"pt-BR\",\"potentialAction\":[{\"@type\":\"CommentAction\",\"name\":\"Comment\",\"target\":[\"https:\/\/jornalfatosenoticias.com.br\/index.php\/2020\/05\/29\/serie-mostra-que-sabemos-pouco-sobre-o-que-foi-a-escravidao-no-brasil\/#respond\"]}]},{\"@type\":\"WebPage\",\"@id\":\"https:\/\/jornalfatosenoticias.com.br\/index.php\/2020\/05\/29\/serie-mostra-que-sabemos-pouco-sobre-o-que-foi-a-escravidao-no-brasil\/\",\"url\":\"https:\/\/jornalfatosenoticias.com.br\/index.php\/2020\/05\/29\/serie-mostra-que-sabemos-pouco-sobre-o-que-foi-a-escravidao-no-brasil\/\",\"name\":\"S\u00e9rie mostra que sabemos pouco sobre o que foi a escravid\u00e3o no Brasil - Jornal Fatos e Not\u00edcias\",\"isPartOf\":{\"@id\":\"https:\/\/jornalfatosenoticias.com.br\/#website\"},\"primaryImageOfPage\":{\"@id\":\"https:\/\/jornalfatosenoticias.com.br\/index.php\/2020\/05\/29\/serie-mostra-que-sabemos-pouco-sobre-o-que-foi-a-escravidao-no-brasil\/#primaryimage\"},\"image\":{\"@id\":\"https:\/\/jornalfatosenoticias.com.br\/index.php\/2020\/05\/29\/serie-mostra-que-sabemos-pouco-sobre-o-que-foi-a-escravidao-no-brasil\/#primaryimage\"},\"thumbnailUrl\":\"https:\/\/jornalfatosenoticias.com.br\/wp-content\/uploads\/2020\/05\/escravidao.jpg\",\"datePublished\":\"2020-05-29T16:50:11+00:00\",\"dateModified\":\"2020-05-29T16:50:17+00:00\",\"breadcrumb\":{\"@id\":\"https:\/\/jornalfatosenoticias.com.br\/index.php\/2020\/05\/29\/serie-mostra-que-sabemos-pouco-sobre-o-que-foi-a-escravidao-no-brasil\/#breadcrumb\"},\"inLanguage\":\"pt-BR\",\"potentialAction\":[{\"@type\":\"ReadAction\",\"target\":[\"https:\/\/jornalfatosenoticias.com.br\/index.php\/2020\/05\/29\/serie-mostra-que-sabemos-pouco-sobre-o-que-foi-a-escravidao-no-brasil\/\"]}]},{\"@type\":\"ImageObject\",\"inLanguage\":\"pt-BR\",\"@id\":\"https:\/\/jornalfatosenoticias.com.br\/index.php\/2020\/05\/29\/serie-mostra-que-sabemos-pouco-sobre-o-que-foi-a-escravidao-no-brasil\/#primaryimage\",\"url\":\"https:\/\/jornalfatosenoticias.com.br\/wp-content\/uploads\/2020\/05\/escravidao.jpg\",\"contentUrl\":\"https:\/\/jornalfatosenoticias.com.br\/wp-content\/uploads\/2020\/05\/escravidao.jpg\",\"width\":1000,\"height\":666},{\"@type\":\"BreadcrumbList\",\"@id\":\"https:\/\/jornalfatosenoticias.com.br\/index.php\/2020\/05\/29\/serie-mostra-que-sabemos-pouco-sobre-o-que-foi-a-escravidao-no-brasil\/#breadcrumb\",\"itemListElement\":[{\"@type\":\"ListItem\",\"position\":1,\"name\":\"In\u00edcio\",\"item\":\"https:\/\/jornalfatosenoticias.com.br\/\"},{\"@type\":\"ListItem\",\"position\":2,\"name\":\"S\u00e9rie mostra que sabemos pouco sobre o que foi a escravid\u00e3o no Brasil\"}]},{\"@type\":\"WebSite\",\"@id\":\"https:\/\/jornalfatosenoticias.com.br\/#website\",\"url\":\"https:\/\/jornalfatosenoticias.com.br\/\",\"name\":\"Jornal Fatos e Not\u00edcias\",\"description\":\"Not\u00edcias em geral\",\"publisher\":{\"@id\":\"https:\/\/jornalfatosenoticias.com.br\/#organization\"},\"potentialAction\":[{\"@type\":\"SearchAction\",\"target\":{\"@type\":\"EntryPoint\",\"urlTemplate\":\"https:\/\/jornalfatosenoticias.com.br\/?s={search_term_string}\"},\"query-input\":{\"@type\":\"PropertyValueSpecification\",\"valueRequired\":true,\"valueName\":\"search_term_string\"}}],\"inLanguage\":\"pt-BR\"},{\"@type\":\"Organization\",\"@id\":\"https:\/\/jornalfatosenoticias.com.br\/#organization\",\"name\":\"Jornal Fatos e Not\u00edcias\",\"url\":\"https:\/\/jornalfatosenoticias.com.br\/\",\"logo\":{\"@type\":\"ImageObject\",\"inLanguage\":\"pt-BR\",\"@id\":\"https:\/\/jornalfatosenoticias.com.br\/#\/schema\/logo\/image\/\",\"url\":\"https:\/\/jornalfatosenoticias.com.br\/wp-content\/uploads\/2020\/02\/logo120.png\",\"contentUrl\":\"https:\/\/jornalfatosenoticias.com.br\/wp-content\/uploads\/2020\/02\/logo120.png\",\"width\":1227,\"height\":120,\"caption\":\"Jornal Fatos e Not\u00edcias\"},\"image\":{\"@id\":\"https:\/\/jornalfatosenoticias.com.br\/#\/schema\/logo\/image\/\"}},{\"@type\":\"Person\",\"@id\":\"https:\/\/jornalfatosenoticias.com.br\/#\/schema\/person\/d63837fa13ac8666eb9e74e0985d6f81\",\"name\":\"Luzimara Fernandes\",\"image\":{\"@type\":\"ImageObject\",\"inLanguage\":\"pt-BR\",\"@id\":\"https:\/\/jornalfatosenoticias.com.br\/#\/schema\/person\/image\/\",\"url\":\"https:\/\/jornalfatosenoticias.com.br\/wp-content\/uploads\/2025\/05\/EU_portal.jpg\",\"contentUrl\":\"https:\/\/jornalfatosenoticias.com.br\/wp-content\/uploads\/2025\/05\/EU_portal.jpg\",\"caption\":\"Luzimara Fernandes\"},\"description\":\"Jornalista MTB 2358-ES\",\"sameAs\":[\"https:\/\/jornalfatosenoticias.com.br\"],\"url\":\"https:\/\/jornalfatosenoticias.com.br\/index.php\/author\/luzimara\/\"}]}<\/script>\n<!-- \/ Yoast SEO plugin. -->","yoast_head_json":{"title":"S\u00e9rie mostra que sabemos pouco sobre o que foi a escravid\u00e3o no Brasil - Jornal Fatos e Not\u00edcias","robots":{"index":"index","follow":"follow","max-snippet":"max-snippet:-1","max-image-preview":"max-image-preview:large","max-video-preview":"max-video-preview:-1"},"canonical":"https:\/\/jornalfatosenoticias.com.br\/index.php\/2020\/05\/29\/serie-mostra-que-sabemos-pouco-sobre-o-que-foi-a-escravidao-no-brasil\/","og_locale":"pt_BR","og_type":"article","og_title":"S\u00e9rie mostra que sabemos pouco sobre o que foi a escravid\u00e3o no Brasil - Jornal Fatos e Not\u00edcias","og_description":"&#8220;Sankofa \u2014 A \u00c1frica Que te Habita&#8221; fala sobre a escravid\u00e3o com base em uma expedi\u00e7\u00e3o feita por dez pa\u00edses africanos A Lei \u00c1urea foi assinada em 13 de maio de 1888 e apenas 132 anos nos separam daquele Brasil em que a escravid\u00e3o era uma pr\u00e1tica legal. \u00c9 pouqu\u00edssimo tempo e, n\u00e3o por acaso, [&hellip;]","og_url":"https:\/\/jornalfatosenoticias.com.br\/index.php\/2020\/05\/29\/serie-mostra-que-sabemos-pouco-sobre-o-que-foi-a-escravidao-no-brasil\/","og_site_name":"Jornal Fatos e Not\u00edcias","article_published_time":"2020-05-29T16:50:11+00:00","article_modified_time":"2020-05-29T16:50:17+00:00","og_image":[{"width":1000,"height":666,"url":"https:\/\/jornalfatosenoticias.com.br\/wp-content\/uploads\/2020\/05\/escravidao.jpg","type":"image\/jpeg"}],"author":"Luzimara Fernandes","twitter_card":"summary_large_image","twitter_misc":{"Escrito por":"Luzimara Fernandes","Est. tempo de leitura":"4 minutos"},"schema":{"@context":"https:\/\/schema.org","@graph":[{"@type":"Article","@id":"https:\/\/jornalfatosenoticias.com.br\/index.php\/2020\/05\/29\/serie-mostra-que-sabemos-pouco-sobre-o-que-foi-a-escravidao-no-brasil\/#article","isPartOf":{"@id":"https:\/\/jornalfatosenoticias.com.br\/index.php\/2020\/05\/29\/serie-mostra-que-sabemos-pouco-sobre-o-que-foi-a-escravidao-no-brasil\/"},"author":{"name":"Luzimara Fernandes","@id":"https:\/\/jornalfatosenoticias.com.br\/#\/schema\/person\/d63837fa13ac8666eb9e74e0985d6f81"},"headline":"S\u00e9rie mostra que sabemos pouco sobre o que foi a escravid\u00e3o no Brasil","datePublished":"2020-05-29T16:50:11+00:00","dateModified":"2020-05-29T16:50:17+00:00","mainEntityOfPage":{"@id":"https:\/\/jornalfatosenoticias.com.br\/index.php\/2020\/05\/29\/serie-mostra-que-sabemos-pouco-sobre-o-que-foi-a-escravidao-no-brasil\/"},"wordCount":794,"commentCount":0,"publisher":{"@id":"https:\/\/jornalfatosenoticias.com.br\/#organization"},"image":{"@id":"https:\/\/jornalfatosenoticias.com.br\/index.php\/2020\/05\/29\/serie-mostra-que-sabemos-pouco-sobre-o-que-foi-a-escravidao-no-brasil\/#primaryimage"},"thumbnailUrl":"https:\/\/jornalfatosenoticias.com.br\/wp-content\/uploads\/2020\/05\/escravidao.jpg","keywords":["\u00e1frica","cinema","cultura","hist\u00f3ria","racismo"],"articleSection":["Cultura"],"inLanguage":"pt-BR","potentialAction":[{"@type":"CommentAction","name":"Comment","target":["https:\/\/jornalfatosenoticias.com.br\/index.php\/2020\/05\/29\/serie-mostra-que-sabemos-pouco-sobre-o-que-foi-a-escravidao-no-brasil\/#respond"]}]},{"@type":"WebPage","@id":"https:\/\/jornalfatosenoticias.com.br\/index.php\/2020\/05\/29\/serie-mostra-que-sabemos-pouco-sobre-o-que-foi-a-escravidao-no-brasil\/","url":"https:\/\/jornalfatosenoticias.com.br\/index.php\/2020\/05\/29\/serie-mostra-que-sabemos-pouco-sobre-o-que-foi-a-escravidao-no-brasil\/","name":"S\u00e9rie mostra que sabemos pouco sobre o que foi a escravid\u00e3o no Brasil - Jornal Fatos e Not\u00edcias","isPartOf":{"@id":"https:\/\/jornalfatosenoticias.com.br\/#website"},"primaryImageOfPage":{"@id":"https:\/\/jornalfatosenoticias.com.br\/index.php\/2020\/05\/29\/serie-mostra-que-sabemos-pouco-sobre-o-que-foi-a-escravidao-no-brasil\/#primaryimage"},"image":{"@id":"https:\/\/jornalfatosenoticias.com.br\/index.php\/2020\/05\/29\/serie-mostra-que-sabemos-pouco-sobre-o-que-foi-a-escravidao-no-brasil\/#primaryimage"},"thumbnailUrl":"https:\/\/jornalfatosenoticias.com.br\/wp-content\/uploads\/2020\/05\/escravidao.jpg","datePublished":"2020-05-29T16:50:11+00:00","dateModified":"2020-05-29T16:50:17+00:00","breadcrumb":{"@id":"https:\/\/jornalfatosenoticias.com.br\/index.php\/2020\/05\/29\/serie-mostra-que-sabemos-pouco-sobre-o-que-foi-a-escravidao-no-brasil\/#breadcrumb"},"inLanguage":"pt-BR","potentialAction":[{"@type":"ReadAction","target":["https:\/\/jornalfatosenoticias.com.br\/index.php\/2020\/05\/29\/serie-mostra-que-sabemos-pouco-sobre-o-que-foi-a-escravidao-no-brasil\/"]}]},{"@type":"ImageObject","inLanguage":"pt-BR","@id":"https:\/\/jornalfatosenoticias.com.br\/index.php\/2020\/05\/29\/serie-mostra-que-sabemos-pouco-sobre-o-que-foi-a-escravidao-no-brasil\/#primaryimage","url":"https:\/\/jornalfatosenoticias.com.br\/wp-content\/uploads\/2020\/05\/escravidao.jpg","contentUrl":"https:\/\/jornalfatosenoticias.com.br\/wp-content\/uploads\/2020\/05\/escravidao.jpg","width":1000,"height":666},{"@type":"BreadcrumbList","@id":"https:\/\/jornalfatosenoticias.com.br\/index.php\/2020\/05\/29\/serie-mostra-que-sabemos-pouco-sobre-o-que-foi-a-escravidao-no-brasil\/#breadcrumb","itemListElement":[{"@type":"ListItem","position":1,"name":"In\u00edcio","item":"https:\/\/jornalfatosenoticias.com.br\/"},{"@type":"ListItem","position":2,"name":"S\u00e9rie mostra que sabemos pouco sobre o que foi a escravid\u00e3o no Brasil"}]},{"@type":"WebSite","@id":"https:\/\/jornalfatosenoticias.com.br\/#website","url":"https:\/\/jornalfatosenoticias.com.br\/","name":"Jornal Fatos e Not\u00edcias","description":"Not\u00edcias em geral","publisher":{"@id":"https:\/\/jornalfatosenoticias.com.br\/#organization"},"potentialAction":[{"@type":"SearchAction","target":{"@type":"EntryPoint","urlTemplate":"https:\/\/jornalfatosenoticias.com.br\/?s={search_term_string}"},"query-input":{"@type":"PropertyValueSpecification","valueRequired":true,"valueName":"search_term_string"}}],"inLanguage":"pt-BR"},{"@type":"Organization","@id":"https:\/\/jornalfatosenoticias.com.br\/#organization","name":"Jornal Fatos e Not\u00edcias","url":"https:\/\/jornalfatosenoticias.com.br\/","logo":{"@type":"ImageObject","inLanguage":"pt-BR","@id":"https:\/\/jornalfatosenoticias.com.br\/#\/schema\/logo\/image\/","url":"https:\/\/jornalfatosenoticias.com.br\/wp-content\/uploads\/2020\/02\/logo120.png","contentUrl":"https:\/\/jornalfatosenoticias.com.br\/wp-content\/uploads\/2020\/02\/logo120.png","width":1227,"height":120,"caption":"Jornal Fatos e Not\u00edcias"},"image":{"@id":"https:\/\/jornalfatosenoticias.com.br\/#\/schema\/logo\/image\/"}},{"@type":"Person","@id":"https:\/\/jornalfatosenoticias.com.br\/#\/schema\/person\/d63837fa13ac8666eb9e74e0985d6f81","name":"Luzimara Fernandes","image":{"@type":"ImageObject","inLanguage":"pt-BR","@id":"https:\/\/jornalfatosenoticias.com.br\/#\/schema\/person\/image\/","url":"https:\/\/jornalfatosenoticias.com.br\/wp-content\/uploads\/2025\/05\/EU_portal.jpg","contentUrl":"https:\/\/jornalfatosenoticias.com.br\/wp-content\/uploads\/2025\/05\/EU_portal.jpg","caption":"Luzimara Fernandes"},"description":"Jornalista MTB 2358-ES","sameAs":["https:\/\/jornalfatosenoticias.com.br"],"url":"https:\/\/jornalfatosenoticias.com.br\/index.php\/author\/luzimara\/"}]}},"cc_featured_image_caption":{"caption_text":"Grilh\u00f5es (C\u00e9sar Fraga\/Divulga\u00e7\u00e3o) ","source_text":"","source_url":""},"jetpack_featured_media_url":"https:\/\/jornalfatosenoticias.com.br\/wp-content\/uploads\/2020\/05\/escravidao.jpg","_links":{"self":[{"href":"https:\/\/jornalfatosenoticias.com.br\/index.php\/wp-json\/wp\/v2\/posts\/5050","targetHints":{"allow":["GET"]}}],"collection":[{"href":"https:\/\/jornalfatosenoticias.com.br\/index.php\/wp-json\/wp\/v2\/posts"}],"about":[{"href":"https:\/\/jornalfatosenoticias.com.br\/index.php\/wp-json\/wp\/v2\/types\/post"}],"author":[{"embeddable":true,"href":"https:\/\/jornalfatosenoticias.com.br\/index.php\/wp-json\/wp\/v2\/users\/2"}],"replies":[{"embeddable":true,"href":"https:\/\/jornalfatosenoticias.com.br\/index.php\/wp-json\/wp\/v2\/comments?post=5050"}],"version-history":[{"count":0,"href":"https:\/\/jornalfatosenoticias.com.br\/index.php\/wp-json\/wp\/v2\/posts\/5050\/revisions"}],"wp:featuredmedia":[{"embeddable":true,"href":"https:\/\/jornalfatosenoticias.com.br\/index.php\/wp-json\/wp\/v2\/media\/5053"}],"wp:attachment":[{"href":"https:\/\/jornalfatosenoticias.com.br\/index.php\/wp-json\/wp\/v2\/media?parent=5050"}],"wp:term":[{"taxonomy":"category","embeddable":true,"href":"https:\/\/jornalfatosenoticias.com.br\/index.php\/wp-json\/wp\/v2\/categories?post=5050"},{"taxonomy":"post_tag","embeddable":true,"href":"https:\/\/jornalfatosenoticias.com.br\/index.php\/wp-json\/wp\/v2\/tags?post=5050"}],"curies":[{"name":"wp","href":"https:\/\/api.w.org\/{rel}","templated":true}]}}