{"id":50522,"date":"2024-04-12T17:26:22","date_gmt":"2024-04-12T20:26:22","guid":{"rendered":"https:\/\/jornalfatosenoticias.com.br\/?p=50522"},"modified":"2024-04-12T17:26:23","modified_gmt":"2024-04-12T20:26:23","slug":"em-tempo-de-luta-pelo-direito-de-ser-mulher-pelo-direito-de-ser-crianca-parte-iv","status":"publish","type":"post","link":"https:\/\/jornalfatosenoticias.com.br\/index.php\/2024\/04\/12\/em-tempo-de-luta-pelo-direito-de-ser-mulher-pelo-direito-de-ser-crianca-parte-iv\/","title":{"rendered":"Em tempo de luta pelo Direito de Ser Mulher, pelo Direito de Ser Crian\u00e7a \u2014 Parte IV"},"content":{"rendered":"\n<p><em><span class=\"has-inline-color has-black-color\">O Brasil \u00e9 signat\u00e1rio dos Tratados Internacionais que repudiam as atrocidades causadas pela lei de aliena\u00e7\u00e3o parental, mas, aqui dentro, o ilusionismo vence todas as alega\u00e7\u00f5es de invers\u00e3o do autor da viol\u00eancia<\/span><\/em><\/p>\n\n\n\n<div class=\"wp-block-image\"><figure class=\"aligncenter size-large is-resized\"><img loading=\"lazy\" decoding=\"async\" src=\"https:\/\/jornalfatosenoticias.com.br\/wp-content\/uploads\/2023\/09\/vetorvix1024_1.jpg\" alt=\"\" class=\"wp-image-44868\" width=\"531\" height=\"141\" srcset=\"https:\/\/jornalfatosenoticias.com.br\/wp-content\/uploads\/2023\/09\/vetorvix1024_1.jpg 1024w, https:\/\/jornalfatosenoticias.com.br\/wp-content\/uploads\/2023\/09\/vetorvix1024_1-300x80.jpg 300w, https:\/\/jornalfatosenoticias.com.br\/wp-content\/uploads\/2023\/09\/vetorvix1024_1-768x205.jpg 768w\" sizes=\"auto, (max-width: 531px) 100vw, 531px\" \/><\/figure><\/div>\n\n\n\n<p>Estupefata! N\u00e3o bastasse a punhalada di\u00e1ria da mesma not\u00edcia, com pequenas varia\u00e7\u00f5es, a viol\u00eancia que transborda do que chamam \u201clares\u201d, \u201cfam\u00edlias\u201d, habita nosso cotidiano, assistimos \u00e0 leitura e \u201cvota\u00e7\u00e3o\u201d de uma proposta de Reforma do C\u00f3digo Civil, desnecess\u00e1ria, c\u00e9lere como os carros de F\u00f3rmula 1, e vestida de tecido camuflado no que tangia o Direito de Fam\u00edlia.<br>Embutia em seus artigos, os artigos ipsis litteris da lei de aliena\u00e7\u00e3o parental, essa fal\u00e1cia que caiu no gosto do judici\u00e1rio e se tornou uma lei dogm\u00e1tica. N\u00e3o h\u00e1 contesta\u00e7\u00e3o, n\u00e3o permite o constitucional contradit\u00f3rio, esse termo n\u00e3o \u00e9 aceito nem reconhecido pela Organiza\u00e7\u00e3o Mundial da Sa\u00fade (OMS), pela Organiza\u00e7\u00e3o das Na\u00e7\u00f5es Unidas (ONU), pela Organiza\u00e7\u00e3o dos Estados Americanos (OEA), \u00e9 uma Recomenda\u00e7\u00e3o de banimento da Conven\u00e7\u00e3o sobre a elimina\u00e7\u00e3o de todas as formas de discrimina\u00e7\u00e3o contra as mulheres (em l\u00edngua inglesa, Convention on the Elimination of All Forms of Discrimination Against Women, CEDAW), e n\u00e3o \u00e9, tamb\u00e9m, reconhecido pelas Associa\u00e7\u00f5es de Psiquiatria e de Psicologia Internacionais. Mas, entre n\u00f3s, o desrespeito \u00e9 maior que o Princ\u00edpio Humanit\u00e1rio. Nosso Pa\u00eds \u00e9 signat\u00e1rio dos Tratados Internacionais que repudiam as atrocidades causadas por essa lei, mas, aqui dentro, o ilusionismo vence todas as alega\u00e7\u00f5es de invers\u00e3o do autor da viol\u00eancia.<\/p>\n\n\n\n<div class=\"wp-block-image\"><figure class=\"aligncenter size-large\"><img loading=\"lazy\" decoding=\"async\" width=\"300\" height=\"250\" src=\"https:\/\/jornalfatosenoticias.com.br\/wp-content\/uploads\/2022\/02\/FERRARI_MAQUINAS-E-FERRAMENTAS2-1.jpg\" alt=\"\" class=\"wp-image-27955\"\/><\/figure><\/div>\n\n\n\n<p>Evidente que a viol\u00eancia psicol\u00f3gica causa danos em mentes em desenvolvimento, assim como danifica tamb\u00e9m a mente de Mulheres em vulnerabilidade. Mas, carece de muito ju\u00edzo, de muito bom senso para determinar o afastamento de uma m\u00e3e com a entrega da Crian\u00e7a pequena, ou mesmo as maiores, ao seu agressor. At\u00e9 quando as provas s\u00e3o irrefut\u00e1veis ouvimos uma frase infame: \u201cpai \u00e9 pai\u201d. Seguida de: \u201c\u00e9 direito do pai ter conviv\u00eancia com o filho\u201d.<br>Fazemos leis para desobedec\u00ea-las. Assinamos Tratados para descumpri-los. <\/p>\n\n\n\n<div class=\"wp-block-image\"><figure class=\"aligncenter size-large\"><img loading=\"lazy\" decoding=\"async\" width=\"612\" height=\"408\" src=\"https:\/\/jornalfatosenoticias.com.br\/wp-content\/uploads\/2024\/04\/violencia-infantil_istock.jpg\" alt=\"\" class=\"wp-image-50523\" srcset=\"https:\/\/jornalfatosenoticias.com.br\/wp-content\/uploads\/2024\/04\/violencia-infantil_istock.jpg 612w, https:\/\/jornalfatosenoticias.com.br\/wp-content\/uploads\/2024\/04\/violencia-infantil_istock-300x200.jpg 300w\" sizes=\"auto, (max-width: 612px) 100vw, 612px\" \/><figcaption><em><span class=\"has-inline-color has-black-color\">(Foto: iStock)<\/span><\/em><\/figcaption><\/figure><\/div>\n\n\n\n<p>Depois inventamos \u201cleis\u201d duplicadas, como \u00e9 o caso da lei de aliena\u00e7\u00e3o parental, j\u00e1 devidamente escrita no ECA, considerando que alguns casais imaturos t\u00eam mais dificuldade de viver a frustra\u00e7\u00e3o do t\u00e9rmino do relacionamento, o que se constitui a raiz do Feminic\u00eddio. Os n\u00fameros s\u00e3o assustadores. Mas, para o Direito de Fam\u00edlia, as mulheres interesseiras em dinheiro, vingativas, inconformadas, operam uma acrobacia ps\u00edquica, n\u00e3o se sabe qual o m\u00e9todo empregado porquanto imposs\u00edvel, de lavagem cerebral com implanta\u00e7\u00e3o, tamb\u00e9m milagrosa, de mem\u00f3rias falsas na cabecinha da Crian\u00e7a, que n\u00e3o internaliza nem o banho di\u00e1rio. E, sem nenhum constrangimento em afirmar o que seria o equivalente a dizer que seu filho adquiriu a marcha independente aos dois meses, montam laudos que incriminam a m\u00e3e que d\u00e1 Voz \u00e0 Crian\u00e7a. Essa conta n\u00e3o fecha. Se os n\u00fameros, sabidamente subnotificados por v\u00e1rias raz\u00f5es, inclusive e, principalmente, por medo da puni\u00e7\u00e3o executada sempre \u00e0 v\u00edtima, apontam para uma Crian\u00e7a violada a cada 10 minutos, como tudo vira aliena\u00e7\u00e3o parental da m\u00e3e? \u00c9 que chegam pela via criminal, mas logo s\u00e3o encaminhadas para a via de fam\u00edlia. E, como escreveu a autora Maria Berenice Dias, em seu livro, \u201cIncesto e aliena\u00e7\u00e3o parental \u2014 realidades que a justi\u00e7a insiste em n\u00e3o ver\u201d, em seu cap\u00edtulo <em>Incesto e o Mito da Fam\u00edlia Feliz,<\/em> nos brinda com sua posi\u00e7\u00e3o de alerta para o despreparo dos agentes da Justi\u00e7a para lidar com os sedutores agressores sexuais de Crian\u00e7a, afirmando, inclusive, que assim estamos acobertando crimes. (P\u00e1gs. 171 a 184).<\/p>\n\n\n\n<div class=\"wp-block-image\"><figure class=\"aligncenter size-large is-resized\"><img loading=\"lazy\" decoding=\"async\" src=\"https:\/\/jornalfatosenoticias.com.br\/wp-content\/uploads\/2023\/03\/logo-Panper_portal.jpg\" alt=\"\" class=\"wp-image-40208\" width=\"341\" height=\"236\" srcset=\"https:\/\/jornalfatosenoticias.com.br\/wp-content\/uploads\/2023\/03\/logo-Panper_portal.jpg 400w, https:\/\/jornalfatosenoticias.com.br\/wp-content\/uploads\/2023\/03\/logo-Panper_portal-300x208.jpg 300w\" sizes=\"auto, (max-width: 341px) 100vw, 341px\" \/><\/figure><\/div>\n\n\n\n<p>Estupefata. Assisti \u00e0 sess\u00e3o, a \u00faltima por decis\u00e3o, da proposta de Reforma no que tocava a Guarda dos filhos. Foi uma \u00f3tima surpresa escutar a Defensora P\u00fablica que pediu a Palavra. Ela exp\u00f4s o clamor de Coletivos de Mulheres que pediam clem\u00eancia para seus filhos v\u00edtimas das perversidades da lei de aliena\u00e7\u00e3o parental. S\u00e3o milhares de casos. A Voz da Defensora firme, calma apesar do horror a que se referia, sensibilizou a assembleia de juristas, como at\u00e9 aquele momento n\u00e3o era notado. Por isso, sob a alega\u00e7\u00e3o do n\u00e3o consenso alcan\u00e7ado, o tema foi votado para que fosse discutido no Congresso.<\/p>\n\n\n\n<div class=\"wp-block-image\"><figure class=\"aligncenter size-large\"><img loading=\"lazy\" decoding=\"async\" width=\"612\" height=\"408\" src=\"https:\/\/jornalfatosenoticias.com.br\/wp-content\/uploads\/2024\/04\/violencia-domestica_istock-1.jpg\" alt=\"\" class=\"wp-image-50524\" srcset=\"https:\/\/jornalfatosenoticias.com.br\/wp-content\/uploads\/2024\/04\/violencia-domestica_istock-1.jpg 612w, https:\/\/jornalfatosenoticias.com.br\/wp-content\/uploads\/2024\/04\/violencia-domestica_istock-1-300x200.jpg 300w\" sizes=\"auto, (max-width: 612px) 100vw, 612px\" \/><figcaption><em><span class=\"has-inline-color has-black-color\">Viol\u00eancia dom\u00e9stica (Foto: iStock)<\/span><\/em><\/figcaption><\/figure><\/div>\n\n\n\n<p>Estupefata. A voz de uma jurista mulher, invadiu nossos ouvidos com ataques \u00e0 Mulher. A distor\u00e7\u00e3o em grande revolta, esperneava contra o que definiu como \u201cessas mulheres\u201d a quem faltam capacidade cognitiva e se excedem em possessividade dos filhos. Como \u201cessas mulheres\u201d n\u00e3o queriam se divertir deixando as Crian\u00e7as com o pai. \u00c9 o tal \u201cpai \u00e9 pai\u201d indiscriminado, de inconsequ\u00eancias desastrosas. Assim como a frase similar \u201cm\u00e3e \u00e9 m\u00e3e\u201d, quantas s\u00e3o mal\u00e9volas. Os Coletivos de M\u00e3es n\u00e3o s\u00e3o contra os pais por quererem possuir sozinhas os filhos. Todas as m\u00e3es que comp\u00f5em os Coletivos de M\u00e3es est\u00e3o cumprindo o Artigo 13, e os demais Artigos do ECA que rezam a <strong><span class=\"has-inline-color has-black-color\">Prote\u00e7\u00e3o Integral da Crian\u00e7a e do Adolescente.<\/span><\/strong><\/p>\n\n\n\n<div class=\"wp-block-image\"><figure class=\"aligncenter size-large is-resized\"><img loading=\"lazy\" decoding=\"async\" src=\"https:\/\/jornalfatosenoticias.com.br\/wp-content\/uploads\/2023\/03\/nova-logo-Marquetti.jpg\" alt=\"\" class=\"wp-image-40207\" width=\"330\" height=\"221\" srcset=\"https:\/\/jornalfatosenoticias.com.br\/wp-content\/uploads\/2023\/03\/nova-logo-Marquetti.jpg 643w, https:\/\/jornalfatosenoticias.com.br\/wp-content\/uploads\/2023\/03\/nova-logo-Marquetti-300x202.jpg 300w\" sizes=\"auto, (max-width: 330px) 100vw, 330px\" \/><\/figure><\/div>\n\n\n\n<p>Essa situa\u00e7\u00e3o psicol\u00f3gica est\u00e1 sendo \u201cdiagnosticada\u201d pelos agentes de justi\u00e7a, com indica\u00e7\u00e3o de tratamento psicol\u00f3gico e psiqui\u00e1trico compuls\u00f3rio determinados tamb\u00e9m pelo agente de justi\u00e7a. Interessante que nem patologia \u00e9, portanto n\u00e3o pode ser diagnosticada nem por juiz, nem por perita nem por psic\u00f3loga, nem por assistente social. Tratamento psicol\u00f3gico e psiqui\u00e1trico s\u00e3o de f\u00f3rum \u00edntimo. Do contr\u00e1rio, com exposi\u00e7\u00e3o e relat\u00f3rios, est\u00e3o desviados de seu objetivo.<\/p>\n\n\n\n<div class=\"wp-block-image\"><figure class=\"aligncenter size-large\"><img loading=\"lazy\" decoding=\"async\" width=\"1024\" height=\"730\" src=\"https:\/\/jornalfatosenoticias.com.br\/wp-content\/uploads\/2022\/02\/LOGO-ESTEIO-1024x730.png\" alt=\"\" class=\"wp-image-27942\" srcset=\"https:\/\/jornalfatosenoticias.com.br\/wp-content\/uploads\/2022\/02\/LOGO-ESTEIO-1024x730.png 1024w, https:\/\/jornalfatosenoticias.com.br\/wp-content\/uploads\/2022\/02\/LOGO-ESTEIO-300x214.png 300w, https:\/\/jornalfatosenoticias.com.br\/wp-content\/uploads\/2022\/02\/LOGO-ESTEIO-768x548.png 768w, https:\/\/jornalfatosenoticias.com.br\/wp-content\/uploads\/2022\/02\/LOGO-ESTEIO.png 1123w\" sizes=\"auto, (max-width: 1024px) 100vw, 1024px\" \/><\/figure><\/div>\n\n\n\n<div class=\"wp-block-image\"><figure class=\"aligncenter size-large\"><img decoding=\"async\" src=\"https:\/\/jornalfatosenoticias.com.br\/wp-content\/uploads\/2020\/02\/logo_esteio.jpg\" alt=\"\" class=\"wp-image-1214\"\/><\/figure><\/div>\n\n\n\n<p>As M\u00e3es n\u00e3o s\u00e3o deficientes mentais. Nem somente possessivas. Elas desejam, genuinamente, ter um tempo sem a sobrecarga, desejam descansar, desejam fazer nada, ou sair com amigos e amigas para se divertir um pouco. Mas que nada disso custe a neglig\u00eancia perigosa da Crian\u00e7a, n\u00e3o custe um espancamento no corpinho fr\u00e1gil do filho ou filha, n\u00e3o custe mais uma viola\u00e7\u00e3o sexual de seu filho ou filha.<br>Tenho certeza que aquela jurista, t\u00e3o homenageada pelos seus pares, sabe disso. Nada mais doloroso do que ver um golpe de misoginia numa voz feminina.<br>Estupefata!<\/p>\n\n\n\n<div class=\"wp-block-image\"><figure class=\"aligncenter size-large is-resized\"><img loading=\"lazy\" decoding=\"async\" src=\"https:\/\/jornalfatosenoticias.com.br\/wp-content\/uploads\/2022\/02\/Precisao-Contabilidade-1024x724.jpg\" alt=\"\" class=\"wp-image-28088\" width=\"345\" height=\"244\"\/><\/figure><\/div>\n","protected":false},"excerpt":{"rendered":"<p>O Brasil \u00e9 signat\u00e1rio dos Tratados Internacionais que repudiam as atrocidades causadas pela lei de aliena\u00e7\u00e3o parental, mas, aqui dentro, o ilusionismo vence todas as alega\u00e7\u00f5es de invers\u00e3o do autor da viol\u00eancia Estupefata! N\u00e3o bastasse a punhalada di\u00e1ria da mesma not\u00edcia, com pequenas varia\u00e7\u00f5es, a viol\u00eancia que transborda do que chamam \u201clares\u201d, \u201cfam\u00edlias\u201d, habita nosso [&hellip;]<\/p>\n","protected":false},"author":8,"featured_media":50526,"comment_status":"open","ping_status":"open","sticky":false,"template":"","format":"standard","meta":{"footnotes":""},"categories":[2522],"tags":[1407,1345,23254,3238,14788],"class_list":["post-50522","post","type-post","status-publish","format-standard","has-post-thumbnail","hentry","category-comportamento","tag-familias","tag-justica","tag-lares","tag-leis","tag-violencia-domestica-e-familiar"],"yoast_head":"<!-- This site is optimized with the Yoast SEO plugin v26.5 - https:\/\/yoast.com\/wordpress\/plugins\/seo\/ -->\n<title>Em tempo de luta pelo Direito de Ser Mulher, pelo Direito de Ser Crian\u00e7a \u2014 Parte IV - Jornal Fatos e Not\u00edcias<\/title>\n<meta name=\"robots\" content=\"index, follow, max-snippet:-1, max-image-preview:large, max-video-preview:-1\" \/>\n<link rel=\"canonical\" href=\"https:\/\/jornalfatosenoticias.com.br\/index.php\/2024\/04\/12\/em-tempo-de-luta-pelo-direito-de-ser-mulher-pelo-direito-de-ser-crianca-parte-iv\/\" \/>\n<meta property=\"og:locale\" content=\"pt_BR\" \/>\n<meta property=\"og:type\" content=\"article\" \/>\n<meta property=\"og:title\" content=\"Em tempo de luta pelo Direito de Ser Mulher, pelo Direito de Ser Crian\u00e7a \u2014 Parte IV - Jornal Fatos e Not\u00edcias\" \/>\n<meta property=\"og:description\" content=\"O Brasil \u00e9 signat\u00e1rio dos Tratados Internacionais que repudiam as atrocidades causadas pela lei de aliena\u00e7\u00e3o parental, mas, aqui dentro, o ilusionismo vence todas as alega\u00e7\u00f5es de invers\u00e3o do autor da viol\u00eancia Estupefata! N\u00e3o bastasse a punhalada di\u00e1ria da mesma not\u00edcia, com pequenas varia\u00e7\u00f5es, a viol\u00eancia que transborda do que chamam \u201clares\u201d, \u201cfam\u00edlias\u201d, habita nosso [&hellip;]\" \/>\n<meta property=\"og:url\" content=\"https:\/\/jornalfatosenoticias.com.br\/index.php\/2024\/04\/12\/em-tempo-de-luta-pelo-direito-de-ser-mulher-pelo-direito-de-ser-crianca-parte-iv\/\" \/>\n<meta property=\"og:site_name\" content=\"Jornal Fatos e Not\u00edcias\" \/>\n<meta property=\"article:published_time\" content=\"2024-04-12T20:26:22+00:00\" \/>\n<meta property=\"article:modified_time\" content=\"2024-04-12T20:26:23+00:00\" \/>\n<meta property=\"og:image\" content=\"https:\/\/jornalfatosenoticias.com.br\/wp-content\/uploads\/2024\/04\/mae-e-filho_Pinterest.jpg\" \/>\n\t<meta property=\"og:image:width\" content=\"552\" \/>\n\t<meta property=\"og:image:height\" content=\"690\" \/>\n\t<meta property=\"og:image:type\" content=\"image\/jpeg\" \/>\n<meta name=\"author\" content=\"Ana Maria Iencarelli\" \/>\n<meta name=\"twitter:card\" content=\"summary_large_image\" \/>\n<meta name=\"twitter:label1\" content=\"Escrito por\" \/>\n\t<meta name=\"twitter:data1\" content=\"Ana Maria Iencarelli\" \/>\n\t<meta name=\"twitter:label2\" content=\"Est. tempo de leitura\" \/>\n\t<meta name=\"twitter:data2\" content=\"5 minutos\" \/>\n<script type=\"application\/ld+json\" class=\"yoast-schema-graph\">{\"@context\":\"https:\/\/schema.org\",\"@graph\":[{\"@type\":\"Article\",\"@id\":\"https:\/\/jornalfatosenoticias.com.br\/index.php\/2024\/04\/12\/em-tempo-de-luta-pelo-direito-de-ser-mulher-pelo-direito-de-ser-crianca-parte-iv\/#article\",\"isPartOf\":{\"@id\":\"https:\/\/jornalfatosenoticias.com.br\/index.php\/2024\/04\/12\/em-tempo-de-luta-pelo-direito-de-ser-mulher-pelo-direito-de-ser-crianca-parte-iv\/\"},\"author\":{\"name\":\"Ana Maria Iencarelli\",\"@id\":\"https:\/\/jornalfatosenoticias.com.br\/#\/schema\/person\/c33fcf5fb02d729d3fec92c6737a22d1\"},\"headline\":\"Em tempo de luta pelo Direito de Ser Mulher, pelo Direito de Ser Crian\u00e7a \u2014 Parte IV\",\"datePublished\":\"2024-04-12T20:26:22+00:00\",\"dateModified\":\"2024-04-12T20:26:23+00:00\",\"mainEntityOfPage\":{\"@id\":\"https:\/\/jornalfatosenoticias.com.br\/index.php\/2024\/04\/12\/em-tempo-de-luta-pelo-direito-de-ser-mulher-pelo-direito-de-ser-crianca-parte-iv\/\"},\"wordCount\":1100,\"commentCount\":0,\"publisher\":{\"@id\":\"https:\/\/jornalfatosenoticias.com.br\/#organization\"},\"image\":{\"@id\":\"https:\/\/jornalfatosenoticias.com.br\/index.php\/2024\/04\/12\/em-tempo-de-luta-pelo-direito-de-ser-mulher-pelo-direito-de-ser-crianca-parte-iv\/#primaryimage\"},\"thumbnailUrl\":\"https:\/\/jornalfatosenoticias.com.br\/wp-content\/uploads\/2024\/04\/mae-e-filho_Pinterest.jpg\",\"keywords\":[\"fam\u00edlias\",\"justi\u00e7a\",\"lares\",\"leis\",\"viol\u00eancia dom\u00e9stica e familiar\"],\"articleSection\":[\"Comportamento &amp; Equil\u00edbrio\"],\"inLanguage\":\"pt-BR\",\"potentialAction\":[{\"@type\":\"CommentAction\",\"name\":\"Comment\",\"target\":[\"https:\/\/jornalfatosenoticias.com.br\/index.php\/2024\/04\/12\/em-tempo-de-luta-pelo-direito-de-ser-mulher-pelo-direito-de-ser-crianca-parte-iv\/#respond\"]}]},{\"@type\":\"WebPage\",\"@id\":\"https:\/\/jornalfatosenoticias.com.br\/index.php\/2024\/04\/12\/em-tempo-de-luta-pelo-direito-de-ser-mulher-pelo-direito-de-ser-crianca-parte-iv\/\",\"url\":\"https:\/\/jornalfatosenoticias.com.br\/index.php\/2024\/04\/12\/em-tempo-de-luta-pelo-direito-de-ser-mulher-pelo-direito-de-ser-crianca-parte-iv\/\",\"name\":\"Em tempo de luta pelo Direito de Ser Mulher, pelo Direito de Ser Crian\u00e7a \u2014 Parte IV - Jornal Fatos e Not\u00edcias\",\"isPartOf\":{\"@id\":\"https:\/\/jornalfatosenoticias.com.br\/#website\"},\"primaryImageOfPage\":{\"@id\":\"https:\/\/jornalfatosenoticias.com.br\/index.php\/2024\/04\/12\/em-tempo-de-luta-pelo-direito-de-ser-mulher-pelo-direito-de-ser-crianca-parte-iv\/#primaryimage\"},\"image\":{\"@id\":\"https:\/\/jornalfatosenoticias.com.br\/index.php\/2024\/04\/12\/em-tempo-de-luta-pelo-direito-de-ser-mulher-pelo-direito-de-ser-crianca-parte-iv\/#primaryimage\"},\"thumbnailUrl\":\"https:\/\/jornalfatosenoticias.com.br\/wp-content\/uploads\/2024\/04\/mae-e-filho_Pinterest.jpg\",\"datePublished\":\"2024-04-12T20:26:22+00:00\",\"dateModified\":\"2024-04-12T20:26:23+00:00\",\"breadcrumb\":{\"@id\":\"https:\/\/jornalfatosenoticias.com.br\/index.php\/2024\/04\/12\/em-tempo-de-luta-pelo-direito-de-ser-mulher-pelo-direito-de-ser-crianca-parte-iv\/#breadcrumb\"},\"inLanguage\":\"pt-BR\",\"potentialAction\":[{\"@type\":\"ReadAction\",\"target\":[\"https:\/\/jornalfatosenoticias.com.br\/index.php\/2024\/04\/12\/em-tempo-de-luta-pelo-direito-de-ser-mulher-pelo-direito-de-ser-crianca-parte-iv\/\"]}]},{\"@type\":\"ImageObject\",\"inLanguage\":\"pt-BR\",\"@id\":\"https:\/\/jornalfatosenoticias.com.br\/index.php\/2024\/04\/12\/em-tempo-de-luta-pelo-direito-de-ser-mulher-pelo-direito-de-ser-crianca-parte-iv\/#primaryimage\",\"url\":\"https:\/\/jornalfatosenoticias.com.br\/wp-content\/uploads\/2024\/04\/mae-e-filho_Pinterest.jpg\",\"contentUrl\":\"https:\/\/jornalfatosenoticias.com.br\/wp-content\/uploads\/2024\/04\/mae-e-filho_Pinterest.jpg\",\"width\":552,\"height\":690},{\"@type\":\"BreadcrumbList\",\"@id\":\"https:\/\/jornalfatosenoticias.com.br\/index.php\/2024\/04\/12\/em-tempo-de-luta-pelo-direito-de-ser-mulher-pelo-direito-de-ser-crianca-parte-iv\/#breadcrumb\",\"itemListElement\":[{\"@type\":\"ListItem\",\"position\":1,\"name\":\"In\u00edcio\",\"item\":\"https:\/\/jornalfatosenoticias.com.br\/\"},{\"@type\":\"ListItem\",\"position\":2,\"name\":\"Em tempo de luta pelo Direito de Ser Mulher, pelo Direito de Ser Crian\u00e7a \u2014 Parte IV\"}]},{\"@type\":\"WebSite\",\"@id\":\"https:\/\/jornalfatosenoticias.com.br\/#website\",\"url\":\"https:\/\/jornalfatosenoticias.com.br\/\",\"name\":\"Jornal Fatos e Not\u00edcias\",\"description\":\"Not\u00edcias em geral\",\"publisher\":{\"@id\":\"https:\/\/jornalfatosenoticias.com.br\/#organization\"},\"potentialAction\":[{\"@type\":\"SearchAction\",\"target\":{\"@type\":\"EntryPoint\",\"urlTemplate\":\"https:\/\/jornalfatosenoticias.com.br\/?s={search_term_string}\"},\"query-input\":{\"@type\":\"PropertyValueSpecification\",\"valueRequired\":true,\"valueName\":\"search_term_string\"}}],\"inLanguage\":\"pt-BR\"},{\"@type\":\"Organization\",\"@id\":\"https:\/\/jornalfatosenoticias.com.br\/#organization\",\"name\":\"Jornal Fatos e Not\u00edcias\",\"url\":\"https:\/\/jornalfatosenoticias.com.br\/\",\"logo\":{\"@type\":\"ImageObject\",\"inLanguage\":\"pt-BR\",\"@id\":\"https:\/\/jornalfatosenoticias.com.br\/#\/schema\/logo\/image\/\",\"url\":\"https:\/\/jornalfatosenoticias.com.br\/wp-content\/uploads\/2020\/02\/logo120.png\",\"contentUrl\":\"https:\/\/jornalfatosenoticias.com.br\/wp-content\/uploads\/2020\/02\/logo120.png\",\"width\":1227,\"height\":120,\"caption\":\"Jornal Fatos e Not\u00edcias\"},\"image\":{\"@id\":\"https:\/\/jornalfatosenoticias.com.br\/#\/schema\/logo\/image\/\"}},{\"@type\":\"Person\",\"@id\":\"https:\/\/jornalfatosenoticias.com.br\/#\/schema\/person\/c33fcf5fb02d729d3fec92c6737a22d1\",\"name\":\"Ana Maria Iencarelli\",\"image\":{\"@type\":\"ImageObject\",\"inLanguage\":\"pt-BR\",\"@id\":\"https:\/\/jornalfatosenoticias.com.br\/#\/schema\/person\/image\/\",\"url\":\"https:\/\/jornalfatosenoticias.com.br\/wp-content\/uploads\/2020\/02\/Ana-Maria-Iencarelli-1-150x150.jpg\",\"contentUrl\":\"https:\/\/jornalfatosenoticias.com.br\/wp-content\/uploads\/2020\/02\/Ana-Maria-Iencarelli-1-150x150.jpg\",\"caption\":\"Ana Maria Iencarelli\"},\"description\":\"Psicanalista Cl\u00ednica, especializada no atendimento a Crian\u00e7as e Adolescentes. Presidente da ONG Vozes de Anjos.\",\"url\":\"https:\/\/jornalfatosenoticias.com.br\/index.php\/author\/anamaria\/\"}]}<\/script>\n<!-- \/ Yoast SEO plugin. -->","yoast_head_json":{"title":"Em tempo de luta pelo Direito de Ser Mulher, pelo Direito de Ser Crian\u00e7a \u2014 Parte IV - Jornal Fatos e Not\u00edcias","robots":{"index":"index","follow":"follow","max-snippet":"max-snippet:-1","max-image-preview":"max-image-preview:large","max-video-preview":"max-video-preview:-1"},"canonical":"https:\/\/jornalfatosenoticias.com.br\/index.php\/2024\/04\/12\/em-tempo-de-luta-pelo-direito-de-ser-mulher-pelo-direito-de-ser-crianca-parte-iv\/","og_locale":"pt_BR","og_type":"article","og_title":"Em tempo de luta pelo Direito de Ser Mulher, pelo Direito de Ser Crian\u00e7a \u2014 Parte IV - Jornal Fatos e Not\u00edcias","og_description":"O Brasil \u00e9 signat\u00e1rio dos Tratados Internacionais que repudiam as atrocidades causadas pela lei de aliena\u00e7\u00e3o parental, mas, aqui dentro, o ilusionismo vence todas as alega\u00e7\u00f5es de invers\u00e3o do autor da viol\u00eancia Estupefata! N\u00e3o bastasse a punhalada di\u00e1ria da mesma not\u00edcia, com pequenas varia\u00e7\u00f5es, a viol\u00eancia que transborda do que chamam \u201clares\u201d, \u201cfam\u00edlias\u201d, habita nosso [&hellip;]","og_url":"https:\/\/jornalfatosenoticias.com.br\/index.php\/2024\/04\/12\/em-tempo-de-luta-pelo-direito-de-ser-mulher-pelo-direito-de-ser-crianca-parte-iv\/","og_site_name":"Jornal Fatos e Not\u00edcias","article_published_time":"2024-04-12T20:26:22+00:00","article_modified_time":"2024-04-12T20:26:23+00:00","og_image":[{"width":552,"height":690,"url":"https:\/\/jornalfatosenoticias.com.br\/wp-content\/uploads\/2024\/04\/mae-e-filho_Pinterest.jpg","type":"image\/jpeg"}],"author":"Ana Maria Iencarelli","twitter_card":"summary_large_image","twitter_misc":{"Escrito por":"Ana Maria Iencarelli","Est. tempo de leitura":"5 minutos"},"schema":{"@context":"https:\/\/schema.org","@graph":[{"@type":"Article","@id":"https:\/\/jornalfatosenoticias.com.br\/index.php\/2024\/04\/12\/em-tempo-de-luta-pelo-direito-de-ser-mulher-pelo-direito-de-ser-crianca-parte-iv\/#article","isPartOf":{"@id":"https:\/\/jornalfatosenoticias.com.br\/index.php\/2024\/04\/12\/em-tempo-de-luta-pelo-direito-de-ser-mulher-pelo-direito-de-ser-crianca-parte-iv\/"},"author":{"name":"Ana Maria Iencarelli","@id":"https:\/\/jornalfatosenoticias.com.br\/#\/schema\/person\/c33fcf5fb02d729d3fec92c6737a22d1"},"headline":"Em tempo de luta pelo Direito de Ser Mulher, pelo Direito de Ser Crian\u00e7a \u2014 Parte IV","datePublished":"2024-04-12T20:26:22+00:00","dateModified":"2024-04-12T20:26:23+00:00","mainEntityOfPage":{"@id":"https:\/\/jornalfatosenoticias.com.br\/index.php\/2024\/04\/12\/em-tempo-de-luta-pelo-direito-de-ser-mulher-pelo-direito-de-ser-crianca-parte-iv\/"},"wordCount":1100,"commentCount":0,"publisher":{"@id":"https:\/\/jornalfatosenoticias.com.br\/#organization"},"image":{"@id":"https:\/\/jornalfatosenoticias.com.br\/index.php\/2024\/04\/12\/em-tempo-de-luta-pelo-direito-de-ser-mulher-pelo-direito-de-ser-crianca-parte-iv\/#primaryimage"},"thumbnailUrl":"https:\/\/jornalfatosenoticias.com.br\/wp-content\/uploads\/2024\/04\/mae-e-filho_Pinterest.jpg","keywords":["fam\u00edlias","justi\u00e7a","lares","leis","viol\u00eancia dom\u00e9stica e familiar"],"articleSection":["Comportamento &amp; Equil\u00edbrio"],"inLanguage":"pt-BR","potentialAction":[{"@type":"CommentAction","name":"Comment","target":["https:\/\/jornalfatosenoticias.com.br\/index.php\/2024\/04\/12\/em-tempo-de-luta-pelo-direito-de-ser-mulher-pelo-direito-de-ser-crianca-parte-iv\/#respond"]}]},{"@type":"WebPage","@id":"https:\/\/jornalfatosenoticias.com.br\/index.php\/2024\/04\/12\/em-tempo-de-luta-pelo-direito-de-ser-mulher-pelo-direito-de-ser-crianca-parte-iv\/","url":"https:\/\/jornalfatosenoticias.com.br\/index.php\/2024\/04\/12\/em-tempo-de-luta-pelo-direito-de-ser-mulher-pelo-direito-de-ser-crianca-parte-iv\/","name":"Em tempo de luta pelo Direito de Ser Mulher, pelo Direito de Ser Crian\u00e7a \u2014 Parte IV - Jornal Fatos e Not\u00edcias","isPartOf":{"@id":"https:\/\/jornalfatosenoticias.com.br\/#website"},"primaryImageOfPage":{"@id":"https:\/\/jornalfatosenoticias.com.br\/index.php\/2024\/04\/12\/em-tempo-de-luta-pelo-direito-de-ser-mulher-pelo-direito-de-ser-crianca-parte-iv\/#primaryimage"},"image":{"@id":"https:\/\/jornalfatosenoticias.com.br\/index.php\/2024\/04\/12\/em-tempo-de-luta-pelo-direito-de-ser-mulher-pelo-direito-de-ser-crianca-parte-iv\/#primaryimage"},"thumbnailUrl":"https:\/\/jornalfatosenoticias.com.br\/wp-content\/uploads\/2024\/04\/mae-e-filho_Pinterest.jpg","datePublished":"2024-04-12T20:26:22+00:00","dateModified":"2024-04-12T20:26:23+00:00","breadcrumb":{"@id":"https:\/\/jornalfatosenoticias.com.br\/index.php\/2024\/04\/12\/em-tempo-de-luta-pelo-direito-de-ser-mulher-pelo-direito-de-ser-crianca-parte-iv\/#breadcrumb"},"inLanguage":"pt-BR","potentialAction":[{"@type":"ReadAction","target":["https:\/\/jornalfatosenoticias.com.br\/index.php\/2024\/04\/12\/em-tempo-de-luta-pelo-direito-de-ser-mulher-pelo-direito-de-ser-crianca-parte-iv\/"]}]},{"@type":"ImageObject","inLanguage":"pt-BR","@id":"https:\/\/jornalfatosenoticias.com.br\/index.php\/2024\/04\/12\/em-tempo-de-luta-pelo-direito-de-ser-mulher-pelo-direito-de-ser-crianca-parte-iv\/#primaryimage","url":"https:\/\/jornalfatosenoticias.com.br\/wp-content\/uploads\/2024\/04\/mae-e-filho_Pinterest.jpg","contentUrl":"https:\/\/jornalfatosenoticias.com.br\/wp-content\/uploads\/2024\/04\/mae-e-filho_Pinterest.jpg","width":552,"height":690},{"@type":"BreadcrumbList","@id":"https:\/\/jornalfatosenoticias.com.br\/index.php\/2024\/04\/12\/em-tempo-de-luta-pelo-direito-de-ser-mulher-pelo-direito-de-ser-crianca-parte-iv\/#breadcrumb","itemListElement":[{"@type":"ListItem","position":1,"name":"In\u00edcio","item":"https:\/\/jornalfatosenoticias.com.br\/"},{"@type":"ListItem","position":2,"name":"Em tempo de luta pelo Direito de Ser Mulher, pelo Direito de Ser Crian\u00e7a \u2014 Parte IV"}]},{"@type":"WebSite","@id":"https:\/\/jornalfatosenoticias.com.br\/#website","url":"https:\/\/jornalfatosenoticias.com.br\/","name":"Jornal Fatos e Not\u00edcias","description":"Not\u00edcias em geral","publisher":{"@id":"https:\/\/jornalfatosenoticias.com.br\/#organization"},"potentialAction":[{"@type":"SearchAction","target":{"@type":"EntryPoint","urlTemplate":"https:\/\/jornalfatosenoticias.com.br\/?s={search_term_string}"},"query-input":{"@type":"PropertyValueSpecification","valueRequired":true,"valueName":"search_term_string"}}],"inLanguage":"pt-BR"},{"@type":"Organization","@id":"https:\/\/jornalfatosenoticias.com.br\/#organization","name":"Jornal Fatos e Not\u00edcias","url":"https:\/\/jornalfatosenoticias.com.br\/","logo":{"@type":"ImageObject","inLanguage":"pt-BR","@id":"https:\/\/jornalfatosenoticias.com.br\/#\/schema\/logo\/image\/","url":"https:\/\/jornalfatosenoticias.com.br\/wp-content\/uploads\/2020\/02\/logo120.png","contentUrl":"https:\/\/jornalfatosenoticias.com.br\/wp-content\/uploads\/2020\/02\/logo120.png","width":1227,"height":120,"caption":"Jornal Fatos e Not\u00edcias"},"image":{"@id":"https:\/\/jornalfatosenoticias.com.br\/#\/schema\/logo\/image\/"}},{"@type":"Person","@id":"https:\/\/jornalfatosenoticias.com.br\/#\/schema\/person\/c33fcf5fb02d729d3fec92c6737a22d1","name":"Ana Maria Iencarelli","image":{"@type":"ImageObject","inLanguage":"pt-BR","@id":"https:\/\/jornalfatosenoticias.com.br\/#\/schema\/person\/image\/","url":"https:\/\/jornalfatosenoticias.com.br\/wp-content\/uploads\/2020\/02\/Ana-Maria-Iencarelli-1-150x150.jpg","contentUrl":"https:\/\/jornalfatosenoticias.com.br\/wp-content\/uploads\/2020\/02\/Ana-Maria-Iencarelli-1-150x150.jpg","caption":"Ana Maria Iencarelli"},"description":"Psicanalista Cl\u00ednica, especializada no atendimento a Crian\u00e7as e Adolescentes. Presidente da ONG Vozes de Anjos.","url":"https:\/\/jornalfatosenoticias.com.br\/index.php\/author\/anamaria\/"}]}},"cc_featured_image_caption":{"caption_text":"(Foto: Pinterest) ","source_text":"","source_url":""},"jetpack_featured_media_url":"https:\/\/jornalfatosenoticias.com.br\/wp-content\/uploads\/2024\/04\/mae-e-filho_Pinterest.jpg","_links":{"self":[{"href":"https:\/\/jornalfatosenoticias.com.br\/index.php\/wp-json\/wp\/v2\/posts\/50522","targetHints":{"allow":["GET"]}}],"collection":[{"href":"https:\/\/jornalfatosenoticias.com.br\/index.php\/wp-json\/wp\/v2\/posts"}],"about":[{"href":"https:\/\/jornalfatosenoticias.com.br\/index.php\/wp-json\/wp\/v2\/types\/post"}],"author":[{"embeddable":true,"href":"https:\/\/jornalfatosenoticias.com.br\/index.php\/wp-json\/wp\/v2\/users\/8"}],"replies":[{"embeddable":true,"href":"https:\/\/jornalfatosenoticias.com.br\/index.php\/wp-json\/wp\/v2\/comments?post=50522"}],"version-history":[{"count":0,"href":"https:\/\/jornalfatosenoticias.com.br\/index.php\/wp-json\/wp\/v2\/posts\/50522\/revisions"}],"wp:featuredmedia":[{"embeddable":true,"href":"https:\/\/jornalfatosenoticias.com.br\/index.php\/wp-json\/wp\/v2\/media\/50526"}],"wp:attachment":[{"href":"https:\/\/jornalfatosenoticias.com.br\/index.php\/wp-json\/wp\/v2\/media?parent=50522"}],"wp:term":[{"taxonomy":"category","embeddable":true,"href":"https:\/\/jornalfatosenoticias.com.br\/index.php\/wp-json\/wp\/v2\/categories?post=50522"},{"taxonomy":"post_tag","embeddable":true,"href":"https:\/\/jornalfatosenoticias.com.br\/index.php\/wp-json\/wp\/v2\/tags?post=50522"}],"curies":[{"name":"wp","href":"https:\/\/api.w.org\/{rel}","templated":true}]}}