{"id":50552,"date":"2024-04-15T08:53:51","date_gmt":"2024-04-15T11:53:51","guid":{"rendered":"https:\/\/jornalfatosenoticias.com.br\/?p=50552"},"modified":"2024-04-15T08:53:53","modified_gmt":"2024-04-15T11:53:53","slug":"solidao-faz-mal-a-saude-veja-o-que-diz-a-ciencia","status":"publish","type":"post","link":"https:\/\/jornalfatosenoticias.com.br\/index.php\/2024\/04\/15\/solidao-faz-mal-a-saude-veja-o-que-diz-a-ciencia\/","title":{"rendered":"Solid\u00e3o faz mal \u00e0 sa\u00fade? Veja o que diz a ci\u00eancia"},"content":{"rendered":"\n<p><em><span class=\"has-inline-color has-black-color\">Estudos est\u00e3o se aprofundando na rela\u00e7\u00e3o entre a solid\u00e3o e diversos problemas de sa\u00fade; pessoas solit\u00e1rias t\u00eam mais risco de depress\u00e3o e doen\u00e7as cardiovasculares<\/span><\/em><\/p>\n\n\n\n<p><span class=\"has-inline-color has-black-color\">Por <strong><a href=\"https:\/\/gizmodo.uol.com.br\/author\/barbara-giovani\/\">B\u00e1rbara Giovani<\/a><\/strong><\/span><\/p>\n\n\n\n<div class=\"wp-block-image\"><figure class=\"aligncenter size-large is-resized\"><img loading=\"lazy\" decoding=\"async\" src=\"https:\/\/jornalfatosenoticias.com.br\/wp-content\/uploads\/2023\/09\/vetorvix1024_1.jpg\" alt=\"\" class=\"wp-image-44868\" width=\"535\" height=\"142\" srcset=\"https:\/\/jornalfatosenoticias.com.br\/wp-content\/uploads\/2023\/09\/vetorvix1024_1.jpg 1024w, https:\/\/jornalfatosenoticias.com.br\/wp-content\/uploads\/2023\/09\/vetorvix1024_1-300x80.jpg 300w, https:\/\/jornalfatosenoticias.com.br\/wp-content\/uploads\/2023\/09\/vetorvix1024_1-768x205.jpg 768w\" sizes=\"auto, (max-width: 535px) 100vw, 535px\" \/><\/figure><\/div>\n\n\n\n<p>Cerca de <a href=\"https:\/\/gizmodo.uol.com.br\/mundo-vive-epidemia-de-solidao-um-quarto-das-pessoas-se-sente-so\/\">um quarto dos adultos no mundo<\/a> se sentem muito solit\u00e1rios, segundo pesquisa da Meta com a empresa de pesquisa Gallup e um grupo de consultores acad\u00eamicos. Embora a solid\u00e3o pare\u00e7a um sentimento comum, ela pode ter tantas implica\u00e7\u00f5es negativas \u00e0 sa\u00fade que a Organiza\u00e7\u00e3o Mundial da Sa\u00fade (<a href=\"https:\/\/www.who.int\/news\/item\/15-11-2023-who-launches-commission-to-foster-social-connection\">OMS<\/a>) a chamou de \u201camea\u00e7a \u00e0 sa\u00fade urgente\u201d.<br>Diferente do que muitos pensam, o conceito de solid\u00e3o n\u00e3o diz respeito a uma pessoa que tem poucos relacionamentos sociais. Na verdade, isso se refere ao isolamento social. A solid\u00e3o, por sua vez, ocorre quando uma pessoa est\u00e1 insatisfeita com os relacionamentos sociais que tem, em geral, \u00e9 uma experi\u00eancia subjetiva. Para muitos, n\u00e3o \u00e9 f\u00e1cil sair de um per\u00edodo solit\u00e1rio. E quando a solid\u00e3o aguda se torna cr\u00f4nica, os efeitos na sa\u00fade podem ser abrangentes.<\/p>\n\n\n\n<div class=\"wp-block-image\"><figure class=\"aligncenter size-large\"><img loading=\"lazy\" decoding=\"async\" width=\"300\" height=\"250\" src=\"https:\/\/jornalfatosenoticias.com.br\/wp-content\/uploads\/2022\/02\/FERRARI_MAQUINAS-E-FERRAMENTAS2.jpg\" alt=\"\" class=\"wp-image-27860\"\/><\/figure><\/div>\n\n\n\n<p>De acordo com o <a href=\"https:\/\/www.hhs.gov\/sites\/default\/files\/surgeon-general-social-connection-advisory.pdf\">relat\u00f3rio<\/a> do cirurgi\u00e3o geral Vivek Murthy, a solid\u00e3o cr\u00f4nica pode ser t\u00e3o prejudicial quanto a obesidade, a inatividade f\u00edsica e o tabagismo. Al\u00e9m disso, h\u00e1 uma longa lista de problemas de sa\u00fade associados ao sentimento. Entre elas, est\u00e3o a <a href=\"https:\/\/linkinghub.elsevier.com\/retrieve\/pii\/S0165178120331759\">depress\u00e3o<\/a>, doen\u00e7as cardiovasculares, a morte precoce e a dem\u00eancia \u2014 pessoas que se sentem solit\u00e1rias t\u00eam 1,64 vezes mais chances de desenvolver esse tipo de neurodegenera\u00e7\u00e3o.<\/p>\n\n\n\n<div class=\"wp-block-image\"><figure class=\"aligncenter size-large is-resized\"><img loading=\"lazy\" decoding=\"async\" src=\"https:\/\/jornalfatosenoticias.com.br\/wp-content\/uploads\/2020\/02\/logo-Rapuzel-1024x571.jpg\" alt=\"\" class=\"wp-image-42808\" width=\"329\" height=\"183\" srcset=\"https:\/\/jornalfatosenoticias.com.br\/wp-content\/uploads\/2020\/02\/logo-Rapuzel-1024x571.jpg 1024w, https:\/\/jornalfatosenoticias.com.br\/wp-content\/uploads\/2020\/02\/logo-Rapuzel-300x167.jpg 300w, https:\/\/jornalfatosenoticias.com.br\/wp-content\/uploads\/2020\/02\/logo-Rapuzel-768x428.jpg 768w, https:\/\/jornalfatosenoticias.com.br\/wp-content\/uploads\/2020\/02\/logo-Rapuzel-1536x856.jpg 1536w, https:\/\/jornalfatosenoticias.com.br\/wp-content\/uploads\/2020\/02\/logo-Rapuzel.jpg 1600w\" sizes=\"auto, (max-width: 329px) 100vw, 329px\" \/><\/figure><\/div>\n\n\n\n<p>Em geral, essas s\u00e3o consequ\u00eancias do fato de que <a href=\"https:\/\/gizmodo.uol.com.br\/solidao-aumenta-4-vezes-a-prevalencia-de-depressao-em-idosos\/\">pessoas solit\u00e1rias<\/a> t\u00eam maior risco de press\u00e3o alta e disfun\u00e7\u00e3o do sistema imunol\u00f3gico em compara\u00e7\u00e3o com aquelas que n\u00e3o se sentem dessa forma. Tamb\u00e9m h\u00e1 influ\u00eancia de v\u00e1rios efeitos fisiol\u00f3gicos. Por exemplo, a capacidade de dormir, n\u00edveis aumentados de horm\u00f4nios do estresse e maior suscetibilidade a infec\u00e7\u00f5es.<\/p>\n\n\n\n<div class=\"wp-block-image\"><figure class=\"aligncenter size-large is-resized\"><img loading=\"lazy\" decoding=\"async\" src=\"https:\/\/jornalfatosenoticias.com.br\/wp-content\/uploads\/2023\/08\/BKR-1024x1021.jpg\" alt=\"\" class=\"wp-image-44494\" width=\"303\" height=\"302\" srcset=\"https:\/\/jornalfatosenoticias.com.br\/wp-content\/uploads\/2023\/08\/BKR-1024x1021.jpg 1024w, https:\/\/jornalfatosenoticias.com.br\/wp-content\/uploads\/2023\/08\/BKR-300x300.jpg 300w, https:\/\/jornalfatosenoticias.com.br\/wp-content\/uploads\/2023\/08\/BKR-150x150.jpg 150w, https:\/\/jornalfatosenoticias.com.br\/wp-content\/uploads\/2023\/08\/BKR-768x766.jpg 768w, https:\/\/jornalfatosenoticias.com.br\/wp-content\/uploads\/2023\/08\/BKR.jpg 1080w\" sizes=\"auto, (max-width: 303px) 100vw, 303px\" \/><\/figure><\/div>\n\n\n\n<p>Nos \u00faltimos anos, pesquisas t\u00eam buscado respostas sobre a rela\u00e7\u00e3o da solid\u00e3o e os problemas de sa\u00fade decorrentes. E, claro, muito dessa intera\u00e7\u00e3o se passa no c\u00e9rebro. De acordo com um <a href=\"https:\/\/www.nature.com\/articles\/s41593-020-00742-z\">estudo<\/a> de 2020, quando pessoas solit\u00e1rias observam outros indiv\u00edduos interagindo, ativam uma regi\u00e3o localizada bem no meio do c\u00e9rebro. Chamada de subst\u00e2ncia negra, ela faz parte do sistema de motiva\u00e7\u00e3o e se ativa quando uma pessoa quer algo.<\/p>\n\n\n\n<div class=\"wp-block-image\"><figure class=\"aligncenter size-large\"><img decoding=\"async\" src=\"https:\/\/jornalfatosenoticias.com.br\/wp-content\/uploads\/2020\/02\/barao-das-carnes-300x164-1.jpg\" alt=\"\" class=\"wp-image-34339\"\/><\/figure><\/div>\n\n\n\n<p>Curiosamente, o processo tamb\u00e9m acontece quando uma pessoa com fome v\u00ea imagens de comida. Provavelmente por isso, pessoas que sentem solid\u00e3o se tornam mais propensas a aceitar recompensas. Por exemplo, uma <a href=\"https:\/\/www.researchsquare.com\/article\/rs-2718114\/v1\">pesquisa<\/a> de 2023 demonstrou que adolescentes isolados pro quatro horas aceitavam de maneira mais f\u00e1cil uma recompensa em dinheiro do que aqueles que continuaram interagindo.<\/p>\n\n\n\n<div class=\"wp-block-image\"><figure class=\"aligncenter size-large is-resized\"><img loading=\"lazy\" decoding=\"async\" src=\"https:\/\/jornalfatosenoticias.com.br\/wp-content\/uploads\/2023\/08\/ITH.jpeg\" alt=\"\" class=\"wp-image-44638\" width=\"325\" height=\"264\" srcset=\"https:\/\/jornalfatosenoticias.com.br\/wp-content\/uploads\/2023\/08\/ITH.jpeg 800w, https:\/\/jornalfatosenoticias.com.br\/wp-content\/uploads\/2023\/08\/ITH-300x244.jpeg 300w, https:\/\/jornalfatosenoticias.com.br\/wp-content\/uploads\/2023\/08\/ITH-768x624.jpeg 768w\" sizes=\"auto, (max-width: 325px) 100vw, 325px\" \/><\/figure><\/div>\n\n\n\n<p>Al\u00e9m disso, outro <a href=\"https:\/\/doi.org\/10.1523%2FJNEUROSCI.2797-06.2006\">estudo<\/a> mostrou que, ao gerar estresse, a solid\u00e3o estimula o aumento dos n\u00edveis de duas prote\u00ednas envolvidas na doen\u00e7a de Alzheimer. Em geral, as placas de prote\u00edna que se emaranham ao redor dos neur\u00f4nios e interferem na mem\u00f3ria e cogni\u00e7\u00e3o.<\/p>\n\n\n\n<div class=\"wp-block-image\"><figure class=\"aligncenter size-large is-resized\"><img loading=\"lazy\" decoding=\"async\" src=\"https:\/\/jornalfatosenoticias.com.br\/wp-content\/uploads\/2023\/12\/pegoretti-logo-pdf-1024x389.jpg\" alt=\"\" class=\"wp-image-47536\" width=\"480\" height=\"182\" srcset=\"https:\/\/jornalfatosenoticias.com.br\/wp-content\/uploads\/2023\/12\/pegoretti-logo-pdf-1024x389.jpg 1024w, https:\/\/jornalfatosenoticias.com.br\/wp-content\/uploads\/2023\/12\/pegoretti-logo-pdf-300x114.jpg 300w, https:\/\/jornalfatosenoticias.com.br\/wp-content\/uploads\/2023\/12\/pegoretti-logo-pdf-768x291.jpg 768w, https:\/\/jornalfatosenoticias.com.br\/wp-content\/uploads\/2023\/12\/pegoretti-logo-pdf.jpg 1120w\" sizes=\"auto, (max-width: 480px) 100vw, 480px\" \/><\/figure><\/div>\n\n\n\n<p>Por fim, a solid\u00e3o tamb\u00e9m \u00e9 associada a <a href=\"https:\/\/pubmed.ncbi.nlm.nih.gov\/33549803\/\">um volume menor de mat\u00e9ria cinzenta<\/a> no c\u00e9rebro. De acordo com especialistas, socializar mant\u00e9m conex\u00f5es neurais e pessoas solit\u00e1rios provavelmente perdem esse exerc\u00edcio mental.<\/p>\n\n\n\n<div class=\"wp-block-image\"><figure class=\"aligncenter size-large is-resized\"><img loading=\"lazy\" decoding=\"async\" src=\"https:\/\/jornalfatosenoticias.com.br\/wp-content\/uploads\/2022\/02\/Precisao-Contabilidade-1024x724.jpg\" alt=\"\" class=\"wp-image-28088\" width=\"314\" height=\"222\"\/><\/figure><\/div>\n\n\n\n<p>Assim como grande parte das doen\u00e7as, a solid\u00e3o tamb\u00e9m exige um tratamento que demanda h\u00e1bitos saud\u00e1veis. Entre eles, a atividade f\u00edsica, mas tamb\u00e9m a intera\u00e7\u00e3o social. Em geral, o exerc\u00edcio pode for\u00e7ar as pessoas a usar outras partes do c\u00e9rebro, interrompendo os processos neurais associados \u00e0 autorreflex\u00e3o. Dessa forma, <a href=\"https:\/\/www.nature.com\/articles\/s44220-024-00204-6\">caminhar de quatro a cinco quil\u00f4metros<\/a> ao longo de uma hora reverteu completamente os sentimentos de mau humor associados \u00e0 solid\u00e3o em algumas pessoas. E, claro, exercitar-se tamb\u00e9m \u00e9 uma \u00f3tima maneira de socializar.<\/p>\n\n\n\n<div class=\"wp-block-image\"><figure class=\"aligncenter size-large is-resized\"><img loading=\"lazy\" decoding=\"async\" src=\"https:\/\/jornalfatosenoticias.com.br\/wp-content\/uploads\/2024\/01\/consultoria-ambiental.jpg\" alt=\"\" class=\"wp-image-48314\" width=\"297\" height=\"269\" srcset=\"https:\/\/jornalfatosenoticias.com.br\/wp-content\/uploads\/2024\/01\/consultoria-ambiental.jpg 832w, https:\/\/jornalfatosenoticias.com.br\/wp-content\/uploads\/2024\/01\/consultoria-ambiental-300x272.jpg 300w, https:\/\/jornalfatosenoticias.com.br\/wp-content\/uploads\/2024\/01\/consultoria-ambiental-768x696.jpg 768w\" sizes=\"auto, (max-width: 297px) 100vw, 297px\" \/><\/figure><\/div>\n\n\n\n<p><strong><em>Fonte: <a href=\"https:\/\/gizmodo.uol.com.br\/solidao-faz-mal-a-saude-veja-o-que-diz-a-ciencia\/\">Giz Brasil<\/a><\/em><\/strong><\/p>\n","protected":false},"excerpt":{"rendered":"<p>Estudos est\u00e3o se aprofundando na rela\u00e7\u00e3o entre a solid\u00e3o e diversos problemas de sa\u00fade; pessoas solit\u00e1rias t\u00eam mais risco de depress\u00e3o e doen\u00e7as cardiovasculares Por B\u00e1rbara Giovani Cerca de um quarto dos adultos no mundo se sentem muito solit\u00e1rios, segundo pesquisa da Meta com a empresa de pesquisa Gallup e um grupo de consultores acad\u00eamicos. [&hellip;]<\/p>\n","protected":false},"author":2,"featured_media":50553,"comment_status":"open","ping_status":"open","sticky":false,"template":"","format":"standard","meta":{"footnotes":""},"categories":[2522],"tags":[7232,394,2622],"class_list":["post-50552","post","type-post","status-publish","format-standard","has-post-thumbnail","hentry","category-comportamento","tag-cognicao","tag-doenca","tag-solidao"],"yoast_head":"<!-- This site is optimized with the Yoast SEO plugin v26.5 - https:\/\/yoast.com\/wordpress\/plugins\/seo\/ -->\n<title>Solid\u00e3o faz mal \u00e0 sa\u00fade? Veja o que diz a ci\u00eancia - Jornal Fatos e Not\u00edcias<\/title>\n<meta name=\"robots\" content=\"index, follow, max-snippet:-1, max-image-preview:large, max-video-preview:-1\" \/>\n<link rel=\"canonical\" href=\"https:\/\/jornalfatosenoticias.com.br\/index.php\/2024\/04\/15\/solidao-faz-mal-a-saude-veja-o-que-diz-a-ciencia\/\" \/>\n<meta property=\"og:locale\" content=\"pt_BR\" \/>\n<meta property=\"og:type\" content=\"article\" \/>\n<meta property=\"og:title\" content=\"Solid\u00e3o faz mal \u00e0 sa\u00fade? Veja o que diz a ci\u00eancia - Jornal Fatos e Not\u00edcias\" \/>\n<meta property=\"og:description\" content=\"Estudos est\u00e3o se aprofundando na rela\u00e7\u00e3o entre a solid\u00e3o e diversos problemas de sa\u00fade; pessoas solit\u00e1rias t\u00eam mais risco de depress\u00e3o e doen\u00e7as cardiovasculares Por B\u00e1rbara Giovani Cerca de um quarto dos adultos no mundo se sentem muito solit\u00e1rios, segundo pesquisa da Meta com a empresa de pesquisa Gallup e um grupo de consultores acad\u00eamicos. [&hellip;]\" \/>\n<meta property=\"og:url\" content=\"https:\/\/jornalfatosenoticias.com.br\/index.php\/2024\/04\/15\/solidao-faz-mal-a-saude-veja-o-que-diz-a-ciencia\/\" \/>\n<meta property=\"og:site_name\" content=\"Jornal Fatos e Not\u00edcias\" \/>\n<meta property=\"article:published_time\" content=\"2024-04-15T11:53:51+00:00\" \/>\n<meta property=\"article:modified_time\" content=\"2024-04-15T11:53:53+00:00\" \/>\n<meta property=\"og:image\" content=\"https:\/\/jornalfatosenoticias.com.br\/wp-content\/uploads\/2024\/04\/solidao_gettyimages.jpg\" \/>\n\t<meta property=\"og:image:width\" content=\"612\" \/>\n\t<meta property=\"og:image:height\" content=\"408\" \/>\n\t<meta property=\"og:image:type\" content=\"image\/jpeg\" \/>\n<meta name=\"author\" content=\"Luzimara Fernandes\" \/>\n<meta name=\"twitter:card\" content=\"summary_large_image\" \/>\n<meta name=\"twitter:label1\" content=\"Escrito por\" \/>\n\t<meta name=\"twitter:data1\" content=\"Luzimara Fernandes\" \/>\n\t<meta name=\"twitter:label2\" content=\"Est. tempo de leitura\" \/>\n\t<meta name=\"twitter:data2\" content=\"3 minutos\" \/>\n<script type=\"application\/ld+json\" class=\"yoast-schema-graph\">{\"@context\":\"https:\/\/schema.org\",\"@graph\":[{\"@type\":\"Article\",\"@id\":\"https:\/\/jornalfatosenoticias.com.br\/index.php\/2024\/04\/15\/solidao-faz-mal-a-saude-veja-o-que-diz-a-ciencia\/#article\",\"isPartOf\":{\"@id\":\"https:\/\/jornalfatosenoticias.com.br\/index.php\/2024\/04\/15\/solidao-faz-mal-a-saude-veja-o-que-diz-a-ciencia\/\"},\"author\":{\"name\":\"Luzimara Fernandes\",\"@id\":\"https:\/\/jornalfatosenoticias.com.br\/#\/schema\/person\/d63837fa13ac8666eb9e74e0985d6f81\"},\"headline\":\"Solid\u00e3o faz mal \u00e0 sa\u00fade? Veja o que diz a ci\u00eancia\",\"datePublished\":\"2024-04-15T11:53:51+00:00\",\"dateModified\":\"2024-04-15T11:53:53+00:00\",\"mainEntityOfPage\":{\"@id\":\"https:\/\/jornalfatosenoticias.com.br\/index.php\/2024\/04\/15\/solidao-faz-mal-a-saude-veja-o-que-diz-a-ciencia\/\"},\"wordCount\":680,\"commentCount\":0,\"publisher\":{\"@id\":\"https:\/\/jornalfatosenoticias.com.br\/#organization\"},\"image\":{\"@id\":\"https:\/\/jornalfatosenoticias.com.br\/index.php\/2024\/04\/15\/solidao-faz-mal-a-saude-veja-o-que-diz-a-ciencia\/#primaryimage\"},\"thumbnailUrl\":\"https:\/\/jornalfatosenoticias.com.br\/wp-content\/uploads\/2024\/04\/solidao_gettyimages.jpg\",\"keywords\":[\"cogni\u00e7\u00e3o\",\"doen\u00e7a\",\"solid\u00e3o\"],\"articleSection\":[\"Comportamento &amp; Equil\u00edbrio\"],\"inLanguage\":\"pt-BR\",\"potentialAction\":[{\"@type\":\"CommentAction\",\"name\":\"Comment\",\"target\":[\"https:\/\/jornalfatosenoticias.com.br\/index.php\/2024\/04\/15\/solidao-faz-mal-a-saude-veja-o-que-diz-a-ciencia\/#respond\"]}]},{\"@type\":\"WebPage\",\"@id\":\"https:\/\/jornalfatosenoticias.com.br\/index.php\/2024\/04\/15\/solidao-faz-mal-a-saude-veja-o-que-diz-a-ciencia\/\",\"url\":\"https:\/\/jornalfatosenoticias.com.br\/index.php\/2024\/04\/15\/solidao-faz-mal-a-saude-veja-o-que-diz-a-ciencia\/\",\"name\":\"Solid\u00e3o faz mal \u00e0 sa\u00fade? Veja o que diz a ci\u00eancia - Jornal Fatos e Not\u00edcias\",\"isPartOf\":{\"@id\":\"https:\/\/jornalfatosenoticias.com.br\/#website\"},\"primaryImageOfPage\":{\"@id\":\"https:\/\/jornalfatosenoticias.com.br\/index.php\/2024\/04\/15\/solidao-faz-mal-a-saude-veja-o-que-diz-a-ciencia\/#primaryimage\"},\"image\":{\"@id\":\"https:\/\/jornalfatosenoticias.com.br\/index.php\/2024\/04\/15\/solidao-faz-mal-a-saude-veja-o-que-diz-a-ciencia\/#primaryimage\"},\"thumbnailUrl\":\"https:\/\/jornalfatosenoticias.com.br\/wp-content\/uploads\/2024\/04\/solidao_gettyimages.jpg\",\"datePublished\":\"2024-04-15T11:53:51+00:00\",\"dateModified\":\"2024-04-15T11:53:53+00:00\",\"breadcrumb\":{\"@id\":\"https:\/\/jornalfatosenoticias.com.br\/index.php\/2024\/04\/15\/solidao-faz-mal-a-saude-veja-o-que-diz-a-ciencia\/#breadcrumb\"},\"inLanguage\":\"pt-BR\",\"potentialAction\":[{\"@type\":\"ReadAction\",\"target\":[\"https:\/\/jornalfatosenoticias.com.br\/index.php\/2024\/04\/15\/solidao-faz-mal-a-saude-veja-o-que-diz-a-ciencia\/\"]}]},{\"@type\":\"ImageObject\",\"inLanguage\":\"pt-BR\",\"@id\":\"https:\/\/jornalfatosenoticias.com.br\/index.php\/2024\/04\/15\/solidao-faz-mal-a-saude-veja-o-que-diz-a-ciencia\/#primaryimage\",\"url\":\"https:\/\/jornalfatosenoticias.com.br\/wp-content\/uploads\/2024\/04\/solidao_gettyimages.jpg\",\"contentUrl\":\"https:\/\/jornalfatosenoticias.com.br\/wp-content\/uploads\/2024\/04\/solidao_gettyimages.jpg\",\"width\":612,\"height\":408,\"caption\":\"Rear view of woman looking out to city through window\"},{\"@type\":\"BreadcrumbList\",\"@id\":\"https:\/\/jornalfatosenoticias.com.br\/index.php\/2024\/04\/15\/solidao-faz-mal-a-saude-veja-o-que-diz-a-ciencia\/#breadcrumb\",\"itemListElement\":[{\"@type\":\"ListItem\",\"position\":1,\"name\":\"In\u00edcio\",\"item\":\"https:\/\/jornalfatosenoticias.com.br\/\"},{\"@type\":\"ListItem\",\"position\":2,\"name\":\"Solid\u00e3o faz mal \u00e0 sa\u00fade? Veja o que diz a ci\u00eancia\"}]},{\"@type\":\"WebSite\",\"@id\":\"https:\/\/jornalfatosenoticias.com.br\/#website\",\"url\":\"https:\/\/jornalfatosenoticias.com.br\/\",\"name\":\"Jornal Fatos e Not\u00edcias\",\"description\":\"Not\u00edcias em geral\",\"publisher\":{\"@id\":\"https:\/\/jornalfatosenoticias.com.br\/#organization\"},\"potentialAction\":[{\"@type\":\"SearchAction\",\"target\":{\"@type\":\"EntryPoint\",\"urlTemplate\":\"https:\/\/jornalfatosenoticias.com.br\/?s={search_term_string}\"},\"query-input\":{\"@type\":\"PropertyValueSpecification\",\"valueRequired\":true,\"valueName\":\"search_term_string\"}}],\"inLanguage\":\"pt-BR\"},{\"@type\":\"Organization\",\"@id\":\"https:\/\/jornalfatosenoticias.com.br\/#organization\",\"name\":\"Jornal Fatos e Not\u00edcias\",\"url\":\"https:\/\/jornalfatosenoticias.com.br\/\",\"logo\":{\"@type\":\"ImageObject\",\"inLanguage\":\"pt-BR\",\"@id\":\"https:\/\/jornalfatosenoticias.com.br\/#\/schema\/logo\/image\/\",\"url\":\"https:\/\/jornalfatosenoticias.com.br\/wp-content\/uploads\/2020\/02\/logo120.png\",\"contentUrl\":\"https:\/\/jornalfatosenoticias.com.br\/wp-content\/uploads\/2020\/02\/logo120.png\",\"width\":1227,\"height\":120,\"caption\":\"Jornal Fatos e Not\u00edcias\"},\"image\":{\"@id\":\"https:\/\/jornalfatosenoticias.com.br\/#\/schema\/logo\/image\/\"}},{\"@type\":\"Person\",\"@id\":\"https:\/\/jornalfatosenoticias.com.br\/#\/schema\/person\/d63837fa13ac8666eb9e74e0985d6f81\",\"name\":\"Luzimara Fernandes\",\"image\":{\"@type\":\"ImageObject\",\"inLanguage\":\"pt-BR\",\"@id\":\"https:\/\/jornalfatosenoticias.com.br\/#\/schema\/person\/image\/\",\"url\":\"https:\/\/jornalfatosenoticias.com.br\/wp-content\/uploads\/2025\/05\/EU_portal.jpg\",\"contentUrl\":\"https:\/\/jornalfatosenoticias.com.br\/wp-content\/uploads\/2025\/05\/EU_portal.jpg\",\"caption\":\"Luzimara Fernandes\"},\"description\":\"Jornalista MTB 2358-ES\",\"sameAs\":[\"https:\/\/jornalfatosenoticias.com.br\"],\"url\":\"https:\/\/jornalfatosenoticias.com.br\/index.php\/author\/luzimara\/\"}]}<\/script>\n<!-- \/ Yoast SEO plugin. -->","yoast_head_json":{"title":"Solid\u00e3o faz mal \u00e0 sa\u00fade? Veja o que diz a ci\u00eancia - Jornal Fatos e Not\u00edcias","robots":{"index":"index","follow":"follow","max-snippet":"max-snippet:-1","max-image-preview":"max-image-preview:large","max-video-preview":"max-video-preview:-1"},"canonical":"https:\/\/jornalfatosenoticias.com.br\/index.php\/2024\/04\/15\/solidao-faz-mal-a-saude-veja-o-que-diz-a-ciencia\/","og_locale":"pt_BR","og_type":"article","og_title":"Solid\u00e3o faz mal \u00e0 sa\u00fade? Veja o que diz a ci\u00eancia - Jornal Fatos e Not\u00edcias","og_description":"Estudos est\u00e3o se aprofundando na rela\u00e7\u00e3o entre a solid\u00e3o e diversos problemas de sa\u00fade; pessoas solit\u00e1rias t\u00eam mais risco de depress\u00e3o e doen\u00e7as cardiovasculares Por B\u00e1rbara Giovani Cerca de um quarto dos adultos no mundo se sentem muito solit\u00e1rios, segundo pesquisa da Meta com a empresa de pesquisa Gallup e um grupo de consultores acad\u00eamicos. [&hellip;]","og_url":"https:\/\/jornalfatosenoticias.com.br\/index.php\/2024\/04\/15\/solidao-faz-mal-a-saude-veja-o-que-diz-a-ciencia\/","og_site_name":"Jornal Fatos e Not\u00edcias","article_published_time":"2024-04-15T11:53:51+00:00","article_modified_time":"2024-04-15T11:53:53+00:00","og_image":[{"width":612,"height":408,"url":"https:\/\/jornalfatosenoticias.com.br\/wp-content\/uploads\/2024\/04\/solidao_gettyimages.jpg","type":"image\/jpeg"}],"author":"Luzimara Fernandes","twitter_card":"summary_large_image","twitter_misc":{"Escrito por":"Luzimara Fernandes","Est. tempo de leitura":"3 minutos"},"schema":{"@context":"https:\/\/schema.org","@graph":[{"@type":"Article","@id":"https:\/\/jornalfatosenoticias.com.br\/index.php\/2024\/04\/15\/solidao-faz-mal-a-saude-veja-o-que-diz-a-ciencia\/#article","isPartOf":{"@id":"https:\/\/jornalfatosenoticias.com.br\/index.php\/2024\/04\/15\/solidao-faz-mal-a-saude-veja-o-que-diz-a-ciencia\/"},"author":{"name":"Luzimara Fernandes","@id":"https:\/\/jornalfatosenoticias.com.br\/#\/schema\/person\/d63837fa13ac8666eb9e74e0985d6f81"},"headline":"Solid\u00e3o faz mal \u00e0 sa\u00fade? Veja o que diz a ci\u00eancia","datePublished":"2024-04-15T11:53:51+00:00","dateModified":"2024-04-15T11:53:53+00:00","mainEntityOfPage":{"@id":"https:\/\/jornalfatosenoticias.com.br\/index.php\/2024\/04\/15\/solidao-faz-mal-a-saude-veja-o-que-diz-a-ciencia\/"},"wordCount":680,"commentCount":0,"publisher":{"@id":"https:\/\/jornalfatosenoticias.com.br\/#organization"},"image":{"@id":"https:\/\/jornalfatosenoticias.com.br\/index.php\/2024\/04\/15\/solidao-faz-mal-a-saude-veja-o-que-diz-a-ciencia\/#primaryimage"},"thumbnailUrl":"https:\/\/jornalfatosenoticias.com.br\/wp-content\/uploads\/2024\/04\/solidao_gettyimages.jpg","keywords":["cogni\u00e7\u00e3o","doen\u00e7a","solid\u00e3o"],"articleSection":["Comportamento &amp; Equil\u00edbrio"],"inLanguage":"pt-BR","potentialAction":[{"@type":"CommentAction","name":"Comment","target":["https:\/\/jornalfatosenoticias.com.br\/index.php\/2024\/04\/15\/solidao-faz-mal-a-saude-veja-o-que-diz-a-ciencia\/#respond"]}]},{"@type":"WebPage","@id":"https:\/\/jornalfatosenoticias.com.br\/index.php\/2024\/04\/15\/solidao-faz-mal-a-saude-veja-o-que-diz-a-ciencia\/","url":"https:\/\/jornalfatosenoticias.com.br\/index.php\/2024\/04\/15\/solidao-faz-mal-a-saude-veja-o-que-diz-a-ciencia\/","name":"Solid\u00e3o faz mal \u00e0 sa\u00fade? Veja o que diz a ci\u00eancia - Jornal Fatos e Not\u00edcias","isPartOf":{"@id":"https:\/\/jornalfatosenoticias.com.br\/#website"},"primaryImageOfPage":{"@id":"https:\/\/jornalfatosenoticias.com.br\/index.php\/2024\/04\/15\/solidao-faz-mal-a-saude-veja-o-que-diz-a-ciencia\/#primaryimage"},"image":{"@id":"https:\/\/jornalfatosenoticias.com.br\/index.php\/2024\/04\/15\/solidao-faz-mal-a-saude-veja-o-que-diz-a-ciencia\/#primaryimage"},"thumbnailUrl":"https:\/\/jornalfatosenoticias.com.br\/wp-content\/uploads\/2024\/04\/solidao_gettyimages.jpg","datePublished":"2024-04-15T11:53:51+00:00","dateModified":"2024-04-15T11:53:53+00:00","breadcrumb":{"@id":"https:\/\/jornalfatosenoticias.com.br\/index.php\/2024\/04\/15\/solidao-faz-mal-a-saude-veja-o-que-diz-a-ciencia\/#breadcrumb"},"inLanguage":"pt-BR","potentialAction":[{"@type":"ReadAction","target":["https:\/\/jornalfatosenoticias.com.br\/index.php\/2024\/04\/15\/solidao-faz-mal-a-saude-veja-o-que-diz-a-ciencia\/"]}]},{"@type":"ImageObject","inLanguage":"pt-BR","@id":"https:\/\/jornalfatosenoticias.com.br\/index.php\/2024\/04\/15\/solidao-faz-mal-a-saude-veja-o-que-diz-a-ciencia\/#primaryimage","url":"https:\/\/jornalfatosenoticias.com.br\/wp-content\/uploads\/2024\/04\/solidao_gettyimages.jpg","contentUrl":"https:\/\/jornalfatosenoticias.com.br\/wp-content\/uploads\/2024\/04\/solidao_gettyimages.jpg","width":612,"height":408,"caption":"Rear view of woman looking out to city through window"},{"@type":"BreadcrumbList","@id":"https:\/\/jornalfatosenoticias.com.br\/index.php\/2024\/04\/15\/solidao-faz-mal-a-saude-veja-o-que-diz-a-ciencia\/#breadcrumb","itemListElement":[{"@type":"ListItem","position":1,"name":"In\u00edcio","item":"https:\/\/jornalfatosenoticias.com.br\/"},{"@type":"ListItem","position":2,"name":"Solid\u00e3o faz mal \u00e0 sa\u00fade? Veja o que diz a ci\u00eancia"}]},{"@type":"WebSite","@id":"https:\/\/jornalfatosenoticias.com.br\/#website","url":"https:\/\/jornalfatosenoticias.com.br\/","name":"Jornal Fatos e Not\u00edcias","description":"Not\u00edcias em geral","publisher":{"@id":"https:\/\/jornalfatosenoticias.com.br\/#organization"},"potentialAction":[{"@type":"SearchAction","target":{"@type":"EntryPoint","urlTemplate":"https:\/\/jornalfatosenoticias.com.br\/?s={search_term_string}"},"query-input":{"@type":"PropertyValueSpecification","valueRequired":true,"valueName":"search_term_string"}}],"inLanguage":"pt-BR"},{"@type":"Organization","@id":"https:\/\/jornalfatosenoticias.com.br\/#organization","name":"Jornal Fatos e Not\u00edcias","url":"https:\/\/jornalfatosenoticias.com.br\/","logo":{"@type":"ImageObject","inLanguage":"pt-BR","@id":"https:\/\/jornalfatosenoticias.com.br\/#\/schema\/logo\/image\/","url":"https:\/\/jornalfatosenoticias.com.br\/wp-content\/uploads\/2020\/02\/logo120.png","contentUrl":"https:\/\/jornalfatosenoticias.com.br\/wp-content\/uploads\/2020\/02\/logo120.png","width":1227,"height":120,"caption":"Jornal Fatos e Not\u00edcias"},"image":{"@id":"https:\/\/jornalfatosenoticias.com.br\/#\/schema\/logo\/image\/"}},{"@type":"Person","@id":"https:\/\/jornalfatosenoticias.com.br\/#\/schema\/person\/d63837fa13ac8666eb9e74e0985d6f81","name":"Luzimara Fernandes","image":{"@type":"ImageObject","inLanguage":"pt-BR","@id":"https:\/\/jornalfatosenoticias.com.br\/#\/schema\/person\/image\/","url":"https:\/\/jornalfatosenoticias.com.br\/wp-content\/uploads\/2025\/05\/EU_portal.jpg","contentUrl":"https:\/\/jornalfatosenoticias.com.br\/wp-content\/uploads\/2025\/05\/EU_portal.jpg","caption":"Luzimara Fernandes"},"description":"Jornalista MTB 2358-ES","sameAs":["https:\/\/jornalfatosenoticias.com.br"],"url":"https:\/\/jornalfatosenoticias.com.br\/index.php\/author\/luzimara\/"}]}},"cc_featured_image_caption":{"caption_text":"(Foto: Getty Images) ","source_text":"","source_url":""},"jetpack_featured_media_url":"https:\/\/jornalfatosenoticias.com.br\/wp-content\/uploads\/2024\/04\/solidao_gettyimages.jpg","_links":{"self":[{"href":"https:\/\/jornalfatosenoticias.com.br\/index.php\/wp-json\/wp\/v2\/posts\/50552","targetHints":{"allow":["GET"]}}],"collection":[{"href":"https:\/\/jornalfatosenoticias.com.br\/index.php\/wp-json\/wp\/v2\/posts"}],"about":[{"href":"https:\/\/jornalfatosenoticias.com.br\/index.php\/wp-json\/wp\/v2\/types\/post"}],"author":[{"embeddable":true,"href":"https:\/\/jornalfatosenoticias.com.br\/index.php\/wp-json\/wp\/v2\/users\/2"}],"replies":[{"embeddable":true,"href":"https:\/\/jornalfatosenoticias.com.br\/index.php\/wp-json\/wp\/v2\/comments?post=50552"}],"version-history":[{"count":0,"href":"https:\/\/jornalfatosenoticias.com.br\/index.php\/wp-json\/wp\/v2\/posts\/50552\/revisions"}],"wp:featuredmedia":[{"embeddable":true,"href":"https:\/\/jornalfatosenoticias.com.br\/index.php\/wp-json\/wp\/v2\/media\/50553"}],"wp:attachment":[{"href":"https:\/\/jornalfatosenoticias.com.br\/index.php\/wp-json\/wp\/v2\/media?parent=50552"}],"wp:term":[{"taxonomy":"category","embeddable":true,"href":"https:\/\/jornalfatosenoticias.com.br\/index.php\/wp-json\/wp\/v2\/categories?post=50552"},{"taxonomy":"post_tag","embeddable":true,"href":"https:\/\/jornalfatosenoticias.com.br\/index.php\/wp-json\/wp\/v2\/tags?post=50552"}],"curies":[{"name":"wp","href":"https:\/\/api.w.org\/{rel}","templated":true}]}}