{"id":50564,"date":"2024-04-15T09:16:24","date_gmt":"2024-04-15T12:16:24","guid":{"rendered":"https:\/\/jornalfatosenoticias.com.br\/?p=50564"},"modified":"2024-04-15T09:16:52","modified_gmt":"2024-04-15T12:16:52","slug":"fabrica-de-pedra-lascada-de-quatro-mil-anos-encontrada-em-sao-paulo","status":"publish","type":"post","link":"https:\/\/jornalfatosenoticias.com.br\/index.php\/2024\/04\/15\/fabrica-de-pedra-lascada-de-quatro-mil-anos-encontrada-em-sao-paulo\/","title":{"rendered":"F\u00e1brica de pedra lascada de quatro mil anos \u00e9 encontrada em S\u00e3o Paulo"},"content":{"rendered":"\n<p><em><span class=\"has-inline-color has-black-color\">No local, pesquisadores encontraram artefatos e outros vest\u00edgios de vida humana que datam entre 3.800 e 820 anos<\/span><\/em><\/p>\n\n\n\n<p><span class=\"has-inline-color has-black-color\">Por <strong><a href=\"https:\/\/olhardigital.com.br\/author\/alessandro-lorenzo\/\">Alessandro Di Lorenzo<\/a><\/strong><\/span><\/p>\n\n\n\n<div class=\"wp-block-image\"><figure class=\"aligncenter size-large is-resized\"><img loading=\"lazy\" decoding=\"async\" src=\"https:\/\/jornalfatosenoticias.com.br\/wp-content\/uploads\/2023\/09\/vetorvix1024_1.jpg\" alt=\"\" class=\"wp-image-44868\" width=\"535\" height=\"142\" srcset=\"https:\/\/jornalfatosenoticias.com.br\/wp-content\/uploads\/2023\/09\/vetorvix1024_1.jpg 1024w, https:\/\/jornalfatosenoticias.com.br\/wp-content\/uploads\/2023\/09\/vetorvix1024_1-300x80.jpg 300w, https:\/\/jornalfatosenoticias.com.br\/wp-content\/uploads\/2023\/09\/vetorvix1024_1-768x205.jpg 768w\" sizes=\"auto, (max-width: 535px) 100vw, 535px\" \/><\/figure><\/div>\n\n\n\n<p>Um <a href=\"https:\/\/olhardigital.com.br\/tag\/sitio-arqueologico\/\">s\u00edtio arqueol\u00f3gico<\/a>\u00a0com vest\u00edgios de vida humana que datam entre 3.800 e 820 anos fica localizado em plena regi\u00e3o do Morumbi, na Zona Sul de\u00a0<a href=\"https:\/\/olhardigital.com.br\/tag\/sao-paulo\/\">S\u00e3o Paulo<\/a>. No local, os pesquisadores j\u00e1 encontraram diversas\u00a0<a href=\"https:\/\/olhardigital.com.br\/tag\/pedras\/\">pedras<\/a> utilizadas para a confec\u00e7\u00e3o de ponta de lan\u00e7as ou flechas, por exemplo.<br>O terreno fica no bairro Jardim Panorama e foi descoberto em 1964. No entanto, foi apenas um estudo recente, de 2022, que conseguiu estimar a idade dos artefatos ali localizados. Segundo os pesquisadores, a grande maioria das pedras encontradas no local s\u00e3o de silexito, uma rocha composta por gr\u00e3os muito finos de quartzo e que pode ser lascada facilmente. Isso ajudaria a explicar porque os antigos habitantes do local deixaram tantos exemplares delas.<\/p>\n\n\n\n<div class=\"wp-block-image\"><figure class=\"aligncenter size-large is-resized\"><img loading=\"lazy\" decoding=\"async\" src=\"https:\/\/jornalfatosenoticias.com.br\/wp-content\/uploads\/2023\/08\/ITH.jpeg\" alt=\"\" class=\"wp-image-44638\" width=\"344\" height=\"279\" srcset=\"https:\/\/jornalfatosenoticias.com.br\/wp-content\/uploads\/2023\/08\/ITH.jpeg 800w, https:\/\/jornalfatosenoticias.com.br\/wp-content\/uploads\/2023\/08\/ITH-300x244.jpeg 300w, https:\/\/jornalfatosenoticias.com.br\/wp-content\/uploads\/2023\/08\/ITH-768x624.jpeg 768w\" sizes=\"auto, (max-width: 344px) 100vw, 344px\" \/><\/figure><\/div>\n\n\n\n<blockquote class=\"wp-block-quote is-layout-flow wp-block-quote-is-layout-flow\"><p><span class=\"has-inline-color has-luminous-vivid-orange-color\">Na bacia sedimentar de S\u00e3o Paulo, aconteceu esse caso raro geol\u00f3gico que \u00e9 existir na regi\u00e3o do Morumbi o afloramento de um tipo de pedra com caracter\u00edsticas adequadas para a produ\u00e7\u00e3o de ferramentas. Essa rocha existe em profundidades muito grandes e, nesse caso, ela chegava at\u00e9 o solo&#8221;, explica Paulo Eduardo Zanettini, da empresa Zanettini Arqueologia.<\/span><\/p><\/blockquote>\n\n\n\n<div class=\"wp-block-image\"><figure class=\"aligncenter size-large is-resized\"><img loading=\"lazy\" decoding=\"async\" src=\"https:\/\/jornalfatosenoticias.com.br\/wp-content\/uploads\/2020\/02\/CONTROL-CS.jpg\" alt=\"\" class=\"wp-image-44991\" width=\"331\" height=\"397\" srcset=\"https:\/\/jornalfatosenoticias.com.br\/wp-content\/uploads\/2020\/02\/CONTROL-CS.jpg 834w, https:\/\/jornalfatosenoticias.com.br\/wp-content\/uploads\/2020\/02\/CONTROL-CS-250x300.jpg 250w, https:\/\/jornalfatosenoticias.com.br\/wp-content\/uploads\/2020\/02\/CONTROL-CS-768x921.jpg 768w\" sizes=\"auto, (max-width: 331px) 100vw, 331px\" \/><\/figure><\/div>\n\n\n\n<div class=\"wp-block-image\"><figure class=\"aligncenter size-large\"><img loading=\"lazy\" decoding=\"async\" width=\"984\" height=\"718\" src=\"https:\/\/jornalfatosenoticias.com.br\/wp-content\/uploads\/2024\/04\/pedra-lascada.png\" alt=\"\" class=\"wp-image-50565\" srcset=\"https:\/\/jornalfatosenoticias.com.br\/wp-content\/uploads\/2024\/04\/pedra-lascada.png 984w, https:\/\/jornalfatosenoticias.com.br\/wp-content\/uploads\/2024\/04\/pedra-lascada-300x219.png 300w, https:\/\/jornalfatosenoticias.com.br\/wp-content\/uploads\/2024\/04\/pedra-lascada-768x560.png 768w\" sizes=\"auto, (max-width: 984px) 100vw, 984px\" \/><figcaption><em><span class=\"has-inline-color has-black-color\">Pedra lascada encontrada nas escava\u00e7\u00f5es (Foto: Reprodu\u00e7\u00e3o\/Zanettini Arqueologia)<\/span><\/em><\/figcaption><\/figure><\/div>\n\n\n\n<p>H\u00e1 dois anos, o Instituto do Patrim\u00f4nio Hist\u00f3rico e Art\u00edstico Nacional (<a href=\"https:\/\/olhardigital.com.br\/tag\/iphan\/\">Iphan<\/a>) requisitou novas escava\u00e7\u00f5es no s\u00edtio, como condi\u00e7\u00e3o para autorizar a constru\u00e7\u00e3o de im\u00f3veis residenciais no terreno onde ele fica, que \u00e9 particular. Naquela oportunidade, pesquisas realizadas no local apontavam que o terreno j\u00e1 havia sido muito mexido, perdendo seu contexto arqueol\u00f3gico e tornando invi\u00e1vel a data\u00e7\u00e3o do s\u00edtio.<\/p>\n\n\n\n<div class=\"wp-block-image\"><figure class=\"aligncenter size-large\"><img loading=\"lazy\" decoding=\"async\" width=\"300\" height=\"250\" src=\"https:\/\/jornalfatosenoticias.com.br\/wp-content\/uploads\/2022\/02\/FERRARI_MAQUINAS-E-FERRAMENTAS2.jpg\" alt=\"\" class=\"wp-image-27860\"\/><\/figure><\/div>\n\n\n\n<p>No entanto, o novo estudo descobriu aspectos in\u00e9ditos do s\u00edtio arqueol\u00f3gico que foram documentados em um relat\u00f3rio entregue ao Iphan. As informa\u00e7\u00f5es s\u00e3o do G1. No local, foram coletadas nove amostras de carv\u00e3o (restos de fogueiras, por exemplo) e outras nove de solo.<\/p>\n\n\n\n<div class=\"wp-block-image\"><figure class=\"aligncenter size-large is-resized\"><img loading=\"lazy\" decoding=\"async\" src=\"https:\/\/jornalfatosenoticias.com.br\/wp-content\/uploads\/2023\/08\/BKR-1024x1021.jpg\" alt=\"\" class=\"wp-image-44494\" width=\"328\" height=\"327\" srcset=\"https:\/\/jornalfatosenoticias.com.br\/wp-content\/uploads\/2023\/08\/BKR-1024x1021.jpg 1024w, https:\/\/jornalfatosenoticias.com.br\/wp-content\/uploads\/2023\/08\/BKR-300x300.jpg 300w, https:\/\/jornalfatosenoticias.com.br\/wp-content\/uploads\/2023\/08\/BKR-150x150.jpg 150w, https:\/\/jornalfatosenoticias.com.br\/wp-content\/uploads\/2023\/08\/BKR-768x766.jpg 768w, https:\/\/jornalfatosenoticias.com.br\/wp-content\/uploads\/2023\/08\/BKR.jpg 1080w\" sizes=\"auto, (max-width: 328px) 100vw, 328px\" \/><\/figure><\/div>\n\n\n\n<p>Por meio delas, foi poss\u00edvel determinar que houve atividade humana no s\u00edtio h\u00e1 pelo menos 3.800 anos. Ao todo, foram encontradas mais de 2,3 mil pe\u00e7as, sendo a maioria delas lascas com menos de dois cent\u00edmetros.<\/p>\n\n\n\n<div class=\"wp-block-image\"><figure class=\"aligncenter size-large is-resized\"><img loading=\"lazy\" decoding=\"async\" src=\"https:\/\/jornalfatosenoticias.com.br\/wp-content\/uploads\/2022\/02\/Precisao-Contabilidade-1024x724.jpg\" alt=\"\" class=\"wp-image-28088\" width=\"347\" height=\"245\"\/><\/figure><\/div>\n\n\n\n<p>Tamb\u00e9m foram analisados 57 sacos de coleta amostral de solo, material que poder\u00e1 ser utilizado em futuras pesquisas sobre o s\u00edtio. Ap\u00f3s as descobertas, o Iphan liberou em definitivo a constru\u00e7\u00e3o do conjunto habitacional no terreno, considerando que sua \u00e1rea ainda preservada j\u00e1 foi completamente escavada ao longo das \u00faltimas d\u00e9cadas.<\/p>\n\n\n\n<div class=\"wp-block-image\"><figure class=\"aligncenter size-large is-resized\"><img loading=\"lazy\" decoding=\"async\" src=\"https:\/\/jornalfatosenoticias.com.br\/wp-content\/uploads\/2020\/02\/logo-Rapuzel-1024x571.jpg\" alt=\"\" class=\"wp-image-42808\" width=\"395\" height=\"220\" srcset=\"https:\/\/jornalfatosenoticias.com.br\/wp-content\/uploads\/2020\/02\/logo-Rapuzel-1024x571.jpg 1024w, https:\/\/jornalfatosenoticias.com.br\/wp-content\/uploads\/2020\/02\/logo-Rapuzel-300x167.jpg 300w, https:\/\/jornalfatosenoticias.com.br\/wp-content\/uploads\/2020\/02\/logo-Rapuzel-768x428.jpg 768w, https:\/\/jornalfatosenoticias.com.br\/wp-content\/uploads\/2020\/02\/logo-Rapuzel-1536x856.jpg 1536w, https:\/\/jornalfatosenoticias.com.br\/wp-content\/uploads\/2020\/02\/logo-Rapuzel.jpg 1600w\" sizes=\"auto, (max-width: 395px) 100vw, 395px\" \/><\/figure><\/div>\n\n\n\n<p><strong><em>Fonte: <a href=\"https:\/\/olhardigital.com.br\/2024\/04\/09\/ciencia-e-espaco\/fabrica-de-pedra-lascada-de-4-mil-anos-encontrada-em-sao-paulo\/\">Olhar Digital<\/a><\/em><\/strong><\/p>\n","protected":false},"excerpt":{"rendered":"<p>No local, pesquisadores encontraram artefatos e outros vest\u00edgios de vida humana que datam entre 3.800 e 820 anos Por Alessandro Di Lorenzo Um s\u00edtio arqueol\u00f3gico\u00a0com vest\u00edgios de vida humana que datam entre 3.800 e 820 anos fica localizado em plena regi\u00e3o do Morumbi, na Zona Sul de\u00a0S\u00e3o Paulo. No local, os pesquisadores j\u00e1 encontraram diversas\u00a0pedras [&hellip;]<\/p>\n","protected":false},"author":2,"featured_media":50566,"comment_status":"open","ping_status":"open","sticky":false,"template":"","format":"standard","meta":{"footnotes":""},"categories":[9808],"tags":[714,23267,305,476],"class_list":["post-50564","post","type-post","status-publish","format-standard","has-post-thumbnail","hentry","category-paleo-arqueologia","tag-estudo","tag-pedra-lascada","tag-sao-paulo","tag-sitio-arqueologico"],"yoast_head":"<!-- This site is optimized with the Yoast SEO plugin v26.5 - https:\/\/yoast.com\/wordpress\/plugins\/seo\/ -->\n<title>F\u00e1brica de pedra lascada de quatro mil anos \u00e9 encontrada em S\u00e3o Paulo - Jornal Fatos e Not\u00edcias<\/title>\n<meta name=\"robots\" content=\"index, follow, max-snippet:-1, max-image-preview:large, max-video-preview:-1\" \/>\n<link rel=\"canonical\" href=\"https:\/\/jornalfatosenoticias.com.br\/index.php\/2024\/04\/15\/fabrica-de-pedra-lascada-de-quatro-mil-anos-encontrada-em-sao-paulo\/\" \/>\n<meta property=\"og:locale\" content=\"pt_BR\" \/>\n<meta property=\"og:type\" content=\"article\" \/>\n<meta property=\"og:title\" content=\"F\u00e1brica de pedra lascada de quatro mil anos \u00e9 encontrada em S\u00e3o Paulo - Jornal Fatos e Not\u00edcias\" \/>\n<meta property=\"og:description\" content=\"No local, pesquisadores encontraram artefatos e outros vest\u00edgios de vida humana que datam entre 3.800 e 820 anos Por Alessandro Di Lorenzo Um s\u00edtio arqueol\u00f3gico\u00a0com vest\u00edgios de vida humana que datam entre 3.800 e 820 anos fica localizado em plena regi\u00e3o do Morumbi, na Zona Sul de\u00a0S\u00e3o Paulo. No local, os pesquisadores j\u00e1 encontraram diversas\u00a0pedras [&hellip;]\" \/>\n<meta property=\"og:url\" content=\"https:\/\/jornalfatosenoticias.com.br\/index.php\/2024\/04\/15\/fabrica-de-pedra-lascada-de-quatro-mil-anos-encontrada-em-sao-paulo\/\" \/>\n<meta property=\"og:site_name\" content=\"Jornal Fatos e Not\u00edcias\" \/>\n<meta property=\"article:published_time\" content=\"2024-04-15T12:16:24+00:00\" \/>\n<meta property=\"article:modified_time\" content=\"2024-04-15T12:16:52+00:00\" \/>\n<meta property=\"og:image\" content=\"https:\/\/jornalfatosenoticias.com.br\/wp-content\/uploads\/2024\/04\/sitio-arqueologico-sp-1.png\" \/>\n\t<meta property=\"og:image:width\" content=\"1000\" \/>\n\t<meta property=\"og:image:height\" content=\"664\" \/>\n\t<meta property=\"og:image:type\" content=\"image\/png\" \/>\n<meta name=\"author\" content=\"Luzimara Fernandes\" \/>\n<meta name=\"twitter:card\" content=\"summary_large_image\" \/>\n<meta name=\"twitter:label1\" content=\"Escrito por\" \/>\n\t<meta name=\"twitter:data1\" content=\"Luzimara Fernandes\" \/>\n\t<meta name=\"twitter:label2\" content=\"Est. tempo de leitura\" \/>\n\t<meta name=\"twitter:data2\" content=\"2 minutos\" \/>\n<script type=\"application\/ld+json\" class=\"yoast-schema-graph\">{\"@context\":\"https:\/\/schema.org\",\"@graph\":[{\"@type\":\"Article\",\"@id\":\"https:\/\/jornalfatosenoticias.com.br\/index.php\/2024\/04\/15\/fabrica-de-pedra-lascada-de-quatro-mil-anos-encontrada-em-sao-paulo\/#article\",\"isPartOf\":{\"@id\":\"https:\/\/jornalfatosenoticias.com.br\/index.php\/2024\/04\/15\/fabrica-de-pedra-lascada-de-quatro-mil-anos-encontrada-em-sao-paulo\/\"},\"author\":{\"name\":\"Luzimara Fernandes\",\"@id\":\"https:\/\/jornalfatosenoticias.com.br\/#\/schema\/person\/d63837fa13ac8666eb9e74e0985d6f81\"},\"headline\":\"F\u00e1brica de pedra lascada de quatro mil anos \u00e9 encontrada em S\u00e3o Paulo\",\"datePublished\":\"2024-04-15T12:16:24+00:00\",\"dateModified\":\"2024-04-15T12:16:52+00:00\",\"mainEntityOfPage\":{\"@id\":\"https:\/\/jornalfatosenoticias.com.br\/index.php\/2024\/04\/15\/fabrica-de-pedra-lascada-de-quatro-mil-anos-encontrada-em-sao-paulo\/\"},\"wordCount\":449,\"commentCount\":0,\"publisher\":{\"@id\":\"https:\/\/jornalfatosenoticias.com.br\/#organization\"},\"image\":{\"@id\":\"https:\/\/jornalfatosenoticias.com.br\/index.php\/2024\/04\/15\/fabrica-de-pedra-lascada-de-quatro-mil-anos-encontrada-em-sao-paulo\/#primaryimage\"},\"thumbnailUrl\":\"https:\/\/jornalfatosenoticias.com.br\/wp-content\/uploads\/2024\/04\/sitio-arqueologico-sp-1.png\",\"keywords\":[\"Estudo\",\"pedra lascada\",\"S\u00e3o Paulo\",\"s\u00edtio arqueol\u00f3gico\"],\"articleSection\":[\"Paleo &amp; Arqueologia\"],\"inLanguage\":\"pt-BR\",\"potentialAction\":[{\"@type\":\"CommentAction\",\"name\":\"Comment\",\"target\":[\"https:\/\/jornalfatosenoticias.com.br\/index.php\/2024\/04\/15\/fabrica-de-pedra-lascada-de-quatro-mil-anos-encontrada-em-sao-paulo\/#respond\"]}]},{\"@type\":\"WebPage\",\"@id\":\"https:\/\/jornalfatosenoticias.com.br\/index.php\/2024\/04\/15\/fabrica-de-pedra-lascada-de-quatro-mil-anos-encontrada-em-sao-paulo\/\",\"url\":\"https:\/\/jornalfatosenoticias.com.br\/index.php\/2024\/04\/15\/fabrica-de-pedra-lascada-de-quatro-mil-anos-encontrada-em-sao-paulo\/\",\"name\":\"F\u00e1brica de pedra lascada de quatro mil anos \u00e9 encontrada em S\u00e3o Paulo - Jornal Fatos e Not\u00edcias\",\"isPartOf\":{\"@id\":\"https:\/\/jornalfatosenoticias.com.br\/#website\"},\"primaryImageOfPage\":{\"@id\":\"https:\/\/jornalfatosenoticias.com.br\/index.php\/2024\/04\/15\/fabrica-de-pedra-lascada-de-quatro-mil-anos-encontrada-em-sao-paulo\/#primaryimage\"},\"image\":{\"@id\":\"https:\/\/jornalfatosenoticias.com.br\/index.php\/2024\/04\/15\/fabrica-de-pedra-lascada-de-quatro-mil-anos-encontrada-em-sao-paulo\/#primaryimage\"},\"thumbnailUrl\":\"https:\/\/jornalfatosenoticias.com.br\/wp-content\/uploads\/2024\/04\/sitio-arqueologico-sp-1.png\",\"datePublished\":\"2024-04-15T12:16:24+00:00\",\"dateModified\":\"2024-04-15T12:16:52+00:00\",\"breadcrumb\":{\"@id\":\"https:\/\/jornalfatosenoticias.com.br\/index.php\/2024\/04\/15\/fabrica-de-pedra-lascada-de-quatro-mil-anos-encontrada-em-sao-paulo\/#breadcrumb\"},\"inLanguage\":\"pt-BR\",\"potentialAction\":[{\"@type\":\"ReadAction\",\"target\":[\"https:\/\/jornalfatosenoticias.com.br\/index.php\/2024\/04\/15\/fabrica-de-pedra-lascada-de-quatro-mil-anos-encontrada-em-sao-paulo\/\"]}]},{\"@type\":\"ImageObject\",\"inLanguage\":\"pt-BR\",\"@id\":\"https:\/\/jornalfatosenoticias.com.br\/index.php\/2024\/04\/15\/fabrica-de-pedra-lascada-de-quatro-mil-anos-encontrada-em-sao-paulo\/#primaryimage\",\"url\":\"https:\/\/jornalfatosenoticias.com.br\/wp-content\/uploads\/2024\/04\/sitio-arqueologico-sp-1.png\",\"contentUrl\":\"https:\/\/jornalfatosenoticias.com.br\/wp-content\/uploads\/2024\/04\/sitio-arqueologico-sp-1.png\",\"width\":1000,\"height\":664},{\"@type\":\"BreadcrumbList\",\"@id\":\"https:\/\/jornalfatosenoticias.com.br\/index.php\/2024\/04\/15\/fabrica-de-pedra-lascada-de-quatro-mil-anos-encontrada-em-sao-paulo\/#breadcrumb\",\"itemListElement\":[{\"@type\":\"ListItem\",\"position\":1,\"name\":\"In\u00edcio\",\"item\":\"https:\/\/jornalfatosenoticias.com.br\/\"},{\"@type\":\"ListItem\",\"position\":2,\"name\":\"F\u00e1brica de pedra lascada de quatro mil anos \u00e9 encontrada em S\u00e3o Paulo\"}]},{\"@type\":\"WebSite\",\"@id\":\"https:\/\/jornalfatosenoticias.com.br\/#website\",\"url\":\"https:\/\/jornalfatosenoticias.com.br\/\",\"name\":\"Jornal Fatos e Not\u00edcias\",\"description\":\"Not\u00edcias em geral\",\"publisher\":{\"@id\":\"https:\/\/jornalfatosenoticias.com.br\/#organization\"},\"potentialAction\":[{\"@type\":\"SearchAction\",\"target\":{\"@type\":\"EntryPoint\",\"urlTemplate\":\"https:\/\/jornalfatosenoticias.com.br\/?s={search_term_string}\"},\"query-input\":{\"@type\":\"PropertyValueSpecification\",\"valueRequired\":true,\"valueName\":\"search_term_string\"}}],\"inLanguage\":\"pt-BR\"},{\"@type\":\"Organization\",\"@id\":\"https:\/\/jornalfatosenoticias.com.br\/#organization\",\"name\":\"Jornal Fatos e Not\u00edcias\",\"url\":\"https:\/\/jornalfatosenoticias.com.br\/\",\"logo\":{\"@type\":\"ImageObject\",\"inLanguage\":\"pt-BR\",\"@id\":\"https:\/\/jornalfatosenoticias.com.br\/#\/schema\/logo\/image\/\",\"url\":\"https:\/\/jornalfatosenoticias.com.br\/wp-content\/uploads\/2020\/02\/logo120.png\",\"contentUrl\":\"https:\/\/jornalfatosenoticias.com.br\/wp-content\/uploads\/2020\/02\/logo120.png\",\"width\":1227,\"height\":120,\"caption\":\"Jornal Fatos e Not\u00edcias\"},\"image\":{\"@id\":\"https:\/\/jornalfatosenoticias.com.br\/#\/schema\/logo\/image\/\"}},{\"@type\":\"Person\",\"@id\":\"https:\/\/jornalfatosenoticias.com.br\/#\/schema\/person\/d63837fa13ac8666eb9e74e0985d6f81\",\"name\":\"Luzimara Fernandes\",\"image\":{\"@type\":\"ImageObject\",\"inLanguage\":\"pt-BR\",\"@id\":\"https:\/\/jornalfatosenoticias.com.br\/#\/schema\/person\/image\/\",\"url\":\"https:\/\/jornalfatosenoticias.com.br\/wp-content\/uploads\/2025\/05\/EU_portal.jpg\",\"contentUrl\":\"https:\/\/jornalfatosenoticias.com.br\/wp-content\/uploads\/2025\/05\/EU_portal.jpg\",\"caption\":\"Luzimara Fernandes\"},\"description\":\"Jornalista MTB 2358-ES\",\"sameAs\":[\"https:\/\/jornalfatosenoticias.com.br\"],\"url\":\"https:\/\/jornalfatosenoticias.com.br\/index.php\/author\/luzimara\/\"}]}<\/script>\n<!-- \/ Yoast SEO plugin. -->","yoast_head_json":{"title":"F\u00e1brica de pedra lascada de quatro mil anos \u00e9 encontrada em S\u00e3o Paulo - Jornal Fatos e Not\u00edcias","robots":{"index":"index","follow":"follow","max-snippet":"max-snippet:-1","max-image-preview":"max-image-preview:large","max-video-preview":"max-video-preview:-1"},"canonical":"https:\/\/jornalfatosenoticias.com.br\/index.php\/2024\/04\/15\/fabrica-de-pedra-lascada-de-quatro-mil-anos-encontrada-em-sao-paulo\/","og_locale":"pt_BR","og_type":"article","og_title":"F\u00e1brica de pedra lascada de quatro mil anos \u00e9 encontrada em S\u00e3o Paulo - Jornal Fatos e Not\u00edcias","og_description":"No local, pesquisadores encontraram artefatos e outros vest\u00edgios de vida humana que datam entre 3.800 e 820 anos Por Alessandro Di Lorenzo Um s\u00edtio arqueol\u00f3gico\u00a0com vest\u00edgios de vida humana que datam entre 3.800 e 820 anos fica localizado em plena regi\u00e3o do Morumbi, na Zona Sul de\u00a0S\u00e3o Paulo. No local, os pesquisadores j\u00e1 encontraram diversas\u00a0pedras [&hellip;]","og_url":"https:\/\/jornalfatosenoticias.com.br\/index.php\/2024\/04\/15\/fabrica-de-pedra-lascada-de-quatro-mil-anos-encontrada-em-sao-paulo\/","og_site_name":"Jornal Fatos e Not\u00edcias","article_published_time":"2024-04-15T12:16:24+00:00","article_modified_time":"2024-04-15T12:16:52+00:00","og_image":[{"width":1000,"height":664,"url":"https:\/\/jornalfatosenoticias.com.br\/wp-content\/uploads\/2024\/04\/sitio-arqueologico-sp-1.png","type":"image\/png"}],"author":"Luzimara Fernandes","twitter_card":"summary_large_image","twitter_misc":{"Escrito por":"Luzimara Fernandes","Est. tempo de leitura":"2 minutos"},"schema":{"@context":"https:\/\/schema.org","@graph":[{"@type":"Article","@id":"https:\/\/jornalfatosenoticias.com.br\/index.php\/2024\/04\/15\/fabrica-de-pedra-lascada-de-quatro-mil-anos-encontrada-em-sao-paulo\/#article","isPartOf":{"@id":"https:\/\/jornalfatosenoticias.com.br\/index.php\/2024\/04\/15\/fabrica-de-pedra-lascada-de-quatro-mil-anos-encontrada-em-sao-paulo\/"},"author":{"name":"Luzimara Fernandes","@id":"https:\/\/jornalfatosenoticias.com.br\/#\/schema\/person\/d63837fa13ac8666eb9e74e0985d6f81"},"headline":"F\u00e1brica de pedra lascada de quatro mil anos \u00e9 encontrada em S\u00e3o Paulo","datePublished":"2024-04-15T12:16:24+00:00","dateModified":"2024-04-15T12:16:52+00:00","mainEntityOfPage":{"@id":"https:\/\/jornalfatosenoticias.com.br\/index.php\/2024\/04\/15\/fabrica-de-pedra-lascada-de-quatro-mil-anos-encontrada-em-sao-paulo\/"},"wordCount":449,"commentCount":0,"publisher":{"@id":"https:\/\/jornalfatosenoticias.com.br\/#organization"},"image":{"@id":"https:\/\/jornalfatosenoticias.com.br\/index.php\/2024\/04\/15\/fabrica-de-pedra-lascada-de-quatro-mil-anos-encontrada-em-sao-paulo\/#primaryimage"},"thumbnailUrl":"https:\/\/jornalfatosenoticias.com.br\/wp-content\/uploads\/2024\/04\/sitio-arqueologico-sp-1.png","keywords":["Estudo","pedra lascada","S\u00e3o Paulo","s\u00edtio arqueol\u00f3gico"],"articleSection":["Paleo &amp; Arqueologia"],"inLanguage":"pt-BR","potentialAction":[{"@type":"CommentAction","name":"Comment","target":["https:\/\/jornalfatosenoticias.com.br\/index.php\/2024\/04\/15\/fabrica-de-pedra-lascada-de-quatro-mil-anos-encontrada-em-sao-paulo\/#respond"]}]},{"@type":"WebPage","@id":"https:\/\/jornalfatosenoticias.com.br\/index.php\/2024\/04\/15\/fabrica-de-pedra-lascada-de-quatro-mil-anos-encontrada-em-sao-paulo\/","url":"https:\/\/jornalfatosenoticias.com.br\/index.php\/2024\/04\/15\/fabrica-de-pedra-lascada-de-quatro-mil-anos-encontrada-em-sao-paulo\/","name":"F\u00e1brica de pedra lascada de quatro mil anos \u00e9 encontrada em S\u00e3o Paulo - Jornal Fatos e Not\u00edcias","isPartOf":{"@id":"https:\/\/jornalfatosenoticias.com.br\/#website"},"primaryImageOfPage":{"@id":"https:\/\/jornalfatosenoticias.com.br\/index.php\/2024\/04\/15\/fabrica-de-pedra-lascada-de-quatro-mil-anos-encontrada-em-sao-paulo\/#primaryimage"},"image":{"@id":"https:\/\/jornalfatosenoticias.com.br\/index.php\/2024\/04\/15\/fabrica-de-pedra-lascada-de-quatro-mil-anos-encontrada-em-sao-paulo\/#primaryimage"},"thumbnailUrl":"https:\/\/jornalfatosenoticias.com.br\/wp-content\/uploads\/2024\/04\/sitio-arqueologico-sp-1.png","datePublished":"2024-04-15T12:16:24+00:00","dateModified":"2024-04-15T12:16:52+00:00","breadcrumb":{"@id":"https:\/\/jornalfatosenoticias.com.br\/index.php\/2024\/04\/15\/fabrica-de-pedra-lascada-de-quatro-mil-anos-encontrada-em-sao-paulo\/#breadcrumb"},"inLanguage":"pt-BR","potentialAction":[{"@type":"ReadAction","target":["https:\/\/jornalfatosenoticias.com.br\/index.php\/2024\/04\/15\/fabrica-de-pedra-lascada-de-quatro-mil-anos-encontrada-em-sao-paulo\/"]}]},{"@type":"ImageObject","inLanguage":"pt-BR","@id":"https:\/\/jornalfatosenoticias.com.br\/index.php\/2024\/04\/15\/fabrica-de-pedra-lascada-de-quatro-mil-anos-encontrada-em-sao-paulo\/#primaryimage","url":"https:\/\/jornalfatosenoticias.com.br\/wp-content\/uploads\/2024\/04\/sitio-arqueologico-sp-1.png","contentUrl":"https:\/\/jornalfatosenoticias.com.br\/wp-content\/uploads\/2024\/04\/sitio-arqueologico-sp-1.png","width":1000,"height":664},{"@type":"BreadcrumbList","@id":"https:\/\/jornalfatosenoticias.com.br\/index.php\/2024\/04\/15\/fabrica-de-pedra-lascada-de-quatro-mil-anos-encontrada-em-sao-paulo\/#breadcrumb","itemListElement":[{"@type":"ListItem","position":1,"name":"In\u00edcio","item":"https:\/\/jornalfatosenoticias.com.br\/"},{"@type":"ListItem","position":2,"name":"F\u00e1brica de pedra lascada de quatro mil anos \u00e9 encontrada em S\u00e3o Paulo"}]},{"@type":"WebSite","@id":"https:\/\/jornalfatosenoticias.com.br\/#website","url":"https:\/\/jornalfatosenoticias.com.br\/","name":"Jornal Fatos e Not\u00edcias","description":"Not\u00edcias em geral","publisher":{"@id":"https:\/\/jornalfatosenoticias.com.br\/#organization"},"potentialAction":[{"@type":"SearchAction","target":{"@type":"EntryPoint","urlTemplate":"https:\/\/jornalfatosenoticias.com.br\/?s={search_term_string}"},"query-input":{"@type":"PropertyValueSpecification","valueRequired":true,"valueName":"search_term_string"}}],"inLanguage":"pt-BR"},{"@type":"Organization","@id":"https:\/\/jornalfatosenoticias.com.br\/#organization","name":"Jornal Fatos e Not\u00edcias","url":"https:\/\/jornalfatosenoticias.com.br\/","logo":{"@type":"ImageObject","inLanguage":"pt-BR","@id":"https:\/\/jornalfatosenoticias.com.br\/#\/schema\/logo\/image\/","url":"https:\/\/jornalfatosenoticias.com.br\/wp-content\/uploads\/2020\/02\/logo120.png","contentUrl":"https:\/\/jornalfatosenoticias.com.br\/wp-content\/uploads\/2020\/02\/logo120.png","width":1227,"height":120,"caption":"Jornal Fatos e Not\u00edcias"},"image":{"@id":"https:\/\/jornalfatosenoticias.com.br\/#\/schema\/logo\/image\/"}},{"@type":"Person","@id":"https:\/\/jornalfatosenoticias.com.br\/#\/schema\/person\/d63837fa13ac8666eb9e74e0985d6f81","name":"Luzimara Fernandes","image":{"@type":"ImageObject","inLanguage":"pt-BR","@id":"https:\/\/jornalfatosenoticias.com.br\/#\/schema\/person\/image\/","url":"https:\/\/jornalfatosenoticias.com.br\/wp-content\/uploads\/2025\/05\/EU_portal.jpg","contentUrl":"https:\/\/jornalfatosenoticias.com.br\/wp-content\/uploads\/2025\/05\/EU_portal.jpg","caption":"Luzimara Fernandes"},"description":"Jornalista MTB 2358-ES","sameAs":["https:\/\/jornalfatosenoticias.com.br"],"url":"https:\/\/jornalfatosenoticias.com.br\/index.php\/author\/luzimara\/"}]}},"cc_featured_image_caption":{"caption_text":"(Foto: Reprodu\u00e7\u00e3o\/Zanettini Arqueologia) ","source_text":"","source_url":""},"jetpack_featured_media_url":"https:\/\/jornalfatosenoticias.com.br\/wp-content\/uploads\/2024\/04\/sitio-arqueologico-sp-1.png","_links":{"self":[{"href":"https:\/\/jornalfatosenoticias.com.br\/index.php\/wp-json\/wp\/v2\/posts\/50564","targetHints":{"allow":["GET"]}}],"collection":[{"href":"https:\/\/jornalfatosenoticias.com.br\/index.php\/wp-json\/wp\/v2\/posts"}],"about":[{"href":"https:\/\/jornalfatosenoticias.com.br\/index.php\/wp-json\/wp\/v2\/types\/post"}],"author":[{"embeddable":true,"href":"https:\/\/jornalfatosenoticias.com.br\/index.php\/wp-json\/wp\/v2\/users\/2"}],"replies":[{"embeddable":true,"href":"https:\/\/jornalfatosenoticias.com.br\/index.php\/wp-json\/wp\/v2\/comments?post=50564"}],"version-history":[{"count":0,"href":"https:\/\/jornalfatosenoticias.com.br\/index.php\/wp-json\/wp\/v2\/posts\/50564\/revisions"}],"wp:featuredmedia":[{"embeddable":true,"href":"https:\/\/jornalfatosenoticias.com.br\/index.php\/wp-json\/wp\/v2\/media\/50566"}],"wp:attachment":[{"href":"https:\/\/jornalfatosenoticias.com.br\/index.php\/wp-json\/wp\/v2\/media?parent=50564"}],"wp:term":[{"taxonomy":"category","embeddable":true,"href":"https:\/\/jornalfatosenoticias.com.br\/index.php\/wp-json\/wp\/v2\/categories?post=50564"},{"taxonomy":"post_tag","embeddable":true,"href":"https:\/\/jornalfatosenoticias.com.br\/index.php\/wp-json\/wp\/v2\/tags?post=50564"}],"curies":[{"name":"wp","href":"https:\/\/api.w.org\/{rel}","templated":true}]}}