{"id":50577,"date":"2024-04-15T09:58:15","date_gmt":"2024-04-15T12:58:15","guid":{"rendered":"https:\/\/jornalfatosenoticias.com.br\/?p=50577"},"modified":"2024-04-15T09:58:18","modified_gmt":"2024-04-15T12:58:18","slug":"aviao-supersonico-quer-ir-de-sao-francisco-a-toquio-em-uma-hora","status":"publish","type":"post","link":"https:\/\/jornalfatosenoticias.com.br\/index.php\/2024\/04\/15\/aviao-supersonico-quer-ir-de-sao-francisco-a-toquio-em-uma-hora\/","title":{"rendered":"Avi\u00e3o supers\u00f4nico quer ir de S\u00e3o Francisco a T\u00f3quio em uma hora"},"content":{"rendered":"\n<p><em><span class=\"has-inline-color has-black-color\">Avi\u00e3o supers\u00f4nico da Venus Aerospace ainda \u00e9 s\u00f3 um plano, mas, se virar realidade, vai transportar passageiros acima da velocidade do som<\/span><\/em><\/p>\n\n\n\n<p><span class=\"has-inline-color has-black-color\">Por <strong><a href=\"https:\/\/olhardigital.com.br\/author\/vitoria-gomez\/\">Vitoria Lopes Gomez<\/a><\/strong><\/span><\/p>\n\n\n\n<div class=\"wp-block-image\"><figure class=\"aligncenter size-large\"><img loading=\"lazy\" decoding=\"async\" width=\"1024\" height=\"109\" src=\"https:\/\/jornalfatosenoticias.com.br\/wp-content\/uploads\/2020\/02\/CONTROL-CS2-1024x109.jpg\" alt=\"\" class=\"wp-image-44989\" srcset=\"https:\/\/jornalfatosenoticias.com.br\/wp-content\/uploads\/2020\/02\/CONTROL-CS2-1024x109.jpg 1024w, https:\/\/jornalfatosenoticias.com.br\/wp-content\/uploads\/2020\/02\/CONTROL-CS2-300x32.jpg 300w, https:\/\/jornalfatosenoticias.com.br\/wp-content\/uploads\/2020\/02\/CONTROL-CS2-768x82.jpg 768w, https:\/\/jornalfatosenoticias.com.br\/wp-content\/uploads\/2020\/02\/CONTROL-CS2.jpg 1120w\" sizes=\"auto, (max-width: 1024px) 100vw, 1024px\" \/><\/figure><\/div>\n\n\n\n<p><a href=\"https:\/\/olhardigital.com.br\/tag\/aviao-supersonico\/\">Avi\u00f5es supers\u00f4nicos<\/a> com certeza t\u00eam um nome chamativo, mas n\u00e3o s\u00e3o exatamente novidades. Os modelos t\u00eam diferen\u00e7as no design, motoriza\u00e7\u00e3o e na utilidade (por exemplo, aeronaves militares antigas tinham essa caracter\u00edstica), mas uma das poucas coisas em comum entre todos \u00e9 a capacidade de alcan\u00e7ar a velocidade Mach 1, rompendo a barreira do som.<br>Uma nova aeronave supers\u00f4nica quer ir muito (muito mesmo) al\u00e9m disso \u2014 e j\u00e1 est\u00e1 sendo testada. A inten\u00e7\u00e3o \u00e9 que, quando estiver pronta, possa fazer viagens intercontinentais em apenas uma hora. Estamos falando de um modelo da Venus Aerospace. Ele j\u00e1 voou pela primeira vez, mas, por enquanto, ainda n\u00e3o \u00e9 supers\u00f4nico. Quando chegar nessa fase, ser\u00e1 movido por um Motor de Foguete de Detona\u00e7\u00e3o Rotativo (RDRE, na sigla em ingl\u00eas).<\/p>\n\n\n\n<div class=\"wp-block-image\"><figure class=\"aligncenter size-large is-resized\"><img loading=\"lazy\" decoding=\"async\" src=\"https:\/\/jornalfatosenoticias.com.br\/wp-content\/uploads\/2023\/08\/BKR-1024x1021.jpg\" alt=\"\" class=\"wp-image-44494\" width=\"277\" height=\"276\" srcset=\"https:\/\/jornalfatosenoticias.com.br\/wp-content\/uploads\/2023\/08\/BKR-1024x1021.jpg 1024w, https:\/\/jornalfatosenoticias.com.br\/wp-content\/uploads\/2023\/08\/BKR-300x300.jpg 300w, https:\/\/jornalfatosenoticias.com.br\/wp-content\/uploads\/2023\/08\/BKR-150x150.jpg 150w, https:\/\/jornalfatosenoticias.com.br\/wp-content\/uploads\/2023\/08\/BKR-768x766.jpg 768w, https:\/\/jornalfatosenoticias.com.br\/wp-content\/uploads\/2023\/08\/BKR.jpg 1080w\" sizes=\"auto, (max-width: 277px) 100vw, 277px\" \/><\/figure><\/div>\n\n\n\n<p>Segundo o <em><a href=\"https:\/\/newatlas.com\/aircraft\/supersonic-drone-detonation\/\" target=\"_blank\" rel=\"noreferrer noopener\">New Atlas<\/a><\/em>, outra caracter\u00edstica em comum das aeronaves supers\u00f4nicas s\u00e3o o motor a jato a propuls\u00e3o que permite chegar em Mach 1 (uma vez a velocidade do som, cerca de 1235 km\/h). A grande novidade da Venus Aerospace ser\u00e1 mudar o tipo de motoriza\u00e7\u00e3o, aderindo ao RDRE, que, em teoria, supera limita\u00e7\u00f5es do motor a jato. Ele consiste em dois cilindros com um espa\u00e7o entre eles, que guarda uma mistura de combust\u00edvel inflam\u00e1vel. <\/p>\n\n\n\n<div class=\"wp-block-image\"><figure class=\"aligncenter size-large is-resized\"><img loading=\"lazy\" decoding=\"async\" src=\"https:\/\/jornalfatosenoticias.com.br\/wp-content\/uploads\/2023\/08\/ITH.jpeg\" alt=\"\" class=\"wp-image-44638\" width=\"267\" height=\"217\" srcset=\"https:\/\/jornalfatosenoticias.com.br\/wp-content\/uploads\/2023\/08\/ITH.jpeg 800w, https:\/\/jornalfatosenoticias.com.br\/wp-content\/uploads\/2023\/08\/ITH-300x244.jpeg 300w, https:\/\/jornalfatosenoticias.com.br\/wp-content\/uploads\/2023\/08\/ITH-768x624.jpeg 768w\" sizes=\"auto, (max-width: 267px) 100vw, 267px\" \/><\/figure><\/div>\n\n\n\n<p>Se tudo correr como esperado, gera uma rea\u00e7\u00e3o acoplada e uma onda de choque com mais calor e press\u00e3o, consequentemente aumentando a velocidade.<br>O resultado \u00e9 um motor mais leve, 15% mais eficiente que motores convencionais \u2014 e que pode fazer o avi\u00e3o supers\u00f4nico voar mais r\u00e1pido.<\/p>\n\n\n\n<div class=\"wp-block-image\"><figure class=\"aligncenter size-large is-resized\"><img loading=\"lazy\" decoding=\"async\" src=\"https:\/\/jornalfatosenoticias.com.br\/wp-content\/uploads\/2022\/02\/Precisao-Contabilidade-1024x724.jpg\" alt=\"\" class=\"wp-image-28088\" width=\"304\" height=\"215\"\/><\/figure><\/div>\n\n\n\n<h3 class=\"wp-block-heading\"><span class=\"has-inline-color has-black-color\">Veja como foi o primeiro teste:<\/span><\/h3>\n\n\n\n<figure class=\"wp-block-embed-youtube wp-block-embed is-type-video is-provider-youtube wp-embed-aspect-16-9 wp-has-aspect-ratio\"><div class=\"wp-block-embed__wrapper\">\n<iframe loading=\"lazy\" title=\"Venus Aerospace Inaugural Supersonic Drone Flight\" width=\"660\" height=\"371\" src=\"https:\/\/www.youtube.com\/embed\/ggQQsT5wm4w?feature=oembed\" frameborder=\"0\" allow=\"accelerometer; autoplay; clipboard-write; encrypted-media; gyroscope; picture-in-picture; web-share\" referrerpolicy=\"strict-origin-when-cross-origin\" allowfullscreen><\/iframe>\n<\/div><\/figure>\n\n\n\n<div class=\"wp-block-image\"><figure class=\"aligncenter size-large is-resized\"><img loading=\"lazy\" decoding=\"async\" src=\"https:\/\/jornalfatosenoticias.com.br\/wp-content\/uploads\/2020\/02\/logo-Rapuzel-1024x571.jpg\" alt=\"\" class=\"wp-image-42808\" width=\"336\" height=\"187\" srcset=\"https:\/\/jornalfatosenoticias.com.br\/wp-content\/uploads\/2020\/02\/logo-Rapuzel-1024x571.jpg 1024w, https:\/\/jornalfatosenoticias.com.br\/wp-content\/uploads\/2020\/02\/logo-Rapuzel-300x167.jpg 300w, https:\/\/jornalfatosenoticias.com.br\/wp-content\/uploads\/2020\/02\/logo-Rapuzel-768x428.jpg 768w, https:\/\/jornalfatosenoticias.com.br\/wp-content\/uploads\/2020\/02\/logo-Rapuzel-1536x856.jpg 1536w, https:\/\/jornalfatosenoticias.com.br\/wp-content\/uploads\/2020\/02\/logo-Rapuzel.jpg 1600w\" sizes=\"auto, (max-width: 336px) 100vw, 336px\" \/><\/figure><\/div>\n\n\n\n<p><strong><em>Fonte: <a href=\"https:\/\/olhardigital.com.br\/2024\/04\/04\/carros-e-tecnologia\/aviao-supersonico-quer-ir-de-sao-francisco-a-toquio-em-uma-hora\/\">Olhar Digital<\/a><\/em><\/strong><\/p>\n","protected":false},"excerpt":{"rendered":"<p>Avi\u00e3o supers\u00f4nico da Venus Aerospace ainda \u00e9 s\u00f3 um plano, mas, se virar realidade, vai transportar passageiros acima da velocidade do som Por Vitoria Lopes Gomez Avi\u00f5es supers\u00f4nicos com certeza t\u00eam um nome chamativo, mas n\u00e3o s\u00e3o exatamente novidades. Os modelos t\u00eam diferen\u00e7as no design, motoriza\u00e7\u00e3o e na utilidade (por exemplo, aeronaves militares antigas tinham [&hellip;]<\/p>\n","protected":false},"author":2,"featured_media":50578,"comment_status":"open","ping_status":"open","sticky":false,"template":"","format":"standard","meta":{"footnotes":""},"categories":[9923,3],"tags":[2428,2752,20887,23269],"class_list":["post-50577","post","type-post","status-publish","format-standard","has-post-thumbnail","hentry","category-mobilidade","category-tecnologia","tag-aeronave","tag-aviao","tag-aviao-supersonico","tag-venus-aerospace"],"yoast_head":"<!-- This site is optimized with the Yoast SEO plugin v26.5 - https:\/\/yoast.com\/wordpress\/plugins\/seo\/ -->\n<title>Avi\u00e3o supers\u00f4nico quer ir de S\u00e3o Francisco a T\u00f3quio em uma hora - Jornal Fatos e Not\u00edcias<\/title>\n<meta name=\"robots\" content=\"index, follow, max-snippet:-1, max-image-preview:large, max-video-preview:-1\" \/>\n<link rel=\"canonical\" href=\"https:\/\/jornalfatosenoticias.com.br\/index.php\/2024\/04\/15\/aviao-supersonico-quer-ir-de-sao-francisco-a-toquio-em-uma-hora\/\" \/>\n<meta property=\"og:locale\" content=\"pt_BR\" \/>\n<meta property=\"og:type\" content=\"article\" \/>\n<meta property=\"og:title\" content=\"Avi\u00e3o supers\u00f4nico quer ir de S\u00e3o Francisco a T\u00f3quio em uma hora - Jornal Fatos e Not\u00edcias\" \/>\n<meta property=\"og:description\" content=\"Avi\u00e3o supers\u00f4nico da Venus Aerospace ainda \u00e9 s\u00f3 um plano, mas, se virar realidade, vai transportar passageiros acima da velocidade do som Por Vitoria Lopes Gomez Avi\u00f5es supers\u00f4nicos com certeza t\u00eam um nome chamativo, mas n\u00e3o s\u00e3o exatamente novidades. Os modelos t\u00eam diferen\u00e7as no design, motoriza\u00e7\u00e3o e na utilidade (por exemplo, aeronaves militares antigas tinham [&hellip;]\" \/>\n<meta property=\"og:url\" content=\"https:\/\/jornalfatosenoticias.com.br\/index.php\/2024\/04\/15\/aviao-supersonico-quer-ir-de-sao-francisco-a-toquio-em-uma-hora\/\" \/>\n<meta property=\"og:site_name\" content=\"Jornal Fatos e Not\u00edcias\" \/>\n<meta property=\"article:published_time\" content=\"2024-04-15T12:58:15+00:00\" \/>\n<meta property=\"article:modified_time\" content=\"2024-04-15T12:58:18+00:00\" \/>\n<meta property=\"og:image\" content=\"https:\/\/jornalfatosenoticias.com.br\/wp-content\/uploads\/2024\/04\/aviao-supersonico-venus-aerospace.png\" \/>\n\t<meta property=\"og:image:width\" content=\"845\" \/>\n\t<meta property=\"og:image:height\" content=\"557\" \/>\n\t<meta property=\"og:image:type\" content=\"image\/png\" \/>\n<meta name=\"author\" content=\"Luzimara Fernandes\" \/>\n<meta name=\"twitter:card\" content=\"summary_large_image\" \/>\n<meta name=\"twitter:label1\" content=\"Escrito por\" \/>\n\t<meta name=\"twitter:data1\" content=\"Luzimara Fernandes\" \/>\n\t<meta name=\"twitter:label2\" content=\"Est. tempo de leitura\" \/>\n\t<meta name=\"twitter:data2\" content=\"2 minutos\" \/>\n<script type=\"application\/ld+json\" class=\"yoast-schema-graph\">{\"@context\":\"https:\/\/schema.org\",\"@graph\":[{\"@type\":\"Article\",\"@id\":\"https:\/\/jornalfatosenoticias.com.br\/index.php\/2024\/04\/15\/aviao-supersonico-quer-ir-de-sao-francisco-a-toquio-em-uma-hora\/#article\",\"isPartOf\":{\"@id\":\"https:\/\/jornalfatosenoticias.com.br\/index.php\/2024\/04\/15\/aviao-supersonico-quer-ir-de-sao-francisco-a-toquio-em-uma-hora\/\"},\"author\":{\"name\":\"Luzimara Fernandes\",\"@id\":\"https:\/\/jornalfatosenoticias.com.br\/#\/schema\/person\/d63837fa13ac8666eb9e74e0985d6f81\"},\"headline\":\"Avi\u00e3o supers\u00f4nico quer ir de S\u00e3o Francisco a T\u00f3quio em uma hora\",\"datePublished\":\"2024-04-15T12:58:15+00:00\",\"dateModified\":\"2024-04-15T12:58:18+00:00\",\"mainEntityOfPage\":{\"@id\":\"https:\/\/jornalfatosenoticias.com.br\/index.php\/2024\/04\/15\/aviao-supersonico-quer-ir-de-sao-francisco-a-toquio-em-uma-hora\/\"},\"wordCount\":353,\"commentCount\":0,\"publisher\":{\"@id\":\"https:\/\/jornalfatosenoticias.com.br\/#organization\"},\"image\":{\"@id\":\"https:\/\/jornalfatosenoticias.com.br\/index.php\/2024\/04\/15\/aviao-supersonico-quer-ir-de-sao-francisco-a-toquio-em-uma-hora\/#primaryimage\"},\"thumbnailUrl\":\"https:\/\/jornalfatosenoticias.com.br\/wp-content\/uploads\/2024\/04\/aviao-supersonico-venus-aerospace.png\",\"keywords\":[\"aeronave\",\"avi\u00e3o\",\"avi\u00e3o supers\u00f4nico\",\"Venus Aerospace\"],\"articleSection\":[\"Mobilidade\",\"Tecnologia &amp; Inova\u00e7\u00e3o\"],\"inLanguage\":\"pt-BR\",\"potentialAction\":[{\"@type\":\"CommentAction\",\"name\":\"Comment\",\"target\":[\"https:\/\/jornalfatosenoticias.com.br\/index.php\/2024\/04\/15\/aviao-supersonico-quer-ir-de-sao-francisco-a-toquio-em-uma-hora\/#respond\"]}]},{\"@type\":\"WebPage\",\"@id\":\"https:\/\/jornalfatosenoticias.com.br\/index.php\/2024\/04\/15\/aviao-supersonico-quer-ir-de-sao-francisco-a-toquio-em-uma-hora\/\",\"url\":\"https:\/\/jornalfatosenoticias.com.br\/index.php\/2024\/04\/15\/aviao-supersonico-quer-ir-de-sao-francisco-a-toquio-em-uma-hora\/\",\"name\":\"Avi\u00e3o supers\u00f4nico quer ir de S\u00e3o Francisco a T\u00f3quio em uma hora - Jornal Fatos e Not\u00edcias\",\"isPartOf\":{\"@id\":\"https:\/\/jornalfatosenoticias.com.br\/#website\"},\"primaryImageOfPage\":{\"@id\":\"https:\/\/jornalfatosenoticias.com.br\/index.php\/2024\/04\/15\/aviao-supersonico-quer-ir-de-sao-francisco-a-toquio-em-uma-hora\/#primaryimage\"},\"image\":{\"@id\":\"https:\/\/jornalfatosenoticias.com.br\/index.php\/2024\/04\/15\/aviao-supersonico-quer-ir-de-sao-francisco-a-toquio-em-uma-hora\/#primaryimage\"},\"thumbnailUrl\":\"https:\/\/jornalfatosenoticias.com.br\/wp-content\/uploads\/2024\/04\/aviao-supersonico-venus-aerospace.png\",\"datePublished\":\"2024-04-15T12:58:15+00:00\",\"dateModified\":\"2024-04-15T12:58:18+00:00\",\"breadcrumb\":{\"@id\":\"https:\/\/jornalfatosenoticias.com.br\/index.php\/2024\/04\/15\/aviao-supersonico-quer-ir-de-sao-francisco-a-toquio-em-uma-hora\/#breadcrumb\"},\"inLanguage\":\"pt-BR\",\"potentialAction\":[{\"@type\":\"ReadAction\",\"target\":[\"https:\/\/jornalfatosenoticias.com.br\/index.php\/2024\/04\/15\/aviao-supersonico-quer-ir-de-sao-francisco-a-toquio-em-uma-hora\/\"]}]},{\"@type\":\"ImageObject\",\"inLanguage\":\"pt-BR\",\"@id\":\"https:\/\/jornalfatosenoticias.com.br\/index.php\/2024\/04\/15\/aviao-supersonico-quer-ir-de-sao-francisco-a-toquio-em-uma-hora\/#primaryimage\",\"url\":\"https:\/\/jornalfatosenoticias.com.br\/wp-content\/uploads\/2024\/04\/aviao-supersonico-venus-aerospace.png\",\"contentUrl\":\"https:\/\/jornalfatosenoticias.com.br\/wp-content\/uploads\/2024\/04\/aviao-supersonico-venus-aerospace.png\",\"width\":845,\"height\":557},{\"@type\":\"BreadcrumbList\",\"@id\":\"https:\/\/jornalfatosenoticias.com.br\/index.php\/2024\/04\/15\/aviao-supersonico-quer-ir-de-sao-francisco-a-toquio-em-uma-hora\/#breadcrumb\",\"itemListElement\":[{\"@type\":\"ListItem\",\"position\":1,\"name\":\"In\u00edcio\",\"item\":\"https:\/\/jornalfatosenoticias.com.br\/\"},{\"@type\":\"ListItem\",\"position\":2,\"name\":\"Avi\u00e3o supers\u00f4nico quer ir de S\u00e3o Francisco a T\u00f3quio em uma hora\"}]},{\"@type\":\"WebSite\",\"@id\":\"https:\/\/jornalfatosenoticias.com.br\/#website\",\"url\":\"https:\/\/jornalfatosenoticias.com.br\/\",\"name\":\"Jornal Fatos e Not\u00edcias\",\"description\":\"Not\u00edcias em geral\",\"publisher\":{\"@id\":\"https:\/\/jornalfatosenoticias.com.br\/#organization\"},\"potentialAction\":[{\"@type\":\"SearchAction\",\"target\":{\"@type\":\"EntryPoint\",\"urlTemplate\":\"https:\/\/jornalfatosenoticias.com.br\/?s={search_term_string}\"},\"query-input\":{\"@type\":\"PropertyValueSpecification\",\"valueRequired\":true,\"valueName\":\"search_term_string\"}}],\"inLanguage\":\"pt-BR\"},{\"@type\":\"Organization\",\"@id\":\"https:\/\/jornalfatosenoticias.com.br\/#organization\",\"name\":\"Jornal Fatos e Not\u00edcias\",\"url\":\"https:\/\/jornalfatosenoticias.com.br\/\",\"logo\":{\"@type\":\"ImageObject\",\"inLanguage\":\"pt-BR\",\"@id\":\"https:\/\/jornalfatosenoticias.com.br\/#\/schema\/logo\/image\/\",\"url\":\"https:\/\/jornalfatosenoticias.com.br\/wp-content\/uploads\/2020\/02\/logo120.png\",\"contentUrl\":\"https:\/\/jornalfatosenoticias.com.br\/wp-content\/uploads\/2020\/02\/logo120.png\",\"width\":1227,\"height\":120,\"caption\":\"Jornal Fatos e Not\u00edcias\"},\"image\":{\"@id\":\"https:\/\/jornalfatosenoticias.com.br\/#\/schema\/logo\/image\/\"}},{\"@type\":\"Person\",\"@id\":\"https:\/\/jornalfatosenoticias.com.br\/#\/schema\/person\/d63837fa13ac8666eb9e74e0985d6f81\",\"name\":\"Luzimara Fernandes\",\"image\":{\"@type\":\"ImageObject\",\"inLanguage\":\"pt-BR\",\"@id\":\"https:\/\/jornalfatosenoticias.com.br\/#\/schema\/person\/image\/\",\"url\":\"https:\/\/jornalfatosenoticias.com.br\/wp-content\/uploads\/2025\/05\/EU_portal.jpg\",\"contentUrl\":\"https:\/\/jornalfatosenoticias.com.br\/wp-content\/uploads\/2025\/05\/EU_portal.jpg\",\"caption\":\"Luzimara Fernandes\"},\"description\":\"Jornalista MTB 2358-ES\",\"sameAs\":[\"https:\/\/jornalfatosenoticias.com.br\"],\"url\":\"https:\/\/jornalfatosenoticias.com.br\/index.php\/author\/luzimara\/\"}]}<\/script>\n<!-- \/ Yoast SEO plugin. -->","yoast_head_json":{"title":"Avi\u00e3o supers\u00f4nico quer ir de S\u00e3o Francisco a T\u00f3quio em uma hora - Jornal Fatos e Not\u00edcias","robots":{"index":"index","follow":"follow","max-snippet":"max-snippet:-1","max-image-preview":"max-image-preview:large","max-video-preview":"max-video-preview:-1"},"canonical":"https:\/\/jornalfatosenoticias.com.br\/index.php\/2024\/04\/15\/aviao-supersonico-quer-ir-de-sao-francisco-a-toquio-em-uma-hora\/","og_locale":"pt_BR","og_type":"article","og_title":"Avi\u00e3o supers\u00f4nico quer ir de S\u00e3o Francisco a T\u00f3quio em uma hora - Jornal Fatos e Not\u00edcias","og_description":"Avi\u00e3o supers\u00f4nico da Venus Aerospace ainda \u00e9 s\u00f3 um plano, mas, se virar realidade, vai transportar passageiros acima da velocidade do som Por Vitoria Lopes Gomez Avi\u00f5es supers\u00f4nicos com certeza t\u00eam um nome chamativo, mas n\u00e3o s\u00e3o exatamente novidades. Os modelos t\u00eam diferen\u00e7as no design, motoriza\u00e7\u00e3o e na utilidade (por exemplo, aeronaves militares antigas tinham [&hellip;]","og_url":"https:\/\/jornalfatosenoticias.com.br\/index.php\/2024\/04\/15\/aviao-supersonico-quer-ir-de-sao-francisco-a-toquio-em-uma-hora\/","og_site_name":"Jornal Fatos e Not\u00edcias","article_published_time":"2024-04-15T12:58:15+00:00","article_modified_time":"2024-04-15T12:58:18+00:00","og_image":[{"width":845,"height":557,"url":"https:\/\/jornalfatosenoticias.com.br\/wp-content\/uploads\/2024\/04\/aviao-supersonico-venus-aerospace.png","type":"image\/png"}],"author":"Luzimara Fernandes","twitter_card":"summary_large_image","twitter_misc":{"Escrito por":"Luzimara Fernandes","Est. tempo de leitura":"2 minutos"},"schema":{"@context":"https:\/\/schema.org","@graph":[{"@type":"Article","@id":"https:\/\/jornalfatosenoticias.com.br\/index.php\/2024\/04\/15\/aviao-supersonico-quer-ir-de-sao-francisco-a-toquio-em-uma-hora\/#article","isPartOf":{"@id":"https:\/\/jornalfatosenoticias.com.br\/index.php\/2024\/04\/15\/aviao-supersonico-quer-ir-de-sao-francisco-a-toquio-em-uma-hora\/"},"author":{"name":"Luzimara Fernandes","@id":"https:\/\/jornalfatosenoticias.com.br\/#\/schema\/person\/d63837fa13ac8666eb9e74e0985d6f81"},"headline":"Avi\u00e3o supers\u00f4nico quer ir de S\u00e3o Francisco a T\u00f3quio em uma hora","datePublished":"2024-04-15T12:58:15+00:00","dateModified":"2024-04-15T12:58:18+00:00","mainEntityOfPage":{"@id":"https:\/\/jornalfatosenoticias.com.br\/index.php\/2024\/04\/15\/aviao-supersonico-quer-ir-de-sao-francisco-a-toquio-em-uma-hora\/"},"wordCount":353,"commentCount":0,"publisher":{"@id":"https:\/\/jornalfatosenoticias.com.br\/#organization"},"image":{"@id":"https:\/\/jornalfatosenoticias.com.br\/index.php\/2024\/04\/15\/aviao-supersonico-quer-ir-de-sao-francisco-a-toquio-em-uma-hora\/#primaryimage"},"thumbnailUrl":"https:\/\/jornalfatosenoticias.com.br\/wp-content\/uploads\/2024\/04\/aviao-supersonico-venus-aerospace.png","keywords":["aeronave","avi\u00e3o","avi\u00e3o supers\u00f4nico","Venus Aerospace"],"articleSection":["Mobilidade","Tecnologia &amp; Inova\u00e7\u00e3o"],"inLanguage":"pt-BR","potentialAction":[{"@type":"CommentAction","name":"Comment","target":["https:\/\/jornalfatosenoticias.com.br\/index.php\/2024\/04\/15\/aviao-supersonico-quer-ir-de-sao-francisco-a-toquio-em-uma-hora\/#respond"]}]},{"@type":"WebPage","@id":"https:\/\/jornalfatosenoticias.com.br\/index.php\/2024\/04\/15\/aviao-supersonico-quer-ir-de-sao-francisco-a-toquio-em-uma-hora\/","url":"https:\/\/jornalfatosenoticias.com.br\/index.php\/2024\/04\/15\/aviao-supersonico-quer-ir-de-sao-francisco-a-toquio-em-uma-hora\/","name":"Avi\u00e3o supers\u00f4nico quer ir de S\u00e3o Francisco a T\u00f3quio em uma hora - Jornal Fatos e Not\u00edcias","isPartOf":{"@id":"https:\/\/jornalfatosenoticias.com.br\/#website"},"primaryImageOfPage":{"@id":"https:\/\/jornalfatosenoticias.com.br\/index.php\/2024\/04\/15\/aviao-supersonico-quer-ir-de-sao-francisco-a-toquio-em-uma-hora\/#primaryimage"},"image":{"@id":"https:\/\/jornalfatosenoticias.com.br\/index.php\/2024\/04\/15\/aviao-supersonico-quer-ir-de-sao-francisco-a-toquio-em-uma-hora\/#primaryimage"},"thumbnailUrl":"https:\/\/jornalfatosenoticias.com.br\/wp-content\/uploads\/2024\/04\/aviao-supersonico-venus-aerospace.png","datePublished":"2024-04-15T12:58:15+00:00","dateModified":"2024-04-15T12:58:18+00:00","breadcrumb":{"@id":"https:\/\/jornalfatosenoticias.com.br\/index.php\/2024\/04\/15\/aviao-supersonico-quer-ir-de-sao-francisco-a-toquio-em-uma-hora\/#breadcrumb"},"inLanguage":"pt-BR","potentialAction":[{"@type":"ReadAction","target":["https:\/\/jornalfatosenoticias.com.br\/index.php\/2024\/04\/15\/aviao-supersonico-quer-ir-de-sao-francisco-a-toquio-em-uma-hora\/"]}]},{"@type":"ImageObject","inLanguage":"pt-BR","@id":"https:\/\/jornalfatosenoticias.com.br\/index.php\/2024\/04\/15\/aviao-supersonico-quer-ir-de-sao-francisco-a-toquio-em-uma-hora\/#primaryimage","url":"https:\/\/jornalfatosenoticias.com.br\/wp-content\/uploads\/2024\/04\/aviao-supersonico-venus-aerospace.png","contentUrl":"https:\/\/jornalfatosenoticias.com.br\/wp-content\/uploads\/2024\/04\/aviao-supersonico-venus-aerospace.png","width":845,"height":557},{"@type":"BreadcrumbList","@id":"https:\/\/jornalfatosenoticias.com.br\/index.php\/2024\/04\/15\/aviao-supersonico-quer-ir-de-sao-francisco-a-toquio-em-uma-hora\/#breadcrumb","itemListElement":[{"@type":"ListItem","position":1,"name":"In\u00edcio","item":"https:\/\/jornalfatosenoticias.com.br\/"},{"@type":"ListItem","position":2,"name":"Avi\u00e3o supers\u00f4nico quer ir de S\u00e3o Francisco a T\u00f3quio em uma hora"}]},{"@type":"WebSite","@id":"https:\/\/jornalfatosenoticias.com.br\/#website","url":"https:\/\/jornalfatosenoticias.com.br\/","name":"Jornal Fatos e Not\u00edcias","description":"Not\u00edcias em geral","publisher":{"@id":"https:\/\/jornalfatosenoticias.com.br\/#organization"},"potentialAction":[{"@type":"SearchAction","target":{"@type":"EntryPoint","urlTemplate":"https:\/\/jornalfatosenoticias.com.br\/?s={search_term_string}"},"query-input":{"@type":"PropertyValueSpecification","valueRequired":true,"valueName":"search_term_string"}}],"inLanguage":"pt-BR"},{"@type":"Organization","@id":"https:\/\/jornalfatosenoticias.com.br\/#organization","name":"Jornal Fatos e Not\u00edcias","url":"https:\/\/jornalfatosenoticias.com.br\/","logo":{"@type":"ImageObject","inLanguage":"pt-BR","@id":"https:\/\/jornalfatosenoticias.com.br\/#\/schema\/logo\/image\/","url":"https:\/\/jornalfatosenoticias.com.br\/wp-content\/uploads\/2020\/02\/logo120.png","contentUrl":"https:\/\/jornalfatosenoticias.com.br\/wp-content\/uploads\/2020\/02\/logo120.png","width":1227,"height":120,"caption":"Jornal Fatos e Not\u00edcias"},"image":{"@id":"https:\/\/jornalfatosenoticias.com.br\/#\/schema\/logo\/image\/"}},{"@type":"Person","@id":"https:\/\/jornalfatosenoticias.com.br\/#\/schema\/person\/d63837fa13ac8666eb9e74e0985d6f81","name":"Luzimara Fernandes","image":{"@type":"ImageObject","inLanguage":"pt-BR","@id":"https:\/\/jornalfatosenoticias.com.br\/#\/schema\/person\/image\/","url":"https:\/\/jornalfatosenoticias.com.br\/wp-content\/uploads\/2025\/05\/EU_portal.jpg","contentUrl":"https:\/\/jornalfatosenoticias.com.br\/wp-content\/uploads\/2025\/05\/EU_portal.jpg","caption":"Luzimara Fernandes"},"description":"Jornalista MTB 2358-ES","sameAs":["https:\/\/jornalfatosenoticias.com.br"],"url":"https:\/\/jornalfatosenoticias.com.br\/index.php\/author\/luzimara\/"}]}},"cc_featured_image_caption":{"caption_text":"(Foto: Venus Aerospace\/Reprodu\u00e7\u00e3o)","source_text":"","source_url":""},"jetpack_featured_media_url":"https:\/\/jornalfatosenoticias.com.br\/wp-content\/uploads\/2024\/04\/aviao-supersonico-venus-aerospace.png","_links":{"self":[{"href":"https:\/\/jornalfatosenoticias.com.br\/index.php\/wp-json\/wp\/v2\/posts\/50577","targetHints":{"allow":["GET"]}}],"collection":[{"href":"https:\/\/jornalfatosenoticias.com.br\/index.php\/wp-json\/wp\/v2\/posts"}],"about":[{"href":"https:\/\/jornalfatosenoticias.com.br\/index.php\/wp-json\/wp\/v2\/types\/post"}],"author":[{"embeddable":true,"href":"https:\/\/jornalfatosenoticias.com.br\/index.php\/wp-json\/wp\/v2\/users\/2"}],"replies":[{"embeddable":true,"href":"https:\/\/jornalfatosenoticias.com.br\/index.php\/wp-json\/wp\/v2\/comments?post=50577"}],"version-history":[{"count":0,"href":"https:\/\/jornalfatosenoticias.com.br\/index.php\/wp-json\/wp\/v2\/posts\/50577\/revisions"}],"wp:featuredmedia":[{"embeddable":true,"href":"https:\/\/jornalfatosenoticias.com.br\/index.php\/wp-json\/wp\/v2\/media\/50578"}],"wp:attachment":[{"href":"https:\/\/jornalfatosenoticias.com.br\/index.php\/wp-json\/wp\/v2\/media?parent=50577"}],"wp:term":[{"taxonomy":"category","embeddable":true,"href":"https:\/\/jornalfatosenoticias.com.br\/index.php\/wp-json\/wp\/v2\/categories?post=50577"},{"taxonomy":"post_tag","embeddable":true,"href":"https:\/\/jornalfatosenoticias.com.br\/index.php\/wp-json\/wp\/v2\/tags?post=50577"}],"curies":[{"name":"wp","href":"https:\/\/api.w.org\/{rel}","templated":true}]}}