{"id":50593,"date":"2024-04-15T10:29:41","date_gmt":"2024-04-15T13:29:41","guid":{"rendered":"https:\/\/jornalfatosenoticias.com.br\/?p=50593"},"modified":"2024-04-15T10:29:44","modified_gmt":"2024-04-15T13:29:44","slug":"pesquisadores-confirmam-existencia-de-poderoso-estado-judaico-na-crimeia-medieval","status":"publish","type":"post","link":"https:\/\/jornalfatosenoticias.com.br\/index.php\/2024\/04\/15\/pesquisadores-confirmam-existencia-de-poderoso-estado-judaico-na-crimeia-medieval\/","title":{"rendered":"Pesquisadores confirmam exist\u00eancia de poderoso Estado judaico na Crimeia medieval"},"content":{"rendered":"\n<p><em><span class=\"has-inline-color has-black-color\">Estudos realizados na pen\u00ednsula desenterraram itens do s\u00e9culo VIII pertencentes ao Canato Cazar, ou Caz\u00e1ria. Eles lutavam pela influ\u00eancia regional com o Imp\u00e9rio Bizantino<\/span><\/em><\/p>\n\n\n\n<div class=\"wp-block-image\"><figure class=\"aligncenter size-large\"><img loading=\"lazy\" decoding=\"async\" width=\"729\" height=\"90\" src=\"https:\/\/jornalfatosenoticias.com.br\/wp-content\/uploads\/2020\/02\/Logo_Mizu.png\" alt=\"\" class=\"wp-image-1441\" srcset=\"https:\/\/jornalfatosenoticias.com.br\/wp-content\/uploads\/2020\/02\/Logo_Mizu.png 729w, https:\/\/jornalfatosenoticias.com.br\/wp-content\/uploads\/2020\/02\/Logo_Mizu-300x37.png 300w\" sizes=\"auto, (max-width: 729px) 100vw, 729px\" \/><\/figure><\/div>\n\n\n\n<p>Cientistas encontraram enterros na Crimeia e conclu\u00edram que eles pertencem aos cazares, <a href=\"https:\/\/sputniknewsbr.com.br\/20231211\/sela-de-cavalo-descoberta-em-tumulo-na-mongolia-e-a-mais-antiga-do-seu-tipo-diz-estudo-fotos-31954787.html\" target=\"_blank\" rel=\"noreferrer noopener\">um povo n\u00f4made<\/a> que habitou vastos territ\u00f3rios no sul da atual R\u00fassia no in\u00edcio da Idade M\u00e9dia, e que \u00e9 a primeira evid\u00eancia arqueol\u00f3gica da presen\u00e7a do Canato Cazar na Crimeia.<br>No s\u00e9culo VII, a tribo turca dos cazares fundou o canato no norte do C\u00e1ucaso, entre os mares Negro e C\u00e1spio, onde <strong><span class=\"has-inline-color has-black-color\">o juda\u00edsmo acabaria se tornando a religi\u00e3o oficial.<\/span><\/strong> Durante seu auge, eles e seus tribut\u00e1rios controlavam grande parte do que hoje \u00e9 o sul da R\u00fassia, o oeste do Cazaquist\u00e3o, o leste da Ucr\u00e2nia, o norte e uma parte significativa do sul do C\u00e1ucaso e o norte do C\u00e1ucaso.<\/p>\n\n\n\n<div class=\"wp-block-image\"><figure class=\"aligncenter size-large is-resized\"><img loading=\"lazy\" decoding=\"async\" src=\"https:\/\/jornalfatosenoticias.com.br\/wp-content\/uploads\/2022\/02\/Precisao-Contabilidade-1024x724.jpg\" alt=\"\" class=\"wp-image-28088\" width=\"331\" height=\"234\"\/><\/figure><\/div>\n\n\n\n<p>Fontes escritas contam que, no s\u00e9culo 8, logo ap\u00f3s os hunos destru\u00edrem o Imp\u00e9rio Romano Ocidental, a Crimeia foi ocupada pelos cazares, que competiam com o Imp\u00e9rio Romano Oriental, ou Imp\u00e9rio Bizantino, pelo direito de influenciar a pen\u00ednsula.<\/p>\n\n\n\n<div class=\"wp-block-image\"><figure class=\"aligncenter size-large is-resized\"><img loading=\"lazy\" decoding=\"async\" src=\"https:\/\/jornalfatosenoticias.com.br\/wp-content\/uploads\/2023\/12\/pegoretti-logo-pdf-1024x389.jpg\" alt=\"\" class=\"wp-image-47536\" width=\"543\" height=\"206\" srcset=\"https:\/\/jornalfatosenoticias.com.br\/wp-content\/uploads\/2023\/12\/pegoretti-logo-pdf-1024x389.jpg 1024w, https:\/\/jornalfatosenoticias.com.br\/wp-content\/uploads\/2023\/12\/pegoretti-logo-pdf-300x114.jpg 300w, https:\/\/jornalfatosenoticias.com.br\/wp-content\/uploads\/2023\/12\/pegoretti-logo-pdf-768x291.jpg 768w, https:\/\/jornalfatosenoticias.com.br\/wp-content\/uploads\/2023\/12\/pegoretti-logo-pdf.jpg 1120w\" sizes=\"auto, (max-width: 543px) 100vw, 543px\" \/><\/figure><\/div>\n\n\n\n<p>Os t\u00famulos, encontrados em 2021 nas proximidades da cidade de Simferopol, no centro da pen\u00ednsula, pertenciam \u00e0 aristocracia cazariana, confirmam cientistas do Instituto de Arqueologia da Crimeia da Academia de Ci\u00eancias da R\u00fassia, que acrescentam que as estepes da Crimeia eram percorridas por cazares n\u00f4mades, incluindo sua aristocracia. Eles mantinham rela\u00e7\u00f5es amig\u00e1veis com o Imp\u00e9rio Bizantino at\u00e9 <a href=\"https:\/\/sputniknewsbr.com.br\/20240122\/rara-espada-da-era-viking-de-1000-anos-e-descoberta-em-um-rio-na-polonia-fotos-32656049.html\" target=\"_blank\" rel=\"noreferrer noopener\">a d\u00e9cada de 860<\/a>.<\/p>\n\n\n\n<div class=\"wp-block-image\"><figure class=\"aligncenter size-large\"><img decoding=\"async\" src=\"https:\/\/jornalfatosenoticias.com.br\/wp-content\/uploads\/2020\/02\/logo_esteio.jpg\" alt=\"\" class=\"wp-image-1214\"\/><\/figure><\/div>\n\n\n\n<blockquote class=\"wp-block-quote is-layout-flow wp-block-quote-is-layout-flow\"><p><span class=\"has-inline-color has-luminous-vivid-orange-color\">Infelizmente, os t\u00famulos medievais pr\u00f3ximos aos arredores de Simferopol foram roubados v\u00e1rias vezes desde o s\u00e9culo VIII. Entretanto, at\u00e9 mesmo os fragmentos preservados de armaduras e equipamentos equestres nos permitem falar da riqueza do invent\u00e1rio de sepultamentos. Com base em outros locais de sepultamento escavados no Volga e no Don, podemos imaginar como esse invent\u00e1rio poderia ser&#8221;, contou Vadim Maiko, diretor do Instituto de Arqueologia da Crimeia da Academia de Ci\u00eancias da R\u00fassia.<\/span><\/p><\/blockquote>\n\n\n\n<div class=\"wp-block-image\"><figure class=\"aligncenter size-large\"><img loading=\"lazy\" decoding=\"async\" width=\"400\" height=\"277\" src=\"https:\/\/jornalfatosenoticias.com.br\/wp-content\/uploads\/2023\/03\/logo-Panper_portal.jpg\" alt=\"\" class=\"wp-image-40208\" srcset=\"https:\/\/jornalfatosenoticias.com.br\/wp-content\/uploads\/2023\/03\/logo-Panper_portal.jpg 400w, https:\/\/jornalfatosenoticias.com.br\/wp-content\/uploads\/2023\/03\/logo-Panper_portal-300x208.jpg 300w\" sizes=\"auto, (max-width: 400px) 100vw, 400px\" \/><\/figure><\/div>\n\n\n\n<p>Assim, a estrutura interior desenterrada foi constru\u00edda com pedra cinzelada, cujos afloramentos s\u00e3o encontrados nas proximidades. A pedra foi unida com rolos de terra, morteiro de argila e terra em massa, e n\u00e3o foi usada nenhum morteiro de liga\u00e7\u00e3o especial. Segundo os arque\u00f3logos, a constru\u00e7\u00e3o provou ser bastante forte.<\/p>\n\n\n\n<div class=\"wp-block-image\"><figure class=\"aligncenter size-large is-resized\"><img loading=\"lazy\" decoding=\"async\" src=\"https:\/\/jornalfatosenoticias.com.br\/wp-content\/uploads\/2023\/03\/nova-logo-Marquetti.jpg\" alt=\"\" class=\"wp-image-40207\" width=\"392\" height=\"263\" srcset=\"https:\/\/jornalfatosenoticias.com.br\/wp-content\/uploads\/2023\/03\/nova-logo-Marquetti.jpg 643w, https:\/\/jornalfatosenoticias.com.br\/wp-content\/uploads\/2023\/03\/nova-logo-Marquetti-300x202.jpg 300w\" sizes=\"auto, (max-width: 392px) 100vw, 392px\" \/><\/figure><\/div>\n\n\n\n<p>Ele acrescenta que os cazares controlavam claramente a fronteira cazar-bizantina. O controle bem-sucedido dessa fronteira, que coincidiu com o per\u00edodo de ouro do canato, era muito importante para o Estado cazariano, acreditam os pesquisadores.<\/p>\n\n\n\n<div class=\"wp-block-image\"><figure class=\"aligncenter size-large is-resized\"><img loading=\"lazy\" decoding=\"async\" src=\"https:\/\/jornalfatosenoticias.com.br\/wp-content\/uploads\/2024\/01\/consultoria-ambiental.jpg\" alt=\"\" class=\"wp-image-48314\" width=\"311\" height=\"281\" srcset=\"https:\/\/jornalfatosenoticias.com.br\/wp-content\/uploads\/2024\/01\/consultoria-ambiental.jpg 832w, https:\/\/jornalfatosenoticias.com.br\/wp-content\/uploads\/2024\/01\/consultoria-ambiental-300x272.jpg 300w, https:\/\/jornalfatosenoticias.com.br\/wp-content\/uploads\/2024\/01\/consultoria-ambiental-768x696.jpg 768w\" sizes=\"auto, (max-width: 311px) 100vw, 311px\" \/><\/figure><\/div>\n\n\n\n<p>Os cientistas ainda n\u00e3o descobriram como e por que o alto comando dos n\u00f4mades cazares foi parar na Crimeia no terceiro quarto do s\u00e9culo VIII. No entanto, cronistas bizantinos e \u00e1rabes relatam uma forte alian\u00e7a pol\u00edtica firmada entre <a href=\"https:\/\/sputniknewsbr.com.br\/20230624\/descobrem-na-siria-antigo-mosaico-bizantino-que-retrata-poema-epico-de-homero-fotos-29348189.html\" target=\"_blank\" rel=\"noreferrer noopener\">o Imp\u00e9rio Bizantino<\/a> e a Caz\u00e1ria para combater a expans\u00e3o do califado \u00e1rabe no segundo quarto desse s\u00e9culo.<\/p>\n\n\n\n<div class=\"wp-block-image\"><figure class=\"aligncenter size-large is-resized\"><img loading=\"lazy\" decoding=\"async\" src=\"https:\/\/jornalfatosenoticias.com.br\/wp-content\/uploads\/2020\/02\/logo-Rapuzel-1024x571.jpg\" alt=\"\" class=\"wp-image-42808\" width=\"386\" height=\"215\" srcset=\"https:\/\/jornalfatosenoticias.com.br\/wp-content\/uploads\/2020\/02\/logo-Rapuzel-1024x571.jpg 1024w, https:\/\/jornalfatosenoticias.com.br\/wp-content\/uploads\/2020\/02\/logo-Rapuzel-300x167.jpg 300w, https:\/\/jornalfatosenoticias.com.br\/wp-content\/uploads\/2020\/02\/logo-Rapuzel-768x428.jpg 768w, https:\/\/jornalfatosenoticias.com.br\/wp-content\/uploads\/2020\/02\/logo-Rapuzel-1536x856.jpg 1536w, https:\/\/jornalfatosenoticias.com.br\/wp-content\/uploads\/2020\/02\/logo-Rapuzel.jpg 1600w\" sizes=\"auto, (max-width: 386px) 100vw, 386px\" \/><\/figure><\/div>\n\n\n\n<p><em><span class=\"has-inline-color has-black-color\">(<strong>Foto: <\/strong>Instituto de Arqueologia da Crimeia da Academia de Ci\u00eancias da R\u00fassia)<\/span><\/em><\/p>\n\n\n\n<p><strong><em>Fonte: <a href=\"https:\/\/sputniknewsbr.com.br\/20240330\/pesquisadores-confirmam-existencia-de-poderoso-estado-judaico-na-crimeia-medieval-33837094.html\">sputniknewsbr.com.br<\/a><\/em><\/strong><\/p>\n","protected":false},"excerpt":{"rendered":"<p>Estudos realizados na pen\u00ednsula desenterraram itens do s\u00e9culo VIII pertencentes ao Canato Cazar, ou Caz\u00e1ria. Eles lutavam pela influ\u00eancia regional com o Imp\u00e9rio Bizantino Cientistas encontraram enterros na Crimeia e conclu\u00edram que eles pertencem aos cazares, um povo n\u00f4made que habitou vastos territ\u00f3rios no sul da atual R\u00fassia no in\u00edcio da Idade M\u00e9dia, e que [&hellip;]<\/p>\n","protected":false},"author":2,"featured_media":50594,"comment_status":"open","ping_status":"open","sticky":false,"template":"","format":"standard","meta":{"footnotes":""},"categories":[9808],"tags":[23277,23274,8103,13879,125,2897,23275,15065,11342,991,23276,10577],"class_list":["post-50593","post","type-post","status-publish","format-standard","has-post-thumbnail","hentry","category-paleo-arqueologia","tag-academia-de-ciencias-da-russia","tag-caucaso","tag-cazaquistao","tag-crimeia","tag-europa","tag-idade-media","tag-imperio-bizantino","tag-mar-caspio","tag-mar-negro","tag-russia","tag-simferopol","tag-ucrania"],"yoast_head":"<!-- This site is optimized with the Yoast SEO plugin v26.5 - https:\/\/yoast.com\/wordpress\/plugins\/seo\/ -->\n<title>Pesquisadores confirmam exist\u00eancia de poderoso Estado judaico na Crimeia medieval - Jornal Fatos e Not\u00edcias<\/title>\n<meta name=\"robots\" content=\"index, follow, max-snippet:-1, max-image-preview:large, max-video-preview:-1\" \/>\n<link rel=\"canonical\" href=\"https:\/\/jornalfatosenoticias.com.br\/index.php\/2024\/04\/15\/pesquisadores-confirmam-existencia-de-poderoso-estado-judaico-na-crimeia-medieval\/\" \/>\n<meta property=\"og:locale\" content=\"pt_BR\" \/>\n<meta property=\"og:type\" content=\"article\" \/>\n<meta property=\"og:title\" content=\"Pesquisadores confirmam exist\u00eancia de poderoso Estado judaico na Crimeia medieval - Jornal Fatos e Not\u00edcias\" \/>\n<meta property=\"og:description\" content=\"Estudos realizados na pen\u00ednsula desenterraram itens do s\u00e9culo VIII pertencentes ao Canato Cazar, ou Caz\u00e1ria. Eles lutavam pela influ\u00eancia regional com o Imp\u00e9rio Bizantino Cientistas encontraram enterros na Crimeia e conclu\u00edram que eles pertencem aos cazares, um povo n\u00f4made que habitou vastos territ\u00f3rios no sul da atual R\u00fassia no in\u00edcio da Idade M\u00e9dia, e que [&hellip;]\" \/>\n<meta property=\"og:url\" content=\"https:\/\/jornalfatosenoticias.com.br\/index.php\/2024\/04\/15\/pesquisadores-confirmam-existencia-de-poderoso-estado-judaico-na-crimeia-medieval\/\" \/>\n<meta property=\"og:site_name\" content=\"Jornal Fatos e Not\u00edcias\" \/>\n<meta property=\"article:published_time\" content=\"2024-04-15T13:29:41+00:00\" \/>\n<meta property=\"article:modified_time\" content=\"2024-04-15T13:29:44+00:00\" \/>\n<meta property=\"og:image\" content=\"https:\/\/jornalfatosenoticias.com.br\/wp-content\/uploads\/2024\/04\/Estado-judaico-na-Crimeia-medieval.jpg\" \/>\n\t<meta property=\"og:image:width\" content=\"1000\" \/>\n\t<meta property=\"og:image:height\" content=\"551\" \/>\n\t<meta property=\"og:image:type\" content=\"image\/jpeg\" \/>\n<meta name=\"author\" content=\"Luzimara Fernandes\" \/>\n<meta name=\"twitter:card\" content=\"summary_large_image\" \/>\n<meta name=\"twitter:label1\" content=\"Escrito por\" \/>\n\t<meta name=\"twitter:data1\" content=\"Luzimara Fernandes\" \/>\n\t<meta name=\"twitter:label2\" content=\"Est. tempo de leitura\" \/>\n\t<meta name=\"twitter:data2\" content=\"3 minutos\" \/>\n<script type=\"application\/ld+json\" class=\"yoast-schema-graph\">{\"@context\":\"https:\/\/schema.org\",\"@graph\":[{\"@type\":\"Article\",\"@id\":\"https:\/\/jornalfatosenoticias.com.br\/index.php\/2024\/04\/15\/pesquisadores-confirmam-existencia-de-poderoso-estado-judaico-na-crimeia-medieval\/#article\",\"isPartOf\":{\"@id\":\"https:\/\/jornalfatosenoticias.com.br\/index.php\/2024\/04\/15\/pesquisadores-confirmam-existencia-de-poderoso-estado-judaico-na-crimeia-medieval\/\"},\"author\":{\"name\":\"Luzimara Fernandes\",\"@id\":\"https:\/\/jornalfatosenoticias.com.br\/#\/schema\/person\/d63837fa13ac8666eb9e74e0985d6f81\"},\"headline\":\"Pesquisadores confirmam exist\u00eancia de poderoso Estado judaico na Crimeia medieval\",\"datePublished\":\"2024-04-15T13:29:41+00:00\",\"dateModified\":\"2024-04-15T13:29:44+00:00\",\"mainEntityOfPage\":{\"@id\":\"https:\/\/jornalfatosenoticias.com.br\/index.php\/2024\/04\/15\/pesquisadores-confirmam-existencia-de-poderoso-estado-judaico-na-crimeia-medieval\/\"},\"wordCount\":537,\"commentCount\":0,\"publisher\":{\"@id\":\"https:\/\/jornalfatosenoticias.com.br\/#organization\"},\"image\":{\"@id\":\"https:\/\/jornalfatosenoticias.com.br\/index.php\/2024\/04\/15\/pesquisadores-confirmam-existencia-de-poderoso-estado-judaico-na-crimeia-medieval\/#primaryimage\"},\"thumbnailUrl\":\"https:\/\/jornalfatosenoticias.com.br\/wp-content\/uploads\/2024\/04\/Estado-judaico-na-Crimeia-medieval.jpg\",\"keywords\":[\"Academia de Ci\u00eancias da R\u00fassia\",\"C\u00e1ucaso\",\"Cazaquist\u00e3o\",\"Crimeia\",\"Europa\",\"Idade M\u00e9dia\",\"Imp\u00e9rio Bizantino\",\"Mar C\u00e1spio\",\"mar Negro\",\"R\u00fassia\",\"Simferopol\",\"Ucr\u00e2nia\"],\"articleSection\":[\"Paleo &amp; Arqueologia\"],\"inLanguage\":\"pt-BR\",\"potentialAction\":[{\"@type\":\"CommentAction\",\"name\":\"Comment\",\"target\":[\"https:\/\/jornalfatosenoticias.com.br\/index.php\/2024\/04\/15\/pesquisadores-confirmam-existencia-de-poderoso-estado-judaico-na-crimeia-medieval\/#respond\"]}]},{\"@type\":\"WebPage\",\"@id\":\"https:\/\/jornalfatosenoticias.com.br\/index.php\/2024\/04\/15\/pesquisadores-confirmam-existencia-de-poderoso-estado-judaico-na-crimeia-medieval\/\",\"url\":\"https:\/\/jornalfatosenoticias.com.br\/index.php\/2024\/04\/15\/pesquisadores-confirmam-existencia-de-poderoso-estado-judaico-na-crimeia-medieval\/\",\"name\":\"Pesquisadores confirmam exist\u00eancia de poderoso Estado judaico na Crimeia medieval - Jornal Fatos e Not\u00edcias\",\"isPartOf\":{\"@id\":\"https:\/\/jornalfatosenoticias.com.br\/#website\"},\"primaryImageOfPage\":{\"@id\":\"https:\/\/jornalfatosenoticias.com.br\/index.php\/2024\/04\/15\/pesquisadores-confirmam-existencia-de-poderoso-estado-judaico-na-crimeia-medieval\/#primaryimage\"},\"image\":{\"@id\":\"https:\/\/jornalfatosenoticias.com.br\/index.php\/2024\/04\/15\/pesquisadores-confirmam-existencia-de-poderoso-estado-judaico-na-crimeia-medieval\/#primaryimage\"},\"thumbnailUrl\":\"https:\/\/jornalfatosenoticias.com.br\/wp-content\/uploads\/2024\/04\/Estado-judaico-na-Crimeia-medieval.jpg\",\"datePublished\":\"2024-04-15T13:29:41+00:00\",\"dateModified\":\"2024-04-15T13:29:44+00:00\",\"breadcrumb\":{\"@id\":\"https:\/\/jornalfatosenoticias.com.br\/index.php\/2024\/04\/15\/pesquisadores-confirmam-existencia-de-poderoso-estado-judaico-na-crimeia-medieval\/#breadcrumb\"},\"inLanguage\":\"pt-BR\",\"potentialAction\":[{\"@type\":\"ReadAction\",\"target\":[\"https:\/\/jornalfatosenoticias.com.br\/index.php\/2024\/04\/15\/pesquisadores-confirmam-existencia-de-poderoso-estado-judaico-na-crimeia-medieval\/\"]}]},{\"@type\":\"ImageObject\",\"inLanguage\":\"pt-BR\",\"@id\":\"https:\/\/jornalfatosenoticias.com.br\/index.php\/2024\/04\/15\/pesquisadores-confirmam-existencia-de-poderoso-estado-judaico-na-crimeia-medieval\/#primaryimage\",\"url\":\"https:\/\/jornalfatosenoticias.com.br\/wp-content\/uploads\/2024\/04\/Estado-judaico-na-Crimeia-medieval.jpg\",\"contentUrl\":\"https:\/\/jornalfatosenoticias.com.br\/wp-content\/uploads\/2024\/04\/Estado-judaico-na-Crimeia-medieval.jpg\",\"width\":1000,\"height\":551},{\"@type\":\"BreadcrumbList\",\"@id\":\"https:\/\/jornalfatosenoticias.com.br\/index.php\/2024\/04\/15\/pesquisadores-confirmam-existencia-de-poderoso-estado-judaico-na-crimeia-medieval\/#breadcrumb\",\"itemListElement\":[{\"@type\":\"ListItem\",\"position\":1,\"name\":\"In\u00edcio\",\"item\":\"https:\/\/jornalfatosenoticias.com.br\/\"},{\"@type\":\"ListItem\",\"position\":2,\"name\":\"Pesquisadores confirmam exist\u00eancia de poderoso Estado judaico na Crimeia medieval\"}]},{\"@type\":\"WebSite\",\"@id\":\"https:\/\/jornalfatosenoticias.com.br\/#website\",\"url\":\"https:\/\/jornalfatosenoticias.com.br\/\",\"name\":\"Jornal Fatos e Not\u00edcias\",\"description\":\"Not\u00edcias em geral\",\"publisher\":{\"@id\":\"https:\/\/jornalfatosenoticias.com.br\/#organization\"},\"potentialAction\":[{\"@type\":\"SearchAction\",\"target\":{\"@type\":\"EntryPoint\",\"urlTemplate\":\"https:\/\/jornalfatosenoticias.com.br\/?s={search_term_string}\"},\"query-input\":{\"@type\":\"PropertyValueSpecification\",\"valueRequired\":true,\"valueName\":\"search_term_string\"}}],\"inLanguage\":\"pt-BR\"},{\"@type\":\"Organization\",\"@id\":\"https:\/\/jornalfatosenoticias.com.br\/#organization\",\"name\":\"Jornal Fatos e Not\u00edcias\",\"url\":\"https:\/\/jornalfatosenoticias.com.br\/\",\"logo\":{\"@type\":\"ImageObject\",\"inLanguage\":\"pt-BR\",\"@id\":\"https:\/\/jornalfatosenoticias.com.br\/#\/schema\/logo\/image\/\",\"url\":\"https:\/\/jornalfatosenoticias.com.br\/wp-content\/uploads\/2020\/02\/logo120.png\",\"contentUrl\":\"https:\/\/jornalfatosenoticias.com.br\/wp-content\/uploads\/2020\/02\/logo120.png\",\"width\":1227,\"height\":120,\"caption\":\"Jornal Fatos e Not\u00edcias\"},\"image\":{\"@id\":\"https:\/\/jornalfatosenoticias.com.br\/#\/schema\/logo\/image\/\"}},{\"@type\":\"Person\",\"@id\":\"https:\/\/jornalfatosenoticias.com.br\/#\/schema\/person\/d63837fa13ac8666eb9e74e0985d6f81\",\"name\":\"Luzimara Fernandes\",\"image\":{\"@type\":\"ImageObject\",\"inLanguage\":\"pt-BR\",\"@id\":\"https:\/\/jornalfatosenoticias.com.br\/#\/schema\/person\/image\/\",\"url\":\"https:\/\/jornalfatosenoticias.com.br\/wp-content\/uploads\/2025\/05\/EU_portal.jpg\",\"contentUrl\":\"https:\/\/jornalfatosenoticias.com.br\/wp-content\/uploads\/2025\/05\/EU_portal.jpg\",\"caption\":\"Luzimara Fernandes\"},\"description\":\"Jornalista MTB 2358-ES\",\"sameAs\":[\"https:\/\/jornalfatosenoticias.com.br\"],\"url\":\"https:\/\/jornalfatosenoticias.com.br\/index.php\/author\/luzimara\/\"}]}<\/script>\n<!-- \/ Yoast SEO plugin. -->","yoast_head_json":{"title":"Pesquisadores confirmam exist\u00eancia de poderoso Estado judaico na Crimeia medieval - Jornal Fatos e Not\u00edcias","robots":{"index":"index","follow":"follow","max-snippet":"max-snippet:-1","max-image-preview":"max-image-preview:large","max-video-preview":"max-video-preview:-1"},"canonical":"https:\/\/jornalfatosenoticias.com.br\/index.php\/2024\/04\/15\/pesquisadores-confirmam-existencia-de-poderoso-estado-judaico-na-crimeia-medieval\/","og_locale":"pt_BR","og_type":"article","og_title":"Pesquisadores confirmam exist\u00eancia de poderoso Estado judaico na Crimeia medieval - Jornal Fatos e Not\u00edcias","og_description":"Estudos realizados na pen\u00ednsula desenterraram itens do s\u00e9culo VIII pertencentes ao Canato Cazar, ou Caz\u00e1ria. Eles lutavam pela influ\u00eancia regional com o Imp\u00e9rio Bizantino Cientistas encontraram enterros na Crimeia e conclu\u00edram que eles pertencem aos cazares, um povo n\u00f4made que habitou vastos territ\u00f3rios no sul da atual R\u00fassia no in\u00edcio da Idade M\u00e9dia, e que [&hellip;]","og_url":"https:\/\/jornalfatosenoticias.com.br\/index.php\/2024\/04\/15\/pesquisadores-confirmam-existencia-de-poderoso-estado-judaico-na-crimeia-medieval\/","og_site_name":"Jornal Fatos e Not\u00edcias","article_published_time":"2024-04-15T13:29:41+00:00","article_modified_time":"2024-04-15T13:29:44+00:00","og_image":[{"width":1000,"height":551,"url":"https:\/\/jornalfatosenoticias.com.br\/wp-content\/uploads\/2024\/04\/Estado-judaico-na-Crimeia-medieval.jpg","type":"image\/jpeg"}],"author":"Luzimara Fernandes","twitter_card":"summary_large_image","twitter_misc":{"Escrito por":"Luzimara Fernandes","Est. tempo de leitura":"3 minutos"},"schema":{"@context":"https:\/\/schema.org","@graph":[{"@type":"Article","@id":"https:\/\/jornalfatosenoticias.com.br\/index.php\/2024\/04\/15\/pesquisadores-confirmam-existencia-de-poderoso-estado-judaico-na-crimeia-medieval\/#article","isPartOf":{"@id":"https:\/\/jornalfatosenoticias.com.br\/index.php\/2024\/04\/15\/pesquisadores-confirmam-existencia-de-poderoso-estado-judaico-na-crimeia-medieval\/"},"author":{"name":"Luzimara Fernandes","@id":"https:\/\/jornalfatosenoticias.com.br\/#\/schema\/person\/d63837fa13ac8666eb9e74e0985d6f81"},"headline":"Pesquisadores confirmam exist\u00eancia de poderoso Estado judaico na Crimeia medieval","datePublished":"2024-04-15T13:29:41+00:00","dateModified":"2024-04-15T13:29:44+00:00","mainEntityOfPage":{"@id":"https:\/\/jornalfatosenoticias.com.br\/index.php\/2024\/04\/15\/pesquisadores-confirmam-existencia-de-poderoso-estado-judaico-na-crimeia-medieval\/"},"wordCount":537,"commentCount":0,"publisher":{"@id":"https:\/\/jornalfatosenoticias.com.br\/#organization"},"image":{"@id":"https:\/\/jornalfatosenoticias.com.br\/index.php\/2024\/04\/15\/pesquisadores-confirmam-existencia-de-poderoso-estado-judaico-na-crimeia-medieval\/#primaryimage"},"thumbnailUrl":"https:\/\/jornalfatosenoticias.com.br\/wp-content\/uploads\/2024\/04\/Estado-judaico-na-Crimeia-medieval.jpg","keywords":["Academia de Ci\u00eancias da R\u00fassia","C\u00e1ucaso","Cazaquist\u00e3o","Crimeia","Europa","Idade M\u00e9dia","Imp\u00e9rio Bizantino","Mar C\u00e1spio","mar Negro","R\u00fassia","Simferopol","Ucr\u00e2nia"],"articleSection":["Paleo &amp; Arqueologia"],"inLanguage":"pt-BR","potentialAction":[{"@type":"CommentAction","name":"Comment","target":["https:\/\/jornalfatosenoticias.com.br\/index.php\/2024\/04\/15\/pesquisadores-confirmam-existencia-de-poderoso-estado-judaico-na-crimeia-medieval\/#respond"]}]},{"@type":"WebPage","@id":"https:\/\/jornalfatosenoticias.com.br\/index.php\/2024\/04\/15\/pesquisadores-confirmam-existencia-de-poderoso-estado-judaico-na-crimeia-medieval\/","url":"https:\/\/jornalfatosenoticias.com.br\/index.php\/2024\/04\/15\/pesquisadores-confirmam-existencia-de-poderoso-estado-judaico-na-crimeia-medieval\/","name":"Pesquisadores confirmam exist\u00eancia de poderoso Estado judaico na Crimeia medieval - Jornal Fatos e Not\u00edcias","isPartOf":{"@id":"https:\/\/jornalfatosenoticias.com.br\/#website"},"primaryImageOfPage":{"@id":"https:\/\/jornalfatosenoticias.com.br\/index.php\/2024\/04\/15\/pesquisadores-confirmam-existencia-de-poderoso-estado-judaico-na-crimeia-medieval\/#primaryimage"},"image":{"@id":"https:\/\/jornalfatosenoticias.com.br\/index.php\/2024\/04\/15\/pesquisadores-confirmam-existencia-de-poderoso-estado-judaico-na-crimeia-medieval\/#primaryimage"},"thumbnailUrl":"https:\/\/jornalfatosenoticias.com.br\/wp-content\/uploads\/2024\/04\/Estado-judaico-na-Crimeia-medieval.jpg","datePublished":"2024-04-15T13:29:41+00:00","dateModified":"2024-04-15T13:29:44+00:00","breadcrumb":{"@id":"https:\/\/jornalfatosenoticias.com.br\/index.php\/2024\/04\/15\/pesquisadores-confirmam-existencia-de-poderoso-estado-judaico-na-crimeia-medieval\/#breadcrumb"},"inLanguage":"pt-BR","potentialAction":[{"@type":"ReadAction","target":["https:\/\/jornalfatosenoticias.com.br\/index.php\/2024\/04\/15\/pesquisadores-confirmam-existencia-de-poderoso-estado-judaico-na-crimeia-medieval\/"]}]},{"@type":"ImageObject","inLanguage":"pt-BR","@id":"https:\/\/jornalfatosenoticias.com.br\/index.php\/2024\/04\/15\/pesquisadores-confirmam-existencia-de-poderoso-estado-judaico-na-crimeia-medieval\/#primaryimage","url":"https:\/\/jornalfatosenoticias.com.br\/wp-content\/uploads\/2024\/04\/Estado-judaico-na-Crimeia-medieval.jpg","contentUrl":"https:\/\/jornalfatosenoticias.com.br\/wp-content\/uploads\/2024\/04\/Estado-judaico-na-Crimeia-medieval.jpg","width":1000,"height":551},{"@type":"BreadcrumbList","@id":"https:\/\/jornalfatosenoticias.com.br\/index.php\/2024\/04\/15\/pesquisadores-confirmam-existencia-de-poderoso-estado-judaico-na-crimeia-medieval\/#breadcrumb","itemListElement":[{"@type":"ListItem","position":1,"name":"In\u00edcio","item":"https:\/\/jornalfatosenoticias.com.br\/"},{"@type":"ListItem","position":2,"name":"Pesquisadores confirmam exist\u00eancia de poderoso Estado judaico na Crimeia medieval"}]},{"@type":"WebSite","@id":"https:\/\/jornalfatosenoticias.com.br\/#website","url":"https:\/\/jornalfatosenoticias.com.br\/","name":"Jornal Fatos e Not\u00edcias","description":"Not\u00edcias em geral","publisher":{"@id":"https:\/\/jornalfatosenoticias.com.br\/#organization"},"potentialAction":[{"@type":"SearchAction","target":{"@type":"EntryPoint","urlTemplate":"https:\/\/jornalfatosenoticias.com.br\/?s={search_term_string}"},"query-input":{"@type":"PropertyValueSpecification","valueRequired":true,"valueName":"search_term_string"}}],"inLanguage":"pt-BR"},{"@type":"Organization","@id":"https:\/\/jornalfatosenoticias.com.br\/#organization","name":"Jornal Fatos e Not\u00edcias","url":"https:\/\/jornalfatosenoticias.com.br\/","logo":{"@type":"ImageObject","inLanguage":"pt-BR","@id":"https:\/\/jornalfatosenoticias.com.br\/#\/schema\/logo\/image\/","url":"https:\/\/jornalfatosenoticias.com.br\/wp-content\/uploads\/2020\/02\/logo120.png","contentUrl":"https:\/\/jornalfatosenoticias.com.br\/wp-content\/uploads\/2020\/02\/logo120.png","width":1227,"height":120,"caption":"Jornal Fatos e Not\u00edcias"},"image":{"@id":"https:\/\/jornalfatosenoticias.com.br\/#\/schema\/logo\/image\/"}},{"@type":"Person","@id":"https:\/\/jornalfatosenoticias.com.br\/#\/schema\/person\/d63837fa13ac8666eb9e74e0985d6f81","name":"Luzimara Fernandes","image":{"@type":"ImageObject","inLanguage":"pt-BR","@id":"https:\/\/jornalfatosenoticias.com.br\/#\/schema\/person\/image\/","url":"https:\/\/jornalfatosenoticias.com.br\/wp-content\/uploads\/2025\/05\/EU_portal.jpg","contentUrl":"https:\/\/jornalfatosenoticias.com.br\/wp-content\/uploads\/2025\/05\/EU_portal.jpg","caption":"Luzimara Fernandes"},"description":"Jornalista MTB 2358-ES","sameAs":["https:\/\/jornalfatosenoticias.com.br"],"url":"https:\/\/jornalfatosenoticias.com.br\/index.php\/author\/luzimara\/"}]}},"cc_featured_image_caption":{"caption_text":"","source_text":"","source_url":""},"jetpack_featured_media_url":"https:\/\/jornalfatosenoticias.com.br\/wp-content\/uploads\/2024\/04\/Estado-judaico-na-Crimeia-medieval.jpg","_links":{"self":[{"href":"https:\/\/jornalfatosenoticias.com.br\/index.php\/wp-json\/wp\/v2\/posts\/50593","targetHints":{"allow":["GET"]}}],"collection":[{"href":"https:\/\/jornalfatosenoticias.com.br\/index.php\/wp-json\/wp\/v2\/posts"}],"about":[{"href":"https:\/\/jornalfatosenoticias.com.br\/index.php\/wp-json\/wp\/v2\/types\/post"}],"author":[{"embeddable":true,"href":"https:\/\/jornalfatosenoticias.com.br\/index.php\/wp-json\/wp\/v2\/users\/2"}],"replies":[{"embeddable":true,"href":"https:\/\/jornalfatosenoticias.com.br\/index.php\/wp-json\/wp\/v2\/comments?post=50593"}],"version-history":[{"count":0,"href":"https:\/\/jornalfatosenoticias.com.br\/index.php\/wp-json\/wp\/v2\/posts\/50593\/revisions"}],"wp:featuredmedia":[{"embeddable":true,"href":"https:\/\/jornalfatosenoticias.com.br\/index.php\/wp-json\/wp\/v2\/media\/50594"}],"wp:attachment":[{"href":"https:\/\/jornalfatosenoticias.com.br\/index.php\/wp-json\/wp\/v2\/media?parent=50593"}],"wp:term":[{"taxonomy":"category","embeddable":true,"href":"https:\/\/jornalfatosenoticias.com.br\/index.php\/wp-json\/wp\/v2\/categories?post=50593"},{"taxonomy":"post_tag","embeddable":true,"href":"https:\/\/jornalfatosenoticias.com.br\/index.php\/wp-json\/wp\/v2\/tags?post=50593"}],"curies":[{"name":"wp","href":"https:\/\/api.w.org\/{rel}","templated":true}]}}