{"id":50599,"date":"2024-04-15T10:51:23","date_gmt":"2024-04-15T13:51:23","guid":{"rendered":"https:\/\/jornalfatosenoticias.com.br\/?p=50599"},"modified":"2024-04-15T10:51:25","modified_gmt":"2024-04-15T13:51:25","slug":"nova-especie-de-sapo-marinho-e-encontrada-no-mar-do-chile","status":"publish","type":"post","link":"https:\/\/jornalfatosenoticias.com.br\/index.php\/2024\/04\/15\/nova-especie-de-sapo-marinho-e-encontrada-no-mar-do-chile\/","title":{"rendered":"Nova esp\u00e9cie de sapo marinho \u00e9 encontrada no mar do Chile"},"content":{"rendered":"\n<p><em><span class=\"has-inline-color has-black-color\">A estranha criatura foi vista pela primeira vez durante uma expedi\u00e7\u00e3o realizada no in\u00edcio do ano<\/span><\/em><\/p>\n\n\n\n<div class=\"wp-block-image\"><figure class=\"aligncenter size-large\"><img loading=\"lazy\" decoding=\"async\" width=\"729\" height=\"90\" src=\"https:\/\/jornalfatosenoticias.com.br\/wp-content\/uploads\/2020\/02\/Logo_Mizu.png\" alt=\"\" class=\"wp-image-1441\" srcset=\"https:\/\/jornalfatosenoticias.com.br\/wp-content\/uploads\/2020\/02\/Logo_Mizu.png 729w, https:\/\/jornalfatosenoticias.com.br\/wp-content\/uploads\/2020\/02\/Logo_Mizu-300x37.png 300w\" sizes=\"auto, (max-width: 729px) 100vw, 729px\" \/><\/figure><\/div>\n\n\n\n<p>Este sapo marinho de apar\u00eancia estranha pode parecer croch\u00ea. Mas \u00e9 uma das cem esp\u00e9cies possivelmente novas para a ci\u00eancia que foram encontradas em montanhas subaqu\u00e1ticas ao largo do Chile. No in\u00edcio do ano, cientistas exploraram o oceano ao largo do Chile e encontraram uma nova esp\u00e9cie que vive nas profundezas. A criatura em quest\u00e3o \u00e9 vermelha, parece uma pe\u00e7a de tric\u00f4 ou croch\u00ea, tem os olhos arregalados e express\u00e3o sombria.<br>Segundo reportagem da <strong><a class=\"\" href=\"https:\/\/www.nationalgeographic.com\/animals\/article\/walking-fish-deep-sea-new-species-chile?loggedin=true&amp;rnd=1712690473440\" target=\"_blank\" rel=\"noreferrer noopener\">National Geographic<\/a><\/strong>, trata-se de um tipo de sapo marinho com pele composta por pequenas agulhas que provavelmente oferecem prote\u00e7\u00e3o e orif\u00edcios para os \u00f3rg\u00e3os sensoriais. O estranho animal ainda tem barbatanas modificadas que lhe permitem caminhar no fundo do mar. Na expedi\u00e7\u00e3o, os pesquisadores mapearam quatro montanhas subaqu\u00e1ticas at\u00e9 ent\u00e3o desconhecidas, chamadas montes submarinos, bem como seis j\u00e1 conhecidas pela ci\u00eancia.<\/p>\n\n\n\n<div class=\"wp-block-image\"><figure class=\"aligncenter size-large is-resized\"><img loading=\"lazy\" decoding=\"async\" src=\"https:\/\/jornalfatosenoticias.com.br\/wp-content\/uploads\/2024\/01\/consultoria-ambiental.jpg\" alt=\"\" class=\"wp-image-48314\" width=\"333\" height=\"301\" srcset=\"https:\/\/jornalfatosenoticias.com.br\/wp-content\/uploads\/2024\/01\/consultoria-ambiental.jpg 832w, https:\/\/jornalfatosenoticias.com.br\/wp-content\/uploads\/2024\/01\/consultoria-ambiental-300x272.jpg 300w, https:\/\/jornalfatosenoticias.com.br\/wp-content\/uploads\/2024\/01\/consultoria-ambiental-768x696.jpg 768w\" sizes=\"auto, (max-width: 333px) 100vw, 333px\" \/><\/figure><\/div>\n\n\n\n<blockquote class=\"wp-block-quote is-layout-flow wp-block-quote-is-layout-flow\"><p><span class=\"has-inline-color has-luminous-vivid-orange-color\">A natureza \u00fanica da topografia dos montes submarinos permite que certos tipos de esp\u00e9cies vivam e se adaptem a um estilo de vida que s\u00f3 pode ser encontrado naquela montanha espec\u00edfica\u201d, disse o membro da equipe, Jan Maximiliano Guerra, estudante de doutorado na Universidade Cat\u00f3lica do Norte. \u201cPortanto, a maioria das esp\u00e9cies que encontramos ao longo desta cordilheira e nos montes submarinos s\u00e3o \u00fanicas na natureza e n\u00e3o podem ser encontradas em nenhum outro lugar do mundo\u201d.<\/span><\/p><\/blockquote>\n\n\n\n<figure class=\"wp-block-embed-youtube wp-block-embed is-type-video is-provider-youtube wp-embed-aspect-16-9 wp-has-aspect-ratio\"><div class=\"wp-block-embed__wrapper\">\n<iframe loading=\"lazy\" title=\"Seamount SF2 Deep | SOI Divestream 638\" width=\"660\" height=\"371\" src=\"https:\/\/www.youtube.com\/embed\/gPrcrpqKo0o?feature=oembed\" frameborder=\"0\" allow=\"accelerometer; autoplay; clipboard-write; encrypted-media; gyroscope; picture-in-picture; web-share\" referrerpolicy=\"strict-origin-when-cross-origin\" allowfullscreen><\/iframe>\n<\/div><\/figure>\n\n\n\n<div class=\"wp-block-image\"><figure class=\"aligncenter size-large is-resized\"><img loading=\"lazy\" decoding=\"async\" src=\"https:\/\/jornalfatosenoticias.com.br\/wp-content\/uploads\/2023\/09\/vetorvix1024_1.jpg\" alt=\"\" class=\"wp-image-44868\" width=\"520\" height=\"138\" srcset=\"https:\/\/jornalfatosenoticias.com.br\/wp-content\/uploads\/2023\/09\/vetorvix1024_1.jpg 1024w, https:\/\/jornalfatosenoticias.com.br\/wp-content\/uploads\/2023\/09\/vetorvix1024_1-300x80.jpg 300w, https:\/\/jornalfatosenoticias.com.br\/wp-content\/uploads\/2023\/09\/vetorvix1024_1-768x205.jpg 768w\" sizes=\"auto, (max-width: 520px) 100vw, 520px\" \/><\/figure><\/div>\n\n\n\n<p>Acredita-se que existam mais de 100 mil montes submarinos pelo mundo, mas menos de 0,1% deles s\u00e3o explorados, de acordo com a Administra\u00e7\u00e3o Oce\u00e2nica e Atmosf\u00e9rica Nacional (NOAA, na sigla em ingl\u00eas). E atividades humanas como pesca comercial e pesca de arrasto podem prejudic\u00e1-los. Javier Sellanes, cientista chefe da expedi\u00e7\u00e3o no Chile e bi\u00f3logo marinho da Universidade Cat\u00f3lica do Norte, afirmou que \u00e9 necess\u00e1rio proteger mais deles, pois abrigam uma diversidade de criaturas.<\/p>\n\n\n\n<div class=\"wp-block-image\"><figure class=\"aligncenter size-large is-resized\"><img loading=\"lazy\" decoding=\"async\" src=\"https:\/\/jornalfatosenoticias.com.br\/wp-content\/uploads\/2023\/08\/BKR-1024x1021.jpg\" alt=\"\" class=\"wp-image-44494\" width=\"285\" height=\"284\" srcset=\"https:\/\/jornalfatosenoticias.com.br\/wp-content\/uploads\/2023\/08\/BKR-1024x1021.jpg 1024w, https:\/\/jornalfatosenoticias.com.br\/wp-content\/uploads\/2023\/08\/BKR-300x300.jpg 300w, https:\/\/jornalfatosenoticias.com.br\/wp-content\/uploads\/2023\/08\/BKR-150x150.jpg 150w, https:\/\/jornalfatosenoticias.com.br\/wp-content\/uploads\/2023\/08\/BKR-768x766.jpg 768w, https:\/\/jornalfatosenoticias.com.br\/wp-content\/uploads\/2023\/08\/BKR.jpg 1080w\" sizes=\"auto, (max-width: 285px) 100vw, 285px\" \/><\/figure><\/div>\n\n\n\n<p>Al\u00e9m do curioso sapo marinho vermelho, nesta recente an\u00e1lise foram avistadas mais de 100 esp\u00e9cies nos montes submarinos visitados. Dentre elas, esponjas gigantes, campos de l\u00edrios marinhos; polvos que vivem no fundo do mar e enormes corais de bambu com tr\u00eas metros de altura.<\/p>\n\n\n\n<div class=\"wp-block-image\"><figure class=\"aligncenter size-large is-resized\"><img loading=\"lazy\" decoding=\"async\" src=\"https:\/\/jornalfatosenoticias.com.br\/wp-content\/uploads\/2020\/02\/CONTROL-CS.jpg\" alt=\"\" class=\"wp-image-44991\" width=\"339\" height=\"406\" srcset=\"https:\/\/jornalfatosenoticias.com.br\/wp-content\/uploads\/2020\/02\/CONTROL-CS.jpg 834w, https:\/\/jornalfatosenoticias.com.br\/wp-content\/uploads\/2020\/02\/CONTROL-CS-250x300.jpg 250w, https:\/\/jornalfatosenoticias.com.br\/wp-content\/uploads\/2020\/02\/CONTROL-CS-768x921.jpg 768w\" sizes=\"auto, (max-width: 339px) 100vw, 339px\" \/><\/figure><\/div>\n\n\n\n<p>\u201cCada monte submarino \u00e9 \u00fanico e proteger apenas alguns n\u00e3o \u00e9 suficiente para proteger de forma eficiente toda a diversidade de fauna e habitats que acolhem\u201d, observou. \u201cO que exploramos em cada mergulho com ROV \u00e9 exatamente o que conseguimos ver em uma trilha de cerca de dois quil\u00f4metros, o que \u00e9 insignificante comparado ao enorme volume dessas estruturas\u201d.<br>Muito mais esp\u00e9cies permanecer\u00e3o desconhecidas at\u00e9 que os cientistas regressem para futuras explora\u00e7\u00f5es. <\/p>\n\n\n\n<div class=\"wp-block-image\"><figure class=\"aligncenter size-large is-resized\"><img loading=\"lazy\" decoding=\"async\" src=\"https:\/\/jornalfatosenoticias.com.br\/wp-content\/uploads\/2022\/02\/Precisao-Contabilidade-1024x724.jpg\" alt=\"\" class=\"wp-image-28088\" width=\"328\" height=\"232\"\/><\/figure><\/div>\n\n\n\n<blockquote class=\"wp-block-quote is-layout-flow wp-block-quote-is-layout-flow\"><p><span class=\"has-inline-color has-luminous-vivid-orange-color\">O que j\u00e1 sabemos sobre [estes ecossistemas de \u00e1guas profundas] justifica a sua prote\u00e7\u00e3o, mas o que ainda n\u00e3o sabemos justifica-a ainda mais\u201d, finalizou o bi\u00f3logo.<\/span><\/p><\/blockquote>\n\n\n\n<div class=\"wp-block-image\"><figure class=\"aligncenter size-large is-resized\"><img loading=\"lazy\" decoding=\"async\" src=\"https:\/\/jornalfatosenoticias.com.br\/wp-content\/uploads\/2020\/02\/logo-Rapuzel-1024x571.jpg\" alt=\"\" class=\"wp-image-42808\" width=\"370\" height=\"206\" srcset=\"https:\/\/jornalfatosenoticias.com.br\/wp-content\/uploads\/2020\/02\/logo-Rapuzel-1024x571.jpg 1024w, https:\/\/jornalfatosenoticias.com.br\/wp-content\/uploads\/2020\/02\/logo-Rapuzel-300x167.jpg 300w, https:\/\/jornalfatosenoticias.com.br\/wp-content\/uploads\/2020\/02\/logo-Rapuzel-768x428.jpg 768w, https:\/\/jornalfatosenoticias.com.br\/wp-content\/uploads\/2020\/02\/logo-Rapuzel-1536x856.jpg 1536w, https:\/\/jornalfatosenoticias.com.br\/wp-content\/uploads\/2020\/02\/logo-Rapuzel.jpg 1600w\" sizes=\"auto, (max-width: 370px) 100vw, 370px\" \/><\/figure><\/div>\n\n\n\n<p><strong><em>Fonte: <a href=\"https:\/\/umsoplaneta.globo.com\/biodiversidade\/noticia\/2024\/04\/09\/e-peca-de-croche-nao-e-uma-nova-especie-de-sapo-marinho-encontrado-nas-profundezas-do-mar-do-chile-assista-ao-video.ghtml\">Um S\u00f3 Planeta<\/a><\/em><\/strong><\/p>\n","protected":false},"excerpt":{"rendered":"<p>A estranha criatura foi vista pela primeira vez durante uma expedi\u00e7\u00e3o realizada no in\u00edcio do ano Este sapo marinho de apar\u00eancia estranha pode parecer croch\u00ea. Mas \u00e9 uma das cem esp\u00e9cies possivelmente novas para a ci\u00eancia que foram encontradas em montanhas subaqu\u00e1ticas ao largo do Chile. No in\u00edcio do ano, cientistas exploraram o oceano ao [&hellip;]<\/p>\n","protected":false},"author":2,"featured_media":50600,"comment_status":"open","ping_status":"open","sticky":false,"template":"","format":"standard","meta":{"footnotes":""},"categories":[8],"tags":[334,1909,594,2935,23283],"class_list":["post-50599","post","type-post","status-publish","format-standard","has-post-thumbnail","hentry","category-meio-ambiente","tag-biodiversidade","tag-ecossistemas","tag-nova-especie","tag-sapo","tag-sapo-marinho"],"yoast_head":"<!-- This site is optimized with the Yoast SEO plugin v26.5 - https:\/\/yoast.com\/wordpress\/plugins\/seo\/ -->\n<title>Nova esp\u00e9cie de sapo marinho \u00e9 encontrada no mar do Chile - Jornal Fatos e Not\u00edcias<\/title>\n<meta name=\"robots\" content=\"index, follow, max-snippet:-1, max-image-preview:large, max-video-preview:-1\" \/>\n<link rel=\"canonical\" href=\"https:\/\/jornalfatosenoticias.com.br\/index.php\/2024\/04\/15\/nova-especie-de-sapo-marinho-e-encontrada-no-mar-do-chile\/\" \/>\n<meta property=\"og:locale\" content=\"pt_BR\" \/>\n<meta property=\"og:type\" content=\"article\" \/>\n<meta property=\"og:title\" content=\"Nova esp\u00e9cie de sapo marinho \u00e9 encontrada no mar do Chile - Jornal Fatos e Not\u00edcias\" \/>\n<meta property=\"og:description\" content=\"A estranha criatura foi vista pela primeira vez durante uma expedi\u00e7\u00e3o realizada no in\u00edcio do ano Este sapo marinho de apar\u00eancia estranha pode parecer croch\u00ea. Mas \u00e9 uma das cem esp\u00e9cies possivelmente novas para a ci\u00eancia que foram encontradas em montanhas subaqu\u00e1ticas ao largo do Chile. No in\u00edcio do ano, cientistas exploraram o oceano ao [&hellip;]\" \/>\n<meta property=\"og:url\" content=\"https:\/\/jornalfatosenoticias.com.br\/index.php\/2024\/04\/15\/nova-especie-de-sapo-marinho-e-encontrada-no-mar-do-chile\/\" \/>\n<meta property=\"og:site_name\" content=\"Jornal Fatos e Not\u00edcias\" \/>\n<meta property=\"article:published_time\" content=\"2024-04-15T13:51:23+00:00\" \/>\n<meta property=\"article:modified_time\" content=\"2024-04-15T13:51:25+00:00\" \/>\n<meta property=\"og:image\" content=\"https:\/\/jornalfatosenoticias.com.br\/wp-content\/uploads\/2024\/04\/SAPO-MARINHO.jpeg\" \/>\n\t<meta property=\"og:image:width\" content=\"888\" \/>\n\t<meta property=\"og:image:height\" content=\"498\" \/>\n\t<meta property=\"og:image:type\" content=\"image\/jpeg\" \/>\n<meta name=\"author\" content=\"Luzimara Fernandes\" \/>\n<meta name=\"twitter:card\" content=\"summary_large_image\" \/>\n<meta name=\"twitter:label1\" content=\"Escrito por\" \/>\n\t<meta name=\"twitter:data1\" content=\"Luzimara Fernandes\" \/>\n\t<meta name=\"twitter:label2\" content=\"Est. tempo de leitura\" \/>\n\t<meta name=\"twitter:data2\" content=\"3 minutos\" \/>\n<script type=\"application\/ld+json\" class=\"yoast-schema-graph\">{\"@context\":\"https:\/\/schema.org\",\"@graph\":[{\"@type\":\"Article\",\"@id\":\"https:\/\/jornalfatosenoticias.com.br\/index.php\/2024\/04\/15\/nova-especie-de-sapo-marinho-e-encontrada-no-mar-do-chile\/#article\",\"isPartOf\":{\"@id\":\"https:\/\/jornalfatosenoticias.com.br\/index.php\/2024\/04\/15\/nova-especie-de-sapo-marinho-e-encontrada-no-mar-do-chile\/\"},\"author\":{\"name\":\"Luzimara Fernandes\",\"@id\":\"https:\/\/jornalfatosenoticias.com.br\/#\/schema\/person\/d63837fa13ac8666eb9e74e0985d6f81\"},\"headline\":\"Nova esp\u00e9cie de sapo marinho \u00e9 encontrada no mar do Chile\",\"datePublished\":\"2024-04-15T13:51:23+00:00\",\"dateModified\":\"2024-04-15T13:51:25+00:00\",\"mainEntityOfPage\":{\"@id\":\"https:\/\/jornalfatosenoticias.com.br\/index.php\/2024\/04\/15\/nova-especie-de-sapo-marinho-e-encontrada-no-mar-do-chile\/\"},\"wordCount\":535,\"commentCount\":0,\"publisher\":{\"@id\":\"https:\/\/jornalfatosenoticias.com.br\/#organization\"},\"image\":{\"@id\":\"https:\/\/jornalfatosenoticias.com.br\/index.php\/2024\/04\/15\/nova-especie-de-sapo-marinho-e-encontrada-no-mar-do-chile\/#primaryimage\"},\"thumbnailUrl\":\"https:\/\/jornalfatosenoticias.com.br\/wp-content\/uploads\/2024\/04\/SAPO-MARINHO.jpeg\",\"keywords\":[\"biodiversidade\",\"ecossistemas\",\"nova esp\u00e9cie\",\"sapo\",\"sapo marinho\"],\"articleSection\":[\"Meio ambiente\"],\"inLanguage\":\"pt-BR\",\"potentialAction\":[{\"@type\":\"CommentAction\",\"name\":\"Comment\",\"target\":[\"https:\/\/jornalfatosenoticias.com.br\/index.php\/2024\/04\/15\/nova-especie-de-sapo-marinho-e-encontrada-no-mar-do-chile\/#respond\"]}]},{\"@type\":\"WebPage\",\"@id\":\"https:\/\/jornalfatosenoticias.com.br\/index.php\/2024\/04\/15\/nova-especie-de-sapo-marinho-e-encontrada-no-mar-do-chile\/\",\"url\":\"https:\/\/jornalfatosenoticias.com.br\/index.php\/2024\/04\/15\/nova-especie-de-sapo-marinho-e-encontrada-no-mar-do-chile\/\",\"name\":\"Nova esp\u00e9cie de sapo marinho \u00e9 encontrada no mar do Chile - Jornal Fatos e Not\u00edcias\",\"isPartOf\":{\"@id\":\"https:\/\/jornalfatosenoticias.com.br\/#website\"},\"primaryImageOfPage\":{\"@id\":\"https:\/\/jornalfatosenoticias.com.br\/index.php\/2024\/04\/15\/nova-especie-de-sapo-marinho-e-encontrada-no-mar-do-chile\/#primaryimage\"},\"image\":{\"@id\":\"https:\/\/jornalfatosenoticias.com.br\/index.php\/2024\/04\/15\/nova-especie-de-sapo-marinho-e-encontrada-no-mar-do-chile\/#primaryimage\"},\"thumbnailUrl\":\"https:\/\/jornalfatosenoticias.com.br\/wp-content\/uploads\/2024\/04\/SAPO-MARINHO.jpeg\",\"datePublished\":\"2024-04-15T13:51:23+00:00\",\"dateModified\":\"2024-04-15T13:51:25+00:00\",\"breadcrumb\":{\"@id\":\"https:\/\/jornalfatosenoticias.com.br\/index.php\/2024\/04\/15\/nova-especie-de-sapo-marinho-e-encontrada-no-mar-do-chile\/#breadcrumb\"},\"inLanguage\":\"pt-BR\",\"potentialAction\":[{\"@type\":\"ReadAction\",\"target\":[\"https:\/\/jornalfatosenoticias.com.br\/index.php\/2024\/04\/15\/nova-especie-de-sapo-marinho-e-encontrada-no-mar-do-chile\/\"]}]},{\"@type\":\"ImageObject\",\"inLanguage\":\"pt-BR\",\"@id\":\"https:\/\/jornalfatosenoticias.com.br\/index.php\/2024\/04\/15\/nova-especie-de-sapo-marinho-e-encontrada-no-mar-do-chile\/#primaryimage\",\"url\":\"https:\/\/jornalfatosenoticias.com.br\/wp-content\/uploads\/2024\/04\/SAPO-MARINHO.jpeg\",\"contentUrl\":\"https:\/\/jornalfatosenoticias.com.br\/wp-content\/uploads\/2024\/04\/SAPO-MARINHO.jpeg\",\"width\":888,\"height\":498},{\"@type\":\"BreadcrumbList\",\"@id\":\"https:\/\/jornalfatosenoticias.com.br\/index.php\/2024\/04\/15\/nova-especie-de-sapo-marinho-e-encontrada-no-mar-do-chile\/#breadcrumb\",\"itemListElement\":[{\"@type\":\"ListItem\",\"position\":1,\"name\":\"In\u00edcio\",\"item\":\"https:\/\/jornalfatosenoticias.com.br\/\"},{\"@type\":\"ListItem\",\"position\":2,\"name\":\"Nova esp\u00e9cie de sapo marinho \u00e9 encontrada no mar do Chile\"}]},{\"@type\":\"WebSite\",\"@id\":\"https:\/\/jornalfatosenoticias.com.br\/#website\",\"url\":\"https:\/\/jornalfatosenoticias.com.br\/\",\"name\":\"Jornal Fatos e Not\u00edcias\",\"description\":\"Not\u00edcias em geral\",\"publisher\":{\"@id\":\"https:\/\/jornalfatosenoticias.com.br\/#organization\"},\"potentialAction\":[{\"@type\":\"SearchAction\",\"target\":{\"@type\":\"EntryPoint\",\"urlTemplate\":\"https:\/\/jornalfatosenoticias.com.br\/?s={search_term_string}\"},\"query-input\":{\"@type\":\"PropertyValueSpecification\",\"valueRequired\":true,\"valueName\":\"search_term_string\"}}],\"inLanguage\":\"pt-BR\"},{\"@type\":\"Organization\",\"@id\":\"https:\/\/jornalfatosenoticias.com.br\/#organization\",\"name\":\"Jornal Fatos e Not\u00edcias\",\"url\":\"https:\/\/jornalfatosenoticias.com.br\/\",\"logo\":{\"@type\":\"ImageObject\",\"inLanguage\":\"pt-BR\",\"@id\":\"https:\/\/jornalfatosenoticias.com.br\/#\/schema\/logo\/image\/\",\"url\":\"https:\/\/jornalfatosenoticias.com.br\/wp-content\/uploads\/2020\/02\/logo120.png\",\"contentUrl\":\"https:\/\/jornalfatosenoticias.com.br\/wp-content\/uploads\/2020\/02\/logo120.png\",\"width\":1227,\"height\":120,\"caption\":\"Jornal Fatos e Not\u00edcias\"},\"image\":{\"@id\":\"https:\/\/jornalfatosenoticias.com.br\/#\/schema\/logo\/image\/\"}},{\"@type\":\"Person\",\"@id\":\"https:\/\/jornalfatosenoticias.com.br\/#\/schema\/person\/d63837fa13ac8666eb9e74e0985d6f81\",\"name\":\"Luzimara Fernandes\",\"image\":{\"@type\":\"ImageObject\",\"inLanguage\":\"pt-BR\",\"@id\":\"https:\/\/jornalfatosenoticias.com.br\/#\/schema\/person\/image\/\",\"url\":\"https:\/\/jornalfatosenoticias.com.br\/wp-content\/uploads\/2025\/05\/EU_portal.jpg\",\"contentUrl\":\"https:\/\/jornalfatosenoticias.com.br\/wp-content\/uploads\/2025\/05\/EU_portal.jpg\",\"caption\":\"Luzimara Fernandes\"},\"description\":\"Jornalista MTB 2358-ES\",\"sameAs\":[\"https:\/\/jornalfatosenoticias.com.br\"],\"url\":\"https:\/\/jornalfatosenoticias.com.br\/index.php\/author\/luzimara\/\"}]}<\/script>\n<!-- \/ Yoast SEO plugin. -->","yoast_head_json":{"title":"Nova esp\u00e9cie de sapo marinho \u00e9 encontrada no mar do Chile - Jornal Fatos e Not\u00edcias","robots":{"index":"index","follow":"follow","max-snippet":"max-snippet:-1","max-image-preview":"max-image-preview:large","max-video-preview":"max-video-preview:-1"},"canonical":"https:\/\/jornalfatosenoticias.com.br\/index.php\/2024\/04\/15\/nova-especie-de-sapo-marinho-e-encontrada-no-mar-do-chile\/","og_locale":"pt_BR","og_type":"article","og_title":"Nova esp\u00e9cie de sapo marinho \u00e9 encontrada no mar do Chile - Jornal Fatos e Not\u00edcias","og_description":"A estranha criatura foi vista pela primeira vez durante uma expedi\u00e7\u00e3o realizada no in\u00edcio do ano Este sapo marinho de apar\u00eancia estranha pode parecer croch\u00ea. Mas \u00e9 uma das cem esp\u00e9cies possivelmente novas para a ci\u00eancia que foram encontradas em montanhas subaqu\u00e1ticas ao largo do Chile. No in\u00edcio do ano, cientistas exploraram o oceano ao [&hellip;]","og_url":"https:\/\/jornalfatosenoticias.com.br\/index.php\/2024\/04\/15\/nova-especie-de-sapo-marinho-e-encontrada-no-mar-do-chile\/","og_site_name":"Jornal Fatos e Not\u00edcias","article_published_time":"2024-04-15T13:51:23+00:00","article_modified_time":"2024-04-15T13:51:25+00:00","og_image":[{"width":888,"height":498,"url":"https:\/\/jornalfatosenoticias.com.br\/wp-content\/uploads\/2024\/04\/SAPO-MARINHO.jpeg","type":"image\/jpeg"}],"author":"Luzimara Fernandes","twitter_card":"summary_large_image","twitter_misc":{"Escrito por":"Luzimara Fernandes","Est. tempo de leitura":"3 minutos"},"schema":{"@context":"https:\/\/schema.org","@graph":[{"@type":"Article","@id":"https:\/\/jornalfatosenoticias.com.br\/index.php\/2024\/04\/15\/nova-especie-de-sapo-marinho-e-encontrada-no-mar-do-chile\/#article","isPartOf":{"@id":"https:\/\/jornalfatosenoticias.com.br\/index.php\/2024\/04\/15\/nova-especie-de-sapo-marinho-e-encontrada-no-mar-do-chile\/"},"author":{"name":"Luzimara Fernandes","@id":"https:\/\/jornalfatosenoticias.com.br\/#\/schema\/person\/d63837fa13ac8666eb9e74e0985d6f81"},"headline":"Nova esp\u00e9cie de sapo marinho \u00e9 encontrada no mar do Chile","datePublished":"2024-04-15T13:51:23+00:00","dateModified":"2024-04-15T13:51:25+00:00","mainEntityOfPage":{"@id":"https:\/\/jornalfatosenoticias.com.br\/index.php\/2024\/04\/15\/nova-especie-de-sapo-marinho-e-encontrada-no-mar-do-chile\/"},"wordCount":535,"commentCount":0,"publisher":{"@id":"https:\/\/jornalfatosenoticias.com.br\/#organization"},"image":{"@id":"https:\/\/jornalfatosenoticias.com.br\/index.php\/2024\/04\/15\/nova-especie-de-sapo-marinho-e-encontrada-no-mar-do-chile\/#primaryimage"},"thumbnailUrl":"https:\/\/jornalfatosenoticias.com.br\/wp-content\/uploads\/2024\/04\/SAPO-MARINHO.jpeg","keywords":["biodiversidade","ecossistemas","nova esp\u00e9cie","sapo","sapo marinho"],"articleSection":["Meio ambiente"],"inLanguage":"pt-BR","potentialAction":[{"@type":"CommentAction","name":"Comment","target":["https:\/\/jornalfatosenoticias.com.br\/index.php\/2024\/04\/15\/nova-especie-de-sapo-marinho-e-encontrada-no-mar-do-chile\/#respond"]}]},{"@type":"WebPage","@id":"https:\/\/jornalfatosenoticias.com.br\/index.php\/2024\/04\/15\/nova-especie-de-sapo-marinho-e-encontrada-no-mar-do-chile\/","url":"https:\/\/jornalfatosenoticias.com.br\/index.php\/2024\/04\/15\/nova-especie-de-sapo-marinho-e-encontrada-no-mar-do-chile\/","name":"Nova esp\u00e9cie de sapo marinho \u00e9 encontrada no mar do Chile - Jornal Fatos e Not\u00edcias","isPartOf":{"@id":"https:\/\/jornalfatosenoticias.com.br\/#website"},"primaryImageOfPage":{"@id":"https:\/\/jornalfatosenoticias.com.br\/index.php\/2024\/04\/15\/nova-especie-de-sapo-marinho-e-encontrada-no-mar-do-chile\/#primaryimage"},"image":{"@id":"https:\/\/jornalfatosenoticias.com.br\/index.php\/2024\/04\/15\/nova-especie-de-sapo-marinho-e-encontrada-no-mar-do-chile\/#primaryimage"},"thumbnailUrl":"https:\/\/jornalfatosenoticias.com.br\/wp-content\/uploads\/2024\/04\/SAPO-MARINHO.jpeg","datePublished":"2024-04-15T13:51:23+00:00","dateModified":"2024-04-15T13:51:25+00:00","breadcrumb":{"@id":"https:\/\/jornalfatosenoticias.com.br\/index.php\/2024\/04\/15\/nova-especie-de-sapo-marinho-e-encontrada-no-mar-do-chile\/#breadcrumb"},"inLanguage":"pt-BR","potentialAction":[{"@type":"ReadAction","target":["https:\/\/jornalfatosenoticias.com.br\/index.php\/2024\/04\/15\/nova-especie-de-sapo-marinho-e-encontrada-no-mar-do-chile\/"]}]},{"@type":"ImageObject","inLanguage":"pt-BR","@id":"https:\/\/jornalfatosenoticias.com.br\/index.php\/2024\/04\/15\/nova-especie-de-sapo-marinho-e-encontrada-no-mar-do-chile\/#primaryimage","url":"https:\/\/jornalfatosenoticias.com.br\/wp-content\/uploads\/2024\/04\/SAPO-MARINHO.jpeg","contentUrl":"https:\/\/jornalfatosenoticias.com.br\/wp-content\/uploads\/2024\/04\/SAPO-MARINHO.jpeg","width":888,"height":498},{"@type":"BreadcrumbList","@id":"https:\/\/jornalfatosenoticias.com.br\/index.php\/2024\/04\/15\/nova-especie-de-sapo-marinho-e-encontrada-no-mar-do-chile\/#breadcrumb","itemListElement":[{"@type":"ListItem","position":1,"name":"In\u00edcio","item":"https:\/\/jornalfatosenoticias.com.br\/"},{"@type":"ListItem","position":2,"name":"Nova esp\u00e9cie de sapo marinho \u00e9 encontrada no mar do Chile"}]},{"@type":"WebSite","@id":"https:\/\/jornalfatosenoticias.com.br\/#website","url":"https:\/\/jornalfatosenoticias.com.br\/","name":"Jornal Fatos e Not\u00edcias","description":"Not\u00edcias em geral","publisher":{"@id":"https:\/\/jornalfatosenoticias.com.br\/#organization"},"potentialAction":[{"@type":"SearchAction","target":{"@type":"EntryPoint","urlTemplate":"https:\/\/jornalfatosenoticias.com.br\/?s={search_term_string}"},"query-input":{"@type":"PropertyValueSpecification","valueRequired":true,"valueName":"search_term_string"}}],"inLanguage":"pt-BR"},{"@type":"Organization","@id":"https:\/\/jornalfatosenoticias.com.br\/#organization","name":"Jornal Fatos e Not\u00edcias","url":"https:\/\/jornalfatosenoticias.com.br\/","logo":{"@type":"ImageObject","inLanguage":"pt-BR","@id":"https:\/\/jornalfatosenoticias.com.br\/#\/schema\/logo\/image\/","url":"https:\/\/jornalfatosenoticias.com.br\/wp-content\/uploads\/2020\/02\/logo120.png","contentUrl":"https:\/\/jornalfatosenoticias.com.br\/wp-content\/uploads\/2020\/02\/logo120.png","width":1227,"height":120,"caption":"Jornal Fatos e Not\u00edcias"},"image":{"@id":"https:\/\/jornalfatosenoticias.com.br\/#\/schema\/logo\/image\/"}},{"@type":"Person","@id":"https:\/\/jornalfatosenoticias.com.br\/#\/schema\/person\/d63837fa13ac8666eb9e74e0985d6f81","name":"Luzimara Fernandes","image":{"@type":"ImageObject","inLanguage":"pt-BR","@id":"https:\/\/jornalfatosenoticias.com.br\/#\/schema\/person\/image\/","url":"https:\/\/jornalfatosenoticias.com.br\/wp-content\/uploads\/2025\/05\/EU_portal.jpg","contentUrl":"https:\/\/jornalfatosenoticias.com.br\/wp-content\/uploads\/2025\/05\/EU_portal.jpg","caption":"Luzimara Fernandes"},"description":"Jornalista MTB 2358-ES","sameAs":["https:\/\/jornalfatosenoticias.com.br"],"url":"https:\/\/jornalfatosenoticias.com.br\/index.php\/author\/luzimara\/"}]}},"cc_featured_image_caption":{"caption_text":"(Foto: Schmidt Ocean Institute)","source_text":"","source_url":""},"jetpack_featured_media_url":"https:\/\/jornalfatosenoticias.com.br\/wp-content\/uploads\/2024\/04\/SAPO-MARINHO.jpeg","_links":{"self":[{"href":"https:\/\/jornalfatosenoticias.com.br\/index.php\/wp-json\/wp\/v2\/posts\/50599","targetHints":{"allow":["GET"]}}],"collection":[{"href":"https:\/\/jornalfatosenoticias.com.br\/index.php\/wp-json\/wp\/v2\/posts"}],"about":[{"href":"https:\/\/jornalfatosenoticias.com.br\/index.php\/wp-json\/wp\/v2\/types\/post"}],"author":[{"embeddable":true,"href":"https:\/\/jornalfatosenoticias.com.br\/index.php\/wp-json\/wp\/v2\/users\/2"}],"replies":[{"embeddable":true,"href":"https:\/\/jornalfatosenoticias.com.br\/index.php\/wp-json\/wp\/v2\/comments?post=50599"}],"version-history":[{"count":0,"href":"https:\/\/jornalfatosenoticias.com.br\/index.php\/wp-json\/wp\/v2\/posts\/50599\/revisions"}],"wp:featuredmedia":[{"embeddable":true,"href":"https:\/\/jornalfatosenoticias.com.br\/index.php\/wp-json\/wp\/v2\/media\/50600"}],"wp:attachment":[{"href":"https:\/\/jornalfatosenoticias.com.br\/index.php\/wp-json\/wp\/v2\/media?parent=50599"}],"wp:term":[{"taxonomy":"category","embeddable":true,"href":"https:\/\/jornalfatosenoticias.com.br\/index.php\/wp-json\/wp\/v2\/categories?post=50599"},{"taxonomy":"post_tag","embeddable":true,"href":"https:\/\/jornalfatosenoticias.com.br\/index.php\/wp-json\/wp\/v2\/tags?post=50599"}],"curies":[{"name":"wp","href":"https:\/\/api.w.org\/{rel}","templated":true}]}}