{"id":50606,"date":"2024-04-15T11:26:39","date_gmt":"2024-04-15T14:26:39","guid":{"rendered":"https:\/\/jornalfatosenoticias.com.br\/?p=50606"},"modified":"2024-04-23T15:23:08","modified_gmt":"2024-04-23T18:23:08","slug":"coluna-disciplina-e-liberdade-empreendedorismo","status":"publish","type":"post","link":"https:\/\/jornalfatosenoticias.com.br\/index.php\/2024\/04\/15\/coluna-disciplina-e-liberdade-empreendedorismo\/","title":{"rendered":"Coluna Disciplina \u00e9 Liberdade \u2014 Empreendedorismo"},"content":{"rendered":"\n<div class=\"wp-block-image\"><figure class=\"aligncenter size-large is-resized\"><img loading=\"lazy\" decoding=\"async\" src=\"https:\/\/jornalfatosenoticias.com.br\/wp-content\/uploads\/2023\/09\/vetorvix1024_1.jpg\" alt=\"\" class=\"wp-image-44868\" width=\"528\" height=\"140\" srcset=\"https:\/\/jornalfatosenoticias.com.br\/wp-content\/uploads\/2023\/09\/vetorvix1024_1.jpg 1024w, https:\/\/jornalfatosenoticias.com.br\/wp-content\/uploads\/2023\/09\/vetorvix1024_1-300x80.jpg 300w, https:\/\/jornalfatosenoticias.com.br\/wp-content\/uploads\/2023\/09\/vetorvix1024_1-768x205.jpg 768w\" sizes=\"auto, (max-width: 528px) 100vw, 528px\" \/><\/figure><\/div>\n\n\n\n<p><span class=\"has-inline-color has-black-color\">Por <strong>Milena Rohr<\/strong><\/span><\/p>\n\n\n\n<div class=\"wp-block-image is-style-rounded\"><figure class=\"alignleft size-large\"><img loading=\"lazy\" decoding=\"async\" width=\"120\" height=\"142\" src=\"https:\/\/jornalfatosenoticias.com.br\/wp-content\/uploads\/2024\/04\/Milena_Mohr-removebg-preview.png\" alt=\"\" class=\"wp-image-50607\"\/><\/figure><\/div>\n\n\n\n<p>\u00c9 com imenso prazer e uma dose generosa de responsabilidade que me apresento como Milena Rohr, formada em Direito, gestora empresarial, m\u00e3e da Marina e do C\u00e9sar Augusto, Rotariana, Palestrante e Escritora. Junto com voc\u00eas, vou conduzir a coluna &#8220;Disciplina \u00e9 Liberdade&#8221; no <strong>Fatos &amp; Not\u00edcias<\/strong>. Vou mergulhar nas profundezas do desenvolvimento e crescimento empresarial, explorando como a disciplina, mais do que um simples conceito, \u00e9 a ponte para alcan\u00e7armos a verdadeira liberdade no universo corporativo.<br>A jornada que proponho \u00e9 aprofundarmos no universo do empreendedorismo e grandes corpora\u00e7\u00f5es e vamos entender que empreender \u00e9 um grande desafio que nos leva a novas perspectivas sobre lideran\u00e7a, inova\u00e7\u00e3o e sustentabilidade nos neg\u00f3cios. Em cada artigo, vou compartilhar insights, estrat\u00e9gias e hist\u00f3rias inspiradoras que ilustram como a aplica\u00e7\u00e3o consciente da disciplina pode transformar obst\u00e1culos em oportunidades e sonhos em realidades tang\u00edveis.<\/p>\n\n\n\n<div class=\"wp-block-image\"><figure class=\"aligncenter size-large is-resized\"><img loading=\"lazy\" decoding=\"async\" src=\"https:\/\/jornalfatosenoticias.com.br\/wp-content\/uploads\/2023\/03\/logo-Panper_portal.jpg\" alt=\"\" class=\"wp-image-40208\" width=\"360\" height=\"249\" srcset=\"https:\/\/jornalfatosenoticias.com.br\/wp-content\/uploads\/2023\/03\/logo-Panper_portal.jpg 400w, https:\/\/jornalfatosenoticias.com.br\/wp-content\/uploads\/2023\/03\/logo-Panper_portal-300x208.jpg 300w\" sizes=\"auto, (max-width: 360px) 100vw, 360px\" \/><\/figure><\/div>\n\n\n\n<p>Pra mim, disciplina \u00e9 liberdade, \u00e9 uma filosofia de vida, me acompanha h\u00e1 muitos anos, primeiro quando ouvia a m\u00fasica de Legi\u00e3o Urbana e sempre carreguei comigo a for\u00e7a dessa frase. Depois, quando fui convidada para ser coautora de um livro por uma editora de Florian\u00f3polis, n\u00e3o tive d\u00favida na escolha do t\u00edtulo do meu cap\u00edtulo, o livro se chama <em>Extraordinariamente Elas<\/em> e, de fato, o resultado final ficou bel\u00edssimo.<\/p>\n\n\n\n<div class=\"wp-block-image\"><figure class=\"aligncenter size-large is-resized\"><img loading=\"lazy\" decoding=\"async\" src=\"https:\/\/jornalfatosenoticias.com.br\/wp-content\/uploads\/2020\/02\/logo-Rapuzel-1024x571.jpg\" alt=\"\" class=\"wp-image-42808\" width=\"379\" height=\"211\" srcset=\"https:\/\/jornalfatosenoticias.com.br\/wp-content\/uploads\/2020\/02\/logo-Rapuzel-1024x571.jpg 1024w, https:\/\/jornalfatosenoticias.com.br\/wp-content\/uploads\/2020\/02\/logo-Rapuzel-300x167.jpg 300w, https:\/\/jornalfatosenoticias.com.br\/wp-content\/uploads\/2020\/02\/logo-Rapuzel-768x428.jpg 768w, https:\/\/jornalfatosenoticias.com.br\/wp-content\/uploads\/2020\/02\/logo-Rapuzel-1536x856.jpg 1536w, https:\/\/jornalfatosenoticias.com.br\/wp-content\/uploads\/2020\/02\/logo-Rapuzel.jpg 1600w\" sizes=\"auto, (max-width: 379px) 100vw, 379px\" \/><\/figure><\/div>\n\n\n\n<p>Ent\u00e3o, \u00e9 muito importante ter em mente que estamos no meio de um mundo cheio de oportunidades e uma oportunidade custa o quanto voc\u00ea tem que se esfor\u00e7ar para conquist\u00e1-la. \u00c9 sempre proporcional, al\u00e9m disso, quanto mais uma oportunidade custa, mais ela te d\u00e1 resultados!<\/p>\n\n\n\n<div class=\"wp-block-image\"><figure class=\"aligncenter size-large is-resized\"><img loading=\"lazy\" decoding=\"async\" src=\"https:\/\/jornalfatosenoticias.com.br\/wp-content\/uploads\/2023\/12\/pegoretti-logo-pdf-1024x389.jpg\" alt=\"\" class=\"wp-image-47536\" width=\"522\" height=\"198\" srcset=\"https:\/\/jornalfatosenoticias.com.br\/wp-content\/uploads\/2023\/12\/pegoretti-logo-pdf-1024x389.jpg 1024w, https:\/\/jornalfatosenoticias.com.br\/wp-content\/uploads\/2023\/12\/pegoretti-logo-pdf-300x114.jpg 300w, https:\/\/jornalfatosenoticias.com.br\/wp-content\/uploads\/2023\/12\/pegoretti-logo-pdf-768x291.jpg 768w, https:\/\/jornalfatosenoticias.com.br\/wp-content\/uploads\/2023\/12\/pegoretti-logo-pdf.jpg 1120w\" sizes=\"auto, (max-width: 522px) 100vw, 522px\" \/><\/figure><\/div>\n\n\n\n<p>Ter disciplina \u00e9 essencial em v\u00e1rios aspectos da vida das pessoas, desde a realiza\u00e7\u00e3o de objetivos pessoais at\u00e9 para um conv\u00edvio em sociedade, principalmente, se voc\u00ea for do fant\u00e1stico mundo do empreendedorismo que, no meu ponto de vista, n\u00e3o existe mundo que exija mais a disciplina.<\/p>\n\n\n\n<div class=\"wp-block-image\"><figure class=\"aligncenter size-large is-resized\"><img loading=\"lazy\" decoding=\"async\" src=\"https:\/\/jornalfatosenoticias.com.br\/wp-content\/uploads\/2022\/02\/Precisao-Contabilidade-1024x724.jpg\" alt=\"\" class=\"wp-image-28088\" width=\"337\" height=\"238\"\/><\/figure><\/div>\n\n\n\n<p>Agora, por que disciplina \u00e9 liberdade? Liberdade e disciplina possuem uma rela\u00e7\u00e3o de interdepend\u00eancia. A liberdade exige certas doses de responsabilidade, da mesma forma que a disciplina. Significa dizer que est\u00e3o ligadas por uma rela\u00e7\u00e3o de depend\u00eancia m\u00fatua.<\/p>\n\n\n\n<div class=\"wp-block-image\"><figure class=\"aligncenter size-large is-resized\"><img loading=\"lazy\" decoding=\"async\" src=\"https:\/\/jornalfatosenoticias.com.br\/wp-content\/uploads\/2023\/03\/nova-logo-Marquetti.jpg\" alt=\"\" class=\"wp-image-40207\" width=\"377\" height=\"253\" srcset=\"https:\/\/jornalfatosenoticias.com.br\/wp-content\/uploads\/2023\/03\/nova-logo-Marquetti.jpg 643w, https:\/\/jornalfatosenoticias.com.br\/wp-content\/uploads\/2023\/03\/nova-logo-Marquetti-300x202.jpg 300w\" sizes=\"auto, (max-width: 377px) 100vw, 377px\" \/><\/figure><\/div>\n\n\n\n<p>Disciplina \u00e9 sobre se cuidar todos os dias, porque voc\u00ea sabe que \u00e9 bom para sua sa\u00fade e quer alcan\u00e7ar seus objetivos. \u00c9 disciplinar suas emo\u00e7\u00f5es, para voc\u00ea conseguir tomar boas decis\u00f5es, ter o controle do seu ego, para que ele n\u00e3o tenha controle sobre voc\u00ea. \u00c9 seguir a conduta de tratar as pessoas como voc\u00ea gostaria de ser tratado. Tamb\u00e9m se trata de realizar tarefas, mesmo que sejam chatas, porque voc\u00ea sabe que trar\u00e3o benef\u00edcios para sua vida.<\/p>\n\n\n\n<div class=\"wp-block-image\"><figure class=\"aligncenter size-large is-resized\"><img loading=\"lazy\" decoding=\"async\" src=\"https:\/\/jornalfatosenoticias.com.br\/wp-content\/uploads\/2020\/02\/CONTROL-CS.jpg\" alt=\"\" class=\"wp-image-44991\" width=\"373\" height=\"446\" srcset=\"https:\/\/jornalfatosenoticias.com.br\/wp-content\/uploads\/2020\/02\/CONTROL-CS.jpg 834w, https:\/\/jornalfatosenoticias.com.br\/wp-content\/uploads\/2020\/02\/CONTROL-CS-250x300.jpg 250w, https:\/\/jornalfatosenoticias.com.br\/wp-content\/uploads\/2020\/02\/CONTROL-CS-768x921.jpg 768w\" sizes=\"auto, (max-width: 373px) 100vw, 373px\" \/><\/figure><\/div>\n\n\n\n<p>Uma pessoa disciplinada entende que o caminho correto \u00e9 o mais \u00e1rduo e tudo bem, \u00e9 por ali que deve iniciar sua trajet\u00f3ria, justamente porque seu objetivo \u00e9 ter uma realiza\u00e7\u00e3o a longo prazo. A disciplina \u00e9 liberdade, te blinda e n\u00e3o te deixa cair nessas tenta\u00e7\u00f5es di\u00e1rias. Viver sem ser induzida por caminhos que v\u00e3o te prejudicar \u00e9 fundamental. Isso \u00e9 liberdade. A liberdade bem aproveitada por uma pessoa disciplinada visa benef\u00edcios e recompensas de imediato e tamb\u00e9m no futuro, de acordo com sua vis\u00e3o e objetivo.<\/p>\n\n\n\n<div class=\"wp-block-image\"><figure class=\"aligncenter size-large\"><img loading=\"lazy\" decoding=\"async\" width=\"300\" height=\"250\" src=\"https:\/\/jornalfatosenoticias.com.br\/wp-content\/uploads\/2020\/02\/Banner-2.png\" alt=\"\" class=\"wp-image-43787\"\/><\/figure><\/div>\n\n\n\n<p>Compartilhei com voc\u00eas um pouco do qu\u00e3o importante pra mim \u00e9 ter disciplina para alcan\u00e7ar a liberdade, agora, convido todos voc\u00eas a se juntarem a mim nessa jornada de descoberta e crescimento. Que atrav\u00e9s desta coluna, possamos n\u00e3o apenas encontrar as chaves para o sucesso pessoal e empresarial, mas tamb\u00e9m desenvolver uma compreens\u00e3o mais profunda de como a liberdade, moldada pela disciplina, pode elevar nossas aspira\u00e7\u00f5es e nos levar a alcan\u00e7ar o inimagin\u00e1vel.<\/p>\n\n\n\n<div class=\"wp-block-image\"><figure class=\"aligncenter size-large\"><img loading=\"lazy\" decoding=\"async\" width=\"300\" height=\"250\" src=\"https:\/\/jornalfatosenoticias.com.br\/wp-content\/uploads\/2022\/02\/FERRARI_MAQUINAS-E-FERRAMENTAS2.jpg\" alt=\"\" class=\"wp-image-27860\"\/><\/figure><\/div>\n\n\n\n<p><em><span class=\"has-inline-color has-black-color\">Sejam bem-vindos \u00e0 &#8220;Disciplina \u00e9 Liberdade&#8221;, um espa\u00e7o onde juntos, redefiniremos os limites do poss\u00edvel.<\/span><\/em><\/p>\n\n\n\n<p><em><span class=\"has-inline-color has-black-color\"><strong>Milena Rohr<br><\/strong>Gestora Empresarial<\/span><\/em><\/p>\n","protected":false},"excerpt":{"rendered":"<p>Por Milena Rohr \u00c9 com imenso prazer e uma dose generosa de responsabilidade que me apresento como Milena Rohr, formada em Direito, gestora empresarial, m\u00e3e da Marina e do C\u00e9sar Augusto, Rotariana, Palestrante e Escritora. Junto com voc\u00eas, vou conduzir a coluna &#8220;Disciplina \u00e9 Liberdade&#8221; no Fatos &amp; Not\u00edcias. Vou mergulhar nas profundezas do desenvolvimento [&hellip;]<\/p>\n","protected":false},"author":2,"featured_media":50608,"comment_status":"open","ping_status":"open","sticky":false,"template":"","format":"standard","meta":{"footnotes":""},"categories":[9],"tags":[11680,4360,11159,16259],"class_list":["post-50606","post","type-post","status-publish","format-standard","has-post-thumbnail","hentry","category-economia","tag-disciplina","tag-empreendedorismo","tag-lideranca","tag-oportunidades"],"yoast_head":"<!-- This site is optimized with the Yoast SEO plugin v26.5 - https:\/\/yoast.com\/wordpress\/plugins\/seo\/ -->\n<title>Coluna Disciplina \u00e9 Liberdade \u2014 Empreendedorismo - Jornal Fatos e Not\u00edcias<\/title>\n<meta name=\"robots\" content=\"index, follow, max-snippet:-1, max-image-preview:large, max-video-preview:-1\" \/>\n<link rel=\"canonical\" href=\"https:\/\/jornalfatosenoticias.com.br\/index.php\/2024\/04\/15\/coluna-disciplina-e-liberdade-empreendedorismo\/\" \/>\n<meta property=\"og:locale\" content=\"pt_BR\" \/>\n<meta property=\"og:type\" content=\"article\" \/>\n<meta property=\"og:title\" content=\"Coluna Disciplina \u00e9 Liberdade \u2014 Empreendedorismo - Jornal Fatos e Not\u00edcias\" \/>\n<meta property=\"og:description\" content=\"Por Milena Rohr \u00c9 com imenso prazer e uma dose generosa de responsabilidade que me apresento como Milena Rohr, formada em Direito, gestora empresarial, m\u00e3e da Marina e do C\u00e9sar Augusto, Rotariana, Palestrante e Escritora. Junto com voc\u00eas, vou conduzir a coluna &#8220;Disciplina \u00e9 Liberdade&#8221; no Fatos &amp; Not\u00edcias. Vou mergulhar nas profundezas do desenvolvimento [&hellip;]\" \/>\n<meta property=\"og:url\" content=\"https:\/\/jornalfatosenoticias.com.br\/index.php\/2024\/04\/15\/coluna-disciplina-e-liberdade-empreendedorismo\/\" \/>\n<meta property=\"og:site_name\" content=\"Jornal Fatos e Not\u00edcias\" \/>\n<meta property=\"article:published_time\" content=\"2024-04-15T14:26:39+00:00\" \/>\n<meta property=\"article:modified_time\" content=\"2024-04-23T18:23:08+00:00\" \/>\n<meta property=\"og:image\" content=\"https:\/\/jornalfatosenoticias.com.br\/wp-content\/uploads\/2024\/04\/empreendedorismo_gettyimages.jpg\" \/>\n\t<meta property=\"og:image:width\" content=\"612\" \/>\n\t<meta property=\"og:image:height\" content=\"408\" \/>\n\t<meta property=\"og:image:type\" content=\"image\/jpeg\" \/>\n<meta name=\"author\" content=\"Luzimara Fernandes\" \/>\n<meta name=\"twitter:card\" content=\"summary_large_image\" \/>\n<meta name=\"twitter:label1\" content=\"Escrito por\" \/>\n\t<meta name=\"twitter:data1\" content=\"Luzimara Fernandes\" \/>\n\t<meta name=\"twitter:label2\" content=\"Est. tempo de leitura\" \/>\n\t<meta name=\"twitter:data2\" content=\"3 minutos\" \/>\n<script type=\"application\/ld+json\" class=\"yoast-schema-graph\">{\"@context\":\"https:\/\/schema.org\",\"@graph\":[{\"@type\":\"Article\",\"@id\":\"https:\/\/jornalfatosenoticias.com.br\/index.php\/2024\/04\/15\/coluna-disciplina-e-liberdade-empreendedorismo\/#article\",\"isPartOf\":{\"@id\":\"https:\/\/jornalfatosenoticias.com.br\/index.php\/2024\/04\/15\/coluna-disciplina-e-liberdade-empreendedorismo\/\"},\"author\":{\"name\":\"Luzimara Fernandes\",\"@id\":\"https:\/\/jornalfatosenoticias.com.br\/#\/schema\/person\/d63837fa13ac8666eb9e74e0985d6f81\"},\"headline\":\"Coluna Disciplina \u00e9 Liberdade \u2014 Empreendedorismo\",\"datePublished\":\"2024-04-15T14:26:39+00:00\",\"dateModified\":\"2024-04-23T18:23:08+00:00\",\"mainEntityOfPage\":{\"@id\":\"https:\/\/jornalfatosenoticias.com.br\/index.php\/2024\/04\/15\/coluna-disciplina-e-liberdade-empreendedorismo\/\"},\"wordCount\":648,\"commentCount\":0,\"publisher\":{\"@id\":\"https:\/\/jornalfatosenoticias.com.br\/#organization\"},\"image\":{\"@id\":\"https:\/\/jornalfatosenoticias.com.br\/index.php\/2024\/04\/15\/coluna-disciplina-e-liberdade-empreendedorismo\/#primaryimage\"},\"thumbnailUrl\":\"https:\/\/jornalfatosenoticias.com.br\/wp-content\/uploads\/2024\/04\/empreendedorismo_gettyimages.jpg\",\"keywords\":[\"disciplina\",\"empreendedorismo\",\"lideran\u00e7a\",\"oportunidades\"],\"articleSection\":[\"Economia\"],\"inLanguage\":\"pt-BR\",\"potentialAction\":[{\"@type\":\"CommentAction\",\"name\":\"Comment\",\"target\":[\"https:\/\/jornalfatosenoticias.com.br\/index.php\/2024\/04\/15\/coluna-disciplina-e-liberdade-empreendedorismo\/#respond\"]}]},{\"@type\":\"WebPage\",\"@id\":\"https:\/\/jornalfatosenoticias.com.br\/index.php\/2024\/04\/15\/coluna-disciplina-e-liberdade-empreendedorismo\/\",\"url\":\"https:\/\/jornalfatosenoticias.com.br\/index.php\/2024\/04\/15\/coluna-disciplina-e-liberdade-empreendedorismo\/\",\"name\":\"Coluna Disciplina \u00e9 Liberdade \u2014 Empreendedorismo - Jornal Fatos e Not\u00edcias\",\"isPartOf\":{\"@id\":\"https:\/\/jornalfatosenoticias.com.br\/#website\"},\"primaryImageOfPage\":{\"@id\":\"https:\/\/jornalfatosenoticias.com.br\/index.php\/2024\/04\/15\/coluna-disciplina-e-liberdade-empreendedorismo\/#primaryimage\"},\"image\":{\"@id\":\"https:\/\/jornalfatosenoticias.com.br\/index.php\/2024\/04\/15\/coluna-disciplina-e-liberdade-empreendedorismo\/#primaryimage\"},\"thumbnailUrl\":\"https:\/\/jornalfatosenoticias.com.br\/wp-content\/uploads\/2024\/04\/empreendedorismo_gettyimages.jpg\",\"datePublished\":\"2024-04-15T14:26:39+00:00\",\"dateModified\":\"2024-04-23T18:23:08+00:00\",\"breadcrumb\":{\"@id\":\"https:\/\/jornalfatosenoticias.com.br\/index.php\/2024\/04\/15\/coluna-disciplina-e-liberdade-empreendedorismo\/#breadcrumb\"},\"inLanguage\":\"pt-BR\",\"potentialAction\":[{\"@type\":\"ReadAction\",\"target\":[\"https:\/\/jornalfatosenoticias.com.br\/index.php\/2024\/04\/15\/coluna-disciplina-e-liberdade-empreendedorismo\/\"]}]},{\"@type\":\"ImageObject\",\"inLanguage\":\"pt-BR\",\"@id\":\"https:\/\/jornalfatosenoticias.com.br\/index.php\/2024\/04\/15\/coluna-disciplina-e-liberdade-empreendedorismo\/#primaryimage\",\"url\":\"https:\/\/jornalfatosenoticias.com.br\/wp-content\/uploads\/2024\/04\/empreendedorismo_gettyimages.jpg\",\"contentUrl\":\"https:\/\/jornalfatosenoticias.com.br\/wp-content\/uploads\/2024\/04\/empreendedorismo_gettyimages.jpg\",\"width\":612,\"height\":408,\"caption\":\"Women in leadership working in the office\"},{\"@type\":\"BreadcrumbList\",\"@id\":\"https:\/\/jornalfatosenoticias.com.br\/index.php\/2024\/04\/15\/coluna-disciplina-e-liberdade-empreendedorismo\/#breadcrumb\",\"itemListElement\":[{\"@type\":\"ListItem\",\"position\":1,\"name\":\"In\u00edcio\",\"item\":\"https:\/\/jornalfatosenoticias.com.br\/\"},{\"@type\":\"ListItem\",\"position\":2,\"name\":\"Coluna Disciplina \u00e9 Liberdade \u2014 Empreendedorismo\"}]},{\"@type\":\"WebSite\",\"@id\":\"https:\/\/jornalfatosenoticias.com.br\/#website\",\"url\":\"https:\/\/jornalfatosenoticias.com.br\/\",\"name\":\"Jornal Fatos e Not\u00edcias\",\"description\":\"Not\u00edcias em geral\",\"publisher\":{\"@id\":\"https:\/\/jornalfatosenoticias.com.br\/#organization\"},\"potentialAction\":[{\"@type\":\"SearchAction\",\"target\":{\"@type\":\"EntryPoint\",\"urlTemplate\":\"https:\/\/jornalfatosenoticias.com.br\/?s={search_term_string}\"},\"query-input\":{\"@type\":\"PropertyValueSpecification\",\"valueRequired\":true,\"valueName\":\"search_term_string\"}}],\"inLanguage\":\"pt-BR\"},{\"@type\":\"Organization\",\"@id\":\"https:\/\/jornalfatosenoticias.com.br\/#organization\",\"name\":\"Jornal Fatos e Not\u00edcias\",\"url\":\"https:\/\/jornalfatosenoticias.com.br\/\",\"logo\":{\"@type\":\"ImageObject\",\"inLanguage\":\"pt-BR\",\"@id\":\"https:\/\/jornalfatosenoticias.com.br\/#\/schema\/logo\/image\/\",\"url\":\"https:\/\/jornalfatosenoticias.com.br\/wp-content\/uploads\/2020\/02\/logo120.png\",\"contentUrl\":\"https:\/\/jornalfatosenoticias.com.br\/wp-content\/uploads\/2020\/02\/logo120.png\",\"width\":1227,\"height\":120,\"caption\":\"Jornal Fatos e Not\u00edcias\"},\"image\":{\"@id\":\"https:\/\/jornalfatosenoticias.com.br\/#\/schema\/logo\/image\/\"}},{\"@type\":\"Person\",\"@id\":\"https:\/\/jornalfatosenoticias.com.br\/#\/schema\/person\/d63837fa13ac8666eb9e74e0985d6f81\",\"name\":\"Luzimara Fernandes\",\"image\":{\"@type\":\"ImageObject\",\"inLanguage\":\"pt-BR\",\"@id\":\"https:\/\/jornalfatosenoticias.com.br\/#\/schema\/person\/image\/\",\"url\":\"https:\/\/jornalfatosenoticias.com.br\/wp-content\/uploads\/2025\/05\/EU_portal.jpg\",\"contentUrl\":\"https:\/\/jornalfatosenoticias.com.br\/wp-content\/uploads\/2025\/05\/EU_portal.jpg\",\"caption\":\"Luzimara Fernandes\"},\"description\":\"Jornalista MTB 2358-ES\",\"sameAs\":[\"https:\/\/jornalfatosenoticias.com.br\"],\"url\":\"https:\/\/jornalfatosenoticias.com.br\/index.php\/author\/luzimara\/\"}]}<\/script>\n<!-- \/ Yoast SEO plugin. -->","yoast_head_json":{"title":"Coluna Disciplina \u00e9 Liberdade \u2014 Empreendedorismo - Jornal Fatos e Not\u00edcias","robots":{"index":"index","follow":"follow","max-snippet":"max-snippet:-1","max-image-preview":"max-image-preview:large","max-video-preview":"max-video-preview:-1"},"canonical":"https:\/\/jornalfatosenoticias.com.br\/index.php\/2024\/04\/15\/coluna-disciplina-e-liberdade-empreendedorismo\/","og_locale":"pt_BR","og_type":"article","og_title":"Coluna Disciplina \u00e9 Liberdade \u2014 Empreendedorismo - Jornal Fatos e Not\u00edcias","og_description":"Por Milena Rohr \u00c9 com imenso prazer e uma dose generosa de responsabilidade que me apresento como Milena Rohr, formada em Direito, gestora empresarial, m\u00e3e da Marina e do C\u00e9sar Augusto, Rotariana, Palestrante e Escritora. Junto com voc\u00eas, vou conduzir a coluna &#8220;Disciplina \u00e9 Liberdade&#8221; no Fatos &amp; Not\u00edcias. Vou mergulhar nas profundezas do desenvolvimento [&hellip;]","og_url":"https:\/\/jornalfatosenoticias.com.br\/index.php\/2024\/04\/15\/coluna-disciplina-e-liberdade-empreendedorismo\/","og_site_name":"Jornal Fatos e Not\u00edcias","article_published_time":"2024-04-15T14:26:39+00:00","article_modified_time":"2024-04-23T18:23:08+00:00","og_image":[{"width":612,"height":408,"url":"https:\/\/jornalfatosenoticias.com.br\/wp-content\/uploads\/2024\/04\/empreendedorismo_gettyimages.jpg","type":"image\/jpeg"}],"author":"Luzimara Fernandes","twitter_card":"summary_large_image","twitter_misc":{"Escrito por":"Luzimara Fernandes","Est. tempo de leitura":"3 minutos"},"schema":{"@context":"https:\/\/schema.org","@graph":[{"@type":"Article","@id":"https:\/\/jornalfatosenoticias.com.br\/index.php\/2024\/04\/15\/coluna-disciplina-e-liberdade-empreendedorismo\/#article","isPartOf":{"@id":"https:\/\/jornalfatosenoticias.com.br\/index.php\/2024\/04\/15\/coluna-disciplina-e-liberdade-empreendedorismo\/"},"author":{"name":"Luzimara Fernandes","@id":"https:\/\/jornalfatosenoticias.com.br\/#\/schema\/person\/d63837fa13ac8666eb9e74e0985d6f81"},"headline":"Coluna Disciplina \u00e9 Liberdade \u2014 Empreendedorismo","datePublished":"2024-04-15T14:26:39+00:00","dateModified":"2024-04-23T18:23:08+00:00","mainEntityOfPage":{"@id":"https:\/\/jornalfatosenoticias.com.br\/index.php\/2024\/04\/15\/coluna-disciplina-e-liberdade-empreendedorismo\/"},"wordCount":648,"commentCount":0,"publisher":{"@id":"https:\/\/jornalfatosenoticias.com.br\/#organization"},"image":{"@id":"https:\/\/jornalfatosenoticias.com.br\/index.php\/2024\/04\/15\/coluna-disciplina-e-liberdade-empreendedorismo\/#primaryimage"},"thumbnailUrl":"https:\/\/jornalfatosenoticias.com.br\/wp-content\/uploads\/2024\/04\/empreendedorismo_gettyimages.jpg","keywords":["disciplina","empreendedorismo","lideran\u00e7a","oportunidades"],"articleSection":["Economia"],"inLanguage":"pt-BR","potentialAction":[{"@type":"CommentAction","name":"Comment","target":["https:\/\/jornalfatosenoticias.com.br\/index.php\/2024\/04\/15\/coluna-disciplina-e-liberdade-empreendedorismo\/#respond"]}]},{"@type":"WebPage","@id":"https:\/\/jornalfatosenoticias.com.br\/index.php\/2024\/04\/15\/coluna-disciplina-e-liberdade-empreendedorismo\/","url":"https:\/\/jornalfatosenoticias.com.br\/index.php\/2024\/04\/15\/coluna-disciplina-e-liberdade-empreendedorismo\/","name":"Coluna Disciplina \u00e9 Liberdade \u2014 Empreendedorismo - Jornal Fatos e Not\u00edcias","isPartOf":{"@id":"https:\/\/jornalfatosenoticias.com.br\/#website"},"primaryImageOfPage":{"@id":"https:\/\/jornalfatosenoticias.com.br\/index.php\/2024\/04\/15\/coluna-disciplina-e-liberdade-empreendedorismo\/#primaryimage"},"image":{"@id":"https:\/\/jornalfatosenoticias.com.br\/index.php\/2024\/04\/15\/coluna-disciplina-e-liberdade-empreendedorismo\/#primaryimage"},"thumbnailUrl":"https:\/\/jornalfatosenoticias.com.br\/wp-content\/uploads\/2024\/04\/empreendedorismo_gettyimages.jpg","datePublished":"2024-04-15T14:26:39+00:00","dateModified":"2024-04-23T18:23:08+00:00","breadcrumb":{"@id":"https:\/\/jornalfatosenoticias.com.br\/index.php\/2024\/04\/15\/coluna-disciplina-e-liberdade-empreendedorismo\/#breadcrumb"},"inLanguage":"pt-BR","potentialAction":[{"@type":"ReadAction","target":["https:\/\/jornalfatosenoticias.com.br\/index.php\/2024\/04\/15\/coluna-disciplina-e-liberdade-empreendedorismo\/"]}]},{"@type":"ImageObject","inLanguage":"pt-BR","@id":"https:\/\/jornalfatosenoticias.com.br\/index.php\/2024\/04\/15\/coluna-disciplina-e-liberdade-empreendedorismo\/#primaryimage","url":"https:\/\/jornalfatosenoticias.com.br\/wp-content\/uploads\/2024\/04\/empreendedorismo_gettyimages.jpg","contentUrl":"https:\/\/jornalfatosenoticias.com.br\/wp-content\/uploads\/2024\/04\/empreendedorismo_gettyimages.jpg","width":612,"height":408,"caption":"Women in leadership working in the office"},{"@type":"BreadcrumbList","@id":"https:\/\/jornalfatosenoticias.com.br\/index.php\/2024\/04\/15\/coluna-disciplina-e-liberdade-empreendedorismo\/#breadcrumb","itemListElement":[{"@type":"ListItem","position":1,"name":"In\u00edcio","item":"https:\/\/jornalfatosenoticias.com.br\/"},{"@type":"ListItem","position":2,"name":"Coluna Disciplina \u00e9 Liberdade \u2014 Empreendedorismo"}]},{"@type":"WebSite","@id":"https:\/\/jornalfatosenoticias.com.br\/#website","url":"https:\/\/jornalfatosenoticias.com.br\/","name":"Jornal Fatos e Not\u00edcias","description":"Not\u00edcias em geral","publisher":{"@id":"https:\/\/jornalfatosenoticias.com.br\/#organization"},"potentialAction":[{"@type":"SearchAction","target":{"@type":"EntryPoint","urlTemplate":"https:\/\/jornalfatosenoticias.com.br\/?s={search_term_string}"},"query-input":{"@type":"PropertyValueSpecification","valueRequired":true,"valueName":"search_term_string"}}],"inLanguage":"pt-BR"},{"@type":"Organization","@id":"https:\/\/jornalfatosenoticias.com.br\/#organization","name":"Jornal Fatos e Not\u00edcias","url":"https:\/\/jornalfatosenoticias.com.br\/","logo":{"@type":"ImageObject","inLanguage":"pt-BR","@id":"https:\/\/jornalfatosenoticias.com.br\/#\/schema\/logo\/image\/","url":"https:\/\/jornalfatosenoticias.com.br\/wp-content\/uploads\/2020\/02\/logo120.png","contentUrl":"https:\/\/jornalfatosenoticias.com.br\/wp-content\/uploads\/2020\/02\/logo120.png","width":1227,"height":120,"caption":"Jornal Fatos e Not\u00edcias"},"image":{"@id":"https:\/\/jornalfatosenoticias.com.br\/#\/schema\/logo\/image\/"}},{"@type":"Person","@id":"https:\/\/jornalfatosenoticias.com.br\/#\/schema\/person\/d63837fa13ac8666eb9e74e0985d6f81","name":"Luzimara Fernandes","image":{"@type":"ImageObject","inLanguage":"pt-BR","@id":"https:\/\/jornalfatosenoticias.com.br\/#\/schema\/person\/image\/","url":"https:\/\/jornalfatosenoticias.com.br\/wp-content\/uploads\/2025\/05\/EU_portal.jpg","contentUrl":"https:\/\/jornalfatosenoticias.com.br\/wp-content\/uploads\/2025\/05\/EU_portal.jpg","caption":"Luzimara Fernandes"},"description":"Jornalista MTB 2358-ES","sameAs":["https:\/\/jornalfatosenoticias.com.br"],"url":"https:\/\/jornalfatosenoticias.com.br\/index.php\/author\/luzimara\/"}]}},"cc_featured_image_caption":{"caption_text":"(Foto: Getty Images) ","source_text":"","source_url":""},"jetpack_featured_media_url":"https:\/\/jornalfatosenoticias.com.br\/wp-content\/uploads\/2024\/04\/empreendedorismo_gettyimages.jpg","_links":{"self":[{"href":"https:\/\/jornalfatosenoticias.com.br\/index.php\/wp-json\/wp\/v2\/posts\/50606","targetHints":{"allow":["GET"]}}],"collection":[{"href":"https:\/\/jornalfatosenoticias.com.br\/index.php\/wp-json\/wp\/v2\/posts"}],"about":[{"href":"https:\/\/jornalfatosenoticias.com.br\/index.php\/wp-json\/wp\/v2\/types\/post"}],"author":[{"embeddable":true,"href":"https:\/\/jornalfatosenoticias.com.br\/index.php\/wp-json\/wp\/v2\/users\/2"}],"replies":[{"embeddable":true,"href":"https:\/\/jornalfatosenoticias.com.br\/index.php\/wp-json\/wp\/v2\/comments?post=50606"}],"version-history":[{"count":0,"href":"https:\/\/jornalfatosenoticias.com.br\/index.php\/wp-json\/wp\/v2\/posts\/50606\/revisions"}],"wp:featuredmedia":[{"embeddable":true,"href":"https:\/\/jornalfatosenoticias.com.br\/index.php\/wp-json\/wp\/v2\/media\/50608"}],"wp:attachment":[{"href":"https:\/\/jornalfatosenoticias.com.br\/index.php\/wp-json\/wp\/v2\/media?parent=50606"}],"wp:term":[{"taxonomy":"category","embeddable":true,"href":"https:\/\/jornalfatosenoticias.com.br\/index.php\/wp-json\/wp\/v2\/categories?post=50606"},{"taxonomy":"post_tag","embeddable":true,"href":"https:\/\/jornalfatosenoticias.com.br\/index.php\/wp-json\/wp\/v2\/tags?post=50606"}],"curies":[{"name":"wp","href":"https:\/\/api.w.org\/{rel}","templated":true}]}}