{"id":50610,"date":"2024-04-15T14:32:53","date_gmt":"2024-04-15T17:32:53","guid":{"rendered":"https:\/\/jornalfatosenoticias.com.br\/?p=50610"},"modified":"2024-04-15T14:32:55","modified_gmt":"2024-04-15T17:32:55","slug":"coluna-conexao-cidade","status":"publish","type":"post","link":"https:\/\/jornalfatosenoticias.com.br\/index.php\/2024\/04\/15\/coluna-conexao-cidade\/","title":{"rendered":"Coluna Conex\u00e3o Cidade"},"content":{"rendered":"\n<p><span class=\"has-inline-color has-black-color\">Por <strong>Wylson Zon Filho<\/strong><\/span><\/p>\n\n\n\n<p><em><span class=\"has-inline-color has-black-color\">Contorno do Mestre \u00c1lvaro, munic\u00edpio da Serra<\/span><\/em><\/p>\n\n\n\n<div class=\"wp-block-image\"><figure class=\"aligncenter size-large\"><img loading=\"lazy\" decoding=\"async\" width=\"729\" height=\"90\" src=\"https:\/\/jornalfatosenoticias.com.br\/wp-content\/uploads\/2020\/02\/Logo_Mizu.png\" alt=\"\" class=\"wp-image-1441\" srcset=\"https:\/\/jornalfatosenoticias.com.br\/wp-content\/uploads\/2020\/02\/Logo_Mizu.png 729w, https:\/\/jornalfatosenoticias.com.br\/wp-content\/uploads\/2020\/02\/Logo_Mizu-300x37.png 300w\" sizes=\"auto, (max-width: 729px) 100vw, 729px\" \/><\/figure><\/div>\n\n\n\n<div class=\"wp-block-image is-style-rounded\"><figure class=\"alignleft size-large\"><img loading=\"lazy\" decoding=\"async\" width=\"120\" height=\"108\" src=\"https:\/\/jornalfatosenoticias.com.br\/wp-content\/uploads\/2024\/04\/WYLSON_ZON-removebg-preview.png\" alt=\"\" class=\"wp-image-50611\"\/><\/figure><\/div>\n\n\n\n<p>Caros leitores do <strong><span class=\"has-inline-color has-black-color\"><em>&#8220;Fatos &amp; Not\u00edcias&#8221;<\/em><\/span><\/strong>, \u00e9 com imenso prazer que apresento uma novidade que promete enriquecer ainda mais o nosso jornal. Hoje, estreamos a coluna <em>&#8220;Conex\u00e3o Cidade&#8221;,<\/em> uma iniciativa pioneira, cuidadosamente pensada e desenvolvida sob a minha perspectiva, sou o Wylson Zon Filho, um nome j\u00e1 conhecido por muitos de voc\u00eas pela minha dedica\u00e7\u00e3o e profundo conhecimento sobre a cidade da Serra.<br>A <em>&#8220;Conex\u00e3o Cidade&#8221;<\/em> tem como prop\u00f3sito estabelecer um di\u00e1logo aberto e construtivo sobre os in\u00fameros desafios e belezas que a cidade da Serra tem para n\u00f3s. Agora, para quem n\u00e3o me conhece, vou falar um pouco sobre mim, sou Desenvolvedor Imobili\u00e1rio, Rotariano e corredor praticante. Atuo h\u00e1 anos na Serra, tamb\u00e9m participei do associativismo empresarial, fomentando o desenvolvimento da cidade.<\/p>\n\n\n\n<div class=\"wp-block-image\"><figure class=\"aligncenter size-large is-resized\"><img loading=\"lazy\" decoding=\"async\" src=\"https:\/\/jornalfatosenoticias.com.br\/wp-content\/uploads\/2023\/08\/BKR-1024x1021.jpg\" alt=\"\" class=\"wp-image-44494\" width=\"318\" height=\"317\" srcset=\"https:\/\/jornalfatosenoticias.com.br\/wp-content\/uploads\/2023\/08\/BKR-1024x1021.jpg 1024w, https:\/\/jornalfatosenoticias.com.br\/wp-content\/uploads\/2023\/08\/BKR-300x300.jpg 300w, https:\/\/jornalfatosenoticias.com.br\/wp-content\/uploads\/2023\/08\/BKR-150x150.jpg 150w, https:\/\/jornalfatosenoticias.com.br\/wp-content\/uploads\/2023\/08\/BKR-768x766.jpg 768w, https:\/\/jornalfatosenoticias.com.br\/wp-content\/uploads\/2023\/08\/BKR.jpg 1080w\" sizes=\"auto, (max-width: 318px) 100vw, 318px\" \/><\/figure><\/div>\n\n\n\n<p>Coordenei o Planejamento Estrat\u00e9gico da Serra 2000\u20142020, pela Associa\u00e7\u00e3o do Empres\u00e1rios da Serra (Ases), fui presidente do Conselho de Seguran\u00e7a da cidade, participei do Conselho de Turismo da Serra e fui diretor da Associa\u00e7\u00e3o de Moradores de Manguinhos.<\/p>\n\n\n\n<div class=\"wp-block-image\"><figure class=\"aligncenter size-large\"><img decoding=\"async\" src=\"https:\/\/jornalfatosenoticias.com.br\/wp-content\/uploads\/2020\/02\/logo_esteio.jpg\" alt=\"\" class=\"wp-image-1214\"\/><\/figure><\/div>\n\n\n\n<p>Inovei no setor atrav\u00e9s da Vipim\u00f3vel, primeira empresa da Grande Vit\u00f3ria a focar sua atua\u00e7\u00e3o comercial em lan\u00e7amentos imobili\u00e1rios. Sou s\u00f3cio do Grupo Macaf\u00e9, empresa tradicional do setor imobili\u00e1rio na Serra, onde sou conselheiro, e atuo na minha pr\u00f3pria empresa de desenvolvimento, a YbyPlan, com foco em incorpora\u00e7\u00e3o imobili\u00e1ria na Serra.<\/p>\n\n\n\n<div class=\"wp-block-image\"><figure class=\"aligncenter size-large is-resized\"><img loading=\"lazy\" decoding=\"async\" src=\"https:\/\/jornalfatosenoticias.com.br\/wp-content\/uploads\/2023\/12\/pegoretti-logo-pdf-1024x389.jpg\" alt=\"\" class=\"wp-image-47536\" width=\"535\" height=\"203\" srcset=\"https:\/\/jornalfatosenoticias.com.br\/wp-content\/uploads\/2023\/12\/pegoretti-logo-pdf-1024x389.jpg 1024w, https:\/\/jornalfatosenoticias.com.br\/wp-content\/uploads\/2023\/12\/pegoretti-logo-pdf-300x114.jpg 300w, https:\/\/jornalfatosenoticias.com.br\/wp-content\/uploads\/2023\/12\/pegoretti-logo-pdf-768x291.jpg 768w, https:\/\/jornalfatosenoticias.com.br\/wp-content\/uploads\/2023\/12\/pegoretti-logo-pdf.jpg 1120w\" sizes=\"auto, (max-width: 535px) 100vw, 535px\" \/><\/figure><\/div>\n\n\n\n<p>Vamos juntos embarcar nesta jornada de descobertas com a coluna &#8220;Conex\u00e3o Cidade&#8221;. Este ser\u00e1 um espa\u00e7o de aprendizado, de troca e, acima de tudo, de conex\u00e3o com as m\u00faltiplas realidades que comp\u00f5em o mosaico urbano. Vou compartilhar minha vis\u00e3o e quero a participa\u00e7\u00e3o de todos aqueles que se interessam pelo pulsar da Serra e pela forma como podemos contribuir para torn\u00e1-la ainda melhor, uma incr\u00edvel cidade para se viver. Juntos, vamos explorar caminhos, solu\u00e7\u00f5es e ideias inovadoras que nos ajudem a entender e a melhorar nossa conviv\u00eancia nos espa\u00e7os urbanos. Sejam todos bem-vindos \u00e0 &#8220;Conex\u00e3o Cidade&#8221;.<\/p>\n\n\n\n<div class=\"wp-block-image\"><figure class=\"aligncenter size-large\"><img decoding=\"async\" src=\"https:\/\/jornalfatosenoticias.com.br\/wp-content\/uploads\/2020\/02\/barao-das-carnes-300x164-1.jpg\" alt=\"\" class=\"wp-image-34339\"\/><\/figure><\/div>\n\n\n\n<p><em><span class=\"has-inline-color has-black-color\"><strong>Wylson Zon Filho<br><\/strong>Desenvolvedor Imobili\u00e1rio, Rotariano e corredor praticante<\/span><\/em><\/p>\n","protected":false},"excerpt":{"rendered":"<p>Por Wylson Zon Filho Contorno do Mestre \u00c1lvaro, munic\u00edpio da Serra Caros leitores do &#8220;Fatos &amp; Not\u00edcias&#8221;, \u00e9 com imenso prazer que apresento uma novidade que promete enriquecer ainda mais o nosso jornal. Hoje, estreamos a coluna &#8220;Conex\u00e3o Cidade&#8221;, uma iniciativa pioneira, cuidadosamente pensada e desenvolvida sob a minha perspectiva, sou o Wylson Zon Filho, [&hellip;]<\/p>\n","protected":false},"author":2,"featured_media":50612,"comment_status":"open","ping_status":"open","sticky":false,"template":"","format":"standard","meta":{"footnotes":""},"categories":[744,9923],"tags":[6115,23284,23285],"class_list":["post-50610","post","type-post","status-publish","format-standard","has-post-thumbnail","hentry","category-arq-urbanismo","category-mobilidade","tag-cidade","tag-desenvolvimento-imobiliario","tag-setor-empresarial"],"yoast_head":"<!-- This site is optimized with the Yoast SEO plugin v26.5 - https:\/\/yoast.com\/wordpress\/plugins\/seo\/ -->\n<title>Coluna Conex\u00e3o Cidade - Jornal Fatos e Not\u00edcias<\/title>\n<meta name=\"robots\" content=\"index, follow, max-snippet:-1, max-image-preview:large, max-video-preview:-1\" \/>\n<link rel=\"canonical\" href=\"https:\/\/jornalfatosenoticias.com.br\/index.php\/2024\/04\/15\/coluna-conexao-cidade\/\" \/>\n<meta property=\"og:locale\" content=\"pt_BR\" \/>\n<meta property=\"og:type\" content=\"article\" \/>\n<meta property=\"og:title\" content=\"Coluna Conex\u00e3o Cidade - Jornal Fatos e Not\u00edcias\" \/>\n<meta property=\"og:description\" content=\"Por Wylson Zon Filho Contorno do Mestre \u00c1lvaro, munic\u00edpio da Serra Caros leitores do &#8220;Fatos &amp; Not\u00edcias&#8221;, \u00e9 com imenso prazer que apresento uma novidade que promete enriquecer ainda mais o nosso jornal. Hoje, estreamos a coluna &#8220;Conex\u00e3o Cidade&#8221;, uma iniciativa pioneira, cuidadosamente pensada e desenvolvida sob a minha perspectiva, sou o Wylson Zon Filho, [&hellip;]\" \/>\n<meta property=\"og:url\" content=\"https:\/\/jornalfatosenoticias.com.br\/index.php\/2024\/04\/15\/coluna-conexao-cidade\/\" \/>\n<meta property=\"og:site_name\" content=\"Jornal Fatos e Not\u00edcias\" \/>\n<meta property=\"article:published_time\" content=\"2024-04-15T17:32:53+00:00\" \/>\n<meta property=\"article:modified_time\" content=\"2024-04-15T17:32:55+00:00\" \/>\n<meta property=\"og:image\" content=\"https:\/\/jornalfatosenoticias.com.br\/wp-content\/uploads\/2024\/04\/contorno-mestre-alvaro.jpeg\" \/>\n\t<meta property=\"og:image:width\" content=\"768\" \/>\n\t<meta property=\"og:image:height\" content=\"432\" \/>\n\t<meta property=\"og:image:type\" content=\"image\/jpeg\" \/>\n<meta name=\"author\" content=\"Luzimara Fernandes\" \/>\n<meta name=\"twitter:card\" content=\"summary_large_image\" \/>\n<meta name=\"twitter:label1\" content=\"Escrito por\" \/>\n\t<meta name=\"twitter:data1\" content=\"Luzimara Fernandes\" \/>\n\t<meta name=\"twitter:label2\" content=\"Est. tempo de leitura\" \/>\n\t<meta name=\"twitter:data2\" content=\"2 minutos\" \/>\n<script type=\"application\/ld+json\" class=\"yoast-schema-graph\">{\"@context\":\"https:\/\/schema.org\",\"@graph\":[{\"@type\":\"Article\",\"@id\":\"https:\/\/jornalfatosenoticias.com.br\/index.php\/2024\/04\/15\/coluna-conexao-cidade\/#article\",\"isPartOf\":{\"@id\":\"https:\/\/jornalfatosenoticias.com.br\/index.php\/2024\/04\/15\/coluna-conexao-cidade\/\"},\"author\":{\"name\":\"Luzimara Fernandes\",\"@id\":\"https:\/\/jornalfatosenoticias.com.br\/#\/schema\/person\/d63837fa13ac8666eb9e74e0985d6f81\"},\"headline\":\"Coluna Conex\u00e3o Cidade\",\"datePublished\":\"2024-04-15T17:32:53+00:00\",\"dateModified\":\"2024-04-15T17:32:55+00:00\",\"mainEntityOfPage\":{\"@id\":\"https:\/\/jornalfatosenoticias.com.br\/index.php\/2024\/04\/15\/coluna-conexao-cidade\/\"},\"wordCount\":372,\"commentCount\":0,\"publisher\":{\"@id\":\"https:\/\/jornalfatosenoticias.com.br\/#organization\"},\"image\":{\"@id\":\"https:\/\/jornalfatosenoticias.com.br\/index.php\/2024\/04\/15\/coluna-conexao-cidade\/#primaryimage\"},\"thumbnailUrl\":\"https:\/\/jornalfatosenoticias.com.br\/wp-content\/uploads\/2024\/04\/contorno-mestre-alvaro.jpeg\",\"keywords\":[\"cidade\",\"desenvolvimento imobili\u00e1rio\",\"setor empresarial\"],\"articleSection\":[\"Arq &amp; Urb\",\"Mobilidade\"],\"inLanguage\":\"pt-BR\",\"potentialAction\":[{\"@type\":\"CommentAction\",\"name\":\"Comment\",\"target\":[\"https:\/\/jornalfatosenoticias.com.br\/index.php\/2024\/04\/15\/coluna-conexao-cidade\/#respond\"]}]},{\"@type\":\"WebPage\",\"@id\":\"https:\/\/jornalfatosenoticias.com.br\/index.php\/2024\/04\/15\/coluna-conexao-cidade\/\",\"url\":\"https:\/\/jornalfatosenoticias.com.br\/index.php\/2024\/04\/15\/coluna-conexao-cidade\/\",\"name\":\"Coluna Conex\u00e3o Cidade - Jornal Fatos e Not\u00edcias\",\"isPartOf\":{\"@id\":\"https:\/\/jornalfatosenoticias.com.br\/#website\"},\"primaryImageOfPage\":{\"@id\":\"https:\/\/jornalfatosenoticias.com.br\/index.php\/2024\/04\/15\/coluna-conexao-cidade\/#primaryimage\"},\"image\":{\"@id\":\"https:\/\/jornalfatosenoticias.com.br\/index.php\/2024\/04\/15\/coluna-conexao-cidade\/#primaryimage\"},\"thumbnailUrl\":\"https:\/\/jornalfatosenoticias.com.br\/wp-content\/uploads\/2024\/04\/contorno-mestre-alvaro.jpeg\",\"datePublished\":\"2024-04-15T17:32:53+00:00\",\"dateModified\":\"2024-04-15T17:32:55+00:00\",\"breadcrumb\":{\"@id\":\"https:\/\/jornalfatosenoticias.com.br\/index.php\/2024\/04\/15\/coluna-conexao-cidade\/#breadcrumb\"},\"inLanguage\":\"pt-BR\",\"potentialAction\":[{\"@type\":\"ReadAction\",\"target\":[\"https:\/\/jornalfatosenoticias.com.br\/index.php\/2024\/04\/15\/coluna-conexao-cidade\/\"]}]},{\"@type\":\"ImageObject\",\"inLanguage\":\"pt-BR\",\"@id\":\"https:\/\/jornalfatosenoticias.com.br\/index.php\/2024\/04\/15\/coluna-conexao-cidade\/#primaryimage\",\"url\":\"https:\/\/jornalfatosenoticias.com.br\/wp-content\/uploads\/2024\/04\/contorno-mestre-alvaro.jpeg\",\"contentUrl\":\"https:\/\/jornalfatosenoticias.com.br\/wp-content\/uploads\/2024\/04\/contorno-mestre-alvaro.jpeg\",\"width\":768,\"height\":432},{\"@type\":\"BreadcrumbList\",\"@id\":\"https:\/\/jornalfatosenoticias.com.br\/index.php\/2024\/04\/15\/coluna-conexao-cidade\/#breadcrumb\",\"itemListElement\":[{\"@type\":\"ListItem\",\"position\":1,\"name\":\"In\u00edcio\",\"item\":\"https:\/\/jornalfatosenoticias.com.br\/\"},{\"@type\":\"ListItem\",\"position\":2,\"name\":\"Coluna Conex\u00e3o Cidade\"}]},{\"@type\":\"WebSite\",\"@id\":\"https:\/\/jornalfatosenoticias.com.br\/#website\",\"url\":\"https:\/\/jornalfatosenoticias.com.br\/\",\"name\":\"Jornal Fatos e Not\u00edcias\",\"description\":\"Not\u00edcias em geral\",\"publisher\":{\"@id\":\"https:\/\/jornalfatosenoticias.com.br\/#organization\"},\"potentialAction\":[{\"@type\":\"SearchAction\",\"target\":{\"@type\":\"EntryPoint\",\"urlTemplate\":\"https:\/\/jornalfatosenoticias.com.br\/?s={search_term_string}\"},\"query-input\":{\"@type\":\"PropertyValueSpecification\",\"valueRequired\":true,\"valueName\":\"search_term_string\"}}],\"inLanguage\":\"pt-BR\"},{\"@type\":\"Organization\",\"@id\":\"https:\/\/jornalfatosenoticias.com.br\/#organization\",\"name\":\"Jornal Fatos e Not\u00edcias\",\"url\":\"https:\/\/jornalfatosenoticias.com.br\/\",\"logo\":{\"@type\":\"ImageObject\",\"inLanguage\":\"pt-BR\",\"@id\":\"https:\/\/jornalfatosenoticias.com.br\/#\/schema\/logo\/image\/\",\"url\":\"https:\/\/jornalfatosenoticias.com.br\/wp-content\/uploads\/2020\/02\/logo120.png\",\"contentUrl\":\"https:\/\/jornalfatosenoticias.com.br\/wp-content\/uploads\/2020\/02\/logo120.png\",\"width\":1227,\"height\":120,\"caption\":\"Jornal Fatos e Not\u00edcias\"},\"image\":{\"@id\":\"https:\/\/jornalfatosenoticias.com.br\/#\/schema\/logo\/image\/\"}},{\"@type\":\"Person\",\"@id\":\"https:\/\/jornalfatosenoticias.com.br\/#\/schema\/person\/d63837fa13ac8666eb9e74e0985d6f81\",\"name\":\"Luzimara Fernandes\",\"image\":{\"@type\":\"ImageObject\",\"inLanguage\":\"pt-BR\",\"@id\":\"https:\/\/jornalfatosenoticias.com.br\/#\/schema\/person\/image\/\",\"url\":\"https:\/\/jornalfatosenoticias.com.br\/wp-content\/uploads\/2025\/05\/EU_portal.jpg\",\"contentUrl\":\"https:\/\/jornalfatosenoticias.com.br\/wp-content\/uploads\/2025\/05\/EU_portal.jpg\",\"caption\":\"Luzimara Fernandes\"},\"description\":\"Jornalista MTB 2358-ES\",\"sameAs\":[\"https:\/\/jornalfatosenoticias.com.br\"],\"url\":\"https:\/\/jornalfatosenoticias.com.br\/index.php\/author\/luzimara\/\"}]}<\/script>\n<!-- \/ Yoast SEO plugin. -->","yoast_head_json":{"title":"Coluna Conex\u00e3o Cidade - Jornal Fatos e Not\u00edcias","robots":{"index":"index","follow":"follow","max-snippet":"max-snippet:-1","max-image-preview":"max-image-preview:large","max-video-preview":"max-video-preview:-1"},"canonical":"https:\/\/jornalfatosenoticias.com.br\/index.php\/2024\/04\/15\/coluna-conexao-cidade\/","og_locale":"pt_BR","og_type":"article","og_title":"Coluna Conex\u00e3o Cidade - Jornal Fatos e Not\u00edcias","og_description":"Por Wylson Zon Filho Contorno do Mestre \u00c1lvaro, munic\u00edpio da Serra Caros leitores do &#8220;Fatos &amp; Not\u00edcias&#8221;, \u00e9 com imenso prazer que apresento uma novidade que promete enriquecer ainda mais o nosso jornal. Hoje, estreamos a coluna &#8220;Conex\u00e3o Cidade&#8221;, uma iniciativa pioneira, cuidadosamente pensada e desenvolvida sob a minha perspectiva, sou o Wylson Zon Filho, [&hellip;]","og_url":"https:\/\/jornalfatosenoticias.com.br\/index.php\/2024\/04\/15\/coluna-conexao-cidade\/","og_site_name":"Jornal Fatos e Not\u00edcias","article_published_time":"2024-04-15T17:32:53+00:00","article_modified_time":"2024-04-15T17:32:55+00:00","og_image":[{"width":768,"height":432,"url":"https:\/\/jornalfatosenoticias.com.br\/wp-content\/uploads\/2024\/04\/contorno-mestre-alvaro.jpeg","type":"image\/jpeg"}],"author":"Luzimara Fernandes","twitter_card":"summary_large_image","twitter_misc":{"Escrito por":"Luzimara Fernandes","Est. tempo de leitura":"2 minutos"},"schema":{"@context":"https:\/\/schema.org","@graph":[{"@type":"Article","@id":"https:\/\/jornalfatosenoticias.com.br\/index.php\/2024\/04\/15\/coluna-conexao-cidade\/#article","isPartOf":{"@id":"https:\/\/jornalfatosenoticias.com.br\/index.php\/2024\/04\/15\/coluna-conexao-cidade\/"},"author":{"name":"Luzimara Fernandes","@id":"https:\/\/jornalfatosenoticias.com.br\/#\/schema\/person\/d63837fa13ac8666eb9e74e0985d6f81"},"headline":"Coluna Conex\u00e3o Cidade","datePublished":"2024-04-15T17:32:53+00:00","dateModified":"2024-04-15T17:32:55+00:00","mainEntityOfPage":{"@id":"https:\/\/jornalfatosenoticias.com.br\/index.php\/2024\/04\/15\/coluna-conexao-cidade\/"},"wordCount":372,"commentCount":0,"publisher":{"@id":"https:\/\/jornalfatosenoticias.com.br\/#organization"},"image":{"@id":"https:\/\/jornalfatosenoticias.com.br\/index.php\/2024\/04\/15\/coluna-conexao-cidade\/#primaryimage"},"thumbnailUrl":"https:\/\/jornalfatosenoticias.com.br\/wp-content\/uploads\/2024\/04\/contorno-mestre-alvaro.jpeg","keywords":["cidade","desenvolvimento imobili\u00e1rio","setor empresarial"],"articleSection":["Arq &amp; Urb","Mobilidade"],"inLanguage":"pt-BR","potentialAction":[{"@type":"CommentAction","name":"Comment","target":["https:\/\/jornalfatosenoticias.com.br\/index.php\/2024\/04\/15\/coluna-conexao-cidade\/#respond"]}]},{"@type":"WebPage","@id":"https:\/\/jornalfatosenoticias.com.br\/index.php\/2024\/04\/15\/coluna-conexao-cidade\/","url":"https:\/\/jornalfatosenoticias.com.br\/index.php\/2024\/04\/15\/coluna-conexao-cidade\/","name":"Coluna Conex\u00e3o Cidade - Jornal Fatos e Not\u00edcias","isPartOf":{"@id":"https:\/\/jornalfatosenoticias.com.br\/#website"},"primaryImageOfPage":{"@id":"https:\/\/jornalfatosenoticias.com.br\/index.php\/2024\/04\/15\/coluna-conexao-cidade\/#primaryimage"},"image":{"@id":"https:\/\/jornalfatosenoticias.com.br\/index.php\/2024\/04\/15\/coluna-conexao-cidade\/#primaryimage"},"thumbnailUrl":"https:\/\/jornalfatosenoticias.com.br\/wp-content\/uploads\/2024\/04\/contorno-mestre-alvaro.jpeg","datePublished":"2024-04-15T17:32:53+00:00","dateModified":"2024-04-15T17:32:55+00:00","breadcrumb":{"@id":"https:\/\/jornalfatosenoticias.com.br\/index.php\/2024\/04\/15\/coluna-conexao-cidade\/#breadcrumb"},"inLanguage":"pt-BR","potentialAction":[{"@type":"ReadAction","target":["https:\/\/jornalfatosenoticias.com.br\/index.php\/2024\/04\/15\/coluna-conexao-cidade\/"]}]},{"@type":"ImageObject","inLanguage":"pt-BR","@id":"https:\/\/jornalfatosenoticias.com.br\/index.php\/2024\/04\/15\/coluna-conexao-cidade\/#primaryimage","url":"https:\/\/jornalfatosenoticias.com.br\/wp-content\/uploads\/2024\/04\/contorno-mestre-alvaro.jpeg","contentUrl":"https:\/\/jornalfatosenoticias.com.br\/wp-content\/uploads\/2024\/04\/contorno-mestre-alvaro.jpeg","width":768,"height":432},{"@type":"BreadcrumbList","@id":"https:\/\/jornalfatosenoticias.com.br\/index.php\/2024\/04\/15\/coluna-conexao-cidade\/#breadcrumb","itemListElement":[{"@type":"ListItem","position":1,"name":"In\u00edcio","item":"https:\/\/jornalfatosenoticias.com.br\/"},{"@type":"ListItem","position":2,"name":"Coluna Conex\u00e3o Cidade"}]},{"@type":"WebSite","@id":"https:\/\/jornalfatosenoticias.com.br\/#website","url":"https:\/\/jornalfatosenoticias.com.br\/","name":"Jornal Fatos e Not\u00edcias","description":"Not\u00edcias em geral","publisher":{"@id":"https:\/\/jornalfatosenoticias.com.br\/#organization"},"potentialAction":[{"@type":"SearchAction","target":{"@type":"EntryPoint","urlTemplate":"https:\/\/jornalfatosenoticias.com.br\/?s={search_term_string}"},"query-input":{"@type":"PropertyValueSpecification","valueRequired":true,"valueName":"search_term_string"}}],"inLanguage":"pt-BR"},{"@type":"Organization","@id":"https:\/\/jornalfatosenoticias.com.br\/#organization","name":"Jornal Fatos e Not\u00edcias","url":"https:\/\/jornalfatosenoticias.com.br\/","logo":{"@type":"ImageObject","inLanguage":"pt-BR","@id":"https:\/\/jornalfatosenoticias.com.br\/#\/schema\/logo\/image\/","url":"https:\/\/jornalfatosenoticias.com.br\/wp-content\/uploads\/2020\/02\/logo120.png","contentUrl":"https:\/\/jornalfatosenoticias.com.br\/wp-content\/uploads\/2020\/02\/logo120.png","width":1227,"height":120,"caption":"Jornal Fatos e Not\u00edcias"},"image":{"@id":"https:\/\/jornalfatosenoticias.com.br\/#\/schema\/logo\/image\/"}},{"@type":"Person","@id":"https:\/\/jornalfatosenoticias.com.br\/#\/schema\/person\/d63837fa13ac8666eb9e74e0985d6f81","name":"Luzimara Fernandes","image":{"@type":"ImageObject","inLanguage":"pt-BR","@id":"https:\/\/jornalfatosenoticias.com.br\/#\/schema\/person\/image\/","url":"https:\/\/jornalfatosenoticias.com.br\/wp-content\/uploads\/2025\/05\/EU_portal.jpg","contentUrl":"https:\/\/jornalfatosenoticias.com.br\/wp-content\/uploads\/2025\/05\/EU_portal.jpg","caption":"Luzimara Fernandes"},"description":"Jornalista MTB 2358-ES","sameAs":["https:\/\/jornalfatosenoticias.com.br"],"url":"https:\/\/jornalfatosenoticias.com.br\/index.php\/author\/luzimara\/"}]}},"cc_featured_image_caption":{"caption_text":"(Foto: DNIT) ","source_text":"","source_url":""},"jetpack_featured_media_url":"https:\/\/jornalfatosenoticias.com.br\/wp-content\/uploads\/2024\/04\/contorno-mestre-alvaro.jpeg","_links":{"self":[{"href":"https:\/\/jornalfatosenoticias.com.br\/index.php\/wp-json\/wp\/v2\/posts\/50610","targetHints":{"allow":["GET"]}}],"collection":[{"href":"https:\/\/jornalfatosenoticias.com.br\/index.php\/wp-json\/wp\/v2\/posts"}],"about":[{"href":"https:\/\/jornalfatosenoticias.com.br\/index.php\/wp-json\/wp\/v2\/types\/post"}],"author":[{"embeddable":true,"href":"https:\/\/jornalfatosenoticias.com.br\/index.php\/wp-json\/wp\/v2\/users\/2"}],"replies":[{"embeddable":true,"href":"https:\/\/jornalfatosenoticias.com.br\/index.php\/wp-json\/wp\/v2\/comments?post=50610"}],"version-history":[{"count":0,"href":"https:\/\/jornalfatosenoticias.com.br\/index.php\/wp-json\/wp\/v2\/posts\/50610\/revisions"}],"wp:featuredmedia":[{"embeddable":true,"href":"https:\/\/jornalfatosenoticias.com.br\/index.php\/wp-json\/wp\/v2\/media\/50612"}],"wp:attachment":[{"href":"https:\/\/jornalfatosenoticias.com.br\/index.php\/wp-json\/wp\/v2\/media?parent=50610"}],"wp:term":[{"taxonomy":"category","embeddable":true,"href":"https:\/\/jornalfatosenoticias.com.br\/index.php\/wp-json\/wp\/v2\/categories?post=50610"},{"taxonomy":"post_tag","embeddable":true,"href":"https:\/\/jornalfatosenoticias.com.br\/index.php\/wp-json\/wp\/v2\/tags?post=50610"}],"curies":[{"name":"wp","href":"https:\/\/api.w.org\/{rel}","templated":true}]}}