{"id":50616,"date":"2024-04-16T08:49:22","date_gmt":"2024-04-16T11:49:22","guid":{"rendered":"https:\/\/jornalfatosenoticias.com.br\/?p=50616"},"modified":"2024-04-16T08:50:02","modified_gmt":"2024-04-16T11:50:02","slug":"cafe-brasileiro-custa-r-1-800-e-e-feito-a-partir-das-fezes-de-um-passaro","status":"publish","type":"post","link":"https:\/\/jornalfatosenoticias.com.br\/index.php\/2024\/04\/16\/cafe-brasileiro-custa-r-1-800-e-e-feito-a-partir-das-fezes-de-um-passaro\/","title":{"rendered":"Caf\u00e9 capixaba custa R$ 1.800 e \u00e9 feito a partir das fezes de um p\u00e1ssaro"},"content":{"rendered":"\n<p><em><span class=\"has-inline-color has-black-color\">Elabora\u00e7\u00e3o do caf\u00e9 Jacu acontece exclusivamente em uma fazenda localizada na Regi\u00e3o Serrana do Esp\u00edrito Santo; saiba mais<\/span><\/em><\/p>\n\n\n\n<p><span class=\"has-inline-color has-black-color\">Por <strong><a href=\"https:\/\/gizmodo.uol.com.br\/author\/gabriel-andrade\/\">Gabriel Andrade<\/a><\/strong><\/span><\/p>\n\n\n\n<div class=\"wp-block-image\"><figure class=\"aligncenter size-large\"><img loading=\"lazy\" decoding=\"async\" width=\"729\" height=\"90\" src=\"https:\/\/jornalfatosenoticias.com.br\/wp-content\/uploads\/2020\/02\/Logo_Mizu.png\" alt=\"\" class=\"wp-image-1441\" srcset=\"https:\/\/jornalfatosenoticias.com.br\/wp-content\/uploads\/2020\/02\/Logo_Mizu.png 729w, https:\/\/jornalfatosenoticias.com.br\/wp-content\/uploads\/2020\/02\/Logo_Mizu-300x37.png 300w\" sizes=\"auto, (max-width: 729px) 100vw, 729px\" \/><\/figure><\/div>\n\n\n\n<p>Voc\u00ea j\u00e1 ouviu falar do caf\u00e9 Jacu? \u00c9 um caf\u00e9 ex\u00f3tico brasileiro, colhido a partir das fezes da ave silvestre jacua\u00e7u, e custa mais de R$ 1.800 o quilo. O motivo do pre\u00e7o? \u00c9 considerado um dos melhores do mundo.<br>Como \u00e9 a produ\u00e7\u00e3o? Funciona da seguinte forma: a ave ingere os frutos do caf\u00e9 digerindo apenas a polpa e a casca, deixando intacto o gr\u00e3o (semente) do caf\u00e9.<br>Em seguida, o gr\u00e3o ser\u00e1 higienizado, torrado e posteriormente comercializado. O caf\u00e9 jacu \u00e9 valorizado pois a ave tem o h\u00e1bito de comer os melhores frutos do cafeeiro, aqueles sem defeitos e completamente maduros. O sistema digestivo do Jacu s\u00f3 processa a polpa e a <a href=\"https:\/\/gizmodo.uol.com.br\/cafe-mais-caro-mudancas-climaticas-ameacam-lavouras-no-brasil\/\">casca do fruto<\/a>, deixando o gr\u00e3o com melhores caracter\u00edsticas sensoriais atrav\u00e9s da fermenta\u00e7\u00e3o natural da digest\u00e3o.<\/p>\n\n\n\n<div class=\"wp-block-image\"><figure class=\"aligncenter size-large is-resized\"><img loading=\"lazy\" decoding=\"async\" src=\"https:\/\/jornalfatosenoticias.com.br\/wp-content\/uploads\/2024\/01\/consultoria-ambiental.jpg\" alt=\"\" class=\"wp-image-48314\" width=\"325\" height=\"294\" srcset=\"https:\/\/jornalfatosenoticias.com.br\/wp-content\/uploads\/2024\/01\/consultoria-ambiental.jpg 832w, https:\/\/jornalfatosenoticias.com.br\/wp-content\/uploads\/2024\/01\/consultoria-ambiental-300x272.jpg 300w, https:\/\/jornalfatosenoticias.com.br\/wp-content\/uploads\/2024\/01\/consultoria-ambiental-768x696.jpg 768w\" sizes=\"auto, (max-width: 325px) 100vw, 325px\" \/><\/figure><\/div>\n\n\n\n<p>A elabora\u00e7\u00e3o da bebida ex\u00f3tica acontece exclusivamente em uma fazenda localizada na Regi\u00e3o Serrana do Esp\u00edrito Santo. A Fazenda Camocim se inspirou no caf\u00e9 Kopi Lwak, produzido com gr\u00e3os extra\u00eddos das fezes da civeta. O diferencial, segundo os produtores da fazenda, \u00e9 que, diferentemente do caf\u00e9 asi\u00e1tico, o produzido nas montanhas capixabas se materializa por meio do ciclo da natureza, com o m\u00ednimo de interven\u00e7\u00e3o humana poss\u00edvel.<\/p>\n\n\n\n<div class=\"wp-block-image\"><figure class=\"aligncenter size-large is-resized\"><img loading=\"lazy\" decoding=\"async\" src=\"https:\/\/jornalfatosenoticias.com.br\/wp-content\/uploads\/2023\/08\/ITH.jpeg\" alt=\"\" class=\"wp-image-44638\" width=\"292\" height=\"237\" srcset=\"https:\/\/jornalfatosenoticias.com.br\/wp-content\/uploads\/2023\/08\/ITH.jpeg 800w, https:\/\/jornalfatosenoticias.com.br\/wp-content\/uploads\/2023\/08\/ITH-300x244.jpeg 300w, https:\/\/jornalfatosenoticias.com.br\/wp-content\/uploads\/2023\/08\/ITH-768x624.jpeg 768w\" sizes=\"auto, (max-width: 292px) 100vw, 292px\" \/><\/figure><\/div>\n\n\n\n<p>As aves vivem livremente e voam a regi\u00e3o como bem entendem. \u201cEu tive que dar pr\u00eamio no final do ano para quem colhesse mais. \u00c9 assim at\u00e9 hoje. Imagina falar para eles recolherem coc\u00f4\u2026 Eles acharam que o patr\u00e3o tinha enlouquecido\u201d, disse ao jornal A Gazeta Henrique Sloper, propriet\u00e1rio da fazenda.<br>Gra\u00e7as ao caf\u00e9 ex\u00f3tico, a fazenda se tornou reconhecida no mundo pela inova\u00e7\u00e3o e pelo sabor \u00fanico da bebida.<\/p>\n\n\n\n<div class=\"wp-block-image\"><figure class=\"aligncenter size-large\"><img decoding=\"async\" src=\"https:\/\/jornalfatosenoticias.com.br\/wp-content\/uploads\/2020\/02\/logo_esteio.jpg\" alt=\"\" class=\"wp-image-1214\"\/><\/figure><\/div>\n\n\n\n<h3 class=\"wp-block-heading\"><strong><span class=\"has-inline-color has-black-color\">Conhe\u00e7a a ave jacugua\u00e7u, do caf\u00e9 Jacu<\/span><\/strong><\/h3>\n\n\n\n<div class=\"wp-block-image\"><figure class=\"aligncenter size-large\"><img loading=\"lazy\" decoding=\"async\" width=\"1000\" height=\"666\" src=\"https:\/\/jornalfatosenoticias.com.br\/wp-content\/uploads\/2024\/04\/jacu.jpg\" alt=\"\" class=\"wp-image-50617\" srcset=\"https:\/\/jornalfatosenoticias.com.br\/wp-content\/uploads\/2024\/04\/jacu.jpg 1000w, https:\/\/jornalfatosenoticias.com.br\/wp-content\/uploads\/2024\/04\/jacu-300x200.jpg 300w, https:\/\/jornalfatosenoticias.com.br\/wp-content\/uploads\/2024\/04\/jacu-768x511.jpg 768w\" sizes=\"auto, (max-width: 1000px) 100vw, 1000px\" \/><figcaption><em><span class=\"has-inline-color has-black-color\">Produtores de caf\u00e9 jacu coletam as fezes e separam manualmente os gr\u00e3os (Foto: WikiAves\/Reprodu\u00e7\u00e3o)<\/span><\/em><\/figcaption><\/figure><\/div>\n\n\n\n<p>A jacugua\u00e7u \u00e9 uma ave <em>galliforme<\/em> da fam\u00edlia <em>Cracidae<\/em>. Tamb\u00e9m \u00e9 conhecido como jacu-velho (Rio Grande do Sul), jacua\u00e7u, jacu e jacupixuna. O jacugua\u00e7u \u00e9 presente desde a regi\u00e3o amaz\u00f4nica (entenda-se do Sul do Amazonas, indo do Maranh\u00e3o para o Oeste at\u00e9 o Madeira) at\u00e9 o Rio Grande do Sul. Embora seja mais comum sudeste, desde o estado do Rio de Janeiro at\u00e9 Santa Catarina e tamb\u00e9m ao leste de Minas Gerais.<\/p>\n\n\n\n<div class=\"wp-block-image\"><figure class=\"aligncenter size-large is-resized\"><img loading=\"lazy\" decoding=\"async\" src=\"https:\/\/jornalfatosenoticias.com.br\/wp-content\/uploads\/2020\/02\/nova-logo-Marquetti.jpg\" alt=\"\" class=\"wp-image-22331\" width=\"288\" height=\"193\" srcset=\"https:\/\/jornalfatosenoticias.com.br\/wp-content\/uploads\/2020\/02\/nova-logo-Marquetti.jpg 643w, https:\/\/jornalfatosenoticias.com.br\/wp-content\/uploads\/2020\/02\/nova-logo-Marquetti-300x202.jpg 300w\" sizes=\"auto, (max-width: 288px) 100vw, 288px\" \/><\/figure><\/div>\n\n\n\n<p>Al\u00e9m disso, segundo a <a href=\"https:\/\/www.ultimosrefugios.org.br\/single-post\/2017\/07\/27\/fauna-amea%C3%A7ada-de-extin%C3%A7%C3%A3o\">Uni\u00e3o Internacional para a Conserva\u00e7\u00e3o da Natureza<\/a>, apesar do desmatamento e a ca\u00e7a estar afetando a vida dessa ave, o seu estado de conserva\u00e7\u00e3o ainda \u00e9 \u201cpouco preocupante\u201d.<\/p>\n\n\n\n<div class=\"wp-block-image\"><figure class=\"aligncenter size-large is-resized\"><img loading=\"lazy\" decoding=\"async\" src=\"https:\/\/jornalfatosenoticias.com.br\/wp-content\/uploads\/2022\/02\/Precisao-Contabilidade-1024x724.jpg\" alt=\"\" class=\"wp-image-28088\" width=\"300\" height=\"212\"\/><\/figure><\/div>\n\n\n\n<p><strong><em>Fonte: <a href=\"https:\/\/gizmodo.uol.com.br\/cafe-jacu-brasileiro-custa-r-1-800-e-e-feito-a-partir-das-fezes-de-um-passaro\/\">Giz Brasil<\/a><\/em><\/strong><\/p>\n","protected":false},"excerpt":{"rendered":"<p>Elabora\u00e7\u00e3o do caf\u00e9 Jacu acontece exclusivamente em uma fazenda localizada na Regi\u00e3o Serrana do Esp\u00edrito Santo; saiba mais Por Gabriel Andrade Voc\u00ea j\u00e1 ouviu falar do caf\u00e9 Jacu? \u00c9 um caf\u00e9 ex\u00f3tico brasileiro, colhido a partir das fezes da ave silvestre jacua\u00e7u, e custa mais de R$ 1.800 o quilo. O motivo do pre\u00e7o? \u00c9 [&hellip;]<\/p>\n","protected":false},"author":2,"featured_media":50618,"comment_status":"open","ping_status":"open","sticky":false,"template":"","format":"standard","meta":{"footnotes":""},"categories":[5],"tags":[4850,2319,23287,100,23286,4067],"class_list":["post-50616","post","type-post","status-publish","format-standard","has-post-thumbnail","hentry","category-geral","tag-ave","tag-cafe","tag-cafe-jacu","tag-espirito-santo","tag-jacu","tag-passaro"],"yoast_head":"<!-- This site is optimized with the Yoast SEO plugin v26.5 - https:\/\/yoast.com\/wordpress\/plugins\/seo\/ -->\n<title>Caf\u00e9 capixaba custa R$ 1.800 e \u00e9 feito a partir das fezes de um p\u00e1ssaro - Jornal Fatos e Not\u00edcias<\/title>\n<meta name=\"robots\" content=\"index, follow, max-snippet:-1, max-image-preview:large, max-video-preview:-1\" \/>\n<link rel=\"canonical\" href=\"https:\/\/jornalfatosenoticias.com.br\/index.php\/2024\/04\/16\/cafe-brasileiro-custa-r-1-800-e-e-feito-a-partir-das-fezes-de-um-passaro\/\" \/>\n<meta property=\"og:locale\" content=\"pt_BR\" \/>\n<meta property=\"og:type\" content=\"article\" \/>\n<meta property=\"og:title\" content=\"Caf\u00e9 capixaba custa R$ 1.800 e \u00e9 feito a partir das fezes de um p\u00e1ssaro - Jornal Fatos e Not\u00edcias\" \/>\n<meta property=\"og:description\" content=\"Elabora\u00e7\u00e3o do caf\u00e9 Jacu acontece exclusivamente em uma fazenda localizada na Regi\u00e3o Serrana do Esp\u00edrito Santo; saiba mais Por Gabriel Andrade Voc\u00ea j\u00e1 ouviu falar do caf\u00e9 Jacu? \u00c9 um caf\u00e9 ex\u00f3tico brasileiro, colhido a partir das fezes da ave silvestre jacua\u00e7u, e custa mais de R$ 1.800 o quilo. O motivo do pre\u00e7o? \u00c9 [&hellip;]\" \/>\n<meta property=\"og:url\" content=\"https:\/\/jornalfatosenoticias.com.br\/index.php\/2024\/04\/16\/cafe-brasileiro-custa-r-1-800-e-e-feito-a-partir-das-fezes-de-um-passaro\/\" \/>\n<meta property=\"og:site_name\" content=\"Jornal Fatos e Not\u00edcias\" \/>\n<meta property=\"article:published_time\" content=\"2024-04-16T11:49:22+00:00\" \/>\n<meta property=\"article:modified_time\" content=\"2024-04-16T11:50:02+00:00\" \/>\n<meta property=\"og:image\" content=\"https:\/\/jornalfatosenoticias.com.br\/wp-content\/uploads\/2024\/04\/cafe-de-jacu.jpg\" \/>\n\t<meta property=\"og:image:width\" content=\"1000\" \/>\n\t<meta property=\"og:image:height\" content=\"666\" \/>\n\t<meta property=\"og:image:type\" content=\"image\/jpeg\" \/>\n<meta name=\"author\" content=\"Luzimara Fernandes\" \/>\n<meta name=\"twitter:card\" content=\"summary_large_image\" \/>\n<meta name=\"twitter:label1\" content=\"Escrito por\" \/>\n\t<meta name=\"twitter:data1\" content=\"Luzimara Fernandes\" \/>\n\t<meta name=\"twitter:label2\" content=\"Est. tempo de leitura\" \/>\n\t<meta name=\"twitter:data2\" content=\"2 minutos\" \/>\n<script type=\"application\/ld+json\" class=\"yoast-schema-graph\">{\"@context\":\"https:\/\/schema.org\",\"@graph\":[{\"@type\":\"Article\",\"@id\":\"https:\/\/jornalfatosenoticias.com.br\/index.php\/2024\/04\/16\/cafe-brasileiro-custa-r-1-800-e-e-feito-a-partir-das-fezes-de-um-passaro\/#article\",\"isPartOf\":{\"@id\":\"https:\/\/jornalfatosenoticias.com.br\/index.php\/2024\/04\/16\/cafe-brasileiro-custa-r-1-800-e-e-feito-a-partir-das-fezes-de-um-passaro\/\"},\"author\":{\"name\":\"Luzimara Fernandes\",\"@id\":\"https:\/\/jornalfatosenoticias.com.br\/#\/schema\/person\/d63837fa13ac8666eb9e74e0985d6f81\"},\"headline\":\"Caf\u00e9 capixaba custa R$ 1.800 e \u00e9 feito a partir das fezes de um p\u00e1ssaro\",\"datePublished\":\"2024-04-16T11:49:22+00:00\",\"dateModified\":\"2024-04-16T11:50:02+00:00\",\"mainEntityOfPage\":{\"@id\":\"https:\/\/jornalfatosenoticias.com.br\/index.php\/2024\/04\/16\/cafe-brasileiro-custa-r-1-800-e-e-feito-a-partir-das-fezes-de-um-passaro\/\"},\"wordCount\":470,\"commentCount\":0,\"publisher\":{\"@id\":\"https:\/\/jornalfatosenoticias.com.br\/#organization\"},\"image\":{\"@id\":\"https:\/\/jornalfatosenoticias.com.br\/index.php\/2024\/04\/16\/cafe-brasileiro-custa-r-1-800-e-e-feito-a-partir-das-fezes-de-um-passaro\/#primaryimage\"},\"thumbnailUrl\":\"https:\/\/jornalfatosenoticias.com.br\/wp-content\/uploads\/2024\/04\/cafe-de-jacu.jpg\",\"keywords\":[\"ave\",\"caf\u00e9\",\"caf\u00e9 Jacu\",\"Esp\u00edrito Santo\",\"jacu\",\"p\u00e1ssaro\"],\"articleSection\":[\"Geral\"],\"inLanguage\":\"pt-BR\",\"potentialAction\":[{\"@type\":\"CommentAction\",\"name\":\"Comment\",\"target\":[\"https:\/\/jornalfatosenoticias.com.br\/index.php\/2024\/04\/16\/cafe-brasileiro-custa-r-1-800-e-e-feito-a-partir-das-fezes-de-um-passaro\/#respond\"]}]},{\"@type\":\"WebPage\",\"@id\":\"https:\/\/jornalfatosenoticias.com.br\/index.php\/2024\/04\/16\/cafe-brasileiro-custa-r-1-800-e-e-feito-a-partir-das-fezes-de-um-passaro\/\",\"url\":\"https:\/\/jornalfatosenoticias.com.br\/index.php\/2024\/04\/16\/cafe-brasileiro-custa-r-1-800-e-e-feito-a-partir-das-fezes-de-um-passaro\/\",\"name\":\"Caf\u00e9 capixaba custa R$ 1.800 e \u00e9 feito a partir das fezes de um p\u00e1ssaro - Jornal Fatos e Not\u00edcias\",\"isPartOf\":{\"@id\":\"https:\/\/jornalfatosenoticias.com.br\/#website\"},\"primaryImageOfPage\":{\"@id\":\"https:\/\/jornalfatosenoticias.com.br\/index.php\/2024\/04\/16\/cafe-brasileiro-custa-r-1-800-e-e-feito-a-partir-das-fezes-de-um-passaro\/#primaryimage\"},\"image\":{\"@id\":\"https:\/\/jornalfatosenoticias.com.br\/index.php\/2024\/04\/16\/cafe-brasileiro-custa-r-1-800-e-e-feito-a-partir-das-fezes-de-um-passaro\/#primaryimage\"},\"thumbnailUrl\":\"https:\/\/jornalfatosenoticias.com.br\/wp-content\/uploads\/2024\/04\/cafe-de-jacu.jpg\",\"datePublished\":\"2024-04-16T11:49:22+00:00\",\"dateModified\":\"2024-04-16T11:50:02+00:00\",\"breadcrumb\":{\"@id\":\"https:\/\/jornalfatosenoticias.com.br\/index.php\/2024\/04\/16\/cafe-brasileiro-custa-r-1-800-e-e-feito-a-partir-das-fezes-de-um-passaro\/#breadcrumb\"},\"inLanguage\":\"pt-BR\",\"potentialAction\":[{\"@type\":\"ReadAction\",\"target\":[\"https:\/\/jornalfatosenoticias.com.br\/index.php\/2024\/04\/16\/cafe-brasileiro-custa-r-1-800-e-e-feito-a-partir-das-fezes-de-um-passaro\/\"]}]},{\"@type\":\"ImageObject\",\"inLanguage\":\"pt-BR\",\"@id\":\"https:\/\/jornalfatosenoticias.com.br\/index.php\/2024\/04\/16\/cafe-brasileiro-custa-r-1-800-e-e-feito-a-partir-das-fezes-de-um-passaro\/#primaryimage\",\"url\":\"https:\/\/jornalfatosenoticias.com.br\/wp-content\/uploads\/2024\/04\/cafe-de-jacu.jpg\",\"contentUrl\":\"https:\/\/jornalfatosenoticias.com.br\/wp-content\/uploads\/2024\/04\/cafe-de-jacu.jpg\",\"width\":1000,\"height\":666},{\"@type\":\"BreadcrumbList\",\"@id\":\"https:\/\/jornalfatosenoticias.com.br\/index.php\/2024\/04\/16\/cafe-brasileiro-custa-r-1-800-e-e-feito-a-partir-das-fezes-de-um-passaro\/#breadcrumb\",\"itemListElement\":[{\"@type\":\"ListItem\",\"position\":1,\"name\":\"In\u00edcio\",\"item\":\"https:\/\/jornalfatosenoticias.com.br\/\"},{\"@type\":\"ListItem\",\"position\":2,\"name\":\"Caf\u00e9 capixaba custa R$ 1.800 e \u00e9 feito a partir das fezes de um p\u00e1ssaro\"}]},{\"@type\":\"WebSite\",\"@id\":\"https:\/\/jornalfatosenoticias.com.br\/#website\",\"url\":\"https:\/\/jornalfatosenoticias.com.br\/\",\"name\":\"Jornal Fatos e Not\u00edcias\",\"description\":\"Not\u00edcias em geral\",\"publisher\":{\"@id\":\"https:\/\/jornalfatosenoticias.com.br\/#organization\"},\"potentialAction\":[{\"@type\":\"SearchAction\",\"target\":{\"@type\":\"EntryPoint\",\"urlTemplate\":\"https:\/\/jornalfatosenoticias.com.br\/?s={search_term_string}\"},\"query-input\":{\"@type\":\"PropertyValueSpecification\",\"valueRequired\":true,\"valueName\":\"search_term_string\"}}],\"inLanguage\":\"pt-BR\"},{\"@type\":\"Organization\",\"@id\":\"https:\/\/jornalfatosenoticias.com.br\/#organization\",\"name\":\"Jornal Fatos e Not\u00edcias\",\"url\":\"https:\/\/jornalfatosenoticias.com.br\/\",\"logo\":{\"@type\":\"ImageObject\",\"inLanguage\":\"pt-BR\",\"@id\":\"https:\/\/jornalfatosenoticias.com.br\/#\/schema\/logo\/image\/\",\"url\":\"https:\/\/jornalfatosenoticias.com.br\/wp-content\/uploads\/2020\/02\/logo120.png\",\"contentUrl\":\"https:\/\/jornalfatosenoticias.com.br\/wp-content\/uploads\/2020\/02\/logo120.png\",\"width\":1227,\"height\":120,\"caption\":\"Jornal Fatos e Not\u00edcias\"},\"image\":{\"@id\":\"https:\/\/jornalfatosenoticias.com.br\/#\/schema\/logo\/image\/\"}},{\"@type\":\"Person\",\"@id\":\"https:\/\/jornalfatosenoticias.com.br\/#\/schema\/person\/d63837fa13ac8666eb9e74e0985d6f81\",\"name\":\"Luzimara Fernandes\",\"image\":{\"@type\":\"ImageObject\",\"inLanguage\":\"pt-BR\",\"@id\":\"https:\/\/jornalfatosenoticias.com.br\/#\/schema\/person\/image\/\",\"url\":\"https:\/\/jornalfatosenoticias.com.br\/wp-content\/uploads\/2025\/05\/EU_portal.jpg\",\"contentUrl\":\"https:\/\/jornalfatosenoticias.com.br\/wp-content\/uploads\/2025\/05\/EU_portal.jpg\",\"caption\":\"Luzimara Fernandes\"},\"description\":\"Jornalista MTB 2358-ES\",\"sameAs\":[\"https:\/\/jornalfatosenoticias.com.br\"],\"url\":\"https:\/\/jornalfatosenoticias.com.br\/index.php\/author\/luzimara\/\"}]}<\/script>\n<!-- \/ Yoast SEO plugin. -->","yoast_head_json":{"title":"Caf\u00e9 capixaba custa R$ 1.800 e \u00e9 feito a partir das fezes de um p\u00e1ssaro - Jornal Fatos e Not\u00edcias","robots":{"index":"index","follow":"follow","max-snippet":"max-snippet:-1","max-image-preview":"max-image-preview:large","max-video-preview":"max-video-preview:-1"},"canonical":"https:\/\/jornalfatosenoticias.com.br\/index.php\/2024\/04\/16\/cafe-brasileiro-custa-r-1-800-e-e-feito-a-partir-das-fezes-de-um-passaro\/","og_locale":"pt_BR","og_type":"article","og_title":"Caf\u00e9 capixaba custa R$ 1.800 e \u00e9 feito a partir das fezes de um p\u00e1ssaro - Jornal Fatos e Not\u00edcias","og_description":"Elabora\u00e7\u00e3o do caf\u00e9 Jacu acontece exclusivamente em uma fazenda localizada na Regi\u00e3o Serrana do Esp\u00edrito Santo; saiba mais Por Gabriel Andrade Voc\u00ea j\u00e1 ouviu falar do caf\u00e9 Jacu? \u00c9 um caf\u00e9 ex\u00f3tico brasileiro, colhido a partir das fezes da ave silvestre jacua\u00e7u, e custa mais de R$ 1.800 o quilo. O motivo do pre\u00e7o? \u00c9 [&hellip;]","og_url":"https:\/\/jornalfatosenoticias.com.br\/index.php\/2024\/04\/16\/cafe-brasileiro-custa-r-1-800-e-e-feito-a-partir-das-fezes-de-um-passaro\/","og_site_name":"Jornal Fatos e Not\u00edcias","article_published_time":"2024-04-16T11:49:22+00:00","article_modified_time":"2024-04-16T11:50:02+00:00","og_image":[{"width":1000,"height":666,"url":"https:\/\/jornalfatosenoticias.com.br\/wp-content\/uploads\/2024\/04\/cafe-de-jacu.jpg","type":"image\/jpeg"}],"author":"Luzimara Fernandes","twitter_card":"summary_large_image","twitter_misc":{"Escrito por":"Luzimara Fernandes","Est. tempo de leitura":"2 minutos"},"schema":{"@context":"https:\/\/schema.org","@graph":[{"@type":"Article","@id":"https:\/\/jornalfatosenoticias.com.br\/index.php\/2024\/04\/16\/cafe-brasileiro-custa-r-1-800-e-e-feito-a-partir-das-fezes-de-um-passaro\/#article","isPartOf":{"@id":"https:\/\/jornalfatosenoticias.com.br\/index.php\/2024\/04\/16\/cafe-brasileiro-custa-r-1-800-e-e-feito-a-partir-das-fezes-de-um-passaro\/"},"author":{"name":"Luzimara Fernandes","@id":"https:\/\/jornalfatosenoticias.com.br\/#\/schema\/person\/d63837fa13ac8666eb9e74e0985d6f81"},"headline":"Caf\u00e9 capixaba custa R$ 1.800 e \u00e9 feito a partir das fezes de um p\u00e1ssaro","datePublished":"2024-04-16T11:49:22+00:00","dateModified":"2024-04-16T11:50:02+00:00","mainEntityOfPage":{"@id":"https:\/\/jornalfatosenoticias.com.br\/index.php\/2024\/04\/16\/cafe-brasileiro-custa-r-1-800-e-e-feito-a-partir-das-fezes-de-um-passaro\/"},"wordCount":470,"commentCount":0,"publisher":{"@id":"https:\/\/jornalfatosenoticias.com.br\/#organization"},"image":{"@id":"https:\/\/jornalfatosenoticias.com.br\/index.php\/2024\/04\/16\/cafe-brasileiro-custa-r-1-800-e-e-feito-a-partir-das-fezes-de-um-passaro\/#primaryimage"},"thumbnailUrl":"https:\/\/jornalfatosenoticias.com.br\/wp-content\/uploads\/2024\/04\/cafe-de-jacu.jpg","keywords":["ave","caf\u00e9","caf\u00e9 Jacu","Esp\u00edrito Santo","jacu","p\u00e1ssaro"],"articleSection":["Geral"],"inLanguage":"pt-BR","potentialAction":[{"@type":"CommentAction","name":"Comment","target":["https:\/\/jornalfatosenoticias.com.br\/index.php\/2024\/04\/16\/cafe-brasileiro-custa-r-1-800-e-e-feito-a-partir-das-fezes-de-um-passaro\/#respond"]}]},{"@type":"WebPage","@id":"https:\/\/jornalfatosenoticias.com.br\/index.php\/2024\/04\/16\/cafe-brasileiro-custa-r-1-800-e-e-feito-a-partir-das-fezes-de-um-passaro\/","url":"https:\/\/jornalfatosenoticias.com.br\/index.php\/2024\/04\/16\/cafe-brasileiro-custa-r-1-800-e-e-feito-a-partir-das-fezes-de-um-passaro\/","name":"Caf\u00e9 capixaba custa R$ 1.800 e \u00e9 feito a partir das fezes de um p\u00e1ssaro - Jornal Fatos e Not\u00edcias","isPartOf":{"@id":"https:\/\/jornalfatosenoticias.com.br\/#website"},"primaryImageOfPage":{"@id":"https:\/\/jornalfatosenoticias.com.br\/index.php\/2024\/04\/16\/cafe-brasileiro-custa-r-1-800-e-e-feito-a-partir-das-fezes-de-um-passaro\/#primaryimage"},"image":{"@id":"https:\/\/jornalfatosenoticias.com.br\/index.php\/2024\/04\/16\/cafe-brasileiro-custa-r-1-800-e-e-feito-a-partir-das-fezes-de-um-passaro\/#primaryimage"},"thumbnailUrl":"https:\/\/jornalfatosenoticias.com.br\/wp-content\/uploads\/2024\/04\/cafe-de-jacu.jpg","datePublished":"2024-04-16T11:49:22+00:00","dateModified":"2024-04-16T11:50:02+00:00","breadcrumb":{"@id":"https:\/\/jornalfatosenoticias.com.br\/index.php\/2024\/04\/16\/cafe-brasileiro-custa-r-1-800-e-e-feito-a-partir-das-fezes-de-um-passaro\/#breadcrumb"},"inLanguage":"pt-BR","potentialAction":[{"@type":"ReadAction","target":["https:\/\/jornalfatosenoticias.com.br\/index.php\/2024\/04\/16\/cafe-brasileiro-custa-r-1-800-e-e-feito-a-partir-das-fezes-de-um-passaro\/"]}]},{"@type":"ImageObject","inLanguage":"pt-BR","@id":"https:\/\/jornalfatosenoticias.com.br\/index.php\/2024\/04\/16\/cafe-brasileiro-custa-r-1-800-e-e-feito-a-partir-das-fezes-de-um-passaro\/#primaryimage","url":"https:\/\/jornalfatosenoticias.com.br\/wp-content\/uploads\/2024\/04\/cafe-de-jacu.jpg","contentUrl":"https:\/\/jornalfatosenoticias.com.br\/wp-content\/uploads\/2024\/04\/cafe-de-jacu.jpg","width":1000,"height":666},{"@type":"BreadcrumbList","@id":"https:\/\/jornalfatosenoticias.com.br\/index.php\/2024\/04\/16\/cafe-brasileiro-custa-r-1-800-e-e-feito-a-partir-das-fezes-de-um-passaro\/#breadcrumb","itemListElement":[{"@type":"ListItem","position":1,"name":"In\u00edcio","item":"https:\/\/jornalfatosenoticias.com.br\/"},{"@type":"ListItem","position":2,"name":"Caf\u00e9 capixaba custa R$ 1.800 e \u00e9 feito a partir das fezes de um p\u00e1ssaro"}]},{"@type":"WebSite","@id":"https:\/\/jornalfatosenoticias.com.br\/#website","url":"https:\/\/jornalfatosenoticias.com.br\/","name":"Jornal Fatos e Not\u00edcias","description":"Not\u00edcias em geral","publisher":{"@id":"https:\/\/jornalfatosenoticias.com.br\/#organization"},"potentialAction":[{"@type":"SearchAction","target":{"@type":"EntryPoint","urlTemplate":"https:\/\/jornalfatosenoticias.com.br\/?s={search_term_string}"},"query-input":{"@type":"PropertyValueSpecification","valueRequired":true,"valueName":"search_term_string"}}],"inLanguage":"pt-BR"},{"@type":"Organization","@id":"https:\/\/jornalfatosenoticias.com.br\/#organization","name":"Jornal Fatos e Not\u00edcias","url":"https:\/\/jornalfatosenoticias.com.br\/","logo":{"@type":"ImageObject","inLanguage":"pt-BR","@id":"https:\/\/jornalfatosenoticias.com.br\/#\/schema\/logo\/image\/","url":"https:\/\/jornalfatosenoticias.com.br\/wp-content\/uploads\/2020\/02\/logo120.png","contentUrl":"https:\/\/jornalfatosenoticias.com.br\/wp-content\/uploads\/2020\/02\/logo120.png","width":1227,"height":120,"caption":"Jornal Fatos e Not\u00edcias"},"image":{"@id":"https:\/\/jornalfatosenoticias.com.br\/#\/schema\/logo\/image\/"}},{"@type":"Person","@id":"https:\/\/jornalfatosenoticias.com.br\/#\/schema\/person\/d63837fa13ac8666eb9e74e0985d6f81","name":"Luzimara Fernandes","image":{"@type":"ImageObject","inLanguage":"pt-BR","@id":"https:\/\/jornalfatosenoticias.com.br\/#\/schema\/person\/image\/","url":"https:\/\/jornalfatosenoticias.com.br\/wp-content\/uploads\/2025\/05\/EU_portal.jpg","contentUrl":"https:\/\/jornalfatosenoticias.com.br\/wp-content\/uploads\/2025\/05\/EU_portal.jpg","caption":"Luzimara Fernandes"},"description":"Jornalista MTB 2358-ES","sameAs":["https:\/\/jornalfatosenoticias.com.br"],"url":"https:\/\/jornalfatosenoticias.com.br\/index.php\/author\/luzimara\/"}]}},"cc_featured_image_caption":{"caption_text":"(Foto: Fazenda Camocim\/Reprodu\u00e7\u00e3o)","source_text":"","source_url":""},"jetpack_featured_media_url":"https:\/\/jornalfatosenoticias.com.br\/wp-content\/uploads\/2024\/04\/cafe-de-jacu.jpg","_links":{"self":[{"href":"https:\/\/jornalfatosenoticias.com.br\/index.php\/wp-json\/wp\/v2\/posts\/50616","targetHints":{"allow":["GET"]}}],"collection":[{"href":"https:\/\/jornalfatosenoticias.com.br\/index.php\/wp-json\/wp\/v2\/posts"}],"about":[{"href":"https:\/\/jornalfatosenoticias.com.br\/index.php\/wp-json\/wp\/v2\/types\/post"}],"author":[{"embeddable":true,"href":"https:\/\/jornalfatosenoticias.com.br\/index.php\/wp-json\/wp\/v2\/users\/2"}],"replies":[{"embeddable":true,"href":"https:\/\/jornalfatosenoticias.com.br\/index.php\/wp-json\/wp\/v2\/comments?post=50616"}],"version-history":[{"count":0,"href":"https:\/\/jornalfatosenoticias.com.br\/index.php\/wp-json\/wp\/v2\/posts\/50616\/revisions"}],"wp:featuredmedia":[{"embeddable":true,"href":"https:\/\/jornalfatosenoticias.com.br\/index.php\/wp-json\/wp\/v2\/media\/50618"}],"wp:attachment":[{"href":"https:\/\/jornalfatosenoticias.com.br\/index.php\/wp-json\/wp\/v2\/media?parent=50616"}],"wp:term":[{"taxonomy":"category","embeddable":true,"href":"https:\/\/jornalfatosenoticias.com.br\/index.php\/wp-json\/wp\/v2\/categories?post=50616"},{"taxonomy":"post_tag","embeddable":true,"href":"https:\/\/jornalfatosenoticias.com.br\/index.php\/wp-json\/wp\/v2\/tags?post=50616"}],"curies":[{"name":"wp","href":"https:\/\/api.w.org\/{rel}","templated":true}]}}