{"id":50634,"date":"2024-04-16T09:35:26","date_gmt":"2024-04-16T12:35:26","guid":{"rendered":"https:\/\/jornalfatosenoticias.com.br\/?p=50634"},"modified":"2024-04-16T09:35:27","modified_gmt":"2024-04-16T12:35:27","slug":"quase-quatro-mil-obras-de-educacao-basica-estao-paradas-no-governo-lula","status":"publish","type":"post","link":"https:\/\/jornalfatosenoticias.com.br\/index.php\/2024\/04\/16\/quase-quatro-mil-obras-de-educacao-basica-estao-paradas-no-governo-lula\/","title":{"rendered":"Quase quatro mil obras de educa\u00e7\u00e3o b\u00e1sica est\u00e3o paradas no governo Lula"},"content":{"rendered":"\n<p><em><span class=\"has-inline-color has-black-color\">Cerca de 80% dos empreendimentos est\u00e3o localizados no Norte e no Nordeste<\/span><\/em><\/p>\n\n\n\n<p><span class=\"has-inline-color has-black-color\">Por <strong><a href=\"https:\/\/www.gazetadopovo.com.br\/autor\/marlice-pinto-vilela\/\">Marlice Pinto Vilela<\/a><\/strong><\/span><\/p>\n\n\n\n<div class=\"wp-block-image\"><figure class=\"aligncenter size-large is-resized\"><img loading=\"lazy\" decoding=\"async\" src=\"https:\/\/jornalfatosenoticias.com.br\/wp-content\/uploads\/2020\/02\/logo-Rapuzel-1024x571.jpg\" alt=\"\" class=\"wp-image-42808\" width=\"368\" height=\"205\" srcset=\"https:\/\/jornalfatosenoticias.com.br\/wp-content\/uploads\/2020\/02\/logo-Rapuzel-1024x571.jpg 1024w, https:\/\/jornalfatosenoticias.com.br\/wp-content\/uploads\/2020\/02\/logo-Rapuzel-300x167.jpg 300w, https:\/\/jornalfatosenoticias.com.br\/wp-content\/uploads\/2020\/02\/logo-Rapuzel-768x428.jpg 768w, https:\/\/jornalfatosenoticias.com.br\/wp-content\/uploads\/2020\/02\/logo-Rapuzel-1536x856.jpg 1536w, https:\/\/jornalfatosenoticias.com.br\/wp-content\/uploads\/2020\/02\/logo-Rapuzel.jpg 1600w\" sizes=\"auto, (max-width: 368px) 100vw, 368px\" \/><\/figure><\/div>\n\n\n\n<p>O governo de Luiz In\u00e1cio Lula da Silva (PT) n\u00e3o retomou nenhuma das quase quatro mil obras paradas na \u00e1rea de educa\u00e7\u00e3o b\u00e1sica, apesar das promessas feitas desde o in\u00edcio do mandato. N\u00e3o houve avan\u00e7o na constru\u00e7\u00e3o de escolas, creches, quadras poliesportivas e reformas de amplia\u00e7\u00f5es em 1.664 munic\u00edpios. Os dados foram levantados pelo jornal <em>Folha de S. Paulo.<\/em><br>Cerca de 80% dos empreendimentos est\u00e3o localizados no Norte e no Nordeste. S\u00f3 os estados do Maranh\u00e3o, Par\u00e1, Bahia e Cear\u00e1 aguardam a retomada de 50% das constru\u00e7\u00f5es, mas, at\u00e9 o momento, nenhum termo de compromisso com as prefeituras \u2014 um dos primeiros passos \u2014 sequer foi assinado. Outro ponto \u00e9 que 90% dos empreendimentos inacabados come\u00e7aram a ser constru\u00eddos h\u00e1 pelo menos dez anos, entre 2007 e 2014, ou seja, nos governos de Lula e Dilma Rousseff (PT). Apenas 5% come\u00e7aram ap\u00f3s 2019, j\u00e1 na gest\u00e3o de Jair Bolsonaro (PL).<\/p>\n\n\n\n<div class=\"wp-block-image\"><figure class=\"aligncenter size-large\"><img loading=\"lazy\" decoding=\"async\" width=\"300\" height=\"250\" src=\"https:\/\/jornalfatosenoticias.com.br\/wp-content\/uploads\/2020\/02\/Banner-2.png\" alt=\"\" class=\"wp-image-43787\"\/><\/figure><\/div>\n\n\n\n<p>Mesmo ap\u00f3s 10 meses da publica\u00e7\u00e3o de uma medida provis\u00f3ria que facilitaria a repactua\u00e7\u00e3o das obras, n\u00e3o houve avan\u00e7os significativos. Ainda segundo a Folha, a lentid\u00e3o do MEC e do Fundo Nacional de Desenvolvimento da Educa\u00e7\u00e3o (FNDE) tem provocado press\u00e3o contra o ministro Camilo Santana, respons\u00e1vel pela pasta.<\/p>\n\n\n\n<div class=\"wp-block-image\"><figure class=\"aligncenter size-large is-resized\"><img loading=\"lazy\" decoding=\"async\" src=\"https:\/\/jornalfatosenoticias.com.br\/wp-content\/uploads\/2023\/03\/nova-logo-Marquetti.jpg\" alt=\"\" class=\"wp-image-40207\" width=\"335\" height=\"225\" srcset=\"https:\/\/jornalfatosenoticias.com.br\/wp-content\/uploads\/2023\/03\/nova-logo-Marquetti.jpg 643w, https:\/\/jornalfatosenoticias.com.br\/wp-content\/uploads\/2023\/03\/nova-logo-Marquetti-300x202.jpg 300w\" sizes=\"auto, (max-width: 335px) 100vw, 335px\" \/><\/figure><\/div>\n\n\n\n<p>As dificuldades com or\u00e7amento do MEC n\u00e3o s\u00e3o novidades. Em novembro de 2023, a pasta n\u00e3o tinha executado um centavo dos R$ 801 milh\u00f5es previstos para as a\u00e7\u00f5es de alfabetiza\u00e7\u00e3o. Como a <strong><em>Gazeta do Povo<\/em><\/strong> mostrou, h\u00e1 13 dias para o fim do ano, o minist\u00e9rio precisava executar 42% das emendas destinadas por parlamentares. Em rela\u00e7\u00e3o \u00e0s obras paradas, o FNDE afirmou que a retomada depende dos entes federativos. A burocracia, especialmente no levantamento e adequa\u00e7\u00e3o da documenta\u00e7\u00e3o necess\u00e1ria, dificulta o processo.<\/p>\n\n\n\n<div class=\"wp-block-image\"><figure class=\"aligncenter size-large is-resized\"><img loading=\"lazy\" decoding=\"async\" src=\"https:\/\/jornalfatosenoticias.com.br\/wp-content\/uploads\/2024\/01\/consultoria-ambiental.jpg\" alt=\"\" class=\"wp-image-48314\" width=\"315\" height=\"285\" srcset=\"https:\/\/jornalfatosenoticias.com.br\/wp-content\/uploads\/2024\/01\/consultoria-ambiental.jpg 832w, https:\/\/jornalfatosenoticias.com.br\/wp-content\/uploads\/2024\/01\/consultoria-ambiental-300x272.jpg 300w, https:\/\/jornalfatosenoticias.com.br\/wp-content\/uploads\/2024\/01\/consultoria-ambiental-768x696.jpg 768w\" sizes=\"auto, (max-width: 315px) 100vw, 315px\" \/><\/figure><\/div>\n\n\n\n<p><strong><em>Fonte: <a href=\"https:\/\/www.gazetadopovo.com.br\/vida-e-cidadania\/quase-4-mil-obras-de-educacao-basica-estao-paradas-no-governo-lula\/\">Gazeta do Povo<\/a><\/em><\/strong><\/p>\n","protected":false},"excerpt":{"rendered":"<p>Cerca de 80% dos empreendimentos est\u00e3o localizados no Norte e no Nordeste Por Marlice Pinto Vilela O governo de Luiz In\u00e1cio Lula da Silva (PT) n\u00e3o retomou nenhuma das quase quatro mil obras paradas na \u00e1rea de educa\u00e7\u00e3o b\u00e1sica, apesar das promessas feitas desde o in\u00edcio do mandato. N\u00e3o houve avan\u00e7o na constru\u00e7\u00e3o de escolas, [&hellip;]<\/p>\n","protected":false},"author":2,"featured_media":50635,"comment_status":"open","ping_status":"open","sticky":false,"template":"","format":"standard","meta":{"footnotes":""},"categories":[7],"tags":[3821,23117,5948,345,356,7580],"class_list":["post-50634","post","type-post","status-publish","format-standard","has-post-thumbnail","hentry","category-educacao","tag-alfabetizacao","tag-camilo-santana","tag-creches","tag-educacao","tag-escolas","tag-lula"],"yoast_head":"<!-- This site is optimized with the Yoast SEO plugin v26.5 - https:\/\/yoast.com\/wordpress\/plugins\/seo\/ -->\n<title>Quase quatro mil obras de educa\u00e7\u00e3o b\u00e1sica est\u00e3o paradas no governo Lula - Jornal Fatos e Not\u00edcias<\/title>\n<meta name=\"robots\" content=\"index, follow, max-snippet:-1, max-image-preview:large, max-video-preview:-1\" \/>\n<link rel=\"canonical\" href=\"https:\/\/jornalfatosenoticias.com.br\/index.php\/2024\/04\/16\/quase-quatro-mil-obras-de-educacao-basica-estao-paradas-no-governo-lula\/\" \/>\n<meta property=\"og:locale\" content=\"pt_BR\" \/>\n<meta property=\"og:type\" content=\"article\" \/>\n<meta property=\"og:title\" content=\"Quase quatro mil obras de educa\u00e7\u00e3o b\u00e1sica est\u00e3o paradas no governo Lula - Jornal Fatos e Not\u00edcias\" \/>\n<meta property=\"og:description\" content=\"Cerca de 80% dos empreendimentos est\u00e3o localizados no Norte e no Nordeste Por Marlice Pinto Vilela O governo de Luiz In\u00e1cio Lula da Silva (PT) n\u00e3o retomou nenhuma das quase quatro mil obras paradas na \u00e1rea de educa\u00e7\u00e3o b\u00e1sica, apesar das promessas feitas desde o in\u00edcio do mandato. N\u00e3o houve avan\u00e7o na constru\u00e7\u00e3o de escolas, [&hellip;]\" \/>\n<meta property=\"og:url\" content=\"https:\/\/jornalfatosenoticias.com.br\/index.php\/2024\/04\/16\/quase-quatro-mil-obras-de-educacao-basica-estao-paradas-no-governo-lula\/\" \/>\n<meta property=\"og:site_name\" content=\"Jornal Fatos e Not\u00edcias\" \/>\n<meta property=\"article:published_time\" content=\"2024-04-16T12:35:26+00:00\" \/>\n<meta property=\"article:modified_time\" content=\"2024-04-16T12:35:27+00:00\" \/>\n<meta property=\"og:image\" content=\"https:\/\/jornalfatosenoticias.com.br\/wp-content\/uploads\/2024\/04\/obra-paralisada_governo-Lula.jpg\" \/>\n\t<meta property=\"og:image:width\" content=\"675\" \/>\n\t<meta property=\"og:image:height\" content=\"405\" \/>\n\t<meta property=\"og:image:type\" content=\"image\/jpeg\" \/>\n<meta name=\"author\" content=\"Luzimara Fernandes\" \/>\n<meta name=\"twitter:card\" content=\"summary_large_image\" \/>\n<meta name=\"twitter:label1\" content=\"Escrito por\" \/>\n\t<meta name=\"twitter:data1\" content=\"Luzimara Fernandes\" \/>\n\t<meta name=\"twitter:label2\" content=\"Est. tempo de leitura\" \/>\n\t<meta name=\"twitter:data2\" content=\"2 minutos\" \/>\n<script type=\"application\/ld+json\" class=\"yoast-schema-graph\">{\"@context\":\"https:\/\/schema.org\",\"@graph\":[{\"@type\":\"Article\",\"@id\":\"https:\/\/jornalfatosenoticias.com.br\/index.php\/2024\/04\/16\/quase-quatro-mil-obras-de-educacao-basica-estao-paradas-no-governo-lula\/#article\",\"isPartOf\":{\"@id\":\"https:\/\/jornalfatosenoticias.com.br\/index.php\/2024\/04\/16\/quase-quatro-mil-obras-de-educacao-basica-estao-paradas-no-governo-lula\/\"},\"author\":{\"name\":\"Luzimara Fernandes\",\"@id\":\"https:\/\/jornalfatosenoticias.com.br\/#\/schema\/person\/d63837fa13ac8666eb9e74e0985d6f81\"},\"headline\":\"Quase quatro mil obras de educa\u00e7\u00e3o b\u00e1sica est\u00e3o paradas no governo Lula\",\"datePublished\":\"2024-04-16T12:35:26+00:00\",\"dateModified\":\"2024-04-16T12:35:27+00:00\",\"mainEntityOfPage\":{\"@id\":\"https:\/\/jornalfatosenoticias.com.br\/index.php\/2024\/04\/16\/quase-quatro-mil-obras-de-educacao-basica-estao-paradas-no-governo-lula\/\"},\"wordCount\":339,\"commentCount\":0,\"publisher\":{\"@id\":\"https:\/\/jornalfatosenoticias.com.br\/#organization\"},\"image\":{\"@id\":\"https:\/\/jornalfatosenoticias.com.br\/index.php\/2024\/04\/16\/quase-quatro-mil-obras-de-educacao-basica-estao-paradas-no-governo-lula\/#primaryimage\"},\"thumbnailUrl\":\"https:\/\/jornalfatosenoticias.com.br\/wp-content\/uploads\/2024\/04\/obra-paralisada_governo-Lula.jpg\",\"keywords\":[\"alfabetiza\u00e7\u00e3o\",\"Camilo Santana\",\"creches\",\"educa\u00e7\u00e3o\",\"escolas\",\"Lula\"],\"articleSection\":[\"Educa\u00e7\u00e3o\"],\"inLanguage\":\"pt-BR\",\"potentialAction\":[{\"@type\":\"CommentAction\",\"name\":\"Comment\",\"target\":[\"https:\/\/jornalfatosenoticias.com.br\/index.php\/2024\/04\/16\/quase-quatro-mil-obras-de-educacao-basica-estao-paradas-no-governo-lula\/#respond\"]}]},{\"@type\":\"WebPage\",\"@id\":\"https:\/\/jornalfatosenoticias.com.br\/index.php\/2024\/04\/16\/quase-quatro-mil-obras-de-educacao-basica-estao-paradas-no-governo-lula\/\",\"url\":\"https:\/\/jornalfatosenoticias.com.br\/index.php\/2024\/04\/16\/quase-quatro-mil-obras-de-educacao-basica-estao-paradas-no-governo-lula\/\",\"name\":\"Quase quatro mil obras de educa\u00e7\u00e3o b\u00e1sica est\u00e3o paradas no governo Lula - Jornal Fatos e Not\u00edcias\",\"isPartOf\":{\"@id\":\"https:\/\/jornalfatosenoticias.com.br\/#website\"},\"primaryImageOfPage\":{\"@id\":\"https:\/\/jornalfatosenoticias.com.br\/index.php\/2024\/04\/16\/quase-quatro-mil-obras-de-educacao-basica-estao-paradas-no-governo-lula\/#primaryimage\"},\"image\":{\"@id\":\"https:\/\/jornalfatosenoticias.com.br\/index.php\/2024\/04\/16\/quase-quatro-mil-obras-de-educacao-basica-estao-paradas-no-governo-lula\/#primaryimage\"},\"thumbnailUrl\":\"https:\/\/jornalfatosenoticias.com.br\/wp-content\/uploads\/2024\/04\/obra-paralisada_governo-Lula.jpg\",\"datePublished\":\"2024-04-16T12:35:26+00:00\",\"dateModified\":\"2024-04-16T12:35:27+00:00\",\"breadcrumb\":{\"@id\":\"https:\/\/jornalfatosenoticias.com.br\/index.php\/2024\/04\/16\/quase-quatro-mil-obras-de-educacao-basica-estao-paradas-no-governo-lula\/#breadcrumb\"},\"inLanguage\":\"pt-BR\",\"potentialAction\":[{\"@type\":\"ReadAction\",\"target\":[\"https:\/\/jornalfatosenoticias.com.br\/index.php\/2024\/04\/16\/quase-quatro-mil-obras-de-educacao-basica-estao-paradas-no-governo-lula\/\"]}]},{\"@type\":\"ImageObject\",\"inLanguage\":\"pt-BR\",\"@id\":\"https:\/\/jornalfatosenoticias.com.br\/index.php\/2024\/04\/16\/quase-quatro-mil-obras-de-educacao-basica-estao-paradas-no-governo-lula\/#primaryimage\",\"url\":\"https:\/\/jornalfatosenoticias.com.br\/wp-content\/uploads\/2024\/04\/obra-paralisada_governo-Lula.jpg\",\"contentUrl\":\"https:\/\/jornalfatosenoticias.com.br\/wp-content\/uploads\/2024\/04\/obra-paralisada_governo-Lula.jpg\",\"width\":675,\"height\":405},{\"@type\":\"BreadcrumbList\",\"@id\":\"https:\/\/jornalfatosenoticias.com.br\/index.php\/2024\/04\/16\/quase-quatro-mil-obras-de-educacao-basica-estao-paradas-no-governo-lula\/#breadcrumb\",\"itemListElement\":[{\"@type\":\"ListItem\",\"position\":1,\"name\":\"In\u00edcio\",\"item\":\"https:\/\/jornalfatosenoticias.com.br\/\"},{\"@type\":\"ListItem\",\"position\":2,\"name\":\"Quase quatro mil obras de educa\u00e7\u00e3o b\u00e1sica est\u00e3o paradas no governo Lula\"}]},{\"@type\":\"WebSite\",\"@id\":\"https:\/\/jornalfatosenoticias.com.br\/#website\",\"url\":\"https:\/\/jornalfatosenoticias.com.br\/\",\"name\":\"Jornal Fatos e Not\u00edcias\",\"description\":\"Not\u00edcias em geral\",\"publisher\":{\"@id\":\"https:\/\/jornalfatosenoticias.com.br\/#organization\"},\"potentialAction\":[{\"@type\":\"SearchAction\",\"target\":{\"@type\":\"EntryPoint\",\"urlTemplate\":\"https:\/\/jornalfatosenoticias.com.br\/?s={search_term_string}\"},\"query-input\":{\"@type\":\"PropertyValueSpecification\",\"valueRequired\":true,\"valueName\":\"search_term_string\"}}],\"inLanguage\":\"pt-BR\"},{\"@type\":\"Organization\",\"@id\":\"https:\/\/jornalfatosenoticias.com.br\/#organization\",\"name\":\"Jornal Fatos e Not\u00edcias\",\"url\":\"https:\/\/jornalfatosenoticias.com.br\/\",\"logo\":{\"@type\":\"ImageObject\",\"inLanguage\":\"pt-BR\",\"@id\":\"https:\/\/jornalfatosenoticias.com.br\/#\/schema\/logo\/image\/\",\"url\":\"https:\/\/jornalfatosenoticias.com.br\/wp-content\/uploads\/2020\/02\/logo120.png\",\"contentUrl\":\"https:\/\/jornalfatosenoticias.com.br\/wp-content\/uploads\/2020\/02\/logo120.png\",\"width\":1227,\"height\":120,\"caption\":\"Jornal Fatos e Not\u00edcias\"},\"image\":{\"@id\":\"https:\/\/jornalfatosenoticias.com.br\/#\/schema\/logo\/image\/\"}},{\"@type\":\"Person\",\"@id\":\"https:\/\/jornalfatosenoticias.com.br\/#\/schema\/person\/d63837fa13ac8666eb9e74e0985d6f81\",\"name\":\"Luzimara Fernandes\",\"image\":{\"@type\":\"ImageObject\",\"inLanguage\":\"pt-BR\",\"@id\":\"https:\/\/jornalfatosenoticias.com.br\/#\/schema\/person\/image\/\",\"url\":\"https:\/\/jornalfatosenoticias.com.br\/wp-content\/uploads\/2025\/05\/EU_portal.jpg\",\"contentUrl\":\"https:\/\/jornalfatosenoticias.com.br\/wp-content\/uploads\/2025\/05\/EU_portal.jpg\",\"caption\":\"Luzimara Fernandes\"},\"description\":\"Jornalista MTB 2358-ES\",\"sameAs\":[\"https:\/\/jornalfatosenoticias.com.br\"],\"url\":\"https:\/\/jornalfatosenoticias.com.br\/index.php\/author\/luzimara\/\"}]}<\/script>\n<!-- \/ Yoast SEO plugin. -->","yoast_head_json":{"title":"Quase quatro mil obras de educa\u00e7\u00e3o b\u00e1sica est\u00e3o paradas no governo Lula - Jornal Fatos e Not\u00edcias","robots":{"index":"index","follow":"follow","max-snippet":"max-snippet:-1","max-image-preview":"max-image-preview:large","max-video-preview":"max-video-preview:-1"},"canonical":"https:\/\/jornalfatosenoticias.com.br\/index.php\/2024\/04\/16\/quase-quatro-mil-obras-de-educacao-basica-estao-paradas-no-governo-lula\/","og_locale":"pt_BR","og_type":"article","og_title":"Quase quatro mil obras de educa\u00e7\u00e3o b\u00e1sica est\u00e3o paradas no governo Lula - Jornal Fatos e Not\u00edcias","og_description":"Cerca de 80% dos empreendimentos est\u00e3o localizados no Norte e no Nordeste Por Marlice Pinto Vilela O governo de Luiz In\u00e1cio Lula da Silva (PT) n\u00e3o retomou nenhuma das quase quatro mil obras paradas na \u00e1rea de educa\u00e7\u00e3o b\u00e1sica, apesar das promessas feitas desde o in\u00edcio do mandato. N\u00e3o houve avan\u00e7o na constru\u00e7\u00e3o de escolas, [&hellip;]","og_url":"https:\/\/jornalfatosenoticias.com.br\/index.php\/2024\/04\/16\/quase-quatro-mil-obras-de-educacao-basica-estao-paradas-no-governo-lula\/","og_site_name":"Jornal Fatos e Not\u00edcias","article_published_time":"2024-04-16T12:35:26+00:00","article_modified_time":"2024-04-16T12:35:27+00:00","og_image":[{"width":675,"height":405,"url":"https:\/\/jornalfatosenoticias.com.br\/wp-content\/uploads\/2024\/04\/obra-paralisada_governo-Lula.jpg","type":"image\/jpeg"}],"author":"Luzimara Fernandes","twitter_card":"summary_large_image","twitter_misc":{"Escrito por":"Luzimara Fernandes","Est. tempo de leitura":"2 minutos"},"schema":{"@context":"https:\/\/schema.org","@graph":[{"@type":"Article","@id":"https:\/\/jornalfatosenoticias.com.br\/index.php\/2024\/04\/16\/quase-quatro-mil-obras-de-educacao-basica-estao-paradas-no-governo-lula\/#article","isPartOf":{"@id":"https:\/\/jornalfatosenoticias.com.br\/index.php\/2024\/04\/16\/quase-quatro-mil-obras-de-educacao-basica-estao-paradas-no-governo-lula\/"},"author":{"name":"Luzimara Fernandes","@id":"https:\/\/jornalfatosenoticias.com.br\/#\/schema\/person\/d63837fa13ac8666eb9e74e0985d6f81"},"headline":"Quase quatro mil obras de educa\u00e7\u00e3o b\u00e1sica est\u00e3o paradas no governo Lula","datePublished":"2024-04-16T12:35:26+00:00","dateModified":"2024-04-16T12:35:27+00:00","mainEntityOfPage":{"@id":"https:\/\/jornalfatosenoticias.com.br\/index.php\/2024\/04\/16\/quase-quatro-mil-obras-de-educacao-basica-estao-paradas-no-governo-lula\/"},"wordCount":339,"commentCount":0,"publisher":{"@id":"https:\/\/jornalfatosenoticias.com.br\/#organization"},"image":{"@id":"https:\/\/jornalfatosenoticias.com.br\/index.php\/2024\/04\/16\/quase-quatro-mil-obras-de-educacao-basica-estao-paradas-no-governo-lula\/#primaryimage"},"thumbnailUrl":"https:\/\/jornalfatosenoticias.com.br\/wp-content\/uploads\/2024\/04\/obra-paralisada_governo-Lula.jpg","keywords":["alfabetiza\u00e7\u00e3o","Camilo Santana","creches","educa\u00e7\u00e3o","escolas","Lula"],"articleSection":["Educa\u00e7\u00e3o"],"inLanguage":"pt-BR","potentialAction":[{"@type":"CommentAction","name":"Comment","target":["https:\/\/jornalfatosenoticias.com.br\/index.php\/2024\/04\/16\/quase-quatro-mil-obras-de-educacao-basica-estao-paradas-no-governo-lula\/#respond"]}]},{"@type":"WebPage","@id":"https:\/\/jornalfatosenoticias.com.br\/index.php\/2024\/04\/16\/quase-quatro-mil-obras-de-educacao-basica-estao-paradas-no-governo-lula\/","url":"https:\/\/jornalfatosenoticias.com.br\/index.php\/2024\/04\/16\/quase-quatro-mil-obras-de-educacao-basica-estao-paradas-no-governo-lula\/","name":"Quase quatro mil obras de educa\u00e7\u00e3o b\u00e1sica est\u00e3o paradas no governo Lula - Jornal Fatos e Not\u00edcias","isPartOf":{"@id":"https:\/\/jornalfatosenoticias.com.br\/#website"},"primaryImageOfPage":{"@id":"https:\/\/jornalfatosenoticias.com.br\/index.php\/2024\/04\/16\/quase-quatro-mil-obras-de-educacao-basica-estao-paradas-no-governo-lula\/#primaryimage"},"image":{"@id":"https:\/\/jornalfatosenoticias.com.br\/index.php\/2024\/04\/16\/quase-quatro-mil-obras-de-educacao-basica-estao-paradas-no-governo-lula\/#primaryimage"},"thumbnailUrl":"https:\/\/jornalfatosenoticias.com.br\/wp-content\/uploads\/2024\/04\/obra-paralisada_governo-Lula.jpg","datePublished":"2024-04-16T12:35:26+00:00","dateModified":"2024-04-16T12:35:27+00:00","breadcrumb":{"@id":"https:\/\/jornalfatosenoticias.com.br\/index.php\/2024\/04\/16\/quase-quatro-mil-obras-de-educacao-basica-estao-paradas-no-governo-lula\/#breadcrumb"},"inLanguage":"pt-BR","potentialAction":[{"@type":"ReadAction","target":["https:\/\/jornalfatosenoticias.com.br\/index.php\/2024\/04\/16\/quase-quatro-mil-obras-de-educacao-basica-estao-paradas-no-governo-lula\/"]}]},{"@type":"ImageObject","inLanguage":"pt-BR","@id":"https:\/\/jornalfatosenoticias.com.br\/index.php\/2024\/04\/16\/quase-quatro-mil-obras-de-educacao-basica-estao-paradas-no-governo-lula\/#primaryimage","url":"https:\/\/jornalfatosenoticias.com.br\/wp-content\/uploads\/2024\/04\/obra-paralisada_governo-Lula.jpg","contentUrl":"https:\/\/jornalfatosenoticias.com.br\/wp-content\/uploads\/2024\/04\/obra-paralisada_governo-Lula.jpg","width":675,"height":405},{"@type":"BreadcrumbList","@id":"https:\/\/jornalfatosenoticias.com.br\/index.php\/2024\/04\/16\/quase-quatro-mil-obras-de-educacao-basica-estao-paradas-no-governo-lula\/#breadcrumb","itemListElement":[{"@type":"ListItem","position":1,"name":"In\u00edcio","item":"https:\/\/jornalfatosenoticias.com.br\/"},{"@type":"ListItem","position":2,"name":"Quase quatro mil obras de educa\u00e7\u00e3o b\u00e1sica est\u00e3o paradas no governo Lula"}]},{"@type":"WebSite","@id":"https:\/\/jornalfatosenoticias.com.br\/#website","url":"https:\/\/jornalfatosenoticias.com.br\/","name":"Jornal Fatos e Not\u00edcias","description":"Not\u00edcias em geral","publisher":{"@id":"https:\/\/jornalfatosenoticias.com.br\/#organization"},"potentialAction":[{"@type":"SearchAction","target":{"@type":"EntryPoint","urlTemplate":"https:\/\/jornalfatosenoticias.com.br\/?s={search_term_string}"},"query-input":{"@type":"PropertyValueSpecification","valueRequired":true,"valueName":"search_term_string"}}],"inLanguage":"pt-BR"},{"@type":"Organization","@id":"https:\/\/jornalfatosenoticias.com.br\/#organization","name":"Jornal Fatos e Not\u00edcias","url":"https:\/\/jornalfatosenoticias.com.br\/","logo":{"@type":"ImageObject","inLanguage":"pt-BR","@id":"https:\/\/jornalfatosenoticias.com.br\/#\/schema\/logo\/image\/","url":"https:\/\/jornalfatosenoticias.com.br\/wp-content\/uploads\/2020\/02\/logo120.png","contentUrl":"https:\/\/jornalfatosenoticias.com.br\/wp-content\/uploads\/2020\/02\/logo120.png","width":1227,"height":120,"caption":"Jornal Fatos e Not\u00edcias"},"image":{"@id":"https:\/\/jornalfatosenoticias.com.br\/#\/schema\/logo\/image\/"}},{"@type":"Person","@id":"https:\/\/jornalfatosenoticias.com.br\/#\/schema\/person\/d63837fa13ac8666eb9e74e0985d6f81","name":"Luzimara Fernandes","image":{"@type":"ImageObject","inLanguage":"pt-BR","@id":"https:\/\/jornalfatosenoticias.com.br\/#\/schema\/person\/image\/","url":"https:\/\/jornalfatosenoticias.com.br\/wp-content\/uploads\/2025\/05\/EU_portal.jpg","contentUrl":"https:\/\/jornalfatosenoticias.com.br\/wp-content\/uploads\/2025\/05\/EU_portal.jpg","caption":"Luzimara Fernandes"},"description":"Jornalista MTB 2358-ES","sameAs":["https:\/\/jornalfatosenoticias.com.br"],"url":"https:\/\/jornalfatosenoticias.com.br\/index.php\/author\/luzimara\/"}]}},"cc_featured_image_caption":{"caption_text":"(Foto: CNM\/Divulga\u00e7\u00e3o) ","source_text":"","source_url":""},"jetpack_featured_media_url":"https:\/\/jornalfatosenoticias.com.br\/wp-content\/uploads\/2024\/04\/obra-paralisada_governo-Lula.jpg","_links":{"self":[{"href":"https:\/\/jornalfatosenoticias.com.br\/index.php\/wp-json\/wp\/v2\/posts\/50634","targetHints":{"allow":["GET"]}}],"collection":[{"href":"https:\/\/jornalfatosenoticias.com.br\/index.php\/wp-json\/wp\/v2\/posts"}],"about":[{"href":"https:\/\/jornalfatosenoticias.com.br\/index.php\/wp-json\/wp\/v2\/types\/post"}],"author":[{"embeddable":true,"href":"https:\/\/jornalfatosenoticias.com.br\/index.php\/wp-json\/wp\/v2\/users\/2"}],"replies":[{"embeddable":true,"href":"https:\/\/jornalfatosenoticias.com.br\/index.php\/wp-json\/wp\/v2\/comments?post=50634"}],"version-history":[{"count":0,"href":"https:\/\/jornalfatosenoticias.com.br\/index.php\/wp-json\/wp\/v2\/posts\/50634\/revisions"}],"wp:featuredmedia":[{"embeddable":true,"href":"https:\/\/jornalfatosenoticias.com.br\/index.php\/wp-json\/wp\/v2\/media\/50635"}],"wp:attachment":[{"href":"https:\/\/jornalfatosenoticias.com.br\/index.php\/wp-json\/wp\/v2\/media?parent=50634"}],"wp:term":[{"taxonomy":"category","embeddable":true,"href":"https:\/\/jornalfatosenoticias.com.br\/index.php\/wp-json\/wp\/v2\/categories?post=50634"},{"taxonomy":"post_tag","embeddable":true,"href":"https:\/\/jornalfatosenoticias.com.br\/index.php\/wp-json\/wp\/v2\/tags?post=50634"}],"curies":[{"name":"wp","href":"https:\/\/api.w.org\/{rel}","templated":true}]}}